{"id":9125,"date":"2020-12-02T14:02:40","date_gmt":"2020-12-02T13:02:40","guid":{"rendered":"https:\/\/digidem-bayern.de\/?p=9125"},"modified":"2023-05-11T15:19:36","modified_gmt":"2023-05-11T13:19:36","slug":"webinar-demenzsensible-architektur-unterstutzende-gestaltung-2","status":"publish","type":"post","link":"https:\/\/digidem-bayern.de\/en\/webinar-demenzsensible-architektur-unterstutzende-gestaltung-2\/","title":{"rendered":"Demenzsensible Architektur \u2013 Unterst\u00fctzende Gestaltung"},"content":{"rendered":"<h4 class=\"wp-block-heading\">Mit zunehmendem Alter ver\u00e4ndern sich K\u00f6rper und Geist. So kann sich beispielsweise durch eine Demenz die Wahrnehmung wandeln: Menschen mit Demenz finden sich im Verlauf der Erkrankung immer schlechter zurecht und ihr Blick auf die Welt wird ein anderer. Frau Dr. Birgit Dietz hat in ihrem zweiten Beitrag erl\u00e4utert, wie Menschen mit Demenz durch eine speziell auf ihre Bed\u00fcrfnisse angepasste Gestaltung des Lebens- und Wohnumfeldes in ihrem Alltag unterst\u00fctzt werden k\u00f6nnen.<\/h4>\n\n\n<div class=\"wp-block-image\">\n<figure class=\"alignright size-medium is-resized\"><img loading=\"lazy\" decoding=\"async\" src=\"https:\/\/test.digidem-bayern.de\/wp-content\/uploads\/2020\/11\/DrBirgitDietz_FotoHolger-Gotschall\u00a9BIfadA_3-3-edited-300x300.jpg\" alt=\"\" class=\"wp-image-8689\" width=\"275\" height=\"275\" srcset=\"https:\/\/digidem-bayern.de\/wp-content\/uploads\/2020\/11\/DrBirgitDietz_FotoHolger-Gotschall\u00a9BIfadA_3-3-edited-300x300.jpg 300w, https:\/\/digidem-bayern.de\/wp-content\/uploads\/2020\/11\/DrBirgitDietz_FotoHolger-Gotschall\u00a9BIfadA_3-3-edited-1028x1030.jpg 1028w, https:\/\/digidem-bayern.de\/wp-content\/uploads\/2020\/11\/DrBirgitDietz_FotoHolger-Gotschall\u00a9BIfadA_3-3-edited-80x80.jpg 80w, https:\/\/digidem-bayern.de\/wp-content\/uploads\/2020\/11\/DrBirgitDietz_FotoHolger-Gotschall\u00a9BIfadA_3-3-edited-768x770.jpg 768w, https:\/\/digidem-bayern.de\/wp-content\/uploads\/2020\/11\/DrBirgitDietz_FotoHolger-Gotschall\u00a9BIfadA_3-3-edited-1533x1536.jpg 1533w, https:\/\/digidem-bayern.de\/wp-content\/uploads\/2020\/11\/DrBirgitDietz_FotoHolger-Gotschall\u00a9BIfadA_3-3-edited-2044x2048.jpg 2044w, https:\/\/digidem-bayern.de\/wp-content\/uploads\/2020\/11\/DrBirgitDietz_FotoHolger-Gotschall\u00a9BIfadA_3-3-edited-349x350.jpg 349w, https:\/\/digidem-bayern.de\/wp-content\/uploads\/2020\/11\/DrBirgitDietz_FotoHolger-Gotschall\u00a9BIfadA_3-3-edited-1320x1323.jpg 1320w, https:\/\/digidem-bayern.de\/wp-content\/uploads\/2020\/11\/DrBirgitDietz_FotoHolger-Gotschall\u00a9BIfadA_3-3-edited-512x512.jpg 512w, https:\/\/digidem-bayern.de\/wp-content\/uploads\/2020\/11\/DrBirgitDietz_FotoHolger-Gotschall\u00a9BIfadA_3-3-edited-1024x1024.jpg 1024w, https:\/\/digidem-bayern.de\/wp-content\/uploads\/2020\/11\/DrBirgitDietz_FotoHolger-Gotschall\u00a9BIfadA_3-3-edited-scaled.jpg 1597w\" sizes=\"auto, (max-width: 275px) 100vw, 275px\" \/><figcaption class=\"wp-element-caption\">Dr. Birgit Dietz<\/figcaption><\/figure>\n<\/div>\n\n\n<p><\/p>\n\n\n\n<p>Dr. Birgit Dietz ist Architektin und Leiterin des Bayerischen Instituts f\u00fcr alters- und demenzsensible Architektur in Bamberg. Sie gab uns in den beiden letzten Webinaren des Jahres 2020 einen Einblick in ihr Fachgebiet. Dabei befasste sich der erste Beitrag unter dem Titel \u201e<a href=\"https:\/\/test.digidem-bayern.de\/webinar-alterssensible-architektur-planen-fur-alle-sinne\/\" target=\"_blank\" rel=\"noreferrer noopener\">Planen f\u00fcr alle Sinne<\/a>\u201c mit alterssensibler Architektur. Der zweite Beitrag setzte den Fokus auf demenzsensible Architektur als unterst\u00fctzende Gestaltung des Lebens- und Wohnumfeldes von Menschen mit Demenz.<\/p>\n\n\n\n<p>Weitere Informationen und die Kontaktdaten von Dr. Birgit Dietz finden Sie auf der Webseite des <a href=\"https:\/\/www.bifada.de\/\" target=\"_blank\" rel=\"noreferrer noopener\">Bayerischen Instituts f\u00fcr alters- und demenzsensible Architektur in Bamberg.<\/a><\/p>\n\n\n\n<div style=\"height:30px\" aria-hidden=\"true\" class=\"wp-block-spacer\"><\/div>\n\n\n\n<figure class=\"wp-block-embed is-type-video is-provider-youtube wp-block-embed-youtube wp-embed-aspect-16-9 wp-has-aspect-ratio\"><div class=\"wp-block-embed__wrapper\">\n<iframe loading=\"lazy\" title=\"Webinar: Demenzsensible Architektur \u2013 Unterst\u00fctzende Gestaltung\" width=\"1223\" height=\"688\" src=\"https:\/\/www.youtube.com\/embed\/Mkz3BOZWqTE?feature=oembed\" frameborder=\"0\" allow=\"accelerometer; autoplay; clipboard-write; encrypted-media; gyroscope; picture-in-picture\" allowfullscreen><\/iframe>\n<\/div><\/figure>\n\n\n\n<p class=\"has-text-align-center\"><strong>Fragen der Teilnehmer*innen und Antworten von Dr. Birgit Dietz:<\/strong><\/p>\n\n\n\n<div class=\"qubely-block-accordion  qubely-block-e2b191\" data-item-toggle=\"true\">\n<div class=\"wp-block-qubely-accordion-item qubely-block-188520\"><div class=\"qubely-accordion-item qubely-type-fill false\"><div class=\"qubely-accordion-panel qubely-icon-position-right\"><span class=\"qubely-accordion-panel-handler\" role=\"button\"><span class=\"qubely-accordion-panel-handler-label\">Liebe Frau Dr. Dietz, ich habe auch schon Ihr Buch gelesen, weil ich eine Tagespflege plane. Dort werden die R\u00e4ume nach Osten ausgerichtet sein und sind deshalb nicht so hell. W\u00e4re es dann in Ordnung, einen Boden mit Lichtreflexionsgrad (LRV) von 30 zu nehmen? Ich bef\u00fcrchte, dass der Boden sonst zu dunkel wirkt und die R\u00e4ume nicht mehr hell und freundlich erscheinen.<\/span><span class=\"qubely-accordion-icon fa fa-plus\"><\/span><\/span><\/div><div class=\"qubely-accordion-body\"><div itemprop=\"text\">\n<p>Ja, ein Lichtreflexionsgrad (LRV) von 30 reicht sicher. Es kommt nat\u00fcrlich auch auf die anderen Parameter an \u2013 der Boden sollte, um ein Gef\u00fchl von sicherem Stand zu vermitteln, die dunklere Fl\u00e4che im Raum sein und nat\u00fcrlich unter anderem nicht spiegeln. Wichtig ist, dass immer noch die M\u00f6glichkeit besteht, die Leuchtdichte-Kaskade zu bauen. Das hei\u00dft, die Wand sollte nochmal ein St\u00fcck heller sein als der Boden. Die Decke sollte die hellste Fl\u00e4che im Raum sein. Wenn Sie denken, dass diese Farbigkeit dann vielleicht zu nah beieinander liegt, dann brauchen sie noch mehr Kontrast. Dies ist wichtig, damit man zum Beispiel, wenn man im Bett liegt, gut sp\u00fcrt, wo die Wand in die Decke \u00fcbergeht und sozusagen die Raumgrenze sp\u00fcrt. Um die Dreidimensionalit\u00e4t des Raumes gut erlebbar und erfahrbar zu machen, kann aber bspw. auch mit einem feinen Streifen oben oder mit einer dunkleren Fu\u00dfleiste nachgebessert werden.<\/p>\n\n\n\n<p>Hintergrund ist hierbei auch, dass die Menschen bei einer guten Begrenzung des Raumes besser absch\u00e4tzen k\u00f6nnen, ob zum Beispiel das Aufstehen vom Stuhl und der Gang zur Toilette alleine bew\u00e4ltigt werden kann oder ob Hilfestellung ben\u00f6tigt wird.<\/p>\n<\/div><\/div><\/div><\/div>\n\n\n\n<div class=\"wp-block-qubely-accordion-item qubely-block-ef90fb\"><div class=\"qubely-accordion-item qubely-type-fill false\"><div class=\"qubely-accordion-panel qubely-icon-position-right\"><span class=\"qubely-accordion-panel-handler\" role=\"button\"><span class=\"qubely-accordion-panel-handler-label\">Auf was sollte ich w\u00e4hrend der Planung der Tagespflege bei der Auswahl von Bildern achten (Motiv, Farben, Gr\u00f6\u00dfe)?<\/span><span class=\"qubely-accordion-icon fa fa-plus\"><\/span><\/span><\/div><div class=\"qubely-accordion-body\"><div itemprop=\"text\">\n<p>Bei der Dekoration gibt es nat\u00fcrlich ein paar Grunds\u00e4tze. Es kommt meiner Erfahrung nach sehr gut an, wenn die Bilder relativ realistische Abbildungen zeigen, egal ob es Fotos oder Gem\u00e4lde sind. Die abgebildeten Dinge sollten erkannt werden k\u00f6nnen. So kann man leichter dar\u00fcber ins Gespr\u00e4ch kommen. Au\u00dferdem kann man sich an den Bildern im Raum orientieren. Nach dem Motto: \u201eDiesen Raum kenne ich, das Bild mit der Kuh habe ich schon einmal gesehen\u201c. Aber die Bilder sollten unseres Erachtens und unserer Erfahrung nach nicht in Form einer Foto-Tapete angebracht sein \u2013 sprich: die Bilder sollten nicht so gro\u00df sein, dass eine ganze Wand damit bedeckt ist. Ansonsten wird der Eindruck vermittelt, man bef\u00e4nde sich in einer anderen Welt. Hierbei gibt es ja immer die Problematik, dass die Augen etwas sehen, was die anderen Sinne nicht melden. So kann schnell das Gef\u00fchl aufkommen: \u201eIrgendetwas stimmt hier nicht\u201c. Die Nase riecht wom\u00f6glich Putzmittel, die Backe sp\u00fcrt keinen Wind, die H\u00e4nde k\u00f6nnen die Kuh nicht greifen, weil es eigentlich eine flache Wand ist. Es muss also ganz explizit darauf geachtet werden, dass das Bild als solches erkannt wird. Es ist gut, wenn das Bild einen Rahmen hat und eben naturalistisch ist, weil es einfach gut merkbar ist, und es kann sehr gerne auch kr\u00e4ftig-farbig sein.<\/p>\n<\/div><\/div><\/div><\/div>\n<\/div>\n\n\n\n<h2 class=\"wp-block-heading has-text-align-center\"><strong><strong><strong>Mittwoch, 02.12.2020, 11.00-11.45 Uhr<\/strong><\/strong><\/strong><\/h2>\n\n\n\n<div class=\"wp-block-group\"><div class=\"wp-block-group__inner-container is-layout-flow wp-block-group-is-layout-flow\"><\/div><\/div>\n\n\n\n<div class=\"wp-block-stackable-columns stk-block-columns stk-block stk-692693b\" data-block-id=\"692693b\"><div class=\"stk-row stk-inner-blocks stk-block-content stk-content-align stk-692693b-column\">\n<div class=\"wp-block-stackable-column stk-block-column stk-column stk-block stk-404cf3f\" data-block-id=\"404cf3f\"><div class=\"stk-column-wrapper stk-block-column__content stk-container stk-404cf3f-container stk--no-background stk--no-padding\"><div class=\"stk-block-content stk-inner-blocks\">\n<div class=\"wp-block-uagb-team uagb-team__image-position-above uagb-team__align-center uagb-team__stack-tablet uagb-block-f8becab6\"><div class=\"uagb-team__content\"><img decoding=\"async\" class=\"uagb-team__image-crop-circle\" src=\"https:\/\/test.digidem-bayern.de\/wp-content\/uploads\/2019\/10\/kristina-holm-e1571142334262-80x80.jpg\" alt=\"\" height=\"120\" width=\"120\" loading=\"lazy\"\/><h3 class=\"uagb-team__title\">Kristina Holm<\/h3><span class=\"uagb-team__prefix\">Wissenschaftliche Mitarbeiterin M. Sc.<\/span><p class=\"uagb-team__desc\">Moderation<\/p><\/div><\/div>\n<\/div><\/div><\/div>\n\n\n\n<div class=\"wp-block-stackable-column stk-block-column stk-column stk-block stk-a0e426e\" data-block-id=\"a0e426e\"><div class=\"stk-column-wrapper stk-block-column__content stk-container stk-a0e426e-container stk--no-background stk--no-padding\"><div class=\"stk-block-content stk-inner-blocks\">\n<div class=\"wp-block-uagb-team uagb-team__image-position-above uagb-team__align-center uagb-team__stack-tablet uagb-block-dcae6c78\"><div class=\"uagb-team__content\"><img decoding=\"async\" class=\"uagb-team__image-crop-circle\" src=\"https:\/\/test.digidem-bayern.de\/wp-content\/uploads\/2019\/10\/anna-krichner-e1571142495462-80x80.jpg\" alt=\"\" height=\"120\" width=\"120\" loading=\"lazy\"\/><h3 class=\"uagb-team__title\">Anna Kirchner<\/h3><span class=\"uagb-team__prefix\">Wissenschaftliche Mitarbeiterin M. Sc.<\/span><p class=\"uagb-team__desc\">Betreuung Chatroom &amp; Fragen<\/p><\/div><\/div>\n<\/div><\/div><\/div>\n<\/div><\/div>\n\n\n\n<div class=\"wp-block-columns is-layout-flex wp-container-core-columns-is-layout-9d6595d7 wp-block-columns-is-layout-flex\">\n<div class=\"wp-block-column is-layout-flow wp-block-column-is-layout-flow\" style=\"flex-basis:66.66%\"><\/div>\n\n\n\n<div class=\"wp-block-column is-layout-flow wp-block-column-is-layout-flow\" style=\"flex-basis:33.33%\"><\/div>\n<\/div>\n\n\n\n<div style=\"height:30px\" aria-hidden=\"true\" class=\"wp-block-spacer\"><\/div>\n\n\n\n<p>Hier finden Sie den Link zum ersten Teil:&nbsp;<a href=\"https:\/\/test.digidem-bayern.de\/webinar-alterssensible-architektur-planen-fur-alle-sinne\/\" target=\"_blank\" rel=\"noreferrer noopener\">Alterssensible Architektur \u2013 Planen f\u00fcr alle Sinne<\/a><\/p>\n\n\n\n<p>Mit der Webinar-Reihe &#8222;Science Watch LIVE&#8220; bieten wir einen zus\u00e4tzlichen Service zu unserem monatlichen Newsletter <a href=\"https:\/\/test.digidem-bayern.de\/newsletter\/\">digiDEM Bayern Science Watch<\/a>, in dem wir wissenschaftliche Erkenntnisse aus der Demenzforschung bereitstellen.  &nbsp;<\/p>\n\n\n\n<p>Vor dem Hintergrund massenhaft verbreiteter Halbwahrheiten und Fake News, aktuell zum Beispiel \u00fcber das neue Corona-Virus, ist gerade jetzt evidenzbasierte Wissenschaft gefragt. Es ist wichtiger denn je, wissenschaftliche Erkenntnisse so zu vermitteln, dass sie f\u00fcr die Gesellschaft verst\u00e4ndlich sind und ein Austausch dar\u00fcber gef\u00f6rdert wird. Dazu m\u00f6chten wir als digiDEM Bayern-Projektteam beitragen, jetzt auch mit <strong><em>digiDEM Bayern Science Wach LIVE<\/em><\/strong>.<\/p>","protected":false},"excerpt":{"rendered":"<p>Mit zunehmendem Alter ver\u00e4ndern sich K\u00f6rper und Geist. So kann sich beispielsweise durch eine Demenz die Wahrnehmung wandeln: Menschen mit Demenz finden sich im Verlauf der Erkrankung immer schlechter zurecht und ihr Blick auf die Welt wird ein anderer. Frau Dr. Birgit Dietz hat in ihrem zweiten Beitrag erl\u00e4utert, wie &hellip;<\/p>","protected":false},"author":11,"featured_media":4468,"comment_status":"open","ping_status":"closed","sticky":false,"template":"","format":"standard","meta":{"qubely_global_settings":"true","qubely_interactions":"","_uag_custom_page_level_css":"","footnotes":""},"categories":[123],"tags":[251,13,252,12,95,255,14,17,257,94],"class_list":["post-9125","post","type-post","status-publish","format-standard","has-post-thumbnail","hentry","category-sciene-watch-live-archiv","tag-alterssensible-architektur","tag-alzheimer","tag-architektur","tag-demenz-2","tag-demenzforschung","tag-demenzsensible-architektur","tag-digidem","tag-digidem-bayern","tag-unterstuetzende-gestaltung","tag-webinar"],"qubely_featured_image_url":{"full":["https:\/\/digidem-bayern.de\/wp-content\/uploads\/2020\/02\/stuerze.jpg",1280,853,false],"landscape":["https:\/\/digidem-bayern.de\/wp-content\/uploads\/2020\/02\/stuerze-1200x750.jpg",1200,750,true],"portraits":["https:\/\/digidem-bayern.de\/wp-content\/uploads\/2020\/02\/stuerze-540x320.jpg",540,320,true],"thumbnail":["https:\/\/digidem-bayern.de\/wp-content\/uploads\/2020\/02\/stuerze-80x80.jpg",80,80,true],"medium":["https:\/\/digidem-bayern.de\/wp-content\/uploads\/2020\/02\/stuerze-300x200.jpg",300,200,true],"medium_large":["https:\/\/digidem-bayern.de\/wp-content\/uploads\/2020\/02\/stuerze-768x512.jpg",768,512,true],"large":["https:\/\/digidem-bayern.de\/wp-content\/uploads\/2020\/02\/stuerze-1030x686.jpg",1030,686,true],"1536x1536":["https:\/\/digidem-bayern.de\/wp-content\/uploads\/2020\/02\/stuerze.jpg",1280,853,false],"2048x2048":["https:\/\/digidem-bayern.de\/wp-content\/uploads\/2020\/02\/stuerze.jpg",1280,853,false],"trp-custom-language-flag":["https:\/\/digidem-bayern.de\/wp-content\/uploads\/2020\/02\/stuerze.jpg",18,12,false],"qubely_landscape":["https:\/\/digidem-bayern.de\/wp-content\/uploads\/2020\/02\/stuerze-1200x750.jpg",1200,750,true],"qubely_portrait":["https:\/\/digidem-bayern.de\/wp-content\/uploads\/2020\/02\/stuerze-540x320.jpg",540,320,true],"qubely_thumbnail":["https:\/\/digidem-bayern.de\/wp-content\/uploads\/2020\/02\/stuerze-140x100.jpg",140,100,true],"post-thumbnail":["https:\/\/digidem-bayern.de\/wp-content\/uploads\/2020\/02\/stuerze-495x330.jpg",495,330,true],"kahuna-featured":["https:\/\/digidem-bayern.de\/wp-content\/uploads\/2020\/02\/stuerze-495x350.jpg",495,350,true],"kahuna-featured-lp":["https:\/\/digidem-bayern.de\/wp-content\/uploads\/2020\/02\/stuerze-690x350.jpg",520,264,true],"kahuna-featured-half":["https:\/\/digidem-bayern.de\/wp-content\/uploads\/2020\/02\/stuerze-800x350.jpg",800,350,true],"kahuna-featured-third":["https:\/\/digidem-bayern.de\/wp-content\/uploads\/2020\/02\/stuerze-512x350.jpg",512,350,true],"kahuna-lpbox-1":["https:\/\/digidem-bayern.de\/wp-content\/uploads\/2020\/02\/stuerze-460x350.jpg",394,300,true],"kahuna-lpbox-2":["https:\/\/digidem-bayern.de\/wp-content\/uploads\/2020\/02\/stuerze-460x350.jpg",460,350,true],"demand-language-flag":["https:\/\/digidem-bayern.de\/wp-content\/uploads\/2020\/02\/stuerze.jpg",36,24,false],"dddkt-language-flag":["https:\/\/digidem-bayern.de\/wp-content\/uploads\/2020\/02\/stuerze.jpg",36,24,false],"ddiqc-language-flag":["https:\/\/digidem-bayern.de\/wp-content\/uploads\/2020\/02\/stuerze.jpg",36,24,false],"ddtl-language-flag":["https:\/\/digidem-bayern.de\/wp-content\/uploads\/2020\/02\/stuerze.jpg",36,24,false],"mailpoet_newsletter_max":["https:\/\/digidem-bayern.de\/wp-content\/uploads\/2020\/02\/stuerze.jpg",1280,853,false],"kahuna-lpbox-3":["https:\/\/digidem-bayern.de\/wp-content\/uploads\/2020\/02\/stuerze-460x350.jpg",460,350,true],"kahuna-featured-square":["https:\/\/digidem-bayern.de\/wp-content\/uploads\/2020\/02\/stuerze-512x512.jpg",512,512,true],"kahuna-featured-square-large":["https:\/\/digidem-bayern.de\/wp-content\/uploads\/2020\/02\/stuerze-1024x853.jpg",1024,853,true]},"qubely_author":{"display_name":"Michael Zeiler","author_link":"https:\/\/digidem-bayern.de\/en\/author\/michael-zeiler\/"},"qubely_comment":2,"qubely_category":"<a href=\"https:\/\/digidem-bayern.de\/en\/category\/sciene-watch-live-archiv\/\" rel=\"category tag\">Sciene Watch Live ARCHIV<\/a>","qubely_excerpt":"Mit zunehmendem Alter ver\u00e4ndern sich K\u00f6rper und Geist. So kann sich beispielsweise durch eine Demenz die Wahrnehmung wandeln: Menschen mit Demenz finden sich im Verlauf der Erkrankung immer schlechter zurecht und ihr Blick auf die Welt wird ein anderer. Frau Dr. Birgit Dietz hat in ihrem zweiten Beitrag erl\u00e4utert, wie &hellip;","featured_image_urls_v2":{"full":["https:\/\/digidem-bayern.de\/wp-content\/uploads\/2020\/02\/stuerze.jpg",1280,853,false],"thumbnail":["https:\/\/digidem-bayern.de\/wp-content\/uploads\/2020\/02\/stuerze-80x80.jpg",80,80,true],"medium":["https:\/\/digidem-bayern.de\/wp-content\/uploads\/2020\/02\/stuerze-300x200.jpg",300,200,true],"medium_large":["https:\/\/digidem-bayern.de\/wp-content\/uploads\/2020\/02\/stuerze-768x512.jpg",768,512,true],"large":["https:\/\/digidem-bayern.de\/wp-content\/uploads\/2020\/02\/stuerze-1030x686.jpg",1030,686,true],"1536x1536":["https:\/\/digidem-bayern.de\/wp-content\/uploads\/2020\/02\/stuerze.jpg",1280,853,false],"2048x2048":["https:\/\/digidem-bayern.de\/wp-content\/uploads\/2020\/02\/stuerze.jpg",1280,853,false],"trp-custom-language-flag":["https:\/\/digidem-bayern.de\/wp-content\/uploads\/2020\/02\/stuerze.jpg",18,12,false],"qubely_landscape":["https:\/\/digidem-bayern.de\/wp-content\/uploads\/2020\/02\/stuerze-1200x750.jpg",1200,750,true],"qubely_portrait":["https:\/\/digidem-bayern.de\/wp-content\/uploads\/2020\/02\/stuerze-540x320.jpg",540,320,true],"qubely_thumbnail":["https:\/\/digidem-bayern.de\/wp-content\/uploads\/2020\/02\/stuerze-140x100.jpg",140,100,true],"post-thumbnail":["https:\/\/digidem-bayern.de\/wp-content\/uploads\/2020\/02\/stuerze-495x330.jpg",495,330,true],"kahuna-featured":["https:\/\/digidem-bayern.de\/wp-content\/uploads\/2020\/02\/stuerze-495x350.jpg",495,350,true],"kahuna-featured-lp":["https:\/\/digidem-bayern.de\/wp-content\/uploads\/2020\/02\/stuerze-690x350.jpg",520,264,true],"kahuna-featured-half":["https:\/\/digidem-bayern.de\/wp-content\/uploads\/2020\/02\/stuerze-800x350.jpg",800,350,true],"kahuna-featured-third":["https:\/\/digidem-bayern.de\/wp-content\/uploads\/2020\/02\/stuerze-512x350.jpg",512,350,true],"kahuna-lpbox-1":["https:\/\/digidem-bayern.de\/wp-content\/uploads\/2020\/02\/stuerze-460x350.jpg",394,300,true],"kahuna-lpbox-2":["https:\/\/digidem-bayern.de\/wp-content\/uploads\/2020\/02\/stuerze-460x350.jpg",460,350,true],"demand-language-flag":["https:\/\/digidem-bayern.de\/wp-content\/uploads\/2020\/02\/stuerze.jpg",36,24,false],"dddkt-language-flag":["https:\/\/digidem-bayern.de\/wp-content\/uploads\/2020\/02\/stuerze.jpg",36,24,false],"ddiqc-language-flag":["https:\/\/digidem-bayern.de\/wp-content\/uploads\/2020\/02\/stuerze.jpg",36,24,false],"ddtl-language-flag":["https:\/\/digidem-bayern.de\/wp-content\/uploads\/2020\/02\/stuerze.jpg",36,24,false],"mailpoet_newsletter_max":["https:\/\/digidem-bayern.de\/wp-content\/uploads\/2020\/02\/stuerze.jpg",1280,853,false],"kahuna-lpbox-3":["https:\/\/digidem-bayern.de\/wp-content\/uploads\/2020\/02\/stuerze-460x350.jpg",460,350,true],"kahuna-featured-square":["https:\/\/digidem-bayern.de\/wp-content\/uploads\/2020\/02\/stuerze-512x512.jpg",512,512,true],"kahuna-featured-square-large":["https:\/\/digidem-bayern.de\/wp-content\/uploads\/2020\/02\/stuerze-1024x853.jpg",1024,853,true]},"post_excerpt_stackable_v2":"<p>Mit zunehmendem Alter ver\u00e4ndern sich K\u00f6rper und Geist. So kann sich beispielsweise durch eine Demenz die Wahrnehmung wandeln: Menschen mit Demenz finden sich im Verlauf der Erkrankung immer schlechter zurecht und ihr Blick auf die Welt wird ein anderer. Frau Dr. Birgit Dietz hat in ihrem zweiten Beitrag erl\u00e4utert, wie Menschen mit Demenz durch eine speziell auf ihre Bed\u00fcrfnisse angepasste Gestaltung des Lebens- und Wohnumfeldes in ihrem Alltag unterst\u00fctzt werden k\u00f6nnen. Dr. Birgit Dietz Dr. Birgit Dietz ist Architektin und Leiterin des Bayerischen Instituts f\u00fcr alters- und demenzsensible Architektur in Bamberg. Sie gab uns in den beiden letzten Webinaren des&hellip;<\/p>\n","category_list_v2":"<a href=\"https:\/\/digidem-bayern.de\/en\/category\/sciene-watch-live-archiv\/\" rel=\"category tag\">Sciene Watch Live ARCHIV<\/a>","author_info_v2":{"name":"Michael Zeiler","url":"https:\/\/digidem-bayern.de\/en\/author\/michael-zeiler\/"},"comments_num_v2":"0 comments","yoast_head":"<!-- This site is optimized with the Yoast SEO plugin v27.4 - https:\/\/yoast.com\/product\/yoast-seo-wordpress\/ -->\n<title>Demenzsensible Architektur \u2013 Unterst\u00fctzende Gestaltung - digiDEM Bayern<\/title>\n<meta name=\"description\" content=\"Im Webinar &quot;digiDEM Bayern Science Watch LIVE&quot; behandeln Wissenschaftler ein Thema aus der Demenzforschung und stehen live f\u00fcr Fragen zur Verf\u00fcgung.\" \/>\n<meta name=\"robots\" content=\"index, follow, max-snippet:-1, max-image-preview:large, max-video-preview:-1\" \/>\n<link rel=\"canonical\" href=\"https:\/\/digidem-bayern.de\/en\/webinar-demenzsensible-architektur-unterstutzende-gestaltung-2\/\" \/>\n<meta property=\"og:locale\" content=\"en_US\" \/>\n<meta property=\"og:type\" content=\"article\" \/>\n<meta property=\"og:title\" content=\"Demenzsensible Architektur \u2013 Unterst\u00fctzende Gestaltung - digiDEM Bayern\" \/>\n<meta property=\"og:description\" content=\"Im Webinar &quot;digiDEM Bayern Science Watch LIVE&quot; behandeln Wissenschaftler ein Thema aus der Demenzforschung und stehen live f\u00fcr Fragen zur Verf\u00fcgung.\" \/>\n<meta property=\"og:url\" content=\"https:\/\/digidem-bayern.de\/en\/webinar-demenzsensible-architektur-unterstutzende-gestaltung-2\/\" \/>\n<meta property=\"og:site_name\" content=\"digiDEM Bayern\" \/>\n<meta property=\"article:publisher\" content=\"https:\/\/www.facebook.com\/digiDEMBayern\/\" \/>\n<meta property=\"article:published_time\" content=\"2020-12-02T13:02:40+00:00\" \/>\n<meta property=\"article:modified_time\" content=\"2023-05-11T13:19:36+00:00\" \/>\n<meta property=\"og:image\" content=\"https:\/\/digidem-bayern.de\/wp-content\/uploads\/2020\/02\/stuerze.jpg\" \/>\n\t<meta property=\"og:image:width\" content=\"1280\" \/>\n\t<meta property=\"og:image:height\" content=\"853\" \/>\n\t<meta property=\"og:image:type\" content=\"image\/jpeg\" \/>\n<meta name=\"author\" content=\"Michael Zeiler\" \/>\n<meta name=\"twitter:label1\" content=\"Written by\" \/>\n\t<meta name=\"twitter:data1\" content=\"Michael Zeiler\" \/>\n\t<meta name=\"twitter:label2\" content=\"Est. reading time\" \/>\n\t<meta name=\"twitter:data2\" content=\"4 minutes\" \/>\n<script type=\"application\/ld+json\" class=\"yoast-schema-graph\">{\"@context\":\"https:\\\/\\\/schema.org\",\"@graph\":[{\"@type\":\"Article\",\"@id\":\"https:\\\/\\\/digidem-bayern.de\\\/webinar-demenzsensible-architektur-unterstutzende-gestaltung-2\\\/#article\",\"isPartOf\":{\"@id\":\"https:\\\/\\\/digidem-bayern.de\\\/webinar-demenzsensible-architektur-unterstutzende-gestaltung-2\\\/\"},\"author\":{\"name\":\"Michael Zeiler\",\"@id\":\"\\\/#\\\/schema\\\/person\\\/92754ad381f49b3c358d1d8d2c4f90b8\"},\"headline\":\"Demenzsensible Architektur \u2013 Unterst\u00fctzende Gestaltung\",\"datePublished\":\"2020-12-02T13:02:40+00:00\",\"dateModified\":\"2023-05-11T13:19:36+00:00\",\"mainEntityOfPage\":{\"@id\":\"https:\\\/\\\/digidem-bayern.de\\\/webinar-demenzsensible-architektur-unterstutzende-gestaltung-2\\\/\"},\"wordCount\":834,\"commentCount\":0,\"publisher\":{\"@id\":\"\\\/#organization\"},\"image\":{\"@id\":\"https:\\\/\\\/digidem-bayern.de\\\/webinar-demenzsensible-architektur-unterstutzende-gestaltung-2\\\/#primaryimage\"},\"thumbnailUrl\":\"https:\\\/\\\/digidem-bayern.de\\\/wp-content\\\/uploads\\\/2020\\\/02\\\/stuerze.jpg\",\"keywords\":[\"Alterssensible Architektur\",\"Alzheimer\",\"Architektur\",\"Demenz\",\"Demenzforschung\",\"Demenzsensible Architektur\",\"digidem\",\"digidem Bayern\",\"Unterst\u00fctzende Gestaltung\",\"Webinar\"],\"articleSection\":[\"Sciene Watch Live ARCHIV\"],\"inLanguage\":\"en-US\",\"potentialAction\":[{\"@type\":\"CommentAction\",\"name\":\"Comment\",\"target\":[\"https:\\\/\\\/digidem-bayern.de\\\/webinar-demenzsensible-architektur-unterstutzende-gestaltung-2\\\/#respond\"]}]},{\"@type\":\"WebPage\",\"@id\":\"https:\\\/\\\/digidem-bayern.de\\\/webinar-demenzsensible-architektur-unterstutzende-gestaltung-2\\\/\",\"url\":\"https:\\\/\\\/digidem-bayern.de\\\/webinar-demenzsensible-architektur-unterstutzende-gestaltung-2\\\/\",\"name\":\"Demenzsensible Architektur \u2013 Unterst\u00fctzende Gestaltung - digiDEM Bayern\",\"isPartOf\":{\"@id\":\"\\\/#website\"},\"primaryImageOfPage\":{\"@id\":\"https:\\\/\\\/digidem-bayern.de\\\/webinar-demenzsensible-architektur-unterstutzende-gestaltung-2\\\/#primaryimage\"},\"image\":{\"@id\":\"https:\\\/\\\/digidem-bayern.de\\\/webinar-demenzsensible-architektur-unterstutzende-gestaltung-2\\\/#primaryimage\"},\"thumbnailUrl\":\"https:\\\/\\\/digidem-bayern.de\\\/wp-content\\\/uploads\\\/2020\\\/02\\\/stuerze.jpg\",\"datePublished\":\"2020-12-02T13:02:40+00:00\",\"dateModified\":\"2023-05-11T13:19:36+00:00\",\"description\":\"Im Webinar \\\"digiDEM Bayern Science Watch LIVE\\\" behandeln Wissenschaftler ein Thema aus der Demenzforschung und stehen live f\u00fcr Fragen zur Verf\u00fcgung.\",\"breadcrumb\":{\"@id\":\"https:\\\/\\\/digidem-bayern.de\\\/webinar-demenzsensible-architektur-unterstutzende-gestaltung-2\\\/#breadcrumb\"},\"inLanguage\":\"en-US\",\"potentialAction\":[{\"@type\":\"ReadAction\",\"target\":[\"https:\\\/\\\/digidem-bayern.de\\\/webinar-demenzsensible-architektur-unterstutzende-gestaltung-2\\\/\"]}]},{\"@type\":\"ImageObject\",\"inLanguage\":\"en-US\",\"@id\":\"https:\\\/\\\/digidem-bayern.de\\\/webinar-demenzsensible-architektur-unterstutzende-gestaltung-2\\\/#primaryimage\",\"url\":\"https:\\\/\\\/digidem-bayern.de\\\/wp-content\\\/uploads\\\/2020\\\/02\\\/stuerze.jpg\",\"contentUrl\":\"https:\\\/\\\/digidem-bayern.de\\\/wp-content\\\/uploads\\\/2020\\\/02\\\/stuerze.jpg\",\"width\":1280,\"height\":853,\"caption\":\"\u00c4ltere Frau mit Gehstock st\u00fctzt sich auf j\u00fcngere Frau, von hinten\"},{\"@type\":\"BreadcrumbList\",\"@id\":\"https:\\\/\\\/digidem-bayern.de\\\/webinar-demenzsensible-architektur-unterstutzende-gestaltung-2\\\/#breadcrumb\",\"itemListElement\":[{\"@type\":\"ListItem\",\"position\":1,\"name\":\"Startseite\",\"item\":\"https:\\\/\\\/digidem-bayern.de\\\/\"},{\"@type\":\"ListItem\",\"position\":2,\"name\":\"Demenzsensible Architektur \u2013 Unterst\u00fctzende Gestaltung\"}]},{\"@type\":\"WebSite\",\"@id\":\"\\\/#website\",\"url\":\"\\\/\",\"name\":\"digiDEM Bayern\",\"description\":\"Das digitale Demenzregister Bayern erforscht und verbessert die Angebotsstuktur f\u00fcr Menschen mit Demenz und deren Angeh\u00f6rige\",\"publisher\":{\"@id\":\"\\\/#organization\"},\"potentialAction\":[{\"@type\":\"SearchAction\",\"target\":{\"@type\":\"EntryPoint\",\"urlTemplate\":\"\\\/?s={search_term_string}\"},\"query-input\":{\"@type\":\"PropertyValueSpecification\",\"valueRequired\":true,\"valueName\":\"search_term_string\"}}],\"inLanguage\":\"en-US\"},{\"@type\":\"Organization\",\"@id\":\"\\\/#organization\",\"name\":\"digiDEM Bayern\",\"url\":\"\\\/\",\"logo\":{\"@type\":\"ImageObject\",\"inLanguage\":\"en-US\",\"@id\":\"\\\/#\\\/schema\\\/logo\\\/image\\\/\",\"url\":\"https:\\\/\\\/digidem-bayern.de\\\/wp-content\\\/uploads\\\/2022\\\/03\\\/cropped-Allgemeines_digiDEMLOGO-removebg-preview.png\",\"contentUrl\":\"https:\\\/\\\/digidem-bayern.de\\\/wp-content\\\/uploads\\\/2022\\\/03\\\/cropped-Allgemeines_digiDEMLOGO-removebg-preview.png\",\"width\":612,\"height\":357,\"caption\":\"digiDEM Bayern\"},\"image\":{\"@id\":\"\\\/#\\\/schema\\\/logo\\\/image\\\/\"},\"sameAs\":[\"https:\\\/\\\/www.facebook.com\\\/digiDEMBayern\\\/\",\"https:\\\/\\\/x.com\\\/digidem_bayern\",\"https:\\\/\\\/www.instagram.com\\\/digidem.bayern\",\"https:\\\/\\\/www.linkedin.com\\\/company\\\/digidem-bayern\\\/\"]},{\"@type\":\"Person\",\"@id\":\"\\\/#\\\/schema\\\/person\\\/92754ad381f49b3c358d1d8d2c4f90b8\",\"name\":\"Michael Zeiler\",\"url\":\"https:\\\/\\\/digidem-bayern.de\\\/en\\\/author\\\/michael-zeiler\\\/\"}]}<\/script>\n<!-- \/ Yoast SEO plugin. -->","yoast_head_json":{"title":"Demenzsensible Architektur \u2013 Unterst\u00fctzende Gestaltung - digiDEM Bayern","description":"Im Webinar \"digiDEM Bayern Science Watch LIVE\" behandeln Wissenschaftler ein Thema aus der Demenzforschung und stehen live f\u00fcr Fragen zur Verf\u00fcgung.","robots":{"index":"index","follow":"follow","max-snippet":"max-snippet:-1","max-image-preview":"max-image-preview:large","max-video-preview":"max-video-preview:-1"},"canonical":"https:\/\/digidem-bayern.de\/en\/webinar-demenzsensible-architektur-unterstutzende-gestaltung-2\/","og_locale":"en_US","og_type":"article","og_title":"Demenzsensible Architektur \u2013 Unterst\u00fctzende Gestaltung - digiDEM Bayern","og_description":"Im Webinar \"digiDEM Bayern Science Watch LIVE\" behandeln Wissenschaftler ein Thema aus der Demenzforschung und stehen live f\u00fcr Fragen zur Verf\u00fcgung.","og_url":"https:\/\/digidem-bayern.de\/en\/webinar-demenzsensible-architektur-unterstutzende-gestaltung-2\/","og_site_name":"digiDEM Bayern","article_publisher":"https:\/\/www.facebook.com\/digiDEMBayern\/","article_published_time":"2020-12-02T13:02:40+00:00","article_modified_time":"2023-05-11T13:19:36+00:00","og_image":[{"width":1280,"height":853,"url":"https:\/\/digidem-bayern.de\/wp-content\/uploads\/2020\/02\/stuerze.jpg","type":"image\/jpeg"}],"author":"Michael Zeiler","twitter_misc":{"Written by":"Michael Zeiler","Est. reading time":"4 minutes"},"schema":{"@context":"https:\/\/schema.org","@graph":[{"@type":"Article","@id":"https:\/\/digidem-bayern.de\/webinar-demenzsensible-architektur-unterstutzende-gestaltung-2\/#article","isPartOf":{"@id":"https:\/\/digidem-bayern.de\/webinar-demenzsensible-architektur-unterstutzende-gestaltung-2\/"},"author":{"name":"Michael Zeiler","@id":"\/#\/schema\/person\/92754ad381f49b3c358d1d8d2c4f90b8"},"headline":"Demenzsensible Architektur \u2013 Unterst\u00fctzende Gestaltung","datePublished":"2020-12-02T13:02:40+00:00","dateModified":"2023-05-11T13:19:36+00:00","mainEntityOfPage":{"@id":"https:\/\/digidem-bayern.de\/webinar-demenzsensible-architektur-unterstutzende-gestaltung-2\/"},"wordCount":834,"commentCount":0,"publisher":{"@id":"\/#organization"},"image":{"@id":"https:\/\/digidem-bayern.de\/webinar-demenzsensible-architektur-unterstutzende-gestaltung-2\/#primaryimage"},"thumbnailUrl":"https:\/\/digidem-bayern.de\/wp-content\/uploads\/2020\/02\/stuerze.jpg","keywords":["Alterssensible Architektur","Alzheimer","Architektur","Demenz","Demenzforschung","Demenzsensible Architektur","digidem","digidem Bayern","Unterst\u00fctzende Gestaltung","Webinar"],"articleSection":["Sciene Watch Live ARCHIV"],"inLanguage":"en-US","potentialAction":[{"@type":"CommentAction","name":"Comment","target":["https:\/\/digidem-bayern.de\/webinar-demenzsensible-architektur-unterstutzende-gestaltung-2\/#respond"]}]},{"@type":"WebPage","@id":"https:\/\/digidem-bayern.de\/webinar-demenzsensible-architektur-unterstutzende-gestaltung-2\/","url":"https:\/\/digidem-bayern.de\/webinar-demenzsensible-architektur-unterstutzende-gestaltung-2\/","name":"Demenzsensible Architektur \u2013 Unterst\u00fctzende Gestaltung - digiDEM Bayern","isPartOf":{"@id":"\/#website"},"primaryImageOfPage":{"@id":"https:\/\/digidem-bayern.de\/webinar-demenzsensible-architektur-unterstutzende-gestaltung-2\/#primaryimage"},"image":{"@id":"https:\/\/digidem-bayern.de\/webinar-demenzsensible-architektur-unterstutzende-gestaltung-2\/#primaryimage"},"thumbnailUrl":"https:\/\/digidem-bayern.de\/wp-content\/uploads\/2020\/02\/stuerze.jpg","datePublished":"2020-12-02T13:02:40+00:00","dateModified":"2023-05-11T13:19:36+00:00","description":"Im Webinar \"digiDEM Bayern Science Watch LIVE\" behandeln Wissenschaftler ein Thema aus der Demenzforschung und stehen live f\u00fcr Fragen zur Verf\u00fcgung.","breadcrumb":{"@id":"https:\/\/digidem-bayern.de\/webinar-demenzsensible-architektur-unterstutzende-gestaltung-2\/#breadcrumb"},"inLanguage":"en-US","potentialAction":[{"@type":"ReadAction","target":["https:\/\/digidem-bayern.de\/webinar-demenzsensible-architektur-unterstutzende-gestaltung-2\/"]}]},{"@type":"ImageObject","inLanguage":"en-US","@id":"https:\/\/digidem-bayern.de\/webinar-demenzsensible-architektur-unterstutzende-gestaltung-2\/#primaryimage","url":"https:\/\/digidem-bayern.de\/wp-content\/uploads\/2020\/02\/stuerze.jpg","contentUrl":"https:\/\/digidem-bayern.de\/wp-content\/uploads\/2020\/02\/stuerze.jpg","width":1280,"height":853,"caption":"\u00c4ltere Frau mit Gehstock st\u00fctzt sich auf j\u00fcngere Frau, von hinten"},{"@type":"BreadcrumbList","@id":"https:\/\/digidem-bayern.de\/webinar-demenzsensible-architektur-unterstutzende-gestaltung-2\/#breadcrumb","itemListElement":[{"@type":"ListItem","position":1,"name":"Startseite","item":"https:\/\/digidem-bayern.de\/"},{"@type":"ListItem","position":2,"name":"Demenzsensible Architektur \u2013 Unterst\u00fctzende Gestaltung"}]},{"@type":"WebSite","@id":"\/#website","url":"\/","name":"digiDEM Bavaria","description":"The digital dementia register in Bavaria researches and improves the structure of services for people with dementia and their relatives","publisher":{"@id":"\/#organization"},"potentialAction":[{"@type":"SearchAction","target":{"@type":"EntryPoint","urlTemplate":"\/?s={search_term_string}"},"query-input":{"@type":"PropertyValueSpecification","valueRequired":true,"valueName":"search_term_string"}}],"inLanguage":"en-US"},{"@type":"Organization","@id":"\/#organization","name":"digiDEM Bavaria","url":"\/","logo":{"@type":"ImageObject","inLanguage":"en-US","@id":"\/#\/schema\/logo\/image\/","url":"https:\/\/digidem-bayern.de\/wp-content\/uploads\/2022\/03\/cropped-Allgemeines_digiDEMLOGO-removebg-preview.png","contentUrl":"https:\/\/digidem-bayern.de\/wp-content\/uploads\/2022\/03\/cropped-Allgemeines_digiDEMLOGO-removebg-preview.png","width":612,"height":357,"caption":"digiDEM Bayern"},"image":{"@id":"\/#\/schema\/logo\/image\/"},"sameAs":["https:\/\/www.facebook.com\/digiDEMBayern\/","https:\/\/x.com\/digidem_bayern","https:\/\/www.instagram.com\/digidem.bayern","https:\/\/www.linkedin.com\/company\/digidem-bayern\/"]},{"@type":"Person","@id":"\/#\/schema\/person\/92754ad381f49b3c358d1d8d2c4f90b8","name":"Michael Zeiler","url":"https:\/\/digidem-bayern.de\/en\/author\/michael-zeiler\/"}]}},"uagb_featured_image_src":{"full":["https:\/\/digidem-bayern.de\/wp-content\/uploads\/2020\/02\/stuerze.jpg",1280,853,false],"thumbnail":["https:\/\/digidem-bayern.de\/wp-content\/uploads\/2020\/02\/stuerze-80x80.jpg",80,80,true],"medium":["https:\/\/digidem-bayern.de\/wp-content\/uploads\/2020\/02\/stuerze-300x200.jpg",300,200,true],"medium_large":["https:\/\/digidem-bayern.de\/wp-content\/uploads\/2020\/02\/stuerze-768x512.jpg",768,512,true],"large":["https:\/\/digidem-bayern.de\/wp-content\/uploads\/2020\/02\/stuerze-1030x686.jpg",1030,686,true],"1536x1536":["https:\/\/digidem-bayern.de\/wp-content\/uploads\/2020\/02\/stuerze.jpg",1280,853,false],"2048x2048":["https:\/\/digidem-bayern.de\/wp-content\/uploads\/2020\/02\/stuerze.jpg",1280,853,false],"trp-custom-language-flag":["https:\/\/digidem-bayern.de\/wp-content\/uploads\/2020\/02\/stuerze.jpg",18,12,false],"qubely_landscape":["https:\/\/digidem-bayern.de\/wp-content\/uploads\/2020\/02\/stuerze-1200x750.jpg",1200,750,true],"qubely_portrait":["https:\/\/digidem-bayern.de\/wp-content\/uploads\/2020\/02\/stuerze-540x320.jpg",540,320,true],"qubely_thumbnail":["https:\/\/digidem-bayern.de\/wp-content\/uploads\/2020\/02\/stuerze-140x100.jpg",140,100,true],"post-thumbnail":["https:\/\/digidem-bayern.de\/wp-content\/uploads\/2020\/02\/stuerze-495x330.jpg",495,330,true],"kahuna-featured":["https:\/\/digidem-bayern.de\/wp-content\/uploads\/2020\/02\/stuerze-495x350.jpg",495,350,true],"kahuna-featured-lp":["https:\/\/digidem-bayern.de\/wp-content\/uploads\/2020\/02\/stuerze-690x350.jpg",520,264,true],"kahuna-featured-half":["https:\/\/digidem-bayern.de\/wp-content\/uploads\/2020\/02\/stuerze-800x350.jpg",800,350,true],"kahuna-featured-third":["https:\/\/digidem-bayern.de\/wp-content\/uploads\/2020\/02\/stuerze-512x350.jpg",512,350,true],"kahuna-lpbox-1":["https:\/\/digidem-bayern.de\/wp-content\/uploads\/2020\/02\/stuerze-460x350.jpg",394,300,true],"kahuna-lpbox-2":["https:\/\/digidem-bayern.de\/wp-content\/uploads\/2020\/02\/stuerze-460x350.jpg",460,350,true],"demand-language-flag":["https:\/\/digidem-bayern.de\/wp-content\/uploads\/2020\/02\/stuerze.jpg",36,24,false],"dddkt-language-flag":["https:\/\/digidem-bayern.de\/wp-content\/uploads\/2020\/02\/stuerze.jpg",36,24,false],"ddiqc-language-flag":["https:\/\/digidem-bayern.de\/wp-content\/uploads\/2020\/02\/stuerze.jpg",36,24,false],"ddtl-language-flag":["https:\/\/digidem-bayern.de\/wp-content\/uploads\/2020\/02\/stuerze.jpg",36,24,false],"mailpoet_newsletter_max":["https:\/\/digidem-bayern.de\/wp-content\/uploads\/2020\/02\/stuerze.jpg",1280,853,false],"kahuna-lpbox-3":["https:\/\/digidem-bayern.de\/wp-content\/uploads\/2020\/02\/stuerze-460x350.jpg",460,350,true],"kahuna-featured-square":["https:\/\/digidem-bayern.de\/wp-content\/uploads\/2020\/02\/stuerze-512x512.jpg",512,512,true],"kahuna-featured-square-large":["https:\/\/digidem-bayern.de\/wp-content\/uploads\/2020\/02\/stuerze-1024x853.jpg",1024,853,true]},"uagb_author_info":{"display_name":"Michael Zeiler","author_link":"https:\/\/digidem-bayern.de\/en\/author\/michael-zeiler\/"},"uagb_comment_info":2,"uagb_excerpt":"Mit zunehmendem Alter ver\u00e4ndern sich K\u00f6rper und Geist. So kann sich beispielsweise durch eine Demenz die Wahrnehmung wandeln: Menschen mit Demenz finden sich im Verlauf der Erkrankung immer schlechter zurecht und ihr Blick auf die Welt wird ein anderer. Frau Dr. Birgit Dietz hat in ihrem zweiten Beitrag erl\u00e4utert, wie &hellip;","_links":{"self":[{"href":"https:\/\/digidem-bayern.de\/en\/wp-json\/wp\/v2\/posts\/9125","targetHints":{"allow":["GET"]}}],"collection":[{"href":"https:\/\/digidem-bayern.de\/en\/wp-json\/wp\/v2\/posts"}],"about":[{"href":"https:\/\/digidem-bayern.de\/en\/wp-json\/wp\/v2\/types\/post"}],"author":[{"embeddable":true,"href":"https:\/\/digidem-bayern.de\/en\/wp-json\/wp\/v2\/users\/11"}],"replies":[{"embeddable":true,"href":"https:\/\/digidem-bayern.de\/en\/wp-json\/wp\/v2\/comments?post=9125"}],"version-history":[{"count":10,"href":"https:\/\/digidem-bayern.de\/en\/wp-json\/wp\/v2\/posts\/9125\/revisions"}],"predecessor-version":[{"id":27997,"href":"https:\/\/digidem-bayern.de\/en\/wp-json\/wp\/v2\/posts\/9125\/revisions\/27997"}],"wp:featuredmedia":[{"embeddable":true,"href":"https:\/\/digidem-bayern.de\/en\/wp-json\/wp\/v2\/media\/4468"}],"wp:attachment":[{"href":"https:\/\/digidem-bayern.de\/en\/wp-json\/wp\/v2\/media?parent=9125"}],"wp:term":[{"taxonomy":"category","embeddable":true,"href":"https:\/\/digidem-bayern.de\/en\/wp-json\/wp\/v2\/categories?post=9125"},{"taxonomy":"post_tag","embeddable":true,"href":"https:\/\/digidem-bayern.de\/en\/wp-json\/wp\/v2\/tags?post=9125"}],"curies":[{"name":"wp","href":"https:\/\/api.w.org\/{rel}","templated":true}]}}