{"id":8010,"date":"2020-11-05T10:34:02","date_gmt":"2020-11-05T09:34:02","guid":{"rendered":"https:\/\/digidem-bayern.de\/?p=8010"},"modified":"2024-04-24T10:28:44","modified_gmt":"2024-04-24T08:28:44","slug":"webinar-digitalisierung-demenz-teil-2-zuhause","status":"publish","type":"post","link":"https:\/\/digidem-bayern.de\/en\/webinar-digitalisierung-demenz-teil-2-zuhause\/","title":{"rendered":"Digitalisierung &#038; Demenz &#8211; Teil 2: Zuhause"},"content":{"rendered":"<h4 class=\"wp-block-heading\">Die Digitalisierung spielt sich in allen Bereichen unseres Lebens ab: ob am Arbeitsplatz, in der Freizeit oder auch in unserem Zuhause. Vor allem hier kann sie wertvolle Unterst\u00fctzung leisten: wenn es etwa darum geht, so lange wie m\u00f6glich in den eigenen vier W\u00e4nden leben zu k\u00f6nnen. In unserem Webinar Digitalisierung &amp; Demenz &#8211; Teil 2: Zuhause geht es unter anderem darum, wie digitale Assistenzsysteme das Wohnumfeld verbessern k\u00f6nnen.<\/h4>\n\n\n<div class=\"wp-block-image\">\n<figure class=\"alignright size-large\"><img loading=\"lazy\" decoding=\"async\" width=\"255\" height=\"260\" src=\"https:\/\/test.digidem-bayern.de\/wp-content\/uploads\/2020\/11\/Foto-Horst-Kunhardt-e1455284618764.jpg\" alt=\"\" class=\"wp-image-8011\"\/><figcaption class=\"wp-element-caption\">Prof. Dr. Horst Kunhardt<\/figcaption><\/figure>\n<\/div>\n\n\n<p>Als Experten konnten wir Prof. Dr. Horst Kunhardt gewinnen. Er arbeitet an der Technischen Hochschule in Deggendorf, wo er Vizepr\u00e4sident der Gesundheitswissenschaften ist. Zu seinen Spezialgebieten geh\u00f6rt unter anderem die Digitalisierung im Gesundheitswesen. Prof. Kunhardt ist Mitglied der Projektleitung im Modellprojekt &#8222;DeinHaus4.0&#8220; an der TH Deggendorf. Im Rahmen des Modellprojekts wird untersucht, wie mit digitalen M\u00f6glichkeiten ein l\u00e4ngeres Leben zuhause erm\u00f6glicht werden kann.<\/p>\n\n\n\n<p>&#8222;DeinHaus4.0&#8220; wird in drei bayerischen Regionen durchgef\u00fchrt: in Oberbayern, in der Oberpfalz und in Niederbayern. Im Webinar &#8222;Digitalisierung &amp; Demenz &#8211; Teil 2: Zuhause&#8220; gew\u00e4hrt uns Prof. Kunhardt Einblicke in das Projekt. Weitere Informationen k\u00f6nnen Sie auf der <a href=\"https:\/\/www.deinhaus40.de\">Webseite von &#8222;DeinHaus4.0&#8220;<\/a> erhalten.<\/p>\n\n\n\n<div style=\"height:30px\" aria-hidden=\"true\" class=\"wp-block-spacer\"><\/div>\n\n\n\n<figure class=\"wp-block-embed is-type-video is-provider-youtube wp-block-embed-youtube wp-embed-aspect-16-9 wp-has-aspect-ratio\"><div class=\"wp-block-embed__wrapper\">\n<iframe loading=\"lazy\" title=\"Webinar: Digitalisierung &amp; Demenz \u2013 Teil 2: Zuhause - DeinHaus 4.0 mit Prof. Horst Kunhardt\" width=\"1223\" height=\"688\" src=\"https:\/\/www.youtube.com\/embed\/gje5xXY0JJU?feature=oembed\" frameborder=\"0\" allow=\"accelerometer; autoplay; clipboard-write; encrypted-media; gyroscope; picture-in-picture\" allowfullscreen><\/iframe>\n<\/div><\/figure>\n\n\n\n<p class=\"has-text-align-center\"><strong>Hier gibt es das Webinar als <a href=\"https:\/\/digidem-bayern.de\/wp-content\/uploads\/2024\/04\/2020-11-04_DigitalisierungundDemenz_Teil-2_Prof.-Kunhardt_copyright-komprimiert.pdf\" target=\"_blank\" rel=\"noreferrer noopener\">PDF zum Download<\/a><\/strong>.<\/p>\n\n\n\n<p class=\"has-text-align-center\"><strong>Fragen der Teilnehmer*innen und Antworten von Prof. Dr. Horst Kunhardt:<\/strong><\/p>\n\n\n\n<div class=\"qubely-block-accordion  qubely-block-ea99f7\" data-item-toggle=\"true\">\n<div class=\"wp-block-qubely-accordion-item qubely-block-3facce\"><div class=\"qubely-accordion-item qubely-type-fill false\"><div class=\"qubely-accordion-panel qubely-icon-position-right\"><span class=\"qubely-accordion-panel-handler\" role=\"button\"><span class=\"qubely-accordion-panel-handler-label\">Wir wollen gerne Schulungen f\u00fcr virtuelle Arztsprechstunden anbieten, haben allerdings hier bei einer Person mit H\u00f6rbeeintr\u00e4chtigung das Problem, dass am Tablet auch mit einem Bluetooth-Lautsprecher das Audio schlecht verstanden wird. Haben Sie hier eine L\u00f6sung oder einen Vorschlag?<\/span><span class=\"qubely-accordion-icon fa fa-plus\"><\/span><\/span><\/div><div class=\"qubely-accordion-body\"><div itemprop=\"text\">\n<p>Wir haben z.B. technische Unterst\u00fctzungsl\u00f6sungen f\u00fcr Studierende an der TH Deggendorf entwickelt, die Sehbeeintr\u00e4chtigung haben. Im Speziellen f\u00fcr Videosprechstunden mit einem Tablet ist nat\u00fcrlich die Qualit\u00e4t das wesentliche Element, aber auch da w\u00fcrde ich auf spezielle technische Ger\u00e4te verweisen. Vielleicht gibt es einen Anschluss an eine Braille-Tastatur, wo das gesprochene Wort mit einer Software in Text \u00fcbersetzt wird, der dann auf einer Tastatur erg\u00e4nzt und beantwortet werden kann. Meine L\u00f6sung dazu, wie man vom Audio-Lautsprecher abnehmen kann, w\u00e4ren z.B. Spracherkennungssysteme. Mit diesen Tools lassen sich Audiofiles in Text umsetzen. Im Anschluss m\u00fcsste man dann prinzipiell wieder \u00fcber eine spezielle Tastatur fortfahren.<\/p>\n<\/div><\/div><\/div><\/div>\n\n\n\n<div class=\"wp-block-qubely-accordion-item qubely-block-ea1b5b\"><div class=\"qubely-accordion-item qubely-type-fill false\"><div class=\"qubely-accordion-panel qubely-icon-position-right\"><span class=\"qubely-accordion-panel-handler\" role=\"button\"><span class=\"qubely-accordion-panel-handler-label\">Gibt es bereits erste Erfahrungen, wie die Betroffenen auf die Technik im Musterhaus reagieren oder auch mit ihr zurechtkommen?<\/span><span class=\"qubely-accordion-icon fa fa-plus\"><\/span><\/span><\/div><div class=\"qubely-accordion-body\"><div itemprop=\"text\">\n<p>Das ist wirklich sehr unterschiedlich, es gibt die ganze Bandbreite: Von \u201eDas kenne ich schon, das haben meine Kinder schon vor einiger Zeit f\u00fcr mich eingerichtet.\u201c bis zur Einstellung \u201eInternet kommt mir nicht ins Haus, das w\u00fcrde ich nicht zulassen.\u201c. Insofern liegt die Wahrheit wahrscheinlich in der Mitte. Wir haben die L\u00f6sungen, wie z.B. eine Art intelligenten Badspiegel auch auf (Senioren-)Messen vorgestellt. Auch hier gab es zahlreiche unterschiedliche Reaktionen: Von Interesse bis zur blanken Ablehnung. Und da hilft eigentlich nur Beratung und Schulung.<\/p>\n\n\n\n<p>Die Schwierigkeit in unserem Projekt liegt letztendlich immer darin, wie man den Menschen Dinge, die man nicht sieht, erkl\u00e4ren kann. Beispielsweise kann man Datenstr\u00f6me nicht sehen. Man kann sie im Prinzip nur visualisieren, da ist das Hauptprinzip nat\u00fcrlich das Vertrauen. Deshalb denke ich, haben wir als Hochschule oder auch Universit\u00e4ten in gewisser Weise die Rolle eines neutralen Partners: Wir m\u00fcssen keine L\u00f6sungen verkaufen &#8211; wir k\u00f6nnen aber Informationen und Wissen an die Menschen bringen. Die Neutralit\u00e4t, die wir gegen\u00fcber den potenziellen Nutzerinnen und Nutzern haben, sch\u00e4tze ich als sehr wichtig ein. Es gibt nat\u00fcrlich auch sehr viele berechtigte Fragen. Oftmals lassen sich diese durch ein Beratungs- oder Informationsgespr\u00e4ch kl\u00e4ren. Aber genau das ist auch die interessante Erfahrung, die wir im n\u00e4chsten Jahr noch machen werden, wenn wir mit den 100 Haushalten starten werden. Bislang k\u00f6nnen wir nur auf die Erfahrungen aus den Mustereinrichtungen zur\u00fcckgreifen, wie ich bereits beschrieben habe. Genau das wollen wir ja auch systematisch untersuchen mit einer Akzeptanzforschung bzw. einer ethischen Begleitforschung dazu. Mehr dazu kann ich Ihnen gern in einem Jahr berichten, vielleicht laden Sie mich ja wieder ein. ;)<\/p>\n<\/div><\/div><\/div><\/div>\n\n\n\n<div class=\"wp-block-qubely-accordion-item qubely-block-6aa9c4\"><div class=\"qubely-accordion-item qubely-type-fill false\"><div class=\"qubely-accordion-panel qubely-icon-position-right\"><span class=\"qubely-accordion-panel-handler\" role=\"button\"><span class=\"qubely-accordion-panel-handler-label\">Die minimal-invasive Technik, die Sie in Ihrem Vortrag erw\u00e4hnt haben, ist ja auch nicht immer greifbar\u2026<\/span><span class=\"qubely-accordion-icon fa fa-plus\"><\/span><\/span><\/div><div class=\"qubely-accordion-body\"><div itemprop=\"text\">\n<p>Ja genau, hierzu gibt es nat\u00fcrlich kein Bild oder entsprechende Erfahrungswerte. Gegenst\u00e4nde wie einen Badewannenlifter oder einen Rollator kann man nat\u00fcrlich einfacher erkl\u00e4ren. Wir haben daher z.B. einen klassischen Rollator mit technischen M\u00f6glichkeiten aufger\u00fcstet. Dann wird einem erst begreiflich, welche M\u00f6glichkeiten man noch mit dem einfachen und verst\u00e4ndlichen Ger\u00e4t \u201eRollator\u201c haben kann: Von einer Abstandsmeldung, einer Lichtsteuerung bis hin zu einem Tracking, wenn man die Menschen unterwegs schnell wieder auffinden m\u00f6chte. Wir wollen die Technik, die man nicht oder nur schwierig sieht, auch in Alltagsgegenst\u00e4nde einbauen, die jeder kennt. Trotzdem brauchen wir dieses Erkl\u00e4r-Modell dazu. Die Nutzerinnen und Nutzer sollen verstehen, dass sie permanent Daten produzieren. Wir m\u00fcssen also nicht nur Gesundheits- sondern auch IT-Kompetenz entwickeln und f\u00f6rdern.<\/p>\n<\/div><\/div><\/div><\/div>\n\n\n\n<div class=\"wp-block-qubely-accordion-item qubely-block-2be637\"><div class=\"qubely-accordion-item qubely-type-fill false\"><div class=\"qubely-accordion-panel qubely-icon-position-right\"><span class=\"qubely-accordion-panel-handler\" role=\"button\"><span class=\"qubely-accordion-panel-handler-label\">Wie ist ihre Erfahrung mit Tablets, Videotelefonie und Menschen mit Demenz \u2013 wie klappt das: k\u00f6nnen die Menschen mit Demenz das Bild verarbeiten?<\/span><span class=\"qubely-accordion-icon fa fa-plus\"><\/span><\/span><\/div><div class=\"qubely-accordion-body\"><div itemprop=\"text\">\n<p>Das ist nat\u00fcrlich eine schwierige Frage, wir haben ja verschiedene Stadien der Demenz, von leichten kognitiven Beeintr\u00e4chtigungen, bis hin zur mittleren und schweren Demenz. Zum Teil reagieren die Menschen mit Demenz auf Bilder, T\u00f6ne, Musikst\u00fccke, die ihnen vertraut sind, sehr positiv. Im Wesentlichen ist es f\u00fcr Menschen mit Demenz nat\u00fcrlich aber schwierig, sich an ver\u00e4nderte Umst\u00e4nde anzupassen. Da kann auch schon der Computer, wenn er auch noch so klein ist, eine Ver\u00e4nderung der Lebensverh\u00e4ltnisse sein, die manchmal zu Ablehnung f\u00fchren. Aber es gibt ja auch die sogenannte Reminiszenz-Interventions-Therapie. Durch diese kann man Menschen mit Demenz z.B. mit Bildern aus ihrer Biografie unterst\u00fctzen. Und hier denke ich, k\u00f6nnen Bild, Ton, vielleicht auch vertraute Stimmen von Angeh\u00f6rigen noch einen guten Zugang liefern. Aber es kommt nat\u00fcrlich auch sehr stark auf den Grad der Demenz an.<\/p>\n<\/div><\/div><\/div><\/div>\n\n\n\n<div class=\"wp-block-qubely-accordion-item qubely-block-9eebc5\"><div class=\"qubely-accordion-item qubely-type-fill false\"><div class=\"qubely-accordion-panel qubely-icon-position-right\"><span class=\"qubely-accordion-panel-handler\" role=\"button\"><span class=\"qubely-accordion-panel-handler-label\">Wie kommt die Hochschule an die geplanten 100 Haushalte?<\/span><span class=\"qubely-accordion-icon fa fa-plus\"><\/span><\/span><\/div><div class=\"qubely-accordion-body\"><div itemprop=\"text\">\n<p>Ja, das ist unsere Rekrutierungsphase: Wir werden Ende des Jahres Presseartikel schalten, au\u00dferdem haben wir mit unserem regionalen Fernsehsender bereits entsprechende Aufnahmen gemacht und werden das auch nochmal wiederholen. Weiterhin haben wir in Deggendorf regelm\u00e4\u00dfig auch Seniorenmessen. Zudem gibt es vor Ort einen sehr aktiven Senioren-Aktiv-Club mit \u00fcber 400 Mitgliedern, die gewisserma\u00dfen in unserem Netzwerk sind. Und aus diesen Bereichen werden wir die 100 Interessenten\/Haushalte rekrutieren. Wir werden nat\u00fcrlich auch die Einschlusskriterien nochmal genauer definieren, sodass wir entsprechend auch unsere Forschungsfragen sehr valide kl\u00e4ren k\u00f6nnen. Aber \u00fcber Pressearbeit, direkte Ansprache sowie durch Unterst\u00fctzung von Vereinen, denke ich sollte es gut klappen!<\/p>\n<\/div><\/div><\/div><\/div>\n\n\n\n<div class=\"wp-block-qubely-accordion-item qubely-block-ea21ed\"><div class=\"qubely-accordion-item qubely-type-fill false\"><div class=\"qubely-accordion-panel qubely-icon-position-right\"><span class=\"qubely-accordion-panel-handler\" role=\"button\"><span class=\"qubely-accordion-panel-handler-label\">W\u00e4re eine Intranet-L\u00f6sung f\u00fcr Menschen, die keine Internetanbindung haben m\u00f6chten\/k\u00f6nnen denkbar?<\/span><span class=\"qubely-accordion-icon fa fa-plus\"><\/span><\/span><\/div><div class=\"qubely-accordion-body\"><div itemprop=\"text\">\n<p>Ja es gibt hier sozusagen kleinere L\u00f6sungen, bei denen man keinen Internetanschluss hat. Diese w\u00fcrden wir \u00fcber das Projekt aufbauen, das sind monatlich geringe Kosten. Wir sprechen hierbei zun\u00e4chst nur \u00fcber Daten, nicht \u00fcber bspw. eine Videokommunikation. Hierzu wollen wir \u201eSteuerrechner\u201c anbieten. Aber in vielen Haushalten, in denen \u00e4ltere Menschen leben, gibt es die M\u00f6glichkeit, bestehende Internetanschl\u00fcsse zu verwenden oder mit zu nutzen. Genau das k\u00f6nnte aber auch der Bias bei den Haushalten sein, die sowieso interessiert an einer Teilnahme sind.<\/p>\n<\/div><\/div><\/div><\/div>\n\n\n\n<div class=\"wp-block-qubely-accordion-item qubely-block-db9494\"><div class=\"qubely-accordion-item qubely-type-fill false\"><div class=\"qubely-accordion-panel qubely-icon-position-right\"><span class=\"qubely-accordion-panel-handler\" role=\"button\"><span class=\"qubely-accordion-panel-handler-label\">Wie k\u00f6nnte so ein \u201eDatenagent\u201c aussehen? Wie k\u00f6nnte auf diese Weise ggf. auch der Schutz der Daten f\u00fcr die Nutzerinnen und Nutzer sichergestellt werden?<\/span><span class=\"qubely-accordion-icon fa fa-plus\"><\/span><\/span><\/div><div class=\"qubely-accordion-body\"><div itemprop=\"text\">\n<p>Solch ein Datenagent k\u00f6nnte zum Beispiel Software sein. Denkbar w\u00e4re aber auch, dass der Datenagent eine menschliche Komponente ist: mir schwebt vor, die Funktion eines Betreuers um die eines \u201eDatenbetreuers\u201c zu erweitern. Dies kann geschehen, indem Betreuer in diesem Bereich speziell geschult werden um zu erkennen, wo die Daten hinflie\u00dfen und ob das eine vertrauensvolle Quelle oder ein vertrauensvoller Bereich ist &#8211; und dann entsprechend auch einzuschreiten. In Zukunft werden das aber nat\u00fcrlich auch Software-Agenten sein, die auf der Sensorebene steuern k\u00f6nnen, welcher Sensor zugelassen wird und welcher nicht. Hierbei kommt es auch auf die informationelle Selbstbestimmung an: Ich brauche die Kompetenz, entscheiden zu k\u00f6nnen, welchen Sensor ich zulassen m\u00f6chte.<\/p>\n\n\n\n<p>Ein Beispiel: Viele Menschen w\u00fcrden zurecht davor zur\u00fcckschrecken, im Bad eine Videokamera einzubauen. Es k\u00f6nnte aber bestimmte F\u00e4lle geben, wo der Mensch vielleicht selbst\u00e4ndig zuhause leben m\u00f6chte, aber Bedenken hat, im Bad zu st\u00fcrzen. Er\/sie w\u00fcrde vielleicht durch die Videokamera verbunden mit einem Mikrophon und einem Sturzsensor Sicherheit bekommen. Dann ist das die individuelle Entscheidung, eine solche Videokamera im Bad anzuschaffen. Aber diese muss man nat\u00fcrlich immer klar hinterfragen: Unter welchen Bedingungen trifft der Mensch die Entscheidung und kann er sie auch wieder zur\u00fcckziehen? Darauf zielt die Flexibilit\u00e4t der Konfiguration dieser \u201eToolbox\u201c, die wir entwickeln ab.<\/p>\n<\/div><\/div><\/div><\/div>\n\n\n\n<div class=\"wp-block-qubely-accordion-item qubely-block-123b62\"><div class=\"qubely-accordion-item qubely-type-fill false\"><div class=\"qubely-accordion-panel qubely-icon-position-right\"><span class=\"qubely-accordion-panel-handler\" role=\"button\"><span class=\"qubely-accordion-panel-handler-label\">Sie haben den partizipativen Forschungsansatz genannt. Wie planen Sie konkret, wissenschaftlich vorzugehen?<\/span><span class=\"qubely-accordion-icon fa fa-plus\"><\/span><\/span><\/div><div class=\"qubely-accordion-body\"><div itemprop=\"text\">\n<p>\u201ePartizipativer Forschungsansatz\u201c hei\u00dft ja, dass wir unsere wesentlichen Zielgruppen und Stakeholder in den Forschungsprozess mit einbeziehen. Konkret geschieht das \u00fcber einen Projektbeirat, in dem die Zielgruppen vertreten sind und auch deren Vertreter. Der Forschungsansatz l\u00e4sst sich aufgrund des Einsatzes von Technik, was man ja als Intervention bezeichnen kann, als \u201ekomplexe Interventionsforschung\u201c bezeichnen. Wir werden einen sogenannten Pr\u00e4-Post-Vergleich durchf\u00fchren &#8211; unterst\u00fctzt durch Befragungen, durch aufsuchende Beratung und nat\u00fcrlich den engen Kontakt mit der Zielgruppe.<\/p>\n<\/div><\/div><\/div><\/div>\n<\/div>\n\n\n\n<h2 class=\"wp-block-heading has-text-align-center\"><strong><strong><strong>Mittwoch, 04.11.2020, 11.00-11.45 Uhr<\/strong><\/strong><\/strong><\/h2>\n\n\n\n<div class=\"wp-block-group\"><div class=\"wp-block-group__inner-container is-layout-flow wp-block-group-is-layout-flow\"><\/div><\/div>\n\n\n\n<div class=\"wp-block-stackable-columns stk-block-columns stk-block stk-d649891\" data-block-id=\"d649891\"><div class=\"stk-row stk-inner-blocks stk-block-content stk-content-align stk-d649891-column\">\n<div class=\"wp-block-stackable-column stk-block-column stk-column stk-block stk-a0d04a8\" data-block-id=\"a0d04a8\"><div class=\"stk-column-wrapper stk-block-column__content stk-container stk-a0d04a8-container stk--no-background stk--no-padding\"><div class=\"stk-block-content stk-inner-blocks stk-a0d04a8-inner-blocks\">\n<div class=\"wp-block-uagb-team uagb-team__image-position-above uagb-team__align-center uagb-team__stack-tablet uagb-block-8d089d64\"><div class=\"uagb-team__content\"><img decoding=\"async\" class=\"uagb-team__image-crop-circle\" src=\"https:\/\/test.digidem-bayern.de\/wp-content\/uploads\/2019\/10\/kristina-holm-e1571142334262-80x80.jpg\" alt=\"\" height=\"120\" width=\"120\" loading=\"lazy\"\/><h3 class=\"uagb-team__title\">Kristina Holm<\/h3><span class=\"uagb-team__prefix\">Wissenschaftliche Mitarbeiterin M. Sc.<\/span><p class=\"uagb-team__desc\">Moderation<\/p><\/div><\/div>\n<\/div><\/div><\/div>\n\n\n\n<div class=\"wp-block-stackable-column stk-block-column stk-column stk-block stk-f765ebf\" data-block-id=\"f765ebf\"><div class=\"stk-column-wrapper stk-block-column__content stk-container stk-f765ebf-container stk--no-background stk--no-padding\"><div class=\"stk-block-content stk-inner-blocks stk-f765ebf-inner-blocks\">\n<div class=\"wp-block-uagb-team uagb-team__image-position-above uagb-team__align-center uagb-team__stack-tablet uagb-block-103389e9\"><div class=\"uagb-team__content\"><img decoding=\"async\" class=\"uagb-team__image-crop-circle\" src=\"https:\/\/test.digidem-bayern.de\/wp-content\/uploads\/2020\/07\/Selau-Marina-Foto2-80x80.jpg\" alt=\"\" height=\"120\" width=\"120\" loading=\"lazy\"\/><h3 class=\"uagb-team__title\">Marina Selau<\/h3><span class=\"uagb-team__prefix\">Wissenschaftliche Mitarbeiterin M. Sc.<\/span><p class=\"uagb-team__desc\">Betreuung Chatroom &amp; Fragen<\/p><\/div><\/div>\n<\/div><\/div><\/div>\n<\/div><\/div>\n\n\n\n<div class=\"wp-block-columns is-layout-flex wp-container-core-columns-is-layout-9d6595d7 wp-block-columns-is-layout-flex\">\n<div class=\"wp-block-column is-layout-flow wp-block-column-is-layout-flow\" style=\"flex-basis:66.66%\"><\/div>\n\n\n\n<div class=\"wp-block-column is-layout-flow wp-block-column-is-layout-flow\" style=\"flex-basis:33.33%\"><\/div>\n<\/div>\n\n\n\n<div style=\"height:30px\" aria-hidden=\"true\" class=\"wp-block-spacer\"><\/div>\n\n\n\n<p>Demenz und Digitalisierung stehen im Zentrum des Forschungsprojekts \u201eDigitales Demenzregister Bayern\u201c. Wie gro\u00df der Bedarf an digitalen L\u00f6sungen auch im Demenz-Bereich ist, hat sich w\u00e4hrend der Kontaktbeschr\u00e4nkungen infolge Corona-Pandemie wie unter einem Brennglas gezeigt.<\/p>\n\n\n\n<p>Hier finden Sie Teil 1 der Webinar-Reihe zum Themenkomplex &#8222;Digitalisierung &amp; Demenz&#8220;:<\/p>\n\n\n\n<p><a href=\"https:\/\/test.digidem-bayern.de\/webinar-digitalisierung-demenz-teil-1\/\" target=\"_blank\" rel=\"noreferrer noopener\">Digitalisierung &amp; Demenz: Teil 1 &#8211; Arbeitsplatz<\/a><\/p>\n\n\n\n<div style=\"height:40px\" aria-hidden=\"true\" class=\"wp-block-spacer\"><\/div>\n\n\n\n<p>Mit der Webinar-Reihe &#8222;Science Watch LIVE&#8220; bieten wir einen zus\u00e4tzlichen Service zu unserem monatlichen Newsletter <a href=\"https:\/\/test.digidem-bayern.de\/newsletter\/\">digiDEM Bayern Science Watch<\/a>, in dem wir wissenschaftliche Erkenntnisse aus der Demenzforschung bereitstellen.  &nbsp;<\/p>\n\n\n\n<p>Vor dem Hintergrund massenhaft verbreiteter Halbwahrheiten und Fake News, aktuell zum Beispiel \u00fcber das neue Corona-Virus, ist gerade jetzt evidenzbasierte Wissenschaft gefragt. Es ist wichtiger denn je, wissenschaftliche Erkenntnisse so zu vermitteln, dass sie f\u00fcr die Gesellschaft verst\u00e4ndlich sind und ein Austausch dar\u00fcber gef\u00f6rdert wird. Dazu m\u00f6chten wir als digiDEM Bayern-Projektteam beitragen, jetzt auch mit <strong><em>digiDEM Bayern Science Wach LIVE<\/em><\/strong>.<\/p>","protected":false},"excerpt":{"rendered":"<p>Die Digitalisierung spielt sich in allen Bereichen unseres Lebens ab: ob am Arbeitsplatz, in der Freizeit oder auch in unserem Zuhause. Vor allem hier kann sie wertvolle Unterst\u00fctzung leisten: wenn es etwa darum geht, so lange wie m\u00f6glich in den eigenen vier W\u00e4nden leben zu k\u00f6nnen. In unserem Webinar Digitalisierung &hellip;<\/p>","protected":false},"author":11,"featured_media":6374,"comment_status":"open","ping_status":"closed","sticky":false,"template":"","format":"standard","meta":{"qubely_global_settings":"true","qubely_interactions":"","_uag_custom_page_level_css":"","footnotes":""},"categories":[123],"tags":[13,216,229,12,231,95,14,17,55,20,230,94],"class_list":["post-8010","post","type-post","status-publish","format-standard","has-post-thumbnail","hentry","category-sciene-watch-live-archiv","tag-alzheimer","tag-arbeitsplatz","tag-deinhaus4-0","tag-demenz-2","tag-demenz-zuhause","tag-demenzforschung","tag-digidem","tag-digidem-bayern","tag-digitales-demenzregister-bayern","tag-digitalisierung","tag-digitalisierung-zuhause","tag-webinar"],"qubely_featured_image_url":{"full":["https:\/\/digidem-bayern.de\/wp-content\/uploads\/2020\/07\/computer-1846056_1280.jpg",1280,857,false],"landscape":["https:\/\/digidem-bayern.de\/wp-content\/uploads\/2020\/07\/computer-1846056_1280-1200x750.jpg",1200,750,true],"portraits":["https:\/\/digidem-bayern.de\/wp-content\/uploads\/2020\/07\/computer-1846056_1280-540x320.jpg",540,320,true],"thumbnail":["https:\/\/digidem-bayern.de\/wp-content\/uploads\/2020\/07\/computer-1846056_1280-80x80.jpg",80,80,true],"medium":["https:\/\/digidem-bayern.de\/wp-content\/uploads\/2020\/07\/computer-1846056_1280-300x201.jpg",300,201,true],"medium_large":["https:\/\/digidem-bayern.de\/wp-content\/uploads\/2020\/07\/computer-1846056_1280-768x514.jpg",768,514,true],"large":["https:\/\/digidem-bayern.de\/wp-content\/uploads\/2020\/07\/computer-1846056_1280-1030x690.jpg",1030,690,true],"1536x1536":["https:\/\/digidem-bayern.de\/wp-content\/uploads\/2020\/07\/computer-1846056_1280.jpg",1280,857,false],"2048x2048":["https:\/\/digidem-bayern.de\/wp-content\/uploads\/2020\/07\/computer-1846056_1280.jpg",1280,857,false],"trp-custom-language-flag":["https:\/\/digidem-bayern.de\/wp-content\/uploads\/2020\/07\/computer-1846056_1280.jpg",18,12,false],"qubely_landscape":["https:\/\/digidem-bayern.de\/wp-content\/uploads\/2020\/07\/computer-1846056_1280-1200x750.jpg",1200,750,true],"qubely_portrait":["https:\/\/digidem-bayern.de\/wp-content\/uploads\/2020\/07\/computer-1846056_1280-540x320.jpg",540,320,true],"qubely_thumbnail":["https:\/\/digidem-bayern.de\/wp-content\/uploads\/2020\/07\/computer-1846056_1280-140x100.jpg",140,100,true],"post-thumbnail":["https:\/\/digidem-bayern.de\/wp-content\/uploads\/2020\/07\/computer-1846056_1280-523x350.jpg",523,350,true],"kahuna-featured":["https:\/\/digidem-bayern.de\/wp-content\/uploads\/2020\/07\/computer-1846056_1280-649x350.jpg",649,350,true],"kahuna-featured-lp":["https:\/\/digidem-bayern.de\/wp-content\/uploads\/2020\/07\/computer-1846056_1280-460x350.jpg",460,350,true],"kahuna-featured-half":["https:\/\/digidem-bayern.de\/wp-content\/uploads\/2020\/07\/computer-1846056_1280-800x350.jpg",800,350,true],"kahuna-featured-third":["https:\/\/digidem-bayern.de\/wp-content\/uploads\/2020\/07\/computer-1846056_1280-512x350.jpg",512,350,true],"kahuna-lpbox-1":["https:\/\/digidem-bayern.de\/wp-content\/uploads\/2020\/07\/computer-1846056_1280-460x350.jpg",394,300,true],"kahuna-lpbox-2":["https:\/\/digidem-bayern.de\/wp-content\/uploads\/2020\/07\/computer-1846056_1280-460x350.jpg",460,350,true],"demand-language-flag":["https:\/\/digidem-bayern.de\/wp-content\/uploads\/2020\/07\/computer-1846056_1280.jpg",36,24,false],"dddkt-language-flag":["https:\/\/digidem-bayern.de\/wp-content\/uploads\/2020\/07\/computer-1846056_1280.jpg",36,24,false],"ddiqc-language-flag":["https:\/\/digidem-bayern.de\/wp-content\/uploads\/2020\/07\/computer-1846056_1280.jpg",36,24,false],"ddtl-language-flag":["https:\/\/digidem-bayern.de\/wp-content\/uploads\/2020\/07\/computer-1846056_1280.jpg",36,24,false],"mailpoet_newsletter_max":["https:\/\/digidem-bayern.de\/wp-content\/uploads\/2020\/07\/computer-1846056_1280.jpg",1280,857,false],"kahuna-lpbox-3":["https:\/\/digidem-bayern.de\/wp-content\/uploads\/2020\/07\/computer-1846056_1280-460x350.jpg",460,350,true],"kahuna-featured-square":["https:\/\/digidem-bayern.de\/wp-content\/uploads\/2020\/07\/computer-1846056_1280-512x512.jpg",512,512,true],"kahuna-featured-square-large":["https:\/\/digidem-bayern.de\/wp-content\/uploads\/2020\/07\/computer-1846056_1280-1024x857.jpg",1024,857,true]},"qubely_author":{"display_name":"Michael Zeiler","author_link":"https:\/\/digidem-bayern.de\/en\/author\/michael-zeiler\/"},"qubely_comment":0,"qubely_category":"<a href=\"https:\/\/digidem-bayern.de\/en\/category\/sciene-watch-live-archiv\/\" rel=\"category tag\">Sciene Watch Live ARCHIV<\/a>","qubely_excerpt":"Die Digitalisierung spielt sich in allen Bereichen unseres Lebens ab: ob am Arbeitsplatz, in der Freizeit oder auch in unserem Zuhause. Vor allem hier kann sie wertvolle Unterst\u00fctzung leisten: wenn es etwa darum geht, so lange wie m\u00f6glich in den eigenen vier W\u00e4nden leben zu k\u00f6nnen. In unserem Webinar Digitalisierung &hellip;","featured_image_urls_v2":{"full":["https:\/\/digidem-bayern.de\/wp-content\/uploads\/2020\/07\/computer-1846056_1280.jpg",1280,857,false],"thumbnail":["https:\/\/digidem-bayern.de\/wp-content\/uploads\/2020\/07\/computer-1846056_1280-80x80.jpg",80,80,true],"medium":["https:\/\/digidem-bayern.de\/wp-content\/uploads\/2020\/07\/computer-1846056_1280-300x201.jpg",300,201,true],"medium_large":["https:\/\/digidem-bayern.de\/wp-content\/uploads\/2020\/07\/computer-1846056_1280-768x514.jpg",768,514,true],"large":["https:\/\/digidem-bayern.de\/wp-content\/uploads\/2020\/07\/computer-1846056_1280-1030x690.jpg",1030,690,true],"1536x1536":["https:\/\/digidem-bayern.de\/wp-content\/uploads\/2020\/07\/computer-1846056_1280.jpg",1280,857,false],"2048x2048":["https:\/\/digidem-bayern.de\/wp-content\/uploads\/2020\/07\/computer-1846056_1280.jpg",1280,857,false],"trp-custom-language-flag":["https:\/\/digidem-bayern.de\/wp-content\/uploads\/2020\/07\/computer-1846056_1280.jpg",18,12,false],"qubely_landscape":["https:\/\/digidem-bayern.de\/wp-content\/uploads\/2020\/07\/computer-1846056_1280-1200x750.jpg",1200,750,true],"qubely_portrait":["https:\/\/digidem-bayern.de\/wp-content\/uploads\/2020\/07\/computer-1846056_1280-540x320.jpg",540,320,true],"qubely_thumbnail":["https:\/\/digidem-bayern.de\/wp-content\/uploads\/2020\/07\/computer-1846056_1280-140x100.jpg",140,100,true],"post-thumbnail":["https:\/\/digidem-bayern.de\/wp-content\/uploads\/2020\/07\/computer-1846056_1280-523x350.jpg",523,350,true],"kahuna-featured":["https:\/\/digidem-bayern.de\/wp-content\/uploads\/2020\/07\/computer-1846056_1280-649x350.jpg",649,350,true],"kahuna-featured-lp":["https:\/\/digidem-bayern.de\/wp-content\/uploads\/2020\/07\/computer-1846056_1280-460x350.jpg",460,350,true],"kahuna-featured-half":["https:\/\/digidem-bayern.de\/wp-content\/uploads\/2020\/07\/computer-1846056_1280-800x350.jpg",800,350,true],"kahuna-featured-third":["https:\/\/digidem-bayern.de\/wp-content\/uploads\/2020\/07\/computer-1846056_1280-512x350.jpg",512,350,true],"kahuna-lpbox-1":["https:\/\/digidem-bayern.de\/wp-content\/uploads\/2020\/07\/computer-1846056_1280-460x350.jpg",394,300,true],"kahuna-lpbox-2":["https:\/\/digidem-bayern.de\/wp-content\/uploads\/2020\/07\/computer-1846056_1280-460x350.jpg",460,350,true],"demand-language-flag":["https:\/\/digidem-bayern.de\/wp-content\/uploads\/2020\/07\/computer-1846056_1280.jpg",36,24,false],"dddkt-language-flag":["https:\/\/digidem-bayern.de\/wp-content\/uploads\/2020\/07\/computer-1846056_1280.jpg",36,24,false],"ddiqc-language-flag":["https:\/\/digidem-bayern.de\/wp-content\/uploads\/2020\/07\/computer-1846056_1280.jpg",36,24,false],"ddtl-language-flag":["https:\/\/digidem-bayern.de\/wp-content\/uploads\/2020\/07\/computer-1846056_1280.jpg",36,24,false],"mailpoet_newsletter_max":["https:\/\/digidem-bayern.de\/wp-content\/uploads\/2020\/07\/computer-1846056_1280.jpg",1280,857,false],"kahuna-lpbox-3":["https:\/\/digidem-bayern.de\/wp-content\/uploads\/2020\/07\/computer-1846056_1280-460x350.jpg",460,350,true],"kahuna-featured-square":["https:\/\/digidem-bayern.de\/wp-content\/uploads\/2020\/07\/computer-1846056_1280-512x512.jpg",512,512,true],"kahuna-featured-square-large":["https:\/\/digidem-bayern.de\/wp-content\/uploads\/2020\/07\/computer-1846056_1280-1024x857.jpg",1024,857,true]},"post_excerpt_stackable_v2":"<p>Die Digitalisierung spielt sich in allen Bereichen unseres Lebens ab: ob am Arbeitsplatz, in der Freizeit oder auch in unserem Zuhause. Vor allem hier kann sie wertvolle Unterst\u00fctzung leisten: wenn es etwa darum geht, so lange wie m\u00f6glich in den eigenen vier W\u00e4nden leben zu k\u00f6nnen. In unserem Webinar Digitalisierung &amp; Demenz &#8211; Teil 2: Zuhause geht es unter anderem darum, wie digitale Assistenzsysteme das Wohnumfeld verbessern k\u00f6nnen. Prof. Dr. Horst Kunhardt Als Experten konnten wir Prof. Dr. Horst Kunhardt gewinnen. Er arbeitet an der Technischen Hochschule in Deggendorf, wo er Vizepr\u00e4sident der Gesundheitswissenschaften ist. Zu seinen Spezialgebieten geh\u00f6rt unter&hellip;<\/p>\n","category_list_v2":"<a href=\"https:\/\/digidem-bayern.de\/en\/category\/sciene-watch-live-archiv\/\" rel=\"category tag\">Sciene Watch Live ARCHIV<\/a>","author_info_v2":{"name":"Michael Zeiler","url":"https:\/\/digidem-bayern.de\/en\/author\/michael-zeiler\/"},"comments_num_v2":"0 comments","yoast_head":"<!-- This site is optimized with the Yoast SEO plugin v27.5 - https:\/\/yoast.com\/product\/yoast-seo-wordpress\/ -->\n<title>Digitalisierung &amp; Demenz - Teil 2: Zuhause - digiDEM Bayern<\/title>\n<meta name=\"description\" content=\"Im Webinar &quot;digiDEM Bayern Science Watch LIVE&quot; behandeln Wissenschaftler ein Thema aus der Demenzforschung und stehen live f\u00fcr Fragen zur Verf\u00fcgung.\" \/>\n<meta name=\"robots\" content=\"index, follow, max-snippet:-1, max-image-preview:large, max-video-preview:-1\" \/>\n<link rel=\"canonical\" href=\"https:\/\/digidem-bayern.de\/en\/webinar-digitalisierung-demenz-teil-2-zuhause\/\" \/>\n<meta property=\"og:locale\" content=\"en_US\" \/>\n<meta property=\"og:type\" content=\"article\" \/>\n<meta property=\"og:title\" content=\"Digitalisierung &amp; Demenz - Teil 2: Zuhause - digiDEM Bayern\" \/>\n<meta property=\"og:description\" content=\"Im Webinar &quot;digiDEM Bayern Science Watch LIVE&quot; behandeln Wissenschaftler ein Thema aus der Demenzforschung und stehen live f\u00fcr Fragen zur Verf\u00fcgung.\" \/>\n<meta property=\"og:url\" content=\"https:\/\/digidem-bayern.de\/en\/webinar-digitalisierung-demenz-teil-2-zuhause\/\" \/>\n<meta property=\"og:site_name\" content=\"digiDEM Bayern\" \/>\n<meta property=\"article:publisher\" content=\"https:\/\/www.facebook.com\/digiDEMBayern\/\" \/>\n<meta property=\"article:published_time\" content=\"2020-11-05T09:34:02+00:00\" \/>\n<meta property=\"article:modified_time\" content=\"2024-04-24T08:28:44+00:00\" \/>\n<meta property=\"og:image\" content=\"https:\/\/digidem-bayern.de\/wp-content\/uploads\/2020\/07\/computer-1846056_1280.jpg\" \/>\n\t<meta property=\"og:image:width\" content=\"1280\" \/>\n\t<meta property=\"og:image:height\" content=\"857\" \/>\n\t<meta property=\"og:image:type\" content=\"image\/jpeg\" \/>\n<meta name=\"author\" content=\"Michael Zeiler\" \/>\n<meta name=\"twitter:label1\" content=\"Written by\" \/>\n\t<meta name=\"twitter:data1\" content=\"Michael Zeiler\" \/>\n\t<meta name=\"twitter:label2\" content=\"Est. reading time\" \/>\n\t<meta name=\"twitter:data2\" content=\"8 minutes\" \/>\n<script type=\"application\/ld+json\" class=\"yoast-schema-graph\">{\"@context\":\"https:\\\/\\\/schema.org\",\"@graph\":[{\"@type\":\"Article\",\"@id\":\"https:\\\/\\\/digidem-bayern.de\\\/webinar-digitalisierung-demenz-teil-2-zuhause\\\/#article\",\"isPartOf\":{\"@id\":\"https:\\\/\\\/digidem-bayern.de\\\/webinar-digitalisierung-demenz-teil-2-zuhause\\\/\"},\"author\":{\"name\":\"Michael Zeiler\",\"@id\":\"\\\/#\\\/schema\\\/person\\\/92754ad381f49b3c358d1d8d2c4f90b8\"},\"headline\":\"Digitalisierung &#038; Demenz &#8211; Teil 2: Zuhause\",\"datePublished\":\"2020-11-05T09:34:02+00:00\",\"dateModified\":\"2024-04-24T08:28:44+00:00\",\"mainEntityOfPage\":{\"@id\":\"https:\\\/\\\/digidem-bayern.de\\\/webinar-digitalisierung-demenz-teil-2-zuhause\\\/\"},\"wordCount\":1737,\"commentCount\":0,\"publisher\":{\"@id\":\"\\\/#organization\"},\"image\":{\"@id\":\"https:\\\/\\\/digidem-bayern.de\\\/webinar-digitalisierung-demenz-teil-2-zuhause\\\/#primaryimage\"},\"thumbnailUrl\":\"https:\\\/\\\/digidem-bayern.de\\\/wp-content\\\/uploads\\\/2020\\\/07\\\/computer-1846056_1280.jpg\",\"keywords\":[\"Alzheimer\",\"arbeitsplatz\",\"DeinHaus4.0\",\"Demenz\",\"Demenz Zuhause\",\"Demenzforschung\",\"digidem\",\"digidem Bayern\",\"Digitales Demenzregister Bayern\",\"Digitalisierung\",\"Digitalisierung Zuhause\",\"Webinar\"],\"articleSection\":[\"Sciene Watch Live ARCHIV\"],\"inLanguage\":\"en-US\",\"potentialAction\":[{\"@type\":\"CommentAction\",\"name\":\"Comment\",\"target\":[\"https:\\\/\\\/digidem-bayern.de\\\/webinar-digitalisierung-demenz-teil-2-zuhause\\\/#respond\"]}]},{\"@type\":\"WebPage\",\"@id\":\"https:\\\/\\\/digidem-bayern.de\\\/webinar-digitalisierung-demenz-teil-2-zuhause\\\/\",\"url\":\"https:\\\/\\\/digidem-bayern.de\\\/webinar-digitalisierung-demenz-teil-2-zuhause\\\/\",\"name\":\"Digitalisierung & Demenz - Teil 2: Zuhause - digiDEM Bayern\",\"isPartOf\":{\"@id\":\"\\\/#website\"},\"primaryImageOfPage\":{\"@id\":\"https:\\\/\\\/digidem-bayern.de\\\/webinar-digitalisierung-demenz-teil-2-zuhause\\\/#primaryimage\"},\"image\":{\"@id\":\"https:\\\/\\\/digidem-bayern.de\\\/webinar-digitalisierung-demenz-teil-2-zuhause\\\/#primaryimage\"},\"thumbnailUrl\":\"https:\\\/\\\/digidem-bayern.de\\\/wp-content\\\/uploads\\\/2020\\\/07\\\/computer-1846056_1280.jpg\",\"datePublished\":\"2020-11-05T09:34:02+00:00\",\"dateModified\":\"2024-04-24T08:28:44+00:00\",\"description\":\"Im Webinar \\\"digiDEM Bayern Science Watch LIVE\\\" behandeln Wissenschaftler ein Thema aus der Demenzforschung und stehen live f\u00fcr Fragen zur Verf\u00fcgung.\",\"breadcrumb\":{\"@id\":\"https:\\\/\\\/digidem-bayern.de\\\/webinar-digitalisierung-demenz-teil-2-zuhause\\\/#breadcrumb\"},\"inLanguage\":\"en-US\",\"potentialAction\":[{\"@type\":\"ReadAction\",\"target\":[\"https:\\\/\\\/digidem-bayern.de\\\/webinar-digitalisierung-demenz-teil-2-zuhause\\\/\"]}]},{\"@type\":\"ImageObject\",\"inLanguage\":\"en-US\",\"@id\":\"https:\\\/\\\/digidem-bayern.de\\\/webinar-digitalisierung-demenz-teil-2-zuhause\\\/#primaryimage\",\"url\":\"https:\\\/\\\/digidem-bayern.de\\\/wp-content\\\/uploads\\\/2020\\\/07\\\/computer-1846056_1280.jpg\",\"contentUrl\":\"https:\\\/\\\/digidem-bayern.de\\\/wp-content\\\/uploads\\\/2020\\\/07\\\/computer-1846056_1280.jpg\",\"width\":1280,\"height\":857},{\"@type\":\"BreadcrumbList\",\"@id\":\"https:\\\/\\\/digidem-bayern.de\\\/webinar-digitalisierung-demenz-teil-2-zuhause\\\/#breadcrumb\",\"itemListElement\":[{\"@type\":\"ListItem\",\"position\":1,\"name\":\"Startseite\",\"item\":\"https:\\\/\\\/digidem-bayern.de\\\/\"},{\"@type\":\"ListItem\",\"position\":2,\"name\":\"Digitalisierung &#038; Demenz &#8211; Teil 2: Zuhause\"}]},{\"@type\":\"WebSite\",\"@id\":\"\\\/#website\",\"url\":\"\\\/\",\"name\":\"digiDEM Bayern\",\"description\":\"Das digitale Demenzregister Bayern erforscht und verbessert die Angebotsstuktur f\u00fcr Menschen mit Demenz und deren Angeh\u00f6rige\",\"publisher\":{\"@id\":\"\\\/#organization\"},\"potentialAction\":[{\"@type\":\"SearchAction\",\"target\":{\"@type\":\"EntryPoint\",\"urlTemplate\":\"\\\/?s={search_term_string}\"},\"query-input\":{\"@type\":\"PropertyValueSpecification\",\"valueRequired\":true,\"valueName\":\"search_term_string\"}}],\"inLanguage\":\"en-US\"},{\"@type\":\"Organization\",\"@id\":\"\\\/#organization\",\"name\":\"digiDEM Bayern\",\"url\":\"\\\/\",\"logo\":{\"@type\":\"ImageObject\",\"inLanguage\":\"en-US\",\"@id\":\"\\\/#\\\/schema\\\/logo\\\/image\\\/\",\"url\":\"https:\\\/\\\/digidem-bayern.de\\\/wp-content\\\/uploads\\\/2022\\\/03\\\/cropped-Allgemeines_digiDEMLOGO-removebg-preview.png\",\"contentUrl\":\"https:\\\/\\\/digidem-bayern.de\\\/wp-content\\\/uploads\\\/2022\\\/03\\\/cropped-Allgemeines_digiDEMLOGO-removebg-preview.png\",\"width\":612,\"height\":357,\"caption\":\"digiDEM Bayern\"},\"image\":{\"@id\":\"\\\/#\\\/schema\\\/logo\\\/image\\\/\"},\"sameAs\":[\"https:\\\/\\\/www.facebook.com\\\/digiDEMBayern\\\/\",\"https:\\\/\\\/x.com\\\/digidem_bayern\",\"https:\\\/\\\/www.instagram.com\\\/digidem.bayern\",\"https:\\\/\\\/www.linkedin.com\\\/company\\\/digidem-bayern\\\/\"]},{\"@type\":\"Person\",\"@id\":\"\\\/#\\\/schema\\\/person\\\/92754ad381f49b3c358d1d8d2c4f90b8\",\"name\":\"Michael Zeiler\",\"url\":\"https:\\\/\\\/digidem-bayern.de\\\/en\\\/author\\\/michael-zeiler\\\/\"}]}<\/script>\n<!-- \/ Yoast SEO plugin. -->","yoast_head_json":{"title":"Digitalisierung & Demenz - Teil 2: Zuhause - digiDEM Bayern","description":"Im Webinar \"digiDEM Bayern Science Watch LIVE\" behandeln Wissenschaftler ein Thema aus der Demenzforschung und stehen live f\u00fcr Fragen zur Verf\u00fcgung.","robots":{"index":"index","follow":"follow","max-snippet":"max-snippet:-1","max-image-preview":"max-image-preview:large","max-video-preview":"max-video-preview:-1"},"canonical":"https:\/\/digidem-bayern.de\/en\/webinar-digitalisierung-demenz-teil-2-zuhause\/","og_locale":"en_US","og_type":"article","og_title":"Digitalisierung & Demenz - Teil 2: Zuhause - digiDEM Bayern","og_description":"Im Webinar \"digiDEM Bayern Science Watch LIVE\" behandeln Wissenschaftler ein Thema aus der Demenzforschung und stehen live f\u00fcr Fragen zur Verf\u00fcgung.","og_url":"https:\/\/digidem-bayern.de\/en\/webinar-digitalisierung-demenz-teil-2-zuhause\/","og_site_name":"digiDEM Bayern","article_publisher":"https:\/\/www.facebook.com\/digiDEMBayern\/","article_published_time":"2020-11-05T09:34:02+00:00","article_modified_time":"2024-04-24T08:28:44+00:00","og_image":[{"width":1280,"height":857,"url":"https:\/\/digidem-bayern.de\/wp-content\/uploads\/2020\/07\/computer-1846056_1280.jpg","type":"image\/jpeg"}],"author":"Michael Zeiler","twitter_misc":{"Written by":"Michael Zeiler","Est. reading time":"8 minutes"},"schema":{"@context":"https:\/\/schema.org","@graph":[{"@type":"Article","@id":"https:\/\/digidem-bayern.de\/webinar-digitalisierung-demenz-teil-2-zuhause\/#article","isPartOf":{"@id":"https:\/\/digidem-bayern.de\/webinar-digitalisierung-demenz-teil-2-zuhause\/"},"author":{"name":"Michael Zeiler","@id":"\/#\/schema\/person\/92754ad381f49b3c358d1d8d2c4f90b8"},"headline":"Digitalisierung &#038; Demenz &#8211; Teil 2: Zuhause","datePublished":"2020-11-05T09:34:02+00:00","dateModified":"2024-04-24T08:28:44+00:00","mainEntityOfPage":{"@id":"https:\/\/digidem-bayern.de\/webinar-digitalisierung-demenz-teil-2-zuhause\/"},"wordCount":1737,"commentCount":0,"publisher":{"@id":"\/#organization"},"image":{"@id":"https:\/\/digidem-bayern.de\/webinar-digitalisierung-demenz-teil-2-zuhause\/#primaryimage"},"thumbnailUrl":"https:\/\/digidem-bayern.de\/wp-content\/uploads\/2020\/07\/computer-1846056_1280.jpg","keywords":["Alzheimer","arbeitsplatz","DeinHaus4.0","Demenz","Demenz Zuhause","Demenzforschung","digidem","digidem Bayern","Digitales Demenzregister Bayern","Digitalisierung","Digitalisierung Zuhause","Webinar"],"articleSection":["Sciene Watch Live ARCHIV"],"inLanguage":"en-US","potentialAction":[{"@type":"CommentAction","name":"Comment","target":["https:\/\/digidem-bayern.de\/webinar-digitalisierung-demenz-teil-2-zuhause\/#respond"]}]},{"@type":"WebPage","@id":"https:\/\/digidem-bayern.de\/webinar-digitalisierung-demenz-teil-2-zuhause\/","url":"https:\/\/digidem-bayern.de\/webinar-digitalisierung-demenz-teil-2-zuhause\/","name":"Digitalisierung & Demenz - Teil 2: Zuhause - digiDEM Bayern","isPartOf":{"@id":"\/#website"},"primaryImageOfPage":{"@id":"https:\/\/digidem-bayern.de\/webinar-digitalisierung-demenz-teil-2-zuhause\/#primaryimage"},"image":{"@id":"https:\/\/digidem-bayern.de\/webinar-digitalisierung-demenz-teil-2-zuhause\/#primaryimage"},"thumbnailUrl":"https:\/\/digidem-bayern.de\/wp-content\/uploads\/2020\/07\/computer-1846056_1280.jpg","datePublished":"2020-11-05T09:34:02+00:00","dateModified":"2024-04-24T08:28:44+00:00","description":"Im Webinar \"digiDEM Bayern Science Watch LIVE\" behandeln Wissenschaftler ein Thema aus der Demenzforschung und stehen live f\u00fcr Fragen zur Verf\u00fcgung.","breadcrumb":{"@id":"https:\/\/digidem-bayern.de\/webinar-digitalisierung-demenz-teil-2-zuhause\/#breadcrumb"},"inLanguage":"en-US","potentialAction":[{"@type":"ReadAction","target":["https:\/\/digidem-bayern.de\/webinar-digitalisierung-demenz-teil-2-zuhause\/"]}]},{"@type":"ImageObject","inLanguage":"en-US","@id":"https:\/\/digidem-bayern.de\/webinar-digitalisierung-demenz-teil-2-zuhause\/#primaryimage","url":"https:\/\/digidem-bayern.de\/wp-content\/uploads\/2020\/07\/computer-1846056_1280.jpg","contentUrl":"https:\/\/digidem-bayern.de\/wp-content\/uploads\/2020\/07\/computer-1846056_1280.jpg","width":1280,"height":857},{"@type":"BreadcrumbList","@id":"https:\/\/digidem-bayern.de\/webinar-digitalisierung-demenz-teil-2-zuhause\/#breadcrumb","itemListElement":[{"@type":"ListItem","position":1,"name":"Startseite","item":"https:\/\/digidem-bayern.de\/"},{"@type":"ListItem","position":2,"name":"Digitalisierung &#038; Demenz &#8211; Teil 2: Zuhause"}]},{"@type":"WebSite","@id":"\/#website","url":"\/","name":"digiDEM Bavaria","description":"The digital dementia register in Bavaria researches and improves the structure of services for people with dementia and their relatives","publisher":{"@id":"\/#organization"},"potentialAction":[{"@type":"SearchAction","target":{"@type":"EntryPoint","urlTemplate":"\/?s={search_term_string}"},"query-input":{"@type":"PropertyValueSpecification","valueRequired":true,"valueName":"search_term_string"}}],"inLanguage":"en-US"},{"@type":"Organization","@id":"\/#organization","name":"digiDEM Bavaria","url":"\/","logo":{"@type":"ImageObject","inLanguage":"en-US","@id":"\/#\/schema\/logo\/image\/","url":"https:\/\/digidem-bayern.de\/wp-content\/uploads\/2022\/03\/cropped-Allgemeines_digiDEMLOGO-removebg-preview.png","contentUrl":"https:\/\/digidem-bayern.de\/wp-content\/uploads\/2022\/03\/cropped-Allgemeines_digiDEMLOGO-removebg-preview.png","width":612,"height":357,"caption":"digiDEM Bayern"},"image":{"@id":"\/#\/schema\/logo\/image\/"},"sameAs":["https:\/\/www.facebook.com\/digiDEMBayern\/","https:\/\/x.com\/digidem_bayern","https:\/\/www.instagram.com\/digidem.bayern","https:\/\/www.linkedin.com\/company\/digidem-bayern\/"]},{"@type":"Person","@id":"\/#\/schema\/person\/92754ad381f49b3c358d1d8d2c4f90b8","name":"Michael Zeiler","url":"https:\/\/digidem-bayern.de\/en\/author\/michael-zeiler\/"}]}},"uagb_featured_image_src":{"full":["https:\/\/digidem-bayern.de\/wp-content\/uploads\/2020\/07\/computer-1846056_1280.jpg",1280,857,false],"thumbnail":["https:\/\/digidem-bayern.de\/wp-content\/uploads\/2020\/07\/computer-1846056_1280-80x80.jpg",80,80,true],"medium":["https:\/\/digidem-bayern.de\/wp-content\/uploads\/2020\/07\/computer-1846056_1280-300x201.jpg",300,201,true],"medium_large":["https:\/\/digidem-bayern.de\/wp-content\/uploads\/2020\/07\/computer-1846056_1280-768x514.jpg",768,514,true],"large":["https:\/\/digidem-bayern.de\/wp-content\/uploads\/2020\/07\/computer-1846056_1280-1030x690.jpg",1030,690,true],"1536x1536":["https:\/\/digidem-bayern.de\/wp-content\/uploads\/2020\/07\/computer-1846056_1280.jpg",1280,857,false],"2048x2048":["https:\/\/digidem-bayern.de\/wp-content\/uploads\/2020\/07\/computer-1846056_1280.jpg",1280,857,false],"trp-custom-language-flag":["https:\/\/digidem-bayern.de\/wp-content\/uploads\/2020\/07\/computer-1846056_1280.jpg",18,12,false],"qubely_landscape":["https:\/\/digidem-bayern.de\/wp-content\/uploads\/2020\/07\/computer-1846056_1280-1200x750.jpg",1200,750,true],"qubely_portrait":["https:\/\/digidem-bayern.de\/wp-content\/uploads\/2020\/07\/computer-1846056_1280-540x320.jpg",540,320,true],"qubely_thumbnail":["https:\/\/digidem-bayern.de\/wp-content\/uploads\/2020\/07\/computer-1846056_1280-140x100.jpg",140,100,true],"post-thumbnail":["https:\/\/digidem-bayern.de\/wp-content\/uploads\/2020\/07\/computer-1846056_1280-523x350.jpg",523,350,true],"kahuna-featured":["https:\/\/digidem-bayern.de\/wp-content\/uploads\/2020\/07\/computer-1846056_1280-649x350.jpg",649,350,true],"kahuna-featured-lp":["https:\/\/digidem-bayern.de\/wp-content\/uploads\/2020\/07\/computer-1846056_1280-460x350.jpg",460,350,true],"kahuna-featured-half":["https:\/\/digidem-bayern.de\/wp-content\/uploads\/2020\/07\/computer-1846056_1280-800x350.jpg",800,350,true],"kahuna-featured-third":["https:\/\/digidem-bayern.de\/wp-content\/uploads\/2020\/07\/computer-1846056_1280-512x350.jpg",512,350,true],"kahuna-lpbox-1":["https:\/\/digidem-bayern.de\/wp-content\/uploads\/2020\/07\/computer-1846056_1280-460x350.jpg",394,300,true],"kahuna-lpbox-2":["https:\/\/digidem-bayern.de\/wp-content\/uploads\/2020\/07\/computer-1846056_1280-460x350.jpg",460,350,true],"demand-language-flag":["https:\/\/digidem-bayern.de\/wp-content\/uploads\/2020\/07\/computer-1846056_1280.jpg",36,24,false],"dddkt-language-flag":["https:\/\/digidem-bayern.de\/wp-content\/uploads\/2020\/07\/computer-1846056_1280.jpg",36,24,false],"ddiqc-language-flag":["https:\/\/digidem-bayern.de\/wp-content\/uploads\/2020\/07\/computer-1846056_1280.jpg",36,24,false],"ddtl-language-flag":["https:\/\/digidem-bayern.de\/wp-content\/uploads\/2020\/07\/computer-1846056_1280.jpg",36,24,false],"mailpoet_newsletter_max":["https:\/\/digidem-bayern.de\/wp-content\/uploads\/2020\/07\/computer-1846056_1280.jpg",1280,857,false],"kahuna-lpbox-3":["https:\/\/digidem-bayern.de\/wp-content\/uploads\/2020\/07\/computer-1846056_1280-460x350.jpg",460,350,true],"kahuna-featured-square":["https:\/\/digidem-bayern.de\/wp-content\/uploads\/2020\/07\/computer-1846056_1280-512x512.jpg",512,512,true],"kahuna-featured-square-large":["https:\/\/digidem-bayern.de\/wp-content\/uploads\/2020\/07\/computer-1846056_1280-1024x857.jpg",1024,857,true]},"uagb_author_info":{"display_name":"Michael Zeiler","author_link":"https:\/\/digidem-bayern.de\/en\/author\/michael-zeiler\/"},"uagb_comment_info":0,"uagb_excerpt":"Die Digitalisierung spielt sich in allen Bereichen unseres Lebens ab: ob am Arbeitsplatz, in der Freizeit oder auch in unserem Zuhause. Vor allem hier kann sie wertvolle Unterst\u00fctzung leisten: wenn es etwa darum geht, so lange wie m\u00f6glich in den eigenen vier W\u00e4nden leben zu k\u00f6nnen. In unserem Webinar Digitalisierung &hellip;","_links":{"self":[{"href":"https:\/\/digidem-bayern.de\/en\/wp-json\/wp\/v2\/posts\/8010","targetHints":{"allow":["GET"]}}],"collection":[{"href":"https:\/\/digidem-bayern.de\/en\/wp-json\/wp\/v2\/posts"}],"about":[{"href":"https:\/\/digidem-bayern.de\/en\/wp-json\/wp\/v2\/types\/post"}],"author":[{"embeddable":true,"href":"https:\/\/digidem-bayern.de\/en\/wp-json\/wp\/v2\/users\/11"}],"replies":[{"embeddable":true,"href":"https:\/\/digidem-bayern.de\/en\/wp-json\/wp\/v2\/comments?post=8010"}],"version-history":[{"count":10,"href":"https:\/\/digidem-bayern.de\/en\/wp-json\/wp\/v2\/posts\/8010\/revisions"}],"predecessor-version":[{"id":34528,"href":"https:\/\/digidem-bayern.de\/en\/wp-json\/wp\/v2\/posts\/8010\/revisions\/34528"}],"wp:featuredmedia":[{"embeddable":true,"href":"https:\/\/digidem-bayern.de\/en\/wp-json\/wp\/v2\/media\/6374"}],"wp:attachment":[{"href":"https:\/\/digidem-bayern.de\/en\/wp-json\/wp\/v2\/media?parent=8010"}],"wp:term":[{"taxonomy":"category","embeddable":true,"href":"https:\/\/digidem-bayern.de\/en\/wp-json\/wp\/v2\/categories?post=8010"},{"taxonomy":"post_tag","embeddable":true,"href":"https:\/\/digidem-bayern.de\/en\/wp-json\/wp\/v2\/tags?post=8010"}],"curies":[{"name":"wp","href":"https:\/\/api.w.org\/{rel}","templated":true}]}}