{"id":7549,"date":"2020-10-13T12:40:58","date_gmt":"2020-10-13T10:40:58","guid":{"rendered":"https:\/\/digidem-bayern.de\/?p=7549"},"modified":"2020-10-13T13:35:52","modified_gmt":"2020-10-13T11:35:52","slug":"einstellung-zu-smartphones-und-tablets","status":"publish","type":"post","link":"https:\/\/digidem-bayern.de\/en\/einstellung-zu-smartphones-und-tablets\/","title":{"rendered":"Technik-Fan oder Skeptiker: Wie stehen Menschen mit Demenz und Angeh\u00f6rige zu Smartphones und Co.?"},"content":{"rendered":"<h4 class=\"wp-block-heading\">Digitale Angebote k\u00f6nnen das Leben erleichtern &#8211; und werden dennoch von \u00e4lteren Menschen deutlich weniger genutzt als von j\u00fcngeren. Dies hat vor kurzem auch der aktuelle <a href=\"https:\/\/www.achter-altersbericht.de\/\" target=\"_blank\" rel=\"noreferrer noopener\">Altersbericht der Bundesregierung<\/a> erneut gezeigt. Wie stehen Menschen mit Demenz und pflegende Angeh\u00f6rige zu digitalen Technologien? Wer nutzt Smartphones, Tablets und Co, wer nicht &#8211; und warum? Diese Fragen hat ein Forscherteam aus Spanien und Schweden untersucht.<\/h4>\n\n\n\n<p>Fr\u00fchere Studien haben bereits gezeigt: Sowohl soziodemografische Faktoren wie Alter, Geschlecht und Bildungsstand als auch negative Haltungen und mangelnde Technik-Kenntnis halten Menschen mit leichten kognitiven Beeintr\u00e4chtigungen (MCI) oder Demenz sowie pflegende Angeh\u00f6rige davon ab, digitale Technologien und Ger\u00e4te wie Smartphones und Tablets zu nutzen. Diesen Hindernissen wollten Jose Guzman-Parra, Pilar Barnestein-Fonseca und ihre Kolleg*innen genauer auf die Spur kommen und untersuchten bei diesen Personengruppen die Einstellung gegen\u00fcber digitalen Kommunikationstechnologien sowie die Nutzung etwa von Smartphones und Tablets &#8211; und die Faktoren, die dies beeinflussen k\u00f6nnten.<\/p>\n\n\n\n<div class=\"wp-block-image\"><figure class=\"alignright size-medium\"><img loading=\"lazy\" decoding=\"async\" width=\"300\" height=\"200\" src=\"https:\/\/test.digidem-bayern.de\/wp-content\/uploads\/2020\/10\/senioren1-300x200.jpg\" alt=\"Smartphone\" class=\"wp-image-7553\" srcset=\"https:\/\/digidem-bayern.de\/wp-content\/uploads\/2020\/10\/senioren1-300x200.jpg 300w, https:\/\/digidem-bayern.de\/wp-content\/uploads\/2020\/10\/senioren1-1030x687.jpg 1030w, https:\/\/digidem-bayern.de\/wp-content\/uploads\/2020\/10\/senioren1-768x512.jpg 768w, https:\/\/digidem-bayern.de\/wp-content\/uploads\/2020\/10\/senioren1-1536x1024.jpg 1536w, https:\/\/digidem-bayern.de\/wp-content\/uploads\/2020\/10\/senioren1-525x350.jpg 525w, https:\/\/digidem-bayern.de\/wp-content\/uploads\/2020\/10\/senioren1-1320x880.jpg 1320w, https:\/\/digidem-bayern.de\/wp-content\/uploads\/2020\/10\/senioren1.jpg 1600w\" sizes=\"auto, (max-width: 300px) 100vw, 300px\" \/><\/figure><\/div>\n\n\n\n<p><strong>Vertrautheit mit Touchscreen-Ger\u00e4ten und Technik-Affinit\u00e4t<\/strong><\/p>\n\n\n\n<p>Dazu werteten sie die Daten von 1.086 \u201cPaaren\u201d aus einer vorangegangenen Studie: Frauen und M\u00e4nner mit MCI oder leichter Demenz ab einem Alter von 55 Jahren sowie deren pflegende Angeh\u00f6rige. Die Wissenschaftler*innen untersuchten dabei zun\u00e4chst die generelle Haltung zu digitaler Kommunikationstechnologie und die Vertrautheit mit Touchscreen-Ger\u00e4ten. Die entsprechenden Angaben setzten dann sie bei den Personen mit MCI\/Demenz in Beziehung zu Informationen \u00fcber Lebensqualit\u00e4t, Alltagsf\u00e4higkeiten, den geistigen Zustand und Depressionen. Auch sozio\u00f6konomische Kriterien wie Alter, Geschlecht, Bildungsstand und Lebensbedingungen wurden mit einbezogen. Bei den pflegenden Angeh\u00f6rigen untersuchten die Autor*innen neben sozio\u00f6konomischen Angaben ebenfalls die Lebensqualit\u00e4t und zus\u00e4tzlich die Pflegebelastung.<\/p>\n\n\n\n<p><strong>Menschen mit Demenz nutzten selten Ged\u00e4chtnis-Apps<\/strong><\/p>\n\n\n\n<p>Die Ergebnisse zeigten, dass mehr als die H\u00e4lfte der Menschen mit MCI\/Demenz fast jeden Tag ein Smartphone verwenden. Allerdings nutzte nur gut ein Drittel fast t\u00e4glich das Internet auf solchen Ger\u00e4ten. Knapp zwei Drittel hielten sich f\u00fcr wenig oder gar nicht firm, wenn es um die Handhabung eines Smartphones oder eines Tablets geht.&nbsp;Obwohl mehr als 60 Prozent der Befragten glaubte, dass smarte Ger\u00e4te hilfreich f\u00fcr ihr Ged\u00e4chtnis sein k\u00f6nnen, hatten nur zehn Prozent eine spezielle App f\u00fcr Ged\u00e4chtnistraining auf ihrem Ger\u00e4t.<\/p>\n\n\n\n<p><strong>Zusammenhang zwischen Technik-Interesse und Lebensqualit\u00e4t<\/strong><\/p>\n\n\n\n<p>Bei den pflegenden Angeh\u00f6rigen ergab sich ein anderes Bild: Hier nutzten gut 77 Prozent fast t\u00e4glich ein Smartphone oder Tablet &#8211; und zwei Drittel dabei auch das Internet. Knapp 40 Prozent bezeichneten sich als wenig oder gar nicht firm im Umgang mit Touchscreen-Ger\u00e4ten.&nbsp;<\/p>\n\n\n\n<p>Insgesamt zeigten die pflegenden Angeh\u00f6rigen mehr Interesse an den neuen Technologien als die Menschen mit MCI\/Demenz. Dies traf besonders auf j\u00fcngere, m\u00e4nnliche Befragte mit h\u00f6herem Bildungsstand zu. Bei Menschen mit MCI\/Demenz stand ein h\u00f6heres Technik-Interesse auch im Zusammenhang mit einem besseren Gesundheitszustand und weniger Depressionen. Bei den Angeh\u00f6rigen fand sich eine Verbindung zu h\u00f6herer Lebensqualit\u00e4t und geringerer Pflegebelastung.<\/p>\n\n\n\n<p><strong>Angebote ausbauen, um H\u00fcrden zu \u00fcberwinden<\/strong><\/p>\n\n\n\n<p>Die Ergebnisse deuten den Autor*innen zufolge darauf hin, dass Menschen mit MCI\/Demenz weniger technik-affin sind als ihre pflegenden Angeh\u00f6rigen. Angst vor den neuen Technologien stellten sie jedoch nicht fest. Obwohl gerade Betroffene am meisten von speziellen Ged\u00e4chtnis-Apps profitieren w\u00fcrden, nutzten sie solche Anwendungen eher selten. Die Forscher*innen empfehlen daher, entsprechende Behandlungen und Angebote auszubauen, um die H\u00fcrden in der betroffenen Bev\u00f6lkerungsgruppe zu \u00fcberwinden.<\/p>\n\n\n\n<p>Hier finden Sie die Studie:<br><a href=\"http:\/\/\">Attitudes and Use of Information and Communication Technologies in Older Adults With Mild Cognitive Impairment or Early Stages of Dementia and Their Caregivers: Cross-Sectional Study<\/a> (Juni 2020)<\/p>","protected":false},"excerpt":{"rendered":"<p>Digitale Angebote k\u00f6nnen das Leben erleichtern &#8211; und werden dennoch von \u00e4lteren Menschen deutlich weniger genutzt als von j\u00fcngeren. Dies hat vor kurzem auch der aktuelle Altersbericht der Bundesregierung erneut gezeigt. Wie stehen Menschen mit Demenz und pflegende Angeh\u00f6rige zu digitalen Technologien? Wer nutzt Smartphones, Tablets und Co, wer nicht &hellip;<\/p>","protected":false},"author":11,"featured_media":7553,"comment_status":"closed","ping_status":"closed","sticky":false,"template":"","format":"standard","meta":{"qubely_global_settings":"","qubely_interactions":"","_uag_custom_page_level_css":"","footnotes":""},"categories":[5],"tags":[14,17,55,20,217,219,220],"class_list":["post-7549","post","type-post","status-publish","format-standard","has-post-thumbnail","hentry","category-wissenschaft-forschung","tag-digidem","tag-digidem-bayern","tag-digitales-demenzregister-bayern","tag-digitalisierung","tag-senioren","tag-smartphine","tag-tablet"],"qubely_featured_image_url":{"full":["https:\/\/digidem-bayern.de\/wp-content\/uploads\/2020\/10\/senioren1.jpg",1600,1067,false],"landscape":["https:\/\/digidem-bayern.de\/wp-content\/uploads\/2020\/10\/senioren1-1200x750.jpg",1200,750,true],"portraits":["https:\/\/digidem-bayern.de\/wp-content\/uploads\/2020\/10\/senioren1-540x320.jpg",540,320,true],"thumbnail":["https:\/\/digidem-bayern.de\/wp-content\/uploads\/2020\/10\/senioren1-80x80.jpg",80,80,true],"medium":["https:\/\/digidem-bayern.de\/wp-content\/uploads\/2020\/10\/senioren1-300x200.jpg",300,200,true],"medium_large":["https:\/\/digidem-bayern.de\/wp-content\/uploads\/2020\/10\/senioren1-768x512.jpg",768,512,true],"large":["https:\/\/digidem-bayern.de\/wp-content\/uploads\/2020\/10\/senioren1-1030x687.jpg",1030,687,true],"1536x1536":["https:\/\/digidem-bayern.de\/wp-content\/uploads\/2020\/10\/senioren1-1536x1024.jpg",1536,1024,true],"2048x2048":["https:\/\/digidem-bayern.de\/wp-content\/uploads\/2020\/10\/senioren1.jpg",1600,1067,false],"trp-custom-language-flag":["https:\/\/digidem-bayern.de\/wp-content\/uploads\/2020\/10\/senioren1.jpg",18,12,false],"qubely_landscape":["https:\/\/digidem-bayern.de\/wp-content\/uploads\/2020\/10\/senioren1-1200x750.jpg",1200,750,true],"qubely_portrait":["https:\/\/digidem-bayern.de\/wp-content\/uploads\/2020\/10\/senioren1-540x320.jpg",540,320,true],"qubely_thumbnail":["https:\/\/digidem-bayern.de\/wp-content\/uploads\/2020\/10\/senioren1-140x100.jpg",140,100,true],"post-thumbnail":["https:\/\/digidem-bayern.de\/wp-content\/uploads\/2020\/10\/senioren1-525x350.jpg",525,350,true],"kahuna-featured":["https:\/\/digidem-bayern.de\/wp-content\/uploads\/2020\/10\/senioren1-649x350.jpg",649,350,true],"kahuna-featured-lp":["https:\/\/digidem-bayern.de\/wp-content\/uploads\/2020\/10\/senioren1-460x350.jpg",460,350,true],"kahuna-featured-half":["https:\/\/digidem-bayern.de\/wp-content\/uploads\/2020\/10\/senioren1-800x350.jpg",800,350,true],"kahuna-featured-third":["https:\/\/digidem-bayern.de\/wp-content\/uploads\/2020\/10\/senioren1-512x350.jpg",512,350,true],"kahuna-lpbox-1":["https:\/\/digidem-bayern.de\/wp-content\/uploads\/2020\/10\/senioren1-460x350.jpg",394,300,true],"kahuna-lpbox-2":["https:\/\/digidem-bayern.de\/wp-content\/uploads\/2020\/10\/senioren1-460x350.jpg",460,350,true],"demand-language-flag":["https:\/\/digidem-bayern.de\/wp-content\/uploads\/2020\/10\/senioren1.jpg",36,24,false],"dddkt-language-flag":["https:\/\/digidem-bayern.de\/wp-content\/uploads\/2020\/10\/senioren1.jpg",36,24,false],"ddiqc-language-flag":["https:\/\/digidem-bayern.de\/wp-content\/uploads\/2020\/10\/senioren1.jpg",36,24,false],"ddtl-language-flag":["https:\/\/digidem-bayern.de\/wp-content\/uploads\/2020\/10\/senioren1.jpg",36,24,false],"mailpoet_newsletter_max":["https:\/\/digidem-bayern.de\/wp-content\/uploads\/2020\/10\/senioren1-1320x880.jpg",1320,880,true],"kahuna-lpbox-3":["https:\/\/digidem-bayern.de\/wp-content\/uploads\/2020\/10\/senioren1-460x350.jpg",460,350,true],"kahuna-featured-square":["https:\/\/digidem-bayern.de\/wp-content\/uploads\/2020\/10\/senioren1-512x512.jpg",512,512,true],"kahuna-featured-square-large":["https:\/\/digidem-bayern.de\/wp-content\/uploads\/2020\/10\/senioren1-1024x1024.jpg",1024,1024,true]},"qubely_author":{"display_name":"Michael Zeiler","author_link":"https:\/\/digidem-bayern.de\/en\/author\/michael-zeiler\/"},"qubely_comment":0,"qubely_category":"<a href=\"https:\/\/digidem-bayern.de\/en\/category\/wissenschaft-forschung\/\" rel=\"category tag\">Wissenschaft &amp; Forschung<\/a>","qubely_excerpt":"Digitale Angebote k\u00f6nnen das Leben erleichtern &#8211; und werden dennoch von \u00e4lteren Menschen deutlich weniger genutzt als von j\u00fcngeren. Dies hat vor kurzem auch der aktuelle Altersbericht der Bundesregierung erneut gezeigt. Wie stehen Menschen mit Demenz und pflegende Angeh\u00f6rige zu digitalen Technologien? Wer nutzt Smartphones, Tablets und Co, wer nicht &hellip;","featured_image_urls_v2":{"full":["https:\/\/digidem-bayern.de\/wp-content\/uploads\/2020\/10\/senioren1.jpg",1600,1067,false],"thumbnail":["https:\/\/digidem-bayern.de\/wp-content\/uploads\/2020\/10\/senioren1-80x80.jpg",80,80,true],"medium":["https:\/\/digidem-bayern.de\/wp-content\/uploads\/2020\/10\/senioren1-300x200.jpg",300,200,true],"medium_large":["https:\/\/digidem-bayern.de\/wp-content\/uploads\/2020\/10\/senioren1-768x512.jpg",768,512,true],"large":["https:\/\/digidem-bayern.de\/wp-content\/uploads\/2020\/10\/senioren1-1030x687.jpg",1030,687,true],"1536x1536":["https:\/\/digidem-bayern.de\/wp-content\/uploads\/2020\/10\/senioren1-1536x1024.jpg",1536,1024,true],"2048x2048":["https:\/\/digidem-bayern.de\/wp-content\/uploads\/2020\/10\/senioren1.jpg",1600,1067,false],"trp-custom-language-flag":["https:\/\/digidem-bayern.de\/wp-content\/uploads\/2020\/10\/senioren1.jpg",18,12,false],"qubely_landscape":["https:\/\/digidem-bayern.de\/wp-content\/uploads\/2020\/10\/senioren1-1200x750.jpg",1200,750,true],"qubely_portrait":["https:\/\/digidem-bayern.de\/wp-content\/uploads\/2020\/10\/senioren1-540x320.jpg",540,320,true],"qubely_thumbnail":["https:\/\/digidem-bayern.de\/wp-content\/uploads\/2020\/10\/senioren1-140x100.jpg",140,100,true],"post-thumbnail":["https:\/\/digidem-bayern.de\/wp-content\/uploads\/2020\/10\/senioren1-525x350.jpg",525,350,true],"kahuna-featured":["https:\/\/digidem-bayern.de\/wp-content\/uploads\/2020\/10\/senioren1-649x350.jpg",649,350,true],"kahuna-featured-lp":["https:\/\/digidem-bayern.de\/wp-content\/uploads\/2020\/10\/senioren1-460x350.jpg",460,350,true],"kahuna-featured-half":["https:\/\/digidem-bayern.de\/wp-content\/uploads\/2020\/10\/senioren1-800x350.jpg",800,350,true],"kahuna-featured-third":["https:\/\/digidem-bayern.de\/wp-content\/uploads\/2020\/10\/senioren1-512x350.jpg",512,350,true],"kahuna-lpbox-1":["https:\/\/digidem-bayern.de\/wp-content\/uploads\/2020\/10\/senioren1-460x350.jpg",394,300,true],"kahuna-lpbox-2":["https:\/\/digidem-bayern.de\/wp-content\/uploads\/2020\/10\/senioren1-460x350.jpg",460,350,true],"demand-language-flag":["https:\/\/digidem-bayern.de\/wp-content\/uploads\/2020\/10\/senioren1.jpg",36,24,false],"dddkt-language-flag":["https:\/\/digidem-bayern.de\/wp-content\/uploads\/2020\/10\/senioren1.jpg",36,24,false],"ddiqc-language-flag":["https:\/\/digidem-bayern.de\/wp-content\/uploads\/2020\/10\/senioren1.jpg",36,24,false],"ddtl-language-flag":["https:\/\/digidem-bayern.de\/wp-content\/uploads\/2020\/10\/senioren1.jpg",36,24,false],"mailpoet_newsletter_max":["https:\/\/digidem-bayern.de\/wp-content\/uploads\/2020\/10\/senioren1-1320x880.jpg",1320,880,true],"kahuna-lpbox-3":["https:\/\/digidem-bayern.de\/wp-content\/uploads\/2020\/10\/senioren1-460x350.jpg",460,350,true],"kahuna-featured-square":["https:\/\/digidem-bayern.de\/wp-content\/uploads\/2020\/10\/senioren1-512x512.jpg",512,512,true],"kahuna-featured-square-large":["https:\/\/digidem-bayern.de\/wp-content\/uploads\/2020\/10\/senioren1-1024x1024.jpg",1024,1024,true]},"post_excerpt_stackable_v2":"<p>Digitale Angebote k\u00f6nnen das Leben erleichtern &#8211; und werden dennoch von \u00e4lteren Menschen deutlich weniger genutzt als von j\u00fcngeren. Dies hat vor kurzem auch der aktuelle Altersbericht der Bundesregierung erneut gezeigt. Wie stehen Menschen mit Demenz und pflegende Angeh\u00f6rige zu digitalen Technologien? Wer nutzt Smartphones, Tablets und Co, wer nicht &#8211; und warum? Diese Fragen hat ein Forscherteam aus Spanien und Schweden untersucht. Fr\u00fchere Studien haben bereits gezeigt: Sowohl soziodemografische Faktoren wie Alter, Geschlecht und Bildungsstand als auch negative Haltungen und mangelnde Technik-Kenntnis halten Menschen mit leichten kognitiven Beeintr\u00e4chtigungen (MCI) oder Demenz sowie pflegende Angeh\u00f6rige davon ab, digitale Technologien und&hellip;<\/p>\n","category_list_v2":"<a href=\"https:\/\/digidem-bayern.de\/en\/category\/wissenschaft-forschung\/\" rel=\"category tag\">Wissenschaft &amp; Forschung<\/a>","author_info_v2":{"name":"Michael Zeiler","url":"https:\/\/digidem-bayern.de\/en\/author\/michael-zeiler\/"},"comments_num_v2":"0 comments","yoast_head":"<!-- This site is optimized with the Yoast SEO plugin v27.4 - https:\/\/yoast.com\/product\/yoast-seo-wordpress\/ -->\n<title>Technik-Fan oder Skeptiker: Wie stehen Menschen mit Demenz und Angeh\u00f6rige zu Smartphones und Co.? - digiDEM Bayern<\/title>\n<meta name=\"description\" content=\"Wie stehen Menschen mit Demenz und Angeh\u00f6rige zu digitalen Technologien? Das haben Forscher aus Spanien und Schweden untersucht.\" \/>\n<meta name=\"robots\" content=\"index, follow, max-snippet:-1, max-image-preview:large, max-video-preview:-1\" \/>\n<link rel=\"canonical\" href=\"https:\/\/digidem-bayern.de\/en\/einstellung-zu-smartphones-und-tablets\/\" \/>\n<meta property=\"og:locale\" content=\"en_US\" \/>\n<meta property=\"og:type\" content=\"article\" \/>\n<meta property=\"og:title\" content=\"Technik-Fan oder Skeptiker: Wie stehen Menschen mit Demenz und Angeh\u00f6rige zu Smartphones und Co.? - digiDEM Bayern\" \/>\n<meta property=\"og:description\" content=\"Wie stehen Menschen mit Demenz und Angeh\u00f6rige zu digitalen Technologien? Das haben Forscher aus Spanien und Schweden untersucht.\" \/>\n<meta property=\"og:url\" content=\"https:\/\/digidem-bayern.de\/en\/einstellung-zu-smartphones-und-tablets\/\" \/>\n<meta property=\"og:site_name\" content=\"digiDEM Bayern\" \/>\n<meta property=\"article:publisher\" content=\"https:\/\/www.facebook.com\/digiDEMBayern\/\" \/>\n<meta property=\"article:published_time\" content=\"2020-10-13T10:40:58+00:00\" \/>\n<meta property=\"article:modified_time\" content=\"2020-10-13T11:35:52+00:00\" \/>\n<meta property=\"og:image\" content=\"https:\/\/digidem-bayern.de\/wp-content\/uploads\/2020\/10\/senioren1.jpg\" \/>\n\t<meta property=\"og:image:width\" content=\"1600\" \/>\n\t<meta property=\"og:image:height\" content=\"1067\" \/>\n\t<meta property=\"og:image:type\" content=\"image\/jpeg\" \/>\n<meta name=\"author\" content=\"Michael Zeiler\" \/>\n<meta name=\"twitter:label1\" content=\"Written by\" \/>\n\t<meta name=\"twitter:data1\" content=\"Michael Zeiler\" \/>\n\t<meta name=\"twitter:label2\" content=\"Est. reading time\" \/>\n\t<meta name=\"twitter:data2\" content=\"3 minutes\" \/>\n<script type=\"application\/ld+json\" class=\"yoast-schema-graph\">{\"@context\":\"https:\\\/\\\/schema.org\",\"@graph\":[{\"@type\":\"Article\",\"@id\":\"https:\\\/\\\/digidem-bayern.de\\\/einstellung-zu-smartphones-und-tablets\\\/#article\",\"isPartOf\":{\"@id\":\"https:\\\/\\\/digidem-bayern.de\\\/einstellung-zu-smartphones-und-tablets\\\/\"},\"author\":{\"name\":\"Michael Zeiler\",\"@id\":\"\\\/#\\\/schema\\\/person\\\/92754ad381f49b3c358d1d8d2c4f90b8\"},\"headline\":\"Technik-Fan oder Skeptiker: Wie stehen Menschen mit Demenz und Angeh\u00f6rige zu Smartphones und Co.?\",\"datePublished\":\"2020-10-13T10:40:58+00:00\",\"dateModified\":\"2020-10-13T11:35:52+00:00\",\"mainEntityOfPage\":{\"@id\":\"https:\\\/\\\/digidem-bayern.de\\\/einstellung-zu-smartphones-und-tablets\\\/\"},\"wordCount\":619,\"publisher\":{\"@id\":\"\\\/#organization\"},\"image\":{\"@id\":\"https:\\\/\\\/digidem-bayern.de\\\/einstellung-zu-smartphones-und-tablets\\\/#primaryimage\"},\"thumbnailUrl\":\"https:\\\/\\\/digidem-bayern.de\\\/wp-content\\\/uploads\\\/2020\\\/10\\\/senioren1.jpg\",\"keywords\":[\"digidem\",\"digidem Bayern\",\"Digitales Demenzregister Bayern\",\"Digitalisierung\",\"Senioren\",\"Smartphine\",\"Tablet\"],\"articleSection\":[\"Wissenschaft &amp; Forschung\"],\"inLanguage\":\"en-US\"},{\"@type\":\"WebPage\",\"@id\":\"https:\\\/\\\/digidem-bayern.de\\\/einstellung-zu-smartphones-und-tablets\\\/\",\"url\":\"https:\\\/\\\/digidem-bayern.de\\\/einstellung-zu-smartphones-und-tablets\\\/\",\"name\":\"Technik-Fan oder Skeptiker: Wie stehen Menschen mit Demenz und Angeh\u00f6rige zu Smartphones und Co.? - digiDEM Bayern\",\"isPartOf\":{\"@id\":\"\\\/#website\"},\"primaryImageOfPage\":{\"@id\":\"https:\\\/\\\/digidem-bayern.de\\\/einstellung-zu-smartphones-und-tablets\\\/#primaryimage\"},\"image\":{\"@id\":\"https:\\\/\\\/digidem-bayern.de\\\/einstellung-zu-smartphones-und-tablets\\\/#primaryimage\"},\"thumbnailUrl\":\"https:\\\/\\\/digidem-bayern.de\\\/wp-content\\\/uploads\\\/2020\\\/10\\\/senioren1.jpg\",\"datePublished\":\"2020-10-13T10:40:58+00:00\",\"dateModified\":\"2020-10-13T11:35:52+00:00\",\"description\":\"Wie stehen Menschen mit Demenz und Angeh\u00f6rige zu digitalen Technologien? Das haben Forscher aus Spanien und Schweden untersucht.\",\"breadcrumb\":{\"@id\":\"https:\\\/\\\/digidem-bayern.de\\\/einstellung-zu-smartphones-und-tablets\\\/#breadcrumb\"},\"inLanguage\":\"en-US\",\"potentialAction\":[{\"@type\":\"ReadAction\",\"target\":[\"https:\\\/\\\/digidem-bayern.de\\\/einstellung-zu-smartphones-und-tablets\\\/\"]}]},{\"@type\":\"ImageObject\",\"inLanguage\":\"en-US\",\"@id\":\"https:\\\/\\\/digidem-bayern.de\\\/einstellung-zu-smartphones-und-tablets\\\/#primaryimage\",\"url\":\"https:\\\/\\\/digidem-bayern.de\\\/wp-content\\\/uploads\\\/2020\\\/10\\\/senioren1.jpg\",\"contentUrl\":\"https:\\\/\\\/digidem-bayern.de\\\/wp-content\\\/uploads\\\/2020\\\/10\\\/senioren1.jpg\",\"width\":1600,\"height\":1067,\"caption\":\"Nui\"},{\"@type\":\"BreadcrumbList\",\"@id\":\"https:\\\/\\\/digidem-bayern.de\\\/einstellung-zu-smartphones-und-tablets\\\/#breadcrumb\",\"itemListElement\":[{\"@type\":\"ListItem\",\"position\":1,\"name\":\"Startseite\",\"item\":\"https:\\\/\\\/digidem-bayern.de\\\/\"},{\"@type\":\"ListItem\",\"position\":2,\"name\":\"Technik-Fan oder Skeptiker: Wie stehen Menschen mit Demenz und Angeh\u00f6rige zu Smartphones und Co.?\"}]},{\"@type\":\"WebSite\",\"@id\":\"\\\/#website\",\"url\":\"\\\/\",\"name\":\"digiDEM Bayern\",\"description\":\"Das digitale Demenzregister Bayern erforscht und verbessert die Angebotsstuktur f\u00fcr Menschen mit Demenz und deren Angeh\u00f6rige\",\"publisher\":{\"@id\":\"\\\/#organization\"},\"potentialAction\":[{\"@type\":\"SearchAction\",\"target\":{\"@type\":\"EntryPoint\",\"urlTemplate\":\"\\\/?s={search_term_string}\"},\"query-input\":{\"@type\":\"PropertyValueSpecification\",\"valueRequired\":true,\"valueName\":\"search_term_string\"}}],\"inLanguage\":\"en-US\"},{\"@type\":\"Organization\",\"@id\":\"\\\/#organization\",\"name\":\"digiDEM Bayern\",\"url\":\"\\\/\",\"logo\":{\"@type\":\"ImageObject\",\"inLanguage\":\"en-US\",\"@id\":\"\\\/#\\\/schema\\\/logo\\\/image\\\/\",\"url\":\"https:\\\/\\\/digidem-bayern.de\\\/wp-content\\\/uploads\\\/2022\\\/03\\\/cropped-Allgemeines_digiDEMLOGO-removebg-preview.png\",\"contentUrl\":\"https:\\\/\\\/digidem-bayern.de\\\/wp-content\\\/uploads\\\/2022\\\/03\\\/cropped-Allgemeines_digiDEMLOGO-removebg-preview.png\",\"width\":612,\"height\":357,\"caption\":\"digiDEM Bayern\"},\"image\":{\"@id\":\"\\\/#\\\/schema\\\/logo\\\/image\\\/\"},\"sameAs\":[\"https:\\\/\\\/www.facebook.com\\\/digiDEMBayern\\\/\",\"https:\\\/\\\/x.com\\\/digidem_bayern\",\"https:\\\/\\\/www.instagram.com\\\/digidem.bayern\",\"https:\\\/\\\/www.linkedin.com\\\/company\\\/digidem-bayern\\\/\"]},{\"@type\":\"Person\",\"@id\":\"\\\/#\\\/schema\\\/person\\\/92754ad381f49b3c358d1d8d2c4f90b8\",\"name\":\"Michael Zeiler\",\"url\":\"https:\\\/\\\/digidem-bayern.de\\\/en\\\/author\\\/michael-zeiler\\\/\"}]}<\/script>\n<!-- \/ Yoast SEO plugin. -->","yoast_head_json":{"title":"Technik-Fan oder Skeptiker: Wie stehen Menschen mit Demenz und Angeh\u00f6rige zu Smartphones und Co.? - digiDEM Bayern","description":"Wie stehen Menschen mit Demenz und Angeh\u00f6rige zu digitalen Technologien? Das haben Forscher aus Spanien und Schweden untersucht.","robots":{"index":"index","follow":"follow","max-snippet":"max-snippet:-1","max-image-preview":"max-image-preview:large","max-video-preview":"max-video-preview:-1"},"canonical":"https:\/\/digidem-bayern.de\/en\/einstellung-zu-smartphones-und-tablets\/","og_locale":"en_US","og_type":"article","og_title":"Technik-Fan oder Skeptiker: Wie stehen Menschen mit Demenz und Angeh\u00f6rige zu Smartphones und Co.? - digiDEM Bayern","og_description":"Wie stehen Menschen mit Demenz und Angeh\u00f6rige zu digitalen Technologien? Das haben Forscher aus Spanien und Schweden untersucht.","og_url":"https:\/\/digidem-bayern.de\/en\/einstellung-zu-smartphones-und-tablets\/","og_site_name":"digiDEM Bayern","article_publisher":"https:\/\/www.facebook.com\/digiDEMBayern\/","article_published_time":"2020-10-13T10:40:58+00:00","article_modified_time":"2020-10-13T11:35:52+00:00","og_image":[{"width":1600,"height":1067,"url":"https:\/\/digidem-bayern.de\/wp-content\/uploads\/2020\/10\/senioren1.jpg","type":"image\/jpeg"}],"author":"Michael Zeiler","twitter_misc":{"Written by":"Michael Zeiler","Est. reading time":"3 minutes"},"schema":{"@context":"https:\/\/schema.org","@graph":[{"@type":"Article","@id":"https:\/\/digidem-bayern.de\/einstellung-zu-smartphones-und-tablets\/#article","isPartOf":{"@id":"https:\/\/digidem-bayern.de\/einstellung-zu-smartphones-und-tablets\/"},"author":{"name":"Michael Zeiler","@id":"\/#\/schema\/person\/92754ad381f49b3c358d1d8d2c4f90b8"},"headline":"Technik-Fan oder Skeptiker: Wie stehen Menschen mit Demenz und Angeh\u00f6rige zu Smartphones und Co.?","datePublished":"2020-10-13T10:40:58+00:00","dateModified":"2020-10-13T11:35:52+00:00","mainEntityOfPage":{"@id":"https:\/\/digidem-bayern.de\/einstellung-zu-smartphones-und-tablets\/"},"wordCount":619,"publisher":{"@id":"\/#organization"},"image":{"@id":"https:\/\/digidem-bayern.de\/einstellung-zu-smartphones-und-tablets\/#primaryimage"},"thumbnailUrl":"https:\/\/digidem-bayern.de\/wp-content\/uploads\/2020\/10\/senioren1.jpg","keywords":["digidem","digidem Bayern","Digitales Demenzregister Bayern","Digitalisierung","Senioren","Smartphine","Tablet"],"articleSection":["Wissenschaft &amp; Forschung"],"inLanguage":"en-US"},{"@type":"WebPage","@id":"https:\/\/digidem-bayern.de\/einstellung-zu-smartphones-und-tablets\/","url":"https:\/\/digidem-bayern.de\/einstellung-zu-smartphones-und-tablets\/","name":"Technik-Fan oder Skeptiker: Wie stehen Menschen mit Demenz und Angeh\u00f6rige zu Smartphones und Co.? - digiDEM Bayern","isPartOf":{"@id":"\/#website"},"primaryImageOfPage":{"@id":"https:\/\/digidem-bayern.de\/einstellung-zu-smartphones-und-tablets\/#primaryimage"},"image":{"@id":"https:\/\/digidem-bayern.de\/einstellung-zu-smartphones-und-tablets\/#primaryimage"},"thumbnailUrl":"https:\/\/digidem-bayern.de\/wp-content\/uploads\/2020\/10\/senioren1.jpg","datePublished":"2020-10-13T10:40:58+00:00","dateModified":"2020-10-13T11:35:52+00:00","description":"Wie stehen Menschen mit Demenz und Angeh\u00f6rige zu digitalen Technologien? Das haben Forscher aus Spanien und Schweden untersucht.","breadcrumb":{"@id":"https:\/\/digidem-bayern.de\/einstellung-zu-smartphones-und-tablets\/#breadcrumb"},"inLanguage":"en-US","potentialAction":[{"@type":"ReadAction","target":["https:\/\/digidem-bayern.de\/einstellung-zu-smartphones-und-tablets\/"]}]},{"@type":"ImageObject","inLanguage":"en-US","@id":"https:\/\/digidem-bayern.de\/einstellung-zu-smartphones-und-tablets\/#primaryimage","url":"https:\/\/digidem-bayern.de\/wp-content\/uploads\/2020\/10\/senioren1.jpg","contentUrl":"https:\/\/digidem-bayern.de\/wp-content\/uploads\/2020\/10\/senioren1.jpg","width":1600,"height":1067,"caption":"Nui"},{"@type":"BreadcrumbList","@id":"https:\/\/digidem-bayern.de\/einstellung-zu-smartphones-und-tablets\/#breadcrumb","itemListElement":[{"@type":"ListItem","position":1,"name":"Startseite","item":"https:\/\/digidem-bayern.de\/"},{"@type":"ListItem","position":2,"name":"Technik-Fan oder Skeptiker: Wie stehen Menschen mit Demenz und Angeh\u00f6rige zu Smartphones und Co.?"}]},{"@type":"WebSite","@id":"\/#website","url":"\/","name":"digiDEM Bavaria","description":"The digital dementia register in Bavaria researches and improves the structure of services for people with dementia and their relatives","publisher":{"@id":"\/#organization"},"potentialAction":[{"@type":"SearchAction","target":{"@type":"EntryPoint","urlTemplate":"\/?s={search_term_string}"},"query-input":{"@type":"PropertyValueSpecification","valueRequired":true,"valueName":"search_term_string"}}],"inLanguage":"en-US"},{"@type":"Organization","@id":"\/#organization","name":"digiDEM Bavaria","url":"\/","logo":{"@type":"ImageObject","inLanguage":"en-US","@id":"\/#\/schema\/logo\/image\/","url":"https:\/\/digidem-bayern.de\/wp-content\/uploads\/2022\/03\/cropped-Allgemeines_digiDEMLOGO-removebg-preview.png","contentUrl":"https:\/\/digidem-bayern.de\/wp-content\/uploads\/2022\/03\/cropped-Allgemeines_digiDEMLOGO-removebg-preview.png","width":612,"height":357,"caption":"digiDEM Bayern"},"image":{"@id":"\/#\/schema\/logo\/image\/"},"sameAs":["https:\/\/www.facebook.com\/digiDEMBayern\/","https:\/\/x.com\/digidem_bayern","https:\/\/www.instagram.com\/digidem.bayern","https:\/\/www.linkedin.com\/company\/digidem-bayern\/"]},{"@type":"Person","@id":"\/#\/schema\/person\/92754ad381f49b3c358d1d8d2c4f90b8","name":"Michael Zeiler","url":"https:\/\/digidem-bayern.de\/en\/author\/michael-zeiler\/"}]}},"uagb_featured_image_src":{"full":["https:\/\/digidem-bayern.de\/wp-content\/uploads\/2020\/10\/senioren1.jpg",1600,1067,false],"thumbnail":["https:\/\/digidem-bayern.de\/wp-content\/uploads\/2020\/10\/senioren1-80x80.jpg",80,80,true],"medium":["https:\/\/digidem-bayern.de\/wp-content\/uploads\/2020\/10\/senioren1-300x200.jpg",300,200,true],"medium_large":["https:\/\/digidem-bayern.de\/wp-content\/uploads\/2020\/10\/senioren1-768x512.jpg",768,512,true],"large":["https:\/\/digidem-bayern.de\/wp-content\/uploads\/2020\/10\/senioren1-1030x687.jpg",1030,687,true],"1536x1536":["https:\/\/digidem-bayern.de\/wp-content\/uploads\/2020\/10\/senioren1-1536x1024.jpg",1536,1024,true],"2048x2048":["https:\/\/digidem-bayern.de\/wp-content\/uploads\/2020\/10\/senioren1.jpg",1600,1067,false],"trp-custom-language-flag":["https:\/\/digidem-bayern.de\/wp-content\/uploads\/2020\/10\/senioren1.jpg",18,12,false],"qubely_landscape":["https:\/\/digidem-bayern.de\/wp-content\/uploads\/2020\/10\/senioren1-1200x750.jpg",1200,750,true],"qubely_portrait":["https:\/\/digidem-bayern.de\/wp-content\/uploads\/2020\/10\/senioren1-540x320.jpg",540,320,true],"qubely_thumbnail":["https:\/\/digidem-bayern.de\/wp-content\/uploads\/2020\/10\/senioren1-140x100.jpg",140,100,true],"post-thumbnail":["https:\/\/digidem-bayern.de\/wp-content\/uploads\/2020\/10\/senioren1-525x350.jpg",525,350,true],"kahuna-featured":["https:\/\/digidem-bayern.de\/wp-content\/uploads\/2020\/10\/senioren1-649x350.jpg",649,350,true],"kahuna-featured-lp":["https:\/\/digidem-bayern.de\/wp-content\/uploads\/2020\/10\/senioren1-460x350.jpg",460,350,true],"kahuna-featured-half":["https:\/\/digidem-bayern.de\/wp-content\/uploads\/2020\/10\/senioren1-800x350.jpg",800,350,true],"kahuna-featured-third":["https:\/\/digidem-bayern.de\/wp-content\/uploads\/2020\/10\/senioren1-512x350.jpg",512,350,true],"kahuna-lpbox-1":["https:\/\/digidem-bayern.de\/wp-content\/uploads\/2020\/10\/senioren1-460x350.jpg",394,300,true],"kahuna-lpbox-2":["https:\/\/digidem-bayern.de\/wp-content\/uploads\/2020\/10\/senioren1-460x350.jpg",460,350,true],"demand-language-flag":["https:\/\/digidem-bayern.de\/wp-content\/uploads\/2020\/10\/senioren1.jpg",36,24,false],"dddkt-language-flag":["https:\/\/digidem-bayern.de\/wp-content\/uploads\/2020\/10\/senioren1.jpg",36,24,false],"ddiqc-language-flag":["https:\/\/digidem-bayern.de\/wp-content\/uploads\/2020\/10\/senioren1.jpg",36,24,false],"ddtl-language-flag":["https:\/\/digidem-bayern.de\/wp-content\/uploads\/2020\/10\/senioren1.jpg",36,24,false],"mailpoet_newsletter_max":["https:\/\/digidem-bayern.de\/wp-content\/uploads\/2020\/10\/senioren1-1320x880.jpg",1320,880,true],"kahuna-lpbox-3":["https:\/\/digidem-bayern.de\/wp-content\/uploads\/2020\/10\/senioren1-460x350.jpg",460,350,true],"kahuna-featured-square":["https:\/\/digidem-bayern.de\/wp-content\/uploads\/2020\/10\/senioren1-512x512.jpg",512,512,true],"kahuna-featured-square-large":["https:\/\/digidem-bayern.de\/wp-content\/uploads\/2020\/10\/senioren1-1024x1024.jpg",1024,1024,true]},"uagb_author_info":{"display_name":"Michael Zeiler","author_link":"https:\/\/digidem-bayern.de\/en\/author\/michael-zeiler\/"},"uagb_comment_info":0,"uagb_excerpt":"Digitale Angebote k\u00f6nnen das Leben erleichtern &#8211; und werden dennoch von \u00e4lteren Menschen deutlich weniger genutzt als von j\u00fcngeren. Dies hat vor kurzem auch der aktuelle Altersbericht der Bundesregierung erneut gezeigt. Wie stehen Menschen mit Demenz und pflegende Angeh\u00f6rige zu digitalen Technologien? Wer nutzt Smartphones, Tablets und Co, wer nicht &hellip;","_links":{"self":[{"href":"https:\/\/digidem-bayern.de\/en\/wp-json\/wp\/v2\/posts\/7549","targetHints":{"allow":["GET"]}}],"collection":[{"href":"https:\/\/digidem-bayern.de\/en\/wp-json\/wp\/v2\/posts"}],"about":[{"href":"https:\/\/digidem-bayern.de\/en\/wp-json\/wp\/v2\/types\/post"}],"author":[{"embeddable":true,"href":"https:\/\/digidem-bayern.de\/en\/wp-json\/wp\/v2\/users\/11"}],"replies":[{"embeddable":true,"href":"https:\/\/digidem-bayern.de\/en\/wp-json\/wp\/v2\/comments?post=7549"}],"version-history":[{"count":0,"href":"https:\/\/digidem-bayern.de\/en\/wp-json\/wp\/v2\/posts\/7549\/revisions"}],"wp:featuredmedia":[{"embeddable":true,"href":"https:\/\/digidem-bayern.de\/en\/wp-json\/wp\/v2\/media\/7553"}],"wp:attachment":[{"href":"https:\/\/digidem-bayern.de\/en\/wp-json\/wp\/v2\/media?parent=7549"}],"wp:term":[{"taxonomy":"category","embeddable":true,"href":"https:\/\/digidem-bayern.de\/en\/wp-json\/wp\/v2\/categories?post=7549"},{"taxonomy":"post_tag","embeddable":true,"href":"https:\/\/digidem-bayern.de\/en\/wp-json\/wp\/v2\/tags?post=7549"}],"curies":[{"name":"wp","href":"https:\/\/api.w.org\/{rel}","templated":true}]}}