{"id":7084,"date":"2020-09-25T08:53:49","date_gmt":"2020-09-25T06:53:49","guid":{"rendered":"https:\/\/digidem-bayern.de\/?p=7084"},"modified":"2022-11-09T15:02:14","modified_gmt":"2022-11-09T14:02:14","slug":"staatsministerin-huml-treibt-digidem-bayern-weiter-voran","status":"publish","type":"post","link":"https:\/\/digidem-bayern.de\/en\/staatsministerin-huml-treibt-digidem-bayern-weiter-voran\/","title":{"rendered":"Staatsministerin Huml treibt digiDEM Bayern weiter voran"},"content":{"rendered":"<h4 class=\"wp-block-heading\">Bayerns Gesundheits- und Pflegeministerin Melanie Huml betonte anl\u00e4sslich der Veranstaltung &#8222;Demenz und Digitalisierung &#8211; Neue Wege in Bayern&#8220; am 24.09.2020 in N\u00fcrnberg, wie wichtig es sei, Forschungsprojekte wie digiDEM Bayern nicht von Corona ausbremsen zu lassen: &#8222;Das Projekt digiDEM Bayern stand vor der Herausforderung, w\u00e4hrend des Lockdowns mit 350 Forschungspartnern die Arbeit fortzusetzen.&#8220; Gerade w\u00e4hrend der Corona-Pandemie zeige sich, wie wichtig es sei, digitale Ans\u00e4tze im Demenz-Bereich zu finden. &#8222;F\u00fcr digiDEM wurden wegen Corona zus\u00e4tzlich zu der urspr\u00fcnglichen Planung Webinare entwickelt sowie digitale Schulungen abgehalten und ein Konzept ausgearbeitet f\u00fcr ein virtuelles Screening von Menschen mit Verdacht auf eine Demenzerkrankung&#8220;, so die Ministerin.  <\/h4>\n\n\n<div class=\"wp-block-image\">\n<figure class=\"alignright size-medium\"><img loading=\"lazy\" decoding=\"async\" width=\"300\" height=\"189\" src=\"https:\/\/test.digidem-bayern.de\/wp-content\/uploads\/2020\/09\/2020-09-24_graessel_2-1-300x189.jpg\" alt=\"\" class=\"wp-image-7111\" srcset=\"https:\/\/digidem-bayern.de\/wp-content\/uploads\/2020\/09\/2020-09-24_graessel_2-1-300x189.jpg 300w, https:\/\/digidem-bayern.de\/wp-content\/uploads\/2020\/09\/2020-09-24_graessel_2-1-1030x648.jpg 1030w, https:\/\/digidem-bayern.de\/wp-content\/uploads\/2020\/09\/2020-09-24_graessel_2-1-768x483.jpg 768w, https:\/\/digidem-bayern.de\/wp-content\/uploads\/2020\/09\/2020-09-24_graessel_2-1-1536x966.jpg 1536w, https:\/\/digidem-bayern.de\/wp-content\/uploads\/2020\/09\/2020-09-24_graessel_2-1-1200x750.jpg 1200w, https:\/\/digidem-bayern.de\/wp-content\/uploads\/2020\/09\/2020-09-24_graessel_2-1-557x350.jpg 557w, https:\/\/digidem-bayern.de\/wp-content\/uploads\/2020\/09\/2020-09-24_graessel_2-1-1320x830.jpg 1320w, https:\/\/digidem-bayern.de\/wp-content\/uploads\/2020\/09\/2020-09-24_graessel_2-1.jpg 1600w\" sizes=\"auto, (max-width: 300px) 100vw, 300px\" \/><figcaption class=\"wp-element-caption\">Prof. Elmar Gr\u00e4\u00dfel<\/figcaption><\/figure>\n<\/div>\n\n\n<p>Der sogenannte Mini-Mental-Status-Test (MMST) ist eines der bekanntesten Demenz-Testverfahren. Prof. Dr. med. Elmar Gr\u00e4\u00dfel vom Universit\u00e4tsklinikum Erlangen erl\u00e4uterte, warum das digiDEM Bayern-Team den Test als Online-Variante angepasst hat. \u201eDurch dieses virtuelle Demenz-Screening bieten wir Menschen, die den Gang zum Arzt vielleicht zun\u00e4chst scheuen, einen niedrigschwelligen Zugang und sch\u00fctzen sie zudem vor einer m\u00f6glichen Corona-Infektion\u201c, so Gr\u00e4\u00dfel. \u201eDer Test kann eine medizinische Diagnose nicht ersetzen, aber erste fundierte Hinweise liefern.\u201c<\/p>\n\n\n\n<p><strong>Studie: zu wenig digitale Angebote f\u00fcr Betroffene<\/strong><\/p>\n\n\n\n<p class=\"has-text-align-left\">Das Testverfahren ist Teil des Projekts digiDEM Bayern: Um die Versorgungssituation von Menschen mit Demenz und pflegenden Angeh\u00f6rigen zu erforschen, werden seit Anfang Juli Betroffene in ganz Bayern befragt. Zudem wird digiDEM Bayern digitale L\u00f6sungen bereitstellen, darunter Online-Angebote f\u00fcr Menschen mit Demenz und eine sogenannte Risikoampel f\u00fcr pflegende Angeh\u00f6rige. Wie dringend solche Angebote ben\u00f6tigt werden, zeigt eine Studie, die Michael Reichold M. Sc. von der Friedrich-Alexander-Universit\u00e4t Erlangen-N\u00fcrnberg im Rahmen der Veranstaltung vorstellte. Seine Online-Umfrage unter Dienstleistern f\u00fcr Menschen mit Demenz und pflegenden Angeh\u00f6rigen in Bayern ergab, dass derzeit eine gro\u00dfe L\u00fccke in der Versorgung mit digitalen Dienstleistungen besteht. Ziel von digiDEM Bayern sei es, dazu beizutragen diese L\u00fccke zu schlie\u00dfen. <em>&nbsp;<\/em><\/p>\n\n\n<div class=\"wp-block-image\">\n<figure class=\"aligncenter size-large\"><img loading=\"lazy\" decoding=\"async\" width=\"1030\" height=\"793\" src=\"https:\/\/test.digidem-bayern.de\/wp-content\/uploads\/2020\/09\/2020-09-24_huml_graessel_kolominsky-rabas-mhl-1030x793.jpg\" alt=\"\" class=\"wp-image-7118\" srcset=\"https:\/\/digidem-bayern.de\/wp-content\/uploads\/2020\/09\/2020-09-24_huml_graessel_kolominsky-rabas-mhl-1030x793.jpg 1030w, https:\/\/digidem-bayern.de\/wp-content\/uploads\/2020\/09\/2020-09-24_huml_graessel_kolominsky-rabas-mhl-300x231.jpg 300w, https:\/\/digidem-bayern.de\/wp-content\/uploads\/2020\/09\/2020-09-24_huml_graessel_kolominsky-rabas-mhl-768x591.jpg 768w, https:\/\/digidem-bayern.de\/wp-content\/uploads\/2020\/09\/2020-09-24_huml_graessel_kolominsky-rabas-mhl-1536x1182.jpg 1536w, https:\/\/digidem-bayern.de\/wp-content\/uploads\/2020\/09\/2020-09-24_huml_graessel_kolominsky-rabas-mhl-2048x1577.jpg 2048w, https:\/\/digidem-bayern.de\/wp-content\/uploads\/2020\/09\/2020-09-24_huml_graessel_kolominsky-rabas-mhl-455x350.jpg 455w, https:\/\/digidem-bayern.de\/wp-content\/uploads\/2020\/09\/2020-09-24_huml_graessel_kolominsky-rabas-mhl-1320x1016.jpg 1320w, https:\/\/digidem-bayern.de\/wp-content\/uploads\/2020\/09\/2020-09-24_huml_graessel_kolominsky-rabas-mhl-scaled.jpg 1600w\" sizes=\"auto, (max-width: 1030px) 100vw, 1030px\" \/><figcaption class=\"wp-element-caption\">v.l.: Prof. Elmar Gr\u00e4\u00dfel, Staatsministerin Melanie Huml, Prof. Peter Kolominsky-Rabas<\/figcaption><\/figure>\n<\/div>\n\n\n<p><strong>digiDEM Bayern: virtuelle Schulungen, Befragungen und Webinare<\/strong><\/p>\n\n\n<div class=\"wp-block-image\">\n<figure class=\"alignright size-medium\"><img loading=\"lazy\" decoding=\"async\" width=\"300\" height=\"157\" src=\"https:\/\/test.digidem-bayern.de\/wp-content\/uploads\/2020\/09\/2020-09-24_kolominsky-rabas-300x157.jpg\" alt=\"\" class=\"wp-image-7130\" srcset=\"https:\/\/digidem-bayern.de\/wp-content\/uploads\/2020\/09\/2020-09-24_kolominsky-rabas-300x157.jpg 300w, https:\/\/digidem-bayern.de\/wp-content\/uploads\/2020\/09\/2020-09-24_kolominsky-rabas-1030x538.jpg 1030w, https:\/\/digidem-bayern.de\/wp-content\/uploads\/2020\/09\/2020-09-24_kolominsky-rabas-768x401.jpg 768w, https:\/\/digidem-bayern.de\/wp-content\/uploads\/2020\/09\/2020-09-24_kolominsky-rabas-1536x802.jpg 1536w, https:\/\/digidem-bayern.de\/wp-content\/uploads\/2020\/09\/2020-09-24_kolominsky-rabas-649x339.jpg 649w, https:\/\/digidem-bayern.de\/wp-content\/uploads\/2020\/09\/2020-09-24_kolominsky-rabas-1320x689.jpg 1320w, https:\/\/digidem-bayern.de\/wp-content\/uploads\/2020\/09\/2020-09-24_kolominsky-rabas.jpg 1600w\" sizes=\"auto, (max-width: 300px) 100vw, 300px\" \/><figcaption class=\"wp-element-caption\">Prof. Peter Kolominsky-Rabas<\/figcaption><\/figure>\n<\/div>\n\n\n<p>Prof. Dr. med. Peter Kolominsky-Rabas von der Friedrich-Alexander-Universit\u00e4t Erlangen N\u00fcrnberg erkl\u00e4rte, dass der digitale Ansatz des Projekts infolge der Corona-Pandemie noch weiter gesch\u00e4rft worden sei: \u201eWie gro\u00df der Bedarf an digitalen L\u00f6sungen auch im Demenz-Bereich ist, hat sich w\u00e4hrend der Corona-Kontaktbeschr\u00e4nkungen wie unter einem Brennglas gezeigt. Es war uns daher sehr wichtig, das Projekt weiter voranzutreiben und gleichzeitig unsere Forschungspartner und Studienteilnehmer bestm\u00f6glich zu sch\u00fctzen.\u201c Das Team habe daf\u00fcr die Arbeitsabl\u00e4ufe komplett umgestellt.<\/p>\n\n\n\n<p>\u201eF\u00fcr unsere Forschungspartner haben wir Live-Online-Schulungen angeboten. Zudem haben wir die Webinar-Reihe \u201aScience Watch LIVE\u2018 gestartet. Mit den Webinaren sowie mit unserem monatlichen Newsletter liefern wir nicht nur aktuelle, sondern auch wissenschaftlich gesicherte und qualit\u00e4tsgepr\u00fcfte Informationen aus der Demenz-Forschung.\u201c Denn auch die Wissensvermittlung und der Austausch mit interessierten B\u00fcrgerinnen und B\u00fcrgern sei zentraler Bestandteil des Projekts digiDEM Bayern.<\/p>\n\n\n\n<div style=\"height:20px\" aria-hidden=\"true\" class=\"wp-block-spacer\"><\/div>\n\n\n\n<figure class=\"wp-block-embed is-type-video is-provider-youtube wp-block-embed-youtube wp-embed-aspect-16-9 wp-has-aspect-ratio\"><div class=\"wp-block-embed__wrapper\">\n<iframe loading=\"lazy\" title=\"&quot;Demenz und Digitalisierung - Neue Wege in Bayern&quot; - Veranstaltung am 24.09.2020\" width=\"1223\" height=\"688\" src=\"https:\/\/www.youtube.com\/embed\/EvxPVu09_8g?start=206&#038;feature=oembed\" frameborder=\"0\" allow=\"accelerometer; autoplay; clipboard-write; encrypted-media; gyroscope; picture-in-picture\" allowfullscreen><\/iframe>\n<\/div><\/figure>\n\n\n\n<div style=\"height:50px\" aria-hidden=\"true\" class=\"wp-block-spacer\"><\/div>\n\n\n\n<p><strong>Alle Vortr\u00e4ge der Veranstaltung: <\/strong><br><\/p>\n\n\n\n<ul class=\"wp-block-list\">\n<li>Prof. Dr. med. Peter Kolominsky-Rabas: <a href=\"https:\/\/digidem-bayern.de\/wp-content\/uploads\/2020\/09\/2020-09-24_PKO_digiDEM_Bayern_Einfuehrung.pdf\">Einf\u00fchrung: Demenz und Digitalisierung<\/a><\/li>\n\n\n\n<li>Michael Reichold M. Sc.: <a href=\"https:\/\/digidem-bayern.de\/wp-content\/uploads\/2020\/09\/2020-09-24_MRE_Digitale-Angebotslandschaft-fuer-Demenz-in-Bayern.pdf\">Digitale Angebotslandschaft f\u00fcr Demenz in Bayern<\/a><\/li>\n\n\n\n<li>Sebastian Meuer M. Sc.: <a href=\"https:\/\/digidem-bayern.de\/wp-content\/uploads\/2020\/09\/2020-09-24_SME_digiDEM-Schulungen_2.pdf\">Virtuell, live, dialogbasiert: digiDEM Bayern Schulungen<\/a><\/li>\n\n\n\n<li>Kristina Holm M. Sc.: <a href=\"https:\/\/digidem-bayern.de\/wp-content\/uploads\/2020\/09\/2020-09-24_KHO_Wissenstransfer_und_Austausch_1.pdf\">Wissenstransfer und Austausch &#8211; Teil 1<\/a><\/li>\n\n\n\n<li>Kathrin Seebahn M. A.: <a href=\"https:\/\/digidem-bayern.de\/wp-content\/uploads\/2020\/09\/2020-09-24_KSE_Wissenstransfer_und_Austausch_2.pdf\">Wissenstransfer und Austausch &#8211; Teil 2<\/a><\/li>\n\n\n\n<li>Prof. Dr. med. Elmar Gr\u00e4\u00dfel: <a href=\"https:\/\/digidem-bayern.de\/wp-content\/uploads\/2020\/09\/2020-09-24_EG_digiDEM_Screening.pdf\">Neu, digital, flexibel: digiDEM Bayern Screening<\/a><\/li>\n<\/ul>\n\n\n\n<div style=\"height:50px\" aria-hidden=\"true\" class=\"wp-block-spacer\"><\/div>\n\n\n\n<p>Pressemitteilung des Bayerischen Staatsministeriums f\u00fcr Gesundheit und Pflege:<br><a href=\"https:\/\/www.stmgp.bayern.de\/presse\/huml-treibt-digitales-demenzregister-voran-bayerns-gesundheits-und-pflegeministerin\/\" target=\"_blank\" rel=\"noreferrer noopener\">Bayerns Gesundheits- und Pflegeministerin Huml treibt Digitales Demenzregister voran<\/a><\/p>","protected":false},"excerpt":{"rendered":"<p>Bayerns Gesundheits- und Pflegeministerin Melanie Huml betonte anl\u00e4sslich der Veranstaltung &#8222;Demenz und Digitalisierung &#8211; Neue Wege in Bayern&#8220; am 24.09.2020 in N\u00fcrnberg, wie wichtig es sei, Forschungsprojekte wie digiDEM Bayern nicht von Corona ausbremsen zu lassen: &#8222;Das Projekt digiDEM Bayern stand vor der Herausforderung, w\u00e4hrend des Lockdowns mit 350 Forschungspartnern &hellip;<\/p>","protected":false},"author":11,"featured_media":7104,"comment_status":"closed","ping_status":"closed","sticky":false,"template":"","format":"standard","meta":{"qubely_global_settings":"","qubely_interactions":"","_uag_custom_page_level_css":"","footnotes":""},"categories":[8],"tags":[13,211,11,14,17,55,209,210],"class_list":["post-7084","post","type-post","status-publish","format-standard","has-post-thumbnail","hentry","category-aktuelles-zu-digidem","tag-alzheimer","tag-bayerische-gesundheitsministerin","tag-demenz","tag-digidem","tag-digidem-bayern","tag-digitales-demenzregister-bayern","tag-melanie-huml","tag-virtuelles-screening"],"qubely_featured_image_url":{"full":["https:\/\/digidem-bayern.de\/wp-content\/uploads\/2020\/09\/huml_3-scaled.jpg",1600,1288,false],"landscape":["https:\/\/digidem-bayern.de\/wp-content\/uploads\/2020\/09\/huml_3-1200x750.jpg",1200,750,true],"portraits":["https:\/\/digidem-bayern.de\/wp-content\/uploads\/2020\/09\/huml_3-540x320.jpg",540,320,true],"thumbnail":["https:\/\/digidem-bayern.de\/wp-content\/uploads\/2020\/09\/huml_3-80x80.jpg",80,80,true],"medium":["https:\/\/digidem-bayern.de\/wp-content\/uploads\/2020\/09\/huml_3-300x241.jpg",300,241,true],"medium_large":["https:\/\/digidem-bayern.de\/wp-content\/uploads\/2020\/09\/huml_3-768x618.jpg",768,618,true],"large":["https:\/\/digidem-bayern.de\/wp-content\/uploads\/2020\/09\/huml_3-1030x829.jpg",1030,829,true],"1536x1536":["https:\/\/digidem-bayern.de\/wp-content\/uploads\/2020\/09\/huml_3-1536x1236.jpg",1536,1236,true],"2048x2048":["https:\/\/digidem-bayern.de\/wp-content\/uploads\/2020\/09\/huml_3-2048x1648.jpg",2048,1648,true],"trp-custom-language-flag":["https:\/\/digidem-bayern.de\/wp-content\/uploads\/2020\/09\/huml_3-scaled.jpg",15,12,false],"qubely_landscape":["https:\/\/digidem-bayern.de\/wp-content\/uploads\/2020\/09\/huml_3-1200x750.jpg",1200,750,true],"qubely_portrait":["https:\/\/digidem-bayern.de\/wp-content\/uploads\/2020\/09\/huml_3-540x320.jpg",540,320,true],"qubely_thumbnail":["https:\/\/digidem-bayern.de\/wp-content\/uploads\/2020\/09\/huml_3-140x100.jpg",140,100,true],"post-thumbnail":["https:\/\/digidem-bayern.de\/wp-content\/uploads\/2020\/09\/huml_3-435x350.jpg",435,350,true],"kahuna-featured":["https:\/\/digidem-bayern.de\/wp-content\/uploads\/2020\/09\/huml_3-649x350.jpg",649,350,true],"kahuna-featured-lp":["https:\/\/digidem-bayern.de\/wp-content\/uploads\/2020\/09\/huml_3-460x350.jpg",460,350,true],"kahuna-featured-half":["https:\/\/digidem-bayern.de\/wp-content\/uploads\/2020\/09\/huml_3-800x350.jpg",800,350,true],"kahuna-featured-third":["https:\/\/digidem-bayern.de\/wp-content\/uploads\/2020\/09\/huml_3-512x350.jpg",512,350,true],"kahuna-lpbox-1":["https:\/\/digidem-bayern.de\/wp-content\/uploads\/2020\/09\/huml_3-460x350.jpg",394,300,true],"kahuna-lpbox-2":["https:\/\/digidem-bayern.de\/wp-content\/uploads\/2020\/09\/huml_3-460x350.jpg",460,350,true],"demand-language-flag":["https:\/\/digidem-bayern.de\/wp-content\/uploads\/2020\/09\/huml_3-scaled.jpg",36,29,false],"dddkt-language-flag":["https:\/\/digidem-bayern.de\/wp-content\/uploads\/2020\/09\/huml_3-scaled.jpg",36,29,false],"ddiqc-language-flag":["https:\/\/digidem-bayern.de\/wp-content\/uploads\/2020\/09\/huml_3-scaled.jpg",36,29,false],"ddtl-language-flag":["https:\/\/digidem-bayern.de\/wp-content\/uploads\/2020\/09\/huml_3-scaled.jpg",36,29,false],"mailpoet_newsletter_max":["https:\/\/digidem-bayern.de\/wp-content\/uploads\/2020\/09\/huml_3-1320x1062.jpg",1320,1062,true],"kahuna-lpbox-3":["https:\/\/digidem-bayern.de\/wp-content\/uploads\/2020\/09\/huml_3-460x350.jpg",460,350,true],"kahuna-featured-square":["https:\/\/digidem-bayern.de\/wp-content\/uploads\/2020\/09\/huml_3-512x512.jpg",512,512,true],"kahuna-featured-square-large":["https:\/\/digidem-bayern.de\/wp-content\/uploads\/2020\/09\/huml_3-1024x1024.jpg",1024,1024,true]},"qubely_author":{"display_name":"Michael Zeiler","author_link":"https:\/\/digidem-bayern.de\/en\/author\/michael-zeiler\/"},"qubely_comment":0,"qubely_category":"<a href=\"https:\/\/digidem-bayern.de\/en\/category\/aktuelles-zu-digidem\/\" rel=\"category tag\">Aktuelles zu digiDEM<\/a>","qubely_excerpt":"Bayerns Gesundheits- und Pflegeministerin Melanie Huml betonte anl\u00e4sslich der Veranstaltung &#8222;Demenz und Digitalisierung &#8211; Neue Wege in Bayern&#8220; am 24.09.2020 in N\u00fcrnberg, wie wichtig es sei, Forschungsprojekte wie digiDEM Bayern nicht von Corona ausbremsen zu lassen: &#8222;Das Projekt digiDEM Bayern stand vor der Herausforderung, w\u00e4hrend des Lockdowns mit 350 Forschungspartnern &hellip;","featured_image_urls_v2":{"full":["https:\/\/digidem-bayern.de\/wp-content\/uploads\/2020\/09\/huml_3-scaled.jpg",1600,1288,false],"thumbnail":["https:\/\/digidem-bayern.de\/wp-content\/uploads\/2020\/09\/huml_3-80x80.jpg",80,80,true],"medium":["https:\/\/digidem-bayern.de\/wp-content\/uploads\/2020\/09\/huml_3-300x241.jpg",300,241,true],"medium_large":["https:\/\/digidem-bayern.de\/wp-content\/uploads\/2020\/09\/huml_3-768x618.jpg",768,618,true],"large":["https:\/\/digidem-bayern.de\/wp-content\/uploads\/2020\/09\/huml_3-1030x829.jpg",1030,829,true],"1536x1536":["https:\/\/digidem-bayern.de\/wp-content\/uploads\/2020\/09\/huml_3-1536x1236.jpg",1536,1236,true],"2048x2048":["https:\/\/digidem-bayern.de\/wp-content\/uploads\/2020\/09\/huml_3-2048x1648.jpg",2048,1648,true],"trp-custom-language-flag":["https:\/\/digidem-bayern.de\/wp-content\/uploads\/2020\/09\/huml_3-scaled.jpg",15,12,false],"qubely_landscape":["https:\/\/digidem-bayern.de\/wp-content\/uploads\/2020\/09\/huml_3-1200x750.jpg",1200,750,true],"qubely_portrait":["https:\/\/digidem-bayern.de\/wp-content\/uploads\/2020\/09\/huml_3-540x320.jpg",540,320,true],"qubely_thumbnail":["https:\/\/digidem-bayern.de\/wp-content\/uploads\/2020\/09\/huml_3-140x100.jpg",140,100,true],"post-thumbnail":["https:\/\/digidem-bayern.de\/wp-content\/uploads\/2020\/09\/huml_3-435x350.jpg",435,350,true],"kahuna-featured":["https:\/\/digidem-bayern.de\/wp-content\/uploads\/2020\/09\/huml_3-649x350.jpg",649,350,true],"kahuna-featured-lp":["https:\/\/digidem-bayern.de\/wp-content\/uploads\/2020\/09\/huml_3-460x350.jpg",460,350,true],"kahuna-featured-half":["https:\/\/digidem-bayern.de\/wp-content\/uploads\/2020\/09\/huml_3-800x350.jpg",800,350,true],"kahuna-featured-third":["https:\/\/digidem-bayern.de\/wp-content\/uploads\/2020\/09\/huml_3-512x350.jpg",512,350,true],"kahuna-lpbox-1":["https:\/\/digidem-bayern.de\/wp-content\/uploads\/2020\/09\/huml_3-460x350.jpg",394,300,true],"kahuna-lpbox-2":["https:\/\/digidem-bayern.de\/wp-content\/uploads\/2020\/09\/huml_3-460x350.jpg",460,350,true],"demand-language-flag":["https:\/\/digidem-bayern.de\/wp-content\/uploads\/2020\/09\/huml_3-scaled.jpg",36,29,false],"dddkt-language-flag":["https:\/\/digidem-bayern.de\/wp-content\/uploads\/2020\/09\/huml_3-scaled.jpg",36,29,false],"ddiqc-language-flag":["https:\/\/digidem-bayern.de\/wp-content\/uploads\/2020\/09\/huml_3-scaled.jpg",36,29,false],"ddtl-language-flag":["https:\/\/digidem-bayern.de\/wp-content\/uploads\/2020\/09\/huml_3-scaled.jpg",36,29,false],"mailpoet_newsletter_max":["https:\/\/digidem-bayern.de\/wp-content\/uploads\/2020\/09\/huml_3-1320x1062.jpg",1320,1062,true],"kahuna-lpbox-3":["https:\/\/digidem-bayern.de\/wp-content\/uploads\/2020\/09\/huml_3-460x350.jpg",460,350,true],"kahuna-featured-square":["https:\/\/digidem-bayern.de\/wp-content\/uploads\/2020\/09\/huml_3-512x512.jpg",512,512,true],"kahuna-featured-square-large":["https:\/\/digidem-bayern.de\/wp-content\/uploads\/2020\/09\/huml_3-1024x1024.jpg",1024,1024,true]},"post_excerpt_stackable_v2":"<p>Bayerns Gesundheits- und Pflegeministerin Melanie Huml betonte anl\u00e4sslich der Veranstaltung &#8222;Demenz und Digitalisierung &#8211; Neue Wege in Bayern&#8220; am 24.09.2020 in N\u00fcrnberg, wie wichtig es sei, Forschungsprojekte wie digiDEM Bayern nicht von Corona ausbremsen zu lassen: &#8222;Das Projekt digiDEM Bayern stand vor der Herausforderung, w\u00e4hrend des Lockdowns mit 350 Forschungspartnern die Arbeit fortzusetzen.&#8220; Gerade w\u00e4hrend der Corona-Pandemie zeige sich, wie wichtig es sei, digitale Ans\u00e4tze im Demenz-Bereich zu finden. &#8222;F\u00fcr digiDEM wurden wegen Corona zus\u00e4tzlich zu der urspr\u00fcnglichen Planung Webinare entwickelt sowie digitale Schulungen abgehalten und ein Konzept ausgearbeitet f\u00fcr ein virtuelles Screening von Menschen mit Verdacht auf eine Demenzerkrankung&#8220;,&hellip;<\/p>\n","category_list_v2":"<a href=\"https:\/\/digidem-bayern.de\/en\/category\/aktuelles-zu-digidem\/\" rel=\"category tag\">Aktuelles zu digiDEM<\/a>","author_info_v2":{"name":"Michael Zeiler","url":"https:\/\/digidem-bayern.de\/en\/author\/michael-zeiler\/"},"comments_num_v2":"0 comments","yoast_head":"<!-- This site is optimized with the Yoast SEO plugin v27.5 - https:\/\/yoast.com\/product\/yoast-seo-wordpress\/ -->\n<title>Staatsministerin Huml treibt digiDEM Bayern weiter voran - digiDEM Bayern<\/title>\n<meta name=\"description\" content=\"Staatsministerin Huml betonte bei der Veranstaltung &quot;Demenz und Digitalisierung&quot;, wie wichtig es sei, Forschungsprojekte wie digiDEM Bayern nicht von Corona ausbremsen zu lassen:\" \/>\n<meta name=\"robots\" content=\"index, follow, max-snippet:-1, max-image-preview:large, max-video-preview:-1\" \/>\n<link rel=\"canonical\" href=\"https:\/\/digidem-bayern.de\/en\/staatsministerin-huml-treibt-digidem-bayern-weiter-voran\/\" \/>\n<meta property=\"og:locale\" content=\"en_US\" \/>\n<meta property=\"og:type\" content=\"article\" \/>\n<meta property=\"og:title\" content=\"Staatsministerin Huml treibt digiDEM Bayern weiter voran - digiDEM Bayern\" \/>\n<meta property=\"og:description\" content=\"Staatsministerin Huml betonte bei der Veranstaltung &quot;Demenz und Digitalisierung&quot;, wie wichtig es sei, Forschungsprojekte wie digiDEM Bayern nicht von Corona ausbremsen zu lassen:\" \/>\n<meta property=\"og:url\" content=\"https:\/\/digidem-bayern.de\/en\/staatsministerin-huml-treibt-digidem-bayern-weiter-voran\/\" \/>\n<meta property=\"og:site_name\" content=\"digiDEM Bayern\" \/>\n<meta property=\"article:publisher\" content=\"https:\/\/www.facebook.com\/digiDEMBayern\/\" \/>\n<meta property=\"article:published_time\" content=\"2020-09-25T06:53:49+00:00\" \/>\n<meta property=\"article:modified_time\" content=\"2022-11-09T14:02:14+00:00\" \/>\n<meta property=\"og:image\" content=\"https:\/\/digidem-bayern.de\/wp-content\/uploads\/2020\/09\/huml_3-scaled.jpg\" \/>\n\t<meta property=\"og:image:width\" content=\"1600\" \/>\n\t<meta property=\"og:image:height\" content=\"1288\" \/>\n\t<meta property=\"og:image:type\" content=\"image\/jpeg\" \/>\n<meta name=\"author\" content=\"Michael Zeiler\" \/>\n<meta name=\"twitter:label1\" content=\"Written by\" \/>\n\t<meta name=\"twitter:data1\" content=\"Michael Zeiler\" \/>\n\t<meta name=\"twitter:label2\" content=\"Est. reading time\" \/>\n\t<meta name=\"twitter:data2\" content=\"3 minutes\" \/>\n<script type=\"application\/ld+json\" class=\"yoast-schema-graph\">{\"@context\":\"https:\\\/\\\/schema.org\",\"@graph\":[{\"@type\":\"Article\",\"@id\":\"https:\\\/\\\/digidem-bayern.de\\\/staatsministerin-huml-treibt-digidem-bayern-weiter-voran\\\/#article\",\"isPartOf\":{\"@id\":\"https:\\\/\\\/digidem-bayern.de\\\/staatsministerin-huml-treibt-digidem-bayern-weiter-voran\\\/\"},\"author\":{\"name\":\"Michael Zeiler\",\"@id\":\"\\\/#\\\/schema\\\/person\\\/92754ad381f49b3c358d1d8d2c4f90b8\"},\"headline\":\"Staatsministerin Huml treibt digiDEM Bayern weiter voran\",\"datePublished\":\"2020-09-25T06:53:49+00:00\",\"dateModified\":\"2022-11-09T14:02:14+00:00\",\"mainEntityOfPage\":{\"@id\":\"https:\\\/\\\/digidem-bayern.de\\\/staatsministerin-huml-treibt-digidem-bayern-weiter-voran\\\/\"},\"wordCount\":594,\"publisher\":{\"@id\":\"\\\/#organization\"},\"image\":{\"@id\":\"https:\\\/\\\/digidem-bayern.de\\\/staatsministerin-huml-treibt-digidem-bayern-weiter-voran\\\/#primaryimage\"},\"thumbnailUrl\":\"https:\\\/\\\/digidem-bayern.de\\\/wp-content\\\/uploads\\\/2020\\\/09\\\/huml_3-scaled.jpg\",\"keywords\":[\"Alzheimer\",\"bayerische Gesundheitsministerin\",\"Demenz.\",\"digidem\",\"digidem Bayern\",\"Digitales Demenzregister Bayern\",\"Melanie Huml\",\"virtuelles Screening\"],\"articleSection\":[\"Aktuelles zu digiDEM\"],\"inLanguage\":\"en-US\"},{\"@type\":\"WebPage\",\"@id\":\"https:\\\/\\\/digidem-bayern.de\\\/staatsministerin-huml-treibt-digidem-bayern-weiter-voran\\\/\",\"url\":\"https:\\\/\\\/digidem-bayern.de\\\/staatsministerin-huml-treibt-digidem-bayern-weiter-voran\\\/\",\"name\":\"Staatsministerin Huml treibt digiDEM Bayern weiter voran - digiDEM Bayern\",\"isPartOf\":{\"@id\":\"\\\/#website\"},\"primaryImageOfPage\":{\"@id\":\"https:\\\/\\\/digidem-bayern.de\\\/staatsministerin-huml-treibt-digidem-bayern-weiter-voran\\\/#primaryimage\"},\"image\":{\"@id\":\"https:\\\/\\\/digidem-bayern.de\\\/staatsministerin-huml-treibt-digidem-bayern-weiter-voran\\\/#primaryimage\"},\"thumbnailUrl\":\"https:\\\/\\\/digidem-bayern.de\\\/wp-content\\\/uploads\\\/2020\\\/09\\\/huml_3-scaled.jpg\",\"datePublished\":\"2020-09-25T06:53:49+00:00\",\"dateModified\":\"2022-11-09T14:02:14+00:00\",\"description\":\"Staatsministerin Huml betonte bei der Veranstaltung \\\"Demenz und Digitalisierung\\\", wie wichtig es sei, Forschungsprojekte wie digiDEM Bayern nicht von Corona ausbremsen zu lassen:\",\"breadcrumb\":{\"@id\":\"https:\\\/\\\/digidem-bayern.de\\\/staatsministerin-huml-treibt-digidem-bayern-weiter-voran\\\/#breadcrumb\"},\"inLanguage\":\"en-US\",\"potentialAction\":[{\"@type\":\"ReadAction\",\"target\":[\"https:\\\/\\\/digidem-bayern.de\\\/staatsministerin-huml-treibt-digidem-bayern-weiter-voran\\\/\"]}]},{\"@type\":\"ImageObject\",\"inLanguage\":\"en-US\",\"@id\":\"https:\\\/\\\/digidem-bayern.de\\\/staatsministerin-huml-treibt-digidem-bayern-weiter-voran\\\/#primaryimage\",\"url\":\"https:\\\/\\\/digidem-bayern.de\\\/wp-content\\\/uploads\\\/2020\\\/09\\\/huml_3-scaled.jpg\",\"contentUrl\":\"https:\\\/\\\/digidem-bayern.de\\\/wp-content\\\/uploads\\\/2020\\\/09\\\/huml_3-scaled.jpg\",\"width\":1600,\"height\":1288,\"caption\":\"Bayerns Gesundheitsministerin Melanie Huml\"},{\"@type\":\"BreadcrumbList\",\"@id\":\"https:\\\/\\\/digidem-bayern.de\\\/staatsministerin-huml-treibt-digidem-bayern-weiter-voran\\\/#breadcrumb\",\"itemListElement\":[{\"@type\":\"ListItem\",\"position\":1,\"name\":\"Startseite\",\"item\":\"https:\\\/\\\/digidem-bayern.de\\\/\"},{\"@type\":\"ListItem\",\"position\":2,\"name\":\"Staatsministerin Huml treibt digiDEM Bayern weiter voran\"}]},{\"@type\":\"WebSite\",\"@id\":\"\\\/#website\",\"url\":\"\\\/\",\"name\":\"digiDEM Bayern\",\"description\":\"Das digitale Demenzregister Bayern erforscht und verbessert die Angebotsstuktur f\u00fcr Menschen mit Demenz und deren Angeh\u00f6rige\",\"publisher\":{\"@id\":\"\\\/#organization\"},\"potentialAction\":[{\"@type\":\"SearchAction\",\"target\":{\"@type\":\"EntryPoint\",\"urlTemplate\":\"\\\/?s={search_term_string}\"},\"query-input\":{\"@type\":\"PropertyValueSpecification\",\"valueRequired\":true,\"valueName\":\"search_term_string\"}}],\"inLanguage\":\"en-US\"},{\"@type\":\"Organization\",\"@id\":\"\\\/#organization\",\"name\":\"digiDEM Bayern\",\"url\":\"\\\/\",\"logo\":{\"@type\":\"ImageObject\",\"inLanguage\":\"en-US\",\"@id\":\"\\\/#\\\/schema\\\/logo\\\/image\\\/\",\"url\":\"https:\\\/\\\/digidem-bayern.de\\\/wp-content\\\/uploads\\\/2022\\\/03\\\/cropped-Allgemeines_digiDEMLOGO-removebg-preview.png\",\"contentUrl\":\"https:\\\/\\\/digidem-bayern.de\\\/wp-content\\\/uploads\\\/2022\\\/03\\\/cropped-Allgemeines_digiDEMLOGO-removebg-preview.png\",\"width\":612,\"height\":357,\"caption\":\"digiDEM Bayern\"},\"image\":{\"@id\":\"\\\/#\\\/schema\\\/logo\\\/image\\\/\"},\"sameAs\":[\"https:\\\/\\\/www.facebook.com\\\/digiDEMBayern\\\/\",\"https:\\\/\\\/x.com\\\/digidem_bayern\",\"https:\\\/\\\/www.instagram.com\\\/digidem.bayern\",\"https:\\\/\\\/www.linkedin.com\\\/company\\\/digidem-bayern\\\/\"]},{\"@type\":\"Person\",\"@id\":\"\\\/#\\\/schema\\\/person\\\/92754ad381f49b3c358d1d8d2c4f90b8\",\"name\":\"Michael Zeiler\",\"url\":\"https:\\\/\\\/digidem-bayern.de\\\/en\\\/author\\\/michael-zeiler\\\/\"}]}<\/script>\n<!-- \/ Yoast SEO plugin. -->","yoast_head_json":{"title":"Staatsministerin Huml treibt digiDEM Bayern weiter voran - digiDEM Bayern","description":"Staatsministerin Huml betonte bei der Veranstaltung \"Demenz und Digitalisierung\", wie wichtig es sei, Forschungsprojekte wie digiDEM Bayern nicht von Corona ausbremsen zu lassen:","robots":{"index":"index","follow":"follow","max-snippet":"max-snippet:-1","max-image-preview":"max-image-preview:large","max-video-preview":"max-video-preview:-1"},"canonical":"https:\/\/digidem-bayern.de\/en\/staatsministerin-huml-treibt-digidem-bayern-weiter-voran\/","og_locale":"en_US","og_type":"article","og_title":"Staatsministerin Huml treibt digiDEM Bayern weiter voran - digiDEM Bayern","og_description":"Staatsministerin Huml betonte bei der Veranstaltung \"Demenz und Digitalisierung\", wie wichtig es sei, Forschungsprojekte wie digiDEM Bayern nicht von Corona ausbremsen zu lassen:","og_url":"https:\/\/digidem-bayern.de\/en\/staatsministerin-huml-treibt-digidem-bayern-weiter-voran\/","og_site_name":"digiDEM Bayern","article_publisher":"https:\/\/www.facebook.com\/digiDEMBayern\/","article_published_time":"2020-09-25T06:53:49+00:00","article_modified_time":"2022-11-09T14:02:14+00:00","og_image":[{"width":1600,"height":1288,"url":"https:\/\/digidem-bayern.de\/wp-content\/uploads\/2020\/09\/huml_3-scaled.jpg","type":"image\/jpeg"}],"author":"Michael Zeiler","twitter_misc":{"Written by":"Michael Zeiler","Est. reading time":"3 minutes"},"schema":{"@context":"https:\/\/schema.org","@graph":[{"@type":"Article","@id":"https:\/\/digidem-bayern.de\/staatsministerin-huml-treibt-digidem-bayern-weiter-voran\/#article","isPartOf":{"@id":"https:\/\/digidem-bayern.de\/staatsministerin-huml-treibt-digidem-bayern-weiter-voran\/"},"author":{"name":"Michael Zeiler","@id":"\/#\/schema\/person\/92754ad381f49b3c358d1d8d2c4f90b8"},"headline":"Staatsministerin Huml treibt digiDEM Bayern weiter voran","datePublished":"2020-09-25T06:53:49+00:00","dateModified":"2022-11-09T14:02:14+00:00","mainEntityOfPage":{"@id":"https:\/\/digidem-bayern.de\/staatsministerin-huml-treibt-digidem-bayern-weiter-voran\/"},"wordCount":594,"publisher":{"@id":"\/#organization"},"image":{"@id":"https:\/\/digidem-bayern.de\/staatsministerin-huml-treibt-digidem-bayern-weiter-voran\/#primaryimage"},"thumbnailUrl":"https:\/\/digidem-bayern.de\/wp-content\/uploads\/2020\/09\/huml_3-scaled.jpg","keywords":["Alzheimer","bayerische Gesundheitsministerin","Demenz.","digidem","digidem Bayern","Digitales Demenzregister Bayern","Melanie Huml","virtuelles Screening"],"articleSection":["Aktuelles zu digiDEM"],"inLanguage":"en-US"},{"@type":"WebPage","@id":"https:\/\/digidem-bayern.de\/staatsministerin-huml-treibt-digidem-bayern-weiter-voran\/","url":"https:\/\/digidem-bayern.de\/staatsministerin-huml-treibt-digidem-bayern-weiter-voran\/","name":"Staatsministerin Huml treibt digiDEM Bayern weiter voran - digiDEM Bayern","isPartOf":{"@id":"\/#website"},"primaryImageOfPage":{"@id":"https:\/\/digidem-bayern.de\/staatsministerin-huml-treibt-digidem-bayern-weiter-voran\/#primaryimage"},"image":{"@id":"https:\/\/digidem-bayern.de\/staatsministerin-huml-treibt-digidem-bayern-weiter-voran\/#primaryimage"},"thumbnailUrl":"https:\/\/digidem-bayern.de\/wp-content\/uploads\/2020\/09\/huml_3-scaled.jpg","datePublished":"2020-09-25T06:53:49+00:00","dateModified":"2022-11-09T14:02:14+00:00","description":"Staatsministerin Huml betonte bei der Veranstaltung \"Demenz und Digitalisierung\", wie wichtig es sei, Forschungsprojekte wie digiDEM Bayern nicht von Corona ausbremsen zu lassen:","breadcrumb":{"@id":"https:\/\/digidem-bayern.de\/staatsministerin-huml-treibt-digidem-bayern-weiter-voran\/#breadcrumb"},"inLanguage":"en-US","potentialAction":[{"@type":"ReadAction","target":["https:\/\/digidem-bayern.de\/staatsministerin-huml-treibt-digidem-bayern-weiter-voran\/"]}]},{"@type":"ImageObject","inLanguage":"en-US","@id":"https:\/\/digidem-bayern.de\/staatsministerin-huml-treibt-digidem-bayern-weiter-voran\/#primaryimage","url":"https:\/\/digidem-bayern.de\/wp-content\/uploads\/2020\/09\/huml_3-scaled.jpg","contentUrl":"https:\/\/digidem-bayern.de\/wp-content\/uploads\/2020\/09\/huml_3-scaled.jpg","width":1600,"height":1288,"caption":"Bayerns Gesundheitsministerin Melanie Huml"},{"@type":"BreadcrumbList","@id":"https:\/\/digidem-bayern.de\/staatsministerin-huml-treibt-digidem-bayern-weiter-voran\/#breadcrumb","itemListElement":[{"@type":"ListItem","position":1,"name":"Startseite","item":"https:\/\/digidem-bayern.de\/"},{"@type":"ListItem","position":2,"name":"Staatsministerin Huml treibt digiDEM Bayern weiter voran"}]},{"@type":"WebSite","@id":"\/#website","url":"\/","name":"digiDEM Bavaria","description":"The digital dementia register in Bavaria researches and improves the structure of services for people with dementia and their relatives","publisher":{"@id":"\/#organization"},"potentialAction":[{"@type":"SearchAction","target":{"@type":"EntryPoint","urlTemplate":"\/?s={search_term_string}"},"query-input":{"@type":"PropertyValueSpecification","valueRequired":true,"valueName":"search_term_string"}}],"inLanguage":"en-US"},{"@type":"Organization","@id":"\/#organization","name":"digiDEM Bavaria","url":"\/","logo":{"@type":"ImageObject","inLanguage":"en-US","@id":"\/#\/schema\/logo\/image\/","url":"https:\/\/digidem-bayern.de\/wp-content\/uploads\/2022\/03\/cropped-Allgemeines_digiDEMLOGO-removebg-preview.png","contentUrl":"https:\/\/digidem-bayern.de\/wp-content\/uploads\/2022\/03\/cropped-Allgemeines_digiDEMLOGO-removebg-preview.png","width":612,"height":357,"caption":"digiDEM Bayern"},"image":{"@id":"\/#\/schema\/logo\/image\/"},"sameAs":["https:\/\/www.facebook.com\/digiDEMBayern\/","https:\/\/x.com\/digidem_bayern","https:\/\/www.instagram.com\/digidem.bayern","https:\/\/www.linkedin.com\/company\/digidem-bayern\/"]},{"@type":"Person","@id":"\/#\/schema\/person\/92754ad381f49b3c358d1d8d2c4f90b8","name":"Michael Zeiler","url":"https:\/\/digidem-bayern.de\/en\/author\/michael-zeiler\/"}]}},"uagb_featured_image_src":{"full":["https:\/\/digidem-bayern.de\/wp-content\/uploads\/2020\/09\/huml_3-scaled.jpg",1600,1288,false],"thumbnail":["https:\/\/digidem-bayern.de\/wp-content\/uploads\/2020\/09\/huml_3-80x80.jpg",80,80,true],"medium":["https:\/\/digidem-bayern.de\/wp-content\/uploads\/2020\/09\/huml_3-300x241.jpg",300,241,true],"medium_large":["https:\/\/digidem-bayern.de\/wp-content\/uploads\/2020\/09\/huml_3-768x618.jpg",768,618,true],"large":["https:\/\/digidem-bayern.de\/wp-content\/uploads\/2020\/09\/huml_3-1030x829.jpg",1030,829,true],"1536x1536":["https:\/\/digidem-bayern.de\/wp-content\/uploads\/2020\/09\/huml_3-1536x1236.jpg",1536,1236,true],"2048x2048":["https:\/\/digidem-bayern.de\/wp-content\/uploads\/2020\/09\/huml_3-2048x1648.jpg",2048,1648,true],"trp-custom-language-flag":["https:\/\/digidem-bayern.de\/wp-content\/uploads\/2020\/09\/huml_3-scaled.jpg",15,12,false],"qubely_landscape":["https:\/\/digidem-bayern.de\/wp-content\/uploads\/2020\/09\/huml_3-1200x750.jpg",1200,750,true],"qubely_portrait":["https:\/\/digidem-bayern.de\/wp-content\/uploads\/2020\/09\/huml_3-540x320.jpg",540,320,true],"qubely_thumbnail":["https:\/\/digidem-bayern.de\/wp-content\/uploads\/2020\/09\/huml_3-140x100.jpg",140,100,true],"post-thumbnail":["https:\/\/digidem-bayern.de\/wp-content\/uploads\/2020\/09\/huml_3-435x350.jpg",435,350,true],"kahuna-featured":["https:\/\/digidem-bayern.de\/wp-content\/uploads\/2020\/09\/huml_3-649x350.jpg",649,350,true],"kahuna-featured-lp":["https:\/\/digidem-bayern.de\/wp-content\/uploads\/2020\/09\/huml_3-460x350.jpg",460,350,true],"kahuna-featured-half":["https:\/\/digidem-bayern.de\/wp-content\/uploads\/2020\/09\/huml_3-800x350.jpg",800,350,true],"kahuna-featured-third":["https:\/\/digidem-bayern.de\/wp-content\/uploads\/2020\/09\/huml_3-512x350.jpg",512,350,true],"kahuna-lpbox-1":["https:\/\/digidem-bayern.de\/wp-content\/uploads\/2020\/09\/huml_3-460x350.jpg",394,300,true],"kahuna-lpbox-2":["https:\/\/digidem-bayern.de\/wp-content\/uploads\/2020\/09\/huml_3-460x350.jpg",460,350,true],"demand-language-flag":["https:\/\/digidem-bayern.de\/wp-content\/uploads\/2020\/09\/huml_3-scaled.jpg",36,29,false],"dddkt-language-flag":["https:\/\/digidem-bayern.de\/wp-content\/uploads\/2020\/09\/huml_3-scaled.jpg",36,29,false],"ddiqc-language-flag":["https:\/\/digidem-bayern.de\/wp-content\/uploads\/2020\/09\/huml_3-scaled.jpg",36,29,false],"ddtl-language-flag":["https:\/\/digidem-bayern.de\/wp-content\/uploads\/2020\/09\/huml_3-scaled.jpg",36,29,false],"mailpoet_newsletter_max":["https:\/\/digidem-bayern.de\/wp-content\/uploads\/2020\/09\/huml_3-1320x1062.jpg",1320,1062,true],"kahuna-lpbox-3":["https:\/\/digidem-bayern.de\/wp-content\/uploads\/2020\/09\/huml_3-460x350.jpg",460,350,true],"kahuna-featured-square":["https:\/\/digidem-bayern.de\/wp-content\/uploads\/2020\/09\/huml_3-512x512.jpg",512,512,true],"kahuna-featured-square-large":["https:\/\/digidem-bayern.de\/wp-content\/uploads\/2020\/09\/huml_3-1024x1024.jpg",1024,1024,true]},"uagb_author_info":{"display_name":"Michael Zeiler","author_link":"https:\/\/digidem-bayern.de\/en\/author\/michael-zeiler\/"},"uagb_comment_info":0,"uagb_excerpt":"Bayerns Gesundheits- und Pflegeministerin Melanie Huml betonte anl\u00e4sslich der Veranstaltung &#8222;Demenz und Digitalisierung &#8211; Neue Wege in Bayern&#8220; am 24.09.2020 in N\u00fcrnberg, wie wichtig es sei, Forschungsprojekte wie digiDEM Bayern nicht von Corona ausbremsen zu lassen: &#8222;Das Projekt digiDEM Bayern stand vor der Herausforderung, w\u00e4hrend des Lockdowns mit 350 Forschungspartnern &hellip;","_links":{"self":[{"href":"https:\/\/digidem-bayern.de\/en\/wp-json\/wp\/v2\/posts\/7084","targetHints":{"allow":["GET"]}}],"collection":[{"href":"https:\/\/digidem-bayern.de\/en\/wp-json\/wp\/v2\/posts"}],"about":[{"href":"https:\/\/digidem-bayern.de\/en\/wp-json\/wp\/v2\/types\/post"}],"author":[{"embeddable":true,"href":"https:\/\/digidem-bayern.de\/en\/wp-json\/wp\/v2\/users\/11"}],"replies":[{"embeddable":true,"href":"https:\/\/digidem-bayern.de\/en\/wp-json\/wp\/v2\/comments?post=7084"}],"version-history":[{"count":2,"href":"https:\/\/digidem-bayern.de\/en\/wp-json\/wp\/v2\/posts\/7084\/revisions"}],"predecessor-version":[{"id":24543,"href":"https:\/\/digidem-bayern.de\/en\/wp-json\/wp\/v2\/posts\/7084\/revisions\/24543"}],"wp:featuredmedia":[{"embeddable":true,"href":"https:\/\/digidem-bayern.de\/en\/wp-json\/wp\/v2\/media\/7104"}],"wp:attachment":[{"href":"https:\/\/digidem-bayern.de\/en\/wp-json\/wp\/v2\/media?parent=7084"}],"wp:term":[{"taxonomy":"category","embeddable":true,"href":"https:\/\/digidem-bayern.de\/en\/wp-json\/wp\/v2\/categories?post=7084"},{"taxonomy":"post_tag","embeddable":true,"href":"https:\/\/digidem-bayern.de\/en\/wp-json\/wp\/v2\/tags?post=7084"}],"curies":[{"name":"wp","href":"https:\/\/api.w.org\/{rel}","templated":true}]}}