{"id":6835,"date":"2020-09-09T14:51:54","date_gmt":"2020-09-09T12:51:54","guid":{"rendered":"https:\/\/digidem-bayern.de\/?p=6835"},"modified":"2024-04-24T10:38:16","modified_gmt":"2024-04-24T08:38:16","slug":"webinar-hoeren-demenz-teil-1","status":"publish","type":"post","link":"https:\/\/digidem-bayern.de\/en\/webinar-hoeren-demenz-teil-1\/","title":{"rendered":"H\u00f6ren &#038; Demenz &#8211; Teil 1"},"content":{"rendered":"<h4 class=\"wp-block-heading\">Was verbirgt sich hinter dem H\u00f6rsinn? Neben der Orientierung, geistigen Anregung und der Verst\u00e4ndigung mit Anderen liefert er entscheidende Funktionen f\u00fcr das allt\u00e4gliche Leben. Auch im Zusammenhang mit Demenz ist die auditive Wahrnehmung von Bedeutung. Sie kann dabei helfen, Fehldiagnosen vorzubeugen und die Gefahr der gesundheitlichen Fehlversorgung einzud\u00e4mmen. In unserem ersten Teil der &#8222;H\u00f6ren und Demenz&#8220;-Webinar-Reihe geht es daher insbesondere um Fakten zu H\u00f6rverlust und Demenz.<\/h4>\n\n\n\n<p><\/p>\n\n\n\n<figure class=\"wp-block-embed is-type-video is-provider-youtube wp-block-embed-youtube wp-embed-aspect-16-9 wp-has-aspect-ratio\"><div class=\"wp-block-embed__wrapper\">\n<iframe loading=\"lazy\" title=\"Webinar: H\u00f6ren und Demenz - Teil 1: Fakten zu H\u00f6rverlust und Demenz\" width=\"1223\" height=\"688\" src=\"https:\/\/www.youtube.com\/embed\/HlH2ELjxN7E?feature=oembed\" frameborder=\"0\" allow=\"accelerometer; autoplay; clipboard-write; encrypted-media; gyroscope; picture-in-picture\" allowfullscreen><\/iframe>\n<\/div><\/figure>\n\n\n\n<p class=\"has-text-align-center\"><strong>Hier gibt es das Webinar als <a href=\"https:\/\/digidem-bayern.de\/wp-content\/uploads\/2024\/04\/2020-09-09_Hoeren-und-Demenz_Copyright.pdf\" target=\"_blank\" rel=\"noreferrer noopener\">PDF zum Download<\/a>.<\/strong><\/p>\n\n\n\n<p class=\"has-text-align-center\"><strong>Fragen der Teilnehmer*innen und Antworten des Webinar-Teams:<\/strong><\/p>\n\n\n\n<div class=\"qubely-block-accordion  qubely-block-726152\" data-item-toggle=\"true\">\n<div class=\"wp-block-qubely-accordion-item qubely-block-7f4693\"><div class=\"qubely-accordion-item qubely-type-fill false\"><div class=\"qubely-accordion-panel qubely-icon-position-right\"><span class=\"qubely-accordion-panel-handler\" role=\"button\"><span class=\"qubely-accordion-panel-handler-label\">Warum waren bei der Studie mit dem Titel \u201eHearing loss and the risk of dementia in later life\u201c von Ford und Kollegen aus dem Jahr 2018 nur M\u00e4nner beteiligt?<\/span><span class=\"qubely-accordion-icon fa fa-plus\"><\/span><\/span><\/div><div class=\"qubely-accordion-body\"><div itemprop=\"text\">\n<p>Die Studie bezieht sich auf eine gro\u00dfe Gruppe an M\u00e4nnern in Australien, die am Programm \u201eGesundheit bei M\u00e4nnern\u201c teilnahmen. Auch die Autor*innen schreiben, dass sich aufgrund der ausschlie\u00dflich m\u00e4nnlichen Stichprobe die Ergebnisse nicht \u00fcber alle Geschlechter hinweg verallgemeinern lassen. Die Ergebnisse wurden aber von der Forschergruppe mit anderen Studien, die ebenso Frauen einschlossen, abgeglichen. Hiernach gleichen die vorliegenden Ergebnisse den Studien, die auch Frauen mit eingeschlossen hatten.<\/p>\n<\/div><\/div><\/div><\/div>\n\n\n\n<div class=\"wp-block-qubely-accordion-item qubely-block-b76a0b\"><div class=\"qubely-accordion-item qubely-type-fill false\"><div class=\"qubely-accordion-panel qubely-icon-position-right\"><span class=\"qubely-accordion-panel-handler\" role=\"button\"><span class=\"qubely-accordion-panel-handler-label\">Wie l\u00e4sst sich die Akzeptanz von H\u00f6rger\u00e4ten steigern?<\/span><span class=\"qubely-accordion-icon fa fa-plus\"><\/span><\/span><\/div><div class=\"qubely-accordion-body\"><div itemprop=\"text\">\n<p>Um die Akzeptanz von H\u00f6rger\u00e4ten zu steigern, legen H\u00f6rger\u00e4te-Hersteller ihr Augenmerk verst\u00e4rkt auf modernes Design und neuartige Technologien. Beispielweise gleichen manche H\u00f6rger\u00e4te modernen In-ear-Kopfh\u00f6rern und \u00e4hneln damit eher einem Accessoire. Auch der pers\u00f6nliche Stil spielt eine gro\u00dfe Rolle, wenn es darum geht, die Akzeptanz von H\u00f6rger\u00e4ten zu steigern. Besonders wichtig ist es insgesamt, den Betroffenen das Gef\u00fchl zu vermitteln, nicht allein mit diesem Thema zu sein und einen positiven Umgang mit dem H\u00f6rger\u00e4t zu f\u00f6rdern. Dies kann z.B. schon damit beginnen, regelm\u00e4\u00dfig zum H\u00f6rger\u00e4teakustiker zu gehen und das Ger\u00e4t ad\u00e4quat einstellen zu lassen, sodass es den betroffenen Personen auch wirklich hilft.<\/p>\n<\/div><\/div><\/div><\/div>\n<\/div>\n\n\n\n<h2 class=\"wp-block-heading has-text-align-center\"><strong><strong><strong>Mittwoch, 09.09.2020, 11.00-11.30 Uhr<\/strong><\/strong><\/strong><\/h2>\n\n\n\n<div class=\"wp-block-group\"><div class=\"wp-block-group__inner-container is-layout-flow wp-block-group-is-layout-flow\"><\/div><\/div>\n\n\n\n<div class=\"wp-block-stackable-columns stk-block-columns stk-block stk-2a38803\" data-block-id=\"2a38803\"><div class=\"stk-row stk-inner-blocks stk-block-content stk-content-align stk-2a38803-column\">\n<div class=\"wp-block-stackable-column stk-block-column stk-column stk-block stk-659dcd8\" data-block-id=\"659dcd8\"><div class=\"stk-column-wrapper stk-block-column__content stk-container stk-659dcd8-container stk--no-background stk--no-padding\"><div class=\"stk-block-content stk-inner-blocks stk-659dcd8-inner-blocks\">\n<div class=\"wp-block-uagb-team uagb-team__image-position-above uagb-team__align-center uagb-team__stack-tablet uagb-block-043a6419\"><div class=\"uagb-team__content\"><img decoding=\"async\" class=\"uagb-team__image-crop-circle\" src=\"https:\/\/test.digidem-bayern.de\/wp-content\/uploads\/2020\/07\/Selau-Marina-Foto2-80x80.jpg\" alt=\"\" height=\"120\" width=\"120\" loading=\"lazy\"\/><h3 class=\"uagb-team__title\">Marina Selau<\/h3><span class=\"uagb-team__prefix\">Wissenschaftliche Mitarbeiterin M. Sc.<\/span><p class=\"uagb-team__desc\">Vortrag und Moderation<\/p><\/div><\/div>\n<\/div><\/div><\/div>\n\n\n\n<div class=\"wp-block-stackable-column stk-block-column stk-column stk-block stk-17bcb02\" data-block-id=\"17bcb02\"><div class=\"stk-column-wrapper stk-block-column__content stk-container stk-17bcb02-container stk--no-background stk--no-padding\"><div class=\"stk-block-content stk-inner-blocks stk-17bcb02-inner-blocks\">\n<div class=\"wp-block-uagb-team uagb-team__image-position-above uagb-team__align-center uagb-team__stack-tablet uagb-block-b94db346\"><div class=\"uagb-team__content\"><img decoding=\"async\" class=\"uagb-team__image-crop-circle\" src=\"https:\/\/test.digidem-bayern.de\/wp-content\/uploads\/2019\/10\/kristina-holm-e1571142334262-80x80.jpg\" alt=\"\" height=\"120\" width=\"120\" loading=\"lazy\"\/><h3 class=\"uagb-team__title\">Kristina Holm<\/h3><span class=\"uagb-team__prefix\">Wissenschaftliche Mitarbeiterin M. Sc.<\/span><p class=\"uagb-team__desc\">Betreuung Chatroom &amp; Fragen<\/p><\/div><\/div>\n\n\n\n<p><\/p>\n<\/div><\/div><\/div>\n<\/div><\/div>\n\n\n\n<div class=\"wp-block-columns is-layout-flex wp-container-core-columns-is-layout-9d6595d7 wp-block-columns-is-layout-flex\">\n<div class=\"wp-block-column is-layout-flow wp-block-column-is-layout-flow\" style=\"flex-basis:66.66%\">\n<p><\/p>\n<\/div>\n\n\n\n<div class=\"wp-block-column is-layout-flow wp-block-column-is-layout-flow\" style=\"flex-basis:33.33%\">\n<p><\/p>\n<\/div>\n<\/div>\n\n\n\n<div style=\"height:30px\" aria-hidden=\"true\" class=\"wp-block-spacer\"><\/div>\n\n\n\n<p>Ein unversorgter H\u00f6rverlust kann weitreichende Folgen haben \u2013 ein erh\u00f6htes Demenzrisiko zum Beispiel. Eine h\u00e4ufig auftretende Folge von Schwerh\u00f6rigkeit ist unter anderem die soziale Isolation. Diese kann wiederum das Risiko steigern, an einer Demenz zu erkranken. Der H\u00f6rverlust und die Demenz beeinflussen sich folglich in vielerlei Hinsicht. Wie genau die beiden Erkrankungen noch zusammenh\u00e4ngen, welche wissenschaftliche Erkenntnisse vorliegen und inwiefern der H\u00f6rverlust das Risiko einer Demenzerkrankung beeinflussen kann, erfahren Sie im ersten Teil unserer Webinarreihe zum Themenkomplex \u201eH\u00f6ren und Demenz\u201c.<br><\/p>\n\n\n\n<p>Hier finden Sie Teil 2 und Teil 3 der Webinare zum Themenkomplex &#8222;H\u00f6ren und Demenz&#8220;:<\/p>\n\n\n\n<p><a href=\"https:\/\/test.digidem-bayern.de\/webinar-hoeren-demenz-teil-2\/\">&#8222;H\u00f6ren und Demenz &#8211; Teil 2&#8220;<\/a><\/p>\n\n\n\n<p> <a href=\"https:\/\/test.digidem-bayern.de\/webinar-hoeren-demenz-teil-3\/\">&#8222;H\u00f6ren und Demenz &#8211; Teil 3&#8220;<\/a><\/p>\n\n\n\n<div style=\"height:40px\" aria-hidden=\"true\" class=\"wp-block-spacer\"><\/div>\n\n\n\n<p>Mit der Webinar-Reihe &#8222;Science Watch LIVE&#8220; bieten wir einen zus\u00e4tzlichen Service zu unserem monatlichen Newsletter <a href=\"https:\/\/test.digidem-bayern.de\/newsletter\/\">digiDEM Bayern Science Watch<\/a>, in dem wir wissenschaftliche Erkenntnisse aus der Demenzforschung bereitstellen.  &nbsp;<\/p>\n\n\n\n<p>Vor dem Hintergrund massenhaft verbreiteter Halbwahrheiten und Fake News, aktuell zum Beispiel \u00fcber das neue Corona-Virus, ist gerade jetzt evidenzbasierte Wissenschaft gefragt. Es ist wichtiger denn je, wissenschaftliche Erkenntnisse so zu vermitteln, dass sie f\u00fcr die Gesellschaft verst\u00e4ndlich sind und ein Austausch dar\u00fcber gef\u00f6rdert wird. Dazu m\u00f6chten wir als digiDEM Bayern-Projektteam beitragen, jetzt auch mit <strong><em>digiDEM Bayern Science Wach LIVE<\/em><\/strong>.<\/p>","protected":false},"excerpt":{"rendered":"<p>Was verbirgt sich hinter dem H\u00f6rsinn? Neben der Orientierung, geistigen Anregung und der Verst\u00e4ndigung mit Anderen liefert er entscheidende Funktionen f\u00fcr das allt\u00e4gliche Leben. Auch im Zusammenhang mit Demenz ist die auditive Wahrnehmung von Bedeutung. Sie kann dabei helfen, Fehldiagnosen vorzubeugen und die Gefahr der gesundheitlichen Fehlversorgung einzud\u00e4mmen. In unserem &hellip;<\/p>","protected":false},"author":11,"featured_media":4349,"comment_status":"open","ping_status":"closed","sticky":false,"template":"","format":"standard","meta":{"qubely_global_settings":"true","qubely_interactions":"","_uag_custom_page_level_css":"","footnotes":""},"categories":[123],"tags":[13,12,95,14,17,55,204,207,205,94],"class_list":["post-6835","post","type-post","status-publish","format-standard","has-post-thumbnail","hentry","category-sciene-watch-live-archiv","tag-alzheimer","tag-demenz-2","tag-demenzforschung","tag-digidem","tag-digidem-bayern","tag-digitales-demenzregister-bayern","tag-hoeren","tag-hoeren-und-demenz","tag-hoerverlust","tag-webinar"],"qubely_featured_image_url":{"full":["https:\/\/digidem-bayern.de\/wp-content\/uploads\/2020\/01\/senior-3336451_1280.jpg",1280,960,false],"landscape":["https:\/\/digidem-bayern.de\/wp-content\/uploads\/2020\/01\/senior-3336451_1280-1200x750.jpg",1200,750,true],"portraits":["https:\/\/digidem-bayern.de\/wp-content\/uploads\/2020\/01\/senior-3336451_1280-540x320.jpg",540,320,true],"thumbnail":["https:\/\/digidem-bayern.de\/wp-content\/uploads\/2020\/01\/senior-3336451_1280-80x80.jpg",80,80,true],"medium":["https:\/\/digidem-bayern.de\/wp-content\/uploads\/2020\/01\/senior-3336451_1280-300x225.jpg",300,225,true],"medium_large":["https:\/\/digidem-bayern.de\/wp-content\/uploads\/2020\/01\/senior-3336451_1280-768x576.jpg",768,576,true],"large":["https:\/\/digidem-bayern.de\/wp-content\/uploads\/2020\/01\/senior-3336451_1280-1030x773.jpg",1030,773,true],"1536x1536":["https:\/\/digidem-bayern.de\/wp-content\/uploads\/2020\/01\/senior-3336451_1280.jpg",1280,960,false],"2048x2048":["https:\/\/digidem-bayern.de\/wp-content\/uploads\/2020\/01\/senior-3336451_1280.jpg",1280,960,false],"trp-custom-language-flag":["https:\/\/digidem-bayern.de\/wp-content\/uploads\/2020\/01\/senior-3336451_1280.jpg",16,12,false],"qubely_landscape":["https:\/\/digidem-bayern.de\/wp-content\/uploads\/2020\/01\/senior-3336451_1280-1200x750.jpg",1200,750,true],"qubely_portrait":["https:\/\/digidem-bayern.de\/wp-content\/uploads\/2020\/01\/senior-3336451_1280-540x320.jpg",540,320,true],"qubely_thumbnail":["https:\/\/digidem-bayern.de\/wp-content\/uploads\/2020\/01\/senior-3336451_1280-140x100.jpg",140,100,true],"post-thumbnail":["https:\/\/digidem-bayern.de\/wp-content\/uploads\/2020\/01\/senior-3336451_1280-467x350.jpg",467,350,true],"kahuna-featured":["https:\/\/digidem-bayern.de\/wp-content\/uploads\/2020\/01\/senior-3336451_1280-495x350.jpg",495,350,true],"kahuna-featured-lp":["https:\/\/digidem-bayern.de\/wp-content\/uploads\/2020\/01\/senior-3336451_1280-690x350.jpg",520,264,true],"kahuna-featured-half":["https:\/\/digidem-bayern.de\/wp-content\/uploads\/2020\/01\/senior-3336451_1280-800x350.jpg",800,350,true],"kahuna-featured-third":["https:\/\/digidem-bayern.de\/wp-content\/uploads\/2020\/01\/senior-3336451_1280-512x350.jpg",512,350,true],"kahuna-lpbox-1":["https:\/\/digidem-bayern.de\/wp-content\/uploads\/2020\/01\/senior-3336451_1280-460x350.jpg",394,300,true],"kahuna-lpbox-2":["https:\/\/digidem-bayern.de\/wp-content\/uploads\/2020\/01\/senior-3336451_1280-460x350.jpg",460,350,true],"demand-language-flag":["https:\/\/digidem-bayern.de\/wp-content\/uploads\/2020\/01\/senior-3336451_1280.jpg",36,27,false],"dddkt-language-flag":["https:\/\/digidem-bayern.de\/wp-content\/uploads\/2020\/01\/senior-3336451_1280.jpg",36,27,false],"ddiqc-language-flag":["https:\/\/digidem-bayern.de\/wp-content\/uploads\/2020\/01\/senior-3336451_1280.jpg",36,27,false],"ddtl-language-flag":["https:\/\/digidem-bayern.de\/wp-content\/uploads\/2020\/01\/senior-3336451_1280.jpg",36,27,false],"mailpoet_newsletter_max":["https:\/\/digidem-bayern.de\/wp-content\/uploads\/2020\/01\/senior-3336451_1280.jpg",1280,960,false],"kahuna-lpbox-3":["https:\/\/digidem-bayern.de\/wp-content\/uploads\/2020\/01\/senior-3336451_1280-460x350.jpg",460,350,true],"kahuna-featured-square":["https:\/\/digidem-bayern.de\/wp-content\/uploads\/2020\/01\/senior-3336451_1280-512x512.jpg",512,512,true],"kahuna-featured-square-large":["https:\/\/digidem-bayern.de\/wp-content\/uploads\/2020\/01\/senior-3336451_1280-1024x960.jpg",1024,960,true]},"qubely_author":{"display_name":"Michael Zeiler","author_link":"https:\/\/digidem-bayern.de\/en\/author\/michael-zeiler\/"},"qubely_comment":0,"qubely_category":"<a href=\"https:\/\/digidem-bayern.de\/en\/category\/sciene-watch-live-archiv\/\" rel=\"category tag\">Sciene Watch Live ARCHIV<\/a>","qubely_excerpt":"Was verbirgt sich hinter dem H\u00f6rsinn? Neben der Orientierung, geistigen Anregung und der Verst\u00e4ndigung mit Anderen liefert er entscheidende Funktionen f\u00fcr das allt\u00e4gliche Leben. Auch im Zusammenhang mit Demenz ist die auditive Wahrnehmung von Bedeutung. Sie kann dabei helfen, Fehldiagnosen vorzubeugen und die Gefahr der gesundheitlichen Fehlversorgung einzud\u00e4mmen. In unserem &hellip;","featured_image_urls_v2":{"full":["https:\/\/digidem-bayern.de\/wp-content\/uploads\/2020\/01\/senior-3336451_1280.jpg",1280,960,false],"thumbnail":["https:\/\/digidem-bayern.de\/wp-content\/uploads\/2020\/01\/senior-3336451_1280-80x80.jpg",80,80,true],"medium":["https:\/\/digidem-bayern.de\/wp-content\/uploads\/2020\/01\/senior-3336451_1280-300x225.jpg",300,225,true],"medium_large":["https:\/\/digidem-bayern.de\/wp-content\/uploads\/2020\/01\/senior-3336451_1280-768x576.jpg",768,576,true],"large":["https:\/\/digidem-bayern.de\/wp-content\/uploads\/2020\/01\/senior-3336451_1280-1030x773.jpg",1030,773,true],"1536x1536":["https:\/\/digidem-bayern.de\/wp-content\/uploads\/2020\/01\/senior-3336451_1280.jpg",1280,960,false],"2048x2048":["https:\/\/digidem-bayern.de\/wp-content\/uploads\/2020\/01\/senior-3336451_1280.jpg",1280,960,false],"trp-custom-language-flag":["https:\/\/digidem-bayern.de\/wp-content\/uploads\/2020\/01\/senior-3336451_1280.jpg",16,12,false],"qubely_landscape":["https:\/\/digidem-bayern.de\/wp-content\/uploads\/2020\/01\/senior-3336451_1280-1200x750.jpg",1200,750,true],"qubely_portrait":["https:\/\/digidem-bayern.de\/wp-content\/uploads\/2020\/01\/senior-3336451_1280-540x320.jpg",540,320,true],"qubely_thumbnail":["https:\/\/digidem-bayern.de\/wp-content\/uploads\/2020\/01\/senior-3336451_1280-140x100.jpg",140,100,true],"post-thumbnail":["https:\/\/digidem-bayern.de\/wp-content\/uploads\/2020\/01\/senior-3336451_1280-467x350.jpg",467,350,true],"kahuna-featured":["https:\/\/digidem-bayern.de\/wp-content\/uploads\/2020\/01\/senior-3336451_1280-495x350.jpg",495,350,true],"kahuna-featured-lp":["https:\/\/digidem-bayern.de\/wp-content\/uploads\/2020\/01\/senior-3336451_1280-690x350.jpg",520,264,true],"kahuna-featured-half":["https:\/\/digidem-bayern.de\/wp-content\/uploads\/2020\/01\/senior-3336451_1280-800x350.jpg",800,350,true],"kahuna-featured-third":["https:\/\/digidem-bayern.de\/wp-content\/uploads\/2020\/01\/senior-3336451_1280-512x350.jpg",512,350,true],"kahuna-lpbox-1":["https:\/\/digidem-bayern.de\/wp-content\/uploads\/2020\/01\/senior-3336451_1280-460x350.jpg",394,300,true],"kahuna-lpbox-2":["https:\/\/digidem-bayern.de\/wp-content\/uploads\/2020\/01\/senior-3336451_1280-460x350.jpg",460,350,true],"demand-language-flag":["https:\/\/digidem-bayern.de\/wp-content\/uploads\/2020\/01\/senior-3336451_1280.jpg",36,27,false],"dddkt-language-flag":["https:\/\/digidem-bayern.de\/wp-content\/uploads\/2020\/01\/senior-3336451_1280.jpg",36,27,false],"ddiqc-language-flag":["https:\/\/digidem-bayern.de\/wp-content\/uploads\/2020\/01\/senior-3336451_1280.jpg",36,27,false],"ddtl-language-flag":["https:\/\/digidem-bayern.de\/wp-content\/uploads\/2020\/01\/senior-3336451_1280.jpg",36,27,false],"mailpoet_newsletter_max":["https:\/\/digidem-bayern.de\/wp-content\/uploads\/2020\/01\/senior-3336451_1280.jpg",1280,960,false],"kahuna-lpbox-3":["https:\/\/digidem-bayern.de\/wp-content\/uploads\/2020\/01\/senior-3336451_1280-460x350.jpg",460,350,true],"kahuna-featured-square":["https:\/\/digidem-bayern.de\/wp-content\/uploads\/2020\/01\/senior-3336451_1280-512x512.jpg",512,512,true],"kahuna-featured-square-large":["https:\/\/digidem-bayern.de\/wp-content\/uploads\/2020\/01\/senior-3336451_1280-1024x960.jpg",1024,960,true]},"post_excerpt_stackable_v2":"<p>Was verbirgt sich hinter dem H\u00f6rsinn? Neben der Orientierung, geistigen Anregung und der Verst\u00e4ndigung mit Anderen liefert er entscheidende Funktionen f\u00fcr das allt\u00e4gliche Leben. Auch im Zusammenhang mit Demenz ist die auditive Wahrnehmung von Bedeutung. Sie kann dabei helfen, Fehldiagnosen vorzubeugen und die Gefahr der gesundheitlichen Fehlversorgung einzud\u00e4mmen. In unserem ersten Teil der &#8222;H\u00f6ren und Demenz&#8220;-Webinar-Reihe geht es daher insbesondere um Fakten zu H\u00f6rverlust und Demenz. Hier gibt es das Webinar als PDF zum Download. Fragen der Teilnehmer*innen und Antworten des Webinar-Teams: Warum waren bei der Studie mit dem Titel \u201eHearing loss and the risk of dementia in later life\u201c&hellip;<\/p>\n","category_list_v2":"<a href=\"https:\/\/digidem-bayern.de\/en\/category\/sciene-watch-live-archiv\/\" rel=\"category tag\">Sciene Watch Live ARCHIV<\/a>","author_info_v2":{"name":"Michael Zeiler","url":"https:\/\/digidem-bayern.de\/en\/author\/michael-zeiler\/"},"comments_num_v2":"0 comments","yoast_head":"<!-- This site is optimized with the Yoast SEO plugin v27.5 - https:\/\/yoast.com\/product\/yoast-seo-wordpress\/ -->\n<title>H\u00f6ren &amp; Demenz - Teil 1 - digiDEM Bayern<\/title>\n<meta name=\"description\" content=\"Im Webinar &quot;digiDEM Bayern Science Watch LIVE&quot; behandeln Wissenschaftler ein Thema aus der Demenzforschung und stehen live f\u00fcr Fragen zur Verf\u00fcgung.\" \/>\n<meta name=\"robots\" content=\"index, follow, max-snippet:-1, max-image-preview:large, max-video-preview:-1\" \/>\n<link rel=\"canonical\" href=\"https:\/\/digidem-bayern.de\/en\/webinar-hoeren-demenz-teil-1\/\" \/>\n<meta property=\"og:locale\" content=\"en_US\" \/>\n<meta property=\"og:type\" content=\"article\" \/>\n<meta property=\"og:title\" content=\"H\u00f6ren &amp; Demenz - Teil 1 - digiDEM Bayern\" \/>\n<meta property=\"og:description\" content=\"Im Webinar &quot;digiDEM Bayern Science Watch LIVE&quot; behandeln Wissenschaftler ein Thema aus der Demenzforschung und stehen live f\u00fcr Fragen zur Verf\u00fcgung.\" \/>\n<meta property=\"og:url\" content=\"https:\/\/digidem-bayern.de\/en\/webinar-hoeren-demenz-teil-1\/\" \/>\n<meta property=\"og:site_name\" content=\"digiDEM Bayern\" \/>\n<meta property=\"article:publisher\" content=\"https:\/\/www.facebook.com\/digiDEMBayern\/\" \/>\n<meta property=\"article:published_time\" content=\"2020-09-09T12:51:54+00:00\" \/>\n<meta property=\"article:modified_time\" content=\"2024-04-24T08:38:16+00:00\" \/>\n<meta property=\"og:image\" content=\"https:\/\/digidem-bayern.de\/wp-content\/uploads\/2020\/01\/senior-3336451_1280.jpg\" \/>\n\t<meta property=\"og:image:width\" content=\"1280\" \/>\n\t<meta property=\"og:image:height\" content=\"960\" \/>\n\t<meta property=\"og:image:type\" content=\"image\/jpeg\" \/>\n<meta name=\"author\" content=\"Michael Zeiler\" \/>\n<meta name=\"twitter:label1\" content=\"Written by\" \/>\n\t<meta name=\"twitter:data1\" content=\"Michael Zeiler\" \/>\n\t<meta name=\"twitter:label2\" content=\"Est. reading time\" \/>\n\t<meta name=\"twitter:data2\" content=\"3 minutes\" \/>\n<script type=\"application\/ld+json\" class=\"yoast-schema-graph\">{\"@context\":\"https:\\\/\\\/schema.org\",\"@graph\":[{\"@type\":\"Article\",\"@id\":\"https:\\\/\\\/digidem-bayern.de\\\/webinar-hoeren-demenz-teil-1\\\/#article\",\"isPartOf\":{\"@id\":\"https:\\\/\\\/digidem-bayern.de\\\/webinar-hoeren-demenz-teil-1\\\/\"},\"author\":{\"name\":\"Michael Zeiler\",\"@id\":\"\\\/#\\\/schema\\\/person\\\/92754ad381f49b3c358d1d8d2c4f90b8\"},\"headline\":\"H\u00f6ren &#038; Demenz &#8211; Teil 1\",\"datePublished\":\"2020-09-09T12:51:54+00:00\",\"dateModified\":\"2024-04-24T08:38:16+00:00\",\"mainEntityOfPage\":{\"@id\":\"https:\\\/\\\/digidem-bayern.de\\\/webinar-hoeren-demenz-teil-1\\\/\"},\"wordCount\":568,\"commentCount\":0,\"publisher\":{\"@id\":\"\\\/#organization\"},\"image\":{\"@id\":\"https:\\\/\\\/digidem-bayern.de\\\/webinar-hoeren-demenz-teil-1\\\/#primaryimage\"},\"thumbnailUrl\":\"https:\\\/\\\/digidem-bayern.de\\\/wp-content\\\/uploads\\\/2020\\\/01\\\/senior-3336451_1280.jpg\",\"keywords\":[\"Alzheimer\",\"Demenz\",\"Demenzforschung\",\"digidem\",\"digidem Bayern\",\"Digitales Demenzregister Bayern\",\"h\u00f6ren\",\"H\u00f6ren und Demenz\",\"H\u00f6rverlust\",\"Webinar\"],\"articleSection\":[\"Sciene Watch Live ARCHIV\"],\"inLanguage\":\"en-US\",\"potentialAction\":[{\"@type\":\"CommentAction\",\"name\":\"Comment\",\"target\":[\"https:\\\/\\\/digidem-bayern.de\\\/webinar-hoeren-demenz-teil-1\\\/#respond\"]}]},{\"@type\":\"WebPage\",\"@id\":\"https:\\\/\\\/digidem-bayern.de\\\/webinar-hoeren-demenz-teil-1\\\/\",\"url\":\"https:\\\/\\\/digidem-bayern.de\\\/webinar-hoeren-demenz-teil-1\\\/\",\"name\":\"H\u00f6ren & Demenz - Teil 1 - digiDEM Bayern\",\"isPartOf\":{\"@id\":\"\\\/#website\"},\"primaryImageOfPage\":{\"@id\":\"https:\\\/\\\/digidem-bayern.de\\\/webinar-hoeren-demenz-teil-1\\\/#primaryimage\"},\"image\":{\"@id\":\"https:\\\/\\\/digidem-bayern.de\\\/webinar-hoeren-demenz-teil-1\\\/#primaryimage\"},\"thumbnailUrl\":\"https:\\\/\\\/digidem-bayern.de\\\/wp-content\\\/uploads\\\/2020\\\/01\\\/senior-3336451_1280.jpg\",\"datePublished\":\"2020-09-09T12:51:54+00:00\",\"dateModified\":\"2024-04-24T08:38:16+00:00\",\"description\":\"Im Webinar \\\"digiDEM Bayern Science Watch LIVE\\\" behandeln Wissenschaftler ein Thema aus der Demenzforschung und stehen live f\u00fcr Fragen zur Verf\u00fcgung.\",\"breadcrumb\":{\"@id\":\"https:\\\/\\\/digidem-bayern.de\\\/webinar-hoeren-demenz-teil-1\\\/#breadcrumb\"},\"inLanguage\":\"en-US\",\"potentialAction\":[{\"@type\":\"ReadAction\",\"target\":[\"https:\\\/\\\/digidem-bayern.de\\\/webinar-hoeren-demenz-teil-1\\\/\"]}]},{\"@type\":\"ImageObject\",\"inLanguage\":\"en-US\",\"@id\":\"https:\\\/\\\/digidem-bayern.de\\\/webinar-hoeren-demenz-teil-1\\\/#primaryimage\",\"url\":\"https:\\\/\\\/digidem-bayern.de\\\/wp-content\\\/uploads\\\/2020\\\/01\\\/senior-3336451_1280.jpg\",\"contentUrl\":\"https:\\\/\\\/digidem-bayern.de\\\/wp-content\\\/uploads\\\/2020\\\/01\\\/senior-3336451_1280.jpg\",\"width\":1280,\"height\":960,\"caption\":\"\u00c4lteres Paar beim Spaziergang, von hinten.\"},{\"@type\":\"BreadcrumbList\",\"@id\":\"https:\\\/\\\/digidem-bayern.de\\\/webinar-hoeren-demenz-teil-1\\\/#breadcrumb\",\"itemListElement\":[{\"@type\":\"ListItem\",\"position\":1,\"name\":\"Startseite\",\"item\":\"https:\\\/\\\/digidem-bayern.de\\\/\"},{\"@type\":\"ListItem\",\"position\":2,\"name\":\"H\u00f6ren &#038; Demenz &#8211; Teil 1\"}]},{\"@type\":\"WebSite\",\"@id\":\"\\\/#website\",\"url\":\"\\\/\",\"name\":\"digiDEM Bayern\",\"description\":\"Das digitale Demenzregister Bayern erforscht und verbessert die Angebotsstuktur f\u00fcr Menschen mit Demenz und deren Angeh\u00f6rige\",\"publisher\":{\"@id\":\"\\\/#organization\"},\"potentialAction\":[{\"@type\":\"SearchAction\",\"target\":{\"@type\":\"EntryPoint\",\"urlTemplate\":\"\\\/?s={search_term_string}\"},\"query-input\":{\"@type\":\"PropertyValueSpecification\",\"valueRequired\":true,\"valueName\":\"search_term_string\"}}],\"inLanguage\":\"en-US\"},{\"@type\":\"Organization\",\"@id\":\"\\\/#organization\",\"name\":\"digiDEM Bayern\",\"url\":\"\\\/\",\"logo\":{\"@type\":\"ImageObject\",\"inLanguage\":\"en-US\",\"@id\":\"\\\/#\\\/schema\\\/logo\\\/image\\\/\",\"url\":\"https:\\\/\\\/digidem-bayern.de\\\/wp-content\\\/uploads\\\/2022\\\/03\\\/cropped-Allgemeines_digiDEMLOGO-removebg-preview.png\",\"contentUrl\":\"https:\\\/\\\/digidem-bayern.de\\\/wp-content\\\/uploads\\\/2022\\\/03\\\/cropped-Allgemeines_digiDEMLOGO-removebg-preview.png\",\"width\":612,\"height\":357,\"caption\":\"digiDEM Bayern\"},\"image\":{\"@id\":\"\\\/#\\\/schema\\\/logo\\\/image\\\/\"},\"sameAs\":[\"https:\\\/\\\/www.facebook.com\\\/digiDEMBayern\\\/\",\"https:\\\/\\\/x.com\\\/digidem_bayern\",\"https:\\\/\\\/www.instagram.com\\\/digidem.bayern\",\"https:\\\/\\\/www.linkedin.com\\\/company\\\/digidem-bayern\\\/\"]},{\"@type\":\"Person\",\"@id\":\"\\\/#\\\/schema\\\/person\\\/92754ad381f49b3c358d1d8d2c4f90b8\",\"name\":\"Michael Zeiler\",\"url\":\"https:\\\/\\\/digidem-bayern.de\\\/en\\\/author\\\/michael-zeiler\\\/\"}]}<\/script>\n<!-- \/ Yoast SEO plugin. -->","yoast_head_json":{"title":"H\u00f6ren & Demenz - Teil 1 - digiDEM Bayern","description":"Im Webinar \"digiDEM Bayern Science Watch LIVE\" behandeln Wissenschaftler ein Thema aus der Demenzforschung und stehen live f\u00fcr Fragen zur Verf\u00fcgung.","robots":{"index":"index","follow":"follow","max-snippet":"max-snippet:-1","max-image-preview":"max-image-preview:large","max-video-preview":"max-video-preview:-1"},"canonical":"https:\/\/digidem-bayern.de\/en\/webinar-hoeren-demenz-teil-1\/","og_locale":"en_US","og_type":"article","og_title":"H\u00f6ren & Demenz - Teil 1 - digiDEM Bayern","og_description":"Im Webinar \"digiDEM Bayern Science Watch LIVE\" behandeln Wissenschaftler ein Thema aus der Demenzforschung und stehen live f\u00fcr Fragen zur Verf\u00fcgung.","og_url":"https:\/\/digidem-bayern.de\/en\/webinar-hoeren-demenz-teil-1\/","og_site_name":"digiDEM Bayern","article_publisher":"https:\/\/www.facebook.com\/digiDEMBayern\/","article_published_time":"2020-09-09T12:51:54+00:00","article_modified_time":"2024-04-24T08:38:16+00:00","og_image":[{"width":1280,"height":960,"url":"https:\/\/digidem-bayern.de\/wp-content\/uploads\/2020\/01\/senior-3336451_1280.jpg","type":"image\/jpeg"}],"author":"Michael Zeiler","twitter_misc":{"Written by":"Michael Zeiler","Est. reading time":"3 minutes"},"schema":{"@context":"https:\/\/schema.org","@graph":[{"@type":"Article","@id":"https:\/\/digidem-bayern.de\/webinar-hoeren-demenz-teil-1\/#article","isPartOf":{"@id":"https:\/\/digidem-bayern.de\/webinar-hoeren-demenz-teil-1\/"},"author":{"name":"Michael Zeiler","@id":"\/#\/schema\/person\/92754ad381f49b3c358d1d8d2c4f90b8"},"headline":"H\u00f6ren &#038; Demenz &#8211; Teil 1","datePublished":"2020-09-09T12:51:54+00:00","dateModified":"2024-04-24T08:38:16+00:00","mainEntityOfPage":{"@id":"https:\/\/digidem-bayern.de\/webinar-hoeren-demenz-teil-1\/"},"wordCount":568,"commentCount":0,"publisher":{"@id":"\/#organization"},"image":{"@id":"https:\/\/digidem-bayern.de\/webinar-hoeren-demenz-teil-1\/#primaryimage"},"thumbnailUrl":"https:\/\/digidem-bayern.de\/wp-content\/uploads\/2020\/01\/senior-3336451_1280.jpg","keywords":["Alzheimer","Demenz","Demenzforschung","digidem","digidem Bayern","Digitales Demenzregister Bayern","h\u00f6ren","H\u00f6ren und Demenz","H\u00f6rverlust","Webinar"],"articleSection":["Sciene Watch Live ARCHIV"],"inLanguage":"en-US","potentialAction":[{"@type":"CommentAction","name":"Comment","target":["https:\/\/digidem-bayern.de\/webinar-hoeren-demenz-teil-1\/#respond"]}]},{"@type":"WebPage","@id":"https:\/\/digidem-bayern.de\/webinar-hoeren-demenz-teil-1\/","url":"https:\/\/digidem-bayern.de\/webinar-hoeren-demenz-teil-1\/","name":"H\u00f6ren & Demenz - Teil 1 - digiDEM Bayern","isPartOf":{"@id":"\/#website"},"primaryImageOfPage":{"@id":"https:\/\/digidem-bayern.de\/webinar-hoeren-demenz-teil-1\/#primaryimage"},"image":{"@id":"https:\/\/digidem-bayern.de\/webinar-hoeren-demenz-teil-1\/#primaryimage"},"thumbnailUrl":"https:\/\/digidem-bayern.de\/wp-content\/uploads\/2020\/01\/senior-3336451_1280.jpg","datePublished":"2020-09-09T12:51:54+00:00","dateModified":"2024-04-24T08:38:16+00:00","description":"Im Webinar \"digiDEM Bayern Science Watch LIVE\" behandeln Wissenschaftler ein Thema aus der Demenzforschung und stehen live f\u00fcr Fragen zur Verf\u00fcgung.","breadcrumb":{"@id":"https:\/\/digidem-bayern.de\/webinar-hoeren-demenz-teil-1\/#breadcrumb"},"inLanguage":"en-US","potentialAction":[{"@type":"ReadAction","target":["https:\/\/digidem-bayern.de\/webinar-hoeren-demenz-teil-1\/"]}]},{"@type":"ImageObject","inLanguage":"en-US","@id":"https:\/\/digidem-bayern.de\/webinar-hoeren-demenz-teil-1\/#primaryimage","url":"https:\/\/digidem-bayern.de\/wp-content\/uploads\/2020\/01\/senior-3336451_1280.jpg","contentUrl":"https:\/\/digidem-bayern.de\/wp-content\/uploads\/2020\/01\/senior-3336451_1280.jpg","width":1280,"height":960,"caption":"\u00c4lteres Paar beim Spaziergang, von hinten."},{"@type":"BreadcrumbList","@id":"https:\/\/digidem-bayern.de\/webinar-hoeren-demenz-teil-1\/#breadcrumb","itemListElement":[{"@type":"ListItem","position":1,"name":"Startseite","item":"https:\/\/digidem-bayern.de\/"},{"@type":"ListItem","position":2,"name":"H\u00f6ren &#038; Demenz &#8211; Teil 1"}]},{"@type":"WebSite","@id":"\/#website","url":"\/","name":"digiDEM Bavaria","description":"The digital dementia register in Bavaria researches and improves the structure of services for people with dementia and their relatives","publisher":{"@id":"\/#organization"},"potentialAction":[{"@type":"SearchAction","target":{"@type":"EntryPoint","urlTemplate":"\/?s={search_term_string}"},"query-input":{"@type":"PropertyValueSpecification","valueRequired":true,"valueName":"search_term_string"}}],"inLanguage":"en-US"},{"@type":"Organization","@id":"\/#organization","name":"digiDEM Bavaria","url":"\/","logo":{"@type":"ImageObject","inLanguage":"en-US","@id":"\/#\/schema\/logo\/image\/","url":"https:\/\/digidem-bayern.de\/wp-content\/uploads\/2022\/03\/cropped-Allgemeines_digiDEMLOGO-removebg-preview.png","contentUrl":"https:\/\/digidem-bayern.de\/wp-content\/uploads\/2022\/03\/cropped-Allgemeines_digiDEMLOGO-removebg-preview.png","width":612,"height":357,"caption":"digiDEM Bayern"},"image":{"@id":"\/#\/schema\/logo\/image\/"},"sameAs":["https:\/\/www.facebook.com\/digiDEMBayern\/","https:\/\/x.com\/digidem_bayern","https:\/\/www.instagram.com\/digidem.bayern","https:\/\/www.linkedin.com\/company\/digidem-bayern\/"]},{"@type":"Person","@id":"\/#\/schema\/person\/92754ad381f49b3c358d1d8d2c4f90b8","name":"Michael Zeiler","url":"https:\/\/digidem-bayern.de\/en\/author\/michael-zeiler\/"}]}},"uagb_featured_image_src":{"full":["https:\/\/digidem-bayern.de\/wp-content\/uploads\/2020\/01\/senior-3336451_1280.jpg",1280,960,false],"thumbnail":["https:\/\/digidem-bayern.de\/wp-content\/uploads\/2020\/01\/senior-3336451_1280-80x80.jpg",80,80,true],"medium":["https:\/\/digidem-bayern.de\/wp-content\/uploads\/2020\/01\/senior-3336451_1280-300x225.jpg",300,225,true],"medium_large":["https:\/\/digidem-bayern.de\/wp-content\/uploads\/2020\/01\/senior-3336451_1280-768x576.jpg",768,576,true],"large":["https:\/\/digidem-bayern.de\/wp-content\/uploads\/2020\/01\/senior-3336451_1280-1030x773.jpg",1030,773,true],"1536x1536":["https:\/\/digidem-bayern.de\/wp-content\/uploads\/2020\/01\/senior-3336451_1280.jpg",1280,960,false],"2048x2048":["https:\/\/digidem-bayern.de\/wp-content\/uploads\/2020\/01\/senior-3336451_1280.jpg",1280,960,false],"trp-custom-language-flag":["https:\/\/digidem-bayern.de\/wp-content\/uploads\/2020\/01\/senior-3336451_1280.jpg",16,12,false],"qubely_landscape":["https:\/\/digidem-bayern.de\/wp-content\/uploads\/2020\/01\/senior-3336451_1280-1200x750.jpg",1200,750,true],"qubely_portrait":["https:\/\/digidem-bayern.de\/wp-content\/uploads\/2020\/01\/senior-3336451_1280-540x320.jpg",540,320,true],"qubely_thumbnail":["https:\/\/digidem-bayern.de\/wp-content\/uploads\/2020\/01\/senior-3336451_1280-140x100.jpg",140,100,true],"post-thumbnail":["https:\/\/digidem-bayern.de\/wp-content\/uploads\/2020\/01\/senior-3336451_1280-467x350.jpg",467,350,true],"kahuna-featured":["https:\/\/digidem-bayern.de\/wp-content\/uploads\/2020\/01\/senior-3336451_1280-495x350.jpg",495,350,true],"kahuna-featured-lp":["https:\/\/digidem-bayern.de\/wp-content\/uploads\/2020\/01\/senior-3336451_1280-690x350.jpg",520,264,true],"kahuna-featured-half":["https:\/\/digidem-bayern.de\/wp-content\/uploads\/2020\/01\/senior-3336451_1280-800x350.jpg",800,350,true],"kahuna-featured-third":["https:\/\/digidem-bayern.de\/wp-content\/uploads\/2020\/01\/senior-3336451_1280-512x350.jpg",512,350,true],"kahuna-lpbox-1":["https:\/\/digidem-bayern.de\/wp-content\/uploads\/2020\/01\/senior-3336451_1280-460x350.jpg",394,300,true],"kahuna-lpbox-2":["https:\/\/digidem-bayern.de\/wp-content\/uploads\/2020\/01\/senior-3336451_1280-460x350.jpg",460,350,true],"demand-language-flag":["https:\/\/digidem-bayern.de\/wp-content\/uploads\/2020\/01\/senior-3336451_1280.jpg",36,27,false],"dddkt-language-flag":["https:\/\/digidem-bayern.de\/wp-content\/uploads\/2020\/01\/senior-3336451_1280.jpg",36,27,false],"ddiqc-language-flag":["https:\/\/digidem-bayern.de\/wp-content\/uploads\/2020\/01\/senior-3336451_1280.jpg",36,27,false],"ddtl-language-flag":["https:\/\/digidem-bayern.de\/wp-content\/uploads\/2020\/01\/senior-3336451_1280.jpg",36,27,false],"mailpoet_newsletter_max":["https:\/\/digidem-bayern.de\/wp-content\/uploads\/2020\/01\/senior-3336451_1280.jpg",1280,960,false],"kahuna-lpbox-3":["https:\/\/digidem-bayern.de\/wp-content\/uploads\/2020\/01\/senior-3336451_1280-460x350.jpg",460,350,true],"kahuna-featured-square":["https:\/\/digidem-bayern.de\/wp-content\/uploads\/2020\/01\/senior-3336451_1280-512x512.jpg",512,512,true],"kahuna-featured-square-large":["https:\/\/digidem-bayern.de\/wp-content\/uploads\/2020\/01\/senior-3336451_1280-1024x960.jpg",1024,960,true]},"uagb_author_info":{"display_name":"Michael Zeiler","author_link":"https:\/\/digidem-bayern.de\/en\/author\/michael-zeiler\/"},"uagb_comment_info":0,"uagb_excerpt":"Was verbirgt sich hinter dem H\u00f6rsinn? Neben der Orientierung, geistigen Anregung und der Verst\u00e4ndigung mit Anderen liefert er entscheidende Funktionen f\u00fcr das allt\u00e4gliche Leben. Auch im Zusammenhang mit Demenz ist die auditive Wahrnehmung von Bedeutung. Sie kann dabei helfen, Fehldiagnosen vorzubeugen und die Gefahr der gesundheitlichen Fehlversorgung einzud\u00e4mmen. In unserem &hellip;","_links":{"self":[{"href":"https:\/\/digidem-bayern.de\/en\/wp-json\/wp\/v2\/posts\/6835","targetHints":{"allow":["GET"]}}],"collection":[{"href":"https:\/\/digidem-bayern.de\/en\/wp-json\/wp\/v2\/posts"}],"about":[{"href":"https:\/\/digidem-bayern.de\/en\/wp-json\/wp\/v2\/types\/post"}],"author":[{"embeddable":true,"href":"https:\/\/digidem-bayern.de\/en\/wp-json\/wp\/v2\/users\/11"}],"replies":[{"embeddable":true,"href":"https:\/\/digidem-bayern.de\/en\/wp-json\/wp\/v2\/comments?post=6835"}],"version-history":[{"count":6,"href":"https:\/\/digidem-bayern.de\/en\/wp-json\/wp\/v2\/posts\/6835\/revisions"}],"predecessor-version":[{"id":34534,"href":"https:\/\/digidem-bayern.de\/en\/wp-json\/wp\/v2\/posts\/6835\/revisions\/34534"}],"wp:featuredmedia":[{"embeddable":true,"href":"https:\/\/digidem-bayern.de\/en\/wp-json\/wp\/v2\/media\/4349"}],"wp:attachment":[{"href":"https:\/\/digidem-bayern.de\/en\/wp-json\/wp\/v2\/media?parent=6835"}],"wp:term":[{"taxonomy":"category","embeddable":true,"href":"https:\/\/digidem-bayern.de\/en\/wp-json\/wp\/v2\/categories?post=6835"},{"taxonomy":"post_tag","embeddable":true,"href":"https:\/\/digidem-bayern.de\/en\/wp-json\/wp\/v2\/tags?post=6835"}],"curies":[{"name":"wp","href":"https:\/\/api.w.org\/{rel}","templated":true}]}}