{"id":6432,"date":"2020-07-22T13:11:37","date_gmt":"2020-07-22T11:11:37","guid":{"rendered":"https:\/\/digidem-bayern.de\/?p=6432"},"modified":"2020-09-02T16:33:00","modified_gmt":"2020-09-02T14:33:00","slug":"positives-fazit-nach-drei-monaten-science-watch-live","status":"publish","type":"post","link":"https:\/\/digidem-bayern.de\/en\/positives-fazit-nach-drei-monaten-science-watch-live\/","title":{"rendered":"Positives Fazit nach drei Monaten &#8222;Science Watch LIVE&#8220;"},"content":{"rendered":"<h4 class=\"wp-block-heading\">Wissenschaft verst\u00e4ndlich erkl\u00e4rt: In unserer Webinar-Reihe digiDEM Bayern Science Watch LIVE erl\u00e4utern Wissenschaftler*innen aus dem Projektteam regelm\u00e4\u00dfig ein Schwerpunkt-Thema aus der internationalen Demenzforschung und stehen live f\u00fcr Fragen zur Verf\u00fcgung. Nach elf Webinaren ziehen wir hier eine kurze Zwischenbilanz.<\/h4>\n\n\n\n<div class=\"wp-block-image\"><figure class=\"alignright size-medium\"><img loading=\"lazy\" decoding=\"async\" width=\"300\" height=\"200\" src=\"https:\/\/test.digidem-bayern.de\/wp-content\/uploads\/2020\/04\/laptop-2452814_1280-300x200.jpg\" alt=\"Laptop, daneben eine Kaffeetasse.\" class=\"wp-image-4984\" srcset=\"https:\/\/digidem-bayern.de\/wp-content\/uploads\/2020\/04\/laptop-2452814_1280-300x200.jpg 300w, https:\/\/digidem-bayern.de\/wp-content\/uploads\/2020\/04\/laptop-2452814_1280-1030x686.jpg 1030w, https:\/\/digidem-bayern.de\/wp-content\/uploads\/2020\/04\/laptop-2452814_1280-768x512.jpg 768w, https:\/\/digidem-bayern.de\/wp-content\/uploads\/2020\/04\/laptop-2452814_1280-495x330.jpg 495w, https:\/\/digidem-bayern.de\/wp-content\/uploads\/2020\/04\/laptop-2452814_1280.jpg 1280w\" sizes=\"auto, (max-width: 300px) 100vw, 300px\" \/><\/figure><\/div>\n\n\n\n<p>Science Watch LIVE wurde Anfang April gestartet als Antwort auf die aktuellen Entwicklungen infolge der Corona-Pandemie. Durch das digitale Zusatz-Angebot gelingt es auch w\u00e4hrend der Kontaktbeschr\u00e4nkungen, wissenschaftliche Erkenntnisse rund um Demenzerkrankungen zeit- und ortsunabh\u00e4ngig zug\u00e4nglich zu machen. Dies ist f\u00fcr das digiDEM Bayern-Team insbesondere vor dem Hintergrund massenhaft verbreiteter Halbwahrheiten und Fake News im Zuge der Corona-Krise ein wichtiges Anliegen. Gerade jetzt ist  evidenzbasierte Wissenschaft gefragt. Wir m\u00f6chten aktuelle wissenschaftliche Inhalte so vermitteln, dass sie f\u00fcr eine breite \u00d6ffentlichkeit verst\u00e4ndlich sind. Zudem kann durch die Webinare der Kontakt zu den Forschungspartner*innen, zu Menschen mit Demenz und pflegenden Angeh\u00f6rigen sowie zu Interessierten aus ganz Bayern aufrecht erhalten und gef\u00f6rdert werden.<\/p>\n\n\n\n<p><strong>Knapp 440 Teilnehmende in elf Webinaren<\/strong><\/p>\n\n\n\n<p>Von Anfang April bis Mitte Juli haben knapp 440 Teilnehmende die Webinare besucht. Die Themen reichten von digitalen Angeboten und Gesundheitsapps&nbsp; \u00fcber Ern\u00e4hrung und Sexualit\u00e4t bis hin zur Resilienz &#8211; immer im Zusammenhang mit Demenz und unter Einbeziehung der aktuellsten wissenschaftlichen Erkenntnisse. &nbsp;<\/p>\n\n\n\n<p>Eine \u00dcbersicht aller Webinare finden Sie <a aria-label=\"undefined (opens in a new tab)\" href=\"https:\/\/test.digidem-bayern.de\/science-watch-live\/\" target=\"_blank\" rel=\"noreferrer noopener\">hier<\/a>. Auf den einzelnen Webseiten stehen Videos und die Foliens\u00e4tze der Webinare sowie weiterf\u00fchrende Inhalte zur Verf\u00fcgung. So k\u00f6nnen die Inhalte auch ohne eine Teilnahme am Live-Webinar jederzeit angesehen werden. Dieser Wissenstransfer erm\u00f6glicht es allen Interessierten, sich stetig und dennoch flexibel weiterzubilden und so dazu beizutragen, die Versorgungsqualit\u00e4t von Menschen mit Demenz und pflegenden Angeh\u00f6rigen zu steigern.<\/p>\n\n\n\n<p><strong>Positive R\u00fcckmeldungen  und Austausch im Chat<\/strong><\/p>\n\n\n\n<p>Bislang haben uns zahlreiche positive R\u00fcckmeldungen erreicht, etwa von Mitarbeiter*innen aus Versorgungseinrichtungen oder pflegenden Angeh\u00f6rigen. Auch der Austausch w\u00e4hrend der Webinare belegt das gro\u00dfe Interesse. Im Live-Chat gibt es regelm\u00e4\u00dfig Fragen von Teilnehmenden, die von den Referenten entweder direkt oder im Nachgang beantwortet werden. Auch die Fragen und Antworten werden auf den Webinar-Webseiten ver\u00f6ffentlicht.&nbsp;&nbsp;&nbsp;<\/p>\n\n\n\n<p>Am Mittwoch, 29.07.2020, findet das n\u00e4chste Webinar zum Thema \u201c<a href=\"https:\/\/test.digidem-bayern.de\/webinar-resilienz-und-demenz\/\" target=\"_blank\" aria-label=\"undefined (opens in a new tab)\" rel=\"noreferrer noopener\">Resilienz und Demenz<\/a>\u201d statt. Anfang September wird die Reihe fortgesetzt.<\/p>","protected":false},"excerpt":{"rendered":"<p>Wissenschaft verst\u00e4ndlich erkl\u00e4rt: In unserer Webinar-Reihe digiDEM Bayern Science Watch LIVE erl\u00e4utern Wissenschaftler*innen aus dem Projektteam regelm\u00e4\u00dfig ein Schwerpunkt-Thema aus der internationalen Demenzforschung und stehen live f\u00fcr Fragen zur Verf\u00fcgung. Nach elf Webinaren ziehen wir hier eine kurze Zwischenbilanz. Science Watch LIVE wurde Anfang April gestartet als Antwort auf die &hellip;<\/p>","protected":false},"author":11,"featured_media":4984,"comment_status":"closed","ping_status":"closed","sticky":false,"template":"","format":"standard","meta":{"qubely_global_settings":"","qubely_interactions":"","_uag_custom_page_level_css":"","footnotes":""},"categories":[8],"tags":[95,14,17,55,189,191,206,94,188,190],"class_list":["post-6432","post","type-post","status-publish","format-standard","has-post-thumbnail","hentry","category-aktuelles-zu-digidem","tag-demenzforschung","tag-digidem","tag-digidem-bayern","tag-digitales-demenzregister-bayern","tag-fake-news","tag-science-watch-live","tag-sciene-watch-bilanz-nach-sechs-monaten","tag-webinar","tag-webinare","tag-wissenschaftskommunikation"],"qubely_featured_image_url":{"full":["https:\/\/digidem-bayern.de\/wp-content\/uploads\/2020\/04\/laptop-2452814_1280.jpg",1280,853,false],"landscape":["https:\/\/digidem-bayern.de\/wp-content\/uploads\/2020\/04\/laptop-2452814_1280-1200x750.jpg",1200,750,true],"portraits":["https:\/\/digidem-bayern.de\/wp-content\/uploads\/2020\/04\/laptop-2452814_1280-540x320.jpg",540,320,true],"thumbnail":["https:\/\/digidem-bayern.de\/wp-content\/uploads\/2020\/04\/laptop-2452814_1280-80x80.jpg",80,80,true],"medium":["https:\/\/digidem-bayern.de\/wp-content\/uploads\/2020\/04\/laptop-2452814_1280-300x200.jpg",300,200,true],"medium_large":["https:\/\/digidem-bayern.de\/wp-content\/uploads\/2020\/04\/laptop-2452814_1280-768x512.jpg",768,512,true],"large":["https:\/\/digidem-bayern.de\/wp-content\/uploads\/2020\/04\/laptop-2452814_1280-1030x686.jpg",1030,686,true],"1536x1536":["https:\/\/digidem-bayern.de\/wp-content\/uploads\/2020\/04\/laptop-2452814_1280.jpg",1280,853,false],"2048x2048":["https:\/\/digidem-bayern.de\/wp-content\/uploads\/2020\/04\/laptop-2452814_1280.jpg",1280,853,false],"trp-custom-language-flag":["https:\/\/digidem-bayern.de\/wp-content\/uploads\/2020\/04\/laptop-2452814_1280.jpg",18,12,false],"qubely_landscape":["https:\/\/digidem-bayern.de\/wp-content\/uploads\/2020\/04\/laptop-2452814_1280-1200x750.jpg",1200,750,true],"qubely_portrait":["https:\/\/digidem-bayern.de\/wp-content\/uploads\/2020\/04\/laptop-2452814_1280-540x320.jpg",540,320,true],"qubely_thumbnail":["https:\/\/digidem-bayern.de\/wp-content\/uploads\/2020\/04\/laptop-2452814_1280-140x100.jpg",140,100,true],"post-thumbnail":["https:\/\/digidem-bayern.de\/wp-content\/uploads\/2020\/04\/laptop-2452814_1280-495x330.jpg",495,330,true],"kahuna-featured":["https:\/\/digidem-bayern.de\/wp-content\/uploads\/2020\/04\/laptop-2452814_1280-495x350.jpg",495,350,true],"kahuna-featured-lp":["https:\/\/digidem-bayern.de\/wp-content\/uploads\/2020\/04\/laptop-2452814_1280-460x350.jpg",460,350,true],"kahuna-featured-half":["https:\/\/digidem-bayern.de\/wp-content\/uploads\/2020\/04\/laptop-2452814_1280-800x350.jpg",800,350,true],"kahuna-featured-third":["https:\/\/digidem-bayern.de\/wp-content\/uploads\/2020\/04\/laptop-2452814_1280-512x350.jpg",512,350,true],"kahuna-lpbox-1":["https:\/\/digidem-bayern.de\/wp-content\/uploads\/2020\/04\/laptop-2452814_1280-460x350.jpg",394,300,true],"kahuna-lpbox-2":["https:\/\/digidem-bayern.de\/wp-content\/uploads\/2020\/04\/laptop-2452814_1280-460x350.jpg",460,350,true],"demand-language-flag":["https:\/\/digidem-bayern.de\/wp-content\/uploads\/2020\/04\/laptop-2452814_1280.jpg",36,24,false],"dddkt-language-flag":["https:\/\/digidem-bayern.de\/wp-content\/uploads\/2020\/04\/laptop-2452814_1280.jpg",36,24,false],"ddiqc-language-flag":["https:\/\/digidem-bayern.de\/wp-content\/uploads\/2020\/04\/laptop-2452814_1280.jpg",36,24,false],"ddtl-language-flag":["https:\/\/digidem-bayern.de\/wp-content\/uploads\/2020\/04\/laptop-2452814_1280.jpg",36,24,false],"mailpoet_newsletter_max":["https:\/\/digidem-bayern.de\/wp-content\/uploads\/2020\/04\/laptop-2452814_1280.jpg",1280,853,false],"kahuna-lpbox-3":["https:\/\/digidem-bayern.de\/wp-content\/uploads\/2020\/04\/laptop-2452814_1280-460x350.jpg",460,350,true],"kahuna-featured-square":["https:\/\/digidem-bayern.de\/wp-content\/uploads\/2020\/04\/laptop-2452814_1280-512x512.jpg",512,512,true],"kahuna-featured-square-large":["https:\/\/digidem-bayern.de\/wp-content\/uploads\/2020\/04\/laptop-2452814_1280-1024x853.jpg",1024,853,true]},"qubely_author":{"display_name":"Michael Zeiler","author_link":"https:\/\/digidem-bayern.de\/en\/author\/michael-zeiler\/"},"qubely_comment":0,"qubely_category":"<a href=\"https:\/\/digidem-bayern.de\/en\/category\/aktuelles-zu-digidem\/\" rel=\"category tag\">Aktuelles zu digiDEM<\/a>","qubely_excerpt":"Wissenschaft verst\u00e4ndlich erkl\u00e4rt: In unserer Webinar-Reihe digiDEM Bayern Science Watch LIVE erl\u00e4utern Wissenschaftler*innen aus dem Projektteam regelm\u00e4\u00dfig ein Schwerpunkt-Thema aus der internationalen Demenzforschung und stehen live f\u00fcr Fragen zur Verf\u00fcgung. Nach elf Webinaren ziehen wir hier eine kurze Zwischenbilanz. Science Watch LIVE wurde Anfang April gestartet als Antwort auf die &hellip;","featured_image_urls_v2":{"full":["https:\/\/digidem-bayern.de\/wp-content\/uploads\/2020\/04\/laptop-2452814_1280.jpg",1280,853,false],"thumbnail":["https:\/\/digidem-bayern.de\/wp-content\/uploads\/2020\/04\/laptop-2452814_1280-80x80.jpg",80,80,true],"medium":["https:\/\/digidem-bayern.de\/wp-content\/uploads\/2020\/04\/laptop-2452814_1280-300x200.jpg",300,200,true],"medium_large":["https:\/\/digidem-bayern.de\/wp-content\/uploads\/2020\/04\/laptop-2452814_1280-768x512.jpg",768,512,true],"large":["https:\/\/digidem-bayern.de\/wp-content\/uploads\/2020\/04\/laptop-2452814_1280-1030x686.jpg",1030,686,true],"1536x1536":["https:\/\/digidem-bayern.de\/wp-content\/uploads\/2020\/04\/laptop-2452814_1280.jpg",1280,853,false],"2048x2048":["https:\/\/digidem-bayern.de\/wp-content\/uploads\/2020\/04\/laptop-2452814_1280.jpg",1280,853,false],"trp-custom-language-flag":["https:\/\/digidem-bayern.de\/wp-content\/uploads\/2020\/04\/laptop-2452814_1280.jpg",18,12,false],"qubely_landscape":["https:\/\/digidem-bayern.de\/wp-content\/uploads\/2020\/04\/laptop-2452814_1280-1200x750.jpg",1200,750,true],"qubely_portrait":["https:\/\/digidem-bayern.de\/wp-content\/uploads\/2020\/04\/laptop-2452814_1280-540x320.jpg",540,320,true],"qubely_thumbnail":["https:\/\/digidem-bayern.de\/wp-content\/uploads\/2020\/04\/laptop-2452814_1280-140x100.jpg",140,100,true],"post-thumbnail":["https:\/\/digidem-bayern.de\/wp-content\/uploads\/2020\/04\/laptop-2452814_1280-495x330.jpg",495,330,true],"kahuna-featured":["https:\/\/digidem-bayern.de\/wp-content\/uploads\/2020\/04\/laptop-2452814_1280-495x350.jpg",495,350,true],"kahuna-featured-lp":["https:\/\/digidem-bayern.de\/wp-content\/uploads\/2020\/04\/laptop-2452814_1280-460x350.jpg",460,350,true],"kahuna-featured-half":["https:\/\/digidem-bayern.de\/wp-content\/uploads\/2020\/04\/laptop-2452814_1280-800x350.jpg",800,350,true],"kahuna-featured-third":["https:\/\/digidem-bayern.de\/wp-content\/uploads\/2020\/04\/laptop-2452814_1280-512x350.jpg",512,350,true],"kahuna-lpbox-1":["https:\/\/digidem-bayern.de\/wp-content\/uploads\/2020\/04\/laptop-2452814_1280-460x350.jpg",394,300,true],"kahuna-lpbox-2":["https:\/\/digidem-bayern.de\/wp-content\/uploads\/2020\/04\/laptop-2452814_1280-460x350.jpg",460,350,true],"demand-language-flag":["https:\/\/digidem-bayern.de\/wp-content\/uploads\/2020\/04\/laptop-2452814_1280.jpg",36,24,false],"dddkt-language-flag":["https:\/\/digidem-bayern.de\/wp-content\/uploads\/2020\/04\/laptop-2452814_1280.jpg",36,24,false],"ddiqc-language-flag":["https:\/\/digidem-bayern.de\/wp-content\/uploads\/2020\/04\/laptop-2452814_1280.jpg",36,24,false],"ddtl-language-flag":["https:\/\/digidem-bayern.de\/wp-content\/uploads\/2020\/04\/laptop-2452814_1280.jpg",36,24,false],"mailpoet_newsletter_max":["https:\/\/digidem-bayern.de\/wp-content\/uploads\/2020\/04\/laptop-2452814_1280.jpg",1280,853,false],"kahuna-lpbox-3":["https:\/\/digidem-bayern.de\/wp-content\/uploads\/2020\/04\/laptop-2452814_1280-460x350.jpg",460,350,true],"kahuna-featured-square":["https:\/\/digidem-bayern.de\/wp-content\/uploads\/2020\/04\/laptop-2452814_1280-512x512.jpg",512,512,true],"kahuna-featured-square-large":["https:\/\/digidem-bayern.de\/wp-content\/uploads\/2020\/04\/laptop-2452814_1280-1024x853.jpg",1024,853,true]},"post_excerpt_stackable_v2":"<p>Wissenschaft verst\u00e4ndlich erkl\u00e4rt: In unserer Webinar-Reihe digiDEM Bayern Science Watch LIVE erl\u00e4utern Wissenschaftler*innen aus dem Projektteam regelm\u00e4\u00dfig ein Schwerpunkt-Thema aus der internationalen Demenzforschung und stehen live f\u00fcr Fragen zur Verf\u00fcgung. Nach elf Webinaren ziehen wir hier eine kurze Zwischenbilanz. Science Watch LIVE wurde Anfang April gestartet als Antwort auf die aktuellen Entwicklungen infolge der Corona-Pandemie. Durch das digitale Zusatz-Angebot gelingt es auch w\u00e4hrend der Kontaktbeschr\u00e4nkungen, wissenschaftliche Erkenntnisse rund um Demenzerkrankungen zeit- und ortsunabh\u00e4ngig zug\u00e4nglich zu machen. Dies ist f\u00fcr das digiDEM Bayern-Team insbesondere vor dem Hintergrund massenhaft verbreiteter Halbwahrheiten und Fake News im Zuge der Corona-Krise ein wichtiges Anliegen. Gerade&hellip;<\/p>\n","category_list_v2":"<a href=\"https:\/\/digidem-bayern.de\/en\/category\/aktuelles-zu-digidem\/\" rel=\"category tag\">Aktuelles zu digiDEM<\/a>","author_info_v2":{"name":"Michael Zeiler","url":"https:\/\/digidem-bayern.de\/en\/author\/michael-zeiler\/"},"comments_num_v2":"0 comments","yoast_head":"<!-- This site is optimized with the Yoast SEO plugin v27.4 - https:\/\/yoast.com\/product\/yoast-seo-wordpress\/ -->\n<title>Positives Fazit nach drei Monaten &quot;Science Watch LIVE&quot; - digiDEM Bayern<\/title>\n<meta name=\"description\" content=\"In der Webinar-Reihe digiDEM Bayern Science Watch LIVE erl\u00e4utern Wissenschaftler*innen regelm\u00e4\u00dfig ein Schwerpunkt-Thema aus der Demenzforschung. Nach elf Webinaren ziehen wir hier eine kurze Zwischenbilanz.\" \/>\n<meta name=\"robots\" content=\"index, follow, max-snippet:-1, max-image-preview:large, max-video-preview:-1\" \/>\n<link rel=\"canonical\" href=\"https:\/\/digidem-bayern.de\/en\/positives-fazit-nach-drei-monaten-science-watch-live\/\" \/>\n<meta property=\"og:locale\" content=\"en_US\" \/>\n<meta property=\"og:type\" content=\"article\" \/>\n<meta property=\"og:title\" content=\"Positives Fazit nach drei Monaten &quot;Science Watch LIVE&quot; - digiDEM Bayern\" \/>\n<meta property=\"og:description\" content=\"In der Webinar-Reihe digiDEM Bayern Science Watch LIVE erl\u00e4utern Wissenschaftler*innen regelm\u00e4\u00dfig ein Schwerpunkt-Thema aus der Demenzforschung. Nach elf Webinaren ziehen wir hier eine kurze Zwischenbilanz.\" \/>\n<meta property=\"og:url\" content=\"https:\/\/digidem-bayern.de\/en\/positives-fazit-nach-drei-monaten-science-watch-live\/\" \/>\n<meta property=\"og:site_name\" content=\"digiDEM Bayern\" \/>\n<meta property=\"article:publisher\" content=\"https:\/\/www.facebook.com\/digiDEMBayern\/\" \/>\n<meta property=\"article:published_time\" content=\"2020-07-22T11:11:37+00:00\" \/>\n<meta property=\"article:modified_time\" content=\"2020-09-02T14:33:00+00:00\" \/>\n<meta property=\"og:image\" content=\"https:\/\/digidem-bayern.de\/wp-content\/uploads\/2020\/04\/laptop-2452814_1280.jpg\" \/>\n\t<meta property=\"og:image:width\" content=\"1280\" \/>\n\t<meta property=\"og:image:height\" content=\"853\" \/>\n\t<meta property=\"og:image:type\" content=\"image\/jpeg\" \/>\n<meta name=\"author\" content=\"Michael Zeiler\" \/>\n<meta name=\"twitter:label1\" content=\"Written by\" \/>\n\t<meta name=\"twitter:data1\" content=\"Michael Zeiler\" \/>\n\t<meta name=\"twitter:label2\" content=\"Est. reading time\" \/>\n\t<meta name=\"twitter:data2\" content=\"2 minutes\" \/>\n<script type=\"application\/ld+json\" class=\"yoast-schema-graph\">{\"@context\":\"https:\\\/\\\/schema.org\",\"@graph\":[{\"@type\":\"Article\",\"@id\":\"https:\\\/\\\/digidem-bayern.de\\\/positives-fazit-nach-drei-monaten-science-watch-live\\\/#article\",\"isPartOf\":{\"@id\":\"https:\\\/\\\/digidem-bayern.de\\\/positives-fazit-nach-drei-monaten-science-watch-live\\\/\"},\"author\":{\"name\":\"Michael Zeiler\",\"@id\":\"\\\/#\\\/schema\\\/person\\\/92754ad381f49b3c358d1d8d2c4f90b8\"},\"headline\":\"Positives Fazit nach drei Monaten &#8222;Science Watch LIVE&#8220;\",\"datePublished\":\"2020-07-22T11:11:37+00:00\",\"dateModified\":\"2020-09-02T14:33:00+00:00\",\"mainEntityOfPage\":{\"@id\":\"https:\\\/\\\/digidem-bayern.de\\\/positives-fazit-nach-drei-monaten-science-watch-live\\\/\"},\"wordCount\":384,\"publisher\":{\"@id\":\"\\\/#organization\"},\"image\":{\"@id\":\"https:\\\/\\\/digidem-bayern.de\\\/positives-fazit-nach-drei-monaten-science-watch-live\\\/#primaryimage\"},\"thumbnailUrl\":\"https:\\\/\\\/digidem-bayern.de\\\/wp-content\\\/uploads\\\/2020\\\/04\\\/laptop-2452814_1280.jpg\",\"keywords\":[\"Demenzforschung\",\"digidem\",\"digidem Bayern\",\"Digitales Demenzregister Bayern\",\"Fake News\",\"Science Watch Live\",\"Sciene Watch Bilanz nach sechs Monaten\",\"Webinar\",\"Webinare\",\"Wissenschaftskommunikation\"],\"articleSection\":[\"Aktuelles zu digiDEM\"],\"inLanguage\":\"en-US\"},{\"@type\":\"WebPage\",\"@id\":\"https:\\\/\\\/digidem-bayern.de\\\/positives-fazit-nach-drei-monaten-science-watch-live\\\/\",\"url\":\"https:\\\/\\\/digidem-bayern.de\\\/positives-fazit-nach-drei-monaten-science-watch-live\\\/\",\"name\":\"Positives Fazit nach drei Monaten \\\"Science Watch LIVE\\\" - digiDEM Bayern\",\"isPartOf\":{\"@id\":\"\\\/#website\"},\"primaryImageOfPage\":{\"@id\":\"https:\\\/\\\/digidem-bayern.de\\\/positives-fazit-nach-drei-monaten-science-watch-live\\\/#primaryimage\"},\"image\":{\"@id\":\"https:\\\/\\\/digidem-bayern.de\\\/positives-fazit-nach-drei-monaten-science-watch-live\\\/#primaryimage\"},\"thumbnailUrl\":\"https:\\\/\\\/digidem-bayern.de\\\/wp-content\\\/uploads\\\/2020\\\/04\\\/laptop-2452814_1280.jpg\",\"datePublished\":\"2020-07-22T11:11:37+00:00\",\"dateModified\":\"2020-09-02T14:33:00+00:00\",\"description\":\"In der Webinar-Reihe digiDEM Bayern Science Watch LIVE erl\u00e4utern Wissenschaftler*innen regelm\u00e4\u00dfig ein Schwerpunkt-Thema aus der Demenzforschung. Nach elf Webinaren ziehen wir hier eine kurze Zwischenbilanz.\",\"breadcrumb\":{\"@id\":\"https:\\\/\\\/digidem-bayern.de\\\/positives-fazit-nach-drei-monaten-science-watch-live\\\/#breadcrumb\"},\"inLanguage\":\"en-US\",\"potentialAction\":[{\"@type\":\"ReadAction\",\"target\":[\"https:\\\/\\\/digidem-bayern.de\\\/positives-fazit-nach-drei-monaten-science-watch-live\\\/\"]}]},{\"@type\":\"ImageObject\",\"inLanguage\":\"en-US\",\"@id\":\"https:\\\/\\\/digidem-bayern.de\\\/positives-fazit-nach-drei-monaten-science-watch-live\\\/#primaryimage\",\"url\":\"https:\\\/\\\/digidem-bayern.de\\\/wp-content\\\/uploads\\\/2020\\\/04\\\/laptop-2452814_1280.jpg\",\"contentUrl\":\"https:\\\/\\\/digidem-bayern.de\\\/wp-content\\\/uploads\\\/2020\\\/04\\\/laptop-2452814_1280.jpg\",\"width\":1280,\"height\":853,\"caption\":\"Laptop, daneben eine Kaffeetasse.\"},{\"@type\":\"BreadcrumbList\",\"@id\":\"https:\\\/\\\/digidem-bayern.de\\\/positives-fazit-nach-drei-monaten-science-watch-live\\\/#breadcrumb\",\"itemListElement\":[{\"@type\":\"ListItem\",\"position\":1,\"name\":\"Startseite\",\"item\":\"https:\\\/\\\/digidem-bayern.de\\\/\"},{\"@type\":\"ListItem\",\"position\":2,\"name\":\"Positives Fazit nach drei Monaten &#8222;Science Watch LIVE&#8220;\"}]},{\"@type\":\"WebSite\",\"@id\":\"\\\/#website\",\"url\":\"\\\/\",\"name\":\"digiDEM Bayern\",\"description\":\"Das digitale Demenzregister Bayern erforscht und verbessert die Angebotsstuktur f\u00fcr Menschen mit Demenz und deren Angeh\u00f6rige\",\"publisher\":{\"@id\":\"\\\/#organization\"},\"potentialAction\":[{\"@type\":\"SearchAction\",\"target\":{\"@type\":\"EntryPoint\",\"urlTemplate\":\"\\\/?s={search_term_string}\"},\"query-input\":{\"@type\":\"PropertyValueSpecification\",\"valueRequired\":true,\"valueName\":\"search_term_string\"}}],\"inLanguage\":\"en-US\"},{\"@type\":\"Organization\",\"@id\":\"\\\/#organization\",\"name\":\"digiDEM Bayern\",\"url\":\"\\\/\",\"logo\":{\"@type\":\"ImageObject\",\"inLanguage\":\"en-US\",\"@id\":\"\\\/#\\\/schema\\\/logo\\\/image\\\/\",\"url\":\"https:\\\/\\\/digidem-bayern.de\\\/wp-content\\\/uploads\\\/2022\\\/03\\\/cropped-Allgemeines_digiDEMLOGO-removebg-preview.png\",\"contentUrl\":\"https:\\\/\\\/digidem-bayern.de\\\/wp-content\\\/uploads\\\/2022\\\/03\\\/cropped-Allgemeines_digiDEMLOGO-removebg-preview.png\",\"width\":612,\"height\":357,\"caption\":\"digiDEM Bayern\"},\"image\":{\"@id\":\"\\\/#\\\/schema\\\/logo\\\/image\\\/\"},\"sameAs\":[\"https:\\\/\\\/www.facebook.com\\\/digiDEMBayern\\\/\",\"https:\\\/\\\/x.com\\\/digidem_bayern\",\"https:\\\/\\\/www.instagram.com\\\/digidem.bayern\",\"https:\\\/\\\/www.linkedin.com\\\/company\\\/digidem-bayern\\\/\"]},{\"@type\":\"Person\",\"@id\":\"\\\/#\\\/schema\\\/person\\\/92754ad381f49b3c358d1d8d2c4f90b8\",\"name\":\"Michael Zeiler\",\"url\":\"https:\\\/\\\/digidem-bayern.de\\\/en\\\/author\\\/michael-zeiler\\\/\"}]}<\/script>\n<!-- \/ Yoast SEO plugin. -->","yoast_head_json":{"title":"Positives Fazit nach drei Monaten \"Science Watch LIVE\" - digiDEM Bayern","description":"In der Webinar-Reihe digiDEM Bayern Science Watch LIVE erl\u00e4utern Wissenschaftler*innen regelm\u00e4\u00dfig ein Schwerpunkt-Thema aus der Demenzforschung. Nach elf Webinaren ziehen wir hier eine kurze Zwischenbilanz.","robots":{"index":"index","follow":"follow","max-snippet":"max-snippet:-1","max-image-preview":"max-image-preview:large","max-video-preview":"max-video-preview:-1"},"canonical":"https:\/\/digidem-bayern.de\/en\/positives-fazit-nach-drei-monaten-science-watch-live\/","og_locale":"en_US","og_type":"article","og_title":"Positives Fazit nach drei Monaten \"Science Watch LIVE\" - digiDEM Bayern","og_description":"In der Webinar-Reihe digiDEM Bayern Science Watch LIVE erl\u00e4utern Wissenschaftler*innen regelm\u00e4\u00dfig ein Schwerpunkt-Thema aus der Demenzforschung. Nach elf Webinaren ziehen wir hier eine kurze Zwischenbilanz.","og_url":"https:\/\/digidem-bayern.de\/en\/positives-fazit-nach-drei-monaten-science-watch-live\/","og_site_name":"digiDEM Bayern","article_publisher":"https:\/\/www.facebook.com\/digiDEMBayern\/","article_published_time":"2020-07-22T11:11:37+00:00","article_modified_time":"2020-09-02T14:33:00+00:00","og_image":[{"width":1280,"height":853,"url":"https:\/\/digidem-bayern.de\/wp-content\/uploads\/2020\/04\/laptop-2452814_1280.jpg","type":"image\/jpeg"}],"author":"Michael Zeiler","twitter_misc":{"Written by":"Michael Zeiler","Est. reading time":"2 minutes"},"schema":{"@context":"https:\/\/schema.org","@graph":[{"@type":"Article","@id":"https:\/\/digidem-bayern.de\/positives-fazit-nach-drei-monaten-science-watch-live\/#article","isPartOf":{"@id":"https:\/\/digidem-bayern.de\/positives-fazit-nach-drei-monaten-science-watch-live\/"},"author":{"name":"Michael Zeiler","@id":"\/#\/schema\/person\/92754ad381f49b3c358d1d8d2c4f90b8"},"headline":"Positives Fazit nach drei Monaten &#8222;Science Watch LIVE&#8220;","datePublished":"2020-07-22T11:11:37+00:00","dateModified":"2020-09-02T14:33:00+00:00","mainEntityOfPage":{"@id":"https:\/\/digidem-bayern.de\/positives-fazit-nach-drei-monaten-science-watch-live\/"},"wordCount":384,"publisher":{"@id":"\/#organization"},"image":{"@id":"https:\/\/digidem-bayern.de\/positives-fazit-nach-drei-monaten-science-watch-live\/#primaryimage"},"thumbnailUrl":"https:\/\/digidem-bayern.de\/wp-content\/uploads\/2020\/04\/laptop-2452814_1280.jpg","keywords":["Demenzforschung","digidem","digidem Bayern","Digitales Demenzregister Bayern","Fake News","Science Watch Live","Sciene Watch Bilanz nach sechs Monaten","Webinar","Webinare","Wissenschaftskommunikation"],"articleSection":["Aktuelles zu digiDEM"],"inLanguage":"en-US"},{"@type":"WebPage","@id":"https:\/\/digidem-bayern.de\/positives-fazit-nach-drei-monaten-science-watch-live\/","url":"https:\/\/digidem-bayern.de\/positives-fazit-nach-drei-monaten-science-watch-live\/","name":"Positives Fazit nach drei Monaten \"Science Watch LIVE\" - digiDEM Bayern","isPartOf":{"@id":"\/#website"},"primaryImageOfPage":{"@id":"https:\/\/digidem-bayern.de\/positives-fazit-nach-drei-monaten-science-watch-live\/#primaryimage"},"image":{"@id":"https:\/\/digidem-bayern.de\/positives-fazit-nach-drei-monaten-science-watch-live\/#primaryimage"},"thumbnailUrl":"https:\/\/digidem-bayern.de\/wp-content\/uploads\/2020\/04\/laptop-2452814_1280.jpg","datePublished":"2020-07-22T11:11:37+00:00","dateModified":"2020-09-02T14:33:00+00:00","description":"In der Webinar-Reihe digiDEM Bayern Science Watch LIVE erl\u00e4utern Wissenschaftler*innen regelm\u00e4\u00dfig ein Schwerpunkt-Thema aus der Demenzforschung. Nach elf Webinaren ziehen wir hier eine kurze Zwischenbilanz.","breadcrumb":{"@id":"https:\/\/digidem-bayern.de\/positives-fazit-nach-drei-monaten-science-watch-live\/#breadcrumb"},"inLanguage":"en-US","potentialAction":[{"@type":"ReadAction","target":["https:\/\/digidem-bayern.de\/positives-fazit-nach-drei-monaten-science-watch-live\/"]}]},{"@type":"ImageObject","inLanguage":"en-US","@id":"https:\/\/digidem-bayern.de\/positives-fazit-nach-drei-monaten-science-watch-live\/#primaryimage","url":"https:\/\/digidem-bayern.de\/wp-content\/uploads\/2020\/04\/laptop-2452814_1280.jpg","contentUrl":"https:\/\/digidem-bayern.de\/wp-content\/uploads\/2020\/04\/laptop-2452814_1280.jpg","width":1280,"height":853,"caption":"Laptop, daneben eine Kaffeetasse."},{"@type":"BreadcrumbList","@id":"https:\/\/digidem-bayern.de\/positives-fazit-nach-drei-monaten-science-watch-live\/#breadcrumb","itemListElement":[{"@type":"ListItem","position":1,"name":"Startseite","item":"https:\/\/digidem-bayern.de\/"},{"@type":"ListItem","position":2,"name":"Positives Fazit nach drei Monaten &#8222;Science Watch LIVE&#8220;"}]},{"@type":"WebSite","@id":"\/#website","url":"\/","name":"digiDEM Bavaria","description":"The digital dementia register in Bavaria researches and improves the structure of services for people with dementia and their relatives","publisher":{"@id":"\/#organization"},"potentialAction":[{"@type":"SearchAction","target":{"@type":"EntryPoint","urlTemplate":"\/?s={search_term_string}"},"query-input":{"@type":"PropertyValueSpecification","valueRequired":true,"valueName":"search_term_string"}}],"inLanguage":"en-US"},{"@type":"Organization","@id":"\/#organization","name":"digiDEM Bavaria","url":"\/","logo":{"@type":"ImageObject","inLanguage":"en-US","@id":"\/#\/schema\/logo\/image\/","url":"https:\/\/digidem-bayern.de\/wp-content\/uploads\/2022\/03\/cropped-Allgemeines_digiDEMLOGO-removebg-preview.png","contentUrl":"https:\/\/digidem-bayern.de\/wp-content\/uploads\/2022\/03\/cropped-Allgemeines_digiDEMLOGO-removebg-preview.png","width":612,"height":357,"caption":"digiDEM Bayern"},"image":{"@id":"\/#\/schema\/logo\/image\/"},"sameAs":["https:\/\/www.facebook.com\/digiDEMBayern\/","https:\/\/x.com\/digidem_bayern","https:\/\/www.instagram.com\/digidem.bayern","https:\/\/www.linkedin.com\/company\/digidem-bayern\/"]},{"@type":"Person","@id":"\/#\/schema\/person\/92754ad381f49b3c358d1d8d2c4f90b8","name":"Michael Zeiler","url":"https:\/\/digidem-bayern.de\/en\/author\/michael-zeiler\/"}]}},"uagb_featured_image_src":{"full":["https:\/\/digidem-bayern.de\/wp-content\/uploads\/2020\/04\/laptop-2452814_1280.jpg",1280,853,false],"thumbnail":["https:\/\/digidem-bayern.de\/wp-content\/uploads\/2020\/04\/laptop-2452814_1280-80x80.jpg",80,80,true],"medium":["https:\/\/digidem-bayern.de\/wp-content\/uploads\/2020\/04\/laptop-2452814_1280-300x200.jpg",300,200,true],"medium_large":["https:\/\/digidem-bayern.de\/wp-content\/uploads\/2020\/04\/laptop-2452814_1280-768x512.jpg",768,512,true],"large":["https:\/\/digidem-bayern.de\/wp-content\/uploads\/2020\/04\/laptop-2452814_1280-1030x686.jpg",1030,686,true],"1536x1536":["https:\/\/digidem-bayern.de\/wp-content\/uploads\/2020\/04\/laptop-2452814_1280.jpg",1280,853,false],"2048x2048":["https:\/\/digidem-bayern.de\/wp-content\/uploads\/2020\/04\/laptop-2452814_1280.jpg",1280,853,false],"trp-custom-language-flag":["https:\/\/digidem-bayern.de\/wp-content\/uploads\/2020\/04\/laptop-2452814_1280.jpg",18,12,false],"qubely_landscape":["https:\/\/digidem-bayern.de\/wp-content\/uploads\/2020\/04\/laptop-2452814_1280-1200x750.jpg",1200,750,true],"qubely_portrait":["https:\/\/digidem-bayern.de\/wp-content\/uploads\/2020\/04\/laptop-2452814_1280-540x320.jpg",540,320,true],"qubely_thumbnail":["https:\/\/digidem-bayern.de\/wp-content\/uploads\/2020\/04\/laptop-2452814_1280-140x100.jpg",140,100,true],"post-thumbnail":["https:\/\/digidem-bayern.de\/wp-content\/uploads\/2020\/04\/laptop-2452814_1280-495x330.jpg",495,330,true],"kahuna-featured":["https:\/\/digidem-bayern.de\/wp-content\/uploads\/2020\/04\/laptop-2452814_1280-495x350.jpg",495,350,true],"kahuna-featured-lp":["https:\/\/digidem-bayern.de\/wp-content\/uploads\/2020\/04\/laptop-2452814_1280-460x350.jpg",460,350,true],"kahuna-featured-half":["https:\/\/digidem-bayern.de\/wp-content\/uploads\/2020\/04\/laptop-2452814_1280-800x350.jpg",800,350,true],"kahuna-featured-third":["https:\/\/digidem-bayern.de\/wp-content\/uploads\/2020\/04\/laptop-2452814_1280-512x350.jpg",512,350,true],"kahuna-lpbox-1":["https:\/\/digidem-bayern.de\/wp-content\/uploads\/2020\/04\/laptop-2452814_1280-460x350.jpg",394,300,true],"kahuna-lpbox-2":["https:\/\/digidem-bayern.de\/wp-content\/uploads\/2020\/04\/laptop-2452814_1280-460x350.jpg",460,350,true],"demand-language-flag":["https:\/\/digidem-bayern.de\/wp-content\/uploads\/2020\/04\/laptop-2452814_1280.jpg",36,24,false],"dddkt-language-flag":["https:\/\/digidem-bayern.de\/wp-content\/uploads\/2020\/04\/laptop-2452814_1280.jpg",36,24,false],"ddiqc-language-flag":["https:\/\/digidem-bayern.de\/wp-content\/uploads\/2020\/04\/laptop-2452814_1280.jpg",36,24,false],"ddtl-language-flag":["https:\/\/digidem-bayern.de\/wp-content\/uploads\/2020\/04\/laptop-2452814_1280.jpg",36,24,false],"mailpoet_newsletter_max":["https:\/\/digidem-bayern.de\/wp-content\/uploads\/2020\/04\/laptop-2452814_1280.jpg",1280,853,false],"kahuna-lpbox-3":["https:\/\/digidem-bayern.de\/wp-content\/uploads\/2020\/04\/laptop-2452814_1280-460x350.jpg",460,350,true],"kahuna-featured-square":["https:\/\/digidem-bayern.de\/wp-content\/uploads\/2020\/04\/laptop-2452814_1280-512x512.jpg",512,512,true],"kahuna-featured-square-large":["https:\/\/digidem-bayern.de\/wp-content\/uploads\/2020\/04\/laptop-2452814_1280-1024x853.jpg",1024,853,true]},"uagb_author_info":{"display_name":"Michael Zeiler","author_link":"https:\/\/digidem-bayern.de\/en\/author\/michael-zeiler\/"},"uagb_comment_info":0,"uagb_excerpt":"Wissenschaft verst\u00e4ndlich erkl\u00e4rt: In unserer Webinar-Reihe digiDEM Bayern Science Watch LIVE erl\u00e4utern Wissenschaftler*innen aus dem Projektteam regelm\u00e4\u00dfig ein Schwerpunkt-Thema aus der internationalen Demenzforschung und stehen live f\u00fcr Fragen zur Verf\u00fcgung. Nach elf Webinaren ziehen wir hier eine kurze Zwischenbilanz. Science Watch LIVE wurde Anfang April gestartet als Antwort auf die &hellip;","_links":{"self":[{"href":"https:\/\/digidem-bayern.de\/en\/wp-json\/wp\/v2\/posts\/6432","targetHints":{"allow":["GET"]}}],"collection":[{"href":"https:\/\/digidem-bayern.de\/en\/wp-json\/wp\/v2\/posts"}],"about":[{"href":"https:\/\/digidem-bayern.de\/en\/wp-json\/wp\/v2\/types\/post"}],"author":[{"embeddable":true,"href":"https:\/\/digidem-bayern.de\/en\/wp-json\/wp\/v2\/users\/11"}],"replies":[{"embeddable":true,"href":"https:\/\/digidem-bayern.de\/en\/wp-json\/wp\/v2\/comments?post=6432"}],"version-history":[{"count":0,"href":"https:\/\/digidem-bayern.de\/en\/wp-json\/wp\/v2\/posts\/6432\/revisions"}],"wp:featuredmedia":[{"embeddable":true,"href":"https:\/\/digidem-bayern.de\/en\/wp-json\/wp\/v2\/media\/4984"}],"wp:attachment":[{"href":"https:\/\/digidem-bayern.de\/en\/wp-json\/wp\/v2\/media?parent=6432"}],"wp:term":[{"taxonomy":"category","embeddable":true,"href":"https:\/\/digidem-bayern.de\/en\/wp-json\/wp\/v2\/categories?post=6432"},{"taxonomy":"post_tag","embeddable":true,"href":"https:\/\/digidem-bayern.de\/en\/wp-json\/wp\/v2\/tags?post=6432"}],"curies":[{"name":"wp","href":"https:\/\/api.w.org\/{rel}","templated":true}]}}