{"id":6363,"date":"2020-07-21T10:16:52","date_gmt":"2020-07-21T08:16:52","guid":{"rendered":"https:\/\/digidem-bayern.de\/?p=6363"},"modified":"2020-07-21T10:50:53","modified_gmt":"2020-07-21T08:50:53","slug":"digidem-studie-luecken-in-der-digitalen-versorgung","status":"publish","type":"post","link":"https:\/\/digidem-bayern.de\/en\/digidem-studie-luecken-in-der-digitalen-versorgung\/","title":{"rendered":"digiDEM-Studie: L\u00fccken in der digitalen Versorgung"},"content":{"rendered":"<h4 class=\"wp-block-heading\">Das Versorgungsprojekt digiDEM Bayern zielt mit seinen digitalen Angeboten und einem digitalen Patientenregister darauf ab, die Situation f\u00fcr Menschen mit Demenz und ihre pflegenden Angeh\u00f6rigen vor allem in l\u00e4ndlichen Gebieten zu verbessern. Eine Online-Umfrage von digiDEM unter Versorgern in Bayern hat gezeigt, dass derzeit eine gro\u00dfe L\u00fccke bei digitalen Dienstleistungen besteht. Michael Reichold, wissenschaftlicher Mitarbeiter des Lehrstuhls f\u00fcr Medizinische Informatik der Friedrich-Alexander-Universit\u00e4t Erlangen-N\u00fcrnberg, hat dazu eine Studie ver\u00f6ffentlicht. <\/h4>\n\n\n\n<p>Hier finden Sie die vollst\u00e4ndige Studie:<br><a aria-label=\"undefined (opens in a new tab)\" href=\"https:\/\/pubmed.ncbi.nlm.nih.gov\/32578567\/\" target=\"_blank\" rel=\"noreferrer noopener\">Stakeholder Perspectives on the Key Components of a Digital Service Platform Supporting Dementia \u2013 digiDEM Bayern<\/a><\/p>\n\n\n\n<p><\/p>","protected":false},"excerpt":{"rendered":"<p>Das Versorgungsprojekt digiDEM Bayern zielt mit seinen digitalen Angeboten und einem digitalen Patientenregister darauf ab, die Situation f\u00fcr Menschen mit Demenz und ihre pflegenden Angeh\u00f6rigen vor allem in l\u00e4ndlichen Gebieten zu verbessern. Eine Online-Umfrage von digiDEM unter Versorgern in Bayern hat gezeigt, dass derzeit eine gro\u00dfe L\u00fccke bei digitalen Dienstleistungen &hellip;<\/p>","protected":false},"author":11,"featured_media":6374,"comment_status":"closed","ping_status":"closed","sticky":false,"template":"","format":"standard","meta":{"qubely_global_settings":"","qubely_interactions":"","_uag_custom_page_level_css":"","footnotes":""},"categories":[8],"tags":[13,12,14,17,55,20,184],"class_list":["post-6363","post","type-post","status-publish","format-standard","has-post-thumbnail","hentry","category-aktuelles-zu-digidem","tag-alzheimer","tag-demenz-2","tag-digidem","tag-digidem-bayern","tag-digitales-demenzregister-bayern","tag-digitalisierung","tag-michael-reichold"],"qubely_featured_image_url":{"full":["https:\/\/digidem-bayern.de\/wp-content\/uploads\/2020\/07\/computer-1846056_1280.jpg",1280,857,false],"landscape":["https:\/\/digidem-bayern.de\/wp-content\/uploads\/2020\/07\/computer-1846056_1280-1200x750.jpg",1200,750,true],"portraits":["https:\/\/digidem-bayern.de\/wp-content\/uploads\/2020\/07\/computer-1846056_1280-540x320.jpg",540,320,true],"thumbnail":["https:\/\/digidem-bayern.de\/wp-content\/uploads\/2020\/07\/computer-1846056_1280-80x80.jpg",80,80,true],"medium":["https:\/\/digidem-bayern.de\/wp-content\/uploads\/2020\/07\/computer-1846056_1280-300x201.jpg",300,201,true],"medium_large":["https:\/\/digidem-bayern.de\/wp-content\/uploads\/2020\/07\/computer-1846056_1280-768x514.jpg",768,514,true],"large":["https:\/\/digidem-bayern.de\/wp-content\/uploads\/2020\/07\/computer-1846056_1280-1030x690.jpg",1030,690,true],"1536x1536":["https:\/\/digidem-bayern.de\/wp-content\/uploads\/2020\/07\/computer-1846056_1280.jpg",1280,857,false],"2048x2048":["https:\/\/digidem-bayern.de\/wp-content\/uploads\/2020\/07\/computer-1846056_1280.jpg",1280,857,false],"trp-custom-language-flag":["https:\/\/digidem-bayern.de\/wp-content\/uploads\/2020\/07\/computer-1846056_1280.jpg",18,12,false],"qubely_landscape":["https:\/\/digidem-bayern.de\/wp-content\/uploads\/2020\/07\/computer-1846056_1280-1200x750.jpg",1200,750,true],"qubely_portrait":["https:\/\/digidem-bayern.de\/wp-content\/uploads\/2020\/07\/computer-1846056_1280-540x320.jpg",540,320,true],"qubely_thumbnail":["https:\/\/digidem-bayern.de\/wp-content\/uploads\/2020\/07\/computer-1846056_1280-140x100.jpg",140,100,true],"post-thumbnail":["https:\/\/digidem-bayern.de\/wp-content\/uploads\/2020\/07\/computer-1846056_1280-523x350.jpg",523,350,true],"kahuna-featured":["https:\/\/digidem-bayern.de\/wp-content\/uploads\/2020\/07\/computer-1846056_1280-649x350.jpg",649,350,true],"kahuna-featured-lp":["https:\/\/digidem-bayern.de\/wp-content\/uploads\/2020\/07\/computer-1846056_1280-460x350.jpg",460,350,true],"kahuna-featured-half":["https:\/\/digidem-bayern.de\/wp-content\/uploads\/2020\/07\/computer-1846056_1280-800x350.jpg",800,350,true],"kahuna-featured-third":["https:\/\/digidem-bayern.de\/wp-content\/uploads\/2020\/07\/computer-1846056_1280-512x350.jpg",512,350,true],"kahuna-lpbox-1":["https:\/\/digidem-bayern.de\/wp-content\/uploads\/2020\/07\/computer-1846056_1280-460x350.jpg",394,300,true],"kahuna-lpbox-2":["https:\/\/digidem-bayern.de\/wp-content\/uploads\/2020\/07\/computer-1846056_1280-460x350.jpg",460,350,true],"demand-language-flag":["https:\/\/digidem-bayern.de\/wp-content\/uploads\/2020\/07\/computer-1846056_1280.jpg",36,24,false],"dddkt-language-flag":["https:\/\/digidem-bayern.de\/wp-content\/uploads\/2020\/07\/computer-1846056_1280.jpg",36,24,false],"ddiqc-language-flag":["https:\/\/digidem-bayern.de\/wp-content\/uploads\/2020\/07\/computer-1846056_1280.jpg",36,24,false],"ddtl-language-flag":["https:\/\/digidem-bayern.de\/wp-content\/uploads\/2020\/07\/computer-1846056_1280.jpg",36,24,false],"mailpoet_newsletter_max":["https:\/\/digidem-bayern.de\/wp-content\/uploads\/2020\/07\/computer-1846056_1280.jpg",1280,857,false],"kahuna-lpbox-3":["https:\/\/digidem-bayern.de\/wp-content\/uploads\/2020\/07\/computer-1846056_1280-460x350.jpg",460,350,true],"kahuna-featured-square":["https:\/\/digidem-bayern.de\/wp-content\/uploads\/2020\/07\/computer-1846056_1280-512x512.jpg",512,512,true],"kahuna-featured-square-large":["https:\/\/digidem-bayern.de\/wp-content\/uploads\/2020\/07\/computer-1846056_1280-1024x857.jpg",1024,857,true]},"qubely_author":{"display_name":"Michael Zeiler","author_link":"https:\/\/digidem-bayern.de\/en\/author\/michael-zeiler\/"},"qubely_comment":0,"qubely_category":"<a href=\"https:\/\/digidem-bayern.de\/en\/category\/aktuelles-zu-digidem\/\" rel=\"category tag\">Aktuelles zu digiDEM<\/a>","qubely_excerpt":"Das Versorgungsprojekt digiDEM Bayern zielt mit seinen digitalen Angeboten und einem digitalen Patientenregister darauf ab, die Situation f\u00fcr Menschen mit Demenz und ihre pflegenden Angeh\u00f6rigen vor allem in l\u00e4ndlichen Gebieten zu verbessern. Eine Online-Umfrage von digiDEM unter Versorgern in Bayern hat gezeigt, dass derzeit eine gro\u00dfe L\u00fccke bei digitalen Dienstleistungen &hellip;","featured_image_urls_v2":{"full":["https:\/\/digidem-bayern.de\/wp-content\/uploads\/2020\/07\/computer-1846056_1280.jpg",1280,857,false],"thumbnail":["https:\/\/digidem-bayern.de\/wp-content\/uploads\/2020\/07\/computer-1846056_1280-80x80.jpg",80,80,true],"medium":["https:\/\/digidem-bayern.de\/wp-content\/uploads\/2020\/07\/computer-1846056_1280-300x201.jpg",300,201,true],"medium_large":["https:\/\/digidem-bayern.de\/wp-content\/uploads\/2020\/07\/computer-1846056_1280-768x514.jpg",768,514,true],"large":["https:\/\/digidem-bayern.de\/wp-content\/uploads\/2020\/07\/computer-1846056_1280-1030x690.jpg",1030,690,true],"1536x1536":["https:\/\/digidem-bayern.de\/wp-content\/uploads\/2020\/07\/computer-1846056_1280.jpg",1280,857,false],"2048x2048":["https:\/\/digidem-bayern.de\/wp-content\/uploads\/2020\/07\/computer-1846056_1280.jpg",1280,857,false],"trp-custom-language-flag":["https:\/\/digidem-bayern.de\/wp-content\/uploads\/2020\/07\/computer-1846056_1280.jpg",18,12,false],"qubely_landscape":["https:\/\/digidem-bayern.de\/wp-content\/uploads\/2020\/07\/computer-1846056_1280-1200x750.jpg",1200,750,true],"qubely_portrait":["https:\/\/digidem-bayern.de\/wp-content\/uploads\/2020\/07\/computer-1846056_1280-540x320.jpg",540,320,true],"qubely_thumbnail":["https:\/\/digidem-bayern.de\/wp-content\/uploads\/2020\/07\/computer-1846056_1280-140x100.jpg",140,100,true],"post-thumbnail":["https:\/\/digidem-bayern.de\/wp-content\/uploads\/2020\/07\/computer-1846056_1280-523x350.jpg",523,350,true],"kahuna-featured":["https:\/\/digidem-bayern.de\/wp-content\/uploads\/2020\/07\/computer-1846056_1280-649x350.jpg",649,350,true],"kahuna-featured-lp":["https:\/\/digidem-bayern.de\/wp-content\/uploads\/2020\/07\/computer-1846056_1280-460x350.jpg",460,350,true],"kahuna-featured-half":["https:\/\/digidem-bayern.de\/wp-content\/uploads\/2020\/07\/computer-1846056_1280-800x350.jpg",800,350,true],"kahuna-featured-third":["https:\/\/digidem-bayern.de\/wp-content\/uploads\/2020\/07\/computer-1846056_1280-512x350.jpg",512,350,true],"kahuna-lpbox-1":["https:\/\/digidem-bayern.de\/wp-content\/uploads\/2020\/07\/computer-1846056_1280-460x350.jpg",394,300,true],"kahuna-lpbox-2":["https:\/\/digidem-bayern.de\/wp-content\/uploads\/2020\/07\/computer-1846056_1280-460x350.jpg",460,350,true],"demand-language-flag":["https:\/\/digidem-bayern.de\/wp-content\/uploads\/2020\/07\/computer-1846056_1280.jpg",36,24,false],"dddkt-language-flag":["https:\/\/digidem-bayern.de\/wp-content\/uploads\/2020\/07\/computer-1846056_1280.jpg",36,24,false],"ddiqc-language-flag":["https:\/\/digidem-bayern.de\/wp-content\/uploads\/2020\/07\/computer-1846056_1280.jpg",36,24,false],"ddtl-language-flag":["https:\/\/digidem-bayern.de\/wp-content\/uploads\/2020\/07\/computer-1846056_1280.jpg",36,24,false],"mailpoet_newsletter_max":["https:\/\/digidem-bayern.de\/wp-content\/uploads\/2020\/07\/computer-1846056_1280.jpg",1280,857,false],"kahuna-lpbox-3":["https:\/\/digidem-bayern.de\/wp-content\/uploads\/2020\/07\/computer-1846056_1280-460x350.jpg",460,350,true],"kahuna-featured-square":["https:\/\/digidem-bayern.de\/wp-content\/uploads\/2020\/07\/computer-1846056_1280-512x512.jpg",512,512,true],"kahuna-featured-square-large":["https:\/\/digidem-bayern.de\/wp-content\/uploads\/2020\/07\/computer-1846056_1280-1024x857.jpg",1024,857,true]},"post_excerpt_stackable_v2":"<p>Das Versorgungsprojekt digiDEM Bayern zielt mit seinen digitalen Angeboten und einem digitalen Patientenregister darauf ab, die Situation f\u00fcr Menschen mit Demenz und ihre pflegenden Angeh\u00f6rigen vor allem in l\u00e4ndlichen Gebieten zu verbessern. Eine Online-Umfrage von digiDEM unter Versorgern in Bayern hat gezeigt, dass derzeit eine gro\u00dfe L\u00fccke bei digitalen Dienstleistungen besteht. Michael Reichold, wissenschaftlicher Mitarbeiter des Lehrstuhls f\u00fcr Medizinische Informatik der Friedrich-Alexander-Universit\u00e4t Erlangen-N\u00fcrnberg, hat dazu eine Studie ver\u00f6ffentlicht. Hier finden Sie die vollst\u00e4ndige Studie:Stakeholder Perspectives on the Key Components of a Digital Service Platform Supporting Dementia \u2013 digiDEM Bayern<\/p>\n","category_list_v2":"<a href=\"https:\/\/digidem-bayern.de\/en\/category\/aktuelles-zu-digidem\/\" rel=\"category tag\">Aktuelles zu digiDEM<\/a>","author_info_v2":{"name":"Michael Zeiler","url":"https:\/\/digidem-bayern.de\/en\/author\/michael-zeiler\/"},"comments_num_v2":"0 comments","yoast_head":"<!-- This site is optimized with the Yoast SEO plugin v27.4 - https:\/\/yoast.com\/product\/yoast-seo-wordpress\/ -->\n<title>digiDEM-Studie: L\u00fccken in der digitalen Versorgung - digiDEM Bayern<\/title>\n<meta name=\"description\" content=\"Eine Online-Umfrage von digiDEM Bayern unter Versorgern in Bayern hat gezeigt, dass derzeit eine gro\u00dfe L\u00fccke bei digitalen Dienstleistungen besteht.\" \/>\n<meta name=\"robots\" content=\"index, follow, max-snippet:-1, max-image-preview:large, max-video-preview:-1\" \/>\n<link rel=\"canonical\" href=\"https:\/\/digidem-bayern.de\/en\/digidem-studie-luecken-in-der-digitalen-versorgung\/\" \/>\n<meta property=\"og:locale\" content=\"en_US\" \/>\n<meta property=\"og:type\" content=\"article\" \/>\n<meta property=\"og:title\" content=\"digiDEM-Studie: L\u00fccken in der digitalen Versorgung - digiDEM Bayern\" \/>\n<meta property=\"og:description\" content=\"Eine Online-Umfrage von digiDEM Bayern unter Versorgern in Bayern hat gezeigt, dass derzeit eine gro\u00dfe L\u00fccke bei digitalen Dienstleistungen besteht.\" \/>\n<meta property=\"og:url\" content=\"https:\/\/digidem-bayern.de\/en\/digidem-studie-luecken-in-der-digitalen-versorgung\/\" \/>\n<meta property=\"og:site_name\" content=\"digiDEM Bayern\" \/>\n<meta property=\"article:publisher\" content=\"https:\/\/www.facebook.com\/digiDEMBayern\/\" \/>\n<meta property=\"article:published_time\" content=\"2020-07-21T08:16:52+00:00\" \/>\n<meta property=\"article:modified_time\" content=\"2020-07-21T08:50:53+00:00\" \/>\n<meta property=\"og:image\" content=\"https:\/\/digidem-bayern.de\/wp-content\/uploads\/2020\/07\/computer-1846056_1280.jpg\" \/>\n\t<meta property=\"og:image:width\" content=\"1280\" \/>\n\t<meta property=\"og:image:height\" content=\"857\" \/>\n\t<meta property=\"og:image:type\" content=\"image\/jpeg\" \/>\n<meta name=\"author\" content=\"Michael Zeiler\" \/>\n<meta name=\"twitter:label1\" content=\"Written by\" \/>\n\t<meta name=\"twitter:data1\" content=\"Michael Zeiler\" \/>\n<script type=\"application\/ld+json\" class=\"yoast-schema-graph\">{\"@context\":\"https:\\\/\\\/schema.org\",\"@graph\":[{\"@type\":\"Article\",\"@id\":\"https:\\\/\\\/digidem-bayern.de\\\/digidem-studie-luecken-in-der-digitalen-versorgung\\\/#article\",\"isPartOf\":{\"@id\":\"https:\\\/\\\/digidem-bayern.de\\\/digidem-studie-luecken-in-der-digitalen-versorgung\\\/\"},\"author\":{\"name\":\"Michael Zeiler\",\"@id\":\"\\\/#\\\/schema\\\/person\\\/92754ad381f49b3c358d1d8d2c4f90b8\"},\"headline\":\"digiDEM-Studie: L\u00fccken in der digitalen Versorgung\",\"datePublished\":\"2020-07-21T08:16:52+00:00\",\"dateModified\":\"2020-07-21T08:50:53+00:00\",\"mainEntityOfPage\":{\"@id\":\"https:\\\/\\\/digidem-bayern.de\\\/digidem-studie-luecken-in-der-digitalen-versorgung\\\/\"},\"wordCount\":106,\"publisher\":{\"@id\":\"\\\/#organization\"},\"image\":{\"@id\":\"https:\\\/\\\/digidem-bayern.de\\\/digidem-studie-luecken-in-der-digitalen-versorgung\\\/#primaryimage\"},\"thumbnailUrl\":\"https:\\\/\\\/digidem-bayern.de\\\/wp-content\\\/uploads\\\/2020\\\/07\\\/computer-1846056_1280.jpg\",\"keywords\":[\"Alzheimer\",\"Demenz\",\"digidem\",\"digidem Bayern\",\"Digitales Demenzregister Bayern\",\"Digitalisierung\",\"Michael Reichold\"],\"articleSection\":[\"Aktuelles zu digiDEM\"],\"inLanguage\":\"en-US\"},{\"@type\":\"WebPage\",\"@id\":\"https:\\\/\\\/digidem-bayern.de\\\/digidem-studie-luecken-in-der-digitalen-versorgung\\\/\",\"url\":\"https:\\\/\\\/digidem-bayern.de\\\/digidem-studie-luecken-in-der-digitalen-versorgung\\\/\",\"name\":\"digiDEM-Studie: L\u00fccken in der digitalen Versorgung - digiDEM Bayern\",\"isPartOf\":{\"@id\":\"\\\/#website\"},\"primaryImageOfPage\":{\"@id\":\"https:\\\/\\\/digidem-bayern.de\\\/digidem-studie-luecken-in-der-digitalen-versorgung\\\/#primaryimage\"},\"image\":{\"@id\":\"https:\\\/\\\/digidem-bayern.de\\\/digidem-studie-luecken-in-der-digitalen-versorgung\\\/#primaryimage\"},\"thumbnailUrl\":\"https:\\\/\\\/digidem-bayern.de\\\/wp-content\\\/uploads\\\/2020\\\/07\\\/computer-1846056_1280.jpg\",\"datePublished\":\"2020-07-21T08:16:52+00:00\",\"dateModified\":\"2020-07-21T08:50:53+00:00\",\"description\":\"Eine Online-Umfrage von digiDEM Bayern unter Versorgern in Bayern hat gezeigt, dass derzeit eine gro\u00dfe L\u00fccke bei digitalen Dienstleistungen besteht.\",\"breadcrumb\":{\"@id\":\"https:\\\/\\\/digidem-bayern.de\\\/digidem-studie-luecken-in-der-digitalen-versorgung\\\/#breadcrumb\"},\"inLanguage\":\"en-US\",\"potentialAction\":[{\"@type\":\"ReadAction\",\"target\":[\"https:\\\/\\\/digidem-bayern.de\\\/digidem-studie-luecken-in-der-digitalen-versorgung\\\/\"]}]},{\"@type\":\"ImageObject\",\"inLanguage\":\"en-US\",\"@id\":\"https:\\\/\\\/digidem-bayern.de\\\/digidem-studie-luecken-in-der-digitalen-versorgung\\\/#primaryimage\",\"url\":\"https:\\\/\\\/digidem-bayern.de\\\/wp-content\\\/uploads\\\/2020\\\/07\\\/computer-1846056_1280.jpg\",\"contentUrl\":\"https:\\\/\\\/digidem-bayern.de\\\/wp-content\\\/uploads\\\/2020\\\/07\\\/computer-1846056_1280.jpg\",\"width\":1280,\"height\":857},{\"@type\":\"BreadcrumbList\",\"@id\":\"https:\\\/\\\/digidem-bayern.de\\\/digidem-studie-luecken-in-der-digitalen-versorgung\\\/#breadcrumb\",\"itemListElement\":[{\"@type\":\"ListItem\",\"position\":1,\"name\":\"Startseite\",\"item\":\"https:\\\/\\\/digidem-bayern.de\\\/\"},{\"@type\":\"ListItem\",\"position\":2,\"name\":\"digiDEM-Studie: L\u00fccken in der digitalen Versorgung\"}]},{\"@type\":\"WebSite\",\"@id\":\"\\\/#website\",\"url\":\"\\\/\",\"name\":\"digiDEM Bayern\",\"description\":\"Das digitale Demenzregister Bayern erforscht und verbessert die Angebotsstuktur f\u00fcr Menschen mit Demenz und deren Angeh\u00f6rige\",\"publisher\":{\"@id\":\"\\\/#organization\"},\"potentialAction\":[{\"@type\":\"SearchAction\",\"target\":{\"@type\":\"EntryPoint\",\"urlTemplate\":\"\\\/?s={search_term_string}\"},\"query-input\":{\"@type\":\"PropertyValueSpecification\",\"valueRequired\":true,\"valueName\":\"search_term_string\"}}],\"inLanguage\":\"en-US\"},{\"@type\":\"Organization\",\"@id\":\"\\\/#organization\",\"name\":\"digiDEM Bayern\",\"url\":\"\\\/\",\"logo\":{\"@type\":\"ImageObject\",\"inLanguage\":\"en-US\",\"@id\":\"\\\/#\\\/schema\\\/logo\\\/image\\\/\",\"url\":\"https:\\\/\\\/digidem-bayern.de\\\/wp-content\\\/uploads\\\/2022\\\/03\\\/cropped-Allgemeines_digiDEMLOGO-removebg-preview.png\",\"contentUrl\":\"https:\\\/\\\/digidem-bayern.de\\\/wp-content\\\/uploads\\\/2022\\\/03\\\/cropped-Allgemeines_digiDEMLOGO-removebg-preview.png\",\"width\":612,\"height\":357,\"caption\":\"digiDEM Bayern\"},\"image\":{\"@id\":\"\\\/#\\\/schema\\\/logo\\\/image\\\/\"},\"sameAs\":[\"https:\\\/\\\/www.facebook.com\\\/digiDEMBayern\\\/\",\"https:\\\/\\\/x.com\\\/digidem_bayern\",\"https:\\\/\\\/www.instagram.com\\\/digidem.bayern\",\"https:\\\/\\\/www.linkedin.com\\\/company\\\/digidem-bayern\\\/\"]},{\"@type\":\"Person\",\"@id\":\"\\\/#\\\/schema\\\/person\\\/92754ad381f49b3c358d1d8d2c4f90b8\",\"name\":\"Michael Zeiler\",\"url\":\"https:\\\/\\\/digidem-bayern.de\\\/en\\\/author\\\/michael-zeiler\\\/\"}]}<\/script>\n<!-- \/ Yoast SEO plugin. -->","yoast_head_json":{"title":"digiDEM-Studie: L\u00fccken in der digitalen Versorgung - digiDEM Bayern","description":"Eine Online-Umfrage von digiDEM Bayern unter Versorgern in Bayern hat gezeigt, dass derzeit eine gro\u00dfe L\u00fccke bei digitalen Dienstleistungen besteht.","robots":{"index":"index","follow":"follow","max-snippet":"max-snippet:-1","max-image-preview":"max-image-preview:large","max-video-preview":"max-video-preview:-1"},"canonical":"https:\/\/digidem-bayern.de\/en\/digidem-studie-luecken-in-der-digitalen-versorgung\/","og_locale":"en_US","og_type":"article","og_title":"digiDEM-Studie: L\u00fccken in der digitalen Versorgung - digiDEM Bayern","og_description":"Eine Online-Umfrage von digiDEM Bayern unter Versorgern in Bayern hat gezeigt, dass derzeit eine gro\u00dfe L\u00fccke bei digitalen Dienstleistungen besteht.","og_url":"https:\/\/digidem-bayern.de\/en\/digidem-studie-luecken-in-der-digitalen-versorgung\/","og_site_name":"digiDEM Bayern","article_publisher":"https:\/\/www.facebook.com\/digiDEMBayern\/","article_published_time":"2020-07-21T08:16:52+00:00","article_modified_time":"2020-07-21T08:50:53+00:00","og_image":[{"width":1280,"height":857,"url":"https:\/\/digidem-bayern.de\/wp-content\/uploads\/2020\/07\/computer-1846056_1280.jpg","type":"image\/jpeg"}],"author":"Michael Zeiler","twitter_misc":{"Written by":"Michael Zeiler"},"schema":{"@context":"https:\/\/schema.org","@graph":[{"@type":"Article","@id":"https:\/\/digidem-bayern.de\/digidem-studie-luecken-in-der-digitalen-versorgung\/#article","isPartOf":{"@id":"https:\/\/digidem-bayern.de\/digidem-studie-luecken-in-der-digitalen-versorgung\/"},"author":{"name":"Michael Zeiler","@id":"\/#\/schema\/person\/92754ad381f49b3c358d1d8d2c4f90b8"},"headline":"digiDEM-Studie: L\u00fccken in der digitalen Versorgung","datePublished":"2020-07-21T08:16:52+00:00","dateModified":"2020-07-21T08:50:53+00:00","mainEntityOfPage":{"@id":"https:\/\/digidem-bayern.de\/digidem-studie-luecken-in-der-digitalen-versorgung\/"},"wordCount":106,"publisher":{"@id":"\/#organization"},"image":{"@id":"https:\/\/digidem-bayern.de\/digidem-studie-luecken-in-der-digitalen-versorgung\/#primaryimage"},"thumbnailUrl":"https:\/\/digidem-bayern.de\/wp-content\/uploads\/2020\/07\/computer-1846056_1280.jpg","keywords":["Alzheimer","Demenz","digidem","digidem Bayern","Digitales Demenzregister Bayern","Digitalisierung","Michael Reichold"],"articleSection":["Aktuelles zu digiDEM"],"inLanguage":"en-US"},{"@type":"WebPage","@id":"https:\/\/digidem-bayern.de\/digidem-studie-luecken-in-der-digitalen-versorgung\/","url":"https:\/\/digidem-bayern.de\/digidem-studie-luecken-in-der-digitalen-versorgung\/","name":"digiDEM-Studie: L\u00fccken in der digitalen Versorgung - digiDEM Bayern","isPartOf":{"@id":"\/#website"},"primaryImageOfPage":{"@id":"https:\/\/digidem-bayern.de\/digidem-studie-luecken-in-der-digitalen-versorgung\/#primaryimage"},"image":{"@id":"https:\/\/digidem-bayern.de\/digidem-studie-luecken-in-der-digitalen-versorgung\/#primaryimage"},"thumbnailUrl":"https:\/\/digidem-bayern.de\/wp-content\/uploads\/2020\/07\/computer-1846056_1280.jpg","datePublished":"2020-07-21T08:16:52+00:00","dateModified":"2020-07-21T08:50:53+00:00","description":"Eine Online-Umfrage von digiDEM Bayern unter Versorgern in Bayern hat gezeigt, dass derzeit eine gro\u00dfe L\u00fccke bei digitalen Dienstleistungen besteht.","breadcrumb":{"@id":"https:\/\/digidem-bayern.de\/digidem-studie-luecken-in-der-digitalen-versorgung\/#breadcrumb"},"inLanguage":"en-US","potentialAction":[{"@type":"ReadAction","target":["https:\/\/digidem-bayern.de\/digidem-studie-luecken-in-der-digitalen-versorgung\/"]}]},{"@type":"ImageObject","inLanguage":"en-US","@id":"https:\/\/digidem-bayern.de\/digidem-studie-luecken-in-der-digitalen-versorgung\/#primaryimage","url":"https:\/\/digidem-bayern.de\/wp-content\/uploads\/2020\/07\/computer-1846056_1280.jpg","contentUrl":"https:\/\/digidem-bayern.de\/wp-content\/uploads\/2020\/07\/computer-1846056_1280.jpg","width":1280,"height":857},{"@type":"BreadcrumbList","@id":"https:\/\/digidem-bayern.de\/digidem-studie-luecken-in-der-digitalen-versorgung\/#breadcrumb","itemListElement":[{"@type":"ListItem","position":1,"name":"Startseite","item":"https:\/\/digidem-bayern.de\/"},{"@type":"ListItem","position":2,"name":"digiDEM-Studie: L\u00fccken in der digitalen Versorgung"}]},{"@type":"WebSite","@id":"\/#website","url":"\/","name":"digiDEM Bavaria","description":"The digital dementia register in Bavaria researches and improves the structure of services for people with dementia and their relatives","publisher":{"@id":"\/#organization"},"potentialAction":[{"@type":"SearchAction","target":{"@type":"EntryPoint","urlTemplate":"\/?s={search_term_string}"},"query-input":{"@type":"PropertyValueSpecification","valueRequired":true,"valueName":"search_term_string"}}],"inLanguage":"en-US"},{"@type":"Organization","@id":"\/#organization","name":"digiDEM Bavaria","url":"\/","logo":{"@type":"ImageObject","inLanguage":"en-US","@id":"\/#\/schema\/logo\/image\/","url":"https:\/\/digidem-bayern.de\/wp-content\/uploads\/2022\/03\/cropped-Allgemeines_digiDEMLOGO-removebg-preview.png","contentUrl":"https:\/\/digidem-bayern.de\/wp-content\/uploads\/2022\/03\/cropped-Allgemeines_digiDEMLOGO-removebg-preview.png","width":612,"height":357,"caption":"digiDEM Bayern"},"image":{"@id":"\/#\/schema\/logo\/image\/"},"sameAs":["https:\/\/www.facebook.com\/digiDEMBayern\/","https:\/\/x.com\/digidem_bayern","https:\/\/www.instagram.com\/digidem.bayern","https:\/\/www.linkedin.com\/company\/digidem-bayern\/"]},{"@type":"Person","@id":"\/#\/schema\/person\/92754ad381f49b3c358d1d8d2c4f90b8","name":"Michael Zeiler","url":"https:\/\/digidem-bayern.de\/en\/author\/michael-zeiler\/"}]}},"uagb_featured_image_src":{"full":["https:\/\/digidem-bayern.de\/wp-content\/uploads\/2020\/07\/computer-1846056_1280.jpg",1280,857,false],"thumbnail":["https:\/\/digidem-bayern.de\/wp-content\/uploads\/2020\/07\/computer-1846056_1280-80x80.jpg",80,80,true],"medium":["https:\/\/digidem-bayern.de\/wp-content\/uploads\/2020\/07\/computer-1846056_1280-300x201.jpg",300,201,true],"medium_large":["https:\/\/digidem-bayern.de\/wp-content\/uploads\/2020\/07\/computer-1846056_1280-768x514.jpg",768,514,true],"large":["https:\/\/digidem-bayern.de\/wp-content\/uploads\/2020\/07\/computer-1846056_1280-1030x690.jpg",1030,690,true],"1536x1536":["https:\/\/digidem-bayern.de\/wp-content\/uploads\/2020\/07\/computer-1846056_1280.jpg",1280,857,false],"2048x2048":["https:\/\/digidem-bayern.de\/wp-content\/uploads\/2020\/07\/computer-1846056_1280.jpg",1280,857,false],"trp-custom-language-flag":["https:\/\/digidem-bayern.de\/wp-content\/uploads\/2020\/07\/computer-1846056_1280.jpg",18,12,false],"qubely_landscape":["https:\/\/digidem-bayern.de\/wp-content\/uploads\/2020\/07\/computer-1846056_1280-1200x750.jpg",1200,750,true],"qubely_portrait":["https:\/\/digidem-bayern.de\/wp-content\/uploads\/2020\/07\/computer-1846056_1280-540x320.jpg",540,320,true],"qubely_thumbnail":["https:\/\/digidem-bayern.de\/wp-content\/uploads\/2020\/07\/computer-1846056_1280-140x100.jpg",140,100,true],"post-thumbnail":["https:\/\/digidem-bayern.de\/wp-content\/uploads\/2020\/07\/computer-1846056_1280-523x350.jpg",523,350,true],"kahuna-featured":["https:\/\/digidem-bayern.de\/wp-content\/uploads\/2020\/07\/computer-1846056_1280-649x350.jpg",649,350,true],"kahuna-featured-lp":["https:\/\/digidem-bayern.de\/wp-content\/uploads\/2020\/07\/computer-1846056_1280-460x350.jpg",460,350,true],"kahuna-featured-half":["https:\/\/digidem-bayern.de\/wp-content\/uploads\/2020\/07\/computer-1846056_1280-800x350.jpg",800,350,true],"kahuna-featured-third":["https:\/\/digidem-bayern.de\/wp-content\/uploads\/2020\/07\/computer-1846056_1280-512x350.jpg",512,350,true],"kahuna-lpbox-1":["https:\/\/digidem-bayern.de\/wp-content\/uploads\/2020\/07\/computer-1846056_1280-460x350.jpg",394,300,true],"kahuna-lpbox-2":["https:\/\/digidem-bayern.de\/wp-content\/uploads\/2020\/07\/computer-1846056_1280-460x350.jpg",460,350,true],"demand-language-flag":["https:\/\/digidem-bayern.de\/wp-content\/uploads\/2020\/07\/computer-1846056_1280.jpg",36,24,false],"dddkt-language-flag":["https:\/\/digidem-bayern.de\/wp-content\/uploads\/2020\/07\/computer-1846056_1280.jpg",36,24,false],"ddiqc-language-flag":["https:\/\/digidem-bayern.de\/wp-content\/uploads\/2020\/07\/computer-1846056_1280.jpg",36,24,false],"ddtl-language-flag":["https:\/\/digidem-bayern.de\/wp-content\/uploads\/2020\/07\/computer-1846056_1280.jpg",36,24,false],"mailpoet_newsletter_max":["https:\/\/digidem-bayern.de\/wp-content\/uploads\/2020\/07\/computer-1846056_1280.jpg",1280,857,false],"kahuna-lpbox-3":["https:\/\/digidem-bayern.de\/wp-content\/uploads\/2020\/07\/computer-1846056_1280-460x350.jpg",460,350,true],"kahuna-featured-square":["https:\/\/digidem-bayern.de\/wp-content\/uploads\/2020\/07\/computer-1846056_1280-512x512.jpg",512,512,true],"kahuna-featured-square-large":["https:\/\/digidem-bayern.de\/wp-content\/uploads\/2020\/07\/computer-1846056_1280-1024x857.jpg",1024,857,true]},"uagb_author_info":{"display_name":"Michael Zeiler","author_link":"https:\/\/digidem-bayern.de\/en\/author\/michael-zeiler\/"},"uagb_comment_info":0,"uagb_excerpt":"Das Versorgungsprojekt digiDEM Bayern zielt mit seinen digitalen Angeboten und einem digitalen Patientenregister darauf ab, die Situation f\u00fcr Menschen mit Demenz und ihre pflegenden Angeh\u00f6rigen vor allem in l\u00e4ndlichen Gebieten zu verbessern. Eine Online-Umfrage von digiDEM unter Versorgern in Bayern hat gezeigt, dass derzeit eine gro\u00dfe L\u00fccke bei digitalen Dienstleistungen &hellip;","_links":{"self":[{"href":"https:\/\/digidem-bayern.de\/en\/wp-json\/wp\/v2\/posts\/6363","targetHints":{"allow":["GET"]}}],"collection":[{"href":"https:\/\/digidem-bayern.de\/en\/wp-json\/wp\/v2\/posts"}],"about":[{"href":"https:\/\/digidem-bayern.de\/en\/wp-json\/wp\/v2\/types\/post"}],"author":[{"embeddable":true,"href":"https:\/\/digidem-bayern.de\/en\/wp-json\/wp\/v2\/users\/11"}],"replies":[{"embeddable":true,"href":"https:\/\/digidem-bayern.de\/en\/wp-json\/wp\/v2\/comments?post=6363"}],"version-history":[{"count":0,"href":"https:\/\/digidem-bayern.de\/en\/wp-json\/wp\/v2\/posts\/6363\/revisions"}],"wp:featuredmedia":[{"embeddable":true,"href":"https:\/\/digidem-bayern.de\/en\/wp-json\/wp\/v2\/media\/6374"}],"wp:attachment":[{"href":"https:\/\/digidem-bayern.de\/en\/wp-json\/wp\/v2\/media?parent=6363"}],"wp:term":[{"taxonomy":"category","embeddable":true,"href":"https:\/\/digidem-bayern.de\/en\/wp-json\/wp\/v2\/categories?post=6363"},{"taxonomy":"post_tag","embeddable":true,"href":"https:\/\/digidem-bayern.de\/en\/wp-json\/wp\/v2\/tags?post=6363"}],"curies":[{"name":"wp","href":"https:\/\/api.w.org\/{rel}","templated":true}]}}