{"id":6315,"date":"2020-07-20T14:59:30","date_gmt":"2020-07-20T12:59:30","guid":{"rendered":"https:\/\/digidem-bayern.de\/?p=6315"},"modified":"2020-07-21T14:52:20","modified_gmt":"2020-07-21T12:52:20","slug":"live-online-schulungen-fuer-die-pilotphase","status":"publish","type":"post","link":"https:\/\/digidem-bayern.de\/en\/live-online-schulungen-fuer-die-pilotphase\/","title":{"rendered":"Live-Online-Schulungen f\u00fcr digiDEM Bayern"},"content":{"rendered":"<h4 class=\"wp-block-heading\">Vor dem Start der Pilotphase am 01.07.2020 wurden die digiDEM Bayern-Forschungspartner umfassend geschult. Die Schulungen fanden live und digital statt,  \u00fcber einen eigenen, datenschutzkonformen digiDEM-Server. Durchgef\u00fchrt wurde sie mit dem <a href=\"https:\/\/test.digidem-bayern.de\/datenschutz-in-digidem-gruenes-licht-fuer-jitsi\/\" target=\"_blank\" aria-label=\"undefined (opens in a new tab)\" rel=\"noreferrer noopener\">Videokonferenz-Dienst \u201eJitsi\u201c<\/a>.<\/h4>\n\n\n\n<div class=\"wp-block-image\"><figure class=\"alignright size-medium\"><img loading=\"lazy\" decoding=\"async\" width=\"300\" height=\"218\" src=\"https:\/\/test.digidem-bayern.de\/wp-content\/uploads\/2020\/07\/video-conference-5230746_1280-1-300x218.png\" alt=\"Comic: Mann von hinten vor einem Monitor. Darauf ist eine Videokonferenz zu sehen.\" class=\"wp-image-6322\" srcset=\"https:\/\/digidem-bayern.de\/wp-content\/uploads\/2020\/07\/video-conference-5230746_1280-1-300x218.png 300w, https:\/\/digidem-bayern.de\/wp-content\/uploads\/2020\/07\/video-conference-5230746_1280-1-1030x748.png 1030w, https:\/\/digidem-bayern.de\/wp-content\/uploads\/2020\/07\/video-conference-5230746_1280-1-768x557.png 768w, https:\/\/digidem-bayern.de\/wp-content\/uploads\/2020\/07\/video-conference-5230746_1280-1-482x350.png 482w, https:\/\/digidem-bayern.de\/wp-content\/uploads\/2020\/07\/video-conference-5230746_1280-1.png 1280w\" sizes=\"auto, (max-width: 300px) 100vw, 300px\" \/><\/figure><\/div>\n\n\n\n<p>Das digiDEM Bayern-Team konnte f\u00fcr die Pilotphase Forschungspartner aus Einrichtungen in allen Regierungsbezirken Bayerns gewinnen, darunter Versorgungseinrichtungen und Pflegedienste. F\u00fcr alle war die Teilnahme an der Schulung verpflichtend. <\/p>\n\n\n\n<p>Die Schulung bestand aus zwei Teilen und dauerte insgesamt drei Stunden. Sie umfasste Aspekte der Datenerhebung, des Datenschutzes, den Umgang mit der Register-Software und Grundlagen, die f\u00fcr die Befragung von Menschen mit Demenz und pflegenden Angeh\u00f6rigen wichtig sind. Die Live-Online-Schulungen fanden vom 16.06.2020 bis zum 02.07.2020 statt. Die Anmeldung erfolgte \u00fcber ein Webformular auf der digiDEM Webseite; anschlie\u00dfend erhielten die Teilnehmenden Unterlagen zur Vorbereitung.<\/p>\n\n\n\n<p><strong>Evaluation: Ergebnisse flie\u00dfen in weiteres Schulungskonzept ein<\/strong><\/p>\n\n\n\n<p>Nach Abschluss der Schulungsphase erfolgt nun eine Evaluation mit Beteiligung der Teilnehmer*innen. Die Ergebnisse flie\u00dfen in das Schulungskonzept f\u00fcr die Vollphase ab Anfang 2021 ein. Dann werden die Befragungen auf weitere Forschungspartner aus ganz Bayern ausgeweitet.<\/p>\n\n\n\n<p><strong>Schulungsunterlagen und -Videos stehen auf der Webseite zum Abruf bereit <\/strong><\/p>\n\n\n\n<p>Die begleitenden Unterlagen zu den Schulungen umfassen ein Schulungshandbuch, den Foliensatz der Schulung und Lehrvideos. Diese sind f\u00fcr die Forschungspartner auf der <a aria-label=\"undefined (opens in a new tab)\" href=\"https:\/\/test.digidem-bayern.de\/forschungspartner-info\/\" target=\"_blank\" rel=\"noreferrer noopener\">digiDEM-Webseite<\/a> passwortgesch\u00fctzt abrufbar. So k\u00f6nnen sie sich etwa die Videos der beiden Schulungen jederzeit noch einmal ansehen.<\/p>\n\n\n\n<p>Der digitale Schulungsansatz erm\u00f6glicht eine ortsunabh\u00e4ngige Teilnahme. Gleichzeitig k\u00f6nnen Forschungspartner aus verschiedenen Einrichtungen parallel teilnehmen. Durch die vielz\u00e4hligen Schulungstermine ist eine individuelle Terminplanung gegeben. Unterst\u00fctzt durch die Hilfe des digiDEM Bayern-Projektteams, mittels Informations-Mails, pers\u00f6nlichen Telefonaten und FAQ kann so der digitale Zugang f\u00fcr alle Teilnehmer*innen erm\u00f6glicht werden.<\/p>","protected":false},"excerpt":{"rendered":"<p>Vor dem Start der Pilotphase am 01.07.2020 wurden die digiDEM Bayern-Forschungspartner umfassend geschult. Die Schulungen fanden live und digital statt, \u00fcber einen eigenen, datenschutzkonformen digiDEM-Server. Durchgef\u00fchrt wurde sie mit dem Videokonferenz-Dienst \u201eJitsi\u201c. Das digiDEM Bayern-Team konnte f\u00fcr die Pilotphase Forschungspartner aus Einrichtungen in allen Regierungsbezirken Bayerns gewinnen, darunter Versorgungseinrichtungen und &hellip;<\/p>","protected":false},"author":11,"featured_media":6330,"comment_status":"closed","ping_status":"closed","sticky":false,"template":"","format":"standard","meta":{"qubely_global_settings":"","qubely_interactions":"","_uag_custom_page_level_css":"","footnotes":""},"categories":[8],"tags":[13,12,14,17,55,183,182,181],"class_list":["post-6315","post","type-post","status-publish","format-standard","has-post-thumbnail","hentry","category-aktuelles-zu-digidem","tag-alzheimer","tag-demenz-2","tag-digidem","tag-digidem-bayern","tag-digitales-demenzregister-bayern","tag-forschungspartner","tag-jitsi","tag-schulung"],"qubely_featured_image_url":{"full":["https:\/\/digidem-bayern.de\/wp-content\/uploads\/2020\/07\/video-conference-5167472_1920.jpg",1600,960,false],"landscape":["https:\/\/digidem-bayern.de\/wp-content\/uploads\/2020\/07\/video-conference-5167472_1920-1200x750.jpg",1200,750,true],"portraits":["https:\/\/digidem-bayern.de\/wp-content\/uploads\/2020\/07\/video-conference-5167472_1920-540x320.jpg",540,320,true],"thumbnail":["https:\/\/digidem-bayern.de\/wp-content\/uploads\/2020\/07\/video-conference-5167472_1920-80x80.jpg",80,80,true],"medium":["https:\/\/digidem-bayern.de\/wp-content\/uploads\/2020\/07\/video-conference-5167472_1920-300x180.jpg",300,180,true],"medium_large":["https:\/\/digidem-bayern.de\/wp-content\/uploads\/2020\/07\/video-conference-5167472_1920-768x461.jpg",768,461,true],"large":["https:\/\/digidem-bayern.de\/wp-content\/uploads\/2020\/07\/video-conference-5167472_1920-1030x618.jpg",1030,618,true],"1536x1536":["https:\/\/digidem-bayern.de\/wp-content\/uploads\/2020\/07\/video-conference-5167472_1920-1536x922.jpg",1536,922,true],"2048x2048":["https:\/\/digidem-bayern.de\/wp-content\/uploads\/2020\/07\/video-conference-5167472_1920.jpg",1600,960,false],"trp-custom-language-flag":["https:\/\/digidem-bayern.de\/wp-content\/uploads\/2020\/07\/video-conference-5167472_1920.jpg",18,12,false],"qubely_landscape":["https:\/\/digidem-bayern.de\/wp-content\/uploads\/2020\/07\/video-conference-5167472_1920-1200x750.jpg",1200,750,true],"qubely_portrait":["https:\/\/digidem-bayern.de\/wp-content\/uploads\/2020\/07\/video-conference-5167472_1920-540x320.jpg",540,320,true],"qubely_thumbnail":["https:\/\/digidem-bayern.de\/wp-content\/uploads\/2020\/07\/video-conference-5167472_1920-140x100.jpg",140,100,true],"post-thumbnail":["https:\/\/digidem-bayern.de\/wp-content\/uploads\/2020\/07\/video-conference-5167472_1920-495x297.jpg",495,297,true],"kahuna-featured":["https:\/\/digidem-bayern.de\/wp-content\/uploads\/2020\/07\/video-conference-5167472_1920-495x350.jpg",495,350,true],"kahuna-featured-lp":["https:\/\/digidem-bayern.de\/wp-content\/uploads\/2020\/07\/video-conference-5167472_1920-460x350.jpg",460,350,true],"kahuna-featured-half":["https:\/\/digidem-bayern.de\/wp-content\/uploads\/2020\/07\/video-conference-5167472_1920-800x350.jpg",800,350,true],"kahuna-featured-third":["https:\/\/digidem-bayern.de\/wp-content\/uploads\/2020\/07\/video-conference-5167472_1920-512x350.jpg",512,350,true],"kahuna-lpbox-1":["https:\/\/digidem-bayern.de\/wp-content\/uploads\/2020\/07\/video-conference-5167472_1920-460x350.jpg",394,300,true],"kahuna-lpbox-2":["https:\/\/digidem-bayern.de\/wp-content\/uploads\/2020\/07\/video-conference-5167472_1920-460x350.jpg",460,350,true],"demand-language-flag":["https:\/\/digidem-bayern.de\/wp-content\/uploads\/2020\/07\/video-conference-5167472_1920.jpg",36,22,false],"dddkt-language-flag":["https:\/\/digidem-bayern.de\/wp-content\/uploads\/2020\/07\/video-conference-5167472_1920.jpg",36,22,false],"ddiqc-language-flag":["https:\/\/digidem-bayern.de\/wp-content\/uploads\/2020\/07\/video-conference-5167472_1920.jpg",36,22,false],"ddtl-language-flag":["https:\/\/digidem-bayern.de\/wp-content\/uploads\/2020\/07\/video-conference-5167472_1920.jpg",36,22,false],"mailpoet_newsletter_max":["https:\/\/digidem-bayern.de\/wp-content\/uploads\/2020\/07\/video-conference-5167472_1920-1320x792.jpg",1320,792,true],"kahuna-lpbox-3":["https:\/\/digidem-bayern.de\/wp-content\/uploads\/2020\/07\/video-conference-5167472_1920-460x350.jpg",460,350,true],"kahuna-featured-square":["https:\/\/digidem-bayern.de\/wp-content\/uploads\/2020\/07\/video-conference-5167472_1920-512x512.jpg",512,512,true],"kahuna-featured-square-large":["https:\/\/digidem-bayern.de\/wp-content\/uploads\/2020\/07\/video-conference-5167472_1920-1024x1024.jpg",1024,1024,true]},"qubely_author":{"display_name":"Michael Zeiler","author_link":"https:\/\/digidem-bayern.de\/en\/author\/michael-zeiler\/"},"qubely_comment":0,"qubely_category":"<a href=\"https:\/\/digidem-bayern.de\/en\/category\/aktuelles-zu-digidem\/\" rel=\"category tag\">Aktuelles zu digiDEM<\/a>","qubely_excerpt":"Vor dem Start der Pilotphase am 01.07.2020 wurden die digiDEM Bayern-Forschungspartner umfassend geschult. Die Schulungen fanden live und digital statt, \u00fcber einen eigenen, datenschutzkonformen digiDEM-Server. Durchgef\u00fchrt wurde sie mit dem Videokonferenz-Dienst \u201eJitsi\u201c. Das digiDEM Bayern-Team konnte f\u00fcr die Pilotphase Forschungspartner aus Einrichtungen in allen Regierungsbezirken Bayerns gewinnen, darunter Versorgungseinrichtungen und &hellip;","featured_image_urls_v2":{"full":["https:\/\/digidem-bayern.de\/wp-content\/uploads\/2020\/07\/video-conference-5167472_1920.jpg",1600,960,false],"thumbnail":["https:\/\/digidem-bayern.de\/wp-content\/uploads\/2020\/07\/video-conference-5167472_1920-80x80.jpg",80,80,true],"medium":["https:\/\/digidem-bayern.de\/wp-content\/uploads\/2020\/07\/video-conference-5167472_1920-300x180.jpg",300,180,true],"medium_large":["https:\/\/digidem-bayern.de\/wp-content\/uploads\/2020\/07\/video-conference-5167472_1920-768x461.jpg",768,461,true],"large":["https:\/\/digidem-bayern.de\/wp-content\/uploads\/2020\/07\/video-conference-5167472_1920-1030x618.jpg",1030,618,true],"1536x1536":["https:\/\/digidem-bayern.de\/wp-content\/uploads\/2020\/07\/video-conference-5167472_1920-1536x922.jpg",1536,922,true],"2048x2048":["https:\/\/digidem-bayern.de\/wp-content\/uploads\/2020\/07\/video-conference-5167472_1920.jpg",1600,960,false],"trp-custom-language-flag":["https:\/\/digidem-bayern.de\/wp-content\/uploads\/2020\/07\/video-conference-5167472_1920.jpg",18,12,false],"qubely_landscape":["https:\/\/digidem-bayern.de\/wp-content\/uploads\/2020\/07\/video-conference-5167472_1920-1200x750.jpg",1200,750,true],"qubely_portrait":["https:\/\/digidem-bayern.de\/wp-content\/uploads\/2020\/07\/video-conference-5167472_1920-540x320.jpg",540,320,true],"qubely_thumbnail":["https:\/\/digidem-bayern.de\/wp-content\/uploads\/2020\/07\/video-conference-5167472_1920-140x100.jpg",140,100,true],"post-thumbnail":["https:\/\/digidem-bayern.de\/wp-content\/uploads\/2020\/07\/video-conference-5167472_1920-495x297.jpg",495,297,true],"kahuna-featured":["https:\/\/digidem-bayern.de\/wp-content\/uploads\/2020\/07\/video-conference-5167472_1920-495x350.jpg",495,350,true],"kahuna-featured-lp":["https:\/\/digidem-bayern.de\/wp-content\/uploads\/2020\/07\/video-conference-5167472_1920-460x350.jpg",460,350,true],"kahuna-featured-half":["https:\/\/digidem-bayern.de\/wp-content\/uploads\/2020\/07\/video-conference-5167472_1920-800x350.jpg",800,350,true],"kahuna-featured-third":["https:\/\/digidem-bayern.de\/wp-content\/uploads\/2020\/07\/video-conference-5167472_1920-512x350.jpg",512,350,true],"kahuna-lpbox-1":["https:\/\/digidem-bayern.de\/wp-content\/uploads\/2020\/07\/video-conference-5167472_1920-460x350.jpg",394,300,true],"kahuna-lpbox-2":["https:\/\/digidem-bayern.de\/wp-content\/uploads\/2020\/07\/video-conference-5167472_1920-460x350.jpg",460,350,true],"demand-language-flag":["https:\/\/digidem-bayern.de\/wp-content\/uploads\/2020\/07\/video-conference-5167472_1920.jpg",36,22,false],"dddkt-language-flag":["https:\/\/digidem-bayern.de\/wp-content\/uploads\/2020\/07\/video-conference-5167472_1920.jpg",36,22,false],"ddiqc-language-flag":["https:\/\/digidem-bayern.de\/wp-content\/uploads\/2020\/07\/video-conference-5167472_1920.jpg",36,22,false],"ddtl-language-flag":["https:\/\/digidem-bayern.de\/wp-content\/uploads\/2020\/07\/video-conference-5167472_1920.jpg",36,22,false],"mailpoet_newsletter_max":["https:\/\/digidem-bayern.de\/wp-content\/uploads\/2020\/07\/video-conference-5167472_1920-1320x792.jpg",1320,792,true],"kahuna-lpbox-3":["https:\/\/digidem-bayern.de\/wp-content\/uploads\/2020\/07\/video-conference-5167472_1920-460x350.jpg",460,350,true],"kahuna-featured-square":["https:\/\/digidem-bayern.de\/wp-content\/uploads\/2020\/07\/video-conference-5167472_1920-512x512.jpg",512,512,true],"kahuna-featured-square-large":["https:\/\/digidem-bayern.de\/wp-content\/uploads\/2020\/07\/video-conference-5167472_1920-1024x1024.jpg",1024,1024,true]},"post_excerpt_stackable_v2":"<p>Vor dem Start der Pilotphase am 01.07.2020 wurden die digiDEM Bayern-Forschungspartner umfassend geschult. Die Schulungen fanden live und digital statt, \u00fcber einen eigenen, datenschutzkonformen digiDEM-Server. Durchgef\u00fchrt wurde sie mit dem Videokonferenz-Dienst \u201eJitsi\u201c. Das digiDEM Bayern-Team konnte f\u00fcr die Pilotphase Forschungspartner aus Einrichtungen in allen Regierungsbezirken Bayerns gewinnen, darunter Versorgungseinrichtungen und Pflegedienste. F\u00fcr alle war die Teilnahme an der Schulung verpflichtend. Die Schulung bestand aus zwei Teilen und dauerte insgesamt drei Stunden. Sie umfasste Aspekte der Datenerhebung, des Datenschutzes, den Umgang mit der Register-Software und Grundlagen, die f\u00fcr die Befragung von Menschen mit Demenz und pflegenden Angeh\u00f6rigen wichtig sind. Die Live-Online-Schulungen&hellip;<\/p>\n","category_list_v2":"<a href=\"https:\/\/digidem-bayern.de\/en\/category\/aktuelles-zu-digidem\/\" rel=\"category tag\">Aktuelles zu digiDEM<\/a>","author_info_v2":{"name":"Michael Zeiler","url":"https:\/\/digidem-bayern.de\/en\/author\/michael-zeiler\/"},"comments_num_v2":"0 comments","yoast_head":"<!-- This site is optimized with the Yoast SEO plugin v27.4 - https:\/\/yoast.com\/product\/yoast-seo-wordpress\/ -->\n<title>Live-Online-Schulungen f\u00fcr digiDEM Bayern - digiDEM Bayern<\/title>\n<meta name=\"description\" content=\"Vor dem Start der Pilotphase am 01.07.02020 wurden die digiDEM Bayern-Forschungspartner umfassend geschult. Die Schulungen fanden live und digital statt.\" \/>\n<meta name=\"robots\" content=\"index, follow, max-snippet:-1, max-image-preview:large, max-video-preview:-1\" \/>\n<link rel=\"canonical\" href=\"https:\/\/digidem-bayern.de\/en\/live-online-schulungen-fuer-die-pilotphase\/\" \/>\n<meta property=\"og:locale\" content=\"en_US\" \/>\n<meta property=\"og:type\" content=\"article\" \/>\n<meta property=\"og:title\" content=\"Live-Online-Schulungen f\u00fcr digiDEM Bayern - digiDEM Bayern\" \/>\n<meta property=\"og:description\" content=\"Vor dem Start der Pilotphase am 01.07.02020 wurden die digiDEM Bayern-Forschungspartner umfassend geschult. Die Schulungen fanden live und digital statt.\" \/>\n<meta property=\"og:url\" content=\"https:\/\/digidem-bayern.de\/en\/live-online-schulungen-fuer-die-pilotphase\/\" \/>\n<meta property=\"og:site_name\" content=\"digiDEM Bayern\" \/>\n<meta property=\"article:publisher\" content=\"https:\/\/www.facebook.com\/digiDEMBayern\/\" \/>\n<meta property=\"article:published_time\" content=\"2020-07-20T12:59:30+00:00\" \/>\n<meta property=\"article:modified_time\" content=\"2020-07-21T12:52:20+00:00\" \/>\n<meta property=\"og:image\" content=\"https:\/\/digidem-bayern.de\/wp-content\/uploads\/2020\/07\/video-conference-5167472_1920.jpg\" \/>\n\t<meta property=\"og:image:width\" content=\"1600\" \/>\n\t<meta property=\"og:image:height\" content=\"960\" \/>\n\t<meta property=\"og:image:type\" content=\"image\/jpeg\" \/>\n<meta name=\"author\" content=\"Michael Zeiler\" \/>\n<meta name=\"twitter:label1\" content=\"Written by\" \/>\n\t<meta name=\"twitter:data1\" content=\"Michael Zeiler\" \/>\n\t<meta name=\"twitter:label2\" content=\"Est. reading time\" \/>\n\t<meta name=\"twitter:data2\" content=\"1 minute\" \/>\n<script type=\"application\/ld+json\" class=\"yoast-schema-graph\">{\"@context\":\"https:\\\/\\\/schema.org\",\"@graph\":[{\"@type\":\"Article\",\"@id\":\"https:\\\/\\\/digidem-bayern.de\\\/live-online-schulungen-fuer-die-pilotphase\\\/#article\",\"isPartOf\":{\"@id\":\"https:\\\/\\\/digidem-bayern.de\\\/live-online-schulungen-fuer-die-pilotphase\\\/\"},\"author\":{\"name\":\"Michael Zeiler\",\"@id\":\"\\\/#\\\/schema\\\/person\\\/92754ad381f49b3c358d1d8d2c4f90b8\"},\"headline\":\"Live-Online-Schulungen f\u00fcr digiDEM Bayern\",\"datePublished\":\"2020-07-20T12:59:30+00:00\",\"dateModified\":\"2020-07-21T12:52:20+00:00\",\"mainEntityOfPage\":{\"@id\":\"https:\\\/\\\/digidem-bayern.de\\\/live-online-schulungen-fuer-die-pilotphase\\\/\"},\"wordCount\":286,\"publisher\":{\"@id\":\"\\\/#organization\"},\"image\":{\"@id\":\"https:\\\/\\\/digidem-bayern.de\\\/live-online-schulungen-fuer-die-pilotphase\\\/#primaryimage\"},\"thumbnailUrl\":\"https:\\\/\\\/digidem-bayern.de\\\/wp-content\\\/uploads\\\/2020\\\/07\\\/video-conference-5167472_1920.jpg\",\"keywords\":[\"Alzheimer\",\"Demenz\",\"digidem\",\"digidem Bayern\",\"Digitales Demenzregister Bayern\",\"Forschungspartner\",\"Jitsi\",\"Schulung\"],\"articleSection\":[\"Aktuelles zu digiDEM\"],\"inLanguage\":\"en-US\"},{\"@type\":\"WebPage\",\"@id\":\"https:\\\/\\\/digidem-bayern.de\\\/live-online-schulungen-fuer-die-pilotphase\\\/\",\"url\":\"https:\\\/\\\/digidem-bayern.de\\\/live-online-schulungen-fuer-die-pilotphase\\\/\",\"name\":\"Live-Online-Schulungen f\u00fcr digiDEM Bayern - digiDEM Bayern\",\"isPartOf\":{\"@id\":\"\\\/#website\"},\"primaryImageOfPage\":{\"@id\":\"https:\\\/\\\/digidem-bayern.de\\\/live-online-schulungen-fuer-die-pilotphase\\\/#primaryimage\"},\"image\":{\"@id\":\"https:\\\/\\\/digidem-bayern.de\\\/live-online-schulungen-fuer-die-pilotphase\\\/#primaryimage\"},\"thumbnailUrl\":\"https:\\\/\\\/digidem-bayern.de\\\/wp-content\\\/uploads\\\/2020\\\/07\\\/video-conference-5167472_1920.jpg\",\"datePublished\":\"2020-07-20T12:59:30+00:00\",\"dateModified\":\"2020-07-21T12:52:20+00:00\",\"description\":\"Vor dem Start der Pilotphase am 01.07.02020 wurden die digiDEM Bayern-Forschungspartner umfassend geschult. Die Schulungen fanden live und digital statt.\",\"breadcrumb\":{\"@id\":\"https:\\\/\\\/digidem-bayern.de\\\/live-online-schulungen-fuer-die-pilotphase\\\/#breadcrumb\"},\"inLanguage\":\"en-US\",\"potentialAction\":[{\"@type\":\"ReadAction\",\"target\":[\"https:\\\/\\\/digidem-bayern.de\\\/live-online-schulungen-fuer-die-pilotphase\\\/\"]}]},{\"@type\":\"ImageObject\",\"inLanguage\":\"en-US\",\"@id\":\"https:\\\/\\\/digidem-bayern.de\\\/live-online-schulungen-fuer-die-pilotphase\\\/#primaryimage\",\"url\":\"https:\\\/\\\/digidem-bayern.de\\\/wp-content\\\/uploads\\\/2020\\\/07\\\/video-conference-5167472_1920.jpg\",\"contentUrl\":\"https:\\\/\\\/digidem-bayern.de\\\/wp-content\\\/uploads\\\/2020\\\/07\\\/video-conference-5167472_1920.jpg\",\"width\":1600,\"height\":960},{\"@type\":\"BreadcrumbList\",\"@id\":\"https:\\\/\\\/digidem-bayern.de\\\/live-online-schulungen-fuer-die-pilotphase\\\/#breadcrumb\",\"itemListElement\":[{\"@type\":\"ListItem\",\"position\":1,\"name\":\"Startseite\",\"item\":\"https:\\\/\\\/digidem-bayern.de\\\/\"},{\"@type\":\"ListItem\",\"position\":2,\"name\":\"Live-Online-Schulungen f\u00fcr digiDEM Bayern\"}]},{\"@type\":\"WebSite\",\"@id\":\"\\\/#website\",\"url\":\"\\\/\",\"name\":\"digiDEM Bayern\",\"description\":\"Das digitale Demenzregister Bayern erforscht und verbessert die Angebotsstuktur f\u00fcr Menschen mit Demenz und deren Angeh\u00f6rige\",\"publisher\":{\"@id\":\"\\\/#organization\"},\"potentialAction\":[{\"@type\":\"SearchAction\",\"target\":{\"@type\":\"EntryPoint\",\"urlTemplate\":\"\\\/?s={search_term_string}\"},\"query-input\":{\"@type\":\"PropertyValueSpecification\",\"valueRequired\":true,\"valueName\":\"search_term_string\"}}],\"inLanguage\":\"en-US\"},{\"@type\":\"Organization\",\"@id\":\"\\\/#organization\",\"name\":\"digiDEM Bayern\",\"url\":\"\\\/\",\"logo\":{\"@type\":\"ImageObject\",\"inLanguage\":\"en-US\",\"@id\":\"\\\/#\\\/schema\\\/logo\\\/image\\\/\",\"url\":\"https:\\\/\\\/digidem-bayern.de\\\/wp-content\\\/uploads\\\/2022\\\/03\\\/cropped-Allgemeines_digiDEMLOGO-removebg-preview.png\",\"contentUrl\":\"https:\\\/\\\/digidem-bayern.de\\\/wp-content\\\/uploads\\\/2022\\\/03\\\/cropped-Allgemeines_digiDEMLOGO-removebg-preview.png\",\"width\":612,\"height\":357,\"caption\":\"digiDEM Bayern\"},\"image\":{\"@id\":\"\\\/#\\\/schema\\\/logo\\\/image\\\/\"},\"sameAs\":[\"https:\\\/\\\/www.facebook.com\\\/digiDEMBayern\\\/\",\"https:\\\/\\\/x.com\\\/digidem_bayern\",\"https:\\\/\\\/www.instagram.com\\\/digidem.bayern\",\"https:\\\/\\\/www.linkedin.com\\\/company\\\/digidem-bayern\\\/\"]},{\"@type\":\"Person\",\"@id\":\"\\\/#\\\/schema\\\/person\\\/92754ad381f49b3c358d1d8d2c4f90b8\",\"name\":\"Michael Zeiler\",\"url\":\"https:\\\/\\\/digidem-bayern.de\\\/en\\\/author\\\/michael-zeiler\\\/\"}]}<\/script>\n<!-- \/ Yoast SEO plugin. -->","yoast_head_json":{"title":"Live-Online-Schulungen f\u00fcr digiDEM Bayern - digiDEM Bayern","description":"Vor dem Start der Pilotphase am 01.07.02020 wurden die digiDEM Bayern-Forschungspartner umfassend geschult. Die Schulungen fanden live und digital statt.","robots":{"index":"index","follow":"follow","max-snippet":"max-snippet:-1","max-image-preview":"max-image-preview:large","max-video-preview":"max-video-preview:-1"},"canonical":"https:\/\/digidem-bayern.de\/en\/live-online-schulungen-fuer-die-pilotphase\/","og_locale":"en_US","og_type":"article","og_title":"Live-Online-Schulungen f\u00fcr digiDEM Bayern - digiDEM Bayern","og_description":"Vor dem Start der Pilotphase am 01.07.02020 wurden die digiDEM Bayern-Forschungspartner umfassend geschult. Die Schulungen fanden live und digital statt.","og_url":"https:\/\/digidem-bayern.de\/en\/live-online-schulungen-fuer-die-pilotphase\/","og_site_name":"digiDEM Bayern","article_publisher":"https:\/\/www.facebook.com\/digiDEMBayern\/","article_published_time":"2020-07-20T12:59:30+00:00","article_modified_time":"2020-07-21T12:52:20+00:00","og_image":[{"width":1600,"height":960,"url":"https:\/\/digidem-bayern.de\/wp-content\/uploads\/2020\/07\/video-conference-5167472_1920.jpg","type":"image\/jpeg"}],"author":"Michael Zeiler","twitter_misc":{"Written by":"Michael Zeiler","Est. reading time":"1 minute"},"schema":{"@context":"https:\/\/schema.org","@graph":[{"@type":"Article","@id":"https:\/\/digidem-bayern.de\/live-online-schulungen-fuer-die-pilotphase\/#article","isPartOf":{"@id":"https:\/\/digidem-bayern.de\/live-online-schulungen-fuer-die-pilotphase\/"},"author":{"name":"Michael Zeiler","@id":"\/#\/schema\/person\/92754ad381f49b3c358d1d8d2c4f90b8"},"headline":"Live-Online-Schulungen f\u00fcr digiDEM Bayern","datePublished":"2020-07-20T12:59:30+00:00","dateModified":"2020-07-21T12:52:20+00:00","mainEntityOfPage":{"@id":"https:\/\/digidem-bayern.de\/live-online-schulungen-fuer-die-pilotphase\/"},"wordCount":286,"publisher":{"@id":"\/#organization"},"image":{"@id":"https:\/\/digidem-bayern.de\/live-online-schulungen-fuer-die-pilotphase\/#primaryimage"},"thumbnailUrl":"https:\/\/digidem-bayern.de\/wp-content\/uploads\/2020\/07\/video-conference-5167472_1920.jpg","keywords":["Alzheimer","Demenz","digidem","digidem Bayern","Digitales Demenzregister Bayern","Forschungspartner","Jitsi","Schulung"],"articleSection":["Aktuelles zu digiDEM"],"inLanguage":"en-US"},{"@type":"WebPage","@id":"https:\/\/digidem-bayern.de\/live-online-schulungen-fuer-die-pilotphase\/","url":"https:\/\/digidem-bayern.de\/live-online-schulungen-fuer-die-pilotphase\/","name":"Live-Online-Schulungen f\u00fcr digiDEM Bayern - digiDEM Bayern","isPartOf":{"@id":"\/#website"},"primaryImageOfPage":{"@id":"https:\/\/digidem-bayern.de\/live-online-schulungen-fuer-die-pilotphase\/#primaryimage"},"image":{"@id":"https:\/\/digidem-bayern.de\/live-online-schulungen-fuer-die-pilotphase\/#primaryimage"},"thumbnailUrl":"https:\/\/digidem-bayern.de\/wp-content\/uploads\/2020\/07\/video-conference-5167472_1920.jpg","datePublished":"2020-07-20T12:59:30+00:00","dateModified":"2020-07-21T12:52:20+00:00","description":"Vor dem Start der Pilotphase am 01.07.02020 wurden die digiDEM Bayern-Forschungspartner umfassend geschult. Die Schulungen fanden live und digital statt.","breadcrumb":{"@id":"https:\/\/digidem-bayern.de\/live-online-schulungen-fuer-die-pilotphase\/#breadcrumb"},"inLanguage":"en-US","potentialAction":[{"@type":"ReadAction","target":["https:\/\/digidem-bayern.de\/live-online-schulungen-fuer-die-pilotphase\/"]}]},{"@type":"ImageObject","inLanguage":"en-US","@id":"https:\/\/digidem-bayern.de\/live-online-schulungen-fuer-die-pilotphase\/#primaryimage","url":"https:\/\/digidem-bayern.de\/wp-content\/uploads\/2020\/07\/video-conference-5167472_1920.jpg","contentUrl":"https:\/\/digidem-bayern.de\/wp-content\/uploads\/2020\/07\/video-conference-5167472_1920.jpg","width":1600,"height":960},{"@type":"BreadcrumbList","@id":"https:\/\/digidem-bayern.de\/live-online-schulungen-fuer-die-pilotphase\/#breadcrumb","itemListElement":[{"@type":"ListItem","position":1,"name":"Startseite","item":"https:\/\/digidem-bayern.de\/"},{"@type":"ListItem","position":2,"name":"Live-Online-Schulungen f\u00fcr digiDEM Bayern"}]},{"@type":"WebSite","@id":"\/#website","url":"\/","name":"digiDEM Bavaria","description":"The digital dementia register in Bavaria researches and improves the structure of services for people with dementia and their relatives","publisher":{"@id":"\/#organization"},"potentialAction":[{"@type":"SearchAction","target":{"@type":"EntryPoint","urlTemplate":"\/?s={search_term_string}"},"query-input":{"@type":"PropertyValueSpecification","valueRequired":true,"valueName":"search_term_string"}}],"inLanguage":"en-US"},{"@type":"Organization","@id":"\/#organization","name":"digiDEM Bavaria","url":"\/","logo":{"@type":"ImageObject","inLanguage":"en-US","@id":"\/#\/schema\/logo\/image\/","url":"https:\/\/digidem-bayern.de\/wp-content\/uploads\/2022\/03\/cropped-Allgemeines_digiDEMLOGO-removebg-preview.png","contentUrl":"https:\/\/digidem-bayern.de\/wp-content\/uploads\/2022\/03\/cropped-Allgemeines_digiDEMLOGO-removebg-preview.png","width":612,"height":357,"caption":"digiDEM Bayern"},"image":{"@id":"\/#\/schema\/logo\/image\/"},"sameAs":["https:\/\/www.facebook.com\/digiDEMBayern\/","https:\/\/x.com\/digidem_bayern","https:\/\/www.instagram.com\/digidem.bayern","https:\/\/www.linkedin.com\/company\/digidem-bayern\/"]},{"@type":"Person","@id":"\/#\/schema\/person\/92754ad381f49b3c358d1d8d2c4f90b8","name":"Michael Zeiler","url":"https:\/\/digidem-bayern.de\/en\/author\/michael-zeiler\/"}]}},"uagb_featured_image_src":{"full":["https:\/\/digidem-bayern.de\/wp-content\/uploads\/2020\/07\/video-conference-5167472_1920.jpg",1600,960,false],"thumbnail":["https:\/\/digidem-bayern.de\/wp-content\/uploads\/2020\/07\/video-conference-5167472_1920-80x80.jpg",80,80,true],"medium":["https:\/\/digidem-bayern.de\/wp-content\/uploads\/2020\/07\/video-conference-5167472_1920-300x180.jpg",300,180,true],"medium_large":["https:\/\/digidem-bayern.de\/wp-content\/uploads\/2020\/07\/video-conference-5167472_1920-768x461.jpg",768,461,true],"large":["https:\/\/digidem-bayern.de\/wp-content\/uploads\/2020\/07\/video-conference-5167472_1920-1030x618.jpg",1030,618,true],"1536x1536":["https:\/\/digidem-bayern.de\/wp-content\/uploads\/2020\/07\/video-conference-5167472_1920-1536x922.jpg",1536,922,true],"2048x2048":["https:\/\/digidem-bayern.de\/wp-content\/uploads\/2020\/07\/video-conference-5167472_1920.jpg",1600,960,false],"trp-custom-language-flag":["https:\/\/digidem-bayern.de\/wp-content\/uploads\/2020\/07\/video-conference-5167472_1920.jpg",18,12,false],"qubely_landscape":["https:\/\/digidem-bayern.de\/wp-content\/uploads\/2020\/07\/video-conference-5167472_1920-1200x750.jpg",1200,750,true],"qubely_portrait":["https:\/\/digidem-bayern.de\/wp-content\/uploads\/2020\/07\/video-conference-5167472_1920-540x320.jpg",540,320,true],"qubely_thumbnail":["https:\/\/digidem-bayern.de\/wp-content\/uploads\/2020\/07\/video-conference-5167472_1920-140x100.jpg",140,100,true],"post-thumbnail":["https:\/\/digidem-bayern.de\/wp-content\/uploads\/2020\/07\/video-conference-5167472_1920-495x297.jpg",495,297,true],"kahuna-featured":["https:\/\/digidem-bayern.de\/wp-content\/uploads\/2020\/07\/video-conference-5167472_1920-495x350.jpg",495,350,true],"kahuna-featured-lp":["https:\/\/digidem-bayern.de\/wp-content\/uploads\/2020\/07\/video-conference-5167472_1920-460x350.jpg",460,350,true],"kahuna-featured-half":["https:\/\/digidem-bayern.de\/wp-content\/uploads\/2020\/07\/video-conference-5167472_1920-800x350.jpg",800,350,true],"kahuna-featured-third":["https:\/\/digidem-bayern.de\/wp-content\/uploads\/2020\/07\/video-conference-5167472_1920-512x350.jpg",512,350,true],"kahuna-lpbox-1":["https:\/\/digidem-bayern.de\/wp-content\/uploads\/2020\/07\/video-conference-5167472_1920-460x350.jpg",394,300,true],"kahuna-lpbox-2":["https:\/\/digidem-bayern.de\/wp-content\/uploads\/2020\/07\/video-conference-5167472_1920-460x350.jpg",460,350,true],"demand-language-flag":["https:\/\/digidem-bayern.de\/wp-content\/uploads\/2020\/07\/video-conference-5167472_1920.jpg",36,22,false],"dddkt-language-flag":["https:\/\/digidem-bayern.de\/wp-content\/uploads\/2020\/07\/video-conference-5167472_1920.jpg",36,22,false],"ddiqc-language-flag":["https:\/\/digidem-bayern.de\/wp-content\/uploads\/2020\/07\/video-conference-5167472_1920.jpg",36,22,false],"ddtl-language-flag":["https:\/\/digidem-bayern.de\/wp-content\/uploads\/2020\/07\/video-conference-5167472_1920.jpg",36,22,false],"mailpoet_newsletter_max":["https:\/\/digidem-bayern.de\/wp-content\/uploads\/2020\/07\/video-conference-5167472_1920-1320x792.jpg",1320,792,true],"kahuna-lpbox-3":["https:\/\/digidem-bayern.de\/wp-content\/uploads\/2020\/07\/video-conference-5167472_1920-460x350.jpg",460,350,true],"kahuna-featured-square":["https:\/\/digidem-bayern.de\/wp-content\/uploads\/2020\/07\/video-conference-5167472_1920-512x512.jpg",512,512,true],"kahuna-featured-square-large":["https:\/\/digidem-bayern.de\/wp-content\/uploads\/2020\/07\/video-conference-5167472_1920-1024x1024.jpg",1024,1024,true]},"uagb_author_info":{"display_name":"Michael Zeiler","author_link":"https:\/\/digidem-bayern.de\/en\/author\/michael-zeiler\/"},"uagb_comment_info":0,"uagb_excerpt":"Vor dem Start der Pilotphase am 01.07.2020 wurden die digiDEM Bayern-Forschungspartner umfassend geschult. Die Schulungen fanden live und digital statt, \u00fcber einen eigenen, datenschutzkonformen digiDEM-Server. Durchgef\u00fchrt wurde sie mit dem Videokonferenz-Dienst \u201eJitsi\u201c. Das digiDEM Bayern-Team konnte f\u00fcr die Pilotphase Forschungspartner aus Einrichtungen in allen Regierungsbezirken Bayerns gewinnen, darunter Versorgungseinrichtungen und &hellip;","_links":{"self":[{"href":"https:\/\/digidem-bayern.de\/en\/wp-json\/wp\/v2\/posts\/6315","targetHints":{"allow":["GET"]}}],"collection":[{"href":"https:\/\/digidem-bayern.de\/en\/wp-json\/wp\/v2\/posts"}],"about":[{"href":"https:\/\/digidem-bayern.de\/en\/wp-json\/wp\/v2\/types\/post"}],"author":[{"embeddable":true,"href":"https:\/\/digidem-bayern.de\/en\/wp-json\/wp\/v2\/users\/11"}],"replies":[{"embeddable":true,"href":"https:\/\/digidem-bayern.de\/en\/wp-json\/wp\/v2\/comments?post=6315"}],"version-history":[{"count":0,"href":"https:\/\/digidem-bayern.de\/en\/wp-json\/wp\/v2\/posts\/6315\/revisions"}],"wp:featuredmedia":[{"embeddable":true,"href":"https:\/\/digidem-bayern.de\/en\/wp-json\/wp\/v2\/media\/6330"}],"wp:attachment":[{"href":"https:\/\/digidem-bayern.de\/en\/wp-json\/wp\/v2\/media?parent=6315"}],"wp:term":[{"taxonomy":"category","embeddable":true,"href":"https:\/\/digidem-bayern.de\/en\/wp-json\/wp\/v2\/categories?post=6315"},{"taxonomy":"post_tag","embeddable":true,"href":"https:\/\/digidem-bayern.de\/en\/wp-json\/wp\/v2\/tags?post=6315"}],"curies":[{"name":"wp","href":"https:\/\/api.w.org\/{rel}","templated":true}]}}