{"id":6192,"date":"2020-07-13T11:40:00","date_gmt":"2020-07-13T09:40:00","guid":{"rendered":"https:\/\/digidem-bayern.de\/?p=6192"},"modified":"2020-07-16T11:15:29","modified_gmt":"2020-07-16T09:15:29","slug":"gleichgeschlechtliche-partnerschaften-und-das-demenzrisiko","status":"publish","type":"post","link":"https:\/\/digidem-bayern.de\/en\/gleichgeschlechtliche-partnerschaften-und-das-demenzrisiko\/","title":{"rendered":"Gleichgeschlechtliche Partnerschaften und das Demenzrisiko"},"content":{"rendered":"<h4 class=\"wp-block-heading\">Sexuelle Minderheiten erleben im Laufe ihres Lebens h\u00e4ufiger Stigmatisierung und Diskriminierung. Dies kann gesundheitliche Probleme ausl\u00f6sen, zum Beispiel Depressionen, was wiederum ein Demenz-Risikofaktor ist. Vor diesem Hintergrund wollten US-Forscher herausfinden, ob homosexuelle Paare ein h\u00f6heres Risiko f\u00fcr leichte geistige Beeintr\u00e4chtigungen und Demenz haben als heterosexuelle.<\/h4>\n\n\n\n<p>Laut Jaime Perales-Puchalt von der Universit\u00e4t Kansas und seinen Kolleg*innen gibt es bislang kaum Forschung zum Thema. Lediglich zwei Studien h\u00e4tten das Risiko von Demenz und leichten geistigen Beeintr\u00e4chtigungen (MCI) bei sexuellen Minderheiten untersucht. Eine ergab, dass von den befragten \u00fcber 50-j\u00e4hrigen Lesben, Schwulen, Bisexuellen und Transgender (LGBT) 77 Prozent \u00fcber leichte geistige Beeintr\u00e4chtigungen berichteten. 38 Prozent gaben m\u00e4\u00dfige geistige Beeintr\u00e4chtigungen an, 10 Prozent extreme. In der zweiten Studie berichteten etwa&nbsp;25 Prozent der \u00e4lteren LGBT-Erwachsenen \u00fcber einen geistigen Abbau.<\/p>\n\n\n\n<p><strong>Minderheitenstressmodell: dauerhafter Stress durch negative Erfahrungen<\/strong><\/p>\n\n\n\n<div class=\"wp-block-image\"><figure class=\"alignright size-medium\"><img loading=\"lazy\" decoding=\"async\" width=\"300\" height=\"200\" src=\"https:\/\/test.digidem-bayern.de\/wp-content\/uploads\/2020\/07\/rainbow-flag-4426296_1280-300x200.jpg\" alt=\"Regenbogen-Flahne\" class=\"wp-image-6195\" srcset=\"https:\/\/digidem-bayern.de\/wp-content\/uploads\/2020\/07\/rainbow-flag-4426296_1280-300x200.jpg 300w, https:\/\/digidem-bayern.de\/wp-content\/uploads\/2020\/07\/rainbow-flag-4426296_1280-1030x686.jpg 1030w, https:\/\/digidem-bayern.de\/wp-content\/uploads\/2020\/07\/rainbow-flag-4426296_1280-768x512.jpg 768w, https:\/\/digidem-bayern.de\/wp-content\/uploads\/2020\/07\/rainbow-flag-4426296_1280-495x330.jpg 495w, https:\/\/digidem-bayern.de\/wp-content\/uploads\/2020\/07\/rainbow-flag-4426296_1280.jpg 1280w\" sizes=\"auto, (max-width: 300px) 100vw, 300px\" \/><\/figure><\/div>\n\n\n\n<p>Die Wissenschaftler*innen um Perales-Purchalt wollten daher das Demenzrisiko von \u00e4lteren Menschen aus homosexuellen Beziehungen genauer untersuchen. Ihre Annahme war, dass diese ein h\u00f6heres Risiko haben als ihre heterosexuellen Altersgenossen. Dies leiteten sie aus dem \u201cMinderheitenstressmodell\u201d nach Ilan Meyer ab. Danach erfahren Angeh\u00f6rige sexueller Minderheiten durch negative Erfahrungen h\u00e4ufiger dauerhaften Stress. Dies kann zu Gesundheitsproblemen wie Depressionen f\u00fchren, die wiederum Risikofaktoren f\u00fcr Demenz sind.<\/p>\n\n\n\n<p>F\u00fcr ihre Studie werteten die Forscher*innen die Daten von 5.057 Frauen und M\u00e4nnern aus. 307 von ihnen lebten in gleichgeschlechtlichen Beziehungen. Sie waren zum Studienbeginn 55 Jahre oder \u00e4lter und verf\u00fcgten durchschnittlich \u00fcber ca. 16 Schul- bzw. Ausbildungsjahre.&nbsp;Rund die H\u00e4lfte waren Frauen.<\/p>\n\n\n\n<p><strong>Unterschiede zwischen homosexuellen und heterosexuellen Teilnehmemden<\/strong><\/p>\n\n\n\n<p>Die Forscher*innen stellten eine Reihe von Unterschieden zwischen den homosexuellen und heterosexuellen Teilnehmenden fest: So waren M\u00e4nner aus heterosexuellen Beziehungen h\u00e4ufiger an Diabetes erkrankt als M\u00e4nner aus homosexuellen Beziehungen. Frauen aus gleichgeschlechtlichen Beziehungen lebten h\u00e4ufiger allein und waren st\u00e4rker von Herz-Kreislauf-Erkrankungen betroffen. Zudem kam lebenslanges Rauchen und der Missbrauchs anderer Substanzen bei ihnen h\u00e4ufiger vor als bei Frauen aus heterosexuellen Beziehungen. Zum Studienbeginn wiesen die Teilnehmenden keine geistigen Beeintr\u00e4chtigungen auf. Bei 1.032 von ihnen wurden im Verlauf der Studie leichte geistige Beeintr\u00e4chtigungen diagnostiziert, bei 306 eine Demenz.<\/p>\n\n\n\n<p><strong>Kein h\u00f6heres Demenzrisiko von Menschen in homosexuellen Beziehungen<\/strong><\/p>\n\n\n\n<p>Entgegen ihrer Annahme stellten die Autor*innen fest, dass Menschen aus gleichgeschlechtlichen Beziehungen kein h\u00f6heres Risiko f\u00fcr leichte geistige Beeintr\u00e4chtigungen oder Demenz haben als ihre heterosexuellen Altersgenossen. Eine m\u00f6gliche Erkl\u00e4rung sei, dass \u201cMinderheitenstress\u201d nicht mit diesen Erkrankungen in Zusammenhang st\u00fcnde. Allerdings seien Diskriminierung und Depression mit einem erh\u00f6hten Demenzrisiko bei anderen Minderheiten verbunden.<\/p>\n\n\n\n<div class=\"wp-block-image\"><figure class=\"alignright size-medium\"><img loading=\"lazy\" decoding=\"async\" width=\"300\" height=\"180\" src=\"https:\/\/test.digidem-bayern.de\/wp-content\/uploads\/2020\/07\/couple-5385141_1920-1-300x180.jpg\" alt=\"Zwei M\u00e4nner halten H\u00e4ndchen, von hinten.\" class=\"wp-image-6199\" srcset=\"https:\/\/digidem-bayern.de\/wp-content\/uploads\/2020\/07\/couple-5385141_1920-1-300x180.jpg 300w, https:\/\/digidem-bayern.de\/wp-content\/uploads\/2020\/07\/couple-5385141_1920-1-1030x619.jpg 1030w, https:\/\/digidem-bayern.de\/wp-content\/uploads\/2020\/07\/couple-5385141_1920-1-768x462.jpg 768w, https:\/\/digidem-bayern.de\/wp-content\/uploads\/2020\/07\/couple-5385141_1920-1-1536x923.jpg 1536w, https:\/\/digidem-bayern.de\/wp-content\/uploads\/2020\/07\/couple-5385141_1920-1-495x298.jpg 495w, https:\/\/digidem-bayern.de\/wp-content\/uploads\/2020\/07\/couple-5385141_1920-1-1320x793.jpg 1320w, https:\/\/digidem-bayern.de\/wp-content\/uploads\/2020\/07\/couple-5385141_1920-1.jpg 1600w\" sizes=\"auto, (max-width: 300px) 100vw, 300px\" \/><\/figure><\/div>\n\n\n\n<p>Zudem k\u00f6nne eine Erkl\u00e4rung in der ausgew\u00e4hlten Stichprobe liegen. Denn es sei zwar wahrscheinlich, dass \u00e4ltere Angeh\u00f6rige sexueller Minderheiten h\u00f6here Raten von Demenz-Risikofaktoren aufwiesen als heterosexuelle Altersgenossen, zum Beispiel Depressionen, Bluthochdruck und Diabetes. Bei den homosexuellen Teilnehmenden war die Wahrscheinlichkeit f\u00fcr Depressionen und Bluthochdruck jedoch im Vergleich nicht h\u00f6her. Das Risiko, an Diabetes zu erkranken, war bei ihnen sogar geringer. Zudem umfasste die Stichprobe nur Personen in Beziehungen, was den Autor*innen zufolge ebenfalls erkl\u00e4ren k\u00f6nnte, warum es keinen Unterschied beim Demenzrisiko gibt: Das Leben in einer Beziehung sch\u00fctze die Personen m\u00f6glicherweise vor Einsamkeit, die ein Demenz-Risikofaktor sei. Ein weiterer m\u00f6glicherweise st\u00e4rkender Faktor sei das Bildungsniveau, das bei den Teilnehmenden besonders hoch sei und das ebenfalls vor Demenz sch\u00fctze. &nbsp;<\/p>\n\n\n\n<p><strong>Einfluss von st\u00e4rkenden Faktoren weiter erforschen<\/strong><\/p>\n\n\n\n<p>Obwohl die Studie keinen Unterschied im Demenzrisiko zeigte, stellt sie nach Ansicht der Forscher*innen den ersten Schritt zum Verst\u00e4ndnis bei diesem Thema dar. Sie empfehlen, die Rolle von st\u00e4rkenden Faktoren (\u201cResilienzfaktoren\u201d) bei sexuellen Minderheiten zu untersuchen, darunter Bildung, Zugang zum Gesundheitswesen und soziale Unterst\u00fctzung.<\/p>\n\n\n\n<p>Die vollst\u00e4ndige Studie finden Sie hier:<br><a href=\"https:\/\/www.ncbi.nlm.nih.gov\/pmc\/articles\/PMC6502266\/\" target=\"_blank\" aria-label=\"undefined (opens in a new tab)\" rel=\"noreferrer noopener\">Risk of dementia and mild cognitive impairment among older adults in same-sex relationships<\/a> (Juni 2019)<\/p>\n\n\n\n<p><\/p>","protected":false},"excerpt":{"rendered":"<p>Sexuelle Minderheiten erleben im Laufe ihres Lebens h\u00e4ufiger Stigmatisierung und Diskriminierung. Dies kann gesundheitliche Probleme ausl\u00f6sen, zum Beispiel Depressionen, was wiederum ein Demenz-Risikofaktor ist. Vor diesem Hintergrund wollten US-Forscher herausfinden, ob homosexuelle Paare ein h\u00f6heres Risiko f\u00fcr leichte geistige Beeintr\u00e4chtigungen und Demenz haben als heterosexuelle. Laut Jaime Perales-Puchalt von der &hellip;<\/p>","protected":false},"author":11,"featured_media":6195,"comment_status":"closed","ping_status":"closed","sticky":false,"template":"","format":"standard","meta":{"qubely_global_settings":"","qubely_interactions":"","_uag_custom_page_level_css":"","footnotes":""},"categories":[5],"tags":[13,11,177,14,17,55,178,161],"class_list":["post-6192","post","type-post","status-publish","format-standard","has-post-thumbnail","hentry","category-wissenschaft-forschung","tag-alzheimer","tag-demenz","tag-demenzrisiko","tag-digidem","tag-digidem-bayern","tag-digitales-demenzregister-bayern","tag-homosexualitaet","tag-sexualitaet"],"qubely_featured_image_url":{"full":["https:\/\/digidem-bayern.de\/wp-content\/uploads\/2020\/07\/rainbow-flag-4426296_1280.jpg",1280,853,false],"landscape":["https:\/\/digidem-bayern.de\/wp-content\/uploads\/2020\/07\/rainbow-flag-4426296_1280-1200x750.jpg",1200,750,true],"portraits":["https:\/\/digidem-bayern.de\/wp-content\/uploads\/2020\/07\/rainbow-flag-4426296_1280-540x320.jpg",540,320,true],"thumbnail":["https:\/\/digidem-bayern.de\/wp-content\/uploads\/2020\/07\/rainbow-flag-4426296_1280-80x80.jpg",80,80,true],"medium":["https:\/\/digidem-bayern.de\/wp-content\/uploads\/2020\/07\/rainbow-flag-4426296_1280-300x200.jpg",300,200,true],"medium_large":["https:\/\/digidem-bayern.de\/wp-content\/uploads\/2020\/07\/rainbow-flag-4426296_1280-768x512.jpg",768,512,true],"large":["https:\/\/digidem-bayern.de\/wp-content\/uploads\/2020\/07\/rainbow-flag-4426296_1280-1030x686.jpg",1030,686,true],"1536x1536":["https:\/\/digidem-bayern.de\/wp-content\/uploads\/2020\/07\/rainbow-flag-4426296_1280.jpg",1280,853,false],"2048x2048":["https:\/\/digidem-bayern.de\/wp-content\/uploads\/2020\/07\/rainbow-flag-4426296_1280.jpg",1280,853,false],"trp-custom-language-flag":["https:\/\/digidem-bayern.de\/wp-content\/uploads\/2020\/07\/rainbow-flag-4426296_1280.jpg",18,12,false],"qubely_landscape":["https:\/\/digidem-bayern.de\/wp-content\/uploads\/2020\/07\/rainbow-flag-4426296_1280-1200x750.jpg",1200,750,true],"qubely_portrait":["https:\/\/digidem-bayern.de\/wp-content\/uploads\/2020\/07\/rainbow-flag-4426296_1280-540x320.jpg",540,320,true],"qubely_thumbnail":["https:\/\/digidem-bayern.de\/wp-content\/uploads\/2020\/07\/rainbow-flag-4426296_1280-140x100.jpg",140,100,true],"post-thumbnail":["https:\/\/digidem-bayern.de\/wp-content\/uploads\/2020\/07\/rainbow-flag-4426296_1280-495x330.jpg",495,330,true],"kahuna-featured":["https:\/\/digidem-bayern.de\/wp-content\/uploads\/2020\/07\/rainbow-flag-4426296_1280-495x350.jpg",495,350,true],"kahuna-featured-lp":["https:\/\/digidem-bayern.de\/wp-content\/uploads\/2020\/07\/rainbow-flag-4426296_1280-460x350.jpg",460,350,true],"kahuna-featured-half":["https:\/\/digidem-bayern.de\/wp-content\/uploads\/2020\/07\/rainbow-flag-4426296_1280-800x350.jpg",800,350,true],"kahuna-featured-third":["https:\/\/digidem-bayern.de\/wp-content\/uploads\/2020\/07\/rainbow-flag-4426296_1280-512x350.jpg",512,350,true],"kahuna-lpbox-1":["https:\/\/digidem-bayern.de\/wp-content\/uploads\/2020\/07\/rainbow-flag-4426296_1280-460x350.jpg",394,300,true],"kahuna-lpbox-2":["https:\/\/digidem-bayern.de\/wp-content\/uploads\/2020\/07\/rainbow-flag-4426296_1280-460x350.jpg",460,350,true],"demand-language-flag":["https:\/\/digidem-bayern.de\/wp-content\/uploads\/2020\/07\/rainbow-flag-4426296_1280.jpg",36,24,false],"dddkt-language-flag":["https:\/\/digidem-bayern.de\/wp-content\/uploads\/2020\/07\/rainbow-flag-4426296_1280.jpg",36,24,false],"ddiqc-language-flag":["https:\/\/digidem-bayern.de\/wp-content\/uploads\/2020\/07\/rainbow-flag-4426296_1280.jpg",36,24,false],"ddtl-language-flag":["https:\/\/digidem-bayern.de\/wp-content\/uploads\/2020\/07\/rainbow-flag-4426296_1280.jpg",36,24,false],"mailpoet_newsletter_max":["https:\/\/digidem-bayern.de\/wp-content\/uploads\/2020\/07\/rainbow-flag-4426296_1280.jpg",1280,853,false],"kahuna-lpbox-3":["https:\/\/digidem-bayern.de\/wp-content\/uploads\/2020\/07\/rainbow-flag-4426296_1280-460x350.jpg",460,350,true],"kahuna-featured-square":["https:\/\/digidem-bayern.de\/wp-content\/uploads\/2020\/07\/rainbow-flag-4426296_1280-512x512.jpg",512,512,true],"kahuna-featured-square-large":["https:\/\/digidem-bayern.de\/wp-content\/uploads\/2020\/07\/rainbow-flag-4426296_1280-1024x853.jpg",1024,853,true]},"qubely_author":{"display_name":"Michael Zeiler","author_link":"https:\/\/digidem-bayern.de\/en\/author\/michael-zeiler\/"},"qubely_comment":0,"qubely_category":"<a href=\"https:\/\/digidem-bayern.de\/en\/category\/wissenschaft-forschung\/\" rel=\"category tag\">Wissenschaft &amp; Forschung<\/a>","qubely_excerpt":"Sexuelle Minderheiten erleben im Laufe ihres Lebens h\u00e4ufiger Stigmatisierung und Diskriminierung. Dies kann gesundheitliche Probleme ausl\u00f6sen, zum Beispiel Depressionen, was wiederum ein Demenz-Risikofaktor ist. Vor diesem Hintergrund wollten US-Forscher herausfinden, ob homosexuelle Paare ein h\u00f6heres Risiko f\u00fcr leichte geistige Beeintr\u00e4chtigungen und Demenz haben als heterosexuelle. Laut Jaime Perales-Puchalt von der &hellip;","featured_image_urls_v2":{"full":["https:\/\/digidem-bayern.de\/wp-content\/uploads\/2020\/07\/rainbow-flag-4426296_1280.jpg",1280,853,false],"thumbnail":["https:\/\/digidem-bayern.de\/wp-content\/uploads\/2020\/07\/rainbow-flag-4426296_1280-80x80.jpg",80,80,true],"medium":["https:\/\/digidem-bayern.de\/wp-content\/uploads\/2020\/07\/rainbow-flag-4426296_1280-300x200.jpg",300,200,true],"medium_large":["https:\/\/digidem-bayern.de\/wp-content\/uploads\/2020\/07\/rainbow-flag-4426296_1280-768x512.jpg",768,512,true],"large":["https:\/\/digidem-bayern.de\/wp-content\/uploads\/2020\/07\/rainbow-flag-4426296_1280-1030x686.jpg",1030,686,true],"1536x1536":["https:\/\/digidem-bayern.de\/wp-content\/uploads\/2020\/07\/rainbow-flag-4426296_1280.jpg",1280,853,false],"2048x2048":["https:\/\/digidem-bayern.de\/wp-content\/uploads\/2020\/07\/rainbow-flag-4426296_1280.jpg",1280,853,false],"trp-custom-language-flag":["https:\/\/digidem-bayern.de\/wp-content\/uploads\/2020\/07\/rainbow-flag-4426296_1280.jpg",18,12,false],"qubely_landscape":["https:\/\/digidem-bayern.de\/wp-content\/uploads\/2020\/07\/rainbow-flag-4426296_1280-1200x750.jpg",1200,750,true],"qubely_portrait":["https:\/\/digidem-bayern.de\/wp-content\/uploads\/2020\/07\/rainbow-flag-4426296_1280-540x320.jpg",540,320,true],"qubely_thumbnail":["https:\/\/digidem-bayern.de\/wp-content\/uploads\/2020\/07\/rainbow-flag-4426296_1280-140x100.jpg",140,100,true],"post-thumbnail":["https:\/\/digidem-bayern.de\/wp-content\/uploads\/2020\/07\/rainbow-flag-4426296_1280-495x330.jpg",495,330,true],"kahuna-featured":["https:\/\/digidem-bayern.de\/wp-content\/uploads\/2020\/07\/rainbow-flag-4426296_1280-495x350.jpg",495,350,true],"kahuna-featured-lp":["https:\/\/digidem-bayern.de\/wp-content\/uploads\/2020\/07\/rainbow-flag-4426296_1280-460x350.jpg",460,350,true],"kahuna-featured-half":["https:\/\/digidem-bayern.de\/wp-content\/uploads\/2020\/07\/rainbow-flag-4426296_1280-800x350.jpg",800,350,true],"kahuna-featured-third":["https:\/\/digidem-bayern.de\/wp-content\/uploads\/2020\/07\/rainbow-flag-4426296_1280-512x350.jpg",512,350,true],"kahuna-lpbox-1":["https:\/\/digidem-bayern.de\/wp-content\/uploads\/2020\/07\/rainbow-flag-4426296_1280-460x350.jpg",394,300,true],"kahuna-lpbox-2":["https:\/\/digidem-bayern.de\/wp-content\/uploads\/2020\/07\/rainbow-flag-4426296_1280-460x350.jpg",460,350,true],"demand-language-flag":["https:\/\/digidem-bayern.de\/wp-content\/uploads\/2020\/07\/rainbow-flag-4426296_1280.jpg",36,24,false],"dddkt-language-flag":["https:\/\/digidem-bayern.de\/wp-content\/uploads\/2020\/07\/rainbow-flag-4426296_1280.jpg",36,24,false],"ddiqc-language-flag":["https:\/\/digidem-bayern.de\/wp-content\/uploads\/2020\/07\/rainbow-flag-4426296_1280.jpg",36,24,false],"ddtl-language-flag":["https:\/\/digidem-bayern.de\/wp-content\/uploads\/2020\/07\/rainbow-flag-4426296_1280.jpg",36,24,false],"mailpoet_newsletter_max":["https:\/\/digidem-bayern.de\/wp-content\/uploads\/2020\/07\/rainbow-flag-4426296_1280.jpg",1280,853,false],"kahuna-lpbox-3":["https:\/\/digidem-bayern.de\/wp-content\/uploads\/2020\/07\/rainbow-flag-4426296_1280-460x350.jpg",460,350,true],"kahuna-featured-square":["https:\/\/digidem-bayern.de\/wp-content\/uploads\/2020\/07\/rainbow-flag-4426296_1280-512x512.jpg",512,512,true],"kahuna-featured-square-large":["https:\/\/digidem-bayern.de\/wp-content\/uploads\/2020\/07\/rainbow-flag-4426296_1280-1024x853.jpg",1024,853,true]},"post_excerpt_stackable_v2":"<p>Sexuelle Minderheiten erleben im Laufe ihres Lebens h\u00e4ufiger Stigmatisierung und Diskriminierung. Dies kann gesundheitliche Probleme ausl\u00f6sen, zum Beispiel Depressionen, was wiederum ein Demenz-Risikofaktor ist. Vor diesem Hintergrund wollten US-Forscher herausfinden, ob homosexuelle Paare ein h\u00f6heres Risiko f\u00fcr leichte geistige Beeintr\u00e4chtigungen und Demenz haben als heterosexuelle. Laut Jaime Perales-Puchalt von der Universit\u00e4t Kansas und seinen Kolleg*innen gibt es bislang kaum Forschung zum Thema. Lediglich zwei Studien h\u00e4tten das Risiko von Demenz und leichten geistigen Beeintr\u00e4chtigungen (MCI) bei sexuellen Minderheiten untersucht. Eine ergab, dass von den befragten \u00fcber 50-j\u00e4hrigen Lesben, Schwulen, Bisexuellen und Transgender (LGBT) 77 Prozent \u00fcber leichte geistige Beeintr\u00e4chtigungen berichteten.&hellip;<\/p>\n","category_list_v2":"<a href=\"https:\/\/digidem-bayern.de\/en\/category\/wissenschaft-forschung\/\" rel=\"category tag\">Wissenschaft &amp; Forschung<\/a>","author_info_v2":{"name":"Michael Zeiler","url":"https:\/\/digidem-bayern.de\/en\/author\/michael-zeiler\/"},"comments_num_v2":"0 comments","yoast_head":"<!-- This site is optimized with the Yoast SEO plugin v27.4 - https:\/\/yoast.com\/product\/yoast-seo-wordpress\/ -->\n<title>Gleichgeschlechtliche Partnerschaften und das Demenzrisiko - digiDEM Bayern<\/title>\n<meta name=\"description\" content=\"US-Forscher wollten herausfinden, ob homosexuelle Paare ein h\u00f6heres Risiko f\u00fcr leichte geistige Beeintr\u00e4chtigungen und Demenz haben als heterosexuelle.\" \/>\n<meta name=\"robots\" content=\"index, follow, max-snippet:-1, max-image-preview:large, max-video-preview:-1\" \/>\n<link rel=\"canonical\" href=\"https:\/\/digidem-bayern.de\/en\/gleichgeschlechtliche-partnerschaften-und-das-demenzrisiko\/\" \/>\n<meta property=\"og:locale\" content=\"en_US\" \/>\n<meta property=\"og:type\" content=\"article\" \/>\n<meta property=\"og:title\" content=\"Gleichgeschlechtliche Partnerschaften und das Demenzrisiko - digiDEM Bayern\" \/>\n<meta property=\"og:description\" content=\"US-Forscher wollten herausfinden, ob homosexuelle Paare ein h\u00f6heres Risiko f\u00fcr leichte geistige Beeintr\u00e4chtigungen und Demenz haben als heterosexuelle.\" \/>\n<meta property=\"og:url\" content=\"https:\/\/digidem-bayern.de\/en\/gleichgeschlechtliche-partnerschaften-und-das-demenzrisiko\/\" \/>\n<meta property=\"og:site_name\" content=\"digiDEM Bayern\" \/>\n<meta property=\"article:publisher\" content=\"https:\/\/www.facebook.com\/digiDEMBayern\/\" \/>\n<meta property=\"article:published_time\" content=\"2020-07-13T09:40:00+00:00\" \/>\n<meta property=\"article:modified_time\" content=\"2020-07-16T09:15:29+00:00\" \/>\n<meta property=\"og:image\" content=\"https:\/\/digidem-bayern.de\/wp-content\/uploads\/2020\/07\/rainbow-flag-4426296_1280.jpg\" \/>\n\t<meta property=\"og:image:width\" content=\"1280\" \/>\n\t<meta property=\"og:image:height\" content=\"853\" \/>\n\t<meta property=\"og:image:type\" content=\"image\/jpeg\" \/>\n<meta name=\"author\" content=\"Michael Zeiler\" \/>\n<meta name=\"twitter:label1\" content=\"Written by\" \/>\n\t<meta name=\"twitter:data1\" content=\"Michael Zeiler\" \/>\n\t<meta name=\"twitter:label2\" content=\"Est. reading time\" \/>\n\t<meta name=\"twitter:data2\" content=\"3 minutes\" \/>\n<script type=\"application\/ld+json\" class=\"yoast-schema-graph\">{\"@context\":\"https:\\\/\\\/schema.org\",\"@graph\":[{\"@type\":\"Article\",\"@id\":\"https:\\\/\\\/digidem-bayern.de\\\/gleichgeschlechtliche-partnerschaften-und-das-demenzrisiko\\\/#article\",\"isPartOf\":{\"@id\":\"https:\\\/\\\/digidem-bayern.de\\\/gleichgeschlechtliche-partnerschaften-und-das-demenzrisiko\\\/\"},\"author\":{\"name\":\"Michael Zeiler\",\"@id\":\"\\\/#\\\/schema\\\/person\\\/92754ad381f49b3c358d1d8d2c4f90b8\"},\"headline\":\"Gleichgeschlechtliche Partnerschaften und das Demenzrisiko\",\"datePublished\":\"2020-07-13T09:40:00+00:00\",\"dateModified\":\"2020-07-16T09:15:29+00:00\",\"mainEntityOfPage\":{\"@id\":\"https:\\\/\\\/digidem-bayern.de\\\/gleichgeschlechtliche-partnerschaften-und-das-demenzrisiko\\\/\"},\"wordCount\":639,\"publisher\":{\"@id\":\"\\\/#organization\"},\"image\":{\"@id\":\"https:\\\/\\\/digidem-bayern.de\\\/gleichgeschlechtliche-partnerschaften-und-das-demenzrisiko\\\/#primaryimage\"},\"thumbnailUrl\":\"https:\\\/\\\/digidem-bayern.de\\\/wp-content\\\/uploads\\\/2020\\\/07\\\/rainbow-flag-4426296_1280.jpg\",\"keywords\":[\"Alzheimer\",\"Demenz.\",\"Demenzrisiko\",\"digidem\",\"digidem Bayern\",\"Digitales Demenzregister Bayern\",\"Homosexualit\u00e4t\",\"Sexualit\u00e4t\"],\"articleSection\":[\"Wissenschaft &amp; Forschung\"],\"inLanguage\":\"en-US\"},{\"@type\":\"WebPage\",\"@id\":\"https:\\\/\\\/digidem-bayern.de\\\/gleichgeschlechtliche-partnerschaften-und-das-demenzrisiko\\\/\",\"url\":\"https:\\\/\\\/digidem-bayern.de\\\/gleichgeschlechtliche-partnerschaften-und-das-demenzrisiko\\\/\",\"name\":\"Gleichgeschlechtliche Partnerschaften und das Demenzrisiko - digiDEM Bayern\",\"isPartOf\":{\"@id\":\"\\\/#website\"},\"primaryImageOfPage\":{\"@id\":\"https:\\\/\\\/digidem-bayern.de\\\/gleichgeschlechtliche-partnerschaften-und-das-demenzrisiko\\\/#primaryimage\"},\"image\":{\"@id\":\"https:\\\/\\\/digidem-bayern.de\\\/gleichgeschlechtliche-partnerschaften-und-das-demenzrisiko\\\/#primaryimage\"},\"thumbnailUrl\":\"https:\\\/\\\/digidem-bayern.de\\\/wp-content\\\/uploads\\\/2020\\\/07\\\/rainbow-flag-4426296_1280.jpg\",\"datePublished\":\"2020-07-13T09:40:00+00:00\",\"dateModified\":\"2020-07-16T09:15:29+00:00\",\"description\":\"US-Forscher wollten herausfinden, ob homosexuelle Paare ein h\u00f6heres Risiko f\u00fcr leichte geistige Beeintr\u00e4chtigungen und Demenz haben als heterosexuelle.\",\"breadcrumb\":{\"@id\":\"https:\\\/\\\/digidem-bayern.de\\\/gleichgeschlechtliche-partnerschaften-und-das-demenzrisiko\\\/#breadcrumb\"},\"inLanguage\":\"en-US\",\"potentialAction\":[{\"@type\":\"ReadAction\",\"target\":[\"https:\\\/\\\/digidem-bayern.de\\\/gleichgeschlechtliche-partnerschaften-und-das-demenzrisiko\\\/\"]}]},{\"@type\":\"ImageObject\",\"inLanguage\":\"en-US\",\"@id\":\"https:\\\/\\\/digidem-bayern.de\\\/gleichgeschlechtliche-partnerschaften-und-das-demenzrisiko\\\/#primaryimage\",\"url\":\"https:\\\/\\\/digidem-bayern.de\\\/wp-content\\\/uploads\\\/2020\\\/07\\\/rainbow-flag-4426296_1280.jpg\",\"contentUrl\":\"https:\\\/\\\/digidem-bayern.de\\\/wp-content\\\/uploads\\\/2020\\\/07\\\/rainbow-flag-4426296_1280.jpg\",\"width\":1280,\"height\":853,\"caption\":\"Regenbogen-Fahne\"},{\"@type\":\"BreadcrumbList\",\"@id\":\"https:\\\/\\\/digidem-bayern.de\\\/gleichgeschlechtliche-partnerschaften-und-das-demenzrisiko\\\/#breadcrumb\",\"itemListElement\":[{\"@type\":\"ListItem\",\"position\":1,\"name\":\"Startseite\",\"item\":\"https:\\\/\\\/digidem-bayern.de\\\/\"},{\"@type\":\"ListItem\",\"position\":2,\"name\":\"Gleichgeschlechtliche Partnerschaften und das Demenzrisiko\"}]},{\"@type\":\"WebSite\",\"@id\":\"\\\/#website\",\"url\":\"\\\/\",\"name\":\"digiDEM Bayern\",\"description\":\"Das digitale Demenzregister Bayern erforscht und verbessert die Angebotsstuktur f\u00fcr Menschen mit Demenz und deren Angeh\u00f6rige\",\"publisher\":{\"@id\":\"\\\/#organization\"},\"potentialAction\":[{\"@type\":\"SearchAction\",\"target\":{\"@type\":\"EntryPoint\",\"urlTemplate\":\"\\\/?s={search_term_string}\"},\"query-input\":{\"@type\":\"PropertyValueSpecification\",\"valueRequired\":true,\"valueName\":\"search_term_string\"}}],\"inLanguage\":\"en-US\"},{\"@type\":\"Organization\",\"@id\":\"\\\/#organization\",\"name\":\"digiDEM Bayern\",\"url\":\"\\\/\",\"logo\":{\"@type\":\"ImageObject\",\"inLanguage\":\"en-US\",\"@id\":\"\\\/#\\\/schema\\\/logo\\\/image\\\/\",\"url\":\"https:\\\/\\\/digidem-bayern.de\\\/wp-content\\\/uploads\\\/2022\\\/03\\\/cropped-Allgemeines_digiDEMLOGO-removebg-preview.png\",\"contentUrl\":\"https:\\\/\\\/digidem-bayern.de\\\/wp-content\\\/uploads\\\/2022\\\/03\\\/cropped-Allgemeines_digiDEMLOGO-removebg-preview.png\",\"width\":612,\"height\":357,\"caption\":\"digiDEM Bayern\"},\"image\":{\"@id\":\"\\\/#\\\/schema\\\/logo\\\/image\\\/\"},\"sameAs\":[\"https:\\\/\\\/www.facebook.com\\\/digiDEMBayern\\\/\",\"https:\\\/\\\/x.com\\\/digidem_bayern\",\"https:\\\/\\\/www.instagram.com\\\/digidem.bayern\",\"https:\\\/\\\/www.linkedin.com\\\/company\\\/digidem-bayern\\\/\"]},{\"@type\":\"Person\",\"@id\":\"\\\/#\\\/schema\\\/person\\\/92754ad381f49b3c358d1d8d2c4f90b8\",\"name\":\"Michael Zeiler\",\"url\":\"https:\\\/\\\/digidem-bayern.de\\\/en\\\/author\\\/michael-zeiler\\\/\"}]}<\/script>\n<!-- \/ Yoast SEO plugin. -->","yoast_head_json":{"title":"Gleichgeschlechtliche Partnerschaften und das Demenzrisiko - digiDEM Bayern","description":"US-Forscher wollten herausfinden, ob homosexuelle Paare ein h\u00f6heres Risiko f\u00fcr leichte geistige Beeintr\u00e4chtigungen und Demenz haben als heterosexuelle.","robots":{"index":"index","follow":"follow","max-snippet":"max-snippet:-1","max-image-preview":"max-image-preview:large","max-video-preview":"max-video-preview:-1"},"canonical":"https:\/\/digidem-bayern.de\/en\/gleichgeschlechtliche-partnerschaften-und-das-demenzrisiko\/","og_locale":"en_US","og_type":"article","og_title":"Gleichgeschlechtliche Partnerschaften und das Demenzrisiko - digiDEM Bayern","og_description":"US-Forscher wollten herausfinden, ob homosexuelle Paare ein h\u00f6heres Risiko f\u00fcr leichte geistige Beeintr\u00e4chtigungen und Demenz haben als heterosexuelle.","og_url":"https:\/\/digidem-bayern.de\/en\/gleichgeschlechtliche-partnerschaften-und-das-demenzrisiko\/","og_site_name":"digiDEM Bayern","article_publisher":"https:\/\/www.facebook.com\/digiDEMBayern\/","article_published_time":"2020-07-13T09:40:00+00:00","article_modified_time":"2020-07-16T09:15:29+00:00","og_image":[{"width":1280,"height":853,"url":"https:\/\/digidem-bayern.de\/wp-content\/uploads\/2020\/07\/rainbow-flag-4426296_1280.jpg","type":"image\/jpeg"}],"author":"Michael Zeiler","twitter_misc":{"Written by":"Michael Zeiler","Est. reading time":"3 minutes"},"schema":{"@context":"https:\/\/schema.org","@graph":[{"@type":"Article","@id":"https:\/\/digidem-bayern.de\/gleichgeschlechtliche-partnerschaften-und-das-demenzrisiko\/#article","isPartOf":{"@id":"https:\/\/digidem-bayern.de\/gleichgeschlechtliche-partnerschaften-und-das-demenzrisiko\/"},"author":{"name":"Michael Zeiler","@id":"\/#\/schema\/person\/92754ad381f49b3c358d1d8d2c4f90b8"},"headline":"Gleichgeschlechtliche Partnerschaften und das Demenzrisiko","datePublished":"2020-07-13T09:40:00+00:00","dateModified":"2020-07-16T09:15:29+00:00","mainEntityOfPage":{"@id":"https:\/\/digidem-bayern.de\/gleichgeschlechtliche-partnerschaften-und-das-demenzrisiko\/"},"wordCount":639,"publisher":{"@id":"\/#organization"},"image":{"@id":"https:\/\/digidem-bayern.de\/gleichgeschlechtliche-partnerschaften-und-das-demenzrisiko\/#primaryimage"},"thumbnailUrl":"https:\/\/digidem-bayern.de\/wp-content\/uploads\/2020\/07\/rainbow-flag-4426296_1280.jpg","keywords":["Alzheimer","Demenz.","Demenzrisiko","digidem","digidem Bayern","Digitales Demenzregister Bayern","Homosexualit\u00e4t","Sexualit\u00e4t"],"articleSection":["Wissenschaft &amp; Forschung"],"inLanguage":"en-US"},{"@type":"WebPage","@id":"https:\/\/digidem-bayern.de\/gleichgeschlechtliche-partnerschaften-und-das-demenzrisiko\/","url":"https:\/\/digidem-bayern.de\/gleichgeschlechtliche-partnerschaften-und-das-demenzrisiko\/","name":"Gleichgeschlechtliche Partnerschaften und das Demenzrisiko - digiDEM Bayern","isPartOf":{"@id":"\/#website"},"primaryImageOfPage":{"@id":"https:\/\/digidem-bayern.de\/gleichgeschlechtliche-partnerschaften-und-das-demenzrisiko\/#primaryimage"},"image":{"@id":"https:\/\/digidem-bayern.de\/gleichgeschlechtliche-partnerschaften-und-das-demenzrisiko\/#primaryimage"},"thumbnailUrl":"https:\/\/digidem-bayern.de\/wp-content\/uploads\/2020\/07\/rainbow-flag-4426296_1280.jpg","datePublished":"2020-07-13T09:40:00+00:00","dateModified":"2020-07-16T09:15:29+00:00","description":"US-Forscher wollten herausfinden, ob homosexuelle Paare ein h\u00f6heres Risiko f\u00fcr leichte geistige Beeintr\u00e4chtigungen und Demenz haben als heterosexuelle.","breadcrumb":{"@id":"https:\/\/digidem-bayern.de\/gleichgeschlechtliche-partnerschaften-und-das-demenzrisiko\/#breadcrumb"},"inLanguage":"en-US","potentialAction":[{"@type":"ReadAction","target":["https:\/\/digidem-bayern.de\/gleichgeschlechtliche-partnerschaften-und-das-demenzrisiko\/"]}]},{"@type":"ImageObject","inLanguage":"en-US","@id":"https:\/\/digidem-bayern.de\/gleichgeschlechtliche-partnerschaften-und-das-demenzrisiko\/#primaryimage","url":"https:\/\/digidem-bayern.de\/wp-content\/uploads\/2020\/07\/rainbow-flag-4426296_1280.jpg","contentUrl":"https:\/\/digidem-bayern.de\/wp-content\/uploads\/2020\/07\/rainbow-flag-4426296_1280.jpg","width":1280,"height":853,"caption":"Regenbogen-Fahne"},{"@type":"BreadcrumbList","@id":"https:\/\/digidem-bayern.de\/gleichgeschlechtliche-partnerschaften-und-das-demenzrisiko\/#breadcrumb","itemListElement":[{"@type":"ListItem","position":1,"name":"Startseite","item":"https:\/\/digidem-bayern.de\/"},{"@type":"ListItem","position":2,"name":"Gleichgeschlechtliche Partnerschaften und das Demenzrisiko"}]},{"@type":"WebSite","@id":"\/#website","url":"\/","name":"digiDEM Bavaria","description":"The digital dementia register in Bavaria researches and improves the structure of services for people with dementia and their relatives","publisher":{"@id":"\/#organization"},"potentialAction":[{"@type":"SearchAction","target":{"@type":"EntryPoint","urlTemplate":"\/?s={search_term_string}"},"query-input":{"@type":"PropertyValueSpecification","valueRequired":true,"valueName":"search_term_string"}}],"inLanguage":"en-US"},{"@type":"Organization","@id":"\/#organization","name":"digiDEM Bavaria","url":"\/","logo":{"@type":"ImageObject","inLanguage":"en-US","@id":"\/#\/schema\/logo\/image\/","url":"https:\/\/digidem-bayern.de\/wp-content\/uploads\/2022\/03\/cropped-Allgemeines_digiDEMLOGO-removebg-preview.png","contentUrl":"https:\/\/digidem-bayern.de\/wp-content\/uploads\/2022\/03\/cropped-Allgemeines_digiDEMLOGO-removebg-preview.png","width":612,"height":357,"caption":"digiDEM Bayern"},"image":{"@id":"\/#\/schema\/logo\/image\/"},"sameAs":["https:\/\/www.facebook.com\/digiDEMBayern\/","https:\/\/x.com\/digidem_bayern","https:\/\/www.instagram.com\/digidem.bayern","https:\/\/www.linkedin.com\/company\/digidem-bayern\/"]},{"@type":"Person","@id":"\/#\/schema\/person\/92754ad381f49b3c358d1d8d2c4f90b8","name":"Michael Zeiler","url":"https:\/\/digidem-bayern.de\/en\/author\/michael-zeiler\/"}]}},"uagb_featured_image_src":{"full":["https:\/\/digidem-bayern.de\/wp-content\/uploads\/2020\/07\/rainbow-flag-4426296_1280.jpg",1280,853,false],"thumbnail":["https:\/\/digidem-bayern.de\/wp-content\/uploads\/2020\/07\/rainbow-flag-4426296_1280-80x80.jpg",80,80,true],"medium":["https:\/\/digidem-bayern.de\/wp-content\/uploads\/2020\/07\/rainbow-flag-4426296_1280-300x200.jpg",300,200,true],"medium_large":["https:\/\/digidem-bayern.de\/wp-content\/uploads\/2020\/07\/rainbow-flag-4426296_1280-768x512.jpg",768,512,true],"large":["https:\/\/digidem-bayern.de\/wp-content\/uploads\/2020\/07\/rainbow-flag-4426296_1280-1030x686.jpg",1030,686,true],"1536x1536":["https:\/\/digidem-bayern.de\/wp-content\/uploads\/2020\/07\/rainbow-flag-4426296_1280.jpg",1280,853,false],"2048x2048":["https:\/\/digidem-bayern.de\/wp-content\/uploads\/2020\/07\/rainbow-flag-4426296_1280.jpg",1280,853,false],"trp-custom-language-flag":["https:\/\/digidem-bayern.de\/wp-content\/uploads\/2020\/07\/rainbow-flag-4426296_1280.jpg",18,12,false],"qubely_landscape":["https:\/\/digidem-bayern.de\/wp-content\/uploads\/2020\/07\/rainbow-flag-4426296_1280-1200x750.jpg",1200,750,true],"qubely_portrait":["https:\/\/digidem-bayern.de\/wp-content\/uploads\/2020\/07\/rainbow-flag-4426296_1280-540x320.jpg",540,320,true],"qubely_thumbnail":["https:\/\/digidem-bayern.de\/wp-content\/uploads\/2020\/07\/rainbow-flag-4426296_1280-140x100.jpg",140,100,true],"post-thumbnail":["https:\/\/digidem-bayern.de\/wp-content\/uploads\/2020\/07\/rainbow-flag-4426296_1280-495x330.jpg",495,330,true],"kahuna-featured":["https:\/\/digidem-bayern.de\/wp-content\/uploads\/2020\/07\/rainbow-flag-4426296_1280-495x350.jpg",495,350,true],"kahuna-featured-lp":["https:\/\/digidem-bayern.de\/wp-content\/uploads\/2020\/07\/rainbow-flag-4426296_1280-460x350.jpg",460,350,true],"kahuna-featured-half":["https:\/\/digidem-bayern.de\/wp-content\/uploads\/2020\/07\/rainbow-flag-4426296_1280-800x350.jpg",800,350,true],"kahuna-featured-third":["https:\/\/digidem-bayern.de\/wp-content\/uploads\/2020\/07\/rainbow-flag-4426296_1280-512x350.jpg",512,350,true],"kahuna-lpbox-1":["https:\/\/digidem-bayern.de\/wp-content\/uploads\/2020\/07\/rainbow-flag-4426296_1280-460x350.jpg",394,300,true],"kahuna-lpbox-2":["https:\/\/digidem-bayern.de\/wp-content\/uploads\/2020\/07\/rainbow-flag-4426296_1280-460x350.jpg",460,350,true],"demand-language-flag":["https:\/\/digidem-bayern.de\/wp-content\/uploads\/2020\/07\/rainbow-flag-4426296_1280.jpg",36,24,false],"dddkt-language-flag":["https:\/\/digidem-bayern.de\/wp-content\/uploads\/2020\/07\/rainbow-flag-4426296_1280.jpg",36,24,false],"ddiqc-language-flag":["https:\/\/digidem-bayern.de\/wp-content\/uploads\/2020\/07\/rainbow-flag-4426296_1280.jpg",36,24,false],"ddtl-language-flag":["https:\/\/digidem-bayern.de\/wp-content\/uploads\/2020\/07\/rainbow-flag-4426296_1280.jpg",36,24,false],"mailpoet_newsletter_max":["https:\/\/digidem-bayern.de\/wp-content\/uploads\/2020\/07\/rainbow-flag-4426296_1280.jpg",1280,853,false],"kahuna-lpbox-3":["https:\/\/digidem-bayern.de\/wp-content\/uploads\/2020\/07\/rainbow-flag-4426296_1280-460x350.jpg",460,350,true],"kahuna-featured-square":["https:\/\/digidem-bayern.de\/wp-content\/uploads\/2020\/07\/rainbow-flag-4426296_1280-512x512.jpg",512,512,true],"kahuna-featured-square-large":["https:\/\/digidem-bayern.de\/wp-content\/uploads\/2020\/07\/rainbow-flag-4426296_1280-1024x853.jpg",1024,853,true]},"uagb_author_info":{"display_name":"Michael Zeiler","author_link":"https:\/\/digidem-bayern.de\/en\/author\/michael-zeiler\/"},"uagb_comment_info":0,"uagb_excerpt":"Sexuelle Minderheiten erleben im Laufe ihres Lebens h\u00e4ufiger Stigmatisierung und Diskriminierung. Dies kann gesundheitliche Probleme ausl\u00f6sen, zum Beispiel Depressionen, was wiederum ein Demenz-Risikofaktor ist. Vor diesem Hintergrund wollten US-Forscher herausfinden, ob homosexuelle Paare ein h\u00f6heres Risiko f\u00fcr leichte geistige Beeintr\u00e4chtigungen und Demenz haben als heterosexuelle. Laut Jaime Perales-Puchalt von der &hellip;","_links":{"self":[{"href":"https:\/\/digidem-bayern.de\/en\/wp-json\/wp\/v2\/posts\/6192","targetHints":{"allow":["GET"]}}],"collection":[{"href":"https:\/\/digidem-bayern.de\/en\/wp-json\/wp\/v2\/posts"}],"about":[{"href":"https:\/\/digidem-bayern.de\/en\/wp-json\/wp\/v2\/types\/post"}],"author":[{"embeddable":true,"href":"https:\/\/digidem-bayern.de\/en\/wp-json\/wp\/v2\/users\/11"}],"replies":[{"embeddable":true,"href":"https:\/\/digidem-bayern.de\/en\/wp-json\/wp\/v2\/comments?post=6192"}],"version-history":[{"count":0,"href":"https:\/\/digidem-bayern.de\/en\/wp-json\/wp\/v2\/posts\/6192\/revisions"}],"wp:featuredmedia":[{"embeddable":true,"href":"https:\/\/digidem-bayern.de\/en\/wp-json\/wp\/v2\/media\/6195"}],"wp:attachment":[{"href":"https:\/\/digidem-bayern.de\/en\/wp-json\/wp\/v2\/media?parent=6192"}],"wp:term":[{"taxonomy":"category","embeddable":true,"href":"https:\/\/digidem-bayern.de\/en\/wp-json\/wp\/v2\/categories?post=6192"},{"taxonomy":"post_tag","embeddable":true,"href":"https:\/\/digidem-bayern.de\/en\/wp-json\/wp\/v2\/tags?post=6192"}],"curies":[{"name":"wp","href":"https:\/\/api.w.org\/{rel}","templated":true}]}}