{"id":5936,"date":"2020-06-30T08:20:30","date_gmt":"2020-06-30T06:20:30","guid":{"rendered":"https:\/\/digidem-bayern.de\/?p=5936"},"modified":"2020-06-30T14:23:09","modified_gmt":"2020-06-30T12:23:09","slug":"16-millionen-menschen-mit-demenz-in-deutschland-anstieg-verlangsamt-sich-offenbar","status":"publish","type":"post","link":"https:\/\/digidem-bayern.de\/en\/16-millionen-menschen-mit-demenz-in-deutschland-anstieg-verlangsamt-sich-offenbar\/","title":{"rendered":"1,6  Millionen Menschen mit Demenz in Deutschland &#8211; Anstieg verlangsamt sich offenbar"},"content":{"rendered":"<h4 class=\"wp-block-heading\">Die Deutsche Alzheimer Gesellschaft ver\u00f6ffentlicht alle zwei Jahre aktuelle Zahlen zu Demenzerkrankungen in Deutschland. Nach der neuesten Erhebung sind zurzeit rund 1,6 Millionen Menschen von Demenz betroffen. Der Anstieg verlangsamt sich offenbar. Ein Grund k\u00f6nnten verbesserte Lebensbedingungen sein.<\/h4>\n\n\n\n<p>Laut Deutscher Alzheimer Gesellschaft erkranken t\u00e4glich 900 Menschen in Deutschland an Demenz, im Lauf eines Jahres seien es mehr als 300.000 Neuerkrankungen. Auch wenn die Zahl aufgrund des demografischen Wandels stetig zunimmt, verl\u00e4uft der Anstieg neueren Studien zufolge nicht so stark wie bislang angenommen. Gingen Experten bisher von einer Zunahme auf 3 Millionen Betroffene im Jahr 2050 aus, k\u00f6nnte diese Zahl infolge der aktuellen Entwicklung bei 2,4 bis 2,8 Millionen liegen. Die Ursache k\u00f6nnte in einem insgesamt besseren Gesundheitszustand der Bev\u00f6lkerung liegen. <\/p>\n\n\n\n<p><strong>&#8222;Pr\u00e4vention sinnvoll und wichtig&#8220;<\/strong><\/p>\n\n\n\n<div class=\"wp-block-image\"><figure class=\"alignright size-medium\"><img loading=\"lazy\" decoding=\"async\" width=\"300\" height=\"225\" src=\"https:\/\/test.digidem-bayern.de\/wp-content\/uploads\/2020\/01\/senior-3336451_1280-300x225.jpg\" alt=\"\u00c4lteres Paar beim Spaziergang, von hinten.\" class=\"wp-image-4349\" srcset=\"https:\/\/digidem-bayern.de\/wp-content\/uploads\/2020\/01\/senior-3336451_1280-300x225.jpg 300w, https:\/\/digidem-bayern.de\/wp-content\/uploads\/2020\/01\/senior-3336451_1280-1030x773.jpg 1030w, https:\/\/digidem-bayern.de\/wp-content\/uploads\/2020\/01\/senior-3336451_1280-768x576.jpg 768w, https:\/\/digidem-bayern.de\/wp-content\/uploads\/2020\/01\/senior-3336451_1280-467x350.jpg 467w, https:\/\/digidem-bayern.de\/wp-content\/uploads\/2020\/01\/senior-3336451_1280.jpg 1280w\" sizes=\"auto, (max-width: 300px) 100vw, 300px\" \/><\/figure><\/div>\n\n\n\n<p>\u201eUns machen die neuen Zahlen Mut&#8220;, betont Monika Kraus, Vorsitzende der Deutschen Alzheimer Gesellschaft. &#8222;Wir wissen inzwischen, wie wichtig k\u00f6rperliche und geistige Aktivit\u00e4t, der soziale Kontakt zu anderen Menschen, aber auch eine gesunde und ausgewogene Ern\u00e4hrung sind, um einer Demenz vorzubeugen. Dazu kommen die Behandlung von Bluthochdruck, Diabetes und Herzrhythmusst\u00f6rungen sowie der Verzicht auf Rauchen und \u00fcberm\u00e4\u00dfigen Alkoholkonsum. Auch wenn es keine Ma\u00dfnahmen gibt, mit denen man ausschlie\u00dfen kann, jemals an irgendeiner Form der Demenz zu erkranken, ist Pr\u00e4vention sinnvoll und wichtig.\u201c Weitere Informationen finden in dieser <a aria-label=\"undefined (opens in a new tab)\" href=\"https:\/\/www.deutsche-alzheimer.de\/ueber-uns\/presse\/artikelansicht\/artikel\/deutsche-alzheimer-gesellschaft-stellt-neue-zahlen-zur-demenz-vor-hinweise-auf-wirksamkeit-von-praev.html\" target=\"_blank\" rel=\"noreferrer noopener\">Presseinformation<\/a>. <\/p>\n\n\n\n<p>Auf der Basis aktueller Bev\u00f6lkerungsdaten erhebt der Epidemiologe Dr. Horst Bickel von der Technischen Universit\u00e4t M\u00fcnchen alle zwei Jahre die wichtigsten Zahlen zu Demenzerkrankungen in Deutschland f\u00fcr die Deutsche Alzheimer Gesellschaft. Die detaillierten Ergebnisse stehen in einem <a aria-label=\"undefined (opens in a new tab)\" href=\"https:\/\/www.deutsche-alzheimer.de\/fileadmin\/alz\/pdf\/factsheets\/infoblatt1_haeufigkeit_demenzerkrankungen_dalzg.pdf\" target=\"_blank\" rel=\"noreferrer noopener\">Informationsblatt<\/a> zum Download bereit. <\/p>","protected":false},"excerpt":{"rendered":"<p>Die Deutsche Alzheimer Gesellschaft ver\u00f6ffentlicht alle zwei Jahre aktuelle Zahlen zu Demenzerkrankungen in Deutschland. Nach der neuesten Erhebung sind zurzeit rund 1,6 Millionen Menschen von Demenz betroffen. Der Anstieg verlangsamt sich offenbar. Ein Grund k\u00f6nnten verbesserte Lebensbedingungen sein. Laut Deutscher Alzheimer Gesellschaft erkranken t\u00e4glich 900 Menschen in Deutschland an Demenz, &hellip;<\/p>","protected":false},"author":11,"featured_media":5940,"comment_status":"closed","ping_status":"closed","sticky":false,"template":"","format":"standard","meta":{"qubely_global_settings":"","qubely_interactions":"","_uag_custom_page_level_css":"","footnotes":""},"categories":[8],"tags":[13,164,12,165,162,163],"class_list":["post-5936","post","type-post","status-publish","format-standard","has-post-thumbnail","hentry","category-aktuelles-zu-digidem","tag-alzheimer","tag-alzheimer-gesellschaft","tag-demenz-2","tag-deutsche-alzheimer-gesellschaft","tag-praevalenz","tag-verbreitung"],"qubely_featured_image_url":{"full":["https:\/\/digidem-bayern.de\/wp-content\/uploads\/2020\/06\/man-2546107_1920.jpg",1600,456,false],"landscape":["https:\/\/digidem-bayern.de\/wp-content\/uploads\/2020\/06\/man-2546107_1920-1200x547.jpg",1200,547,true],"portraits":["https:\/\/digidem-bayern.de\/wp-content\/uploads\/2020\/06\/man-2546107_1920-540x320.jpg",540,320,true],"thumbnail":["https:\/\/digidem-bayern.de\/wp-content\/uploads\/2020\/06\/man-2546107_1920-80x80.jpg",80,80,true],"medium":["https:\/\/digidem-bayern.de\/wp-content\/uploads\/2020\/06\/man-2546107_1920-300x85.jpg",300,85,true],"medium_large":["https:\/\/digidem-bayern.de\/wp-content\/uploads\/2020\/06\/man-2546107_1920-768x219.jpg",768,219,true],"large":["https:\/\/digidem-bayern.de\/wp-content\/uploads\/2020\/06\/man-2546107_1920-1030x293.jpg",1030,293,true],"1536x1536":["https:\/\/digidem-bayern.de\/wp-content\/uploads\/2020\/06\/man-2546107_1920-1536x438.jpg",1536,438,true],"2048x2048":["https:\/\/digidem-bayern.de\/wp-content\/uploads\/2020\/06\/man-2546107_1920.jpg",1600,456,false],"trp-custom-language-flag":["https:\/\/digidem-bayern.de\/wp-content\/uploads\/2020\/06\/man-2546107_1920.jpg",18,5,false],"qubely_landscape":["https:\/\/digidem-bayern.de\/wp-content\/uploads\/2020\/06\/man-2546107_1920-1200x547.jpg",1200,547,true],"qubely_portrait":["https:\/\/digidem-bayern.de\/wp-content\/uploads\/2020\/06\/man-2546107_1920-540x320.jpg",540,320,true],"qubely_thumbnail":["https:\/\/digidem-bayern.de\/wp-content\/uploads\/2020\/06\/man-2546107_1920-140x100.jpg",140,100,true],"post-thumbnail":["https:\/\/digidem-bayern.de\/wp-content\/uploads\/2020\/06\/man-2546107_1920-495x141.jpg",495,141,true],"kahuna-featured":["https:\/\/digidem-bayern.de\/wp-content\/uploads\/2020\/06\/man-2546107_1920-495x350.jpg",495,350,true],"kahuna-featured-lp":["https:\/\/digidem-bayern.de\/wp-content\/uploads\/2020\/06\/man-2546107_1920-460x350.jpg",460,350,true],"kahuna-featured-half":["https:\/\/digidem-bayern.de\/wp-content\/uploads\/2020\/06\/man-2546107_1920-800x350.jpg",800,350,true],"kahuna-featured-third":["https:\/\/digidem-bayern.de\/wp-content\/uploads\/2020\/06\/man-2546107_1920-512x350.jpg",512,350,true],"kahuna-lpbox-1":["https:\/\/digidem-bayern.de\/wp-content\/uploads\/2020\/06\/man-2546107_1920-460x350.jpg",394,300,true],"kahuna-lpbox-2":["https:\/\/digidem-bayern.de\/wp-content\/uploads\/2020\/06\/man-2546107_1920-460x350.jpg",460,350,true],"demand-language-flag":["https:\/\/digidem-bayern.de\/wp-content\/uploads\/2020\/06\/man-2546107_1920.jpg",36,10,false],"dddkt-language-flag":["https:\/\/digidem-bayern.de\/wp-content\/uploads\/2020\/06\/man-2546107_1920.jpg",36,10,false],"ddiqc-language-flag":["https:\/\/digidem-bayern.de\/wp-content\/uploads\/2020\/06\/man-2546107_1920.jpg",36,10,false],"ddtl-language-flag":["https:\/\/digidem-bayern.de\/wp-content\/uploads\/2020\/06\/man-2546107_1920.jpg",36,10,false],"mailpoet_newsletter_max":["https:\/\/digidem-bayern.de\/wp-content\/uploads\/2020\/06\/man-2546107_1920-1320x376.jpg",1320,376,true],"kahuna-lpbox-3":["https:\/\/digidem-bayern.de\/wp-content\/uploads\/2020\/06\/man-2546107_1920-460x350.jpg",460,350,true],"kahuna-featured-square":["https:\/\/digidem-bayern.de\/wp-content\/uploads\/2020\/06\/man-2546107_1920-512x512.jpg",512,512,true],"kahuna-featured-square-large":["https:\/\/digidem-bayern.de\/wp-content\/uploads\/2020\/06\/man-2546107_1920-1024x547.jpg",1024,547,true]},"qubely_author":{"display_name":"Michael Zeiler","author_link":"https:\/\/digidem-bayern.de\/en\/author\/michael-zeiler\/"},"qubely_comment":0,"qubely_category":"<a href=\"https:\/\/digidem-bayern.de\/en\/category\/aktuelles-zu-digidem\/\" rel=\"category tag\">Aktuelles zu digiDEM<\/a>","qubely_excerpt":"Die Deutsche Alzheimer Gesellschaft ver\u00f6ffentlicht alle zwei Jahre aktuelle Zahlen zu Demenzerkrankungen in Deutschland. Nach der neuesten Erhebung sind zurzeit rund 1,6 Millionen Menschen von Demenz betroffen. Der Anstieg verlangsamt sich offenbar. Ein Grund k\u00f6nnten verbesserte Lebensbedingungen sein. Laut Deutscher Alzheimer Gesellschaft erkranken t\u00e4glich 900 Menschen in Deutschland an Demenz, &hellip;","featured_image_urls_v2":{"full":["https:\/\/digidem-bayern.de\/wp-content\/uploads\/2020\/06\/man-2546107_1920.jpg",1600,456,false],"thumbnail":["https:\/\/digidem-bayern.de\/wp-content\/uploads\/2020\/06\/man-2546107_1920-80x80.jpg",80,80,true],"medium":["https:\/\/digidem-bayern.de\/wp-content\/uploads\/2020\/06\/man-2546107_1920-300x85.jpg",300,85,true],"medium_large":["https:\/\/digidem-bayern.de\/wp-content\/uploads\/2020\/06\/man-2546107_1920-768x219.jpg",768,219,true],"large":["https:\/\/digidem-bayern.de\/wp-content\/uploads\/2020\/06\/man-2546107_1920-1030x293.jpg",1030,293,true],"1536x1536":["https:\/\/digidem-bayern.de\/wp-content\/uploads\/2020\/06\/man-2546107_1920-1536x438.jpg",1536,438,true],"2048x2048":["https:\/\/digidem-bayern.de\/wp-content\/uploads\/2020\/06\/man-2546107_1920.jpg",1600,456,false],"trp-custom-language-flag":["https:\/\/digidem-bayern.de\/wp-content\/uploads\/2020\/06\/man-2546107_1920.jpg",18,5,false],"qubely_landscape":["https:\/\/digidem-bayern.de\/wp-content\/uploads\/2020\/06\/man-2546107_1920-1200x547.jpg",1200,547,true],"qubely_portrait":["https:\/\/digidem-bayern.de\/wp-content\/uploads\/2020\/06\/man-2546107_1920-540x320.jpg",540,320,true],"qubely_thumbnail":["https:\/\/digidem-bayern.de\/wp-content\/uploads\/2020\/06\/man-2546107_1920-140x100.jpg",140,100,true],"post-thumbnail":["https:\/\/digidem-bayern.de\/wp-content\/uploads\/2020\/06\/man-2546107_1920-495x141.jpg",495,141,true],"kahuna-featured":["https:\/\/digidem-bayern.de\/wp-content\/uploads\/2020\/06\/man-2546107_1920-495x350.jpg",495,350,true],"kahuna-featured-lp":["https:\/\/digidem-bayern.de\/wp-content\/uploads\/2020\/06\/man-2546107_1920-460x350.jpg",460,350,true],"kahuna-featured-half":["https:\/\/digidem-bayern.de\/wp-content\/uploads\/2020\/06\/man-2546107_1920-800x350.jpg",800,350,true],"kahuna-featured-third":["https:\/\/digidem-bayern.de\/wp-content\/uploads\/2020\/06\/man-2546107_1920-512x350.jpg",512,350,true],"kahuna-lpbox-1":["https:\/\/digidem-bayern.de\/wp-content\/uploads\/2020\/06\/man-2546107_1920-460x350.jpg",394,300,true],"kahuna-lpbox-2":["https:\/\/digidem-bayern.de\/wp-content\/uploads\/2020\/06\/man-2546107_1920-460x350.jpg",460,350,true],"demand-language-flag":["https:\/\/digidem-bayern.de\/wp-content\/uploads\/2020\/06\/man-2546107_1920.jpg",36,10,false],"dddkt-language-flag":["https:\/\/digidem-bayern.de\/wp-content\/uploads\/2020\/06\/man-2546107_1920.jpg",36,10,false],"ddiqc-language-flag":["https:\/\/digidem-bayern.de\/wp-content\/uploads\/2020\/06\/man-2546107_1920.jpg",36,10,false],"ddtl-language-flag":["https:\/\/digidem-bayern.de\/wp-content\/uploads\/2020\/06\/man-2546107_1920.jpg",36,10,false],"mailpoet_newsletter_max":["https:\/\/digidem-bayern.de\/wp-content\/uploads\/2020\/06\/man-2546107_1920-1320x376.jpg",1320,376,true],"kahuna-lpbox-3":["https:\/\/digidem-bayern.de\/wp-content\/uploads\/2020\/06\/man-2546107_1920-460x350.jpg",460,350,true],"kahuna-featured-square":["https:\/\/digidem-bayern.de\/wp-content\/uploads\/2020\/06\/man-2546107_1920-512x512.jpg",512,512,true],"kahuna-featured-square-large":["https:\/\/digidem-bayern.de\/wp-content\/uploads\/2020\/06\/man-2546107_1920-1024x547.jpg",1024,547,true]},"post_excerpt_stackable_v2":"<p>Die Deutsche Alzheimer Gesellschaft ver\u00f6ffentlicht alle zwei Jahre aktuelle Zahlen zu Demenzerkrankungen in Deutschland. Nach der neuesten Erhebung sind zurzeit rund 1,6 Millionen Menschen von Demenz betroffen. Der Anstieg verlangsamt sich offenbar. Ein Grund k\u00f6nnten verbesserte Lebensbedingungen sein. Laut Deutscher Alzheimer Gesellschaft erkranken t\u00e4glich 900 Menschen in Deutschland an Demenz, im Lauf eines Jahres seien es mehr als 300.000 Neuerkrankungen. Auch wenn die Zahl aufgrund des demografischen Wandels stetig zunimmt, verl\u00e4uft der Anstieg neueren Studien zufolge nicht so stark wie bislang angenommen. Gingen Experten bisher von einer Zunahme auf 3 Millionen Betroffene im Jahr 2050 aus, k\u00f6nnte diese Zahl infolge&hellip;<\/p>\n","category_list_v2":"<a href=\"https:\/\/digidem-bayern.de\/en\/category\/aktuelles-zu-digidem\/\" rel=\"category tag\">Aktuelles zu digiDEM<\/a>","author_info_v2":{"name":"Michael Zeiler","url":"https:\/\/digidem-bayern.de\/en\/author\/michael-zeiler\/"},"comments_num_v2":"0 comments","yoast_head":"<!-- This site is optimized with the Yoast SEO plugin v27.4 - https:\/\/yoast.com\/product\/yoast-seo-wordpress\/ -->\n<title>1,6 Millionen Menschen mit Demenz in Deutschland - Anstieg verlangsamt sich offenbar - digiDEM Bayern<\/title>\n<meta name=\"description\" content=\"Neuesten Erhebung zufolge leben in Deutschland zurzeit rund 1,6 Millionen Menschen mit Demenz. Die Anstieg verlangsamt sich jedoch offenbar.\" \/>\n<meta name=\"robots\" content=\"index, follow, max-snippet:-1, max-image-preview:large, max-video-preview:-1\" \/>\n<link rel=\"canonical\" href=\"https:\/\/digidem-bayern.de\/en\/16-millionen-menschen-mit-demenz-in-deutschland-anstieg-verlangsamt-sich-offenbar\/\" \/>\n<meta property=\"og:locale\" content=\"en_US\" \/>\n<meta property=\"og:type\" content=\"article\" \/>\n<meta property=\"og:title\" content=\"1,6 Millionen Menschen mit Demenz in Deutschland - Anstieg verlangsamt sich offenbar - digiDEM Bayern\" \/>\n<meta property=\"og:description\" content=\"Neuesten Erhebung zufolge leben in Deutschland zurzeit rund 1,6 Millionen Menschen mit Demenz. Die Anstieg verlangsamt sich jedoch offenbar.\" \/>\n<meta property=\"og:url\" content=\"https:\/\/digidem-bayern.de\/en\/16-millionen-menschen-mit-demenz-in-deutschland-anstieg-verlangsamt-sich-offenbar\/\" \/>\n<meta property=\"og:site_name\" content=\"digiDEM Bayern\" \/>\n<meta property=\"article:publisher\" content=\"https:\/\/www.facebook.com\/digiDEMBayern\/\" \/>\n<meta property=\"article:published_time\" content=\"2020-06-30T06:20:30+00:00\" \/>\n<meta property=\"article:modified_time\" content=\"2020-06-30T12:23:09+00:00\" \/>\n<meta property=\"og:image\" content=\"https:\/\/digidem-bayern.de\/wp-content\/uploads\/2020\/06\/man-2546107_1920.jpg\" \/>\n\t<meta property=\"og:image:width\" content=\"1600\" \/>\n\t<meta property=\"og:image:height\" content=\"456\" \/>\n\t<meta property=\"og:image:type\" content=\"image\/jpeg\" \/>\n<meta name=\"author\" content=\"Michael Zeiler\" \/>\n<meta name=\"twitter:label1\" content=\"Written by\" \/>\n\t<meta name=\"twitter:data1\" content=\"Michael Zeiler\" \/>\n\t<meta name=\"twitter:label2\" content=\"Est. reading time\" \/>\n\t<meta name=\"twitter:data2\" content=\"1 minute\" \/>\n<script type=\"application\/ld+json\" class=\"yoast-schema-graph\">{\"@context\":\"https:\\\/\\\/schema.org\",\"@graph\":[{\"@type\":\"Article\",\"@id\":\"https:\\\/\\\/digidem-bayern.de\\\/16-millionen-menschen-mit-demenz-in-deutschland-anstieg-verlangsamt-sich-offenbar\\\/#article\",\"isPartOf\":{\"@id\":\"https:\\\/\\\/digidem-bayern.de\\\/16-millionen-menschen-mit-demenz-in-deutschland-anstieg-verlangsamt-sich-offenbar\\\/\"},\"author\":{\"name\":\"Michael Zeiler\",\"@id\":\"\\\/#\\\/schema\\\/person\\\/92754ad381f49b3c358d1d8d2c4f90b8\"},\"headline\":\"1,6 Millionen Menschen mit Demenz in Deutschland &#8211; Anstieg verlangsamt sich offenbar\",\"datePublished\":\"2020-06-30T06:20:30+00:00\",\"dateModified\":\"2020-06-30T12:23:09+00:00\",\"mainEntityOfPage\":{\"@id\":\"https:\\\/\\\/digidem-bayern.de\\\/16-millionen-menschen-mit-demenz-in-deutschland-anstieg-verlangsamt-sich-offenbar\\\/\"},\"wordCount\":277,\"publisher\":{\"@id\":\"\\\/#organization\"},\"image\":{\"@id\":\"https:\\\/\\\/digidem-bayern.de\\\/16-millionen-menschen-mit-demenz-in-deutschland-anstieg-verlangsamt-sich-offenbar\\\/#primaryimage\"},\"thumbnailUrl\":\"https:\\\/\\\/digidem-bayern.de\\\/wp-content\\\/uploads\\\/2020\\\/06\\\/man-2546107_1920.jpg\",\"keywords\":[\"Alzheimer\",\"Alzheimer Gesellschaft\",\"Demenz\",\"Deutsche Alzheimer Gesellschaft\",\"Pr\u00e4valenz\",\"Verbreitung\"],\"articleSection\":[\"Aktuelles zu digiDEM\"],\"inLanguage\":\"en-US\"},{\"@type\":\"WebPage\",\"@id\":\"https:\\\/\\\/digidem-bayern.de\\\/16-millionen-menschen-mit-demenz-in-deutschland-anstieg-verlangsamt-sich-offenbar\\\/\",\"url\":\"https:\\\/\\\/digidem-bayern.de\\\/16-millionen-menschen-mit-demenz-in-deutschland-anstieg-verlangsamt-sich-offenbar\\\/\",\"name\":\"1,6 Millionen Menschen mit Demenz in Deutschland - Anstieg verlangsamt sich offenbar - digiDEM Bayern\",\"isPartOf\":{\"@id\":\"\\\/#website\"},\"primaryImageOfPage\":{\"@id\":\"https:\\\/\\\/digidem-bayern.de\\\/16-millionen-menschen-mit-demenz-in-deutschland-anstieg-verlangsamt-sich-offenbar\\\/#primaryimage\"},\"image\":{\"@id\":\"https:\\\/\\\/digidem-bayern.de\\\/16-millionen-menschen-mit-demenz-in-deutschland-anstieg-verlangsamt-sich-offenbar\\\/#primaryimage\"},\"thumbnailUrl\":\"https:\\\/\\\/digidem-bayern.de\\\/wp-content\\\/uploads\\\/2020\\\/06\\\/man-2546107_1920.jpg\",\"datePublished\":\"2020-06-30T06:20:30+00:00\",\"dateModified\":\"2020-06-30T12:23:09+00:00\",\"description\":\"Neuesten Erhebung zufolge leben in Deutschland zurzeit rund 1,6 Millionen Menschen mit Demenz. Die Anstieg verlangsamt sich jedoch offenbar.\",\"breadcrumb\":{\"@id\":\"https:\\\/\\\/digidem-bayern.de\\\/16-millionen-menschen-mit-demenz-in-deutschland-anstieg-verlangsamt-sich-offenbar\\\/#breadcrumb\"},\"inLanguage\":\"en-US\",\"potentialAction\":[{\"@type\":\"ReadAction\",\"target\":[\"https:\\\/\\\/digidem-bayern.de\\\/16-millionen-menschen-mit-demenz-in-deutschland-anstieg-verlangsamt-sich-offenbar\\\/\"]}]},{\"@type\":\"ImageObject\",\"inLanguage\":\"en-US\",\"@id\":\"https:\\\/\\\/digidem-bayern.de\\\/16-millionen-menschen-mit-demenz-in-deutschland-anstieg-verlangsamt-sich-offenbar\\\/#primaryimage\",\"url\":\"https:\\\/\\\/digidem-bayern.de\\\/wp-content\\\/uploads\\\/2020\\\/06\\\/man-2546107_1920.jpg\",\"contentUrl\":\"https:\\\/\\\/digidem-bayern.de\\\/wp-content\\\/uploads\\\/2020\\\/06\\\/man-2546107_1920.jpg\",\"width\":1600,\"height\":456,\"caption\":\"Kopf eines \u00e4lteren Mannes, daneben Fragezeichen\"},{\"@type\":\"BreadcrumbList\",\"@id\":\"https:\\\/\\\/digidem-bayern.de\\\/16-millionen-menschen-mit-demenz-in-deutschland-anstieg-verlangsamt-sich-offenbar\\\/#breadcrumb\",\"itemListElement\":[{\"@type\":\"ListItem\",\"position\":1,\"name\":\"Startseite\",\"item\":\"https:\\\/\\\/digidem-bayern.de\\\/\"},{\"@type\":\"ListItem\",\"position\":2,\"name\":\"1,6 Millionen Menschen mit Demenz in Deutschland &#8211; Anstieg verlangsamt sich offenbar\"}]},{\"@type\":\"WebSite\",\"@id\":\"\\\/#website\",\"url\":\"\\\/\",\"name\":\"digiDEM Bayern\",\"description\":\"Das digitale Demenzregister Bayern erforscht und verbessert die Angebotsstuktur f\u00fcr Menschen mit Demenz und deren Angeh\u00f6rige\",\"publisher\":{\"@id\":\"\\\/#organization\"},\"potentialAction\":[{\"@type\":\"SearchAction\",\"target\":{\"@type\":\"EntryPoint\",\"urlTemplate\":\"\\\/?s={search_term_string}\"},\"query-input\":{\"@type\":\"PropertyValueSpecification\",\"valueRequired\":true,\"valueName\":\"search_term_string\"}}],\"inLanguage\":\"en-US\"},{\"@type\":\"Organization\",\"@id\":\"\\\/#organization\",\"name\":\"digiDEM Bayern\",\"url\":\"\\\/\",\"logo\":{\"@type\":\"ImageObject\",\"inLanguage\":\"en-US\",\"@id\":\"\\\/#\\\/schema\\\/logo\\\/image\\\/\",\"url\":\"https:\\\/\\\/digidem-bayern.de\\\/wp-content\\\/uploads\\\/2022\\\/03\\\/cropped-Allgemeines_digiDEMLOGO-removebg-preview.png\",\"contentUrl\":\"https:\\\/\\\/digidem-bayern.de\\\/wp-content\\\/uploads\\\/2022\\\/03\\\/cropped-Allgemeines_digiDEMLOGO-removebg-preview.png\",\"width\":612,\"height\":357,\"caption\":\"digiDEM Bayern\"},\"image\":{\"@id\":\"\\\/#\\\/schema\\\/logo\\\/image\\\/\"},\"sameAs\":[\"https:\\\/\\\/www.facebook.com\\\/digiDEMBayern\\\/\",\"https:\\\/\\\/x.com\\\/digidem_bayern\",\"https:\\\/\\\/www.instagram.com\\\/digidem.bayern\",\"https:\\\/\\\/www.linkedin.com\\\/company\\\/digidem-bayern\\\/\"]},{\"@type\":\"Person\",\"@id\":\"\\\/#\\\/schema\\\/person\\\/92754ad381f49b3c358d1d8d2c4f90b8\",\"name\":\"Michael Zeiler\",\"url\":\"https:\\\/\\\/digidem-bayern.de\\\/en\\\/author\\\/michael-zeiler\\\/\"}]}<\/script>\n<!-- \/ Yoast SEO plugin. -->","yoast_head_json":{"title":"1,6 Millionen Menschen mit Demenz in Deutschland - Anstieg verlangsamt sich offenbar - digiDEM Bayern","description":"Neuesten Erhebung zufolge leben in Deutschland zurzeit rund 1,6 Millionen Menschen mit Demenz. Die Anstieg verlangsamt sich jedoch offenbar.","robots":{"index":"index","follow":"follow","max-snippet":"max-snippet:-1","max-image-preview":"max-image-preview:large","max-video-preview":"max-video-preview:-1"},"canonical":"https:\/\/digidem-bayern.de\/en\/16-millionen-menschen-mit-demenz-in-deutschland-anstieg-verlangsamt-sich-offenbar\/","og_locale":"en_US","og_type":"article","og_title":"1,6 Millionen Menschen mit Demenz in Deutschland - Anstieg verlangsamt sich offenbar - digiDEM Bayern","og_description":"Neuesten Erhebung zufolge leben in Deutschland zurzeit rund 1,6 Millionen Menschen mit Demenz. Die Anstieg verlangsamt sich jedoch offenbar.","og_url":"https:\/\/digidem-bayern.de\/en\/16-millionen-menschen-mit-demenz-in-deutschland-anstieg-verlangsamt-sich-offenbar\/","og_site_name":"digiDEM Bayern","article_publisher":"https:\/\/www.facebook.com\/digiDEMBayern\/","article_published_time":"2020-06-30T06:20:30+00:00","article_modified_time":"2020-06-30T12:23:09+00:00","og_image":[{"width":1600,"height":456,"url":"https:\/\/digidem-bayern.de\/wp-content\/uploads\/2020\/06\/man-2546107_1920.jpg","type":"image\/jpeg"}],"author":"Michael Zeiler","twitter_misc":{"Written by":"Michael Zeiler","Est. reading time":"1 minute"},"schema":{"@context":"https:\/\/schema.org","@graph":[{"@type":"Article","@id":"https:\/\/digidem-bayern.de\/16-millionen-menschen-mit-demenz-in-deutschland-anstieg-verlangsamt-sich-offenbar\/#article","isPartOf":{"@id":"https:\/\/digidem-bayern.de\/16-millionen-menschen-mit-demenz-in-deutschland-anstieg-verlangsamt-sich-offenbar\/"},"author":{"name":"Michael Zeiler","@id":"\/#\/schema\/person\/92754ad381f49b3c358d1d8d2c4f90b8"},"headline":"1,6 Millionen Menschen mit Demenz in Deutschland &#8211; Anstieg verlangsamt sich offenbar","datePublished":"2020-06-30T06:20:30+00:00","dateModified":"2020-06-30T12:23:09+00:00","mainEntityOfPage":{"@id":"https:\/\/digidem-bayern.de\/16-millionen-menschen-mit-demenz-in-deutschland-anstieg-verlangsamt-sich-offenbar\/"},"wordCount":277,"publisher":{"@id":"\/#organization"},"image":{"@id":"https:\/\/digidem-bayern.de\/16-millionen-menschen-mit-demenz-in-deutschland-anstieg-verlangsamt-sich-offenbar\/#primaryimage"},"thumbnailUrl":"https:\/\/digidem-bayern.de\/wp-content\/uploads\/2020\/06\/man-2546107_1920.jpg","keywords":["Alzheimer","Alzheimer Gesellschaft","Demenz","Deutsche Alzheimer Gesellschaft","Pr\u00e4valenz","Verbreitung"],"articleSection":["Aktuelles zu digiDEM"],"inLanguage":"en-US"},{"@type":"WebPage","@id":"https:\/\/digidem-bayern.de\/16-millionen-menschen-mit-demenz-in-deutschland-anstieg-verlangsamt-sich-offenbar\/","url":"https:\/\/digidem-bayern.de\/16-millionen-menschen-mit-demenz-in-deutschland-anstieg-verlangsamt-sich-offenbar\/","name":"1,6 Millionen Menschen mit Demenz in Deutschland - Anstieg verlangsamt sich offenbar - digiDEM Bayern","isPartOf":{"@id":"\/#website"},"primaryImageOfPage":{"@id":"https:\/\/digidem-bayern.de\/16-millionen-menschen-mit-demenz-in-deutschland-anstieg-verlangsamt-sich-offenbar\/#primaryimage"},"image":{"@id":"https:\/\/digidem-bayern.de\/16-millionen-menschen-mit-demenz-in-deutschland-anstieg-verlangsamt-sich-offenbar\/#primaryimage"},"thumbnailUrl":"https:\/\/digidem-bayern.de\/wp-content\/uploads\/2020\/06\/man-2546107_1920.jpg","datePublished":"2020-06-30T06:20:30+00:00","dateModified":"2020-06-30T12:23:09+00:00","description":"Neuesten Erhebung zufolge leben in Deutschland zurzeit rund 1,6 Millionen Menschen mit Demenz. Die Anstieg verlangsamt sich jedoch offenbar.","breadcrumb":{"@id":"https:\/\/digidem-bayern.de\/16-millionen-menschen-mit-demenz-in-deutschland-anstieg-verlangsamt-sich-offenbar\/#breadcrumb"},"inLanguage":"en-US","potentialAction":[{"@type":"ReadAction","target":["https:\/\/digidem-bayern.de\/16-millionen-menschen-mit-demenz-in-deutschland-anstieg-verlangsamt-sich-offenbar\/"]}]},{"@type":"ImageObject","inLanguage":"en-US","@id":"https:\/\/digidem-bayern.de\/16-millionen-menschen-mit-demenz-in-deutschland-anstieg-verlangsamt-sich-offenbar\/#primaryimage","url":"https:\/\/digidem-bayern.de\/wp-content\/uploads\/2020\/06\/man-2546107_1920.jpg","contentUrl":"https:\/\/digidem-bayern.de\/wp-content\/uploads\/2020\/06\/man-2546107_1920.jpg","width":1600,"height":456,"caption":"Kopf eines \u00e4lteren Mannes, daneben Fragezeichen"},{"@type":"BreadcrumbList","@id":"https:\/\/digidem-bayern.de\/16-millionen-menschen-mit-demenz-in-deutschland-anstieg-verlangsamt-sich-offenbar\/#breadcrumb","itemListElement":[{"@type":"ListItem","position":1,"name":"Startseite","item":"https:\/\/digidem-bayern.de\/"},{"@type":"ListItem","position":2,"name":"1,6 Millionen Menschen mit Demenz in Deutschland &#8211; Anstieg verlangsamt sich offenbar"}]},{"@type":"WebSite","@id":"\/#website","url":"\/","name":"digiDEM Bavaria","description":"The digital dementia register in Bavaria researches and improves the structure of services for people with dementia and their relatives","publisher":{"@id":"\/#organization"},"potentialAction":[{"@type":"SearchAction","target":{"@type":"EntryPoint","urlTemplate":"\/?s={search_term_string}"},"query-input":{"@type":"PropertyValueSpecification","valueRequired":true,"valueName":"search_term_string"}}],"inLanguage":"en-US"},{"@type":"Organization","@id":"\/#organization","name":"digiDEM Bavaria","url":"\/","logo":{"@type":"ImageObject","inLanguage":"en-US","@id":"\/#\/schema\/logo\/image\/","url":"https:\/\/digidem-bayern.de\/wp-content\/uploads\/2022\/03\/cropped-Allgemeines_digiDEMLOGO-removebg-preview.png","contentUrl":"https:\/\/digidem-bayern.de\/wp-content\/uploads\/2022\/03\/cropped-Allgemeines_digiDEMLOGO-removebg-preview.png","width":612,"height":357,"caption":"digiDEM Bayern"},"image":{"@id":"\/#\/schema\/logo\/image\/"},"sameAs":["https:\/\/www.facebook.com\/digiDEMBayern\/","https:\/\/x.com\/digidem_bayern","https:\/\/www.instagram.com\/digidem.bayern","https:\/\/www.linkedin.com\/company\/digidem-bayern\/"]},{"@type":"Person","@id":"\/#\/schema\/person\/92754ad381f49b3c358d1d8d2c4f90b8","name":"Michael Zeiler","url":"https:\/\/digidem-bayern.de\/en\/author\/michael-zeiler\/"}]}},"uagb_featured_image_src":{"full":["https:\/\/digidem-bayern.de\/wp-content\/uploads\/2020\/06\/man-2546107_1920.jpg",1600,456,false],"thumbnail":["https:\/\/digidem-bayern.de\/wp-content\/uploads\/2020\/06\/man-2546107_1920-80x80.jpg",80,80,true],"medium":["https:\/\/digidem-bayern.de\/wp-content\/uploads\/2020\/06\/man-2546107_1920-300x85.jpg",300,85,true],"medium_large":["https:\/\/digidem-bayern.de\/wp-content\/uploads\/2020\/06\/man-2546107_1920-768x219.jpg",768,219,true],"large":["https:\/\/digidem-bayern.de\/wp-content\/uploads\/2020\/06\/man-2546107_1920-1030x293.jpg",1030,293,true],"1536x1536":["https:\/\/digidem-bayern.de\/wp-content\/uploads\/2020\/06\/man-2546107_1920-1536x438.jpg",1536,438,true],"2048x2048":["https:\/\/digidem-bayern.de\/wp-content\/uploads\/2020\/06\/man-2546107_1920.jpg",1600,456,false],"trp-custom-language-flag":["https:\/\/digidem-bayern.de\/wp-content\/uploads\/2020\/06\/man-2546107_1920.jpg",18,5,false],"qubely_landscape":["https:\/\/digidem-bayern.de\/wp-content\/uploads\/2020\/06\/man-2546107_1920-1200x547.jpg",1200,547,true],"qubely_portrait":["https:\/\/digidem-bayern.de\/wp-content\/uploads\/2020\/06\/man-2546107_1920-540x320.jpg",540,320,true],"qubely_thumbnail":["https:\/\/digidem-bayern.de\/wp-content\/uploads\/2020\/06\/man-2546107_1920-140x100.jpg",140,100,true],"post-thumbnail":["https:\/\/digidem-bayern.de\/wp-content\/uploads\/2020\/06\/man-2546107_1920-495x141.jpg",495,141,true],"kahuna-featured":["https:\/\/digidem-bayern.de\/wp-content\/uploads\/2020\/06\/man-2546107_1920-495x350.jpg",495,350,true],"kahuna-featured-lp":["https:\/\/digidem-bayern.de\/wp-content\/uploads\/2020\/06\/man-2546107_1920-460x350.jpg",460,350,true],"kahuna-featured-half":["https:\/\/digidem-bayern.de\/wp-content\/uploads\/2020\/06\/man-2546107_1920-800x350.jpg",800,350,true],"kahuna-featured-third":["https:\/\/digidem-bayern.de\/wp-content\/uploads\/2020\/06\/man-2546107_1920-512x350.jpg",512,350,true],"kahuna-lpbox-1":["https:\/\/digidem-bayern.de\/wp-content\/uploads\/2020\/06\/man-2546107_1920-460x350.jpg",394,300,true],"kahuna-lpbox-2":["https:\/\/digidem-bayern.de\/wp-content\/uploads\/2020\/06\/man-2546107_1920-460x350.jpg",460,350,true],"demand-language-flag":["https:\/\/digidem-bayern.de\/wp-content\/uploads\/2020\/06\/man-2546107_1920.jpg",36,10,false],"dddkt-language-flag":["https:\/\/digidem-bayern.de\/wp-content\/uploads\/2020\/06\/man-2546107_1920.jpg",36,10,false],"ddiqc-language-flag":["https:\/\/digidem-bayern.de\/wp-content\/uploads\/2020\/06\/man-2546107_1920.jpg",36,10,false],"ddtl-language-flag":["https:\/\/digidem-bayern.de\/wp-content\/uploads\/2020\/06\/man-2546107_1920.jpg",36,10,false],"mailpoet_newsletter_max":["https:\/\/digidem-bayern.de\/wp-content\/uploads\/2020\/06\/man-2546107_1920-1320x376.jpg",1320,376,true],"kahuna-lpbox-3":["https:\/\/digidem-bayern.de\/wp-content\/uploads\/2020\/06\/man-2546107_1920-460x350.jpg",460,350,true],"kahuna-featured-square":["https:\/\/digidem-bayern.de\/wp-content\/uploads\/2020\/06\/man-2546107_1920-512x512.jpg",512,512,true],"kahuna-featured-square-large":["https:\/\/digidem-bayern.de\/wp-content\/uploads\/2020\/06\/man-2546107_1920-1024x547.jpg",1024,547,true]},"uagb_author_info":{"display_name":"Michael Zeiler","author_link":"https:\/\/digidem-bayern.de\/en\/author\/michael-zeiler\/"},"uagb_comment_info":0,"uagb_excerpt":"Die Deutsche Alzheimer Gesellschaft ver\u00f6ffentlicht alle zwei Jahre aktuelle Zahlen zu Demenzerkrankungen in Deutschland. Nach der neuesten Erhebung sind zurzeit rund 1,6 Millionen Menschen von Demenz betroffen. Der Anstieg verlangsamt sich offenbar. Ein Grund k\u00f6nnten verbesserte Lebensbedingungen sein. Laut Deutscher Alzheimer Gesellschaft erkranken t\u00e4glich 900 Menschen in Deutschland an Demenz, &hellip;","_links":{"self":[{"href":"https:\/\/digidem-bayern.de\/en\/wp-json\/wp\/v2\/posts\/5936","targetHints":{"allow":["GET"]}}],"collection":[{"href":"https:\/\/digidem-bayern.de\/en\/wp-json\/wp\/v2\/posts"}],"about":[{"href":"https:\/\/digidem-bayern.de\/en\/wp-json\/wp\/v2\/types\/post"}],"author":[{"embeddable":true,"href":"https:\/\/digidem-bayern.de\/en\/wp-json\/wp\/v2\/users\/11"}],"replies":[{"embeddable":true,"href":"https:\/\/digidem-bayern.de\/en\/wp-json\/wp\/v2\/comments?post=5936"}],"version-history":[{"count":0,"href":"https:\/\/digidem-bayern.de\/en\/wp-json\/wp\/v2\/posts\/5936\/revisions"}],"wp:featuredmedia":[{"embeddable":true,"href":"https:\/\/digidem-bayern.de\/en\/wp-json\/wp\/v2\/media\/5940"}],"wp:attachment":[{"href":"https:\/\/digidem-bayern.de\/en\/wp-json\/wp\/v2\/media?parent=5936"}],"wp:term":[{"taxonomy":"category","embeddable":true,"href":"https:\/\/digidem-bayern.de\/en\/wp-json\/wp\/v2\/categories?post=5936"},{"taxonomy":"post_tag","embeddable":true,"href":"https:\/\/digidem-bayern.de\/en\/wp-json\/wp\/v2\/tags?post=5936"}],"curies":[{"name":"wp","href":"https:\/\/api.w.org\/{rel}","templated":true}]}}