{"id":5669,"date":"2020-06-15T11:04:36","date_gmt":"2020-06-15T09:04:36","guid":{"rendered":"https:\/\/digidem-bayern.de\/?p=5669"},"modified":"2020-06-16T09:05:18","modified_gmt":"2020-06-16T07:05:18","slug":"fettleibigkeit-und-demenzrisiko","status":"publish","type":"post","link":"https:\/\/digidem-bayern.de\/en\/fettleibigkeit-und-demenzrisiko\/","title":{"rendered":"Fettleibigkeit steigert bei Frauen das Demenzrisiko"},"content":{"rendered":"<h4 class=\"wp-block-heading\">Fettleibigkeit im mittleren Lebensalter erh\u00f6ht bei Frauen das Risiko, sp\u00e4ter an einer Demenz zu erkranken. Mangelern\u00e4hrung und zu wenig Bewegung hatten dagegen keine langfristigen Auswirkungen. Das hat eine britische Langzeit-Studie gezeigt.<\/h4>\n\n\n\n<p>Das Forscherteam um Sarah Floud von der Oxford-Universit\u00e4t wollte mit seiner Untersuchung auch Widerspr\u00fcche kl\u00e4ren, die sich aus vergangenen Studien ergeben haben. So zeigten einige Studien einen Zusammenhang zwischen einem niedrigem Body Mass Index (BMI) &#8211; also Untergewicht &#8211; und dem Demenzrisiko. Andere Untersuchungen ergaben, dass zu wenig Bewegung und mangelhafte Ern\u00e4hrung das Demenzrisiko steigern.<\/p>\n\n\n\n<div class=\"wp-block-image\"><figure class=\"alignleft size-medium\"><img loading=\"lazy\" decoding=\"async\" width=\"300\" height=\"200\" src=\"https:\/\/test.digidem-bayern.de\/wp-content\/uploads\/2020\/06\/thick-373064_1280-1-300x200.jpg\" alt=\"Fettleibige Frauen, zu sehen ist der Rumpf.\" class=\"wp-image-5673\" srcset=\"https:\/\/digidem-bayern.de\/wp-content\/uploads\/2020\/06\/thick-373064_1280-1-300x200.jpg 300w, https:\/\/digidem-bayern.de\/wp-content\/uploads\/2020\/06\/thick-373064_1280-1-1030x686.jpg 1030w, https:\/\/digidem-bayern.de\/wp-content\/uploads\/2020\/06\/thick-373064_1280-1-768x512.jpg 768w, https:\/\/digidem-bayern.de\/wp-content\/uploads\/2020\/06\/thick-373064_1280-1-495x330.jpg 495w, https:\/\/digidem-bayern.de\/wp-content\/uploads\/2020\/06\/thick-373064_1280-1.jpg 1280w\" sizes=\"auto, (max-width: 300px) 100vw, 300px\" \/><\/figure><\/div>\n\n\n\n<p>Allerdings, so die Autor*innen der aktuellen Studie, k\u00f6nnten die genannten Punkte auch die Folge einer beginnenden Demenzerkrankung sein &#8211; und nicht die Ursache. Sie erl\u00e4utern, dass bei Menschen, die an Demenz erkrankt sind, die Wahrnehmung fr\u00fch zu ver\u00e4ndern beginnt &#8211; in der Regel bereits zehn Jahre bevor eine formale Diagnose gestellt wird. W\u00e4hrend dieser Phase k\u00f6nne der Zustand der Betroffenen bereits langsam aber stetig das Verhalten beeinflussen, etwa die geistige und k\u00f6rperliche Beweglichkeit beeintr\u00e4chtigen und dazu f\u00fchren, dass Betroffene weniger essen und dadurch an Gewicht verlieren.<\/p>\n\n\n\n<p><strong>Ursache einer beginnenden Demenz &#8211; oder die Folge?<\/strong><\/p>\n\n\n\n<p>Aufgrund der widerspr\u00fcchlichen Studienlage wollten Sarah Flood und ihr Team zwei Fragen untersuchen: Ist Fettleibigkeit im mittleren Lebensalter eine Ursache f\u00fcr Demenz? Und: Sind ein niedriger BMI, eine niedrige Kalorienaufnahme und zu wenig Bewegung ebenfalls Ursachen oder lediglich Folgen einer beginnenden Demenz?<\/p>\n\n\n\n<p>Dazu analysierten die Forscher*innen die Daten von 1.136.846 Frauen in Gro\u00dfbritannien. Sie waren durchschnittlich 56 Jahre alt und zu Beginn der Studie &#8211; zwischen 1996 und 2001 &#8211; noch nicht an Demenz erkrankt. Die Proband*innen der \u201cMillion Women Study\u201d machten Angaben zu ihrer&nbsp;Gr\u00f6\u00dfe, ihrem Gewicht sowie zur t\u00e4glichen Kalorienaufnahme und k\u00f6rperlichen Bewegung. Diejenigen, die seltener als einmal pro Woche Sport trieben, wurden als \u201cinaktiv\u201d eingestuft, alle anderen als \u201caktiv\u201d. Beim BMI legten die Autor*innen folgende Werte fest:&nbsp;Ein BMI unter 20 galt als untergewichtig, einer von 20 bis 24,9 als empfehlenswert, einer von 25 bis 29,9 als \u00fcbergewichtig und einer ab 30 als fettleibig. Durch Zugang zu den Daten des staatlichen Gesundheitssystems konnten die Forscher*innen ihre Entwicklung bis 2017 weiterverfolgen. Auch Informationen \u00fcber Krankenhauseinweisungen aufgrund von Demenz waren im System enthalten. Die Autor*innen setzten diese mit den Angaben der Frauen zu den beschriebenen Punkten &#8211; Gr\u00f6\u00dfe, Gewicht, Kalorienaufnahme und k\u00f6rperliche Bewegung &#8211; in Beziehung.<\/p>\n\n\n\n<p><strong>Erh\u00f6htes Demenzrisiko bei Fettleibigkeit im mittleren Alter<\/strong><\/p>\n\n\n\n<p>Bei 89 Prozent der Teilnehmerinnen gab es w\u00e4hrend des Studienzeitraums in den Akten keinen Hinweis auf eine Demenz. 15 Jahre nach Studienbeginn hatten 18.695 von ihnen eine Demenzdiagnose erhalten, in einem durchschnittlichen Alter von 77 Jahren. Die Ergebnisse weisen auf ein erh\u00f6htes Demenzrisiko bei Fettleibigkeit im mittleren Alter hin: Bei Frauen, die zu Beginn der Studie an Fettleibigkeit litten, war die Wahrscheinlichkeit, eine Demenz zu entwickeln, um 21 Prozent h\u00f6her als bei Frauen, die einen &#8222;empfehlenswerten&#8220; BMI hatten. So erkrankten 2,2 Prozent der betroffenen Frauen langfristig an Demenz, verglichen mit 1,7 Prozent der Frauen mit einem empfehlenswerten BMI.<\/p>\n\n\n\n<p>In Bezug auf die anderen Faktoren und die zweite Frage der Studie war der Zeitverlauf interessant: Die Berechnungen zeigten zwar, dass eine niedrige Kalorienzufuhr und wenig Bewegung mit einem erh\u00f6hten Demenzrisiko zusammenh\u00e4ngen &#8211; allerdings nur w\u00e4hrend des ersten Jahrzehnts der Studie. Danach schw\u00e4chte sich der Zusammenhang&nbsp; allm\u00e4hlich immer weiter ab und n\u00e4herte sich schlie\u00dflich dem Nullpunkt. Autor*innen dieser und auch anderer Studien gehen davon aus, dass dieser kurzfristige Zusammenhang die Folge einer pr\u00e4klinischen Demenz ist. Dabei handelt es sich um die sehr fr\u00fche Phase der Erkrankung, in der noch keine oder allenfalls sehr leichte geistige Beeintr\u00e4chtigungen erkennbar sind.<\/p>\n\n\n\n<p>Die vollst\u00e4ndige Studie finden Sie hier:<br><a href=\"https:\/\/n.neurology.org\/content\/94\/2\/e123\" target=\"_blank\" rel=\"noreferrer noopener\">Body mass index, diet, physical inactivity, and the incidence of dementia in 1 million UK women <\/a>(Dez 2019)<\/p>","protected":false},"excerpt":{"rendered":"<p>Fettleibigkeit im mittleren Lebensalter erh\u00f6ht bei Frauen das Risiko, sp\u00e4ter an einer Demenz zu erkranken. Mangelern\u00e4hrung und zu wenig Bewegung hatten dagegen keine langfristigen Auswirkungen. Das hat eine britische Langzeit-Studie gezeigt. Das Forscherteam um Sarah Floud von der Oxford-Universit\u00e4t wollte mit seiner Untersuchung auch Widerspr\u00fcche kl\u00e4ren, die sich aus vergangenen &hellip;<\/p>","protected":false},"author":11,"featured_media":5673,"comment_status":"closed","ping_status":"closed","sticky":false,"template":"","format":"standard","meta":{"qubely_global_settings":"","qubely_interactions":"","_uag_custom_page_level_css":"","footnotes":""},"categories":[5],"tags":[12,150],"class_list":["post-5669","post","type-post","status-publish","format-standard","has-post-thumbnail","hentry","category-wissenschaft-forschung","tag-demenz-2","tag-ernaehrung"],"qubely_featured_image_url":{"full":["https:\/\/digidem-bayern.de\/wp-content\/uploads\/2020\/06\/thick-373064_1280-1.jpg",1280,853,false],"landscape":["https:\/\/digidem-bayern.de\/wp-content\/uploads\/2020\/06\/thick-373064_1280-1-1200x750.jpg",1200,750,true],"portraits":["https:\/\/digidem-bayern.de\/wp-content\/uploads\/2020\/06\/thick-373064_1280-1-540x320.jpg",540,320,true],"thumbnail":["https:\/\/digidem-bayern.de\/wp-content\/uploads\/2020\/06\/thick-373064_1280-1-80x80.jpg",80,80,true],"medium":["https:\/\/digidem-bayern.de\/wp-content\/uploads\/2020\/06\/thick-373064_1280-1-300x200.jpg",300,200,true],"medium_large":["https:\/\/digidem-bayern.de\/wp-content\/uploads\/2020\/06\/thick-373064_1280-1-768x512.jpg",768,512,true],"large":["https:\/\/digidem-bayern.de\/wp-content\/uploads\/2020\/06\/thick-373064_1280-1-1030x686.jpg",1030,686,true],"1536x1536":["https:\/\/digidem-bayern.de\/wp-content\/uploads\/2020\/06\/thick-373064_1280-1.jpg",1280,853,false],"2048x2048":["https:\/\/digidem-bayern.de\/wp-content\/uploads\/2020\/06\/thick-373064_1280-1.jpg",1280,853,false],"trp-custom-language-flag":["https:\/\/digidem-bayern.de\/wp-content\/uploads\/2020\/06\/thick-373064_1280-1.jpg",18,12,false],"qubely_landscape":["https:\/\/digidem-bayern.de\/wp-content\/uploads\/2020\/06\/thick-373064_1280-1-1200x750.jpg",1200,750,true],"qubely_portrait":["https:\/\/digidem-bayern.de\/wp-content\/uploads\/2020\/06\/thick-373064_1280-1-540x320.jpg",540,320,true],"qubely_thumbnail":["https:\/\/digidem-bayern.de\/wp-content\/uploads\/2020\/06\/thick-373064_1280-1-140x100.jpg",140,100,true],"post-thumbnail":["https:\/\/digidem-bayern.de\/wp-content\/uploads\/2020\/06\/thick-373064_1280-1-495x330.jpg",495,330,true],"kahuna-featured":["https:\/\/digidem-bayern.de\/wp-content\/uploads\/2020\/06\/thick-373064_1280-1-495x350.jpg",495,350,true],"kahuna-featured-lp":["https:\/\/digidem-bayern.de\/wp-content\/uploads\/2020\/06\/thick-373064_1280-1-460x350.jpg",460,350,true],"kahuna-featured-half":["https:\/\/digidem-bayern.de\/wp-content\/uploads\/2020\/06\/thick-373064_1280-1-800x350.jpg",800,350,true],"kahuna-featured-third":["https:\/\/digidem-bayern.de\/wp-content\/uploads\/2020\/06\/thick-373064_1280-1-512x350.jpg",512,350,true],"kahuna-lpbox-1":["https:\/\/digidem-bayern.de\/wp-content\/uploads\/2020\/06\/thick-373064_1280-1-460x350.jpg",394,300,true],"kahuna-lpbox-2":["https:\/\/digidem-bayern.de\/wp-content\/uploads\/2020\/06\/thick-373064_1280-1-460x350.jpg",460,350,true],"demand-language-flag":["https:\/\/digidem-bayern.de\/wp-content\/uploads\/2020\/06\/thick-373064_1280-1.jpg",36,24,false],"dddkt-language-flag":["https:\/\/digidem-bayern.de\/wp-content\/uploads\/2020\/06\/thick-373064_1280-1.jpg",36,24,false],"ddiqc-language-flag":["https:\/\/digidem-bayern.de\/wp-content\/uploads\/2020\/06\/thick-373064_1280-1.jpg",36,24,false],"ddtl-language-flag":["https:\/\/digidem-bayern.de\/wp-content\/uploads\/2020\/06\/thick-373064_1280-1.jpg",36,24,false],"mailpoet_newsletter_max":["https:\/\/digidem-bayern.de\/wp-content\/uploads\/2020\/06\/thick-373064_1280-1.jpg",1280,853,false],"kahuna-lpbox-3":["https:\/\/digidem-bayern.de\/wp-content\/uploads\/2020\/06\/thick-373064_1280-1-460x350.jpg",460,350,true],"kahuna-featured-square":["https:\/\/digidem-bayern.de\/wp-content\/uploads\/2020\/06\/thick-373064_1280-1-512x512.jpg",512,512,true],"kahuna-featured-square-large":["https:\/\/digidem-bayern.de\/wp-content\/uploads\/2020\/06\/thick-373064_1280-1-1024x853.jpg",1024,853,true]},"qubely_author":{"display_name":"Michael Zeiler","author_link":"https:\/\/digidem-bayern.de\/en\/author\/michael-zeiler\/"},"qubely_comment":0,"qubely_category":"<a href=\"https:\/\/digidem-bayern.de\/en\/category\/wissenschaft-forschung\/\" rel=\"category tag\">Wissenschaft &amp; Forschung<\/a>","qubely_excerpt":"Fettleibigkeit im mittleren Lebensalter erh\u00f6ht bei Frauen das Risiko, sp\u00e4ter an einer Demenz zu erkranken. Mangelern\u00e4hrung und zu wenig Bewegung hatten dagegen keine langfristigen Auswirkungen. Das hat eine britische Langzeit-Studie gezeigt. Das Forscherteam um Sarah Floud von der Oxford-Universit\u00e4t wollte mit seiner Untersuchung auch Widerspr\u00fcche kl\u00e4ren, die sich aus vergangenen &hellip;","featured_image_urls_v2":{"full":["https:\/\/digidem-bayern.de\/wp-content\/uploads\/2020\/06\/thick-373064_1280-1.jpg",1280,853,false],"thumbnail":["https:\/\/digidem-bayern.de\/wp-content\/uploads\/2020\/06\/thick-373064_1280-1-80x80.jpg",80,80,true],"medium":["https:\/\/digidem-bayern.de\/wp-content\/uploads\/2020\/06\/thick-373064_1280-1-300x200.jpg",300,200,true],"medium_large":["https:\/\/digidem-bayern.de\/wp-content\/uploads\/2020\/06\/thick-373064_1280-1-768x512.jpg",768,512,true],"large":["https:\/\/digidem-bayern.de\/wp-content\/uploads\/2020\/06\/thick-373064_1280-1-1030x686.jpg",1030,686,true],"1536x1536":["https:\/\/digidem-bayern.de\/wp-content\/uploads\/2020\/06\/thick-373064_1280-1.jpg",1280,853,false],"2048x2048":["https:\/\/digidem-bayern.de\/wp-content\/uploads\/2020\/06\/thick-373064_1280-1.jpg",1280,853,false],"trp-custom-language-flag":["https:\/\/digidem-bayern.de\/wp-content\/uploads\/2020\/06\/thick-373064_1280-1.jpg",18,12,false],"qubely_landscape":["https:\/\/digidem-bayern.de\/wp-content\/uploads\/2020\/06\/thick-373064_1280-1-1200x750.jpg",1200,750,true],"qubely_portrait":["https:\/\/digidem-bayern.de\/wp-content\/uploads\/2020\/06\/thick-373064_1280-1-540x320.jpg",540,320,true],"qubely_thumbnail":["https:\/\/digidem-bayern.de\/wp-content\/uploads\/2020\/06\/thick-373064_1280-1-140x100.jpg",140,100,true],"post-thumbnail":["https:\/\/digidem-bayern.de\/wp-content\/uploads\/2020\/06\/thick-373064_1280-1-495x330.jpg",495,330,true],"kahuna-featured":["https:\/\/digidem-bayern.de\/wp-content\/uploads\/2020\/06\/thick-373064_1280-1-495x350.jpg",495,350,true],"kahuna-featured-lp":["https:\/\/digidem-bayern.de\/wp-content\/uploads\/2020\/06\/thick-373064_1280-1-460x350.jpg",460,350,true],"kahuna-featured-half":["https:\/\/digidem-bayern.de\/wp-content\/uploads\/2020\/06\/thick-373064_1280-1-800x350.jpg",800,350,true],"kahuna-featured-third":["https:\/\/digidem-bayern.de\/wp-content\/uploads\/2020\/06\/thick-373064_1280-1-512x350.jpg",512,350,true],"kahuna-lpbox-1":["https:\/\/digidem-bayern.de\/wp-content\/uploads\/2020\/06\/thick-373064_1280-1-460x350.jpg",394,300,true],"kahuna-lpbox-2":["https:\/\/digidem-bayern.de\/wp-content\/uploads\/2020\/06\/thick-373064_1280-1-460x350.jpg",460,350,true],"demand-language-flag":["https:\/\/digidem-bayern.de\/wp-content\/uploads\/2020\/06\/thick-373064_1280-1.jpg",36,24,false],"dddkt-language-flag":["https:\/\/digidem-bayern.de\/wp-content\/uploads\/2020\/06\/thick-373064_1280-1.jpg",36,24,false],"ddiqc-language-flag":["https:\/\/digidem-bayern.de\/wp-content\/uploads\/2020\/06\/thick-373064_1280-1.jpg",36,24,false],"ddtl-language-flag":["https:\/\/digidem-bayern.de\/wp-content\/uploads\/2020\/06\/thick-373064_1280-1.jpg",36,24,false],"mailpoet_newsletter_max":["https:\/\/digidem-bayern.de\/wp-content\/uploads\/2020\/06\/thick-373064_1280-1.jpg",1280,853,false],"kahuna-lpbox-3":["https:\/\/digidem-bayern.de\/wp-content\/uploads\/2020\/06\/thick-373064_1280-1-460x350.jpg",460,350,true],"kahuna-featured-square":["https:\/\/digidem-bayern.de\/wp-content\/uploads\/2020\/06\/thick-373064_1280-1-512x512.jpg",512,512,true],"kahuna-featured-square-large":["https:\/\/digidem-bayern.de\/wp-content\/uploads\/2020\/06\/thick-373064_1280-1-1024x853.jpg",1024,853,true]},"post_excerpt_stackable_v2":"<p>Fettleibigkeit im mittleren Lebensalter erh\u00f6ht bei Frauen das Risiko, sp\u00e4ter an einer Demenz zu erkranken. Mangelern\u00e4hrung und zu wenig Bewegung hatten dagegen keine langfristigen Auswirkungen. Das hat eine britische Langzeit-Studie gezeigt. Das Forscherteam um Sarah Floud von der Oxford-Universit\u00e4t wollte mit seiner Untersuchung auch Widerspr\u00fcche kl\u00e4ren, die sich aus vergangenen Studien ergeben haben. So zeigten einige Studien einen Zusammenhang zwischen einem niedrigem Body Mass Index (BMI) &#8211; also Untergewicht &#8211; und dem Demenzrisiko. Andere Untersuchungen ergaben, dass zu wenig Bewegung und mangelhafte Ern\u00e4hrung das Demenzrisiko steigern. Allerdings, so die Autor*innen der aktuellen Studie, k\u00f6nnten die genannten Punkte auch die Folge&hellip;<\/p>\n","category_list_v2":"<a href=\"https:\/\/digidem-bayern.de\/en\/category\/wissenschaft-forschung\/\" rel=\"category tag\">Wissenschaft &amp; Forschung<\/a>","author_info_v2":{"name":"Michael Zeiler","url":"https:\/\/digidem-bayern.de\/en\/author\/michael-zeiler\/"},"comments_num_v2":"0 comments","yoast_head":"<!-- This site is optimized with the Yoast SEO plugin v27.5 - https:\/\/yoast.com\/product\/yoast-seo-wordpress\/ -->\n<title>Fettleibigkeit steigert bei Frauen das Demenzrisiko - digiDEM Bayern<\/title>\n<meta name=\"description\" content=\"Fettleibigkeit im mittleren Lebensalter erh\u00f6ht bei Frauen das Risiko, sp\u00e4ter an einer Demenz zu erkranken. Das hat eine britische Langzeit-Studie gezeigt.\" \/>\n<meta name=\"robots\" content=\"index, follow, max-snippet:-1, max-image-preview:large, max-video-preview:-1\" \/>\n<link rel=\"canonical\" href=\"https:\/\/digidem-bayern.de\/en\/fettleibigkeit-und-demenzrisiko\/\" \/>\n<meta property=\"og:locale\" content=\"en_US\" \/>\n<meta property=\"og:type\" content=\"article\" \/>\n<meta property=\"og:title\" content=\"Fettleibigkeit steigert bei Frauen das Demenzrisiko - digiDEM Bayern\" \/>\n<meta property=\"og:description\" content=\"Fettleibigkeit im mittleren Lebensalter erh\u00f6ht bei Frauen das Risiko, sp\u00e4ter an einer Demenz zu erkranken. Das hat eine britische Langzeit-Studie gezeigt.\" \/>\n<meta property=\"og:url\" content=\"https:\/\/digidem-bayern.de\/en\/fettleibigkeit-und-demenzrisiko\/\" \/>\n<meta property=\"og:site_name\" content=\"digiDEM Bayern\" \/>\n<meta property=\"article:publisher\" content=\"https:\/\/www.facebook.com\/digiDEMBayern\/\" \/>\n<meta property=\"article:published_time\" content=\"2020-06-15T09:04:36+00:00\" \/>\n<meta property=\"article:modified_time\" content=\"2020-06-16T07:05:18+00:00\" \/>\n<meta property=\"og:image\" content=\"https:\/\/digidem-bayern.de\/wp-content\/uploads\/2020\/06\/thick-373064_1280-1.jpg\" \/>\n\t<meta property=\"og:image:width\" content=\"1280\" \/>\n\t<meta property=\"og:image:height\" content=\"853\" \/>\n\t<meta property=\"og:image:type\" content=\"image\/jpeg\" \/>\n<meta name=\"author\" content=\"Michael Zeiler\" \/>\n<meta name=\"twitter:label1\" content=\"Written by\" \/>\n\t<meta name=\"twitter:data1\" content=\"Michael Zeiler\" \/>\n\t<meta name=\"twitter:label2\" content=\"Est. reading time\" \/>\n\t<meta name=\"twitter:data2\" content=\"3 minutes\" \/>\n<script type=\"application\/ld+json\" class=\"yoast-schema-graph\">{\"@context\":\"https:\\\/\\\/schema.org\",\"@graph\":[{\"@type\":\"Article\",\"@id\":\"https:\\\/\\\/digidem-bayern.de\\\/fettleibigkeit-und-demenzrisiko\\\/#article\",\"isPartOf\":{\"@id\":\"https:\\\/\\\/digidem-bayern.de\\\/fettleibigkeit-und-demenzrisiko\\\/\"},\"author\":{\"name\":\"Michael Zeiler\",\"@id\":\"\\\/#\\\/schema\\\/person\\\/92754ad381f49b3c358d1d8d2c4f90b8\"},\"headline\":\"Fettleibigkeit steigert bei Frauen das Demenzrisiko\",\"datePublished\":\"2020-06-15T09:04:36+00:00\",\"dateModified\":\"2020-06-16T07:05:18+00:00\",\"mainEntityOfPage\":{\"@id\":\"https:\\\/\\\/digidem-bayern.de\\\/fettleibigkeit-und-demenzrisiko\\\/\"},\"wordCount\":639,\"publisher\":{\"@id\":\"\\\/#organization\"},\"image\":{\"@id\":\"https:\\\/\\\/digidem-bayern.de\\\/fettleibigkeit-und-demenzrisiko\\\/#primaryimage\"},\"thumbnailUrl\":\"https:\\\/\\\/digidem-bayern.de\\\/wp-content\\\/uploads\\\/2020\\\/06\\\/thick-373064_1280-1.jpg\",\"keywords\":[\"Demenz\",\"Ern\u00e4hrung\"],\"articleSection\":[\"Wissenschaft &amp; Forschung\"],\"inLanguage\":\"en-US\"},{\"@type\":\"WebPage\",\"@id\":\"https:\\\/\\\/digidem-bayern.de\\\/fettleibigkeit-und-demenzrisiko\\\/\",\"url\":\"https:\\\/\\\/digidem-bayern.de\\\/fettleibigkeit-und-demenzrisiko\\\/\",\"name\":\"Fettleibigkeit steigert bei Frauen das Demenzrisiko - digiDEM Bayern\",\"isPartOf\":{\"@id\":\"\\\/#website\"},\"primaryImageOfPage\":{\"@id\":\"https:\\\/\\\/digidem-bayern.de\\\/fettleibigkeit-und-demenzrisiko\\\/#primaryimage\"},\"image\":{\"@id\":\"https:\\\/\\\/digidem-bayern.de\\\/fettleibigkeit-und-demenzrisiko\\\/#primaryimage\"},\"thumbnailUrl\":\"https:\\\/\\\/digidem-bayern.de\\\/wp-content\\\/uploads\\\/2020\\\/06\\\/thick-373064_1280-1.jpg\",\"datePublished\":\"2020-06-15T09:04:36+00:00\",\"dateModified\":\"2020-06-16T07:05:18+00:00\",\"description\":\"Fettleibigkeit im mittleren Lebensalter erh\u00f6ht bei Frauen das Risiko, sp\u00e4ter an einer Demenz zu erkranken. Das hat eine britische Langzeit-Studie gezeigt.\",\"breadcrumb\":{\"@id\":\"https:\\\/\\\/digidem-bayern.de\\\/fettleibigkeit-und-demenzrisiko\\\/#breadcrumb\"},\"inLanguage\":\"en-US\",\"potentialAction\":[{\"@type\":\"ReadAction\",\"target\":[\"https:\\\/\\\/digidem-bayern.de\\\/fettleibigkeit-und-demenzrisiko\\\/\"]}]},{\"@type\":\"ImageObject\",\"inLanguage\":\"en-US\",\"@id\":\"https:\\\/\\\/digidem-bayern.de\\\/fettleibigkeit-und-demenzrisiko\\\/#primaryimage\",\"url\":\"https:\\\/\\\/digidem-bayern.de\\\/wp-content\\\/uploads\\\/2020\\\/06\\\/thick-373064_1280-1.jpg\",\"contentUrl\":\"https:\\\/\\\/digidem-bayern.de\\\/wp-content\\\/uploads\\\/2020\\\/06\\\/thick-373064_1280-1.jpg\",\"width\":1280,\"height\":853,\"caption\":\"Fettleibige Frauen, zu sehen ist der Rumpf.\"},{\"@type\":\"BreadcrumbList\",\"@id\":\"https:\\\/\\\/digidem-bayern.de\\\/fettleibigkeit-und-demenzrisiko\\\/#breadcrumb\",\"itemListElement\":[{\"@type\":\"ListItem\",\"position\":1,\"name\":\"Startseite\",\"item\":\"https:\\\/\\\/digidem-bayern.de\\\/\"},{\"@type\":\"ListItem\",\"position\":2,\"name\":\"Fettleibigkeit steigert bei Frauen das Demenzrisiko\"}]},{\"@type\":\"WebSite\",\"@id\":\"\\\/#website\",\"url\":\"\\\/\",\"name\":\"digiDEM Bayern\",\"description\":\"Das digitale Demenzregister Bayern erforscht und verbessert die Angebotsstuktur f\u00fcr Menschen mit Demenz und deren Angeh\u00f6rige\",\"publisher\":{\"@id\":\"\\\/#organization\"},\"potentialAction\":[{\"@type\":\"SearchAction\",\"target\":{\"@type\":\"EntryPoint\",\"urlTemplate\":\"\\\/?s={search_term_string}\"},\"query-input\":{\"@type\":\"PropertyValueSpecification\",\"valueRequired\":true,\"valueName\":\"search_term_string\"}}],\"inLanguage\":\"en-US\"},{\"@type\":\"Organization\",\"@id\":\"\\\/#organization\",\"name\":\"digiDEM Bayern\",\"url\":\"\\\/\",\"logo\":{\"@type\":\"ImageObject\",\"inLanguage\":\"en-US\",\"@id\":\"\\\/#\\\/schema\\\/logo\\\/image\\\/\",\"url\":\"https:\\\/\\\/digidem-bayern.de\\\/wp-content\\\/uploads\\\/2022\\\/03\\\/cropped-Allgemeines_digiDEMLOGO-removebg-preview.png\",\"contentUrl\":\"https:\\\/\\\/digidem-bayern.de\\\/wp-content\\\/uploads\\\/2022\\\/03\\\/cropped-Allgemeines_digiDEMLOGO-removebg-preview.png\",\"width\":612,\"height\":357,\"caption\":\"digiDEM Bayern\"},\"image\":{\"@id\":\"\\\/#\\\/schema\\\/logo\\\/image\\\/\"},\"sameAs\":[\"https:\\\/\\\/www.facebook.com\\\/digiDEMBayern\\\/\",\"https:\\\/\\\/x.com\\\/digidem_bayern\",\"https:\\\/\\\/www.instagram.com\\\/digidem.bayern\",\"https:\\\/\\\/www.linkedin.com\\\/company\\\/digidem-bayern\\\/\"]},{\"@type\":\"Person\",\"@id\":\"\\\/#\\\/schema\\\/person\\\/92754ad381f49b3c358d1d8d2c4f90b8\",\"name\":\"Michael Zeiler\",\"url\":\"https:\\\/\\\/digidem-bayern.de\\\/en\\\/author\\\/michael-zeiler\\\/\"}]}<\/script>\n<!-- \/ Yoast SEO plugin. -->","yoast_head_json":{"title":"Fettleibigkeit steigert bei Frauen das Demenzrisiko - digiDEM Bayern","description":"Fettleibigkeit im mittleren Lebensalter erh\u00f6ht bei Frauen das Risiko, sp\u00e4ter an einer Demenz zu erkranken. Das hat eine britische Langzeit-Studie gezeigt.","robots":{"index":"index","follow":"follow","max-snippet":"max-snippet:-1","max-image-preview":"max-image-preview:large","max-video-preview":"max-video-preview:-1"},"canonical":"https:\/\/digidem-bayern.de\/en\/fettleibigkeit-und-demenzrisiko\/","og_locale":"en_US","og_type":"article","og_title":"Fettleibigkeit steigert bei Frauen das Demenzrisiko - digiDEM Bayern","og_description":"Fettleibigkeit im mittleren Lebensalter erh\u00f6ht bei Frauen das Risiko, sp\u00e4ter an einer Demenz zu erkranken. Das hat eine britische Langzeit-Studie gezeigt.","og_url":"https:\/\/digidem-bayern.de\/en\/fettleibigkeit-und-demenzrisiko\/","og_site_name":"digiDEM Bayern","article_publisher":"https:\/\/www.facebook.com\/digiDEMBayern\/","article_published_time":"2020-06-15T09:04:36+00:00","article_modified_time":"2020-06-16T07:05:18+00:00","og_image":[{"width":1280,"height":853,"url":"https:\/\/digidem-bayern.de\/wp-content\/uploads\/2020\/06\/thick-373064_1280-1.jpg","type":"image\/jpeg"}],"author":"Michael Zeiler","twitter_misc":{"Written by":"Michael Zeiler","Est. reading time":"3 minutes"},"schema":{"@context":"https:\/\/schema.org","@graph":[{"@type":"Article","@id":"https:\/\/digidem-bayern.de\/fettleibigkeit-und-demenzrisiko\/#article","isPartOf":{"@id":"https:\/\/digidem-bayern.de\/fettleibigkeit-und-demenzrisiko\/"},"author":{"name":"Michael Zeiler","@id":"\/#\/schema\/person\/92754ad381f49b3c358d1d8d2c4f90b8"},"headline":"Fettleibigkeit steigert bei Frauen das Demenzrisiko","datePublished":"2020-06-15T09:04:36+00:00","dateModified":"2020-06-16T07:05:18+00:00","mainEntityOfPage":{"@id":"https:\/\/digidem-bayern.de\/fettleibigkeit-und-demenzrisiko\/"},"wordCount":639,"publisher":{"@id":"\/#organization"},"image":{"@id":"https:\/\/digidem-bayern.de\/fettleibigkeit-und-demenzrisiko\/#primaryimage"},"thumbnailUrl":"https:\/\/digidem-bayern.de\/wp-content\/uploads\/2020\/06\/thick-373064_1280-1.jpg","keywords":["Demenz","Ern\u00e4hrung"],"articleSection":["Wissenschaft &amp; Forschung"],"inLanguage":"en-US"},{"@type":"WebPage","@id":"https:\/\/digidem-bayern.de\/fettleibigkeit-und-demenzrisiko\/","url":"https:\/\/digidem-bayern.de\/fettleibigkeit-und-demenzrisiko\/","name":"Fettleibigkeit steigert bei Frauen das Demenzrisiko - digiDEM Bayern","isPartOf":{"@id":"\/#website"},"primaryImageOfPage":{"@id":"https:\/\/digidem-bayern.de\/fettleibigkeit-und-demenzrisiko\/#primaryimage"},"image":{"@id":"https:\/\/digidem-bayern.de\/fettleibigkeit-und-demenzrisiko\/#primaryimage"},"thumbnailUrl":"https:\/\/digidem-bayern.de\/wp-content\/uploads\/2020\/06\/thick-373064_1280-1.jpg","datePublished":"2020-06-15T09:04:36+00:00","dateModified":"2020-06-16T07:05:18+00:00","description":"Fettleibigkeit im mittleren Lebensalter erh\u00f6ht bei Frauen das Risiko, sp\u00e4ter an einer Demenz zu erkranken. Das hat eine britische Langzeit-Studie gezeigt.","breadcrumb":{"@id":"https:\/\/digidem-bayern.de\/fettleibigkeit-und-demenzrisiko\/#breadcrumb"},"inLanguage":"en-US","potentialAction":[{"@type":"ReadAction","target":["https:\/\/digidem-bayern.de\/fettleibigkeit-und-demenzrisiko\/"]}]},{"@type":"ImageObject","inLanguage":"en-US","@id":"https:\/\/digidem-bayern.de\/fettleibigkeit-und-demenzrisiko\/#primaryimage","url":"https:\/\/digidem-bayern.de\/wp-content\/uploads\/2020\/06\/thick-373064_1280-1.jpg","contentUrl":"https:\/\/digidem-bayern.de\/wp-content\/uploads\/2020\/06\/thick-373064_1280-1.jpg","width":1280,"height":853,"caption":"Fettleibige Frauen, zu sehen ist der Rumpf."},{"@type":"BreadcrumbList","@id":"https:\/\/digidem-bayern.de\/fettleibigkeit-und-demenzrisiko\/#breadcrumb","itemListElement":[{"@type":"ListItem","position":1,"name":"Startseite","item":"https:\/\/digidem-bayern.de\/"},{"@type":"ListItem","position":2,"name":"Fettleibigkeit steigert bei Frauen das Demenzrisiko"}]},{"@type":"WebSite","@id":"\/#website","url":"\/","name":"digiDEM Bavaria","description":"The digital dementia register in Bavaria researches and improves the structure of services for people with dementia and their relatives","publisher":{"@id":"\/#organization"},"potentialAction":[{"@type":"SearchAction","target":{"@type":"EntryPoint","urlTemplate":"\/?s={search_term_string}"},"query-input":{"@type":"PropertyValueSpecification","valueRequired":true,"valueName":"search_term_string"}}],"inLanguage":"en-US"},{"@type":"Organization","@id":"\/#organization","name":"digiDEM Bavaria","url":"\/","logo":{"@type":"ImageObject","inLanguage":"en-US","@id":"\/#\/schema\/logo\/image\/","url":"https:\/\/digidem-bayern.de\/wp-content\/uploads\/2022\/03\/cropped-Allgemeines_digiDEMLOGO-removebg-preview.png","contentUrl":"https:\/\/digidem-bayern.de\/wp-content\/uploads\/2022\/03\/cropped-Allgemeines_digiDEMLOGO-removebg-preview.png","width":612,"height":357,"caption":"digiDEM Bayern"},"image":{"@id":"\/#\/schema\/logo\/image\/"},"sameAs":["https:\/\/www.facebook.com\/digiDEMBayern\/","https:\/\/x.com\/digidem_bayern","https:\/\/www.instagram.com\/digidem.bayern","https:\/\/www.linkedin.com\/company\/digidem-bayern\/"]},{"@type":"Person","@id":"\/#\/schema\/person\/92754ad381f49b3c358d1d8d2c4f90b8","name":"Michael Zeiler","url":"https:\/\/digidem-bayern.de\/en\/author\/michael-zeiler\/"}]}},"uagb_featured_image_src":{"full":["https:\/\/digidem-bayern.de\/wp-content\/uploads\/2020\/06\/thick-373064_1280-1.jpg",1280,853,false],"thumbnail":["https:\/\/digidem-bayern.de\/wp-content\/uploads\/2020\/06\/thick-373064_1280-1-80x80.jpg",80,80,true],"medium":["https:\/\/digidem-bayern.de\/wp-content\/uploads\/2020\/06\/thick-373064_1280-1-300x200.jpg",300,200,true],"medium_large":["https:\/\/digidem-bayern.de\/wp-content\/uploads\/2020\/06\/thick-373064_1280-1-768x512.jpg",768,512,true],"large":["https:\/\/digidem-bayern.de\/wp-content\/uploads\/2020\/06\/thick-373064_1280-1-1030x686.jpg",1030,686,true],"1536x1536":["https:\/\/digidem-bayern.de\/wp-content\/uploads\/2020\/06\/thick-373064_1280-1.jpg",1280,853,false],"2048x2048":["https:\/\/digidem-bayern.de\/wp-content\/uploads\/2020\/06\/thick-373064_1280-1.jpg",1280,853,false],"trp-custom-language-flag":["https:\/\/digidem-bayern.de\/wp-content\/uploads\/2020\/06\/thick-373064_1280-1.jpg",18,12,false],"qubely_landscape":["https:\/\/digidem-bayern.de\/wp-content\/uploads\/2020\/06\/thick-373064_1280-1-1200x750.jpg",1200,750,true],"qubely_portrait":["https:\/\/digidem-bayern.de\/wp-content\/uploads\/2020\/06\/thick-373064_1280-1-540x320.jpg",540,320,true],"qubely_thumbnail":["https:\/\/digidem-bayern.de\/wp-content\/uploads\/2020\/06\/thick-373064_1280-1-140x100.jpg",140,100,true],"post-thumbnail":["https:\/\/digidem-bayern.de\/wp-content\/uploads\/2020\/06\/thick-373064_1280-1-495x330.jpg",495,330,true],"kahuna-featured":["https:\/\/digidem-bayern.de\/wp-content\/uploads\/2020\/06\/thick-373064_1280-1-495x350.jpg",495,350,true],"kahuna-featured-lp":["https:\/\/digidem-bayern.de\/wp-content\/uploads\/2020\/06\/thick-373064_1280-1-460x350.jpg",460,350,true],"kahuna-featured-half":["https:\/\/digidem-bayern.de\/wp-content\/uploads\/2020\/06\/thick-373064_1280-1-800x350.jpg",800,350,true],"kahuna-featured-third":["https:\/\/digidem-bayern.de\/wp-content\/uploads\/2020\/06\/thick-373064_1280-1-512x350.jpg",512,350,true],"kahuna-lpbox-1":["https:\/\/digidem-bayern.de\/wp-content\/uploads\/2020\/06\/thick-373064_1280-1-460x350.jpg",394,300,true],"kahuna-lpbox-2":["https:\/\/digidem-bayern.de\/wp-content\/uploads\/2020\/06\/thick-373064_1280-1-460x350.jpg",460,350,true],"demand-language-flag":["https:\/\/digidem-bayern.de\/wp-content\/uploads\/2020\/06\/thick-373064_1280-1.jpg",36,24,false],"dddkt-language-flag":["https:\/\/digidem-bayern.de\/wp-content\/uploads\/2020\/06\/thick-373064_1280-1.jpg",36,24,false],"ddiqc-language-flag":["https:\/\/digidem-bayern.de\/wp-content\/uploads\/2020\/06\/thick-373064_1280-1.jpg",36,24,false],"ddtl-language-flag":["https:\/\/digidem-bayern.de\/wp-content\/uploads\/2020\/06\/thick-373064_1280-1.jpg",36,24,false],"mailpoet_newsletter_max":["https:\/\/digidem-bayern.de\/wp-content\/uploads\/2020\/06\/thick-373064_1280-1.jpg",1280,853,false],"kahuna-lpbox-3":["https:\/\/digidem-bayern.de\/wp-content\/uploads\/2020\/06\/thick-373064_1280-1-460x350.jpg",460,350,true],"kahuna-featured-square":["https:\/\/digidem-bayern.de\/wp-content\/uploads\/2020\/06\/thick-373064_1280-1-512x512.jpg",512,512,true],"kahuna-featured-square-large":["https:\/\/digidem-bayern.de\/wp-content\/uploads\/2020\/06\/thick-373064_1280-1-1024x853.jpg",1024,853,true]},"uagb_author_info":{"display_name":"Michael Zeiler","author_link":"https:\/\/digidem-bayern.de\/en\/author\/michael-zeiler\/"},"uagb_comment_info":0,"uagb_excerpt":"Fettleibigkeit im mittleren Lebensalter erh\u00f6ht bei Frauen das Risiko, sp\u00e4ter an einer Demenz zu erkranken. Mangelern\u00e4hrung und zu wenig Bewegung hatten dagegen keine langfristigen Auswirkungen. Das hat eine britische Langzeit-Studie gezeigt. Das Forscherteam um Sarah Floud von der Oxford-Universit\u00e4t wollte mit seiner Untersuchung auch Widerspr\u00fcche kl\u00e4ren, die sich aus vergangenen &hellip;","_links":{"self":[{"href":"https:\/\/digidem-bayern.de\/en\/wp-json\/wp\/v2\/posts\/5669","targetHints":{"allow":["GET"]}}],"collection":[{"href":"https:\/\/digidem-bayern.de\/en\/wp-json\/wp\/v2\/posts"}],"about":[{"href":"https:\/\/digidem-bayern.de\/en\/wp-json\/wp\/v2\/types\/post"}],"author":[{"embeddable":true,"href":"https:\/\/digidem-bayern.de\/en\/wp-json\/wp\/v2\/users\/11"}],"replies":[{"embeddable":true,"href":"https:\/\/digidem-bayern.de\/en\/wp-json\/wp\/v2\/comments?post=5669"}],"version-history":[{"count":0,"href":"https:\/\/digidem-bayern.de\/en\/wp-json\/wp\/v2\/posts\/5669\/revisions"}],"wp:featuredmedia":[{"embeddable":true,"href":"https:\/\/digidem-bayern.de\/en\/wp-json\/wp\/v2\/media\/5673"}],"wp:attachment":[{"href":"https:\/\/digidem-bayern.de\/en\/wp-json\/wp\/v2\/media?parent=5669"}],"wp:term":[{"taxonomy":"category","embeddable":true,"href":"https:\/\/digidem-bayern.de\/en\/wp-json\/wp\/v2\/categories?post=5669"},{"taxonomy":"post_tag","embeddable":true,"href":"https:\/\/digidem-bayern.de\/en\/wp-json\/wp\/v2\/tags?post=5669"}],"curies":[{"name":"wp","href":"https:\/\/api.w.org\/{rel}","templated":true}]}}