{"id":5591,"date":"2020-06-05T12:00:00","date_gmt":"2020-06-05T10:00:00","guid":{"rendered":"https:\/\/digidem-bayern.de\/?p=5591"},"modified":"2023-05-11T15:21:57","modified_gmt":"2023-05-11T13:21:57","slug":"webinar-ernaehrung-und-demenz","status":"publish","type":"post","link":"https:\/\/digidem-bayern.de\/en\/webinar-ernaehrung-und-demenz\/","title":{"rendered":"Webinar: Ern\u00e4hrung und Demenz"},"content":{"rendered":"<h4 class=\"wp-block-heading\">Das Thema unseres Webinars spielt im Alltag von Menschen mit Demenz, pflegenden Angeh\u00f6rigen und professionellen Pflegekr\u00e4ften eine wichtige Rolle: Es geht um \u201eErn\u00e4hrung und Demenz\u201c. Als Expertin konnten wir die Ern\u00e4hrungswissenschaftlerin Frau Prof. Dr. Dorothee Volkert gewinnen.  <\/h4>\n\n\n<div class=\"wp-block-image\">\n<figure class=\"alignright size-large is-resized\"><img loading=\"lazy\" decoding=\"async\" src=\"https:\/\/test.digidem-bayern.de\/wp-content\/uploads\/2020\/06\/volkert_photo-200x300-2.jpg\" alt=\"\" class=\"wp-image-8038\" width=\"156\" height=\"234\"\/><figcaption class=\"wp-element-caption\">Frau Prof. Dr. Dorothee Volkert<\/figcaption><\/figure>\n<\/div>\n\n\n<p>Prof. Dr. Volkert arbeitet am Institut f\u00fcr Biomedizin des Alterns an der Friedrich-Alexander-Universit\u00e4t Erlangen-N\u00fcrnberg und ist Mitglied in diversen Fachgesellschaften f\u00fcr Ern\u00e4hrung.&nbsp;Sie ist Spezialistin auf dem Gebiet der Ern\u00e4hrungsforschung, einer ihrer Forschungsschwerpunkte ist Ern\u00e4hrung bei Demenz.<\/p>\n\n\n\n<p>Im Webinar erl\u00e4uterte Prof. Dr. Volkert, welche Ern\u00e4hrungsprobleme im Laufe einer Demenzerkrankung auftreten k\u00f6nnen und gab Empfehlungen zur Ern\u00e4hrung bei Demenz.<\/p>\n\n\n\n<p>Aus urheberrechtlichen Gr\u00fcnden k\u00f6nnen wir leider keinen Mitschnitt des Webinars zur Verf\u00fcgung stellen. Einen guten \u00dcberblick zum Thema bietet das Online-Spezial <a rel=\"noreferrer noopener\" href=\"https:\/\/www.bzfe.de\/_data\/files\/eifonline_ernaehrung_bei_demenz.pdf\" target=\"_blank\">Ern\u00e4hrung bei Demenz<\/a> des Bundeszentrums f\u00fcr Ern\u00e4hrung, bei dem Prof. Dr. Volkert mitgewirkt hat. Weitere Literaturtipps finden Sie unten auf dieser Seite.<\/p>\n\n\n\n<p><\/p>\n\n\n\n<h2 class=\"wp-block-heading has-text-align-center\"><strong><strong>Mittwoch, 17.06.2020, 11.00-11.45 Uhr<\/strong><\/strong><\/h2>\n\n\n\n<div class=\"wp-block-group\"><div class=\"wp-block-group__inner-container is-layout-flow wp-block-group-is-layout-flow\">\n<div class=\"wp-block-caxton-grid relative\"><div class=\"absolute absolute--fill\"><div class=\"absolute absolute--fill cover bg-center\" style=\"background-color:;background-image:linear-gradient( );\"><\/div><div class=\"absolute absolute--fill\" style=\"background-color:;background-image:linear-gradient( );opacity:1;\"><\/div><\/div><div class=\"relative caxton-columns caxton-grid-block\" style=\"padding-top:0;padding-left:0;padding-bottom:0;padding-right:0;grid-template-columns:repeat(12, 1fr)\" data-tablet-css=\"padding-left:em;padding-right:em;\" data-mobile-css=\"padding-left:em;padding-right:em;\">\n<div class=\"wp-block-caxton-section relative\" style=\"grid-area:span 1\/span 12\"><div class=\"absolute absolute--fill\"><div class=\"absolute absolute--fill cover bg-center\" style=\"background-color:#38a9f2;background-image:linear-gradient( #38a9f2);\"><\/div><div class=\"absolute absolute--fill\" style=\"background-color:#38a9f2;background-image:linear-gradient( #38a9f2);opacity:1;\"><\/div><\/div><div class=\"relative caxton-section-block\" style=\"padding-top:5px;padding-left:5px;padding-bottom:5px;padding-right:5px;justify-content:center\" data-mobile-css=\"padding-left:1em;padding-right:1em;\" data-tablet-css=\"padding-left:1em;padding-right:1em;\">\n<h2 class=\"wp-block-heading has-text-align-center\"><strong><span class=\"ugb-highlight\" style=\"color: #FFFFFF;\"><strong>Ern\u00e4hrung und Demenz<\/strong><\/span><span class=\"ugb-highlight\" style=\"color: #FFFFFF;\"><\/span><\/strong><\/h2>\n\n\n\n<h2 class=\"wp-block-heading has-text-align-center\"><span class=\"ugb-highlight\" style=\"color: #FFFFFF;\"><strong>mit Prof. Dr. Dorothee Volkert<span class=\"ugb-highlight\" style=\"color: #FFFFFF;\"><\/span><\/strong><\/span><\/h2>\n\n\n\n<p><\/p>\n<\/div><\/div>\n<\/div><\/div>\n<\/div><\/div>\n\n\n\n<div class=\"wp-block-stackable-columns stk-block-columns stk-block stk-4856754\" data-block-id=\"4856754\"><div class=\"stk-row stk-inner-blocks stk-block-content stk-content-align stk-4856754-column\">\n<div class=\"wp-block-stackable-column stk-block-column stk-column stk-block stk-cc889a3\" data-block-id=\"cc889a3\"><div class=\"stk-column-wrapper stk-block-column__content stk-container stk-cc889a3-container stk--no-background stk--no-padding\"><div class=\"stk-block-content stk-inner-blocks\">\n<div class=\"wp-block-uagb-team uagb-team__image-position-above uagb-team__align-center uagb-team__stack-tablet uagb-block-b975ec36\"><div class=\"uagb-team__content\"><img decoding=\"async\" class=\"uagb-team__image-crop-circle\" src=\"https:\/\/test.digidem-bayern.de\/wp-content\/uploads\/2019\/10\/kristina-holm-e1571142334262-80x80.jpg\" alt=\"\" height=\"120\" width=\"120\" loading=\"lazy\"\/><h3 class=\"uagb-team__title\">Kristina Holm<\/h3><span class=\"uagb-team__prefix\">Wissenschaftliche Mitarbeiterin M. Sc.<\/span><p class=\"uagb-team__desc\">Moderation<\/p><\/div><\/div>\n<\/div><\/div><\/div>\n\n\n\n<div class=\"wp-block-stackable-column stk-block-column stk-column stk-block stk-77ee740\" data-block-id=\"77ee740\"><div class=\"stk-column-wrapper stk-block-column__content stk-container stk-77ee740-container stk--no-background stk--no-padding\"><div class=\"stk-block-content stk-inner-blocks\">\n<div class=\"wp-block-uagb-team uagb-team__image-position-above uagb-team__align-center uagb-team__stack-tablet uagb-block-31fdbab2\"><div class=\"uagb-team__content\"><img decoding=\"async\" class=\"uagb-team__image-crop-circle\" src=\"https:\/\/test.digidem-bayern.de\/wp-content\/uploads\/2019\/10\/anna-krichner-e1571142495462-80x80.jpg\" alt=\"\" height=\"120\" width=\"120\" loading=\"lazy\"\/><h3 class=\"uagb-team__title\">Anna Kirchner<\/h3><span class=\"uagb-team__prefix\">Wissenschaftliche Mitarbeiterin M. Sc..<\/span><p class=\"uagb-team__desc\">Betreuung Chatroom &amp; Fragen<\/p><\/div><\/div>\n<\/div><\/div><\/div>\n<\/div><\/div>\n\n\n\n<p class=\"has-text-align-center\"><strong>Fragen der Teilnehmer*innen und Antworten von Frau Prof. Dr. Dorothee Volkert:<\/strong><\/p>\n\n\n\n<div class=\"qubely-block-accordion  qubely-block-81d6a8\" data-item-toggle=\"true\">\n<div class=\"wp-block-qubely-accordion-item qubely-block-688753\"><div class=\"qubely-accordion-item qubely-type-fill false\"><div class=\"qubely-accordion-panel qubely-icon-position-right\"><span class=\"qubely-accordion-panel-handler\" role=\"button\"><span class=\"qubely-accordion-panel-handler-label\">Wie wichtig ist die Farbe der Nahrungsmittel f\u00fcr demenziell ver\u00e4nderte Menschen?<\/span><span class=\"qubely-accordion-icon fa fa-plus\"><\/span><\/span><\/div><div class=\"qubely-accordion-body\"><div itemprop=\"text\">\n<p>Generell ist es bei Menschen mit Demenz wichtig, im Zuge der Nahrungsaufnahme die Sinne anzusprechen. Beispielsweise auch durch unterschiedlich farbiges Geschirr. Entscheidend ist es dabei den Kontrast zu erh\u00f6hen. Die Sehkraft und die F\u00e4higkeit, Dinge zu erkennen spielen dabei nat\u00fcrlich auch eine wichtige Rolle. Empfehlenswert ist es farbiges Geschirr zu verwenden, da sich das Essen von der Farbe des Tellers und der Teller sich vom Tisch abheben sollte. So kann beispielsweise bei Sehst\u00f6rungen das Essen leichter gefunden werden. Allerdings ist dies im Einzelfall auch unterschiedlich. Man sollte es auf jeden Fall aber probieren, um zu sehen, ob die Ver\u00e4nderung den gew\u00fcnschten Effekt hat.&nbsp;<\/p>\n<\/div><\/div><\/div><\/div>\n\n\n\n<div class=\"wp-block-qubely-accordion-item qubely-block-0e9412\"><div class=\"qubely-accordion-item qubely-type-fill false\"><div class=\"qubely-accordion-panel qubely-icon-position-right\"><span class=\"qubely-accordion-panel-handler\" role=\"button\"><span class=\"qubely-accordion-panel-handler-label\">Gibt es Unterschiede zwischen der ESPEN-Leitlinie Ern\u00e4hrung bei Demenz und den Leitlinien der deutschen Gesellschaft f\u00fcr Geriatrie bzw. der deutschen Gesellschaft f\u00fcr Ern\u00e4hrung?<\/span><span class=\"qubely-accordion-icon fa fa-plus\"><\/span><\/span><\/div><div class=\"qubely-accordion-body\"><div itemprop=\"text\">\n<p>Die Empfehlungen der deutschen Gesellschaft f\u00fcr Ern\u00e4hrung beziehen sich auf eine gesund erhaltende Ern\u00e4hrung, also auf die Pr\u00e4vention von Erkrankungen. Die Empfehlungen betreffen konkret die Ern\u00e4hrung. Die Leitlinien von ESPEN und der deutschen Gesellschaft f\u00fcr Ern\u00e4hrungsmedizin (DGEM) befassen sich mit ern\u00e4hrungsbedingten Gesundheitsproblemen in der Geriatrie, vor allem der Thematik der Mangelern\u00e4hrung, und sind sehr deckungsgleich. Es handelt sich bei beiden um medizinische Fachgesellschaften. Die deutsche und europ\u00e4ische Fachgesellschaft arbeiten sehr eng zusammen, wechseln sich zeitlich mit der Aktualisierung der Leitlinien ab und bauen dabei aufeinander auf. Zur ESPEN-Leitlinie Ern\u00e4hrung bei Demenz gibt es kein deutsches Pendant, sie thematisiert gezielt die Ern\u00e4hrungsprobleme bei Menschen mit Demenz. Diese Thematik wird in DGEM-Leitlinie zur Ern\u00e4hrung in der Geriatrie nur am Rande angesprochen.<\/p>\n<\/div><\/div><\/div><\/div>\n\n\n\n<div class=\"wp-block-qubely-accordion-item qubely-block-d4f977\"><div class=\"qubely-accordion-item qubely-type-fill false\"><div class=\"qubely-accordion-panel qubely-icon-position-right\"><span class=\"qubely-accordion-panel-handler\" role=\"button\"><span class=\"qubely-accordion-panel-handler-label\">Gibt es neue Erkenntnisse bez\u00fcglich Demenz und Zuckerkonsum?<\/span><span class=\"qubely-accordion-icon fa fa-plus\"><\/span><\/span><\/div><div class=\"qubely-accordion-body\"><div itemprop=\"text\">\n<p>Dazu ist mir leider nichts bekannt.<\/p>\n<\/div><\/div><\/div><\/div>\n\n\n\n<div class=\"wp-block-qubely-accordion-item qubely-block-ba0df3\"><div class=\"qubely-accordion-item qubely-type-fill false\"><div class=\"qubely-accordion-panel qubely-icon-position-right\"><span class=\"qubely-accordion-panel-handler\" role=\"button\"><span class=\"qubely-accordion-panel-handler-label\">Was sagt die Forschung zum Sterbefasten?<\/span><span class=\"qubely-accordion-icon fa fa-plus\"><\/span><\/span><\/div><div class=\"qubely-accordion-body\"><div itemprop=\"text\">\n<p>Sterbefasten, also nichts mehr zu essen und das eigene Leben damit zu beenden, ist ein ganz bewusster Prozess und eine ganz bewusste Entscheidung und daher bei Menschen mit Demenz nicht relevant. Bei ihnen ist das Ablehnen von Nahrung im fortgeschrittenen Krankheitsstadium \u2013 sofern keine anderen Ursachen zugrunde liegen \u2013 vielmehr darauf zur\u00fcckzuf\u00fchren, dass die F\u00e4higkeiten, die zum Essen ben\u00f6tigt werden, verloren gehen. Ein aktueller Artikel, welcher sich mit dem Thema Sterbefasten besch\u00e4ftigt ist nachfolgend aufgef\u00fchrt:<\/p>\n\n\n\n<p>Schmidhuber M. (2019). Freiwilliger Verzicht auf Fl\u00fcssigkeit und Nahrung \u2013 Sterbefasten als ein Ausweg am Lebensende? Aktuelle Ern\u00e4hrungsmedizin, 44 (01), 43-45. doi:10.1055\/a-0822-7013<\/p>\n<\/div><\/div><\/div><\/div>\n\n\n\n<div class=\"wp-block-qubely-accordion-item qubely-block-44f6f4\"><div class=\"qubely-accordion-item qubely-type-fill false\"><div class=\"qubely-accordion-panel qubely-icon-position-right\"><span class=\"qubely-accordion-panel-handler\" role=\"button\"><span class=\"qubely-accordion-panel-handler-label\">Gibt es bestimmte Nahrungsmittel, die dabei helfen k\u00f6nnen die Kognitionen zu erhalten?<\/span><span class=\"qubely-accordion-icon fa fa-plus\"><\/span><\/span><\/div><div class=\"qubely-accordion-body\"><div itemprop=\"text\">\n<p>Es gibt keine speziellen Empfehlungen bez\u00fcglich bestimmter Nahrungsmittel, die die kognitive Leistungsf\u00e4higkeit erhalten oder verbessern. Auch ist in zahlreichen Studien zu diesem Thema nicht belegt, dass Supplemente oder bestimmte Nahrungserg\u00e4nzungsmittel beim Erhalt der Kognition helfen w\u00fcrden. Insgesamt ist eine generell gesund erhaltende Ern\u00e4hrung auch f\u00fcr die Gesunderhaltung des Geists sinnvoll. Es gibt viele Studien, die den Zusammenhang zwischen Ern\u00e4hrung und Demenzrisiko untersucht haben und zu dem Schluss kommen, dass eine allgemein gesundheitsf\u00f6rderliche Ern\u00e4hrung mit viel Obst und Gem\u00fcse, Vollkornprodukten, in Richtung einer mediterranen Ern\u00e4hrungsweise, sich auch g\u00fcnstig auf das Gehirn und die geistige Leistungsf\u00e4higkeit auswirkt.<\/p>\n<\/div><\/div><\/div><\/div>\n<\/div>\n\n\n\n<div style=\"height:30px\" aria-hidden=\"true\" class=\"wp-block-spacer\"><\/div>\n\n\n\n<p><\/p>\n\n\n\n<p class=\"has-text-align-center\"><strong>Wichtige Leitlinien und Standards zum Thema Ern\u00e4hrung und Demenz<\/strong><\/p>\n\n\n\n<ul class=\"wp-block-list\">\n<li>Volkert D et al. (2015). <a rel=\"noreferrer noopener\" href=\"http:\/\/www.clinicalnutritionjournal.com\/article\/S0261-5614(15)00237-X\/pdf\" target=\"_blank\">ESPEN Guidelines on Nutrition in dementia<\/a>. Clin Nutr, 34(6), 1052-1073.<\/li>\n\n\n\n<li>Volkert D, Sieber CC, Wirth R (2016). Ern\u00e4hrung bei Demenz. Neue Leitlinie der \u201cEuropean Society for Clinical Nutrition and Metabolism&#8220;. Dtsch Med Wochenschr, 141(11): 762-766.<\/li>\n\n\n\n<li>Volkert D et al. (2013). Leitlinie der Dt. Gesellschaft f\u00fcr Ern\u00e4hrungsmedizin (DGEM) in Zusammenarbeit mit der GESKES, der AKE und der DGG. Klinische Ern\u00e4hrung in der Geriatrie. Aktuel Ernahrungsmed, 38(03), e1-e48.<\/li>\n\n\n\n<li>Volkert D et al. (2019). ESPEN guideline on clinical nutrition and hydration in geriatrics. Clinical Nutrition, 38(1), 10-47.<\/li>\n\n\n\n<li>Oehmichen F et al. (2013). Ethische und rechtliche Gesichtspunkte der k\u00fcnstlichen Ern\u00e4hrung. Aktuel Ernahrungsmed, 38(02), 112-117.<\/li>\n\n\n\n<li>Druml C et al. (2016). ESPEN guideline on ethical aspects of artificial nutrition and hydration. Clin Nutr, 35(3), 545-556.<\/li>\n\n\n\n<li>DNQP-Expertenstandard zur Sicherstellung und F\u00f6rderung der oralen Ern\u00e4hrung in der Pflege. DNQP Osnabr\u00fcck 1. Aktualisierung 2017<\/li>\n<\/ul>\n\n\n\n<p><\/p>\n\n\n\n<div style=\"height:30px\" aria-hidden=\"true\" class=\"wp-block-spacer\"><\/div>\n\n\n\n<p class=\"has-text-align-center\"><strong>Weitere Literaturhinweise<\/strong><\/p>\n\n\n\n<ul class=\"wp-block-list\">\n<li>Deutsche Gesellschaft f\u00fcr Ern\u00e4hrung: <a rel=\"noreferrer noopener\" href=\"https:\/\/www.in-form.de\/fileadmin\/Dokumente\/Materialien\/Demenz_FitimAlter.pdf\" target=\"_blank\">DGE-Praxiswissen Essen ung Trinken bei Demenz<\/a><\/li>\n\n\n\n<li>Dt. Alzheimer-Gesellschaft und Barmer Pflegekasse (Hrsg.): <a rel=\"noreferrer noopener\" href=\"https:\/\/www.barmer-gek.de\/blob\/8592\/474c66c209a820cf703ff787aba3278e\/data\/ernaehrung-in-der-haeuslichen-pflege-demenzkranker-7265np.pdf\" target=\"_blank\">Ern\u00e4hrung in der h\u00e4uslichen Pflege von Menschen mit Demenz<\/a><\/li>\n\n\n\n<li>Vilgis TA, Lendner I, Caviezel (2015). Ern\u00e4hrung bei Pflegebed\u00fcrftigkeit und Demenz: Lebensfreude durch Genuss. Springer Verlag.<\/li>\n\n\n\n<li>Menebr\u00f6cker C, Rebbe J (2008). Genuss im Alter: Kochen f\u00fcr Menschen mit Demenz. Verlag Books on Demand, Norderstedt.<\/li>\n\n\n\n<li>Stapel K. (2016). Gut Essen trotz Vergessen. Innovative Verpflegungskonzepte bei Demenz. Umschau-Zeitschriftenverlag Wiesbaden.<\/li>\n\n\n\n<li>Blog zum Thema &#8222;<a rel=\"noreferrer noopener\" href=\"http:\/\/www.nahrungsverweigerung.de\" target=\"_blank\">Ern\u00e4hrung und Demenz<\/a>&#8220; <\/li>\n\n\n\n<li>Volkert D (Hrsg.) (2015). Ern\u00e4hrung im Alter. Verlag de Gruyter, Berlin.<\/li>\n<\/ul>\n\n\n\n<div class=\"wp-block-columns is-layout-flex wp-container-core-columns-is-layout-9d6595d7 wp-block-columns-is-layout-flex\">\n<div class=\"wp-block-column is-layout-flow wp-block-column-is-layout-flow\"><\/div>\n\n\n\n<div class=\"wp-block-column is-layout-flow wp-block-column-is-layout-flow\"><\/div>\n<\/div>\n\n\n\n<p><\/p>","protected":false},"excerpt":{"rendered":"<p>Das Thema unseres Webinars spielt im Alltag von Menschen mit Demenz, pflegenden Angeh\u00f6rigen und professionellen Pflegekr\u00e4ften eine wichtige Rolle: Es geht um \u201eErn\u00e4hrung und Demenz\u201c. Als Expertin konnten wir die Ern\u00e4hrungswissenschaftlerin Frau Prof. Dr. Dorothee Volkert gewinnen. Prof. Dr. Volkert arbeitet am Institut f\u00fcr Biomedizin des Alterns an der Friedrich-Alexander-Universit\u00e4t &hellip;<\/p>","protected":false},"author":11,"featured_media":5601,"comment_status":"open","ping_status":"closed","sticky":false,"template":"","format":"standard","meta":{"qubely_global_settings":"true","qubely_interactions":"","_uag_custom_page_level_css":"","footnotes":""},"categories":[123],"tags":[13,12,95,14,17,55,152,150,151,94],"class_list":["post-5591","post","type-post","status-publish","format-standard","has-post-thumbnail","hentry","category-sciene-watch-live-archiv","tag-alzheimer","tag-demenz-2","tag-demenzforschung","tag-digidem","tag-digidem-bayern","tag-digitales-demenzregister-bayern","tag-dorothee-volkert","tag-ernaehrung","tag-mangelernaehrung","tag-webinar"],"qubely_featured_image_url":{"full":["https:\/\/digidem-bayern.de\/wp-content\/uploads\/2020\/06\/food-3952032_1280.jpg",1280,853,false],"landscape":["https:\/\/digidem-bayern.de\/wp-content\/uploads\/2020\/06\/food-3952032_1280-1200x750.jpg",1200,750,true],"portraits":["https:\/\/digidem-bayern.de\/wp-content\/uploads\/2020\/06\/food-3952032_1280-540x320.jpg",540,320,true],"thumbnail":["https:\/\/digidem-bayern.de\/wp-content\/uploads\/2020\/06\/food-3952032_1280-80x80.jpg",80,80,true],"medium":["https:\/\/digidem-bayern.de\/wp-content\/uploads\/2020\/06\/food-3952032_1280-300x200.jpg",300,200,true],"medium_large":["https:\/\/digidem-bayern.de\/wp-content\/uploads\/2020\/06\/food-3952032_1280-768x512.jpg",768,512,true],"large":["https:\/\/digidem-bayern.de\/wp-content\/uploads\/2020\/06\/food-3952032_1280-1030x686.jpg",1030,686,true],"1536x1536":["https:\/\/digidem-bayern.de\/wp-content\/uploads\/2020\/06\/food-3952032_1280.jpg",1280,853,false],"2048x2048":["https:\/\/digidem-bayern.de\/wp-content\/uploads\/2020\/06\/food-3952032_1280.jpg",1280,853,false],"trp-custom-language-flag":["https:\/\/digidem-bayern.de\/wp-content\/uploads\/2020\/06\/food-3952032_1280.jpg",18,12,false],"qubely_landscape":["https:\/\/digidem-bayern.de\/wp-content\/uploads\/2020\/06\/food-3952032_1280-1200x750.jpg",1200,750,true],"qubely_portrait":["https:\/\/digidem-bayern.de\/wp-content\/uploads\/2020\/06\/food-3952032_1280-540x320.jpg",540,320,true],"qubely_thumbnail":["https:\/\/digidem-bayern.de\/wp-content\/uploads\/2020\/06\/food-3952032_1280-140x100.jpg",140,100,true],"post-thumbnail":["https:\/\/digidem-bayern.de\/wp-content\/uploads\/2020\/06\/food-3952032_1280-495x330.jpg",495,330,true],"kahuna-featured":["https:\/\/digidem-bayern.de\/wp-content\/uploads\/2020\/06\/food-3952032_1280-495x350.jpg",495,350,true],"kahuna-featured-lp":["https:\/\/digidem-bayern.de\/wp-content\/uploads\/2020\/06\/food-3952032_1280-460x350.jpg",460,350,true],"kahuna-featured-half":["https:\/\/digidem-bayern.de\/wp-content\/uploads\/2020\/06\/food-3952032_1280-800x350.jpg",800,350,true],"kahuna-featured-third":["https:\/\/digidem-bayern.de\/wp-content\/uploads\/2020\/06\/food-3952032_1280-512x350.jpg",512,350,true],"kahuna-lpbox-1":["https:\/\/digidem-bayern.de\/wp-content\/uploads\/2020\/06\/food-3952032_1280-460x350.jpg",394,300,true],"kahuna-lpbox-2":["https:\/\/digidem-bayern.de\/wp-content\/uploads\/2020\/06\/food-3952032_1280-460x350.jpg",460,350,true],"demand-language-flag":["https:\/\/digidem-bayern.de\/wp-content\/uploads\/2020\/06\/food-3952032_1280.jpg",36,24,false],"dddkt-language-flag":["https:\/\/digidem-bayern.de\/wp-content\/uploads\/2020\/06\/food-3952032_1280.jpg",36,24,false],"ddiqc-language-flag":["https:\/\/digidem-bayern.de\/wp-content\/uploads\/2020\/06\/food-3952032_1280.jpg",36,24,false],"ddtl-language-flag":["https:\/\/digidem-bayern.de\/wp-content\/uploads\/2020\/06\/food-3952032_1280.jpg",36,24,false],"mailpoet_newsletter_max":["https:\/\/digidem-bayern.de\/wp-content\/uploads\/2020\/06\/food-3952032_1280.jpg",1280,853,false],"kahuna-lpbox-3":["https:\/\/digidem-bayern.de\/wp-content\/uploads\/2020\/06\/food-3952032_1280-460x350.jpg",460,350,true],"kahuna-featured-square":["https:\/\/digidem-bayern.de\/wp-content\/uploads\/2020\/06\/food-3952032_1280-512x512.jpg",512,512,true],"kahuna-featured-square-large":["https:\/\/digidem-bayern.de\/wp-content\/uploads\/2020\/06\/food-3952032_1280-1024x853.jpg",1024,853,true]},"qubely_author":{"display_name":"Michael Zeiler","author_link":"https:\/\/digidem-bayern.de\/en\/author\/michael-zeiler\/"},"qubely_comment":4,"qubely_category":"<a href=\"https:\/\/digidem-bayern.de\/en\/category\/sciene-watch-live-archiv\/\" rel=\"category tag\">Sciene Watch Live ARCHIV<\/a>","qubely_excerpt":"Das Thema unseres Webinars spielt im Alltag von Menschen mit Demenz, pflegenden Angeh\u00f6rigen und professionellen Pflegekr\u00e4ften eine wichtige Rolle: Es geht um \u201eErn\u00e4hrung und Demenz\u201c. Als Expertin konnten wir die Ern\u00e4hrungswissenschaftlerin Frau Prof. Dr. Dorothee Volkert gewinnen. Prof. Dr. Volkert arbeitet am Institut f\u00fcr Biomedizin des Alterns an der Friedrich-Alexander-Universit\u00e4t &hellip;","featured_image_urls_v2":{"full":["https:\/\/digidem-bayern.de\/wp-content\/uploads\/2020\/06\/food-3952032_1280.jpg",1280,853,false],"thumbnail":["https:\/\/digidem-bayern.de\/wp-content\/uploads\/2020\/06\/food-3952032_1280-80x80.jpg",80,80,true],"medium":["https:\/\/digidem-bayern.de\/wp-content\/uploads\/2020\/06\/food-3952032_1280-300x200.jpg",300,200,true],"medium_large":["https:\/\/digidem-bayern.de\/wp-content\/uploads\/2020\/06\/food-3952032_1280-768x512.jpg",768,512,true],"large":["https:\/\/digidem-bayern.de\/wp-content\/uploads\/2020\/06\/food-3952032_1280-1030x686.jpg",1030,686,true],"1536x1536":["https:\/\/digidem-bayern.de\/wp-content\/uploads\/2020\/06\/food-3952032_1280.jpg",1280,853,false],"2048x2048":["https:\/\/digidem-bayern.de\/wp-content\/uploads\/2020\/06\/food-3952032_1280.jpg",1280,853,false],"trp-custom-language-flag":["https:\/\/digidem-bayern.de\/wp-content\/uploads\/2020\/06\/food-3952032_1280.jpg",18,12,false],"qubely_landscape":["https:\/\/digidem-bayern.de\/wp-content\/uploads\/2020\/06\/food-3952032_1280-1200x750.jpg",1200,750,true],"qubely_portrait":["https:\/\/digidem-bayern.de\/wp-content\/uploads\/2020\/06\/food-3952032_1280-540x320.jpg",540,320,true],"qubely_thumbnail":["https:\/\/digidem-bayern.de\/wp-content\/uploads\/2020\/06\/food-3952032_1280-140x100.jpg",140,100,true],"post-thumbnail":["https:\/\/digidem-bayern.de\/wp-content\/uploads\/2020\/06\/food-3952032_1280-495x330.jpg",495,330,true],"kahuna-featured":["https:\/\/digidem-bayern.de\/wp-content\/uploads\/2020\/06\/food-3952032_1280-495x350.jpg",495,350,true],"kahuna-featured-lp":["https:\/\/digidem-bayern.de\/wp-content\/uploads\/2020\/06\/food-3952032_1280-460x350.jpg",460,350,true],"kahuna-featured-half":["https:\/\/digidem-bayern.de\/wp-content\/uploads\/2020\/06\/food-3952032_1280-800x350.jpg",800,350,true],"kahuna-featured-third":["https:\/\/digidem-bayern.de\/wp-content\/uploads\/2020\/06\/food-3952032_1280-512x350.jpg",512,350,true],"kahuna-lpbox-1":["https:\/\/digidem-bayern.de\/wp-content\/uploads\/2020\/06\/food-3952032_1280-460x350.jpg",394,300,true],"kahuna-lpbox-2":["https:\/\/digidem-bayern.de\/wp-content\/uploads\/2020\/06\/food-3952032_1280-460x350.jpg",460,350,true],"demand-language-flag":["https:\/\/digidem-bayern.de\/wp-content\/uploads\/2020\/06\/food-3952032_1280.jpg",36,24,false],"dddkt-language-flag":["https:\/\/digidem-bayern.de\/wp-content\/uploads\/2020\/06\/food-3952032_1280.jpg",36,24,false],"ddiqc-language-flag":["https:\/\/digidem-bayern.de\/wp-content\/uploads\/2020\/06\/food-3952032_1280.jpg",36,24,false],"ddtl-language-flag":["https:\/\/digidem-bayern.de\/wp-content\/uploads\/2020\/06\/food-3952032_1280.jpg",36,24,false],"mailpoet_newsletter_max":["https:\/\/digidem-bayern.de\/wp-content\/uploads\/2020\/06\/food-3952032_1280.jpg",1280,853,false],"kahuna-lpbox-3":["https:\/\/digidem-bayern.de\/wp-content\/uploads\/2020\/06\/food-3952032_1280-460x350.jpg",460,350,true],"kahuna-featured-square":["https:\/\/digidem-bayern.de\/wp-content\/uploads\/2020\/06\/food-3952032_1280-512x512.jpg",512,512,true],"kahuna-featured-square-large":["https:\/\/digidem-bayern.de\/wp-content\/uploads\/2020\/06\/food-3952032_1280-1024x853.jpg",1024,853,true]},"post_excerpt_stackable_v2":"<p>Das Thema unseres Webinars spielt im Alltag von Menschen mit Demenz, pflegenden Angeh\u00f6rigen und professionellen Pflegekr\u00e4ften eine wichtige Rolle: Es geht um \u201eErn\u00e4hrung und Demenz\u201c. Als Expertin konnten wir die Ern\u00e4hrungswissenschaftlerin Frau Prof. Dr. Dorothee Volkert gewinnen. Frau Prof. Dr. Dorothee Volkert Prof. Dr. Volkert arbeitet am Institut f\u00fcr Biomedizin des Alterns an der Friedrich-Alexander-Universit\u00e4t Erlangen-N\u00fcrnberg und ist Mitglied in diversen Fachgesellschaften f\u00fcr Ern\u00e4hrung.&nbsp;Sie ist Spezialistin auf dem Gebiet der Ern\u00e4hrungsforschung, einer ihrer Forschungsschwerpunkte ist Ern\u00e4hrung bei Demenz. Im Webinar erl\u00e4uterte Prof. Dr. Volkert, welche Ern\u00e4hrungsprobleme im Laufe einer Demenzerkrankung auftreten k\u00f6nnen und gab Empfehlungen zur Ern\u00e4hrung bei Demenz. Aus&hellip;<\/p>\n","category_list_v2":"<a href=\"https:\/\/digidem-bayern.de\/en\/category\/sciene-watch-live-archiv\/\" rel=\"category tag\">Sciene Watch Live ARCHIV<\/a>","author_info_v2":{"name":"Michael Zeiler","url":"https:\/\/digidem-bayern.de\/en\/author\/michael-zeiler\/"},"comments_num_v2":"0 comments","yoast_head":"<!-- This site is optimized with the Yoast SEO plugin v27.4 - https:\/\/yoast.com\/product\/yoast-seo-wordpress\/ -->\n<title>Webinar: Ern\u00e4hrung und Demenz - digiDEM Bayern<\/title>\n<meta name=\"description\" content=\"Im Webinar &quot;digiDEM Bayern Science Watch LIVE&quot; behandeln Wissenschaftler ein Thema aus der Demenzforschung und stehen live f\u00fcr Fragen zur Verf\u00fcgung.\" \/>\n<meta name=\"robots\" content=\"index, follow, max-snippet:-1, max-image-preview:large, max-video-preview:-1\" \/>\n<link rel=\"canonical\" href=\"https:\/\/digidem-bayern.de\/en\/webinar-ernaehrung-und-demenz\/\" \/>\n<meta property=\"og:locale\" content=\"en_US\" \/>\n<meta property=\"og:type\" content=\"article\" \/>\n<meta property=\"og:title\" content=\"Webinar: Ern\u00e4hrung und Demenz - digiDEM Bayern\" \/>\n<meta property=\"og:description\" content=\"Im Webinar &quot;digiDEM Bayern Science Watch LIVE&quot; behandeln Wissenschaftler ein Thema aus der Demenzforschung und stehen live f\u00fcr Fragen zur Verf\u00fcgung.\" \/>\n<meta property=\"og:url\" content=\"https:\/\/digidem-bayern.de\/en\/webinar-ernaehrung-und-demenz\/\" \/>\n<meta property=\"og:site_name\" content=\"digiDEM Bayern\" \/>\n<meta property=\"article:publisher\" content=\"https:\/\/www.facebook.com\/digiDEMBayern\/\" \/>\n<meta property=\"article:published_time\" content=\"2020-06-05T10:00:00+00:00\" \/>\n<meta property=\"article:modified_time\" content=\"2023-05-11T13:21:57+00:00\" \/>\n<meta property=\"og:image\" content=\"https:\/\/digidem-bayern.de\/wp-content\/uploads\/2020\/06\/food-3952032_1280.jpg\" \/>\n\t<meta property=\"og:image:width\" content=\"1280\" \/>\n\t<meta property=\"og:image:height\" content=\"853\" \/>\n\t<meta property=\"og:image:type\" content=\"image\/jpeg\" \/>\n<meta name=\"author\" content=\"Michael Zeiler\" \/>\n<meta name=\"twitter:label1\" content=\"Written by\" \/>\n\t<meta name=\"twitter:data1\" content=\"Michael Zeiler\" \/>\n\t<meta name=\"twitter:label2\" content=\"Est. reading time\" \/>\n\t<meta name=\"twitter:data2\" content=\"5 minutes\" \/>\n<script type=\"application\/ld+json\" class=\"yoast-schema-graph\">{\"@context\":\"https:\\\/\\\/schema.org\",\"@graph\":[{\"@type\":\"Article\",\"@id\":\"https:\\\/\\\/digidem-bayern.de\\\/webinar-ernaehrung-und-demenz\\\/#article\",\"isPartOf\":{\"@id\":\"https:\\\/\\\/digidem-bayern.de\\\/webinar-ernaehrung-und-demenz\\\/\"},\"author\":{\"name\":\"Michael Zeiler\",\"@id\":\"\\\/#\\\/schema\\\/person\\\/92754ad381f49b3c358d1d8d2c4f90b8\"},\"headline\":\"Webinar: Ern\u00e4hrung und Demenz\",\"datePublished\":\"2020-06-05T10:00:00+00:00\",\"dateModified\":\"2023-05-11T13:21:57+00:00\",\"mainEntityOfPage\":{\"@id\":\"https:\\\/\\\/digidem-bayern.de\\\/webinar-ernaehrung-und-demenz\\\/\"},\"wordCount\":979,\"commentCount\":0,\"publisher\":{\"@id\":\"\\\/#organization\"},\"image\":{\"@id\":\"https:\\\/\\\/digidem-bayern.de\\\/webinar-ernaehrung-und-demenz\\\/#primaryimage\"},\"thumbnailUrl\":\"https:\\\/\\\/digidem-bayern.de\\\/wp-content\\\/uploads\\\/2020\\\/06\\\/food-3952032_1280.jpg\",\"keywords\":[\"Alzheimer\",\"Demenz\",\"Demenzforschung\",\"digidem\",\"digidem Bayern\",\"Digitales Demenzregister Bayern\",\"Dorothee Volkert\",\"Ern\u00e4hrung\",\"Mangelern\u00e4hrung\",\"Webinar\"],\"articleSection\":[\"Sciene Watch Live ARCHIV\"],\"inLanguage\":\"en-US\",\"potentialAction\":[{\"@type\":\"CommentAction\",\"name\":\"Comment\",\"target\":[\"https:\\\/\\\/digidem-bayern.de\\\/webinar-ernaehrung-und-demenz\\\/#respond\"]}]},{\"@type\":\"WebPage\",\"@id\":\"https:\\\/\\\/digidem-bayern.de\\\/webinar-ernaehrung-und-demenz\\\/\",\"url\":\"https:\\\/\\\/digidem-bayern.de\\\/webinar-ernaehrung-und-demenz\\\/\",\"name\":\"Webinar: Ern\u00e4hrung und Demenz - digiDEM Bayern\",\"isPartOf\":{\"@id\":\"\\\/#website\"},\"primaryImageOfPage\":{\"@id\":\"https:\\\/\\\/digidem-bayern.de\\\/webinar-ernaehrung-und-demenz\\\/#primaryimage\"},\"image\":{\"@id\":\"https:\\\/\\\/digidem-bayern.de\\\/webinar-ernaehrung-und-demenz\\\/#primaryimage\"},\"thumbnailUrl\":\"https:\\\/\\\/digidem-bayern.de\\\/wp-content\\\/uploads\\\/2020\\\/06\\\/food-3952032_1280.jpg\",\"datePublished\":\"2020-06-05T10:00:00+00:00\",\"dateModified\":\"2023-05-11T13:21:57+00:00\",\"description\":\"Im Webinar \\\"digiDEM Bayern Science Watch LIVE\\\" behandeln Wissenschaftler ein Thema aus der Demenzforschung und stehen live f\u00fcr Fragen zur Verf\u00fcgung.\",\"breadcrumb\":{\"@id\":\"https:\\\/\\\/digidem-bayern.de\\\/webinar-ernaehrung-und-demenz\\\/#breadcrumb\"},\"inLanguage\":\"en-US\",\"potentialAction\":[{\"@type\":\"ReadAction\",\"target\":[\"https:\\\/\\\/digidem-bayern.de\\\/webinar-ernaehrung-und-demenz\\\/\"]}]},{\"@type\":\"ImageObject\",\"inLanguage\":\"en-US\",\"@id\":\"https:\\\/\\\/digidem-bayern.de\\\/webinar-ernaehrung-und-demenz\\\/#primaryimage\",\"url\":\"https:\\\/\\\/digidem-bayern.de\\\/wp-content\\\/uploads\\\/2020\\\/06\\\/food-3952032_1280.jpg\",\"contentUrl\":\"https:\\\/\\\/digidem-bayern.de\\\/wp-content\\\/uploads\\\/2020\\\/06\\\/food-3952032_1280.jpg\",\"width\":1280,\"height\":853,\"caption\":\"Teller mit Gr\u00fcnkohl und Mettwurst\"},{\"@type\":\"BreadcrumbList\",\"@id\":\"https:\\\/\\\/digidem-bayern.de\\\/webinar-ernaehrung-und-demenz\\\/#breadcrumb\",\"itemListElement\":[{\"@type\":\"ListItem\",\"position\":1,\"name\":\"Startseite\",\"item\":\"https:\\\/\\\/digidem-bayern.de\\\/\"},{\"@type\":\"ListItem\",\"position\":2,\"name\":\"Webinar: Ern\u00e4hrung und Demenz\"}]},{\"@type\":\"WebSite\",\"@id\":\"\\\/#website\",\"url\":\"\\\/\",\"name\":\"digiDEM Bayern\",\"description\":\"Das digitale Demenzregister Bayern erforscht und verbessert die Angebotsstuktur f\u00fcr Menschen mit Demenz und deren Angeh\u00f6rige\",\"publisher\":{\"@id\":\"\\\/#organization\"},\"potentialAction\":[{\"@type\":\"SearchAction\",\"target\":{\"@type\":\"EntryPoint\",\"urlTemplate\":\"\\\/?s={search_term_string}\"},\"query-input\":{\"@type\":\"PropertyValueSpecification\",\"valueRequired\":true,\"valueName\":\"search_term_string\"}}],\"inLanguage\":\"en-US\"},{\"@type\":\"Organization\",\"@id\":\"\\\/#organization\",\"name\":\"digiDEM Bayern\",\"url\":\"\\\/\",\"logo\":{\"@type\":\"ImageObject\",\"inLanguage\":\"en-US\",\"@id\":\"\\\/#\\\/schema\\\/logo\\\/image\\\/\",\"url\":\"https:\\\/\\\/digidem-bayern.de\\\/wp-content\\\/uploads\\\/2022\\\/03\\\/cropped-Allgemeines_digiDEMLOGO-removebg-preview.png\",\"contentUrl\":\"https:\\\/\\\/digidem-bayern.de\\\/wp-content\\\/uploads\\\/2022\\\/03\\\/cropped-Allgemeines_digiDEMLOGO-removebg-preview.png\",\"width\":612,\"height\":357,\"caption\":\"digiDEM Bayern\"},\"image\":{\"@id\":\"\\\/#\\\/schema\\\/logo\\\/image\\\/\"},\"sameAs\":[\"https:\\\/\\\/www.facebook.com\\\/digiDEMBayern\\\/\",\"https:\\\/\\\/x.com\\\/digidem_bayern\",\"https:\\\/\\\/www.instagram.com\\\/digidem.bayern\",\"https:\\\/\\\/www.linkedin.com\\\/company\\\/digidem-bayern\\\/\"]},{\"@type\":\"Person\",\"@id\":\"\\\/#\\\/schema\\\/person\\\/92754ad381f49b3c358d1d8d2c4f90b8\",\"name\":\"Michael Zeiler\",\"url\":\"https:\\\/\\\/digidem-bayern.de\\\/en\\\/author\\\/michael-zeiler\\\/\"}]}<\/script>\n<!-- \/ Yoast SEO plugin. -->","yoast_head_json":{"title":"Webinar: Ern\u00e4hrung und Demenz - digiDEM Bayern","description":"Im Webinar \"digiDEM Bayern Science Watch LIVE\" behandeln Wissenschaftler ein Thema aus der Demenzforschung und stehen live f\u00fcr Fragen zur Verf\u00fcgung.","robots":{"index":"index","follow":"follow","max-snippet":"max-snippet:-1","max-image-preview":"max-image-preview:large","max-video-preview":"max-video-preview:-1"},"canonical":"https:\/\/digidem-bayern.de\/en\/webinar-ernaehrung-und-demenz\/","og_locale":"en_US","og_type":"article","og_title":"Webinar: Ern\u00e4hrung und Demenz - digiDEM Bayern","og_description":"Im Webinar \"digiDEM Bayern Science Watch LIVE\" behandeln Wissenschaftler ein Thema aus der Demenzforschung und stehen live f\u00fcr Fragen zur Verf\u00fcgung.","og_url":"https:\/\/digidem-bayern.de\/en\/webinar-ernaehrung-und-demenz\/","og_site_name":"digiDEM Bayern","article_publisher":"https:\/\/www.facebook.com\/digiDEMBayern\/","article_published_time":"2020-06-05T10:00:00+00:00","article_modified_time":"2023-05-11T13:21:57+00:00","og_image":[{"width":1280,"height":853,"url":"https:\/\/digidem-bayern.de\/wp-content\/uploads\/2020\/06\/food-3952032_1280.jpg","type":"image\/jpeg"}],"author":"Michael Zeiler","twitter_misc":{"Written by":"Michael Zeiler","Est. reading time":"5 minutes"},"schema":{"@context":"https:\/\/schema.org","@graph":[{"@type":"Article","@id":"https:\/\/digidem-bayern.de\/webinar-ernaehrung-und-demenz\/#article","isPartOf":{"@id":"https:\/\/digidem-bayern.de\/webinar-ernaehrung-und-demenz\/"},"author":{"name":"Michael Zeiler","@id":"\/#\/schema\/person\/92754ad381f49b3c358d1d8d2c4f90b8"},"headline":"Webinar: Ern\u00e4hrung und Demenz","datePublished":"2020-06-05T10:00:00+00:00","dateModified":"2023-05-11T13:21:57+00:00","mainEntityOfPage":{"@id":"https:\/\/digidem-bayern.de\/webinar-ernaehrung-und-demenz\/"},"wordCount":979,"commentCount":0,"publisher":{"@id":"\/#organization"},"image":{"@id":"https:\/\/digidem-bayern.de\/webinar-ernaehrung-und-demenz\/#primaryimage"},"thumbnailUrl":"https:\/\/digidem-bayern.de\/wp-content\/uploads\/2020\/06\/food-3952032_1280.jpg","keywords":["Alzheimer","Demenz","Demenzforschung","digidem","digidem Bayern","Digitales Demenzregister Bayern","Dorothee Volkert","Ern\u00e4hrung","Mangelern\u00e4hrung","Webinar"],"articleSection":["Sciene Watch Live ARCHIV"],"inLanguage":"en-US","potentialAction":[{"@type":"CommentAction","name":"Comment","target":["https:\/\/digidem-bayern.de\/webinar-ernaehrung-und-demenz\/#respond"]}]},{"@type":"WebPage","@id":"https:\/\/digidem-bayern.de\/webinar-ernaehrung-und-demenz\/","url":"https:\/\/digidem-bayern.de\/webinar-ernaehrung-und-demenz\/","name":"Webinar: Ern\u00e4hrung und Demenz - digiDEM Bayern","isPartOf":{"@id":"\/#website"},"primaryImageOfPage":{"@id":"https:\/\/digidem-bayern.de\/webinar-ernaehrung-und-demenz\/#primaryimage"},"image":{"@id":"https:\/\/digidem-bayern.de\/webinar-ernaehrung-und-demenz\/#primaryimage"},"thumbnailUrl":"https:\/\/digidem-bayern.de\/wp-content\/uploads\/2020\/06\/food-3952032_1280.jpg","datePublished":"2020-06-05T10:00:00+00:00","dateModified":"2023-05-11T13:21:57+00:00","description":"Im Webinar \"digiDEM Bayern Science Watch LIVE\" behandeln Wissenschaftler ein Thema aus der Demenzforschung und stehen live f\u00fcr Fragen zur Verf\u00fcgung.","breadcrumb":{"@id":"https:\/\/digidem-bayern.de\/webinar-ernaehrung-und-demenz\/#breadcrumb"},"inLanguage":"en-US","potentialAction":[{"@type":"ReadAction","target":["https:\/\/digidem-bayern.de\/webinar-ernaehrung-und-demenz\/"]}]},{"@type":"ImageObject","inLanguage":"en-US","@id":"https:\/\/digidem-bayern.de\/webinar-ernaehrung-und-demenz\/#primaryimage","url":"https:\/\/digidem-bayern.de\/wp-content\/uploads\/2020\/06\/food-3952032_1280.jpg","contentUrl":"https:\/\/digidem-bayern.de\/wp-content\/uploads\/2020\/06\/food-3952032_1280.jpg","width":1280,"height":853,"caption":"Teller mit Gr\u00fcnkohl und Mettwurst"},{"@type":"BreadcrumbList","@id":"https:\/\/digidem-bayern.de\/webinar-ernaehrung-und-demenz\/#breadcrumb","itemListElement":[{"@type":"ListItem","position":1,"name":"Startseite","item":"https:\/\/digidem-bayern.de\/"},{"@type":"ListItem","position":2,"name":"Webinar: Ern\u00e4hrung und Demenz"}]},{"@type":"WebSite","@id":"\/#website","url":"\/","name":"digiDEM Bavaria","description":"The digital dementia register in Bavaria researches and improves the structure of services for people with dementia and their relatives","publisher":{"@id":"\/#organization"},"potentialAction":[{"@type":"SearchAction","target":{"@type":"EntryPoint","urlTemplate":"\/?s={search_term_string}"},"query-input":{"@type":"PropertyValueSpecification","valueRequired":true,"valueName":"search_term_string"}}],"inLanguage":"en-US"},{"@type":"Organization","@id":"\/#organization","name":"digiDEM Bavaria","url":"\/","logo":{"@type":"ImageObject","inLanguage":"en-US","@id":"\/#\/schema\/logo\/image\/","url":"https:\/\/digidem-bayern.de\/wp-content\/uploads\/2022\/03\/cropped-Allgemeines_digiDEMLOGO-removebg-preview.png","contentUrl":"https:\/\/digidem-bayern.de\/wp-content\/uploads\/2022\/03\/cropped-Allgemeines_digiDEMLOGO-removebg-preview.png","width":612,"height":357,"caption":"digiDEM Bayern"},"image":{"@id":"\/#\/schema\/logo\/image\/"},"sameAs":["https:\/\/www.facebook.com\/digiDEMBayern\/","https:\/\/x.com\/digidem_bayern","https:\/\/www.instagram.com\/digidem.bayern","https:\/\/www.linkedin.com\/company\/digidem-bayern\/"]},{"@type":"Person","@id":"\/#\/schema\/person\/92754ad381f49b3c358d1d8d2c4f90b8","name":"Michael Zeiler","url":"https:\/\/digidem-bayern.de\/en\/author\/michael-zeiler\/"}]}},"uagb_featured_image_src":{"full":["https:\/\/digidem-bayern.de\/wp-content\/uploads\/2020\/06\/food-3952032_1280.jpg",1280,853,false],"thumbnail":["https:\/\/digidem-bayern.de\/wp-content\/uploads\/2020\/06\/food-3952032_1280-80x80.jpg",80,80,true],"medium":["https:\/\/digidem-bayern.de\/wp-content\/uploads\/2020\/06\/food-3952032_1280-300x200.jpg",300,200,true],"medium_large":["https:\/\/digidem-bayern.de\/wp-content\/uploads\/2020\/06\/food-3952032_1280-768x512.jpg",768,512,true],"large":["https:\/\/digidem-bayern.de\/wp-content\/uploads\/2020\/06\/food-3952032_1280-1030x686.jpg",1030,686,true],"1536x1536":["https:\/\/digidem-bayern.de\/wp-content\/uploads\/2020\/06\/food-3952032_1280.jpg",1280,853,false],"2048x2048":["https:\/\/digidem-bayern.de\/wp-content\/uploads\/2020\/06\/food-3952032_1280.jpg",1280,853,false],"trp-custom-language-flag":["https:\/\/digidem-bayern.de\/wp-content\/uploads\/2020\/06\/food-3952032_1280.jpg",18,12,false],"qubely_landscape":["https:\/\/digidem-bayern.de\/wp-content\/uploads\/2020\/06\/food-3952032_1280-1200x750.jpg",1200,750,true],"qubely_portrait":["https:\/\/digidem-bayern.de\/wp-content\/uploads\/2020\/06\/food-3952032_1280-540x320.jpg",540,320,true],"qubely_thumbnail":["https:\/\/digidem-bayern.de\/wp-content\/uploads\/2020\/06\/food-3952032_1280-140x100.jpg",140,100,true],"post-thumbnail":["https:\/\/digidem-bayern.de\/wp-content\/uploads\/2020\/06\/food-3952032_1280-495x330.jpg",495,330,true],"kahuna-featured":["https:\/\/digidem-bayern.de\/wp-content\/uploads\/2020\/06\/food-3952032_1280-495x350.jpg",495,350,true],"kahuna-featured-lp":["https:\/\/digidem-bayern.de\/wp-content\/uploads\/2020\/06\/food-3952032_1280-460x350.jpg",460,350,true],"kahuna-featured-half":["https:\/\/digidem-bayern.de\/wp-content\/uploads\/2020\/06\/food-3952032_1280-800x350.jpg",800,350,true],"kahuna-featured-third":["https:\/\/digidem-bayern.de\/wp-content\/uploads\/2020\/06\/food-3952032_1280-512x350.jpg",512,350,true],"kahuna-lpbox-1":["https:\/\/digidem-bayern.de\/wp-content\/uploads\/2020\/06\/food-3952032_1280-460x350.jpg",394,300,true],"kahuna-lpbox-2":["https:\/\/digidem-bayern.de\/wp-content\/uploads\/2020\/06\/food-3952032_1280-460x350.jpg",460,350,true],"demand-language-flag":["https:\/\/digidem-bayern.de\/wp-content\/uploads\/2020\/06\/food-3952032_1280.jpg",36,24,false],"dddkt-language-flag":["https:\/\/digidem-bayern.de\/wp-content\/uploads\/2020\/06\/food-3952032_1280.jpg",36,24,false],"ddiqc-language-flag":["https:\/\/digidem-bayern.de\/wp-content\/uploads\/2020\/06\/food-3952032_1280.jpg",36,24,false],"ddtl-language-flag":["https:\/\/digidem-bayern.de\/wp-content\/uploads\/2020\/06\/food-3952032_1280.jpg",36,24,false],"mailpoet_newsletter_max":["https:\/\/digidem-bayern.de\/wp-content\/uploads\/2020\/06\/food-3952032_1280.jpg",1280,853,false],"kahuna-lpbox-3":["https:\/\/digidem-bayern.de\/wp-content\/uploads\/2020\/06\/food-3952032_1280-460x350.jpg",460,350,true],"kahuna-featured-square":["https:\/\/digidem-bayern.de\/wp-content\/uploads\/2020\/06\/food-3952032_1280-512x512.jpg",512,512,true],"kahuna-featured-square-large":["https:\/\/digidem-bayern.de\/wp-content\/uploads\/2020\/06\/food-3952032_1280-1024x853.jpg",1024,853,true]},"uagb_author_info":{"display_name":"Michael Zeiler","author_link":"https:\/\/digidem-bayern.de\/en\/author\/michael-zeiler\/"},"uagb_comment_info":4,"uagb_excerpt":"Das Thema unseres Webinars spielt im Alltag von Menschen mit Demenz, pflegenden Angeh\u00f6rigen und professionellen Pflegekr\u00e4ften eine wichtige Rolle: Es geht um \u201eErn\u00e4hrung und Demenz\u201c. Als Expertin konnten wir die Ern\u00e4hrungswissenschaftlerin Frau Prof. Dr. Dorothee Volkert gewinnen. Prof. Dr. Volkert arbeitet am Institut f\u00fcr Biomedizin des Alterns an der Friedrich-Alexander-Universit\u00e4t &hellip;","_links":{"self":[{"href":"https:\/\/digidem-bayern.de\/en\/wp-json\/wp\/v2\/posts\/5591","targetHints":{"allow":["GET"]}}],"collection":[{"href":"https:\/\/digidem-bayern.de\/en\/wp-json\/wp\/v2\/posts"}],"about":[{"href":"https:\/\/digidem-bayern.de\/en\/wp-json\/wp\/v2\/types\/post"}],"author":[{"embeddable":true,"href":"https:\/\/digidem-bayern.de\/en\/wp-json\/wp\/v2\/users\/11"}],"replies":[{"embeddable":true,"href":"https:\/\/digidem-bayern.de\/en\/wp-json\/wp\/v2\/comments?post=5591"}],"version-history":[{"count":4,"href":"https:\/\/digidem-bayern.de\/en\/wp-json\/wp\/v2\/posts\/5591\/revisions"}],"predecessor-version":[{"id":28008,"href":"https:\/\/digidem-bayern.de\/en\/wp-json\/wp\/v2\/posts\/5591\/revisions\/28008"}],"wp:featuredmedia":[{"embeddable":true,"href":"https:\/\/digidem-bayern.de\/en\/wp-json\/wp\/v2\/media\/5601"}],"wp:attachment":[{"href":"https:\/\/digidem-bayern.de\/en\/wp-json\/wp\/v2\/media?parent=5591"}],"wp:term":[{"taxonomy":"category","embeddable":true,"href":"https:\/\/digidem-bayern.de\/en\/wp-json\/wp\/v2\/categories?post=5591"},{"taxonomy":"post_tag","embeddable":true,"href":"https:\/\/digidem-bayern.de\/en\/wp-json\/wp\/v2\/tags?post=5591"}],"curies":[{"name":"wp","href":"https:\/\/api.w.org\/{rel}","templated":true}]}}