{"id":5181,"date":"2020-05-06T10:27:52","date_gmt":"2020-05-06T08:27:52","guid":{"rendered":"https:\/\/digidem-bayern.de\/?p=5181"},"modified":"2024-04-24T11:00:25","modified_gmt":"2024-04-24T09:00:25","slug":"webinar-gesundheitsapps-von-der-idee-in-die-praxis","status":"publish","type":"post","link":"https:\/\/digidem-bayern.de\/en\/webinar-gesundheitsapps-von-der-idee-in-die-praxis\/","title":{"rendered":"Webinar: Gesundheitsapps &#8211; von der Idee in die Praxis"},"content":{"rendered":"<h4 class=\"wp-block-heading\">Es gibt mittlerweile zahlreiche Gesundheitsapps. Doch wie kommen sie \u00fcberhaupt in die Praxis? Welche haben sich bereits bew\u00e4hrt? Dar\u00fcber informiert unser Webinar \u201eScience Watch LIVE\u201c, das Sie sich hier ansehen k\u00f6nnen. <\/h4>\n\n\n\n<figure class=\"wp-block-embed is-type-video is-provider-youtube wp-block-embed-youtube wp-embed-aspect-16-9 wp-has-aspect-ratio\"><div class=\"wp-block-embed__wrapper\">\n<iframe loading=\"lazy\" title=\"Webinar: Gesundheitsapps - von der Idee in die Praxis\" width=\"1223\" height=\"688\" src=\"https:\/\/www.youtube.com\/embed\/0E5-obFJpr0?feature=oembed\" frameborder=\"0\" allow=\"accelerometer; autoplay; clipboard-write; encrypted-media; gyroscope; picture-in-picture\" allowfullscreen><\/iframe>\n<\/div><\/figure>\n\n\n\n<p class=\"has-text-align-center\"><strong>Hier gibt es das Webinar als <a href=\"https:\/\/digidem-bayern.de\/wp-content\/uploads\/2024\/04\/2020-05-06_digiDEM_Webinar_Nr5_Gesundheitsapps_Copyright.pdf\" target=\"_blank\" rel=\"noreferrer noopener\">PDF zum Download<\/a>.<\/strong><\/p>\n\n\n\n<p class=\"has-text-align-center\"><strong>Fragen der Teilnehmer*innen und Antworten des Webinar-Teams:<\/strong><\/p>\n\n\n\n<div class=\"qubely-block-accordion  qubely-block-c37c97\" data-item-toggle=\"true\">\n<div class=\"wp-block-qubely-accordion-item qubely-block-659970\"><div class=\"qubely-accordion-item qubely-type-fill false\"><div class=\"qubely-accordion-panel qubely-icon-position-right\"><span class=\"qubely-accordion-panel-handler\" role=\"button\"><span class=\"qubely-accordion-panel-handler-label\">Kann man einen Vergleich zwischen &#8222;Lumosity&#8220; und &#8222;Neuronation&#8220; ziehen, welches ebenfalls ein kognitives Training am Computer erm\u00f6glicht? Welches Programm w\u00e4re f\u00fcr MCI oder leichte Demenzerkrankungen geeigneter?<\/span><span class=\"qubely-accordion-icon fa fa-plus\"><\/span><\/span><\/div><div class=\"qubely-accordion-body\"><div itemprop=\"text\">\n<p>Die beiden Angebote &#8222;Lumosity&#8220; und &#8222;Neuoronation&#8220; sind sich sehr \u00e4hnlich. Beide Angebote sind auf Basis wissenschaftlicher Erkenntnisse gestaltet. Beide Angebote bieten ein kognitives Training auf Basis von wechselnden Spielen an und enthalten zudem Statistiken, die den eigenen Trainingsfortschritt darstellen und einen Vergleich mit anderen Nutzer*innen erm\u00f6glichen. Teilweise sind in beiden Angeboten auch die gleichen Spiele enthalten. Insofern kann hier nicht gesagt werden, dass eines der beiden Angebote besser f\u00fcr Menschen mit MCI oder leichter Demenz geeignet ist. An dieser Stelle w\u00e4ren weitere Studien notwendig, die sich mit der generellen Eignung der Spiele f\u00fcr Menschen mit kognitiven Einschr\u00e4nkungen befassen.<\/p>\n<\/div><\/div><\/div><\/div>\n\n\n\n<div class=\"wp-block-qubely-accordion-item qubely-block-cb7e6a\"><div class=\"qubely-accordion-item qubely-type-fill false\"><div class=\"qubely-accordion-panel qubely-icon-position-right\"><span class=\"qubely-accordion-panel-handler\" role=\"button\"><span class=\"qubely-accordion-panel-handler-label\">Wie teuer sind solche Apps?<\/span><span class=\"qubely-accordion-icon fa fa-plus\"><\/span><\/span><\/div><div class=\"qubely-accordion-body\"><div itemprop=\"text\">\n<p>Die Kosten f\u00fcr &#8222;Lumosity&#8220; und andere Apps variieren grunds\u00e4tzlich. H\u00e4ufig gibt es eine kostenlose Basis-Version der Apps. F\u00fcr die Freischaltung weiterer Funktionen und \u00dcbungen bestehen oft Premium-Versionen, die die Nutzer*innen abonnieren k\u00f6nnen. Nach unseren Recherchen belaufen sich die Kosten f\u00fcr Abonnements der Premium-Versionen von Apps wie bspw. Neuronation, Lumosity, Memorando oder auch Peak auf ca. 5-8 \u20ac pro Monat. Die monatlichen Preise h\u00e4ngen hierbei meist von der Laufzeit des Abonnements ab. Oftmals besteht auch die M\u00f6glichkeit, ein lebenslanges Abonnement abzuschlie\u00dfen, das dann eine einmalige, dreistellige Zahlung erfordert.<\/p>\n<\/div><\/div><\/div><\/div>\n\n\n\n<div class=\"wp-block-qubely-accordion-item qubely-block-1b5cde\"><div class=\"qubely-accordion-item qubely-type-fill false\"><div class=\"qubely-accordion-panel qubely-icon-position-right\"><span class=\"qubely-accordion-panel-handler\" role=\"button\"><span class=\"qubely-accordion-panel-handler-label\">Ist die App &#8222;Lumosity&#8220; kostenlos?<\/span><span class=\"qubely-accordion-icon fa fa-plus\"><\/span><\/span><\/div><div class=\"qubely-accordion-body\"><div itemprop=\"text\">\n<p>Die App &#8222;Lumosity&#8220; ist in ihrer Basis-Version kostenlos. Dar\u00fcber hinaus gibt es einen kostenpflichtigen Premium-Bereich. Dieser bietet erweitere Spiele und Funktionen. Je nach Typ des Abonnenements (j\u00e4hrlich \/ monatlich \/ Familie) variieren die Kosten. Weitere Informationen k\u00f6nnen Sie auf der Webseite von Lumosity einsehen: <a href=\"https:\/\/help.lumosity.com\/hc\/de\/categories\/200148280-H\u00e4ufig-gestellte-Fragen-FAQ\" target=\"_blank\" rel=\"noreferrer noopener\">https:\/\/help.lumosity.com\/hc\/de\/categories\/200148280-H\u00e4ufig-gestellte-Fragen-FAQ<\/a><\/p>\n<\/div><\/div><\/div><\/div>\n<\/div>\n\n\n\n<h2 class=\"wp-block-heading has-text-align-center\"><strong><strong>Mittwoch, 06.05.2020, 11.00-11.30 Uhr<\/strong><\/strong><\/h2>\n\n\n\n<div class=\"wp-block-group\"><div class=\"wp-block-group__inner-container is-layout-flow wp-block-group-is-layout-flow\"><\/div><\/div>\n\n\n\n<div class=\"wp-block-stackable-columns stk-block-columns stk-block stk-18df85e\" data-block-id=\"18df85e\"><div class=\"stk-row stk-inner-blocks stk-block-content stk-content-align stk-18df85e-column\">\n<div class=\"wp-block-stackable-column stk-block-column stk-column stk-block stk-42858ca\" data-block-id=\"42858ca\"><div class=\"stk-column-wrapper stk-block-column__content stk-container stk-42858ca-container stk--no-background stk--no-padding\"><div class=\"stk-block-content stk-inner-blocks stk-42858ca-inner-blocks\">\n<div class=\"wp-block-uagb-team uagb-team__image-position-above uagb-team__align-center uagb-team__stack-tablet uagb-block-6992a5ad\"><div class=\"uagb-team__content\"><img decoding=\"async\" class=\"uagb-team__image-crop-circle\" src=\"https:\/\/test.digidem-bayern.de\/wp-content\/uploads\/2019\/10\/kristina-holm-e1571142334262-80x80.jpg\" alt=\"\" height=\"120\" width=\"120\" loading=\"lazy\"\/><h3 class=\"uagb-team__title\">Kristina Holm<\/h3><span class=\"uagb-team__prefix\">Wissenschaftliche Mitarbeiterin M. Sc.<\/span><p class=\"uagb-team__desc\">Vortrag und Moderation <\/p><\/div><\/div>\n<\/div><\/div><\/div>\n\n\n\n<div class=\"wp-block-stackable-column stk-block-column stk-column stk-block stk-d1e601d\" data-block-id=\"d1e601d\"><div class=\"stk-column-wrapper stk-block-column__content stk-container stk-d1e601d-container stk--no-background stk--no-padding\"><div class=\"stk-block-content stk-inner-blocks stk-d1e601d-inner-blocks\">\n<div class=\"wp-block-uagb-team uagb-team__image-position-above uagb-team__align-center uagb-team__stack-tablet uagb-block-862b1a8c\"><div class=\"uagb-team__content\"><img decoding=\"async\" class=\"uagb-team__image-crop-circle\" src=\"https:\/\/test.digidem-bayern.de\/wp-content\/uploads\/25_insel_dreier-80x80.jpg\" alt=\"Die digiDEM Bayern-Mitarbeiter Michael Reichold und Nikolas Dietzel (v.l.) und Stephanie H\u00f6r vom Landratsamt Weilheim-Schongau.\" height=\"120\" width=\"120\" loading=\"lazy\"\/><h3 class=\"uagb-team__title\">Nikolas Dietzel<\/h3><span class=\"uagb-team__prefix\">Wissenschaftlicher Mitarbeiter M. A.<\/span><p class=\"uagb-team__desc\">Betreuung Chatroom &amp; Fragen<\/p><\/div><\/div>\n\n\n\n<p><\/p>\n<\/div><\/div><\/div>\n<\/div><\/div>\n\n\n\n<div class=\"wp-block-columns is-layout-flex wp-container-core-columns-is-layout-9d6595d7 wp-block-columns-is-layout-flex\">\n<div class=\"wp-block-column is-layout-flow wp-block-column-is-layout-flow\" style=\"flex-basis:66.66%\">\n<p><\/p>\n<\/div>\n\n\n\n<div class=\"wp-block-column is-layout-flow wp-block-column-is-layout-flow\" style=\"flex-basis:33.33%\">\n<p><\/p>\n<\/div>\n<\/div>\n\n\n\n<div style=\"height:40px\" aria-hidden=\"true\" class=\"wp-block-spacer\"><\/div>\n\n\n\n<p>In unserer vierteiligen Webinarreihe \u201eDigitale Unterst\u00fctzungsangebote bei Demenz\u201c stellten wir im April digitale Angebote f\u00fcr Menschen mit Demenz und pflegende Angeh\u00f6rige aus verschiedenen Anwendungsbereichen vor. Hierbei handelte es sich um Webseiten, Webinare, Foren, Apps und viele weitere Angebote. Jene Angebote lassen sich unter dem Begriff \u201eeHealth-Interventionen\u201c zusammenfassen. Einige dieser eHealth-Interventionen sind in der Praxis angekommen und k\u00f6nnen verwendet werden, einige nicht.<\/p>\n\n\n\n<p>Im Webinar \u201eGesundheitsapps \u2013 von der Idee in die Praxis\u201c erfahren Sie:<\/p>\n\n\n\n<ul class=\"wp-block-list\">\n<li>Was sind eHealth-Interventionen?<\/li>\n\n\n\n<li>Welche Faktoren f\u00f6rdern die praktische Umsetzung und welche hemmen sie?<\/li>\n\n\n\n<li>Welche Apps haben den Sprung geschafft und sich in der Praxis bew\u00e4hrt?<\/li>\n<\/ul>\n\n\n\n<div style=\"height:30px\" aria-hidden=\"true\" class=\"wp-block-spacer\"><\/div>\n\n\n\n<p>Mit der Webinar-Reihe &#8222;Science Watch LIVE&#8220; bieten wir einen zus\u00e4tzlichen Service zu unserem monatlichen Newsletter <a href=\"https:\/\/test.digidem-bayern.de\/newsletter\/\">digiDEM Bayern Science Watch<\/a>, in dem wir wissenschaftliche Erkenntnisse aus der Demenzforschung bereitstellen.  &nbsp;<\/p>\n\n\n\n<p>Vor dem Hintergrund massenhaft verbreiteter Halbwahrheiten und Fake News, aktuell zum Beispiel \u00fcber das neue Corona-Virus, ist gerade jetzt evidenzbasierte Wissenschaft gefragt. Es ist wichtiger denn je, wissenschaftliche Erkenntnisse so zu vermitteln, dass sie f\u00fcr die Gesellschaft verst\u00e4ndlich sind und ein Austausch dar\u00fcber gef\u00f6rdert wird. Dazu m\u00f6chten wir als digiDEM Bayern-Projektteam beitragen, jetzt auch mit <strong><em>digiDEM Bayern Science Wach LIVE<\/em><\/strong>.<\/p>","protected":false},"excerpt":{"rendered":"<p>Es gibt mittlerweile zahlreiche Gesundheitsapps. Doch wie kommen sie \u00fcberhaupt in die Praxis? Welche haben sich bereits bew\u00e4hrt? Dar\u00fcber informiert unser Webinar \u201eScience Watch LIVE\u201c, das Sie sich hier ansehen k\u00f6nnen. Hier gibt es das Webinar als PDF zum Download. Fragen der Teilnehmer*innen und Antworten des Webinar-Teams: Mittwoch, 06.05.2020, 11.00-11.30 &hellip;<\/p>","protected":false},"author":11,"featured_media":5092,"comment_status":"open","ping_status":"closed","sticky":false,"template":"","format":"standard","meta":{"qubely_global_settings":"true","qubely_interactions":"","_uag_custom_page_level_css":"","footnotes":""},"categories":[123],"tags":[13,12,95,14,17,55,20,93,94],"class_list":["post-5181","post","type-post","status-publish","format-standard","has-post-thumbnail","hentry","category-sciene-watch-live-archiv","tag-alzheimer","tag-demenz-2","tag-demenzforschung","tag-digidem","tag-digidem-bayern","tag-digitales-demenzregister-bayern","tag-digitalisierung","tag-pflegende-angehoerige","tag-webinar"],"qubely_featured_image_url":{"full":["https:\/\/digidem-bayern.de\/wp-content\/uploads\/2020\/04\/app-1013616_1280.jpg",1280,880,false],"landscape":["https:\/\/digidem-bayern.de\/wp-content\/uploads\/2020\/04\/app-1013616_1280-1200x750.jpg",1200,750,true],"portraits":["https:\/\/digidem-bayern.de\/wp-content\/uploads\/2020\/04\/app-1013616_1280-540x320.jpg",540,320,true],"thumbnail":["https:\/\/digidem-bayern.de\/wp-content\/uploads\/2020\/04\/app-1013616_1280-80x80.jpg",80,80,true],"medium":["https:\/\/digidem-bayern.de\/wp-content\/uploads\/2020\/04\/app-1013616_1280-300x206.jpg",300,206,true],"medium_large":["https:\/\/digidem-bayern.de\/wp-content\/uploads\/2020\/04\/app-1013616_1280-768x528.jpg",768,528,true],"large":["https:\/\/digidem-bayern.de\/wp-content\/uploads\/2020\/04\/app-1013616_1280-1030x708.jpg",1030,708,true],"1536x1536":["https:\/\/digidem-bayern.de\/wp-content\/uploads\/2020\/04\/app-1013616_1280.jpg",1280,880,false],"2048x2048":["https:\/\/digidem-bayern.de\/wp-content\/uploads\/2020\/04\/app-1013616_1280.jpg",1280,880,false],"trp-custom-language-flag":["https:\/\/digidem-bayern.de\/wp-content\/uploads\/2020\/04\/app-1013616_1280.jpg",18,12,false],"qubely_landscape":["https:\/\/digidem-bayern.de\/wp-content\/uploads\/2020\/04\/app-1013616_1280-1200x750.jpg",1200,750,true],"qubely_portrait":["https:\/\/digidem-bayern.de\/wp-content\/uploads\/2020\/04\/app-1013616_1280-540x320.jpg",540,320,true],"qubely_thumbnail":["https:\/\/digidem-bayern.de\/wp-content\/uploads\/2020\/04\/app-1013616_1280-140x100.jpg",140,100,true],"post-thumbnail":["https:\/\/digidem-bayern.de\/wp-content\/uploads\/2020\/04\/app-1013616_1280-495x340.jpg",495,340,true],"kahuna-featured":["https:\/\/digidem-bayern.de\/wp-content\/uploads\/2020\/04\/app-1013616_1280-495x350.jpg",495,350,true],"kahuna-featured-lp":["https:\/\/digidem-bayern.de\/wp-content\/uploads\/2020\/04\/app-1013616_1280-460x350.jpg",460,350,true],"kahuna-featured-half":["https:\/\/digidem-bayern.de\/wp-content\/uploads\/2020\/04\/app-1013616_1280-800x350.jpg",800,350,true],"kahuna-featured-third":["https:\/\/digidem-bayern.de\/wp-content\/uploads\/2020\/04\/app-1013616_1280-512x350.jpg",512,350,true],"kahuna-lpbox-1":["https:\/\/digidem-bayern.de\/wp-content\/uploads\/2020\/04\/app-1013616_1280-460x350.jpg",394,300,true],"kahuna-lpbox-2":["https:\/\/digidem-bayern.de\/wp-content\/uploads\/2020\/04\/app-1013616_1280-460x350.jpg",460,350,true],"demand-language-flag":["https:\/\/digidem-bayern.de\/wp-content\/uploads\/2020\/04\/app-1013616_1280.jpg",36,25,false],"dddkt-language-flag":["https:\/\/digidem-bayern.de\/wp-content\/uploads\/2020\/04\/app-1013616_1280.jpg",36,25,false],"ddiqc-language-flag":["https:\/\/digidem-bayern.de\/wp-content\/uploads\/2020\/04\/app-1013616_1280.jpg",36,25,false],"ddtl-language-flag":["https:\/\/digidem-bayern.de\/wp-content\/uploads\/2020\/04\/app-1013616_1280.jpg",36,25,false],"mailpoet_newsletter_max":["https:\/\/digidem-bayern.de\/wp-content\/uploads\/2020\/04\/app-1013616_1280.jpg",1280,880,false],"kahuna-lpbox-3":["https:\/\/digidem-bayern.de\/wp-content\/uploads\/2020\/04\/app-1013616_1280-460x350.jpg",460,350,true],"kahuna-featured-square":["https:\/\/digidem-bayern.de\/wp-content\/uploads\/2020\/04\/app-1013616_1280-512x512.jpg",512,512,true],"kahuna-featured-square-large":["https:\/\/digidem-bayern.de\/wp-content\/uploads\/2020\/04\/app-1013616_1280-1024x880.jpg",1024,880,true]},"qubely_author":{"display_name":"Michael Zeiler","author_link":"https:\/\/digidem-bayern.de\/en\/author\/michael-zeiler\/"},"qubely_comment":0,"qubely_category":"<a href=\"https:\/\/digidem-bayern.de\/en\/category\/sciene-watch-live-archiv\/\" rel=\"category tag\">Sciene Watch Live ARCHIV<\/a>","qubely_excerpt":"Es gibt mittlerweile zahlreiche Gesundheitsapps. Doch wie kommen sie \u00fcberhaupt in die Praxis? Welche haben sich bereits bew\u00e4hrt? Dar\u00fcber informiert unser Webinar \u201eScience Watch LIVE\u201c, das Sie sich hier ansehen k\u00f6nnen. Hier gibt es das Webinar als PDF zum Download. Fragen der Teilnehmer*innen und Antworten des Webinar-Teams: Mittwoch, 06.05.2020, 11.00-11.30 &hellip;","featured_image_urls_v2":{"full":["https:\/\/digidem-bayern.de\/wp-content\/uploads\/2020\/04\/app-1013616_1280.jpg",1280,880,false],"thumbnail":["https:\/\/digidem-bayern.de\/wp-content\/uploads\/2020\/04\/app-1013616_1280-80x80.jpg",80,80,true],"medium":["https:\/\/digidem-bayern.de\/wp-content\/uploads\/2020\/04\/app-1013616_1280-300x206.jpg",300,206,true],"medium_large":["https:\/\/digidem-bayern.de\/wp-content\/uploads\/2020\/04\/app-1013616_1280-768x528.jpg",768,528,true],"large":["https:\/\/digidem-bayern.de\/wp-content\/uploads\/2020\/04\/app-1013616_1280-1030x708.jpg",1030,708,true],"1536x1536":["https:\/\/digidem-bayern.de\/wp-content\/uploads\/2020\/04\/app-1013616_1280.jpg",1280,880,false],"2048x2048":["https:\/\/digidem-bayern.de\/wp-content\/uploads\/2020\/04\/app-1013616_1280.jpg",1280,880,false],"trp-custom-language-flag":["https:\/\/digidem-bayern.de\/wp-content\/uploads\/2020\/04\/app-1013616_1280.jpg",18,12,false],"qubely_landscape":["https:\/\/digidem-bayern.de\/wp-content\/uploads\/2020\/04\/app-1013616_1280-1200x750.jpg",1200,750,true],"qubely_portrait":["https:\/\/digidem-bayern.de\/wp-content\/uploads\/2020\/04\/app-1013616_1280-540x320.jpg",540,320,true],"qubely_thumbnail":["https:\/\/digidem-bayern.de\/wp-content\/uploads\/2020\/04\/app-1013616_1280-140x100.jpg",140,100,true],"post-thumbnail":["https:\/\/digidem-bayern.de\/wp-content\/uploads\/2020\/04\/app-1013616_1280-495x340.jpg",495,340,true],"kahuna-featured":["https:\/\/digidem-bayern.de\/wp-content\/uploads\/2020\/04\/app-1013616_1280-495x350.jpg",495,350,true],"kahuna-featured-lp":["https:\/\/digidem-bayern.de\/wp-content\/uploads\/2020\/04\/app-1013616_1280-460x350.jpg",460,350,true],"kahuna-featured-half":["https:\/\/digidem-bayern.de\/wp-content\/uploads\/2020\/04\/app-1013616_1280-800x350.jpg",800,350,true],"kahuna-featured-third":["https:\/\/digidem-bayern.de\/wp-content\/uploads\/2020\/04\/app-1013616_1280-512x350.jpg",512,350,true],"kahuna-lpbox-1":["https:\/\/digidem-bayern.de\/wp-content\/uploads\/2020\/04\/app-1013616_1280-460x350.jpg",394,300,true],"kahuna-lpbox-2":["https:\/\/digidem-bayern.de\/wp-content\/uploads\/2020\/04\/app-1013616_1280-460x350.jpg",460,350,true],"demand-language-flag":["https:\/\/digidem-bayern.de\/wp-content\/uploads\/2020\/04\/app-1013616_1280.jpg",36,25,false],"dddkt-language-flag":["https:\/\/digidem-bayern.de\/wp-content\/uploads\/2020\/04\/app-1013616_1280.jpg",36,25,false],"ddiqc-language-flag":["https:\/\/digidem-bayern.de\/wp-content\/uploads\/2020\/04\/app-1013616_1280.jpg",36,25,false],"ddtl-language-flag":["https:\/\/digidem-bayern.de\/wp-content\/uploads\/2020\/04\/app-1013616_1280.jpg",36,25,false],"mailpoet_newsletter_max":["https:\/\/digidem-bayern.de\/wp-content\/uploads\/2020\/04\/app-1013616_1280.jpg",1280,880,false],"kahuna-lpbox-3":["https:\/\/digidem-bayern.de\/wp-content\/uploads\/2020\/04\/app-1013616_1280-460x350.jpg",460,350,true],"kahuna-featured-square":["https:\/\/digidem-bayern.de\/wp-content\/uploads\/2020\/04\/app-1013616_1280-512x512.jpg",512,512,true],"kahuna-featured-square-large":["https:\/\/digidem-bayern.de\/wp-content\/uploads\/2020\/04\/app-1013616_1280-1024x880.jpg",1024,880,true]},"post_excerpt_stackable_v2":"<p>Es gibt mittlerweile zahlreiche Gesundheitsapps. Doch wie kommen sie \u00fcberhaupt in die Praxis? Welche haben sich bereits bew\u00e4hrt? Dar\u00fcber informiert unser Webinar \u201eScience Watch LIVE\u201c, das Sie sich hier ansehen k\u00f6nnen. Hier gibt es das Webinar als PDF zum Download. Fragen der Teilnehmer*innen und Antworten des Webinar-Teams: Kann man einen Vergleich zwischen &#8222;Lumosity&#8220; und &#8222;Neuronation&#8220; ziehen, welches ebenfalls ein kognitives Training am Computer erm\u00f6glicht? Welches Programm w\u00e4re f\u00fcr MCI oder leichte Demenzerkrankungen geeigneter? Die beiden Angebote &#8222;Lumosity&#8220; und &#8222;Neuoronation&#8220; sind sich sehr \u00e4hnlich. Beide Angebote sind auf Basis wissenschaftlicher Erkenntnisse gestaltet. Beide Angebote bieten ein kognitives Training auf Basis von&hellip;<\/p>\n","category_list_v2":"<a href=\"https:\/\/digidem-bayern.de\/en\/category\/sciene-watch-live-archiv\/\" rel=\"category tag\">Sciene Watch Live ARCHIV<\/a>","author_info_v2":{"name":"Michael Zeiler","url":"https:\/\/digidem-bayern.de\/en\/author\/michael-zeiler\/"},"comments_num_v2":"0 comments","yoast_head":"<!-- This site is optimized with the Yoast SEO plugin v27.4 - https:\/\/yoast.com\/product\/yoast-seo-wordpress\/ -->\n<title>Webinar: Gesundheitsapps - von der Idee in die Praxis - digiDEM Bayern<\/title>\n<meta name=\"description\" content=\"Im Webinar &quot;digiDEM Bayern Science Watch LIVE&quot; behandeln Wissenschaftler ein Thema aus der Demenzforschung und stehen live f\u00fcr Fragen zur Verf\u00fcgung.\" \/>\n<meta name=\"robots\" content=\"index, follow, max-snippet:-1, max-image-preview:large, max-video-preview:-1\" \/>\n<link rel=\"canonical\" href=\"https:\/\/digidem-bayern.de\/en\/webinar-gesundheitsapps-von-der-idee-in-die-praxis\/\" \/>\n<meta property=\"og:locale\" content=\"en_US\" \/>\n<meta property=\"og:type\" content=\"article\" \/>\n<meta property=\"og:title\" content=\"Webinar: Gesundheitsapps - von der Idee in die Praxis - digiDEM Bayern\" \/>\n<meta property=\"og:description\" content=\"Im Webinar &quot;digiDEM Bayern Science Watch LIVE&quot; behandeln Wissenschaftler ein Thema aus der Demenzforschung und stehen live f\u00fcr Fragen zur Verf\u00fcgung.\" \/>\n<meta property=\"og:url\" content=\"https:\/\/digidem-bayern.de\/en\/webinar-gesundheitsapps-von-der-idee-in-die-praxis\/\" \/>\n<meta property=\"og:site_name\" content=\"digiDEM Bayern\" \/>\n<meta property=\"article:publisher\" content=\"https:\/\/www.facebook.com\/digiDEMBayern\/\" \/>\n<meta property=\"article:published_time\" content=\"2020-05-06T08:27:52+00:00\" \/>\n<meta property=\"article:modified_time\" content=\"2024-04-24T09:00:25+00:00\" \/>\n<meta property=\"og:image\" content=\"https:\/\/digidem-bayern.de\/wp-content\/uploads\/2020\/04\/app-1013616_1280.jpg\" \/>\n\t<meta property=\"og:image:width\" content=\"1280\" \/>\n\t<meta property=\"og:image:height\" content=\"880\" \/>\n\t<meta property=\"og:image:type\" content=\"image\/jpeg\" \/>\n<meta name=\"author\" content=\"Michael Zeiler\" \/>\n<meta name=\"twitter:label1\" content=\"Written by\" \/>\n\t<meta name=\"twitter:data1\" content=\"Michael Zeiler\" \/>\n\t<meta name=\"twitter:label2\" content=\"Est. reading time\" \/>\n\t<meta name=\"twitter:data2\" content=\"3 minutes\" \/>\n<script type=\"application\/ld+json\" class=\"yoast-schema-graph\">{\"@context\":\"https:\\\/\\\/schema.org\",\"@graph\":[{\"@type\":\"Article\",\"@id\":\"https:\\\/\\\/digidem-bayern.de\\\/webinar-gesundheitsapps-von-der-idee-in-die-praxis\\\/#article\",\"isPartOf\":{\"@id\":\"https:\\\/\\\/digidem-bayern.de\\\/webinar-gesundheitsapps-von-der-idee-in-die-praxis\\\/\"},\"author\":{\"name\":\"Michael Zeiler\",\"@id\":\"\\\/#\\\/schema\\\/person\\\/92754ad381f49b3c358d1d8d2c4f90b8\"},\"headline\":\"Webinar: Gesundheitsapps &#8211; von der Idee in die Praxis\",\"datePublished\":\"2020-05-06T08:27:52+00:00\",\"dateModified\":\"2024-04-24T09:00:25+00:00\",\"mainEntityOfPage\":{\"@id\":\"https:\\\/\\\/digidem-bayern.de\\\/webinar-gesundheitsapps-von-der-idee-in-die-praxis\\\/\"},\"wordCount\":578,\"commentCount\":0,\"publisher\":{\"@id\":\"\\\/#organization\"},\"image\":{\"@id\":\"https:\\\/\\\/digidem-bayern.de\\\/webinar-gesundheitsapps-von-der-idee-in-die-praxis\\\/#primaryimage\"},\"thumbnailUrl\":\"https:\\\/\\\/digidem-bayern.de\\\/wp-content\\\/uploads\\\/2020\\\/04\\\/app-1013616_1280.jpg\",\"keywords\":[\"Alzheimer\",\"Demenz\",\"Demenzforschung\",\"digidem\",\"digidem Bayern\",\"Digitales Demenzregister Bayern\",\"Digitalisierung\",\"pflegende Angeh\u00f6rige\",\"Webinar\"],\"articleSection\":[\"Sciene Watch Live ARCHIV\"],\"inLanguage\":\"en-US\",\"potentialAction\":[{\"@type\":\"CommentAction\",\"name\":\"Comment\",\"target\":[\"https:\\\/\\\/digidem-bayern.de\\\/webinar-gesundheitsapps-von-der-idee-in-die-praxis\\\/#respond\"]}]},{\"@type\":\"WebPage\",\"@id\":\"https:\\\/\\\/digidem-bayern.de\\\/webinar-gesundheitsapps-von-der-idee-in-die-praxis\\\/\",\"url\":\"https:\\\/\\\/digidem-bayern.de\\\/webinar-gesundheitsapps-von-der-idee-in-die-praxis\\\/\",\"name\":\"Webinar: Gesundheitsapps - von der Idee in die Praxis - digiDEM Bayern\",\"isPartOf\":{\"@id\":\"\\\/#website\"},\"primaryImageOfPage\":{\"@id\":\"https:\\\/\\\/digidem-bayern.de\\\/webinar-gesundheitsapps-von-der-idee-in-die-praxis\\\/#primaryimage\"},\"image\":{\"@id\":\"https:\\\/\\\/digidem-bayern.de\\\/webinar-gesundheitsapps-von-der-idee-in-die-praxis\\\/#primaryimage\"},\"thumbnailUrl\":\"https:\\\/\\\/digidem-bayern.de\\\/wp-content\\\/uploads\\\/2020\\\/04\\\/app-1013616_1280.jpg\",\"datePublished\":\"2020-05-06T08:27:52+00:00\",\"dateModified\":\"2024-04-24T09:00:25+00:00\",\"description\":\"Im Webinar \\\"digiDEM Bayern Science Watch LIVE\\\" behandeln Wissenschaftler ein Thema aus der Demenzforschung und stehen live f\u00fcr Fragen zur Verf\u00fcgung.\",\"breadcrumb\":{\"@id\":\"https:\\\/\\\/digidem-bayern.de\\\/webinar-gesundheitsapps-von-der-idee-in-die-praxis\\\/#breadcrumb\"},\"inLanguage\":\"en-US\",\"potentialAction\":[{\"@type\":\"ReadAction\",\"target\":[\"https:\\\/\\\/digidem-bayern.de\\\/webinar-gesundheitsapps-von-der-idee-in-die-praxis\\\/\"]}]},{\"@type\":\"ImageObject\",\"inLanguage\":\"en-US\",\"@id\":\"https:\\\/\\\/digidem-bayern.de\\\/webinar-gesundheitsapps-von-der-idee-in-die-praxis\\\/#primaryimage\",\"url\":\"https:\\\/\\\/digidem-bayern.de\\\/wp-content\\\/uploads\\\/2020\\\/04\\\/app-1013616_1280.jpg\",\"contentUrl\":\"https:\\\/\\\/digidem-bayern.de\\\/wp-content\\\/uploads\\\/2020\\\/04\\\/app-1013616_1280.jpg\",\"width\":1280,\"height\":880},{\"@type\":\"BreadcrumbList\",\"@id\":\"https:\\\/\\\/digidem-bayern.de\\\/webinar-gesundheitsapps-von-der-idee-in-die-praxis\\\/#breadcrumb\",\"itemListElement\":[{\"@type\":\"ListItem\",\"position\":1,\"name\":\"Startseite\",\"item\":\"https:\\\/\\\/digidem-bayern.de\\\/\"},{\"@type\":\"ListItem\",\"position\":2,\"name\":\"Webinar: Gesundheitsapps &#8211; von der Idee in die Praxis\"}]},{\"@type\":\"WebSite\",\"@id\":\"\\\/#website\",\"url\":\"\\\/\",\"name\":\"digiDEM Bayern\",\"description\":\"Das digitale Demenzregister Bayern erforscht und verbessert die Angebotsstuktur f\u00fcr Menschen mit Demenz und deren Angeh\u00f6rige\",\"publisher\":{\"@id\":\"\\\/#organization\"},\"potentialAction\":[{\"@type\":\"SearchAction\",\"target\":{\"@type\":\"EntryPoint\",\"urlTemplate\":\"\\\/?s={search_term_string}\"},\"query-input\":{\"@type\":\"PropertyValueSpecification\",\"valueRequired\":true,\"valueName\":\"search_term_string\"}}],\"inLanguage\":\"en-US\"},{\"@type\":\"Organization\",\"@id\":\"\\\/#organization\",\"name\":\"digiDEM Bayern\",\"url\":\"\\\/\",\"logo\":{\"@type\":\"ImageObject\",\"inLanguage\":\"en-US\",\"@id\":\"\\\/#\\\/schema\\\/logo\\\/image\\\/\",\"url\":\"https:\\\/\\\/digidem-bayern.de\\\/wp-content\\\/uploads\\\/2022\\\/03\\\/cropped-Allgemeines_digiDEMLOGO-removebg-preview.png\",\"contentUrl\":\"https:\\\/\\\/digidem-bayern.de\\\/wp-content\\\/uploads\\\/2022\\\/03\\\/cropped-Allgemeines_digiDEMLOGO-removebg-preview.png\",\"width\":612,\"height\":357,\"caption\":\"digiDEM Bayern\"},\"image\":{\"@id\":\"\\\/#\\\/schema\\\/logo\\\/image\\\/\"},\"sameAs\":[\"https:\\\/\\\/www.facebook.com\\\/digiDEMBayern\\\/\",\"https:\\\/\\\/x.com\\\/digidem_bayern\",\"https:\\\/\\\/www.instagram.com\\\/digidem.bayern\",\"https:\\\/\\\/www.linkedin.com\\\/company\\\/digidem-bayern\\\/\"]},{\"@type\":\"Person\",\"@id\":\"\\\/#\\\/schema\\\/person\\\/92754ad381f49b3c358d1d8d2c4f90b8\",\"name\":\"Michael Zeiler\",\"url\":\"https:\\\/\\\/digidem-bayern.de\\\/en\\\/author\\\/michael-zeiler\\\/\"}]}<\/script>\n<!-- \/ Yoast SEO plugin. -->","yoast_head_json":{"title":"Webinar: Gesundheitsapps - von der Idee in die Praxis - digiDEM Bayern","description":"Im Webinar \"digiDEM Bayern Science Watch LIVE\" behandeln Wissenschaftler ein Thema aus der Demenzforschung und stehen live f\u00fcr Fragen zur Verf\u00fcgung.","robots":{"index":"index","follow":"follow","max-snippet":"max-snippet:-1","max-image-preview":"max-image-preview:large","max-video-preview":"max-video-preview:-1"},"canonical":"https:\/\/digidem-bayern.de\/en\/webinar-gesundheitsapps-von-der-idee-in-die-praxis\/","og_locale":"en_US","og_type":"article","og_title":"Webinar: Gesundheitsapps - von der Idee in die Praxis - digiDEM Bayern","og_description":"Im Webinar \"digiDEM Bayern Science Watch LIVE\" behandeln Wissenschaftler ein Thema aus der Demenzforschung und stehen live f\u00fcr Fragen zur Verf\u00fcgung.","og_url":"https:\/\/digidem-bayern.de\/en\/webinar-gesundheitsapps-von-der-idee-in-die-praxis\/","og_site_name":"digiDEM Bayern","article_publisher":"https:\/\/www.facebook.com\/digiDEMBayern\/","article_published_time":"2020-05-06T08:27:52+00:00","article_modified_time":"2024-04-24T09:00:25+00:00","og_image":[{"width":1280,"height":880,"url":"https:\/\/digidem-bayern.de\/wp-content\/uploads\/2020\/04\/app-1013616_1280.jpg","type":"image\/jpeg"}],"author":"Michael Zeiler","twitter_misc":{"Written by":"Michael Zeiler","Est. reading time":"3 minutes"},"schema":{"@context":"https:\/\/schema.org","@graph":[{"@type":"Article","@id":"https:\/\/digidem-bayern.de\/webinar-gesundheitsapps-von-der-idee-in-die-praxis\/#article","isPartOf":{"@id":"https:\/\/digidem-bayern.de\/webinar-gesundheitsapps-von-der-idee-in-die-praxis\/"},"author":{"name":"Michael Zeiler","@id":"\/#\/schema\/person\/92754ad381f49b3c358d1d8d2c4f90b8"},"headline":"Webinar: Gesundheitsapps &#8211; von der Idee in die Praxis","datePublished":"2020-05-06T08:27:52+00:00","dateModified":"2024-04-24T09:00:25+00:00","mainEntityOfPage":{"@id":"https:\/\/digidem-bayern.de\/webinar-gesundheitsapps-von-der-idee-in-die-praxis\/"},"wordCount":578,"commentCount":0,"publisher":{"@id":"\/#organization"},"image":{"@id":"https:\/\/digidem-bayern.de\/webinar-gesundheitsapps-von-der-idee-in-die-praxis\/#primaryimage"},"thumbnailUrl":"https:\/\/digidem-bayern.de\/wp-content\/uploads\/2020\/04\/app-1013616_1280.jpg","keywords":["Alzheimer","Demenz","Demenzforschung","digidem","digidem Bayern","Digitales Demenzregister Bayern","Digitalisierung","pflegende Angeh\u00f6rige","Webinar"],"articleSection":["Sciene Watch Live ARCHIV"],"inLanguage":"en-US","potentialAction":[{"@type":"CommentAction","name":"Comment","target":["https:\/\/digidem-bayern.de\/webinar-gesundheitsapps-von-der-idee-in-die-praxis\/#respond"]}]},{"@type":"WebPage","@id":"https:\/\/digidem-bayern.de\/webinar-gesundheitsapps-von-der-idee-in-die-praxis\/","url":"https:\/\/digidem-bayern.de\/webinar-gesundheitsapps-von-der-idee-in-die-praxis\/","name":"Webinar: Gesundheitsapps - von der Idee in die Praxis - digiDEM Bayern","isPartOf":{"@id":"\/#website"},"primaryImageOfPage":{"@id":"https:\/\/digidem-bayern.de\/webinar-gesundheitsapps-von-der-idee-in-die-praxis\/#primaryimage"},"image":{"@id":"https:\/\/digidem-bayern.de\/webinar-gesundheitsapps-von-der-idee-in-die-praxis\/#primaryimage"},"thumbnailUrl":"https:\/\/digidem-bayern.de\/wp-content\/uploads\/2020\/04\/app-1013616_1280.jpg","datePublished":"2020-05-06T08:27:52+00:00","dateModified":"2024-04-24T09:00:25+00:00","description":"Im Webinar \"digiDEM Bayern Science Watch LIVE\" behandeln Wissenschaftler ein Thema aus der Demenzforschung und stehen live f\u00fcr Fragen zur Verf\u00fcgung.","breadcrumb":{"@id":"https:\/\/digidem-bayern.de\/webinar-gesundheitsapps-von-der-idee-in-die-praxis\/#breadcrumb"},"inLanguage":"en-US","potentialAction":[{"@type":"ReadAction","target":["https:\/\/digidem-bayern.de\/webinar-gesundheitsapps-von-der-idee-in-die-praxis\/"]}]},{"@type":"ImageObject","inLanguage":"en-US","@id":"https:\/\/digidem-bayern.de\/webinar-gesundheitsapps-von-der-idee-in-die-praxis\/#primaryimage","url":"https:\/\/digidem-bayern.de\/wp-content\/uploads\/2020\/04\/app-1013616_1280.jpg","contentUrl":"https:\/\/digidem-bayern.de\/wp-content\/uploads\/2020\/04\/app-1013616_1280.jpg","width":1280,"height":880},{"@type":"BreadcrumbList","@id":"https:\/\/digidem-bayern.de\/webinar-gesundheitsapps-von-der-idee-in-die-praxis\/#breadcrumb","itemListElement":[{"@type":"ListItem","position":1,"name":"Startseite","item":"https:\/\/digidem-bayern.de\/"},{"@type":"ListItem","position":2,"name":"Webinar: Gesundheitsapps &#8211; von der Idee in die Praxis"}]},{"@type":"WebSite","@id":"\/#website","url":"\/","name":"digiDEM Bavaria","description":"The digital dementia register in Bavaria researches and improves the structure of services for people with dementia and their relatives","publisher":{"@id":"\/#organization"},"potentialAction":[{"@type":"SearchAction","target":{"@type":"EntryPoint","urlTemplate":"\/?s={search_term_string}"},"query-input":{"@type":"PropertyValueSpecification","valueRequired":true,"valueName":"search_term_string"}}],"inLanguage":"en-US"},{"@type":"Organization","@id":"\/#organization","name":"digiDEM Bavaria","url":"\/","logo":{"@type":"ImageObject","inLanguage":"en-US","@id":"\/#\/schema\/logo\/image\/","url":"https:\/\/digidem-bayern.de\/wp-content\/uploads\/2022\/03\/cropped-Allgemeines_digiDEMLOGO-removebg-preview.png","contentUrl":"https:\/\/digidem-bayern.de\/wp-content\/uploads\/2022\/03\/cropped-Allgemeines_digiDEMLOGO-removebg-preview.png","width":612,"height":357,"caption":"digiDEM Bayern"},"image":{"@id":"\/#\/schema\/logo\/image\/"},"sameAs":["https:\/\/www.facebook.com\/digiDEMBayern\/","https:\/\/x.com\/digidem_bayern","https:\/\/www.instagram.com\/digidem.bayern","https:\/\/www.linkedin.com\/company\/digidem-bayern\/"]},{"@type":"Person","@id":"\/#\/schema\/person\/92754ad381f49b3c358d1d8d2c4f90b8","name":"Michael Zeiler","url":"https:\/\/digidem-bayern.de\/en\/author\/michael-zeiler\/"}]}},"uagb_featured_image_src":{"full":["https:\/\/digidem-bayern.de\/wp-content\/uploads\/2020\/04\/app-1013616_1280.jpg",1280,880,false],"thumbnail":["https:\/\/digidem-bayern.de\/wp-content\/uploads\/2020\/04\/app-1013616_1280-80x80.jpg",80,80,true],"medium":["https:\/\/digidem-bayern.de\/wp-content\/uploads\/2020\/04\/app-1013616_1280-300x206.jpg",300,206,true],"medium_large":["https:\/\/digidem-bayern.de\/wp-content\/uploads\/2020\/04\/app-1013616_1280-768x528.jpg",768,528,true],"large":["https:\/\/digidem-bayern.de\/wp-content\/uploads\/2020\/04\/app-1013616_1280-1030x708.jpg",1030,708,true],"1536x1536":["https:\/\/digidem-bayern.de\/wp-content\/uploads\/2020\/04\/app-1013616_1280.jpg",1280,880,false],"2048x2048":["https:\/\/digidem-bayern.de\/wp-content\/uploads\/2020\/04\/app-1013616_1280.jpg",1280,880,false],"trp-custom-language-flag":["https:\/\/digidem-bayern.de\/wp-content\/uploads\/2020\/04\/app-1013616_1280.jpg",18,12,false],"qubely_landscape":["https:\/\/digidem-bayern.de\/wp-content\/uploads\/2020\/04\/app-1013616_1280-1200x750.jpg",1200,750,true],"qubely_portrait":["https:\/\/digidem-bayern.de\/wp-content\/uploads\/2020\/04\/app-1013616_1280-540x320.jpg",540,320,true],"qubely_thumbnail":["https:\/\/digidem-bayern.de\/wp-content\/uploads\/2020\/04\/app-1013616_1280-140x100.jpg",140,100,true],"post-thumbnail":["https:\/\/digidem-bayern.de\/wp-content\/uploads\/2020\/04\/app-1013616_1280-495x340.jpg",495,340,true],"kahuna-featured":["https:\/\/digidem-bayern.de\/wp-content\/uploads\/2020\/04\/app-1013616_1280-495x350.jpg",495,350,true],"kahuna-featured-lp":["https:\/\/digidem-bayern.de\/wp-content\/uploads\/2020\/04\/app-1013616_1280-460x350.jpg",460,350,true],"kahuna-featured-half":["https:\/\/digidem-bayern.de\/wp-content\/uploads\/2020\/04\/app-1013616_1280-800x350.jpg",800,350,true],"kahuna-featured-third":["https:\/\/digidem-bayern.de\/wp-content\/uploads\/2020\/04\/app-1013616_1280-512x350.jpg",512,350,true],"kahuna-lpbox-1":["https:\/\/digidem-bayern.de\/wp-content\/uploads\/2020\/04\/app-1013616_1280-460x350.jpg",394,300,true],"kahuna-lpbox-2":["https:\/\/digidem-bayern.de\/wp-content\/uploads\/2020\/04\/app-1013616_1280-460x350.jpg",460,350,true],"demand-language-flag":["https:\/\/digidem-bayern.de\/wp-content\/uploads\/2020\/04\/app-1013616_1280.jpg",36,25,false],"dddkt-language-flag":["https:\/\/digidem-bayern.de\/wp-content\/uploads\/2020\/04\/app-1013616_1280.jpg",36,25,false],"ddiqc-language-flag":["https:\/\/digidem-bayern.de\/wp-content\/uploads\/2020\/04\/app-1013616_1280.jpg",36,25,false],"ddtl-language-flag":["https:\/\/digidem-bayern.de\/wp-content\/uploads\/2020\/04\/app-1013616_1280.jpg",36,25,false],"mailpoet_newsletter_max":["https:\/\/digidem-bayern.de\/wp-content\/uploads\/2020\/04\/app-1013616_1280.jpg",1280,880,false],"kahuna-lpbox-3":["https:\/\/digidem-bayern.de\/wp-content\/uploads\/2020\/04\/app-1013616_1280-460x350.jpg",460,350,true],"kahuna-featured-square":["https:\/\/digidem-bayern.de\/wp-content\/uploads\/2020\/04\/app-1013616_1280-512x512.jpg",512,512,true],"kahuna-featured-square-large":["https:\/\/digidem-bayern.de\/wp-content\/uploads\/2020\/04\/app-1013616_1280-1024x880.jpg",1024,880,true]},"uagb_author_info":{"display_name":"Michael Zeiler","author_link":"https:\/\/digidem-bayern.de\/en\/author\/michael-zeiler\/"},"uagb_comment_info":0,"uagb_excerpt":"Es gibt mittlerweile zahlreiche Gesundheitsapps. Doch wie kommen sie \u00fcberhaupt in die Praxis? Welche haben sich bereits bew\u00e4hrt? Dar\u00fcber informiert unser Webinar \u201eScience Watch LIVE\u201c, das Sie sich hier ansehen k\u00f6nnen. Hier gibt es das Webinar als PDF zum Download. Fragen der Teilnehmer*innen und Antworten des Webinar-Teams: Mittwoch, 06.05.2020, 11.00-11.30 &hellip;","_links":{"self":[{"href":"https:\/\/digidem-bayern.de\/en\/wp-json\/wp\/v2\/posts\/5181","targetHints":{"allow":["GET"]}}],"collection":[{"href":"https:\/\/digidem-bayern.de\/en\/wp-json\/wp\/v2\/posts"}],"about":[{"href":"https:\/\/digidem-bayern.de\/en\/wp-json\/wp\/v2\/types\/post"}],"author":[{"embeddable":true,"href":"https:\/\/digidem-bayern.de\/en\/wp-json\/wp\/v2\/users\/11"}],"replies":[{"embeddable":true,"href":"https:\/\/digidem-bayern.de\/en\/wp-json\/wp\/v2\/comments?post=5181"}],"version-history":[{"count":5,"href":"https:\/\/digidem-bayern.de\/en\/wp-json\/wp\/v2\/posts\/5181\/revisions"}],"predecessor-version":[{"id":34549,"href":"https:\/\/digidem-bayern.de\/en\/wp-json\/wp\/v2\/posts\/5181\/revisions\/34549"}],"wp:featuredmedia":[{"embeddable":true,"href":"https:\/\/digidem-bayern.de\/en\/wp-json\/wp\/v2\/media\/5092"}],"wp:attachment":[{"href":"https:\/\/digidem-bayern.de\/en\/wp-json\/wp\/v2\/media?parent=5181"}],"wp:term":[{"taxonomy":"category","embeddable":true,"href":"https:\/\/digidem-bayern.de\/en\/wp-json\/wp\/v2\/categories?post=5181"},{"taxonomy":"post_tag","embeddable":true,"href":"https:\/\/digidem-bayern.de\/en\/wp-json\/wp\/v2\/tags?post=5181"}],"curies":[{"name":"wp","href":"https:\/\/api.w.org\/{rel}","templated":true}]}}