{"id":5167,"date":"2020-05-05T11:37:18","date_gmt":"2020-05-05T09:37:18","guid":{"rendered":"https:\/\/digidem-bayern.de\/?p=5167"},"modified":"2020-05-06T09:14:56","modified_gmt":"2020-05-06T07:14:56","slug":"sprachanalyse-zur-frueherkennung-von-geistigen-beeintraechtigungen","status":"publish","type":"post","link":"https:\/\/digidem-bayern.de\/en\/sprachanalyse-zur-frueherkennung-von-geistigen-beeintraechtigungen\/","title":{"rendered":"Sprachanalyse zur Fr\u00fcherkennung von geistigen Beeintr\u00e4chtigungen?"},"content":{"rendered":"<h4 class=\"wp-block-heading\">Gibt die Sprache eines Menschen Aufschluss dar\u00fcber, ob er geistige Beeintr\u00e4chtigungen entwickelt? Das wollten Forscher*innen aus Japan herausfinden und setzten dazu Sprachanalysen ein. Akustische Merkmale sollten dabei helfen, Personen mit geistigen Beeintr\u00e4chtigungen von gesunden zu unterscheiden.&nbsp;&nbsp;<\/h4>\n\n\n\n<p>F\u00fcr die Pr\u00e4vention von Alzheimer-Erkrankungen ist es den Autor*innen zufolge von entscheidender Bedeutung, m\u00f6glichst fr\u00fchzeitig leichte kognitive Beeintr\u00e4chtigungen (MCI) festzustellen. Sprachanalysen k\u00f6nnen hier einen Ansatzpunkt liefern. Die Forscher*innen entwickelten daf\u00fcr anhand unterschiedlicher akustischer Merkmale ein Machine-Learning-Modell, also ein lernf\u00e4higes technisches System. das in vorhandenen&nbsp; Daten Muster erkennen kann. Mittels Sprachanalyse sollte dieses Modell geistige Beeintr\u00e4chtigungen automatisch erkennen und vorhersagen k\u00f6nnen.<\/p>\n\n\n\n<p><strong>Dauer einer \u00c4u\u00dferung und Pausen wurden ber\u00fccksichtigt<\/strong><\/p>\n\n\n\n<div class=\"wp-block-image\"><figure class=\"alignright size-medium\"><img loading=\"lazy\" decoding=\"async\" width=\"300\" height=\"200\" src=\"https:\/\/test.digidem-bayern.de\/wp-content\/uploads\/2020\/05\/envelope-226168_1280-300x200.jpg\" alt=\"Monitor mit Tonspur darauf\" class=\"wp-image-5169\" srcset=\"https:\/\/digidem-bayern.de\/wp-content\/uploads\/2020\/05\/envelope-226168_1280-300x200.jpg 300w, https:\/\/digidem-bayern.de\/wp-content\/uploads\/2020\/05\/envelope-226168_1280-1030x686.jpg 1030w, https:\/\/digidem-bayern.de\/wp-content\/uploads\/2020\/05\/envelope-226168_1280-768x512.jpg 768w, https:\/\/digidem-bayern.de\/wp-content\/uploads\/2020\/05\/envelope-226168_1280-495x330.jpg 495w, https:\/\/digidem-bayern.de\/wp-content\/uploads\/2020\/05\/envelope-226168_1280.jpg 1280w\" sizes=\"auto, (max-width: 300px) 100vw, 300px\" \/><\/figure><\/div>\n\n\n\n<p>In das Machine-Learning-Modell flossen die Ergebnisse von 8.779 Teilnehmenden ein. Sie waren zwischen 65 und 96 Jahre alt, lebten selbstst\u00e4ndig und wiesen unterschiedliche kognitive Profile auf, darunter \u201cgesund\u201d und \u201cleichte kognitive Beeintr\u00e4chtigung\u201d. Die Probanden sollten kurze S\u00e4tze vorlesen, die anschlie\u00dfend anhand akustischer Merkmale analysiert wurden. Dabei wurden auch zeitliche Kriterien wie etwa die Dauer einer Sprach\u00e4u\u00dferung oder die Anzahl und L\u00e4nge der Pausen mit einbezogen.<\/p>\n\n\n\n<p>Die Auswertungen zeigten, dass die Sprachanalyse tats\u00e4chlich dabei hilft, zwischen gesunden Personen und Personen mit geistigen Beeintr\u00e4chtigungen zu unterscheiden. Zudem gehen die Forscher*innen aufgrund ihrer Ergebnisse davon aus, dass Sprachst\u00f6rungen bei kognitiver Beeintr\u00e4chtigung im Schweregrad zunehmen.<\/p>\n\n\n\n<p>Die vollst\u00e4ndige Studie finden Sie hier:<br><a rel=\"noreferrer noopener\" href=\"https:\/\/www.ncbi.nlm.nih.gov\/pubmed\/32053074\" target=\"_blank\">Automatic Detection of Cognitive Impairments through Acoustic Analysis of Speech<\/a> (2020)<\/p>\n\n\n\n<p><\/p>","protected":false},"excerpt":{"rendered":"<p>Gibt die Sprache eines Menschen Aufschluss dar\u00fcber, ob er geistige Beeintr\u00e4chtigungen entwickelt? Das wollten Forscher*innen aus Japan herausfinden und setzten dazu Sprachanalysen ein. Akustische Merkmale sollten dabei helfen, Personen mit geistigen Beeintr\u00e4chtigungen von gesunden zu unterscheiden.&nbsp;&nbsp; F\u00fcr die Pr\u00e4vention von Alzheimer-Erkrankungen ist es den Autor*innen zufolge von entscheidender Bedeutung, m\u00f6glichst &hellip;<\/p>","protected":false},"author":11,"featured_media":5169,"comment_status":"closed","ping_status":"closed","sticky":false,"template":"","format":"standard","meta":{"qubely_global_settings":"true","qubely_interactions":"","_uag_custom_page_level_css":"","footnotes":""},"categories":[5],"tags":[13,12,14,17,55,119,120,118],"class_list":["post-5167","post","type-post","status-publish","format-standard","has-post-thumbnail","hentry","category-wissenschaft-forschung","tag-alzheimer","tag-demenz-2","tag-digidem","tag-digidem-bayern","tag-digitales-demenzregister-bayern","tag-kognitive-beeintraechtigungen","tag-leichte-kognitive-beeintraechtigungen","tag-mci"],"qubely_featured_image_url":{"full":["https:\/\/digidem-bayern.de\/wp-content\/uploads\/2020\/05\/envelope-226168_1280.jpg",1280,853,false],"landscape":["https:\/\/digidem-bayern.de\/wp-content\/uploads\/2020\/05\/envelope-226168_1280-1200x750.jpg",1200,750,true],"portraits":["https:\/\/digidem-bayern.de\/wp-content\/uploads\/2020\/05\/envelope-226168_1280-540x320.jpg",540,320,true],"thumbnail":["https:\/\/digidem-bayern.de\/wp-content\/uploads\/2020\/05\/envelope-226168_1280-80x80.jpg",80,80,true],"medium":["https:\/\/digidem-bayern.de\/wp-content\/uploads\/2020\/05\/envelope-226168_1280-300x200.jpg",300,200,true],"medium_large":["https:\/\/digidem-bayern.de\/wp-content\/uploads\/2020\/05\/envelope-226168_1280-768x512.jpg",768,512,true],"large":["https:\/\/digidem-bayern.de\/wp-content\/uploads\/2020\/05\/envelope-226168_1280-1030x686.jpg",1030,686,true],"1536x1536":["https:\/\/digidem-bayern.de\/wp-content\/uploads\/2020\/05\/envelope-226168_1280.jpg",1280,853,false],"2048x2048":["https:\/\/digidem-bayern.de\/wp-content\/uploads\/2020\/05\/envelope-226168_1280.jpg",1280,853,false],"trp-custom-language-flag":["https:\/\/digidem-bayern.de\/wp-content\/uploads\/2020\/05\/envelope-226168_1280.jpg",18,12,false],"qubely_landscape":["https:\/\/digidem-bayern.de\/wp-content\/uploads\/2020\/05\/envelope-226168_1280-1200x750.jpg",1200,750,true],"qubely_portrait":["https:\/\/digidem-bayern.de\/wp-content\/uploads\/2020\/05\/envelope-226168_1280-540x320.jpg",540,320,true],"qubely_thumbnail":["https:\/\/digidem-bayern.de\/wp-content\/uploads\/2020\/05\/envelope-226168_1280-140x100.jpg",140,100,true],"post-thumbnail":["https:\/\/digidem-bayern.de\/wp-content\/uploads\/2020\/05\/envelope-226168_1280-495x330.jpg",495,330,true],"kahuna-featured":["https:\/\/digidem-bayern.de\/wp-content\/uploads\/2020\/05\/envelope-226168_1280-495x350.jpg",495,350,true],"kahuna-featured-lp":["https:\/\/digidem-bayern.de\/wp-content\/uploads\/2020\/05\/envelope-226168_1280-460x350.jpg",460,350,true],"kahuna-featured-half":["https:\/\/digidem-bayern.de\/wp-content\/uploads\/2020\/05\/envelope-226168_1280-800x350.jpg",800,350,true],"kahuna-featured-third":["https:\/\/digidem-bayern.de\/wp-content\/uploads\/2020\/05\/envelope-226168_1280-512x350.jpg",512,350,true],"kahuna-lpbox-1":["https:\/\/digidem-bayern.de\/wp-content\/uploads\/2020\/05\/envelope-226168_1280-460x350.jpg",394,300,true],"kahuna-lpbox-2":["https:\/\/digidem-bayern.de\/wp-content\/uploads\/2020\/05\/envelope-226168_1280-460x350.jpg",460,350,true],"demand-language-flag":["https:\/\/digidem-bayern.de\/wp-content\/uploads\/2020\/05\/envelope-226168_1280.jpg",36,24,false],"dddkt-language-flag":["https:\/\/digidem-bayern.de\/wp-content\/uploads\/2020\/05\/envelope-226168_1280.jpg",36,24,false],"ddiqc-language-flag":["https:\/\/digidem-bayern.de\/wp-content\/uploads\/2020\/05\/envelope-226168_1280.jpg",36,24,false],"ddtl-language-flag":["https:\/\/digidem-bayern.de\/wp-content\/uploads\/2020\/05\/envelope-226168_1280.jpg",36,24,false],"mailpoet_newsletter_max":["https:\/\/digidem-bayern.de\/wp-content\/uploads\/2020\/05\/envelope-226168_1280.jpg",1280,853,false],"kahuna-lpbox-3":["https:\/\/digidem-bayern.de\/wp-content\/uploads\/2020\/05\/envelope-226168_1280-460x350.jpg",460,350,true],"kahuna-featured-square":["https:\/\/digidem-bayern.de\/wp-content\/uploads\/2020\/05\/envelope-226168_1280-512x512.jpg",512,512,true],"kahuna-featured-square-large":["https:\/\/digidem-bayern.de\/wp-content\/uploads\/2020\/05\/envelope-226168_1280-1024x853.jpg",1024,853,true]},"qubely_author":{"display_name":"Michael Zeiler","author_link":"https:\/\/digidem-bayern.de\/en\/author\/michael-zeiler\/"},"qubely_comment":0,"qubely_category":"<a href=\"https:\/\/digidem-bayern.de\/en\/category\/wissenschaft-forschung\/\" rel=\"category tag\">Wissenschaft &amp; Forschung<\/a>","qubely_excerpt":"Gibt die Sprache eines Menschen Aufschluss dar\u00fcber, ob er geistige Beeintr\u00e4chtigungen entwickelt? Das wollten Forscher*innen aus Japan herausfinden und setzten dazu Sprachanalysen ein. Akustische Merkmale sollten dabei helfen, Personen mit geistigen Beeintr\u00e4chtigungen von gesunden zu unterscheiden.&nbsp;&nbsp; F\u00fcr die Pr\u00e4vention von Alzheimer-Erkrankungen ist es den Autor*innen zufolge von entscheidender Bedeutung, m\u00f6glichst &hellip;","featured_image_urls_v2":{"full":["https:\/\/digidem-bayern.de\/wp-content\/uploads\/2020\/05\/envelope-226168_1280.jpg",1280,853,false],"thumbnail":["https:\/\/digidem-bayern.de\/wp-content\/uploads\/2020\/05\/envelope-226168_1280-80x80.jpg",80,80,true],"medium":["https:\/\/digidem-bayern.de\/wp-content\/uploads\/2020\/05\/envelope-226168_1280-300x200.jpg",300,200,true],"medium_large":["https:\/\/digidem-bayern.de\/wp-content\/uploads\/2020\/05\/envelope-226168_1280-768x512.jpg",768,512,true],"large":["https:\/\/digidem-bayern.de\/wp-content\/uploads\/2020\/05\/envelope-226168_1280-1030x686.jpg",1030,686,true],"1536x1536":["https:\/\/digidem-bayern.de\/wp-content\/uploads\/2020\/05\/envelope-226168_1280.jpg",1280,853,false],"2048x2048":["https:\/\/digidem-bayern.de\/wp-content\/uploads\/2020\/05\/envelope-226168_1280.jpg",1280,853,false],"trp-custom-language-flag":["https:\/\/digidem-bayern.de\/wp-content\/uploads\/2020\/05\/envelope-226168_1280.jpg",18,12,false],"qubely_landscape":["https:\/\/digidem-bayern.de\/wp-content\/uploads\/2020\/05\/envelope-226168_1280-1200x750.jpg",1200,750,true],"qubely_portrait":["https:\/\/digidem-bayern.de\/wp-content\/uploads\/2020\/05\/envelope-226168_1280-540x320.jpg",540,320,true],"qubely_thumbnail":["https:\/\/digidem-bayern.de\/wp-content\/uploads\/2020\/05\/envelope-226168_1280-140x100.jpg",140,100,true],"post-thumbnail":["https:\/\/digidem-bayern.de\/wp-content\/uploads\/2020\/05\/envelope-226168_1280-495x330.jpg",495,330,true],"kahuna-featured":["https:\/\/digidem-bayern.de\/wp-content\/uploads\/2020\/05\/envelope-226168_1280-495x350.jpg",495,350,true],"kahuna-featured-lp":["https:\/\/digidem-bayern.de\/wp-content\/uploads\/2020\/05\/envelope-226168_1280-460x350.jpg",460,350,true],"kahuna-featured-half":["https:\/\/digidem-bayern.de\/wp-content\/uploads\/2020\/05\/envelope-226168_1280-800x350.jpg",800,350,true],"kahuna-featured-third":["https:\/\/digidem-bayern.de\/wp-content\/uploads\/2020\/05\/envelope-226168_1280-512x350.jpg",512,350,true],"kahuna-lpbox-1":["https:\/\/digidem-bayern.de\/wp-content\/uploads\/2020\/05\/envelope-226168_1280-460x350.jpg",394,300,true],"kahuna-lpbox-2":["https:\/\/digidem-bayern.de\/wp-content\/uploads\/2020\/05\/envelope-226168_1280-460x350.jpg",460,350,true],"demand-language-flag":["https:\/\/digidem-bayern.de\/wp-content\/uploads\/2020\/05\/envelope-226168_1280.jpg",36,24,false],"dddkt-language-flag":["https:\/\/digidem-bayern.de\/wp-content\/uploads\/2020\/05\/envelope-226168_1280.jpg",36,24,false],"ddiqc-language-flag":["https:\/\/digidem-bayern.de\/wp-content\/uploads\/2020\/05\/envelope-226168_1280.jpg",36,24,false],"ddtl-language-flag":["https:\/\/digidem-bayern.de\/wp-content\/uploads\/2020\/05\/envelope-226168_1280.jpg",36,24,false],"mailpoet_newsletter_max":["https:\/\/digidem-bayern.de\/wp-content\/uploads\/2020\/05\/envelope-226168_1280.jpg",1280,853,false],"kahuna-lpbox-3":["https:\/\/digidem-bayern.de\/wp-content\/uploads\/2020\/05\/envelope-226168_1280-460x350.jpg",460,350,true],"kahuna-featured-square":["https:\/\/digidem-bayern.de\/wp-content\/uploads\/2020\/05\/envelope-226168_1280-512x512.jpg",512,512,true],"kahuna-featured-square-large":["https:\/\/digidem-bayern.de\/wp-content\/uploads\/2020\/05\/envelope-226168_1280-1024x853.jpg",1024,853,true]},"post_excerpt_stackable_v2":"<p>Gibt die Sprache eines Menschen Aufschluss dar\u00fcber, ob er geistige Beeintr\u00e4chtigungen entwickelt? Das wollten Forscher*innen aus Japan herausfinden und setzten dazu Sprachanalysen ein. Akustische Merkmale sollten dabei helfen, Personen mit geistigen Beeintr\u00e4chtigungen von gesunden zu unterscheiden.&nbsp;&nbsp; F\u00fcr die Pr\u00e4vention von Alzheimer-Erkrankungen ist es den Autor*innen zufolge von entscheidender Bedeutung, m\u00f6glichst fr\u00fchzeitig leichte kognitive Beeintr\u00e4chtigungen (MCI) festzustellen. Sprachanalysen k\u00f6nnen hier einen Ansatzpunkt liefern. Die Forscher*innen entwickelten daf\u00fcr anhand unterschiedlicher akustischer Merkmale ein Machine-Learning-Modell, also ein lernf\u00e4higes technisches System. das in vorhandenen&nbsp; Daten Muster erkennen kann. Mittels Sprachanalyse sollte dieses Modell geistige Beeintr\u00e4chtigungen automatisch erkennen und vorhersagen k\u00f6nnen. Dauer einer \u00c4u\u00dferung und&hellip;<\/p>\n","category_list_v2":"<a href=\"https:\/\/digidem-bayern.de\/en\/category\/wissenschaft-forschung\/\" rel=\"category tag\">Wissenschaft &amp; Forschung<\/a>","author_info_v2":{"name":"Michael Zeiler","url":"https:\/\/digidem-bayern.de\/en\/author\/michael-zeiler\/"},"comments_num_v2":"0 comments","yoast_head":"<!-- This site is optimized with the Yoast SEO plugin v27.4 - https:\/\/yoast.com\/product\/yoast-seo-wordpress\/ -->\n<title>Sprachanalyse zur Fr\u00fcherkennung von geistigen Beeintr\u00e4chtigungen? - digiDEM Bayern<\/title>\n<meta name=\"description\" content=\"Gibt die Sprache Aufschluss dar\u00fcber, ob jemand geistige Einschr\u00e4nkungen entwickelt? Das wollten Forscher aus Japan durch Sprachanalysen herausfinden.\" \/>\n<meta name=\"robots\" content=\"index, follow, max-snippet:-1, max-image-preview:large, max-video-preview:-1\" \/>\n<link rel=\"canonical\" href=\"https:\/\/digidem-bayern.de\/en\/sprachanalyse-zur-frueherkennung-von-geistigen-beeintraechtigungen\/\" \/>\n<meta property=\"og:locale\" content=\"en_US\" \/>\n<meta property=\"og:type\" content=\"article\" \/>\n<meta property=\"og:title\" content=\"Sprachanalyse zur Fr\u00fcherkennung von geistigen Beeintr\u00e4chtigungen? - digiDEM Bayern\" \/>\n<meta property=\"og:description\" content=\"Gibt die Sprache Aufschluss dar\u00fcber, ob jemand geistige Einschr\u00e4nkungen entwickelt? Das wollten Forscher aus Japan durch Sprachanalysen herausfinden.\" \/>\n<meta property=\"og:url\" content=\"https:\/\/digidem-bayern.de\/en\/sprachanalyse-zur-frueherkennung-von-geistigen-beeintraechtigungen\/\" \/>\n<meta property=\"og:site_name\" content=\"digiDEM Bayern\" \/>\n<meta property=\"article:publisher\" content=\"https:\/\/www.facebook.com\/digiDEMBayern\/\" \/>\n<meta property=\"article:published_time\" content=\"2020-05-05T09:37:18+00:00\" \/>\n<meta property=\"article:modified_time\" content=\"2020-05-06T07:14:56+00:00\" \/>\n<meta property=\"og:image\" content=\"https:\/\/digidem-bayern.de\/wp-content\/uploads\/2020\/05\/envelope-226168_1280.jpg\" \/>\n\t<meta property=\"og:image:width\" content=\"1280\" \/>\n\t<meta property=\"og:image:height\" content=\"853\" \/>\n\t<meta property=\"og:image:type\" content=\"image\/jpeg\" \/>\n<meta name=\"author\" content=\"Michael Zeiler\" \/>\n<meta name=\"twitter:label1\" content=\"Written by\" \/>\n\t<meta name=\"twitter:data1\" content=\"Michael Zeiler\" \/>\n\t<meta name=\"twitter:label2\" content=\"Est. reading time\" \/>\n\t<meta name=\"twitter:data2\" content=\"1 minute\" \/>\n<script type=\"application\/ld+json\" class=\"yoast-schema-graph\">{\"@context\":\"https:\\\/\\\/schema.org\",\"@graph\":[{\"@type\":\"Article\",\"@id\":\"https:\\\/\\\/digidem-bayern.de\\\/sprachanalyse-zur-frueherkennung-von-geistigen-beeintraechtigungen\\\/#article\",\"isPartOf\":{\"@id\":\"https:\\\/\\\/digidem-bayern.de\\\/sprachanalyse-zur-frueherkennung-von-geistigen-beeintraechtigungen\\\/\"},\"author\":{\"name\":\"Michael Zeiler\",\"@id\":\"\\\/#\\\/schema\\\/person\\\/92754ad381f49b3c358d1d8d2c4f90b8\"},\"headline\":\"Sprachanalyse zur Fr\u00fcherkennung von geistigen Beeintr\u00e4chtigungen?\",\"datePublished\":\"2020-05-05T09:37:18+00:00\",\"dateModified\":\"2020-05-06T07:14:56+00:00\",\"mainEntityOfPage\":{\"@id\":\"https:\\\/\\\/digidem-bayern.de\\\/sprachanalyse-zur-frueherkennung-von-geistigen-beeintraechtigungen\\\/\"},\"wordCount\":259,\"publisher\":{\"@id\":\"\\\/#organization\"},\"image\":{\"@id\":\"https:\\\/\\\/digidem-bayern.de\\\/sprachanalyse-zur-frueherkennung-von-geistigen-beeintraechtigungen\\\/#primaryimage\"},\"thumbnailUrl\":\"https:\\\/\\\/digidem-bayern.de\\\/wp-content\\\/uploads\\\/2020\\\/05\\\/envelope-226168_1280.jpg\",\"keywords\":[\"Alzheimer\",\"Demenz\",\"digidem\",\"digidem Bayern\",\"Digitales Demenzregister Bayern\",\"kognitive Beeintr\u00e4chtigungen\",\"leichte kognitive Beeintr\u00e4chtigungen\",\"MCI\"],\"articleSection\":[\"Wissenschaft &amp; Forschung\"],\"inLanguage\":\"en-US\"},{\"@type\":\"WebPage\",\"@id\":\"https:\\\/\\\/digidem-bayern.de\\\/sprachanalyse-zur-frueherkennung-von-geistigen-beeintraechtigungen\\\/\",\"url\":\"https:\\\/\\\/digidem-bayern.de\\\/sprachanalyse-zur-frueherkennung-von-geistigen-beeintraechtigungen\\\/\",\"name\":\"Sprachanalyse zur Fr\u00fcherkennung von geistigen Beeintr\u00e4chtigungen? - digiDEM Bayern\",\"isPartOf\":{\"@id\":\"\\\/#website\"},\"primaryImageOfPage\":{\"@id\":\"https:\\\/\\\/digidem-bayern.de\\\/sprachanalyse-zur-frueherkennung-von-geistigen-beeintraechtigungen\\\/#primaryimage\"},\"image\":{\"@id\":\"https:\\\/\\\/digidem-bayern.de\\\/sprachanalyse-zur-frueherkennung-von-geistigen-beeintraechtigungen\\\/#primaryimage\"},\"thumbnailUrl\":\"https:\\\/\\\/digidem-bayern.de\\\/wp-content\\\/uploads\\\/2020\\\/05\\\/envelope-226168_1280.jpg\",\"datePublished\":\"2020-05-05T09:37:18+00:00\",\"dateModified\":\"2020-05-06T07:14:56+00:00\",\"description\":\"Gibt die Sprache Aufschluss dar\u00fcber, ob jemand geistige Einschr\u00e4nkungen entwickelt? Das wollten Forscher aus Japan durch Sprachanalysen herausfinden.\",\"breadcrumb\":{\"@id\":\"https:\\\/\\\/digidem-bayern.de\\\/sprachanalyse-zur-frueherkennung-von-geistigen-beeintraechtigungen\\\/#breadcrumb\"},\"inLanguage\":\"en-US\",\"potentialAction\":[{\"@type\":\"ReadAction\",\"target\":[\"https:\\\/\\\/digidem-bayern.de\\\/sprachanalyse-zur-frueherkennung-von-geistigen-beeintraechtigungen\\\/\"]}]},{\"@type\":\"ImageObject\",\"inLanguage\":\"en-US\",\"@id\":\"https:\\\/\\\/digidem-bayern.de\\\/sprachanalyse-zur-frueherkennung-von-geistigen-beeintraechtigungen\\\/#primaryimage\",\"url\":\"https:\\\/\\\/digidem-bayern.de\\\/wp-content\\\/uploads\\\/2020\\\/05\\\/envelope-226168_1280.jpg\",\"contentUrl\":\"https:\\\/\\\/digidem-bayern.de\\\/wp-content\\\/uploads\\\/2020\\\/05\\\/envelope-226168_1280.jpg\",\"width\":1280,\"height\":853,\"caption\":\"Monitor mit Tonspur darauf\"},{\"@type\":\"BreadcrumbList\",\"@id\":\"https:\\\/\\\/digidem-bayern.de\\\/sprachanalyse-zur-frueherkennung-von-geistigen-beeintraechtigungen\\\/#breadcrumb\",\"itemListElement\":[{\"@type\":\"ListItem\",\"position\":1,\"name\":\"Startseite\",\"item\":\"https:\\\/\\\/digidem-bayern.de\\\/\"},{\"@type\":\"ListItem\",\"position\":2,\"name\":\"Sprachanalyse zur Fr\u00fcherkennung von geistigen Beeintr\u00e4chtigungen?\"}]},{\"@type\":\"WebSite\",\"@id\":\"\\\/#website\",\"url\":\"\\\/\",\"name\":\"digiDEM Bayern\",\"description\":\"Das digitale Demenzregister Bayern erforscht und verbessert die Angebotsstuktur f\u00fcr Menschen mit Demenz und deren Angeh\u00f6rige\",\"publisher\":{\"@id\":\"\\\/#organization\"},\"potentialAction\":[{\"@type\":\"SearchAction\",\"target\":{\"@type\":\"EntryPoint\",\"urlTemplate\":\"\\\/?s={search_term_string}\"},\"query-input\":{\"@type\":\"PropertyValueSpecification\",\"valueRequired\":true,\"valueName\":\"search_term_string\"}}],\"inLanguage\":\"en-US\"},{\"@type\":\"Organization\",\"@id\":\"\\\/#organization\",\"name\":\"digiDEM Bayern\",\"url\":\"\\\/\",\"logo\":{\"@type\":\"ImageObject\",\"inLanguage\":\"en-US\",\"@id\":\"\\\/#\\\/schema\\\/logo\\\/image\\\/\",\"url\":\"https:\\\/\\\/digidem-bayern.de\\\/wp-content\\\/uploads\\\/2022\\\/03\\\/cropped-Allgemeines_digiDEMLOGO-removebg-preview.png\",\"contentUrl\":\"https:\\\/\\\/digidem-bayern.de\\\/wp-content\\\/uploads\\\/2022\\\/03\\\/cropped-Allgemeines_digiDEMLOGO-removebg-preview.png\",\"width\":612,\"height\":357,\"caption\":\"digiDEM Bayern\"},\"image\":{\"@id\":\"\\\/#\\\/schema\\\/logo\\\/image\\\/\"},\"sameAs\":[\"https:\\\/\\\/www.facebook.com\\\/digiDEMBayern\\\/\",\"https:\\\/\\\/x.com\\\/digidem_bayern\",\"https:\\\/\\\/www.instagram.com\\\/digidem.bayern\",\"https:\\\/\\\/www.linkedin.com\\\/company\\\/digidem-bayern\\\/\"]},{\"@type\":\"Person\",\"@id\":\"\\\/#\\\/schema\\\/person\\\/92754ad381f49b3c358d1d8d2c4f90b8\",\"name\":\"Michael Zeiler\",\"url\":\"https:\\\/\\\/digidem-bayern.de\\\/en\\\/author\\\/michael-zeiler\\\/\"}]}<\/script>\n<!-- \/ Yoast SEO plugin. -->","yoast_head_json":{"title":"Sprachanalyse zur Fr\u00fcherkennung von geistigen Beeintr\u00e4chtigungen? - digiDEM Bayern","description":"Gibt die Sprache Aufschluss dar\u00fcber, ob jemand geistige Einschr\u00e4nkungen entwickelt? Das wollten Forscher aus Japan durch Sprachanalysen herausfinden.","robots":{"index":"index","follow":"follow","max-snippet":"max-snippet:-1","max-image-preview":"max-image-preview:large","max-video-preview":"max-video-preview:-1"},"canonical":"https:\/\/digidem-bayern.de\/en\/sprachanalyse-zur-frueherkennung-von-geistigen-beeintraechtigungen\/","og_locale":"en_US","og_type":"article","og_title":"Sprachanalyse zur Fr\u00fcherkennung von geistigen Beeintr\u00e4chtigungen? - digiDEM Bayern","og_description":"Gibt die Sprache Aufschluss dar\u00fcber, ob jemand geistige Einschr\u00e4nkungen entwickelt? Das wollten Forscher aus Japan durch Sprachanalysen herausfinden.","og_url":"https:\/\/digidem-bayern.de\/en\/sprachanalyse-zur-frueherkennung-von-geistigen-beeintraechtigungen\/","og_site_name":"digiDEM Bayern","article_publisher":"https:\/\/www.facebook.com\/digiDEMBayern\/","article_published_time":"2020-05-05T09:37:18+00:00","article_modified_time":"2020-05-06T07:14:56+00:00","og_image":[{"width":1280,"height":853,"url":"https:\/\/digidem-bayern.de\/wp-content\/uploads\/2020\/05\/envelope-226168_1280.jpg","type":"image\/jpeg"}],"author":"Michael Zeiler","twitter_misc":{"Written by":"Michael Zeiler","Est. reading time":"1 minute"},"schema":{"@context":"https:\/\/schema.org","@graph":[{"@type":"Article","@id":"https:\/\/digidem-bayern.de\/sprachanalyse-zur-frueherkennung-von-geistigen-beeintraechtigungen\/#article","isPartOf":{"@id":"https:\/\/digidem-bayern.de\/sprachanalyse-zur-frueherkennung-von-geistigen-beeintraechtigungen\/"},"author":{"name":"Michael Zeiler","@id":"\/#\/schema\/person\/92754ad381f49b3c358d1d8d2c4f90b8"},"headline":"Sprachanalyse zur Fr\u00fcherkennung von geistigen Beeintr\u00e4chtigungen?","datePublished":"2020-05-05T09:37:18+00:00","dateModified":"2020-05-06T07:14:56+00:00","mainEntityOfPage":{"@id":"https:\/\/digidem-bayern.de\/sprachanalyse-zur-frueherkennung-von-geistigen-beeintraechtigungen\/"},"wordCount":259,"publisher":{"@id":"\/#organization"},"image":{"@id":"https:\/\/digidem-bayern.de\/sprachanalyse-zur-frueherkennung-von-geistigen-beeintraechtigungen\/#primaryimage"},"thumbnailUrl":"https:\/\/digidem-bayern.de\/wp-content\/uploads\/2020\/05\/envelope-226168_1280.jpg","keywords":["Alzheimer","Demenz","digidem","digidem Bayern","Digitales Demenzregister Bayern","kognitive Beeintr\u00e4chtigungen","leichte kognitive Beeintr\u00e4chtigungen","MCI"],"articleSection":["Wissenschaft &amp; Forschung"],"inLanguage":"en-US"},{"@type":"WebPage","@id":"https:\/\/digidem-bayern.de\/sprachanalyse-zur-frueherkennung-von-geistigen-beeintraechtigungen\/","url":"https:\/\/digidem-bayern.de\/sprachanalyse-zur-frueherkennung-von-geistigen-beeintraechtigungen\/","name":"Sprachanalyse zur Fr\u00fcherkennung von geistigen Beeintr\u00e4chtigungen? - digiDEM Bayern","isPartOf":{"@id":"\/#website"},"primaryImageOfPage":{"@id":"https:\/\/digidem-bayern.de\/sprachanalyse-zur-frueherkennung-von-geistigen-beeintraechtigungen\/#primaryimage"},"image":{"@id":"https:\/\/digidem-bayern.de\/sprachanalyse-zur-frueherkennung-von-geistigen-beeintraechtigungen\/#primaryimage"},"thumbnailUrl":"https:\/\/digidem-bayern.de\/wp-content\/uploads\/2020\/05\/envelope-226168_1280.jpg","datePublished":"2020-05-05T09:37:18+00:00","dateModified":"2020-05-06T07:14:56+00:00","description":"Gibt die Sprache Aufschluss dar\u00fcber, ob jemand geistige Einschr\u00e4nkungen entwickelt? Das wollten Forscher aus Japan durch Sprachanalysen herausfinden.","breadcrumb":{"@id":"https:\/\/digidem-bayern.de\/sprachanalyse-zur-frueherkennung-von-geistigen-beeintraechtigungen\/#breadcrumb"},"inLanguage":"en-US","potentialAction":[{"@type":"ReadAction","target":["https:\/\/digidem-bayern.de\/sprachanalyse-zur-frueherkennung-von-geistigen-beeintraechtigungen\/"]}]},{"@type":"ImageObject","inLanguage":"en-US","@id":"https:\/\/digidem-bayern.de\/sprachanalyse-zur-frueherkennung-von-geistigen-beeintraechtigungen\/#primaryimage","url":"https:\/\/digidem-bayern.de\/wp-content\/uploads\/2020\/05\/envelope-226168_1280.jpg","contentUrl":"https:\/\/digidem-bayern.de\/wp-content\/uploads\/2020\/05\/envelope-226168_1280.jpg","width":1280,"height":853,"caption":"Monitor mit Tonspur darauf"},{"@type":"BreadcrumbList","@id":"https:\/\/digidem-bayern.de\/sprachanalyse-zur-frueherkennung-von-geistigen-beeintraechtigungen\/#breadcrumb","itemListElement":[{"@type":"ListItem","position":1,"name":"Startseite","item":"https:\/\/digidem-bayern.de\/"},{"@type":"ListItem","position":2,"name":"Sprachanalyse zur Fr\u00fcherkennung von geistigen Beeintr\u00e4chtigungen?"}]},{"@type":"WebSite","@id":"\/#website","url":"\/","name":"digiDEM Bavaria","description":"The digital dementia register in Bavaria researches and improves the structure of services for people with dementia and their relatives","publisher":{"@id":"\/#organization"},"potentialAction":[{"@type":"SearchAction","target":{"@type":"EntryPoint","urlTemplate":"\/?s={search_term_string}"},"query-input":{"@type":"PropertyValueSpecification","valueRequired":true,"valueName":"search_term_string"}}],"inLanguage":"en-US"},{"@type":"Organization","@id":"\/#organization","name":"digiDEM Bavaria","url":"\/","logo":{"@type":"ImageObject","inLanguage":"en-US","@id":"\/#\/schema\/logo\/image\/","url":"https:\/\/digidem-bayern.de\/wp-content\/uploads\/2022\/03\/cropped-Allgemeines_digiDEMLOGO-removebg-preview.png","contentUrl":"https:\/\/digidem-bayern.de\/wp-content\/uploads\/2022\/03\/cropped-Allgemeines_digiDEMLOGO-removebg-preview.png","width":612,"height":357,"caption":"digiDEM Bayern"},"image":{"@id":"\/#\/schema\/logo\/image\/"},"sameAs":["https:\/\/www.facebook.com\/digiDEMBayern\/","https:\/\/x.com\/digidem_bayern","https:\/\/www.instagram.com\/digidem.bayern","https:\/\/www.linkedin.com\/company\/digidem-bayern\/"]},{"@type":"Person","@id":"\/#\/schema\/person\/92754ad381f49b3c358d1d8d2c4f90b8","name":"Michael Zeiler","url":"https:\/\/digidem-bayern.de\/en\/author\/michael-zeiler\/"}]}},"uagb_featured_image_src":{"full":["https:\/\/digidem-bayern.de\/wp-content\/uploads\/2020\/05\/envelope-226168_1280.jpg",1280,853,false],"thumbnail":["https:\/\/digidem-bayern.de\/wp-content\/uploads\/2020\/05\/envelope-226168_1280-80x80.jpg",80,80,true],"medium":["https:\/\/digidem-bayern.de\/wp-content\/uploads\/2020\/05\/envelope-226168_1280-300x200.jpg",300,200,true],"medium_large":["https:\/\/digidem-bayern.de\/wp-content\/uploads\/2020\/05\/envelope-226168_1280-768x512.jpg",768,512,true],"large":["https:\/\/digidem-bayern.de\/wp-content\/uploads\/2020\/05\/envelope-226168_1280-1030x686.jpg",1030,686,true],"1536x1536":["https:\/\/digidem-bayern.de\/wp-content\/uploads\/2020\/05\/envelope-226168_1280.jpg",1280,853,false],"2048x2048":["https:\/\/digidem-bayern.de\/wp-content\/uploads\/2020\/05\/envelope-226168_1280.jpg",1280,853,false],"trp-custom-language-flag":["https:\/\/digidem-bayern.de\/wp-content\/uploads\/2020\/05\/envelope-226168_1280.jpg",18,12,false],"qubely_landscape":["https:\/\/digidem-bayern.de\/wp-content\/uploads\/2020\/05\/envelope-226168_1280-1200x750.jpg",1200,750,true],"qubely_portrait":["https:\/\/digidem-bayern.de\/wp-content\/uploads\/2020\/05\/envelope-226168_1280-540x320.jpg",540,320,true],"qubely_thumbnail":["https:\/\/digidem-bayern.de\/wp-content\/uploads\/2020\/05\/envelope-226168_1280-140x100.jpg",140,100,true],"post-thumbnail":["https:\/\/digidem-bayern.de\/wp-content\/uploads\/2020\/05\/envelope-226168_1280-495x330.jpg",495,330,true],"kahuna-featured":["https:\/\/digidem-bayern.de\/wp-content\/uploads\/2020\/05\/envelope-226168_1280-495x350.jpg",495,350,true],"kahuna-featured-lp":["https:\/\/digidem-bayern.de\/wp-content\/uploads\/2020\/05\/envelope-226168_1280-460x350.jpg",460,350,true],"kahuna-featured-half":["https:\/\/digidem-bayern.de\/wp-content\/uploads\/2020\/05\/envelope-226168_1280-800x350.jpg",800,350,true],"kahuna-featured-third":["https:\/\/digidem-bayern.de\/wp-content\/uploads\/2020\/05\/envelope-226168_1280-512x350.jpg",512,350,true],"kahuna-lpbox-1":["https:\/\/digidem-bayern.de\/wp-content\/uploads\/2020\/05\/envelope-226168_1280-460x350.jpg",394,300,true],"kahuna-lpbox-2":["https:\/\/digidem-bayern.de\/wp-content\/uploads\/2020\/05\/envelope-226168_1280-460x350.jpg",460,350,true],"demand-language-flag":["https:\/\/digidem-bayern.de\/wp-content\/uploads\/2020\/05\/envelope-226168_1280.jpg",36,24,false],"dddkt-language-flag":["https:\/\/digidem-bayern.de\/wp-content\/uploads\/2020\/05\/envelope-226168_1280.jpg",36,24,false],"ddiqc-language-flag":["https:\/\/digidem-bayern.de\/wp-content\/uploads\/2020\/05\/envelope-226168_1280.jpg",36,24,false],"ddtl-language-flag":["https:\/\/digidem-bayern.de\/wp-content\/uploads\/2020\/05\/envelope-226168_1280.jpg",36,24,false],"mailpoet_newsletter_max":["https:\/\/digidem-bayern.de\/wp-content\/uploads\/2020\/05\/envelope-226168_1280.jpg",1280,853,false],"kahuna-lpbox-3":["https:\/\/digidem-bayern.de\/wp-content\/uploads\/2020\/05\/envelope-226168_1280-460x350.jpg",460,350,true],"kahuna-featured-square":["https:\/\/digidem-bayern.de\/wp-content\/uploads\/2020\/05\/envelope-226168_1280-512x512.jpg",512,512,true],"kahuna-featured-square-large":["https:\/\/digidem-bayern.de\/wp-content\/uploads\/2020\/05\/envelope-226168_1280-1024x853.jpg",1024,853,true]},"uagb_author_info":{"display_name":"Michael Zeiler","author_link":"https:\/\/digidem-bayern.de\/en\/author\/michael-zeiler\/"},"uagb_comment_info":0,"uagb_excerpt":"Gibt die Sprache eines Menschen Aufschluss dar\u00fcber, ob er geistige Beeintr\u00e4chtigungen entwickelt? Das wollten Forscher*innen aus Japan herausfinden und setzten dazu Sprachanalysen ein. Akustische Merkmale sollten dabei helfen, Personen mit geistigen Beeintr\u00e4chtigungen von gesunden zu unterscheiden.&nbsp;&nbsp; F\u00fcr die Pr\u00e4vention von Alzheimer-Erkrankungen ist es den Autor*innen zufolge von entscheidender Bedeutung, m\u00f6glichst &hellip;","_links":{"self":[{"href":"https:\/\/digidem-bayern.de\/en\/wp-json\/wp\/v2\/posts\/5167","targetHints":{"allow":["GET"]}}],"collection":[{"href":"https:\/\/digidem-bayern.de\/en\/wp-json\/wp\/v2\/posts"}],"about":[{"href":"https:\/\/digidem-bayern.de\/en\/wp-json\/wp\/v2\/types\/post"}],"author":[{"embeddable":true,"href":"https:\/\/digidem-bayern.de\/en\/wp-json\/wp\/v2\/users\/11"}],"replies":[{"embeddable":true,"href":"https:\/\/digidem-bayern.de\/en\/wp-json\/wp\/v2\/comments?post=5167"}],"version-history":[{"count":0,"href":"https:\/\/digidem-bayern.de\/en\/wp-json\/wp\/v2\/posts\/5167\/revisions"}],"wp:featuredmedia":[{"embeddable":true,"href":"https:\/\/digidem-bayern.de\/en\/wp-json\/wp\/v2\/media\/5169"}],"wp:attachment":[{"href":"https:\/\/digidem-bayern.de\/en\/wp-json\/wp\/v2\/media?parent=5167"}],"wp:term":[{"taxonomy":"category","embeddable":true,"href":"https:\/\/digidem-bayern.de\/en\/wp-json\/wp\/v2\/categories?post=5167"},{"taxonomy":"post_tag","embeddable":true,"href":"https:\/\/digidem-bayern.de\/en\/wp-json\/wp\/v2\/tags?post=5167"}],"curies":[{"name":"wp","href":"https:\/\/api.w.org\/{rel}","templated":true}]}}