{"id":5117,"date":"2020-05-04T14:11:26","date_gmt":"2020-05-04T12:11:26","guid":{"rendered":"https:\/\/digidem-bayern.de\/?p=5117"},"modified":"2020-05-06T09:24:12","modified_gmt":"2020-05-06T07:24:12","slug":"bildung-und-wohlstand-beeinflussen-zeitpunkt-einer-demenzdiagnose","status":"publish","type":"post","link":"https:\/\/digidem-bayern.de\/en\/bildung-und-wohlstand-beeinflussen-zeitpunkt-einer-demenzdiagnose\/","title":{"rendered":"Bildung und Wohlstand beeinflussen Zeitpunkt einer Demenzdiagnose"},"content":{"rendered":"<h4 class=\"wp-block-heading\">Die Ursachen einer Demenzerkrankung sind vielseitig. Das Risiko, an Demenz zu erkranken, h\u00e4ngt dabei unter anderen von sozio\u00f6konomischen Umst\u00e4nden wie Bildung und Wohlstand ab, wie eine britische Forschungsgruppe erkl\u00e4rt. In ihrem Artikel befasst sie sich mit der Frage, wie sich erbliche Veranlagungen im Zusammenspiel mit sozio\u00f6konomischen Faktoren auf die Zeit bis zur Demenzdiagnose auswirkt.<\/h4>\n\n\n\n<div class=\"wp-block-image\"><figure class=\"alignright size-medium\"><img loading=\"lazy\" decoding=\"async\" width=\"300\" height=\"225\" src=\"https:\/\/test.digidem-bayern.de\/wp-content\/uploads\/2020\/05\/phone-1052023_1280-300x225.jpg\" alt=\"Aufgeschlagenes Buch, darauf eine Brille und daneben ein Smartphone.\" class=\"wp-image-5124\" srcset=\"https:\/\/digidem-bayern.de\/wp-content\/uploads\/2020\/05\/phone-1052023_1280-300x225.jpg 300w, https:\/\/digidem-bayern.de\/wp-content\/uploads\/2020\/05\/phone-1052023_1280-1030x773.jpg 1030w, https:\/\/digidem-bayern.de\/wp-content\/uploads\/2020\/05\/phone-1052023_1280-768x576.jpg 768w, https:\/\/digidem-bayern.de\/wp-content\/uploads\/2020\/05\/phone-1052023_1280-467x350.jpg 467w, https:\/\/digidem-bayern.de\/wp-content\/uploads\/2020\/05\/phone-1052023_1280.jpg 1280w\" sizes=\"auto, (max-width: 300px) 100vw, 300px\" \/><\/figure><\/div>\n\n\n\n<p>Dazu untersuchten die Forscher*innen um Olesya Ajnakina 7093 Menschen ab einem Alter von 50 Jahren \u00fcber einen Zeitraum von 10 Jahren. Die Daten stammen aus der English Longitudinal Study of Aging (ELSA), einer repr\u00e4sentativen britischen Langzeitstudie. Zu Beginn der Studie war keiner der Teilnehmenden an Demenz erkrankt, bei 320 (4,6 Prozent) wurde in dem 10-Jahres-Zeitraum eine Demenz diagnostiziert. Um die erbliche Veranlagung f\u00fcr Demenz zu bewerten, wurde ein spezieller Punktwert errechnet. Dieser beinhaltet verschiedene genetische Auspr\u00e4gungen, die eine Alzheimer-Erkrankung beg\u00fcnstigen sollen &#8211; insbesondere den Risikofaktor APOE-e4.<\/p>\n\n\n\n<p>Die Analysen zeigte, dass bereits die erbliche Veranlagung einen deutlichen Einfluss auf den Zeitpunkt der Demenzdiagnose hatte: So erkrankten Menschen mit einem h\u00f6heren Punktwert f\u00fcr eine erbliche Demenz-Veranlagung etwa 4,8 Monate fr\u00fcher an Demenz und 5,8 Monate fr\u00fcher an Alzheimer, jedoch war letzteres Ergebnis nicht signifikant. Menschen, die das Risikogen APOE-e4 aufwiesen, erkrankten etwa 24,9 Monate fr\u00fcher an Demenz und 33,9 Monate fr\u00fcher an Alzheimer.<\/p>\n\n\n\n<p><strong>Fr\u00fchere Demenzdiagnose bei niedrigem Wohlstandsniveau<\/strong><\/p>\n\n\n\n<p>Als sozio\u00f6konomische Faktoren bezogen die Forscher*innen das Bildungs- sowie das Wohlstandsniveau in ihre Untersuchung ein. Auch diese wirkten sich auf den Zeitpunkt der Diagnose aus: Bei Menschen mit einem mittleren bzw. niedrigen Wohlstandsniveau wurde die Demenzdiagnose ein Jahr bzw. gut anderthalb Jahre fr\u00fcher gestellt als bei Menschen mit einem hohen Wohlstandsniveau. Kriterien f\u00fcr ein niedriges Niveau waren z.B. geringere finanzielle Mittel, eine niedrigere digitale Bildung, ein begrenzter Zugang zu kulturellen Aktivit\u00e4ten und kleinere soziale Netzwerke.<\/p>\n\n\n\n<p>Menschen mit einem h\u00f6heren Bildungsniveau erkrankten pro zus\u00e4tzlichem Bildungsjahr erst 3 Monate sp\u00e4ter an Alzheimer als Menschen mit einem niedrigen Bildungsniveau.<\/p>\n\n\n\n<p>&nbsp;<strong>Bildung und Wohlstand als sch\u00fctzende Faktoren<\/strong><\/p>\n\n\n\n<p>Schlie\u00dflich verbanden die Forscher*innen diese sozio\u00f6konomischen Faktoren mit der erblichen Veranlagung f\u00fcr Demenz. Bei einem Zusammenspiel von einem h\u00f6herem genetischen Risiko und einem niedrigen bzw. mittleren Wohlstandsniveau brach die Alzheimer-Erkrankung 21,2 bzw. 24,1 Monate fr\u00fcher aus. Hingegen wurden Menschen mit einem h\u00f6heren genetischen Risiko und einem h\u00f6heren Bildungsniveau erst 3 Monate sp\u00e4ter diagnostiziert.<\/p>\n\n\n\n<p>Das Fazit der Autor*innen lautet: Wie lange es dauert, bis eine Demenzdiagnose gestellt wird, h\u00e4ngt auch von der Bildung und vom Wohlstand der Betroffenen ab. Das gilt insbesondere bei Menschen mit einem gr\u00f6\u00dferen erblichen Demenzrisiko. Eine h\u00f6here Bildung und ein h\u00f6heres Wohlstandsniveau k\u00f6nnen dabei sch\u00fctzende Faktoren f\u00fcr den Ausbruch einer Demenzerkrankung (insbesondere f\u00fcr Alzheimer) sein.<\/p>\n\n\n\n<p>Die vollst\u00e4ndige Studie finden Sie hier:<br><a href=\"https:\/\/onlinelibrary.wiley.com\/doi\/full\/10.1111\/jgs.16406\">Interplay between Socioeconomic Markers and Polygenic Predisposition on Timing of Dementia Diagnosis<\/a><\/p>","protected":false},"excerpt":{"rendered":"<p>Die Ursachen einer Demenzerkrankung sind vielseitig. Das Risiko, an Demenz zu erkranken, h\u00e4ngt dabei unter anderen von sozio\u00f6konomischen Umst\u00e4nden wie Bildung und Wohlstand ab, wie eine britische Forschungsgruppe erkl\u00e4rt. In ihrem Artikel befasst sie sich mit der Frage, wie sich erbliche Veranlagungen im Zusammenspiel mit sozio\u00f6konomischen Faktoren auf die Zeit &hellip;<\/p>","protected":false},"author":11,"featured_media":5124,"comment_status":"closed","ping_status":"closed","sticky":false,"template":"","format":"standard","meta":{"qubely_global_settings":"true","qubely_interactions":"","_uag_custom_page_level_css":"","footnotes":""},"categories":[5],"tags":[13,12,112,108,14,17,55,113],"class_list":["post-5117","post","type-post","status-publish","format-standard","has-post-thumbnail","hentry","category-wissenschaft-forschung","tag-alzheimer","tag-demenz-2","tag-demenzdiagnose","tag-diabetes","tag-digidem","tag-digidem-bayern","tag-digitales-demenzregister-bayern","tag-soziooekonomische-faktoren"],"qubely_featured_image_url":{"full":["https:\/\/digidem-bayern.de\/wp-content\/uploads\/2020\/05\/phone-1052023_1280.jpg",1280,960,false],"landscape":["https:\/\/digidem-bayern.de\/wp-content\/uploads\/2020\/05\/phone-1052023_1280-1200x750.jpg",1200,750,true],"portraits":["https:\/\/digidem-bayern.de\/wp-content\/uploads\/2020\/05\/phone-1052023_1280-540x320.jpg",540,320,true],"thumbnail":["https:\/\/digidem-bayern.de\/wp-content\/uploads\/2020\/05\/phone-1052023_1280-80x80.jpg",80,80,true],"medium":["https:\/\/digidem-bayern.de\/wp-content\/uploads\/2020\/05\/phone-1052023_1280-300x225.jpg",300,225,true],"medium_large":["https:\/\/digidem-bayern.de\/wp-content\/uploads\/2020\/05\/phone-1052023_1280-768x576.jpg",768,576,true],"large":["https:\/\/digidem-bayern.de\/wp-content\/uploads\/2020\/05\/phone-1052023_1280-1030x773.jpg",1030,773,true],"1536x1536":["https:\/\/digidem-bayern.de\/wp-content\/uploads\/2020\/05\/phone-1052023_1280.jpg",1280,960,false],"2048x2048":["https:\/\/digidem-bayern.de\/wp-content\/uploads\/2020\/05\/phone-1052023_1280.jpg",1280,960,false],"trp-custom-language-flag":["https:\/\/digidem-bayern.de\/wp-content\/uploads\/2020\/05\/phone-1052023_1280.jpg",16,12,false],"qubely_landscape":["https:\/\/digidem-bayern.de\/wp-content\/uploads\/2020\/05\/phone-1052023_1280-1200x750.jpg",1200,750,true],"qubely_portrait":["https:\/\/digidem-bayern.de\/wp-content\/uploads\/2020\/05\/phone-1052023_1280-540x320.jpg",540,320,true],"qubely_thumbnail":["https:\/\/digidem-bayern.de\/wp-content\/uploads\/2020\/05\/phone-1052023_1280-140x100.jpg",140,100,true],"post-thumbnail":["https:\/\/digidem-bayern.de\/wp-content\/uploads\/2020\/05\/phone-1052023_1280-467x350.jpg",467,350,true],"kahuna-featured":["https:\/\/digidem-bayern.de\/wp-content\/uploads\/2020\/05\/phone-1052023_1280-495x350.jpg",495,350,true],"kahuna-featured-lp":["https:\/\/digidem-bayern.de\/wp-content\/uploads\/2020\/05\/phone-1052023_1280-460x350.jpg",460,350,true],"kahuna-featured-half":["https:\/\/digidem-bayern.de\/wp-content\/uploads\/2020\/05\/phone-1052023_1280-800x350.jpg",800,350,true],"kahuna-featured-third":["https:\/\/digidem-bayern.de\/wp-content\/uploads\/2020\/05\/phone-1052023_1280-512x350.jpg",512,350,true],"kahuna-lpbox-1":["https:\/\/digidem-bayern.de\/wp-content\/uploads\/2020\/05\/phone-1052023_1280-460x350.jpg",394,300,true],"kahuna-lpbox-2":["https:\/\/digidem-bayern.de\/wp-content\/uploads\/2020\/05\/phone-1052023_1280-460x350.jpg",460,350,true],"demand-language-flag":["https:\/\/digidem-bayern.de\/wp-content\/uploads\/2020\/05\/phone-1052023_1280.jpg",36,27,false],"dddkt-language-flag":["https:\/\/digidem-bayern.de\/wp-content\/uploads\/2020\/05\/phone-1052023_1280.jpg",36,27,false],"ddiqc-language-flag":["https:\/\/digidem-bayern.de\/wp-content\/uploads\/2020\/05\/phone-1052023_1280.jpg",36,27,false],"ddtl-language-flag":["https:\/\/digidem-bayern.de\/wp-content\/uploads\/2020\/05\/phone-1052023_1280.jpg",36,27,false],"mailpoet_newsletter_max":["https:\/\/digidem-bayern.de\/wp-content\/uploads\/2020\/05\/phone-1052023_1280.jpg",1280,960,false],"kahuna-lpbox-3":["https:\/\/digidem-bayern.de\/wp-content\/uploads\/2020\/05\/phone-1052023_1280-460x350.jpg",460,350,true],"kahuna-featured-square":["https:\/\/digidem-bayern.de\/wp-content\/uploads\/2020\/05\/phone-1052023_1280-512x512.jpg",512,512,true],"kahuna-featured-square-large":["https:\/\/digidem-bayern.de\/wp-content\/uploads\/2020\/05\/phone-1052023_1280-1024x960.jpg",1024,960,true]},"qubely_author":{"display_name":"Michael Zeiler","author_link":"https:\/\/digidem-bayern.de\/en\/author\/michael-zeiler\/"},"qubely_comment":0,"qubely_category":"<a href=\"https:\/\/digidem-bayern.de\/en\/category\/wissenschaft-forschung\/\" rel=\"category tag\">Wissenschaft &amp; Forschung<\/a>","qubely_excerpt":"Die Ursachen einer Demenzerkrankung sind vielseitig. Das Risiko, an Demenz zu erkranken, h\u00e4ngt dabei unter anderen von sozio\u00f6konomischen Umst\u00e4nden wie Bildung und Wohlstand ab, wie eine britische Forschungsgruppe erkl\u00e4rt. In ihrem Artikel befasst sie sich mit der Frage, wie sich erbliche Veranlagungen im Zusammenspiel mit sozio\u00f6konomischen Faktoren auf die Zeit &hellip;","featured_image_urls_v2":{"full":["https:\/\/digidem-bayern.de\/wp-content\/uploads\/2020\/05\/phone-1052023_1280.jpg",1280,960,false],"thumbnail":["https:\/\/digidem-bayern.de\/wp-content\/uploads\/2020\/05\/phone-1052023_1280-80x80.jpg",80,80,true],"medium":["https:\/\/digidem-bayern.de\/wp-content\/uploads\/2020\/05\/phone-1052023_1280-300x225.jpg",300,225,true],"medium_large":["https:\/\/digidem-bayern.de\/wp-content\/uploads\/2020\/05\/phone-1052023_1280-768x576.jpg",768,576,true],"large":["https:\/\/digidem-bayern.de\/wp-content\/uploads\/2020\/05\/phone-1052023_1280-1030x773.jpg",1030,773,true],"1536x1536":["https:\/\/digidem-bayern.de\/wp-content\/uploads\/2020\/05\/phone-1052023_1280.jpg",1280,960,false],"2048x2048":["https:\/\/digidem-bayern.de\/wp-content\/uploads\/2020\/05\/phone-1052023_1280.jpg",1280,960,false],"trp-custom-language-flag":["https:\/\/digidem-bayern.de\/wp-content\/uploads\/2020\/05\/phone-1052023_1280.jpg",16,12,false],"qubely_landscape":["https:\/\/digidem-bayern.de\/wp-content\/uploads\/2020\/05\/phone-1052023_1280-1200x750.jpg",1200,750,true],"qubely_portrait":["https:\/\/digidem-bayern.de\/wp-content\/uploads\/2020\/05\/phone-1052023_1280-540x320.jpg",540,320,true],"qubely_thumbnail":["https:\/\/digidem-bayern.de\/wp-content\/uploads\/2020\/05\/phone-1052023_1280-140x100.jpg",140,100,true],"post-thumbnail":["https:\/\/digidem-bayern.de\/wp-content\/uploads\/2020\/05\/phone-1052023_1280-467x350.jpg",467,350,true],"kahuna-featured":["https:\/\/digidem-bayern.de\/wp-content\/uploads\/2020\/05\/phone-1052023_1280-495x350.jpg",495,350,true],"kahuna-featured-lp":["https:\/\/digidem-bayern.de\/wp-content\/uploads\/2020\/05\/phone-1052023_1280-460x350.jpg",460,350,true],"kahuna-featured-half":["https:\/\/digidem-bayern.de\/wp-content\/uploads\/2020\/05\/phone-1052023_1280-800x350.jpg",800,350,true],"kahuna-featured-third":["https:\/\/digidem-bayern.de\/wp-content\/uploads\/2020\/05\/phone-1052023_1280-512x350.jpg",512,350,true],"kahuna-lpbox-1":["https:\/\/digidem-bayern.de\/wp-content\/uploads\/2020\/05\/phone-1052023_1280-460x350.jpg",394,300,true],"kahuna-lpbox-2":["https:\/\/digidem-bayern.de\/wp-content\/uploads\/2020\/05\/phone-1052023_1280-460x350.jpg",460,350,true],"demand-language-flag":["https:\/\/digidem-bayern.de\/wp-content\/uploads\/2020\/05\/phone-1052023_1280.jpg",36,27,false],"dddkt-language-flag":["https:\/\/digidem-bayern.de\/wp-content\/uploads\/2020\/05\/phone-1052023_1280.jpg",36,27,false],"ddiqc-language-flag":["https:\/\/digidem-bayern.de\/wp-content\/uploads\/2020\/05\/phone-1052023_1280.jpg",36,27,false],"ddtl-language-flag":["https:\/\/digidem-bayern.de\/wp-content\/uploads\/2020\/05\/phone-1052023_1280.jpg",36,27,false],"mailpoet_newsletter_max":["https:\/\/digidem-bayern.de\/wp-content\/uploads\/2020\/05\/phone-1052023_1280.jpg",1280,960,false],"kahuna-lpbox-3":["https:\/\/digidem-bayern.de\/wp-content\/uploads\/2020\/05\/phone-1052023_1280-460x350.jpg",460,350,true],"kahuna-featured-square":["https:\/\/digidem-bayern.de\/wp-content\/uploads\/2020\/05\/phone-1052023_1280-512x512.jpg",512,512,true],"kahuna-featured-square-large":["https:\/\/digidem-bayern.de\/wp-content\/uploads\/2020\/05\/phone-1052023_1280-1024x960.jpg",1024,960,true]},"post_excerpt_stackable_v2":"<p>Die Ursachen einer Demenzerkrankung sind vielseitig. Das Risiko, an Demenz zu erkranken, h\u00e4ngt dabei unter anderen von sozio\u00f6konomischen Umst\u00e4nden wie Bildung und Wohlstand ab, wie eine britische Forschungsgruppe erkl\u00e4rt. In ihrem Artikel befasst sie sich mit der Frage, wie sich erbliche Veranlagungen im Zusammenspiel mit sozio\u00f6konomischen Faktoren auf die Zeit bis zur Demenzdiagnose auswirkt. Dazu untersuchten die Forscher*innen um Olesya Ajnakina 7093 Menschen ab einem Alter von 50 Jahren \u00fcber einen Zeitraum von 10 Jahren. Die Daten stammen aus der English Longitudinal Study of Aging (ELSA), einer repr\u00e4sentativen britischen Langzeitstudie. Zu Beginn der Studie war keiner der Teilnehmenden an Demenz&hellip;<\/p>\n","category_list_v2":"<a href=\"https:\/\/digidem-bayern.de\/en\/category\/wissenschaft-forschung\/\" rel=\"category tag\">Wissenschaft &amp; Forschung<\/a>","author_info_v2":{"name":"Michael Zeiler","url":"https:\/\/digidem-bayern.de\/en\/author\/michael-zeiler\/"},"comments_num_v2":"0 comments","yoast_head":"<!-- This site is optimized with the Yoast SEO plugin v27.5 - https:\/\/yoast.com\/product\/yoast-seo-wordpress\/ -->\n<title>Bildung und Wohlstand beeinflussen Zeitpunkt einer Demenzdiagnose - digiDEM Bayern<\/title>\n<meta name=\"description\" content=\"Wie beeinflussen sozio\u00f6konomische Faktoren, etwa Bildung und Wohlstand, den Zeitpunkt einer Demenzdiagnose? Das haben britische Forscher untersucht.\" \/>\n<meta name=\"robots\" content=\"index, follow, max-snippet:-1, max-image-preview:large, max-video-preview:-1\" \/>\n<link rel=\"canonical\" href=\"https:\/\/digidem-bayern.de\/en\/bildung-und-wohlstand-beeinflussen-zeitpunkt-einer-demenzdiagnose\/\" \/>\n<meta property=\"og:locale\" content=\"en_US\" \/>\n<meta property=\"og:type\" content=\"article\" \/>\n<meta property=\"og:title\" content=\"Bildung und Wohlstand beeinflussen Zeitpunkt einer Demenzdiagnose - digiDEM Bayern\" \/>\n<meta property=\"og:description\" content=\"Wie beeinflussen sozio\u00f6konomische Faktoren, etwa Bildung und Wohlstand, den Zeitpunkt einer Demenzdiagnose? Das haben britische Forscher untersucht.\" \/>\n<meta property=\"og:url\" content=\"https:\/\/digidem-bayern.de\/en\/bildung-und-wohlstand-beeinflussen-zeitpunkt-einer-demenzdiagnose\/\" \/>\n<meta property=\"og:site_name\" content=\"digiDEM Bayern\" \/>\n<meta property=\"article:publisher\" content=\"https:\/\/www.facebook.com\/digiDEMBayern\/\" \/>\n<meta property=\"article:published_time\" content=\"2020-05-04T12:11:26+00:00\" \/>\n<meta property=\"article:modified_time\" content=\"2020-05-06T07:24:12+00:00\" \/>\n<meta property=\"og:image\" content=\"https:\/\/digidem-bayern.de\/wp-content\/uploads\/2020\/05\/phone-1052023_1280.jpg\" \/>\n\t<meta property=\"og:image:width\" content=\"1280\" \/>\n\t<meta property=\"og:image:height\" content=\"960\" \/>\n\t<meta property=\"og:image:type\" content=\"image\/jpeg\" \/>\n<meta name=\"author\" content=\"Michael Zeiler\" \/>\n<meta name=\"twitter:label1\" content=\"Written by\" \/>\n\t<meta name=\"twitter:data1\" content=\"Michael Zeiler\" \/>\n\t<meta name=\"twitter:label2\" content=\"Est. reading time\" \/>\n\t<meta name=\"twitter:data2\" content=\"2 minutes\" \/>\n<script type=\"application\/ld+json\" class=\"yoast-schema-graph\">{\"@context\":\"https:\\\/\\\/schema.org\",\"@graph\":[{\"@type\":\"Article\",\"@id\":\"https:\\\/\\\/digidem-bayern.de\\\/bildung-und-wohlstand-beeinflussen-zeitpunkt-einer-demenzdiagnose\\\/#article\",\"isPartOf\":{\"@id\":\"https:\\\/\\\/digidem-bayern.de\\\/bildung-und-wohlstand-beeinflussen-zeitpunkt-einer-demenzdiagnose\\\/\"},\"author\":{\"name\":\"Michael Zeiler\",\"@id\":\"\\\/#\\\/schema\\\/person\\\/92754ad381f49b3c358d1d8d2c4f90b8\"},\"headline\":\"Bildung und Wohlstand beeinflussen Zeitpunkt einer Demenzdiagnose\",\"datePublished\":\"2020-05-04T12:11:26+00:00\",\"dateModified\":\"2020-05-06T07:24:12+00:00\",\"mainEntityOfPage\":{\"@id\":\"https:\\\/\\\/digidem-bayern.de\\\/bildung-und-wohlstand-beeinflussen-zeitpunkt-einer-demenzdiagnose\\\/\"},\"wordCount\":479,\"publisher\":{\"@id\":\"\\\/#organization\"},\"image\":{\"@id\":\"https:\\\/\\\/digidem-bayern.de\\\/bildung-und-wohlstand-beeinflussen-zeitpunkt-einer-demenzdiagnose\\\/#primaryimage\"},\"thumbnailUrl\":\"https:\\\/\\\/digidem-bayern.de\\\/wp-content\\\/uploads\\\/2020\\\/05\\\/phone-1052023_1280.jpg\",\"keywords\":[\"Alzheimer\",\"Demenz\",\"Demenzdiagnose\",\"Diabetes\",\"digidem\",\"digidem Bayern\",\"Digitales Demenzregister Bayern\",\"sozio\u00f6konomische Faktoren\"],\"articleSection\":[\"Wissenschaft &amp; Forschung\"],\"inLanguage\":\"en-US\"},{\"@type\":\"WebPage\",\"@id\":\"https:\\\/\\\/digidem-bayern.de\\\/bildung-und-wohlstand-beeinflussen-zeitpunkt-einer-demenzdiagnose\\\/\",\"url\":\"https:\\\/\\\/digidem-bayern.de\\\/bildung-und-wohlstand-beeinflussen-zeitpunkt-einer-demenzdiagnose\\\/\",\"name\":\"Bildung und Wohlstand beeinflussen Zeitpunkt einer Demenzdiagnose - digiDEM Bayern\",\"isPartOf\":{\"@id\":\"\\\/#website\"},\"primaryImageOfPage\":{\"@id\":\"https:\\\/\\\/digidem-bayern.de\\\/bildung-und-wohlstand-beeinflussen-zeitpunkt-einer-demenzdiagnose\\\/#primaryimage\"},\"image\":{\"@id\":\"https:\\\/\\\/digidem-bayern.de\\\/bildung-und-wohlstand-beeinflussen-zeitpunkt-einer-demenzdiagnose\\\/#primaryimage\"},\"thumbnailUrl\":\"https:\\\/\\\/digidem-bayern.de\\\/wp-content\\\/uploads\\\/2020\\\/05\\\/phone-1052023_1280.jpg\",\"datePublished\":\"2020-05-04T12:11:26+00:00\",\"dateModified\":\"2020-05-06T07:24:12+00:00\",\"description\":\"Wie beeinflussen sozio\u00f6konomische Faktoren, etwa Bildung und Wohlstand, den Zeitpunkt einer Demenzdiagnose? Das haben britische Forscher untersucht.\",\"breadcrumb\":{\"@id\":\"https:\\\/\\\/digidem-bayern.de\\\/bildung-und-wohlstand-beeinflussen-zeitpunkt-einer-demenzdiagnose\\\/#breadcrumb\"},\"inLanguage\":\"en-US\",\"potentialAction\":[{\"@type\":\"ReadAction\",\"target\":[\"https:\\\/\\\/digidem-bayern.de\\\/bildung-und-wohlstand-beeinflussen-zeitpunkt-einer-demenzdiagnose\\\/\"]}]},{\"@type\":\"ImageObject\",\"inLanguage\":\"en-US\",\"@id\":\"https:\\\/\\\/digidem-bayern.de\\\/bildung-und-wohlstand-beeinflussen-zeitpunkt-einer-demenzdiagnose\\\/#primaryimage\",\"url\":\"https:\\\/\\\/digidem-bayern.de\\\/wp-content\\\/uploads\\\/2020\\\/05\\\/phone-1052023_1280.jpg\",\"contentUrl\":\"https:\\\/\\\/digidem-bayern.de\\\/wp-content\\\/uploads\\\/2020\\\/05\\\/phone-1052023_1280.jpg\",\"width\":1280,\"height\":960,\"caption\":\"Aufgeschlagenes Buch, darauf eine Brille und daneben ein Smartphone.\"},{\"@type\":\"BreadcrumbList\",\"@id\":\"https:\\\/\\\/digidem-bayern.de\\\/bildung-und-wohlstand-beeinflussen-zeitpunkt-einer-demenzdiagnose\\\/#breadcrumb\",\"itemListElement\":[{\"@type\":\"ListItem\",\"position\":1,\"name\":\"Startseite\",\"item\":\"https:\\\/\\\/digidem-bayern.de\\\/\"},{\"@type\":\"ListItem\",\"position\":2,\"name\":\"Bildung und Wohlstand beeinflussen Zeitpunkt einer Demenzdiagnose\"}]},{\"@type\":\"WebSite\",\"@id\":\"\\\/#website\",\"url\":\"\\\/\",\"name\":\"digiDEM Bayern\",\"description\":\"Das digitale Demenzregister Bayern erforscht und verbessert die Angebotsstuktur f\u00fcr Menschen mit Demenz und deren Angeh\u00f6rige\",\"publisher\":{\"@id\":\"\\\/#organization\"},\"potentialAction\":[{\"@type\":\"SearchAction\",\"target\":{\"@type\":\"EntryPoint\",\"urlTemplate\":\"\\\/?s={search_term_string}\"},\"query-input\":{\"@type\":\"PropertyValueSpecification\",\"valueRequired\":true,\"valueName\":\"search_term_string\"}}],\"inLanguage\":\"en-US\"},{\"@type\":\"Organization\",\"@id\":\"\\\/#organization\",\"name\":\"digiDEM Bayern\",\"url\":\"\\\/\",\"logo\":{\"@type\":\"ImageObject\",\"inLanguage\":\"en-US\",\"@id\":\"\\\/#\\\/schema\\\/logo\\\/image\\\/\",\"url\":\"https:\\\/\\\/digidem-bayern.de\\\/wp-content\\\/uploads\\\/2022\\\/03\\\/cropped-Allgemeines_digiDEMLOGO-removebg-preview.png\",\"contentUrl\":\"https:\\\/\\\/digidem-bayern.de\\\/wp-content\\\/uploads\\\/2022\\\/03\\\/cropped-Allgemeines_digiDEMLOGO-removebg-preview.png\",\"width\":612,\"height\":357,\"caption\":\"digiDEM Bayern\"},\"image\":{\"@id\":\"\\\/#\\\/schema\\\/logo\\\/image\\\/\"},\"sameAs\":[\"https:\\\/\\\/www.facebook.com\\\/digiDEMBayern\\\/\",\"https:\\\/\\\/x.com\\\/digidem_bayern\",\"https:\\\/\\\/www.instagram.com\\\/digidem.bayern\",\"https:\\\/\\\/www.linkedin.com\\\/company\\\/digidem-bayern\\\/\"]},{\"@type\":\"Person\",\"@id\":\"\\\/#\\\/schema\\\/person\\\/92754ad381f49b3c358d1d8d2c4f90b8\",\"name\":\"Michael Zeiler\",\"url\":\"https:\\\/\\\/digidem-bayern.de\\\/en\\\/author\\\/michael-zeiler\\\/\"}]}<\/script>\n<!-- \/ Yoast SEO plugin. -->","yoast_head_json":{"title":"Bildung und Wohlstand beeinflussen Zeitpunkt einer Demenzdiagnose - digiDEM Bayern","description":"Wie beeinflussen sozio\u00f6konomische Faktoren, etwa Bildung und Wohlstand, den Zeitpunkt einer Demenzdiagnose? Das haben britische Forscher untersucht.","robots":{"index":"index","follow":"follow","max-snippet":"max-snippet:-1","max-image-preview":"max-image-preview:large","max-video-preview":"max-video-preview:-1"},"canonical":"https:\/\/digidem-bayern.de\/en\/bildung-und-wohlstand-beeinflussen-zeitpunkt-einer-demenzdiagnose\/","og_locale":"en_US","og_type":"article","og_title":"Bildung und Wohlstand beeinflussen Zeitpunkt einer Demenzdiagnose - digiDEM Bayern","og_description":"Wie beeinflussen sozio\u00f6konomische Faktoren, etwa Bildung und Wohlstand, den Zeitpunkt einer Demenzdiagnose? Das haben britische Forscher untersucht.","og_url":"https:\/\/digidem-bayern.de\/en\/bildung-und-wohlstand-beeinflussen-zeitpunkt-einer-demenzdiagnose\/","og_site_name":"digiDEM Bayern","article_publisher":"https:\/\/www.facebook.com\/digiDEMBayern\/","article_published_time":"2020-05-04T12:11:26+00:00","article_modified_time":"2020-05-06T07:24:12+00:00","og_image":[{"width":1280,"height":960,"url":"https:\/\/digidem-bayern.de\/wp-content\/uploads\/2020\/05\/phone-1052023_1280.jpg","type":"image\/jpeg"}],"author":"Michael Zeiler","twitter_misc":{"Written by":"Michael Zeiler","Est. reading time":"2 minutes"},"schema":{"@context":"https:\/\/schema.org","@graph":[{"@type":"Article","@id":"https:\/\/digidem-bayern.de\/bildung-und-wohlstand-beeinflussen-zeitpunkt-einer-demenzdiagnose\/#article","isPartOf":{"@id":"https:\/\/digidem-bayern.de\/bildung-und-wohlstand-beeinflussen-zeitpunkt-einer-demenzdiagnose\/"},"author":{"name":"Michael Zeiler","@id":"\/#\/schema\/person\/92754ad381f49b3c358d1d8d2c4f90b8"},"headline":"Bildung und Wohlstand beeinflussen Zeitpunkt einer Demenzdiagnose","datePublished":"2020-05-04T12:11:26+00:00","dateModified":"2020-05-06T07:24:12+00:00","mainEntityOfPage":{"@id":"https:\/\/digidem-bayern.de\/bildung-und-wohlstand-beeinflussen-zeitpunkt-einer-demenzdiagnose\/"},"wordCount":479,"publisher":{"@id":"\/#organization"},"image":{"@id":"https:\/\/digidem-bayern.de\/bildung-und-wohlstand-beeinflussen-zeitpunkt-einer-demenzdiagnose\/#primaryimage"},"thumbnailUrl":"https:\/\/digidem-bayern.de\/wp-content\/uploads\/2020\/05\/phone-1052023_1280.jpg","keywords":["Alzheimer","Demenz","Demenzdiagnose","Diabetes","digidem","digidem Bayern","Digitales Demenzregister Bayern","sozio\u00f6konomische Faktoren"],"articleSection":["Wissenschaft &amp; Forschung"],"inLanguage":"en-US"},{"@type":"WebPage","@id":"https:\/\/digidem-bayern.de\/bildung-und-wohlstand-beeinflussen-zeitpunkt-einer-demenzdiagnose\/","url":"https:\/\/digidem-bayern.de\/bildung-und-wohlstand-beeinflussen-zeitpunkt-einer-demenzdiagnose\/","name":"Bildung und Wohlstand beeinflussen Zeitpunkt einer Demenzdiagnose - digiDEM Bayern","isPartOf":{"@id":"\/#website"},"primaryImageOfPage":{"@id":"https:\/\/digidem-bayern.de\/bildung-und-wohlstand-beeinflussen-zeitpunkt-einer-demenzdiagnose\/#primaryimage"},"image":{"@id":"https:\/\/digidem-bayern.de\/bildung-und-wohlstand-beeinflussen-zeitpunkt-einer-demenzdiagnose\/#primaryimage"},"thumbnailUrl":"https:\/\/digidem-bayern.de\/wp-content\/uploads\/2020\/05\/phone-1052023_1280.jpg","datePublished":"2020-05-04T12:11:26+00:00","dateModified":"2020-05-06T07:24:12+00:00","description":"Wie beeinflussen sozio\u00f6konomische Faktoren, etwa Bildung und Wohlstand, den Zeitpunkt einer Demenzdiagnose? Das haben britische Forscher untersucht.","breadcrumb":{"@id":"https:\/\/digidem-bayern.de\/bildung-und-wohlstand-beeinflussen-zeitpunkt-einer-demenzdiagnose\/#breadcrumb"},"inLanguage":"en-US","potentialAction":[{"@type":"ReadAction","target":["https:\/\/digidem-bayern.de\/bildung-und-wohlstand-beeinflussen-zeitpunkt-einer-demenzdiagnose\/"]}]},{"@type":"ImageObject","inLanguage":"en-US","@id":"https:\/\/digidem-bayern.de\/bildung-und-wohlstand-beeinflussen-zeitpunkt-einer-demenzdiagnose\/#primaryimage","url":"https:\/\/digidem-bayern.de\/wp-content\/uploads\/2020\/05\/phone-1052023_1280.jpg","contentUrl":"https:\/\/digidem-bayern.de\/wp-content\/uploads\/2020\/05\/phone-1052023_1280.jpg","width":1280,"height":960,"caption":"Aufgeschlagenes Buch, darauf eine Brille und daneben ein Smartphone."},{"@type":"BreadcrumbList","@id":"https:\/\/digidem-bayern.de\/bildung-und-wohlstand-beeinflussen-zeitpunkt-einer-demenzdiagnose\/#breadcrumb","itemListElement":[{"@type":"ListItem","position":1,"name":"Startseite","item":"https:\/\/digidem-bayern.de\/"},{"@type":"ListItem","position":2,"name":"Bildung und Wohlstand beeinflussen Zeitpunkt einer Demenzdiagnose"}]},{"@type":"WebSite","@id":"\/#website","url":"\/","name":"digiDEM Bavaria","description":"The digital dementia register in Bavaria researches and improves the structure of services for people with dementia and their relatives","publisher":{"@id":"\/#organization"},"potentialAction":[{"@type":"SearchAction","target":{"@type":"EntryPoint","urlTemplate":"\/?s={search_term_string}"},"query-input":{"@type":"PropertyValueSpecification","valueRequired":true,"valueName":"search_term_string"}}],"inLanguage":"en-US"},{"@type":"Organization","@id":"\/#organization","name":"digiDEM Bavaria","url":"\/","logo":{"@type":"ImageObject","inLanguage":"en-US","@id":"\/#\/schema\/logo\/image\/","url":"https:\/\/digidem-bayern.de\/wp-content\/uploads\/2022\/03\/cropped-Allgemeines_digiDEMLOGO-removebg-preview.png","contentUrl":"https:\/\/digidem-bayern.de\/wp-content\/uploads\/2022\/03\/cropped-Allgemeines_digiDEMLOGO-removebg-preview.png","width":612,"height":357,"caption":"digiDEM Bayern"},"image":{"@id":"\/#\/schema\/logo\/image\/"},"sameAs":["https:\/\/www.facebook.com\/digiDEMBayern\/","https:\/\/x.com\/digidem_bayern","https:\/\/www.instagram.com\/digidem.bayern","https:\/\/www.linkedin.com\/company\/digidem-bayern\/"]},{"@type":"Person","@id":"\/#\/schema\/person\/92754ad381f49b3c358d1d8d2c4f90b8","name":"Michael Zeiler","url":"https:\/\/digidem-bayern.de\/en\/author\/michael-zeiler\/"}]}},"uagb_featured_image_src":{"full":["https:\/\/digidem-bayern.de\/wp-content\/uploads\/2020\/05\/phone-1052023_1280.jpg",1280,960,false],"thumbnail":["https:\/\/digidem-bayern.de\/wp-content\/uploads\/2020\/05\/phone-1052023_1280-80x80.jpg",80,80,true],"medium":["https:\/\/digidem-bayern.de\/wp-content\/uploads\/2020\/05\/phone-1052023_1280-300x225.jpg",300,225,true],"medium_large":["https:\/\/digidem-bayern.de\/wp-content\/uploads\/2020\/05\/phone-1052023_1280-768x576.jpg",768,576,true],"large":["https:\/\/digidem-bayern.de\/wp-content\/uploads\/2020\/05\/phone-1052023_1280-1030x773.jpg",1030,773,true],"1536x1536":["https:\/\/digidem-bayern.de\/wp-content\/uploads\/2020\/05\/phone-1052023_1280.jpg",1280,960,false],"2048x2048":["https:\/\/digidem-bayern.de\/wp-content\/uploads\/2020\/05\/phone-1052023_1280.jpg",1280,960,false],"trp-custom-language-flag":["https:\/\/digidem-bayern.de\/wp-content\/uploads\/2020\/05\/phone-1052023_1280.jpg",16,12,false],"qubely_landscape":["https:\/\/digidem-bayern.de\/wp-content\/uploads\/2020\/05\/phone-1052023_1280-1200x750.jpg",1200,750,true],"qubely_portrait":["https:\/\/digidem-bayern.de\/wp-content\/uploads\/2020\/05\/phone-1052023_1280-540x320.jpg",540,320,true],"qubely_thumbnail":["https:\/\/digidem-bayern.de\/wp-content\/uploads\/2020\/05\/phone-1052023_1280-140x100.jpg",140,100,true],"post-thumbnail":["https:\/\/digidem-bayern.de\/wp-content\/uploads\/2020\/05\/phone-1052023_1280-467x350.jpg",467,350,true],"kahuna-featured":["https:\/\/digidem-bayern.de\/wp-content\/uploads\/2020\/05\/phone-1052023_1280-495x350.jpg",495,350,true],"kahuna-featured-lp":["https:\/\/digidem-bayern.de\/wp-content\/uploads\/2020\/05\/phone-1052023_1280-460x350.jpg",460,350,true],"kahuna-featured-half":["https:\/\/digidem-bayern.de\/wp-content\/uploads\/2020\/05\/phone-1052023_1280-800x350.jpg",800,350,true],"kahuna-featured-third":["https:\/\/digidem-bayern.de\/wp-content\/uploads\/2020\/05\/phone-1052023_1280-512x350.jpg",512,350,true],"kahuna-lpbox-1":["https:\/\/digidem-bayern.de\/wp-content\/uploads\/2020\/05\/phone-1052023_1280-460x350.jpg",394,300,true],"kahuna-lpbox-2":["https:\/\/digidem-bayern.de\/wp-content\/uploads\/2020\/05\/phone-1052023_1280-460x350.jpg",460,350,true],"demand-language-flag":["https:\/\/digidem-bayern.de\/wp-content\/uploads\/2020\/05\/phone-1052023_1280.jpg",36,27,false],"dddkt-language-flag":["https:\/\/digidem-bayern.de\/wp-content\/uploads\/2020\/05\/phone-1052023_1280.jpg",36,27,false],"ddiqc-language-flag":["https:\/\/digidem-bayern.de\/wp-content\/uploads\/2020\/05\/phone-1052023_1280.jpg",36,27,false],"ddtl-language-flag":["https:\/\/digidem-bayern.de\/wp-content\/uploads\/2020\/05\/phone-1052023_1280.jpg",36,27,false],"mailpoet_newsletter_max":["https:\/\/digidem-bayern.de\/wp-content\/uploads\/2020\/05\/phone-1052023_1280.jpg",1280,960,false],"kahuna-lpbox-3":["https:\/\/digidem-bayern.de\/wp-content\/uploads\/2020\/05\/phone-1052023_1280-460x350.jpg",460,350,true],"kahuna-featured-square":["https:\/\/digidem-bayern.de\/wp-content\/uploads\/2020\/05\/phone-1052023_1280-512x512.jpg",512,512,true],"kahuna-featured-square-large":["https:\/\/digidem-bayern.de\/wp-content\/uploads\/2020\/05\/phone-1052023_1280-1024x960.jpg",1024,960,true]},"uagb_author_info":{"display_name":"Michael Zeiler","author_link":"https:\/\/digidem-bayern.de\/en\/author\/michael-zeiler\/"},"uagb_comment_info":0,"uagb_excerpt":"Die Ursachen einer Demenzerkrankung sind vielseitig. Das Risiko, an Demenz zu erkranken, h\u00e4ngt dabei unter anderen von sozio\u00f6konomischen Umst\u00e4nden wie Bildung und Wohlstand ab, wie eine britische Forschungsgruppe erkl\u00e4rt. In ihrem Artikel befasst sie sich mit der Frage, wie sich erbliche Veranlagungen im Zusammenspiel mit sozio\u00f6konomischen Faktoren auf die Zeit &hellip;","_links":{"self":[{"href":"https:\/\/digidem-bayern.de\/en\/wp-json\/wp\/v2\/posts\/5117","targetHints":{"allow":["GET"]}}],"collection":[{"href":"https:\/\/digidem-bayern.de\/en\/wp-json\/wp\/v2\/posts"}],"about":[{"href":"https:\/\/digidem-bayern.de\/en\/wp-json\/wp\/v2\/types\/post"}],"author":[{"embeddable":true,"href":"https:\/\/digidem-bayern.de\/en\/wp-json\/wp\/v2\/users\/11"}],"replies":[{"embeddable":true,"href":"https:\/\/digidem-bayern.de\/en\/wp-json\/wp\/v2\/comments?post=5117"}],"version-history":[{"count":0,"href":"https:\/\/digidem-bayern.de\/en\/wp-json\/wp\/v2\/posts\/5117\/revisions"}],"wp:featuredmedia":[{"embeddable":true,"href":"https:\/\/digidem-bayern.de\/en\/wp-json\/wp\/v2\/media\/5124"}],"wp:attachment":[{"href":"https:\/\/digidem-bayern.de\/en\/wp-json\/wp\/v2\/media?parent=5117"}],"wp:term":[{"taxonomy":"category","embeddable":true,"href":"https:\/\/digidem-bayern.de\/en\/wp-json\/wp\/v2\/categories?post=5117"},{"taxonomy":"post_tag","embeddable":true,"href":"https:\/\/digidem-bayern.de\/en\/wp-json\/wp\/v2\/tags?post=5117"}],"curies":[{"name":"wp","href":"https:\/\/api.w.org\/{rel}","templated":true}]}}