{"id":49103,"date":"2026-04-29T19:32:43","date_gmt":"2026-04-29T17:32:43","guid":{"rendered":"https:\/\/digidem-bayern.de\/?p=49103"},"modified":"2026-04-30T08:56:21","modified_gmt":"2026-04-30T06:56:21","slug":"vaskulaere-demenz-eine-unterschaetzte-gefahr","status":"publish","type":"post","link":"https:\/\/digidem-bayern.de\/en\/vaskulaere-demenz-eine-unterschaetzte-gefahr\/","title":{"rendered":"Vaskul\u00e4re Demenz: Eine untersch\u00e4tzte Gefahr"},"content":{"rendered":"<p><strong><strong><strong><strong><strong><strong><strong><strong><strong><strong><strong><strong><strong><strong><strong><strong><strong><strong><strong><strong><strong><strong><strong><strong><strong><strong><strong><strong><strong><strong><strong><strong><strong><strong><strong><strong><strong><strong><strong><strong><strong><strong><strong><strong>Schlaganfall, Bluthochdruck, Diabetes: Durchblutungsst\u00f6rungen im Gehirn sind die Grundlage der vaskul\u00e4ren Demenz, der zweith\u00e4ufigsten Demenzform weltweit. Eine aktuelle \u00dcbersichtsarbeit der Weltorganisation f\u00fcr die Erkrankung Schlaganfall (World Stroke Organization) verdeutlicht nun die globale Bedeutung dieser Erkrankung und zeigt, dass vaskul\u00e4re Ver\u00e4nderungen bei fast jedem dritten Demenzfall eine entscheidende Rolle spielen.<\/strong><\/strong><\/strong><\/strong><\/strong><\/strong><\/strong><\/strong><\/strong><\/strong><\/strong><\/strong><\/strong><\/strong><\/strong><\/strong><\/strong><\/strong><\/strong><\/strong><\/strong><\/strong><\/strong><\/strong><\/strong><\/strong><\/strong><\/strong><\/strong><\/strong><\/strong><\/strong><\/strong><\/strong><\/strong><\/strong><\/strong><\/strong><\/strong><\/strong><\/strong><\/strong><\/strong><\/strong><\/p>\n\n\n\n<p>W\u00e4hrend die Zahl der Menschen mit Demenz bis 2050 auf \u00fcber 137 Millionen ansteigen soll, r\u00fcckt die vaskul\u00e4re Demenz zunehmend in den Fokus der Forschung. Bev\u00f6lkerungsbasierte Studien mit Autopsie-Best\u00e4tigung zeigen, dass die reine Form der vaskul\u00e4ren Demenz etwa 15 % aller F\u00e4lle ausmacht. Rechnet man Mischformen hinzu, bei denen sowohl vaskul\u00e4re als auch neurodegenerative Ver\u00e4nderungen wie bei Alzheimer-Demenz vorliegen, ist sogar fast jede dritte Diagnose betroffen. Weltweit leiden derzeit sch\u00e4tzungsweise 8,5 Millionen Menschen an einer reinen vaskul\u00e4ren Demenz und weitere 9,1 Millionen an einer Mischdemenz.<\/p>\n\n\n<div class=\"wp-block-image\">\n<figure class=\"alignright size-full is-resized\"><img loading=\"lazy\" decoding=\"async\" width=\"1600\" height=\"1214\" src=\"https:\/\/digidem-bayern.de\/wp-content\/uploads\/2026\/04\/Vaskulaere-Demenz.jpg\" alt=\"\" class=\"wp-image-49082\" style=\"width:572px;height:auto\" srcset=\"https:\/\/digidem-bayern.de\/wp-content\/uploads\/2026\/04\/Vaskulaere-Demenz.jpg 1600w, https:\/\/digidem-bayern.de\/wp-content\/uploads\/2026\/04\/Vaskulaere-Demenz-300x228.jpg 300w, https:\/\/digidem-bayern.de\/wp-content\/uploads\/2026\/04\/Vaskulaere-Demenz-1030x781.jpg 1030w, https:\/\/digidem-bayern.de\/wp-content\/uploads\/2026\/04\/Vaskulaere-Demenz-768x583.jpg 768w, https:\/\/digidem-bayern.de\/wp-content\/uploads\/2026\/04\/Vaskulaere-Demenz-1536x1165.jpg 1536w, https:\/\/digidem-bayern.de\/wp-content\/uploads\/2026\/04\/Vaskulaere-Demenz-2048x1554.jpg 2048w, https:\/\/digidem-bayern.de\/wp-content\/uploads\/2026\/04\/Vaskulaere-Demenz-16x12.jpg 16w, https:\/\/digidem-bayern.de\/wp-content\/uploads\/2026\/04\/Vaskulaere-Demenz-461x350.jpg 461w, https:\/\/digidem-bayern.de\/wp-content\/uploads\/2026\/04\/Vaskulaere-Demenz-1320x1001.jpg 1320w\" sizes=\"auto, (max-width: 1600px) 100vw, 1600px\" \/><figcaption class=\"wp-element-caption\">Foto: Shutterstock<\/figcaption><\/figure>\n<\/div>\n\n\n<p><strong><strong><strong><strong><strong><strong><strong><strong><strong><strong><strong><strong><strong>Der Schlaganfall als zentraler Risikofaktor<\/strong><\/strong><\/strong><\/strong><\/strong><\/strong><\/strong><\/strong><\/strong><\/strong><\/strong><\/strong><\/strong><\/p>\n\n\n\n<p>Ein besonderes Augenmerk legt die Studie auf die Zeit nach einem Schlaganfall. Die sogenannte Post-Schlaganfall-Demenz ist ein h\u00e4ufiger Subtyp der vaskul\u00e4ren Demenz, und die Zahlen sprechen f\u00fcr sich: Rund 10-20 % der Betroffenen entwickeln bereits im ersten Jahr nach einem Schlaganfall eine Demenz, bei weiteren 19 % zeigt sich ein verz\u00f6gerter Beginn der Erkrankung. Da die Zahl der Schlaganf\u00e4lle durch die alternde Bev\u00f6lkerung weltweit zunimmt, ist bis 2050 ein Anstieg vaskul\u00e4r bedingter Demenzf\u00e4lle auf etwa 42,7 Millionen zu erwarten.<\/p>\n\n\n\n<p><strong><strong><strong><strong><strong>Gef\u00e4\u00dfe und Nervenzellen beeinflussen sich gegenseitig<\/strong><\/strong><\/strong><\/strong><\/strong><\/p>\n\n\n\n<p>Die Forschung macht deutlich, dass vaskul\u00e4re Erkrankungen und Alzheimer-Demenz keine isolierten Prozesse sind. Oft existieren beide Krankheitsbilder nebeneinander und verst\u00e4rken sich gegenseitig, sodass vaskul\u00e4re Sch\u00e4den dazu beitragen k\u00f6nnen, dass kognitive Symptome fr\u00fcher oder ausgepr\u00e4gter auftreten. Trotz dieser Relevanz bleibt die vaskul\u00e4re Demenz im Vergleich zu anderen Formen nach wie vor unterdiagnostiziert und weniger erforscht. Die Autorinnen und Autoren fordern daher weltweit standardisierte Diagnoseverfahren sowie eine st\u00e4rkere Gewichtung von Pr\u00e4ventionsstrategien, um dieser Entwicklung entgegenzuwirken.<\/p>\n\n\n\n<p><strong>Tipp f\u00fcr die Praxis<\/strong>: Gef\u00e4\u00dfbezogene Risikofaktoren wie Bluthochdruck, Diabetes und \u00dcbergewicht lassen sich durch einen gesunden Lebensstil positiv beeinflussen und damit auch das Demenzrisiko senken. Der <a href=\"https:\/\/digidem-bayern.de\/en\/digitale-angebote\/\">Pr\u00e4ventionscoach Demenz<\/a> von digiDEM Bayern unterst\u00fctzt dabei, das eigene Risiko einzusch\u00e4tzen und konkrete Ma\u00dfnahmen zur Pr\u00e4vention in den Alltag zu integrieren.<\/p>\n\n\n\n<p>Hier geht&#8217;s zur Studie:<\/p>\n\n\n\n<p><a href=\"https:\/\/pmc.ncbi.nlm.nih.gov\/articles\/PMC12831815\/\">Vascular dementia: World Stroke Organization fact sheet 2026<\/a><\/p>\n\n\n\n<p><\/p>\n\n\n\n<p><\/p>\n\n\n\n<p><\/p>\n\n\n\n<p><\/p>\n\n\n\n<p><\/p>\n\n\n\n<div style=\"height:0px\" aria-hidden=\"true\" class=\"wp-block-spacer\"><\/div>\n\n\n\n<p><\/p>","protected":false},"excerpt":{"rendered":"<p>Schlaganfall, Bluthochdruck, Diabetes: Durchblutungsst\u00f6rungen im Gehirn sind die Grundlage der vaskul\u00e4ren Demenz, der zweith\u00e4ufigsten Demenzform weltweit. Eine aktuelle \u00dcbersichtsarbeit der Weltorganisation f\u00fcr die Erkrankung Schlaganfall (World Stroke Organization) verdeutlicht nun die globale Bedeutung dieser Erkrankung und zeigt, dass vaskul\u00e4re Ver\u00e4nderungen bei fast jedem dritten Demenzfall eine entscheidende Rolle spielen. W\u00e4hrend &hellip;<\/p>","protected":false},"author":7,"featured_media":49082,"comment_status":"open","ping_status":"closed","sticky":false,"template":"","format":"standard","meta":{"qubely_global_settings":"","qubely_interactions":"","_uag_custom_page_level_css":"","footnotes":""},"categories":[8,5],"tags":[1906,177,14,1168,1202],"class_list":["post-49103","post","type-post","status-publish","format-standard","has-post-thumbnail","hentry","category-aktuelles-zu-digidem","category-wissenschaft-forschung","tag-blutgefaesse","tag-demenzrisiko","tag-digidem","tag-schlaganfall","tag-vaskulaere-demenz"],"qubely_featured_image_url":{"full":["https:\/\/digidem-bayern.de\/wp-content\/uploads\/2026\/04\/Vaskulaere-Demenz.jpg",1600,1214,false],"landscape":["https:\/\/digidem-bayern.de\/wp-content\/uploads\/2026\/04\/Vaskulaere-Demenz-1200x750.jpg",1200,750,true],"portraits":["https:\/\/digidem-bayern.de\/wp-content\/uploads\/2026\/04\/Vaskulaere-Demenz-540x320.jpg",540,320,true],"thumbnail":["https:\/\/digidem-bayern.de\/wp-content\/uploads\/2026\/04\/Vaskulaere-Demenz-80x80.jpg",80,80,true],"medium":["https:\/\/digidem-bayern.de\/wp-content\/uploads\/2026\/04\/Vaskulaere-Demenz-300x228.jpg",300,228,true],"medium_large":["https:\/\/digidem-bayern.de\/wp-content\/uploads\/2026\/04\/Vaskulaere-Demenz-768x583.jpg",768,583,true],"large":["https:\/\/digidem-bayern.de\/wp-content\/uploads\/2026\/04\/Vaskulaere-Demenz-1030x781.jpg",1030,781,true],"1536x1536":["https:\/\/digidem-bayern.de\/wp-content\/uploads\/2026\/04\/Vaskulaere-Demenz-1536x1165.jpg",1536,1165,true],"2048x2048":["https:\/\/digidem-bayern.de\/wp-content\/uploads\/2026\/04\/Vaskulaere-Demenz-2048x1554.jpg",2048,1554,true],"trp-custom-language-flag":["https:\/\/digidem-bayern.de\/wp-content\/uploads\/2026\/04\/Vaskulaere-Demenz-16x12.jpg",16,12,true],"qubely_landscape":["https:\/\/digidem-bayern.de\/wp-content\/uploads\/2026\/04\/Vaskulaere-Demenz-1200x750.jpg",1200,750,true],"qubely_portrait":["https:\/\/digidem-bayern.de\/wp-content\/uploads\/2026\/04\/Vaskulaere-Demenz-540x320.jpg",540,320,true],"qubely_thumbnail":["https:\/\/digidem-bayern.de\/wp-content\/uploads\/2026\/04\/Vaskulaere-Demenz-140x100.jpg",140,100,true],"post-thumbnail":["https:\/\/digidem-bayern.de\/wp-content\/uploads\/2026\/04\/Vaskulaere-Demenz-461x350.jpg",461,350,true],"kahuna-featured":["https:\/\/digidem-bayern.de\/wp-content\/uploads\/2026\/04\/Vaskulaere-Demenz-734x350.jpg",734,350,true],"kahuna-featured-lp":["https:\/\/digidem-bayern.de\/wp-content\/uploads\/2026\/04\/Vaskulaere-Demenz-520x350.jpg",520,350,true],"kahuna-featured-half":["https:\/\/digidem-bayern.de\/wp-content\/uploads\/2026\/04\/Vaskulaere-Demenz-800x350.jpg",800,350,true],"kahuna-featured-third":["https:\/\/digidem-bayern.de\/wp-content\/uploads\/2026\/04\/Vaskulaere-Demenz-512x350.jpg",512,350,true],"kahuna-lpbox-1":["https:\/\/digidem-bayern.de\/wp-content\/uploads\/2026\/04\/Vaskulaere-Demenz-520x300.jpg",520,300,true],"kahuna-lpbox-2":["https:\/\/digidem-bayern.de\/wp-content\/uploads\/2026\/04\/Vaskulaere-Demenz-520x350.jpg",520,350,true],"demand-language-flag":["https:\/\/digidem-bayern.de\/wp-content\/uploads\/2026\/04\/Vaskulaere-Demenz-36x36.jpg",36,36,true],"dddkt-language-flag":["https:\/\/digidem-bayern.de\/wp-content\/uploads\/2026\/04\/Vaskulaere-Demenz-36x36.jpg",36,36,true],"ddiqc-language-flag":["https:\/\/digidem-bayern.de\/wp-content\/uploads\/2026\/04\/Vaskulaere-Demenz-36x36.jpg",36,36,true],"ddtl-language-flag":["https:\/\/digidem-bayern.de\/wp-content\/uploads\/2026\/04\/Vaskulaere-Demenz-36x36.jpg",36,36,true],"mailpoet_newsletter_max":["https:\/\/digidem-bayern.de\/wp-content\/uploads\/2026\/04\/Vaskulaere-Demenz-1320x1001.jpg",1320,1001,true],"kahuna-lpbox-3":["https:\/\/digidem-bayern.de\/wp-content\/uploads\/2026\/04\/Vaskulaere-Demenz-520x350.jpg",520,350,true],"kahuna-featured-square":["https:\/\/digidem-bayern.de\/wp-content\/uploads\/2026\/04\/Vaskulaere-Demenz-512x512.jpg",512,512,true],"kahuna-featured-square-large":["https:\/\/digidem-bayern.de\/wp-content\/uploads\/2026\/04\/Vaskulaere-Demenz-1024x1024.jpg",1024,1024,true]},"qubely_author":{"display_name":"Anne Keefer","author_link":"https:\/\/digidem-bayern.de\/en\/author\/ag-webinar\/"},"qubely_comment":0,"qubely_category":"<a href=\"https:\/\/digidem-bayern.de\/en\/category\/aktuelles-zu-digidem\/\" rel=\"category tag\">Aktuelles zu digiDEM<\/a> <a href=\"https:\/\/digidem-bayern.de\/en\/category\/wissenschaft-forschung\/\" rel=\"category tag\">Wissenschaft &amp; Forschung<\/a>","qubely_excerpt":"Schlaganfall, Bluthochdruck, Diabetes: Durchblutungsst\u00f6rungen im Gehirn sind die Grundlage der vaskul\u00e4ren Demenz, der zweith\u00e4ufigsten Demenzform weltweit. Eine aktuelle \u00dcbersichtsarbeit der Weltorganisation f\u00fcr die Erkrankung Schlaganfall (World Stroke Organization) verdeutlicht nun die globale Bedeutung dieser Erkrankung und zeigt, dass vaskul\u00e4re Ver\u00e4nderungen bei fast jedem dritten Demenzfall eine entscheidende Rolle spielen. W\u00e4hrend &hellip;","featured_image_urls_v2":{"full":["https:\/\/digidem-bayern.de\/wp-content\/uploads\/2026\/04\/Vaskulaere-Demenz.jpg",1600,1214,false],"thumbnail":["https:\/\/digidem-bayern.de\/wp-content\/uploads\/2026\/04\/Vaskulaere-Demenz-80x80.jpg",80,80,true],"medium":["https:\/\/digidem-bayern.de\/wp-content\/uploads\/2026\/04\/Vaskulaere-Demenz-300x228.jpg",300,228,true],"medium_large":["https:\/\/digidem-bayern.de\/wp-content\/uploads\/2026\/04\/Vaskulaere-Demenz-768x583.jpg",768,583,true],"large":["https:\/\/digidem-bayern.de\/wp-content\/uploads\/2026\/04\/Vaskulaere-Demenz-1030x781.jpg",1030,781,true],"1536x1536":["https:\/\/digidem-bayern.de\/wp-content\/uploads\/2026\/04\/Vaskulaere-Demenz-1536x1165.jpg",1536,1165,true],"2048x2048":["https:\/\/digidem-bayern.de\/wp-content\/uploads\/2026\/04\/Vaskulaere-Demenz-2048x1554.jpg",2048,1554,true],"trp-custom-language-flag":["https:\/\/digidem-bayern.de\/wp-content\/uploads\/2026\/04\/Vaskulaere-Demenz-16x12.jpg",16,12,true],"qubely_landscape":["https:\/\/digidem-bayern.de\/wp-content\/uploads\/2026\/04\/Vaskulaere-Demenz-1200x750.jpg",1200,750,true],"qubely_portrait":["https:\/\/digidem-bayern.de\/wp-content\/uploads\/2026\/04\/Vaskulaere-Demenz-540x320.jpg",540,320,true],"qubely_thumbnail":["https:\/\/digidem-bayern.de\/wp-content\/uploads\/2026\/04\/Vaskulaere-Demenz-140x100.jpg",140,100,true],"post-thumbnail":["https:\/\/digidem-bayern.de\/wp-content\/uploads\/2026\/04\/Vaskulaere-Demenz-461x350.jpg",461,350,true],"kahuna-featured":["https:\/\/digidem-bayern.de\/wp-content\/uploads\/2026\/04\/Vaskulaere-Demenz-734x350.jpg",734,350,true],"kahuna-featured-lp":["https:\/\/digidem-bayern.de\/wp-content\/uploads\/2026\/04\/Vaskulaere-Demenz-520x350.jpg",520,350,true],"kahuna-featured-half":["https:\/\/digidem-bayern.de\/wp-content\/uploads\/2026\/04\/Vaskulaere-Demenz-800x350.jpg",800,350,true],"kahuna-featured-third":["https:\/\/digidem-bayern.de\/wp-content\/uploads\/2026\/04\/Vaskulaere-Demenz-512x350.jpg",512,350,true],"kahuna-lpbox-1":["https:\/\/digidem-bayern.de\/wp-content\/uploads\/2026\/04\/Vaskulaere-Demenz-520x300.jpg",520,300,true],"kahuna-lpbox-2":["https:\/\/digidem-bayern.de\/wp-content\/uploads\/2026\/04\/Vaskulaere-Demenz-520x350.jpg",520,350,true],"demand-language-flag":["https:\/\/digidem-bayern.de\/wp-content\/uploads\/2026\/04\/Vaskulaere-Demenz-36x36.jpg",36,36,true],"dddkt-language-flag":["https:\/\/digidem-bayern.de\/wp-content\/uploads\/2026\/04\/Vaskulaere-Demenz-36x36.jpg",36,36,true],"ddiqc-language-flag":["https:\/\/digidem-bayern.de\/wp-content\/uploads\/2026\/04\/Vaskulaere-Demenz-36x36.jpg",36,36,true],"ddtl-language-flag":["https:\/\/digidem-bayern.de\/wp-content\/uploads\/2026\/04\/Vaskulaere-Demenz-36x36.jpg",36,36,true],"mailpoet_newsletter_max":["https:\/\/digidem-bayern.de\/wp-content\/uploads\/2026\/04\/Vaskulaere-Demenz-1320x1001.jpg",1320,1001,true],"kahuna-lpbox-3":["https:\/\/digidem-bayern.de\/wp-content\/uploads\/2026\/04\/Vaskulaere-Demenz-520x350.jpg",520,350,true],"kahuna-featured-square":["https:\/\/digidem-bayern.de\/wp-content\/uploads\/2026\/04\/Vaskulaere-Demenz-512x512.jpg",512,512,true],"kahuna-featured-square-large":["https:\/\/digidem-bayern.de\/wp-content\/uploads\/2026\/04\/Vaskulaere-Demenz-1024x1024.jpg",1024,1024,true]},"post_excerpt_stackable_v2":"<p>Schlaganfall, Bluthochdruck, Diabetes: Durchblutungsst\u00f6rungen im Gehirn sind die Grundlage der vaskul\u00e4ren Demenz, der zweith\u00e4ufigsten Demenzform weltweit. Eine aktuelle \u00dcbersichtsarbeit der Weltorganisation f\u00fcr die Erkrankung Schlaganfall (World Stroke Organization) verdeutlicht nun die globale Bedeutung dieser Erkrankung und zeigt, dass vaskul\u00e4re Ver\u00e4nderungen bei fast jedem dritten Demenzfall eine entscheidende Rolle spielen. W\u00e4hrend die Zahl der Menschen mit Demenz bis 2050 auf \u00fcber 137 Millionen ansteigen soll, r\u00fcckt die vaskul\u00e4re Demenz zunehmend in den Fokus der Forschung. Bev\u00f6lkerungsbasierte Studien mit Autopsie-Best\u00e4tigung zeigen, dass die reine Form der vaskul\u00e4ren Demenz etwa 15 % aller F\u00e4lle ausmacht. Rechnet man Mischformen hinzu, bei denen sowohl vaskul\u00e4re&hellip;<\/p>\n","category_list_v2":"<a href=\"https:\/\/digidem-bayern.de\/en\/category\/aktuelles-zu-digidem\/\" rel=\"category tag\">Aktuelles zu digiDEM<\/a>, <a href=\"https:\/\/digidem-bayern.de\/en\/category\/wissenschaft-forschung\/\" rel=\"category tag\">Wissenschaft &amp; Forschung<\/a>","author_info_v2":{"name":"Anne Keefer","url":"https:\/\/digidem-bayern.de\/en\/author\/ag-webinar\/"},"comments_num_v2":"0 comments","yoast_head":"<!-- This site is optimized with the Yoast SEO plugin v27.5 - https:\/\/yoast.com\/product\/yoast-seo-wordpress\/ -->\n<title>Vaskul\u00e4re Demenz: Eine untersch\u00e4tzte Gefahr - digiDEM Bayern<\/title>\n<meta name=\"description\" content=\"Der Bayerische Landesapothekerkammer unterst\u00fctzt digiDEM Bayern mit Hilfe des Netzwerks &quot;Demenzfreundliche Apotheken&quot;.\" \/>\n<meta name=\"robots\" content=\"index, follow, max-snippet:-1, max-image-preview:large, max-video-preview:-1\" \/>\n<link rel=\"canonical\" href=\"https:\/\/digidem-bayern.de\/en\/vaskulaere-demenz-eine-unterschaetzte-gefahr\/\" \/>\n<meta property=\"og:locale\" content=\"en_US\" \/>\n<meta property=\"og:type\" content=\"article\" \/>\n<meta property=\"og:title\" content=\"Vaskul\u00e4re Demenz: Eine untersch\u00e4tzte Gefahr - digiDEM Bayern\" \/>\n<meta property=\"og:description\" content=\"Der Bayerische Landesapothekerkammer unterst\u00fctzt digiDEM Bayern mit Hilfe des Netzwerks &quot;Demenzfreundliche Apotheken&quot;.\" \/>\n<meta property=\"og:url\" content=\"https:\/\/digidem-bayern.de\/en\/vaskulaere-demenz-eine-unterschaetzte-gefahr\/\" \/>\n<meta property=\"og:site_name\" content=\"digiDEM Bayern\" \/>\n<meta property=\"article:publisher\" content=\"https:\/\/www.facebook.com\/digiDEMBayern\/\" \/>\n<meta property=\"article:published_time\" content=\"2026-04-29T17:32:43+00:00\" \/>\n<meta property=\"article:modified_time\" content=\"2026-04-30T06:56:21+00:00\" \/>\n<meta property=\"og:image\" content=\"https:\/\/digidem-bayern.de\/wp-content\/uploads\/2026\/04\/Vaskulaere-Demenz-1030x781.jpg\" \/>\n\t<meta property=\"og:image:width\" content=\"1030\" \/>\n\t<meta property=\"og:image:height\" content=\"781\" \/>\n\t<meta property=\"og:image:type\" content=\"image\/jpeg\" \/>\n<meta name=\"author\" content=\"Anne Keefer\" \/>\n<meta name=\"twitter:label1\" content=\"Written by\" \/>\n\t<meta name=\"twitter:data1\" content=\"Anne Keefer\" \/>\n\t<meta name=\"twitter:label2\" content=\"Est. reading time\" \/>\n\t<meta name=\"twitter:data2\" content=\"3 minutes\" \/>\n<script type=\"application\/ld+json\" class=\"yoast-schema-graph\">{\"@context\":\"https:\\\/\\\/schema.org\",\"@graph\":[{\"@type\":\"Article\",\"@id\":\"https:\\\/\\\/digidem-bayern.de\\\/vaskulaere-demenz-eine-unterschaetzte-gefahr\\\/#article\",\"isPartOf\":{\"@id\":\"https:\\\/\\\/digidem-bayern.de\\\/vaskulaere-demenz-eine-unterschaetzte-gefahr\\\/\"},\"author\":{\"name\":\"Anne Keefer\",\"@id\":\"\\\/#\\\/schema\\\/person\\\/0e8781e0653d1a8e57ca55bd2c3cb01f\"},\"headline\":\"Vaskul\u00e4re Demenz: Eine untersch\u00e4tzte Gefahr\",\"datePublished\":\"2026-04-29T17:32:43+00:00\",\"dateModified\":\"2026-04-30T06:56:21+00:00\",\"mainEntityOfPage\":{\"@id\":\"https:\\\/\\\/digidem-bayern.de\\\/vaskulaere-demenz-eine-unterschaetzte-gefahr\\\/\"},\"wordCount\":397,\"commentCount\":0,\"publisher\":{\"@id\":\"\\\/#organization\"},\"image\":{\"@id\":\"https:\\\/\\\/digidem-bayern.de\\\/vaskulaere-demenz-eine-unterschaetzte-gefahr\\\/#primaryimage\"},\"thumbnailUrl\":\"https:\\\/\\\/digidem-bayern.de\\\/wp-content\\\/uploads\\\/2026\\\/04\\\/Vaskulaere-Demenz.jpg\",\"keywords\":[\"Blutgef\u00e4\u00dfe\",\"Demenzrisiko\",\"digidem\",\"Schlaganfall\",\"vaskul\u00e4re Demenz\"],\"articleSection\":[\"Aktuelles zu digiDEM\",\"Wissenschaft &amp; Forschung\"],\"inLanguage\":\"en-US\",\"potentialAction\":[{\"@type\":\"CommentAction\",\"name\":\"Comment\",\"target\":[\"https:\\\/\\\/digidem-bayern.de\\\/vaskulaere-demenz-eine-unterschaetzte-gefahr\\\/#respond\"]}]},{\"@type\":\"WebPage\",\"@id\":\"https:\\\/\\\/digidem-bayern.de\\\/vaskulaere-demenz-eine-unterschaetzte-gefahr\\\/\",\"url\":\"https:\\\/\\\/digidem-bayern.de\\\/vaskulaere-demenz-eine-unterschaetzte-gefahr\\\/\",\"name\":\"Vaskul\u00e4re Demenz: Eine untersch\u00e4tzte Gefahr - digiDEM Bayern\",\"isPartOf\":{\"@id\":\"\\\/#website\"},\"primaryImageOfPage\":{\"@id\":\"https:\\\/\\\/digidem-bayern.de\\\/vaskulaere-demenz-eine-unterschaetzte-gefahr\\\/#primaryimage\"},\"image\":{\"@id\":\"https:\\\/\\\/digidem-bayern.de\\\/vaskulaere-demenz-eine-unterschaetzte-gefahr\\\/#primaryimage\"},\"thumbnailUrl\":\"https:\\\/\\\/digidem-bayern.de\\\/wp-content\\\/uploads\\\/2026\\\/04\\\/Vaskulaere-Demenz.jpg\",\"datePublished\":\"2026-04-29T17:32:43+00:00\",\"dateModified\":\"2026-04-30T06:56:21+00:00\",\"description\":\"Der Bayerische Landesapothekerkammer unterst\u00fctzt digiDEM Bayern mit Hilfe des Netzwerks \\\"Demenzfreundliche Apotheken\\\".\",\"breadcrumb\":{\"@id\":\"https:\\\/\\\/digidem-bayern.de\\\/vaskulaere-demenz-eine-unterschaetzte-gefahr\\\/#breadcrumb\"},\"inLanguage\":\"en-US\",\"potentialAction\":[{\"@type\":\"ReadAction\",\"target\":[\"https:\\\/\\\/digidem-bayern.de\\\/vaskulaere-demenz-eine-unterschaetzte-gefahr\\\/\"]}]},{\"@type\":\"ImageObject\",\"inLanguage\":\"en-US\",\"@id\":\"https:\\\/\\\/digidem-bayern.de\\\/vaskulaere-demenz-eine-unterschaetzte-gefahr\\\/#primaryimage\",\"url\":\"https:\\\/\\\/digidem-bayern.de\\\/wp-content\\\/uploads\\\/2026\\\/04\\\/Vaskulaere-Demenz.jpg\",\"contentUrl\":\"https:\\\/\\\/digidem-bayern.de\\\/wp-content\\\/uploads\\\/2026\\\/04\\\/Vaskulaere-Demenz.jpg\",\"width\":1600,\"height\":1214},{\"@type\":\"BreadcrumbList\",\"@id\":\"https:\\\/\\\/digidem-bayern.de\\\/vaskulaere-demenz-eine-unterschaetzte-gefahr\\\/#breadcrumb\",\"itemListElement\":[{\"@type\":\"ListItem\",\"position\":1,\"name\":\"Startseite\",\"item\":\"https:\\\/\\\/digidem-bayern.de\\\/\"},{\"@type\":\"ListItem\",\"position\":2,\"name\":\"Vaskul\u00e4re Demenz: Eine untersch\u00e4tzte Gefahr\"}]},{\"@type\":\"WebSite\",\"@id\":\"\\\/#website\",\"url\":\"\\\/\",\"name\":\"digiDEM Bayern\",\"description\":\"Das digitale Demenzregister Bayern erforscht und verbessert die Angebotsstuktur f\u00fcr Menschen mit Demenz und deren Angeh\u00f6rige\",\"publisher\":{\"@id\":\"\\\/#organization\"},\"potentialAction\":[{\"@type\":\"SearchAction\",\"target\":{\"@type\":\"EntryPoint\",\"urlTemplate\":\"\\\/?s={search_term_string}\"},\"query-input\":{\"@type\":\"PropertyValueSpecification\",\"valueRequired\":true,\"valueName\":\"search_term_string\"}}],\"inLanguage\":\"en-US\"},{\"@type\":\"Organization\",\"@id\":\"\\\/#organization\",\"name\":\"digiDEM Bayern\",\"url\":\"\\\/\",\"logo\":{\"@type\":\"ImageObject\",\"inLanguage\":\"en-US\",\"@id\":\"\\\/#\\\/schema\\\/logo\\\/image\\\/\",\"url\":\"https:\\\/\\\/digidem-bayern.de\\\/wp-content\\\/uploads\\\/2022\\\/03\\\/cropped-Allgemeines_digiDEMLOGO-removebg-preview.png\",\"contentUrl\":\"https:\\\/\\\/digidem-bayern.de\\\/wp-content\\\/uploads\\\/2022\\\/03\\\/cropped-Allgemeines_digiDEMLOGO-removebg-preview.png\",\"width\":612,\"height\":357,\"caption\":\"digiDEM Bayern\"},\"image\":{\"@id\":\"\\\/#\\\/schema\\\/logo\\\/image\\\/\"},\"sameAs\":[\"https:\\\/\\\/www.facebook.com\\\/digiDEMBayern\\\/\",\"https:\\\/\\\/x.com\\\/digidem_bayern\",\"https:\\\/\\\/www.instagram.com\\\/digidem.bayern\",\"https:\\\/\\\/www.linkedin.com\\\/company\\\/digidem-bayern\\\/\"]},{\"@type\":\"Person\",\"@id\":\"\\\/#\\\/schema\\\/person\\\/0e8781e0653d1a8e57ca55bd2c3cb01f\",\"name\":\"Anne Keefer\",\"url\":\"https:\\\/\\\/digidem-bayern.de\\\/en\\\/author\\\/ag-webinar\\\/\"}]}<\/script>\n<!-- \/ Yoast SEO plugin. -->","yoast_head_json":{"title":"Vaskul\u00e4re Demenz: Eine untersch\u00e4tzte Gefahr - digiDEM Bayern","description":"Der Bayerische Landesapothekerkammer unterst\u00fctzt digiDEM Bayern mit Hilfe des Netzwerks \"Demenzfreundliche Apotheken\".","robots":{"index":"index","follow":"follow","max-snippet":"max-snippet:-1","max-image-preview":"max-image-preview:large","max-video-preview":"max-video-preview:-1"},"canonical":"https:\/\/digidem-bayern.de\/en\/vaskulaere-demenz-eine-unterschaetzte-gefahr\/","og_locale":"en_US","og_type":"article","og_title":"Vaskul\u00e4re Demenz: Eine untersch\u00e4tzte Gefahr - digiDEM Bayern","og_description":"Der Bayerische Landesapothekerkammer unterst\u00fctzt digiDEM Bayern mit Hilfe des Netzwerks \"Demenzfreundliche Apotheken\".","og_url":"https:\/\/digidem-bayern.de\/en\/vaskulaere-demenz-eine-unterschaetzte-gefahr\/","og_site_name":"digiDEM Bayern","article_publisher":"https:\/\/www.facebook.com\/digiDEMBayern\/","article_published_time":"2026-04-29T17:32:43+00:00","article_modified_time":"2026-04-30T06:56:21+00:00","og_image":[{"width":1030,"height":781,"url":"https:\/\/digidem-bayern.de\/wp-content\/uploads\/2026\/04\/Vaskulaere-Demenz-1030x781.jpg","type":"image\/jpeg"}],"author":"Anne Keefer","twitter_misc":{"Written by":"Anne Keefer","Est. reading time":"3 minutes"},"schema":{"@context":"https:\/\/schema.org","@graph":[{"@type":"Article","@id":"https:\/\/digidem-bayern.de\/vaskulaere-demenz-eine-unterschaetzte-gefahr\/#article","isPartOf":{"@id":"https:\/\/digidem-bayern.de\/vaskulaere-demenz-eine-unterschaetzte-gefahr\/"},"author":{"name":"Anne Keefer","@id":"\/#\/schema\/person\/0e8781e0653d1a8e57ca55bd2c3cb01f"},"headline":"Vaskul\u00e4re Demenz: Eine untersch\u00e4tzte Gefahr","datePublished":"2026-04-29T17:32:43+00:00","dateModified":"2026-04-30T06:56:21+00:00","mainEntityOfPage":{"@id":"https:\/\/digidem-bayern.de\/vaskulaere-demenz-eine-unterschaetzte-gefahr\/"},"wordCount":397,"commentCount":0,"publisher":{"@id":"\/#organization"},"image":{"@id":"https:\/\/digidem-bayern.de\/vaskulaere-demenz-eine-unterschaetzte-gefahr\/#primaryimage"},"thumbnailUrl":"https:\/\/digidem-bayern.de\/wp-content\/uploads\/2026\/04\/Vaskulaere-Demenz.jpg","keywords":["Blutgef\u00e4\u00dfe","Demenzrisiko","digidem","Schlaganfall","vaskul\u00e4re Demenz"],"articleSection":["Aktuelles zu digiDEM","Wissenschaft &amp; Forschung"],"inLanguage":"en-US","potentialAction":[{"@type":"CommentAction","name":"Comment","target":["https:\/\/digidem-bayern.de\/vaskulaere-demenz-eine-unterschaetzte-gefahr\/#respond"]}]},{"@type":"WebPage","@id":"https:\/\/digidem-bayern.de\/vaskulaere-demenz-eine-unterschaetzte-gefahr\/","url":"https:\/\/digidem-bayern.de\/vaskulaere-demenz-eine-unterschaetzte-gefahr\/","name":"Vaskul\u00e4re Demenz: Eine untersch\u00e4tzte Gefahr - digiDEM Bayern","isPartOf":{"@id":"\/#website"},"primaryImageOfPage":{"@id":"https:\/\/digidem-bayern.de\/vaskulaere-demenz-eine-unterschaetzte-gefahr\/#primaryimage"},"image":{"@id":"https:\/\/digidem-bayern.de\/vaskulaere-demenz-eine-unterschaetzte-gefahr\/#primaryimage"},"thumbnailUrl":"https:\/\/digidem-bayern.de\/wp-content\/uploads\/2026\/04\/Vaskulaere-Demenz.jpg","datePublished":"2026-04-29T17:32:43+00:00","dateModified":"2026-04-30T06:56:21+00:00","description":"Der Bayerische Landesapothekerkammer unterst\u00fctzt digiDEM Bayern mit Hilfe des Netzwerks \"Demenzfreundliche Apotheken\".","breadcrumb":{"@id":"https:\/\/digidem-bayern.de\/vaskulaere-demenz-eine-unterschaetzte-gefahr\/#breadcrumb"},"inLanguage":"en-US","potentialAction":[{"@type":"ReadAction","target":["https:\/\/digidem-bayern.de\/vaskulaere-demenz-eine-unterschaetzte-gefahr\/"]}]},{"@type":"ImageObject","inLanguage":"en-US","@id":"https:\/\/digidem-bayern.de\/vaskulaere-demenz-eine-unterschaetzte-gefahr\/#primaryimage","url":"https:\/\/digidem-bayern.de\/wp-content\/uploads\/2026\/04\/Vaskulaere-Demenz.jpg","contentUrl":"https:\/\/digidem-bayern.de\/wp-content\/uploads\/2026\/04\/Vaskulaere-Demenz.jpg","width":1600,"height":1214},{"@type":"BreadcrumbList","@id":"https:\/\/digidem-bayern.de\/vaskulaere-demenz-eine-unterschaetzte-gefahr\/#breadcrumb","itemListElement":[{"@type":"ListItem","position":1,"name":"Startseite","item":"https:\/\/digidem-bayern.de\/"},{"@type":"ListItem","position":2,"name":"Vaskul\u00e4re Demenz: Eine untersch\u00e4tzte Gefahr"}]},{"@type":"WebSite","@id":"\/#website","url":"\/","name":"digiDEM Bavaria","description":"The digital dementia register in Bavaria researches and improves the structure of services for people with dementia and their relatives","publisher":{"@id":"\/#organization"},"potentialAction":[{"@type":"SearchAction","target":{"@type":"EntryPoint","urlTemplate":"\/?s={search_term_string}"},"query-input":{"@type":"PropertyValueSpecification","valueRequired":true,"valueName":"search_term_string"}}],"inLanguage":"en-US"},{"@type":"Organization","@id":"\/#organization","name":"digiDEM Bavaria","url":"\/","logo":{"@type":"ImageObject","inLanguage":"en-US","@id":"\/#\/schema\/logo\/image\/","url":"https:\/\/digidem-bayern.de\/wp-content\/uploads\/2022\/03\/cropped-Allgemeines_digiDEMLOGO-removebg-preview.png","contentUrl":"https:\/\/digidem-bayern.de\/wp-content\/uploads\/2022\/03\/cropped-Allgemeines_digiDEMLOGO-removebg-preview.png","width":612,"height":357,"caption":"digiDEM Bayern"},"image":{"@id":"\/#\/schema\/logo\/image\/"},"sameAs":["https:\/\/www.facebook.com\/digiDEMBayern\/","https:\/\/x.com\/digidem_bayern","https:\/\/www.instagram.com\/digidem.bayern","https:\/\/www.linkedin.com\/company\/digidem-bayern\/"]},{"@type":"Person","@id":"\/#\/schema\/person\/0e8781e0653d1a8e57ca55bd2c3cb01f","name":"Anne Keefer","url":"https:\/\/digidem-bayern.de\/en\/author\/ag-webinar\/"}]}},"uagb_featured_image_src":{"full":["https:\/\/digidem-bayern.de\/wp-content\/uploads\/2026\/04\/Vaskulaere-Demenz.jpg",1600,1214,false],"thumbnail":["https:\/\/digidem-bayern.de\/wp-content\/uploads\/2026\/04\/Vaskulaere-Demenz-80x80.jpg",80,80,true],"medium":["https:\/\/digidem-bayern.de\/wp-content\/uploads\/2026\/04\/Vaskulaere-Demenz-300x228.jpg",300,228,true],"medium_large":["https:\/\/digidem-bayern.de\/wp-content\/uploads\/2026\/04\/Vaskulaere-Demenz-768x583.jpg",768,583,true],"large":["https:\/\/digidem-bayern.de\/wp-content\/uploads\/2026\/04\/Vaskulaere-Demenz-1030x781.jpg",1030,781,true],"1536x1536":["https:\/\/digidem-bayern.de\/wp-content\/uploads\/2026\/04\/Vaskulaere-Demenz-1536x1165.jpg",1536,1165,true],"2048x2048":["https:\/\/digidem-bayern.de\/wp-content\/uploads\/2026\/04\/Vaskulaere-Demenz-2048x1554.jpg",2048,1554,true],"trp-custom-language-flag":["https:\/\/digidem-bayern.de\/wp-content\/uploads\/2026\/04\/Vaskulaere-Demenz-16x12.jpg",16,12,true],"qubely_landscape":["https:\/\/digidem-bayern.de\/wp-content\/uploads\/2026\/04\/Vaskulaere-Demenz-1200x750.jpg",1200,750,true],"qubely_portrait":["https:\/\/digidem-bayern.de\/wp-content\/uploads\/2026\/04\/Vaskulaere-Demenz-540x320.jpg",540,320,true],"qubely_thumbnail":["https:\/\/digidem-bayern.de\/wp-content\/uploads\/2026\/04\/Vaskulaere-Demenz-140x100.jpg",140,100,true],"post-thumbnail":["https:\/\/digidem-bayern.de\/wp-content\/uploads\/2026\/04\/Vaskulaere-Demenz-461x350.jpg",461,350,true],"kahuna-featured":["https:\/\/digidem-bayern.de\/wp-content\/uploads\/2026\/04\/Vaskulaere-Demenz-734x350.jpg",734,350,true],"kahuna-featured-lp":["https:\/\/digidem-bayern.de\/wp-content\/uploads\/2026\/04\/Vaskulaere-Demenz-520x350.jpg",520,350,true],"kahuna-featured-half":["https:\/\/digidem-bayern.de\/wp-content\/uploads\/2026\/04\/Vaskulaere-Demenz-800x350.jpg",800,350,true],"kahuna-featured-third":["https:\/\/digidem-bayern.de\/wp-content\/uploads\/2026\/04\/Vaskulaere-Demenz-512x350.jpg",512,350,true],"kahuna-lpbox-1":["https:\/\/digidem-bayern.de\/wp-content\/uploads\/2026\/04\/Vaskulaere-Demenz-520x300.jpg",520,300,true],"kahuna-lpbox-2":["https:\/\/digidem-bayern.de\/wp-content\/uploads\/2026\/04\/Vaskulaere-Demenz-520x350.jpg",520,350,true],"demand-language-flag":["https:\/\/digidem-bayern.de\/wp-content\/uploads\/2026\/04\/Vaskulaere-Demenz-36x36.jpg",36,36,true],"dddkt-language-flag":["https:\/\/digidem-bayern.de\/wp-content\/uploads\/2026\/04\/Vaskulaere-Demenz-36x36.jpg",36,36,true],"ddiqc-language-flag":["https:\/\/digidem-bayern.de\/wp-content\/uploads\/2026\/04\/Vaskulaere-Demenz-36x36.jpg",36,36,true],"ddtl-language-flag":["https:\/\/digidem-bayern.de\/wp-content\/uploads\/2026\/04\/Vaskulaere-Demenz-36x36.jpg",36,36,true],"mailpoet_newsletter_max":["https:\/\/digidem-bayern.de\/wp-content\/uploads\/2026\/04\/Vaskulaere-Demenz-1320x1001.jpg",1320,1001,true],"kahuna-lpbox-3":["https:\/\/digidem-bayern.de\/wp-content\/uploads\/2026\/04\/Vaskulaere-Demenz-520x350.jpg",520,350,true],"kahuna-featured-square":["https:\/\/digidem-bayern.de\/wp-content\/uploads\/2026\/04\/Vaskulaere-Demenz-512x512.jpg",512,512,true],"kahuna-featured-square-large":["https:\/\/digidem-bayern.de\/wp-content\/uploads\/2026\/04\/Vaskulaere-Demenz-1024x1024.jpg",1024,1024,true]},"uagb_author_info":{"display_name":"Anne Keefer","author_link":"https:\/\/digidem-bayern.de\/en\/author\/ag-webinar\/"},"uagb_comment_info":0,"uagb_excerpt":"Schlaganfall, Bluthochdruck, Diabetes: Durchblutungsst\u00f6rungen im Gehirn sind die Grundlage der vaskul\u00e4ren Demenz, der zweith\u00e4ufigsten Demenzform weltweit. Eine aktuelle \u00dcbersichtsarbeit der Weltorganisation f\u00fcr die Erkrankung Schlaganfall (World Stroke Organization) verdeutlicht nun die globale Bedeutung dieser Erkrankung und zeigt, dass vaskul\u00e4re Ver\u00e4nderungen bei fast jedem dritten Demenzfall eine entscheidende Rolle spielen. W\u00e4hrend &hellip;","_links":{"self":[{"href":"https:\/\/digidem-bayern.de\/en\/wp-json\/wp\/v2\/posts\/49103","targetHints":{"allow":["GET"]}}],"collection":[{"href":"https:\/\/digidem-bayern.de\/en\/wp-json\/wp\/v2\/posts"}],"about":[{"href":"https:\/\/digidem-bayern.de\/en\/wp-json\/wp\/v2\/types\/post"}],"author":[{"embeddable":true,"href":"https:\/\/digidem-bayern.de\/en\/wp-json\/wp\/v2\/users\/7"}],"replies":[{"embeddable":true,"href":"https:\/\/digidem-bayern.de\/en\/wp-json\/wp\/v2\/comments?post=49103"}],"version-history":[{"count":2,"href":"https:\/\/digidem-bayern.de\/en\/wp-json\/wp\/v2\/posts\/49103\/revisions"}],"predecessor-version":[{"id":49149,"href":"https:\/\/digidem-bayern.de\/en\/wp-json\/wp\/v2\/posts\/49103\/revisions\/49149"}],"wp:featuredmedia":[{"embeddable":true,"href":"https:\/\/digidem-bayern.de\/en\/wp-json\/wp\/v2\/media\/49082"}],"wp:attachment":[{"href":"https:\/\/digidem-bayern.de\/en\/wp-json\/wp\/v2\/media?parent=49103"}],"wp:term":[{"taxonomy":"category","embeddable":true,"href":"https:\/\/digidem-bayern.de\/en\/wp-json\/wp\/v2\/categories?post=49103"},{"taxonomy":"post_tag","embeddable":true,"href":"https:\/\/digidem-bayern.de\/en\/wp-json\/wp\/v2\/tags?post=49103"}],"curies":[{"name":"wp","href":"https:\/\/api.w.org\/{rel}","templated":true}]}}