{"id":49099,"date":"2026-04-29T19:31:40","date_gmt":"2026-04-29T17:31:40","guid":{"rendered":"https:\/\/digidem-bayern.de\/?p=49099"},"modified":"2026-04-30T08:55:19","modified_gmt":"2026-04-30T06:55:19","slug":"wie-depression-und-demenz-zusammenhaengen","status":"publish","type":"post","link":"https:\/\/digidem-bayern.de\/en\/wie-depression-und-demenz-zusammenhaengen\/","title":{"rendered":"Wie Depression und Demenz zusammenh\u00e4ngen"},"content":{"rendered":"<p><strong><strong><strong><strong><strong><strong><strong><strong><strong><strong><strong><strong><strong><strong><strong><strong><strong><strong><strong><strong><strong><strong><strong><strong><strong><strong><strong><strong><strong><strong><strong><strong><strong><strong><strong><strong><strong><strong><strong><strong><strong><strong><strong><strong>Depression und kognitive Beeintr\u00e4chtigungen geh\u00f6ren zu den h\u00e4ufigsten Erkrankungen im h\u00f6heren Lebensalter. Oft treten sie auch gemeinsam auf. Eine aktuelle Studie aus S\u00fcdkorea hat systematisch untersucht, wie beide Erkrankungen miteinander verkn\u00fcpft sind und welche Konsequenzen das f\u00fcr Diagnose und Behandlung hat. Das Forschungsteam wertete daf\u00fcr L\u00e4ngsschnittstudien, Laborbefunde, Bilddaten und klinische Studien aus.<\/strong><\/strong><\/strong><\/strong><\/strong><\/strong><\/strong><\/strong><\/strong><\/strong><\/strong><\/strong><\/strong><\/strong><\/strong><\/strong><\/strong><\/strong><\/strong><\/strong><\/strong><\/strong><\/strong><\/strong><\/strong><\/strong><\/strong><\/strong><\/strong><\/strong><\/strong><\/strong><\/strong><\/strong><\/strong><\/strong><\/strong><\/strong><\/strong><\/strong><\/strong><\/strong><\/strong><\/strong><\/p>\n\n\n\n<p>Eines der zentralen Ergebnisse: Depression im Alter ist ein unabh\u00e4ngiger Risikofaktor f\u00fcr die Entstehung einer Demenz. Eine Analyse von 23 Kohortenstudien zeigte, dass Betroffene mit Altersdepression ein um 85 % erh\u00f6htes Risiko haben, an einer Demenz zu erkranken. Besonders ausgepr\u00e4gt war dieser Zusammenhang bei der vaskul\u00e4ren Demenz. Schweregrad und Dauer der Depression spielen dabei eine wichtige Rolle: Menschen mit wiederkehrenden oder schwierig zu behandelnden Depressionen scheinen ein besonders hohes Risiko zu tragen.<\/p>\n\n\n<div class=\"wp-block-image\">\n<figure class=\"alignright size-full is-resized\"><img loading=\"lazy\" decoding=\"async\" width=\"1600\" height=\"1143\" src=\"https:\/\/digidem-bayern.de\/wp-content\/uploads\/2026\/04\/Depression.jpg\" alt=\"\" class=\"wp-image-49084\" style=\"width:572px;height:auto\" srcset=\"https:\/\/digidem-bayern.de\/wp-content\/uploads\/2026\/04\/Depression.jpg 1600w, https:\/\/digidem-bayern.de\/wp-content\/uploads\/2026\/04\/Depression-300x214.jpg 300w, https:\/\/digidem-bayern.de\/wp-content\/uploads\/2026\/04\/Depression-1030x736.jpg 1030w, https:\/\/digidem-bayern.de\/wp-content\/uploads\/2026\/04\/Depression-768x549.jpg 768w, https:\/\/digidem-bayern.de\/wp-content\/uploads\/2026\/04\/Depression-1536x1097.jpg 1536w, https:\/\/digidem-bayern.de\/wp-content\/uploads\/2026\/04\/Depression-2048x1463.jpg 2048w, https:\/\/digidem-bayern.de\/wp-content\/uploads\/2026\/04\/Depression-18x12.jpg 18w, https:\/\/digidem-bayern.de\/wp-content\/uploads\/2026\/04\/Depression-140x100.jpg 140w, https:\/\/digidem-bayern.de\/wp-content\/uploads\/2026\/04\/Depression-490x350.jpg 490w, https:\/\/digidem-bayern.de\/wp-content\/uploads\/2026\/04\/Depression-1320x943.jpg 1320w\" sizes=\"auto, (max-width: 1600px) 100vw, 1600px\" \/><figcaption class=\"wp-element-caption\">Foto: Shutterstock<\/figcaption><\/figure>\n<\/div>\n\n\n<p><strong><strong><strong><strong><strong><strong><strong><strong><strong><strong><strong>Depression als fr\u00fcher Hinweis auf eine sich anbahnende Demenzerkrankung?<\/strong><\/strong><\/strong><\/strong><\/strong><\/strong><\/strong><\/strong><\/strong><\/strong><\/strong><\/p>\n\n\n\n<p>Das Review diskutiert zudem die M\u00f6glichkeit, dass eine sp\u00e4t im Leben erstmals auftretende Depression in manchen F\u00e4llen ein fr\u00fches Symptom einer beginnenden neurologischen Ver\u00e4nderung darstellen k\u00f6nnte. Hinweise darauf liefern Studien, die zeigen, dass Betroffene mit neu einsetzender Depression und gleichzeitigen Einschr\u00e4nkungen in Planungs- und Denkf\u00e4higkeiten h\u00e4ufiger und rascher eine Demenz entwickeln. Die Autoren betonen jedoch, dass die biologischen Belege hierf\u00fcr noch begrenzt und nicht einheitlich sind.<\/p>\n\n\n\n<p><strong><strong><strong><strong><strong><strong><strong><strong><strong><strong><strong><strong><strong><strong>Depression als Begleitsymptom bei bestehender Demenz<\/strong><\/strong><\/strong><\/strong><\/strong><\/strong><\/strong><\/strong><\/strong><\/strong><\/strong><\/strong><\/strong><\/strong><\/p>\n\n\n\n<p>Ist eine Demenz bereits diagnostiziert, treten depressive Symptome h\u00e4ufig als Teil der begleitenden psychischen und verhaltensbezogenen Beschwerden auf. Sch\u00e4tzungen zufolge sind 30 bis 50 % der Menschen mit Alzheimer-Demenz davon betroffen; bei der Lewy-K\u00f6rper-Demenz und der frontotemporalen Demenz ist der Anteil noch h\u00f6her. Das Vorhandensein von Depression im Kontext einer Demenz beschleunigt den kognitiven und funktionellen Abbau und verschlechtert die Lebensqualit\u00e4t der Betroffenen wie auch die Situation der pflegenden An- und Zugeh\u00f6rigen.<\/p>\n\n\n\n<p>Bei bestehender Demenz ist die Wirksamkeit von Antidepressiva auf depressive Symptome begrenzt. Nicht-medikament\u00f6se Ans\u00e4tze wie strukturierte Bewegungsprogramme, Schulungen f\u00fcr pflegende An- und Zugeh\u00f6rige sowie aktivierende Angebote zeigen hingegen moderate positive Effekte sowohl auf die Stimmung als auch auf neuropsychiatrische Symptome insgesamt.<\/p>\n\n\n\n<p><strong>Tipp f\u00fcr die Praxis<\/strong>: Wenn \u00e4ltere Menschen erstmals depressive Symptome entwickeln, insbesondere gemeinsam mit Einschr\u00e4nkungen in Planungsf\u00e4higkeiten oder zunehmender Vergesslichkeit, sollte die kognitive Entwicklung aufmerksam beobachtet werden. Eine fr\u00fchzeitige Einsch\u00e4tzung kann helfen, rechtzeitig Unterst\u00fctzung zu organisieren. Der digitale <a href=\"https:\/\/digidem-bayern.de\/en\/digitale-angebote\/\">Pr\u00e4ventionscoach Demenz<\/a> von digiDEM Bayern bietet eine niedrigschwellige M\u00f6glichkeit, individuelle Risikofaktoren zu erfassen und konkrete Pr\u00e4ventionsempfehlungen zu erhalten.<\/p>\n\n\n\n<p>Hier geht&#8217;s zur Studie:<\/p>\n\n\n\n<p><a href=\"https:\/\/www.mdpi.com\/2077-0383\/15\/3\/1198\" target=\"_blank\" rel=\"noreferrer noopener\"><a href=\"https:\/\/doi.org\/10.3390\/jcm15031198\">Cognitive Impairment, Dementia and Depression in Older Adults<\/a><\/a><\/p>\n\n\n\n<p><\/p>\n\n\n\n<p><\/p>\n\n\n\n<p><\/p>\n\n\n\n<p><\/p>\n\n\n\n<p><\/p>\n\n\n\n<p><\/p>\n\n\n\n<div style=\"height:0px\" aria-hidden=\"true\" class=\"wp-block-spacer\"><\/div>\n\n\n\n<p><\/p>","protected":false},"excerpt":{"rendered":"<p>Depression und kognitive Beeintr\u00e4chtigungen geh\u00f6ren zu den h\u00e4ufigsten Erkrankungen im h\u00f6heren Lebensalter. Oft treten sie auch gemeinsam auf. Eine aktuelle Studie aus S\u00fcdkorea hat systematisch untersucht, wie beide Erkrankungen miteinander verkn\u00fcpft sind und welche Konsequenzen das f\u00fcr Diagnose und Behandlung hat. Das Forschungsteam wertete daf\u00fcr L\u00e4ngsschnittstudien, Laborbefunde, Bilddaten und klinische &hellip;<\/p>","protected":false},"author":7,"featured_media":49084,"comment_status":"open","ping_status":"closed","sticky":false,"template":"","format":"standard","meta":{"qubely_global_settings":"","qubely_interactions":"","_uag_custom_page_level_css":"","footnotes":""},"categories":[8,5],"tags":[1901,177,541,14],"class_list":["post-49099","post","type-post","status-publish","format-standard","has-post-thumbnail","hentry","category-aktuelles-zu-digidem","category-wissenschaft-forschung","tag-altersdepression","tag-demenzrisiko","tag-depression","tag-digidem"],"qubely_featured_image_url":{"full":["https:\/\/digidem-bayern.de\/wp-content\/uploads\/2026\/04\/Depression.jpg",1600,1143,false],"landscape":["https:\/\/digidem-bayern.de\/wp-content\/uploads\/2026\/04\/Depression-1200x750.jpg",1200,750,true],"portraits":["https:\/\/digidem-bayern.de\/wp-content\/uploads\/2026\/04\/Depression-540x320.jpg",540,320,true],"thumbnail":["https:\/\/digidem-bayern.de\/wp-content\/uploads\/2026\/04\/Depression-80x80.jpg",80,80,true],"medium":["https:\/\/digidem-bayern.de\/wp-content\/uploads\/2026\/04\/Depression-300x214.jpg",300,214,true],"medium_large":["https:\/\/digidem-bayern.de\/wp-content\/uploads\/2026\/04\/Depression-768x549.jpg",768,549,true],"large":["https:\/\/digidem-bayern.de\/wp-content\/uploads\/2026\/04\/Depression-1030x736.jpg",1030,736,true],"1536x1536":["https:\/\/digidem-bayern.de\/wp-content\/uploads\/2026\/04\/Depression-1536x1097.jpg",1536,1097,true],"2048x2048":["https:\/\/digidem-bayern.de\/wp-content\/uploads\/2026\/04\/Depression-2048x1463.jpg",2048,1463,true],"trp-custom-language-flag":["https:\/\/digidem-bayern.de\/wp-content\/uploads\/2026\/04\/Depression-18x12.jpg",18,12,true],"qubely_landscape":["https:\/\/digidem-bayern.de\/wp-content\/uploads\/2026\/04\/Depression-1200x750.jpg",1200,750,true],"qubely_portrait":["https:\/\/digidem-bayern.de\/wp-content\/uploads\/2026\/04\/Depression-540x320.jpg",540,320,true],"qubely_thumbnail":["https:\/\/digidem-bayern.de\/wp-content\/uploads\/2026\/04\/Depression-140x100.jpg",140,100,true],"post-thumbnail":["https:\/\/digidem-bayern.de\/wp-content\/uploads\/2026\/04\/Depression-490x350.jpg",490,350,true],"kahuna-featured":["https:\/\/digidem-bayern.de\/wp-content\/uploads\/2026\/04\/Depression-734x350.jpg",734,350,true],"kahuna-featured-lp":["https:\/\/digidem-bayern.de\/wp-content\/uploads\/2026\/04\/Depression-520x350.jpg",520,350,true],"kahuna-featured-half":["https:\/\/digidem-bayern.de\/wp-content\/uploads\/2026\/04\/Depression-800x350.jpg",800,350,true],"kahuna-featured-third":["https:\/\/digidem-bayern.de\/wp-content\/uploads\/2026\/04\/Depression-512x350.jpg",512,350,true],"kahuna-lpbox-1":["https:\/\/digidem-bayern.de\/wp-content\/uploads\/2026\/04\/Depression-520x300.jpg",520,300,true],"kahuna-lpbox-2":["https:\/\/digidem-bayern.de\/wp-content\/uploads\/2026\/04\/Depression-520x350.jpg",520,350,true],"demand-language-flag":["https:\/\/digidem-bayern.de\/wp-content\/uploads\/2026\/04\/Depression-36x36.jpg",36,36,true],"dddkt-language-flag":["https:\/\/digidem-bayern.de\/wp-content\/uploads\/2026\/04\/Depression-36x36.jpg",36,36,true],"ddiqc-language-flag":["https:\/\/digidem-bayern.de\/wp-content\/uploads\/2026\/04\/Depression-36x36.jpg",36,36,true],"ddtl-language-flag":["https:\/\/digidem-bayern.de\/wp-content\/uploads\/2026\/04\/Depression-36x36.jpg",36,36,true],"mailpoet_newsletter_max":["https:\/\/digidem-bayern.de\/wp-content\/uploads\/2026\/04\/Depression-1320x943.jpg",1320,943,true],"kahuna-lpbox-3":["https:\/\/digidem-bayern.de\/wp-content\/uploads\/2026\/04\/Depression-520x350.jpg",520,350,true],"kahuna-featured-square":["https:\/\/digidem-bayern.de\/wp-content\/uploads\/2026\/04\/Depression-512x512.jpg",512,512,true],"kahuna-featured-square-large":["https:\/\/digidem-bayern.de\/wp-content\/uploads\/2026\/04\/Depression-1024x1024.jpg",1024,1024,true]},"qubely_author":{"display_name":"Anne Keefer","author_link":"https:\/\/digidem-bayern.de\/en\/author\/ag-webinar\/"},"qubely_comment":0,"qubely_category":"<a href=\"https:\/\/digidem-bayern.de\/en\/category\/aktuelles-zu-digidem\/\" rel=\"category tag\">Aktuelles zu digiDEM<\/a> <a href=\"https:\/\/digidem-bayern.de\/en\/category\/wissenschaft-forschung\/\" rel=\"category tag\">Wissenschaft &amp; Forschung<\/a>","qubely_excerpt":"Depression und kognitive Beeintr\u00e4chtigungen geh\u00f6ren zu den h\u00e4ufigsten Erkrankungen im h\u00f6heren Lebensalter. Oft treten sie auch gemeinsam auf. Eine aktuelle Studie aus S\u00fcdkorea hat systematisch untersucht, wie beide Erkrankungen miteinander verkn\u00fcpft sind und welche Konsequenzen das f\u00fcr Diagnose und Behandlung hat. Das Forschungsteam wertete daf\u00fcr L\u00e4ngsschnittstudien, Laborbefunde, Bilddaten und klinische &hellip;","featured_image_urls_v2":{"full":["https:\/\/digidem-bayern.de\/wp-content\/uploads\/2026\/04\/Depression.jpg",1600,1143,false],"thumbnail":["https:\/\/digidem-bayern.de\/wp-content\/uploads\/2026\/04\/Depression-80x80.jpg",80,80,true],"medium":["https:\/\/digidem-bayern.de\/wp-content\/uploads\/2026\/04\/Depression-300x214.jpg",300,214,true],"medium_large":["https:\/\/digidem-bayern.de\/wp-content\/uploads\/2026\/04\/Depression-768x549.jpg",768,549,true],"large":["https:\/\/digidem-bayern.de\/wp-content\/uploads\/2026\/04\/Depression-1030x736.jpg",1030,736,true],"1536x1536":["https:\/\/digidem-bayern.de\/wp-content\/uploads\/2026\/04\/Depression-1536x1097.jpg",1536,1097,true],"2048x2048":["https:\/\/digidem-bayern.de\/wp-content\/uploads\/2026\/04\/Depression-2048x1463.jpg",2048,1463,true],"trp-custom-language-flag":["https:\/\/digidem-bayern.de\/wp-content\/uploads\/2026\/04\/Depression-18x12.jpg",18,12,true],"qubely_landscape":["https:\/\/digidem-bayern.de\/wp-content\/uploads\/2026\/04\/Depression-1200x750.jpg",1200,750,true],"qubely_portrait":["https:\/\/digidem-bayern.de\/wp-content\/uploads\/2026\/04\/Depression-540x320.jpg",540,320,true],"qubely_thumbnail":["https:\/\/digidem-bayern.de\/wp-content\/uploads\/2026\/04\/Depression-140x100.jpg",140,100,true],"post-thumbnail":["https:\/\/digidem-bayern.de\/wp-content\/uploads\/2026\/04\/Depression-490x350.jpg",490,350,true],"kahuna-featured":["https:\/\/digidem-bayern.de\/wp-content\/uploads\/2026\/04\/Depression-734x350.jpg",734,350,true],"kahuna-featured-lp":["https:\/\/digidem-bayern.de\/wp-content\/uploads\/2026\/04\/Depression-520x350.jpg",520,350,true],"kahuna-featured-half":["https:\/\/digidem-bayern.de\/wp-content\/uploads\/2026\/04\/Depression-800x350.jpg",800,350,true],"kahuna-featured-third":["https:\/\/digidem-bayern.de\/wp-content\/uploads\/2026\/04\/Depression-512x350.jpg",512,350,true],"kahuna-lpbox-1":["https:\/\/digidem-bayern.de\/wp-content\/uploads\/2026\/04\/Depression-520x300.jpg",520,300,true],"kahuna-lpbox-2":["https:\/\/digidem-bayern.de\/wp-content\/uploads\/2026\/04\/Depression-520x350.jpg",520,350,true],"demand-language-flag":["https:\/\/digidem-bayern.de\/wp-content\/uploads\/2026\/04\/Depression-36x36.jpg",36,36,true],"dddkt-language-flag":["https:\/\/digidem-bayern.de\/wp-content\/uploads\/2026\/04\/Depression-36x36.jpg",36,36,true],"ddiqc-language-flag":["https:\/\/digidem-bayern.de\/wp-content\/uploads\/2026\/04\/Depression-36x36.jpg",36,36,true],"ddtl-language-flag":["https:\/\/digidem-bayern.de\/wp-content\/uploads\/2026\/04\/Depression-36x36.jpg",36,36,true],"mailpoet_newsletter_max":["https:\/\/digidem-bayern.de\/wp-content\/uploads\/2026\/04\/Depression-1320x943.jpg",1320,943,true],"kahuna-lpbox-3":["https:\/\/digidem-bayern.de\/wp-content\/uploads\/2026\/04\/Depression-520x350.jpg",520,350,true],"kahuna-featured-square":["https:\/\/digidem-bayern.de\/wp-content\/uploads\/2026\/04\/Depression-512x512.jpg",512,512,true],"kahuna-featured-square-large":["https:\/\/digidem-bayern.de\/wp-content\/uploads\/2026\/04\/Depression-1024x1024.jpg",1024,1024,true]},"post_excerpt_stackable_v2":"<p>Depression und kognitive Beeintr\u00e4chtigungen geh\u00f6ren zu den h\u00e4ufigsten Erkrankungen im h\u00f6heren Lebensalter. Oft treten sie auch gemeinsam auf. Eine aktuelle Studie aus S\u00fcdkorea hat systematisch untersucht, wie beide Erkrankungen miteinander verkn\u00fcpft sind und welche Konsequenzen das f\u00fcr Diagnose und Behandlung hat. Das Forschungsteam wertete daf\u00fcr L\u00e4ngsschnittstudien, Laborbefunde, Bilddaten und klinische Studien aus. Eines der zentralen Ergebnisse: Depression im Alter ist ein unabh\u00e4ngiger Risikofaktor f\u00fcr die Entstehung einer Demenz. Eine Analyse von 23 Kohortenstudien zeigte, dass Betroffene mit Altersdepression ein um 85 % erh\u00f6htes Risiko haben, an einer Demenz zu erkranken. Besonders ausgepr\u00e4gt war dieser Zusammenhang bei der vaskul\u00e4ren Demenz. Schweregrad&hellip;<\/p>\n","category_list_v2":"<a href=\"https:\/\/digidem-bayern.de\/en\/category\/aktuelles-zu-digidem\/\" rel=\"category tag\">Aktuelles zu digiDEM<\/a>, <a href=\"https:\/\/digidem-bayern.de\/en\/category\/wissenschaft-forschung\/\" rel=\"category tag\">Wissenschaft &amp; Forschung<\/a>","author_info_v2":{"name":"Anne Keefer","url":"https:\/\/digidem-bayern.de\/en\/author\/ag-webinar\/"},"comments_num_v2":"0 comments","yoast_head":"<!-- This site is optimized with the Yoast SEO plugin v27.5 - https:\/\/yoast.com\/product\/yoast-seo-wordpress\/ -->\n<title>Wie Depression und Demenz zusammenh\u00e4ngen - digiDEM Bayern<\/title>\n<meta name=\"description\" content=\"Der Bayerische Landesapothekerkammer unterst\u00fctzt digiDEM Bayern mit Hilfe des Netzwerks &quot;Demenzfreundliche Apotheken&quot;.\" \/>\n<meta name=\"robots\" content=\"index, follow, max-snippet:-1, max-image-preview:large, max-video-preview:-1\" \/>\n<link rel=\"canonical\" href=\"https:\/\/digidem-bayern.de\/en\/wie-depression-und-demenz-zusammenhaengen\/\" \/>\n<meta property=\"og:locale\" content=\"en_US\" \/>\n<meta property=\"og:type\" content=\"article\" \/>\n<meta property=\"og:title\" content=\"Wie Depression und Demenz zusammenh\u00e4ngen - digiDEM Bayern\" \/>\n<meta property=\"og:description\" content=\"Der Bayerische Landesapothekerkammer unterst\u00fctzt digiDEM Bayern mit Hilfe des Netzwerks &quot;Demenzfreundliche Apotheken&quot;.\" \/>\n<meta property=\"og:url\" content=\"https:\/\/digidem-bayern.de\/en\/wie-depression-und-demenz-zusammenhaengen\/\" \/>\n<meta property=\"og:site_name\" content=\"digiDEM Bayern\" \/>\n<meta property=\"article:publisher\" content=\"https:\/\/www.facebook.com\/digiDEMBayern\/\" \/>\n<meta property=\"article:published_time\" content=\"2026-04-29T17:31:40+00:00\" \/>\n<meta property=\"article:modified_time\" content=\"2026-04-30T06:55:19+00:00\" \/>\n<meta property=\"og:image\" content=\"https:\/\/digidem-bayern.de\/wp-content\/uploads\/2026\/04\/Depression-1030x736.jpg\" \/>\n\t<meta property=\"og:image:width\" content=\"1030\" \/>\n\t<meta property=\"og:image:height\" content=\"736\" \/>\n\t<meta property=\"og:image:type\" content=\"image\/jpeg\" \/>\n<meta name=\"author\" content=\"Anne Keefer\" \/>\n<meta name=\"twitter:label1\" content=\"Written by\" \/>\n\t<meta name=\"twitter:data1\" content=\"Anne Keefer\" \/>\n\t<meta name=\"twitter:label2\" content=\"Est. reading time\" \/>\n\t<meta name=\"twitter:data2\" content=\"3 minutes\" \/>\n<script type=\"application\/ld+json\" class=\"yoast-schema-graph\">{\"@context\":\"https:\\\/\\\/schema.org\",\"@graph\":[{\"@type\":\"Article\",\"@id\":\"https:\\\/\\\/digidem-bayern.de\\\/wie-depression-und-demenz-zusammenhaengen\\\/#article\",\"isPartOf\":{\"@id\":\"https:\\\/\\\/digidem-bayern.de\\\/wie-depression-und-demenz-zusammenhaengen\\\/\"},\"author\":{\"name\":\"Anne Keefer\",\"@id\":\"\\\/#\\\/schema\\\/person\\\/0e8781e0653d1a8e57ca55bd2c3cb01f\"},\"headline\":\"Wie Depression und Demenz zusammenh\u00e4ngen\",\"datePublished\":\"2026-04-29T17:31:40+00:00\",\"dateModified\":\"2026-04-30T06:55:19+00:00\",\"mainEntityOfPage\":{\"@id\":\"https:\\\/\\\/digidem-bayern.de\\\/wie-depression-und-demenz-zusammenhaengen\\\/\"},\"wordCount\":433,\"commentCount\":0,\"publisher\":{\"@id\":\"\\\/#organization\"},\"image\":{\"@id\":\"https:\\\/\\\/digidem-bayern.de\\\/wie-depression-und-demenz-zusammenhaengen\\\/#primaryimage\"},\"thumbnailUrl\":\"https:\\\/\\\/digidem-bayern.de\\\/wp-content\\\/uploads\\\/2026\\\/04\\\/Depression.jpg\",\"keywords\":[\"Altersdepression\",\"Demenzrisiko\",\"Depression\",\"digidem\"],\"articleSection\":[\"Aktuelles zu digiDEM\",\"Wissenschaft &amp; Forschung\"],\"inLanguage\":\"en-US\",\"potentialAction\":[{\"@type\":\"CommentAction\",\"name\":\"Comment\",\"target\":[\"https:\\\/\\\/digidem-bayern.de\\\/wie-depression-und-demenz-zusammenhaengen\\\/#respond\"]}]},{\"@type\":\"WebPage\",\"@id\":\"https:\\\/\\\/digidem-bayern.de\\\/wie-depression-und-demenz-zusammenhaengen\\\/\",\"url\":\"https:\\\/\\\/digidem-bayern.de\\\/wie-depression-und-demenz-zusammenhaengen\\\/\",\"name\":\"Wie Depression und Demenz zusammenh\u00e4ngen - digiDEM Bayern\",\"isPartOf\":{\"@id\":\"\\\/#website\"},\"primaryImageOfPage\":{\"@id\":\"https:\\\/\\\/digidem-bayern.de\\\/wie-depression-und-demenz-zusammenhaengen\\\/#primaryimage\"},\"image\":{\"@id\":\"https:\\\/\\\/digidem-bayern.de\\\/wie-depression-und-demenz-zusammenhaengen\\\/#primaryimage\"},\"thumbnailUrl\":\"https:\\\/\\\/digidem-bayern.de\\\/wp-content\\\/uploads\\\/2026\\\/04\\\/Depression.jpg\",\"datePublished\":\"2026-04-29T17:31:40+00:00\",\"dateModified\":\"2026-04-30T06:55:19+00:00\",\"description\":\"Der Bayerische Landesapothekerkammer unterst\u00fctzt digiDEM Bayern mit Hilfe des Netzwerks \\\"Demenzfreundliche Apotheken\\\".\",\"breadcrumb\":{\"@id\":\"https:\\\/\\\/digidem-bayern.de\\\/wie-depression-und-demenz-zusammenhaengen\\\/#breadcrumb\"},\"inLanguage\":\"en-US\",\"potentialAction\":[{\"@type\":\"ReadAction\",\"target\":[\"https:\\\/\\\/digidem-bayern.de\\\/wie-depression-und-demenz-zusammenhaengen\\\/\"]}]},{\"@type\":\"ImageObject\",\"inLanguage\":\"en-US\",\"@id\":\"https:\\\/\\\/digidem-bayern.de\\\/wie-depression-und-demenz-zusammenhaengen\\\/#primaryimage\",\"url\":\"https:\\\/\\\/digidem-bayern.de\\\/wp-content\\\/uploads\\\/2026\\\/04\\\/Depression.jpg\",\"contentUrl\":\"https:\\\/\\\/digidem-bayern.de\\\/wp-content\\\/uploads\\\/2026\\\/04\\\/Depression.jpg\",\"width\":1600,\"height\":1143},{\"@type\":\"BreadcrumbList\",\"@id\":\"https:\\\/\\\/digidem-bayern.de\\\/wie-depression-und-demenz-zusammenhaengen\\\/#breadcrumb\",\"itemListElement\":[{\"@type\":\"ListItem\",\"position\":1,\"name\":\"Startseite\",\"item\":\"https:\\\/\\\/digidem-bayern.de\\\/\"},{\"@type\":\"ListItem\",\"position\":2,\"name\":\"Wie Depression und Demenz zusammenh\u00e4ngen\"}]},{\"@type\":\"WebSite\",\"@id\":\"\\\/#website\",\"url\":\"\\\/\",\"name\":\"digiDEM Bayern\",\"description\":\"Das digitale Demenzregister Bayern erforscht und verbessert die Angebotsstuktur f\u00fcr Menschen mit Demenz und deren Angeh\u00f6rige\",\"publisher\":{\"@id\":\"\\\/#organization\"},\"potentialAction\":[{\"@type\":\"SearchAction\",\"target\":{\"@type\":\"EntryPoint\",\"urlTemplate\":\"\\\/?s={search_term_string}\"},\"query-input\":{\"@type\":\"PropertyValueSpecification\",\"valueRequired\":true,\"valueName\":\"search_term_string\"}}],\"inLanguage\":\"en-US\"},{\"@type\":\"Organization\",\"@id\":\"\\\/#organization\",\"name\":\"digiDEM Bayern\",\"url\":\"\\\/\",\"logo\":{\"@type\":\"ImageObject\",\"inLanguage\":\"en-US\",\"@id\":\"\\\/#\\\/schema\\\/logo\\\/image\\\/\",\"url\":\"https:\\\/\\\/digidem-bayern.de\\\/wp-content\\\/uploads\\\/2022\\\/03\\\/cropped-Allgemeines_digiDEMLOGO-removebg-preview.png\",\"contentUrl\":\"https:\\\/\\\/digidem-bayern.de\\\/wp-content\\\/uploads\\\/2022\\\/03\\\/cropped-Allgemeines_digiDEMLOGO-removebg-preview.png\",\"width\":612,\"height\":357,\"caption\":\"digiDEM Bayern\"},\"image\":{\"@id\":\"\\\/#\\\/schema\\\/logo\\\/image\\\/\"},\"sameAs\":[\"https:\\\/\\\/www.facebook.com\\\/digiDEMBayern\\\/\",\"https:\\\/\\\/x.com\\\/digidem_bayern\",\"https:\\\/\\\/www.instagram.com\\\/digidem.bayern\",\"https:\\\/\\\/www.linkedin.com\\\/company\\\/digidem-bayern\\\/\"]},{\"@type\":\"Person\",\"@id\":\"\\\/#\\\/schema\\\/person\\\/0e8781e0653d1a8e57ca55bd2c3cb01f\",\"name\":\"Anne Keefer\",\"url\":\"https:\\\/\\\/digidem-bayern.de\\\/en\\\/author\\\/ag-webinar\\\/\"}]}<\/script>\n<!-- \/ Yoast SEO plugin. -->","yoast_head_json":{"title":"Wie Depression und Demenz zusammenh\u00e4ngen - digiDEM Bayern","description":"Der Bayerische Landesapothekerkammer unterst\u00fctzt digiDEM Bayern mit Hilfe des Netzwerks \"Demenzfreundliche Apotheken\".","robots":{"index":"index","follow":"follow","max-snippet":"max-snippet:-1","max-image-preview":"max-image-preview:large","max-video-preview":"max-video-preview:-1"},"canonical":"https:\/\/digidem-bayern.de\/en\/wie-depression-und-demenz-zusammenhaengen\/","og_locale":"en_US","og_type":"article","og_title":"Wie Depression und Demenz zusammenh\u00e4ngen - digiDEM Bayern","og_description":"Der Bayerische Landesapothekerkammer unterst\u00fctzt digiDEM Bayern mit Hilfe des Netzwerks \"Demenzfreundliche Apotheken\".","og_url":"https:\/\/digidem-bayern.de\/en\/wie-depression-und-demenz-zusammenhaengen\/","og_site_name":"digiDEM Bayern","article_publisher":"https:\/\/www.facebook.com\/digiDEMBayern\/","article_published_time":"2026-04-29T17:31:40+00:00","article_modified_time":"2026-04-30T06:55:19+00:00","og_image":[{"width":1030,"height":736,"url":"https:\/\/digidem-bayern.de\/wp-content\/uploads\/2026\/04\/Depression-1030x736.jpg","type":"image\/jpeg"}],"author":"Anne Keefer","twitter_misc":{"Written by":"Anne Keefer","Est. reading time":"3 minutes"},"schema":{"@context":"https:\/\/schema.org","@graph":[{"@type":"Article","@id":"https:\/\/digidem-bayern.de\/wie-depression-und-demenz-zusammenhaengen\/#article","isPartOf":{"@id":"https:\/\/digidem-bayern.de\/wie-depression-und-demenz-zusammenhaengen\/"},"author":{"name":"Anne Keefer","@id":"\/#\/schema\/person\/0e8781e0653d1a8e57ca55bd2c3cb01f"},"headline":"Wie Depression und Demenz zusammenh\u00e4ngen","datePublished":"2026-04-29T17:31:40+00:00","dateModified":"2026-04-30T06:55:19+00:00","mainEntityOfPage":{"@id":"https:\/\/digidem-bayern.de\/wie-depression-und-demenz-zusammenhaengen\/"},"wordCount":433,"commentCount":0,"publisher":{"@id":"\/#organization"},"image":{"@id":"https:\/\/digidem-bayern.de\/wie-depression-und-demenz-zusammenhaengen\/#primaryimage"},"thumbnailUrl":"https:\/\/digidem-bayern.de\/wp-content\/uploads\/2026\/04\/Depression.jpg","keywords":["Altersdepression","Demenzrisiko","Depression","digidem"],"articleSection":["Aktuelles zu digiDEM","Wissenschaft &amp; Forschung"],"inLanguage":"en-US","potentialAction":[{"@type":"CommentAction","name":"Comment","target":["https:\/\/digidem-bayern.de\/wie-depression-und-demenz-zusammenhaengen\/#respond"]}]},{"@type":"WebPage","@id":"https:\/\/digidem-bayern.de\/wie-depression-und-demenz-zusammenhaengen\/","url":"https:\/\/digidem-bayern.de\/wie-depression-und-demenz-zusammenhaengen\/","name":"Wie Depression und Demenz zusammenh\u00e4ngen - digiDEM Bayern","isPartOf":{"@id":"\/#website"},"primaryImageOfPage":{"@id":"https:\/\/digidem-bayern.de\/wie-depression-und-demenz-zusammenhaengen\/#primaryimage"},"image":{"@id":"https:\/\/digidem-bayern.de\/wie-depression-und-demenz-zusammenhaengen\/#primaryimage"},"thumbnailUrl":"https:\/\/digidem-bayern.de\/wp-content\/uploads\/2026\/04\/Depression.jpg","datePublished":"2026-04-29T17:31:40+00:00","dateModified":"2026-04-30T06:55:19+00:00","description":"Der Bayerische Landesapothekerkammer unterst\u00fctzt digiDEM Bayern mit Hilfe des Netzwerks \"Demenzfreundliche Apotheken\".","breadcrumb":{"@id":"https:\/\/digidem-bayern.de\/wie-depression-und-demenz-zusammenhaengen\/#breadcrumb"},"inLanguage":"en-US","potentialAction":[{"@type":"ReadAction","target":["https:\/\/digidem-bayern.de\/wie-depression-und-demenz-zusammenhaengen\/"]}]},{"@type":"ImageObject","inLanguage":"en-US","@id":"https:\/\/digidem-bayern.de\/wie-depression-und-demenz-zusammenhaengen\/#primaryimage","url":"https:\/\/digidem-bayern.de\/wp-content\/uploads\/2026\/04\/Depression.jpg","contentUrl":"https:\/\/digidem-bayern.de\/wp-content\/uploads\/2026\/04\/Depression.jpg","width":1600,"height":1143},{"@type":"BreadcrumbList","@id":"https:\/\/digidem-bayern.de\/wie-depression-und-demenz-zusammenhaengen\/#breadcrumb","itemListElement":[{"@type":"ListItem","position":1,"name":"Startseite","item":"https:\/\/digidem-bayern.de\/"},{"@type":"ListItem","position":2,"name":"Wie Depression und Demenz zusammenh\u00e4ngen"}]},{"@type":"WebSite","@id":"\/#website","url":"\/","name":"digiDEM Bavaria","description":"The digital dementia register in Bavaria researches and improves the structure of services for people with dementia and their relatives","publisher":{"@id":"\/#organization"},"potentialAction":[{"@type":"SearchAction","target":{"@type":"EntryPoint","urlTemplate":"\/?s={search_term_string}"},"query-input":{"@type":"PropertyValueSpecification","valueRequired":true,"valueName":"search_term_string"}}],"inLanguage":"en-US"},{"@type":"Organization","@id":"\/#organization","name":"digiDEM Bavaria","url":"\/","logo":{"@type":"ImageObject","inLanguage":"en-US","@id":"\/#\/schema\/logo\/image\/","url":"https:\/\/digidem-bayern.de\/wp-content\/uploads\/2022\/03\/cropped-Allgemeines_digiDEMLOGO-removebg-preview.png","contentUrl":"https:\/\/digidem-bayern.de\/wp-content\/uploads\/2022\/03\/cropped-Allgemeines_digiDEMLOGO-removebg-preview.png","width":612,"height":357,"caption":"digiDEM Bayern"},"image":{"@id":"\/#\/schema\/logo\/image\/"},"sameAs":["https:\/\/www.facebook.com\/digiDEMBayern\/","https:\/\/x.com\/digidem_bayern","https:\/\/www.instagram.com\/digidem.bayern","https:\/\/www.linkedin.com\/company\/digidem-bayern\/"]},{"@type":"Person","@id":"\/#\/schema\/person\/0e8781e0653d1a8e57ca55bd2c3cb01f","name":"Anne Keefer","url":"https:\/\/digidem-bayern.de\/en\/author\/ag-webinar\/"}]}},"uagb_featured_image_src":{"full":["https:\/\/digidem-bayern.de\/wp-content\/uploads\/2026\/04\/Depression.jpg",1600,1143,false],"thumbnail":["https:\/\/digidem-bayern.de\/wp-content\/uploads\/2026\/04\/Depression-80x80.jpg",80,80,true],"medium":["https:\/\/digidem-bayern.de\/wp-content\/uploads\/2026\/04\/Depression-300x214.jpg",300,214,true],"medium_large":["https:\/\/digidem-bayern.de\/wp-content\/uploads\/2026\/04\/Depression-768x549.jpg",768,549,true],"large":["https:\/\/digidem-bayern.de\/wp-content\/uploads\/2026\/04\/Depression-1030x736.jpg",1030,736,true],"1536x1536":["https:\/\/digidem-bayern.de\/wp-content\/uploads\/2026\/04\/Depression-1536x1097.jpg",1536,1097,true],"2048x2048":["https:\/\/digidem-bayern.de\/wp-content\/uploads\/2026\/04\/Depression-2048x1463.jpg",2048,1463,true],"trp-custom-language-flag":["https:\/\/digidem-bayern.de\/wp-content\/uploads\/2026\/04\/Depression-18x12.jpg",18,12,true],"qubely_landscape":["https:\/\/digidem-bayern.de\/wp-content\/uploads\/2026\/04\/Depression-1200x750.jpg",1200,750,true],"qubely_portrait":["https:\/\/digidem-bayern.de\/wp-content\/uploads\/2026\/04\/Depression-540x320.jpg",540,320,true],"qubely_thumbnail":["https:\/\/digidem-bayern.de\/wp-content\/uploads\/2026\/04\/Depression-140x100.jpg",140,100,true],"post-thumbnail":["https:\/\/digidem-bayern.de\/wp-content\/uploads\/2026\/04\/Depression-490x350.jpg",490,350,true],"kahuna-featured":["https:\/\/digidem-bayern.de\/wp-content\/uploads\/2026\/04\/Depression-734x350.jpg",734,350,true],"kahuna-featured-lp":["https:\/\/digidem-bayern.de\/wp-content\/uploads\/2026\/04\/Depression-520x350.jpg",520,350,true],"kahuna-featured-half":["https:\/\/digidem-bayern.de\/wp-content\/uploads\/2026\/04\/Depression-800x350.jpg",800,350,true],"kahuna-featured-third":["https:\/\/digidem-bayern.de\/wp-content\/uploads\/2026\/04\/Depression-512x350.jpg",512,350,true],"kahuna-lpbox-1":["https:\/\/digidem-bayern.de\/wp-content\/uploads\/2026\/04\/Depression-520x300.jpg",520,300,true],"kahuna-lpbox-2":["https:\/\/digidem-bayern.de\/wp-content\/uploads\/2026\/04\/Depression-520x350.jpg",520,350,true],"demand-language-flag":["https:\/\/digidem-bayern.de\/wp-content\/uploads\/2026\/04\/Depression-36x36.jpg",36,36,true],"dddkt-language-flag":["https:\/\/digidem-bayern.de\/wp-content\/uploads\/2026\/04\/Depression-36x36.jpg",36,36,true],"ddiqc-language-flag":["https:\/\/digidem-bayern.de\/wp-content\/uploads\/2026\/04\/Depression-36x36.jpg",36,36,true],"ddtl-language-flag":["https:\/\/digidem-bayern.de\/wp-content\/uploads\/2026\/04\/Depression-36x36.jpg",36,36,true],"mailpoet_newsletter_max":["https:\/\/digidem-bayern.de\/wp-content\/uploads\/2026\/04\/Depression-1320x943.jpg",1320,943,true],"kahuna-lpbox-3":["https:\/\/digidem-bayern.de\/wp-content\/uploads\/2026\/04\/Depression-520x350.jpg",520,350,true],"kahuna-featured-square":["https:\/\/digidem-bayern.de\/wp-content\/uploads\/2026\/04\/Depression-512x512.jpg",512,512,true],"kahuna-featured-square-large":["https:\/\/digidem-bayern.de\/wp-content\/uploads\/2026\/04\/Depression-1024x1024.jpg",1024,1024,true]},"uagb_author_info":{"display_name":"Anne Keefer","author_link":"https:\/\/digidem-bayern.de\/en\/author\/ag-webinar\/"},"uagb_comment_info":0,"uagb_excerpt":"Depression und kognitive Beeintr\u00e4chtigungen geh\u00f6ren zu den h\u00e4ufigsten Erkrankungen im h\u00f6heren Lebensalter. Oft treten sie auch gemeinsam auf. Eine aktuelle Studie aus S\u00fcdkorea hat systematisch untersucht, wie beide Erkrankungen miteinander verkn\u00fcpft sind und welche Konsequenzen das f\u00fcr Diagnose und Behandlung hat. Das Forschungsteam wertete daf\u00fcr L\u00e4ngsschnittstudien, Laborbefunde, Bilddaten und klinische &hellip;","_links":{"self":[{"href":"https:\/\/digidem-bayern.de\/en\/wp-json\/wp\/v2\/posts\/49099","targetHints":{"allow":["GET"]}}],"collection":[{"href":"https:\/\/digidem-bayern.de\/en\/wp-json\/wp\/v2\/posts"}],"about":[{"href":"https:\/\/digidem-bayern.de\/en\/wp-json\/wp\/v2\/types\/post"}],"author":[{"embeddable":true,"href":"https:\/\/digidem-bayern.de\/en\/wp-json\/wp\/v2\/users\/7"}],"replies":[{"embeddable":true,"href":"https:\/\/digidem-bayern.de\/en\/wp-json\/wp\/v2\/comments?post=49099"}],"version-history":[{"count":2,"href":"https:\/\/digidem-bayern.de\/en\/wp-json\/wp\/v2\/posts\/49099\/revisions"}],"predecessor-version":[{"id":49147,"href":"https:\/\/digidem-bayern.de\/en\/wp-json\/wp\/v2\/posts\/49099\/revisions\/49147"}],"wp:featuredmedia":[{"embeddable":true,"href":"https:\/\/digidem-bayern.de\/en\/wp-json\/wp\/v2\/media\/49084"}],"wp:attachment":[{"href":"https:\/\/digidem-bayern.de\/en\/wp-json\/wp\/v2\/media?parent=49099"}],"wp:term":[{"taxonomy":"category","embeddable":true,"href":"https:\/\/digidem-bayern.de\/en\/wp-json\/wp\/v2\/categories?post=49099"},{"taxonomy":"post_tag","embeddable":true,"href":"https:\/\/digidem-bayern.de\/en\/wp-json\/wp\/v2\/tags?post=49099"}],"curies":[{"name":"wp","href":"https:\/\/api.w.org\/{rel}","templated":true}]}}