{"id":49096,"date":"2026-04-29T19:31:22","date_gmt":"2026-04-29T17:31:22","guid":{"rendered":"https:\/\/digidem-bayern.de\/?p=49096"},"modified":"2026-04-30T08:54:24","modified_gmt":"2026-04-30T06:54:24","slug":"obdachlosigkeit-und-demenz-neue-studie-liefert-zahlen","status":"publish","type":"post","link":"https:\/\/digidem-bayern.de\/en\/obdachlosigkeit-und-demenz-neue-studie-liefert-zahlen\/","title":{"rendered":"Obdachlosigkeit und Demenz: Neue Studie liefert Zahlen"},"content":{"rendered":"<p><strong><strong><strong><strong><strong><strong><strong><strong><strong><strong><strong><strong><strong><strong><strong><strong><strong><strong><strong><strong><strong><strong><strong><strong><strong><strong><strong><strong><strong><strong><strong><strong><strong><strong><strong><strong><strong><strong><strong><strong><strong><strong><strong><strong>Wer kein festes Dach \u00fcber dem Kopf hat, k\u00e4mpft t\u00e4glich mit existenziellen Sorgen. Doch Obdachlosigkeit hinterl\u00e4sst nicht nur soziale Wunden, sondern belastet auch die kognitive Gesundheit. Eine aktuelle internationale Studie aus Kanada zeigt nun deutlich: Menschen ohne festen Wohnsitz sind deutlich h\u00e4ufiger von Demenz betroffen als die Allgemeinbev\u00f6lkerung \u2013 und das oft schon in einem Alter, in dem die Erkrankung selten erwartet wird.<\/strong><\/strong><\/strong><\/strong><\/strong><\/strong><\/strong><\/strong><\/strong><\/strong><\/strong><\/strong><\/strong><\/strong><\/strong><\/strong><\/strong><\/strong><\/strong><\/strong><\/strong><\/strong><\/strong><\/strong><\/strong><\/strong><\/strong><\/strong><\/strong><\/strong><\/strong><\/strong><\/strong><\/strong><\/strong><\/strong><\/strong><\/strong><\/strong><\/strong><\/strong><\/strong><\/strong><\/strong><\/p>\n\n\n\n<p>Ein Forschungsteam der University of Toronto hat 36 internationale Studien mit insgesamt mehr als 500.000 wohnungslosen Personen ausgewertet. Das Ergebnis: Knapp 7 % der Betroffenen lebten mit einer Demenzdiagnose. In der Allgemeinbev\u00f6lkerung eines vergleichbaren Alters liegt dieser Wert Studien zufolge unter 3 %. Besonders bemerkenswert ist der Befund zur Altersverteilung: Bereits bei wohnungslosen Personen unter 65 Jahren lag die Demenzrate bei \u00fcber 7 %, bei jenen ab 65 Jahren sogar bei \u00fcber 21 %.<\/p>\n\n\n<div class=\"wp-block-image\">\n<figure class=\"alignright size-full is-resized\"><img loading=\"lazy\" decoding=\"async\" width=\"1600\" height=\"1065\" src=\"https:\/\/digidem-bayern.de\/wp-content\/uploads\/2026\/04\/Obdachlosigkeit.jpg\" alt=\"\" class=\"wp-image-49085\" style=\"width:572px;height:auto\" srcset=\"https:\/\/digidem-bayern.de\/wp-content\/uploads\/2026\/04\/Obdachlosigkeit.jpg 1600w, https:\/\/digidem-bayern.de\/wp-content\/uploads\/2026\/04\/Obdachlosigkeit-300x200.jpg 300w, https:\/\/digidem-bayern.de\/wp-content\/uploads\/2026\/04\/Obdachlosigkeit-1030x685.jpg 1030w, https:\/\/digidem-bayern.de\/wp-content\/uploads\/2026\/04\/Obdachlosigkeit-768x511.jpg 768w, https:\/\/digidem-bayern.de\/wp-content\/uploads\/2026\/04\/Obdachlosigkeit-1536x1022.jpg 1536w, https:\/\/digidem-bayern.de\/wp-content\/uploads\/2026\/04\/Obdachlosigkeit-2048x1363.jpg 2048w, https:\/\/digidem-bayern.de\/wp-content\/uploads\/2026\/04\/Obdachlosigkeit-18x12.jpg 18w, https:\/\/digidem-bayern.de\/wp-content\/uploads\/2026\/04\/Obdachlosigkeit-526x350.jpg 526w, https:\/\/digidem-bayern.de\/wp-content\/uploads\/2026\/04\/Obdachlosigkeit-1320x878.jpg 1320w\" sizes=\"auto, (max-width: 1600px) 100vw, 1600px\" \/><figcaption class=\"wp-element-caption\">Foto: Shutterstock<\/figcaption><\/figure>\n<\/div>\n\n\n<p><strong><strong><strong><strong><strong><strong><strong><strong><strong><strong>Fr\u00fche Diagnose, viele Risikofaktoren<\/strong><\/strong><\/strong><\/strong><\/strong><\/strong><\/strong><\/strong><\/strong><\/strong><\/p>\n\n\n\n<p>Die Daten zeigen, dass Menschen mit Wohnungslosigkeit ihre Demenzdiagnose im Durchschnitt fr\u00fcher erhalten als Menschen mit festem Wohnsitz. Dazu d\u00fcrften die in dieser Gruppe besonders h\u00e4ufig anzutreffenden Demenzrisikofaktoren beitragen. Bluthochdruck, Depressionen, Substanzgebrauch sowie Sch\u00e4del-Hirn-Traumata waren in den ausgewerteten Studien weit verbreitet.<\/p>\n\n\n\n<p>Ob Wohnungslosigkeit selbst das Demenzrisiko erh\u00f6ht, l\u00e4sst sich auf Basis der vorliegenden Daten nicht eindeutig beantworten. Diese deuten zwar auf ein erh\u00f6htes Risiko hin, doch sind die Ergebnisse zu unterschiedlich, um gesicherte Schlussfolgerungen zu ziehen. Diskutiert wird zudem eine wechselseitige Beziehung: So k\u00f6nnte eine beginnende Demenz in manchen F\u00e4llen selbst dazu beitragen, dass Menschen ihre Wohnsituation verlieren.<\/p>\n\n\n\n<p><strong><strong>Was das f\u00fcr die Praxis bedeutet<\/strong><\/strong><\/p>\n\n\n\n<p>Die Autorinnen und Autoren der Studie ziehen daraus eine klare Schlussfolgerung: In Gesundheitseinrichtungen und Unterk\u00fcnften f\u00fcr wohnungslose Menschen sollte Demenz auch bei j\u00fcngeren Personen als m\u00f6gliche Diagnose betrachtet werden. Eine fr\u00fchzeitige Erkennung ist entscheidend, denn ohne Unterst\u00fctzung bleiben Menschen mit kognitiven Einschr\u00e4nkungen in einer Wohnungslosigkeit besonders vulnerabel, etwa im Hinblick auf die Organisation des Alltags, die Sicherung von Finanzen oder den Zugang zu medizinischer Versorgung. Integrierte, fach\u00fcbergreifende Versorgungsmodelle sind gefragt, die soziale und medizinische Hilfe kombinieren.<\/p>\n\n\n\n<p><strong>Tipp f\u00fcr die Praxis<\/strong>: Achten Sie bei der Begleitung von Menschen in schwierigen sozialen Lebenslagen fr\u00fchzeitig auf Anzeichen kognitiver Ver\u00e4nderungen. Da soziale Isolation und unversorgte gesundheitliche Einschr\u00e4nkungen das Risiko erh\u00f6hen, ist eine fr\u00fchzeitige Sensibilisierung wichtig. Wenn Sie sich fragen, ob bei einem nahestehenden Menschen kognitive Ver\u00e4nderungen vorliegen, bietet digiDEM Bayern mit dem <a href=\"https:\/\/digidem-bayern.de\/en\/digitales-angebot-fremdbeurteilung-der-gedaechtnisleistung\/\">digiDEM IQCODE<\/a> einen kostenlosen und wissenschaftlich abgesicherten Online-Fragebogen an, mit dem An- und Zugeh\u00f6rige die Ged\u00e4chtnisleistung einer nahestehenden Person einsch\u00e4tzen k\u00f6nnen \u2013 als erster wichtiger Schritt hin zu einer weiterf\u00fchrenden Diagnostik.<\/p>\n\n\n\n<p>Hier geht&#8217;s zur Studie:<\/p>\n\n\n\n<p><a href=\"https:\/\/agsjournals.onlinelibrary.wiley.com\/doi\/10.1111\/jgs.70072\" target=\"_blank\" rel=\"noreferrer noopener\">Prevalence and Risk of Dementia Among Adults Who Have Experienced Homelessness, a Meta-Analysis<\/a><\/p>\n\n\n\n<p><\/p>\n\n\n\n<p><\/p>\n\n\n\n<p><\/p>\n\n\n\n<p><\/p>\n\n\n\n<p><\/p>\n\n\n\n<p><\/p>\n\n\n\n<div style=\"height:0px\" aria-hidden=\"true\" class=\"wp-block-spacer\"><\/div>\n\n\n\n<p><\/p>","protected":false},"excerpt":{"rendered":"<p>Wer kein festes Dach \u00fcber dem Kopf hat, k\u00e4mpft t\u00e4glich mit existenziellen Sorgen. Doch Obdachlosigkeit hinterl\u00e4sst nicht nur soziale Wunden, sondern belastet auch die kognitive Gesundheit. Eine aktuelle internationale Studie aus Kanada zeigt nun deutlich: Menschen ohne festen Wohnsitz sind deutlich h\u00e4ufiger von Demenz betroffen als die Allgemeinbev\u00f6lkerung \u2013 und &hellip;<\/p>","protected":false},"author":7,"featured_media":49085,"comment_status":"open","ping_status":"closed","sticky":false,"template":"","format":"standard","meta":{"qubely_global_settings":"","qubely_interactions":"","_uag_custom_page_level_css":"","footnotes":""},"categories":[8,5],"tags":[177,14,1898,1900,1899],"class_list":["post-49096","post","type-post","status-publish","format-standard","has-post-thumbnail","hentry","category-aktuelles-zu-digidem","category-wissenschaft-forschung","tag-demenzrisiko","tag-digidem","tag-obdachlosigkeit","tag-wohnsitz","tag-wohnungslosigkeit"],"qubely_featured_image_url":{"full":["https:\/\/digidem-bayern.de\/wp-content\/uploads\/2026\/04\/Obdachlosigkeit.jpg",1600,1065,false],"landscape":["https:\/\/digidem-bayern.de\/wp-content\/uploads\/2026\/04\/Obdachlosigkeit-1200x750.jpg",1200,750,true],"portraits":["https:\/\/digidem-bayern.de\/wp-content\/uploads\/2026\/04\/Obdachlosigkeit-540x320.jpg",540,320,true],"thumbnail":["https:\/\/digidem-bayern.de\/wp-content\/uploads\/2026\/04\/Obdachlosigkeit-80x80.jpg",80,80,true],"medium":["https:\/\/digidem-bayern.de\/wp-content\/uploads\/2026\/04\/Obdachlosigkeit-300x200.jpg",300,200,true],"medium_large":["https:\/\/digidem-bayern.de\/wp-content\/uploads\/2026\/04\/Obdachlosigkeit-768x511.jpg",768,511,true],"large":["https:\/\/digidem-bayern.de\/wp-content\/uploads\/2026\/04\/Obdachlosigkeit-1030x685.jpg",1030,685,true],"1536x1536":["https:\/\/digidem-bayern.de\/wp-content\/uploads\/2026\/04\/Obdachlosigkeit-1536x1022.jpg",1536,1022,true],"2048x2048":["https:\/\/digidem-bayern.de\/wp-content\/uploads\/2026\/04\/Obdachlosigkeit-2048x1363.jpg",2048,1363,true],"trp-custom-language-flag":["https:\/\/digidem-bayern.de\/wp-content\/uploads\/2026\/04\/Obdachlosigkeit-18x12.jpg",18,12,true],"qubely_landscape":["https:\/\/digidem-bayern.de\/wp-content\/uploads\/2026\/04\/Obdachlosigkeit-1200x750.jpg",1200,750,true],"qubely_portrait":["https:\/\/digidem-bayern.de\/wp-content\/uploads\/2026\/04\/Obdachlosigkeit-540x320.jpg",540,320,true],"qubely_thumbnail":["https:\/\/digidem-bayern.de\/wp-content\/uploads\/2026\/04\/Obdachlosigkeit-140x100.jpg",140,100,true],"post-thumbnail":["https:\/\/digidem-bayern.de\/wp-content\/uploads\/2026\/04\/Obdachlosigkeit-526x350.jpg",526,350,true],"kahuna-featured":["https:\/\/digidem-bayern.de\/wp-content\/uploads\/2026\/04\/Obdachlosigkeit-734x350.jpg",734,350,true],"kahuna-featured-lp":["https:\/\/digidem-bayern.de\/wp-content\/uploads\/2026\/04\/Obdachlosigkeit-520x350.jpg",520,350,true],"kahuna-featured-half":["https:\/\/digidem-bayern.de\/wp-content\/uploads\/2026\/04\/Obdachlosigkeit-800x350.jpg",800,350,true],"kahuna-featured-third":["https:\/\/digidem-bayern.de\/wp-content\/uploads\/2026\/04\/Obdachlosigkeit-512x350.jpg",512,350,true],"kahuna-lpbox-1":["https:\/\/digidem-bayern.de\/wp-content\/uploads\/2026\/04\/Obdachlosigkeit-520x300.jpg",520,300,true],"kahuna-lpbox-2":["https:\/\/digidem-bayern.de\/wp-content\/uploads\/2026\/04\/Obdachlosigkeit-520x350.jpg",520,350,true],"demand-language-flag":["https:\/\/digidem-bayern.de\/wp-content\/uploads\/2026\/04\/Obdachlosigkeit-36x36.jpg",36,36,true],"dddkt-language-flag":["https:\/\/digidem-bayern.de\/wp-content\/uploads\/2026\/04\/Obdachlosigkeit-36x36.jpg",36,36,true],"ddiqc-language-flag":["https:\/\/digidem-bayern.de\/wp-content\/uploads\/2026\/04\/Obdachlosigkeit-36x36.jpg",36,36,true],"ddtl-language-flag":["https:\/\/digidem-bayern.de\/wp-content\/uploads\/2026\/04\/Obdachlosigkeit-36x36.jpg",36,36,true],"mailpoet_newsletter_max":["https:\/\/digidem-bayern.de\/wp-content\/uploads\/2026\/04\/Obdachlosigkeit-1320x878.jpg",1320,878,true],"kahuna-lpbox-3":["https:\/\/digidem-bayern.de\/wp-content\/uploads\/2026\/04\/Obdachlosigkeit-520x350.jpg",520,350,true],"kahuna-featured-square":["https:\/\/digidem-bayern.de\/wp-content\/uploads\/2026\/04\/Obdachlosigkeit-512x512.jpg",512,512,true],"kahuna-featured-square-large":["https:\/\/digidem-bayern.de\/wp-content\/uploads\/2026\/04\/Obdachlosigkeit-1024x1024.jpg",1024,1024,true]},"qubely_author":{"display_name":"Anne Keefer","author_link":"https:\/\/digidem-bayern.de\/en\/author\/ag-webinar\/"},"qubely_comment":0,"qubely_category":"<a href=\"https:\/\/digidem-bayern.de\/en\/category\/aktuelles-zu-digidem\/\" rel=\"category tag\">Aktuelles zu digiDEM<\/a> <a href=\"https:\/\/digidem-bayern.de\/en\/category\/wissenschaft-forschung\/\" rel=\"category tag\">Wissenschaft &amp; Forschung<\/a>","qubely_excerpt":"Wer kein festes Dach \u00fcber dem Kopf hat, k\u00e4mpft t\u00e4glich mit existenziellen Sorgen. Doch Obdachlosigkeit hinterl\u00e4sst nicht nur soziale Wunden, sondern belastet auch die kognitive Gesundheit. Eine aktuelle internationale Studie aus Kanada zeigt nun deutlich: Menschen ohne festen Wohnsitz sind deutlich h\u00e4ufiger von Demenz betroffen als die Allgemeinbev\u00f6lkerung \u2013 und &hellip;","featured_image_urls_v2":{"full":["https:\/\/digidem-bayern.de\/wp-content\/uploads\/2026\/04\/Obdachlosigkeit.jpg",1600,1065,false],"thumbnail":["https:\/\/digidem-bayern.de\/wp-content\/uploads\/2026\/04\/Obdachlosigkeit-80x80.jpg",80,80,true],"medium":["https:\/\/digidem-bayern.de\/wp-content\/uploads\/2026\/04\/Obdachlosigkeit-300x200.jpg",300,200,true],"medium_large":["https:\/\/digidem-bayern.de\/wp-content\/uploads\/2026\/04\/Obdachlosigkeit-768x511.jpg",768,511,true],"large":["https:\/\/digidem-bayern.de\/wp-content\/uploads\/2026\/04\/Obdachlosigkeit-1030x685.jpg",1030,685,true],"1536x1536":["https:\/\/digidem-bayern.de\/wp-content\/uploads\/2026\/04\/Obdachlosigkeit-1536x1022.jpg",1536,1022,true],"2048x2048":["https:\/\/digidem-bayern.de\/wp-content\/uploads\/2026\/04\/Obdachlosigkeit-2048x1363.jpg",2048,1363,true],"trp-custom-language-flag":["https:\/\/digidem-bayern.de\/wp-content\/uploads\/2026\/04\/Obdachlosigkeit-18x12.jpg",18,12,true],"qubely_landscape":["https:\/\/digidem-bayern.de\/wp-content\/uploads\/2026\/04\/Obdachlosigkeit-1200x750.jpg",1200,750,true],"qubely_portrait":["https:\/\/digidem-bayern.de\/wp-content\/uploads\/2026\/04\/Obdachlosigkeit-540x320.jpg",540,320,true],"qubely_thumbnail":["https:\/\/digidem-bayern.de\/wp-content\/uploads\/2026\/04\/Obdachlosigkeit-140x100.jpg",140,100,true],"post-thumbnail":["https:\/\/digidem-bayern.de\/wp-content\/uploads\/2026\/04\/Obdachlosigkeit-526x350.jpg",526,350,true],"kahuna-featured":["https:\/\/digidem-bayern.de\/wp-content\/uploads\/2026\/04\/Obdachlosigkeit-734x350.jpg",734,350,true],"kahuna-featured-lp":["https:\/\/digidem-bayern.de\/wp-content\/uploads\/2026\/04\/Obdachlosigkeit-520x350.jpg",520,350,true],"kahuna-featured-half":["https:\/\/digidem-bayern.de\/wp-content\/uploads\/2026\/04\/Obdachlosigkeit-800x350.jpg",800,350,true],"kahuna-featured-third":["https:\/\/digidem-bayern.de\/wp-content\/uploads\/2026\/04\/Obdachlosigkeit-512x350.jpg",512,350,true],"kahuna-lpbox-1":["https:\/\/digidem-bayern.de\/wp-content\/uploads\/2026\/04\/Obdachlosigkeit-520x300.jpg",520,300,true],"kahuna-lpbox-2":["https:\/\/digidem-bayern.de\/wp-content\/uploads\/2026\/04\/Obdachlosigkeit-520x350.jpg",520,350,true],"demand-language-flag":["https:\/\/digidem-bayern.de\/wp-content\/uploads\/2026\/04\/Obdachlosigkeit-36x36.jpg",36,36,true],"dddkt-language-flag":["https:\/\/digidem-bayern.de\/wp-content\/uploads\/2026\/04\/Obdachlosigkeit-36x36.jpg",36,36,true],"ddiqc-language-flag":["https:\/\/digidem-bayern.de\/wp-content\/uploads\/2026\/04\/Obdachlosigkeit-36x36.jpg",36,36,true],"ddtl-language-flag":["https:\/\/digidem-bayern.de\/wp-content\/uploads\/2026\/04\/Obdachlosigkeit-36x36.jpg",36,36,true],"mailpoet_newsletter_max":["https:\/\/digidem-bayern.de\/wp-content\/uploads\/2026\/04\/Obdachlosigkeit-1320x878.jpg",1320,878,true],"kahuna-lpbox-3":["https:\/\/digidem-bayern.de\/wp-content\/uploads\/2026\/04\/Obdachlosigkeit-520x350.jpg",520,350,true],"kahuna-featured-square":["https:\/\/digidem-bayern.de\/wp-content\/uploads\/2026\/04\/Obdachlosigkeit-512x512.jpg",512,512,true],"kahuna-featured-square-large":["https:\/\/digidem-bayern.de\/wp-content\/uploads\/2026\/04\/Obdachlosigkeit-1024x1024.jpg",1024,1024,true]},"post_excerpt_stackable_v2":"<p>Wer kein festes Dach \u00fcber dem Kopf hat, k\u00e4mpft t\u00e4glich mit existenziellen Sorgen. Doch Obdachlosigkeit hinterl\u00e4sst nicht nur soziale Wunden, sondern belastet auch die kognitive Gesundheit. Eine aktuelle internationale Studie aus Kanada zeigt nun deutlich: Menschen ohne festen Wohnsitz sind deutlich h\u00e4ufiger von Demenz betroffen als die Allgemeinbev\u00f6lkerung \u2013 und das oft schon in einem Alter, in dem die Erkrankung selten erwartet wird. Ein Forschungsteam der University of Toronto hat 36 internationale Studien mit insgesamt mehr als 500.000 wohnungslosen Personen ausgewertet. Das Ergebnis: Knapp 7 % der Betroffenen lebten mit einer Demenzdiagnose. In der Allgemeinbev\u00f6lkerung eines vergleichbaren Alters liegt dieser&hellip;<\/p>\n","category_list_v2":"<a href=\"https:\/\/digidem-bayern.de\/en\/category\/aktuelles-zu-digidem\/\" rel=\"category tag\">Aktuelles zu digiDEM<\/a>, <a href=\"https:\/\/digidem-bayern.de\/en\/category\/wissenschaft-forschung\/\" rel=\"category tag\">Wissenschaft &amp; Forschung<\/a>","author_info_v2":{"name":"Anne Keefer","url":"https:\/\/digidem-bayern.de\/en\/author\/ag-webinar\/"},"comments_num_v2":"0 comments","yoast_head":"<!-- This site is optimized with the Yoast SEO plugin v27.5 - https:\/\/yoast.com\/product\/yoast-seo-wordpress\/ -->\n<title>Obdachlosigkeit und Demenz: Neue Studie liefert Zahlen - digiDEM Bayern<\/title>\n<meta name=\"description\" content=\"Der Bayerische Landesapothekerkammer unterst\u00fctzt digiDEM Bayern mit Hilfe des Netzwerks &quot;Demenzfreundliche Apotheken&quot;.\" \/>\n<meta name=\"robots\" content=\"index, follow, max-snippet:-1, max-image-preview:large, max-video-preview:-1\" \/>\n<link rel=\"canonical\" href=\"https:\/\/digidem-bayern.de\/en\/obdachlosigkeit-und-demenz-neue-studie-liefert-zahlen\/\" \/>\n<meta property=\"og:locale\" content=\"en_US\" \/>\n<meta property=\"og:type\" content=\"article\" \/>\n<meta property=\"og:title\" content=\"Obdachlosigkeit und Demenz: Neue Studie liefert Zahlen - digiDEM Bayern\" \/>\n<meta property=\"og:description\" content=\"Der Bayerische Landesapothekerkammer unterst\u00fctzt digiDEM Bayern mit Hilfe des Netzwerks &quot;Demenzfreundliche Apotheken&quot;.\" \/>\n<meta property=\"og:url\" content=\"https:\/\/digidem-bayern.de\/en\/obdachlosigkeit-und-demenz-neue-studie-liefert-zahlen\/\" \/>\n<meta property=\"og:site_name\" content=\"digiDEM Bayern\" \/>\n<meta property=\"article:publisher\" content=\"https:\/\/www.facebook.com\/digiDEMBayern\/\" \/>\n<meta property=\"article:published_time\" content=\"2026-04-29T17:31:22+00:00\" \/>\n<meta property=\"article:modified_time\" content=\"2026-04-30T06:54:24+00:00\" \/>\n<meta property=\"og:image\" content=\"https:\/\/digidem-bayern.de\/wp-content\/uploads\/2026\/04\/Obdachlosigkeit-1030x685.jpg\" \/>\n\t<meta property=\"og:image:width\" content=\"1030\" \/>\n\t<meta property=\"og:image:height\" content=\"685\" \/>\n\t<meta property=\"og:image:type\" content=\"image\/jpeg\" \/>\n<meta name=\"author\" content=\"Anne Keefer\" \/>\n<meta name=\"twitter:label1\" content=\"Written by\" \/>\n\t<meta name=\"twitter:data1\" content=\"Anne Keefer\" \/>\n\t<meta name=\"twitter:label2\" content=\"Est. reading time\" \/>\n\t<meta name=\"twitter:data2\" content=\"3 minutes\" \/>\n<script type=\"application\/ld+json\" class=\"yoast-schema-graph\">{\"@context\":\"https:\\\/\\\/schema.org\",\"@graph\":[{\"@type\":\"Article\",\"@id\":\"https:\\\/\\\/digidem-bayern.de\\\/obdachlosigkeit-und-demenz-neue-studie-liefert-zahlen\\\/#article\",\"isPartOf\":{\"@id\":\"https:\\\/\\\/digidem-bayern.de\\\/obdachlosigkeit-und-demenz-neue-studie-liefert-zahlen\\\/\"},\"author\":{\"name\":\"Anne Keefer\",\"@id\":\"\\\/#\\\/schema\\\/person\\\/0e8781e0653d1a8e57ca55bd2c3cb01f\"},\"headline\":\"Obdachlosigkeit und Demenz: Neue Studie liefert Zahlen\",\"datePublished\":\"2026-04-29T17:31:22+00:00\",\"dateModified\":\"2026-04-30T06:54:24+00:00\",\"mainEntityOfPage\":{\"@id\":\"https:\\\/\\\/digidem-bayern.de\\\/obdachlosigkeit-und-demenz-neue-studie-liefert-zahlen\\\/\"},\"wordCount\":454,\"commentCount\":0,\"publisher\":{\"@id\":\"\\\/#organization\"},\"image\":{\"@id\":\"https:\\\/\\\/digidem-bayern.de\\\/obdachlosigkeit-und-demenz-neue-studie-liefert-zahlen\\\/#primaryimage\"},\"thumbnailUrl\":\"https:\\\/\\\/digidem-bayern.de\\\/wp-content\\\/uploads\\\/2026\\\/04\\\/Obdachlosigkeit.jpg\",\"keywords\":[\"Demenzrisiko\",\"digidem\",\"Obdachlosigkeit\",\"Wohnsitz\",\"Wohnungslosigkeit\"],\"articleSection\":[\"Aktuelles zu digiDEM\",\"Wissenschaft &amp; Forschung\"],\"inLanguage\":\"en-US\",\"potentialAction\":[{\"@type\":\"CommentAction\",\"name\":\"Comment\",\"target\":[\"https:\\\/\\\/digidem-bayern.de\\\/obdachlosigkeit-und-demenz-neue-studie-liefert-zahlen\\\/#respond\"]}]},{\"@type\":\"WebPage\",\"@id\":\"https:\\\/\\\/digidem-bayern.de\\\/obdachlosigkeit-und-demenz-neue-studie-liefert-zahlen\\\/\",\"url\":\"https:\\\/\\\/digidem-bayern.de\\\/obdachlosigkeit-und-demenz-neue-studie-liefert-zahlen\\\/\",\"name\":\"Obdachlosigkeit und Demenz: Neue Studie liefert Zahlen - digiDEM Bayern\",\"isPartOf\":{\"@id\":\"\\\/#website\"},\"primaryImageOfPage\":{\"@id\":\"https:\\\/\\\/digidem-bayern.de\\\/obdachlosigkeit-und-demenz-neue-studie-liefert-zahlen\\\/#primaryimage\"},\"image\":{\"@id\":\"https:\\\/\\\/digidem-bayern.de\\\/obdachlosigkeit-und-demenz-neue-studie-liefert-zahlen\\\/#primaryimage\"},\"thumbnailUrl\":\"https:\\\/\\\/digidem-bayern.de\\\/wp-content\\\/uploads\\\/2026\\\/04\\\/Obdachlosigkeit.jpg\",\"datePublished\":\"2026-04-29T17:31:22+00:00\",\"dateModified\":\"2026-04-30T06:54:24+00:00\",\"description\":\"Der Bayerische Landesapothekerkammer unterst\u00fctzt digiDEM Bayern mit Hilfe des Netzwerks \\\"Demenzfreundliche Apotheken\\\".\",\"breadcrumb\":{\"@id\":\"https:\\\/\\\/digidem-bayern.de\\\/obdachlosigkeit-und-demenz-neue-studie-liefert-zahlen\\\/#breadcrumb\"},\"inLanguage\":\"en-US\",\"potentialAction\":[{\"@type\":\"ReadAction\",\"target\":[\"https:\\\/\\\/digidem-bayern.de\\\/obdachlosigkeit-und-demenz-neue-studie-liefert-zahlen\\\/\"]}]},{\"@type\":\"ImageObject\",\"inLanguage\":\"en-US\",\"@id\":\"https:\\\/\\\/digidem-bayern.de\\\/obdachlosigkeit-und-demenz-neue-studie-liefert-zahlen\\\/#primaryimage\",\"url\":\"https:\\\/\\\/digidem-bayern.de\\\/wp-content\\\/uploads\\\/2026\\\/04\\\/Obdachlosigkeit.jpg\",\"contentUrl\":\"https:\\\/\\\/digidem-bayern.de\\\/wp-content\\\/uploads\\\/2026\\\/04\\\/Obdachlosigkeit.jpg\",\"width\":1600,\"height\":1065},{\"@type\":\"BreadcrumbList\",\"@id\":\"https:\\\/\\\/digidem-bayern.de\\\/obdachlosigkeit-und-demenz-neue-studie-liefert-zahlen\\\/#breadcrumb\",\"itemListElement\":[{\"@type\":\"ListItem\",\"position\":1,\"name\":\"Startseite\",\"item\":\"https:\\\/\\\/digidem-bayern.de\\\/\"},{\"@type\":\"ListItem\",\"position\":2,\"name\":\"Obdachlosigkeit und Demenz: Neue Studie liefert Zahlen\"}]},{\"@type\":\"WebSite\",\"@id\":\"\\\/#website\",\"url\":\"\\\/\",\"name\":\"digiDEM Bayern\",\"description\":\"Das digitale Demenzregister Bayern erforscht und verbessert die Angebotsstuktur f\u00fcr Menschen mit Demenz und deren Angeh\u00f6rige\",\"publisher\":{\"@id\":\"\\\/#organization\"},\"potentialAction\":[{\"@type\":\"SearchAction\",\"target\":{\"@type\":\"EntryPoint\",\"urlTemplate\":\"\\\/?s={search_term_string}\"},\"query-input\":{\"@type\":\"PropertyValueSpecification\",\"valueRequired\":true,\"valueName\":\"search_term_string\"}}],\"inLanguage\":\"en-US\"},{\"@type\":\"Organization\",\"@id\":\"\\\/#organization\",\"name\":\"digiDEM Bayern\",\"url\":\"\\\/\",\"logo\":{\"@type\":\"ImageObject\",\"inLanguage\":\"en-US\",\"@id\":\"\\\/#\\\/schema\\\/logo\\\/image\\\/\",\"url\":\"https:\\\/\\\/digidem-bayern.de\\\/wp-content\\\/uploads\\\/2022\\\/03\\\/cropped-Allgemeines_digiDEMLOGO-removebg-preview.png\",\"contentUrl\":\"https:\\\/\\\/digidem-bayern.de\\\/wp-content\\\/uploads\\\/2022\\\/03\\\/cropped-Allgemeines_digiDEMLOGO-removebg-preview.png\",\"width\":612,\"height\":357,\"caption\":\"digiDEM Bayern\"},\"image\":{\"@id\":\"\\\/#\\\/schema\\\/logo\\\/image\\\/\"},\"sameAs\":[\"https:\\\/\\\/www.facebook.com\\\/digiDEMBayern\\\/\",\"https:\\\/\\\/x.com\\\/digidem_bayern\",\"https:\\\/\\\/www.instagram.com\\\/digidem.bayern\",\"https:\\\/\\\/www.linkedin.com\\\/company\\\/digidem-bayern\\\/\"]},{\"@type\":\"Person\",\"@id\":\"\\\/#\\\/schema\\\/person\\\/0e8781e0653d1a8e57ca55bd2c3cb01f\",\"name\":\"Anne Keefer\",\"url\":\"https:\\\/\\\/digidem-bayern.de\\\/en\\\/author\\\/ag-webinar\\\/\"}]}<\/script>\n<!-- \/ Yoast SEO plugin. -->","yoast_head_json":{"title":"Obdachlosigkeit und Demenz: Neue Studie liefert Zahlen - digiDEM Bayern","description":"Der Bayerische Landesapothekerkammer unterst\u00fctzt digiDEM Bayern mit Hilfe des Netzwerks \"Demenzfreundliche Apotheken\".","robots":{"index":"index","follow":"follow","max-snippet":"max-snippet:-1","max-image-preview":"max-image-preview:large","max-video-preview":"max-video-preview:-1"},"canonical":"https:\/\/digidem-bayern.de\/en\/obdachlosigkeit-und-demenz-neue-studie-liefert-zahlen\/","og_locale":"en_US","og_type":"article","og_title":"Obdachlosigkeit und Demenz: Neue Studie liefert Zahlen - digiDEM Bayern","og_description":"Der Bayerische Landesapothekerkammer unterst\u00fctzt digiDEM Bayern mit Hilfe des Netzwerks \"Demenzfreundliche Apotheken\".","og_url":"https:\/\/digidem-bayern.de\/en\/obdachlosigkeit-und-demenz-neue-studie-liefert-zahlen\/","og_site_name":"digiDEM Bayern","article_publisher":"https:\/\/www.facebook.com\/digiDEMBayern\/","article_published_time":"2026-04-29T17:31:22+00:00","article_modified_time":"2026-04-30T06:54:24+00:00","og_image":[{"width":1030,"height":685,"url":"https:\/\/digidem-bayern.de\/wp-content\/uploads\/2026\/04\/Obdachlosigkeit-1030x685.jpg","type":"image\/jpeg"}],"author":"Anne Keefer","twitter_misc":{"Written by":"Anne Keefer","Est. reading time":"3 minutes"},"schema":{"@context":"https:\/\/schema.org","@graph":[{"@type":"Article","@id":"https:\/\/digidem-bayern.de\/obdachlosigkeit-und-demenz-neue-studie-liefert-zahlen\/#article","isPartOf":{"@id":"https:\/\/digidem-bayern.de\/obdachlosigkeit-und-demenz-neue-studie-liefert-zahlen\/"},"author":{"name":"Anne Keefer","@id":"\/#\/schema\/person\/0e8781e0653d1a8e57ca55bd2c3cb01f"},"headline":"Obdachlosigkeit und Demenz: Neue Studie liefert Zahlen","datePublished":"2026-04-29T17:31:22+00:00","dateModified":"2026-04-30T06:54:24+00:00","mainEntityOfPage":{"@id":"https:\/\/digidem-bayern.de\/obdachlosigkeit-und-demenz-neue-studie-liefert-zahlen\/"},"wordCount":454,"commentCount":0,"publisher":{"@id":"\/#organization"},"image":{"@id":"https:\/\/digidem-bayern.de\/obdachlosigkeit-und-demenz-neue-studie-liefert-zahlen\/#primaryimage"},"thumbnailUrl":"https:\/\/digidem-bayern.de\/wp-content\/uploads\/2026\/04\/Obdachlosigkeit.jpg","keywords":["Demenzrisiko","digidem","Obdachlosigkeit","Wohnsitz","Wohnungslosigkeit"],"articleSection":["Aktuelles zu digiDEM","Wissenschaft &amp; Forschung"],"inLanguage":"en-US","potentialAction":[{"@type":"CommentAction","name":"Comment","target":["https:\/\/digidem-bayern.de\/obdachlosigkeit-und-demenz-neue-studie-liefert-zahlen\/#respond"]}]},{"@type":"WebPage","@id":"https:\/\/digidem-bayern.de\/obdachlosigkeit-und-demenz-neue-studie-liefert-zahlen\/","url":"https:\/\/digidem-bayern.de\/obdachlosigkeit-und-demenz-neue-studie-liefert-zahlen\/","name":"Obdachlosigkeit und Demenz: Neue Studie liefert Zahlen - digiDEM Bayern","isPartOf":{"@id":"\/#website"},"primaryImageOfPage":{"@id":"https:\/\/digidem-bayern.de\/obdachlosigkeit-und-demenz-neue-studie-liefert-zahlen\/#primaryimage"},"image":{"@id":"https:\/\/digidem-bayern.de\/obdachlosigkeit-und-demenz-neue-studie-liefert-zahlen\/#primaryimage"},"thumbnailUrl":"https:\/\/digidem-bayern.de\/wp-content\/uploads\/2026\/04\/Obdachlosigkeit.jpg","datePublished":"2026-04-29T17:31:22+00:00","dateModified":"2026-04-30T06:54:24+00:00","description":"Der Bayerische Landesapothekerkammer unterst\u00fctzt digiDEM Bayern mit Hilfe des Netzwerks \"Demenzfreundliche Apotheken\".","breadcrumb":{"@id":"https:\/\/digidem-bayern.de\/obdachlosigkeit-und-demenz-neue-studie-liefert-zahlen\/#breadcrumb"},"inLanguage":"en-US","potentialAction":[{"@type":"ReadAction","target":["https:\/\/digidem-bayern.de\/obdachlosigkeit-und-demenz-neue-studie-liefert-zahlen\/"]}]},{"@type":"ImageObject","inLanguage":"en-US","@id":"https:\/\/digidem-bayern.de\/obdachlosigkeit-und-demenz-neue-studie-liefert-zahlen\/#primaryimage","url":"https:\/\/digidem-bayern.de\/wp-content\/uploads\/2026\/04\/Obdachlosigkeit.jpg","contentUrl":"https:\/\/digidem-bayern.de\/wp-content\/uploads\/2026\/04\/Obdachlosigkeit.jpg","width":1600,"height":1065},{"@type":"BreadcrumbList","@id":"https:\/\/digidem-bayern.de\/obdachlosigkeit-und-demenz-neue-studie-liefert-zahlen\/#breadcrumb","itemListElement":[{"@type":"ListItem","position":1,"name":"Startseite","item":"https:\/\/digidem-bayern.de\/"},{"@type":"ListItem","position":2,"name":"Obdachlosigkeit und Demenz: Neue Studie liefert Zahlen"}]},{"@type":"WebSite","@id":"\/#website","url":"\/","name":"digiDEM Bavaria","description":"The digital dementia register in Bavaria researches and improves the structure of services for people with dementia and their relatives","publisher":{"@id":"\/#organization"},"potentialAction":[{"@type":"SearchAction","target":{"@type":"EntryPoint","urlTemplate":"\/?s={search_term_string}"},"query-input":{"@type":"PropertyValueSpecification","valueRequired":true,"valueName":"search_term_string"}}],"inLanguage":"en-US"},{"@type":"Organization","@id":"\/#organization","name":"digiDEM Bavaria","url":"\/","logo":{"@type":"ImageObject","inLanguage":"en-US","@id":"\/#\/schema\/logo\/image\/","url":"https:\/\/digidem-bayern.de\/wp-content\/uploads\/2022\/03\/cropped-Allgemeines_digiDEMLOGO-removebg-preview.png","contentUrl":"https:\/\/digidem-bayern.de\/wp-content\/uploads\/2022\/03\/cropped-Allgemeines_digiDEMLOGO-removebg-preview.png","width":612,"height":357,"caption":"digiDEM Bayern"},"image":{"@id":"\/#\/schema\/logo\/image\/"},"sameAs":["https:\/\/www.facebook.com\/digiDEMBayern\/","https:\/\/x.com\/digidem_bayern","https:\/\/www.instagram.com\/digidem.bayern","https:\/\/www.linkedin.com\/company\/digidem-bayern\/"]},{"@type":"Person","@id":"\/#\/schema\/person\/0e8781e0653d1a8e57ca55bd2c3cb01f","name":"Anne Keefer","url":"https:\/\/digidem-bayern.de\/en\/author\/ag-webinar\/"}]}},"uagb_featured_image_src":{"full":["https:\/\/digidem-bayern.de\/wp-content\/uploads\/2026\/04\/Obdachlosigkeit.jpg",1600,1065,false],"thumbnail":["https:\/\/digidem-bayern.de\/wp-content\/uploads\/2026\/04\/Obdachlosigkeit-80x80.jpg",80,80,true],"medium":["https:\/\/digidem-bayern.de\/wp-content\/uploads\/2026\/04\/Obdachlosigkeit-300x200.jpg",300,200,true],"medium_large":["https:\/\/digidem-bayern.de\/wp-content\/uploads\/2026\/04\/Obdachlosigkeit-768x511.jpg",768,511,true],"large":["https:\/\/digidem-bayern.de\/wp-content\/uploads\/2026\/04\/Obdachlosigkeit-1030x685.jpg",1030,685,true],"1536x1536":["https:\/\/digidem-bayern.de\/wp-content\/uploads\/2026\/04\/Obdachlosigkeit-1536x1022.jpg",1536,1022,true],"2048x2048":["https:\/\/digidem-bayern.de\/wp-content\/uploads\/2026\/04\/Obdachlosigkeit-2048x1363.jpg",2048,1363,true],"trp-custom-language-flag":["https:\/\/digidem-bayern.de\/wp-content\/uploads\/2026\/04\/Obdachlosigkeit-18x12.jpg",18,12,true],"qubely_landscape":["https:\/\/digidem-bayern.de\/wp-content\/uploads\/2026\/04\/Obdachlosigkeit-1200x750.jpg",1200,750,true],"qubely_portrait":["https:\/\/digidem-bayern.de\/wp-content\/uploads\/2026\/04\/Obdachlosigkeit-540x320.jpg",540,320,true],"qubely_thumbnail":["https:\/\/digidem-bayern.de\/wp-content\/uploads\/2026\/04\/Obdachlosigkeit-140x100.jpg",140,100,true],"post-thumbnail":["https:\/\/digidem-bayern.de\/wp-content\/uploads\/2026\/04\/Obdachlosigkeit-526x350.jpg",526,350,true],"kahuna-featured":["https:\/\/digidem-bayern.de\/wp-content\/uploads\/2026\/04\/Obdachlosigkeit-734x350.jpg",734,350,true],"kahuna-featured-lp":["https:\/\/digidem-bayern.de\/wp-content\/uploads\/2026\/04\/Obdachlosigkeit-520x350.jpg",520,350,true],"kahuna-featured-half":["https:\/\/digidem-bayern.de\/wp-content\/uploads\/2026\/04\/Obdachlosigkeit-800x350.jpg",800,350,true],"kahuna-featured-third":["https:\/\/digidem-bayern.de\/wp-content\/uploads\/2026\/04\/Obdachlosigkeit-512x350.jpg",512,350,true],"kahuna-lpbox-1":["https:\/\/digidem-bayern.de\/wp-content\/uploads\/2026\/04\/Obdachlosigkeit-520x300.jpg",520,300,true],"kahuna-lpbox-2":["https:\/\/digidem-bayern.de\/wp-content\/uploads\/2026\/04\/Obdachlosigkeit-520x350.jpg",520,350,true],"demand-language-flag":["https:\/\/digidem-bayern.de\/wp-content\/uploads\/2026\/04\/Obdachlosigkeit-36x36.jpg",36,36,true],"dddkt-language-flag":["https:\/\/digidem-bayern.de\/wp-content\/uploads\/2026\/04\/Obdachlosigkeit-36x36.jpg",36,36,true],"ddiqc-language-flag":["https:\/\/digidem-bayern.de\/wp-content\/uploads\/2026\/04\/Obdachlosigkeit-36x36.jpg",36,36,true],"ddtl-language-flag":["https:\/\/digidem-bayern.de\/wp-content\/uploads\/2026\/04\/Obdachlosigkeit-36x36.jpg",36,36,true],"mailpoet_newsletter_max":["https:\/\/digidem-bayern.de\/wp-content\/uploads\/2026\/04\/Obdachlosigkeit-1320x878.jpg",1320,878,true],"kahuna-lpbox-3":["https:\/\/digidem-bayern.de\/wp-content\/uploads\/2026\/04\/Obdachlosigkeit-520x350.jpg",520,350,true],"kahuna-featured-square":["https:\/\/digidem-bayern.de\/wp-content\/uploads\/2026\/04\/Obdachlosigkeit-512x512.jpg",512,512,true],"kahuna-featured-square-large":["https:\/\/digidem-bayern.de\/wp-content\/uploads\/2026\/04\/Obdachlosigkeit-1024x1024.jpg",1024,1024,true]},"uagb_author_info":{"display_name":"Anne Keefer","author_link":"https:\/\/digidem-bayern.de\/en\/author\/ag-webinar\/"},"uagb_comment_info":0,"uagb_excerpt":"Wer kein festes Dach \u00fcber dem Kopf hat, k\u00e4mpft t\u00e4glich mit existenziellen Sorgen. Doch Obdachlosigkeit hinterl\u00e4sst nicht nur soziale Wunden, sondern belastet auch die kognitive Gesundheit. Eine aktuelle internationale Studie aus Kanada zeigt nun deutlich: Menschen ohne festen Wohnsitz sind deutlich h\u00e4ufiger von Demenz betroffen als die Allgemeinbev\u00f6lkerung \u2013 und &hellip;","_links":{"self":[{"href":"https:\/\/digidem-bayern.de\/en\/wp-json\/wp\/v2\/posts\/49096","targetHints":{"allow":["GET"]}}],"collection":[{"href":"https:\/\/digidem-bayern.de\/en\/wp-json\/wp\/v2\/posts"}],"about":[{"href":"https:\/\/digidem-bayern.de\/en\/wp-json\/wp\/v2\/types\/post"}],"author":[{"embeddable":true,"href":"https:\/\/digidem-bayern.de\/en\/wp-json\/wp\/v2\/users\/7"}],"replies":[{"embeddable":true,"href":"https:\/\/digidem-bayern.de\/en\/wp-json\/wp\/v2\/comments?post=49096"}],"version-history":[{"count":2,"href":"https:\/\/digidem-bayern.de\/en\/wp-json\/wp\/v2\/posts\/49096\/revisions"}],"predecessor-version":[{"id":49146,"href":"https:\/\/digidem-bayern.de\/en\/wp-json\/wp\/v2\/posts\/49096\/revisions\/49146"}],"wp:featuredmedia":[{"embeddable":true,"href":"https:\/\/digidem-bayern.de\/en\/wp-json\/wp\/v2\/media\/49085"}],"wp:attachment":[{"href":"https:\/\/digidem-bayern.de\/en\/wp-json\/wp\/v2\/media?parent=49096"}],"wp:term":[{"taxonomy":"category","embeddable":true,"href":"https:\/\/digidem-bayern.de\/en\/wp-json\/wp\/v2\/categories?post=49096"},{"taxonomy":"post_tag","embeddable":true,"href":"https:\/\/digidem-bayern.de\/en\/wp-json\/wp\/v2\/tags?post=49096"}],"curies":[{"name":"wp","href":"https:\/\/api.w.org\/{rel}","templated":true}]}}