{"id":49094,"date":"2026-04-29T19:30:54","date_gmt":"2026-04-29T17:30:54","guid":{"rendered":"https:\/\/digidem-bayern.de\/?p=49094"},"modified":"2026-04-30T08:53:48","modified_gmt":"2026-04-30T06:53:48","slug":"reisen-mit-demenz-welche-huerden-gibt-es","status":"publish","type":"post","link":"https:\/\/digidem-bayern.de\/en\/reisen-mit-demenz-welche-huerden-gibt-es\/","title":{"rendered":"Reisen mit Demenz: Welche H\u00fcrden gibt es?"},"content":{"rendered":"<p><strong><strong><strong><strong><strong><strong><strong><strong><strong><strong><strong><strong><strong><strong><strong><strong><strong><strong><strong><strong><strong><strong><strong><strong><strong><strong><strong><strong><strong><strong><strong><strong><strong><strong><strong><strong><strong><strong><strong><strong><strong><strong><strong><strong>Reisen und Tourismus geh\u00f6ren f\u00fcr viele Menschen zu den wichtigsten Quellen von Lebensfreude und Selbstst\u00e4ndigkeit. Doch wie erleben Menschen mit Demenz und ihre An- und Zugeh\u00f6rigen das Reisen \u2013 und wie gut sind Tourismusanbieter auf diese Gruppe vorbereitet? Ein Forschungsteam der Universit\u00e4ten Liverpool, Bournemouth und Liverpool John Moores hat erstmals in einer strukturierten \u00dcbersichtsarbeit den vorhandenen Forschungsstand zu diesem Thema zusammengetragen. In die Auswertung flossen 13 Studien aus europ\u00e4ischen L\u00e4ndern und der USA ein.<\/strong><\/strong><\/strong><\/strong><\/strong><\/strong><\/strong><\/strong><\/strong><\/strong><\/strong><\/strong><\/strong><\/strong><\/strong><\/strong><\/strong><\/strong><\/strong><\/strong><\/strong><\/strong><\/strong><\/strong><\/strong><\/strong><\/strong><\/strong><\/strong><\/strong><\/strong><\/strong><\/strong><\/strong><\/strong><\/strong><\/strong><\/strong><\/strong><\/strong><\/strong><\/strong><\/strong><\/strong><\/p>\n\n\n\n<p>Trotz zahlreicher Schwierigkeiten \u00e4u\u00dferten Menschen mit Demenz und ihre An- und Zugeh\u00f6rigen in nahezu allen ausgewerteten Studien den ausdr\u00fccklichen Wunsch, weiterhin zu reisen. Dabei wird Reisen nach einer Diagnose oft nicht aufgegeben, sondern angepasst: Viele verzichten auf Alleinreisen, reduzieren die H\u00e4ufigkeit von Trips oder w\u00e4hlen Direktfl\u00fcge, um Stress zu minimieren.<\/p>\n\n\n<div class=\"wp-block-image\">\n<figure class=\"alignright size-full is-resized\"><img loading=\"lazy\" decoding=\"async\" width=\"1600\" height=\"1027\" src=\"https:\/\/digidem-bayern.de\/wp-content\/uploads\/2026\/04\/Reisen-Tourismus.jpg\" alt=\"\" class=\"wp-image-49086\" style=\"width:572px;height:auto\" srcset=\"https:\/\/digidem-bayern.de\/wp-content\/uploads\/2026\/04\/Reisen-Tourismus.jpg 1600w, https:\/\/digidem-bayern.de\/wp-content\/uploads\/2026\/04\/Reisen-Tourismus-300x193.jpg 300w, https:\/\/digidem-bayern.de\/wp-content\/uploads\/2026\/04\/Reisen-Tourismus-1030x661.jpg 1030w, https:\/\/digidem-bayern.de\/wp-content\/uploads\/2026\/04\/Reisen-Tourismus-768x493.jpg 768w, https:\/\/digidem-bayern.de\/wp-content\/uploads\/2026\/04\/Reisen-Tourismus-1536x986.jpg 1536w, https:\/\/digidem-bayern.de\/wp-content\/uploads\/2026\/04\/Reisen-Tourismus-2048x1315.jpg 2048w, https:\/\/digidem-bayern.de\/wp-content\/uploads\/2026\/04\/Reisen-Tourismus-18x12.jpg 18w, https:\/\/digidem-bayern.de\/wp-content\/uploads\/2026\/04\/Reisen-Tourismus-545x350.jpg 545w, https:\/\/digidem-bayern.de\/wp-content\/uploads\/2026\/04\/Reisen-Tourismus-1320x848.jpg 1320w\" sizes=\"auto, (max-width: 1600px) 100vw, 1600px\" \/><figcaption class=\"wp-element-caption\">Foto: Shutterstock<\/figcaption><\/figure>\n<\/div>\n\n\n<p><strong><strong><strong><strong><strong><strong><strong><strong><strong>Drei Ebenen von Barrieren<\/strong><\/strong><\/strong><\/strong><\/strong><\/strong><\/strong><\/strong><\/strong><\/p>\n\n\n\n<p>Die Studie gliedert die identifizierten Hindernisse in drei Bereiche. Auf pers\u00f6nlicher Ebene steht vor allem die Angst im Vordergrund, dass die Person mit Demenz sich verirren oder am Reiseziel verloren gehen k\u00f6nnte. Mehr als ein Drittel der Befragten in einer der Studien berichtete, am Flughafen tats\u00e4chlich von dem Menschen mit Demenz getrennt worden zu sein.<\/p>\n\n\n\n<p>Auf zwischenmenschlicher Ebene wurden mangelndes Einf\u00fchlungsverm\u00f6gen von Personal als belastend beschrieben, w\u00e4hrend geduldige Mitarbeitende als gro\u00dfe Erleichterung erlebt wurden. Auf struktureller Ebene erwiesen sich unzureichende Beschilderung, fehlende Familientoiletten sowie laute und reiz\u00fcberflutende Umgebungen als wiederkehrende Probleme.<\/p>\n\n\n\n<p><strong>Tourismus-Anbieter: Wille vorhanden, Mittel fehlen<\/strong><\/p>\n\n\n\n<p>Sieben der ausgewerteten Studien befassten sich mit der Perspektive von Tourismusunternehmen. Das Ergebnis ist zweigeteilt: Rund 70 % der befragten Tourismusmanager sahen die Vorteile einer demenzfreundlichen Ausgestaltung, doch in nahezu allen Studien fehlten die finanziellen Mittel f\u00fcr eine tats\u00e4chliche Umsetzung. Hinzu kamen Wissensdefizite \u00fcber Demenz und eine hohe Personalfluktuation. Einige Betriebe \u00e4u\u00dferten sogar Bedenken, dass die Anwesenheit von Menschen mit Demenz andere G\u00e4ste st\u00f6ren k\u00f6nnte \u2013 ein Befund, der auf nach wie vor bestehende Stigmatisierung hindeutet.<\/p>\n\n\n\n<p>Die Autorinnen und Autoren betonen, dass die Datenlage insgesamt noch d\u00fcnn ist und weiterer Forschungsbedarf besteht. Dies gilt besonders f\u00fcr Flugreisen und internationale Reisen.<\/p>\n\n\n\n<p><strong>Tipp f\u00fcr die Praxis<\/strong>: Planen Sie Reisen oder Ausfl\u00fcge fr\u00fchzeitig und sorgf\u00e4ltig: W\u00e4hlen Sie vertraute Ziele mit klarer Orientierung, informieren Sie Personal vorab \u00fcber die Diagnose und achten Sie auf reizarme Umgebungen.<\/p>\n\n\n\n<p>Hier geht&#8217;s zur Studie:<\/p>\n\n\n\n<p><a href=\"https:\/\/doi.org\/10.1177\/14713012251363867\">Dementia, Travel, and Tourism: A Scoping Review<\/a><\/p>\n\n\n\n<p><\/p>\n\n\n\n<p><\/p>\n\n\n\n<p><\/p>\n\n\n\n<p><\/p>\n\n\n\n<p><\/p>\n\n\n\n<p><\/p>\n\n\n\n<div style=\"height:0px\" aria-hidden=\"true\" class=\"wp-block-spacer\"><\/div>\n\n\n\n<p><\/p>","protected":false},"excerpt":{"rendered":"<p>Reisen und Tourismus geh\u00f6ren f\u00fcr viele Menschen zu den wichtigsten Quellen von Lebensfreude und Selbstst\u00e4ndigkeit. Doch wie erleben Menschen mit Demenz und ihre An- und Zugeh\u00f6rigen das Reisen \u2013 und wie gut sind Tourismusanbieter auf diese Gruppe vorbereitet? Ein Forschungsteam der Universit\u00e4ten Liverpool, Bournemouth und Liverpool John Moores hat erstmals &hellip;<\/p>","protected":false},"author":7,"featured_media":49086,"comment_status":"open","ping_status":"closed","sticky":false,"template":"","format":"standard","meta":{"qubely_global_settings":"","qubely_interactions":"","_uag_custom_page_level_css":"","footnotes":""},"categories":[8,5],"tags":[1897,14,1895,1896],"class_list":["post-49094","post","type-post","status-publish","format-standard","has-post-thumbnail","hentry","category-aktuelles-zu-digidem","category-wissenschaft-forschung","tag-ausflug","tag-digidem","tag-reisen","tag-tourismus"],"qubely_featured_image_url":{"full":["https:\/\/digidem-bayern.de\/wp-content\/uploads\/2026\/04\/Reisen-Tourismus.jpg",1600,1027,false],"landscape":["https:\/\/digidem-bayern.de\/wp-content\/uploads\/2026\/04\/Reisen-Tourismus-1200x750.jpg",1200,750,true],"portraits":["https:\/\/digidem-bayern.de\/wp-content\/uploads\/2026\/04\/Reisen-Tourismus-540x320.jpg",540,320,true],"thumbnail":["https:\/\/digidem-bayern.de\/wp-content\/uploads\/2026\/04\/Reisen-Tourismus-80x80.jpg",80,80,true],"medium":["https:\/\/digidem-bayern.de\/wp-content\/uploads\/2026\/04\/Reisen-Tourismus-300x193.jpg",300,193,true],"medium_large":["https:\/\/digidem-bayern.de\/wp-content\/uploads\/2026\/04\/Reisen-Tourismus-768x493.jpg",768,493,true],"large":["https:\/\/digidem-bayern.de\/wp-content\/uploads\/2026\/04\/Reisen-Tourismus-1030x661.jpg",1030,661,true],"1536x1536":["https:\/\/digidem-bayern.de\/wp-content\/uploads\/2026\/04\/Reisen-Tourismus-1536x986.jpg",1536,986,true],"2048x2048":["https:\/\/digidem-bayern.de\/wp-content\/uploads\/2026\/04\/Reisen-Tourismus-2048x1315.jpg",2048,1315,true],"trp-custom-language-flag":["https:\/\/digidem-bayern.de\/wp-content\/uploads\/2026\/04\/Reisen-Tourismus-18x12.jpg",18,12,true],"qubely_landscape":["https:\/\/digidem-bayern.de\/wp-content\/uploads\/2026\/04\/Reisen-Tourismus-1200x750.jpg",1200,750,true],"qubely_portrait":["https:\/\/digidem-bayern.de\/wp-content\/uploads\/2026\/04\/Reisen-Tourismus-540x320.jpg",540,320,true],"qubely_thumbnail":["https:\/\/digidem-bayern.de\/wp-content\/uploads\/2026\/04\/Reisen-Tourismus-140x100.jpg",140,100,true],"post-thumbnail":["https:\/\/digidem-bayern.de\/wp-content\/uploads\/2026\/04\/Reisen-Tourismus-545x350.jpg",545,350,true],"kahuna-featured":["https:\/\/digidem-bayern.de\/wp-content\/uploads\/2026\/04\/Reisen-Tourismus-734x350.jpg",734,350,true],"kahuna-featured-lp":["https:\/\/digidem-bayern.de\/wp-content\/uploads\/2026\/04\/Reisen-Tourismus-520x350.jpg",520,350,true],"kahuna-featured-half":["https:\/\/digidem-bayern.de\/wp-content\/uploads\/2026\/04\/Reisen-Tourismus-800x350.jpg",800,350,true],"kahuna-featured-third":["https:\/\/digidem-bayern.de\/wp-content\/uploads\/2026\/04\/Reisen-Tourismus-512x350.jpg",512,350,true],"kahuna-lpbox-1":["https:\/\/digidem-bayern.de\/wp-content\/uploads\/2026\/04\/Reisen-Tourismus-520x300.jpg",520,300,true],"kahuna-lpbox-2":["https:\/\/digidem-bayern.de\/wp-content\/uploads\/2026\/04\/Reisen-Tourismus-520x350.jpg",520,350,true],"demand-language-flag":["https:\/\/digidem-bayern.de\/wp-content\/uploads\/2026\/04\/Reisen-Tourismus-36x36.jpg",36,36,true],"dddkt-language-flag":["https:\/\/digidem-bayern.de\/wp-content\/uploads\/2026\/04\/Reisen-Tourismus-36x36.jpg",36,36,true],"ddiqc-language-flag":["https:\/\/digidem-bayern.de\/wp-content\/uploads\/2026\/04\/Reisen-Tourismus-36x36.jpg",36,36,true],"ddtl-language-flag":["https:\/\/digidem-bayern.de\/wp-content\/uploads\/2026\/04\/Reisen-Tourismus-36x36.jpg",36,36,true],"mailpoet_newsletter_max":["https:\/\/digidem-bayern.de\/wp-content\/uploads\/2026\/04\/Reisen-Tourismus-1320x848.jpg",1320,848,true],"kahuna-lpbox-3":["https:\/\/digidem-bayern.de\/wp-content\/uploads\/2026\/04\/Reisen-Tourismus-520x350.jpg",520,350,true],"kahuna-featured-square":["https:\/\/digidem-bayern.de\/wp-content\/uploads\/2026\/04\/Reisen-Tourismus-512x512.jpg",512,512,true],"kahuna-featured-square-large":["https:\/\/digidem-bayern.de\/wp-content\/uploads\/2026\/04\/Reisen-Tourismus-1024x1024.jpg",1024,1024,true]},"qubely_author":{"display_name":"Anne Keefer","author_link":"https:\/\/digidem-bayern.de\/en\/author\/ag-webinar\/"},"qubely_comment":0,"qubely_category":"<a href=\"https:\/\/digidem-bayern.de\/en\/category\/aktuelles-zu-digidem\/\" rel=\"category tag\">Aktuelles zu digiDEM<\/a> <a href=\"https:\/\/digidem-bayern.de\/en\/category\/wissenschaft-forschung\/\" rel=\"category tag\">Wissenschaft &amp; Forschung<\/a>","qubely_excerpt":"Reisen und Tourismus geh\u00f6ren f\u00fcr viele Menschen zu den wichtigsten Quellen von Lebensfreude und Selbstst\u00e4ndigkeit. Doch wie erleben Menschen mit Demenz und ihre An- und Zugeh\u00f6rigen das Reisen \u2013 und wie gut sind Tourismusanbieter auf diese Gruppe vorbereitet? Ein Forschungsteam der Universit\u00e4ten Liverpool, Bournemouth und Liverpool John Moores hat erstmals &hellip;","featured_image_urls_v2":{"full":["https:\/\/digidem-bayern.de\/wp-content\/uploads\/2026\/04\/Reisen-Tourismus.jpg",1600,1027,false],"thumbnail":["https:\/\/digidem-bayern.de\/wp-content\/uploads\/2026\/04\/Reisen-Tourismus-80x80.jpg",80,80,true],"medium":["https:\/\/digidem-bayern.de\/wp-content\/uploads\/2026\/04\/Reisen-Tourismus-300x193.jpg",300,193,true],"medium_large":["https:\/\/digidem-bayern.de\/wp-content\/uploads\/2026\/04\/Reisen-Tourismus-768x493.jpg",768,493,true],"large":["https:\/\/digidem-bayern.de\/wp-content\/uploads\/2026\/04\/Reisen-Tourismus-1030x661.jpg",1030,661,true],"1536x1536":["https:\/\/digidem-bayern.de\/wp-content\/uploads\/2026\/04\/Reisen-Tourismus-1536x986.jpg",1536,986,true],"2048x2048":["https:\/\/digidem-bayern.de\/wp-content\/uploads\/2026\/04\/Reisen-Tourismus-2048x1315.jpg",2048,1315,true],"trp-custom-language-flag":["https:\/\/digidem-bayern.de\/wp-content\/uploads\/2026\/04\/Reisen-Tourismus-18x12.jpg",18,12,true],"qubely_landscape":["https:\/\/digidem-bayern.de\/wp-content\/uploads\/2026\/04\/Reisen-Tourismus-1200x750.jpg",1200,750,true],"qubely_portrait":["https:\/\/digidem-bayern.de\/wp-content\/uploads\/2026\/04\/Reisen-Tourismus-540x320.jpg",540,320,true],"qubely_thumbnail":["https:\/\/digidem-bayern.de\/wp-content\/uploads\/2026\/04\/Reisen-Tourismus-140x100.jpg",140,100,true],"post-thumbnail":["https:\/\/digidem-bayern.de\/wp-content\/uploads\/2026\/04\/Reisen-Tourismus-545x350.jpg",545,350,true],"kahuna-featured":["https:\/\/digidem-bayern.de\/wp-content\/uploads\/2026\/04\/Reisen-Tourismus-734x350.jpg",734,350,true],"kahuna-featured-lp":["https:\/\/digidem-bayern.de\/wp-content\/uploads\/2026\/04\/Reisen-Tourismus-520x350.jpg",520,350,true],"kahuna-featured-half":["https:\/\/digidem-bayern.de\/wp-content\/uploads\/2026\/04\/Reisen-Tourismus-800x350.jpg",800,350,true],"kahuna-featured-third":["https:\/\/digidem-bayern.de\/wp-content\/uploads\/2026\/04\/Reisen-Tourismus-512x350.jpg",512,350,true],"kahuna-lpbox-1":["https:\/\/digidem-bayern.de\/wp-content\/uploads\/2026\/04\/Reisen-Tourismus-520x300.jpg",520,300,true],"kahuna-lpbox-2":["https:\/\/digidem-bayern.de\/wp-content\/uploads\/2026\/04\/Reisen-Tourismus-520x350.jpg",520,350,true],"demand-language-flag":["https:\/\/digidem-bayern.de\/wp-content\/uploads\/2026\/04\/Reisen-Tourismus-36x36.jpg",36,36,true],"dddkt-language-flag":["https:\/\/digidem-bayern.de\/wp-content\/uploads\/2026\/04\/Reisen-Tourismus-36x36.jpg",36,36,true],"ddiqc-language-flag":["https:\/\/digidem-bayern.de\/wp-content\/uploads\/2026\/04\/Reisen-Tourismus-36x36.jpg",36,36,true],"ddtl-language-flag":["https:\/\/digidem-bayern.de\/wp-content\/uploads\/2026\/04\/Reisen-Tourismus-36x36.jpg",36,36,true],"mailpoet_newsletter_max":["https:\/\/digidem-bayern.de\/wp-content\/uploads\/2026\/04\/Reisen-Tourismus-1320x848.jpg",1320,848,true],"kahuna-lpbox-3":["https:\/\/digidem-bayern.de\/wp-content\/uploads\/2026\/04\/Reisen-Tourismus-520x350.jpg",520,350,true],"kahuna-featured-square":["https:\/\/digidem-bayern.de\/wp-content\/uploads\/2026\/04\/Reisen-Tourismus-512x512.jpg",512,512,true],"kahuna-featured-square-large":["https:\/\/digidem-bayern.de\/wp-content\/uploads\/2026\/04\/Reisen-Tourismus-1024x1024.jpg",1024,1024,true]},"post_excerpt_stackable_v2":"<p>Reisen und Tourismus geh\u00f6ren f\u00fcr viele Menschen zu den wichtigsten Quellen von Lebensfreude und Selbstst\u00e4ndigkeit. Doch wie erleben Menschen mit Demenz und ihre An- und Zugeh\u00f6rigen das Reisen \u2013 und wie gut sind Tourismusanbieter auf diese Gruppe vorbereitet? Ein Forschungsteam der Universit\u00e4ten Liverpool, Bournemouth und Liverpool John Moores hat erstmals in einer strukturierten \u00dcbersichtsarbeit den vorhandenen Forschungsstand zu diesem Thema zusammengetragen. In die Auswertung flossen 13 Studien aus europ\u00e4ischen L\u00e4ndern und der USA ein. Trotz zahlreicher Schwierigkeiten \u00e4u\u00dferten Menschen mit Demenz und ihre An- und Zugeh\u00f6rigen in nahezu allen ausgewerteten Studien den ausdr\u00fccklichen Wunsch, weiterhin zu reisen. Dabei wird Reisen&hellip;<\/p>\n","category_list_v2":"<a href=\"https:\/\/digidem-bayern.de\/en\/category\/aktuelles-zu-digidem\/\" rel=\"category tag\">Aktuelles zu digiDEM<\/a>, <a href=\"https:\/\/digidem-bayern.de\/en\/category\/wissenschaft-forschung\/\" rel=\"category tag\">Wissenschaft &amp; Forschung<\/a>","author_info_v2":{"name":"Anne Keefer","url":"https:\/\/digidem-bayern.de\/en\/author\/ag-webinar\/"},"comments_num_v2":"0 comments","yoast_head":"<!-- This site is optimized with the Yoast SEO plugin v27.5 - https:\/\/yoast.com\/product\/yoast-seo-wordpress\/ -->\n<title>Reisen mit Demenz: Welche H\u00fcrden gibt es? - digiDEM Bayern<\/title>\n<meta name=\"description\" content=\"Der Bayerische Landesapothekerkammer unterst\u00fctzt digiDEM Bayern mit Hilfe des Netzwerks &quot;Demenzfreundliche Apotheken&quot;.\" \/>\n<meta name=\"robots\" content=\"index, follow, max-snippet:-1, max-image-preview:large, max-video-preview:-1\" \/>\n<link rel=\"canonical\" href=\"https:\/\/digidem-bayern.de\/en\/reisen-mit-demenz-welche-huerden-gibt-es\/\" \/>\n<meta property=\"og:locale\" content=\"en_US\" \/>\n<meta property=\"og:type\" content=\"article\" \/>\n<meta property=\"og:title\" content=\"Reisen mit Demenz: Welche H\u00fcrden gibt es? - digiDEM Bayern\" \/>\n<meta property=\"og:description\" content=\"Der Bayerische Landesapothekerkammer unterst\u00fctzt digiDEM Bayern mit Hilfe des Netzwerks &quot;Demenzfreundliche Apotheken&quot;.\" \/>\n<meta property=\"og:url\" content=\"https:\/\/digidem-bayern.de\/en\/reisen-mit-demenz-welche-huerden-gibt-es\/\" \/>\n<meta property=\"og:site_name\" content=\"digiDEM Bayern\" \/>\n<meta property=\"article:publisher\" content=\"https:\/\/www.facebook.com\/digiDEMBayern\/\" \/>\n<meta property=\"article:published_time\" content=\"2026-04-29T17:30:54+00:00\" \/>\n<meta property=\"article:modified_time\" content=\"2026-04-30T06:53:48+00:00\" \/>\n<meta property=\"og:image\" content=\"https:\/\/digidem-bayern.de\/wp-content\/uploads\/2026\/04\/Reisen-Tourismus-1030x661.jpg\" \/>\n\t<meta property=\"og:image:width\" content=\"1030\" \/>\n\t<meta property=\"og:image:height\" content=\"661\" \/>\n\t<meta property=\"og:image:type\" content=\"image\/jpeg\" \/>\n<meta name=\"author\" content=\"Anne Keefer\" \/>\n<meta name=\"twitter:label1\" content=\"Written by\" \/>\n\t<meta name=\"twitter:data1\" content=\"Anne Keefer\" \/>\n\t<meta name=\"twitter:label2\" content=\"Est. reading time\" \/>\n\t<meta name=\"twitter:data2\" content=\"3 minutes\" \/>\n<script type=\"application\/ld+json\" class=\"yoast-schema-graph\">{\"@context\":\"https:\\\/\\\/schema.org\",\"@graph\":[{\"@type\":\"Article\",\"@id\":\"https:\\\/\\\/digidem-bayern.de\\\/reisen-mit-demenz-welche-huerden-gibt-es\\\/#article\",\"isPartOf\":{\"@id\":\"https:\\\/\\\/digidem-bayern.de\\\/reisen-mit-demenz-welche-huerden-gibt-es\\\/\"},\"author\":{\"name\":\"Anne Keefer\",\"@id\":\"\\\/#\\\/schema\\\/person\\\/0e8781e0653d1a8e57ca55bd2c3cb01f\"},\"headline\":\"Reisen mit Demenz: Welche H\u00fcrden gibt es?\",\"datePublished\":\"2026-04-29T17:30:54+00:00\",\"dateModified\":\"2026-04-30T06:53:48+00:00\",\"mainEntityOfPage\":{\"@id\":\"https:\\\/\\\/digidem-bayern.de\\\/reisen-mit-demenz-welche-huerden-gibt-es\\\/\"},\"wordCount\":407,\"commentCount\":0,\"publisher\":{\"@id\":\"\\\/#organization\"},\"image\":{\"@id\":\"https:\\\/\\\/digidem-bayern.de\\\/reisen-mit-demenz-welche-huerden-gibt-es\\\/#primaryimage\"},\"thumbnailUrl\":\"https:\\\/\\\/digidem-bayern.de\\\/wp-content\\\/uploads\\\/2026\\\/04\\\/Reisen-Tourismus.jpg\",\"keywords\":[\"Ausflug\",\"digidem\",\"Reisen\",\"Tourismus\"],\"articleSection\":[\"Aktuelles zu digiDEM\",\"Wissenschaft &amp; Forschung\"],\"inLanguage\":\"en-US\",\"potentialAction\":[{\"@type\":\"CommentAction\",\"name\":\"Comment\",\"target\":[\"https:\\\/\\\/digidem-bayern.de\\\/reisen-mit-demenz-welche-huerden-gibt-es\\\/#respond\"]}]},{\"@type\":\"WebPage\",\"@id\":\"https:\\\/\\\/digidem-bayern.de\\\/reisen-mit-demenz-welche-huerden-gibt-es\\\/\",\"url\":\"https:\\\/\\\/digidem-bayern.de\\\/reisen-mit-demenz-welche-huerden-gibt-es\\\/\",\"name\":\"Reisen mit Demenz: Welche H\u00fcrden gibt es? - digiDEM Bayern\",\"isPartOf\":{\"@id\":\"\\\/#website\"},\"primaryImageOfPage\":{\"@id\":\"https:\\\/\\\/digidem-bayern.de\\\/reisen-mit-demenz-welche-huerden-gibt-es\\\/#primaryimage\"},\"image\":{\"@id\":\"https:\\\/\\\/digidem-bayern.de\\\/reisen-mit-demenz-welche-huerden-gibt-es\\\/#primaryimage\"},\"thumbnailUrl\":\"https:\\\/\\\/digidem-bayern.de\\\/wp-content\\\/uploads\\\/2026\\\/04\\\/Reisen-Tourismus.jpg\",\"datePublished\":\"2026-04-29T17:30:54+00:00\",\"dateModified\":\"2026-04-30T06:53:48+00:00\",\"description\":\"Der Bayerische Landesapothekerkammer unterst\u00fctzt digiDEM Bayern mit Hilfe des Netzwerks \\\"Demenzfreundliche Apotheken\\\".\",\"breadcrumb\":{\"@id\":\"https:\\\/\\\/digidem-bayern.de\\\/reisen-mit-demenz-welche-huerden-gibt-es\\\/#breadcrumb\"},\"inLanguage\":\"en-US\",\"potentialAction\":[{\"@type\":\"ReadAction\",\"target\":[\"https:\\\/\\\/digidem-bayern.de\\\/reisen-mit-demenz-welche-huerden-gibt-es\\\/\"]}]},{\"@type\":\"ImageObject\",\"inLanguage\":\"en-US\",\"@id\":\"https:\\\/\\\/digidem-bayern.de\\\/reisen-mit-demenz-welche-huerden-gibt-es\\\/#primaryimage\",\"url\":\"https:\\\/\\\/digidem-bayern.de\\\/wp-content\\\/uploads\\\/2026\\\/04\\\/Reisen-Tourismus.jpg\",\"contentUrl\":\"https:\\\/\\\/digidem-bayern.de\\\/wp-content\\\/uploads\\\/2026\\\/04\\\/Reisen-Tourismus.jpg\",\"width\":1600,\"height\":1027},{\"@type\":\"BreadcrumbList\",\"@id\":\"https:\\\/\\\/digidem-bayern.de\\\/reisen-mit-demenz-welche-huerden-gibt-es\\\/#breadcrumb\",\"itemListElement\":[{\"@type\":\"ListItem\",\"position\":1,\"name\":\"Startseite\",\"item\":\"https:\\\/\\\/digidem-bayern.de\\\/\"},{\"@type\":\"ListItem\",\"position\":2,\"name\":\"Reisen mit Demenz: Welche H\u00fcrden gibt es?\"}]},{\"@type\":\"WebSite\",\"@id\":\"\\\/#website\",\"url\":\"\\\/\",\"name\":\"digiDEM Bayern\",\"description\":\"Das digitale Demenzregister Bayern erforscht und verbessert die Angebotsstuktur f\u00fcr Menschen mit Demenz und deren Angeh\u00f6rige\",\"publisher\":{\"@id\":\"\\\/#organization\"},\"potentialAction\":[{\"@type\":\"SearchAction\",\"target\":{\"@type\":\"EntryPoint\",\"urlTemplate\":\"\\\/?s={search_term_string}\"},\"query-input\":{\"@type\":\"PropertyValueSpecification\",\"valueRequired\":true,\"valueName\":\"search_term_string\"}}],\"inLanguage\":\"en-US\"},{\"@type\":\"Organization\",\"@id\":\"\\\/#organization\",\"name\":\"digiDEM Bayern\",\"url\":\"\\\/\",\"logo\":{\"@type\":\"ImageObject\",\"inLanguage\":\"en-US\",\"@id\":\"\\\/#\\\/schema\\\/logo\\\/image\\\/\",\"url\":\"https:\\\/\\\/digidem-bayern.de\\\/wp-content\\\/uploads\\\/2022\\\/03\\\/cropped-Allgemeines_digiDEMLOGO-removebg-preview.png\",\"contentUrl\":\"https:\\\/\\\/digidem-bayern.de\\\/wp-content\\\/uploads\\\/2022\\\/03\\\/cropped-Allgemeines_digiDEMLOGO-removebg-preview.png\",\"width\":612,\"height\":357,\"caption\":\"digiDEM Bayern\"},\"image\":{\"@id\":\"\\\/#\\\/schema\\\/logo\\\/image\\\/\"},\"sameAs\":[\"https:\\\/\\\/www.facebook.com\\\/digiDEMBayern\\\/\",\"https:\\\/\\\/x.com\\\/digidem_bayern\",\"https:\\\/\\\/www.instagram.com\\\/digidem.bayern\",\"https:\\\/\\\/www.linkedin.com\\\/company\\\/digidem-bayern\\\/\"]},{\"@type\":\"Person\",\"@id\":\"\\\/#\\\/schema\\\/person\\\/0e8781e0653d1a8e57ca55bd2c3cb01f\",\"name\":\"Anne Keefer\",\"url\":\"https:\\\/\\\/digidem-bayern.de\\\/en\\\/author\\\/ag-webinar\\\/\"}]}<\/script>\n<!-- \/ Yoast SEO plugin. -->","yoast_head_json":{"title":"Reisen mit Demenz: Welche H\u00fcrden gibt es? - digiDEM Bayern","description":"Der Bayerische Landesapothekerkammer unterst\u00fctzt digiDEM Bayern mit Hilfe des Netzwerks \"Demenzfreundliche Apotheken\".","robots":{"index":"index","follow":"follow","max-snippet":"max-snippet:-1","max-image-preview":"max-image-preview:large","max-video-preview":"max-video-preview:-1"},"canonical":"https:\/\/digidem-bayern.de\/en\/reisen-mit-demenz-welche-huerden-gibt-es\/","og_locale":"en_US","og_type":"article","og_title":"Reisen mit Demenz: Welche H\u00fcrden gibt es? - digiDEM Bayern","og_description":"Der Bayerische Landesapothekerkammer unterst\u00fctzt digiDEM Bayern mit Hilfe des Netzwerks \"Demenzfreundliche Apotheken\".","og_url":"https:\/\/digidem-bayern.de\/en\/reisen-mit-demenz-welche-huerden-gibt-es\/","og_site_name":"digiDEM Bayern","article_publisher":"https:\/\/www.facebook.com\/digiDEMBayern\/","article_published_time":"2026-04-29T17:30:54+00:00","article_modified_time":"2026-04-30T06:53:48+00:00","og_image":[{"width":1030,"height":661,"url":"https:\/\/digidem-bayern.de\/wp-content\/uploads\/2026\/04\/Reisen-Tourismus-1030x661.jpg","type":"image\/jpeg"}],"author":"Anne Keefer","twitter_misc":{"Written by":"Anne Keefer","Est. reading time":"3 minutes"},"schema":{"@context":"https:\/\/schema.org","@graph":[{"@type":"Article","@id":"https:\/\/digidem-bayern.de\/reisen-mit-demenz-welche-huerden-gibt-es\/#article","isPartOf":{"@id":"https:\/\/digidem-bayern.de\/reisen-mit-demenz-welche-huerden-gibt-es\/"},"author":{"name":"Anne Keefer","@id":"\/#\/schema\/person\/0e8781e0653d1a8e57ca55bd2c3cb01f"},"headline":"Reisen mit Demenz: Welche H\u00fcrden gibt es?","datePublished":"2026-04-29T17:30:54+00:00","dateModified":"2026-04-30T06:53:48+00:00","mainEntityOfPage":{"@id":"https:\/\/digidem-bayern.de\/reisen-mit-demenz-welche-huerden-gibt-es\/"},"wordCount":407,"commentCount":0,"publisher":{"@id":"\/#organization"},"image":{"@id":"https:\/\/digidem-bayern.de\/reisen-mit-demenz-welche-huerden-gibt-es\/#primaryimage"},"thumbnailUrl":"https:\/\/digidem-bayern.de\/wp-content\/uploads\/2026\/04\/Reisen-Tourismus.jpg","keywords":["Ausflug","digidem","Reisen","Tourismus"],"articleSection":["Aktuelles zu digiDEM","Wissenschaft &amp; Forschung"],"inLanguage":"en-US","potentialAction":[{"@type":"CommentAction","name":"Comment","target":["https:\/\/digidem-bayern.de\/reisen-mit-demenz-welche-huerden-gibt-es\/#respond"]}]},{"@type":"WebPage","@id":"https:\/\/digidem-bayern.de\/reisen-mit-demenz-welche-huerden-gibt-es\/","url":"https:\/\/digidem-bayern.de\/reisen-mit-demenz-welche-huerden-gibt-es\/","name":"Reisen mit Demenz: Welche H\u00fcrden gibt es? - digiDEM Bayern","isPartOf":{"@id":"\/#website"},"primaryImageOfPage":{"@id":"https:\/\/digidem-bayern.de\/reisen-mit-demenz-welche-huerden-gibt-es\/#primaryimage"},"image":{"@id":"https:\/\/digidem-bayern.de\/reisen-mit-demenz-welche-huerden-gibt-es\/#primaryimage"},"thumbnailUrl":"https:\/\/digidem-bayern.de\/wp-content\/uploads\/2026\/04\/Reisen-Tourismus.jpg","datePublished":"2026-04-29T17:30:54+00:00","dateModified":"2026-04-30T06:53:48+00:00","description":"Der Bayerische Landesapothekerkammer unterst\u00fctzt digiDEM Bayern mit Hilfe des Netzwerks \"Demenzfreundliche Apotheken\".","breadcrumb":{"@id":"https:\/\/digidem-bayern.de\/reisen-mit-demenz-welche-huerden-gibt-es\/#breadcrumb"},"inLanguage":"en-US","potentialAction":[{"@type":"ReadAction","target":["https:\/\/digidem-bayern.de\/reisen-mit-demenz-welche-huerden-gibt-es\/"]}]},{"@type":"ImageObject","inLanguage":"en-US","@id":"https:\/\/digidem-bayern.de\/reisen-mit-demenz-welche-huerden-gibt-es\/#primaryimage","url":"https:\/\/digidem-bayern.de\/wp-content\/uploads\/2026\/04\/Reisen-Tourismus.jpg","contentUrl":"https:\/\/digidem-bayern.de\/wp-content\/uploads\/2026\/04\/Reisen-Tourismus.jpg","width":1600,"height":1027},{"@type":"BreadcrumbList","@id":"https:\/\/digidem-bayern.de\/reisen-mit-demenz-welche-huerden-gibt-es\/#breadcrumb","itemListElement":[{"@type":"ListItem","position":1,"name":"Startseite","item":"https:\/\/digidem-bayern.de\/"},{"@type":"ListItem","position":2,"name":"Reisen mit Demenz: Welche H\u00fcrden gibt es?"}]},{"@type":"WebSite","@id":"\/#website","url":"\/","name":"digiDEM Bavaria","description":"The digital dementia register in Bavaria researches and improves the structure of services for people with dementia and their relatives","publisher":{"@id":"\/#organization"},"potentialAction":[{"@type":"SearchAction","target":{"@type":"EntryPoint","urlTemplate":"\/?s={search_term_string}"},"query-input":{"@type":"PropertyValueSpecification","valueRequired":true,"valueName":"search_term_string"}}],"inLanguage":"en-US"},{"@type":"Organization","@id":"\/#organization","name":"digiDEM Bavaria","url":"\/","logo":{"@type":"ImageObject","inLanguage":"en-US","@id":"\/#\/schema\/logo\/image\/","url":"https:\/\/digidem-bayern.de\/wp-content\/uploads\/2022\/03\/cropped-Allgemeines_digiDEMLOGO-removebg-preview.png","contentUrl":"https:\/\/digidem-bayern.de\/wp-content\/uploads\/2022\/03\/cropped-Allgemeines_digiDEMLOGO-removebg-preview.png","width":612,"height":357,"caption":"digiDEM Bayern"},"image":{"@id":"\/#\/schema\/logo\/image\/"},"sameAs":["https:\/\/www.facebook.com\/digiDEMBayern\/","https:\/\/x.com\/digidem_bayern","https:\/\/www.instagram.com\/digidem.bayern","https:\/\/www.linkedin.com\/company\/digidem-bayern\/"]},{"@type":"Person","@id":"\/#\/schema\/person\/0e8781e0653d1a8e57ca55bd2c3cb01f","name":"Anne Keefer","url":"https:\/\/digidem-bayern.de\/en\/author\/ag-webinar\/"}]}},"uagb_featured_image_src":{"full":["https:\/\/digidem-bayern.de\/wp-content\/uploads\/2026\/04\/Reisen-Tourismus.jpg",1600,1027,false],"thumbnail":["https:\/\/digidem-bayern.de\/wp-content\/uploads\/2026\/04\/Reisen-Tourismus-80x80.jpg",80,80,true],"medium":["https:\/\/digidem-bayern.de\/wp-content\/uploads\/2026\/04\/Reisen-Tourismus-300x193.jpg",300,193,true],"medium_large":["https:\/\/digidem-bayern.de\/wp-content\/uploads\/2026\/04\/Reisen-Tourismus-768x493.jpg",768,493,true],"large":["https:\/\/digidem-bayern.de\/wp-content\/uploads\/2026\/04\/Reisen-Tourismus-1030x661.jpg",1030,661,true],"1536x1536":["https:\/\/digidem-bayern.de\/wp-content\/uploads\/2026\/04\/Reisen-Tourismus-1536x986.jpg",1536,986,true],"2048x2048":["https:\/\/digidem-bayern.de\/wp-content\/uploads\/2026\/04\/Reisen-Tourismus-2048x1315.jpg",2048,1315,true],"trp-custom-language-flag":["https:\/\/digidem-bayern.de\/wp-content\/uploads\/2026\/04\/Reisen-Tourismus-18x12.jpg",18,12,true],"qubely_landscape":["https:\/\/digidem-bayern.de\/wp-content\/uploads\/2026\/04\/Reisen-Tourismus-1200x750.jpg",1200,750,true],"qubely_portrait":["https:\/\/digidem-bayern.de\/wp-content\/uploads\/2026\/04\/Reisen-Tourismus-540x320.jpg",540,320,true],"qubely_thumbnail":["https:\/\/digidem-bayern.de\/wp-content\/uploads\/2026\/04\/Reisen-Tourismus-140x100.jpg",140,100,true],"post-thumbnail":["https:\/\/digidem-bayern.de\/wp-content\/uploads\/2026\/04\/Reisen-Tourismus-545x350.jpg",545,350,true],"kahuna-featured":["https:\/\/digidem-bayern.de\/wp-content\/uploads\/2026\/04\/Reisen-Tourismus-734x350.jpg",734,350,true],"kahuna-featured-lp":["https:\/\/digidem-bayern.de\/wp-content\/uploads\/2026\/04\/Reisen-Tourismus-520x350.jpg",520,350,true],"kahuna-featured-half":["https:\/\/digidem-bayern.de\/wp-content\/uploads\/2026\/04\/Reisen-Tourismus-800x350.jpg",800,350,true],"kahuna-featured-third":["https:\/\/digidem-bayern.de\/wp-content\/uploads\/2026\/04\/Reisen-Tourismus-512x350.jpg",512,350,true],"kahuna-lpbox-1":["https:\/\/digidem-bayern.de\/wp-content\/uploads\/2026\/04\/Reisen-Tourismus-520x300.jpg",520,300,true],"kahuna-lpbox-2":["https:\/\/digidem-bayern.de\/wp-content\/uploads\/2026\/04\/Reisen-Tourismus-520x350.jpg",520,350,true],"demand-language-flag":["https:\/\/digidem-bayern.de\/wp-content\/uploads\/2026\/04\/Reisen-Tourismus-36x36.jpg",36,36,true],"dddkt-language-flag":["https:\/\/digidem-bayern.de\/wp-content\/uploads\/2026\/04\/Reisen-Tourismus-36x36.jpg",36,36,true],"ddiqc-language-flag":["https:\/\/digidem-bayern.de\/wp-content\/uploads\/2026\/04\/Reisen-Tourismus-36x36.jpg",36,36,true],"ddtl-language-flag":["https:\/\/digidem-bayern.de\/wp-content\/uploads\/2026\/04\/Reisen-Tourismus-36x36.jpg",36,36,true],"mailpoet_newsletter_max":["https:\/\/digidem-bayern.de\/wp-content\/uploads\/2026\/04\/Reisen-Tourismus-1320x848.jpg",1320,848,true],"kahuna-lpbox-3":["https:\/\/digidem-bayern.de\/wp-content\/uploads\/2026\/04\/Reisen-Tourismus-520x350.jpg",520,350,true],"kahuna-featured-square":["https:\/\/digidem-bayern.de\/wp-content\/uploads\/2026\/04\/Reisen-Tourismus-512x512.jpg",512,512,true],"kahuna-featured-square-large":["https:\/\/digidem-bayern.de\/wp-content\/uploads\/2026\/04\/Reisen-Tourismus-1024x1024.jpg",1024,1024,true]},"uagb_author_info":{"display_name":"Anne Keefer","author_link":"https:\/\/digidem-bayern.de\/en\/author\/ag-webinar\/"},"uagb_comment_info":0,"uagb_excerpt":"Reisen und Tourismus geh\u00f6ren f\u00fcr viele Menschen zu den wichtigsten Quellen von Lebensfreude und Selbstst\u00e4ndigkeit. Doch wie erleben Menschen mit Demenz und ihre An- und Zugeh\u00f6rigen das Reisen \u2013 und wie gut sind Tourismusanbieter auf diese Gruppe vorbereitet? Ein Forschungsteam der Universit\u00e4ten Liverpool, Bournemouth und Liverpool John Moores hat erstmals &hellip;","_links":{"self":[{"href":"https:\/\/digidem-bayern.de\/en\/wp-json\/wp\/v2\/posts\/49094","targetHints":{"allow":["GET"]}}],"collection":[{"href":"https:\/\/digidem-bayern.de\/en\/wp-json\/wp\/v2\/posts"}],"about":[{"href":"https:\/\/digidem-bayern.de\/en\/wp-json\/wp\/v2\/types\/post"}],"author":[{"embeddable":true,"href":"https:\/\/digidem-bayern.de\/en\/wp-json\/wp\/v2\/users\/7"}],"replies":[{"embeddable":true,"href":"https:\/\/digidem-bayern.de\/en\/wp-json\/wp\/v2\/comments?post=49094"}],"version-history":[{"count":2,"href":"https:\/\/digidem-bayern.de\/en\/wp-json\/wp\/v2\/posts\/49094\/revisions"}],"predecessor-version":[{"id":49145,"href":"https:\/\/digidem-bayern.de\/en\/wp-json\/wp\/v2\/posts\/49094\/revisions\/49145"}],"wp:featuredmedia":[{"embeddable":true,"href":"https:\/\/digidem-bayern.de\/en\/wp-json\/wp\/v2\/media\/49086"}],"wp:attachment":[{"href":"https:\/\/digidem-bayern.de\/en\/wp-json\/wp\/v2\/media?parent=49094"}],"wp:term":[{"taxonomy":"category","embeddable":true,"href":"https:\/\/digidem-bayern.de\/en\/wp-json\/wp\/v2\/categories?post=49094"},{"taxonomy":"post_tag","embeddable":true,"href":"https:\/\/digidem-bayern.de\/en\/wp-json\/wp\/v2\/tags?post=49094"}],"curies":[{"name":"wp","href":"https:\/\/api.w.org\/{rel}","templated":true}]}}