{"id":49089,"date":"2026-04-29T19:33:11","date_gmt":"2026-04-29T17:33:11","guid":{"rendered":"https:\/\/digidem-bayern.de\/?p=49089"},"modified":"2026-04-30T08:57:10","modified_gmt":"2026-04-30T06:57:10","slug":"wie-virtual-reality-vr-menschen-bei-leichten-kognitiven-beeintraechtigungen-helfen-kann","status":"publish","type":"post","link":"https:\/\/digidem-bayern.de\/en\/wie-virtual-reality-vr-menschen-bei-leichten-kognitiven-beeintraechtigungen-helfen-kann\/","title":{"rendered":"Wie Virtual Reality (VR) Menschen bei leichten kognitiven Beeintr\u00e4chtigungen helfen kann"},"content":{"rendered":"<p>Bei leichten kognitiven Beeintr\u00e4chtigungen (MCI) zeigen Betroffene bereits messbare Einschr\u00e4nkungen des Ged\u00e4chtnisses oder anderer kognitiver F\u00e4higkeiten, sind im Alltag aber noch weitgehend selbstst\u00e4ndig. Da Medikamente dabei bislang nur begrenzt wirksam sind, r\u00fccken nicht-medikament\u00f6se Ans\u00e4tze zunehmend in den Fokus der Forschung. Virtuelle Realit\u00e4t (VR) ist einer davon. Ein Forschungsteam der Hunan Normal University in China hat 11 randomisiert-kontrollierte Studien mit insgesamt 500 Teilnehmenden ausgewertet, um zu untersuchen, welchen Nutzen VR-Anwendungen f\u00fcr die kognitive Rehabilitation bei Menschen mit MCI haben.<\/p>\n\n\n\n<p><strong>Zwei Ans\u00e4tze, ein Ziel<\/strong><\/p>\n\n\n\n<p>Die Forschenden unterschieden in ihrer Analyse zwei Formen von VR-Interventionen: strukturiertes kognitives Training in virtuellen Umgebungen einerseits und VR-basierte Spiele andererseits. Beim kognitiven Training absolvieren Betroffene gezielte \u00dcbungen, etwa virtuelles Einkaufen oder r\u00e4umliche Aufgaben. VR-Spiele hingegen setzen auf Geschichten, R\u00e4tsel und Spielmechaniken, bei denen kognitive Anforderungen in den Spielablauf eingebettet sind. Beide Ans\u00e4tze zeigten in der Auswertung statistisch signifikante Verbesserungen der kognitiven Leistungsf\u00e4higkeit. VR-Spiele zeigten dabei einen Trend zu einer st\u00e4rkeren Wirkung als das strukturierte Training.<\/p>\n\n\n\n<p><strong>Je lebensechter, desto wirksamer<\/strong><\/p>\n\n\n\n<p>Ein besonders aufschlussreicher Befund betrifft das Ausma\u00df, in dem die virtuelle Umgebung durch optische, akustische und tastbare Reize ein echtes Gef\u00fchl des Eintauchens erzeugt. Die Forschenden unterschieden dabei drei Stufen: von einfachen Bildschirmanwendungen \u00fcber VR-Headsets bis hin zu wirklichkeitsnahen Systemen, die Kopf und Handbewegungen erfassen und so ein nat\u00fcrliches Erleben in der virtuellen Welt erm\u00f6glichen. Das Ergebnis ist eindeutig: Je tiefer der Grad des Eintauchens in die Spielwelt, desto st\u00e4rker die kognitive Verbesserung.<\/p>\n\n\n\n<div style=\"height:10px\" aria-hidden=\"true\" class=\"wp-block-spacer\"><\/div>\n\n\n\n<div class=\"wp-block-columns is-layout-flex wp-container-core-columns-is-layout-9d6595d7 wp-block-columns-is-layout-flex\">\n<div class=\"wp-block-column is-layout-flow wp-block-column-is-layout-flow\" style=\"flex-basis:20%\"><\/div>\n\n\n\n<div class=\"wp-block-column is-layout-flow wp-block-column-is-layout-flow\" style=\"flex-basis:60%\">\n<p class=\"has-text-align-center\"><strong>\u201eDie Nutzung von Virtual Reality basierten \u00dcbungen und Spielen kann nicht nur Spa\u00df machen, sondern auch dabei helfen, die kognitive Leistungsf\u00e4higkeit bei MCI zu verbessern.\u201c<\/strong><\/p>\n\n\n\n<p class=\"has-text-align-center\"><strong><strong>Lisa Laininger,<\/strong> <strong>digiDEM Bayern-Wissenschaftle<\/strong>rin<\/strong><\/p>\n<\/div>\n\n\n\n<div class=\"wp-block-column is-layout-flow wp-block-column-is-layout-flow\" style=\"flex-basis:20%\"><\/div>\n<\/div>\n\n\n\n<div style=\"height:10px\" aria-hidden=\"true\" class=\"wp-block-spacer\"><\/div>\n\n\n\n<p><strong>Warum Spiele eine bessere Wirkung haben k\u00f6nnten<\/strong><\/p>\n\n\n\n<p>Den leichten Vorteil der spielbasierten VR erkl\u00e4ren die Autoren mit der h\u00f6heren Motivation, die Spiele bei den Teilnehmenden erzeugen. Erz\u00e4hlerische Elemente, Belohnungen und eine angepasste Schwierigkeitsstufe k\u00f6nnen die regelm\u00e4\u00dfige Nutzung beg\u00fcnstigen, was f\u00fcr den langfristigen Therapieerfolg entscheidend ist. Strukturiertes Training hingegen setzt gezielter an einzelnen kognitiven Bereichen an, kann aber weniger motivierend erlebt werden.<\/p>\n\n\n\n<p>Die Autoren weisen ausdr\u00fccklich auf Einschr\u00e4nkungen hin: Die einbezogenen Studien erfassten nur kurze Zeitr\u00e4ume von vier bis zw\u00f6lf Wochen, sodass keine Aussagen \u00fcber Langzeiteffekte m\u00f6glich sind. Zudem stammen acht der elf Studien aus S\u00fcdkorea, was die \u00dcbertragbarkeit auf andere Bev\u00f6lkerungsgruppen begrenzt. Weitere Studien mit gr\u00f6\u00dferen Teilnehmerzahlen und l\u00e4ngeren Beobachtungszeitr\u00e4umen werden als notwendig beschrieben.<\/p>\n\n\n\n<p><a href=\"https:\/\/www.bing.com\/ck\/a?!&amp;&amp;p=7c8a59454ffea5b590b75dc2a39083246ff30fad8078b8ba9e90a339e5ec999eJmltdHM9MTc2NTE1MjAwMA&amp;ptn=3&amp;ver=2&amp;hsh=4&amp;fclid=1c068c69-a451-6e63-332f-9966a52c6fbb&amp;u=a1aHR0cHM6Ly9kZS5hYmNkZWYud2lraS93aWtpL1JhbmRvbWl6ZWRfY29udHJvbGxlZF90cmlhbCM6fjp0ZXh0PUVpbmUlMjByYW5kb21pc2llcnRlJTIwa29udHJvbGxpZXJ0ZSUyMFN0dWRpZSUyMGthbm4lMjAlQzMlQkNiZXJ6ZXVnZW5kZQ&amp;ntb=1\" target=\"_blank\" rel=\"noreferrer noopener\"><\/a><strong>Tipp f\u00fcr die Praxis:<\/strong> VR-Anwendungen k\u00f6nnen sinnvoll in ein Therapiekonzept f\u00fcr Menschen mit MCI eingebunden werden, besonders wenn die Einf\u00fchrung begleitet und auf die individuellen M\u00f6glichkeiten abgestimmt wird. Dabei gilt: Je fr\u00fcher, desto besser. Wenn Sie sich fragen, ob bei einem nahestehenden Menschen kognitive Ver\u00e4nderungen vorliegen, bietet digiDEM Bayern mit dem <a href=\"https:\/\/digidem-bayern.de\/en\/digitales-angebot-fremdbeurteilung-der-gedaechtnisleistung\/\">digiDEM IQCODE<\/a> einen kostenlosen und wissenschaftlich abgesicherten Online-Fragebogen an, mit dem An- und Zugeh\u00f6rige die Ged\u00e4chtnisleistung einer nahestehenden Person einsch\u00e4tzen k\u00f6nnen \u2013 als erster wichtiger Schritt hin zu einer weiterf\u00fchrenden Diagnostik.<\/p>\n\n\n\n<p>Hier gelangen Sie zur Zusammenfassung der Studie:<\/p>\n\n\n\n<p><a href=\"https:\/\/www.frontiersin.org\/journals\/neurology\/articles\/10.3389\/fneur.2025.1691344\/full\" target=\"_blank\" rel=\"noreferrer noopener\">Effectiveness of VR-based cognitive training and games on cognitive rehabilitation in patients with MCI: a systematic review and meta-analysis<\/a><\/p>\n\n\n\n<p>Alle Newsletter, die bisher erschienen sind, k\u00f6nnen Sie auch Nachlesen:&nbsp;<a href=\"https:\/\/digidem-bayern.de\/en\/newsletter-archiv\/\">Hier geht\u2019s zu unserem Newsletter-Archiv<\/a><\/p>\n\n\n\n<p>digiDEM Bayern entwickelt digitale Angebote f\u00fcr Menschen mit kognitiven Einschr\u00e4nkungen und Demenz sowie f\u00fcr pflegende An- und Zugeh\u00f6rige und ehrenamtliche Helfende und stellt die Angebote auf <a href=\"https:\/\/digidem-bayern.de\/en\/digitale-angebote\/\">digiDEM-Bayern.de<\/a> zur Verf\u00fcgung.<\/p>\n\n\n\n<p><strong>Jetzt ausprobieren:<\/strong><\/p>\n\n\n\n<p>Der&nbsp;\u201edigiDEM Bayern Pr\u00e4ventionscoach<strong><sup>\u00ae<\/sup><\/strong>\u201c ist ein digitales Angebot, das wir Ihnen ans Herz legen m\u00f6chten.&nbsp;Welche Risikofaktoren beg\u00fcnstigen Demenz? Warum stehen Risikofaktoren wie zum Beispiel nachlassendes H\u00f6ren und Sehen, geringe Bildung, Depression, soziale Isolation oder k\u00f6rperliche Inaktivit\u00e4t in Zusammenhang mit der Wahrscheinlichkeit, eine Demenz zu entwickeln? Was k\u00f6nnen Sie pr\u00e4ventiv f\u00fcr Ihre kognitive Gesundheit tun?&nbsp;Mit unserem digitalen Pr\u00e4ventionscoach\u00ae m\u00f6chten wir Sie ermutigen, sich in wenigen Schritten \u00fcber Ihre eigenen Demenzrisikofaktoren zu informieren.&nbsp;Erfahren Sie, wie Sie im Alltag Ihr Gehirn aktiv fit halten und informieren Sie sich \u00fcber die M\u00f6glichkeiten, das Demenzrisiko zu reduzieren.&nbsp;<a href=\"https:\/\/digidem-bayern.de\/en\/praeventionscoach\/\">Hier geht\u2019s zu unserem Online-Angebot \u201edigiDEM Bayern Pr\u00e4ventionscoach<strong><sup>\u00ae<\/sup><\/strong>\u201c<\/a><\/p>\n\n\n\n<p>Wer seine Gesundheitskompetenz st\u00e4rkt, profitiert in vielfacher Hinsicht. Sich \u00fcber&nbsp;Gesundheitsthemen kundig zu machen, zuverl\u00e4ssige Informationen zu bewerten und im&nbsp;t\u00e4glichen Leben anzuwenden, bedeutet, einen entscheidenden Schritt zu unternehmen,&nbsp;besser auf die eigene Gesundheit zu achten. Au\u00dferdem k\u00f6nnen sich mit dem&nbsp;erworbenen Wissen Gesundheits- und Krankheitsprobleme erfolgreicher bew\u00e4ltigen&nbsp;lassen. Nutzen Sie die M\u00f6glichkeit, Ihr Wissen rund um das Thema Alzheimer-Demenz&nbsp;zu erweitern. <a href=\"https:\/\/digidem-bayern.de\/en\/digitales-angebot-digidem-wissenstest-alzheimer-demenz\/\">Hier geht\u2019s zu unserem Online-Angebot&nbsp;\u201eWissenstest Alzheimer-Demenz\u201c<\/a><\/p>\n\n\n\n<p>Nutzen Sie auch unseren digitalen Fragebogen &#8222;digiDEM Bayern DEMAND\u00ae&#8220; und empfehlen Sie ihn weiter. Er hilft pflegenden An- und Zugeh\u00f6rigen, die eigenen Versorgungsbedarfe zu erkennen, wenn der Pflegebedarf von Menschen mit Demenz steigt.&nbsp;<a href=\"https:\/\/digidem-bayern.de\/en\/digitales-angebot-demand\/\">Hier gelangen Sie zum Fragebogen &#8222;digiDEM Bayern DEMAND\u00ae&#8220;<\/a><\/p>\n\n\n\n<p><\/p>\n\n\n\n<div style=\"height:20px\" aria-hidden=\"true\" class=\"wp-block-spacer\"><\/div>\n\n\n\n<div style=\"height:20px\" aria-hidden=\"true\" class=\"wp-block-spacer\"><\/div>","protected":false},"excerpt":{"rendered":"<p>Bei leichten kognitiven Beeintr\u00e4chtigungen (MCI) zeigen Betroffene bereits messbare Einschr\u00e4nkungen des Ged\u00e4chtnisses oder anderer kognitiver F\u00e4higkeiten, sind im Alltag aber noch weitgehend selbstst\u00e4ndig. Da Medikamente dabei bislang nur begrenzt wirksam sind, r\u00fccken nicht-medikament\u00f6se Ans\u00e4tze zunehmend in den Fokus der Forschung. Virtuelle Realit\u00e4t (VR) ist einer davon. Ein Forschungsteam der Hunan &hellip;<\/p>","protected":false},"author":7,"featured_media":47786,"comment_status":"open","ping_status":"closed","sticky":false,"template":"","format":"standard","meta":{"qubely_global_settings":"","qubely_interactions":"","_uag_custom_page_level_css":"","footnotes":""},"categories":[8,5],"tags":[14,918,671,120,118,1358],"class_list":["post-49089","post","type-post","status-publish","format-standard","has-post-thumbnail","hentry","category-aktuelles-zu-digidem","category-wissenschaft-forschung","tag-digidem","tag-digital-update","tag-digitale-technologien","tag-leichte-kognitive-beeintraechtigungen","tag-mci","tag-virtual-reality"],"qubely_featured_image_url":{"full":["https:\/\/digidem-bayern.de\/wp-content\/uploads\/2026\/01\/Wordpress_digital-Update2.png",940,564,false],"landscape":["https:\/\/digidem-bayern.de\/wp-content\/uploads\/2026\/01\/Wordpress_digital-Update2.png",940,564,false],"portraits":["https:\/\/digidem-bayern.de\/wp-content\/uploads\/2026\/01\/Wordpress_digital-Update2-540x320.png",540,320,true],"thumbnail":["https:\/\/digidem-bayern.de\/wp-content\/uploads\/2026\/01\/Wordpress_digital-Update2-80x80.png",80,80,true],"medium":["https:\/\/digidem-bayern.de\/wp-content\/uploads\/2026\/01\/Wordpress_digital-Update2-300x180.png",300,180,true],"medium_large":["https:\/\/digidem-bayern.de\/wp-content\/uploads\/2026\/01\/Wordpress_digital-Update2-768x461.png",768,461,true],"large":["https:\/\/digidem-bayern.de\/wp-content\/uploads\/2026\/01\/Wordpress_digital-Update2.png",940,564,false],"1536x1536":["https:\/\/digidem-bayern.de\/wp-content\/uploads\/2026\/01\/Wordpress_digital-Update2.png",940,564,false],"2048x2048":["https:\/\/digidem-bayern.de\/wp-content\/uploads\/2026\/01\/Wordpress_digital-Update2.png",940,564,false],"trp-custom-language-flag":["https:\/\/digidem-bayern.de\/wp-content\/uploads\/2026\/01\/Wordpress_digital-Update2.png",18,12,false],"qubely_landscape":["https:\/\/digidem-bayern.de\/wp-content\/uploads\/2026\/01\/Wordpress_digital-Update2.png",940,564,false],"qubely_portrait":["https:\/\/digidem-bayern.de\/wp-content\/uploads\/2026\/01\/Wordpress_digital-Update2-540x320.png",540,320,true],"qubely_thumbnail":["https:\/\/digidem-bayern.de\/wp-content\/uploads\/2026\/01\/Wordpress_digital-Update2-140x100.png",140,100,true],"post-thumbnail":["https:\/\/digidem-bayern.de\/wp-content\/uploads\/2026\/01\/Wordpress_digital-Update2-583x350.png",583,350,true],"kahuna-featured":["https:\/\/digidem-bayern.de\/wp-content\/uploads\/2026\/01\/Wordpress_digital-Update2-734x350.png",734,350,true],"kahuna-featured-lp":["https:\/\/digidem-bayern.de\/wp-content\/uploads\/2026\/01\/Wordpress_digital-Update2-520x350.png",520,350,true],"kahuna-featured-half":["https:\/\/digidem-bayern.de\/wp-content\/uploads\/2026\/01\/Wordpress_digital-Update2-800x350.png",800,350,true],"kahuna-featured-third":["https:\/\/digidem-bayern.de\/wp-content\/uploads\/2026\/01\/Wordpress_digital-Update2-512x350.png",512,350,true],"kahuna-lpbox-1":["https:\/\/digidem-bayern.de\/wp-content\/uploads\/2026\/01\/Wordpress_digital-Update2-520x300.png",520,300,true],"kahuna-lpbox-2":["https:\/\/digidem-bayern.de\/wp-content\/uploads\/2026\/01\/Wordpress_digital-Update2-520x350.png",520,350,true],"demand-language-flag":["https:\/\/digidem-bayern.de\/wp-content\/uploads\/2026\/01\/Wordpress_digital-Update2-36x36.png",36,36,true],"dddkt-language-flag":["https:\/\/digidem-bayern.de\/wp-content\/uploads\/2026\/01\/Wordpress_digital-Update2-36x36.png",36,36,true],"ddiqc-language-flag":["https:\/\/digidem-bayern.de\/wp-content\/uploads\/2026\/01\/Wordpress_digital-Update2-36x36.png",36,36,true],"ddtl-language-flag":["https:\/\/digidem-bayern.de\/wp-content\/uploads\/2026\/01\/Wordpress_digital-Update2-36x36.png",36,36,true],"mailpoet_newsletter_max":["https:\/\/digidem-bayern.de\/wp-content\/uploads\/2026\/01\/Wordpress_digital-Update2.png",940,564,false],"kahuna-lpbox-3":["https:\/\/digidem-bayern.de\/wp-content\/uploads\/2026\/01\/Wordpress_digital-Update2-520x350.png",520,350,true],"kahuna-featured-square":["https:\/\/digidem-bayern.de\/wp-content\/uploads\/2026\/01\/Wordpress_digital-Update2-512x512.png",512,512,true],"kahuna-featured-square-large":["https:\/\/digidem-bayern.de\/wp-content\/uploads\/2026\/01\/Wordpress_digital-Update2.png",940,564,false]},"qubely_author":{"display_name":"Anne Keefer","author_link":"https:\/\/digidem-bayern.de\/en\/author\/ag-webinar\/"},"qubely_comment":0,"qubely_category":"<a href=\"https:\/\/digidem-bayern.de\/en\/category\/aktuelles-zu-digidem\/\" rel=\"category tag\">Aktuelles zu digiDEM<\/a> <a href=\"https:\/\/digidem-bayern.de\/en\/category\/wissenschaft-forschung\/\" rel=\"category tag\">Wissenschaft &amp; Forschung<\/a>","qubely_excerpt":"Bei leichten kognitiven Beeintr\u00e4chtigungen (MCI) zeigen Betroffene bereits messbare Einschr\u00e4nkungen des Ged\u00e4chtnisses oder anderer kognitiver F\u00e4higkeiten, sind im Alltag aber noch weitgehend selbstst\u00e4ndig. Da Medikamente dabei bislang nur begrenzt wirksam sind, r\u00fccken nicht-medikament\u00f6se Ans\u00e4tze zunehmend in den Fokus der Forschung. Virtuelle Realit\u00e4t (VR) ist einer davon. Ein Forschungsteam der Hunan &hellip;","featured_image_urls_v2":{"full":["https:\/\/digidem-bayern.de\/wp-content\/uploads\/2026\/01\/Wordpress_digital-Update2.png",940,564,false],"thumbnail":["https:\/\/digidem-bayern.de\/wp-content\/uploads\/2026\/01\/Wordpress_digital-Update2-80x80.png",80,80,true],"medium":["https:\/\/digidem-bayern.de\/wp-content\/uploads\/2026\/01\/Wordpress_digital-Update2-300x180.png",300,180,true],"medium_large":["https:\/\/digidem-bayern.de\/wp-content\/uploads\/2026\/01\/Wordpress_digital-Update2-768x461.png",768,461,true],"large":["https:\/\/digidem-bayern.de\/wp-content\/uploads\/2026\/01\/Wordpress_digital-Update2.png",940,564,false],"1536x1536":["https:\/\/digidem-bayern.de\/wp-content\/uploads\/2026\/01\/Wordpress_digital-Update2.png",940,564,false],"2048x2048":["https:\/\/digidem-bayern.de\/wp-content\/uploads\/2026\/01\/Wordpress_digital-Update2.png",940,564,false],"trp-custom-language-flag":["https:\/\/digidem-bayern.de\/wp-content\/uploads\/2026\/01\/Wordpress_digital-Update2.png",18,12,false],"qubely_landscape":["https:\/\/digidem-bayern.de\/wp-content\/uploads\/2026\/01\/Wordpress_digital-Update2.png",940,564,false],"qubely_portrait":["https:\/\/digidem-bayern.de\/wp-content\/uploads\/2026\/01\/Wordpress_digital-Update2-540x320.png",540,320,true],"qubely_thumbnail":["https:\/\/digidem-bayern.de\/wp-content\/uploads\/2026\/01\/Wordpress_digital-Update2-140x100.png",140,100,true],"post-thumbnail":["https:\/\/digidem-bayern.de\/wp-content\/uploads\/2026\/01\/Wordpress_digital-Update2-583x350.png",583,350,true],"kahuna-featured":["https:\/\/digidem-bayern.de\/wp-content\/uploads\/2026\/01\/Wordpress_digital-Update2-734x350.png",734,350,true],"kahuna-featured-lp":["https:\/\/digidem-bayern.de\/wp-content\/uploads\/2026\/01\/Wordpress_digital-Update2-520x350.png",520,350,true],"kahuna-featured-half":["https:\/\/digidem-bayern.de\/wp-content\/uploads\/2026\/01\/Wordpress_digital-Update2-800x350.png",800,350,true],"kahuna-featured-third":["https:\/\/digidem-bayern.de\/wp-content\/uploads\/2026\/01\/Wordpress_digital-Update2-512x350.png",512,350,true],"kahuna-lpbox-1":["https:\/\/digidem-bayern.de\/wp-content\/uploads\/2026\/01\/Wordpress_digital-Update2-520x300.png",520,300,true],"kahuna-lpbox-2":["https:\/\/digidem-bayern.de\/wp-content\/uploads\/2026\/01\/Wordpress_digital-Update2-520x350.png",520,350,true],"demand-language-flag":["https:\/\/digidem-bayern.de\/wp-content\/uploads\/2026\/01\/Wordpress_digital-Update2-36x36.png",36,36,true],"dddkt-language-flag":["https:\/\/digidem-bayern.de\/wp-content\/uploads\/2026\/01\/Wordpress_digital-Update2-36x36.png",36,36,true],"ddiqc-language-flag":["https:\/\/digidem-bayern.de\/wp-content\/uploads\/2026\/01\/Wordpress_digital-Update2-36x36.png",36,36,true],"ddtl-language-flag":["https:\/\/digidem-bayern.de\/wp-content\/uploads\/2026\/01\/Wordpress_digital-Update2-36x36.png",36,36,true],"mailpoet_newsletter_max":["https:\/\/digidem-bayern.de\/wp-content\/uploads\/2026\/01\/Wordpress_digital-Update2.png",940,564,false],"kahuna-lpbox-3":["https:\/\/digidem-bayern.de\/wp-content\/uploads\/2026\/01\/Wordpress_digital-Update2-520x350.png",520,350,true],"kahuna-featured-square":["https:\/\/digidem-bayern.de\/wp-content\/uploads\/2026\/01\/Wordpress_digital-Update2-512x512.png",512,512,true],"kahuna-featured-square-large":["https:\/\/digidem-bayern.de\/wp-content\/uploads\/2026\/01\/Wordpress_digital-Update2.png",940,564,false]},"post_excerpt_stackable_v2":"<p>Bei leichten kognitiven Beeintr\u00e4chtigungen (MCI) zeigen Betroffene bereits messbare Einschr\u00e4nkungen des Ged\u00e4chtnisses oder anderer kognitiver F\u00e4higkeiten, sind im Alltag aber noch weitgehend selbstst\u00e4ndig. Da Medikamente dabei bislang nur begrenzt wirksam sind, r\u00fccken nicht-medikament\u00f6se Ans\u00e4tze zunehmend in den Fokus der Forschung. Virtuelle Realit\u00e4t (VR) ist einer davon. Ein Forschungsteam der Hunan Normal University in China hat 11 randomisiert-kontrollierte Studien mit insgesamt 500 Teilnehmenden ausgewertet, um zu untersuchen, welchen Nutzen VR-Anwendungen f\u00fcr die kognitive Rehabilitation bei Menschen mit MCI haben. Zwei Ans\u00e4tze, ein Ziel Die Forschenden unterschieden in ihrer Analyse zwei Formen von VR-Interventionen: strukturiertes kognitives Training in virtuellen Umgebungen einerseits und&hellip;<\/p>\n","category_list_v2":"<a href=\"https:\/\/digidem-bayern.de\/en\/category\/aktuelles-zu-digidem\/\" rel=\"category tag\">Aktuelles zu digiDEM<\/a>, <a href=\"https:\/\/digidem-bayern.de\/en\/category\/wissenschaft-forschung\/\" rel=\"category tag\">Wissenschaft &amp; Forschung<\/a>","author_info_v2":{"name":"Anne Keefer","url":"https:\/\/digidem-bayern.de\/en\/author\/ag-webinar\/"},"comments_num_v2":"0 comments","yoast_head":"<!-- This site is optimized with the Yoast SEO plugin v27.5 - https:\/\/yoast.com\/product\/yoast-seo-wordpress\/ -->\n<title>Wie Virtual Reality (VR) Menschen bei leichten kognitiven Beeintr\u00e4chtigungen helfen kann - digiDEM Bayern<\/title>\n<meta name=\"description\" content=\"Der Bayerische Landesapothekerkammer unterst\u00fctzt digiDEM Bayern mit Hilfe des Netzwerks &quot;Demenzfreundliche Apotheken&quot;.\" \/>\n<meta name=\"robots\" content=\"index, follow, max-snippet:-1, max-image-preview:large, max-video-preview:-1\" \/>\n<link rel=\"canonical\" href=\"https:\/\/digidem-bayern.de\/en\/wie-virtual-reality-vr-menschen-bei-leichten-kognitiven-beeintraechtigungen-helfen-kann\/\" \/>\n<meta property=\"og:locale\" content=\"en_US\" \/>\n<meta property=\"og:type\" content=\"article\" \/>\n<meta property=\"og:title\" content=\"Wie Virtual Reality (VR) Menschen bei leichten kognitiven Beeintr\u00e4chtigungen helfen kann - digiDEM Bayern\" \/>\n<meta property=\"og:description\" content=\"Der Bayerische Landesapothekerkammer unterst\u00fctzt digiDEM Bayern mit Hilfe des Netzwerks &quot;Demenzfreundliche Apotheken&quot;.\" \/>\n<meta property=\"og:url\" content=\"https:\/\/digidem-bayern.de\/en\/wie-virtual-reality-vr-menschen-bei-leichten-kognitiven-beeintraechtigungen-helfen-kann\/\" \/>\n<meta property=\"og:site_name\" content=\"digiDEM Bayern\" \/>\n<meta property=\"article:publisher\" content=\"https:\/\/www.facebook.com\/digiDEMBayern\/\" \/>\n<meta property=\"article:published_time\" content=\"2026-04-29T17:33:11+00:00\" \/>\n<meta property=\"article:modified_time\" content=\"2026-04-30T06:57:10+00:00\" \/>\n<meta property=\"og:image\" content=\"https:\/\/digidem-bayern.de\/wp-content\/uploads\/2026\/01\/Wordpress_digital-Update2.png\" \/>\n\t<meta property=\"og:image:width\" content=\"940\" \/>\n\t<meta property=\"og:image:height\" content=\"564\" \/>\n\t<meta property=\"og:image:type\" content=\"image\/png\" \/>\n<meta name=\"author\" content=\"Anne Keefer\" \/>\n<meta name=\"twitter:label1\" content=\"Written by\" \/>\n\t<meta name=\"twitter:data1\" content=\"Anne Keefer\" \/>\n\t<meta name=\"twitter:label2\" content=\"Est. reading time\" \/>\n\t<meta name=\"twitter:data2\" content=\"5 minutes\" \/>\n<script type=\"application\/ld+json\" class=\"yoast-schema-graph\">{\"@context\":\"https:\\\/\\\/schema.org\",\"@graph\":[{\"@type\":\"Article\",\"@id\":\"https:\\\/\\\/digidem-bayern.de\\\/wie-virtual-reality-vr-menschen-bei-leichten-kognitiven-beeintraechtigungen-helfen-kann\\\/#article\",\"isPartOf\":{\"@id\":\"https:\\\/\\\/digidem-bayern.de\\\/wie-virtual-reality-vr-menschen-bei-leichten-kognitiven-beeintraechtigungen-helfen-kann\\\/\"},\"author\":{\"name\":\"Anne Keefer\",\"@id\":\"\\\/#\\\/schema\\\/person\\\/0e8781e0653d1a8e57ca55bd2c3cb01f\"},\"headline\":\"Wie Virtual Reality (VR) Menschen bei leichten kognitiven Beeintr\u00e4chtigungen helfen kann\",\"datePublished\":\"2026-04-29T17:33:11+00:00\",\"dateModified\":\"2026-04-30T06:57:10+00:00\",\"mainEntityOfPage\":{\"@id\":\"https:\\\/\\\/digidem-bayern.de\\\/wie-virtual-reality-vr-menschen-bei-leichten-kognitiven-beeintraechtigungen-helfen-kann\\\/\"},\"wordCount\":850,\"commentCount\":0,\"publisher\":{\"@id\":\"\\\/#organization\"},\"image\":{\"@id\":\"https:\\\/\\\/digidem-bayern.de\\\/wie-virtual-reality-vr-menschen-bei-leichten-kognitiven-beeintraechtigungen-helfen-kann\\\/#primaryimage\"},\"thumbnailUrl\":\"https:\\\/\\\/digidem-bayern.de\\\/wp-content\\\/uploads\\\/2026\\\/01\\\/Wordpress_digital-Update2.png\",\"keywords\":[\"digidem\",\"DIGITAL UPDATE\",\"digitale Technologien\",\"leichte kognitive Beeintr\u00e4chtigungen\",\"MCI\",\"Virtual Reality\"],\"articleSection\":[\"Aktuelles zu digiDEM\",\"Wissenschaft &amp; Forschung\"],\"inLanguage\":\"en-US\",\"potentialAction\":[{\"@type\":\"CommentAction\",\"name\":\"Comment\",\"target\":[\"https:\\\/\\\/digidem-bayern.de\\\/wie-virtual-reality-vr-menschen-bei-leichten-kognitiven-beeintraechtigungen-helfen-kann\\\/#respond\"]}]},{\"@type\":\"WebPage\",\"@id\":\"https:\\\/\\\/digidem-bayern.de\\\/wie-virtual-reality-vr-menschen-bei-leichten-kognitiven-beeintraechtigungen-helfen-kann\\\/\",\"url\":\"https:\\\/\\\/digidem-bayern.de\\\/wie-virtual-reality-vr-menschen-bei-leichten-kognitiven-beeintraechtigungen-helfen-kann\\\/\",\"name\":\"Wie Virtual Reality (VR) Menschen bei leichten kognitiven Beeintr\u00e4chtigungen helfen kann - digiDEM Bayern\",\"isPartOf\":{\"@id\":\"\\\/#website\"},\"primaryImageOfPage\":{\"@id\":\"https:\\\/\\\/digidem-bayern.de\\\/wie-virtual-reality-vr-menschen-bei-leichten-kognitiven-beeintraechtigungen-helfen-kann\\\/#primaryimage\"},\"image\":{\"@id\":\"https:\\\/\\\/digidem-bayern.de\\\/wie-virtual-reality-vr-menschen-bei-leichten-kognitiven-beeintraechtigungen-helfen-kann\\\/#primaryimage\"},\"thumbnailUrl\":\"https:\\\/\\\/digidem-bayern.de\\\/wp-content\\\/uploads\\\/2026\\\/01\\\/Wordpress_digital-Update2.png\",\"datePublished\":\"2026-04-29T17:33:11+00:00\",\"dateModified\":\"2026-04-30T06:57:10+00:00\",\"description\":\"Der Bayerische Landesapothekerkammer unterst\u00fctzt digiDEM Bayern mit Hilfe des Netzwerks \\\"Demenzfreundliche Apotheken\\\".\",\"breadcrumb\":{\"@id\":\"https:\\\/\\\/digidem-bayern.de\\\/wie-virtual-reality-vr-menschen-bei-leichten-kognitiven-beeintraechtigungen-helfen-kann\\\/#breadcrumb\"},\"inLanguage\":\"en-US\",\"potentialAction\":[{\"@type\":\"ReadAction\",\"target\":[\"https:\\\/\\\/digidem-bayern.de\\\/wie-virtual-reality-vr-menschen-bei-leichten-kognitiven-beeintraechtigungen-helfen-kann\\\/\"]}]},{\"@type\":\"ImageObject\",\"inLanguage\":\"en-US\",\"@id\":\"https:\\\/\\\/digidem-bayern.de\\\/wie-virtual-reality-vr-menschen-bei-leichten-kognitiven-beeintraechtigungen-helfen-kann\\\/#primaryimage\",\"url\":\"https:\\\/\\\/digidem-bayern.de\\\/wp-content\\\/uploads\\\/2026\\\/01\\\/Wordpress_digital-Update2.png\",\"contentUrl\":\"https:\\\/\\\/digidem-bayern.de\\\/wp-content\\\/uploads\\\/2026\\\/01\\\/Wordpress_digital-Update2.png\",\"width\":940,\"height\":564},{\"@type\":\"BreadcrumbList\",\"@id\":\"https:\\\/\\\/digidem-bayern.de\\\/wie-virtual-reality-vr-menschen-bei-leichten-kognitiven-beeintraechtigungen-helfen-kann\\\/#breadcrumb\",\"itemListElement\":[{\"@type\":\"ListItem\",\"position\":1,\"name\":\"Startseite\",\"item\":\"https:\\\/\\\/digidem-bayern.de\\\/\"},{\"@type\":\"ListItem\",\"position\":2,\"name\":\"Wie Virtual Reality (VR) Menschen bei leichten kognitiven Beeintr\u00e4chtigungen helfen kann\"}]},{\"@type\":\"WebSite\",\"@id\":\"\\\/#website\",\"url\":\"\\\/\",\"name\":\"digiDEM Bayern\",\"description\":\"Das digitale Demenzregister Bayern erforscht und verbessert die Angebotsstuktur f\u00fcr Menschen mit Demenz und deren Angeh\u00f6rige\",\"publisher\":{\"@id\":\"\\\/#organization\"},\"potentialAction\":[{\"@type\":\"SearchAction\",\"target\":{\"@type\":\"EntryPoint\",\"urlTemplate\":\"\\\/?s={search_term_string}\"},\"query-input\":{\"@type\":\"PropertyValueSpecification\",\"valueRequired\":true,\"valueName\":\"search_term_string\"}}],\"inLanguage\":\"en-US\"},{\"@type\":\"Organization\",\"@id\":\"\\\/#organization\",\"name\":\"digiDEM Bayern\",\"url\":\"\\\/\",\"logo\":{\"@type\":\"ImageObject\",\"inLanguage\":\"en-US\",\"@id\":\"\\\/#\\\/schema\\\/logo\\\/image\\\/\",\"url\":\"https:\\\/\\\/digidem-bayern.de\\\/wp-content\\\/uploads\\\/2022\\\/03\\\/cropped-Allgemeines_digiDEMLOGO-removebg-preview.png\",\"contentUrl\":\"https:\\\/\\\/digidem-bayern.de\\\/wp-content\\\/uploads\\\/2022\\\/03\\\/cropped-Allgemeines_digiDEMLOGO-removebg-preview.png\",\"width\":612,\"height\":357,\"caption\":\"digiDEM Bayern\"},\"image\":{\"@id\":\"\\\/#\\\/schema\\\/logo\\\/image\\\/\"},\"sameAs\":[\"https:\\\/\\\/www.facebook.com\\\/digiDEMBayern\\\/\",\"https:\\\/\\\/x.com\\\/digidem_bayern\",\"https:\\\/\\\/www.instagram.com\\\/digidem.bayern\",\"https:\\\/\\\/www.linkedin.com\\\/company\\\/digidem-bayern\\\/\"]},{\"@type\":\"Person\",\"@id\":\"\\\/#\\\/schema\\\/person\\\/0e8781e0653d1a8e57ca55bd2c3cb01f\",\"name\":\"Anne Keefer\",\"url\":\"https:\\\/\\\/digidem-bayern.de\\\/en\\\/author\\\/ag-webinar\\\/\"}]}<\/script>\n<!-- \/ Yoast SEO plugin. -->","yoast_head_json":{"title":"Wie Virtual Reality (VR) Menschen bei leichten kognitiven Beeintr\u00e4chtigungen helfen kann - digiDEM Bayern","description":"Der Bayerische Landesapothekerkammer unterst\u00fctzt digiDEM Bayern mit Hilfe des Netzwerks \"Demenzfreundliche Apotheken\".","robots":{"index":"index","follow":"follow","max-snippet":"max-snippet:-1","max-image-preview":"max-image-preview:large","max-video-preview":"max-video-preview:-1"},"canonical":"https:\/\/digidem-bayern.de\/en\/wie-virtual-reality-vr-menschen-bei-leichten-kognitiven-beeintraechtigungen-helfen-kann\/","og_locale":"en_US","og_type":"article","og_title":"Wie Virtual Reality (VR) Menschen bei leichten kognitiven Beeintr\u00e4chtigungen helfen kann - digiDEM Bayern","og_description":"Der Bayerische Landesapothekerkammer unterst\u00fctzt digiDEM Bayern mit Hilfe des Netzwerks \"Demenzfreundliche Apotheken\".","og_url":"https:\/\/digidem-bayern.de\/en\/wie-virtual-reality-vr-menschen-bei-leichten-kognitiven-beeintraechtigungen-helfen-kann\/","og_site_name":"digiDEM Bayern","article_publisher":"https:\/\/www.facebook.com\/digiDEMBayern\/","article_published_time":"2026-04-29T17:33:11+00:00","article_modified_time":"2026-04-30T06:57:10+00:00","og_image":[{"width":940,"height":564,"url":"https:\/\/digidem-bayern.de\/wp-content\/uploads\/2026\/01\/Wordpress_digital-Update2.png","type":"image\/png"}],"author":"Anne Keefer","twitter_misc":{"Written by":"Anne Keefer","Est. reading time":"5 minutes"},"schema":{"@context":"https:\/\/schema.org","@graph":[{"@type":"Article","@id":"https:\/\/digidem-bayern.de\/wie-virtual-reality-vr-menschen-bei-leichten-kognitiven-beeintraechtigungen-helfen-kann\/#article","isPartOf":{"@id":"https:\/\/digidem-bayern.de\/wie-virtual-reality-vr-menschen-bei-leichten-kognitiven-beeintraechtigungen-helfen-kann\/"},"author":{"name":"Anne Keefer","@id":"\/#\/schema\/person\/0e8781e0653d1a8e57ca55bd2c3cb01f"},"headline":"Wie Virtual Reality (VR) Menschen bei leichten kognitiven Beeintr\u00e4chtigungen helfen kann","datePublished":"2026-04-29T17:33:11+00:00","dateModified":"2026-04-30T06:57:10+00:00","mainEntityOfPage":{"@id":"https:\/\/digidem-bayern.de\/wie-virtual-reality-vr-menschen-bei-leichten-kognitiven-beeintraechtigungen-helfen-kann\/"},"wordCount":850,"commentCount":0,"publisher":{"@id":"\/#organization"},"image":{"@id":"https:\/\/digidem-bayern.de\/wie-virtual-reality-vr-menschen-bei-leichten-kognitiven-beeintraechtigungen-helfen-kann\/#primaryimage"},"thumbnailUrl":"https:\/\/digidem-bayern.de\/wp-content\/uploads\/2026\/01\/Wordpress_digital-Update2.png","keywords":["digidem","DIGITAL UPDATE","digitale Technologien","leichte kognitive Beeintr\u00e4chtigungen","MCI","Virtual Reality"],"articleSection":["Aktuelles zu digiDEM","Wissenschaft &amp; Forschung"],"inLanguage":"en-US","potentialAction":[{"@type":"CommentAction","name":"Comment","target":["https:\/\/digidem-bayern.de\/wie-virtual-reality-vr-menschen-bei-leichten-kognitiven-beeintraechtigungen-helfen-kann\/#respond"]}]},{"@type":"WebPage","@id":"https:\/\/digidem-bayern.de\/wie-virtual-reality-vr-menschen-bei-leichten-kognitiven-beeintraechtigungen-helfen-kann\/","url":"https:\/\/digidem-bayern.de\/wie-virtual-reality-vr-menschen-bei-leichten-kognitiven-beeintraechtigungen-helfen-kann\/","name":"Wie Virtual Reality (VR) Menschen bei leichten kognitiven Beeintr\u00e4chtigungen helfen kann - digiDEM Bayern","isPartOf":{"@id":"\/#website"},"primaryImageOfPage":{"@id":"https:\/\/digidem-bayern.de\/wie-virtual-reality-vr-menschen-bei-leichten-kognitiven-beeintraechtigungen-helfen-kann\/#primaryimage"},"image":{"@id":"https:\/\/digidem-bayern.de\/wie-virtual-reality-vr-menschen-bei-leichten-kognitiven-beeintraechtigungen-helfen-kann\/#primaryimage"},"thumbnailUrl":"https:\/\/digidem-bayern.de\/wp-content\/uploads\/2026\/01\/Wordpress_digital-Update2.png","datePublished":"2026-04-29T17:33:11+00:00","dateModified":"2026-04-30T06:57:10+00:00","description":"Der Bayerische Landesapothekerkammer unterst\u00fctzt digiDEM Bayern mit Hilfe des Netzwerks \"Demenzfreundliche Apotheken\".","breadcrumb":{"@id":"https:\/\/digidem-bayern.de\/wie-virtual-reality-vr-menschen-bei-leichten-kognitiven-beeintraechtigungen-helfen-kann\/#breadcrumb"},"inLanguage":"en-US","potentialAction":[{"@type":"ReadAction","target":["https:\/\/digidem-bayern.de\/wie-virtual-reality-vr-menschen-bei-leichten-kognitiven-beeintraechtigungen-helfen-kann\/"]}]},{"@type":"ImageObject","inLanguage":"en-US","@id":"https:\/\/digidem-bayern.de\/wie-virtual-reality-vr-menschen-bei-leichten-kognitiven-beeintraechtigungen-helfen-kann\/#primaryimage","url":"https:\/\/digidem-bayern.de\/wp-content\/uploads\/2026\/01\/Wordpress_digital-Update2.png","contentUrl":"https:\/\/digidem-bayern.de\/wp-content\/uploads\/2026\/01\/Wordpress_digital-Update2.png","width":940,"height":564},{"@type":"BreadcrumbList","@id":"https:\/\/digidem-bayern.de\/wie-virtual-reality-vr-menschen-bei-leichten-kognitiven-beeintraechtigungen-helfen-kann\/#breadcrumb","itemListElement":[{"@type":"ListItem","position":1,"name":"Startseite","item":"https:\/\/digidem-bayern.de\/"},{"@type":"ListItem","position":2,"name":"Wie Virtual Reality (VR) Menschen bei leichten kognitiven Beeintr\u00e4chtigungen helfen kann"}]},{"@type":"WebSite","@id":"\/#website","url":"\/","name":"digiDEM Bavaria","description":"The digital dementia register in Bavaria researches and improves the structure of services for people with dementia and their relatives","publisher":{"@id":"\/#organization"},"potentialAction":[{"@type":"SearchAction","target":{"@type":"EntryPoint","urlTemplate":"\/?s={search_term_string}"},"query-input":{"@type":"PropertyValueSpecification","valueRequired":true,"valueName":"search_term_string"}}],"inLanguage":"en-US"},{"@type":"Organization","@id":"\/#organization","name":"digiDEM Bavaria","url":"\/","logo":{"@type":"ImageObject","inLanguage":"en-US","@id":"\/#\/schema\/logo\/image\/","url":"https:\/\/digidem-bayern.de\/wp-content\/uploads\/2022\/03\/cropped-Allgemeines_digiDEMLOGO-removebg-preview.png","contentUrl":"https:\/\/digidem-bayern.de\/wp-content\/uploads\/2022\/03\/cropped-Allgemeines_digiDEMLOGO-removebg-preview.png","width":612,"height":357,"caption":"digiDEM Bayern"},"image":{"@id":"\/#\/schema\/logo\/image\/"},"sameAs":["https:\/\/www.facebook.com\/digiDEMBayern\/","https:\/\/x.com\/digidem_bayern","https:\/\/www.instagram.com\/digidem.bayern","https:\/\/www.linkedin.com\/company\/digidem-bayern\/"]},{"@type":"Person","@id":"\/#\/schema\/person\/0e8781e0653d1a8e57ca55bd2c3cb01f","name":"Anne Keefer","url":"https:\/\/digidem-bayern.de\/en\/author\/ag-webinar\/"}]}},"uagb_featured_image_src":{"full":["https:\/\/digidem-bayern.de\/wp-content\/uploads\/2026\/01\/Wordpress_digital-Update2.png",940,564,false],"thumbnail":["https:\/\/digidem-bayern.de\/wp-content\/uploads\/2026\/01\/Wordpress_digital-Update2-80x80.png",80,80,true],"medium":["https:\/\/digidem-bayern.de\/wp-content\/uploads\/2026\/01\/Wordpress_digital-Update2-300x180.png",300,180,true],"medium_large":["https:\/\/digidem-bayern.de\/wp-content\/uploads\/2026\/01\/Wordpress_digital-Update2-768x461.png",768,461,true],"large":["https:\/\/digidem-bayern.de\/wp-content\/uploads\/2026\/01\/Wordpress_digital-Update2.png",940,564,false],"1536x1536":["https:\/\/digidem-bayern.de\/wp-content\/uploads\/2026\/01\/Wordpress_digital-Update2.png",940,564,false],"2048x2048":["https:\/\/digidem-bayern.de\/wp-content\/uploads\/2026\/01\/Wordpress_digital-Update2.png",940,564,false],"trp-custom-language-flag":["https:\/\/digidem-bayern.de\/wp-content\/uploads\/2026\/01\/Wordpress_digital-Update2.png",18,12,false],"qubely_landscape":["https:\/\/digidem-bayern.de\/wp-content\/uploads\/2026\/01\/Wordpress_digital-Update2.png",940,564,false],"qubely_portrait":["https:\/\/digidem-bayern.de\/wp-content\/uploads\/2026\/01\/Wordpress_digital-Update2-540x320.png",540,320,true],"qubely_thumbnail":["https:\/\/digidem-bayern.de\/wp-content\/uploads\/2026\/01\/Wordpress_digital-Update2-140x100.png",140,100,true],"post-thumbnail":["https:\/\/digidem-bayern.de\/wp-content\/uploads\/2026\/01\/Wordpress_digital-Update2-583x350.png",583,350,true],"kahuna-featured":["https:\/\/digidem-bayern.de\/wp-content\/uploads\/2026\/01\/Wordpress_digital-Update2-734x350.png",734,350,true],"kahuna-featured-lp":["https:\/\/digidem-bayern.de\/wp-content\/uploads\/2026\/01\/Wordpress_digital-Update2-520x350.png",520,350,true],"kahuna-featured-half":["https:\/\/digidem-bayern.de\/wp-content\/uploads\/2026\/01\/Wordpress_digital-Update2-800x350.png",800,350,true],"kahuna-featured-third":["https:\/\/digidem-bayern.de\/wp-content\/uploads\/2026\/01\/Wordpress_digital-Update2-512x350.png",512,350,true],"kahuna-lpbox-1":["https:\/\/digidem-bayern.de\/wp-content\/uploads\/2026\/01\/Wordpress_digital-Update2-520x300.png",520,300,true],"kahuna-lpbox-2":["https:\/\/digidem-bayern.de\/wp-content\/uploads\/2026\/01\/Wordpress_digital-Update2-520x350.png",520,350,true],"demand-language-flag":["https:\/\/digidem-bayern.de\/wp-content\/uploads\/2026\/01\/Wordpress_digital-Update2-36x36.png",36,36,true],"dddkt-language-flag":["https:\/\/digidem-bayern.de\/wp-content\/uploads\/2026\/01\/Wordpress_digital-Update2-36x36.png",36,36,true],"ddiqc-language-flag":["https:\/\/digidem-bayern.de\/wp-content\/uploads\/2026\/01\/Wordpress_digital-Update2-36x36.png",36,36,true],"ddtl-language-flag":["https:\/\/digidem-bayern.de\/wp-content\/uploads\/2026\/01\/Wordpress_digital-Update2-36x36.png",36,36,true],"mailpoet_newsletter_max":["https:\/\/digidem-bayern.de\/wp-content\/uploads\/2026\/01\/Wordpress_digital-Update2.png",940,564,false],"kahuna-lpbox-3":["https:\/\/digidem-bayern.de\/wp-content\/uploads\/2026\/01\/Wordpress_digital-Update2-520x350.png",520,350,true],"kahuna-featured-square":["https:\/\/digidem-bayern.de\/wp-content\/uploads\/2026\/01\/Wordpress_digital-Update2-512x512.png",512,512,true],"kahuna-featured-square-large":["https:\/\/digidem-bayern.de\/wp-content\/uploads\/2026\/01\/Wordpress_digital-Update2.png",940,564,false]},"uagb_author_info":{"display_name":"Anne Keefer","author_link":"https:\/\/digidem-bayern.de\/en\/author\/ag-webinar\/"},"uagb_comment_info":0,"uagb_excerpt":"Bei leichten kognitiven Beeintr\u00e4chtigungen (MCI) zeigen Betroffene bereits messbare Einschr\u00e4nkungen des Ged\u00e4chtnisses oder anderer kognitiver F\u00e4higkeiten, sind im Alltag aber noch weitgehend selbstst\u00e4ndig. Da Medikamente dabei bislang nur begrenzt wirksam sind, r\u00fccken nicht-medikament\u00f6se Ans\u00e4tze zunehmend in den Fokus der Forschung. Virtuelle Realit\u00e4t (VR) ist einer davon. Ein Forschungsteam der Hunan &hellip;","_links":{"self":[{"href":"https:\/\/digidem-bayern.de\/en\/wp-json\/wp\/v2\/posts\/49089","targetHints":{"allow":["GET"]}}],"collection":[{"href":"https:\/\/digidem-bayern.de\/en\/wp-json\/wp\/v2\/posts"}],"about":[{"href":"https:\/\/digidem-bayern.de\/en\/wp-json\/wp\/v2\/types\/post"}],"author":[{"embeddable":true,"href":"https:\/\/digidem-bayern.de\/en\/wp-json\/wp\/v2\/users\/7"}],"replies":[{"embeddable":true,"href":"https:\/\/digidem-bayern.de\/en\/wp-json\/wp\/v2\/comments?post=49089"}],"version-history":[{"count":2,"href":"https:\/\/digidem-bayern.de\/en\/wp-json\/wp\/v2\/posts\/49089\/revisions"}],"predecessor-version":[{"id":49150,"href":"https:\/\/digidem-bayern.de\/en\/wp-json\/wp\/v2\/posts\/49089\/revisions\/49150"}],"wp:featuredmedia":[{"embeddable":true,"href":"https:\/\/digidem-bayern.de\/en\/wp-json\/wp\/v2\/media\/47786"}],"wp:attachment":[{"href":"https:\/\/digidem-bayern.de\/en\/wp-json\/wp\/v2\/media?parent=49089"}],"wp:term":[{"taxonomy":"category","embeddable":true,"href":"https:\/\/digidem-bayern.de\/en\/wp-json\/wp\/v2\/categories?post=49089"},{"taxonomy":"post_tag","embeddable":true,"href":"https:\/\/digidem-bayern.de\/en\/wp-json\/wp\/v2\/tags?post=49089"}],"curies":[{"name":"wp","href":"https:\/\/api.w.org\/{rel}","templated":true}]}}