{"id":4843,"date":"2020-04-16T09:54:50","date_gmt":"2020-04-16T07:54:50","guid":{"rendered":"https:\/\/digidem-bayern.de\/?p=4843"},"modified":"2020-04-16T11:36:59","modified_gmt":"2020-04-16T09:36:59","slug":"neue-demenzerkrankung-late","status":"publish","type":"post","link":"https:\/\/digidem-bayern.de\/en\/neue-demenzerkrankung-late\/","title":{"rendered":"Neue Demenzerkrankung: LATE"},"content":{"rendered":"<h4 class=\"wp-block-heading\">Eine neue Demenzform besch\u00e4ftigt die Forschung. Die Symptome entsprechen denen der Alzheimer-Erkrankung. Allerdings bilden sich im Gehirn nicht die f\u00fcr Alzheimer typischen Beta-Amyloid- oder tau-Ablagerungen.&nbsp;Stattdessen kommt es zu einer Anh\u00e4ufung des Proteins TDP-43. \u201cLATE\u201d nennen die Wissenschaftler das neue Krankheitsbild, das vor allem Menschen \u00fcber 85 Jahre trifft.&nbsp;&nbsp;&nbsp;&nbsp;&nbsp;<\/h4>\n\n\n\n<div class=\"wp-block-image\"><figure class=\"alignright size-medium\"><img loading=\"lazy\" decoding=\"async\" width=\"300\" height=\"225\" src=\"https:\/\/test.digidem-bayern.de\/wp-content\/uploads\/2020\/04\/tree-97986_640-300x225.jpg\" alt=\"Montage: Mann von hinten vor einer Uhr und einem Baum ohne Bl\u00e4tter\" class=\"wp-image-4846\" srcset=\"https:\/\/digidem-bayern.de\/wp-content\/uploads\/2020\/04\/tree-97986_640-300x225.jpg 300w, https:\/\/digidem-bayern.de\/wp-content\/uploads\/2020\/04\/tree-97986_640-468x350.jpg 468w, https:\/\/digidem-bayern.de\/wp-content\/uploads\/2020\/04\/tree-97986_640.jpg 640w\" sizes=\"auto, (max-width: 300px) 100vw, 300px\" \/><\/figure><\/div>\n\n\n\n<p>Ein internationales&nbsp; Forscherteam um Peter Nelson von der University of Kentucky hat die Erkrankung in der Zeitschrift \u201cBrain\u201d beschrieben und den aktuellen Forschungsstand zusammengefasst. \u201cLATE\u201d steht als K\u00fcrzel f\u00fcr \u201cLimbic-predominant Age-related TDP-43 Encephalopathy\u201d, deutet aber auch auf das hohe Alter der Betroffenen hin. Bei Autopsie-Untersuchungen \u00fcber mehrere Jahre hinweg war Nelson und seinen Kollegen aufgefallen, dass sich im fortgeschrittenen Alter h\u00e4ufig Ansammlungen eines Proteins, n\u00e4mlich von TDP-43 fanden. Sie kamen bei rund einem Viertel der \u00fcber 85-J\u00e4hrigen vor. Viele von ihnen litten zu Lebzeiten an einer Demenz.&nbsp;<\/p>\n\n\n\n<p><strong>M\u00f6gliche Erkl\u00e4rung f\u00fcr Erkrankte ohne Beta-Amyloid-Ablagerungen<\/strong><\/p>\n\n\n\n<p>Diese Ergebnisse k\u00f6nnten erkl\u00e4ren, warum es Menschen mit Demenz gibt, bei denen keine Beta-Amyloid- oder keine tau-Ablagerungen nachweisbar sind. Diese Eiwei\u00dfablagerungen sind typisch f\u00fcr die Alzheimer-Erkrankung. H\u00e4ufig treten den Autoren zufolge auch beide Krankheiten gleichzeitig auf. Warum ist die Unterscheidung zwischen Alzheimer und der neuen Demenzform LATE trotzdem wichtig? Bei verschiedenen Ursachen des Krankheitsbildes m\u00fcssten auch unterschiedliche Therapien greifen, so Nelson. Dies k\u00f6nne zum Teil erkl\u00e4ren, warum bisher so viele klinische Studien zu Alzheimer-Therapien gescheitert sind.. Die Gesamtauswirkungen von LATE auf die \u00f6ffentliche Gesundheit liegen seiner Studie zufolge in der gleichen Gr\u00f6\u00dfenordnung wie die der Alzheimer-Erkrankung. &nbsp;<\/p>\n\n\n\n<p><strong>Differenzierter Blick auf Demenzerkrankungen gefordert<\/strong><\/p>\n\n\n\n<p>Bislang kann die Krankheit nur nach dem Tode festgestellt werden, zudem besteht keine M\u00f6glichkeit, die Krankheit durch eine Blutuntersuchung nachzuweisen. Die Autoren empfehlen deshalb, dass die Forschung zur Krankheitsentstehung verst\u00e4rkt wird, damit spezifische Therapien f\u00fcr die verschiedenen Demenzformen entwickelt werden k\u00f6nnen. Peter Nelson schrieb in einer Mitteilung der Universit\u00e4t, es sei an der Zeit, sich von der einheitlichen Sicht auf Demenzerkrankungen zu l\u00f6sen: \u201c200 verschiedene Viren k\u00f6nnen Erk\u00e4ltung hervorrufen, warum denken wir, dass es nur eine Ursache f\u00fcr Demenz gibt?\u201d<\/p>\n\n\n\n<p>Die vollst\u00e4ndige Studie finden Sie hier:<\/p>\n\n\n\n<p><a href=\"https:\/\/academic.oup.com\/brain\/article\/142\/6\/1503\/5481202\">Limbic-predominant age-related TDP-43 encephalopathy (LATE): consensus working group report<\/a> (Juni 2019)<\/p>","protected":false},"excerpt":{"rendered":"<p>Eine neue Demenzform besch\u00e4ftigt die Forschung. Die Symptome entsprechen denen der Alzheimer-Erkrankung. Allerdings bilden sich im Gehirn nicht die f\u00fcr Alzheimer typischen Beta-Amyloid- oder tau-Ablagerungen.&nbsp;Stattdessen kommt es zu einer Anh\u00e4ufung des Proteins TDP-43. \u201cLATE\u201d nennen die Wissenschaftler das neue Krankheitsbild, das vor allem Menschen \u00fcber 85 Jahre trifft.&nbsp;&nbsp;&nbsp;&nbsp;&nbsp; Ein internationales&nbsp; &hellip;<\/p>","protected":false},"author":11,"featured_media":4850,"comment_status":"closed","ping_status":"closed","sticky":false,"template":"","format":"standard","meta":{"qubely_global_settings":"true","qubely_interactions":"","_uag_custom_page_level_css":"","footnotes":""},"categories":[5],"tags":[13,12,14,17,55,100],"class_list":["post-4843","post","type-post","status-publish","format-standard","has-post-thumbnail","hentry","category-wissenschaft-forschung","tag-alzheimer","tag-demenz-2","tag-digidem","tag-digidem-bayern","tag-digitales-demenzregister-bayern","tag-late"],"qubely_featured_image_url":{"full":["https:\/\/digidem-bayern.de\/wp-content\/uploads\/2020\/04\/tree-97986_1280.jpg",1280,959,false],"landscape":["https:\/\/digidem-bayern.de\/wp-content\/uploads\/2020\/04\/tree-97986_1280-1200x750.jpg",1200,750,true],"portraits":["https:\/\/digidem-bayern.de\/wp-content\/uploads\/2020\/04\/tree-97986_1280-540x320.jpg",540,320,true],"thumbnail":["https:\/\/digidem-bayern.de\/wp-content\/uploads\/2020\/04\/tree-97986_1280-80x80.jpg",80,80,true],"medium":["https:\/\/digidem-bayern.de\/wp-content\/uploads\/2020\/04\/tree-97986_1280-300x225.jpg",300,225,true],"medium_large":["https:\/\/digidem-bayern.de\/wp-content\/uploads\/2020\/04\/tree-97986_1280-768x575.jpg",768,575,true],"large":["https:\/\/digidem-bayern.de\/wp-content\/uploads\/2020\/04\/tree-97986_1280-1030x772.jpg",1030,772,true],"1536x1536":["https:\/\/digidem-bayern.de\/wp-content\/uploads\/2020\/04\/tree-97986_1280.jpg",1280,959,false],"2048x2048":["https:\/\/digidem-bayern.de\/wp-content\/uploads\/2020\/04\/tree-97986_1280.jpg",1280,959,false],"trp-custom-language-flag":["https:\/\/digidem-bayern.de\/wp-content\/uploads\/2020\/04\/tree-97986_1280.jpg",16,12,false],"qubely_landscape":["https:\/\/digidem-bayern.de\/wp-content\/uploads\/2020\/04\/tree-97986_1280-1200x750.jpg",1200,750,true],"qubely_portrait":["https:\/\/digidem-bayern.de\/wp-content\/uploads\/2020\/04\/tree-97986_1280-540x320.jpg",540,320,true],"qubely_thumbnail":["https:\/\/digidem-bayern.de\/wp-content\/uploads\/2020\/04\/tree-97986_1280-140x100.jpg",140,100,true],"post-thumbnail":["https:\/\/digidem-bayern.de\/wp-content\/uploads\/2020\/04\/tree-97986_1280-467x350.jpg",467,350,true],"kahuna-featured":["https:\/\/digidem-bayern.de\/wp-content\/uploads\/2020\/04\/tree-97986_1280-495x350.jpg",495,350,true],"kahuna-featured-lp":["https:\/\/digidem-bayern.de\/wp-content\/uploads\/2020\/04\/tree-97986_1280-460x350.jpg",460,350,true],"kahuna-featured-half":["https:\/\/digidem-bayern.de\/wp-content\/uploads\/2020\/04\/tree-97986_1280-800x350.jpg",800,350,true],"kahuna-featured-third":["https:\/\/digidem-bayern.de\/wp-content\/uploads\/2020\/04\/tree-97986_1280-512x350.jpg",512,350,true],"kahuna-lpbox-1":["https:\/\/digidem-bayern.de\/wp-content\/uploads\/2020\/04\/tree-97986_1280-460x350.jpg",394,300,true],"kahuna-lpbox-2":["https:\/\/digidem-bayern.de\/wp-content\/uploads\/2020\/04\/tree-97986_1280-460x350.jpg",460,350,true],"demand-language-flag":["https:\/\/digidem-bayern.de\/wp-content\/uploads\/2020\/04\/tree-97986_1280.jpg",36,27,false],"dddkt-language-flag":["https:\/\/digidem-bayern.de\/wp-content\/uploads\/2020\/04\/tree-97986_1280.jpg",36,27,false],"ddiqc-language-flag":["https:\/\/digidem-bayern.de\/wp-content\/uploads\/2020\/04\/tree-97986_1280.jpg",36,27,false],"ddtl-language-flag":["https:\/\/digidem-bayern.de\/wp-content\/uploads\/2020\/04\/tree-97986_1280.jpg",36,27,false],"mailpoet_newsletter_max":["https:\/\/digidem-bayern.de\/wp-content\/uploads\/2020\/04\/tree-97986_1280.jpg",1280,959,false],"kahuna-lpbox-3":["https:\/\/digidem-bayern.de\/wp-content\/uploads\/2020\/04\/tree-97986_1280-460x350.jpg",460,350,true],"kahuna-featured-square":["https:\/\/digidem-bayern.de\/wp-content\/uploads\/2020\/04\/tree-97986_1280-512x512.jpg",512,512,true],"kahuna-featured-square-large":["https:\/\/digidem-bayern.de\/wp-content\/uploads\/2020\/04\/tree-97986_1280-1024x959.jpg",1024,959,true]},"qubely_author":{"display_name":"Michael Zeiler","author_link":"https:\/\/digidem-bayern.de\/en\/author\/michael-zeiler\/"},"qubely_comment":0,"qubely_category":"<a href=\"https:\/\/digidem-bayern.de\/en\/category\/wissenschaft-forschung\/\" rel=\"category tag\">Wissenschaft &amp; Forschung<\/a>","qubely_excerpt":"Eine neue Demenzform besch\u00e4ftigt die Forschung. Die Symptome entsprechen denen der Alzheimer-Erkrankung. Allerdings bilden sich im Gehirn nicht die f\u00fcr Alzheimer typischen Beta-Amyloid- oder tau-Ablagerungen.&nbsp;Stattdessen kommt es zu einer Anh\u00e4ufung des Proteins TDP-43. \u201cLATE\u201d nennen die Wissenschaftler das neue Krankheitsbild, das vor allem Menschen \u00fcber 85 Jahre trifft.&nbsp;&nbsp;&nbsp;&nbsp;&nbsp; Ein internationales&nbsp; &hellip;","featured_image_urls_v2":{"full":["https:\/\/digidem-bayern.de\/wp-content\/uploads\/2020\/04\/tree-97986_1280.jpg",1280,959,false],"thumbnail":["https:\/\/digidem-bayern.de\/wp-content\/uploads\/2020\/04\/tree-97986_1280-80x80.jpg",80,80,true],"medium":["https:\/\/digidem-bayern.de\/wp-content\/uploads\/2020\/04\/tree-97986_1280-300x225.jpg",300,225,true],"medium_large":["https:\/\/digidem-bayern.de\/wp-content\/uploads\/2020\/04\/tree-97986_1280-768x575.jpg",768,575,true],"large":["https:\/\/digidem-bayern.de\/wp-content\/uploads\/2020\/04\/tree-97986_1280-1030x772.jpg",1030,772,true],"1536x1536":["https:\/\/digidem-bayern.de\/wp-content\/uploads\/2020\/04\/tree-97986_1280.jpg",1280,959,false],"2048x2048":["https:\/\/digidem-bayern.de\/wp-content\/uploads\/2020\/04\/tree-97986_1280.jpg",1280,959,false],"trp-custom-language-flag":["https:\/\/digidem-bayern.de\/wp-content\/uploads\/2020\/04\/tree-97986_1280.jpg",16,12,false],"qubely_landscape":["https:\/\/digidem-bayern.de\/wp-content\/uploads\/2020\/04\/tree-97986_1280-1200x750.jpg",1200,750,true],"qubely_portrait":["https:\/\/digidem-bayern.de\/wp-content\/uploads\/2020\/04\/tree-97986_1280-540x320.jpg",540,320,true],"qubely_thumbnail":["https:\/\/digidem-bayern.de\/wp-content\/uploads\/2020\/04\/tree-97986_1280-140x100.jpg",140,100,true],"post-thumbnail":["https:\/\/digidem-bayern.de\/wp-content\/uploads\/2020\/04\/tree-97986_1280-467x350.jpg",467,350,true],"kahuna-featured":["https:\/\/digidem-bayern.de\/wp-content\/uploads\/2020\/04\/tree-97986_1280-495x350.jpg",495,350,true],"kahuna-featured-lp":["https:\/\/digidem-bayern.de\/wp-content\/uploads\/2020\/04\/tree-97986_1280-460x350.jpg",460,350,true],"kahuna-featured-half":["https:\/\/digidem-bayern.de\/wp-content\/uploads\/2020\/04\/tree-97986_1280-800x350.jpg",800,350,true],"kahuna-featured-third":["https:\/\/digidem-bayern.de\/wp-content\/uploads\/2020\/04\/tree-97986_1280-512x350.jpg",512,350,true],"kahuna-lpbox-1":["https:\/\/digidem-bayern.de\/wp-content\/uploads\/2020\/04\/tree-97986_1280-460x350.jpg",394,300,true],"kahuna-lpbox-2":["https:\/\/digidem-bayern.de\/wp-content\/uploads\/2020\/04\/tree-97986_1280-460x350.jpg",460,350,true],"demand-language-flag":["https:\/\/digidem-bayern.de\/wp-content\/uploads\/2020\/04\/tree-97986_1280.jpg",36,27,false],"dddkt-language-flag":["https:\/\/digidem-bayern.de\/wp-content\/uploads\/2020\/04\/tree-97986_1280.jpg",36,27,false],"ddiqc-language-flag":["https:\/\/digidem-bayern.de\/wp-content\/uploads\/2020\/04\/tree-97986_1280.jpg",36,27,false],"ddtl-language-flag":["https:\/\/digidem-bayern.de\/wp-content\/uploads\/2020\/04\/tree-97986_1280.jpg",36,27,false],"mailpoet_newsletter_max":["https:\/\/digidem-bayern.de\/wp-content\/uploads\/2020\/04\/tree-97986_1280.jpg",1280,959,false],"kahuna-lpbox-3":["https:\/\/digidem-bayern.de\/wp-content\/uploads\/2020\/04\/tree-97986_1280-460x350.jpg",460,350,true],"kahuna-featured-square":["https:\/\/digidem-bayern.de\/wp-content\/uploads\/2020\/04\/tree-97986_1280-512x512.jpg",512,512,true],"kahuna-featured-square-large":["https:\/\/digidem-bayern.de\/wp-content\/uploads\/2020\/04\/tree-97986_1280-1024x959.jpg",1024,959,true]},"post_excerpt_stackable_v2":"<p>Eine neue Demenzform besch\u00e4ftigt die Forschung. Die Symptome entsprechen denen der Alzheimer-Erkrankung. Allerdings bilden sich im Gehirn nicht die f\u00fcr Alzheimer typischen Beta-Amyloid- oder tau-Ablagerungen.&nbsp;Stattdessen kommt es zu einer Anh\u00e4ufung des Proteins TDP-43. \u201cLATE\u201d nennen die Wissenschaftler das neue Krankheitsbild, das vor allem Menschen \u00fcber 85 Jahre trifft.&nbsp;&nbsp;&nbsp;&nbsp;&nbsp; Ein internationales&nbsp; Forscherteam um Peter Nelson von der University of Kentucky hat die Erkrankung in der Zeitschrift \u201cBrain\u201d beschrieben und den aktuellen Forschungsstand zusammengefasst. \u201cLATE\u201d steht als K\u00fcrzel f\u00fcr \u201cLimbic-predominant Age-related TDP-43 Encephalopathy\u201d, deutet aber auch auf das hohe Alter der Betroffenen hin. Bei Autopsie-Untersuchungen \u00fcber mehrere Jahre hinweg war Nelson und&hellip;<\/p>\n","category_list_v2":"<a href=\"https:\/\/digidem-bayern.de\/en\/category\/wissenschaft-forschung\/\" rel=\"category tag\">Wissenschaft &amp; Forschung<\/a>","author_info_v2":{"name":"Michael Zeiler","url":"https:\/\/digidem-bayern.de\/en\/author\/michael-zeiler\/"},"comments_num_v2":"0 comments","yoast_head":"<!-- This site is optimized with the Yoast SEO plugin v27.4 - https:\/\/yoast.com\/product\/yoast-seo-wordpress\/ -->\n<title>Neue Demenzerkrankung: LATE - digiDEM Bayern<\/title>\n<meta name=\"description\" content=\"Eine neue Demenzform besch\u00e4ftigt die Forschung. \u201cLATE\u201d nennen die Wissenschaftler das neue Krankheitsbild, das vor allem Menschen \u00fcber 85 Jahre trifft.\" \/>\n<meta name=\"robots\" content=\"index, follow, max-snippet:-1, max-image-preview:large, max-video-preview:-1\" \/>\n<link rel=\"canonical\" href=\"https:\/\/digidem-bayern.de\/en\/neue-demenzerkrankung-late\/\" \/>\n<meta property=\"og:locale\" content=\"en_US\" \/>\n<meta property=\"og:type\" content=\"article\" \/>\n<meta property=\"og:title\" content=\"Neue Demenzerkrankung: LATE - digiDEM Bayern\" \/>\n<meta property=\"og:description\" content=\"Eine neue Demenzform besch\u00e4ftigt die Forschung. \u201cLATE\u201d nennen die Wissenschaftler das neue Krankheitsbild, das vor allem Menschen \u00fcber 85 Jahre trifft.\" \/>\n<meta property=\"og:url\" content=\"https:\/\/digidem-bayern.de\/en\/neue-demenzerkrankung-late\/\" \/>\n<meta property=\"og:site_name\" content=\"digiDEM Bayern\" \/>\n<meta property=\"article:publisher\" content=\"https:\/\/www.facebook.com\/digiDEMBayern\/\" \/>\n<meta property=\"article:published_time\" content=\"2020-04-16T07:54:50+00:00\" \/>\n<meta property=\"article:modified_time\" content=\"2020-04-16T09:36:59+00:00\" \/>\n<meta property=\"og:image\" content=\"https:\/\/digidem-bayern.de\/wp-content\/uploads\/2020\/04\/tree-97986_1280.jpg\" \/>\n\t<meta property=\"og:image:width\" content=\"1280\" \/>\n\t<meta property=\"og:image:height\" content=\"959\" \/>\n\t<meta property=\"og:image:type\" content=\"image\/jpeg\" \/>\n<meta name=\"author\" content=\"Michael Zeiler\" \/>\n<meta name=\"twitter:label1\" content=\"Written by\" \/>\n\t<meta name=\"twitter:data1\" content=\"Michael Zeiler\" \/>\n\t<meta name=\"twitter:label2\" content=\"Est. reading time\" \/>\n\t<meta name=\"twitter:data2\" content=\"2 minutes\" \/>\n<script type=\"application\/ld+json\" class=\"yoast-schema-graph\">{\"@context\":\"https:\\\/\\\/schema.org\",\"@graph\":[{\"@type\":\"Article\",\"@id\":\"https:\\\/\\\/digidem-bayern.de\\\/neue-demenzerkrankung-late\\\/#article\",\"isPartOf\":{\"@id\":\"https:\\\/\\\/digidem-bayern.de\\\/neue-demenzerkrankung-late\\\/\"},\"author\":{\"name\":\"Michael Zeiler\",\"@id\":\"\\\/#\\\/schema\\\/person\\\/92754ad381f49b3c358d1d8d2c4f90b8\"},\"headline\":\"Neue Demenzerkrankung: LATE\",\"datePublished\":\"2020-04-16T07:54:50+00:00\",\"dateModified\":\"2020-04-16T09:36:59+00:00\",\"mainEntityOfPage\":{\"@id\":\"https:\\\/\\\/digidem-bayern.de\\\/neue-demenzerkrankung-late\\\/\"},\"wordCount\":379,\"publisher\":{\"@id\":\"\\\/#organization\"},\"image\":{\"@id\":\"https:\\\/\\\/digidem-bayern.de\\\/neue-demenzerkrankung-late\\\/#primaryimage\"},\"thumbnailUrl\":\"https:\\\/\\\/digidem-bayern.de\\\/wp-content\\\/uploads\\\/2020\\\/04\\\/tree-97986_1280.jpg\",\"keywords\":[\"Alzheimer\",\"Demenz\",\"digidem\",\"digidem Bayern\",\"Digitales Demenzregister Bayern\",\"LATE\"],\"articleSection\":[\"Wissenschaft &amp; Forschung\"],\"inLanguage\":\"en-US\"},{\"@type\":\"WebPage\",\"@id\":\"https:\\\/\\\/digidem-bayern.de\\\/neue-demenzerkrankung-late\\\/\",\"url\":\"https:\\\/\\\/digidem-bayern.de\\\/neue-demenzerkrankung-late\\\/\",\"name\":\"Neue Demenzerkrankung: LATE - digiDEM Bayern\",\"isPartOf\":{\"@id\":\"\\\/#website\"},\"primaryImageOfPage\":{\"@id\":\"https:\\\/\\\/digidem-bayern.de\\\/neue-demenzerkrankung-late\\\/#primaryimage\"},\"image\":{\"@id\":\"https:\\\/\\\/digidem-bayern.de\\\/neue-demenzerkrankung-late\\\/#primaryimage\"},\"thumbnailUrl\":\"https:\\\/\\\/digidem-bayern.de\\\/wp-content\\\/uploads\\\/2020\\\/04\\\/tree-97986_1280.jpg\",\"datePublished\":\"2020-04-16T07:54:50+00:00\",\"dateModified\":\"2020-04-16T09:36:59+00:00\",\"description\":\"Eine neue Demenzform besch\u00e4ftigt die Forschung. \u201cLATE\u201d nennen die Wissenschaftler das neue Krankheitsbild, das vor allem Menschen \u00fcber 85 Jahre trifft.\",\"breadcrumb\":{\"@id\":\"https:\\\/\\\/digidem-bayern.de\\\/neue-demenzerkrankung-late\\\/#breadcrumb\"},\"inLanguage\":\"en-US\",\"potentialAction\":[{\"@type\":\"ReadAction\",\"target\":[\"https:\\\/\\\/digidem-bayern.de\\\/neue-demenzerkrankung-late\\\/\"]}]},{\"@type\":\"ImageObject\",\"inLanguage\":\"en-US\",\"@id\":\"https:\\\/\\\/digidem-bayern.de\\\/neue-demenzerkrankung-late\\\/#primaryimage\",\"url\":\"https:\\\/\\\/digidem-bayern.de\\\/wp-content\\\/uploads\\\/2020\\\/04\\\/tree-97986_1280.jpg\",\"contentUrl\":\"https:\\\/\\\/digidem-bayern.de\\\/wp-content\\\/uploads\\\/2020\\\/04\\\/tree-97986_1280.jpg\",\"width\":1280,\"height\":959},{\"@type\":\"BreadcrumbList\",\"@id\":\"https:\\\/\\\/digidem-bayern.de\\\/neue-demenzerkrankung-late\\\/#breadcrumb\",\"itemListElement\":[{\"@type\":\"ListItem\",\"position\":1,\"name\":\"Startseite\",\"item\":\"https:\\\/\\\/digidem-bayern.de\\\/\"},{\"@type\":\"ListItem\",\"position\":2,\"name\":\"Neue Demenzerkrankung: LATE\"}]},{\"@type\":\"WebSite\",\"@id\":\"\\\/#website\",\"url\":\"\\\/\",\"name\":\"digiDEM Bayern\",\"description\":\"Das digitale Demenzregister Bayern erforscht und verbessert die Angebotsstuktur f\u00fcr Menschen mit Demenz und deren Angeh\u00f6rige\",\"publisher\":{\"@id\":\"\\\/#organization\"},\"potentialAction\":[{\"@type\":\"SearchAction\",\"target\":{\"@type\":\"EntryPoint\",\"urlTemplate\":\"\\\/?s={search_term_string}\"},\"query-input\":{\"@type\":\"PropertyValueSpecification\",\"valueRequired\":true,\"valueName\":\"search_term_string\"}}],\"inLanguage\":\"en-US\"},{\"@type\":\"Organization\",\"@id\":\"\\\/#organization\",\"name\":\"digiDEM Bayern\",\"url\":\"\\\/\",\"logo\":{\"@type\":\"ImageObject\",\"inLanguage\":\"en-US\",\"@id\":\"\\\/#\\\/schema\\\/logo\\\/image\\\/\",\"url\":\"https:\\\/\\\/digidem-bayern.de\\\/wp-content\\\/uploads\\\/2022\\\/03\\\/cropped-Allgemeines_digiDEMLOGO-removebg-preview.png\",\"contentUrl\":\"https:\\\/\\\/digidem-bayern.de\\\/wp-content\\\/uploads\\\/2022\\\/03\\\/cropped-Allgemeines_digiDEMLOGO-removebg-preview.png\",\"width\":612,\"height\":357,\"caption\":\"digiDEM Bayern\"},\"image\":{\"@id\":\"\\\/#\\\/schema\\\/logo\\\/image\\\/\"},\"sameAs\":[\"https:\\\/\\\/www.facebook.com\\\/digiDEMBayern\\\/\",\"https:\\\/\\\/x.com\\\/digidem_bayern\",\"https:\\\/\\\/www.instagram.com\\\/digidem.bayern\",\"https:\\\/\\\/www.linkedin.com\\\/company\\\/digidem-bayern\\\/\"]},{\"@type\":\"Person\",\"@id\":\"\\\/#\\\/schema\\\/person\\\/92754ad381f49b3c358d1d8d2c4f90b8\",\"name\":\"Michael Zeiler\",\"url\":\"https:\\\/\\\/digidem-bayern.de\\\/en\\\/author\\\/michael-zeiler\\\/\"}]}<\/script>\n<!-- \/ Yoast SEO plugin. -->","yoast_head_json":{"title":"Neue Demenzerkrankung: LATE - digiDEM Bayern","description":"Eine neue Demenzform besch\u00e4ftigt die Forschung. \u201cLATE\u201d nennen die Wissenschaftler das neue Krankheitsbild, das vor allem Menschen \u00fcber 85 Jahre trifft.","robots":{"index":"index","follow":"follow","max-snippet":"max-snippet:-1","max-image-preview":"max-image-preview:large","max-video-preview":"max-video-preview:-1"},"canonical":"https:\/\/digidem-bayern.de\/en\/neue-demenzerkrankung-late\/","og_locale":"en_US","og_type":"article","og_title":"Neue Demenzerkrankung: LATE - digiDEM Bayern","og_description":"Eine neue Demenzform besch\u00e4ftigt die Forschung. \u201cLATE\u201d nennen die Wissenschaftler das neue Krankheitsbild, das vor allem Menschen \u00fcber 85 Jahre trifft.","og_url":"https:\/\/digidem-bayern.de\/en\/neue-demenzerkrankung-late\/","og_site_name":"digiDEM Bayern","article_publisher":"https:\/\/www.facebook.com\/digiDEMBayern\/","article_published_time":"2020-04-16T07:54:50+00:00","article_modified_time":"2020-04-16T09:36:59+00:00","og_image":[{"width":1280,"height":959,"url":"https:\/\/digidem-bayern.de\/wp-content\/uploads\/2020\/04\/tree-97986_1280.jpg","type":"image\/jpeg"}],"author":"Michael Zeiler","twitter_misc":{"Written by":"Michael Zeiler","Est. reading time":"2 minutes"},"schema":{"@context":"https:\/\/schema.org","@graph":[{"@type":"Article","@id":"https:\/\/digidem-bayern.de\/neue-demenzerkrankung-late\/#article","isPartOf":{"@id":"https:\/\/digidem-bayern.de\/neue-demenzerkrankung-late\/"},"author":{"name":"Michael Zeiler","@id":"\/#\/schema\/person\/92754ad381f49b3c358d1d8d2c4f90b8"},"headline":"Neue Demenzerkrankung: LATE","datePublished":"2020-04-16T07:54:50+00:00","dateModified":"2020-04-16T09:36:59+00:00","mainEntityOfPage":{"@id":"https:\/\/digidem-bayern.de\/neue-demenzerkrankung-late\/"},"wordCount":379,"publisher":{"@id":"\/#organization"},"image":{"@id":"https:\/\/digidem-bayern.de\/neue-demenzerkrankung-late\/#primaryimage"},"thumbnailUrl":"https:\/\/digidem-bayern.de\/wp-content\/uploads\/2020\/04\/tree-97986_1280.jpg","keywords":["Alzheimer","Demenz","digidem","digidem Bayern","Digitales Demenzregister Bayern","LATE"],"articleSection":["Wissenschaft &amp; Forschung"],"inLanguage":"en-US"},{"@type":"WebPage","@id":"https:\/\/digidem-bayern.de\/neue-demenzerkrankung-late\/","url":"https:\/\/digidem-bayern.de\/neue-demenzerkrankung-late\/","name":"Neue Demenzerkrankung: LATE - digiDEM Bayern","isPartOf":{"@id":"\/#website"},"primaryImageOfPage":{"@id":"https:\/\/digidem-bayern.de\/neue-demenzerkrankung-late\/#primaryimage"},"image":{"@id":"https:\/\/digidem-bayern.de\/neue-demenzerkrankung-late\/#primaryimage"},"thumbnailUrl":"https:\/\/digidem-bayern.de\/wp-content\/uploads\/2020\/04\/tree-97986_1280.jpg","datePublished":"2020-04-16T07:54:50+00:00","dateModified":"2020-04-16T09:36:59+00:00","description":"Eine neue Demenzform besch\u00e4ftigt die Forschung. \u201cLATE\u201d nennen die Wissenschaftler das neue Krankheitsbild, das vor allem Menschen \u00fcber 85 Jahre trifft.","breadcrumb":{"@id":"https:\/\/digidem-bayern.de\/neue-demenzerkrankung-late\/#breadcrumb"},"inLanguage":"en-US","potentialAction":[{"@type":"ReadAction","target":["https:\/\/digidem-bayern.de\/neue-demenzerkrankung-late\/"]}]},{"@type":"ImageObject","inLanguage":"en-US","@id":"https:\/\/digidem-bayern.de\/neue-demenzerkrankung-late\/#primaryimage","url":"https:\/\/digidem-bayern.de\/wp-content\/uploads\/2020\/04\/tree-97986_1280.jpg","contentUrl":"https:\/\/digidem-bayern.de\/wp-content\/uploads\/2020\/04\/tree-97986_1280.jpg","width":1280,"height":959},{"@type":"BreadcrumbList","@id":"https:\/\/digidem-bayern.de\/neue-demenzerkrankung-late\/#breadcrumb","itemListElement":[{"@type":"ListItem","position":1,"name":"Startseite","item":"https:\/\/digidem-bayern.de\/"},{"@type":"ListItem","position":2,"name":"Neue Demenzerkrankung: LATE"}]},{"@type":"WebSite","@id":"\/#website","url":"\/","name":"digiDEM Bavaria","description":"The digital dementia register in Bavaria researches and improves the structure of services for people with dementia and their relatives","publisher":{"@id":"\/#organization"},"potentialAction":[{"@type":"SearchAction","target":{"@type":"EntryPoint","urlTemplate":"\/?s={search_term_string}"},"query-input":{"@type":"PropertyValueSpecification","valueRequired":true,"valueName":"search_term_string"}}],"inLanguage":"en-US"},{"@type":"Organization","@id":"\/#organization","name":"digiDEM Bavaria","url":"\/","logo":{"@type":"ImageObject","inLanguage":"en-US","@id":"\/#\/schema\/logo\/image\/","url":"https:\/\/digidem-bayern.de\/wp-content\/uploads\/2022\/03\/cropped-Allgemeines_digiDEMLOGO-removebg-preview.png","contentUrl":"https:\/\/digidem-bayern.de\/wp-content\/uploads\/2022\/03\/cropped-Allgemeines_digiDEMLOGO-removebg-preview.png","width":612,"height":357,"caption":"digiDEM Bayern"},"image":{"@id":"\/#\/schema\/logo\/image\/"},"sameAs":["https:\/\/www.facebook.com\/digiDEMBayern\/","https:\/\/x.com\/digidem_bayern","https:\/\/www.instagram.com\/digidem.bayern","https:\/\/www.linkedin.com\/company\/digidem-bayern\/"]},{"@type":"Person","@id":"\/#\/schema\/person\/92754ad381f49b3c358d1d8d2c4f90b8","name":"Michael Zeiler","url":"https:\/\/digidem-bayern.de\/en\/author\/michael-zeiler\/"}]}},"uagb_featured_image_src":{"full":["https:\/\/digidem-bayern.de\/wp-content\/uploads\/2020\/04\/tree-97986_1280.jpg",1280,959,false],"thumbnail":["https:\/\/digidem-bayern.de\/wp-content\/uploads\/2020\/04\/tree-97986_1280-80x80.jpg",80,80,true],"medium":["https:\/\/digidem-bayern.de\/wp-content\/uploads\/2020\/04\/tree-97986_1280-300x225.jpg",300,225,true],"medium_large":["https:\/\/digidem-bayern.de\/wp-content\/uploads\/2020\/04\/tree-97986_1280-768x575.jpg",768,575,true],"large":["https:\/\/digidem-bayern.de\/wp-content\/uploads\/2020\/04\/tree-97986_1280-1030x772.jpg",1030,772,true],"1536x1536":["https:\/\/digidem-bayern.de\/wp-content\/uploads\/2020\/04\/tree-97986_1280.jpg",1280,959,false],"2048x2048":["https:\/\/digidem-bayern.de\/wp-content\/uploads\/2020\/04\/tree-97986_1280.jpg",1280,959,false],"trp-custom-language-flag":["https:\/\/digidem-bayern.de\/wp-content\/uploads\/2020\/04\/tree-97986_1280.jpg",16,12,false],"qubely_landscape":["https:\/\/digidem-bayern.de\/wp-content\/uploads\/2020\/04\/tree-97986_1280-1200x750.jpg",1200,750,true],"qubely_portrait":["https:\/\/digidem-bayern.de\/wp-content\/uploads\/2020\/04\/tree-97986_1280-540x320.jpg",540,320,true],"qubely_thumbnail":["https:\/\/digidem-bayern.de\/wp-content\/uploads\/2020\/04\/tree-97986_1280-140x100.jpg",140,100,true],"post-thumbnail":["https:\/\/digidem-bayern.de\/wp-content\/uploads\/2020\/04\/tree-97986_1280-467x350.jpg",467,350,true],"kahuna-featured":["https:\/\/digidem-bayern.de\/wp-content\/uploads\/2020\/04\/tree-97986_1280-495x350.jpg",495,350,true],"kahuna-featured-lp":["https:\/\/digidem-bayern.de\/wp-content\/uploads\/2020\/04\/tree-97986_1280-460x350.jpg",460,350,true],"kahuna-featured-half":["https:\/\/digidem-bayern.de\/wp-content\/uploads\/2020\/04\/tree-97986_1280-800x350.jpg",800,350,true],"kahuna-featured-third":["https:\/\/digidem-bayern.de\/wp-content\/uploads\/2020\/04\/tree-97986_1280-512x350.jpg",512,350,true],"kahuna-lpbox-1":["https:\/\/digidem-bayern.de\/wp-content\/uploads\/2020\/04\/tree-97986_1280-460x350.jpg",394,300,true],"kahuna-lpbox-2":["https:\/\/digidem-bayern.de\/wp-content\/uploads\/2020\/04\/tree-97986_1280-460x350.jpg",460,350,true],"demand-language-flag":["https:\/\/digidem-bayern.de\/wp-content\/uploads\/2020\/04\/tree-97986_1280.jpg",36,27,false],"dddkt-language-flag":["https:\/\/digidem-bayern.de\/wp-content\/uploads\/2020\/04\/tree-97986_1280.jpg",36,27,false],"ddiqc-language-flag":["https:\/\/digidem-bayern.de\/wp-content\/uploads\/2020\/04\/tree-97986_1280.jpg",36,27,false],"ddtl-language-flag":["https:\/\/digidem-bayern.de\/wp-content\/uploads\/2020\/04\/tree-97986_1280.jpg",36,27,false],"mailpoet_newsletter_max":["https:\/\/digidem-bayern.de\/wp-content\/uploads\/2020\/04\/tree-97986_1280.jpg",1280,959,false],"kahuna-lpbox-3":["https:\/\/digidem-bayern.de\/wp-content\/uploads\/2020\/04\/tree-97986_1280-460x350.jpg",460,350,true],"kahuna-featured-square":["https:\/\/digidem-bayern.de\/wp-content\/uploads\/2020\/04\/tree-97986_1280-512x512.jpg",512,512,true],"kahuna-featured-square-large":["https:\/\/digidem-bayern.de\/wp-content\/uploads\/2020\/04\/tree-97986_1280-1024x959.jpg",1024,959,true]},"uagb_author_info":{"display_name":"Michael Zeiler","author_link":"https:\/\/digidem-bayern.de\/en\/author\/michael-zeiler\/"},"uagb_comment_info":0,"uagb_excerpt":"Eine neue Demenzform besch\u00e4ftigt die Forschung. Die Symptome entsprechen denen der Alzheimer-Erkrankung. Allerdings bilden sich im Gehirn nicht die f\u00fcr Alzheimer typischen Beta-Amyloid- oder tau-Ablagerungen.&nbsp;Stattdessen kommt es zu einer Anh\u00e4ufung des Proteins TDP-43. \u201cLATE\u201d nennen die Wissenschaftler das neue Krankheitsbild, das vor allem Menschen \u00fcber 85 Jahre trifft.&nbsp;&nbsp;&nbsp;&nbsp;&nbsp; Ein internationales&nbsp; &hellip;","_links":{"self":[{"href":"https:\/\/digidem-bayern.de\/en\/wp-json\/wp\/v2\/posts\/4843","targetHints":{"allow":["GET"]}}],"collection":[{"href":"https:\/\/digidem-bayern.de\/en\/wp-json\/wp\/v2\/posts"}],"about":[{"href":"https:\/\/digidem-bayern.de\/en\/wp-json\/wp\/v2\/types\/post"}],"author":[{"embeddable":true,"href":"https:\/\/digidem-bayern.de\/en\/wp-json\/wp\/v2\/users\/11"}],"replies":[{"embeddable":true,"href":"https:\/\/digidem-bayern.de\/en\/wp-json\/wp\/v2\/comments?post=4843"}],"version-history":[{"count":0,"href":"https:\/\/digidem-bayern.de\/en\/wp-json\/wp\/v2\/posts\/4843\/revisions"}],"wp:featuredmedia":[{"embeddable":true,"href":"https:\/\/digidem-bayern.de\/en\/wp-json\/wp\/v2\/media\/4850"}],"wp:attachment":[{"href":"https:\/\/digidem-bayern.de\/en\/wp-json\/wp\/v2\/media?parent=4843"}],"wp:term":[{"taxonomy":"category","embeddable":true,"href":"https:\/\/digidem-bayern.de\/en\/wp-json\/wp\/v2\/categories?post=4843"},{"taxonomy":"post_tag","embeddable":true,"href":"https:\/\/digidem-bayern.de\/en\/wp-json\/wp\/v2\/tags?post=4843"}],"curies":[{"name":"wp","href":"https:\/\/api.w.org\/{rel}","templated":true}]}}