{"id":4836,"date":"2020-04-16T09:00:04","date_gmt":"2020-04-16T07:00:04","guid":{"rendered":"https:\/\/digidem-bayern.de\/?p=4836"},"modified":"2020-04-16T11:37:26","modified_gmt":"2020-04-16T09:37:26","slug":"luftverschmutzung-und-demenz","status":"publish","type":"post","link":"https:\/\/digidem-bayern.de\/en\/luftverschmutzung-und-demenz\/","title":{"rendered":"Luftverschmutzung und Demenz"},"content":{"rendered":"<h4 class=\"wp-block-heading\">Kann Luftverschmutzung das Demenz-Risiko steigern? In fr\u00fcheren Untersuchungen wurde ein entsprechender Zusammenhang bereits hergestellt. Zwei aktuelle Studien aus Kanada und Taiwan erg\u00e4nzen die Erkenntnisse. &nbsp;<\/h4>\n\n\n\n<div class=\"wp-block-image\"><figure class=\"alignright size-medium\"><img loading=\"lazy\" decoding=\"async\" width=\"300\" height=\"200\" src=\"https:\/\/test.digidem-bayern.de\/wp-content\/uploads\/2020\/04\/traffic-143391_1280-300x200.jpg\" alt=\"Stau auf einer Autobahn\" class=\"wp-image-4841\" srcset=\"https:\/\/digidem-bayern.de\/wp-content\/uploads\/2020\/04\/traffic-143391_1280-300x200.jpg 300w, https:\/\/digidem-bayern.de\/wp-content\/uploads\/2020\/04\/traffic-143391_1280-1030x686.jpg 1030w, https:\/\/digidem-bayern.de\/wp-content\/uploads\/2020\/04\/traffic-143391_1280-768x512.jpg 768w, https:\/\/digidem-bayern.de\/wp-content\/uploads\/2020\/04\/traffic-143391_1280-495x330.jpg 495w, https:\/\/digidem-bayern.de\/wp-content\/uploads\/2020\/04\/traffic-143391_1280.jpg 1280w\" sizes=\"auto, (max-width: 300px) 100vw, 300px\" \/><\/figure><\/div>\n\n\n\n<p>Wenn Menschen \u00fcber einen langen Zeitraum sch\u00e4dlichen Emissionen ausgesetzt sind, steigert das ihr Risiko eine Demenz zu entwickeln? Das wollten Han-Wei Zhang und Kolleg*innen herausfinden. Sie untersuchten speziell die langfristigen Auswirkungen von Kohlenwasserstoffen in der Umgebungsluft und werteten dazu Daten der nationalen Krankenversicherung und der Umweltbeh\u00f6rde aus. Studienteilnehmer*innen waren insgesamt 178.085 Taiwanes*innen im Alter von 50 Jahren oder \u00e4lter. Die Forscher*innen untersuchten ihre Krankenkassen-Daten in Bezug auf Demenz-Erkrankungen im Zeitraum von 2000 bis 2013 und brachten sie in Verbindung mit der Schadstoffbelastung, die an 76 Messstationen in ganz Taiwan gemessen wurde. Die Ergebnisse der Studie best\u00e4tigten, dass Kohlenwasserstoffe in der Umgebungsluft zur Entwicklung von Demenz beitragen k\u00f6nnen, wobei die Auswirkungen bei Frauen noch st\u00e4rker waren als bei M\u00e4nnern.<\/p>\n\n\n\n<p><strong>Einfluss von Stra\u00dfenn\u00e4he, Luftverschmutzung, L\u00e4rm und Gr\u00fcnfl\u00e4chen<\/strong><\/p>\n\n\n\n<p>Kanadische Wissenschaftler*innen fassten ihre Forschungsfrage noch weiter. So untersuchten Weiran Yuchi und Kolleg*innen, welchen Einfluss Stra\u00dfenn\u00e4he, Luftverschmutzung, L\u00e4rm und Gr\u00fcnfl\u00e4chen auf neurologische Krankheiten haben, speziell auf die Alzheimer-Demenz, die Nicht-Alzheimer-Demenz, die Parkinson-Krankheit und die Multiple Sklerose. Auch die Kanadier*innen konnten f\u00fcr ihre Studie auf die Daten einer gro\u00dfen Gruppe der Bev\u00f6lkerung zur\u00fcckgreifen. Sie werteten die Angaben von rund 678.000 Frauen und M\u00e4nnern im Alter zwischen 45 und 84 Jahren aus dem Gro\u00dfraum Vancouver aus.<\/p>\n\n\n\n<p><strong>N\u00e4he zu gro\u00dfen Stra\u00dfen erh\u00f6ht Demenz-Risiko<\/strong><\/p>\n\n\n\n<p>Die Ergebnisse: Wer in der N\u00e4he gro\u00dfer Stra\u00dfen lebt, hat ein erh\u00f6htes Risiko f\u00fcr alle vier untersuchten neurologischen Erkrankungen. Die Forscher*innen fanden zudem einen Zusammenhang zwischen Luftverschmutzung und der Nicht-Alzheimer-Demenz sowie der Parkinson-Krankheit &#8211; aber keinen Zusammenhang zwischen Luftverschmutzung und der Alzheimer-Demenz oder der Multiplen Sklerose. Die Studie zeigte au\u00dferdem, dass Gr\u00fcnfl\u00e4chen eine gewisse Schutzwirkung haben. Sch\u00e4dliche Auswirkungen von L\u00e4rm ergaben sich nicht.&nbsp;Angesichts der vielen Menschen, die der N\u00e4he von Stra\u00dfen und hohem Verkehrsaufkommen leben, sowie der steigenden Zahl an neurologischen St\u00f6rungen empfehlen die Autor*innen weitere Studien in st\u00e4dtischen Gebieten, die sich mit den Auswirkungen von Umwelt-Belastungen befassen.<\/p>\n\n\n\n<p>Die Studien finden Sie hier:<\/p>\n\n\n\n<p><a href=\"http:\/\/www.eurekaselect.com\/178052\/article\" target=\"_blank\" rel=\"noreferrer noopener\">Long-Term Exposure to Ambient Hydrocarbons Increases Dementia Risk in People Aged 50 Years and above in Taiwan<\/a> (Dez 2019)<\/p>\n\n\n\n<p><a href=\"https:\/\/ehjournal.biomedcentral.com\/articles\/10.1186\/s12940-020-0565-4\">Road proximity, air pollution, noise, green space and neurologic disease incidence: a population-based cohort study<\/a> (Jan 2020)<\/p>","protected":false},"excerpt":{"rendered":"<p>Kann Luftverschmutzung das Demenz-Risiko steigern? In fr\u00fcheren Untersuchungen wurde ein entsprechender Zusammenhang bereits hergestellt. Zwei aktuelle Studien aus Kanada und Taiwan erg\u00e4nzen die Erkenntnisse. &nbsp; Wenn Menschen \u00fcber einen langen Zeitraum sch\u00e4dlichen Emissionen ausgesetzt sind, steigert das ihr Risiko eine Demenz zu entwickeln? Das wollten Han-Wei Zhang und Kolleg*innen herausfinden. &hellip;<\/p>","protected":false},"author":11,"featured_media":4841,"comment_status":"closed","ping_status":"closed","sticky":false,"template":"","format":"standard","meta":{"qubely_global_settings":"true","qubely_interactions":"","_uag_custom_page_level_css":"","footnotes":""},"categories":[5],"tags":[13,11,14,17,55,98,97,99],"class_list":["post-4836","post","type-post","status-publish","format-standard","has-post-thumbnail","hentry","category-wissenschaft-forschung","tag-alzheimer","tag-demenz","tag-digidem","tag-digidem-bayern","tag-digitales-demenzregister-bayern","tag-feinstaub","tag-luftverschmutzung","tag-umwelt"],"qubely_featured_image_url":{"full":["https:\/\/digidem-bayern.de\/wp-content\/uploads\/2020\/04\/traffic-143391_1280.jpg",1280,853,false],"landscape":["https:\/\/digidem-bayern.de\/wp-content\/uploads\/2020\/04\/traffic-143391_1280-1200x750.jpg",1200,750,true],"portraits":["https:\/\/digidem-bayern.de\/wp-content\/uploads\/2020\/04\/traffic-143391_1280-540x320.jpg",540,320,true],"thumbnail":["https:\/\/digidem-bayern.de\/wp-content\/uploads\/2020\/04\/traffic-143391_1280-80x80.jpg",80,80,true],"medium":["https:\/\/digidem-bayern.de\/wp-content\/uploads\/2020\/04\/traffic-143391_1280-300x200.jpg",300,200,true],"medium_large":["https:\/\/digidem-bayern.de\/wp-content\/uploads\/2020\/04\/traffic-143391_1280-768x512.jpg",768,512,true],"large":["https:\/\/digidem-bayern.de\/wp-content\/uploads\/2020\/04\/traffic-143391_1280-1030x686.jpg",1030,686,true],"1536x1536":["https:\/\/digidem-bayern.de\/wp-content\/uploads\/2020\/04\/traffic-143391_1280.jpg",1280,853,false],"2048x2048":["https:\/\/digidem-bayern.de\/wp-content\/uploads\/2020\/04\/traffic-143391_1280.jpg",1280,853,false],"trp-custom-language-flag":["https:\/\/digidem-bayern.de\/wp-content\/uploads\/2020\/04\/traffic-143391_1280.jpg",18,12,false],"qubely_landscape":["https:\/\/digidem-bayern.de\/wp-content\/uploads\/2020\/04\/traffic-143391_1280-1200x750.jpg",1200,750,true],"qubely_portrait":["https:\/\/digidem-bayern.de\/wp-content\/uploads\/2020\/04\/traffic-143391_1280-540x320.jpg",540,320,true],"qubely_thumbnail":["https:\/\/digidem-bayern.de\/wp-content\/uploads\/2020\/04\/traffic-143391_1280-140x100.jpg",140,100,true],"post-thumbnail":["https:\/\/digidem-bayern.de\/wp-content\/uploads\/2020\/04\/traffic-143391_1280-495x330.jpg",495,330,true],"kahuna-featured":["https:\/\/digidem-bayern.de\/wp-content\/uploads\/2020\/04\/traffic-143391_1280-495x350.jpg",495,350,true],"kahuna-featured-lp":["https:\/\/digidem-bayern.de\/wp-content\/uploads\/2020\/04\/traffic-143391_1280-460x350.jpg",460,350,true],"kahuna-featured-half":["https:\/\/digidem-bayern.de\/wp-content\/uploads\/2020\/04\/traffic-143391_1280-800x350.jpg",800,350,true],"kahuna-featured-third":["https:\/\/digidem-bayern.de\/wp-content\/uploads\/2020\/04\/traffic-143391_1280-512x350.jpg",512,350,true],"kahuna-lpbox-1":["https:\/\/digidem-bayern.de\/wp-content\/uploads\/2020\/04\/traffic-143391_1280-460x350.jpg",394,300,true],"kahuna-lpbox-2":["https:\/\/digidem-bayern.de\/wp-content\/uploads\/2020\/04\/traffic-143391_1280-460x350.jpg",460,350,true],"demand-language-flag":["https:\/\/digidem-bayern.de\/wp-content\/uploads\/2020\/04\/traffic-143391_1280.jpg",36,24,false],"dddkt-language-flag":["https:\/\/digidem-bayern.de\/wp-content\/uploads\/2020\/04\/traffic-143391_1280.jpg",36,24,false],"ddiqc-language-flag":["https:\/\/digidem-bayern.de\/wp-content\/uploads\/2020\/04\/traffic-143391_1280.jpg",36,24,false],"ddtl-language-flag":["https:\/\/digidem-bayern.de\/wp-content\/uploads\/2020\/04\/traffic-143391_1280.jpg",36,24,false],"mailpoet_newsletter_max":["https:\/\/digidem-bayern.de\/wp-content\/uploads\/2020\/04\/traffic-143391_1280.jpg",1280,853,false],"kahuna-lpbox-3":["https:\/\/digidem-bayern.de\/wp-content\/uploads\/2020\/04\/traffic-143391_1280-460x350.jpg",460,350,true],"kahuna-featured-square":["https:\/\/digidem-bayern.de\/wp-content\/uploads\/2020\/04\/traffic-143391_1280-512x512.jpg",512,512,true],"kahuna-featured-square-large":["https:\/\/digidem-bayern.de\/wp-content\/uploads\/2020\/04\/traffic-143391_1280-1024x853.jpg",1024,853,true]},"qubely_author":{"display_name":"Michael Zeiler","author_link":"https:\/\/digidem-bayern.de\/en\/author\/michael-zeiler\/"},"qubely_comment":0,"qubely_category":"<a href=\"https:\/\/digidem-bayern.de\/en\/category\/wissenschaft-forschung\/\" rel=\"category tag\">Wissenschaft &amp; Forschung<\/a>","qubely_excerpt":"Kann Luftverschmutzung das Demenz-Risiko steigern? In fr\u00fcheren Untersuchungen wurde ein entsprechender Zusammenhang bereits hergestellt. Zwei aktuelle Studien aus Kanada und Taiwan erg\u00e4nzen die Erkenntnisse. &nbsp; Wenn Menschen \u00fcber einen langen Zeitraum sch\u00e4dlichen Emissionen ausgesetzt sind, steigert das ihr Risiko eine Demenz zu entwickeln? Das wollten Han-Wei Zhang und Kolleg*innen herausfinden. &hellip;","featured_image_urls_v2":{"full":["https:\/\/digidem-bayern.de\/wp-content\/uploads\/2020\/04\/traffic-143391_1280.jpg",1280,853,false],"thumbnail":["https:\/\/digidem-bayern.de\/wp-content\/uploads\/2020\/04\/traffic-143391_1280-80x80.jpg",80,80,true],"medium":["https:\/\/digidem-bayern.de\/wp-content\/uploads\/2020\/04\/traffic-143391_1280-300x200.jpg",300,200,true],"medium_large":["https:\/\/digidem-bayern.de\/wp-content\/uploads\/2020\/04\/traffic-143391_1280-768x512.jpg",768,512,true],"large":["https:\/\/digidem-bayern.de\/wp-content\/uploads\/2020\/04\/traffic-143391_1280-1030x686.jpg",1030,686,true],"1536x1536":["https:\/\/digidem-bayern.de\/wp-content\/uploads\/2020\/04\/traffic-143391_1280.jpg",1280,853,false],"2048x2048":["https:\/\/digidem-bayern.de\/wp-content\/uploads\/2020\/04\/traffic-143391_1280.jpg",1280,853,false],"trp-custom-language-flag":["https:\/\/digidem-bayern.de\/wp-content\/uploads\/2020\/04\/traffic-143391_1280.jpg",18,12,false],"qubely_landscape":["https:\/\/digidem-bayern.de\/wp-content\/uploads\/2020\/04\/traffic-143391_1280-1200x750.jpg",1200,750,true],"qubely_portrait":["https:\/\/digidem-bayern.de\/wp-content\/uploads\/2020\/04\/traffic-143391_1280-540x320.jpg",540,320,true],"qubely_thumbnail":["https:\/\/digidem-bayern.de\/wp-content\/uploads\/2020\/04\/traffic-143391_1280-140x100.jpg",140,100,true],"post-thumbnail":["https:\/\/digidem-bayern.de\/wp-content\/uploads\/2020\/04\/traffic-143391_1280-495x330.jpg",495,330,true],"kahuna-featured":["https:\/\/digidem-bayern.de\/wp-content\/uploads\/2020\/04\/traffic-143391_1280-495x350.jpg",495,350,true],"kahuna-featured-lp":["https:\/\/digidem-bayern.de\/wp-content\/uploads\/2020\/04\/traffic-143391_1280-460x350.jpg",460,350,true],"kahuna-featured-half":["https:\/\/digidem-bayern.de\/wp-content\/uploads\/2020\/04\/traffic-143391_1280-800x350.jpg",800,350,true],"kahuna-featured-third":["https:\/\/digidem-bayern.de\/wp-content\/uploads\/2020\/04\/traffic-143391_1280-512x350.jpg",512,350,true],"kahuna-lpbox-1":["https:\/\/digidem-bayern.de\/wp-content\/uploads\/2020\/04\/traffic-143391_1280-460x350.jpg",394,300,true],"kahuna-lpbox-2":["https:\/\/digidem-bayern.de\/wp-content\/uploads\/2020\/04\/traffic-143391_1280-460x350.jpg",460,350,true],"demand-language-flag":["https:\/\/digidem-bayern.de\/wp-content\/uploads\/2020\/04\/traffic-143391_1280.jpg",36,24,false],"dddkt-language-flag":["https:\/\/digidem-bayern.de\/wp-content\/uploads\/2020\/04\/traffic-143391_1280.jpg",36,24,false],"ddiqc-language-flag":["https:\/\/digidem-bayern.de\/wp-content\/uploads\/2020\/04\/traffic-143391_1280.jpg",36,24,false],"ddtl-language-flag":["https:\/\/digidem-bayern.de\/wp-content\/uploads\/2020\/04\/traffic-143391_1280.jpg",36,24,false],"mailpoet_newsletter_max":["https:\/\/digidem-bayern.de\/wp-content\/uploads\/2020\/04\/traffic-143391_1280.jpg",1280,853,false],"kahuna-lpbox-3":["https:\/\/digidem-bayern.de\/wp-content\/uploads\/2020\/04\/traffic-143391_1280-460x350.jpg",460,350,true],"kahuna-featured-square":["https:\/\/digidem-bayern.de\/wp-content\/uploads\/2020\/04\/traffic-143391_1280-512x512.jpg",512,512,true],"kahuna-featured-square-large":["https:\/\/digidem-bayern.de\/wp-content\/uploads\/2020\/04\/traffic-143391_1280-1024x853.jpg",1024,853,true]},"post_excerpt_stackable_v2":"<p>Kann Luftverschmutzung das Demenz-Risiko steigern? In fr\u00fcheren Untersuchungen wurde ein entsprechender Zusammenhang bereits hergestellt. Zwei aktuelle Studien aus Kanada und Taiwan erg\u00e4nzen die Erkenntnisse. &nbsp; Wenn Menschen \u00fcber einen langen Zeitraum sch\u00e4dlichen Emissionen ausgesetzt sind, steigert das ihr Risiko eine Demenz zu entwickeln? Das wollten Han-Wei Zhang und Kolleg*innen herausfinden. Sie untersuchten speziell die langfristigen Auswirkungen von Kohlenwasserstoffen in der Umgebungsluft und werteten dazu Daten der nationalen Krankenversicherung und der Umweltbeh\u00f6rde aus. Studienteilnehmer*innen waren insgesamt 178.085 Taiwanes*innen im Alter von 50 Jahren oder \u00e4lter. Die Forscher*innen untersuchten ihre Krankenkassen-Daten in Bezug auf Demenz-Erkrankungen im Zeitraum von 2000 bis 2013 und&hellip;<\/p>\n","category_list_v2":"<a href=\"https:\/\/digidem-bayern.de\/en\/category\/wissenschaft-forschung\/\" rel=\"category tag\">Wissenschaft &amp; Forschung<\/a>","author_info_v2":{"name":"Michael Zeiler","url":"https:\/\/digidem-bayern.de\/en\/author\/michael-zeiler\/"},"comments_num_v2":"0 comments","yoast_head":"<!-- This site is optimized with the Yoast SEO plugin v27.5 - https:\/\/yoast.com\/product\/yoast-seo-wordpress\/ -->\n<title>Luftverschmutzung und Demenz - digiDEM Bayern<\/title>\n<meta name=\"description\" content=\"Kann Luftverschmutzung das Demenz-Risiko steigern? Zwei aktuelle Studien aus Kanada und Taiwan haben diese Frage untersucht.\" \/>\n<meta name=\"robots\" content=\"index, follow, max-snippet:-1, max-image-preview:large, max-video-preview:-1\" \/>\n<link rel=\"canonical\" href=\"https:\/\/digidem-bayern.de\/en\/luftverschmutzung-und-demenz\/\" \/>\n<meta property=\"og:locale\" content=\"en_US\" \/>\n<meta property=\"og:type\" content=\"article\" \/>\n<meta property=\"og:title\" content=\"Luftverschmutzung und Demenz - digiDEM Bayern\" \/>\n<meta property=\"og:description\" content=\"Kann Luftverschmutzung das Demenz-Risiko steigern? Zwei aktuelle Studien aus Kanada und Taiwan haben diese Frage untersucht.\" \/>\n<meta property=\"og:url\" content=\"https:\/\/digidem-bayern.de\/en\/luftverschmutzung-und-demenz\/\" \/>\n<meta property=\"og:site_name\" content=\"digiDEM Bayern\" \/>\n<meta property=\"article:publisher\" content=\"https:\/\/www.facebook.com\/digiDEMBayern\/\" \/>\n<meta property=\"article:published_time\" content=\"2020-04-16T07:00:04+00:00\" \/>\n<meta property=\"article:modified_time\" content=\"2020-04-16T09:37:26+00:00\" \/>\n<meta property=\"og:image\" content=\"https:\/\/digidem-bayern.de\/wp-content\/uploads\/2020\/04\/traffic-143391_1280.jpg\" \/>\n\t<meta property=\"og:image:width\" content=\"1280\" \/>\n\t<meta property=\"og:image:height\" content=\"853\" \/>\n\t<meta property=\"og:image:type\" content=\"image\/jpeg\" \/>\n<meta name=\"author\" content=\"Michael Zeiler\" \/>\n<meta name=\"twitter:label1\" content=\"Written by\" \/>\n\t<meta name=\"twitter:data1\" content=\"Michael Zeiler\" \/>\n\t<meta name=\"twitter:label2\" content=\"Est. reading time\" \/>\n\t<meta name=\"twitter:data2\" content=\"2 minutes\" \/>\n<script type=\"application\/ld+json\" class=\"yoast-schema-graph\">{\"@context\":\"https:\\\/\\\/schema.org\",\"@graph\":[{\"@type\":\"Article\",\"@id\":\"https:\\\/\\\/digidem-bayern.de\\\/luftverschmutzung-und-demenz\\\/#article\",\"isPartOf\":{\"@id\":\"https:\\\/\\\/digidem-bayern.de\\\/luftverschmutzung-und-demenz\\\/\"},\"author\":{\"name\":\"Michael Zeiler\",\"@id\":\"\\\/#\\\/schema\\\/person\\\/92754ad381f49b3c358d1d8d2c4f90b8\"},\"headline\":\"Luftverschmutzung und Demenz\",\"datePublished\":\"2020-04-16T07:00:04+00:00\",\"dateModified\":\"2020-04-16T09:37:26+00:00\",\"mainEntityOfPage\":{\"@id\":\"https:\\\/\\\/digidem-bayern.de\\\/luftverschmutzung-und-demenz\\\/\"},\"wordCount\":414,\"publisher\":{\"@id\":\"\\\/#organization\"},\"image\":{\"@id\":\"https:\\\/\\\/digidem-bayern.de\\\/luftverschmutzung-und-demenz\\\/#primaryimage\"},\"thumbnailUrl\":\"https:\\\/\\\/digidem-bayern.de\\\/wp-content\\\/uploads\\\/2020\\\/04\\\/traffic-143391_1280.jpg\",\"keywords\":[\"Alzheimer\",\"Demenz.\",\"digidem\",\"digidem Bayern\",\"Digitales Demenzregister Bayern\",\"Feinstaub\",\"Luftverschmutzung\",\"Umwelt\"],\"articleSection\":[\"Wissenschaft &amp; Forschung\"],\"inLanguage\":\"en-US\"},{\"@type\":\"WebPage\",\"@id\":\"https:\\\/\\\/digidem-bayern.de\\\/luftverschmutzung-und-demenz\\\/\",\"url\":\"https:\\\/\\\/digidem-bayern.de\\\/luftverschmutzung-und-demenz\\\/\",\"name\":\"Luftverschmutzung und Demenz - digiDEM Bayern\",\"isPartOf\":{\"@id\":\"\\\/#website\"},\"primaryImageOfPage\":{\"@id\":\"https:\\\/\\\/digidem-bayern.de\\\/luftverschmutzung-und-demenz\\\/#primaryimage\"},\"image\":{\"@id\":\"https:\\\/\\\/digidem-bayern.de\\\/luftverschmutzung-und-demenz\\\/#primaryimage\"},\"thumbnailUrl\":\"https:\\\/\\\/digidem-bayern.de\\\/wp-content\\\/uploads\\\/2020\\\/04\\\/traffic-143391_1280.jpg\",\"datePublished\":\"2020-04-16T07:00:04+00:00\",\"dateModified\":\"2020-04-16T09:37:26+00:00\",\"description\":\"Kann Luftverschmutzung das Demenz-Risiko steigern? Zwei aktuelle Studien aus Kanada und Taiwan haben diese Frage untersucht.\",\"breadcrumb\":{\"@id\":\"https:\\\/\\\/digidem-bayern.de\\\/luftverschmutzung-und-demenz\\\/#breadcrumb\"},\"inLanguage\":\"en-US\",\"potentialAction\":[{\"@type\":\"ReadAction\",\"target\":[\"https:\\\/\\\/digidem-bayern.de\\\/luftverschmutzung-und-demenz\\\/\"]}]},{\"@type\":\"ImageObject\",\"inLanguage\":\"en-US\",\"@id\":\"https:\\\/\\\/digidem-bayern.de\\\/luftverschmutzung-und-demenz\\\/#primaryimage\",\"url\":\"https:\\\/\\\/digidem-bayern.de\\\/wp-content\\\/uploads\\\/2020\\\/04\\\/traffic-143391_1280.jpg\",\"contentUrl\":\"https:\\\/\\\/digidem-bayern.de\\\/wp-content\\\/uploads\\\/2020\\\/04\\\/traffic-143391_1280.jpg\",\"width\":1280,\"height\":853,\"caption\":\"Stau auf einer Autobahn\"},{\"@type\":\"BreadcrumbList\",\"@id\":\"https:\\\/\\\/digidem-bayern.de\\\/luftverschmutzung-und-demenz\\\/#breadcrumb\",\"itemListElement\":[{\"@type\":\"ListItem\",\"position\":1,\"name\":\"Startseite\",\"item\":\"https:\\\/\\\/digidem-bayern.de\\\/\"},{\"@type\":\"ListItem\",\"position\":2,\"name\":\"Luftverschmutzung und Demenz\"}]},{\"@type\":\"WebSite\",\"@id\":\"\\\/#website\",\"url\":\"\\\/\",\"name\":\"digiDEM Bayern\",\"description\":\"Das digitale Demenzregister Bayern erforscht und verbessert die Angebotsstuktur f\u00fcr Menschen mit Demenz und deren Angeh\u00f6rige\",\"publisher\":{\"@id\":\"\\\/#organization\"},\"potentialAction\":[{\"@type\":\"SearchAction\",\"target\":{\"@type\":\"EntryPoint\",\"urlTemplate\":\"\\\/?s={search_term_string}\"},\"query-input\":{\"@type\":\"PropertyValueSpecification\",\"valueRequired\":true,\"valueName\":\"search_term_string\"}}],\"inLanguage\":\"en-US\"},{\"@type\":\"Organization\",\"@id\":\"\\\/#organization\",\"name\":\"digiDEM Bayern\",\"url\":\"\\\/\",\"logo\":{\"@type\":\"ImageObject\",\"inLanguage\":\"en-US\",\"@id\":\"\\\/#\\\/schema\\\/logo\\\/image\\\/\",\"url\":\"https:\\\/\\\/digidem-bayern.de\\\/wp-content\\\/uploads\\\/2022\\\/03\\\/cropped-Allgemeines_digiDEMLOGO-removebg-preview.png\",\"contentUrl\":\"https:\\\/\\\/digidem-bayern.de\\\/wp-content\\\/uploads\\\/2022\\\/03\\\/cropped-Allgemeines_digiDEMLOGO-removebg-preview.png\",\"width\":612,\"height\":357,\"caption\":\"digiDEM Bayern\"},\"image\":{\"@id\":\"\\\/#\\\/schema\\\/logo\\\/image\\\/\"},\"sameAs\":[\"https:\\\/\\\/www.facebook.com\\\/digiDEMBayern\\\/\",\"https:\\\/\\\/x.com\\\/digidem_bayern\",\"https:\\\/\\\/www.instagram.com\\\/digidem.bayern\",\"https:\\\/\\\/www.linkedin.com\\\/company\\\/digidem-bayern\\\/\"]},{\"@type\":\"Person\",\"@id\":\"\\\/#\\\/schema\\\/person\\\/92754ad381f49b3c358d1d8d2c4f90b8\",\"name\":\"Michael Zeiler\",\"url\":\"https:\\\/\\\/digidem-bayern.de\\\/en\\\/author\\\/michael-zeiler\\\/\"}]}<\/script>\n<!-- \/ Yoast SEO plugin. -->","yoast_head_json":{"title":"Luftverschmutzung und Demenz - digiDEM Bayern","description":"Kann Luftverschmutzung das Demenz-Risiko steigern? Zwei aktuelle Studien aus Kanada und Taiwan haben diese Frage untersucht.","robots":{"index":"index","follow":"follow","max-snippet":"max-snippet:-1","max-image-preview":"max-image-preview:large","max-video-preview":"max-video-preview:-1"},"canonical":"https:\/\/digidem-bayern.de\/en\/luftverschmutzung-und-demenz\/","og_locale":"en_US","og_type":"article","og_title":"Luftverschmutzung und Demenz - digiDEM Bayern","og_description":"Kann Luftverschmutzung das Demenz-Risiko steigern? Zwei aktuelle Studien aus Kanada und Taiwan haben diese Frage untersucht.","og_url":"https:\/\/digidem-bayern.de\/en\/luftverschmutzung-und-demenz\/","og_site_name":"digiDEM Bayern","article_publisher":"https:\/\/www.facebook.com\/digiDEMBayern\/","article_published_time":"2020-04-16T07:00:04+00:00","article_modified_time":"2020-04-16T09:37:26+00:00","og_image":[{"width":1280,"height":853,"url":"https:\/\/digidem-bayern.de\/wp-content\/uploads\/2020\/04\/traffic-143391_1280.jpg","type":"image\/jpeg"}],"author":"Michael Zeiler","twitter_misc":{"Written by":"Michael Zeiler","Est. reading time":"2 minutes"},"schema":{"@context":"https:\/\/schema.org","@graph":[{"@type":"Article","@id":"https:\/\/digidem-bayern.de\/luftverschmutzung-und-demenz\/#article","isPartOf":{"@id":"https:\/\/digidem-bayern.de\/luftverschmutzung-und-demenz\/"},"author":{"name":"Michael Zeiler","@id":"\/#\/schema\/person\/92754ad381f49b3c358d1d8d2c4f90b8"},"headline":"Luftverschmutzung und Demenz","datePublished":"2020-04-16T07:00:04+00:00","dateModified":"2020-04-16T09:37:26+00:00","mainEntityOfPage":{"@id":"https:\/\/digidem-bayern.de\/luftverschmutzung-und-demenz\/"},"wordCount":414,"publisher":{"@id":"\/#organization"},"image":{"@id":"https:\/\/digidem-bayern.de\/luftverschmutzung-und-demenz\/#primaryimage"},"thumbnailUrl":"https:\/\/digidem-bayern.de\/wp-content\/uploads\/2020\/04\/traffic-143391_1280.jpg","keywords":["Alzheimer","Demenz.","digidem","digidem Bayern","Digitales Demenzregister Bayern","Feinstaub","Luftverschmutzung","Umwelt"],"articleSection":["Wissenschaft &amp; Forschung"],"inLanguage":"en-US"},{"@type":"WebPage","@id":"https:\/\/digidem-bayern.de\/luftverschmutzung-und-demenz\/","url":"https:\/\/digidem-bayern.de\/luftverschmutzung-und-demenz\/","name":"Luftverschmutzung und Demenz - digiDEM Bayern","isPartOf":{"@id":"\/#website"},"primaryImageOfPage":{"@id":"https:\/\/digidem-bayern.de\/luftverschmutzung-und-demenz\/#primaryimage"},"image":{"@id":"https:\/\/digidem-bayern.de\/luftverschmutzung-und-demenz\/#primaryimage"},"thumbnailUrl":"https:\/\/digidem-bayern.de\/wp-content\/uploads\/2020\/04\/traffic-143391_1280.jpg","datePublished":"2020-04-16T07:00:04+00:00","dateModified":"2020-04-16T09:37:26+00:00","description":"Kann Luftverschmutzung das Demenz-Risiko steigern? Zwei aktuelle Studien aus Kanada und Taiwan haben diese Frage untersucht.","breadcrumb":{"@id":"https:\/\/digidem-bayern.de\/luftverschmutzung-und-demenz\/#breadcrumb"},"inLanguage":"en-US","potentialAction":[{"@type":"ReadAction","target":["https:\/\/digidem-bayern.de\/luftverschmutzung-und-demenz\/"]}]},{"@type":"ImageObject","inLanguage":"en-US","@id":"https:\/\/digidem-bayern.de\/luftverschmutzung-und-demenz\/#primaryimage","url":"https:\/\/digidem-bayern.de\/wp-content\/uploads\/2020\/04\/traffic-143391_1280.jpg","contentUrl":"https:\/\/digidem-bayern.de\/wp-content\/uploads\/2020\/04\/traffic-143391_1280.jpg","width":1280,"height":853,"caption":"Stau auf einer Autobahn"},{"@type":"BreadcrumbList","@id":"https:\/\/digidem-bayern.de\/luftverschmutzung-und-demenz\/#breadcrumb","itemListElement":[{"@type":"ListItem","position":1,"name":"Startseite","item":"https:\/\/digidem-bayern.de\/"},{"@type":"ListItem","position":2,"name":"Luftverschmutzung und Demenz"}]},{"@type":"WebSite","@id":"\/#website","url":"\/","name":"digiDEM Bavaria","description":"The digital dementia register in Bavaria researches and improves the structure of services for people with dementia and their relatives","publisher":{"@id":"\/#organization"},"potentialAction":[{"@type":"SearchAction","target":{"@type":"EntryPoint","urlTemplate":"\/?s={search_term_string}"},"query-input":{"@type":"PropertyValueSpecification","valueRequired":true,"valueName":"search_term_string"}}],"inLanguage":"en-US"},{"@type":"Organization","@id":"\/#organization","name":"digiDEM Bavaria","url":"\/","logo":{"@type":"ImageObject","inLanguage":"en-US","@id":"\/#\/schema\/logo\/image\/","url":"https:\/\/digidem-bayern.de\/wp-content\/uploads\/2022\/03\/cropped-Allgemeines_digiDEMLOGO-removebg-preview.png","contentUrl":"https:\/\/digidem-bayern.de\/wp-content\/uploads\/2022\/03\/cropped-Allgemeines_digiDEMLOGO-removebg-preview.png","width":612,"height":357,"caption":"digiDEM Bayern"},"image":{"@id":"\/#\/schema\/logo\/image\/"},"sameAs":["https:\/\/www.facebook.com\/digiDEMBayern\/","https:\/\/x.com\/digidem_bayern","https:\/\/www.instagram.com\/digidem.bayern","https:\/\/www.linkedin.com\/company\/digidem-bayern\/"]},{"@type":"Person","@id":"\/#\/schema\/person\/92754ad381f49b3c358d1d8d2c4f90b8","name":"Michael Zeiler","url":"https:\/\/digidem-bayern.de\/en\/author\/michael-zeiler\/"}]}},"uagb_featured_image_src":{"full":["https:\/\/digidem-bayern.de\/wp-content\/uploads\/2020\/04\/traffic-143391_1280.jpg",1280,853,false],"thumbnail":["https:\/\/digidem-bayern.de\/wp-content\/uploads\/2020\/04\/traffic-143391_1280-80x80.jpg",80,80,true],"medium":["https:\/\/digidem-bayern.de\/wp-content\/uploads\/2020\/04\/traffic-143391_1280-300x200.jpg",300,200,true],"medium_large":["https:\/\/digidem-bayern.de\/wp-content\/uploads\/2020\/04\/traffic-143391_1280-768x512.jpg",768,512,true],"large":["https:\/\/digidem-bayern.de\/wp-content\/uploads\/2020\/04\/traffic-143391_1280-1030x686.jpg",1030,686,true],"1536x1536":["https:\/\/digidem-bayern.de\/wp-content\/uploads\/2020\/04\/traffic-143391_1280.jpg",1280,853,false],"2048x2048":["https:\/\/digidem-bayern.de\/wp-content\/uploads\/2020\/04\/traffic-143391_1280.jpg",1280,853,false],"trp-custom-language-flag":["https:\/\/digidem-bayern.de\/wp-content\/uploads\/2020\/04\/traffic-143391_1280.jpg",18,12,false],"qubely_landscape":["https:\/\/digidem-bayern.de\/wp-content\/uploads\/2020\/04\/traffic-143391_1280-1200x750.jpg",1200,750,true],"qubely_portrait":["https:\/\/digidem-bayern.de\/wp-content\/uploads\/2020\/04\/traffic-143391_1280-540x320.jpg",540,320,true],"qubely_thumbnail":["https:\/\/digidem-bayern.de\/wp-content\/uploads\/2020\/04\/traffic-143391_1280-140x100.jpg",140,100,true],"post-thumbnail":["https:\/\/digidem-bayern.de\/wp-content\/uploads\/2020\/04\/traffic-143391_1280-495x330.jpg",495,330,true],"kahuna-featured":["https:\/\/digidem-bayern.de\/wp-content\/uploads\/2020\/04\/traffic-143391_1280-495x350.jpg",495,350,true],"kahuna-featured-lp":["https:\/\/digidem-bayern.de\/wp-content\/uploads\/2020\/04\/traffic-143391_1280-460x350.jpg",460,350,true],"kahuna-featured-half":["https:\/\/digidem-bayern.de\/wp-content\/uploads\/2020\/04\/traffic-143391_1280-800x350.jpg",800,350,true],"kahuna-featured-third":["https:\/\/digidem-bayern.de\/wp-content\/uploads\/2020\/04\/traffic-143391_1280-512x350.jpg",512,350,true],"kahuna-lpbox-1":["https:\/\/digidem-bayern.de\/wp-content\/uploads\/2020\/04\/traffic-143391_1280-460x350.jpg",394,300,true],"kahuna-lpbox-2":["https:\/\/digidem-bayern.de\/wp-content\/uploads\/2020\/04\/traffic-143391_1280-460x350.jpg",460,350,true],"demand-language-flag":["https:\/\/digidem-bayern.de\/wp-content\/uploads\/2020\/04\/traffic-143391_1280.jpg",36,24,false],"dddkt-language-flag":["https:\/\/digidem-bayern.de\/wp-content\/uploads\/2020\/04\/traffic-143391_1280.jpg",36,24,false],"ddiqc-language-flag":["https:\/\/digidem-bayern.de\/wp-content\/uploads\/2020\/04\/traffic-143391_1280.jpg",36,24,false],"ddtl-language-flag":["https:\/\/digidem-bayern.de\/wp-content\/uploads\/2020\/04\/traffic-143391_1280.jpg",36,24,false],"mailpoet_newsletter_max":["https:\/\/digidem-bayern.de\/wp-content\/uploads\/2020\/04\/traffic-143391_1280.jpg",1280,853,false],"kahuna-lpbox-3":["https:\/\/digidem-bayern.de\/wp-content\/uploads\/2020\/04\/traffic-143391_1280-460x350.jpg",460,350,true],"kahuna-featured-square":["https:\/\/digidem-bayern.de\/wp-content\/uploads\/2020\/04\/traffic-143391_1280-512x512.jpg",512,512,true],"kahuna-featured-square-large":["https:\/\/digidem-bayern.de\/wp-content\/uploads\/2020\/04\/traffic-143391_1280-1024x853.jpg",1024,853,true]},"uagb_author_info":{"display_name":"Michael Zeiler","author_link":"https:\/\/digidem-bayern.de\/en\/author\/michael-zeiler\/"},"uagb_comment_info":0,"uagb_excerpt":"Kann Luftverschmutzung das Demenz-Risiko steigern? In fr\u00fcheren Untersuchungen wurde ein entsprechender Zusammenhang bereits hergestellt. Zwei aktuelle Studien aus Kanada und Taiwan erg\u00e4nzen die Erkenntnisse. &nbsp; Wenn Menschen \u00fcber einen langen Zeitraum sch\u00e4dlichen Emissionen ausgesetzt sind, steigert das ihr Risiko eine Demenz zu entwickeln? Das wollten Han-Wei Zhang und Kolleg*innen herausfinden. &hellip;","_links":{"self":[{"href":"https:\/\/digidem-bayern.de\/en\/wp-json\/wp\/v2\/posts\/4836","targetHints":{"allow":["GET"]}}],"collection":[{"href":"https:\/\/digidem-bayern.de\/en\/wp-json\/wp\/v2\/posts"}],"about":[{"href":"https:\/\/digidem-bayern.de\/en\/wp-json\/wp\/v2\/types\/post"}],"author":[{"embeddable":true,"href":"https:\/\/digidem-bayern.de\/en\/wp-json\/wp\/v2\/users\/11"}],"replies":[{"embeddable":true,"href":"https:\/\/digidem-bayern.de\/en\/wp-json\/wp\/v2\/comments?post=4836"}],"version-history":[{"count":0,"href":"https:\/\/digidem-bayern.de\/en\/wp-json\/wp\/v2\/posts\/4836\/revisions"}],"wp:featuredmedia":[{"embeddable":true,"href":"https:\/\/digidem-bayern.de\/en\/wp-json\/wp\/v2\/media\/4841"}],"wp:attachment":[{"href":"https:\/\/digidem-bayern.de\/en\/wp-json\/wp\/v2\/media?parent=4836"}],"wp:term":[{"taxonomy":"category","embeddable":true,"href":"https:\/\/digidem-bayern.de\/en\/wp-json\/wp\/v2\/categories?post=4836"},{"taxonomy":"post_tag","embeddable":true,"href":"https:\/\/digidem-bayern.de\/en\/wp-json\/wp\/v2\/tags?post=4836"}],"curies":[{"name":"wp","href":"https:\/\/api.w.org\/{rel}","templated":true}]}}