{"id":48231,"date":"2026-02-25T17:14:00","date_gmt":"2026-02-25T16:14:00","guid":{"rendered":"https:\/\/digidem-bayern.de\/?p=48231"},"modified":"2026-02-25T17:14:01","modified_gmt":"2026-02-25T16:14:01","slug":"scham-wut-und-hilflosigkeit-angehoerige-im-umgang-mit-sexuell-unangemessenem-verhalten-bei-demenz","status":"publish","type":"post","link":"https:\/\/digidem-bayern.de\/en\/scham-wut-und-hilflosigkeit-angehoerige-im-umgang-mit-sexuell-unangemessenem-verhalten-bei-demenz\/","title":{"rendered":"Scham, Wut und Hilflosigkeit \u2013 Angeh\u00f6rige im Umgang mit sexuell unangemessenem Verhalten bei Demenz"},"content":{"rendered":"<p><strong><strong><strong><strong><strong><strong><strong><strong><strong><strong><strong><strong><strong><strong><strong><strong><strong><strong><strong><strong><strong><strong><strong><strong><strong><strong><strong><strong><strong><strong><strong><strong><strong><strong><strong><strong><strong><strong><strong><strong><strong><strong><strong><strong>Sexuell unangemessene Verhaltensweisen geh\u00f6ren zu den herausforderndsten Begleiterscheinungen einer Demenzerkrankung, werden im Pflegealltag jedoch h\u00e4ufig als Tabuthema erlebt. Eine aktuelle internationale \u00dcbersichtsarbeit hat nun systematisch untersucht, wie pflegende Angeh\u00f6rige diese Situationen erleben und welche Auswirkungen sie auf Alltag, Beziehung und Pflege haben.<\/strong><\/strong><\/strong><\/strong><\/strong><\/strong><\/strong><\/strong><\/strong><\/strong><\/strong><\/strong><\/strong><\/strong><\/strong><\/strong><\/strong><\/strong><\/strong><\/strong><\/strong><\/strong><\/strong><\/strong><\/strong><\/strong><\/strong><\/strong><\/strong><\/strong><\/strong><\/strong><\/strong><\/strong><\/strong><\/strong><\/strong><\/strong><\/strong><\/strong><\/strong><\/strong><\/strong><\/strong><\/p>\n\n\n\n<p>Sexuell unangemessene Verhaltensweisen bei Demenz umfassen unter anderem anz\u00fcgliche Bemerkungen, unangemessene sexuelle Forderungen, Entkleiden von sich selbst oder anderen sowie unerw\u00fcnschtes Ber\u00fchren. Die im Jahr 2026 ver\u00f6ffentlichte \u00dcbersichtsarbeit wertete 15 Studien aus acht L\u00e4ndern aus und fasste zusammen, wie sich dieses Verhalten auf pflegende An- und Zugeh\u00f6rige auswirkt.<\/p>\n\n\n<div class=\"wp-block-image\">\n<figure class=\"alignright size-full is-resized\"><img loading=\"lazy\" decoding=\"async\" width=\"1600\" height=\"1067\" src=\"https:\/\/digidem-bayern.de\/wp-content\/uploads\/2026\/02\/Scham-Wut-Hilflosigkeit_sexuell-unangemessenes-Verhalten.jpg\" alt=\"\" class=\"wp-image-48196\" style=\"width:572px;height:auto\" srcset=\"https:\/\/digidem-bayern.de\/wp-content\/uploads\/2026\/02\/Scham-Wut-Hilflosigkeit_sexuell-unangemessenes-Verhalten.jpg 1600w, https:\/\/digidem-bayern.de\/wp-content\/uploads\/2026\/02\/Scham-Wut-Hilflosigkeit_sexuell-unangemessenes-Verhalten-300x200.jpg 300w, https:\/\/digidem-bayern.de\/wp-content\/uploads\/2026\/02\/Scham-Wut-Hilflosigkeit_sexuell-unangemessenes-Verhalten-1030x687.jpg 1030w, https:\/\/digidem-bayern.de\/wp-content\/uploads\/2026\/02\/Scham-Wut-Hilflosigkeit_sexuell-unangemessenes-Verhalten-768x512.jpg 768w, https:\/\/digidem-bayern.de\/wp-content\/uploads\/2026\/02\/Scham-Wut-Hilflosigkeit_sexuell-unangemessenes-Verhalten-1536x1025.jpg 1536w, https:\/\/digidem-bayern.de\/wp-content\/uploads\/2026\/02\/Scham-Wut-Hilflosigkeit_sexuell-unangemessenes-Verhalten-2048x1366.jpg 2048w, https:\/\/digidem-bayern.de\/wp-content\/uploads\/2026\/02\/Scham-Wut-Hilflosigkeit_sexuell-unangemessenes-Verhalten-525x350.jpg 525w, https:\/\/digidem-bayern.de\/wp-content\/uploads\/2026\/02\/Scham-Wut-Hilflosigkeit_sexuell-unangemessenes-Verhalten-1320x880.jpg 1320w\" sizes=\"auto, (max-width: 1600px) 100vw, 1600px\" \/><figcaption class=\"wp-element-caption\">Foto: Shutterstock<\/figcaption><\/figure>\n<\/div>\n\n\n<p><strong><strong><strong><strong><strong><strong><strong><strong>Emotionale Belastungen und psychische Folgen<\/strong><\/strong><\/strong><\/strong><\/strong><\/strong><\/strong><\/strong><\/p>\n\n\n\n<p>Die Ergebnisse zeigen, dass sexuelle unangemessene Verhaltensweisen f\u00fcr viele An- und Zugeh\u00f6rige mit erheblichen emotionalen und psychischen Belastungen verbunden sind. H\u00e4ufig erleben diese eine komplexe Bandbreite an Emotionen, die von Scham \u00fcber Hilflosigkeit bis hin zu \u00c4rger und Wut reicht. Hinzu kommen psychologische Folgen wie eine verminderte Selbstwirksamkeit, Angstzust\u00e4nde und depressive Symptome.<\/p>\n\n\n\n<p>Sexuell unangemessenes Verhalten kann zudem zu einer erh\u00f6hten Pflegebelastung f\u00fchren. Au\u00dferdem berichten die pflegenden An- und Zugeh\u00f6rigen von konkreten praktischen Herausforderungen im Pflegealltag, etwa im Umgang mit Sicherheit- und Privatsph\u00e4re oder bei der Organisation geeigneter Unterst\u00fctzungsangebote. Dar\u00fcber hinaus kann sich die Frage nach einer station\u00e4ren Versorgung zuspitzen. F\u00fcr viele An- und Zugeh\u00f6rige entsteht dabei ein innerer Konflikt zwischen dem Wunsch nach Entlastung und dem Anspruch, die Betreuung weiterhin im famili\u00e4ren Umfeld sicherzustellen.<\/p>\n\n\n\n<p><strong><strong><strong><strong><strong><strong><strong><strong><strong>Auswirkungen auf Beziehungen und soziale Teilhabe<\/strong><\/strong><\/strong><\/strong><\/strong><\/strong><\/strong><\/strong><\/strong><\/p>\n\n\n\n<p>Besonders betroffen sind h\u00e4ufig die Ehe- und Lebenspartnerinnen und -partner. Im Verlauf der Erkrankung k\u00f6nnen sich N\u00e4he, Intimit\u00e4t und Rollenverst\u00e4ndnis in der Beziehung grundlegend ver\u00e4ndern. Sexualit\u00e4t wird teilweise als \u00fcberfordernd oder entw\u00fcrdigend erlebt, was emotionale Distanz und Beziehungskonflikten beg\u00fcnstigen kann.<\/p>\n\n\n\n<p>Ein weiteres zentrales Problem ist die zunehmende soziale Isolation. Viele An- und Zugeh\u00f6rige ziehen sich zur\u00fcck, weil sie sich f\u00fcr das Verhalten der nahestehenden Person sch\u00e4men oder gesellschaftliche Stigmatisierung bef\u00fcrchten.<\/p>\n\n\n\n<p>Die Autorinnen und Autoren empfehlen, sexuell unangemessenes Verhalten bei Demenz k\u00fcnftig gezielter zu erforschen. Ziel ist es, auf dieser Grundlage passgenaue Unterst\u00fctzungsangebote zu entwickeln, Fachkr\u00e4fte entsprechend zu schulen und An- und Zugeh\u00f6rigen einen Zugang zu Hilfe und Entlastung frei von Stigmatisierung zu erm\u00f6glichen.<\/p>\n\n\n\n<p><strong>Tipp f\u00fcr die Praxis<\/strong>: Sprechen Sie sexuelle Verhaltens\u00e4nderungen bei Demenz offen an und holen Sie sich fr\u00fchzeitig fachliche Unterst\u00fctzung. Eine qualifizierte Beratung kann helfen, \u00dcberforderung zu reduzieren und Isolation zu verhindern.<\/p>\n\n\n\n<p>Hier geht&#8217;s zur Studie:<\/p>\n\n\n\n<p><a href=\"https:\/\/doi.org\/10.1177\/15333175261418909\" target=\"_blank\" rel=\"noreferrer noopener\">The Impact of Inappropriate Sexual Behaviors in People With Dementia on Family Caregivers: A Scoping Review<\/a><\/p>\n\n\n\n<p><\/p>\n\n\n\n<p><\/p>\n\n\n\n<p><\/p>\n\n\n\n<p><\/p>\n\n\n\n<p><\/p>\n\n\n\n<p><\/p>\n\n\n\n<div style=\"height:0px\" aria-hidden=\"true\" class=\"wp-block-spacer\"><\/div>\n\n\n\n<p><\/p>","protected":false},"excerpt":{"rendered":"<p>Sexuell unangemessene Verhaltensweisen geh\u00f6ren zu den herausforderndsten Begleiterscheinungen einer Demenzerkrankung, werden im Pflegealltag jedoch h\u00e4ufig als Tabuthema erlebt. Eine aktuelle internationale \u00dcbersichtsarbeit hat nun systematisch untersucht, wie pflegende Angeh\u00f6rige diese Situationen erleben und welche Auswirkungen sie auf Alltag, Beziehung und Pflege haben. Sexuell unangemessene Verhaltensweisen bei Demenz umfassen unter anderem &hellip;<\/p>","protected":false},"author":7,"featured_media":48196,"comment_status":"open","ping_status":"closed","sticky":false,"template":"","format":"standard","meta":{"qubely_global_settings":"","qubely_interactions":"","_uag_custom_page_level_css":"","footnotes":""},"categories":[8,5],"tags":[14,1868,161,1870,1871,1869],"class_list":["post-48231","post","type-post","status-publish","format-standard","has-post-thumbnail","hentry","category-aktuelles-zu-digidem","category-wissenschaft-forschung","tag-digidem","tag-scham","tag-sexualitaet","tag-sexuell-unangemessenes-verhalten","tag-tabu","tag-wut"],"qubely_featured_image_url":{"full":["https:\/\/digidem-bayern.de\/wp-content\/uploads\/2026\/02\/Scham-Wut-Hilflosigkeit_sexuell-unangemessenes-Verhalten.jpg",1600,1067,false],"landscape":["https:\/\/digidem-bayern.de\/wp-content\/uploads\/2026\/02\/Scham-Wut-Hilflosigkeit_sexuell-unangemessenes-Verhalten-1200x750.jpg",1200,750,true],"portraits":["https:\/\/digidem-bayern.de\/wp-content\/uploads\/2026\/02\/Scham-Wut-Hilflosigkeit_sexuell-unangemessenes-Verhalten-540x320.jpg",540,320,true],"thumbnail":["https:\/\/digidem-bayern.de\/wp-content\/uploads\/2026\/02\/Scham-Wut-Hilflosigkeit_sexuell-unangemessenes-Verhalten-80x80.jpg",80,80,true],"medium":["https:\/\/digidem-bayern.de\/wp-content\/uploads\/2026\/02\/Scham-Wut-Hilflosigkeit_sexuell-unangemessenes-Verhalten-300x200.jpg",300,200,true],"medium_large":["https:\/\/digidem-bayern.de\/wp-content\/uploads\/2026\/02\/Scham-Wut-Hilflosigkeit_sexuell-unangemessenes-Verhalten-768x512.jpg",768,512,true],"large":["https:\/\/digidem-bayern.de\/wp-content\/uploads\/2026\/02\/Scham-Wut-Hilflosigkeit_sexuell-unangemessenes-Verhalten-1030x687.jpg",1030,687,true],"1536x1536":["https:\/\/digidem-bayern.de\/wp-content\/uploads\/2026\/02\/Scham-Wut-Hilflosigkeit_sexuell-unangemessenes-Verhalten-1536x1025.jpg",1536,1025,true],"2048x2048":["https:\/\/digidem-bayern.de\/wp-content\/uploads\/2026\/02\/Scham-Wut-Hilflosigkeit_sexuell-unangemessenes-Verhalten-2048x1366.jpg",2048,1366,true],"trp-custom-language-flag":["https:\/\/digidem-bayern.de\/wp-content\/uploads\/2026\/02\/Scham-Wut-Hilflosigkeit_sexuell-unangemessenes-Verhalten.jpg",18,12,false],"qubely_landscape":["https:\/\/digidem-bayern.de\/wp-content\/uploads\/2026\/02\/Scham-Wut-Hilflosigkeit_sexuell-unangemessenes-Verhalten-1200x750.jpg",1200,750,true],"qubely_portrait":["https:\/\/digidem-bayern.de\/wp-content\/uploads\/2026\/02\/Scham-Wut-Hilflosigkeit_sexuell-unangemessenes-Verhalten-540x320.jpg",540,320,true],"qubely_thumbnail":["https:\/\/digidem-bayern.de\/wp-content\/uploads\/2026\/02\/Scham-Wut-Hilflosigkeit_sexuell-unangemessenes-Verhalten-140x100.jpg",140,100,true],"post-thumbnail":["https:\/\/digidem-bayern.de\/wp-content\/uploads\/2026\/02\/Scham-Wut-Hilflosigkeit_sexuell-unangemessenes-Verhalten-525x350.jpg",525,350,true],"kahuna-featured":["https:\/\/digidem-bayern.de\/wp-content\/uploads\/2026\/02\/Scham-Wut-Hilflosigkeit_sexuell-unangemessenes-Verhalten-734x350.jpg",734,350,true],"kahuna-featured-lp":["https:\/\/digidem-bayern.de\/wp-content\/uploads\/2026\/02\/Scham-Wut-Hilflosigkeit_sexuell-unangemessenes-Verhalten-520x350.jpg",520,350,true],"kahuna-featured-half":["https:\/\/digidem-bayern.de\/wp-content\/uploads\/2026\/02\/Scham-Wut-Hilflosigkeit_sexuell-unangemessenes-Verhalten-800x350.jpg",800,350,true],"kahuna-featured-third":["https:\/\/digidem-bayern.de\/wp-content\/uploads\/2026\/02\/Scham-Wut-Hilflosigkeit_sexuell-unangemessenes-Verhalten-512x350.jpg",512,350,true],"kahuna-lpbox-1":["https:\/\/digidem-bayern.de\/wp-content\/uploads\/2026\/02\/Scham-Wut-Hilflosigkeit_sexuell-unangemessenes-Verhalten-520x300.jpg",520,300,true],"kahuna-lpbox-2":["https:\/\/digidem-bayern.de\/wp-content\/uploads\/2026\/02\/Scham-Wut-Hilflosigkeit_sexuell-unangemessenes-Verhalten-520x350.jpg",520,350,true],"demand-language-flag":["https:\/\/digidem-bayern.de\/wp-content\/uploads\/2026\/02\/Scham-Wut-Hilflosigkeit_sexuell-unangemessenes-Verhalten-36x36.jpg",36,36,true],"dddkt-language-flag":["https:\/\/digidem-bayern.de\/wp-content\/uploads\/2026\/02\/Scham-Wut-Hilflosigkeit_sexuell-unangemessenes-Verhalten-36x36.jpg",36,36,true],"ddiqc-language-flag":["https:\/\/digidem-bayern.de\/wp-content\/uploads\/2026\/02\/Scham-Wut-Hilflosigkeit_sexuell-unangemessenes-Verhalten-36x36.jpg",36,36,true],"ddtl-language-flag":["https:\/\/digidem-bayern.de\/wp-content\/uploads\/2026\/02\/Scham-Wut-Hilflosigkeit_sexuell-unangemessenes-Verhalten-36x36.jpg",36,36,true],"mailpoet_newsletter_max":["https:\/\/digidem-bayern.de\/wp-content\/uploads\/2026\/02\/Scham-Wut-Hilflosigkeit_sexuell-unangemessenes-Verhalten-1320x880.jpg",1320,880,true],"kahuna-lpbox-3":["https:\/\/digidem-bayern.de\/wp-content\/uploads\/2026\/02\/Scham-Wut-Hilflosigkeit_sexuell-unangemessenes-Verhalten-520x350.jpg",520,350,true],"kahuna-featured-square":["https:\/\/digidem-bayern.de\/wp-content\/uploads\/2026\/02\/Scham-Wut-Hilflosigkeit_sexuell-unangemessenes-Verhalten-512x512.jpg",512,512,true],"kahuna-featured-square-large":["https:\/\/digidem-bayern.de\/wp-content\/uploads\/2026\/02\/Scham-Wut-Hilflosigkeit_sexuell-unangemessenes-Verhalten-1024x1024.jpg",1024,1024,true]},"qubely_author":{"display_name":"Anne Keefer","author_link":"https:\/\/digidem-bayern.de\/en\/author\/ag-webinar\/"},"qubely_comment":6,"qubely_category":"<a href=\"https:\/\/digidem-bayern.de\/en\/category\/aktuelles-zu-digidem\/\" rel=\"category tag\">Aktuelles zu digiDEM<\/a> <a href=\"https:\/\/digidem-bayern.de\/en\/category\/wissenschaft-forschung\/\" rel=\"category tag\">Wissenschaft &amp; Forschung<\/a>","qubely_excerpt":"Sexuell unangemessene Verhaltensweisen geh\u00f6ren zu den herausforderndsten Begleiterscheinungen einer Demenzerkrankung, werden im Pflegealltag jedoch h\u00e4ufig als Tabuthema erlebt. Eine aktuelle internationale \u00dcbersichtsarbeit hat nun systematisch untersucht, wie pflegende Angeh\u00f6rige diese Situationen erleben und welche Auswirkungen sie auf Alltag, Beziehung und Pflege haben. Sexuell unangemessene Verhaltensweisen bei Demenz umfassen unter anderem &hellip;","featured_image_urls_v2":{"full":["https:\/\/digidem-bayern.de\/wp-content\/uploads\/2026\/02\/Scham-Wut-Hilflosigkeit_sexuell-unangemessenes-Verhalten.jpg",1600,1067,false],"thumbnail":["https:\/\/digidem-bayern.de\/wp-content\/uploads\/2026\/02\/Scham-Wut-Hilflosigkeit_sexuell-unangemessenes-Verhalten-80x80.jpg",80,80,true],"medium":["https:\/\/digidem-bayern.de\/wp-content\/uploads\/2026\/02\/Scham-Wut-Hilflosigkeit_sexuell-unangemessenes-Verhalten-300x200.jpg",300,200,true],"medium_large":["https:\/\/digidem-bayern.de\/wp-content\/uploads\/2026\/02\/Scham-Wut-Hilflosigkeit_sexuell-unangemessenes-Verhalten-768x512.jpg",768,512,true],"large":["https:\/\/digidem-bayern.de\/wp-content\/uploads\/2026\/02\/Scham-Wut-Hilflosigkeit_sexuell-unangemessenes-Verhalten-1030x687.jpg",1030,687,true],"1536x1536":["https:\/\/digidem-bayern.de\/wp-content\/uploads\/2026\/02\/Scham-Wut-Hilflosigkeit_sexuell-unangemessenes-Verhalten-1536x1025.jpg",1536,1025,true],"2048x2048":["https:\/\/digidem-bayern.de\/wp-content\/uploads\/2026\/02\/Scham-Wut-Hilflosigkeit_sexuell-unangemessenes-Verhalten-2048x1366.jpg",2048,1366,true],"trp-custom-language-flag":["https:\/\/digidem-bayern.de\/wp-content\/uploads\/2026\/02\/Scham-Wut-Hilflosigkeit_sexuell-unangemessenes-Verhalten.jpg",18,12,false],"qubely_landscape":["https:\/\/digidem-bayern.de\/wp-content\/uploads\/2026\/02\/Scham-Wut-Hilflosigkeit_sexuell-unangemessenes-Verhalten-1200x750.jpg",1200,750,true],"qubely_portrait":["https:\/\/digidem-bayern.de\/wp-content\/uploads\/2026\/02\/Scham-Wut-Hilflosigkeit_sexuell-unangemessenes-Verhalten-540x320.jpg",540,320,true],"qubely_thumbnail":["https:\/\/digidem-bayern.de\/wp-content\/uploads\/2026\/02\/Scham-Wut-Hilflosigkeit_sexuell-unangemessenes-Verhalten-140x100.jpg",140,100,true],"post-thumbnail":["https:\/\/digidem-bayern.de\/wp-content\/uploads\/2026\/02\/Scham-Wut-Hilflosigkeit_sexuell-unangemessenes-Verhalten-525x350.jpg",525,350,true],"kahuna-featured":["https:\/\/digidem-bayern.de\/wp-content\/uploads\/2026\/02\/Scham-Wut-Hilflosigkeit_sexuell-unangemessenes-Verhalten-734x350.jpg",734,350,true],"kahuna-featured-lp":["https:\/\/digidem-bayern.de\/wp-content\/uploads\/2026\/02\/Scham-Wut-Hilflosigkeit_sexuell-unangemessenes-Verhalten-520x350.jpg",520,350,true],"kahuna-featured-half":["https:\/\/digidem-bayern.de\/wp-content\/uploads\/2026\/02\/Scham-Wut-Hilflosigkeit_sexuell-unangemessenes-Verhalten-800x350.jpg",800,350,true],"kahuna-featured-third":["https:\/\/digidem-bayern.de\/wp-content\/uploads\/2026\/02\/Scham-Wut-Hilflosigkeit_sexuell-unangemessenes-Verhalten-512x350.jpg",512,350,true],"kahuna-lpbox-1":["https:\/\/digidem-bayern.de\/wp-content\/uploads\/2026\/02\/Scham-Wut-Hilflosigkeit_sexuell-unangemessenes-Verhalten-520x300.jpg",520,300,true],"kahuna-lpbox-2":["https:\/\/digidem-bayern.de\/wp-content\/uploads\/2026\/02\/Scham-Wut-Hilflosigkeit_sexuell-unangemessenes-Verhalten-520x350.jpg",520,350,true],"demand-language-flag":["https:\/\/digidem-bayern.de\/wp-content\/uploads\/2026\/02\/Scham-Wut-Hilflosigkeit_sexuell-unangemessenes-Verhalten-36x36.jpg",36,36,true],"dddkt-language-flag":["https:\/\/digidem-bayern.de\/wp-content\/uploads\/2026\/02\/Scham-Wut-Hilflosigkeit_sexuell-unangemessenes-Verhalten-36x36.jpg",36,36,true],"ddiqc-language-flag":["https:\/\/digidem-bayern.de\/wp-content\/uploads\/2026\/02\/Scham-Wut-Hilflosigkeit_sexuell-unangemessenes-Verhalten-36x36.jpg",36,36,true],"ddtl-language-flag":["https:\/\/digidem-bayern.de\/wp-content\/uploads\/2026\/02\/Scham-Wut-Hilflosigkeit_sexuell-unangemessenes-Verhalten-36x36.jpg",36,36,true],"mailpoet_newsletter_max":["https:\/\/digidem-bayern.de\/wp-content\/uploads\/2026\/02\/Scham-Wut-Hilflosigkeit_sexuell-unangemessenes-Verhalten-1320x880.jpg",1320,880,true],"kahuna-lpbox-3":["https:\/\/digidem-bayern.de\/wp-content\/uploads\/2026\/02\/Scham-Wut-Hilflosigkeit_sexuell-unangemessenes-Verhalten-520x350.jpg",520,350,true],"kahuna-featured-square":["https:\/\/digidem-bayern.de\/wp-content\/uploads\/2026\/02\/Scham-Wut-Hilflosigkeit_sexuell-unangemessenes-Verhalten-512x512.jpg",512,512,true],"kahuna-featured-square-large":["https:\/\/digidem-bayern.de\/wp-content\/uploads\/2026\/02\/Scham-Wut-Hilflosigkeit_sexuell-unangemessenes-Verhalten-1024x1024.jpg",1024,1024,true]},"post_excerpt_stackable_v2":"<p>Sexuell unangemessene Verhaltensweisen geh\u00f6ren zu den herausforderndsten Begleiterscheinungen einer Demenzerkrankung, werden im Pflegealltag jedoch h\u00e4ufig als Tabuthema erlebt. Eine aktuelle internationale \u00dcbersichtsarbeit hat nun systematisch untersucht, wie pflegende Angeh\u00f6rige diese Situationen erleben und welche Auswirkungen sie auf Alltag, Beziehung und Pflege haben. Sexuell unangemessene Verhaltensweisen bei Demenz umfassen unter anderem anz\u00fcgliche Bemerkungen, unangemessene sexuelle Forderungen, Entkleiden von sich selbst oder anderen sowie unerw\u00fcnschtes Ber\u00fchren. Die im Jahr 2026 ver\u00f6ffentlichte \u00dcbersichtsarbeit wertete 15 Studien aus acht L\u00e4ndern aus und fasste zusammen, wie sich dieses Verhalten auf pflegende An- und Zugeh\u00f6rige auswirkt. Foto: Shutterstock Emotionale Belastungen und psychische Folgen Die Ergebnisse zeigen,&hellip;<\/p>\n","category_list_v2":"<a href=\"https:\/\/digidem-bayern.de\/en\/category\/aktuelles-zu-digidem\/\" rel=\"category tag\">Aktuelles zu digiDEM<\/a>, <a href=\"https:\/\/digidem-bayern.de\/en\/category\/wissenschaft-forschung\/\" rel=\"category tag\">Wissenschaft &amp; Forschung<\/a>","author_info_v2":{"name":"Anne Keefer","url":"https:\/\/digidem-bayern.de\/en\/author\/ag-webinar\/"},"comments_num_v2":"0 comments","yoast_head":"<!-- This site is optimized with the Yoast SEO plugin v27.4 - https:\/\/yoast.com\/product\/yoast-seo-wordpress\/ -->\n<title>Scham, Wut und Hilflosigkeit \u2013 Angeh\u00f6rige im Umgang mit sexuell unangemessenem Verhalten bei Demenz - digiDEM Bayern<\/title>\n<meta name=\"description\" content=\"Der Bayerische Landesapothekerkammer unterst\u00fctzt digiDEM Bayern mit Hilfe des Netzwerks &quot;Demenzfreundliche Apotheken&quot;.\" \/>\n<meta name=\"robots\" content=\"index, follow, max-snippet:-1, max-image-preview:large, max-video-preview:-1\" \/>\n<link rel=\"canonical\" href=\"https:\/\/digidem-bayern.de\/en\/scham-wut-und-hilflosigkeit-angehoerige-im-umgang-mit-sexuell-unangemessenem-verhalten-bei-demenz\/\" \/>\n<meta property=\"og:locale\" content=\"en_US\" \/>\n<meta property=\"og:type\" content=\"article\" \/>\n<meta property=\"og:title\" content=\"Scham, Wut und Hilflosigkeit \u2013 Angeh\u00f6rige im Umgang mit sexuell unangemessenem Verhalten bei Demenz - digiDEM Bayern\" \/>\n<meta property=\"og:description\" content=\"Der Bayerische Landesapothekerkammer unterst\u00fctzt digiDEM Bayern mit Hilfe des Netzwerks &quot;Demenzfreundliche Apotheken&quot;.\" \/>\n<meta property=\"og:url\" content=\"https:\/\/digidem-bayern.de\/en\/scham-wut-und-hilflosigkeit-angehoerige-im-umgang-mit-sexuell-unangemessenem-verhalten-bei-demenz\/\" \/>\n<meta property=\"og:site_name\" content=\"digiDEM Bayern\" \/>\n<meta property=\"article:publisher\" content=\"https:\/\/www.facebook.com\/digiDEMBayern\/\" \/>\n<meta property=\"article:published_time\" content=\"2026-02-25T16:14:00+00:00\" \/>\n<meta property=\"article:modified_time\" content=\"2026-02-25T16:14:01+00:00\" \/>\n<meta property=\"og:image\" content=\"https:\/\/digidem-bayern.de\/wp-content\/uploads\/2026\/02\/Scham-Wut-Hilflosigkeit_sexuell-unangemessenes-Verhalten-1030x687.jpg\" \/>\n\t<meta property=\"og:image:width\" content=\"1030\" \/>\n\t<meta property=\"og:image:height\" content=\"687\" \/>\n\t<meta property=\"og:image:type\" content=\"image\/jpeg\" \/>\n<meta name=\"author\" content=\"Anne Keefer\" \/>\n<meta name=\"twitter:label1\" content=\"Written by\" \/>\n\t<meta name=\"twitter:data1\" content=\"Anne Keefer\" \/>\n\t<meta name=\"twitter:label2\" content=\"Est. reading time\" \/>\n\t<meta name=\"twitter:data2\" content=\"2 minutes\" \/>\n<script type=\"application\/ld+json\" class=\"yoast-schema-graph\">{\"@context\":\"https:\\\/\\\/schema.org\",\"@graph\":[{\"@type\":\"Article\",\"@id\":\"https:\\\/\\\/digidem-bayern.de\\\/scham-wut-und-hilflosigkeit-angehoerige-im-umgang-mit-sexuell-unangemessenem-verhalten-bei-demenz\\\/#article\",\"isPartOf\":{\"@id\":\"https:\\\/\\\/digidem-bayern.de\\\/scham-wut-und-hilflosigkeit-angehoerige-im-umgang-mit-sexuell-unangemessenem-verhalten-bei-demenz\\\/\"},\"author\":{\"name\":\"Anne Keefer\",\"@id\":\"\\\/#\\\/schema\\\/person\\\/0e8781e0653d1a8e57ca55bd2c3cb01f\"},\"headline\":\"Scham, Wut und Hilflosigkeit \u2013 Angeh\u00f6rige im Umgang mit sexuell unangemessenem Verhalten bei Demenz\",\"datePublished\":\"2026-02-25T16:14:00+00:00\",\"dateModified\":\"2026-02-25T16:14:01+00:00\",\"mainEntityOfPage\":{\"@id\":\"https:\\\/\\\/digidem-bayern.de\\\/scham-wut-und-hilflosigkeit-angehoerige-im-umgang-mit-sexuell-unangemessenem-verhalten-bei-demenz\\\/\"},\"wordCount\":451,\"commentCount\":0,\"publisher\":{\"@id\":\"\\\/#organization\"},\"image\":{\"@id\":\"https:\\\/\\\/digidem-bayern.de\\\/scham-wut-und-hilflosigkeit-angehoerige-im-umgang-mit-sexuell-unangemessenem-verhalten-bei-demenz\\\/#primaryimage\"},\"thumbnailUrl\":\"https:\\\/\\\/digidem-bayern.de\\\/wp-content\\\/uploads\\\/2026\\\/02\\\/Scham-Wut-Hilflosigkeit_sexuell-unangemessenes-Verhalten.jpg\",\"keywords\":[\"digidem\",\"Scham\",\"Sexualit\u00e4t\",\"Sexuell unangemessenes Verhalten\",\"Tabu\",\"Wut\"],\"articleSection\":[\"Aktuelles zu digiDEM\",\"Wissenschaft &amp; Forschung\"],\"inLanguage\":\"en-US\",\"potentialAction\":[{\"@type\":\"CommentAction\",\"name\":\"Comment\",\"target\":[\"https:\\\/\\\/digidem-bayern.de\\\/scham-wut-und-hilflosigkeit-angehoerige-im-umgang-mit-sexuell-unangemessenem-verhalten-bei-demenz\\\/#respond\"]}]},{\"@type\":\"WebPage\",\"@id\":\"https:\\\/\\\/digidem-bayern.de\\\/scham-wut-und-hilflosigkeit-angehoerige-im-umgang-mit-sexuell-unangemessenem-verhalten-bei-demenz\\\/\",\"url\":\"https:\\\/\\\/digidem-bayern.de\\\/scham-wut-und-hilflosigkeit-angehoerige-im-umgang-mit-sexuell-unangemessenem-verhalten-bei-demenz\\\/\",\"name\":\"Scham, Wut und Hilflosigkeit \u2013 Angeh\u00f6rige im Umgang mit sexuell unangemessenem Verhalten bei Demenz - digiDEM Bayern\",\"isPartOf\":{\"@id\":\"\\\/#website\"},\"primaryImageOfPage\":{\"@id\":\"https:\\\/\\\/digidem-bayern.de\\\/scham-wut-und-hilflosigkeit-angehoerige-im-umgang-mit-sexuell-unangemessenem-verhalten-bei-demenz\\\/#primaryimage\"},\"image\":{\"@id\":\"https:\\\/\\\/digidem-bayern.de\\\/scham-wut-und-hilflosigkeit-angehoerige-im-umgang-mit-sexuell-unangemessenem-verhalten-bei-demenz\\\/#primaryimage\"},\"thumbnailUrl\":\"https:\\\/\\\/digidem-bayern.de\\\/wp-content\\\/uploads\\\/2026\\\/02\\\/Scham-Wut-Hilflosigkeit_sexuell-unangemessenes-Verhalten.jpg\",\"datePublished\":\"2026-02-25T16:14:00+00:00\",\"dateModified\":\"2026-02-25T16:14:01+00:00\",\"description\":\"Der Bayerische Landesapothekerkammer unterst\u00fctzt digiDEM Bayern mit Hilfe des Netzwerks \\\"Demenzfreundliche Apotheken\\\".\",\"breadcrumb\":{\"@id\":\"https:\\\/\\\/digidem-bayern.de\\\/scham-wut-und-hilflosigkeit-angehoerige-im-umgang-mit-sexuell-unangemessenem-verhalten-bei-demenz\\\/#breadcrumb\"},\"inLanguage\":\"en-US\",\"potentialAction\":[{\"@type\":\"ReadAction\",\"target\":[\"https:\\\/\\\/digidem-bayern.de\\\/scham-wut-und-hilflosigkeit-angehoerige-im-umgang-mit-sexuell-unangemessenem-verhalten-bei-demenz\\\/\"]}]},{\"@type\":\"ImageObject\",\"inLanguage\":\"en-US\",\"@id\":\"https:\\\/\\\/digidem-bayern.de\\\/scham-wut-und-hilflosigkeit-angehoerige-im-umgang-mit-sexuell-unangemessenem-verhalten-bei-demenz\\\/#primaryimage\",\"url\":\"https:\\\/\\\/digidem-bayern.de\\\/wp-content\\\/uploads\\\/2026\\\/02\\\/Scham-Wut-Hilflosigkeit_sexuell-unangemessenes-Verhalten.jpg\",\"contentUrl\":\"https:\\\/\\\/digidem-bayern.de\\\/wp-content\\\/uploads\\\/2026\\\/02\\\/Scham-Wut-Hilflosigkeit_sexuell-unangemessenes-Verhalten.jpg\",\"width\":1600,\"height\":1067},{\"@type\":\"BreadcrumbList\",\"@id\":\"https:\\\/\\\/digidem-bayern.de\\\/scham-wut-und-hilflosigkeit-angehoerige-im-umgang-mit-sexuell-unangemessenem-verhalten-bei-demenz\\\/#breadcrumb\",\"itemListElement\":[{\"@type\":\"ListItem\",\"position\":1,\"name\":\"Startseite\",\"item\":\"https:\\\/\\\/digidem-bayern.de\\\/\"},{\"@type\":\"ListItem\",\"position\":2,\"name\":\"Scham, Wut und Hilflosigkeit \u2013 Angeh\u00f6rige im Umgang mit sexuell unangemessenem Verhalten bei Demenz\"}]},{\"@type\":\"WebSite\",\"@id\":\"\\\/#website\",\"url\":\"\\\/\",\"name\":\"digiDEM Bayern\",\"description\":\"Das digitale Demenzregister Bayern erforscht und verbessert die Angebotsstuktur f\u00fcr Menschen mit Demenz und deren Angeh\u00f6rige\",\"publisher\":{\"@id\":\"\\\/#organization\"},\"potentialAction\":[{\"@type\":\"SearchAction\",\"target\":{\"@type\":\"EntryPoint\",\"urlTemplate\":\"\\\/?s={search_term_string}\"},\"query-input\":{\"@type\":\"PropertyValueSpecification\",\"valueRequired\":true,\"valueName\":\"search_term_string\"}}],\"inLanguage\":\"en-US\"},{\"@type\":\"Organization\",\"@id\":\"\\\/#organization\",\"name\":\"digiDEM Bayern\",\"url\":\"\\\/\",\"logo\":{\"@type\":\"ImageObject\",\"inLanguage\":\"en-US\",\"@id\":\"\\\/#\\\/schema\\\/logo\\\/image\\\/\",\"url\":\"https:\\\/\\\/digidem-bayern.de\\\/wp-content\\\/uploads\\\/2022\\\/03\\\/cropped-Allgemeines_digiDEMLOGO-removebg-preview.png\",\"contentUrl\":\"https:\\\/\\\/digidem-bayern.de\\\/wp-content\\\/uploads\\\/2022\\\/03\\\/cropped-Allgemeines_digiDEMLOGO-removebg-preview.png\",\"width\":612,\"height\":357,\"caption\":\"digiDEM Bayern\"},\"image\":{\"@id\":\"\\\/#\\\/schema\\\/logo\\\/image\\\/\"},\"sameAs\":[\"https:\\\/\\\/www.facebook.com\\\/digiDEMBayern\\\/\",\"https:\\\/\\\/x.com\\\/digidem_bayern\",\"https:\\\/\\\/www.instagram.com\\\/digidem.bayern\",\"https:\\\/\\\/www.linkedin.com\\\/company\\\/digidem-bayern\\\/\"]},{\"@type\":\"Person\",\"@id\":\"\\\/#\\\/schema\\\/person\\\/0e8781e0653d1a8e57ca55bd2c3cb01f\",\"name\":\"Anne Keefer\",\"url\":\"https:\\\/\\\/digidem-bayern.de\\\/en\\\/author\\\/ag-webinar\\\/\"}]}<\/script>\n<!-- \/ Yoast SEO plugin. -->","yoast_head_json":{"title":"Scham, Wut und Hilflosigkeit \u2013 Angeh\u00f6rige im Umgang mit sexuell unangemessenem Verhalten bei Demenz - digiDEM Bayern","description":"Der Bayerische Landesapothekerkammer unterst\u00fctzt digiDEM Bayern mit Hilfe des Netzwerks \"Demenzfreundliche Apotheken\".","robots":{"index":"index","follow":"follow","max-snippet":"max-snippet:-1","max-image-preview":"max-image-preview:large","max-video-preview":"max-video-preview:-1"},"canonical":"https:\/\/digidem-bayern.de\/en\/scham-wut-und-hilflosigkeit-angehoerige-im-umgang-mit-sexuell-unangemessenem-verhalten-bei-demenz\/","og_locale":"en_US","og_type":"article","og_title":"Scham, Wut und Hilflosigkeit \u2013 Angeh\u00f6rige im Umgang mit sexuell unangemessenem Verhalten bei Demenz - digiDEM Bayern","og_description":"Der Bayerische Landesapothekerkammer unterst\u00fctzt digiDEM Bayern mit Hilfe des Netzwerks \"Demenzfreundliche Apotheken\".","og_url":"https:\/\/digidem-bayern.de\/en\/scham-wut-und-hilflosigkeit-angehoerige-im-umgang-mit-sexuell-unangemessenem-verhalten-bei-demenz\/","og_site_name":"digiDEM Bayern","article_publisher":"https:\/\/www.facebook.com\/digiDEMBayern\/","article_published_time":"2026-02-25T16:14:00+00:00","article_modified_time":"2026-02-25T16:14:01+00:00","og_image":[{"width":1030,"height":687,"url":"https:\/\/digidem-bayern.de\/wp-content\/uploads\/2026\/02\/Scham-Wut-Hilflosigkeit_sexuell-unangemessenes-Verhalten-1030x687.jpg","type":"image\/jpeg"}],"author":"Anne Keefer","twitter_misc":{"Written by":"Anne Keefer","Est. reading time":"2 minutes"},"schema":{"@context":"https:\/\/schema.org","@graph":[{"@type":"Article","@id":"https:\/\/digidem-bayern.de\/scham-wut-und-hilflosigkeit-angehoerige-im-umgang-mit-sexuell-unangemessenem-verhalten-bei-demenz\/#article","isPartOf":{"@id":"https:\/\/digidem-bayern.de\/scham-wut-und-hilflosigkeit-angehoerige-im-umgang-mit-sexuell-unangemessenem-verhalten-bei-demenz\/"},"author":{"name":"Anne Keefer","@id":"\/#\/schema\/person\/0e8781e0653d1a8e57ca55bd2c3cb01f"},"headline":"Scham, Wut und Hilflosigkeit \u2013 Angeh\u00f6rige im Umgang mit sexuell unangemessenem Verhalten bei Demenz","datePublished":"2026-02-25T16:14:00+00:00","dateModified":"2026-02-25T16:14:01+00:00","mainEntityOfPage":{"@id":"https:\/\/digidem-bayern.de\/scham-wut-und-hilflosigkeit-angehoerige-im-umgang-mit-sexuell-unangemessenem-verhalten-bei-demenz\/"},"wordCount":451,"commentCount":0,"publisher":{"@id":"\/#organization"},"image":{"@id":"https:\/\/digidem-bayern.de\/scham-wut-und-hilflosigkeit-angehoerige-im-umgang-mit-sexuell-unangemessenem-verhalten-bei-demenz\/#primaryimage"},"thumbnailUrl":"https:\/\/digidem-bayern.de\/wp-content\/uploads\/2026\/02\/Scham-Wut-Hilflosigkeit_sexuell-unangemessenes-Verhalten.jpg","keywords":["digidem","Scham","Sexualit\u00e4t","Sexuell unangemessenes Verhalten","Tabu","Wut"],"articleSection":["Aktuelles zu digiDEM","Wissenschaft &amp; Forschung"],"inLanguage":"en-US","potentialAction":[{"@type":"CommentAction","name":"Comment","target":["https:\/\/digidem-bayern.de\/scham-wut-und-hilflosigkeit-angehoerige-im-umgang-mit-sexuell-unangemessenem-verhalten-bei-demenz\/#respond"]}]},{"@type":"WebPage","@id":"https:\/\/digidem-bayern.de\/scham-wut-und-hilflosigkeit-angehoerige-im-umgang-mit-sexuell-unangemessenem-verhalten-bei-demenz\/","url":"https:\/\/digidem-bayern.de\/scham-wut-und-hilflosigkeit-angehoerige-im-umgang-mit-sexuell-unangemessenem-verhalten-bei-demenz\/","name":"Scham, Wut und Hilflosigkeit \u2013 Angeh\u00f6rige im Umgang mit sexuell unangemessenem Verhalten bei Demenz - digiDEM Bayern","isPartOf":{"@id":"\/#website"},"primaryImageOfPage":{"@id":"https:\/\/digidem-bayern.de\/scham-wut-und-hilflosigkeit-angehoerige-im-umgang-mit-sexuell-unangemessenem-verhalten-bei-demenz\/#primaryimage"},"image":{"@id":"https:\/\/digidem-bayern.de\/scham-wut-und-hilflosigkeit-angehoerige-im-umgang-mit-sexuell-unangemessenem-verhalten-bei-demenz\/#primaryimage"},"thumbnailUrl":"https:\/\/digidem-bayern.de\/wp-content\/uploads\/2026\/02\/Scham-Wut-Hilflosigkeit_sexuell-unangemessenes-Verhalten.jpg","datePublished":"2026-02-25T16:14:00+00:00","dateModified":"2026-02-25T16:14:01+00:00","description":"Der Bayerische Landesapothekerkammer unterst\u00fctzt digiDEM Bayern mit Hilfe des Netzwerks \"Demenzfreundliche Apotheken\".","breadcrumb":{"@id":"https:\/\/digidem-bayern.de\/scham-wut-und-hilflosigkeit-angehoerige-im-umgang-mit-sexuell-unangemessenem-verhalten-bei-demenz\/#breadcrumb"},"inLanguage":"en-US","potentialAction":[{"@type":"ReadAction","target":["https:\/\/digidem-bayern.de\/scham-wut-und-hilflosigkeit-angehoerige-im-umgang-mit-sexuell-unangemessenem-verhalten-bei-demenz\/"]}]},{"@type":"ImageObject","inLanguage":"en-US","@id":"https:\/\/digidem-bayern.de\/scham-wut-und-hilflosigkeit-angehoerige-im-umgang-mit-sexuell-unangemessenem-verhalten-bei-demenz\/#primaryimage","url":"https:\/\/digidem-bayern.de\/wp-content\/uploads\/2026\/02\/Scham-Wut-Hilflosigkeit_sexuell-unangemessenes-Verhalten.jpg","contentUrl":"https:\/\/digidem-bayern.de\/wp-content\/uploads\/2026\/02\/Scham-Wut-Hilflosigkeit_sexuell-unangemessenes-Verhalten.jpg","width":1600,"height":1067},{"@type":"BreadcrumbList","@id":"https:\/\/digidem-bayern.de\/scham-wut-und-hilflosigkeit-angehoerige-im-umgang-mit-sexuell-unangemessenem-verhalten-bei-demenz\/#breadcrumb","itemListElement":[{"@type":"ListItem","position":1,"name":"Startseite","item":"https:\/\/digidem-bayern.de\/"},{"@type":"ListItem","position":2,"name":"Scham, Wut und Hilflosigkeit \u2013 Angeh\u00f6rige im Umgang mit sexuell unangemessenem Verhalten bei Demenz"}]},{"@type":"WebSite","@id":"\/#website","url":"\/","name":"digiDEM Bavaria","description":"The digital dementia register in Bavaria researches and improves the structure of services for people with dementia and their relatives","publisher":{"@id":"\/#organization"},"potentialAction":[{"@type":"SearchAction","target":{"@type":"EntryPoint","urlTemplate":"\/?s={search_term_string}"},"query-input":{"@type":"PropertyValueSpecification","valueRequired":true,"valueName":"search_term_string"}}],"inLanguage":"en-US"},{"@type":"Organization","@id":"\/#organization","name":"digiDEM Bavaria","url":"\/","logo":{"@type":"ImageObject","inLanguage":"en-US","@id":"\/#\/schema\/logo\/image\/","url":"https:\/\/digidem-bayern.de\/wp-content\/uploads\/2022\/03\/cropped-Allgemeines_digiDEMLOGO-removebg-preview.png","contentUrl":"https:\/\/digidem-bayern.de\/wp-content\/uploads\/2022\/03\/cropped-Allgemeines_digiDEMLOGO-removebg-preview.png","width":612,"height":357,"caption":"digiDEM Bayern"},"image":{"@id":"\/#\/schema\/logo\/image\/"},"sameAs":["https:\/\/www.facebook.com\/digiDEMBayern\/","https:\/\/x.com\/digidem_bayern","https:\/\/www.instagram.com\/digidem.bayern","https:\/\/www.linkedin.com\/company\/digidem-bayern\/"]},{"@type":"Person","@id":"\/#\/schema\/person\/0e8781e0653d1a8e57ca55bd2c3cb01f","name":"Anne Keefer","url":"https:\/\/digidem-bayern.de\/en\/author\/ag-webinar\/"}]}},"uagb_featured_image_src":{"full":["https:\/\/digidem-bayern.de\/wp-content\/uploads\/2026\/02\/Scham-Wut-Hilflosigkeit_sexuell-unangemessenes-Verhalten.jpg",1600,1067,false],"thumbnail":["https:\/\/digidem-bayern.de\/wp-content\/uploads\/2026\/02\/Scham-Wut-Hilflosigkeit_sexuell-unangemessenes-Verhalten-80x80.jpg",80,80,true],"medium":["https:\/\/digidem-bayern.de\/wp-content\/uploads\/2026\/02\/Scham-Wut-Hilflosigkeit_sexuell-unangemessenes-Verhalten-300x200.jpg",300,200,true],"medium_large":["https:\/\/digidem-bayern.de\/wp-content\/uploads\/2026\/02\/Scham-Wut-Hilflosigkeit_sexuell-unangemessenes-Verhalten-768x512.jpg",768,512,true],"large":["https:\/\/digidem-bayern.de\/wp-content\/uploads\/2026\/02\/Scham-Wut-Hilflosigkeit_sexuell-unangemessenes-Verhalten-1030x687.jpg",1030,687,true],"1536x1536":["https:\/\/digidem-bayern.de\/wp-content\/uploads\/2026\/02\/Scham-Wut-Hilflosigkeit_sexuell-unangemessenes-Verhalten-1536x1025.jpg",1536,1025,true],"2048x2048":["https:\/\/digidem-bayern.de\/wp-content\/uploads\/2026\/02\/Scham-Wut-Hilflosigkeit_sexuell-unangemessenes-Verhalten-2048x1366.jpg",2048,1366,true],"trp-custom-language-flag":["https:\/\/digidem-bayern.de\/wp-content\/uploads\/2026\/02\/Scham-Wut-Hilflosigkeit_sexuell-unangemessenes-Verhalten.jpg",18,12,false],"qubely_landscape":["https:\/\/digidem-bayern.de\/wp-content\/uploads\/2026\/02\/Scham-Wut-Hilflosigkeit_sexuell-unangemessenes-Verhalten-1200x750.jpg",1200,750,true],"qubely_portrait":["https:\/\/digidem-bayern.de\/wp-content\/uploads\/2026\/02\/Scham-Wut-Hilflosigkeit_sexuell-unangemessenes-Verhalten-540x320.jpg",540,320,true],"qubely_thumbnail":["https:\/\/digidem-bayern.de\/wp-content\/uploads\/2026\/02\/Scham-Wut-Hilflosigkeit_sexuell-unangemessenes-Verhalten-140x100.jpg",140,100,true],"post-thumbnail":["https:\/\/digidem-bayern.de\/wp-content\/uploads\/2026\/02\/Scham-Wut-Hilflosigkeit_sexuell-unangemessenes-Verhalten-525x350.jpg",525,350,true],"kahuna-featured":["https:\/\/digidem-bayern.de\/wp-content\/uploads\/2026\/02\/Scham-Wut-Hilflosigkeit_sexuell-unangemessenes-Verhalten-734x350.jpg",734,350,true],"kahuna-featured-lp":["https:\/\/digidem-bayern.de\/wp-content\/uploads\/2026\/02\/Scham-Wut-Hilflosigkeit_sexuell-unangemessenes-Verhalten-520x350.jpg",520,350,true],"kahuna-featured-half":["https:\/\/digidem-bayern.de\/wp-content\/uploads\/2026\/02\/Scham-Wut-Hilflosigkeit_sexuell-unangemessenes-Verhalten-800x350.jpg",800,350,true],"kahuna-featured-third":["https:\/\/digidem-bayern.de\/wp-content\/uploads\/2026\/02\/Scham-Wut-Hilflosigkeit_sexuell-unangemessenes-Verhalten-512x350.jpg",512,350,true],"kahuna-lpbox-1":["https:\/\/digidem-bayern.de\/wp-content\/uploads\/2026\/02\/Scham-Wut-Hilflosigkeit_sexuell-unangemessenes-Verhalten-520x300.jpg",520,300,true],"kahuna-lpbox-2":["https:\/\/digidem-bayern.de\/wp-content\/uploads\/2026\/02\/Scham-Wut-Hilflosigkeit_sexuell-unangemessenes-Verhalten-520x350.jpg",520,350,true],"demand-language-flag":["https:\/\/digidem-bayern.de\/wp-content\/uploads\/2026\/02\/Scham-Wut-Hilflosigkeit_sexuell-unangemessenes-Verhalten-36x36.jpg",36,36,true],"dddkt-language-flag":["https:\/\/digidem-bayern.de\/wp-content\/uploads\/2026\/02\/Scham-Wut-Hilflosigkeit_sexuell-unangemessenes-Verhalten-36x36.jpg",36,36,true],"ddiqc-language-flag":["https:\/\/digidem-bayern.de\/wp-content\/uploads\/2026\/02\/Scham-Wut-Hilflosigkeit_sexuell-unangemessenes-Verhalten-36x36.jpg",36,36,true],"ddtl-language-flag":["https:\/\/digidem-bayern.de\/wp-content\/uploads\/2026\/02\/Scham-Wut-Hilflosigkeit_sexuell-unangemessenes-Verhalten-36x36.jpg",36,36,true],"mailpoet_newsletter_max":["https:\/\/digidem-bayern.de\/wp-content\/uploads\/2026\/02\/Scham-Wut-Hilflosigkeit_sexuell-unangemessenes-Verhalten-1320x880.jpg",1320,880,true],"kahuna-lpbox-3":["https:\/\/digidem-bayern.de\/wp-content\/uploads\/2026\/02\/Scham-Wut-Hilflosigkeit_sexuell-unangemessenes-Verhalten-520x350.jpg",520,350,true],"kahuna-featured-square":["https:\/\/digidem-bayern.de\/wp-content\/uploads\/2026\/02\/Scham-Wut-Hilflosigkeit_sexuell-unangemessenes-Verhalten-512x512.jpg",512,512,true],"kahuna-featured-square-large":["https:\/\/digidem-bayern.de\/wp-content\/uploads\/2026\/02\/Scham-Wut-Hilflosigkeit_sexuell-unangemessenes-Verhalten-1024x1024.jpg",1024,1024,true]},"uagb_author_info":{"display_name":"Anne Keefer","author_link":"https:\/\/digidem-bayern.de\/en\/author\/ag-webinar\/"},"uagb_comment_info":6,"uagb_excerpt":"Sexuell unangemessene Verhaltensweisen geh\u00f6ren zu den herausforderndsten Begleiterscheinungen einer Demenzerkrankung, werden im Pflegealltag jedoch h\u00e4ufig als Tabuthema erlebt. Eine aktuelle internationale \u00dcbersichtsarbeit hat nun systematisch untersucht, wie pflegende Angeh\u00f6rige diese Situationen erleben und welche Auswirkungen sie auf Alltag, Beziehung und Pflege haben. Sexuell unangemessene Verhaltensweisen bei Demenz umfassen unter anderem &hellip;","_links":{"self":[{"href":"https:\/\/digidem-bayern.de\/en\/wp-json\/wp\/v2\/posts\/48231","targetHints":{"allow":["GET"]}}],"collection":[{"href":"https:\/\/digidem-bayern.de\/en\/wp-json\/wp\/v2\/posts"}],"about":[{"href":"https:\/\/digidem-bayern.de\/en\/wp-json\/wp\/v2\/types\/post"}],"author":[{"embeddable":true,"href":"https:\/\/digidem-bayern.de\/en\/wp-json\/wp\/v2\/users\/7"}],"replies":[{"embeddable":true,"href":"https:\/\/digidem-bayern.de\/en\/wp-json\/wp\/v2\/comments?post=48231"}],"version-history":[{"count":1,"href":"https:\/\/digidem-bayern.de\/en\/wp-json\/wp\/v2\/posts\/48231\/revisions"}],"predecessor-version":[{"id":48232,"href":"https:\/\/digidem-bayern.de\/en\/wp-json\/wp\/v2\/posts\/48231\/revisions\/48232"}],"wp:featuredmedia":[{"embeddable":true,"href":"https:\/\/digidem-bayern.de\/en\/wp-json\/wp\/v2\/media\/48196"}],"wp:attachment":[{"href":"https:\/\/digidem-bayern.de\/en\/wp-json\/wp\/v2\/media?parent=48231"}],"wp:term":[{"taxonomy":"category","embeddable":true,"href":"https:\/\/digidem-bayern.de\/en\/wp-json\/wp\/v2\/categories?post=48231"},{"taxonomy":"post_tag","embeddable":true,"href":"https:\/\/digidem-bayern.de\/en\/wp-json\/wp\/v2\/tags?post=48231"}],"curies":[{"name":"wp","href":"https:\/\/api.w.org\/{rel}","templated":true}]}}