{"id":48136,"date":"2026-02-20T09:47:20","date_gmt":"2026-02-20T08:47:20","guid":{"rendered":"https:\/\/digidem-bayern.de\/?p=48136"},"modified":"2026-02-20T09:59:57","modified_gmt":"2026-02-20T08:59:57","slug":"das-live-in-modell-chancen-und-herausforderungen-in-der-versorgung-von-menschen-mit-demenz","status":"publish","type":"post","link":"https:\/\/digidem-bayern.de\/en\/das-live-in-modell-chancen-und-herausforderungen-in-der-versorgung-von-menschen-mit-demenz\/","title":{"rendered":"Das Live-In-Modell: Chancen und Herausforderungen in der Versorgung von Menschen mit Demenz"},"content":{"rendered":"<p>Betreuungskr\u00e4fte, die f\u00fcr einen begrenzten Zeitraum im Haushalt von Menschen mit Demenz wohnen, k\u00f6nnen eine erhebliche Entlastung f\u00fcr pflegende An- und Zugeh\u00f6rige darstellen. Diese <em>\u201eLive-in-Hilfen\u201c<\/em>, die h\u00e4ufig auch als \u201e24-Stunden-Betreuungskr\u00e4fte\u201c bezeichnet werden, haben meist keine pflegerische Berufsausbildung und sollen vor allem im Haushalt und bei allt\u00e4glichen Betreuungsaufgaben unterst\u00fctzen.<\/p>\n\n\n\n<p>H\u00e4ufig ist das Vorliegen einer Demenz der Grund daf\u00fcr, dass sich Familien f\u00fcr dieses Modell der Unterst\u00fctzung entscheiden. Allerdings wurde bisher kaum wissenschaftlich untersucht, wie sich das Zusammenleben im Alltag gestaltet und ob dieses Modell eine gute Versorgung von Menschen mit Demenz erm\u00f6glicht.<\/p>\n\n\n\n<p>Dr. Milena von Kutzleben ist wissenschaftliche Mitarbeiterin im Department f\u00fcr Versorgungsforschung der Carl von Ossietzky Universit\u00e4t Oldenburg. Dort leitet sie die DFG-gef\u00f6rderte Studie \u201eOsteurop\u00e4ische Live-In-Hilfen in h\u00e4uslichen Versorgungstriaden bei Demenz (TriaDe)\u201c. In dieser Studie wird das Modell der \u201eLive-In-Versorgung\u201c aus drei Perspektiven untersucht: aus Sicht der Menschen mit Demenz, der pflegenden An- und Zugeh\u00f6rigen sowie der \u201eLive-In-Kr\u00e4fte\u201c. <\/p>\n\n\n\n<p>Im Webinar stellt Dr. Milena von Kutzleben erste Ergebnisse der Studie \u201e<em>TriaDe<\/em>\u201c vor. In diesem Zusammenhang geht sie sowohl auf Chancen aber auch auf Herausforderungen des Versorgungskonzepts mit \u201eLive-In-Hilfen\u201c ein. Dar\u00fcber hinaus beleuchtet sie die aktuelle gesellschaftliche und politische Debatte zum Live-in-Arrangement in Deutschland.<\/p>\n\n\n\n<figure class=\"wp-block-embed is-type-video is-provider-youtube wp-block-embed-youtube wp-embed-aspect-16-9 wp-has-aspect-ratio\"><div class=\"wp-block-embed__wrapper\">\n<iframe loading=\"lazy\" title=\"Webinar: Das Live-In-Modell: Chancen und Herausforderungen in der Versorgung von Menschen mit Demenz\" width=\"1223\" height=\"688\" src=\"https:\/\/www.youtube.com\/embed\/6-InSExxPvI?feature=oembed\" frameborder=\"0\" allow=\"accelerometer; autoplay; clipboard-write; encrypted-media; gyroscope; picture-in-picture; web-share\" referrerpolicy=\"strict-origin-when-cross-origin\" allowfullscreen><\/iframe>\n<\/div><\/figure>\n\n\n\n<p><\/p>\n\n\n\n<p class=\"has-text-align-center\"><a href=\"https:\/\/digidem-bayern.de\/wp-content\/uploads\/2026\/02\/2026-02-18_digiDEM-Webinar_Nr78.pdf\" data-type=\"link\" data-id=\"https:\/\/digidem-bayern.de\/wp-content\/uploads\/2024\/11\/2024-11-12_digiDEM-Webinar_Nr63_Copyright.pdf\"><strong>Hier gibt es das Webinar als PDF zum&nbsp;Download<\/strong>.<\/a><\/p>\n\n\n\n<p><\/p>\n\n\n\n<p><\/p>\n\n\n\n<div class=\"wp-block-stackable-columns stk-block-columns stk-block stk-1abb464\" data-block-id=\"1abb464\"><div class=\"stk-row stk-inner-blocks stk-block-content stk-content-align stk-1abb464-column\">\n<div class=\"wp-block-stackable-column stk-block-column stk-column stk-block stk-38a7c84\" data-v=\"4\" data-block-id=\"38a7c84\"><div class=\"stk-column-wrapper stk-block-column__content stk-container stk-38a7c84-container stk--no-background stk--no-padding\"><div class=\"stk-block-content stk-inner-blocks stk-38a7c84-inner-blocks\">\n<div class=\"wp-block-uagb-team uagb-team__image-position-above uagb-team__align-center uagb-team__stack-tablet uagb-block-df5b540b\"><div class=\"uagb-team__content\"><img decoding=\"async\" class=\"uagb-team__image-crop-circle\" src=\"https:\/\/digidem-bayern.de\/wp-content\/uploads\/2022\/11\/FWE_NEU_Quadrat.jpg\" alt=\"Florian Weidinger\" height=\"120\" width=\"120\" loading=\"lazy\"\/><h3 class=\"uagb-team__title\">Florian Weidinger, M. Sc.<\/h3><span class=\"uagb-team__prefix\">Wissenschaftlicher Mitarbeiter <\/span><p class=\"uagb-team__desc\">Moderation<\/p><\/div><\/div>\n<\/div><\/div><\/div>\n\n\n\n<div class=\"wp-block-stackable-column stk-block-column stk-column stk-block stk-3aae72b\" data-v=\"4\" data-block-id=\"3aae72b\"><div class=\"stk-column-wrapper stk-block-column__content stk-container stk-3aae72b-container stk--no-background stk--no-padding\"><div class=\"stk-block-content stk-inner-blocks stk-3aae72b-inner-blocks\">\n<div class=\"wp-block-uagb-team uagb-team__image-position-above uagb-team__align-center uagb-team__stack-tablet uagb-block-7e64a8eb\"><div class=\"uagb-team__content\"><img decoding=\"async\" class=\"uagb-team__image-crop-circle\" src=\"https:\/\/digidem-bayern.de\/wp-content\/uploads\/2022\/11\/JRUe_NEU_Quadrat.jpg\" alt=\"\" height=\"120\" width=\"120\" loading=\"lazy\"\/><h3 class=\"uagb-team__title\">Jana R\u00fchl, M. Sc.<\/h3><span class=\"uagb-team__prefix\">Wissenschaftliche Mitarbeiterin <\/span><p class=\"uagb-team__desc\">Chatroom und Betreuung<\/p><\/div><\/div>\n<\/div><\/div><\/div>\n<\/div><\/div>\n\n\n\n<p><\/p>","protected":false},"excerpt":{"rendered":"<p>Betreuungskr\u00e4fte, die f\u00fcr einen begrenzten Zeitraum im Haushalt von Menschen mit Demenz wohnen, k\u00f6nnen eine erhebliche Entlastung f\u00fcr pflegende An- und Zugeh\u00f6rige darstellen. Diese \u201eLive-in-Hilfen\u201c, die h\u00e4ufig auch als \u201e24-Stunden-Betreuungskr\u00e4fte\u201c bezeichnet werden, haben meist keine pflegerische Berufsausbildung und sollen vor allem im Haushalt und bei allt\u00e4glichen Betreuungsaufgaben unterst\u00fctzen. H\u00e4ufig ist &hellip;<\/p>","protected":false},"author":7,"featured_media":47797,"comment_status":"open","ping_status":"closed","sticky":false,"template":"","format":"standard","meta":{"qubely_global_settings":"true","qubely_interactions":"","_uag_custom_page_level_css":"","footnotes":""},"categories":[123],"tags":[1865,13,1710,12,38,14,55,1771,400,1861,1863,1862,1864],"class_list":["post-48136","post","type-post","status-publish","format-standard","has-post-thumbnail","hentry","category-sciene-watch-live-archiv","tag-24-stunden-pflege","tag-alzheimer","tag-aufmerksamkeit","tag-demenz-2","tag-demenzregister","tag-digidem","tag-digitales-demenzregister-bayern","tag-forschung","tag-kognitive-faehigkeiten","tag-live-in","tag-milena-von-kutzleben","tag-uni-oldenburg","tag-versorgung-mit-menschen"],"qubely_featured_image_url":{"full":["https:\/\/digidem-bayern.de\/wp-content\/uploads\/2026\/01\/shutterstock_2557229931.jpg",1600,1067,false],"landscape":["https:\/\/digidem-bayern.de\/wp-content\/uploads\/2026\/01\/shutterstock_2557229931-1200x750.jpg",1200,750,true],"portraits":["https:\/\/digidem-bayern.de\/wp-content\/uploads\/2026\/01\/shutterstock_2557229931-540x320.jpg",540,320,true],"thumbnail":["https:\/\/digidem-bayern.de\/wp-content\/uploads\/2026\/01\/shutterstock_2557229931-80x80.jpg",80,80,true],"medium":["https:\/\/digidem-bayern.de\/wp-content\/uploads\/2026\/01\/shutterstock_2557229931-300x200.jpg",300,200,true],"medium_large":["https:\/\/digidem-bayern.de\/wp-content\/uploads\/2026\/01\/shutterstock_2557229931-768x512.jpg",768,512,true],"large":["https:\/\/digidem-bayern.de\/wp-content\/uploads\/2026\/01\/shutterstock_2557229931-1030x687.jpg",1030,687,true],"1536x1536":["https:\/\/digidem-bayern.de\/wp-content\/uploads\/2026\/01\/shutterstock_2557229931-1536x1024.jpg",1536,1024,true],"2048x2048":["https:\/\/digidem-bayern.de\/wp-content\/uploads\/2026\/01\/shutterstock_2557229931-2048x1365.jpg",2048,1365,true],"trp-custom-language-flag":["https:\/\/digidem-bayern.de\/wp-content\/uploads\/2026\/01\/shutterstock_2557229931.jpg",18,12,false],"qubely_landscape":["https:\/\/digidem-bayern.de\/wp-content\/uploads\/2026\/01\/shutterstock_2557229931-1200x750.jpg",1200,750,true],"qubely_portrait":["https:\/\/digidem-bayern.de\/wp-content\/uploads\/2026\/01\/shutterstock_2557229931-540x320.jpg",540,320,true],"qubely_thumbnail":["https:\/\/digidem-bayern.de\/wp-content\/uploads\/2026\/01\/shutterstock_2557229931-140x100.jpg",140,100,true],"post-thumbnail":["https:\/\/digidem-bayern.de\/wp-content\/uploads\/2026\/01\/shutterstock_2557229931-525x350.jpg",525,350,true],"kahuna-featured":["https:\/\/digidem-bayern.de\/wp-content\/uploads\/2026\/01\/shutterstock_2557229931-734x350.jpg",734,350,true],"kahuna-featured-lp":["https:\/\/digidem-bayern.de\/wp-content\/uploads\/2026\/01\/shutterstock_2557229931-520x350.jpg",520,350,true],"kahuna-featured-half":["https:\/\/digidem-bayern.de\/wp-content\/uploads\/2026\/01\/shutterstock_2557229931-800x350.jpg",800,350,true],"kahuna-featured-third":["https:\/\/digidem-bayern.de\/wp-content\/uploads\/2026\/01\/shutterstock_2557229931-512x350.jpg",512,350,true],"kahuna-lpbox-1":["https:\/\/digidem-bayern.de\/wp-content\/uploads\/2026\/01\/shutterstock_2557229931-520x300.jpg",520,300,true],"kahuna-lpbox-2":["https:\/\/digidem-bayern.de\/wp-content\/uploads\/2026\/01\/shutterstock_2557229931-520x350.jpg",520,350,true],"demand-language-flag":["https:\/\/digidem-bayern.de\/wp-content\/uploads\/2026\/01\/shutterstock_2557229931-36x36.jpg",36,36,true],"dddkt-language-flag":["https:\/\/digidem-bayern.de\/wp-content\/uploads\/2026\/01\/shutterstock_2557229931-36x36.jpg",36,36,true],"ddiqc-language-flag":["https:\/\/digidem-bayern.de\/wp-content\/uploads\/2026\/01\/shutterstock_2557229931-36x36.jpg",36,36,true],"ddtl-language-flag":["https:\/\/digidem-bayern.de\/wp-content\/uploads\/2026\/01\/shutterstock_2557229931-36x36.jpg",36,36,true],"mailpoet_newsletter_max":["https:\/\/digidem-bayern.de\/wp-content\/uploads\/2026\/01\/shutterstock_2557229931-1320x880.jpg",1320,880,true],"kahuna-lpbox-3":["https:\/\/digidem-bayern.de\/wp-content\/uploads\/2026\/01\/shutterstock_2557229931-520x350.jpg",520,350,true],"kahuna-featured-square":["https:\/\/digidem-bayern.de\/wp-content\/uploads\/2026\/01\/shutterstock_2557229931-512x512.jpg",512,512,true],"kahuna-featured-square-large":["https:\/\/digidem-bayern.de\/wp-content\/uploads\/2026\/01\/shutterstock_2557229931-1024x1024.jpg",1024,1024,true]},"qubely_author":{"display_name":"Anne Keefer","author_link":"https:\/\/digidem-bayern.de\/en\/author\/ag-webinar\/"},"qubely_comment":1,"qubely_category":"<a href=\"https:\/\/digidem-bayern.de\/en\/category\/sciene-watch-live-archiv\/\" rel=\"category tag\">Sciene Watch Live ARCHIV<\/a>","qubely_excerpt":"Betreuungskr\u00e4fte, die f\u00fcr einen begrenzten Zeitraum im Haushalt von Menschen mit Demenz wohnen, k\u00f6nnen eine erhebliche Entlastung f\u00fcr pflegende An- und Zugeh\u00f6rige darstellen. Diese \u201eLive-in-Hilfen\u201c, die h\u00e4ufig auch als \u201e24-Stunden-Betreuungskr\u00e4fte\u201c bezeichnet werden, haben meist keine pflegerische Berufsausbildung und sollen vor allem im Haushalt und bei allt\u00e4glichen Betreuungsaufgaben unterst\u00fctzen. H\u00e4ufig ist &hellip;","featured_image_urls_v2":{"full":["https:\/\/digidem-bayern.de\/wp-content\/uploads\/2026\/01\/shutterstock_2557229931.jpg",1600,1067,false],"thumbnail":["https:\/\/digidem-bayern.de\/wp-content\/uploads\/2026\/01\/shutterstock_2557229931-80x80.jpg",80,80,true],"medium":["https:\/\/digidem-bayern.de\/wp-content\/uploads\/2026\/01\/shutterstock_2557229931-300x200.jpg",300,200,true],"medium_large":["https:\/\/digidem-bayern.de\/wp-content\/uploads\/2026\/01\/shutterstock_2557229931-768x512.jpg",768,512,true],"large":["https:\/\/digidem-bayern.de\/wp-content\/uploads\/2026\/01\/shutterstock_2557229931-1030x687.jpg",1030,687,true],"1536x1536":["https:\/\/digidem-bayern.de\/wp-content\/uploads\/2026\/01\/shutterstock_2557229931-1536x1024.jpg",1536,1024,true],"2048x2048":["https:\/\/digidem-bayern.de\/wp-content\/uploads\/2026\/01\/shutterstock_2557229931-2048x1365.jpg",2048,1365,true],"trp-custom-language-flag":["https:\/\/digidem-bayern.de\/wp-content\/uploads\/2026\/01\/shutterstock_2557229931.jpg",18,12,false],"qubely_landscape":["https:\/\/digidem-bayern.de\/wp-content\/uploads\/2026\/01\/shutterstock_2557229931-1200x750.jpg",1200,750,true],"qubely_portrait":["https:\/\/digidem-bayern.de\/wp-content\/uploads\/2026\/01\/shutterstock_2557229931-540x320.jpg",540,320,true],"qubely_thumbnail":["https:\/\/digidem-bayern.de\/wp-content\/uploads\/2026\/01\/shutterstock_2557229931-140x100.jpg",140,100,true],"post-thumbnail":["https:\/\/digidem-bayern.de\/wp-content\/uploads\/2026\/01\/shutterstock_2557229931-525x350.jpg",525,350,true],"kahuna-featured":["https:\/\/digidem-bayern.de\/wp-content\/uploads\/2026\/01\/shutterstock_2557229931-734x350.jpg",734,350,true],"kahuna-featured-lp":["https:\/\/digidem-bayern.de\/wp-content\/uploads\/2026\/01\/shutterstock_2557229931-520x350.jpg",520,350,true],"kahuna-featured-half":["https:\/\/digidem-bayern.de\/wp-content\/uploads\/2026\/01\/shutterstock_2557229931-800x350.jpg",800,350,true],"kahuna-featured-third":["https:\/\/digidem-bayern.de\/wp-content\/uploads\/2026\/01\/shutterstock_2557229931-512x350.jpg",512,350,true],"kahuna-lpbox-1":["https:\/\/digidem-bayern.de\/wp-content\/uploads\/2026\/01\/shutterstock_2557229931-520x300.jpg",520,300,true],"kahuna-lpbox-2":["https:\/\/digidem-bayern.de\/wp-content\/uploads\/2026\/01\/shutterstock_2557229931-520x350.jpg",520,350,true],"demand-language-flag":["https:\/\/digidem-bayern.de\/wp-content\/uploads\/2026\/01\/shutterstock_2557229931-36x36.jpg",36,36,true],"dddkt-language-flag":["https:\/\/digidem-bayern.de\/wp-content\/uploads\/2026\/01\/shutterstock_2557229931-36x36.jpg",36,36,true],"ddiqc-language-flag":["https:\/\/digidem-bayern.de\/wp-content\/uploads\/2026\/01\/shutterstock_2557229931-36x36.jpg",36,36,true],"ddtl-language-flag":["https:\/\/digidem-bayern.de\/wp-content\/uploads\/2026\/01\/shutterstock_2557229931-36x36.jpg",36,36,true],"mailpoet_newsletter_max":["https:\/\/digidem-bayern.de\/wp-content\/uploads\/2026\/01\/shutterstock_2557229931-1320x880.jpg",1320,880,true],"kahuna-lpbox-3":["https:\/\/digidem-bayern.de\/wp-content\/uploads\/2026\/01\/shutterstock_2557229931-520x350.jpg",520,350,true],"kahuna-featured-square":["https:\/\/digidem-bayern.de\/wp-content\/uploads\/2026\/01\/shutterstock_2557229931-512x512.jpg",512,512,true],"kahuna-featured-square-large":["https:\/\/digidem-bayern.de\/wp-content\/uploads\/2026\/01\/shutterstock_2557229931-1024x1024.jpg",1024,1024,true]},"post_excerpt_stackable_v2":"<p>Betreuungskr\u00e4fte, die f\u00fcr einen begrenzten Zeitraum im Haushalt von Menschen mit Demenz wohnen, k\u00f6nnen eine erhebliche Entlastung f\u00fcr pflegende An- und Zugeh\u00f6rige darstellen. Diese \u201eLive-in-Hilfen\u201c, die h\u00e4ufig auch als \u201e24-Stunden-Betreuungskr\u00e4fte\u201c bezeichnet werden, haben meist keine pflegerische Berufsausbildung und sollen vor allem im Haushalt und bei allt\u00e4glichen Betreuungsaufgaben unterst\u00fctzen. H\u00e4ufig ist das Vorliegen einer Demenz der Grund daf\u00fcr, dass sich Familien f\u00fcr dieses Modell der Unterst\u00fctzung entscheiden. Allerdings wurde bisher kaum wissenschaftlich untersucht, wie sich das Zusammenleben im Alltag gestaltet und ob dieses Modell eine gute Versorgung von Menschen mit Demenz erm\u00f6glicht. Dr. Milena von Kutzleben ist wissenschaftliche Mitarbeiterin im Department&hellip;<\/p>\n","category_list_v2":"<a href=\"https:\/\/digidem-bayern.de\/en\/category\/sciene-watch-live-archiv\/\" rel=\"category tag\">Sciene Watch Live ARCHIV<\/a>","author_info_v2":{"name":"Anne Keefer","url":"https:\/\/digidem-bayern.de\/en\/author\/ag-webinar\/"},"comments_num_v2":"0 comments","yoast_head":"<!-- This site is optimized with the Yoast SEO plugin v27.4 - https:\/\/yoast.com\/product\/yoast-seo-wordpress\/ -->\n<title>Das Live-In-Modell: Chancen und Herausforderungen in der Versorgung von Menschen mit Demenz - digiDEM Bayern<\/title>\n<meta name=\"description\" content=\"Im Webinar &quot;digiDEM Bayern Science Watch LIVE&quot; behandeln Wissenschaftler ein Thema aus der Demenzforschung und stehen live f\u00fcr Fragen zur Verf\u00fcgung.\" \/>\n<meta name=\"robots\" content=\"index, follow, max-snippet:-1, max-image-preview:large, max-video-preview:-1\" \/>\n<link rel=\"canonical\" href=\"https:\/\/digidem-bayern.de\/en\/das-live-in-modell-chancen-und-herausforderungen-in-der-versorgung-von-menschen-mit-demenz\/\" \/>\n<meta property=\"og:locale\" content=\"en_US\" \/>\n<meta property=\"og:type\" content=\"article\" \/>\n<meta property=\"og:title\" content=\"Das Live-In-Modell: Chancen und Herausforderungen in der Versorgung von Menschen mit Demenz - digiDEM Bayern\" \/>\n<meta property=\"og:description\" content=\"Im Webinar &quot;digiDEM Bayern Science Watch LIVE&quot; behandeln Wissenschaftler ein Thema aus der Demenzforschung und stehen live f\u00fcr Fragen zur Verf\u00fcgung.\" \/>\n<meta property=\"og:url\" content=\"https:\/\/digidem-bayern.de\/en\/das-live-in-modell-chancen-und-herausforderungen-in-der-versorgung-von-menschen-mit-demenz\/\" \/>\n<meta property=\"og:site_name\" content=\"digiDEM Bayern\" \/>\n<meta property=\"article:publisher\" content=\"https:\/\/www.facebook.com\/digiDEMBayern\/\" \/>\n<meta property=\"article:published_time\" content=\"2026-02-20T08:47:20+00:00\" \/>\n<meta property=\"article:modified_time\" content=\"2026-02-20T08:59:57+00:00\" \/>\n<meta property=\"og:image\" content=\"https:\/\/digidem-bayern.de\/wp-content\/uploads\/2026\/01\/shutterstock_2557229931-1030x687.jpg\" \/>\n\t<meta property=\"og:image:width\" content=\"1030\" \/>\n\t<meta property=\"og:image:height\" content=\"687\" \/>\n\t<meta property=\"og:image:type\" content=\"image\/jpeg\" \/>\n<meta name=\"author\" content=\"Anne Keefer\" \/>\n<meta name=\"twitter:label1\" content=\"Written by\" \/>\n\t<meta name=\"twitter:data1\" content=\"Anne Keefer\" \/>\n\t<meta name=\"twitter:label2\" content=\"Est. reading time\" \/>\n\t<meta name=\"twitter:data2\" content=\"2 minutes\" \/>\n<script type=\"application\/ld+json\" class=\"yoast-schema-graph\">{\"@context\":\"https:\\\/\\\/schema.org\",\"@graph\":[{\"@type\":\"Article\",\"@id\":\"https:\\\/\\\/digidem-bayern.de\\\/das-live-in-modell-chancen-und-herausforderungen-in-der-versorgung-von-menschen-mit-demenz\\\/#article\",\"isPartOf\":{\"@id\":\"https:\\\/\\\/digidem-bayern.de\\\/das-live-in-modell-chancen-und-herausforderungen-in-der-versorgung-von-menschen-mit-demenz\\\/\"},\"author\":{\"name\":\"Anne Keefer\",\"@id\":\"\\\/#\\\/schema\\\/person\\\/0e8781e0653d1a8e57ca55bd2c3cb01f\"},\"headline\":\"Das Live-In-Modell: Chancen und Herausforderungen in der Versorgung von Menschen mit Demenz\",\"datePublished\":\"2026-02-20T08:47:20+00:00\",\"dateModified\":\"2026-02-20T08:59:57+00:00\",\"mainEntityOfPage\":{\"@id\":\"https:\\\/\\\/digidem-bayern.de\\\/das-live-in-modell-chancen-und-herausforderungen-in-der-versorgung-von-menschen-mit-demenz\\\/\"},\"wordCount\":257,\"commentCount\":0,\"publisher\":{\"@id\":\"\\\/#organization\"},\"image\":{\"@id\":\"https:\\\/\\\/digidem-bayern.de\\\/das-live-in-modell-chancen-und-herausforderungen-in-der-versorgung-von-menschen-mit-demenz\\\/#primaryimage\"},\"thumbnailUrl\":\"https:\\\/\\\/digidem-bayern.de\\\/wp-content\\\/uploads\\\/2026\\\/01\\\/shutterstock_2557229931.jpg\",\"keywords\":[\"24-Stunden Pflege\",\"Alzheimer\",\"Aufmerksamkeit\",\"Demenz\",\"Demenzregister\",\"digidem\",\"Digitales Demenzregister Bayern\",\"Forschung\",\"Kognitive F\u00e4higkeiten\",\"Live-In\",\"Milena von Kutzleben\",\"Uni Oldenburg\",\"Versorgung mit Menschen\"],\"articleSection\":[\"Sciene Watch Live ARCHIV\"],\"inLanguage\":\"en-US\",\"potentialAction\":[{\"@type\":\"CommentAction\",\"name\":\"Comment\",\"target\":[\"https:\\\/\\\/digidem-bayern.de\\\/das-live-in-modell-chancen-und-herausforderungen-in-der-versorgung-von-menschen-mit-demenz\\\/#respond\"]}]},{\"@type\":\"WebPage\",\"@id\":\"https:\\\/\\\/digidem-bayern.de\\\/das-live-in-modell-chancen-und-herausforderungen-in-der-versorgung-von-menschen-mit-demenz\\\/\",\"url\":\"https:\\\/\\\/digidem-bayern.de\\\/das-live-in-modell-chancen-und-herausforderungen-in-der-versorgung-von-menschen-mit-demenz\\\/\",\"name\":\"Das Live-In-Modell: Chancen und Herausforderungen in der Versorgung von Menschen mit Demenz - digiDEM Bayern\",\"isPartOf\":{\"@id\":\"\\\/#website\"},\"primaryImageOfPage\":{\"@id\":\"https:\\\/\\\/digidem-bayern.de\\\/das-live-in-modell-chancen-und-herausforderungen-in-der-versorgung-von-menschen-mit-demenz\\\/#primaryimage\"},\"image\":{\"@id\":\"https:\\\/\\\/digidem-bayern.de\\\/das-live-in-modell-chancen-und-herausforderungen-in-der-versorgung-von-menschen-mit-demenz\\\/#primaryimage\"},\"thumbnailUrl\":\"https:\\\/\\\/digidem-bayern.de\\\/wp-content\\\/uploads\\\/2026\\\/01\\\/shutterstock_2557229931.jpg\",\"datePublished\":\"2026-02-20T08:47:20+00:00\",\"dateModified\":\"2026-02-20T08:59:57+00:00\",\"description\":\"Im Webinar \\\"digiDEM Bayern Science Watch LIVE\\\" behandeln Wissenschaftler ein Thema aus der Demenzforschung und stehen live f\u00fcr Fragen zur Verf\u00fcgung.\",\"breadcrumb\":{\"@id\":\"https:\\\/\\\/digidem-bayern.de\\\/das-live-in-modell-chancen-und-herausforderungen-in-der-versorgung-von-menschen-mit-demenz\\\/#breadcrumb\"},\"inLanguage\":\"en-US\",\"potentialAction\":[{\"@type\":\"ReadAction\",\"target\":[\"https:\\\/\\\/digidem-bayern.de\\\/das-live-in-modell-chancen-und-herausforderungen-in-der-versorgung-von-menschen-mit-demenz\\\/\"]}]},{\"@type\":\"ImageObject\",\"inLanguage\":\"en-US\",\"@id\":\"https:\\\/\\\/digidem-bayern.de\\\/das-live-in-modell-chancen-und-herausforderungen-in-der-versorgung-von-menschen-mit-demenz\\\/#primaryimage\",\"url\":\"https:\\\/\\\/digidem-bayern.de\\\/wp-content\\\/uploads\\\/2026\\\/01\\\/shutterstock_2557229931.jpg\",\"contentUrl\":\"https:\\\/\\\/digidem-bayern.de\\\/wp-content\\\/uploads\\\/2026\\\/01\\\/shutterstock_2557229931.jpg\",\"width\":1600,\"height\":1067},{\"@type\":\"BreadcrumbList\",\"@id\":\"https:\\\/\\\/digidem-bayern.de\\\/das-live-in-modell-chancen-und-herausforderungen-in-der-versorgung-von-menschen-mit-demenz\\\/#breadcrumb\",\"itemListElement\":[{\"@type\":\"ListItem\",\"position\":1,\"name\":\"Startseite\",\"item\":\"https:\\\/\\\/digidem-bayern.de\\\/\"},{\"@type\":\"ListItem\",\"position\":2,\"name\":\"Das Live-In-Modell: Chancen und Herausforderungen in der Versorgung von Menschen mit Demenz\"}]},{\"@type\":\"WebSite\",\"@id\":\"\\\/#website\",\"url\":\"\\\/\",\"name\":\"digiDEM Bayern\",\"description\":\"Das digitale Demenzregister Bayern erforscht und verbessert die Angebotsstuktur f\u00fcr Menschen mit Demenz und deren Angeh\u00f6rige\",\"publisher\":{\"@id\":\"\\\/#organization\"},\"potentialAction\":[{\"@type\":\"SearchAction\",\"target\":{\"@type\":\"EntryPoint\",\"urlTemplate\":\"\\\/?s={search_term_string}\"},\"query-input\":{\"@type\":\"PropertyValueSpecification\",\"valueRequired\":true,\"valueName\":\"search_term_string\"}}],\"inLanguage\":\"en-US\"},{\"@type\":\"Organization\",\"@id\":\"\\\/#organization\",\"name\":\"digiDEM Bayern\",\"url\":\"\\\/\",\"logo\":{\"@type\":\"ImageObject\",\"inLanguage\":\"en-US\",\"@id\":\"\\\/#\\\/schema\\\/logo\\\/image\\\/\",\"url\":\"https:\\\/\\\/digidem-bayern.de\\\/wp-content\\\/uploads\\\/2022\\\/03\\\/cropped-Allgemeines_digiDEMLOGO-removebg-preview.png\",\"contentUrl\":\"https:\\\/\\\/digidem-bayern.de\\\/wp-content\\\/uploads\\\/2022\\\/03\\\/cropped-Allgemeines_digiDEMLOGO-removebg-preview.png\",\"width\":612,\"height\":357,\"caption\":\"digiDEM Bayern\"},\"image\":{\"@id\":\"\\\/#\\\/schema\\\/logo\\\/image\\\/\"},\"sameAs\":[\"https:\\\/\\\/www.facebook.com\\\/digiDEMBayern\\\/\",\"https:\\\/\\\/x.com\\\/digidem_bayern\",\"https:\\\/\\\/www.instagram.com\\\/digidem.bayern\",\"https:\\\/\\\/www.linkedin.com\\\/company\\\/digidem-bayern\\\/\"]},{\"@type\":\"Person\",\"@id\":\"\\\/#\\\/schema\\\/person\\\/0e8781e0653d1a8e57ca55bd2c3cb01f\",\"name\":\"Anne Keefer\",\"url\":\"https:\\\/\\\/digidem-bayern.de\\\/en\\\/author\\\/ag-webinar\\\/\"}]}<\/script>\n<!-- \/ Yoast SEO plugin. -->","yoast_head_json":{"title":"Das Live-In-Modell: Chancen und Herausforderungen in der Versorgung von Menschen mit Demenz - digiDEM Bayern","description":"Im Webinar \"digiDEM Bayern Science Watch LIVE\" behandeln Wissenschaftler ein Thema aus der Demenzforschung und stehen live f\u00fcr Fragen zur Verf\u00fcgung.","robots":{"index":"index","follow":"follow","max-snippet":"max-snippet:-1","max-image-preview":"max-image-preview:large","max-video-preview":"max-video-preview:-1"},"canonical":"https:\/\/digidem-bayern.de\/en\/das-live-in-modell-chancen-und-herausforderungen-in-der-versorgung-von-menschen-mit-demenz\/","og_locale":"en_US","og_type":"article","og_title":"Das Live-In-Modell: Chancen und Herausforderungen in der Versorgung von Menschen mit Demenz - digiDEM Bayern","og_description":"Im Webinar \"digiDEM Bayern Science Watch LIVE\" behandeln Wissenschaftler ein Thema aus der Demenzforschung und stehen live f\u00fcr Fragen zur Verf\u00fcgung.","og_url":"https:\/\/digidem-bayern.de\/en\/das-live-in-modell-chancen-und-herausforderungen-in-der-versorgung-von-menschen-mit-demenz\/","og_site_name":"digiDEM Bayern","article_publisher":"https:\/\/www.facebook.com\/digiDEMBayern\/","article_published_time":"2026-02-20T08:47:20+00:00","article_modified_time":"2026-02-20T08:59:57+00:00","og_image":[{"width":1030,"height":687,"url":"https:\/\/digidem-bayern.de\/wp-content\/uploads\/2026\/01\/shutterstock_2557229931-1030x687.jpg","type":"image\/jpeg"}],"author":"Anne Keefer","twitter_misc":{"Written by":"Anne Keefer","Est. reading time":"2 minutes"},"schema":{"@context":"https:\/\/schema.org","@graph":[{"@type":"Article","@id":"https:\/\/digidem-bayern.de\/das-live-in-modell-chancen-und-herausforderungen-in-der-versorgung-von-menschen-mit-demenz\/#article","isPartOf":{"@id":"https:\/\/digidem-bayern.de\/das-live-in-modell-chancen-und-herausforderungen-in-der-versorgung-von-menschen-mit-demenz\/"},"author":{"name":"Anne Keefer","@id":"\/#\/schema\/person\/0e8781e0653d1a8e57ca55bd2c3cb01f"},"headline":"Das Live-In-Modell: Chancen und Herausforderungen in der Versorgung von Menschen mit Demenz","datePublished":"2026-02-20T08:47:20+00:00","dateModified":"2026-02-20T08:59:57+00:00","mainEntityOfPage":{"@id":"https:\/\/digidem-bayern.de\/das-live-in-modell-chancen-und-herausforderungen-in-der-versorgung-von-menschen-mit-demenz\/"},"wordCount":257,"commentCount":0,"publisher":{"@id":"\/#organization"},"image":{"@id":"https:\/\/digidem-bayern.de\/das-live-in-modell-chancen-und-herausforderungen-in-der-versorgung-von-menschen-mit-demenz\/#primaryimage"},"thumbnailUrl":"https:\/\/digidem-bayern.de\/wp-content\/uploads\/2026\/01\/shutterstock_2557229931.jpg","keywords":["24-Stunden Pflege","Alzheimer","Aufmerksamkeit","Demenz","Demenzregister","digidem","Digitales Demenzregister Bayern","Forschung","Kognitive F\u00e4higkeiten","Live-In","Milena von Kutzleben","Uni Oldenburg","Versorgung mit Menschen"],"articleSection":["Sciene Watch Live ARCHIV"],"inLanguage":"en-US","potentialAction":[{"@type":"CommentAction","name":"Comment","target":["https:\/\/digidem-bayern.de\/das-live-in-modell-chancen-und-herausforderungen-in-der-versorgung-von-menschen-mit-demenz\/#respond"]}]},{"@type":"WebPage","@id":"https:\/\/digidem-bayern.de\/das-live-in-modell-chancen-und-herausforderungen-in-der-versorgung-von-menschen-mit-demenz\/","url":"https:\/\/digidem-bayern.de\/das-live-in-modell-chancen-und-herausforderungen-in-der-versorgung-von-menschen-mit-demenz\/","name":"Das Live-In-Modell: Chancen und Herausforderungen in der Versorgung von Menschen mit Demenz - digiDEM Bayern","isPartOf":{"@id":"\/#website"},"primaryImageOfPage":{"@id":"https:\/\/digidem-bayern.de\/das-live-in-modell-chancen-und-herausforderungen-in-der-versorgung-von-menschen-mit-demenz\/#primaryimage"},"image":{"@id":"https:\/\/digidem-bayern.de\/das-live-in-modell-chancen-und-herausforderungen-in-der-versorgung-von-menschen-mit-demenz\/#primaryimage"},"thumbnailUrl":"https:\/\/digidem-bayern.de\/wp-content\/uploads\/2026\/01\/shutterstock_2557229931.jpg","datePublished":"2026-02-20T08:47:20+00:00","dateModified":"2026-02-20T08:59:57+00:00","description":"Im Webinar \"digiDEM Bayern Science Watch LIVE\" behandeln Wissenschaftler ein Thema aus der Demenzforschung und stehen live f\u00fcr Fragen zur Verf\u00fcgung.","breadcrumb":{"@id":"https:\/\/digidem-bayern.de\/das-live-in-modell-chancen-und-herausforderungen-in-der-versorgung-von-menschen-mit-demenz\/#breadcrumb"},"inLanguage":"en-US","potentialAction":[{"@type":"ReadAction","target":["https:\/\/digidem-bayern.de\/das-live-in-modell-chancen-und-herausforderungen-in-der-versorgung-von-menschen-mit-demenz\/"]}]},{"@type":"ImageObject","inLanguage":"en-US","@id":"https:\/\/digidem-bayern.de\/das-live-in-modell-chancen-und-herausforderungen-in-der-versorgung-von-menschen-mit-demenz\/#primaryimage","url":"https:\/\/digidem-bayern.de\/wp-content\/uploads\/2026\/01\/shutterstock_2557229931.jpg","contentUrl":"https:\/\/digidem-bayern.de\/wp-content\/uploads\/2026\/01\/shutterstock_2557229931.jpg","width":1600,"height":1067},{"@type":"BreadcrumbList","@id":"https:\/\/digidem-bayern.de\/das-live-in-modell-chancen-und-herausforderungen-in-der-versorgung-von-menschen-mit-demenz\/#breadcrumb","itemListElement":[{"@type":"ListItem","position":1,"name":"Startseite","item":"https:\/\/digidem-bayern.de\/"},{"@type":"ListItem","position":2,"name":"Das Live-In-Modell: Chancen und Herausforderungen in der Versorgung von Menschen mit Demenz"}]},{"@type":"WebSite","@id":"\/#website","url":"\/","name":"digiDEM Bavaria","description":"The digital dementia register in Bavaria researches and improves the structure of services for people with dementia and their relatives","publisher":{"@id":"\/#organization"},"potentialAction":[{"@type":"SearchAction","target":{"@type":"EntryPoint","urlTemplate":"\/?s={search_term_string}"},"query-input":{"@type":"PropertyValueSpecification","valueRequired":true,"valueName":"search_term_string"}}],"inLanguage":"en-US"},{"@type":"Organization","@id":"\/#organization","name":"digiDEM Bavaria","url":"\/","logo":{"@type":"ImageObject","inLanguage":"en-US","@id":"\/#\/schema\/logo\/image\/","url":"https:\/\/digidem-bayern.de\/wp-content\/uploads\/2022\/03\/cropped-Allgemeines_digiDEMLOGO-removebg-preview.png","contentUrl":"https:\/\/digidem-bayern.de\/wp-content\/uploads\/2022\/03\/cropped-Allgemeines_digiDEMLOGO-removebg-preview.png","width":612,"height":357,"caption":"digiDEM Bayern"},"image":{"@id":"\/#\/schema\/logo\/image\/"},"sameAs":["https:\/\/www.facebook.com\/digiDEMBayern\/","https:\/\/x.com\/digidem_bayern","https:\/\/www.instagram.com\/digidem.bayern","https:\/\/www.linkedin.com\/company\/digidem-bayern\/"]},{"@type":"Person","@id":"\/#\/schema\/person\/0e8781e0653d1a8e57ca55bd2c3cb01f","name":"Anne Keefer","url":"https:\/\/digidem-bayern.de\/en\/author\/ag-webinar\/"}]}},"uagb_featured_image_src":{"full":["https:\/\/digidem-bayern.de\/wp-content\/uploads\/2026\/01\/shutterstock_2557229931.jpg",1600,1067,false],"thumbnail":["https:\/\/digidem-bayern.de\/wp-content\/uploads\/2026\/01\/shutterstock_2557229931-80x80.jpg",80,80,true],"medium":["https:\/\/digidem-bayern.de\/wp-content\/uploads\/2026\/01\/shutterstock_2557229931-300x200.jpg",300,200,true],"medium_large":["https:\/\/digidem-bayern.de\/wp-content\/uploads\/2026\/01\/shutterstock_2557229931-768x512.jpg",768,512,true],"large":["https:\/\/digidem-bayern.de\/wp-content\/uploads\/2026\/01\/shutterstock_2557229931-1030x687.jpg",1030,687,true],"1536x1536":["https:\/\/digidem-bayern.de\/wp-content\/uploads\/2026\/01\/shutterstock_2557229931-1536x1024.jpg",1536,1024,true],"2048x2048":["https:\/\/digidem-bayern.de\/wp-content\/uploads\/2026\/01\/shutterstock_2557229931-2048x1365.jpg",2048,1365,true],"trp-custom-language-flag":["https:\/\/digidem-bayern.de\/wp-content\/uploads\/2026\/01\/shutterstock_2557229931.jpg",18,12,false],"qubely_landscape":["https:\/\/digidem-bayern.de\/wp-content\/uploads\/2026\/01\/shutterstock_2557229931-1200x750.jpg",1200,750,true],"qubely_portrait":["https:\/\/digidem-bayern.de\/wp-content\/uploads\/2026\/01\/shutterstock_2557229931-540x320.jpg",540,320,true],"qubely_thumbnail":["https:\/\/digidem-bayern.de\/wp-content\/uploads\/2026\/01\/shutterstock_2557229931-140x100.jpg",140,100,true],"post-thumbnail":["https:\/\/digidem-bayern.de\/wp-content\/uploads\/2026\/01\/shutterstock_2557229931-525x350.jpg",525,350,true],"kahuna-featured":["https:\/\/digidem-bayern.de\/wp-content\/uploads\/2026\/01\/shutterstock_2557229931-734x350.jpg",734,350,true],"kahuna-featured-lp":["https:\/\/digidem-bayern.de\/wp-content\/uploads\/2026\/01\/shutterstock_2557229931-520x350.jpg",520,350,true],"kahuna-featured-half":["https:\/\/digidem-bayern.de\/wp-content\/uploads\/2026\/01\/shutterstock_2557229931-800x350.jpg",800,350,true],"kahuna-featured-third":["https:\/\/digidem-bayern.de\/wp-content\/uploads\/2026\/01\/shutterstock_2557229931-512x350.jpg",512,350,true],"kahuna-lpbox-1":["https:\/\/digidem-bayern.de\/wp-content\/uploads\/2026\/01\/shutterstock_2557229931-520x300.jpg",520,300,true],"kahuna-lpbox-2":["https:\/\/digidem-bayern.de\/wp-content\/uploads\/2026\/01\/shutterstock_2557229931-520x350.jpg",520,350,true],"demand-language-flag":["https:\/\/digidem-bayern.de\/wp-content\/uploads\/2026\/01\/shutterstock_2557229931-36x36.jpg",36,36,true],"dddkt-language-flag":["https:\/\/digidem-bayern.de\/wp-content\/uploads\/2026\/01\/shutterstock_2557229931-36x36.jpg",36,36,true],"ddiqc-language-flag":["https:\/\/digidem-bayern.de\/wp-content\/uploads\/2026\/01\/shutterstock_2557229931-36x36.jpg",36,36,true],"ddtl-language-flag":["https:\/\/digidem-bayern.de\/wp-content\/uploads\/2026\/01\/shutterstock_2557229931-36x36.jpg",36,36,true],"mailpoet_newsletter_max":["https:\/\/digidem-bayern.de\/wp-content\/uploads\/2026\/01\/shutterstock_2557229931-1320x880.jpg",1320,880,true],"kahuna-lpbox-3":["https:\/\/digidem-bayern.de\/wp-content\/uploads\/2026\/01\/shutterstock_2557229931-520x350.jpg",520,350,true],"kahuna-featured-square":["https:\/\/digidem-bayern.de\/wp-content\/uploads\/2026\/01\/shutterstock_2557229931-512x512.jpg",512,512,true],"kahuna-featured-square-large":["https:\/\/digidem-bayern.de\/wp-content\/uploads\/2026\/01\/shutterstock_2557229931-1024x1024.jpg",1024,1024,true]},"uagb_author_info":{"display_name":"Anne Keefer","author_link":"https:\/\/digidem-bayern.de\/en\/author\/ag-webinar\/"},"uagb_comment_info":1,"uagb_excerpt":"Betreuungskr\u00e4fte, die f\u00fcr einen begrenzten Zeitraum im Haushalt von Menschen mit Demenz wohnen, k\u00f6nnen eine erhebliche Entlastung f\u00fcr pflegende An- und Zugeh\u00f6rige darstellen. Diese \u201eLive-in-Hilfen\u201c, die h\u00e4ufig auch als \u201e24-Stunden-Betreuungskr\u00e4fte\u201c bezeichnet werden, haben meist keine pflegerische Berufsausbildung und sollen vor allem im Haushalt und bei allt\u00e4glichen Betreuungsaufgaben unterst\u00fctzen. H\u00e4ufig ist &hellip;","_links":{"self":[{"href":"https:\/\/digidem-bayern.de\/en\/wp-json\/wp\/v2\/posts\/48136","targetHints":{"allow":["GET"]}}],"collection":[{"href":"https:\/\/digidem-bayern.de\/en\/wp-json\/wp\/v2\/posts"}],"about":[{"href":"https:\/\/digidem-bayern.de\/en\/wp-json\/wp\/v2\/types\/post"}],"author":[{"embeddable":true,"href":"https:\/\/digidem-bayern.de\/en\/wp-json\/wp\/v2\/users\/7"}],"replies":[{"embeddable":true,"href":"https:\/\/digidem-bayern.de\/en\/wp-json\/wp\/v2\/comments?post=48136"}],"version-history":[{"count":2,"href":"https:\/\/digidem-bayern.de\/en\/wp-json\/wp\/v2\/posts\/48136\/revisions"}],"predecessor-version":[{"id":48140,"href":"https:\/\/digidem-bayern.de\/en\/wp-json\/wp\/v2\/posts\/48136\/revisions\/48140"}],"wp:featuredmedia":[{"embeddable":true,"href":"https:\/\/digidem-bayern.de\/en\/wp-json\/wp\/v2\/media\/47797"}],"wp:attachment":[{"href":"https:\/\/digidem-bayern.de\/en\/wp-json\/wp\/v2\/media?parent=48136"}],"wp:term":[{"taxonomy":"category","embeddable":true,"href":"https:\/\/digidem-bayern.de\/en\/wp-json\/wp\/v2\/categories?post=48136"},{"taxonomy":"post_tag","embeddable":true,"href":"https:\/\/digidem-bayern.de\/en\/wp-json\/wp\/v2\/tags?post=48136"}],"curies":[{"name":"wp","href":"https:\/\/api.w.org\/{rel}","templated":true}]}}