{"id":47887,"date":"2026-01-30T10:32:42","date_gmt":"2026-01-30T09:32:42","guid":{"rendered":"https:\/\/digidem-bayern.de\/?p=47887"},"modified":"2026-01-30T10:49:26","modified_gmt":"2026-01-30T09:49:26","slug":"entwicklung-der-anzahl-an-demenzerkrankungen-in-deutschland","status":"publish","type":"post","link":"https:\/\/digidem-bayern.de\/en\/entwicklung-der-anzahl-an-demenzerkrankungen-in-deutschland\/","title":{"rendered":"Entwicklung der Anzahl an Demenzerkrankungen in Deutschland"},"content":{"rendered":"<p>Durch den demografischen Wandel werden chronische und kostenintensive Erkrankungen wie Demenz zu einer zunehmenden gesamtgesellschaftlichen Herausforderung. Um dieser Entwicklung gerecht zu werden, sind Kenntnisse \u00fcber die regionale Entwicklung der Anzahl von Menschen mit Demenz erforderlich.<\/p>\n\n\n\n<p>Auf Basis dieser Daten k\u00f6nnen beispielsweise Pflegekapazit\u00e4ten, die medizinische Infrastruktur und Unterst\u00fctzungsangebote f\u00fcr Menschen mit Demenz und ihre pflegenden An- und Zugeh\u00f6rigen vorausschauend geplant werden.<\/p>\n\n\n\n<p>Dr. rer. med. Alexander Rommel ist wissenschaftlicher Mitarbeiter in der Abteilung \u201eEpidemiologie und Gesundheitsmonitoring\u201c des Robert Koch-Instituts (RKI). Dort leitet er die Krankheitslaststudie f\u00fcr Deutschland. In diesem Webinar stellt er Ergebnisse dieser Studie zu Demenzerkrankungen vor und beschreibt regionale Muster sowie zeitliche Trends. Zudem werden die Studienergebnisse u.a. im Kontext des demografischen Wandels diskutiert und eingeordnet.<\/p>\n\n\n\n<figure class=\"wp-block-embed is-type-video is-provider-youtube wp-block-embed-youtube wp-embed-aspect-16-9 wp-has-aspect-ratio\"><div class=\"wp-block-embed__wrapper\">\n<iframe loading=\"lazy\" title=\"Webinar: Entwicklung der Anzahl an Demenzerkrankungen\" width=\"1223\" height=\"688\" src=\"https:\/\/www.youtube.com\/embed\/DCBYMB99mpQ?feature=oembed\" frameborder=\"0\" allow=\"accelerometer; autoplay; clipboard-write; encrypted-media; gyroscope; picture-in-picture; web-share\" referrerpolicy=\"strict-origin-when-cross-origin\" allowfullscreen><\/iframe>\n<\/div><\/figure>\n\n\n\n<p><\/p>\n\n\n\n<p class=\"has-text-align-center\"><a href=\"https:\/\/digidem-bayern.de\/wp-content\/uploads\/2026\/01\/2026-01-27_digiDEM-Webinar_Nr77_COPYRIGHT.pdf\" data-type=\"link\" data-id=\"https:\/\/digidem-bayern.de\/wp-content\/uploads\/2024\/11\/2024-11-12_digiDEM-Webinar_Nr63_Copyright.pdf\"><strong>Hier gibt es das Webinar als PDF zum\u00a0Download<\/strong>.<\/a><\/p>\n\n\n\n<p><\/p>\n\n\n\n<p><\/p>\n\n\n\n<div class=\"wp-block-stackable-columns stk-block-columns stk-block stk-1abb464\" data-block-id=\"1abb464\"><div class=\"stk-row stk-inner-blocks stk-block-content stk-content-align stk-1abb464-column\">\n<div class=\"wp-block-stackable-column stk-block-column stk-column stk-block stk-38a7c84\" data-v=\"4\" data-block-id=\"38a7c84\"><div class=\"stk-column-wrapper stk-block-column__content stk-container stk-38a7c84-container stk--no-background stk--no-padding\"><div class=\"stk-block-content stk-inner-blocks stk-38a7c84-inner-blocks\">\n<div class=\"wp-block-uagb-team uagb-team__image-position-above uagb-team__align-center uagb-team__stack-tablet uagb-block-df5b540b\"><div class=\"uagb-team__content\"><img decoding=\"async\" class=\"uagb-team__image-crop-circle\" src=\"https:\/\/digidem-bayern.de\/wp-content\/uploads\/2022\/11\/JRUe_NEU_Quadrat.jpg\" alt=\"\" height=\"120\" width=\"120\" loading=\"lazy\"\/><h3 class=\"uagb-team__title\">Jana R\u00fchl, M. Sc.<\/h3><span class=\"uagb-team__prefix\">Wissenschaftliche Mitarbeiterin <\/span><p class=\"uagb-team__desc\">Moderation<\/p><\/div><\/div>\n<\/div><\/div><\/div>\n\n\n\n<div class=\"wp-block-stackable-column stk-block-column stk-column stk-block stk-3aae72b\" data-v=\"4\" data-block-id=\"3aae72b\"><div class=\"stk-column-wrapper stk-block-column__content stk-container stk-3aae72b-container stk--no-background stk--no-padding\"><div class=\"stk-block-content stk-inner-blocks stk-3aae72b-inner-blocks\">\n<div class=\"wp-block-uagb-team uagb-team__image-position-above uagb-team__align-center uagb-team__stack-tablet uagb-block-7e64a8eb\"><div class=\"uagb-team__content\"><img decoding=\"async\" class=\"uagb-team__image-crop-circle\" src=\"https:\/\/digidem-bayern.de\/wp-content\/uploads\/2022\/11\/AKE_NEU_Qudarat.jpg\" alt=\"\" height=\"120\" width=\"120\" loading=\"lazy\"\/><h3 class=\"uagb-team__title\">Anne Keefer, M. Sc.<\/h3><span class=\"uagb-team__prefix\">Wissenschaftliche Mitarbeiterin <\/span><p class=\"uagb-team__desc\">Chatroom und Betreuung<\/p><\/div><\/div>\n<\/div><\/div><\/div>\n<\/div><\/div>\n\n\n\n<p><\/p>","protected":false},"excerpt":{"rendered":"<p>Durch den demografischen Wandel werden chronische und kostenintensive Erkrankungen wie Demenz zu einer zunehmenden gesamtgesellschaftlichen Herausforderung. Um dieser Entwicklung gerecht zu werden, sind Kenntnisse \u00fcber die regionale Entwicklung der Anzahl von Menschen mit Demenz erforderlich. Auf Basis dieser Daten k\u00f6nnen beispielsweise Pflegekapazit\u00e4ten, die medizinische Infrastruktur und Unterst\u00fctzungsangebote f\u00fcr Menschen mit &hellip;<\/p>","protected":false},"author":7,"featured_media":47890,"comment_status":"open","ping_status":"closed","sticky":false,"template":"","format":"standard","meta":{"qubely_global_settings":"true","qubely_interactions":"","_uag_custom_page_level_css":"","footnotes":""},"categories":[123],"tags":[13,1710,12,38,14,55,1815,1771,1769,1770,400,1113,1836,1816,1835],"class_list":["post-47887","post","type-post","status-publish","format-standard","has-post-thumbnail","hentry","category-sciene-watch-live-archiv","tag-alzheimer","tag-aufmerksamkeit","tag-demenz-2","tag-demenzregister","tag-digidem","tag-digitales-demenzregister-bayern","tag-dr-dr-michael-waechter","tag-forschung","tag-icon","tag-icon-clinical-research","tag-kognitive-faehigkeiten","tag-medical-valley-emn-e-v","tag-medizin-fuer-demenz","tag-museum","tag-uni-dresden"],"qubely_featured_image_url":{"full":["https:\/\/digidem-bayern.de\/wp-content\/uploads\/2026\/01\/shutterstock_595170209-002.jpg",1600,870,false],"landscape":["https:\/\/digidem-bayern.de\/wp-content\/uploads\/2026\/01\/shutterstock_595170209-002-1200x750.jpg",1200,750,true],"portraits":["https:\/\/digidem-bayern.de\/wp-content\/uploads\/2026\/01\/shutterstock_595170209-002-540x320.jpg",540,320,true],"thumbnail":["https:\/\/digidem-bayern.de\/wp-content\/uploads\/2026\/01\/shutterstock_595170209-002-80x80.jpg",80,80,true],"medium":["https:\/\/digidem-bayern.de\/wp-content\/uploads\/2026\/01\/shutterstock_595170209-002-300x163.jpg",300,163,true],"medium_large":["https:\/\/digidem-bayern.de\/wp-content\/uploads\/2026\/01\/shutterstock_595170209-002-768x417.jpg",768,417,true],"large":["https:\/\/digidem-bayern.de\/wp-content\/uploads\/2026\/01\/shutterstock_595170209-002-1030x560.jpg",1030,560,true],"1536x1536":["https:\/\/digidem-bayern.de\/wp-content\/uploads\/2026\/01\/shutterstock_595170209-002-1536x835.jpg",1536,835,true],"2048x2048":["https:\/\/digidem-bayern.de\/wp-content\/uploads\/2026\/01\/shutterstock_595170209-002-2048x1113.jpg",2048,1113,true],"trp-custom-language-flag":["https:\/\/digidem-bayern.de\/wp-content\/uploads\/2026\/01\/shutterstock_595170209-002.jpg",18,10,false],"qubely_landscape":["https:\/\/digidem-bayern.de\/wp-content\/uploads\/2026\/01\/shutterstock_595170209-002-1200x750.jpg",1200,750,true],"qubely_portrait":["https:\/\/digidem-bayern.de\/wp-content\/uploads\/2026\/01\/shutterstock_595170209-002-540x320.jpg",540,320,true],"qubely_thumbnail":["https:\/\/digidem-bayern.de\/wp-content\/uploads\/2026\/01\/shutterstock_595170209-002-140x100.jpg",140,100,true],"post-thumbnail":["https:\/\/digidem-bayern.de\/wp-content\/uploads\/2026\/01\/shutterstock_595170209-002-644x350.jpg",644,350,true],"kahuna-featured":["https:\/\/digidem-bayern.de\/wp-content\/uploads\/2026\/01\/shutterstock_595170209-002-734x350.jpg",734,350,true],"kahuna-featured-lp":["https:\/\/digidem-bayern.de\/wp-content\/uploads\/2026\/01\/shutterstock_595170209-002-520x350.jpg",520,350,true],"kahuna-featured-half":["https:\/\/digidem-bayern.de\/wp-content\/uploads\/2026\/01\/shutterstock_595170209-002-800x350.jpg",800,350,true],"kahuna-featured-third":["https:\/\/digidem-bayern.de\/wp-content\/uploads\/2026\/01\/shutterstock_595170209-002-512x350.jpg",512,350,true],"kahuna-lpbox-1":["https:\/\/digidem-bayern.de\/wp-content\/uploads\/2026\/01\/shutterstock_595170209-002-520x300.jpg",520,300,true],"kahuna-lpbox-2":["https:\/\/digidem-bayern.de\/wp-content\/uploads\/2026\/01\/shutterstock_595170209-002-520x350.jpg",520,350,true],"demand-language-flag":["https:\/\/digidem-bayern.de\/wp-content\/uploads\/2026\/01\/shutterstock_595170209-002-36x36.jpg",36,36,true],"dddkt-language-flag":["https:\/\/digidem-bayern.de\/wp-content\/uploads\/2026\/01\/shutterstock_595170209-002-36x36.jpg",36,36,true],"ddiqc-language-flag":["https:\/\/digidem-bayern.de\/wp-content\/uploads\/2026\/01\/shutterstock_595170209-002-36x36.jpg",36,36,true],"ddtl-language-flag":["https:\/\/digidem-bayern.de\/wp-content\/uploads\/2026\/01\/shutterstock_595170209-002-36x36.jpg",36,36,true],"mailpoet_newsletter_max":["https:\/\/digidem-bayern.de\/wp-content\/uploads\/2026\/01\/shutterstock_595170209-002-1320x717.jpg",1320,717,true],"kahuna-lpbox-3":["https:\/\/digidem-bayern.de\/wp-content\/uploads\/2026\/01\/shutterstock_595170209-002-520x350.jpg",520,350,true],"kahuna-featured-square":["https:\/\/digidem-bayern.de\/wp-content\/uploads\/2026\/01\/shutterstock_595170209-002-512x512.jpg",512,512,true],"kahuna-featured-square-large":["https:\/\/digidem-bayern.de\/wp-content\/uploads\/2026\/01\/shutterstock_595170209-002-1024x1024.jpg",1024,1024,true]},"qubely_author":{"display_name":"Anne Keefer","author_link":"https:\/\/digidem-bayern.de\/en\/author\/ag-webinar\/"},"qubely_comment":17,"qubely_category":"<a href=\"https:\/\/digidem-bayern.de\/en\/category\/sciene-watch-live-archiv\/\" rel=\"category tag\">Sciene Watch Live ARCHIV<\/a>","qubely_excerpt":"Durch den demografischen Wandel werden chronische und kostenintensive Erkrankungen wie Demenz zu einer zunehmenden gesamtgesellschaftlichen Herausforderung. Um dieser Entwicklung gerecht zu werden, sind Kenntnisse \u00fcber die regionale Entwicklung der Anzahl von Menschen mit Demenz erforderlich. Auf Basis dieser Daten k\u00f6nnen beispielsweise Pflegekapazit\u00e4ten, die medizinische Infrastruktur und Unterst\u00fctzungsangebote f\u00fcr Menschen mit &hellip;","featured_image_urls_v2":{"full":["https:\/\/digidem-bayern.de\/wp-content\/uploads\/2026\/01\/shutterstock_595170209-002.jpg",1600,870,false],"thumbnail":["https:\/\/digidem-bayern.de\/wp-content\/uploads\/2026\/01\/shutterstock_595170209-002-80x80.jpg",80,80,true],"medium":["https:\/\/digidem-bayern.de\/wp-content\/uploads\/2026\/01\/shutterstock_595170209-002-300x163.jpg",300,163,true],"medium_large":["https:\/\/digidem-bayern.de\/wp-content\/uploads\/2026\/01\/shutterstock_595170209-002-768x417.jpg",768,417,true],"large":["https:\/\/digidem-bayern.de\/wp-content\/uploads\/2026\/01\/shutterstock_595170209-002-1030x560.jpg",1030,560,true],"1536x1536":["https:\/\/digidem-bayern.de\/wp-content\/uploads\/2026\/01\/shutterstock_595170209-002-1536x835.jpg",1536,835,true],"2048x2048":["https:\/\/digidem-bayern.de\/wp-content\/uploads\/2026\/01\/shutterstock_595170209-002-2048x1113.jpg",2048,1113,true],"trp-custom-language-flag":["https:\/\/digidem-bayern.de\/wp-content\/uploads\/2026\/01\/shutterstock_595170209-002.jpg",18,10,false],"qubely_landscape":["https:\/\/digidem-bayern.de\/wp-content\/uploads\/2026\/01\/shutterstock_595170209-002-1200x750.jpg",1200,750,true],"qubely_portrait":["https:\/\/digidem-bayern.de\/wp-content\/uploads\/2026\/01\/shutterstock_595170209-002-540x320.jpg",540,320,true],"qubely_thumbnail":["https:\/\/digidem-bayern.de\/wp-content\/uploads\/2026\/01\/shutterstock_595170209-002-140x100.jpg",140,100,true],"post-thumbnail":["https:\/\/digidem-bayern.de\/wp-content\/uploads\/2026\/01\/shutterstock_595170209-002-644x350.jpg",644,350,true],"kahuna-featured":["https:\/\/digidem-bayern.de\/wp-content\/uploads\/2026\/01\/shutterstock_595170209-002-734x350.jpg",734,350,true],"kahuna-featured-lp":["https:\/\/digidem-bayern.de\/wp-content\/uploads\/2026\/01\/shutterstock_595170209-002-520x350.jpg",520,350,true],"kahuna-featured-half":["https:\/\/digidem-bayern.de\/wp-content\/uploads\/2026\/01\/shutterstock_595170209-002-800x350.jpg",800,350,true],"kahuna-featured-third":["https:\/\/digidem-bayern.de\/wp-content\/uploads\/2026\/01\/shutterstock_595170209-002-512x350.jpg",512,350,true],"kahuna-lpbox-1":["https:\/\/digidem-bayern.de\/wp-content\/uploads\/2026\/01\/shutterstock_595170209-002-520x300.jpg",520,300,true],"kahuna-lpbox-2":["https:\/\/digidem-bayern.de\/wp-content\/uploads\/2026\/01\/shutterstock_595170209-002-520x350.jpg",520,350,true],"demand-language-flag":["https:\/\/digidem-bayern.de\/wp-content\/uploads\/2026\/01\/shutterstock_595170209-002-36x36.jpg",36,36,true],"dddkt-language-flag":["https:\/\/digidem-bayern.de\/wp-content\/uploads\/2026\/01\/shutterstock_595170209-002-36x36.jpg",36,36,true],"ddiqc-language-flag":["https:\/\/digidem-bayern.de\/wp-content\/uploads\/2026\/01\/shutterstock_595170209-002-36x36.jpg",36,36,true],"ddtl-language-flag":["https:\/\/digidem-bayern.de\/wp-content\/uploads\/2026\/01\/shutterstock_595170209-002-36x36.jpg",36,36,true],"mailpoet_newsletter_max":["https:\/\/digidem-bayern.de\/wp-content\/uploads\/2026\/01\/shutterstock_595170209-002-1320x717.jpg",1320,717,true],"kahuna-lpbox-3":["https:\/\/digidem-bayern.de\/wp-content\/uploads\/2026\/01\/shutterstock_595170209-002-520x350.jpg",520,350,true],"kahuna-featured-square":["https:\/\/digidem-bayern.de\/wp-content\/uploads\/2026\/01\/shutterstock_595170209-002-512x512.jpg",512,512,true],"kahuna-featured-square-large":["https:\/\/digidem-bayern.de\/wp-content\/uploads\/2026\/01\/shutterstock_595170209-002-1024x1024.jpg",1024,1024,true]},"post_excerpt_stackable_v2":"<p>Durch den demografischen Wandel werden chronische und kostenintensive Erkrankungen wie Demenz zu einer zunehmenden gesamtgesellschaftlichen Herausforderung. Um dieser Entwicklung gerecht zu werden, sind Kenntnisse \u00fcber die regionale Entwicklung der Anzahl von Menschen mit Demenz erforderlich. Auf Basis dieser Daten k\u00f6nnen beispielsweise Pflegekapazit\u00e4ten, die medizinische Infrastruktur und Unterst\u00fctzungsangebote f\u00fcr Menschen mit Demenz und ihre pflegenden An- und Zugeh\u00f6rigen vorausschauend geplant werden. Dr. rer. med. Alexander Rommel ist wissenschaftlicher Mitarbeiter in der Abteilung \u201eEpidemiologie und Gesundheitsmonitoring\u201c des Robert Koch-Instituts (RKI). Dort leitet er die Krankheitslaststudie f\u00fcr Deutschland. In diesem Webinar stellt er Ergebnisse dieser Studie zu Demenzerkrankungen vor und beschreibt regionale Muster&hellip;<\/p>\n","category_list_v2":"<a href=\"https:\/\/digidem-bayern.de\/en\/category\/sciene-watch-live-archiv\/\" rel=\"category tag\">Sciene Watch Live ARCHIV<\/a>","author_info_v2":{"name":"Anne Keefer","url":"https:\/\/digidem-bayern.de\/en\/author\/ag-webinar\/"},"comments_num_v2":"0 comments","yoast_head":"<!-- This site is optimized with the Yoast SEO plugin v27.4 - https:\/\/yoast.com\/product\/yoast-seo-wordpress\/ -->\n<title>Entwicklung der Anzahl an Demenzerkrankungen in Deutschland - digiDEM Bayern<\/title>\n<meta name=\"description\" content=\"Im Webinar &quot;digiDEM Bayern Science Watch LIVE&quot; behandeln Wissenschaftler ein Thema aus der Demenzforschung und stehen live f\u00fcr Fragen zur Verf\u00fcgung.\" \/>\n<meta name=\"robots\" content=\"index, follow, max-snippet:-1, max-image-preview:large, max-video-preview:-1\" \/>\n<link rel=\"canonical\" href=\"https:\/\/digidem-bayern.de\/en\/entwicklung-der-anzahl-an-demenzerkrankungen-in-deutschland\/\" \/>\n<meta property=\"og:locale\" content=\"en_US\" \/>\n<meta property=\"og:type\" content=\"article\" \/>\n<meta property=\"og:title\" content=\"Entwicklung der Anzahl an Demenzerkrankungen in Deutschland - digiDEM Bayern\" \/>\n<meta property=\"og:description\" content=\"Im Webinar &quot;digiDEM Bayern Science Watch LIVE&quot; behandeln Wissenschaftler ein Thema aus der Demenzforschung und stehen live f\u00fcr Fragen zur Verf\u00fcgung.\" \/>\n<meta property=\"og:url\" content=\"https:\/\/digidem-bayern.de\/en\/entwicklung-der-anzahl-an-demenzerkrankungen-in-deutschland\/\" \/>\n<meta property=\"og:site_name\" content=\"digiDEM Bayern\" \/>\n<meta property=\"article:publisher\" content=\"https:\/\/www.facebook.com\/digiDEMBayern\/\" \/>\n<meta property=\"article:published_time\" content=\"2026-01-30T09:32:42+00:00\" \/>\n<meta property=\"article:modified_time\" content=\"2026-01-30T09:49:26+00:00\" \/>\n<meta property=\"og:image\" content=\"https:\/\/digidem-bayern.de\/wp-content\/uploads\/2026\/01\/shutterstock_595170209-002-1030x560.jpg\" \/>\n\t<meta property=\"og:image:width\" content=\"1030\" \/>\n\t<meta property=\"og:image:height\" content=\"560\" \/>\n\t<meta property=\"og:image:type\" content=\"image\/jpeg\" \/>\n<meta name=\"author\" content=\"Anne Keefer\" \/>\n<meta name=\"twitter:label1\" content=\"Written by\" \/>\n\t<meta name=\"twitter:data1\" content=\"Anne Keefer\" \/>\n\t<meta name=\"twitter:label2\" content=\"Est. reading time\" \/>\n\t<meta name=\"twitter:data2\" content=\"2 minutes\" \/>\n<script type=\"application\/ld+json\" class=\"yoast-schema-graph\">{\"@context\":\"https:\\\/\\\/schema.org\",\"@graph\":[{\"@type\":\"Article\",\"@id\":\"https:\\\/\\\/digidem-bayern.de\\\/entwicklung-der-anzahl-an-demenzerkrankungen-in-deutschland\\\/#article\",\"isPartOf\":{\"@id\":\"https:\\\/\\\/digidem-bayern.de\\\/entwicklung-der-anzahl-an-demenzerkrankungen-in-deutschland\\\/\"},\"author\":{\"name\":\"Anne Keefer\",\"@id\":\"\\\/#\\\/schema\\\/person\\\/0e8781e0653d1a8e57ca55bd2c3cb01f\"},\"headline\":\"Entwicklung der Anzahl an Demenzerkrankungen in Deutschland\",\"datePublished\":\"2026-01-30T09:32:42+00:00\",\"dateModified\":\"2026-01-30T09:49:26+00:00\",\"mainEntityOfPage\":{\"@id\":\"https:\\\/\\\/digidem-bayern.de\\\/entwicklung-der-anzahl-an-demenzerkrankungen-in-deutschland\\\/\"},\"wordCount\":161,\"commentCount\":0,\"publisher\":{\"@id\":\"\\\/#organization\"},\"image\":{\"@id\":\"https:\\\/\\\/digidem-bayern.de\\\/entwicklung-der-anzahl-an-demenzerkrankungen-in-deutschland\\\/#primaryimage\"},\"thumbnailUrl\":\"https:\\\/\\\/digidem-bayern.de\\\/wp-content\\\/uploads\\\/2026\\\/01\\\/shutterstock_595170209-002.jpg\",\"keywords\":[\"Alzheimer\",\"Aufmerksamkeit\",\"Demenz\",\"Demenzregister\",\"digidem\",\"Digitales Demenzregister Bayern\",\"Dr. Dr. Michael W\u00e4chter\",\"Forschung\",\"ICON\",\"ICON Clinical Research\",\"Kognitive F\u00e4higkeiten\",\"Medical Valley EMN e.V.\",\"Medizin f\u00fcr Demenz\",\"Museum\",\"Uni Dresden\"],\"articleSection\":[\"Sciene Watch Live ARCHIV\"],\"inLanguage\":\"en-US\",\"potentialAction\":[{\"@type\":\"CommentAction\",\"name\":\"Comment\",\"target\":[\"https:\\\/\\\/digidem-bayern.de\\\/entwicklung-der-anzahl-an-demenzerkrankungen-in-deutschland\\\/#respond\"]}]},{\"@type\":\"WebPage\",\"@id\":\"https:\\\/\\\/digidem-bayern.de\\\/entwicklung-der-anzahl-an-demenzerkrankungen-in-deutschland\\\/\",\"url\":\"https:\\\/\\\/digidem-bayern.de\\\/entwicklung-der-anzahl-an-demenzerkrankungen-in-deutschland\\\/\",\"name\":\"Entwicklung der Anzahl an Demenzerkrankungen in Deutschland - digiDEM Bayern\",\"isPartOf\":{\"@id\":\"\\\/#website\"},\"primaryImageOfPage\":{\"@id\":\"https:\\\/\\\/digidem-bayern.de\\\/entwicklung-der-anzahl-an-demenzerkrankungen-in-deutschland\\\/#primaryimage\"},\"image\":{\"@id\":\"https:\\\/\\\/digidem-bayern.de\\\/entwicklung-der-anzahl-an-demenzerkrankungen-in-deutschland\\\/#primaryimage\"},\"thumbnailUrl\":\"https:\\\/\\\/digidem-bayern.de\\\/wp-content\\\/uploads\\\/2026\\\/01\\\/shutterstock_595170209-002.jpg\",\"datePublished\":\"2026-01-30T09:32:42+00:00\",\"dateModified\":\"2026-01-30T09:49:26+00:00\",\"description\":\"Im Webinar \\\"digiDEM Bayern Science Watch LIVE\\\" behandeln Wissenschaftler ein Thema aus der Demenzforschung und stehen live f\u00fcr Fragen zur Verf\u00fcgung.\",\"breadcrumb\":{\"@id\":\"https:\\\/\\\/digidem-bayern.de\\\/entwicklung-der-anzahl-an-demenzerkrankungen-in-deutschland\\\/#breadcrumb\"},\"inLanguage\":\"en-US\",\"potentialAction\":[{\"@type\":\"ReadAction\",\"target\":[\"https:\\\/\\\/digidem-bayern.de\\\/entwicklung-der-anzahl-an-demenzerkrankungen-in-deutschland\\\/\"]}]},{\"@type\":\"ImageObject\",\"inLanguage\":\"en-US\",\"@id\":\"https:\\\/\\\/digidem-bayern.de\\\/entwicklung-der-anzahl-an-demenzerkrankungen-in-deutschland\\\/#primaryimage\",\"url\":\"https:\\\/\\\/digidem-bayern.de\\\/wp-content\\\/uploads\\\/2026\\\/01\\\/shutterstock_595170209-002.jpg\",\"contentUrl\":\"https:\\\/\\\/digidem-bayern.de\\\/wp-content\\\/uploads\\\/2026\\\/01\\\/shutterstock_595170209-002.jpg\",\"width\":1600,\"height\":870},{\"@type\":\"BreadcrumbList\",\"@id\":\"https:\\\/\\\/digidem-bayern.de\\\/entwicklung-der-anzahl-an-demenzerkrankungen-in-deutschland\\\/#breadcrumb\",\"itemListElement\":[{\"@type\":\"ListItem\",\"position\":1,\"name\":\"Startseite\",\"item\":\"https:\\\/\\\/digidem-bayern.de\\\/\"},{\"@type\":\"ListItem\",\"position\":2,\"name\":\"Entwicklung der Anzahl an Demenzerkrankungen in Deutschland\"}]},{\"@type\":\"WebSite\",\"@id\":\"\\\/#website\",\"url\":\"\\\/\",\"name\":\"digiDEM Bayern\",\"description\":\"Das digitale Demenzregister Bayern erforscht und verbessert die Angebotsstuktur f\u00fcr Menschen mit Demenz und deren Angeh\u00f6rige\",\"publisher\":{\"@id\":\"\\\/#organization\"},\"potentialAction\":[{\"@type\":\"SearchAction\",\"target\":{\"@type\":\"EntryPoint\",\"urlTemplate\":\"\\\/?s={search_term_string}\"},\"query-input\":{\"@type\":\"PropertyValueSpecification\",\"valueRequired\":true,\"valueName\":\"search_term_string\"}}],\"inLanguage\":\"en-US\"},{\"@type\":\"Organization\",\"@id\":\"\\\/#organization\",\"name\":\"digiDEM Bayern\",\"url\":\"\\\/\",\"logo\":{\"@type\":\"ImageObject\",\"inLanguage\":\"en-US\",\"@id\":\"\\\/#\\\/schema\\\/logo\\\/image\\\/\",\"url\":\"https:\\\/\\\/digidem-bayern.de\\\/wp-content\\\/uploads\\\/2022\\\/03\\\/cropped-Allgemeines_digiDEMLOGO-removebg-preview.png\",\"contentUrl\":\"https:\\\/\\\/digidem-bayern.de\\\/wp-content\\\/uploads\\\/2022\\\/03\\\/cropped-Allgemeines_digiDEMLOGO-removebg-preview.png\",\"width\":612,\"height\":357,\"caption\":\"digiDEM Bayern\"},\"image\":{\"@id\":\"\\\/#\\\/schema\\\/logo\\\/image\\\/\"},\"sameAs\":[\"https:\\\/\\\/www.facebook.com\\\/digiDEMBayern\\\/\",\"https:\\\/\\\/x.com\\\/digidem_bayern\",\"https:\\\/\\\/www.instagram.com\\\/digidem.bayern\",\"https:\\\/\\\/www.linkedin.com\\\/company\\\/digidem-bayern\\\/\"]},{\"@type\":\"Person\",\"@id\":\"\\\/#\\\/schema\\\/person\\\/0e8781e0653d1a8e57ca55bd2c3cb01f\",\"name\":\"Anne Keefer\",\"url\":\"https:\\\/\\\/digidem-bayern.de\\\/en\\\/author\\\/ag-webinar\\\/\"}]}<\/script>\n<!-- \/ Yoast SEO plugin. -->","yoast_head_json":{"title":"Entwicklung der Anzahl an Demenzerkrankungen in Deutschland - digiDEM Bayern","description":"Im Webinar \"digiDEM Bayern Science Watch LIVE\" behandeln Wissenschaftler ein Thema aus der Demenzforschung und stehen live f\u00fcr Fragen zur Verf\u00fcgung.","robots":{"index":"index","follow":"follow","max-snippet":"max-snippet:-1","max-image-preview":"max-image-preview:large","max-video-preview":"max-video-preview:-1"},"canonical":"https:\/\/digidem-bayern.de\/en\/entwicklung-der-anzahl-an-demenzerkrankungen-in-deutschland\/","og_locale":"en_US","og_type":"article","og_title":"Entwicklung der Anzahl an Demenzerkrankungen in Deutschland - digiDEM Bayern","og_description":"Im Webinar \"digiDEM Bayern Science Watch LIVE\" behandeln Wissenschaftler ein Thema aus der Demenzforschung und stehen live f\u00fcr Fragen zur Verf\u00fcgung.","og_url":"https:\/\/digidem-bayern.de\/en\/entwicklung-der-anzahl-an-demenzerkrankungen-in-deutschland\/","og_site_name":"digiDEM Bayern","article_publisher":"https:\/\/www.facebook.com\/digiDEMBayern\/","article_published_time":"2026-01-30T09:32:42+00:00","article_modified_time":"2026-01-30T09:49:26+00:00","og_image":[{"width":1030,"height":560,"url":"https:\/\/digidem-bayern.de\/wp-content\/uploads\/2026\/01\/shutterstock_595170209-002-1030x560.jpg","type":"image\/jpeg"}],"author":"Anne Keefer","twitter_misc":{"Written by":"Anne Keefer","Est. reading time":"2 minutes"},"schema":{"@context":"https:\/\/schema.org","@graph":[{"@type":"Article","@id":"https:\/\/digidem-bayern.de\/entwicklung-der-anzahl-an-demenzerkrankungen-in-deutschland\/#article","isPartOf":{"@id":"https:\/\/digidem-bayern.de\/entwicklung-der-anzahl-an-demenzerkrankungen-in-deutschland\/"},"author":{"name":"Anne Keefer","@id":"\/#\/schema\/person\/0e8781e0653d1a8e57ca55bd2c3cb01f"},"headline":"Entwicklung der Anzahl an Demenzerkrankungen in Deutschland","datePublished":"2026-01-30T09:32:42+00:00","dateModified":"2026-01-30T09:49:26+00:00","mainEntityOfPage":{"@id":"https:\/\/digidem-bayern.de\/entwicklung-der-anzahl-an-demenzerkrankungen-in-deutschland\/"},"wordCount":161,"commentCount":0,"publisher":{"@id":"\/#organization"},"image":{"@id":"https:\/\/digidem-bayern.de\/entwicklung-der-anzahl-an-demenzerkrankungen-in-deutschland\/#primaryimage"},"thumbnailUrl":"https:\/\/digidem-bayern.de\/wp-content\/uploads\/2026\/01\/shutterstock_595170209-002.jpg","keywords":["Alzheimer","Aufmerksamkeit","Demenz","Demenzregister","digidem","Digitales Demenzregister Bayern","Dr. Dr. Michael W\u00e4chter","Forschung","ICON","ICON Clinical Research","Kognitive F\u00e4higkeiten","Medical Valley EMN e.V.","Medizin f\u00fcr Demenz","Museum","Uni Dresden"],"articleSection":["Sciene Watch Live ARCHIV"],"inLanguage":"en-US","potentialAction":[{"@type":"CommentAction","name":"Comment","target":["https:\/\/digidem-bayern.de\/entwicklung-der-anzahl-an-demenzerkrankungen-in-deutschland\/#respond"]}]},{"@type":"WebPage","@id":"https:\/\/digidem-bayern.de\/entwicklung-der-anzahl-an-demenzerkrankungen-in-deutschland\/","url":"https:\/\/digidem-bayern.de\/entwicklung-der-anzahl-an-demenzerkrankungen-in-deutschland\/","name":"Entwicklung der Anzahl an Demenzerkrankungen in Deutschland - digiDEM Bayern","isPartOf":{"@id":"\/#website"},"primaryImageOfPage":{"@id":"https:\/\/digidem-bayern.de\/entwicklung-der-anzahl-an-demenzerkrankungen-in-deutschland\/#primaryimage"},"image":{"@id":"https:\/\/digidem-bayern.de\/entwicklung-der-anzahl-an-demenzerkrankungen-in-deutschland\/#primaryimage"},"thumbnailUrl":"https:\/\/digidem-bayern.de\/wp-content\/uploads\/2026\/01\/shutterstock_595170209-002.jpg","datePublished":"2026-01-30T09:32:42+00:00","dateModified":"2026-01-30T09:49:26+00:00","description":"Im Webinar \"digiDEM Bayern Science Watch LIVE\" behandeln Wissenschaftler ein Thema aus der Demenzforschung und stehen live f\u00fcr Fragen zur Verf\u00fcgung.","breadcrumb":{"@id":"https:\/\/digidem-bayern.de\/entwicklung-der-anzahl-an-demenzerkrankungen-in-deutschland\/#breadcrumb"},"inLanguage":"en-US","potentialAction":[{"@type":"ReadAction","target":["https:\/\/digidem-bayern.de\/entwicklung-der-anzahl-an-demenzerkrankungen-in-deutschland\/"]}]},{"@type":"ImageObject","inLanguage":"en-US","@id":"https:\/\/digidem-bayern.de\/entwicklung-der-anzahl-an-demenzerkrankungen-in-deutschland\/#primaryimage","url":"https:\/\/digidem-bayern.de\/wp-content\/uploads\/2026\/01\/shutterstock_595170209-002.jpg","contentUrl":"https:\/\/digidem-bayern.de\/wp-content\/uploads\/2026\/01\/shutterstock_595170209-002.jpg","width":1600,"height":870},{"@type":"BreadcrumbList","@id":"https:\/\/digidem-bayern.de\/entwicklung-der-anzahl-an-demenzerkrankungen-in-deutschland\/#breadcrumb","itemListElement":[{"@type":"ListItem","position":1,"name":"Startseite","item":"https:\/\/digidem-bayern.de\/"},{"@type":"ListItem","position":2,"name":"Entwicklung der Anzahl an Demenzerkrankungen in Deutschland"}]},{"@type":"WebSite","@id":"\/#website","url":"\/","name":"digiDEM Bavaria","description":"The digital dementia register in Bavaria researches and improves the structure of services for people with dementia and their relatives","publisher":{"@id":"\/#organization"},"potentialAction":[{"@type":"SearchAction","target":{"@type":"EntryPoint","urlTemplate":"\/?s={search_term_string}"},"query-input":{"@type":"PropertyValueSpecification","valueRequired":true,"valueName":"search_term_string"}}],"inLanguage":"en-US"},{"@type":"Organization","@id":"\/#organization","name":"digiDEM Bavaria","url":"\/","logo":{"@type":"ImageObject","inLanguage":"en-US","@id":"\/#\/schema\/logo\/image\/","url":"https:\/\/digidem-bayern.de\/wp-content\/uploads\/2022\/03\/cropped-Allgemeines_digiDEMLOGO-removebg-preview.png","contentUrl":"https:\/\/digidem-bayern.de\/wp-content\/uploads\/2022\/03\/cropped-Allgemeines_digiDEMLOGO-removebg-preview.png","width":612,"height":357,"caption":"digiDEM Bayern"},"image":{"@id":"\/#\/schema\/logo\/image\/"},"sameAs":["https:\/\/www.facebook.com\/digiDEMBayern\/","https:\/\/x.com\/digidem_bayern","https:\/\/www.instagram.com\/digidem.bayern","https:\/\/www.linkedin.com\/company\/digidem-bayern\/"]},{"@type":"Person","@id":"\/#\/schema\/person\/0e8781e0653d1a8e57ca55bd2c3cb01f","name":"Anne Keefer","url":"https:\/\/digidem-bayern.de\/en\/author\/ag-webinar\/"}]}},"uagb_featured_image_src":{"full":["https:\/\/digidem-bayern.de\/wp-content\/uploads\/2026\/01\/shutterstock_595170209-002.jpg",1600,870,false],"thumbnail":["https:\/\/digidem-bayern.de\/wp-content\/uploads\/2026\/01\/shutterstock_595170209-002-80x80.jpg",80,80,true],"medium":["https:\/\/digidem-bayern.de\/wp-content\/uploads\/2026\/01\/shutterstock_595170209-002-300x163.jpg",300,163,true],"medium_large":["https:\/\/digidem-bayern.de\/wp-content\/uploads\/2026\/01\/shutterstock_595170209-002-768x417.jpg",768,417,true],"large":["https:\/\/digidem-bayern.de\/wp-content\/uploads\/2026\/01\/shutterstock_595170209-002-1030x560.jpg",1030,560,true],"1536x1536":["https:\/\/digidem-bayern.de\/wp-content\/uploads\/2026\/01\/shutterstock_595170209-002-1536x835.jpg",1536,835,true],"2048x2048":["https:\/\/digidem-bayern.de\/wp-content\/uploads\/2026\/01\/shutterstock_595170209-002-2048x1113.jpg",2048,1113,true],"trp-custom-language-flag":["https:\/\/digidem-bayern.de\/wp-content\/uploads\/2026\/01\/shutterstock_595170209-002.jpg",18,10,false],"qubely_landscape":["https:\/\/digidem-bayern.de\/wp-content\/uploads\/2026\/01\/shutterstock_595170209-002-1200x750.jpg",1200,750,true],"qubely_portrait":["https:\/\/digidem-bayern.de\/wp-content\/uploads\/2026\/01\/shutterstock_595170209-002-540x320.jpg",540,320,true],"qubely_thumbnail":["https:\/\/digidem-bayern.de\/wp-content\/uploads\/2026\/01\/shutterstock_595170209-002-140x100.jpg",140,100,true],"post-thumbnail":["https:\/\/digidem-bayern.de\/wp-content\/uploads\/2026\/01\/shutterstock_595170209-002-644x350.jpg",644,350,true],"kahuna-featured":["https:\/\/digidem-bayern.de\/wp-content\/uploads\/2026\/01\/shutterstock_595170209-002-734x350.jpg",734,350,true],"kahuna-featured-lp":["https:\/\/digidem-bayern.de\/wp-content\/uploads\/2026\/01\/shutterstock_595170209-002-520x350.jpg",520,350,true],"kahuna-featured-half":["https:\/\/digidem-bayern.de\/wp-content\/uploads\/2026\/01\/shutterstock_595170209-002-800x350.jpg",800,350,true],"kahuna-featured-third":["https:\/\/digidem-bayern.de\/wp-content\/uploads\/2026\/01\/shutterstock_595170209-002-512x350.jpg",512,350,true],"kahuna-lpbox-1":["https:\/\/digidem-bayern.de\/wp-content\/uploads\/2026\/01\/shutterstock_595170209-002-520x300.jpg",520,300,true],"kahuna-lpbox-2":["https:\/\/digidem-bayern.de\/wp-content\/uploads\/2026\/01\/shutterstock_595170209-002-520x350.jpg",520,350,true],"demand-language-flag":["https:\/\/digidem-bayern.de\/wp-content\/uploads\/2026\/01\/shutterstock_595170209-002-36x36.jpg",36,36,true],"dddkt-language-flag":["https:\/\/digidem-bayern.de\/wp-content\/uploads\/2026\/01\/shutterstock_595170209-002-36x36.jpg",36,36,true],"ddiqc-language-flag":["https:\/\/digidem-bayern.de\/wp-content\/uploads\/2026\/01\/shutterstock_595170209-002-36x36.jpg",36,36,true],"ddtl-language-flag":["https:\/\/digidem-bayern.de\/wp-content\/uploads\/2026\/01\/shutterstock_595170209-002-36x36.jpg",36,36,true],"mailpoet_newsletter_max":["https:\/\/digidem-bayern.de\/wp-content\/uploads\/2026\/01\/shutterstock_595170209-002-1320x717.jpg",1320,717,true],"kahuna-lpbox-3":["https:\/\/digidem-bayern.de\/wp-content\/uploads\/2026\/01\/shutterstock_595170209-002-520x350.jpg",520,350,true],"kahuna-featured-square":["https:\/\/digidem-bayern.de\/wp-content\/uploads\/2026\/01\/shutterstock_595170209-002-512x512.jpg",512,512,true],"kahuna-featured-square-large":["https:\/\/digidem-bayern.de\/wp-content\/uploads\/2026\/01\/shutterstock_595170209-002-1024x1024.jpg",1024,1024,true]},"uagb_author_info":{"display_name":"Anne Keefer","author_link":"https:\/\/digidem-bayern.de\/en\/author\/ag-webinar\/"},"uagb_comment_info":17,"uagb_excerpt":"Durch den demografischen Wandel werden chronische und kostenintensive Erkrankungen wie Demenz zu einer zunehmenden gesamtgesellschaftlichen Herausforderung. Um dieser Entwicklung gerecht zu werden, sind Kenntnisse \u00fcber die regionale Entwicklung der Anzahl von Menschen mit Demenz erforderlich. Auf Basis dieser Daten k\u00f6nnen beispielsweise Pflegekapazit\u00e4ten, die medizinische Infrastruktur und Unterst\u00fctzungsangebote f\u00fcr Menschen mit &hellip;","_links":{"self":[{"href":"https:\/\/digidem-bayern.de\/en\/wp-json\/wp\/v2\/posts\/47887","targetHints":{"allow":["GET"]}}],"collection":[{"href":"https:\/\/digidem-bayern.de\/en\/wp-json\/wp\/v2\/posts"}],"about":[{"href":"https:\/\/digidem-bayern.de\/en\/wp-json\/wp\/v2\/types\/post"}],"author":[{"embeddable":true,"href":"https:\/\/digidem-bayern.de\/en\/wp-json\/wp\/v2\/users\/7"}],"replies":[{"embeddable":true,"href":"https:\/\/digidem-bayern.de\/en\/wp-json\/wp\/v2\/comments?post=47887"}],"version-history":[{"count":1,"href":"https:\/\/digidem-bayern.de\/en\/wp-json\/wp\/v2\/posts\/47887\/revisions"}],"predecessor-version":[{"id":47889,"href":"https:\/\/digidem-bayern.de\/en\/wp-json\/wp\/v2\/posts\/47887\/revisions\/47889"}],"wp:featuredmedia":[{"embeddable":true,"href":"https:\/\/digidem-bayern.de\/en\/wp-json\/wp\/v2\/media\/47890"}],"wp:attachment":[{"href":"https:\/\/digidem-bayern.de\/en\/wp-json\/wp\/v2\/media?parent=47887"}],"wp:term":[{"taxonomy":"category","embeddable":true,"href":"https:\/\/digidem-bayern.de\/en\/wp-json\/wp\/v2\/categories?post=47887"},{"taxonomy":"post_tag","embeddable":true,"href":"https:\/\/digidem-bayern.de\/en\/wp-json\/wp\/v2\/tags?post=47887"}],"curies":[{"name":"wp","href":"https:\/\/api.w.org\/{rel}","templated":true}]}}