{"id":47740,"date":"2026-01-21T09:47:27","date_gmt":"2026-01-21T08:47:27","guid":{"rendered":"https:\/\/digidem-bayern.de\/?p=47740"},"modified":"2026-01-22T12:55:30","modified_gmt":"2026-01-22T11:55:30","slug":"wie-viel-kostet-die-pflege-fuer-an-und-zugehoerige","status":"publish","type":"post","link":"https:\/\/digidem-bayern.de\/en\/wie-viel-kostet-die-pflege-fuer-an-und-zugehoerige\/","title":{"rendered":"Wie viel kostet die Pflege f\u00fcr An- und Zugeh\u00f6rige?"},"content":{"rendered":"<p><strong><strong><strong><strong><strong><strong><strong><strong><strong><strong><strong><strong><strong><strong><strong><strong><strong><strong><strong><strong><strong><strong><strong><strong><strong><strong><strong><strong><strong><strong><strong><strong><strong><strong><strong><strong><strong><strong><strong><strong><strong>Sehr h\u00e4ufig werden Menschen mit kognitiven Beeintr\u00e4chtigungen durch Familienmitglieder, Freunde oder Nachbarn betreut und gepflegt \u2013 meistens zu Hause und unbezahlt. Diese Betreuung durch nicht-professionelle Personen wird auch informelle Pflege genannt.&nbsp;W\u00e4hrend die Kosten informeller Pflege f\u00fcr Demenz bereits gut erforscht sind, fehlen bislang belastbare Daten zu Menschen mit MCI. Aus diesem Grund hat digiDEM Bayern im Rahmen einer Studie untersucht wie viel Zeit pflegende An- und Zugeh\u00f6rige von Menschen mit leichten kognitiven Beeintr\u00e4chtigungen (MCI) sowie leichter und moderater Demenz aufwenden und welche gesellschaftlichen Kosten dadurch entstehen.<\/strong><\/strong><\/strong><\/strong><\/strong><\/strong><\/strong><\/strong><\/strong><\/strong><\/strong><\/strong><\/strong><\/strong><\/strong><\/strong><\/strong><\/strong><\/strong><\/strong><\/strong><\/strong><\/strong><\/strong><\/strong><\/strong><\/strong><\/strong><\/strong><\/strong><\/strong><\/strong><\/strong><\/strong><\/strong><\/strong><\/strong><\/strong><\/strong><\/strong><\/strong><\/p>\n\n\n\n<p>Die Auswertung basiert auf 445 sogenannten Dyaden, also Paaren aus Betroffenen und ihren pflegenden An- und Zugeh\u00f6rigen, die zwischen 2020 und 2023 im Rahmen von digiDEM Bayern befragt wurden. Die Pflegezeit wurde anhand eines etablierten Instruments erhoben und monet\u00e4r nach dem Opportunit\u00e4tskostenansatz bewertet. Dabei wird angenommen, dass pflegende An- und Zugeh\u00f6rige Zeit verlieren, die sie sonst f\u00fcr ihre Erwerbst\u00e4tigkeit oder Freizeit nutzen k\u00f6nnten.<\/p>\n\n\n<div class=\"wp-block-image\">\n<figure class=\"alignright size-full is-resized\"><img loading=\"lazy\" decoding=\"async\" width=\"1600\" height=\"1067\" src=\"https:\/\/digidem-bayern.de\/wp-content\/uploads\/2026\/01\/Kosten.jpg\" alt=\"\" class=\"wp-image-47768\" style=\"width:572px;height:auto\" srcset=\"https:\/\/digidem-bayern.de\/wp-content\/uploads\/2026\/01\/Kosten.jpg 1600w, https:\/\/digidem-bayern.de\/wp-content\/uploads\/2026\/01\/Kosten-300x200.jpg 300w, https:\/\/digidem-bayern.de\/wp-content\/uploads\/2026\/01\/Kosten-1030x687.jpg 1030w, https:\/\/digidem-bayern.de\/wp-content\/uploads\/2026\/01\/Kosten-768x512.jpg 768w, https:\/\/digidem-bayern.de\/wp-content\/uploads\/2026\/01\/Kosten-1536x1024.jpg 1536w, https:\/\/digidem-bayern.de\/wp-content\/uploads\/2026\/01\/Kosten-2048x1365.jpg 2048w, https:\/\/digidem-bayern.de\/wp-content\/uploads\/2026\/01\/Kosten-525x350.jpg 525w, https:\/\/digidem-bayern.de\/wp-content\/uploads\/2026\/01\/Kosten-1320x880.jpg 1320w\" sizes=\"auto, (max-width: 1600px) 100vw, 1600px\" \/><figcaption class=\"wp-element-caption\">Foto: Shutterstock<\/figcaption><\/figure>\n<\/div>\n\n\n<p><strong><strong><strong><strong>Bereits bei leichten Beeintr\u00e4chtigungen erh\u00f6hter Unterst\u00fctzungsbedarf<\/strong><\/strong><\/strong><\/strong><\/p>\n\n\n\n<p>Die Ergebnisse zeigen deutlich: Bereits bei MCI f\u00e4llt ein hoher Pflegebedarf an. An- und Zugeh\u00f6rige von Menschen mit MCI leisten durchschnittlich rund 83 Stunden Unterst\u00fctzung pro Monat, bei leichter Demenz steigt der Umfang auf 103 Stunden, bei moderater Demenz auf 131 Stunden. Die zeitliche Belastung betrifft die Unterst\u00fctzung bei allt\u00e4glichen Aufgaben, wie dem Gang zur Toilette, Essen oder Anziehen&nbsp;und&nbsp;die Unterst\u00fctzung bei sogenannten instrumentellen allt\u00e4glichen Aktivit\u00e4ten wie&nbsp;Einkaufen, Essenszubereitung oder Hausarbeit.<\/p>\n\n\n\n<p><strong><strong><strong><strong>Unterschiede bei Kosten nach Schweregrad<\/strong><\/strong><\/strong><\/strong><\/p>\n\n\n\n<p>Entsprechend steigen auch die gesch\u00e4tzten Kosten informeller Pflege mit dem Schweregrad der Beeintr\u00e4chtigungen. Je nach gew\u00e4hltem Kostenmodell liegen die j\u00e4hrlichen Kosten&nbsp;bei MCI zwischen 15.057 \u20ac und 30.994 \u20ac, bei leichter Demenz zwischen 19.785 \u20ac und 38.747 \u20ac und bei moderater Demenz zwischen 23.709 \u20ac und 48.451 \u20ac. Wenn man die reine Beaufsichtigungszeiten mit einbezieht, ergeben sich noch h\u00f6here Werte. Diese Ergebnisse zeigen, dass informelle Pflege nicht nur zeitlich, sondern auch \u00f6konomisch eine erhebliche Belastung darstellt \u2013 f\u00fcr An- und Zugeh\u00f6rige ebenso wie f\u00fcr die Gesellschaft.<\/p>\n\n\n\n<p><strong><strong><strong><strong>Erhebliche Belastung f\u00fcr Gesellschaft und Gesundheitssystem<\/strong><\/strong><\/strong><\/strong><\/p>\n\n\n\n<p>Die Studie macht deutlich, dass der Unterst\u00fctzungsbedarf bereits bei MCI relevant ist und politisch wie sozial st\u00e4rker ber\u00fccksichtigt werden sollte. Angesichts demografischer Entwicklungen, z.B. zunehmender Einzelhaushalte im Alter, droht der Anteil informeller Pflege k\u00fcnftig zu sinken, was erhebliche Folgekosten im Gesundheits- und Sozialsystem verursachen k\u00f6nnte. Hinzu kommt, dass ein erheblicher Anteil der informellen Pflege durch Erwerbst\u00e4tige geleistet wird. Unter Ber\u00fccksichtigung der erhobenen Daten leisten pflegende An- und Zugeh\u00f6rige knapp 67 Prozent einer Vollzeitbesch\u00e4ftigung. Gleichzeitig belegt die Studie die hohe Bereitschaft pflegender An- und Zugeh\u00f6riger, einen wesentlichen Beitrag zur Versorgung zu leisten.<\/p>\n\n\n\n<p><strong>Tipp f\u00fcr die Praxis<\/strong>: Sollten Sie durch die informelle Pflege ihres An- oder Zugeh\u00f6rigen stark belastet sein, informieren Sie sich und nutzen Sie Unterst\u00fctzungsangebote wie z.B. Tagespflegen, ambulante Pflegedienste oder Verhinderungspflege. Welche Bedarfe an Angeboten bei Ihnen bestehen k\u00f6nnten, k\u00f6nnen Sie mit dem digiDEM Bayern DEMAND pr\u00fcfen: <a href=\"https:\/\/digidem-bayern.de\/en\/digitales-angebot-demand\/\">https:\/\/digidem-bayern.de\/digitales-angebot-demand\/<\/a>. Nach Abschluss des Fragebogens bekommen Sie weitere Informationen zu allen Angeboten.<\/p>\n\n\n\n<p>Hier geht&#8217;s zur Studie:<\/p>\n\n\n\n<p><a href=\"https:\/\/www.zefq-journal.com\/article\/S1865-9217(25)00203-X\/fulltext\" target=\"_blank\" rel=\"noreferrer noopener\">Kosten informeller Pflege bei Menschen mit kognitiven Beeintr\u00e4chtigungen: eine Kostenstudie aus dem Digitalen Demenzregister Bayern (digiDEM Bayern)<\/a><\/p>\n\n\n\n<p><\/p>\n\n\n\n<p><\/p>\n\n\n\n<p><\/p>\n\n\n\n<p><\/p>\n\n\n\n<p><\/p>\n\n\n\n<p><\/p>\n\n\n\n<div style=\"height:0px\" aria-hidden=\"true\" class=\"wp-block-spacer\"><\/div>\n\n\n\n<p><\/p>","protected":false},"excerpt":{"rendered":"<p>Sehr h\u00e4ufig werden Menschen mit kognitiven Beeintr\u00e4chtigungen durch Familienmitglieder, Freunde oder Nachbarn betreut und gepflegt \u2013 meistens zu Hause und unbezahlt. Diese Betreuung durch nicht-professionelle Personen wird auch informelle Pflege genannt.&nbsp;W\u00e4hrend die Kosten informeller Pflege f\u00fcr Demenz bereits gut erforscht sind, fehlen bislang belastbare Daten zu Menschen mit MCI. Aus &hellip;<\/p>","protected":false},"author":7,"featured_media":47768,"comment_status":"open","ping_status":"closed","sticky":false,"template":"","format":"standard","meta":{"qubely_global_settings":"","qubely_interactions":"","_uag_custom_page_level_css":"","footnotes":""},"categories":[8,5],"tags":[13,12,14,1854,118,87,93],"class_list":["post-47740","post","type-post","status-publish","format-standard","has-post-thumbnail","hentry","category-aktuelles-zu-digidem","category-wissenschaft-forschung","tag-alzheimer","tag-demenz-2","tag-digidem","tag-kosten","tag-mci","tag-pflege","tag-pflegende-angehoerige"],"qubely_featured_image_url":{"full":["https:\/\/digidem-bayern.de\/wp-content\/uploads\/2026\/01\/Kosten.jpg",1600,1067,false],"landscape":["https:\/\/digidem-bayern.de\/wp-content\/uploads\/2026\/01\/Kosten-1200x750.jpg",1200,750,true],"portraits":["https:\/\/digidem-bayern.de\/wp-content\/uploads\/2026\/01\/Kosten-540x320.jpg",540,320,true],"thumbnail":["https:\/\/digidem-bayern.de\/wp-content\/uploads\/2026\/01\/Kosten-80x80.jpg",80,80,true],"medium":["https:\/\/digidem-bayern.de\/wp-content\/uploads\/2026\/01\/Kosten-300x200.jpg",300,200,true],"medium_large":["https:\/\/digidem-bayern.de\/wp-content\/uploads\/2026\/01\/Kosten-768x512.jpg",768,512,true],"large":["https:\/\/digidem-bayern.de\/wp-content\/uploads\/2026\/01\/Kosten-1030x687.jpg",1030,687,true],"1536x1536":["https:\/\/digidem-bayern.de\/wp-content\/uploads\/2026\/01\/Kosten-1536x1024.jpg",1536,1024,true],"2048x2048":["https:\/\/digidem-bayern.de\/wp-content\/uploads\/2026\/01\/Kosten-2048x1365.jpg",2048,1365,true],"trp-custom-language-flag":["https:\/\/digidem-bayern.de\/wp-content\/uploads\/2026\/01\/Kosten.jpg",18,12,false],"qubely_landscape":["https:\/\/digidem-bayern.de\/wp-content\/uploads\/2026\/01\/Kosten-1200x750.jpg",1200,750,true],"qubely_portrait":["https:\/\/digidem-bayern.de\/wp-content\/uploads\/2026\/01\/Kosten-540x320.jpg",540,320,true],"qubely_thumbnail":["https:\/\/digidem-bayern.de\/wp-content\/uploads\/2026\/01\/Kosten-140x100.jpg",140,100,true],"post-thumbnail":["https:\/\/digidem-bayern.de\/wp-content\/uploads\/2026\/01\/Kosten-525x350.jpg",525,350,true],"kahuna-featured":["https:\/\/digidem-bayern.de\/wp-content\/uploads\/2026\/01\/Kosten-734x350.jpg",734,350,true],"kahuna-featured-lp":["https:\/\/digidem-bayern.de\/wp-content\/uploads\/2026\/01\/Kosten-520x350.jpg",520,350,true],"kahuna-featured-half":["https:\/\/digidem-bayern.de\/wp-content\/uploads\/2026\/01\/Kosten-800x350.jpg",800,350,true],"kahuna-featured-third":["https:\/\/digidem-bayern.de\/wp-content\/uploads\/2026\/01\/Kosten-512x350.jpg",512,350,true],"kahuna-lpbox-1":["https:\/\/digidem-bayern.de\/wp-content\/uploads\/2026\/01\/Kosten-520x300.jpg",520,300,true],"kahuna-lpbox-2":["https:\/\/digidem-bayern.de\/wp-content\/uploads\/2026\/01\/Kosten-520x350.jpg",520,350,true],"demand-language-flag":["https:\/\/digidem-bayern.de\/wp-content\/uploads\/2026\/01\/Kosten-36x36.jpg",36,36,true],"dddkt-language-flag":["https:\/\/digidem-bayern.de\/wp-content\/uploads\/2026\/01\/Kosten-36x36.jpg",36,36,true],"ddiqc-language-flag":["https:\/\/digidem-bayern.de\/wp-content\/uploads\/2026\/01\/Kosten-36x36.jpg",36,36,true],"ddtl-language-flag":["https:\/\/digidem-bayern.de\/wp-content\/uploads\/2026\/01\/Kosten-36x36.jpg",36,36,true],"mailpoet_newsletter_max":["https:\/\/digidem-bayern.de\/wp-content\/uploads\/2026\/01\/Kosten-1320x880.jpg",1320,880,true],"kahuna-lpbox-3":["https:\/\/digidem-bayern.de\/wp-content\/uploads\/2026\/01\/Kosten-520x350.jpg",520,350,true],"kahuna-featured-square":["https:\/\/digidem-bayern.de\/wp-content\/uploads\/2026\/01\/Kosten-512x512.jpg",512,512,true],"kahuna-featured-square-large":["https:\/\/digidem-bayern.de\/wp-content\/uploads\/2026\/01\/Kosten-1024x1024.jpg",1024,1024,true]},"qubely_author":{"display_name":"Anne Keefer","author_link":"https:\/\/digidem-bayern.de\/en\/author\/ag-webinar\/"},"qubely_comment":6,"qubely_category":"<a href=\"https:\/\/digidem-bayern.de\/en\/category\/aktuelles-zu-digidem\/\" rel=\"category tag\">Aktuelles zu digiDEM<\/a> <a href=\"https:\/\/digidem-bayern.de\/en\/category\/wissenschaft-forschung\/\" rel=\"category tag\">Wissenschaft &amp; Forschung<\/a>","qubely_excerpt":"Sehr h\u00e4ufig werden Menschen mit kognitiven Beeintr\u00e4chtigungen durch Familienmitglieder, Freunde oder Nachbarn betreut und gepflegt \u2013 meistens zu Hause und unbezahlt. Diese Betreuung durch nicht-professionelle Personen wird auch informelle Pflege genannt.&nbsp;W\u00e4hrend die Kosten informeller Pflege f\u00fcr Demenz bereits gut erforscht sind, fehlen bislang belastbare Daten zu Menschen mit MCI. Aus &hellip;","featured_image_urls_v2":{"full":["https:\/\/digidem-bayern.de\/wp-content\/uploads\/2026\/01\/Kosten.jpg",1600,1067,false],"thumbnail":["https:\/\/digidem-bayern.de\/wp-content\/uploads\/2026\/01\/Kosten-80x80.jpg",80,80,true],"medium":["https:\/\/digidem-bayern.de\/wp-content\/uploads\/2026\/01\/Kosten-300x200.jpg",300,200,true],"medium_large":["https:\/\/digidem-bayern.de\/wp-content\/uploads\/2026\/01\/Kosten-768x512.jpg",768,512,true],"large":["https:\/\/digidem-bayern.de\/wp-content\/uploads\/2026\/01\/Kosten-1030x687.jpg",1030,687,true],"1536x1536":["https:\/\/digidem-bayern.de\/wp-content\/uploads\/2026\/01\/Kosten-1536x1024.jpg",1536,1024,true],"2048x2048":["https:\/\/digidem-bayern.de\/wp-content\/uploads\/2026\/01\/Kosten-2048x1365.jpg",2048,1365,true],"trp-custom-language-flag":["https:\/\/digidem-bayern.de\/wp-content\/uploads\/2026\/01\/Kosten.jpg",18,12,false],"qubely_landscape":["https:\/\/digidem-bayern.de\/wp-content\/uploads\/2026\/01\/Kosten-1200x750.jpg",1200,750,true],"qubely_portrait":["https:\/\/digidem-bayern.de\/wp-content\/uploads\/2026\/01\/Kosten-540x320.jpg",540,320,true],"qubely_thumbnail":["https:\/\/digidem-bayern.de\/wp-content\/uploads\/2026\/01\/Kosten-140x100.jpg",140,100,true],"post-thumbnail":["https:\/\/digidem-bayern.de\/wp-content\/uploads\/2026\/01\/Kosten-525x350.jpg",525,350,true],"kahuna-featured":["https:\/\/digidem-bayern.de\/wp-content\/uploads\/2026\/01\/Kosten-734x350.jpg",734,350,true],"kahuna-featured-lp":["https:\/\/digidem-bayern.de\/wp-content\/uploads\/2026\/01\/Kosten-520x350.jpg",520,350,true],"kahuna-featured-half":["https:\/\/digidem-bayern.de\/wp-content\/uploads\/2026\/01\/Kosten-800x350.jpg",800,350,true],"kahuna-featured-third":["https:\/\/digidem-bayern.de\/wp-content\/uploads\/2026\/01\/Kosten-512x350.jpg",512,350,true],"kahuna-lpbox-1":["https:\/\/digidem-bayern.de\/wp-content\/uploads\/2026\/01\/Kosten-520x300.jpg",520,300,true],"kahuna-lpbox-2":["https:\/\/digidem-bayern.de\/wp-content\/uploads\/2026\/01\/Kosten-520x350.jpg",520,350,true],"demand-language-flag":["https:\/\/digidem-bayern.de\/wp-content\/uploads\/2026\/01\/Kosten-36x36.jpg",36,36,true],"dddkt-language-flag":["https:\/\/digidem-bayern.de\/wp-content\/uploads\/2026\/01\/Kosten-36x36.jpg",36,36,true],"ddiqc-language-flag":["https:\/\/digidem-bayern.de\/wp-content\/uploads\/2026\/01\/Kosten-36x36.jpg",36,36,true],"ddtl-language-flag":["https:\/\/digidem-bayern.de\/wp-content\/uploads\/2026\/01\/Kosten-36x36.jpg",36,36,true],"mailpoet_newsletter_max":["https:\/\/digidem-bayern.de\/wp-content\/uploads\/2026\/01\/Kosten-1320x880.jpg",1320,880,true],"kahuna-lpbox-3":["https:\/\/digidem-bayern.de\/wp-content\/uploads\/2026\/01\/Kosten-520x350.jpg",520,350,true],"kahuna-featured-square":["https:\/\/digidem-bayern.de\/wp-content\/uploads\/2026\/01\/Kosten-512x512.jpg",512,512,true],"kahuna-featured-square-large":["https:\/\/digidem-bayern.de\/wp-content\/uploads\/2026\/01\/Kosten-1024x1024.jpg",1024,1024,true]},"post_excerpt_stackable_v2":"<p>Sehr h\u00e4ufig werden Menschen mit kognitiven Beeintr\u00e4chtigungen durch Familienmitglieder, Freunde oder Nachbarn betreut und gepflegt \u2013 meistens zu Hause und unbezahlt. Diese Betreuung durch nicht-professionelle Personen wird auch informelle Pflege genannt.&nbsp;W\u00e4hrend die Kosten informeller Pflege f\u00fcr Demenz bereits gut erforscht sind, fehlen bislang belastbare Daten zu Menschen mit MCI. Aus diesem Grund hat digiDEM Bayern im Rahmen einer Studie untersucht wie viel Zeit pflegende An- und Zugeh\u00f6rige von Menschen mit leichten kognitiven Beeintr\u00e4chtigungen (MCI) sowie leichter und moderater Demenz aufwenden und welche gesellschaftlichen Kosten dadurch entstehen. Die Auswertung basiert auf 445 sogenannten Dyaden, also Paaren aus Betroffenen und ihren pflegenden&hellip;<\/p>\n","category_list_v2":"<a href=\"https:\/\/digidem-bayern.de\/en\/category\/aktuelles-zu-digidem\/\" rel=\"category tag\">Aktuelles zu digiDEM<\/a>, <a href=\"https:\/\/digidem-bayern.de\/en\/category\/wissenschaft-forschung\/\" rel=\"category tag\">Wissenschaft &amp; Forschung<\/a>","author_info_v2":{"name":"Anne Keefer","url":"https:\/\/digidem-bayern.de\/en\/author\/ag-webinar\/"},"comments_num_v2":"2 comments","yoast_head":"<!-- This site is optimized with the Yoast SEO plugin v27.4 - https:\/\/yoast.com\/product\/yoast-seo-wordpress\/ -->\n<title>Wie viel kostet die Pflege f\u00fcr An- und Zugeh\u00f6rige? - digiDEM Bayern<\/title>\n<meta name=\"description\" content=\"Der Bayerische Landesapothekerkammer unterst\u00fctzt digiDEM Bayern mit Hilfe des Netzwerks &quot;Demenzfreundliche Apotheken&quot;.\" \/>\n<meta name=\"robots\" content=\"index, follow, max-snippet:-1, max-image-preview:large, max-video-preview:-1\" \/>\n<link rel=\"canonical\" href=\"https:\/\/digidem-bayern.de\/en\/wie-viel-kostet-die-pflege-fuer-an-und-zugehoerige\/\" \/>\n<meta property=\"og:locale\" content=\"en_US\" \/>\n<meta property=\"og:type\" content=\"article\" \/>\n<meta property=\"og:title\" content=\"Wie viel kostet die Pflege f\u00fcr An- und Zugeh\u00f6rige? - digiDEM Bayern\" \/>\n<meta property=\"og:description\" content=\"Der Bayerische Landesapothekerkammer unterst\u00fctzt digiDEM Bayern mit Hilfe des Netzwerks &quot;Demenzfreundliche Apotheken&quot;.\" \/>\n<meta property=\"og:url\" content=\"https:\/\/digidem-bayern.de\/en\/wie-viel-kostet-die-pflege-fuer-an-und-zugehoerige\/\" \/>\n<meta property=\"og:site_name\" content=\"digiDEM Bayern\" \/>\n<meta property=\"article:publisher\" content=\"https:\/\/www.facebook.com\/digiDEMBayern\/\" \/>\n<meta property=\"article:published_time\" content=\"2026-01-21T08:47:27+00:00\" \/>\n<meta property=\"article:modified_time\" content=\"2026-01-22T11:55:30+00:00\" \/>\n<meta property=\"og:image\" content=\"https:\/\/digidem-bayern.de\/wp-content\/uploads\/2026\/01\/Kosten-1030x687.jpg\" \/>\n\t<meta property=\"og:image:width\" content=\"1030\" \/>\n\t<meta property=\"og:image:height\" content=\"687\" \/>\n\t<meta property=\"og:image:type\" content=\"image\/jpeg\" \/>\n<meta name=\"author\" content=\"Anne Keefer\" \/>\n<meta name=\"twitter:label1\" content=\"Written by\" \/>\n\t<meta name=\"twitter:data1\" content=\"Anne Keefer\" \/>\n\t<meta name=\"twitter:label2\" content=\"Est. reading time\" \/>\n\t<meta name=\"twitter:data2\" content=\"2 minutes\" \/>\n<script type=\"application\/ld+json\" class=\"yoast-schema-graph\">{\"@context\":\"https:\\\/\\\/schema.org\",\"@graph\":[{\"@type\":\"Article\",\"@id\":\"https:\\\/\\\/digidem-bayern.de\\\/wie-viel-kostet-die-pflege-fuer-an-und-zugehoerige\\\/#article\",\"isPartOf\":{\"@id\":\"https:\\\/\\\/digidem-bayern.de\\\/wie-viel-kostet-die-pflege-fuer-an-und-zugehoerige\\\/\"},\"author\":{\"name\":\"Anne Keefer\",\"@id\":\"\\\/#\\\/schema\\\/person\\\/0e8781e0653d1a8e57ca55bd2c3cb01f\"},\"headline\":\"Wie viel kostet die Pflege f\u00fcr An- und Zugeh\u00f6rige?\",\"datePublished\":\"2026-01-21T08:47:27+00:00\",\"dateModified\":\"2026-01-22T11:55:30+00:00\",\"mainEntityOfPage\":{\"@id\":\"https:\\\/\\\/digidem-bayern.de\\\/wie-viel-kostet-die-pflege-fuer-an-und-zugehoerige\\\/\"},\"wordCount\":549,\"commentCount\":2,\"publisher\":{\"@id\":\"\\\/#organization\"},\"image\":{\"@id\":\"https:\\\/\\\/digidem-bayern.de\\\/wie-viel-kostet-die-pflege-fuer-an-und-zugehoerige\\\/#primaryimage\"},\"thumbnailUrl\":\"https:\\\/\\\/digidem-bayern.de\\\/wp-content\\\/uploads\\\/2026\\\/01\\\/Kosten.jpg\",\"keywords\":[\"Alzheimer\",\"Demenz\",\"digidem\",\"kosten\",\"MCI\",\"Pflege\",\"pflegende Angeh\u00f6rige\"],\"articleSection\":[\"Aktuelles zu digiDEM\",\"Wissenschaft &amp; Forschung\"],\"inLanguage\":\"en-US\",\"potentialAction\":[{\"@type\":\"CommentAction\",\"name\":\"Comment\",\"target\":[\"https:\\\/\\\/digidem-bayern.de\\\/wie-viel-kostet-die-pflege-fuer-an-und-zugehoerige\\\/#respond\"]}]},{\"@type\":\"WebPage\",\"@id\":\"https:\\\/\\\/digidem-bayern.de\\\/wie-viel-kostet-die-pflege-fuer-an-und-zugehoerige\\\/\",\"url\":\"https:\\\/\\\/digidem-bayern.de\\\/wie-viel-kostet-die-pflege-fuer-an-und-zugehoerige\\\/\",\"name\":\"Wie viel kostet die Pflege f\u00fcr An- und Zugeh\u00f6rige? - digiDEM Bayern\",\"isPartOf\":{\"@id\":\"\\\/#website\"},\"primaryImageOfPage\":{\"@id\":\"https:\\\/\\\/digidem-bayern.de\\\/wie-viel-kostet-die-pflege-fuer-an-und-zugehoerige\\\/#primaryimage\"},\"image\":{\"@id\":\"https:\\\/\\\/digidem-bayern.de\\\/wie-viel-kostet-die-pflege-fuer-an-und-zugehoerige\\\/#primaryimage\"},\"thumbnailUrl\":\"https:\\\/\\\/digidem-bayern.de\\\/wp-content\\\/uploads\\\/2026\\\/01\\\/Kosten.jpg\",\"datePublished\":\"2026-01-21T08:47:27+00:00\",\"dateModified\":\"2026-01-22T11:55:30+00:00\",\"description\":\"Der Bayerische Landesapothekerkammer unterst\u00fctzt digiDEM Bayern mit Hilfe des Netzwerks \\\"Demenzfreundliche Apotheken\\\".\",\"breadcrumb\":{\"@id\":\"https:\\\/\\\/digidem-bayern.de\\\/wie-viel-kostet-die-pflege-fuer-an-und-zugehoerige\\\/#breadcrumb\"},\"inLanguage\":\"en-US\",\"potentialAction\":[{\"@type\":\"ReadAction\",\"target\":[\"https:\\\/\\\/digidem-bayern.de\\\/wie-viel-kostet-die-pflege-fuer-an-und-zugehoerige\\\/\"]}]},{\"@type\":\"ImageObject\",\"inLanguage\":\"en-US\",\"@id\":\"https:\\\/\\\/digidem-bayern.de\\\/wie-viel-kostet-die-pflege-fuer-an-und-zugehoerige\\\/#primaryimage\",\"url\":\"https:\\\/\\\/digidem-bayern.de\\\/wp-content\\\/uploads\\\/2026\\\/01\\\/Kosten.jpg\",\"contentUrl\":\"https:\\\/\\\/digidem-bayern.de\\\/wp-content\\\/uploads\\\/2026\\\/01\\\/Kosten.jpg\",\"width\":1600,\"height\":1067,\"caption\":\"Foto: Shutterstock\"},{\"@type\":\"BreadcrumbList\",\"@id\":\"https:\\\/\\\/digidem-bayern.de\\\/wie-viel-kostet-die-pflege-fuer-an-und-zugehoerige\\\/#breadcrumb\",\"itemListElement\":[{\"@type\":\"ListItem\",\"position\":1,\"name\":\"Startseite\",\"item\":\"https:\\\/\\\/digidem-bayern.de\\\/\"},{\"@type\":\"ListItem\",\"position\":2,\"name\":\"Wie viel kostet die Pflege f\u00fcr An- und Zugeh\u00f6rige?\"}]},{\"@type\":\"WebSite\",\"@id\":\"\\\/#website\",\"url\":\"\\\/\",\"name\":\"digiDEM Bayern\",\"description\":\"Das digitale Demenzregister Bayern erforscht und verbessert die Angebotsstuktur f\u00fcr Menschen mit Demenz und deren Angeh\u00f6rige\",\"publisher\":{\"@id\":\"\\\/#organization\"},\"potentialAction\":[{\"@type\":\"SearchAction\",\"target\":{\"@type\":\"EntryPoint\",\"urlTemplate\":\"\\\/?s={search_term_string}\"},\"query-input\":{\"@type\":\"PropertyValueSpecification\",\"valueRequired\":true,\"valueName\":\"search_term_string\"}}],\"inLanguage\":\"en-US\"},{\"@type\":\"Organization\",\"@id\":\"\\\/#organization\",\"name\":\"digiDEM Bayern\",\"url\":\"\\\/\",\"logo\":{\"@type\":\"ImageObject\",\"inLanguage\":\"en-US\",\"@id\":\"\\\/#\\\/schema\\\/logo\\\/image\\\/\",\"url\":\"https:\\\/\\\/digidem-bayern.de\\\/wp-content\\\/uploads\\\/2022\\\/03\\\/cropped-Allgemeines_digiDEMLOGO-removebg-preview.png\",\"contentUrl\":\"https:\\\/\\\/digidem-bayern.de\\\/wp-content\\\/uploads\\\/2022\\\/03\\\/cropped-Allgemeines_digiDEMLOGO-removebg-preview.png\",\"width\":612,\"height\":357,\"caption\":\"digiDEM Bayern\"},\"image\":{\"@id\":\"\\\/#\\\/schema\\\/logo\\\/image\\\/\"},\"sameAs\":[\"https:\\\/\\\/www.facebook.com\\\/digiDEMBayern\\\/\",\"https:\\\/\\\/x.com\\\/digidem_bayern\",\"https:\\\/\\\/www.instagram.com\\\/digidem.bayern\",\"https:\\\/\\\/www.linkedin.com\\\/company\\\/digidem-bayern\\\/\"]},{\"@type\":\"Person\",\"@id\":\"\\\/#\\\/schema\\\/person\\\/0e8781e0653d1a8e57ca55bd2c3cb01f\",\"name\":\"Anne Keefer\",\"url\":\"https:\\\/\\\/digidem-bayern.de\\\/en\\\/author\\\/ag-webinar\\\/\"}]}<\/script>\n<!-- \/ Yoast SEO plugin. -->","yoast_head_json":{"title":"Wie viel kostet die Pflege f\u00fcr An- und Zugeh\u00f6rige? - digiDEM Bayern","description":"Der Bayerische Landesapothekerkammer unterst\u00fctzt digiDEM Bayern mit Hilfe des Netzwerks \"Demenzfreundliche Apotheken\".","robots":{"index":"index","follow":"follow","max-snippet":"max-snippet:-1","max-image-preview":"max-image-preview:large","max-video-preview":"max-video-preview:-1"},"canonical":"https:\/\/digidem-bayern.de\/en\/wie-viel-kostet-die-pflege-fuer-an-und-zugehoerige\/","og_locale":"en_US","og_type":"article","og_title":"Wie viel kostet die Pflege f\u00fcr An- und Zugeh\u00f6rige? - digiDEM Bayern","og_description":"Der Bayerische Landesapothekerkammer unterst\u00fctzt digiDEM Bayern mit Hilfe des Netzwerks \"Demenzfreundliche Apotheken\".","og_url":"https:\/\/digidem-bayern.de\/en\/wie-viel-kostet-die-pflege-fuer-an-und-zugehoerige\/","og_site_name":"digiDEM Bayern","article_publisher":"https:\/\/www.facebook.com\/digiDEMBayern\/","article_published_time":"2026-01-21T08:47:27+00:00","article_modified_time":"2026-01-22T11:55:30+00:00","og_image":[{"width":1030,"height":687,"url":"https:\/\/digidem-bayern.de\/wp-content\/uploads\/2026\/01\/Kosten-1030x687.jpg","type":"image\/jpeg"}],"author":"Anne Keefer","twitter_misc":{"Written by":"Anne Keefer","Est. reading time":"2 minutes"},"schema":{"@context":"https:\/\/schema.org","@graph":[{"@type":"Article","@id":"https:\/\/digidem-bayern.de\/wie-viel-kostet-die-pflege-fuer-an-und-zugehoerige\/#article","isPartOf":{"@id":"https:\/\/digidem-bayern.de\/wie-viel-kostet-die-pflege-fuer-an-und-zugehoerige\/"},"author":{"name":"Anne Keefer","@id":"\/#\/schema\/person\/0e8781e0653d1a8e57ca55bd2c3cb01f"},"headline":"Wie viel kostet die Pflege f\u00fcr An- und Zugeh\u00f6rige?","datePublished":"2026-01-21T08:47:27+00:00","dateModified":"2026-01-22T11:55:30+00:00","mainEntityOfPage":{"@id":"https:\/\/digidem-bayern.de\/wie-viel-kostet-die-pflege-fuer-an-und-zugehoerige\/"},"wordCount":549,"commentCount":2,"publisher":{"@id":"\/#organization"},"image":{"@id":"https:\/\/digidem-bayern.de\/wie-viel-kostet-die-pflege-fuer-an-und-zugehoerige\/#primaryimage"},"thumbnailUrl":"https:\/\/digidem-bayern.de\/wp-content\/uploads\/2026\/01\/Kosten.jpg","keywords":["Alzheimer","Demenz","digidem","kosten","MCI","Pflege","pflegende Angeh\u00f6rige"],"articleSection":["Aktuelles zu digiDEM","Wissenschaft &amp; Forschung"],"inLanguage":"en-US","potentialAction":[{"@type":"CommentAction","name":"Comment","target":["https:\/\/digidem-bayern.de\/wie-viel-kostet-die-pflege-fuer-an-und-zugehoerige\/#respond"]}]},{"@type":"WebPage","@id":"https:\/\/digidem-bayern.de\/wie-viel-kostet-die-pflege-fuer-an-und-zugehoerige\/","url":"https:\/\/digidem-bayern.de\/wie-viel-kostet-die-pflege-fuer-an-und-zugehoerige\/","name":"Wie viel kostet die Pflege f\u00fcr An- und Zugeh\u00f6rige? - digiDEM Bayern","isPartOf":{"@id":"\/#website"},"primaryImageOfPage":{"@id":"https:\/\/digidem-bayern.de\/wie-viel-kostet-die-pflege-fuer-an-und-zugehoerige\/#primaryimage"},"image":{"@id":"https:\/\/digidem-bayern.de\/wie-viel-kostet-die-pflege-fuer-an-und-zugehoerige\/#primaryimage"},"thumbnailUrl":"https:\/\/digidem-bayern.de\/wp-content\/uploads\/2026\/01\/Kosten.jpg","datePublished":"2026-01-21T08:47:27+00:00","dateModified":"2026-01-22T11:55:30+00:00","description":"Der Bayerische Landesapothekerkammer unterst\u00fctzt digiDEM Bayern mit Hilfe des Netzwerks \"Demenzfreundliche Apotheken\".","breadcrumb":{"@id":"https:\/\/digidem-bayern.de\/wie-viel-kostet-die-pflege-fuer-an-und-zugehoerige\/#breadcrumb"},"inLanguage":"en-US","potentialAction":[{"@type":"ReadAction","target":["https:\/\/digidem-bayern.de\/wie-viel-kostet-die-pflege-fuer-an-und-zugehoerige\/"]}]},{"@type":"ImageObject","inLanguage":"en-US","@id":"https:\/\/digidem-bayern.de\/wie-viel-kostet-die-pflege-fuer-an-und-zugehoerige\/#primaryimage","url":"https:\/\/digidem-bayern.de\/wp-content\/uploads\/2026\/01\/Kosten.jpg","contentUrl":"https:\/\/digidem-bayern.de\/wp-content\/uploads\/2026\/01\/Kosten.jpg","width":1600,"height":1067,"caption":"Foto: Shutterstock"},{"@type":"BreadcrumbList","@id":"https:\/\/digidem-bayern.de\/wie-viel-kostet-die-pflege-fuer-an-und-zugehoerige\/#breadcrumb","itemListElement":[{"@type":"ListItem","position":1,"name":"Startseite","item":"https:\/\/digidem-bayern.de\/"},{"@type":"ListItem","position":2,"name":"Wie viel kostet die Pflege f\u00fcr An- und Zugeh\u00f6rige?"}]},{"@type":"WebSite","@id":"\/#website","url":"\/","name":"digiDEM Bavaria","description":"The digital dementia register in Bavaria researches and improves the structure of services for people with dementia and their relatives","publisher":{"@id":"\/#organization"},"potentialAction":[{"@type":"SearchAction","target":{"@type":"EntryPoint","urlTemplate":"\/?s={search_term_string}"},"query-input":{"@type":"PropertyValueSpecification","valueRequired":true,"valueName":"search_term_string"}}],"inLanguage":"en-US"},{"@type":"Organization","@id":"\/#organization","name":"digiDEM Bavaria","url":"\/","logo":{"@type":"ImageObject","inLanguage":"en-US","@id":"\/#\/schema\/logo\/image\/","url":"https:\/\/digidem-bayern.de\/wp-content\/uploads\/2022\/03\/cropped-Allgemeines_digiDEMLOGO-removebg-preview.png","contentUrl":"https:\/\/digidem-bayern.de\/wp-content\/uploads\/2022\/03\/cropped-Allgemeines_digiDEMLOGO-removebg-preview.png","width":612,"height":357,"caption":"digiDEM Bayern"},"image":{"@id":"\/#\/schema\/logo\/image\/"},"sameAs":["https:\/\/www.facebook.com\/digiDEMBayern\/","https:\/\/x.com\/digidem_bayern","https:\/\/www.instagram.com\/digidem.bayern","https:\/\/www.linkedin.com\/company\/digidem-bayern\/"]},{"@type":"Person","@id":"\/#\/schema\/person\/0e8781e0653d1a8e57ca55bd2c3cb01f","name":"Anne Keefer","url":"https:\/\/digidem-bayern.de\/en\/author\/ag-webinar\/"}]}},"uagb_featured_image_src":{"full":["https:\/\/digidem-bayern.de\/wp-content\/uploads\/2026\/01\/Kosten.jpg",1600,1067,false],"thumbnail":["https:\/\/digidem-bayern.de\/wp-content\/uploads\/2026\/01\/Kosten-80x80.jpg",80,80,true],"medium":["https:\/\/digidem-bayern.de\/wp-content\/uploads\/2026\/01\/Kosten-300x200.jpg",300,200,true],"medium_large":["https:\/\/digidem-bayern.de\/wp-content\/uploads\/2026\/01\/Kosten-768x512.jpg",768,512,true],"large":["https:\/\/digidem-bayern.de\/wp-content\/uploads\/2026\/01\/Kosten-1030x687.jpg",1030,687,true],"1536x1536":["https:\/\/digidem-bayern.de\/wp-content\/uploads\/2026\/01\/Kosten-1536x1024.jpg",1536,1024,true],"2048x2048":["https:\/\/digidem-bayern.de\/wp-content\/uploads\/2026\/01\/Kosten-2048x1365.jpg",2048,1365,true],"trp-custom-language-flag":["https:\/\/digidem-bayern.de\/wp-content\/uploads\/2026\/01\/Kosten.jpg",18,12,false],"qubely_landscape":["https:\/\/digidem-bayern.de\/wp-content\/uploads\/2026\/01\/Kosten-1200x750.jpg",1200,750,true],"qubely_portrait":["https:\/\/digidem-bayern.de\/wp-content\/uploads\/2026\/01\/Kosten-540x320.jpg",540,320,true],"qubely_thumbnail":["https:\/\/digidem-bayern.de\/wp-content\/uploads\/2026\/01\/Kosten-140x100.jpg",140,100,true],"post-thumbnail":["https:\/\/digidem-bayern.de\/wp-content\/uploads\/2026\/01\/Kosten-525x350.jpg",525,350,true],"kahuna-featured":["https:\/\/digidem-bayern.de\/wp-content\/uploads\/2026\/01\/Kosten-734x350.jpg",734,350,true],"kahuna-featured-lp":["https:\/\/digidem-bayern.de\/wp-content\/uploads\/2026\/01\/Kosten-520x350.jpg",520,350,true],"kahuna-featured-half":["https:\/\/digidem-bayern.de\/wp-content\/uploads\/2026\/01\/Kosten-800x350.jpg",800,350,true],"kahuna-featured-third":["https:\/\/digidem-bayern.de\/wp-content\/uploads\/2026\/01\/Kosten-512x350.jpg",512,350,true],"kahuna-lpbox-1":["https:\/\/digidem-bayern.de\/wp-content\/uploads\/2026\/01\/Kosten-520x300.jpg",520,300,true],"kahuna-lpbox-2":["https:\/\/digidem-bayern.de\/wp-content\/uploads\/2026\/01\/Kosten-520x350.jpg",520,350,true],"demand-language-flag":["https:\/\/digidem-bayern.de\/wp-content\/uploads\/2026\/01\/Kosten-36x36.jpg",36,36,true],"dddkt-language-flag":["https:\/\/digidem-bayern.de\/wp-content\/uploads\/2026\/01\/Kosten-36x36.jpg",36,36,true],"ddiqc-language-flag":["https:\/\/digidem-bayern.de\/wp-content\/uploads\/2026\/01\/Kosten-36x36.jpg",36,36,true],"ddtl-language-flag":["https:\/\/digidem-bayern.de\/wp-content\/uploads\/2026\/01\/Kosten-36x36.jpg",36,36,true],"mailpoet_newsletter_max":["https:\/\/digidem-bayern.de\/wp-content\/uploads\/2026\/01\/Kosten-1320x880.jpg",1320,880,true],"kahuna-lpbox-3":["https:\/\/digidem-bayern.de\/wp-content\/uploads\/2026\/01\/Kosten-520x350.jpg",520,350,true],"kahuna-featured-square":["https:\/\/digidem-bayern.de\/wp-content\/uploads\/2026\/01\/Kosten-512x512.jpg",512,512,true],"kahuna-featured-square-large":["https:\/\/digidem-bayern.de\/wp-content\/uploads\/2026\/01\/Kosten-1024x1024.jpg",1024,1024,true]},"uagb_author_info":{"display_name":"Anne Keefer","author_link":"https:\/\/digidem-bayern.de\/en\/author\/ag-webinar\/"},"uagb_comment_info":6,"uagb_excerpt":"Sehr h\u00e4ufig werden Menschen mit kognitiven Beeintr\u00e4chtigungen durch Familienmitglieder, Freunde oder Nachbarn betreut und gepflegt \u2013 meistens zu Hause und unbezahlt. Diese Betreuung durch nicht-professionelle Personen wird auch informelle Pflege genannt.&nbsp;W\u00e4hrend die Kosten informeller Pflege f\u00fcr Demenz bereits gut erforscht sind, fehlen bislang belastbare Daten zu Menschen mit MCI. Aus &hellip;","_links":{"self":[{"href":"https:\/\/digidem-bayern.de\/en\/wp-json\/wp\/v2\/posts\/47740","targetHints":{"allow":["GET"]}}],"collection":[{"href":"https:\/\/digidem-bayern.de\/en\/wp-json\/wp\/v2\/posts"}],"about":[{"href":"https:\/\/digidem-bayern.de\/en\/wp-json\/wp\/v2\/types\/post"}],"author":[{"embeddable":true,"href":"https:\/\/digidem-bayern.de\/en\/wp-json\/wp\/v2\/users\/7"}],"replies":[{"embeddable":true,"href":"https:\/\/digidem-bayern.de\/en\/wp-json\/wp\/v2\/comments?post=47740"}],"version-history":[{"count":2,"href":"https:\/\/digidem-bayern.de\/en\/wp-json\/wp\/v2\/posts\/47740\/revisions"}],"predecessor-version":[{"id":47774,"href":"https:\/\/digidem-bayern.de\/en\/wp-json\/wp\/v2\/posts\/47740\/revisions\/47774"}],"wp:featuredmedia":[{"embeddable":true,"href":"https:\/\/digidem-bayern.de\/en\/wp-json\/wp\/v2\/media\/47768"}],"wp:attachment":[{"href":"https:\/\/digidem-bayern.de\/en\/wp-json\/wp\/v2\/media?parent=47740"}],"wp:term":[{"taxonomy":"category","embeddable":true,"href":"https:\/\/digidem-bayern.de\/en\/wp-json\/wp\/v2\/categories?post=47740"},{"taxonomy":"post_tag","embeddable":true,"href":"https:\/\/digidem-bayern.de\/en\/wp-json\/wp\/v2\/tags?post=47740"}],"curies":[{"name":"wp","href":"https:\/\/api.w.org\/{rel}","templated":true}]}}