{"id":47313,"date":"2025-12-18T09:02:00","date_gmt":"2025-12-18T08:02:00","guid":{"rendered":"https:\/\/digidem-bayern.de\/?p=47313"},"modified":"2025-12-18T09:26:11","modified_gmt":"2025-12-18T08:26:11","slug":"ab-jetzt-nenne-ich-ihn-wieder-papi","status":"publish","type":"post","link":"https:\/\/digidem-bayern.de\/en\/ab-jetzt-nenne-ich-ihn-wieder-papi\/","title":{"rendered":"\u201eAb jetzt nenne ich ihn wieder Papi\u201c"},"content":{"rendered":"<p><strong>Hauke Dressler, 56, arbeitet f\u00fcr Magazine wie GEO und STERN, fotografiert Imagekampagnen und Portraits und hat zahlreiche B\u00fccher ver\u00f6ffentlicht. 2013 erkrankte sein Vater Fritz Dressler, ein Architekt, Hochschul-Professor und erfolgreicher Fotograf, an Alzheimer-Demenz. 2017 unternahmen Vater und Sohn eine gemeinsame \u201eletzte Reise\u201c nach Finnland. F\u00fcr die Ver\u00f6ffentlichung im \u201eWalden\u201c-Magazin von GEO wurde Hauke Dressler 2018 in der Kategorie \u201eBeste Foto-Reportage\u201c f\u00fcr den renommierten Henri-Nannen-Preis nominiert.&nbsp;<\/strong><strong>Bei Desideria Care e.V. ist er Botschafter des Projektes \u201eDemenz Neu Sehen\u201c. Im Interview spricht Ilona H\u00f6rath mit ihm \u00fcber gute Fotografie, eine besondere Holzh\u00fctte in Lappland und bewegende Momente einer abenteuerlichen Reise.<\/strong><\/p>\n\n\n\n<p><strong>Herr Dressler, was macht f\u00fcr Sie ein gutes Bild aus und was bedeutet Fotografie f\u00fcr Sie?<\/strong><\/p>\n\n\n<div class=\"wp-block-image\">\n<figure class=\"alignright size-large is-resized\"><img loading=\"lazy\" decoding=\"async\" width=\"1030\" height=\"687\" src=\"https:\/\/digidem-bayern.de\/wp-content\/uploads\/2025\/12\/Eisblumen-001_V7A9017-Foto-Hauke-Dressler-1030x687.jpg\" alt=\"Wenn es gelingt, ein neues Bild zu schaffen, das den Betrachter ber\u00fchrt, und in Erinnerung bleibt, dann ist es ein gutes Bild.\" class=\"wp-image-47316\" style=\"width:581px;height:auto\" srcset=\"https:\/\/digidem-bayern.de\/wp-content\/uploads\/2025\/12\/Eisblumen-001_V7A9017-Foto-Hauke-Dressler-1030x687.jpg 1030w, https:\/\/digidem-bayern.de\/wp-content\/uploads\/2025\/12\/Eisblumen-001_V7A9017-Foto-Hauke-Dressler-300x200.jpg 300w, https:\/\/digidem-bayern.de\/wp-content\/uploads\/2025\/12\/Eisblumen-001_V7A9017-Foto-Hauke-Dressler-768x512.jpg 768w, https:\/\/digidem-bayern.de\/wp-content\/uploads\/2025\/12\/Eisblumen-001_V7A9017-Foto-Hauke-Dressler-1536x1024.jpg 1536w, https:\/\/digidem-bayern.de\/wp-content\/uploads\/2025\/12\/Eisblumen-001_V7A9017-Foto-Hauke-Dressler-2048x1365.jpg 2048w, https:\/\/digidem-bayern.de\/wp-content\/uploads\/2025\/12\/Eisblumen-001_V7A9017-Foto-Hauke-Dressler-525x350.jpg 525w, https:\/\/digidem-bayern.de\/wp-content\/uploads\/2025\/12\/Eisblumen-001_V7A9017-Foto-Hauke-Dressler-1320x880.jpg 1320w, https:\/\/digidem-bayern.de\/wp-content\/uploads\/2025\/12\/Eisblumen-001_V7A9017-Foto-Hauke-Dressler.jpg 1600w\" sizes=\"auto, (max-width: 1030px) 100vw, 1030px\" \/><figcaption class=\"wp-element-caption\">Das \u201eEisblumenbild\u201c ist f\u00fcr Hauke Dressler die  Illustration der Verg\u00e4nglichkeit. Foto: Hauke Dressler<\/figcaption><\/figure>\n<\/div>\n\n\n<p>Fotografie bedeutet f\u00fcr mich \u00fcber Themen zu lernen und berichten zu k\u00f6nnen, f\u00fcr die ich mich interessiere. F\u00fcr gute Bilder braucht es Zugang, Offenheit und Auseinandersetzung. Neue Perspektiven m\u00fcssen entstehen, die Fotografierte und Betrachter interessieren. Wenn die Menschen merken, dass ich mich wirklich f\u00fcr sie interessiere, entsteht Vertrauen. Das ist der Zugang, der sp\u00e4ter zusammen mit Perspektive und \u00c4sthetik dar\u00fcber entscheidet, ob ein Foto Wirkung entfaltet. F\u00fcr mich ist Fotografie bereichernd und ich lerne st\u00e4ndig dazu. Wenn es gelingt, ein neues&nbsp;Bild&nbsp;zu schaffen, das den Betrachter ber\u00fchrt, und in Erinnerung bleibt, dann ist es ein gutes Bild. Anfangs wollte ich reisen, und die Fotografie erm\u00f6glichte mir das Unterwegssein.&nbsp;Inzwischen lege ich in meiner Arbeit einen f\u00fcr mich wichtigen Schwerpunkt auf die Fotografie von Erkrankten und ihren Angeh\u00f6rigen.<\/p>\n\n\n\n<p><strong>Galt dies auch schon f\u00fcr<\/strong><strong>&nbsp;das Thema Demenz und f\u00fcr die Fotos, die Sie von Ihrem Vater gemacht haben?<\/strong><\/p>\n\n\n\n<p>Ja, ich glaube schon. Ich wollte meinen Vater neu sehen. Die Wirkung einer guten Fotografie im Bereich Demenz liegt darin, dass ein Gef\u00fchl gezeigt wird. Denn das Bewahren eines Gef\u00fchls schafft Erinnerung. Eine Fotografie ist immer auch ein Mittel gegen das Vergessen.<\/p>\n\n\n\n<p><strong>Sie haben mit Ihrem an Demenz erkrankten Vater eine \u201eletzte gemeinsame Reise\u201c unternommen \u2013 nach&nbsp;Lappland, an&nbsp;Orte, die ihr Vater mochte. Warum fuhren Sie mit ihm in einem Gel\u00e4ndewagen&nbsp;2500 Kilometer durch Eis und Schnee bis an den Polarkreis?&nbsp;<\/strong><\/p>\n\n\n\n<p>Ich wollte versuchen an gemeinsame Erinnerungen anzukn\u00fcpfen. Den wichtigsten Ort seines Lebens noch mal gemeinsam besuchen, um zu schauen, ob in seinem Ged\u00e4chtnis noch Spuren davon zu finden sind.&nbsp;Vielleicht war es auch die Sehnsucht nach meinem Vater, wie ich ihn als Kind erlebt hatte. Als ich meinen Vater im Winter 2017 gefragt habe, ob wir die Reise gemeinsam unternehmen wollen, waren die Diebesbanden in seinem Kopf bereits einige Jahre unterwegs.<\/p>\n\n\n<div class=\"wp-block-image\">\n<figure class=\"alignright size-large is-resized\"><img loading=\"lazy\" decoding=\"async\" width=\"1030\" height=\"824\" src=\"https:\/\/digidem-bayern.de\/wp-content\/uploads\/2025\/12\/Selfie-2017_EndederWelt_iPhone185250-Foto-Hauke-Dressler-1030x824.jpg\" alt=\"Diese Bilder sind jetzt die M\u00f6glichkeit sich zu erinnern, Hauke Dressler erinnert den Mut, den er hatte, auf diese Reise zu gehen.\" class=\"wp-image-47318\" style=\"width:610px;height:auto\" srcset=\"https:\/\/digidem-bayern.de\/wp-content\/uploads\/2025\/12\/Selfie-2017_EndederWelt_iPhone185250-Foto-Hauke-Dressler-1030x824.jpg 1030w, https:\/\/digidem-bayern.de\/wp-content\/uploads\/2025\/12\/Selfie-2017_EndederWelt_iPhone185250-Foto-Hauke-Dressler-300x240.jpg 300w, https:\/\/digidem-bayern.de\/wp-content\/uploads\/2025\/12\/Selfie-2017_EndederWelt_iPhone185250-Foto-Hauke-Dressler-768x614.jpg 768w, https:\/\/digidem-bayern.de\/wp-content\/uploads\/2025\/12\/Selfie-2017_EndederWelt_iPhone185250-Foto-Hauke-Dressler-438x350.jpg 438w, https:\/\/digidem-bayern.de\/wp-content\/uploads\/2025\/12\/Selfie-2017_EndederWelt_iPhone185250-Foto-Hauke-Dressler.jpg 1200w\" sizes=\"auto, (max-width: 1030px) 100vw, 1030px\" \/><figcaption class=\"wp-element-caption\">Vater und Sohn machen ein Selfie. F\u00fcr Hauke Dressler ist dies das wertvollste Foto von seiner langen gemeinsamen Reise mit seinem Vater. <br>Foto: Hauke Dressler<\/figcaption><\/figure>\n<\/div>\n\n\n<p><strong>Fand die Reise aus Ihrer Sicht zum richtigen Zeitpunkt statt?<\/strong><\/p>\n\n\n\n<p>Wohl schon. Aber schwer zu sagen, ob es den gibt. Der Hausarzt meines damals 80-J\u00e4hrigen Vaters riet es zu tun: \u201ePack ihn warm ein, und gib ihm ordentlich zu trinken\u201c. H\u00e4tten wir die die Reise fr\u00fcher unternommen, h\u00e4tte er sich gegen die Strapaze der Winterreise gewehrt und w\u00e4re in sein altes Ich gefallen, das sagt, wo es lang geht. H\u00e4tte die Reise zu einem sp\u00e4teren Zeitpunkt stattgefunden, w\u00e4re sie unter Umst\u00e4nden gescheitert.&nbsp;<\/p>\n\n\n\n<p><strong>Das Verh\u00e4ltnis zu ihrem Vater beschrieben Sie selbst einmal als nicht einfach, als voneinander entfremdet. Hat sich dies w\u00e4hrend der Reise ge\u00e4ndert?&nbsp;<\/strong><\/p>\n\n\n\n<p>Das distanzierte Verh\u00e4ltnis r\u00fchrte aus einer Zeit, in der meine Eltern ihre Probleme nicht in den Griff bekommen haben. Ich war fr\u00fch auf mich allein gestellt. Dennoch hatte mir mein Vater das Reisen gezeigt und mir seine Begeisterung nahegebracht. Als 15-, 16-J\u00e4hriger war ich sein Fotoassistent in Indien und anderen L\u00e4ndern, in die wir fuhren. Mein Vater hat eine Welt fotografiert, die es so nicht mehr gibt. Ich war neugierig und bewunderte meinen Vater. Er war wie ein Geschichtenerz\u00e4hler. In der Verkehrung dessen ist die Reise nach Lappland entstanden, die sozialen Rollen zwischen ihm und mir haben sich umgekehrt. Nur war ich es jetzt, der die Verantwortung f\u00fcr ihn \u00fcbernehmen musste.<\/p>\n\n\n\n<p><strong>Eines Ihrer Reiseziele war eine besondere Blockh\u00fctte irgendwo im Wald in Lappland.<\/strong><\/p>\n\n\n\n<p>Die Holzh\u00fctte hatte f\u00fcr meinen Vater eine gro\u00dfe Bedeutung. In den 1960-er Jahren hatte er als Architekturstudent,&nbsp;mit Freunden&nbsp;f\u00fcr 1.000 D-Mark&nbsp;eine Halbinsel&nbsp;nahe Rovaniemi in Finnisch-Lappland gekauft. Darauf errichteten sie ein Blockhaus, ohne Wasser, ohne Strom, ohne Heizung. Das war eine Art Abenteuerspielplatz f\u00fcr die jungen Hipster. Dorthin ist meine Familie jahrzehntelang&nbsp;immer wieder gefahren, wir haben dort zahlreiche Sommer in meiner Jugend verbracht.<\/p>\n\n\n<div class=\"wp-block-image\">\n<figure class=\"alignright size-large is-resized\"><img loading=\"lazy\" decoding=\"async\" width=\"1030\" height=\"687\" src=\"https:\/\/digidem-bayern.de\/wp-content\/uploads\/2025\/12\/See-004_V7A8050-Foto-Hauke-Dressler-1030x687.jpg\" alt=\"Hauke Dressler das es beobachtet und fotografierte seinen Vater in den Momenten, in denen er fotografierte.\" class=\"wp-image-47319\" style=\"width:592px;height:auto\" srcset=\"https:\/\/digidem-bayern.de\/wp-content\/uploads\/2025\/12\/See-004_V7A8050-Foto-Hauke-Dressler-1030x687.jpg 1030w, https:\/\/digidem-bayern.de\/wp-content\/uploads\/2025\/12\/See-004_V7A8050-Foto-Hauke-Dressler-300x200.jpg 300w, https:\/\/digidem-bayern.de\/wp-content\/uploads\/2025\/12\/See-004_V7A8050-Foto-Hauke-Dressler-768x512.jpg 768w, https:\/\/digidem-bayern.de\/wp-content\/uploads\/2025\/12\/See-004_V7A8050-Foto-Hauke-Dressler-1536x1024.jpg 1536w, https:\/\/digidem-bayern.de\/wp-content\/uploads\/2025\/12\/See-004_V7A8050-Foto-Hauke-Dressler-2048x1365.jpg 2048w, https:\/\/digidem-bayern.de\/wp-content\/uploads\/2025\/12\/See-004_V7A8050-Foto-Hauke-Dressler-525x350.jpg 525w, https:\/\/digidem-bayern.de\/wp-content\/uploads\/2025\/12\/See-004_V7A8050-Foto-Hauke-Dressler-1320x880.jpg 1320w, https:\/\/digidem-bayern.de\/wp-content\/uploads\/2025\/12\/See-004_V7A8050-Foto-Hauke-Dressler.jpg 1600w\" sizes=\"auto, (max-width: 1030px) 100vw, 1030px\" \/><figcaption class=\"wp-element-caption\">Fritz Dressler war ein erfolgreicher Fotograf und Professor f\u00fcr Foto-Design. Trotz seiner Demenzerkrankung hat er immer noch intuitiv und reflexhaft fotografiert. Foto: Hauke Dressler<\/figcaption><\/figure>\n<\/div>\n\n\n<p><strong>Was passierte, als sie beide bei der Blockh\u00fctte angekommen sind?<\/strong><\/p>\n\n\n\n<p>Die H\u00fctte liegt einsam und die Zuwegung war verschneit, wir mussten durch tiefen Schnee stapfen. F\u00fcr meinen Vater war das Haus nichts Besonderes. Er hat keine Form von Erinnerung gezeigt und nur gesagt: \u201eHier war ich schon einmal\u201c. Das war sein einziges Gef\u00fchl f\u00fcr einen Platz, den er \u00fcber Jahrzehnte so geliebt hat. Er konnte es nicht mehr einordnen.&nbsp;<\/p>\n\n\n\n<p><strong>Wie empfanden Sie die Zeit mit Ihrem Vater?<\/strong><\/p>\n\n\n\n<p>Im Nachhinein betrachtet, habe ich mich mit unglaublicher Naivit\u00e4t und Ungest\u00fcmheit auf eine abenteuerliche Reise eingelassen. Ich habe ihn 24 Stunden am Tag erlebt, und musste mich k\u00fcmmern. Die Krankheit meines Vaters war fortgeschrittener, als ich gedacht hatte. Er liebte immer noch das Autofahren, das Unterwegssein, sagte aber auf der Reise schnell: \u201eIch will nach Hause.\u201c Da kann man nicht sagen: \u201eWir sind bald da\u201c, das funktioniert nicht. Bei Demenzkranken bedeutet das Nach-Hause-Wollen: Ich will zu mir selbst.&nbsp;<\/p>\n\n\n\n<p><strong>An welche pers\u00f6nlichen Grenzen sind Sie w\u00e4hrend der Reise gesto\u00dfen?<\/strong><\/p>\n\n\n\n<p>Ich musste mein Tempo verringern, weniger weit fahren, mich auf ihn einlassen. Als Sohn \u2013 und j\u00fcngerer Mensch \u00adverweigert man sich da erstmal. Aber ich habe realisiert, entweder ich lasse mich auf meinen Vater ein und erzeuge mehr Entspannung oder es funktioniert nicht. Bei Demenz sind die Vergangenheit und die Zukunft hinf\u00e4llig. Denn es geht nicht um das, wozu mein Vater nicht mehr in der Lage war, sondern um das, was noch m\u00f6glich ist. Unser Spielraum ist allein die Gegenwart.&nbsp;<\/p>\n\n\n<div class=\"wp-block-image\">\n<figure class=\"alignright size-large is-resized\"><img loading=\"lazy\" decoding=\"async\" width=\"1030\" height=\"969\" src=\"https:\/\/digidem-bayern.de\/wp-content\/uploads\/2025\/12\/Blockhuette-2015_EndederWelt_X8A4683-Foto-Hauke-Dressler-1030x969.jpg\" alt=\"F\u00fcr die Ver\u00f6ffentlichung im \u201eWalden\u201c-Magazin von GEO wurde Hauke Dressler 2018 in der Kategorie \u201eBeste Foto-Reportage\u201c f\u00fcr den renommierten Henri-Nannen-Preis nominiert.\" class=\"wp-image-47315\" style=\"width:552px;height:auto\" srcset=\"https:\/\/digidem-bayern.de\/wp-content\/uploads\/2025\/12\/Blockhuette-2015_EndederWelt_X8A4683-Foto-Hauke-Dressler-1030x969.jpg 1030w, https:\/\/digidem-bayern.de\/wp-content\/uploads\/2025\/12\/Blockhuette-2015_EndederWelt_X8A4683-Foto-Hauke-Dressler-300x282.jpg 300w, https:\/\/digidem-bayern.de\/wp-content\/uploads\/2025\/12\/Blockhuette-2015_EndederWelt_X8A4683-Foto-Hauke-Dressler-768x723.jpg 768w, https:\/\/digidem-bayern.de\/wp-content\/uploads\/2025\/12\/Blockhuette-2015_EndederWelt_X8A4683-Foto-Hauke-Dressler-1536x1445.jpg 1536w, https:\/\/digidem-bayern.de\/wp-content\/uploads\/2025\/12\/Blockhuette-2015_EndederWelt_X8A4683-Foto-Hauke-Dressler-2048x1927.jpg 2048w, https:\/\/digidem-bayern.de\/wp-content\/uploads\/2025\/12\/Blockhuette-2015_EndederWelt_X8A4683-Foto-Hauke-Dressler-372x350.jpg 372w, https:\/\/digidem-bayern.de\/wp-content\/uploads\/2025\/12\/Blockhuette-2015_EndederWelt_X8A4683-Foto-Hauke-Dressler-1320x1242.jpg 1320w, https:\/\/digidem-bayern.de\/wp-content\/uploads\/2025\/12\/Blockhuette-2015_EndederWelt_X8A4683-Foto-Hauke-Dressler.jpg 1600w\" sizes=\"auto, (max-width: 1030px) 100vw, 1030px\" \/><figcaption class=\"wp-element-caption\">Die Holzh\u00fctte in Finnisch-Lappland hatte f\u00fcr Hauke Dresslers Vater eine gro\u00dfe Bedeutung. Fotoarchiv: Hauke Dressler<\/figcaption><\/figure>\n<\/div>\n\n\n<p><strong>Was war bei Ihrem Vater noch m\u00f6glich?<\/strong><\/p>\n\n\n\n<p>Er liebte und handhabte seine Kamera immer noch intuitiv und fast reflexartig wie ein&nbsp;Profifotograf. Es ist ihm gelungen noch zu fotografieren, was ihn ansprach: starke Kontraste&nbsp;von Licht und Schatten, Birken oder die typischen H\u00e4user im Schnee. Nach einer Minute hatte er es allerdings vergessen und fotografierte das Motiv wieder und wieder. Ich habe es beobachtet und fotografierte ihn in den Momenten, in denen er fotografierte.&nbsp;<\/p>\n\n\n\n<p><strong>War die gro\u00dfe Reise nicht zu strapazi\u00f6s und kr\u00e4ftezehrend?<\/strong><\/p>\n\n\n\n<p>Die Reise war eine ungemeine Strapaze, was ich untersch\u00e4tzt hatte. Unsere Anstrengung wuchs von Tag zu Tag durch Schlaflosigkeit, die durch seine Unruhe entstand. Nachts wusste er nicht, wo er ist, suchte die Lichtschalter oder die Toilette. Das nicht mehr funktionierende Gehirn ist ein Unruheherd.&nbsp;<\/p>\n\n\n\n<p><strong>Wie wichtig war der eine, bestimmte Moment, um Ihren Vater zu fotografieren? Was brauchte es daf\u00fcr?&nbsp;<\/strong><\/p>\n\n\n\n<p>Es bedurfte meiner ganzen Lebenserfahrung, der als Sohn, und auch der als Vater zweier T\u00f6chter. Vielleicht kann man sagen, dass ich 48 Jahre und eine 1\/125 Sekunde brauchte&nbsp;(Belichtungszeit, Anm. d. Red.), um ihn jetzt so sehen zu k\u00f6nnen. Ich musste zuerst eine Situation schaffen, in der wir beide etwas erlebten. Auf der Reise entstanden die Bilder, aber erst nach Stunden und Tagen. Den Zugang zu ihm erreichte ich also \u00fcber die Zeit und dar\u00fcber, dass ich mich auf ihn einlie\u00df.<\/p>\n\n\n\n<p><strong>W\u00fcrden Sie bitte ihren emotionalsten Moment auf der Reise beschreiben?<\/strong><\/p>\n\n\n\n<p>Das war wohl der Moment der Einsicht, dass ich ihn \u00fcberlaste. Eines Morgens, an Tag zehn unserer Reise, h\u00e4tten wir uns fast gepr\u00fcgelt. Ich hatte ihn gebeten, seine nasse Hose zu wechseln. Er schrie \u201eDas mach\u2018 ich nicht\u201c und erhob die Hand gegen mich. Das war ein Wendepunkt. Ich zog mich zur\u00fcck, und sagte zu ihm \u201eOkay, jetzt erst mal schlafen\u201c und nach einer halben Stunde war alles wieder gut. Ich dachte, ich bin zu weit gegangen und das am letzten Tag vor der Ankunft an der H\u00fctte. Mir wurde klar, dass es so nicht weitergeht und ich ihn in ein Flugzeug setzen m\u00fcsste, um ihm die anstrengende R\u00fcckreise zu ersparen. Auch ein Wagnis, ihn allein fliegen zu lassen, aber mit Hilfe deutscher Touristen ist es gelungen.<\/p>\n\n\n<div class=\"wp-block-image\">\n<figure class=\"alignright size-large is-resized\"><img loading=\"lazy\" decoding=\"async\" width=\"1030\" height=\"687\" src=\"https:\/\/digidem-bayern.de\/wp-content\/uploads\/2025\/12\/Zaehneputzen-005_V7A8174-Foto-Hauke-Dressler-1030x687.jpg\" alt=\"2013 erkrankte sein Vater Fritz Dressler, ein Architekt, Hochschul-Professor und erfolgreicher Fotograf, an Alzheimer-Demenz. 2017 unternahmen Vater und Sohn eine gemeinsame \u201eletzte Reise\u201c nach Finnland.\" class=\"wp-image-47320\" style=\"width:519px;height:auto\" srcset=\"https:\/\/digidem-bayern.de\/wp-content\/uploads\/2025\/12\/Zaehneputzen-005_V7A8174-Foto-Hauke-Dressler-1030x687.jpg 1030w, https:\/\/digidem-bayern.de\/wp-content\/uploads\/2025\/12\/Zaehneputzen-005_V7A8174-Foto-Hauke-Dressler-300x200.jpg 300w, https:\/\/digidem-bayern.de\/wp-content\/uploads\/2025\/12\/Zaehneputzen-005_V7A8174-Foto-Hauke-Dressler-768x512.jpg 768w, https:\/\/digidem-bayern.de\/wp-content\/uploads\/2025\/12\/Zaehneputzen-005_V7A8174-Foto-Hauke-Dressler-1536x1024.jpg 1536w, https:\/\/digidem-bayern.de\/wp-content\/uploads\/2025\/12\/Zaehneputzen-005_V7A8174-Foto-Hauke-Dressler-2048x1365.jpg 2048w, https:\/\/digidem-bayern.de\/wp-content\/uploads\/2025\/12\/Zaehneputzen-005_V7A8174-Foto-Hauke-Dressler-525x350.jpg 525w, https:\/\/digidem-bayern.de\/wp-content\/uploads\/2025\/12\/Zaehneputzen-005_V7A8174-Foto-Hauke-Dressler-1320x880.jpg 1320w, https:\/\/digidem-bayern.de\/wp-content\/uploads\/2025\/12\/Zaehneputzen-005_V7A8174-Foto-Hauke-Dressler.jpg 1600w\" sizes=\"auto, (max-width: 1030px) 100vw, 1030px\" \/><figcaption class=\"wp-element-caption\">Auf der Reise fotografierte Hauke Dressler seinen Vater auch in einem Hotel-Badezimmer in der Stadt Umea. Foto: Hauke Dressler <\/figcaption><\/figure>\n<\/div>\n\n\n<p><strong>Nicht jeder kann sich eine solche gro\u00dfe Reise leisten. Welchen Tipp haben Sie? Worauf sollten pflegende Angeh\u00f6rige achten?<\/strong><\/p>\n\n\n\n<p>Die gemeinsame Zeit ist im Nachhinein unbezahlbar. Man sollte im Rahmen der eigenen M\u00f6glichkeiten versuchen, etwas Gemeinsames zu machen: Weil die Erkrankten gehen, und man selbst \u00fcbrigbleibt. Die eigene \u00dcberwindung ist dabei die gr\u00f6\u00dfte H\u00fcrde, und auch keine Zeit oder keine finanziellen Ressourcen zu haben. Eine Reise mit dem Menschen, der an Demenz erkrankt ist, kann auch an einen Ort in der N\u00e4he f\u00fchren, der einmal wichtig war. Dabei die eigenen Grenzen zu \u00fcberschreiten wird zum Schl\u00fcssel f\u00fcr die eigene Auseinandersetzung. Es geht bei so einer Reise nicht um Urlaub, sondern um das Erlebte.<\/p>\n\n\n\n<p><strong>Sie haben unz\u00e4hlige Bilder gemacht. Welches ist das Foto, das sie selbst am meisten ber\u00fchrt?<\/strong><\/p>\n\n\n\n<p>Das \u201eEisblumenbild\u201c ist f\u00fcr mich die Illustration der Verg\u00e4nglichkeit, das ist ein wichtiges Bild und es bedeutet mir sehr viel. Das Wertvollste ist aber ein eher profanes Selfiefoto. Es zeigt meinen Vater und mich sehr direkt nebeneinander und versinnbildlicht unsere \u00c4hnlichkeiten und zeigt mir, wer wir zusammen waren.<\/p>\n\n\n\n<p><strong>Was bedeuten Ihnen die Bilder von der Reise mit Ihrem Vater?<\/strong><\/p>\n\n\n\n<p>Diese Bilder sind jetzt die M\u00f6glichkeit mich zu erinnern, ich erinnere den Mut, den ich hatte, auf diese Reise zu gehen, ich erinnere meine damalige Unerfahrenheit. Sie sind der Beginn und die Illustration einer Auseinandersetzung. Ich konnte mit ihm Frieden schlie\u00dfen. Nach der Reise lebte mein Vater noch drei Jahre. Auch in dieser Zeit habe ich ihn fotografisch begleitet, war seine wichtigste Bezugsperson. Er hat sich in mir wiedererkannt. Nach der Reise habe ich die Entscheidung getroffen, die in ihm Freude ausgel\u00f6st hat, das habe ich gesp\u00fcrt: Ab jetzt nenne ich ihn wieder Papi.<\/p>\n\n\n\n<p><em>Herr Dressler, herzlichen Dank f\u00fcr das Gespr\u00e4ch.&nbsp;<\/em><\/p>\n\n\n\n<p><\/p>\n\n\n<div class=\"wp-block-image\">\n<figure class=\"alignleft size-large is-resized\"><img loading=\"lazy\" decoding=\"async\" width=\"1030\" height=\"687\" src=\"https:\/\/digidem-bayern.de\/wp-content\/uploads\/2025\/12\/Strasse-2017_EndederWelt_V7A8334_Foto-Hauke-Dressler-1030x687.jpg\" alt=\"Vater und Sohn sind in einem Gel\u00e4ndewagen 2500 Kilometer durch Eis und Schnee bis an den Polarkreis gefahren.\" class=\"wp-image-47317\" style=\"width:931px;height:auto\" srcset=\"https:\/\/digidem-bayern.de\/wp-content\/uploads\/2025\/12\/Strasse-2017_EndederWelt_V7A8334_Foto-Hauke-Dressler-1030x687.jpg 1030w, https:\/\/digidem-bayern.de\/wp-content\/uploads\/2025\/12\/Strasse-2017_EndederWelt_V7A8334_Foto-Hauke-Dressler-300x200.jpg 300w, https:\/\/digidem-bayern.de\/wp-content\/uploads\/2025\/12\/Strasse-2017_EndederWelt_V7A8334_Foto-Hauke-Dressler-768x512.jpg 768w, https:\/\/digidem-bayern.de\/wp-content\/uploads\/2025\/12\/Strasse-2017_EndederWelt_V7A8334_Foto-Hauke-Dressler-1536x1024.jpg 1536w, https:\/\/digidem-bayern.de\/wp-content\/uploads\/2025\/12\/Strasse-2017_EndederWelt_V7A8334_Foto-Hauke-Dressler-2048x1365.jpg 2048w, https:\/\/digidem-bayern.de\/wp-content\/uploads\/2025\/12\/Strasse-2017_EndederWelt_V7A8334_Foto-Hauke-Dressler-525x350.jpg 525w, https:\/\/digidem-bayern.de\/wp-content\/uploads\/2025\/12\/Strasse-2017_EndederWelt_V7A8334_Foto-Hauke-Dressler-1320x880.jpg 1320w, https:\/\/digidem-bayern.de\/wp-content\/uploads\/2025\/12\/Strasse-2017_EndederWelt_V7A8334_Foto-Hauke-Dressler.jpg 1600w\" sizes=\"auto, (max-width: 1030px) 100vw, 1030px\" \/><figcaption class=\"wp-element-caption\">Mit seinem an Demenz erkrankten Vater hat der Fotograf Hauke Dressler eine \u201eletzte gemeinsame Reise\u201c unternommen &#8211; nach Lappland und an Orte, die sein Vater mochte.  Foto: Hauke Dressler<\/figcaption><\/figure>\n<\/div>\n\n\n<p><\/p>\n\n\n\n<p><\/p>\n\n\n\n<p><\/p>\n\n\n\n<p><\/p>\n\n\n\n<p><\/p>\n\n\n\n<p><\/p>\n\n\n\n<p><\/p>\n\n\n\n<div style=\"height:0px\" aria-hidden=\"true\" class=\"wp-block-spacer\"><\/div>\n\n\n\n<p><\/p>","protected":false},"excerpt":{"rendered":"<p>Hauke Dressler, 56, arbeitet f\u00fcr Magazine wie GEO und STERN, fotografiert Imagekampagnen und Portraits und hat zahlreiche B\u00fccher ver\u00f6ffentlicht. 2013 erkrankte sein Vater Fritz Dressler, ein Architekt, Hochschul-Professor und erfolgreicher Fotograf, an Alzheimer-Demenz. 2017 unternahmen Vater und Sohn eine gemeinsame \u201eletzte Reise\u201c nach Finnland. F\u00fcr die Ver\u00f6ffentlichung im \u201eWalden\u201c-Magazin von &hellip;<\/p>","protected":false},"author":12,"featured_media":47320,"comment_status":"open","ping_status":"closed","sticky":false,"template":"","format":"standard","meta":{"qubely_global_settings":"","qubely_interactions":"","_uag_custom_page_level_css":"","footnotes":""},"categories":[8,5],"tags":[13,406,252,1849,374,1802,12,1843,868,112,177,1845,14,17,741,55,1808,875,1846,1842,1841,610,1850,1847,1848,1844,566,93,897,1687],"class_list":["post-47313","post","type-post","status-publish","format-standard","has-post-thumbnail","hentry","category-aktuelles-zu-digidem","category-wissenschaft-forschung","tag-alzheimer","tag-alzheimer-demenz","tag-architektur","tag-architekturfotografie","tag-autofahren","tag-beratungsangebote","tag-demenz-2","tag-demenz-fotografie","tag-demenz-frueherkennung","tag-demenzdiagnose","tag-demenzrisiko","tag-desideria-care","tag-digidem","tag-digidem-bayern","tag-digidem-bayern-demand","tag-digitales-demenzregister-bayern","tag-familienangehoerige","tag-finnland","tag-fotograf","tag-fotografie","tag-hauke-dressler","tag-hausarzt","tag-kamera","tag-lappland","tag-lebenserinnerungen","tag-letzte-reise","tag-menschen-mit-demenz","tag-pflegende-angehoerige","tag-schlaflosigkeit","tag-vertrauen"],"qubely_featured_image_url":{"full":["https:\/\/digidem-bayern.de\/wp-content\/uploads\/2025\/12\/Zaehneputzen-005_V7A8174-Foto-Hauke-Dressler.jpg",1600,1067,false],"landscape":["https:\/\/digidem-bayern.de\/wp-content\/uploads\/2025\/12\/Zaehneputzen-005_V7A8174-Foto-Hauke-Dressler-1200x750.jpg",1200,750,true],"portraits":["https:\/\/digidem-bayern.de\/wp-content\/uploads\/2025\/12\/Zaehneputzen-005_V7A8174-Foto-Hauke-Dressler-540x320.jpg",540,320,true],"thumbnail":["https:\/\/digidem-bayern.de\/wp-content\/uploads\/2025\/12\/Zaehneputzen-005_V7A8174-Foto-Hauke-Dressler-80x80.jpg",80,80,true],"medium":["https:\/\/digidem-bayern.de\/wp-content\/uploads\/2025\/12\/Zaehneputzen-005_V7A8174-Foto-Hauke-Dressler-300x200.jpg",300,200,true],"medium_large":["https:\/\/digidem-bayern.de\/wp-content\/uploads\/2025\/12\/Zaehneputzen-005_V7A8174-Foto-Hauke-Dressler-768x512.jpg",768,512,true],"large":["https:\/\/digidem-bayern.de\/wp-content\/uploads\/2025\/12\/Zaehneputzen-005_V7A8174-Foto-Hauke-Dressler-1030x687.jpg",1030,687,true],"1536x1536":["https:\/\/digidem-bayern.de\/wp-content\/uploads\/2025\/12\/Zaehneputzen-005_V7A8174-Foto-Hauke-Dressler-1536x1024.jpg",1536,1024,true],"2048x2048":["https:\/\/digidem-bayern.de\/wp-content\/uploads\/2025\/12\/Zaehneputzen-005_V7A8174-Foto-Hauke-Dressler-2048x1365.jpg",2048,1365,true],"trp-custom-language-flag":["https:\/\/digidem-bayern.de\/wp-content\/uploads\/2025\/12\/Zaehneputzen-005_V7A8174-Foto-Hauke-Dressler.jpg",18,12,false],"qubely_landscape":["https:\/\/digidem-bayern.de\/wp-content\/uploads\/2025\/12\/Zaehneputzen-005_V7A8174-Foto-Hauke-Dressler-1200x750.jpg",1200,750,true],"qubely_portrait":["https:\/\/digidem-bayern.de\/wp-content\/uploads\/2025\/12\/Zaehneputzen-005_V7A8174-Foto-Hauke-Dressler-540x320.jpg",540,320,true],"qubely_thumbnail":["https:\/\/digidem-bayern.de\/wp-content\/uploads\/2025\/12\/Zaehneputzen-005_V7A8174-Foto-Hauke-Dressler-140x100.jpg",140,100,true],"post-thumbnail":["https:\/\/digidem-bayern.de\/wp-content\/uploads\/2025\/12\/Zaehneputzen-005_V7A8174-Foto-Hauke-Dressler-525x350.jpg",525,350,true],"kahuna-featured":["https:\/\/digidem-bayern.de\/wp-content\/uploads\/2025\/12\/Zaehneputzen-005_V7A8174-Foto-Hauke-Dressler-734x350.jpg",734,350,true],"kahuna-featured-lp":["https:\/\/digidem-bayern.de\/wp-content\/uploads\/2025\/12\/Zaehneputzen-005_V7A8174-Foto-Hauke-Dressler-520x350.jpg",520,350,true],"kahuna-featured-half":["https:\/\/digidem-bayern.de\/wp-content\/uploads\/2025\/12\/Zaehneputzen-005_V7A8174-Foto-Hauke-Dressler-800x350.jpg",800,350,true],"kahuna-featured-third":["https:\/\/digidem-bayern.de\/wp-content\/uploads\/2025\/12\/Zaehneputzen-005_V7A8174-Foto-Hauke-Dressler-512x350.jpg",512,350,true],"kahuna-lpbox-1":["https:\/\/digidem-bayern.de\/wp-content\/uploads\/2025\/12\/Zaehneputzen-005_V7A8174-Foto-Hauke-Dressler-520x300.jpg",520,300,true],"kahuna-lpbox-2":["https:\/\/digidem-bayern.de\/wp-content\/uploads\/2025\/12\/Zaehneputzen-005_V7A8174-Foto-Hauke-Dressler-520x350.jpg",520,350,true],"demand-language-flag":["https:\/\/digidem-bayern.de\/wp-content\/uploads\/2025\/12\/Zaehneputzen-005_V7A8174-Foto-Hauke-Dressler-36x36.jpg",36,36,true],"dddkt-language-flag":["https:\/\/digidem-bayern.de\/wp-content\/uploads\/2025\/12\/Zaehneputzen-005_V7A8174-Foto-Hauke-Dressler-36x36.jpg",36,36,true],"ddiqc-language-flag":["https:\/\/digidem-bayern.de\/wp-content\/uploads\/2025\/12\/Zaehneputzen-005_V7A8174-Foto-Hauke-Dressler-36x36.jpg",36,36,true],"ddtl-language-flag":["https:\/\/digidem-bayern.de\/wp-content\/uploads\/2025\/12\/Zaehneputzen-005_V7A8174-Foto-Hauke-Dressler-36x36.jpg",36,36,true],"mailpoet_newsletter_max":["https:\/\/digidem-bayern.de\/wp-content\/uploads\/2025\/12\/Zaehneputzen-005_V7A8174-Foto-Hauke-Dressler-1320x880.jpg",1320,880,true],"kahuna-lpbox-3":["https:\/\/digidem-bayern.de\/wp-content\/uploads\/2025\/12\/Zaehneputzen-005_V7A8174-Foto-Hauke-Dressler-520x350.jpg",520,350,true],"kahuna-featured-square":["https:\/\/digidem-bayern.de\/wp-content\/uploads\/2025\/12\/Zaehneputzen-005_V7A8174-Foto-Hauke-Dressler-512x512.jpg",512,512,true],"kahuna-featured-square-large":["https:\/\/digidem-bayern.de\/wp-content\/uploads\/2025\/12\/Zaehneputzen-005_V7A8174-Foto-Hauke-Dressler-1024x1024.jpg",1024,1024,true]},"qubely_author":{"display_name":"Ilona H\u00f6rath","author_link":"https:\/\/digidem-bayern.de\/en\/author\/hoeratia\/"},"qubely_comment":21,"qubely_category":"<a href=\"https:\/\/digidem-bayern.de\/en\/category\/aktuelles-zu-digidem\/\" rel=\"category tag\">Aktuelles zu digiDEM<\/a> <a href=\"https:\/\/digidem-bayern.de\/en\/category\/wissenschaft-forschung\/\" rel=\"category tag\">Wissenschaft &amp; Forschung<\/a>","qubely_excerpt":"Hauke Dressler, 56, arbeitet f\u00fcr Magazine wie GEO und STERN, fotografiert Imagekampagnen und Portraits und hat zahlreiche B\u00fccher ver\u00f6ffentlicht. 2013 erkrankte sein Vater Fritz Dressler, ein Architekt, Hochschul-Professor und erfolgreicher Fotograf, an Alzheimer-Demenz. 2017 unternahmen Vater und Sohn eine gemeinsame \u201eletzte Reise\u201c nach Finnland. F\u00fcr die Ver\u00f6ffentlichung im \u201eWalden\u201c-Magazin von &hellip;","featured_image_urls_v2":{"full":["https:\/\/digidem-bayern.de\/wp-content\/uploads\/2025\/12\/Zaehneputzen-005_V7A8174-Foto-Hauke-Dressler.jpg",1600,1067,false],"thumbnail":["https:\/\/digidem-bayern.de\/wp-content\/uploads\/2025\/12\/Zaehneputzen-005_V7A8174-Foto-Hauke-Dressler-80x80.jpg",80,80,true],"medium":["https:\/\/digidem-bayern.de\/wp-content\/uploads\/2025\/12\/Zaehneputzen-005_V7A8174-Foto-Hauke-Dressler-300x200.jpg",300,200,true],"medium_large":["https:\/\/digidem-bayern.de\/wp-content\/uploads\/2025\/12\/Zaehneputzen-005_V7A8174-Foto-Hauke-Dressler-768x512.jpg",768,512,true],"large":["https:\/\/digidem-bayern.de\/wp-content\/uploads\/2025\/12\/Zaehneputzen-005_V7A8174-Foto-Hauke-Dressler-1030x687.jpg",1030,687,true],"1536x1536":["https:\/\/digidem-bayern.de\/wp-content\/uploads\/2025\/12\/Zaehneputzen-005_V7A8174-Foto-Hauke-Dressler-1536x1024.jpg",1536,1024,true],"2048x2048":["https:\/\/digidem-bayern.de\/wp-content\/uploads\/2025\/12\/Zaehneputzen-005_V7A8174-Foto-Hauke-Dressler-2048x1365.jpg",2048,1365,true],"trp-custom-language-flag":["https:\/\/digidem-bayern.de\/wp-content\/uploads\/2025\/12\/Zaehneputzen-005_V7A8174-Foto-Hauke-Dressler.jpg",18,12,false],"qubely_landscape":["https:\/\/digidem-bayern.de\/wp-content\/uploads\/2025\/12\/Zaehneputzen-005_V7A8174-Foto-Hauke-Dressler-1200x750.jpg",1200,750,true],"qubely_portrait":["https:\/\/digidem-bayern.de\/wp-content\/uploads\/2025\/12\/Zaehneputzen-005_V7A8174-Foto-Hauke-Dressler-540x320.jpg",540,320,true],"qubely_thumbnail":["https:\/\/digidem-bayern.de\/wp-content\/uploads\/2025\/12\/Zaehneputzen-005_V7A8174-Foto-Hauke-Dressler-140x100.jpg",140,100,true],"post-thumbnail":["https:\/\/digidem-bayern.de\/wp-content\/uploads\/2025\/12\/Zaehneputzen-005_V7A8174-Foto-Hauke-Dressler-525x350.jpg",525,350,true],"kahuna-featured":["https:\/\/digidem-bayern.de\/wp-content\/uploads\/2025\/12\/Zaehneputzen-005_V7A8174-Foto-Hauke-Dressler-734x350.jpg",734,350,true],"kahuna-featured-lp":["https:\/\/digidem-bayern.de\/wp-content\/uploads\/2025\/12\/Zaehneputzen-005_V7A8174-Foto-Hauke-Dressler-520x350.jpg",520,350,true],"kahuna-featured-half":["https:\/\/digidem-bayern.de\/wp-content\/uploads\/2025\/12\/Zaehneputzen-005_V7A8174-Foto-Hauke-Dressler-800x350.jpg",800,350,true],"kahuna-featured-third":["https:\/\/digidem-bayern.de\/wp-content\/uploads\/2025\/12\/Zaehneputzen-005_V7A8174-Foto-Hauke-Dressler-512x350.jpg",512,350,true],"kahuna-lpbox-1":["https:\/\/digidem-bayern.de\/wp-content\/uploads\/2025\/12\/Zaehneputzen-005_V7A8174-Foto-Hauke-Dressler-520x300.jpg",520,300,true],"kahuna-lpbox-2":["https:\/\/digidem-bayern.de\/wp-content\/uploads\/2025\/12\/Zaehneputzen-005_V7A8174-Foto-Hauke-Dressler-520x350.jpg",520,350,true],"demand-language-flag":["https:\/\/digidem-bayern.de\/wp-content\/uploads\/2025\/12\/Zaehneputzen-005_V7A8174-Foto-Hauke-Dressler-36x36.jpg",36,36,true],"dddkt-language-flag":["https:\/\/digidem-bayern.de\/wp-content\/uploads\/2025\/12\/Zaehneputzen-005_V7A8174-Foto-Hauke-Dressler-36x36.jpg",36,36,true],"ddiqc-language-flag":["https:\/\/digidem-bayern.de\/wp-content\/uploads\/2025\/12\/Zaehneputzen-005_V7A8174-Foto-Hauke-Dressler-36x36.jpg",36,36,true],"ddtl-language-flag":["https:\/\/digidem-bayern.de\/wp-content\/uploads\/2025\/12\/Zaehneputzen-005_V7A8174-Foto-Hauke-Dressler-36x36.jpg",36,36,true],"mailpoet_newsletter_max":["https:\/\/digidem-bayern.de\/wp-content\/uploads\/2025\/12\/Zaehneputzen-005_V7A8174-Foto-Hauke-Dressler-1320x880.jpg",1320,880,true],"kahuna-lpbox-3":["https:\/\/digidem-bayern.de\/wp-content\/uploads\/2025\/12\/Zaehneputzen-005_V7A8174-Foto-Hauke-Dressler-520x350.jpg",520,350,true],"kahuna-featured-square":["https:\/\/digidem-bayern.de\/wp-content\/uploads\/2025\/12\/Zaehneputzen-005_V7A8174-Foto-Hauke-Dressler-512x512.jpg",512,512,true],"kahuna-featured-square-large":["https:\/\/digidem-bayern.de\/wp-content\/uploads\/2025\/12\/Zaehneputzen-005_V7A8174-Foto-Hauke-Dressler-1024x1024.jpg",1024,1024,true]},"post_excerpt_stackable_v2":"<p>Hauke Dressler, 56, arbeitet f\u00fcr Magazine wie GEO und STERN, fotografiert Imagekampagnen und Portraits und hat zahlreiche B\u00fccher ver\u00f6ffentlicht. 2013 erkrankte sein Vater Fritz Dressler, ein Architekt, Hochschul-Professor und erfolgreicher Fotograf, an Alzheimer-Demenz. 2017 unternahmen Vater und Sohn eine gemeinsame \u201eletzte Reise\u201c nach Finnland. F\u00fcr die Ver\u00f6ffentlichung im \u201eWalden\u201c-Magazin von GEO wurde Hauke Dressler 2018 in der Kategorie \u201eBeste Foto-Reportage\u201c f\u00fcr den renommierten Henri-Nannen-Preis nominiert.&nbsp;Bei Desideria Care e.V. ist er Botschafter des Projektes \u201eDemenz Neu Sehen\u201c. Im Interview spricht Ilona H\u00f6rath mit ihm \u00fcber gute Fotografie, eine besondere Holzh\u00fctte in Lappland und bewegende Momente einer abenteuerlichen Reise. Herr Dressler, was&hellip;<\/p>\n","category_list_v2":"<a href=\"https:\/\/digidem-bayern.de\/en\/category\/aktuelles-zu-digidem\/\" rel=\"category tag\">Aktuelles zu digiDEM<\/a>, <a href=\"https:\/\/digidem-bayern.de\/en\/category\/wissenschaft-forschung\/\" rel=\"category tag\">Wissenschaft &amp; Forschung<\/a>","author_info_v2":{"name":"Ilona H\u00f6rath","url":"https:\/\/digidem-bayern.de\/en\/author\/hoeratia\/"},"comments_num_v2":"0 comments","yoast_head":"<!-- This site is optimized with the Yoast SEO plugin v27.4 - https:\/\/yoast.com\/product\/yoast-seo-wordpress\/ -->\n<title>\u201eAb jetzt nenne ich ihn wieder Papi\u201c - digiDEM Bayern<\/title>\n<meta name=\"description\" content=\"Der Bayerische Landesapothekerkammer unterst\u00fctzt digiDEM Bayern mit Hilfe des Netzwerks &quot;Demenzfreundliche Apotheken&quot;.\" \/>\n<meta name=\"robots\" content=\"index, follow, max-snippet:-1, max-image-preview:large, max-video-preview:-1\" \/>\n<link rel=\"canonical\" href=\"https:\/\/digidem-bayern.de\/en\/ab-jetzt-nenne-ich-ihn-wieder-papi\/\" \/>\n<meta property=\"og:locale\" content=\"en_US\" \/>\n<meta property=\"og:type\" content=\"article\" \/>\n<meta property=\"og:title\" content=\"\u201eAb jetzt nenne ich ihn wieder Papi\u201c - digiDEM Bayern\" \/>\n<meta property=\"og:description\" content=\"Der Bayerische Landesapothekerkammer unterst\u00fctzt digiDEM Bayern mit Hilfe des Netzwerks &quot;Demenzfreundliche Apotheken&quot;.\" \/>\n<meta property=\"og:url\" content=\"https:\/\/digidem-bayern.de\/en\/ab-jetzt-nenne-ich-ihn-wieder-papi\/\" \/>\n<meta property=\"og:site_name\" content=\"digiDEM Bayern\" \/>\n<meta property=\"article:publisher\" content=\"https:\/\/www.facebook.com\/digiDEMBayern\/\" \/>\n<meta property=\"article:published_time\" content=\"2025-12-18T08:02:00+00:00\" \/>\n<meta property=\"article:modified_time\" content=\"2025-12-18T08:26:11+00:00\" \/>\n<meta property=\"og:image\" content=\"https:\/\/digidem-bayern.de\/wp-content\/uploads\/2025\/12\/Zaehneputzen-005_V7A8174-Foto-Hauke-Dressler-1030x687.jpg\" \/>\n\t<meta property=\"og:image:width\" content=\"1030\" \/>\n\t<meta property=\"og:image:height\" content=\"687\" \/>\n\t<meta property=\"og:image:type\" content=\"image\/jpeg\" \/>\n<meta name=\"author\" content=\"Ilona H\u00f6rath\" \/>\n<meta name=\"twitter:label1\" content=\"Written by\" \/>\n\t<meta name=\"twitter:data1\" content=\"Ilona H\u00f6rath\" \/>\n\t<meta name=\"twitter:label2\" content=\"Est. reading time\" \/>\n\t<meta name=\"twitter:data2\" content=\"2 minutes\" \/>\n<script type=\"application\/ld+json\" class=\"yoast-schema-graph\">{\"@context\":\"https:\\\/\\\/schema.org\",\"@graph\":[{\"@type\":\"Article\",\"@id\":\"https:\\\/\\\/digidem-bayern.de\\\/ab-jetzt-nenne-ich-ihn-wieder-papi\\\/#article\",\"isPartOf\":{\"@id\":\"https:\\\/\\\/digidem-bayern.de\\\/ab-jetzt-nenne-ich-ihn-wieder-papi\\\/\"},\"author\":{\"name\":\"Ilona H\u00f6rath\",\"@id\":\"\\\/#\\\/schema\\\/person\\\/0bc1494f46fc2a051c761322a80e0941\"},\"headline\":\"\u201eAb jetzt nenne ich ihn wieder Papi\u201c\",\"datePublished\":\"2025-12-18T08:02:00+00:00\",\"dateModified\":\"2025-12-18T08:26:11+00:00\",\"mainEntityOfPage\":{\"@id\":\"https:\\\/\\\/digidem-bayern.de\\\/ab-jetzt-nenne-ich-ihn-wieder-papi\\\/\"},\"wordCount\":1863,\"commentCount\":0,\"publisher\":{\"@id\":\"\\\/#organization\"},\"image\":{\"@id\":\"https:\\\/\\\/digidem-bayern.de\\\/ab-jetzt-nenne-ich-ihn-wieder-papi\\\/#primaryimage\"},\"thumbnailUrl\":\"https:\\\/\\\/digidem-bayern.de\\\/wp-content\\\/uploads\\\/2025\\\/12\\\/Zaehneputzen-005_V7A8174-Foto-Hauke-Dressler.jpg\",\"keywords\":[\"Alzheimer\",\"Alzheimer-Demenz\",\"Architektur\",\"Architekturfotografie\",\"Autofahren\",\"Beratungsangebote\",\"Demenz\",\"Demenz-Fotografie\",\"Demenz-Fr\u00fcherkennung\",\"Demenzdiagnose\",\"Demenzrisiko\",\"Desideria Care\",\"digidem\",\"digidem Bayern\",\"digiDEM Bayern DEMAND\",\"Digitales Demenzregister Bayern\",\"Familienangeh\u00f6rige\",\"Finnland\",\"Fotograf\",\"Fotografie\",\"Hauke Dressler\",\"Hausarzt\",\"Kamera\",\"Lappland\",\"Lebenserinnerungen\",\"Letzte Reise\",\"Menschen mit Demenz\",\"pflegende Angeh\u00f6rige\",\"Schlaflosigkeit\",\"Vertrauen\"],\"articleSection\":[\"Aktuelles zu digiDEM\",\"Wissenschaft &amp; Forschung\"],\"inLanguage\":\"en-US\",\"potentialAction\":[{\"@type\":\"CommentAction\",\"name\":\"Comment\",\"target\":[\"https:\\\/\\\/digidem-bayern.de\\\/ab-jetzt-nenne-ich-ihn-wieder-papi\\\/#respond\"]}]},{\"@type\":\"WebPage\",\"@id\":\"https:\\\/\\\/digidem-bayern.de\\\/ab-jetzt-nenne-ich-ihn-wieder-papi\\\/\",\"url\":\"https:\\\/\\\/digidem-bayern.de\\\/ab-jetzt-nenne-ich-ihn-wieder-papi\\\/\",\"name\":\"\u201eAb jetzt nenne ich ihn wieder Papi\u201c - digiDEM Bayern\",\"isPartOf\":{\"@id\":\"\\\/#website\"},\"primaryImageOfPage\":{\"@id\":\"https:\\\/\\\/digidem-bayern.de\\\/ab-jetzt-nenne-ich-ihn-wieder-papi\\\/#primaryimage\"},\"image\":{\"@id\":\"https:\\\/\\\/digidem-bayern.de\\\/ab-jetzt-nenne-ich-ihn-wieder-papi\\\/#primaryimage\"},\"thumbnailUrl\":\"https:\\\/\\\/digidem-bayern.de\\\/wp-content\\\/uploads\\\/2025\\\/12\\\/Zaehneputzen-005_V7A8174-Foto-Hauke-Dressler.jpg\",\"datePublished\":\"2025-12-18T08:02:00+00:00\",\"dateModified\":\"2025-12-18T08:26:11+00:00\",\"description\":\"Der Bayerische Landesapothekerkammer unterst\u00fctzt digiDEM Bayern mit Hilfe des Netzwerks \\\"Demenzfreundliche Apotheken\\\".\",\"breadcrumb\":{\"@id\":\"https:\\\/\\\/digidem-bayern.de\\\/ab-jetzt-nenne-ich-ihn-wieder-papi\\\/#breadcrumb\"},\"inLanguage\":\"en-US\",\"potentialAction\":[{\"@type\":\"ReadAction\",\"target\":[\"https:\\\/\\\/digidem-bayern.de\\\/ab-jetzt-nenne-ich-ihn-wieder-papi\\\/\"]}]},{\"@type\":\"ImageObject\",\"inLanguage\":\"en-US\",\"@id\":\"https:\\\/\\\/digidem-bayern.de\\\/ab-jetzt-nenne-ich-ihn-wieder-papi\\\/#primaryimage\",\"url\":\"https:\\\/\\\/digidem-bayern.de\\\/wp-content\\\/uploads\\\/2025\\\/12\\\/Zaehneputzen-005_V7A8174-Foto-Hauke-Dressler.jpg\",\"contentUrl\":\"https:\\\/\\\/digidem-bayern.de\\\/wp-content\\\/uploads\\\/2025\\\/12\\\/Zaehneputzen-005_V7A8174-Foto-Hauke-Dressler.jpg\",\"width\":1600,\"height\":1067,\"caption\":\"Auf der Reise fotografierte Hauke Dressler seinen Vater auch in einem Hotel-Badezimmer in der Stadt Umea. Foto: Hauke Dressler\"},{\"@type\":\"BreadcrumbList\",\"@id\":\"https:\\\/\\\/digidem-bayern.de\\\/ab-jetzt-nenne-ich-ihn-wieder-papi\\\/#breadcrumb\",\"itemListElement\":[{\"@type\":\"ListItem\",\"position\":1,\"name\":\"Startseite\",\"item\":\"https:\\\/\\\/digidem-bayern.de\\\/\"},{\"@type\":\"ListItem\",\"position\":2,\"name\":\"\u201eAb jetzt nenne ich ihn wieder Papi\u201c\"}]},{\"@type\":\"WebSite\",\"@id\":\"\\\/#website\",\"url\":\"\\\/\",\"name\":\"digiDEM Bayern\",\"description\":\"Das digitale Demenzregister Bayern erforscht und verbessert die Angebotsstuktur f\u00fcr Menschen mit Demenz und deren Angeh\u00f6rige\",\"publisher\":{\"@id\":\"\\\/#organization\"},\"potentialAction\":[{\"@type\":\"SearchAction\",\"target\":{\"@type\":\"EntryPoint\",\"urlTemplate\":\"\\\/?s={search_term_string}\"},\"query-input\":{\"@type\":\"PropertyValueSpecification\",\"valueRequired\":true,\"valueName\":\"search_term_string\"}}],\"inLanguage\":\"en-US\"},{\"@type\":\"Organization\",\"@id\":\"\\\/#organization\",\"name\":\"digiDEM Bayern\",\"url\":\"\\\/\",\"logo\":{\"@type\":\"ImageObject\",\"inLanguage\":\"en-US\",\"@id\":\"\\\/#\\\/schema\\\/logo\\\/image\\\/\",\"url\":\"https:\\\/\\\/digidem-bayern.de\\\/wp-content\\\/uploads\\\/2022\\\/03\\\/cropped-Allgemeines_digiDEMLOGO-removebg-preview.png\",\"contentUrl\":\"https:\\\/\\\/digidem-bayern.de\\\/wp-content\\\/uploads\\\/2022\\\/03\\\/cropped-Allgemeines_digiDEMLOGO-removebg-preview.png\",\"width\":612,\"height\":357,\"caption\":\"digiDEM Bayern\"},\"image\":{\"@id\":\"\\\/#\\\/schema\\\/logo\\\/image\\\/\"},\"sameAs\":[\"https:\\\/\\\/www.facebook.com\\\/digiDEMBayern\\\/\",\"https:\\\/\\\/x.com\\\/digidem_bayern\",\"https:\\\/\\\/www.instagram.com\\\/digidem.bayern\",\"https:\\\/\\\/www.linkedin.com\\\/company\\\/digidem-bayern\\\/\"]},{\"@type\":\"Person\",\"@id\":\"\\\/#\\\/schema\\\/person\\\/0bc1494f46fc2a051c761322a80e0941\",\"name\":\"Ilona H\u00f6rath\",\"url\":\"https:\\\/\\\/digidem-bayern.de\\\/en\\\/author\\\/hoeratia\\\/\"}]}<\/script>\n<!-- \/ Yoast SEO plugin. -->","yoast_head_json":{"title":"\u201eAb jetzt nenne ich ihn wieder Papi\u201c - digiDEM Bayern","description":"Der Bayerische Landesapothekerkammer unterst\u00fctzt digiDEM Bayern mit Hilfe des Netzwerks \"Demenzfreundliche Apotheken\".","robots":{"index":"index","follow":"follow","max-snippet":"max-snippet:-1","max-image-preview":"max-image-preview:large","max-video-preview":"max-video-preview:-1"},"canonical":"https:\/\/digidem-bayern.de\/en\/ab-jetzt-nenne-ich-ihn-wieder-papi\/","og_locale":"en_US","og_type":"article","og_title":"\u201eAb jetzt nenne ich ihn wieder Papi\u201c - digiDEM Bayern","og_description":"Der Bayerische Landesapothekerkammer unterst\u00fctzt digiDEM Bayern mit Hilfe des Netzwerks \"Demenzfreundliche Apotheken\".","og_url":"https:\/\/digidem-bayern.de\/en\/ab-jetzt-nenne-ich-ihn-wieder-papi\/","og_site_name":"digiDEM Bayern","article_publisher":"https:\/\/www.facebook.com\/digiDEMBayern\/","article_published_time":"2025-12-18T08:02:00+00:00","article_modified_time":"2025-12-18T08:26:11+00:00","og_image":[{"width":1030,"height":687,"url":"https:\/\/digidem-bayern.de\/wp-content\/uploads\/2025\/12\/Zaehneputzen-005_V7A8174-Foto-Hauke-Dressler-1030x687.jpg","type":"image\/jpeg"}],"author":"Ilona H\u00f6rath","twitter_misc":{"Written by":"Ilona H\u00f6rath","Est. reading time":"2 minutes"},"schema":{"@context":"https:\/\/schema.org","@graph":[{"@type":"Article","@id":"https:\/\/digidem-bayern.de\/ab-jetzt-nenne-ich-ihn-wieder-papi\/#article","isPartOf":{"@id":"https:\/\/digidem-bayern.de\/ab-jetzt-nenne-ich-ihn-wieder-papi\/"},"author":{"name":"Ilona H\u00f6rath","@id":"\/#\/schema\/person\/0bc1494f46fc2a051c761322a80e0941"},"headline":"\u201eAb jetzt nenne ich ihn wieder Papi\u201c","datePublished":"2025-12-18T08:02:00+00:00","dateModified":"2025-12-18T08:26:11+00:00","mainEntityOfPage":{"@id":"https:\/\/digidem-bayern.de\/ab-jetzt-nenne-ich-ihn-wieder-papi\/"},"wordCount":1863,"commentCount":0,"publisher":{"@id":"\/#organization"},"image":{"@id":"https:\/\/digidem-bayern.de\/ab-jetzt-nenne-ich-ihn-wieder-papi\/#primaryimage"},"thumbnailUrl":"https:\/\/digidem-bayern.de\/wp-content\/uploads\/2025\/12\/Zaehneputzen-005_V7A8174-Foto-Hauke-Dressler.jpg","keywords":["Alzheimer","Alzheimer-Demenz","Architektur","Architekturfotografie","Autofahren","Beratungsangebote","Demenz","Demenz-Fotografie","Demenz-Fr\u00fcherkennung","Demenzdiagnose","Demenzrisiko","Desideria Care","digidem","digidem Bayern","digiDEM Bayern DEMAND","Digitales Demenzregister Bayern","Familienangeh\u00f6rige","Finnland","Fotograf","Fotografie","Hauke Dressler","Hausarzt","Kamera","Lappland","Lebenserinnerungen","Letzte Reise","Menschen mit Demenz","pflegende Angeh\u00f6rige","Schlaflosigkeit","Vertrauen"],"articleSection":["Aktuelles zu digiDEM","Wissenschaft &amp; Forschung"],"inLanguage":"en-US","potentialAction":[{"@type":"CommentAction","name":"Comment","target":["https:\/\/digidem-bayern.de\/ab-jetzt-nenne-ich-ihn-wieder-papi\/#respond"]}]},{"@type":"WebPage","@id":"https:\/\/digidem-bayern.de\/ab-jetzt-nenne-ich-ihn-wieder-papi\/","url":"https:\/\/digidem-bayern.de\/ab-jetzt-nenne-ich-ihn-wieder-papi\/","name":"\u201eAb jetzt nenne ich ihn wieder Papi\u201c - digiDEM Bayern","isPartOf":{"@id":"\/#website"},"primaryImageOfPage":{"@id":"https:\/\/digidem-bayern.de\/ab-jetzt-nenne-ich-ihn-wieder-papi\/#primaryimage"},"image":{"@id":"https:\/\/digidem-bayern.de\/ab-jetzt-nenne-ich-ihn-wieder-papi\/#primaryimage"},"thumbnailUrl":"https:\/\/digidem-bayern.de\/wp-content\/uploads\/2025\/12\/Zaehneputzen-005_V7A8174-Foto-Hauke-Dressler.jpg","datePublished":"2025-12-18T08:02:00+00:00","dateModified":"2025-12-18T08:26:11+00:00","description":"Der Bayerische Landesapothekerkammer unterst\u00fctzt digiDEM Bayern mit Hilfe des Netzwerks \"Demenzfreundliche Apotheken\".","breadcrumb":{"@id":"https:\/\/digidem-bayern.de\/ab-jetzt-nenne-ich-ihn-wieder-papi\/#breadcrumb"},"inLanguage":"en-US","potentialAction":[{"@type":"ReadAction","target":["https:\/\/digidem-bayern.de\/ab-jetzt-nenne-ich-ihn-wieder-papi\/"]}]},{"@type":"ImageObject","inLanguage":"en-US","@id":"https:\/\/digidem-bayern.de\/ab-jetzt-nenne-ich-ihn-wieder-papi\/#primaryimage","url":"https:\/\/digidem-bayern.de\/wp-content\/uploads\/2025\/12\/Zaehneputzen-005_V7A8174-Foto-Hauke-Dressler.jpg","contentUrl":"https:\/\/digidem-bayern.de\/wp-content\/uploads\/2025\/12\/Zaehneputzen-005_V7A8174-Foto-Hauke-Dressler.jpg","width":1600,"height":1067,"caption":"Auf der Reise fotografierte Hauke Dressler seinen Vater auch in einem Hotel-Badezimmer in der Stadt Umea. Foto: Hauke Dressler"},{"@type":"BreadcrumbList","@id":"https:\/\/digidem-bayern.de\/ab-jetzt-nenne-ich-ihn-wieder-papi\/#breadcrumb","itemListElement":[{"@type":"ListItem","position":1,"name":"Startseite","item":"https:\/\/digidem-bayern.de\/"},{"@type":"ListItem","position":2,"name":"\u201eAb jetzt nenne ich ihn wieder Papi\u201c"}]},{"@type":"WebSite","@id":"\/#website","url":"\/","name":"digiDEM Bavaria","description":"The digital dementia register in Bavaria researches and improves the structure of services for people with dementia and their relatives","publisher":{"@id":"\/#organization"},"potentialAction":[{"@type":"SearchAction","target":{"@type":"EntryPoint","urlTemplate":"\/?s={search_term_string}"},"query-input":{"@type":"PropertyValueSpecification","valueRequired":true,"valueName":"search_term_string"}}],"inLanguage":"en-US"},{"@type":"Organization","@id":"\/#organization","name":"digiDEM Bavaria","url":"\/","logo":{"@type":"ImageObject","inLanguage":"en-US","@id":"\/#\/schema\/logo\/image\/","url":"https:\/\/digidem-bayern.de\/wp-content\/uploads\/2022\/03\/cropped-Allgemeines_digiDEMLOGO-removebg-preview.png","contentUrl":"https:\/\/digidem-bayern.de\/wp-content\/uploads\/2022\/03\/cropped-Allgemeines_digiDEMLOGO-removebg-preview.png","width":612,"height":357,"caption":"digiDEM Bayern"},"image":{"@id":"\/#\/schema\/logo\/image\/"},"sameAs":["https:\/\/www.facebook.com\/digiDEMBayern\/","https:\/\/x.com\/digidem_bayern","https:\/\/www.instagram.com\/digidem.bayern","https:\/\/www.linkedin.com\/company\/digidem-bayern\/"]},{"@type":"Person","@id":"\/#\/schema\/person\/0bc1494f46fc2a051c761322a80e0941","name":"Ilona H\u00f6rath","url":"https:\/\/digidem-bayern.de\/en\/author\/hoeratia\/"}]}},"uagb_featured_image_src":{"full":["https:\/\/digidem-bayern.de\/wp-content\/uploads\/2025\/12\/Zaehneputzen-005_V7A8174-Foto-Hauke-Dressler.jpg",1600,1067,false],"thumbnail":["https:\/\/digidem-bayern.de\/wp-content\/uploads\/2025\/12\/Zaehneputzen-005_V7A8174-Foto-Hauke-Dressler-80x80.jpg",80,80,true],"medium":["https:\/\/digidem-bayern.de\/wp-content\/uploads\/2025\/12\/Zaehneputzen-005_V7A8174-Foto-Hauke-Dressler-300x200.jpg",300,200,true],"medium_large":["https:\/\/digidem-bayern.de\/wp-content\/uploads\/2025\/12\/Zaehneputzen-005_V7A8174-Foto-Hauke-Dressler-768x512.jpg",768,512,true],"large":["https:\/\/digidem-bayern.de\/wp-content\/uploads\/2025\/12\/Zaehneputzen-005_V7A8174-Foto-Hauke-Dressler-1030x687.jpg",1030,687,true],"1536x1536":["https:\/\/digidem-bayern.de\/wp-content\/uploads\/2025\/12\/Zaehneputzen-005_V7A8174-Foto-Hauke-Dressler-1536x1024.jpg",1536,1024,true],"2048x2048":["https:\/\/digidem-bayern.de\/wp-content\/uploads\/2025\/12\/Zaehneputzen-005_V7A8174-Foto-Hauke-Dressler-2048x1365.jpg",2048,1365,true],"trp-custom-language-flag":["https:\/\/digidem-bayern.de\/wp-content\/uploads\/2025\/12\/Zaehneputzen-005_V7A8174-Foto-Hauke-Dressler.jpg",18,12,false],"qubely_landscape":["https:\/\/digidem-bayern.de\/wp-content\/uploads\/2025\/12\/Zaehneputzen-005_V7A8174-Foto-Hauke-Dressler-1200x750.jpg",1200,750,true],"qubely_portrait":["https:\/\/digidem-bayern.de\/wp-content\/uploads\/2025\/12\/Zaehneputzen-005_V7A8174-Foto-Hauke-Dressler-540x320.jpg",540,320,true],"qubely_thumbnail":["https:\/\/digidem-bayern.de\/wp-content\/uploads\/2025\/12\/Zaehneputzen-005_V7A8174-Foto-Hauke-Dressler-140x100.jpg",140,100,true],"post-thumbnail":["https:\/\/digidem-bayern.de\/wp-content\/uploads\/2025\/12\/Zaehneputzen-005_V7A8174-Foto-Hauke-Dressler-525x350.jpg",525,350,true],"kahuna-featured":["https:\/\/digidem-bayern.de\/wp-content\/uploads\/2025\/12\/Zaehneputzen-005_V7A8174-Foto-Hauke-Dressler-734x350.jpg",734,350,true],"kahuna-featured-lp":["https:\/\/digidem-bayern.de\/wp-content\/uploads\/2025\/12\/Zaehneputzen-005_V7A8174-Foto-Hauke-Dressler-520x350.jpg",520,350,true],"kahuna-featured-half":["https:\/\/digidem-bayern.de\/wp-content\/uploads\/2025\/12\/Zaehneputzen-005_V7A8174-Foto-Hauke-Dressler-800x350.jpg",800,350,true],"kahuna-featured-third":["https:\/\/digidem-bayern.de\/wp-content\/uploads\/2025\/12\/Zaehneputzen-005_V7A8174-Foto-Hauke-Dressler-512x350.jpg",512,350,true],"kahuna-lpbox-1":["https:\/\/digidem-bayern.de\/wp-content\/uploads\/2025\/12\/Zaehneputzen-005_V7A8174-Foto-Hauke-Dressler-520x300.jpg",520,300,true],"kahuna-lpbox-2":["https:\/\/digidem-bayern.de\/wp-content\/uploads\/2025\/12\/Zaehneputzen-005_V7A8174-Foto-Hauke-Dressler-520x350.jpg",520,350,true],"demand-language-flag":["https:\/\/digidem-bayern.de\/wp-content\/uploads\/2025\/12\/Zaehneputzen-005_V7A8174-Foto-Hauke-Dressler-36x36.jpg",36,36,true],"dddkt-language-flag":["https:\/\/digidem-bayern.de\/wp-content\/uploads\/2025\/12\/Zaehneputzen-005_V7A8174-Foto-Hauke-Dressler-36x36.jpg",36,36,true],"ddiqc-language-flag":["https:\/\/digidem-bayern.de\/wp-content\/uploads\/2025\/12\/Zaehneputzen-005_V7A8174-Foto-Hauke-Dressler-36x36.jpg",36,36,true],"ddtl-language-flag":["https:\/\/digidem-bayern.de\/wp-content\/uploads\/2025\/12\/Zaehneputzen-005_V7A8174-Foto-Hauke-Dressler-36x36.jpg",36,36,true],"mailpoet_newsletter_max":["https:\/\/digidem-bayern.de\/wp-content\/uploads\/2025\/12\/Zaehneputzen-005_V7A8174-Foto-Hauke-Dressler-1320x880.jpg",1320,880,true],"kahuna-lpbox-3":["https:\/\/digidem-bayern.de\/wp-content\/uploads\/2025\/12\/Zaehneputzen-005_V7A8174-Foto-Hauke-Dressler-520x350.jpg",520,350,true],"kahuna-featured-square":["https:\/\/digidem-bayern.de\/wp-content\/uploads\/2025\/12\/Zaehneputzen-005_V7A8174-Foto-Hauke-Dressler-512x512.jpg",512,512,true],"kahuna-featured-square-large":["https:\/\/digidem-bayern.de\/wp-content\/uploads\/2025\/12\/Zaehneputzen-005_V7A8174-Foto-Hauke-Dressler-1024x1024.jpg",1024,1024,true]},"uagb_author_info":{"display_name":"Ilona H\u00f6rath","author_link":"https:\/\/digidem-bayern.de\/en\/author\/hoeratia\/"},"uagb_comment_info":21,"uagb_excerpt":"Hauke Dressler, 56, arbeitet f\u00fcr Magazine wie GEO und STERN, fotografiert Imagekampagnen und Portraits und hat zahlreiche B\u00fccher ver\u00f6ffentlicht. 2013 erkrankte sein Vater Fritz Dressler, ein Architekt, Hochschul-Professor und erfolgreicher Fotograf, an Alzheimer-Demenz. 2017 unternahmen Vater und Sohn eine gemeinsame \u201eletzte Reise\u201c nach Finnland. F\u00fcr die Ver\u00f6ffentlichung im \u201eWalden\u201c-Magazin von &hellip;","_links":{"self":[{"href":"https:\/\/digidem-bayern.de\/en\/wp-json\/wp\/v2\/posts\/47313","targetHints":{"allow":["GET"]}}],"collection":[{"href":"https:\/\/digidem-bayern.de\/en\/wp-json\/wp\/v2\/posts"}],"about":[{"href":"https:\/\/digidem-bayern.de\/en\/wp-json\/wp\/v2\/types\/post"}],"author":[{"embeddable":true,"href":"https:\/\/digidem-bayern.de\/en\/wp-json\/wp\/v2\/users\/12"}],"replies":[{"embeddable":true,"href":"https:\/\/digidem-bayern.de\/en\/wp-json\/wp\/v2\/comments?post=47313"}],"version-history":[{"count":6,"href":"https:\/\/digidem-bayern.de\/en\/wp-json\/wp\/v2\/posts\/47313\/revisions"}],"predecessor-version":[{"id":47329,"href":"https:\/\/digidem-bayern.de\/en\/wp-json\/wp\/v2\/posts\/47313\/revisions\/47329"}],"wp:featuredmedia":[{"embeddable":true,"href":"https:\/\/digidem-bayern.de\/en\/wp-json\/wp\/v2\/media\/47320"}],"wp:attachment":[{"href":"https:\/\/digidem-bayern.de\/en\/wp-json\/wp\/v2\/media?parent=47313"}],"wp:term":[{"taxonomy":"category","embeddable":true,"href":"https:\/\/digidem-bayern.de\/en\/wp-json\/wp\/v2\/categories?post=47313"},{"taxonomy":"post_tag","embeddable":true,"href":"https:\/\/digidem-bayern.de\/en\/wp-json\/wp\/v2\/tags?post=47313"}],"curies":[{"name":"wp","href":"https:\/\/api.w.org\/{rel}","templated":true}]}}