{"id":46880,"date":"2023-10-05T15:05:00","date_gmt":"2023-10-05T13:05:00","guid":{"rendered":"https:\/\/digidem-bayern.de\/?p=46880"},"modified":"2025-11-26T16:04:54","modified_gmt":"2025-11-26T15:04:54","slug":"soziale-netzwerke-von-menschen-mit-kognitiven-einschraenkungen-und-deren-einfluss-auf-die-kognition-das-digitale-demenzregister-bayern","status":"publish","type":"post","link":"https:\/\/digidem-bayern.de\/en\/soziale-netzwerke-von-menschen-mit-kognitiven-einschraenkungen-und-deren-einfluss-auf-die-kognition-das-digitale-demenzregister-bayern\/","title":{"rendered":"Soziale Netzwerke von Menschen mit kognitiven Einschr\u00e4nkungen und deren Einfluss auf die Kognition: das Digitale Demenzregister Bayern"},"content":{"rendered":"<p><strong>Hintergrund<\/strong>: Derzeit gibt es keine kurativen Behandlungsm\u00f6glichkeiten einer Demenzerkrankung. Daher ist die Identifikation (ver\u00e4nderbarer) Risikofaktoren von gro\u00dfer Bedeutung, um das Auftreten der Erkrankung hinauszuz\u00f6gern oder zu verhindern. Eine soziale Isolation ist ein Risikofaktor, der Einfluss auf Entstehung und Verlauf der Erkrankung nehmen kann. Um zielgerichtete, pr\u00e4ventive Ma\u00dfnahmen implementieren zu k\u00f6nnen, ist es entscheidend, den Zusammenhang zwischen der sozialen Eingebundenheit und der Kognition Betroffener genauer zu betrachten.<br><\/p>\n\n\n\n<p><strong>Fragestellung<\/strong>: Ziel der Untersuchung ist es, den Zusammenhang zwischen sozialer Eingebundenheit sowie weiterer Faktoren und dem kognitiven Status zu analysieren.<\/p>\n\n\n\n<p><strong>Methode<\/strong>: Datengrundlage ist die multizentrische, prospektive, l\u00e4ngsschnittliche Registerstudie \u201eDigitales Demenzregister Bayern \u2013 digiDEM Bayern\u201c. Der Grad der sozialen Isolation wurde anhand der Lubben Social Network Scale- Revised (LSNS-R) und der Grad der kognitiven Einschr\u00e4nkung mittels Mini-Mental-Status-Test (MMST) erhoben. Die statistische Auswertung erfolgte mittels SPSS.<br><\/p>\n\n\n\n<p><strong>Implikationen f\u00fcr Versorgung: <\/strong>Sozialer Isolation entgegen zu wirken stellt eine relevante Pr\u00e4ventionsma\u00dfnahme dar. Gerade die fr\u00fchzeitige Unterst\u00fctzung bei Ausbau und Aufrechterhaltung von freundschaftlichen sozialen Netzwerken bei Menschen in einem Fr\u00fchstadium kognitiver Einschr\u00e4nkung kann sich positiv auf die Kognition auswirken.<\/p>\n\n\n\n<p><\/p>\n\n\n<a href=\"https:\/\/digidem-bayern.de\/wp-content\/uploads\/2025\/11\/2023-09-26_DKVF_Praesentation_LLA.pdf\" class=\"pdfemb-viewer\" style=\"\" data-width=\"max\" data-height=\"max\" data-toolbar=\"bottom\" data-toolbar-fixed=\"off\">2023-09-26_DKVF_Praesentation_LLA<\/a>\n\n\n<p><strong>Vortrag <\/strong>vorgestellt auf dem 22. Deutschen Kongress der Versorgungsforschung am 05.10.2025<\/p>\n\n\n\n<p>Lisa Laininger<\/p>\n\n\n\n<p><\/p>","protected":false},"excerpt":{"rendered":"<p>Hintergrund: Derzeit gibt es keine kurativen Behandlungsm\u00f6glichkeiten einer Demenzerkrankung. Daher ist die Identifikation (ver\u00e4nderbarer) Risikofaktoren von gro\u00dfer Bedeutung, um das Auftreten der Erkrankung hinauszuz\u00f6gern oder zu verhindern. Eine soziale Isolation ist ein Risikofaktor, der Einfluss auf Entstehung und Verlauf der Erkrankung nehmen kann. Um zielgerichtete, pr\u00e4ventive Ma\u00dfnahmen implementieren zu k\u00f6nnen, &hellip;<\/p>","protected":false},"author":7,"featured_media":0,"comment_status":"open","ping_status":"closed","sticky":false,"template":"","format":"standard","meta":{"qubely_global_settings":"","qubely_interactions":"","_uag_custom_page_level_css":"","footnotes":""},"categories":[780],"tags":[239,165,365,14,17,55,1699,781,1355,1826],"class_list":["post-46880","post","type-post","status-publish","format-standard","hentry","category-kongressbeitraege","tag-app","tag-deutsche-alzheimer-gesellschaft","tag-diagnose","tag-digidem","tag-digidem-bayern","tag-digitales-demenzregister-bayern","tag-dkvf","tag-kongress","tag-social-media","tag-soziale-netzwerke"],"qubely_featured_image_url":null,"qubely_author":{"display_name":"Anne Keefer","author_link":"https:\/\/digidem-bayern.de\/en\/author\/ag-webinar\/"},"qubely_comment":0,"qubely_category":"<a href=\"https:\/\/digidem-bayern.de\/en\/category\/kongressbeitraege\/\" rel=\"category tag\">Kongressbeitr\u00e4ge<\/a>","qubely_excerpt":"Hintergrund: Derzeit gibt es keine kurativen Behandlungsm\u00f6glichkeiten einer Demenzerkrankung. Daher ist die Identifikation (ver\u00e4nderbarer) Risikofaktoren von gro\u00dfer Bedeutung, um das Auftreten der Erkrankung hinauszuz\u00f6gern oder zu verhindern. Eine soziale Isolation ist ein Risikofaktor, der Einfluss auf Entstehung und Verlauf der Erkrankung nehmen kann. Um zielgerichtete, pr\u00e4ventive Ma\u00dfnahmen implementieren zu k\u00f6nnen, &hellip;","featured_image_urls_v2":{"full":"","thumbnail":"","medium":"","medium_large":"","large":"","1536x1536":"","2048x2048":"","trp-custom-language-flag":"","qubely_landscape":"","qubely_portrait":"","qubely_thumbnail":"","post-thumbnail":"","kahuna-featured":"","kahuna-featured-lp":"","kahuna-featured-half":"","kahuna-featured-third":"","kahuna-lpbox-1":"","kahuna-lpbox-2":"","demand-language-flag":"","dddkt-language-flag":"","ddiqc-language-flag":"","ddtl-language-flag":"","mailpoet_newsletter_max":"","kahuna-lpbox-3":"","kahuna-featured-square":"","kahuna-featured-square-large":""},"post_excerpt_stackable_v2":"<p>Hintergrund: Derzeit gibt es keine kurativen Behandlungsm\u00f6glichkeiten einer Demenzerkrankung. Daher ist die Identifikation (ver\u00e4nderbarer) Risikofaktoren von gro\u00dfer Bedeutung, um das Auftreten der Erkrankung hinauszuz\u00f6gern oder zu verhindern. Eine soziale Isolation ist ein Risikofaktor, der Einfluss auf Entstehung und Verlauf der Erkrankung nehmen kann. Um zielgerichtete, pr\u00e4ventive Ma\u00dfnahmen implementieren zu k\u00f6nnen, ist es entscheidend, den Zusammenhang zwischen der sozialen Eingebundenheit und der Kognition Betroffener genauer zu betrachten. Fragestellung: Ziel der Untersuchung ist es, den Zusammenhang zwischen sozialer Eingebundenheit sowie weiterer Faktoren und dem kognitiven Status zu analysieren. Methode: Datengrundlage ist die multizentrische, prospektive, l\u00e4ngsschnittliche Registerstudie \u201eDigitales Demenzregister Bayern \u2013 digiDEM Bayern\u201c.&hellip;<\/p>\n","category_list_v2":"<a href=\"https:\/\/digidem-bayern.de\/en\/category\/kongressbeitraege\/\" rel=\"category tag\">Kongressbeitr\u00e4ge<\/a>","author_info_v2":{"name":"Anne Keefer","url":"https:\/\/digidem-bayern.de\/en\/author\/ag-webinar\/"},"comments_num_v2":"0 comments","yoast_head":"<!-- This site is optimized with the Yoast SEO plugin v27.5 - https:\/\/yoast.com\/product\/yoast-seo-wordpress\/ -->\n<title>Soziale Netzwerke von Menschen mit kognitiven Einschr\u00e4nkungen und deren Einfluss auf die Kognition: das Digitale Demenzregister Bayern - digiDEM Bayern<\/title>\n<meta name=\"description\" content=\"Ziel des bayernweiten Projektes digiDEM ist die nachhaltige Verbesserung der Versorgungssituation von Menschen mit Demenz sowie deren pflegenden Angeh\u00f6rigen\" \/>\n<meta name=\"robots\" content=\"index, follow, max-snippet:-1, max-image-preview:large, max-video-preview:-1\" \/>\n<link rel=\"canonical\" href=\"https:\/\/digidem-bayern.de\/en\/soziale-netzwerke-von-menschen-mit-kognitiven-einschraenkungen-und-deren-einfluss-auf-die-kognition-das-digitale-demenzregister-bayern\/\" \/>\n<meta property=\"og:locale\" content=\"en_US\" \/>\n<meta property=\"og:type\" content=\"article\" \/>\n<meta property=\"og:title\" content=\"Soziale Netzwerke von Menschen mit kognitiven Einschr\u00e4nkungen und deren Einfluss auf die Kognition: das Digitale Demenzregister Bayern - digiDEM Bayern\" \/>\n<meta property=\"og:description\" content=\"Ziel des bayernweiten Projektes digiDEM ist die nachhaltige Verbesserung der Versorgungssituation von Menschen mit Demenz sowie deren pflegenden Angeh\u00f6rigen\" \/>\n<meta property=\"og:url\" content=\"https:\/\/digidem-bayern.de\/en\/soziale-netzwerke-von-menschen-mit-kognitiven-einschraenkungen-und-deren-einfluss-auf-die-kognition-das-digitale-demenzregister-bayern\/\" \/>\n<meta property=\"og:site_name\" content=\"digiDEM Bayern\" \/>\n<meta property=\"article:publisher\" content=\"https:\/\/www.facebook.com\/digiDEMBayern\/\" \/>\n<meta property=\"article:published_time\" content=\"2023-10-05T13:05:00+00:00\" \/>\n<meta property=\"article:modified_time\" content=\"2025-11-26T15:04:54+00:00\" \/>\n<meta property=\"og:image\" content=\"https:\/\/digidem-bayern.de\/wp-content\/uploads\/logo-digidem-digitales-demenzregister-bayern.jpg.png\" \/>\n\t<meta property=\"og:image:width\" content=\"340\" \/>\n\t<meta property=\"og:image:height\" content=\"200\" \/>\n\t<meta property=\"og:image:type\" content=\"image\/png\" \/>\n<meta name=\"author\" content=\"Anne Keefer\" \/>\n<meta name=\"twitter:label1\" content=\"Written by\" \/>\n\t<meta name=\"twitter:data1\" content=\"Anne Keefer\" \/>\n\t<meta name=\"twitter:label2\" content=\"Est. reading time\" \/>\n\t<meta name=\"twitter:data2\" content=\"1 minute\" \/>\n<script type=\"application\/ld+json\" class=\"yoast-schema-graph\">{\"@context\":\"https:\\\/\\\/schema.org\",\"@graph\":[{\"@type\":\"Article\",\"@id\":\"https:\\\/\\\/digidem-bayern.de\\\/soziale-netzwerke-von-menschen-mit-kognitiven-einschraenkungen-und-deren-einfluss-auf-die-kognition-das-digitale-demenzregister-bayern\\\/#article\",\"isPartOf\":{\"@id\":\"https:\\\/\\\/digidem-bayern.de\\\/soziale-netzwerke-von-menschen-mit-kognitiven-einschraenkungen-und-deren-einfluss-auf-die-kognition-das-digitale-demenzregister-bayern\\\/\"},\"author\":{\"name\":\"Anne Keefer\",\"@id\":\"\\\/#\\\/schema\\\/person\\\/0e8781e0653d1a8e57ca55bd2c3cb01f\"},\"headline\":\"Soziale Netzwerke von Menschen mit kognitiven Einschr\u00e4nkungen und deren Einfluss auf die Kognition: das Digitale Demenzregister Bayern\",\"datePublished\":\"2023-10-05T13:05:00+00:00\",\"dateModified\":\"2025-11-26T15:04:54+00:00\",\"mainEntityOfPage\":{\"@id\":\"https:\\\/\\\/digidem-bayern.de\\\/soziale-netzwerke-von-menschen-mit-kognitiven-einschraenkungen-und-deren-einfluss-auf-die-kognition-das-digitale-demenzregister-bayern\\\/\"},\"wordCount\":213,\"commentCount\":0,\"publisher\":{\"@id\":\"\\\/#organization\"},\"keywords\":[\"App\",\"Deutsche Alzheimer Gesellschaft\",\"DIagnose\",\"digidem\",\"digidem Bayern\",\"Digitales Demenzregister Bayern\",\"DKVF\",\"Kongress\",\"Social Media\",\"Soziale Netzwerke\"],\"articleSection\":[\"Kongressbeitr\u00e4ge\"],\"inLanguage\":\"en-US\",\"potentialAction\":[{\"@type\":\"CommentAction\",\"name\":\"Comment\",\"target\":[\"https:\\\/\\\/digidem-bayern.de\\\/soziale-netzwerke-von-menschen-mit-kognitiven-einschraenkungen-und-deren-einfluss-auf-die-kognition-das-digitale-demenzregister-bayern\\\/#respond\"]}]},{\"@type\":\"WebPage\",\"@id\":\"https:\\\/\\\/digidem-bayern.de\\\/soziale-netzwerke-von-menschen-mit-kognitiven-einschraenkungen-und-deren-einfluss-auf-die-kognition-das-digitale-demenzregister-bayern\\\/\",\"url\":\"https:\\\/\\\/digidem-bayern.de\\\/soziale-netzwerke-von-menschen-mit-kognitiven-einschraenkungen-und-deren-einfluss-auf-die-kognition-das-digitale-demenzregister-bayern\\\/\",\"name\":\"Soziale Netzwerke von Menschen mit kognitiven Einschr\u00e4nkungen und deren Einfluss auf die Kognition: das Digitale Demenzregister Bayern - digiDEM Bayern\",\"isPartOf\":{\"@id\":\"\\\/#website\"},\"datePublished\":\"2023-10-05T13:05:00+00:00\",\"dateModified\":\"2025-11-26T15:04:54+00:00\",\"description\":\"Ziel des bayernweiten Projektes digiDEM ist die nachhaltige Verbesserung der Versorgungssituation von Menschen mit Demenz sowie deren pflegenden Angeh\u00f6rigen\",\"breadcrumb\":{\"@id\":\"https:\\\/\\\/digidem-bayern.de\\\/soziale-netzwerke-von-menschen-mit-kognitiven-einschraenkungen-und-deren-einfluss-auf-die-kognition-das-digitale-demenzregister-bayern\\\/#breadcrumb\"},\"inLanguage\":\"en-US\",\"potentialAction\":[{\"@type\":\"ReadAction\",\"target\":[\"https:\\\/\\\/digidem-bayern.de\\\/soziale-netzwerke-von-menschen-mit-kognitiven-einschraenkungen-und-deren-einfluss-auf-die-kognition-das-digitale-demenzregister-bayern\\\/\"]}]},{\"@type\":\"BreadcrumbList\",\"@id\":\"https:\\\/\\\/digidem-bayern.de\\\/soziale-netzwerke-von-menschen-mit-kognitiven-einschraenkungen-und-deren-einfluss-auf-die-kognition-das-digitale-demenzregister-bayern\\\/#breadcrumb\",\"itemListElement\":[{\"@type\":\"ListItem\",\"position\":1,\"name\":\"Startseite\",\"item\":\"https:\\\/\\\/digidem-bayern.de\\\/\"},{\"@type\":\"ListItem\",\"position\":2,\"name\":\"Soziale Netzwerke von Menschen mit kognitiven Einschr\u00e4nkungen und deren Einfluss auf die Kognition: das Digitale Demenzregister Bayern\"}]},{\"@type\":\"WebSite\",\"@id\":\"\\\/#website\",\"url\":\"\\\/\",\"name\":\"digiDEM Bayern\",\"description\":\"Das digitale Demenzregister Bayern erforscht und verbessert die Angebotsstuktur f\u00fcr Menschen mit Demenz und deren Angeh\u00f6rige\",\"publisher\":{\"@id\":\"\\\/#organization\"},\"potentialAction\":[{\"@type\":\"SearchAction\",\"target\":{\"@type\":\"EntryPoint\",\"urlTemplate\":\"\\\/?s={search_term_string}\"},\"query-input\":{\"@type\":\"PropertyValueSpecification\",\"valueRequired\":true,\"valueName\":\"search_term_string\"}}],\"inLanguage\":\"en-US\"},{\"@type\":\"Organization\",\"@id\":\"\\\/#organization\",\"name\":\"digiDEM Bayern\",\"url\":\"\\\/\",\"logo\":{\"@type\":\"ImageObject\",\"inLanguage\":\"en-US\",\"@id\":\"\\\/#\\\/schema\\\/logo\\\/image\\\/\",\"url\":\"https:\\\/\\\/digidem-bayern.de\\\/wp-content\\\/uploads\\\/2022\\\/03\\\/cropped-Allgemeines_digiDEMLOGO-removebg-preview.png\",\"contentUrl\":\"https:\\\/\\\/digidem-bayern.de\\\/wp-content\\\/uploads\\\/2022\\\/03\\\/cropped-Allgemeines_digiDEMLOGO-removebg-preview.png\",\"width\":612,\"height\":357,\"caption\":\"digiDEM Bayern\"},\"image\":{\"@id\":\"\\\/#\\\/schema\\\/logo\\\/image\\\/\"},\"sameAs\":[\"https:\\\/\\\/www.facebook.com\\\/digiDEMBayern\\\/\",\"https:\\\/\\\/x.com\\\/digidem_bayern\",\"https:\\\/\\\/www.instagram.com\\\/digidem.bayern\",\"https:\\\/\\\/www.linkedin.com\\\/company\\\/digidem-bayern\\\/\"]},{\"@type\":\"Person\",\"@id\":\"\\\/#\\\/schema\\\/person\\\/0e8781e0653d1a8e57ca55bd2c3cb01f\",\"name\":\"Anne Keefer\",\"url\":\"https:\\\/\\\/digidem-bayern.de\\\/en\\\/author\\\/ag-webinar\\\/\"}]}<\/script>\n<!-- \/ Yoast SEO plugin. -->","yoast_head_json":{"title":"Soziale Netzwerke von Menschen mit kognitiven Einschr\u00e4nkungen und deren Einfluss auf die Kognition: das Digitale Demenzregister Bayern - digiDEM Bayern","description":"Ziel des bayernweiten Projektes digiDEM ist die nachhaltige Verbesserung der Versorgungssituation von Menschen mit Demenz sowie deren pflegenden Angeh\u00f6rigen","robots":{"index":"index","follow":"follow","max-snippet":"max-snippet:-1","max-image-preview":"max-image-preview:large","max-video-preview":"max-video-preview:-1"},"canonical":"https:\/\/digidem-bayern.de\/en\/soziale-netzwerke-von-menschen-mit-kognitiven-einschraenkungen-und-deren-einfluss-auf-die-kognition-das-digitale-demenzregister-bayern\/","og_locale":"en_US","og_type":"article","og_title":"Soziale Netzwerke von Menschen mit kognitiven Einschr\u00e4nkungen und deren Einfluss auf die Kognition: das Digitale Demenzregister Bayern - digiDEM Bayern","og_description":"Ziel des bayernweiten Projektes digiDEM ist die nachhaltige Verbesserung der Versorgungssituation von Menschen mit Demenz sowie deren pflegenden Angeh\u00f6rigen","og_url":"https:\/\/digidem-bayern.de\/en\/soziale-netzwerke-von-menschen-mit-kognitiven-einschraenkungen-und-deren-einfluss-auf-die-kognition-das-digitale-demenzregister-bayern\/","og_site_name":"digiDEM Bayern","article_publisher":"https:\/\/www.facebook.com\/digiDEMBayern\/","article_published_time":"2023-10-05T13:05:00+00:00","article_modified_time":"2025-11-26T15:04:54+00:00","og_image":[{"width":340,"height":200,"url":"https:\/\/digidem-bayern.de\/wp-content\/uploads\/logo-digidem-digitales-demenzregister-bayern.jpg.png","type":"image\/png"}],"author":"Anne Keefer","twitter_misc":{"Written by":"Anne Keefer","Est. reading time":"1 minute"},"schema":{"@context":"https:\/\/schema.org","@graph":[{"@type":"Article","@id":"https:\/\/digidem-bayern.de\/soziale-netzwerke-von-menschen-mit-kognitiven-einschraenkungen-und-deren-einfluss-auf-die-kognition-das-digitale-demenzregister-bayern\/#article","isPartOf":{"@id":"https:\/\/digidem-bayern.de\/soziale-netzwerke-von-menschen-mit-kognitiven-einschraenkungen-und-deren-einfluss-auf-die-kognition-das-digitale-demenzregister-bayern\/"},"author":{"name":"Anne Keefer","@id":"\/#\/schema\/person\/0e8781e0653d1a8e57ca55bd2c3cb01f"},"headline":"Soziale Netzwerke von Menschen mit kognitiven Einschr\u00e4nkungen und deren Einfluss auf die Kognition: das Digitale Demenzregister Bayern","datePublished":"2023-10-05T13:05:00+00:00","dateModified":"2025-11-26T15:04:54+00:00","mainEntityOfPage":{"@id":"https:\/\/digidem-bayern.de\/soziale-netzwerke-von-menschen-mit-kognitiven-einschraenkungen-und-deren-einfluss-auf-die-kognition-das-digitale-demenzregister-bayern\/"},"wordCount":213,"commentCount":0,"publisher":{"@id":"\/#organization"},"keywords":["App","Deutsche Alzheimer Gesellschaft","DIagnose","digidem","digidem Bayern","Digitales Demenzregister Bayern","DKVF","Kongress","Social Media","Soziale Netzwerke"],"articleSection":["Kongressbeitr\u00e4ge"],"inLanguage":"en-US","potentialAction":[{"@type":"CommentAction","name":"Comment","target":["https:\/\/digidem-bayern.de\/soziale-netzwerke-von-menschen-mit-kognitiven-einschraenkungen-und-deren-einfluss-auf-die-kognition-das-digitale-demenzregister-bayern\/#respond"]}]},{"@type":"WebPage","@id":"https:\/\/digidem-bayern.de\/soziale-netzwerke-von-menschen-mit-kognitiven-einschraenkungen-und-deren-einfluss-auf-die-kognition-das-digitale-demenzregister-bayern\/","url":"https:\/\/digidem-bayern.de\/soziale-netzwerke-von-menschen-mit-kognitiven-einschraenkungen-und-deren-einfluss-auf-die-kognition-das-digitale-demenzregister-bayern\/","name":"Soziale Netzwerke von Menschen mit kognitiven Einschr\u00e4nkungen und deren Einfluss auf die Kognition: das Digitale Demenzregister Bayern - digiDEM Bayern","isPartOf":{"@id":"\/#website"},"datePublished":"2023-10-05T13:05:00+00:00","dateModified":"2025-11-26T15:04:54+00:00","description":"Ziel des bayernweiten Projektes digiDEM ist die nachhaltige Verbesserung der Versorgungssituation von Menschen mit Demenz sowie deren pflegenden Angeh\u00f6rigen","breadcrumb":{"@id":"https:\/\/digidem-bayern.de\/soziale-netzwerke-von-menschen-mit-kognitiven-einschraenkungen-und-deren-einfluss-auf-die-kognition-das-digitale-demenzregister-bayern\/#breadcrumb"},"inLanguage":"en-US","potentialAction":[{"@type":"ReadAction","target":["https:\/\/digidem-bayern.de\/soziale-netzwerke-von-menschen-mit-kognitiven-einschraenkungen-und-deren-einfluss-auf-die-kognition-das-digitale-demenzregister-bayern\/"]}]},{"@type":"BreadcrumbList","@id":"https:\/\/digidem-bayern.de\/soziale-netzwerke-von-menschen-mit-kognitiven-einschraenkungen-und-deren-einfluss-auf-die-kognition-das-digitale-demenzregister-bayern\/#breadcrumb","itemListElement":[{"@type":"ListItem","position":1,"name":"Startseite","item":"https:\/\/digidem-bayern.de\/"},{"@type":"ListItem","position":2,"name":"Soziale Netzwerke von Menschen mit kognitiven Einschr\u00e4nkungen und deren Einfluss auf die Kognition: das Digitale Demenzregister Bayern"}]},{"@type":"WebSite","@id":"\/#website","url":"\/","name":"digiDEM Bavaria","description":"The digital dementia register in Bavaria researches and improves the structure of services for people with dementia and their relatives","publisher":{"@id":"\/#organization"},"potentialAction":[{"@type":"SearchAction","target":{"@type":"EntryPoint","urlTemplate":"\/?s={search_term_string}"},"query-input":{"@type":"PropertyValueSpecification","valueRequired":true,"valueName":"search_term_string"}}],"inLanguage":"en-US"},{"@type":"Organization","@id":"\/#organization","name":"digiDEM Bavaria","url":"\/","logo":{"@type":"ImageObject","inLanguage":"en-US","@id":"\/#\/schema\/logo\/image\/","url":"https:\/\/digidem-bayern.de\/wp-content\/uploads\/2022\/03\/cropped-Allgemeines_digiDEMLOGO-removebg-preview.png","contentUrl":"https:\/\/digidem-bayern.de\/wp-content\/uploads\/2022\/03\/cropped-Allgemeines_digiDEMLOGO-removebg-preview.png","width":612,"height":357,"caption":"digiDEM Bayern"},"image":{"@id":"\/#\/schema\/logo\/image\/"},"sameAs":["https:\/\/www.facebook.com\/digiDEMBayern\/","https:\/\/x.com\/digidem_bayern","https:\/\/www.instagram.com\/digidem.bayern","https:\/\/www.linkedin.com\/company\/digidem-bayern\/"]},{"@type":"Person","@id":"\/#\/schema\/person\/0e8781e0653d1a8e57ca55bd2c3cb01f","name":"Anne Keefer","url":"https:\/\/digidem-bayern.de\/en\/author\/ag-webinar\/"}]}},"uagb_featured_image_src":{"full":false,"thumbnail":false,"medium":false,"medium_large":false,"large":false,"1536x1536":false,"2048x2048":false,"trp-custom-language-flag":false,"qubely_landscape":false,"qubely_portrait":false,"qubely_thumbnail":false,"post-thumbnail":false,"kahuna-featured":false,"kahuna-featured-lp":false,"kahuna-featured-half":false,"kahuna-featured-third":false,"kahuna-lpbox-1":false,"kahuna-lpbox-2":false,"demand-language-flag":false,"dddkt-language-flag":false,"ddiqc-language-flag":false,"ddtl-language-flag":false,"mailpoet_newsletter_max":false,"kahuna-lpbox-3":false,"kahuna-featured-square":false,"kahuna-featured-square-large":false},"uagb_author_info":{"display_name":"Anne Keefer","author_link":"https:\/\/digidem-bayern.de\/en\/author\/ag-webinar\/"},"uagb_comment_info":0,"uagb_excerpt":"Hintergrund: Derzeit gibt es keine kurativen Behandlungsm\u00f6glichkeiten einer Demenzerkrankung. Daher ist die Identifikation (ver\u00e4nderbarer) Risikofaktoren von gro\u00dfer Bedeutung, um das Auftreten der Erkrankung hinauszuz\u00f6gern oder zu verhindern. Eine soziale Isolation ist ein Risikofaktor, der Einfluss auf Entstehung und Verlauf der Erkrankung nehmen kann. Um zielgerichtete, pr\u00e4ventive Ma\u00dfnahmen implementieren zu k\u00f6nnen, &hellip;","_links":{"self":[{"href":"https:\/\/digidem-bayern.de\/en\/wp-json\/wp\/v2\/posts\/46880","targetHints":{"allow":["GET"]}}],"collection":[{"href":"https:\/\/digidem-bayern.de\/en\/wp-json\/wp\/v2\/posts"}],"about":[{"href":"https:\/\/digidem-bayern.de\/en\/wp-json\/wp\/v2\/types\/post"}],"author":[{"embeddable":true,"href":"https:\/\/digidem-bayern.de\/en\/wp-json\/wp\/v2\/users\/7"}],"replies":[{"embeddable":true,"href":"https:\/\/digidem-bayern.de\/en\/wp-json\/wp\/v2\/comments?post=46880"}],"version-history":[{"count":2,"href":"https:\/\/digidem-bayern.de\/en\/wp-json\/wp\/v2\/posts\/46880\/revisions"}],"predecessor-version":[{"id":46888,"href":"https:\/\/digidem-bayern.de\/en\/wp-json\/wp\/v2\/posts\/46880\/revisions\/46888"}],"wp:attachment":[{"href":"https:\/\/digidem-bayern.de\/en\/wp-json\/wp\/v2\/media?parent=46880"}],"wp:term":[{"taxonomy":"category","embeddable":true,"href":"https:\/\/digidem-bayern.de\/en\/wp-json\/wp\/v2\/categories?post=46880"},{"taxonomy":"post_tag","embeddable":true,"href":"https:\/\/digidem-bayern.de\/en\/wp-json\/wp\/v2\/tags?post=46880"}],"curies":[{"name":"wp","href":"https:\/\/api.w.org\/{rel}","templated":true}]}}