{"id":46860,"date":"2023-10-05T14:00:31","date_gmt":"2023-10-05T12:00:31","guid":{"rendered":"https:\/\/digidem-bayern.de\/?p=46860"},"modified":"2025-11-26T14:08:13","modified_gmt":"2025-11-26T13:08:13","slug":"zeit-von-der-demenzdiagnose-bis-zum-tod-ergebnisse-eines-bevoelkerungsbasierten-registers-digidem-bayern-2","status":"publish","type":"post","link":"https:\/\/digidem-bayern.de\/en\/zeit-von-der-demenzdiagnose-bis-zum-tod-ergebnisse-eines-bevoelkerungsbasierten-registers-digidem-bayern-2\/","title":{"rendered":"Einfluss der Schulbildung auf die Gesundheitsinformationsquellen von Menschen mit Demenz: Digitales Demenzregister Bayern"},"content":{"rendered":"<p><strong>Hintergrund<\/strong>:  Bisher wurde der F\u00e4higkeit von Menschen mit leichter kognitiver Beeintr\u00e4chtigung (MCI) oder Demenz (MmD), demenzbezogene Informationen zu erkennen und zu verstehen, wenig Aufmerksamkeit geschenkt. Im Allgemeinen sind verschiedene soziodemografische Eigenschaften der suchenden Person wichtige Faktoren daf\u00fcr, wie relevant die Suchenden verschiedene Informationsquellen einsch\u00e4tzen. Einer der wichtigsten Faktoren ist hierbei die Schulbildung des Suchenden.<br><\/p>\n\n\n\n<p><strong>Fragestellung<\/strong>: Welche Relevanz sprechen MmD verschiedenen Quellen f\u00fcr Gesundheitsinformationen zu und bestehen Unterschiede hinsichtlich der Schulbildung der Betroffenen?<\/p>\n\n\n\n<p><strong>Methode<\/strong>: Datengrundlage ist die multizentrische, prospektive Registerstudie \u201eDigitales Demenzregister Bayern &#8211; digiDEM Bayern\u201c. In die Auswertung wurden Menschen mit leichten kognitiven Beeintr\u00e4chtigungen (MCI) und leichter bis moderater Demenz aus Bayern eingeschlossen. Die insgesamt acht Informationsquellen wurden von den Betroffenen anhand einer Likert-Skala mit den Werten unwichtig (1) bis sehr wichtig (5) bewertet. Die Schulbildung wurde anhand der Frage nach dem h\u00f6chsten Schulabschluss mit sechs Stufen erhoben. Die Gruppenunterschiede f\u00fcr jede Informationsquelle wurden mithilfe einfaktorieller Varianzanalysen (ANOVA) ausgewertet.<br><\/p>\n\n\n\n<p><strong>Implikationen f\u00fcr Versorgung: <\/strong>Die Vermittlung von demenzbezogenen, bzw. allgemeinen Gesundheitsinformationen sollte f\u00fcr MmD vor allem durch An- und Zugeh\u00f6rige oder medizinische Fachkr\u00e4fte erfolgen. Allerdings zeigen die Ergebnisse, dass eine breite Streuung von Informationen \u00fcber verschiedene Quellen sinnvoll ist, da die Relevanz der verschiedenen Quellen von vielen soziodemografischen Faktoren abh\u00e4ngig ist, wie beispielsweise der Schulbildung.<\/p>\n\n\n\n<p><\/p>\n\n\n<a href=\"https:\/\/digidem-bayern.de\/wp-content\/uploads\/2025\/11\/2023-10-05_DKVF_PS15_ID-542_WEIDINGER.pdf\" class=\"pdfemb-viewer\" style=\"\" data-width=\"max\" data-height=\"max\" data-toolbar=\"bottom\" data-toolbar-fixed=\"off\">2023-10-05_DKVF_PS15_ID-542_WEIDINGER<\/a>\n\n\n<p><strong>Vortrag <\/strong>vorgestellt auf dem 22. Deutschen Kongress der Versorgungsforschung am 05.10.2025<\/p>\n\n\n\n<p>Florian Weidinger<\/p>\n\n\n\n<p><\/p>","protected":false},"excerpt":{"rendered":"<p>Hintergrund: Bisher wurde der F\u00e4higkeit von Menschen mit leichter kognitiver Beeintr\u00e4chtigung (MCI) oder Demenz (MmD), demenzbezogene Informationen zu erkennen und zu verstehen, wenig Aufmerksamkeit geschenkt. Im Allgemeinen sind verschiedene soziodemografische Eigenschaften der suchenden Person wichtige Faktoren daf\u00fcr, wie relevant die Suchenden verschiedene Informationsquellen einsch\u00e4tzen. Einer der wichtigsten Faktoren ist hierbei &hellip;<\/p>","protected":false},"author":7,"featured_media":0,"comment_status":"open","ping_status":"closed","sticky":false,"template":"","format":"standard","meta":{"qubely_global_settings":"","qubely_interactions":"","_uag_custom_page_level_css":"","footnotes":""},"categories":[780],"tags":[239,165,365,14,17,55,1699,781,1799],"class_list":["post-46860","post","type-post","status-publish","format-standard","hentry","category-kongressbeitraege","tag-app","tag-deutsche-alzheimer-gesellschaft","tag-diagnose","tag-digidem","tag-digidem-bayern","tag-digitales-demenzregister-bayern","tag-dkvf","tag-kongress","tag-tod"],"qubely_featured_image_url":null,"qubely_author":{"display_name":"Anne Keefer","author_link":"https:\/\/digidem-bayern.de\/en\/author\/ag-webinar\/"},"qubely_comment":0,"qubely_category":"<a href=\"https:\/\/digidem-bayern.de\/en\/category\/kongressbeitraege\/\" rel=\"category tag\">Kongressbeitr\u00e4ge<\/a>","qubely_excerpt":"Hintergrund: Bisher wurde der F\u00e4higkeit von Menschen mit leichter kognitiver Beeintr\u00e4chtigung (MCI) oder Demenz (MmD), demenzbezogene Informationen zu erkennen und zu verstehen, wenig Aufmerksamkeit geschenkt. Im Allgemeinen sind verschiedene soziodemografische Eigenschaften der suchenden Person wichtige Faktoren daf\u00fcr, wie relevant die Suchenden verschiedene Informationsquellen einsch\u00e4tzen. Einer der wichtigsten Faktoren ist hierbei &hellip;","featured_image_urls_v2":{"full":"","thumbnail":"","medium":"","medium_large":"","large":"","1536x1536":"","2048x2048":"","trp-custom-language-flag":"","qubely_landscape":"","qubely_portrait":"","qubely_thumbnail":"","post-thumbnail":"","kahuna-featured":"","kahuna-featured-lp":"","kahuna-featured-half":"","kahuna-featured-third":"","kahuna-lpbox-1":"","kahuna-lpbox-2":"","demand-language-flag":"","dddkt-language-flag":"","ddiqc-language-flag":"","ddtl-language-flag":"","mailpoet_newsletter_max":"","kahuna-lpbox-3":"","kahuna-featured-square":"","kahuna-featured-square-large":""},"post_excerpt_stackable_v2":"<p>Hintergrund: Bisher wurde der F\u00e4higkeit von Menschen mit leichter kognitiver Beeintr\u00e4chtigung (MCI) oder Demenz (MmD), demenzbezogene Informationen zu erkennen und zu verstehen, wenig Aufmerksamkeit geschenkt. Im Allgemeinen sind verschiedene soziodemografische Eigenschaften der suchenden Person wichtige Faktoren daf\u00fcr, wie relevant die Suchenden verschiedene Informationsquellen einsch\u00e4tzen. Einer der wichtigsten Faktoren ist hierbei die Schulbildung des Suchenden. Fragestellung: Welche Relevanz sprechen MmD verschiedenen Quellen f\u00fcr Gesundheitsinformationen zu und bestehen Unterschiede hinsichtlich der Schulbildung der Betroffenen? Methode: Datengrundlage ist die multizentrische, prospektive Registerstudie \u201eDigitales Demenzregister Bayern &#8211; digiDEM Bayern\u201c. In die Auswertung wurden Menschen mit leichten kognitiven Beeintr\u00e4chtigungen (MCI) und leichter bis moderater Demenz&hellip;<\/p>\n","category_list_v2":"<a href=\"https:\/\/digidem-bayern.de\/en\/category\/kongressbeitraege\/\" rel=\"category tag\">Kongressbeitr\u00e4ge<\/a>","author_info_v2":{"name":"Anne Keefer","url":"https:\/\/digidem-bayern.de\/en\/author\/ag-webinar\/"},"comments_num_v2":"0 comments","yoast_head":"<!-- This site is optimized with the Yoast SEO plugin v27.4 - https:\/\/yoast.com\/product\/yoast-seo-wordpress\/ -->\n<title>Einfluss der Schulbildung auf die Gesundheitsinformationsquellen von Menschen mit Demenz: Digitales Demenzregister Bayern - digiDEM Bayern<\/title>\n<meta name=\"description\" content=\"Ziel des bayernweiten Projektes digiDEM ist die nachhaltige Verbesserung der Versorgungssituation von Menschen mit Demenz sowie deren pflegenden Angeh\u00f6rigen\" \/>\n<meta name=\"robots\" content=\"index, follow, max-snippet:-1, max-image-preview:large, max-video-preview:-1\" \/>\n<link rel=\"canonical\" href=\"https:\/\/digidem-bayern.de\/en\/zeit-von-der-demenzdiagnose-bis-zum-tod-ergebnisse-eines-bevoelkerungsbasierten-registers-digidem-bayern-2\/\" \/>\n<meta property=\"og:locale\" content=\"en_US\" \/>\n<meta property=\"og:type\" content=\"article\" \/>\n<meta property=\"og:title\" content=\"Einfluss der Schulbildung auf die Gesundheitsinformationsquellen von Menschen mit Demenz: Digitales Demenzregister Bayern - digiDEM Bayern\" \/>\n<meta property=\"og:description\" content=\"Ziel des bayernweiten Projektes digiDEM ist die nachhaltige Verbesserung der Versorgungssituation von Menschen mit Demenz sowie deren pflegenden Angeh\u00f6rigen\" \/>\n<meta property=\"og:url\" content=\"https:\/\/digidem-bayern.de\/en\/zeit-von-der-demenzdiagnose-bis-zum-tod-ergebnisse-eines-bevoelkerungsbasierten-registers-digidem-bayern-2\/\" \/>\n<meta property=\"og:site_name\" content=\"digiDEM Bayern\" \/>\n<meta property=\"article:publisher\" content=\"https:\/\/www.facebook.com\/digiDEMBayern\/\" \/>\n<meta property=\"article:published_time\" content=\"2023-10-05T12:00:31+00:00\" \/>\n<meta property=\"article:modified_time\" content=\"2025-11-26T13:08:13+00:00\" \/>\n<meta property=\"og:image\" content=\"https:\/\/digidem-bayern.de\/wp-content\/uploads\/logo-digidem-digitales-demenzregister-bayern.jpg.png\" \/>\n\t<meta property=\"og:image:width\" content=\"340\" \/>\n\t<meta property=\"og:image:height\" content=\"200\" \/>\n\t<meta property=\"og:image:type\" content=\"image\/png\" \/>\n<meta name=\"author\" content=\"Anne Keefer\" \/>\n<meta name=\"twitter:label1\" content=\"Written by\" \/>\n\t<meta name=\"twitter:data1\" content=\"Anne Keefer\" \/>\n\t<meta name=\"twitter:label2\" content=\"Est. reading time\" \/>\n\t<meta name=\"twitter:data2\" content=\"1 minute\" \/>\n<script type=\"application\/ld+json\" class=\"yoast-schema-graph\">{\"@context\":\"https:\\\/\\\/schema.org\",\"@graph\":[{\"@type\":\"Article\",\"@id\":\"https:\\\/\\\/digidem-bayern.de\\\/zeit-von-der-demenzdiagnose-bis-zum-tod-ergebnisse-eines-bevoelkerungsbasierten-registers-digidem-bayern-2\\\/#article\",\"isPartOf\":{\"@id\":\"https:\\\/\\\/digidem-bayern.de\\\/zeit-von-der-demenzdiagnose-bis-zum-tod-ergebnisse-eines-bevoelkerungsbasierten-registers-digidem-bayern-2\\\/\"},\"author\":{\"name\":\"Anne Keefer\",\"@id\":\"\\\/#\\\/schema\\\/person\\\/0e8781e0653d1a8e57ca55bd2c3cb01f\"},\"headline\":\"Einfluss der Schulbildung auf die Gesundheitsinformationsquellen von Menschen mit Demenz: Digitales Demenzregister Bayern\",\"datePublished\":\"2023-10-05T12:00:31+00:00\",\"dateModified\":\"2025-11-26T13:08:13+00:00\",\"mainEntityOfPage\":{\"@id\":\"https:\\\/\\\/digidem-bayern.de\\\/zeit-von-der-demenzdiagnose-bis-zum-tod-ergebnisse-eines-bevoelkerungsbasierten-registers-digidem-bayern-2\\\/\"},\"wordCount\":238,\"commentCount\":0,\"publisher\":{\"@id\":\"\\\/#organization\"},\"keywords\":[\"App\",\"Deutsche Alzheimer Gesellschaft\",\"DIagnose\",\"digidem\",\"digidem Bayern\",\"Digitales Demenzregister Bayern\",\"DKVF\",\"Kongress\",\"Tod\"],\"articleSection\":[\"Kongressbeitr\u00e4ge\"],\"inLanguage\":\"en-US\",\"potentialAction\":[{\"@type\":\"CommentAction\",\"name\":\"Comment\",\"target\":[\"https:\\\/\\\/digidem-bayern.de\\\/zeit-von-der-demenzdiagnose-bis-zum-tod-ergebnisse-eines-bevoelkerungsbasierten-registers-digidem-bayern-2\\\/#respond\"]}]},{\"@type\":\"WebPage\",\"@id\":\"https:\\\/\\\/digidem-bayern.de\\\/zeit-von-der-demenzdiagnose-bis-zum-tod-ergebnisse-eines-bevoelkerungsbasierten-registers-digidem-bayern-2\\\/\",\"url\":\"https:\\\/\\\/digidem-bayern.de\\\/zeit-von-der-demenzdiagnose-bis-zum-tod-ergebnisse-eines-bevoelkerungsbasierten-registers-digidem-bayern-2\\\/\",\"name\":\"Einfluss der Schulbildung auf die Gesundheitsinformationsquellen von Menschen mit Demenz: Digitales Demenzregister Bayern - digiDEM Bayern\",\"isPartOf\":{\"@id\":\"\\\/#website\"},\"datePublished\":\"2023-10-05T12:00:31+00:00\",\"dateModified\":\"2025-11-26T13:08:13+00:00\",\"description\":\"Ziel des bayernweiten Projektes digiDEM ist die nachhaltige Verbesserung der Versorgungssituation von Menschen mit Demenz sowie deren pflegenden Angeh\u00f6rigen\",\"breadcrumb\":{\"@id\":\"https:\\\/\\\/digidem-bayern.de\\\/zeit-von-der-demenzdiagnose-bis-zum-tod-ergebnisse-eines-bevoelkerungsbasierten-registers-digidem-bayern-2\\\/#breadcrumb\"},\"inLanguage\":\"en-US\",\"potentialAction\":[{\"@type\":\"ReadAction\",\"target\":[\"https:\\\/\\\/digidem-bayern.de\\\/zeit-von-der-demenzdiagnose-bis-zum-tod-ergebnisse-eines-bevoelkerungsbasierten-registers-digidem-bayern-2\\\/\"]}]},{\"@type\":\"BreadcrumbList\",\"@id\":\"https:\\\/\\\/digidem-bayern.de\\\/zeit-von-der-demenzdiagnose-bis-zum-tod-ergebnisse-eines-bevoelkerungsbasierten-registers-digidem-bayern-2\\\/#breadcrumb\",\"itemListElement\":[{\"@type\":\"ListItem\",\"position\":1,\"name\":\"Startseite\",\"item\":\"https:\\\/\\\/digidem-bayern.de\\\/\"},{\"@type\":\"ListItem\",\"position\":2,\"name\":\"Einfluss der Schulbildung auf die Gesundheitsinformationsquellen von Menschen mit Demenz: Digitales Demenzregister Bayern\"}]},{\"@type\":\"WebSite\",\"@id\":\"\\\/#website\",\"url\":\"\\\/\",\"name\":\"digiDEM Bayern\",\"description\":\"Das digitale Demenzregister Bayern erforscht und verbessert die Angebotsstuktur f\u00fcr Menschen mit Demenz und deren Angeh\u00f6rige\",\"publisher\":{\"@id\":\"\\\/#organization\"},\"potentialAction\":[{\"@type\":\"SearchAction\",\"target\":{\"@type\":\"EntryPoint\",\"urlTemplate\":\"\\\/?s={search_term_string}\"},\"query-input\":{\"@type\":\"PropertyValueSpecification\",\"valueRequired\":true,\"valueName\":\"search_term_string\"}}],\"inLanguage\":\"en-US\"},{\"@type\":\"Organization\",\"@id\":\"\\\/#organization\",\"name\":\"digiDEM Bayern\",\"url\":\"\\\/\",\"logo\":{\"@type\":\"ImageObject\",\"inLanguage\":\"en-US\",\"@id\":\"\\\/#\\\/schema\\\/logo\\\/image\\\/\",\"url\":\"https:\\\/\\\/digidem-bayern.de\\\/wp-content\\\/uploads\\\/2022\\\/03\\\/cropped-Allgemeines_digiDEMLOGO-removebg-preview.png\",\"contentUrl\":\"https:\\\/\\\/digidem-bayern.de\\\/wp-content\\\/uploads\\\/2022\\\/03\\\/cropped-Allgemeines_digiDEMLOGO-removebg-preview.png\",\"width\":612,\"height\":357,\"caption\":\"digiDEM Bayern\"},\"image\":{\"@id\":\"\\\/#\\\/schema\\\/logo\\\/image\\\/\"},\"sameAs\":[\"https:\\\/\\\/www.facebook.com\\\/digiDEMBayern\\\/\",\"https:\\\/\\\/x.com\\\/digidem_bayern\",\"https:\\\/\\\/www.instagram.com\\\/digidem.bayern\",\"https:\\\/\\\/www.linkedin.com\\\/company\\\/digidem-bayern\\\/\"]},{\"@type\":\"Person\",\"@id\":\"\\\/#\\\/schema\\\/person\\\/0e8781e0653d1a8e57ca55bd2c3cb01f\",\"name\":\"Anne Keefer\",\"url\":\"https:\\\/\\\/digidem-bayern.de\\\/en\\\/author\\\/ag-webinar\\\/\"}]}<\/script>\n<!-- \/ Yoast SEO plugin. -->","yoast_head_json":{"title":"Einfluss der Schulbildung auf die Gesundheitsinformationsquellen von Menschen mit Demenz: Digitales Demenzregister Bayern - digiDEM Bayern","description":"Ziel des bayernweiten Projektes digiDEM ist die nachhaltige Verbesserung der Versorgungssituation von Menschen mit Demenz sowie deren pflegenden Angeh\u00f6rigen","robots":{"index":"index","follow":"follow","max-snippet":"max-snippet:-1","max-image-preview":"max-image-preview:large","max-video-preview":"max-video-preview:-1"},"canonical":"https:\/\/digidem-bayern.de\/en\/zeit-von-der-demenzdiagnose-bis-zum-tod-ergebnisse-eines-bevoelkerungsbasierten-registers-digidem-bayern-2\/","og_locale":"en_US","og_type":"article","og_title":"Einfluss der Schulbildung auf die Gesundheitsinformationsquellen von Menschen mit Demenz: Digitales Demenzregister Bayern - digiDEM Bayern","og_description":"Ziel des bayernweiten Projektes digiDEM ist die nachhaltige Verbesserung der Versorgungssituation von Menschen mit Demenz sowie deren pflegenden Angeh\u00f6rigen","og_url":"https:\/\/digidem-bayern.de\/en\/zeit-von-der-demenzdiagnose-bis-zum-tod-ergebnisse-eines-bevoelkerungsbasierten-registers-digidem-bayern-2\/","og_site_name":"digiDEM Bayern","article_publisher":"https:\/\/www.facebook.com\/digiDEMBayern\/","article_published_time":"2023-10-05T12:00:31+00:00","article_modified_time":"2025-11-26T13:08:13+00:00","og_image":[{"width":340,"height":200,"url":"https:\/\/digidem-bayern.de\/wp-content\/uploads\/logo-digidem-digitales-demenzregister-bayern.jpg.png","type":"image\/png"}],"author":"Anne Keefer","twitter_misc":{"Written by":"Anne Keefer","Est. reading time":"1 minute"},"schema":{"@context":"https:\/\/schema.org","@graph":[{"@type":"Article","@id":"https:\/\/digidem-bayern.de\/zeit-von-der-demenzdiagnose-bis-zum-tod-ergebnisse-eines-bevoelkerungsbasierten-registers-digidem-bayern-2\/#article","isPartOf":{"@id":"https:\/\/digidem-bayern.de\/zeit-von-der-demenzdiagnose-bis-zum-tod-ergebnisse-eines-bevoelkerungsbasierten-registers-digidem-bayern-2\/"},"author":{"name":"Anne Keefer","@id":"\/#\/schema\/person\/0e8781e0653d1a8e57ca55bd2c3cb01f"},"headline":"Einfluss der Schulbildung auf die Gesundheitsinformationsquellen von Menschen mit Demenz: Digitales Demenzregister Bayern","datePublished":"2023-10-05T12:00:31+00:00","dateModified":"2025-11-26T13:08:13+00:00","mainEntityOfPage":{"@id":"https:\/\/digidem-bayern.de\/zeit-von-der-demenzdiagnose-bis-zum-tod-ergebnisse-eines-bevoelkerungsbasierten-registers-digidem-bayern-2\/"},"wordCount":238,"commentCount":0,"publisher":{"@id":"\/#organization"},"keywords":["App","Deutsche Alzheimer Gesellschaft","DIagnose","digidem","digidem Bayern","Digitales Demenzregister Bayern","DKVF","Kongress","Tod"],"articleSection":["Kongressbeitr\u00e4ge"],"inLanguage":"en-US","potentialAction":[{"@type":"CommentAction","name":"Comment","target":["https:\/\/digidem-bayern.de\/zeit-von-der-demenzdiagnose-bis-zum-tod-ergebnisse-eines-bevoelkerungsbasierten-registers-digidem-bayern-2\/#respond"]}]},{"@type":"WebPage","@id":"https:\/\/digidem-bayern.de\/zeit-von-der-demenzdiagnose-bis-zum-tod-ergebnisse-eines-bevoelkerungsbasierten-registers-digidem-bayern-2\/","url":"https:\/\/digidem-bayern.de\/zeit-von-der-demenzdiagnose-bis-zum-tod-ergebnisse-eines-bevoelkerungsbasierten-registers-digidem-bayern-2\/","name":"Einfluss der Schulbildung auf die Gesundheitsinformationsquellen von Menschen mit Demenz: Digitales Demenzregister Bayern - digiDEM Bayern","isPartOf":{"@id":"\/#website"},"datePublished":"2023-10-05T12:00:31+00:00","dateModified":"2025-11-26T13:08:13+00:00","description":"Ziel des bayernweiten Projektes digiDEM ist die nachhaltige Verbesserung der Versorgungssituation von Menschen mit Demenz sowie deren pflegenden Angeh\u00f6rigen","breadcrumb":{"@id":"https:\/\/digidem-bayern.de\/zeit-von-der-demenzdiagnose-bis-zum-tod-ergebnisse-eines-bevoelkerungsbasierten-registers-digidem-bayern-2\/#breadcrumb"},"inLanguage":"en-US","potentialAction":[{"@type":"ReadAction","target":["https:\/\/digidem-bayern.de\/zeit-von-der-demenzdiagnose-bis-zum-tod-ergebnisse-eines-bevoelkerungsbasierten-registers-digidem-bayern-2\/"]}]},{"@type":"BreadcrumbList","@id":"https:\/\/digidem-bayern.de\/zeit-von-der-demenzdiagnose-bis-zum-tod-ergebnisse-eines-bevoelkerungsbasierten-registers-digidem-bayern-2\/#breadcrumb","itemListElement":[{"@type":"ListItem","position":1,"name":"Startseite","item":"https:\/\/digidem-bayern.de\/"},{"@type":"ListItem","position":2,"name":"Einfluss der Schulbildung auf die Gesundheitsinformationsquellen von Menschen mit Demenz: Digitales Demenzregister Bayern"}]},{"@type":"WebSite","@id":"\/#website","url":"\/","name":"digiDEM Bavaria","description":"The digital dementia register in Bavaria researches and improves the structure of services for people with dementia and their relatives","publisher":{"@id":"\/#organization"},"potentialAction":[{"@type":"SearchAction","target":{"@type":"EntryPoint","urlTemplate":"\/?s={search_term_string}"},"query-input":{"@type":"PropertyValueSpecification","valueRequired":true,"valueName":"search_term_string"}}],"inLanguage":"en-US"},{"@type":"Organization","@id":"\/#organization","name":"digiDEM Bavaria","url":"\/","logo":{"@type":"ImageObject","inLanguage":"en-US","@id":"\/#\/schema\/logo\/image\/","url":"https:\/\/digidem-bayern.de\/wp-content\/uploads\/2022\/03\/cropped-Allgemeines_digiDEMLOGO-removebg-preview.png","contentUrl":"https:\/\/digidem-bayern.de\/wp-content\/uploads\/2022\/03\/cropped-Allgemeines_digiDEMLOGO-removebg-preview.png","width":612,"height":357,"caption":"digiDEM Bayern"},"image":{"@id":"\/#\/schema\/logo\/image\/"},"sameAs":["https:\/\/www.facebook.com\/digiDEMBayern\/","https:\/\/x.com\/digidem_bayern","https:\/\/www.instagram.com\/digidem.bayern","https:\/\/www.linkedin.com\/company\/digidem-bayern\/"]},{"@type":"Person","@id":"\/#\/schema\/person\/0e8781e0653d1a8e57ca55bd2c3cb01f","name":"Anne Keefer","url":"https:\/\/digidem-bayern.de\/en\/author\/ag-webinar\/"}]}},"uagb_featured_image_src":{"full":false,"thumbnail":false,"medium":false,"medium_large":false,"large":false,"1536x1536":false,"2048x2048":false,"trp-custom-language-flag":false,"qubely_landscape":false,"qubely_portrait":false,"qubely_thumbnail":false,"post-thumbnail":false,"kahuna-featured":false,"kahuna-featured-lp":false,"kahuna-featured-half":false,"kahuna-featured-third":false,"kahuna-lpbox-1":false,"kahuna-lpbox-2":false,"demand-language-flag":false,"dddkt-language-flag":false,"ddiqc-language-flag":false,"ddtl-language-flag":false,"mailpoet_newsletter_max":false,"kahuna-lpbox-3":false,"kahuna-featured-square":false,"kahuna-featured-square-large":false},"uagb_author_info":{"display_name":"Anne Keefer","author_link":"https:\/\/digidem-bayern.de\/en\/author\/ag-webinar\/"},"uagb_comment_info":0,"uagb_excerpt":"Hintergrund: Bisher wurde der F\u00e4higkeit von Menschen mit leichter kognitiver Beeintr\u00e4chtigung (MCI) oder Demenz (MmD), demenzbezogene Informationen zu erkennen und zu verstehen, wenig Aufmerksamkeit geschenkt. Im Allgemeinen sind verschiedene soziodemografische Eigenschaften der suchenden Person wichtige Faktoren daf\u00fcr, wie relevant die Suchenden verschiedene Informationsquellen einsch\u00e4tzen. Einer der wichtigsten Faktoren ist hierbei &hellip;","_links":{"self":[{"href":"https:\/\/digidem-bayern.de\/en\/wp-json\/wp\/v2\/posts\/46860","targetHints":{"allow":["GET"]}}],"collection":[{"href":"https:\/\/digidem-bayern.de\/en\/wp-json\/wp\/v2\/posts"}],"about":[{"href":"https:\/\/digidem-bayern.de\/en\/wp-json\/wp\/v2\/types\/post"}],"author":[{"embeddable":true,"href":"https:\/\/digidem-bayern.de\/en\/wp-json\/wp\/v2\/users\/7"}],"replies":[{"embeddable":true,"href":"https:\/\/digidem-bayern.de\/en\/wp-json\/wp\/v2\/comments?post=46860"}],"version-history":[{"count":2,"href":"https:\/\/digidem-bayern.de\/en\/wp-json\/wp\/v2\/posts\/46860\/revisions"}],"predecessor-version":[{"id":46865,"href":"https:\/\/digidem-bayern.de\/en\/wp-json\/wp\/v2\/posts\/46860\/revisions\/46865"}],"wp:attachment":[{"href":"https:\/\/digidem-bayern.de\/en\/wp-json\/wp\/v2\/media?parent=46860"}],"wp:term":[{"taxonomy":"category","embeddable":true,"href":"https:\/\/digidem-bayern.de\/en\/wp-json\/wp\/v2\/categories?post=46860"},{"taxonomy":"post_tag","embeddable":true,"href":"https:\/\/digidem-bayern.de\/en\/wp-json\/wp\/v2\/tags?post=46860"}],"curies":[{"name":"wp","href":"https:\/\/api.w.org\/{rel}","templated":true}]}}