{"id":46848,"date":"2024-10-11T13:38:00","date_gmt":"2024-10-11T11:38:00","guid":{"rendered":"https:\/\/digidem-bayern.de\/?p=46848"},"modified":"2025-11-26T16:03:34","modified_gmt":"2025-11-26T15:03:34","slug":"soziale-isolation-als-risikofaktor-fuer-einsamkeit-und-abnahme-der-kognitiven-faehigkeiten-bei-menschen-mit-demenz-digitales-demenzregister-bayern","status":"publish","type":"post","link":"https:\/\/digidem-bayern.de\/en\/soziale-isolation-als-risikofaktor-fuer-einsamkeit-und-abnahme-der-kognitiven-faehigkeiten-bei-menschen-mit-demenz-digitales-demenzregister-bayern\/","title":{"rendered":"Soziale Isolation als Risikofaktor f\u00fcr Einsamkeit und Abnahme der kognitiven F\u00e4higkeiten bei Menschen mit Demenz: Digitales Demenzregister Bayern"},"content":{"rendered":"\n<p><strong>Hintergrund:<\/strong> Soziale Isolation, definiert \u00fcber die Anzahl und Qualit\u00e4t der sozialen Netzwerke, geh\u00f6rt zu den modifizierbaren Risikofaktoren, die die Entstehung und den Verlauf einer Demenzerkrankung beeinflussen [1]. Daneben steht eine Zunahme der sozialen Isolation auch in einem signifikanten Zusammenhang mit der Entstehung von Einsamkeit [2], einem weiteren Risikofaktor f\u00fcr die Verschlechterung der Kognition.<\/p>\n\n\n\n<p><strong>Zielsetzung<\/strong>: Ziel ist es, Ausma\u00df und Einfluss der sozialeren Isolation auf die Kognition im Verlauf von 12 Monaten bei Menschen mit kognitiven Einschr\u00e4nkungen zu untersuchen.<\/p>\n\n\n\n<p><strong>Methode<\/strong>: Datengrundlage ist die multizentrische, prospektive, l\u00e4ngsschnittliche Registerstudie &#8222;Digitales Demenzregister Bayern &#8211; digiDEM Bayern&#8220;. Der Grad der sozialen Isolation wurde mit der Lubben Social Network Scale- Revised (LSNS-R) und der Grad der kognitiven Beeintr\u00e4chtigung mit der Mini Mental Status Test (MMST) erhoben. Die statistische Analyse erfolgte mittels ANCOVA.<\/p>\n\n\n\n<p><strong>Praxisbezug: <\/strong>Die Ergebnisse zeigen, dass das Risiko der sozialen Isolation von Freunden bei Menschen mit kognitiven Beeintr\u00e4chtigungen sehr hoch ist. Um Gef\u00fchle der Einsamkeit zu vermeiden, sollten zielgruppengerechte Angebote geschaffen werden. Initiativen wie \u201eLicht an\u201c des StMGP k\u00f6nnen die soziale Teilhabe von Menschen mit kognitiven Beeintr\u00e4chtigungen auch au\u00dferhalb ihres famili\u00e4ren Verbundes f\u00f6rdern.<\/p>\n\n\n\n<p><strong>Literaturverzeichnis:<\/strong><\/p>\n\n\n\n<p>1. Livingston G, Huntley J, Sommerlad A, Ames D, Ballard C, Banerjee S, et al. Dementia prevention, intervention, and care: 2020 report of the Lancet Commission. The Lancet. 2020;396(10248):413-46.<\/p>\n\n\n\n<p>2. Luhmann M. Einsamkeit\u2013Erkennen, evaluieren und entschlossen entgegentreten Schriftliche Stellungnahme zur \u00f6ffentlichen Anh\u00f6rung am 19.04. 2021. Deutscher Bundestag, Ausschuss f\u00fcr Familie, Senioren, Frauen und Jugend, Ausschussdrucksache. 2022;19:13.<\/p>\n\n\n\n<p><\/p>\n\n\n<a href=\"https:\/\/digidem-bayern.de\/wp-content\/uploads\/2025\/11\/2024-09-16_Presentation_Alzheimer-Kongress_LLA.pdf\" class=\"pdfemb-viewer\" style=\"\" data-width=\"max\" data-height=\"max\" data-toolbar=\"bottom\" data-toolbar-fixed=\"off\">2024-09-16_Presentation_Alzheimer-Kongress_LLA<\/a>\n\n\n<p><strong>Vortrag <\/strong>vorgestellt auf dem 12. Kongress der Deutschen Alzheimergesellschaft am 11.10.2024<\/p>\n\n\n\n<p>Lisa Laininger<\/p>\n\n\n\n<p><\/p>\n","protected":false},"excerpt":{"rendered":"<p>Hintergrund: Soziale Isolation, definiert \u00fcber die Anzahl und Qualit\u00e4t der sozialen Netzwerke, geh\u00f6rt zu den modifizierbaren Risikofaktoren, die die Entstehung und den Verlauf einer Demenzerkrankung beeinflussen [1]. Daneben steht eine Zunahme der sozialen Isolation auch in einem signifikanten Zusammenhang mit der Entstehung von Einsamkeit [2], einem weiteren Risikofaktor f\u00fcr die &hellip;<\/p>\n","protected":false},"author":7,"featured_media":0,"comment_status":"open","ping_status":"closed","sticky":false,"template":"","format":"standard","meta":{"qubely_global_settings":"","qubely_interactions":"","_uag_custom_page_level_css":"","footnotes":""},"categories":[780],"tags":[165,14,17,55,1699,235,1820,781],"class_list":["post-46848","post","type-post","status-publish","format-standard","hentry","category-kongressbeitraege","tag-deutsche-alzheimer-gesellschaft","tag-digidem","tag-digidem-bayern","tag-digitales-demenzregister-bayern","tag-dkvf","tag-einsamkeit","tag-isolation","tag-kongress"],"qubely_featured_image_url":null,"qubely_author":{"display_name":"Anne Keefer","author_link":"https:\/\/digidem-bayern.de\/en\/author\/ag-webinar\/"},"qubely_comment":0,"qubely_category":"<a href=\"https:\/\/digidem-bayern.de\/en\/category\/kongressbeitraege\/\" rel=\"category tag\">Kongressbeitr\u00e4ge<\/a>","qubely_excerpt":"Hintergrund: Soziale Isolation, definiert \u00fcber die Anzahl und Qualit\u00e4t der sozialen Netzwerke, geh\u00f6rt zu den modifizierbaren Risikofaktoren, die die Entstehung und den Verlauf einer Demenzerkrankung beeinflussen [1]. Daneben steht eine Zunahme der sozialen Isolation auch in einem signifikanten Zusammenhang mit der Entstehung von Einsamkeit [2], einem weiteren Risikofaktor f\u00fcr die &hellip;","featured_image_urls_v2":{"full":"","thumbnail":"","medium":"","medium_large":"","large":"","1536x1536":"","2048x2048":"","trp-custom-language-flag":"","qubely_landscape":"","qubely_portrait":"","qubely_thumbnail":"","post-thumbnail":"","kahuna-featured":"","kahuna-featured-lp":"","kahuna-featured-half":"","kahuna-featured-third":"","kahuna-lpbox-1":"","kahuna-lpbox-2":"","demand-language-flag":"","dddkt-language-flag":"","ddiqc-language-flag":"","ddtl-language-flag":"","mailpoet_newsletter_max":"","kahuna-lpbox-3":"","kahuna-featured-square":"","kahuna-featured-square-large":""},"post_excerpt_stackable_v2":"<p>Hintergrund: Soziale Isolation, definiert \u00fcber die Anzahl und Qualit\u00e4t der sozialen Netzwerke, geh\u00f6rt zu den modifizierbaren Risikofaktoren, die die Entstehung und den Verlauf einer Demenzerkrankung beeinflussen [1]. Daneben steht eine Zunahme der sozialen Isolation auch in einem signifikanten Zusammenhang mit der Entstehung von Einsamkeit [2], einem weiteren Risikofaktor f\u00fcr die Verschlechterung der Kognition. Zielsetzung: Ziel ist es, Ausma\u00df und Einfluss der sozialeren Isolation auf die Kognition im Verlauf von 12 Monaten bei Menschen mit kognitiven Einschr\u00e4nkungen zu untersuchen. Methode: Datengrundlage ist die multizentrische, prospektive, l\u00e4ngsschnittliche Registerstudie &#8222;Digitales Demenzregister Bayern &#8211; digiDEM Bayern&#8220;. Der Grad der sozialen Isolation wurde mit der&hellip;<\/p>\n","category_list_v2":"<a href=\"https:\/\/digidem-bayern.de\/en\/category\/kongressbeitraege\/\" rel=\"category tag\">Kongressbeitr\u00e4ge<\/a>","author_info_v2":{"name":"Anne Keefer","url":"https:\/\/digidem-bayern.de\/en\/author\/ag-webinar\/"},"comments_num_v2":"0 comments","yoast_head":"<!-- This site is optimized with the Yoast SEO plugin v27.4 - https:\/\/yoast.com\/product\/yoast-seo-wordpress\/ -->\n<title>Soziale Isolation als Risikofaktor f\u00fcr Einsamkeit und Abnahme der kognitiven F\u00e4higkeiten bei Menschen mit Demenz: Digitales Demenzregister Bayern - digiDEM Bayern<\/title>\n<meta name=\"description\" content=\"Ziel des bayernweiten Projektes digiDEM ist die nachhaltige Verbesserung der Versorgungssituation von Menschen mit Demenz sowie deren pflegenden Angeh\u00f6rigen\" \/>\n<meta name=\"robots\" content=\"index, follow, max-snippet:-1, max-image-preview:large, max-video-preview:-1\" \/>\n<link rel=\"canonical\" href=\"https:\/\/digidem-bayern.de\/en\/soziale-isolation-als-risikofaktor-fuer-einsamkeit-und-abnahme-der-kognitiven-faehigkeiten-bei-menschen-mit-demenz-digitales-demenzregister-bayern\/\" \/>\n<meta property=\"og:locale\" content=\"en_US\" \/>\n<meta property=\"og:type\" content=\"article\" \/>\n<meta property=\"og:title\" content=\"Soziale Isolation als Risikofaktor f\u00fcr Einsamkeit und Abnahme der kognitiven F\u00e4higkeiten bei Menschen mit Demenz: Digitales Demenzregister Bayern - digiDEM Bayern\" \/>\n<meta property=\"og:description\" content=\"Ziel des bayernweiten Projektes digiDEM ist die nachhaltige Verbesserung der Versorgungssituation von Menschen mit Demenz sowie deren pflegenden Angeh\u00f6rigen\" \/>\n<meta property=\"og:url\" content=\"https:\/\/digidem-bayern.de\/en\/soziale-isolation-als-risikofaktor-fuer-einsamkeit-und-abnahme-der-kognitiven-faehigkeiten-bei-menschen-mit-demenz-digitales-demenzregister-bayern\/\" \/>\n<meta property=\"og:site_name\" content=\"digiDEM Bayern\" \/>\n<meta property=\"article:publisher\" content=\"https:\/\/www.facebook.com\/digiDEMBayern\/\" \/>\n<meta property=\"article:published_time\" content=\"2024-10-11T11:38:00+00:00\" \/>\n<meta property=\"article:modified_time\" content=\"2025-11-26T15:03:34+00:00\" \/>\n<meta property=\"og:image\" content=\"https:\/\/digidem-bayern.de\/wp-content\/uploads\/logo-digidem-digitales-demenzregister-bayern.jpg.png\" \/>\n\t<meta property=\"og:image:width\" content=\"340\" \/>\n\t<meta property=\"og:image:height\" content=\"200\" \/>\n\t<meta property=\"og:image:type\" content=\"image\/png\" \/>\n<meta name=\"author\" content=\"Anne Keefer\" \/>\n<meta name=\"twitter:label1\" content=\"Written by\" \/>\n\t<meta name=\"twitter:data1\" content=\"Anne Keefer\" \/>\n\t<meta name=\"twitter:label2\" content=\"Est. reading time\" \/>\n\t<meta name=\"twitter:data2\" content=\"1 minute\" \/>\n<script type=\"application\/ld+json\" class=\"yoast-schema-graph\">{\"@context\":\"https:\\\/\\\/schema.org\",\"@graph\":[{\"@type\":\"Article\",\"@id\":\"https:\\\/\\\/digidem-bayern.de\\\/soziale-isolation-als-risikofaktor-fuer-einsamkeit-und-abnahme-der-kognitiven-faehigkeiten-bei-menschen-mit-demenz-digitales-demenzregister-bayern\\\/#article\",\"isPartOf\":{\"@id\":\"https:\\\/\\\/digidem-bayern.de\\\/soziale-isolation-als-risikofaktor-fuer-einsamkeit-und-abnahme-der-kognitiven-faehigkeiten-bei-menschen-mit-demenz-digitales-demenzregister-bayern\\\/\"},\"author\":{\"name\":\"Anne Keefer\",\"@id\":\"\\\/#\\\/schema\\\/person\\\/0e8781e0653d1a8e57ca55bd2c3cb01f\"},\"headline\":\"Soziale Isolation als Risikofaktor f\u00fcr Einsamkeit und Abnahme der kognitiven F\u00e4higkeiten bei Menschen mit Demenz: Digitales Demenzregister Bayern\",\"datePublished\":\"2024-10-11T11:38:00+00:00\",\"dateModified\":\"2025-11-26T15:03:34+00:00\",\"mainEntityOfPage\":{\"@id\":\"https:\\\/\\\/digidem-bayern.de\\\/soziale-isolation-als-risikofaktor-fuer-einsamkeit-und-abnahme-der-kognitiven-faehigkeiten-bei-menschen-mit-demenz-digitales-demenzregister-bayern\\\/\"},\"wordCount\":273,\"commentCount\":0,\"publisher\":{\"@id\":\"\\\/#organization\"},\"keywords\":[\"Deutsche Alzheimer Gesellschaft\",\"digidem\",\"digidem Bayern\",\"Digitales Demenzregister Bayern\",\"DKVF\",\"Einsamkeit\",\"Isolation\",\"Kongress\"],\"articleSection\":[\"Kongressbeitr\u00e4ge\"],\"inLanguage\":\"en-US\",\"potentialAction\":[{\"@type\":\"CommentAction\",\"name\":\"Comment\",\"target\":[\"https:\\\/\\\/digidem-bayern.de\\\/soziale-isolation-als-risikofaktor-fuer-einsamkeit-und-abnahme-der-kognitiven-faehigkeiten-bei-menschen-mit-demenz-digitales-demenzregister-bayern\\\/#respond\"]}]},{\"@type\":\"WebPage\",\"@id\":\"https:\\\/\\\/digidem-bayern.de\\\/soziale-isolation-als-risikofaktor-fuer-einsamkeit-und-abnahme-der-kognitiven-faehigkeiten-bei-menschen-mit-demenz-digitales-demenzregister-bayern\\\/\",\"url\":\"https:\\\/\\\/digidem-bayern.de\\\/soziale-isolation-als-risikofaktor-fuer-einsamkeit-und-abnahme-der-kognitiven-faehigkeiten-bei-menschen-mit-demenz-digitales-demenzregister-bayern\\\/\",\"name\":\"Soziale Isolation als Risikofaktor f\u00fcr Einsamkeit und Abnahme der kognitiven F\u00e4higkeiten bei Menschen mit Demenz: Digitales Demenzregister Bayern - digiDEM Bayern\",\"isPartOf\":{\"@id\":\"\\\/#website\"},\"datePublished\":\"2024-10-11T11:38:00+00:00\",\"dateModified\":\"2025-11-26T15:03:34+00:00\",\"description\":\"Ziel des bayernweiten Projektes digiDEM ist die nachhaltige Verbesserung der Versorgungssituation von Menschen mit Demenz sowie deren pflegenden Angeh\u00f6rigen\",\"breadcrumb\":{\"@id\":\"https:\\\/\\\/digidem-bayern.de\\\/soziale-isolation-als-risikofaktor-fuer-einsamkeit-und-abnahme-der-kognitiven-faehigkeiten-bei-menschen-mit-demenz-digitales-demenzregister-bayern\\\/#breadcrumb\"},\"inLanguage\":\"en-US\",\"potentialAction\":[{\"@type\":\"ReadAction\",\"target\":[\"https:\\\/\\\/digidem-bayern.de\\\/soziale-isolation-als-risikofaktor-fuer-einsamkeit-und-abnahme-der-kognitiven-faehigkeiten-bei-menschen-mit-demenz-digitales-demenzregister-bayern\\\/\"]}]},{\"@type\":\"BreadcrumbList\",\"@id\":\"https:\\\/\\\/digidem-bayern.de\\\/soziale-isolation-als-risikofaktor-fuer-einsamkeit-und-abnahme-der-kognitiven-faehigkeiten-bei-menschen-mit-demenz-digitales-demenzregister-bayern\\\/#breadcrumb\",\"itemListElement\":[{\"@type\":\"ListItem\",\"position\":1,\"name\":\"Startseite\",\"item\":\"https:\\\/\\\/digidem-bayern.de\\\/\"},{\"@type\":\"ListItem\",\"position\":2,\"name\":\"Soziale Isolation als Risikofaktor f\u00fcr Einsamkeit und Abnahme der kognitiven F\u00e4higkeiten bei Menschen mit Demenz: Digitales Demenzregister Bayern\"}]},{\"@type\":\"WebSite\",\"@id\":\"\\\/#website\",\"url\":\"\\\/\",\"name\":\"digiDEM Bayern\",\"description\":\"Das digitale Demenzregister Bayern erforscht und verbessert die Angebotsstuktur f\u00fcr Menschen mit Demenz und deren Angeh\u00f6rige\",\"publisher\":{\"@id\":\"\\\/#organization\"},\"potentialAction\":[{\"@type\":\"SearchAction\",\"target\":{\"@type\":\"EntryPoint\",\"urlTemplate\":\"\\\/?s={search_term_string}\"},\"query-input\":{\"@type\":\"PropertyValueSpecification\",\"valueRequired\":true,\"valueName\":\"search_term_string\"}}],\"inLanguage\":\"en-US\"},{\"@type\":\"Organization\",\"@id\":\"\\\/#organization\",\"name\":\"digiDEM Bayern\",\"url\":\"\\\/\",\"logo\":{\"@type\":\"ImageObject\",\"inLanguage\":\"en-US\",\"@id\":\"\\\/#\\\/schema\\\/logo\\\/image\\\/\",\"url\":\"https:\\\/\\\/digidem-bayern.de\\\/wp-content\\\/uploads\\\/2022\\\/03\\\/cropped-Allgemeines_digiDEMLOGO-removebg-preview.png\",\"contentUrl\":\"https:\\\/\\\/digidem-bayern.de\\\/wp-content\\\/uploads\\\/2022\\\/03\\\/cropped-Allgemeines_digiDEMLOGO-removebg-preview.png\",\"width\":612,\"height\":357,\"caption\":\"digiDEM Bayern\"},\"image\":{\"@id\":\"\\\/#\\\/schema\\\/logo\\\/image\\\/\"},\"sameAs\":[\"https:\\\/\\\/www.facebook.com\\\/digiDEMBayern\\\/\",\"https:\\\/\\\/x.com\\\/digidem_bayern\",\"https:\\\/\\\/www.instagram.com\\\/digidem.bayern\",\"https:\\\/\\\/www.linkedin.com\\\/company\\\/digidem-bayern\\\/\"]},{\"@type\":\"Person\",\"@id\":\"\\\/#\\\/schema\\\/person\\\/0e8781e0653d1a8e57ca55bd2c3cb01f\",\"name\":\"Anne Keefer\",\"url\":\"https:\\\/\\\/digidem-bayern.de\\\/en\\\/author\\\/ag-webinar\\\/\"}]}<\/script>\n<!-- \/ Yoast SEO plugin. -->","yoast_head_json":{"title":"Soziale Isolation als Risikofaktor f\u00fcr Einsamkeit und Abnahme der kognitiven F\u00e4higkeiten bei Menschen mit Demenz: Digitales Demenzregister Bayern - digiDEM Bayern","description":"Ziel des bayernweiten Projektes digiDEM ist die nachhaltige Verbesserung der Versorgungssituation von Menschen mit Demenz sowie deren pflegenden Angeh\u00f6rigen","robots":{"index":"index","follow":"follow","max-snippet":"max-snippet:-1","max-image-preview":"max-image-preview:large","max-video-preview":"max-video-preview:-1"},"canonical":"https:\/\/digidem-bayern.de\/en\/soziale-isolation-als-risikofaktor-fuer-einsamkeit-und-abnahme-der-kognitiven-faehigkeiten-bei-menschen-mit-demenz-digitales-demenzregister-bayern\/","og_locale":"en_US","og_type":"article","og_title":"Soziale Isolation als Risikofaktor f\u00fcr Einsamkeit und Abnahme der kognitiven F\u00e4higkeiten bei Menschen mit Demenz: Digitales Demenzregister Bayern - digiDEM Bayern","og_description":"Ziel des bayernweiten Projektes digiDEM ist die nachhaltige Verbesserung der Versorgungssituation von Menschen mit Demenz sowie deren pflegenden Angeh\u00f6rigen","og_url":"https:\/\/digidem-bayern.de\/en\/soziale-isolation-als-risikofaktor-fuer-einsamkeit-und-abnahme-der-kognitiven-faehigkeiten-bei-menschen-mit-demenz-digitales-demenzregister-bayern\/","og_site_name":"digiDEM Bayern","article_publisher":"https:\/\/www.facebook.com\/digiDEMBayern\/","article_published_time":"2024-10-11T11:38:00+00:00","article_modified_time":"2025-11-26T15:03:34+00:00","og_image":[{"width":340,"height":200,"url":"https:\/\/digidem-bayern.de\/wp-content\/uploads\/logo-digidem-digitales-demenzregister-bayern.jpg.png","type":"image\/png"}],"author":"Anne Keefer","twitter_misc":{"Written by":"Anne Keefer","Est. reading time":"1 minute"},"schema":{"@context":"https:\/\/schema.org","@graph":[{"@type":"Article","@id":"https:\/\/digidem-bayern.de\/soziale-isolation-als-risikofaktor-fuer-einsamkeit-und-abnahme-der-kognitiven-faehigkeiten-bei-menschen-mit-demenz-digitales-demenzregister-bayern\/#article","isPartOf":{"@id":"https:\/\/digidem-bayern.de\/soziale-isolation-als-risikofaktor-fuer-einsamkeit-und-abnahme-der-kognitiven-faehigkeiten-bei-menschen-mit-demenz-digitales-demenzregister-bayern\/"},"author":{"name":"Anne Keefer","@id":"\/#\/schema\/person\/0e8781e0653d1a8e57ca55bd2c3cb01f"},"headline":"Soziale Isolation als Risikofaktor f\u00fcr Einsamkeit und Abnahme der kognitiven F\u00e4higkeiten bei Menschen mit Demenz: Digitales Demenzregister Bayern","datePublished":"2024-10-11T11:38:00+00:00","dateModified":"2025-11-26T15:03:34+00:00","mainEntityOfPage":{"@id":"https:\/\/digidem-bayern.de\/soziale-isolation-als-risikofaktor-fuer-einsamkeit-und-abnahme-der-kognitiven-faehigkeiten-bei-menschen-mit-demenz-digitales-demenzregister-bayern\/"},"wordCount":273,"commentCount":0,"publisher":{"@id":"\/#organization"},"keywords":["Deutsche Alzheimer Gesellschaft","digidem","digidem Bayern","Digitales Demenzregister Bayern","DKVF","Einsamkeit","Isolation","Kongress"],"articleSection":["Kongressbeitr\u00e4ge"],"inLanguage":"en-US","potentialAction":[{"@type":"CommentAction","name":"Comment","target":["https:\/\/digidem-bayern.de\/soziale-isolation-als-risikofaktor-fuer-einsamkeit-und-abnahme-der-kognitiven-faehigkeiten-bei-menschen-mit-demenz-digitales-demenzregister-bayern\/#respond"]}]},{"@type":"WebPage","@id":"https:\/\/digidem-bayern.de\/soziale-isolation-als-risikofaktor-fuer-einsamkeit-und-abnahme-der-kognitiven-faehigkeiten-bei-menschen-mit-demenz-digitales-demenzregister-bayern\/","url":"https:\/\/digidem-bayern.de\/soziale-isolation-als-risikofaktor-fuer-einsamkeit-und-abnahme-der-kognitiven-faehigkeiten-bei-menschen-mit-demenz-digitales-demenzregister-bayern\/","name":"Soziale Isolation als Risikofaktor f\u00fcr Einsamkeit und Abnahme der kognitiven F\u00e4higkeiten bei Menschen mit Demenz: Digitales Demenzregister Bayern - digiDEM Bayern","isPartOf":{"@id":"\/#website"},"datePublished":"2024-10-11T11:38:00+00:00","dateModified":"2025-11-26T15:03:34+00:00","description":"Ziel des bayernweiten Projektes digiDEM ist die nachhaltige Verbesserung der Versorgungssituation von Menschen mit Demenz sowie deren pflegenden Angeh\u00f6rigen","breadcrumb":{"@id":"https:\/\/digidem-bayern.de\/soziale-isolation-als-risikofaktor-fuer-einsamkeit-und-abnahme-der-kognitiven-faehigkeiten-bei-menschen-mit-demenz-digitales-demenzregister-bayern\/#breadcrumb"},"inLanguage":"en-US","potentialAction":[{"@type":"ReadAction","target":["https:\/\/digidem-bayern.de\/soziale-isolation-als-risikofaktor-fuer-einsamkeit-und-abnahme-der-kognitiven-faehigkeiten-bei-menschen-mit-demenz-digitales-demenzregister-bayern\/"]}]},{"@type":"BreadcrumbList","@id":"https:\/\/digidem-bayern.de\/soziale-isolation-als-risikofaktor-fuer-einsamkeit-und-abnahme-der-kognitiven-faehigkeiten-bei-menschen-mit-demenz-digitales-demenzregister-bayern\/#breadcrumb","itemListElement":[{"@type":"ListItem","position":1,"name":"Startseite","item":"https:\/\/digidem-bayern.de\/"},{"@type":"ListItem","position":2,"name":"Soziale Isolation als Risikofaktor f\u00fcr Einsamkeit und Abnahme der kognitiven F\u00e4higkeiten bei Menschen mit Demenz: Digitales Demenzregister Bayern"}]},{"@type":"WebSite","@id":"\/#website","url":"\/","name":"digiDEM Bavaria","description":"The digital dementia register in Bavaria researches and improves the structure of services for people with dementia and their relatives","publisher":{"@id":"\/#organization"},"potentialAction":[{"@type":"SearchAction","target":{"@type":"EntryPoint","urlTemplate":"\/?s={search_term_string}"},"query-input":{"@type":"PropertyValueSpecification","valueRequired":true,"valueName":"search_term_string"}}],"inLanguage":"en-US"},{"@type":"Organization","@id":"\/#organization","name":"digiDEM Bavaria","url":"\/","logo":{"@type":"ImageObject","inLanguage":"en-US","@id":"\/#\/schema\/logo\/image\/","url":"https:\/\/digidem-bayern.de\/wp-content\/uploads\/2022\/03\/cropped-Allgemeines_digiDEMLOGO-removebg-preview.png","contentUrl":"https:\/\/digidem-bayern.de\/wp-content\/uploads\/2022\/03\/cropped-Allgemeines_digiDEMLOGO-removebg-preview.png","width":612,"height":357,"caption":"digiDEM Bayern"},"image":{"@id":"\/#\/schema\/logo\/image\/"},"sameAs":["https:\/\/www.facebook.com\/digiDEMBayern\/","https:\/\/x.com\/digidem_bayern","https:\/\/www.instagram.com\/digidem.bayern","https:\/\/www.linkedin.com\/company\/digidem-bayern\/"]},{"@type":"Person","@id":"\/#\/schema\/person\/0e8781e0653d1a8e57ca55bd2c3cb01f","name":"Anne Keefer","url":"https:\/\/digidem-bayern.de\/en\/author\/ag-webinar\/"}]}},"uagb_featured_image_src":{"full":false,"thumbnail":false,"medium":false,"medium_large":false,"large":false,"1536x1536":false,"2048x2048":false,"trp-custom-language-flag":false,"qubely_landscape":false,"qubely_portrait":false,"qubely_thumbnail":false,"post-thumbnail":false,"kahuna-featured":false,"kahuna-featured-lp":false,"kahuna-featured-half":false,"kahuna-featured-third":false,"kahuna-lpbox-1":false,"kahuna-lpbox-2":false,"demand-language-flag":false,"dddkt-language-flag":false,"ddiqc-language-flag":false,"ddtl-language-flag":false,"mailpoet_newsletter_max":false,"kahuna-lpbox-3":false,"kahuna-featured-square":false,"kahuna-featured-square-large":false},"uagb_author_info":{"display_name":"Anne Keefer","author_link":"https:\/\/digidem-bayern.de\/en\/author\/ag-webinar\/"},"uagb_comment_info":0,"uagb_excerpt":"Hintergrund: Soziale Isolation, definiert \u00fcber die Anzahl und Qualit\u00e4t der sozialen Netzwerke, geh\u00f6rt zu den modifizierbaren Risikofaktoren, die die Entstehung und den Verlauf einer Demenzerkrankung beeinflussen [1]. Daneben steht eine Zunahme der sozialen Isolation auch in einem signifikanten Zusammenhang mit der Entstehung von Einsamkeit [2], einem weiteren Risikofaktor f\u00fcr die &hellip;","_links":{"self":[{"href":"https:\/\/digidem-bayern.de\/en\/wp-json\/wp\/v2\/posts\/46848","targetHints":{"allow":["GET"]}}],"collection":[{"href":"https:\/\/digidem-bayern.de\/en\/wp-json\/wp\/v2\/posts"}],"about":[{"href":"https:\/\/digidem-bayern.de\/en\/wp-json\/wp\/v2\/types\/post"}],"author":[{"embeddable":true,"href":"https:\/\/digidem-bayern.de\/en\/wp-json\/wp\/v2\/users\/7"}],"replies":[{"embeddable":true,"href":"https:\/\/digidem-bayern.de\/en\/wp-json\/wp\/v2\/comments?post=46848"}],"version-history":[{"count":2,"href":"https:\/\/digidem-bayern.de\/en\/wp-json\/wp\/v2\/posts\/46848\/revisions"}],"predecessor-version":[{"id":46887,"href":"https:\/\/digidem-bayern.de\/en\/wp-json\/wp\/v2\/posts\/46848\/revisions\/46887"}],"wp:attachment":[{"href":"https:\/\/digidem-bayern.de\/en\/wp-json\/wp\/v2\/media?parent=46848"}],"wp:term":[{"taxonomy":"category","embeddable":true,"href":"https:\/\/digidem-bayern.de\/en\/wp-json\/wp\/v2\/categories?post=46848"},{"taxonomy":"post_tag","embeddable":true,"href":"https:\/\/digidem-bayern.de\/en\/wp-json\/wp\/v2\/tags?post=46848"}],"curies":[{"name":"wp","href":"https:\/\/api.w.org\/{rel}","templated":true}]}}