{"id":46806,"date":"2025-11-27T12:33:00","date_gmt":"2025-11-27T11:33:00","guid":{"rendered":"https:\/\/digidem-bayern.de\/?p=46806"},"modified":"2025-11-27T12:51:03","modified_gmt":"2025-11-27T11:51:03","slug":"einflussfaktoren-auf-die-pflegebelastung","status":"publish","type":"post","link":"https:\/\/digidem-bayern.de\/en\/einflussfaktoren-auf-die-pflegebelastung\/","title":{"rendered":"Einflussfaktoren auf die Pflegebelastung\u00a0\u00a0"},"content":{"rendered":"<p><strong><strong><strong><strong><strong><strong><strong><strong><strong><strong><strong><strong><strong><strong><strong><strong><strong><strong><strong><strong><strong><strong><strong><strong><strong><strong><strong><strong><strong><strong><strong><strong><strong><strong><strong><strong>Forschende aus Korea haben Faktoren identifiziert, die die Belastung von pflegenden An- und Zugeh\u00f6rigen beeinflussen. Eine wichtige Rolle spielt das Zusammenwirken von biologischen, psychologischen und sozialen Merkmalen.<\/strong><\/strong><\/strong><\/strong><\/strong><\/strong><\/strong><\/strong><\/strong><\/strong><\/strong><\/strong><\/strong><\/strong><\/strong><\/strong><\/strong><\/strong><\/strong><\/strong><\/strong><\/strong><\/strong><\/strong><\/strong><\/strong><\/strong><\/strong><\/strong><\/strong><\/strong><\/strong><\/strong><\/strong><\/strong><\/strong><\/p>\n\n\n\n<p>Meist st\u00fctzen Forschende sich auf subjektive Berichte von pflegenden An- und Zugeh\u00f6rigen von Menschen mit Demenz, wenn sie deren empfundene Belastung, die durch die Pfleget\u00e4tigkeit entsteht, erforschen m\u00f6chten. Die Erfassung physiologischer Merkmale wie zum Beispiel genetische Veranlagung, Geschlecht und Alter ist dabei meist nicht ber\u00fccksichtigt.<\/p>\n\n\n<div class=\"wp-block-image\">\n<figure class=\"alignright size-full is-resized\"><img loading=\"lazy\" decoding=\"async\" width=\"1000\" height=\"667\" src=\"https:\/\/digidem-bayern.de\/wp-content\/uploads\/2025\/11\/02-Einflussfaktoren-Belastung-shutterstock_388567321.jpg\" alt=\"So geh\u00f6ren zu den psychologischen Faktoren zum Beispiel verst\u00e4rkte Symptome einer Depression bei der Pflegeperson und psychologische und verhaltensbezogene Symptome der demenzkranken Person. Dies erkl\u00e4re einen gro\u00dfen Teil der Belastung.\" class=\"wp-image-46810\" style=\"width:541px;height:auto\" srcset=\"https:\/\/digidem-bayern.de\/wp-content\/uploads\/2025\/11\/02-Einflussfaktoren-Belastung-shutterstock_388567321.jpg 1000w, https:\/\/digidem-bayern.de\/wp-content\/uploads\/2025\/11\/02-Einflussfaktoren-Belastung-shutterstock_388567321-300x200.jpg 300w, https:\/\/digidem-bayern.de\/wp-content\/uploads\/2025\/11\/02-Einflussfaktoren-Belastung-shutterstock_388567321-768x512.jpg 768w, https:\/\/digidem-bayern.de\/wp-content\/uploads\/2025\/11\/02-Einflussfaktoren-Belastung-shutterstock_388567321-525x350.jpg 525w\" sizes=\"auto, (max-width: 1000px) 100vw, 1000px\" \/><figcaption class=\"wp-element-caption\">Foto: Shutterstock<\/figcaption><\/figure>\n<\/div>\n\n\n<p>Ziel einer im Oktober 2025 publizierten Studie aus Korea war es deshalb, Faktoren zu identifizieren, die die Belastung von pflegenden An- und Zugeh\u00f6rigen beeinflussen &#8211; unter Ber\u00fccksichtigung von biologischen, psychologischen und sozialen Merkmalen und deren Zusammenspiel.&nbsp;<\/p>\n\n\n\n<p><strong>Gr\u00fcnde f\u00fcr die Belastung<\/strong><strong><\/strong><\/p>\n\n\n\n<p>So geh\u00f6ren zu den psychologischen Faktoren zum Beispiel verst\u00e4rkte Symptome einer Depression bei der Pflegeperson und psychologische und verhaltensbezogene Symptome der demenzkranken Person. Dies erkl\u00e4re einen gro\u00dfen Teil der Belastung. Je st\u00e4rker diese psychologischen Faktoren ausgepr\u00e4gt sind, desto mehr belastet f\u00fchlen sich die pflegenden Angeh\u00f6rigen.<strong><\/strong><\/p>\n\n\n\n<p>Biologische, also k\u00f6rperliche Faktoren bei der an Demenz erkrankten Person k\u00f6nnen ebenfalls zum Tragen kommen. So h\u00e4ngt ein hoher Wert eines bestimmten Entz\u00fcndungsstoffes im K\u00f6rper des Erkrankten damit zusammen, dass die Pflegeperson sich st\u00e4rker belastet f\u00fchlt. Demgegen\u00fcber zeigte die Studie, dass eine lange Gesamtschlafzeit des erkrankten Menschen mit einer verringerten Belastung der Pflegepersonen verbunden ist.<strong><\/strong><\/p>\n\n\n\n<p><strong>Bedeutung individualisierter Ma\u00dfnahmen<\/strong><strong><\/strong><\/p>\n\n\n\n<p>Diese Ergebnisse unterstreichen, so hei\u00dft es in der Studie, die Bedeutung individualisierter Ma\u00dfnahmen, die sowohl biologische als auch psychologische Faktoren ber\u00fccksichtigen, um die Belastung der pflegenden An- und Zugeh\u00f6rigen zu verringern und eine bessere Pflege gew\u00e4hrleisten zu k\u00f6nnen. Zudem k\u00f6nnen diese Ma\u00dfnahmen durch die Entlastung der Pflegepersonen auch das Altern zu Hause unterst\u00fctzen. Dies bedeutet, dass Menschen mit Demenz in ihrer gewohnten Umgebung bleiben k\u00f6nnen.<strong><\/strong><\/p>\n\n\n\n<p>Insgesamt 75 Paare aus Menschen mit Demenz und ihren Pflegepersonen nahmen an der Studie teil. Um die Einflussfaktoren erfassen und auswerten zu k\u00f6nnen, wurden Schwei\u00dfpflaster, Frageb\u00f6gen und das Verfahren der Aktigraphie genutzt, das Aktivit\u00e4ts- und Ruhephasen beim Menschen objektiv feststellt.<\/p>\n\n\n\n<p><strong>Tipp f\u00fcr die Praxis<\/strong>: Unterst\u00fctzungsangebote k\u00f6nnen helfen, die verschiedenen Belastungsfaktoren anzugehen und die Pflegebelastung zu reduzieren. Fachstellen f\u00fcr pflegende An- und Zugeh\u00f6rige und andere Beratungsangebote k\u00f6nnen helfen, Orientierung hinsichtlich der vielen Unterst\u00fctzungsangebote zu geben.&nbsp;Nutzen Sie auch unseren digitalen Fragebogen \u201edigiDEM Bayern DEMAND\u00ae\u201c und empfehlen Sie ihn weiter. Er hilft pflegenden An- und Zugeh\u00f6rigen, die eigenen Versorgungsbedarfe zu erkennen, wenn der Pflegebedarf von Menschen mit Demenz steigt.&nbsp;<a href=\"https:\/\/digidem-bayern.de\/en\/digitales-angebot-demand\/\">Hier gelangen Sie zum Fragebogen \u201edigiDEM Bayern DEMAND\u00ae\u201c.<\/a><span style=\"caret-color: rgb(0, 0, 0); color: rgb(0, 0, 0); font-family: -webkit-standard; font-size: medium; white-space: normal;\"><\/span><\/p>\n\n\n\n<p>Hier geht&#8217;s zur Zusammenfassung der Studie:<\/p>\n\n\n\n<p><a href=\"https:\/\/journals.sagepub.com\/doi\/10.1177\/13872877251365642\">Determinants of burden among family caregivers of persons with dementia: Observational study using multiple monitoring methods<\/a><\/p>\n\n\n\n<p><\/p>\n\n\n\n<p><\/p>\n\n\n\n<p><\/p>\n\n\n\n<p><\/p>\n\n\n\n<p><\/p>\n\n\n\n<p><\/p>\n\n\n\n<div style=\"height:0px\" aria-hidden=\"true\" class=\"wp-block-spacer\"><\/div>\n\n\n\n<p><\/p>","protected":false},"excerpt":{"rendered":"<p>Forschende aus Korea haben Faktoren identifiziert, die die Belastung von pflegenden An- und Zugeh\u00f6rigen beeinflussen. Eine wichtige Rolle spielt das Zusammenwirken von biologischen, psychologischen und sozialen Merkmalen. Meist st\u00fctzen Forschende sich auf subjektive Berichte von pflegenden An- und Zugeh\u00f6rigen von Menschen mit Demenz, wenn sie deren empfundene Belastung, die durch &hellip;<\/p>","protected":false},"author":12,"featured_media":46810,"comment_status":"open","ping_status":"closed","sticky":false,"template":"","format":"standard","meta":{"qubely_global_settings":"","qubely_interactions":"","_uag_custom_page_level_css":"","footnotes":""},"categories":[8,5],"tags":[13,406,300,1760,1802,12,868,112,177,541,14,17,741,55,1800,418,566,175,93,23,234,804],"class_list":["post-46806","post","type-post","status-publish","format-standard","has-post-thumbnail","hentry","category-aktuelles-zu-digidem","category-wissenschaft-forschung","tag-alzheimer","tag-alzheimer-demenz","tag-angst","tag-aspartam","tag-beratungsangebote","tag-demenz-2","tag-demenz-frueherkennung","tag-demenzdiagnose","tag-demenzrisiko","tag-depression","tag-digidem","tag-digidem-bayern","tag-digidem-bayern-demand","tag-digitales-demenzregister-bayern","tag-entlastung","tag-fragebogen","tag-menschen-mit-demenz","tag-pflegebelastung","tag-pflegende-angehoerige","tag-praevention","tag-unterstuetzungsangebote","tag-versorgungsbedarf"],"qubely_featured_image_url":{"full":["https:\/\/digidem-bayern.de\/wp-content\/uploads\/2025\/11\/02-Einflussfaktoren-Belastung-shutterstock_388567321.jpg",1000,667,false],"landscape":["https:\/\/digidem-bayern.de\/wp-content\/uploads\/2025\/11\/02-Einflussfaktoren-Belastung-shutterstock_388567321.jpg",1000,667,false],"portraits":["https:\/\/digidem-bayern.de\/wp-content\/uploads\/2025\/11\/02-Einflussfaktoren-Belastung-shutterstock_388567321-540x320.jpg",540,320,true],"thumbnail":["https:\/\/digidem-bayern.de\/wp-content\/uploads\/2025\/11\/02-Einflussfaktoren-Belastung-shutterstock_388567321-80x80.jpg",80,80,true],"medium":["https:\/\/digidem-bayern.de\/wp-content\/uploads\/2025\/11\/02-Einflussfaktoren-Belastung-shutterstock_388567321-300x200.jpg",300,200,true],"medium_large":["https:\/\/digidem-bayern.de\/wp-content\/uploads\/2025\/11\/02-Einflussfaktoren-Belastung-shutterstock_388567321-768x512.jpg",768,512,true],"large":["https:\/\/digidem-bayern.de\/wp-content\/uploads\/2025\/11\/02-Einflussfaktoren-Belastung-shutterstock_388567321.jpg",1000,667,false],"1536x1536":["https:\/\/digidem-bayern.de\/wp-content\/uploads\/2025\/11\/02-Einflussfaktoren-Belastung-shutterstock_388567321.jpg",1000,667,false],"2048x2048":["https:\/\/digidem-bayern.de\/wp-content\/uploads\/2025\/11\/02-Einflussfaktoren-Belastung-shutterstock_388567321.jpg",1000,667,false],"trp-custom-language-flag":["https:\/\/digidem-bayern.de\/wp-content\/uploads\/2025\/11\/02-Einflussfaktoren-Belastung-shutterstock_388567321.jpg",18,12,false],"qubely_landscape":["https:\/\/digidem-bayern.de\/wp-content\/uploads\/2025\/11\/02-Einflussfaktoren-Belastung-shutterstock_388567321.jpg",1000,667,false],"qubely_portrait":["https:\/\/digidem-bayern.de\/wp-content\/uploads\/2025\/11\/02-Einflussfaktoren-Belastung-shutterstock_388567321-540x320.jpg",540,320,true],"qubely_thumbnail":["https:\/\/digidem-bayern.de\/wp-content\/uploads\/2025\/11\/02-Einflussfaktoren-Belastung-shutterstock_388567321-140x100.jpg",140,100,true],"post-thumbnail":["https:\/\/digidem-bayern.de\/wp-content\/uploads\/2025\/11\/02-Einflussfaktoren-Belastung-shutterstock_388567321-525x350.jpg",525,350,true],"kahuna-featured":["https:\/\/digidem-bayern.de\/wp-content\/uploads\/2025\/11\/02-Einflussfaktoren-Belastung-shutterstock_388567321-734x350.jpg",734,350,true],"kahuna-featured-lp":["https:\/\/digidem-bayern.de\/wp-content\/uploads\/2025\/11\/02-Einflussfaktoren-Belastung-shutterstock_388567321-520x350.jpg",520,350,true],"kahuna-featured-half":["https:\/\/digidem-bayern.de\/wp-content\/uploads\/2025\/11\/02-Einflussfaktoren-Belastung-shutterstock_388567321-800x350.jpg",800,350,true],"kahuna-featured-third":["https:\/\/digidem-bayern.de\/wp-content\/uploads\/2025\/11\/02-Einflussfaktoren-Belastung-shutterstock_388567321-512x350.jpg",512,350,true],"kahuna-lpbox-1":["https:\/\/digidem-bayern.de\/wp-content\/uploads\/2025\/11\/02-Einflussfaktoren-Belastung-shutterstock_388567321-520x300.jpg",520,300,true],"kahuna-lpbox-2":["https:\/\/digidem-bayern.de\/wp-content\/uploads\/2025\/11\/02-Einflussfaktoren-Belastung-shutterstock_388567321-520x350.jpg",520,350,true],"demand-language-flag":["https:\/\/digidem-bayern.de\/wp-content\/uploads\/2025\/11\/02-Einflussfaktoren-Belastung-shutterstock_388567321-36x36.jpg",36,36,true],"dddkt-language-flag":["https:\/\/digidem-bayern.de\/wp-content\/uploads\/2025\/11\/02-Einflussfaktoren-Belastung-shutterstock_388567321-36x36.jpg",36,36,true],"ddiqc-language-flag":["https:\/\/digidem-bayern.de\/wp-content\/uploads\/2025\/11\/02-Einflussfaktoren-Belastung-shutterstock_388567321-36x36.jpg",36,36,true],"ddtl-language-flag":["https:\/\/digidem-bayern.de\/wp-content\/uploads\/2025\/11\/02-Einflussfaktoren-Belastung-shutterstock_388567321-36x36.jpg",36,36,true],"mailpoet_newsletter_max":["https:\/\/digidem-bayern.de\/wp-content\/uploads\/2025\/11\/02-Einflussfaktoren-Belastung-shutterstock_388567321.jpg",1000,667,false],"kahuna-lpbox-3":["https:\/\/digidem-bayern.de\/wp-content\/uploads\/2025\/11\/02-Einflussfaktoren-Belastung-shutterstock_388567321-520x350.jpg",520,350,true],"kahuna-featured-square":["https:\/\/digidem-bayern.de\/wp-content\/uploads\/2025\/11\/02-Einflussfaktoren-Belastung-shutterstock_388567321-512x512.jpg",512,512,true],"kahuna-featured-square-large":["https:\/\/digidem-bayern.de\/wp-content\/uploads\/2025\/11\/02-Einflussfaktoren-Belastung-shutterstock_388567321.jpg",1000,667,false]},"qubely_author":{"display_name":"Ilona H\u00f6rath","author_link":"https:\/\/digidem-bayern.de\/en\/author\/hoeratia\/"},"qubely_comment":0,"qubely_category":"<a href=\"https:\/\/digidem-bayern.de\/en\/category\/aktuelles-zu-digidem\/\" rel=\"category tag\">Aktuelles zu digiDEM<\/a> <a href=\"https:\/\/digidem-bayern.de\/en\/category\/wissenschaft-forschung\/\" rel=\"category tag\">Wissenschaft &amp; Forschung<\/a>","qubely_excerpt":"Forschende aus Korea haben Faktoren identifiziert, die die Belastung von pflegenden An- und Zugeh\u00f6rigen beeinflussen. Eine wichtige Rolle spielt das Zusammenwirken von biologischen, psychologischen und sozialen Merkmalen. Meist st\u00fctzen Forschende sich auf subjektive Berichte von pflegenden An- und Zugeh\u00f6rigen von Menschen mit Demenz, wenn sie deren empfundene Belastung, die durch &hellip;","featured_image_urls_v2":{"full":["https:\/\/digidem-bayern.de\/wp-content\/uploads\/2025\/11\/02-Einflussfaktoren-Belastung-shutterstock_388567321.jpg",1000,667,false],"thumbnail":["https:\/\/digidem-bayern.de\/wp-content\/uploads\/2025\/11\/02-Einflussfaktoren-Belastung-shutterstock_388567321-80x80.jpg",80,80,true],"medium":["https:\/\/digidem-bayern.de\/wp-content\/uploads\/2025\/11\/02-Einflussfaktoren-Belastung-shutterstock_388567321-300x200.jpg",300,200,true],"medium_large":["https:\/\/digidem-bayern.de\/wp-content\/uploads\/2025\/11\/02-Einflussfaktoren-Belastung-shutterstock_388567321-768x512.jpg",768,512,true],"large":["https:\/\/digidem-bayern.de\/wp-content\/uploads\/2025\/11\/02-Einflussfaktoren-Belastung-shutterstock_388567321.jpg",1000,667,false],"1536x1536":["https:\/\/digidem-bayern.de\/wp-content\/uploads\/2025\/11\/02-Einflussfaktoren-Belastung-shutterstock_388567321.jpg",1000,667,false],"2048x2048":["https:\/\/digidem-bayern.de\/wp-content\/uploads\/2025\/11\/02-Einflussfaktoren-Belastung-shutterstock_388567321.jpg",1000,667,false],"trp-custom-language-flag":["https:\/\/digidem-bayern.de\/wp-content\/uploads\/2025\/11\/02-Einflussfaktoren-Belastung-shutterstock_388567321.jpg",18,12,false],"qubely_landscape":["https:\/\/digidem-bayern.de\/wp-content\/uploads\/2025\/11\/02-Einflussfaktoren-Belastung-shutterstock_388567321.jpg",1000,667,false],"qubely_portrait":["https:\/\/digidem-bayern.de\/wp-content\/uploads\/2025\/11\/02-Einflussfaktoren-Belastung-shutterstock_388567321-540x320.jpg",540,320,true],"qubely_thumbnail":["https:\/\/digidem-bayern.de\/wp-content\/uploads\/2025\/11\/02-Einflussfaktoren-Belastung-shutterstock_388567321-140x100.jpg",140,100,true],"post-thumbnail":["https:\/\/digidem-bayern.de\/wp-content\/uploads\/2025\/11\/02-Einflussfaktoren-Belastung-shutterstock_388567321-525x350.jpg",525,350,true],"kahuna-featured":["https:\/\/digidem-bayern.de\/wp-content\/uploads\/2025\/11\/02-Einflussfaktoren-Belastung-shutterstock_388567321-734x350.jpg",734,350,true],"kahuna-featured-lp":["https:\/\/digidem-bayern.de\/wp-content\/uploads\/2025\/11\/02-Einflussfaktoren-Belastung-shutterstock_388567321-520x350.jpg",520,350,true],"kahuna-featured-half":["https:\/\/digidem-bayern.de\/wp-content\/uploads\/2025\/11\/02-Einflussfaktoren-Belastung-shutterstock_388567321-800x350.jpg",800,350,true],"kahuna-featured-third":["https:\/\/digidem-bayern.de\/wp-content\/uploads\/2025\/11\/02-Einflussfaktoren-Belastung-shutterstock_388567321-512x350.jpg",512,350,true],"kahuna-lpbox-1":["https:\/\/digidem-bayern.de\/wp-content\/uploads\/2025\/11\/02-Einflussfaktoren-Belastung-shutterstock_388567321-520x300.jpg",520,300,true],"kahuna-lpbox-2":["https:\/\/digidem-bayern.de\/wp-content\/uploads\/2025\/11\/02-Einflussfaktoren-Belastung-shutterstock_388567321-520x350.jpg",520,350,true],"demand-language-flag":["https:\/\/digidem-bayern.de\/wp-content\/uploads\/2025\/11\/02-Einflussfaktoren-Belastung-shutterstock_388567321-36x36.jpg",36,36,true],"dddkt-language-flag":["https:\/\/digidem-bayern.de\/wp-content\/uploads\/2025\/11\/02-Einflussfaktoren-Belastung-shutterstock_388567321-36x36.jpg",36,36,true],"ddiqc-language-flag":["https:\/\/digidem-bayern.de\/wp-content\/uploads\/2025\/11\/02-Einflussfaktoren-Belastung-shutterstock_388567321-36x36.jpg",36,36,true],"ddtl-language-flag":["https:\/\/digidem-bayern.de\/wp-content\/uploads\/2025\/11\/02-Einflussfaktoren-Belastung-shutterstock_388567321-36x36.jpg",36,36,true],"mailpoet_newsletter_max":["https:\/\/digidem-bayern.de\/wp-content\/uploads\/2025\/11\/02-Einflussfaktoren-Belastung-shutterstock_388567321.jpg",1000,667,false],"kahuna-lpbox-3":["https:\/\/digidem-bayern.de\/wp-content\/uploads\/2025\/11\/02-Einflussfaktoren-Belastung-shutterstock_388567321-520x350.jpg",520,350,true],"kahuna-featured-square":["https:\/\/digidem-bayern.de\/wp-content\/uploads\/2025\/11\/02-Einflussfaktoren-Belastung-shutterstock_388567321-512x512.jpg",512,512,true],"kahuna-featured-square-large":["https:\/\/digidem-bayern.de\/wp-content\/uploads\/2025\/11\/02-Einflussfaktoren-Belastung-shutterstock_388567321.jpg",1000,667,false]},"post_excerpt_stackable_v2":"<p>Forschende aus Korea haben Faktoren identifiziert, die die Belastung von pflegenden An- und Zugeh\u00f6rigen beeinflussen. Eine wichtige Rolle spielt das Zusammenwirken von biologischen, psychologischen und sozialen Merkmalen. Meist st\u00fctzen Forschende sich auf subjektive Berichte von pflegenden An- und Zugeh\u00f6rigen von Menschen mit Demenz, wenn sie deren empfundene Belastung, die durch die Pfleget\u00e4tigkeit entsteht, erforschen m\u00f6chten. Die Erfassung physiologischer Merkmale wie zum Beispiel genetische Veranlagung, Geschlecht und Alter ist dabei meist nicht ber\u00fccksichtigt. Foto: Shutterstock Ziel einer im Oktober 2025 publizierten Studie aus Korea war es deshalb, Faktoren zu identifizieren, die die Belastung von pflegenden An- und Zugeh\u00f6rigen beeinflussen &#8211; unter&hellip;<\/p>\n","category_list_v2":"<a href=\"https:\/\/digidem-bayern.de\/en\/category\/aktuelles-zu-digidem\/\" rel=\"category tag\">Aktuelles zu digiDEM<\/a>, <a href=\"https:\/\/digidem-bayern.de\/en\/category\/wissenschaft-forschung\/\" rel=\"category tag\">Wissenschaft &amp; Forschung<\/a>","author_info_v2":{"name":"Ilona H\u00f6rath","url":"https:\/\/digidem-bayern.de\/en\/author\/hoeratia\/"},"comments_num_v2":"0 comments","yoast_head":"<!-- This site is optimized with the Yoast SEO plugin v27.4 - https:\/\/yoast.com\/product\/yoast-seo-wordpress\/ -->\n<title>Einflussfaktoren auf die Pflegebelastung\u00a0\u00a0 - digiDEM Bayern<\/title>\n<meta name=\"description\" content=\"Der Bayerische Landesapothekerkammer unterst\u00fctzt digiDEM Bayern mit Hilfe des Netzwerks &quot;Demenzfreundliche Apotheken&quot;.\" \/>\n<meta name=\"robots\" content=\"index, follow, max-snippet:-1, max-image-preview:large, max-video-preview:-1\" \/>\n<link rel=\"canonical\" href=\"https:\/\/digidem-bayern.de\/en\/einflussfaktoren-auf-die-pflegebelastung\/\" \/>\n<meta property=\"og:locale\" content=\"en_US\" \/>\n<meta property=\"og:type\" content=\"article\" \/>\n<meta property=\"og:title\" content=\"Einflussfaktoren auf die Pflegebelastung\u00a0\u00a0 - digiDEM Bayern\" \/>\n<meta property=\"og:description\" content=\"Der Bayerische Landesapothekerkammer unterst\u00fctzt digiDEM Bayern mit Hilfe des Netzwerks &quot;Demenzfreundliche Apotheken&quot;.\" \/>\n<meta property=\"og:url\" content=\"https:\/\/digidem-bayern.de\/en\/einflussfaktoren-auf-die-pflegebelastung\/\" \/>\n<meta property=\"og:site_name\" content=\"digiDEM Bayern\" \/>\n<meta property=\"article:publisher\" content=\"https:\/\/www.facebook.com\/digiDEMBayern\/\" \/>\n<meta property=\"article:published_time\" content=\"2025-11-27T11:33:00+00:00\" \/>\n<meta property=\"article:modified_time\" content=\"2025-11-27T11:51:03+00:00\" \/>\n<meta property=\"og:image\" content=\"https:\/\/digidem-bayern.de\/wp-content\/uploads\/2025\/11\/02-Einflussfaktoren-Belastung-shutterstock_388567321.jpg\" \/>\n\t<meta property=\"og:image:width\" content=\"1000\" \/>\n\t<meta property=\"og:image:height\" content=\"667\" \/>\n\t<meta property=\"og:image:type\" content=\"image\/jpeg\" \/>\n<meta name=\"author\" content=\"Ilona H\u00f6rath\" \/>\n<meta name=\"twitter:label1\" content=\"Written by\" \/>\n\t<meta name=\"twitter:data1\" content=\"Ilona H\u00f6rath\" \/>\n\t<meta name=\"twitter:label2\" content=\"Est. reading time\" \/>\n\t<meta name=\"twitter:data2\" content=\"2 minutes\" \/>\n<script type=\"application\/ld+json\" class=\"yoast-schema-graph\">{\"@context\":\"https:\\\/\\\/schema.org\",\"@graph\":[{\"@type\":\"Article\",\"@id\":\"https:\\\/\\\/digidem-bayern.de\\\/einflussfaktoren-auf-die-pflegebelastung\\\/#article\",\"isPartOf\":{\"@id\":\"https:\\\/\\\/digidem-bayern.de\\\/einflussfaktoren-auf-die-pflegebelastung\\\/\"},\"author\":{\"name\":\"Ilona H\u00f6rath\",\"@id\":\"\\\/#\\\/schema\\\/person\\\/0bc1494f46fc2a051c761322a80e0941\"},\"headline\":\"Einflussfaktoren auf die Pflegebelastung\u00a0\u00a0\",\"datePublished\":\"2025-11-27T11:33:00+00:00\",\"dateModified\":\"2025-11-27T11:51:03+00:00\",\"mainEntityOfPage\":{\"@id\":\"https:\\\/\\\/digidem-bayern.de\\\/einflussfaktoren-auf-die-pflegebelastung\\\/\"},\"wordCount\":474,\"commentCount\":0,\"publisher\":{\"@id\":\"\\\/#organization\"},\"image\":{\"@id\":\"https:\\\/\\\/digidem-bayern.de\\\/einflussfaktoren-auf-die-pflegebelastung\\\/#primaryimage\"},\"thumbnailUrl\":\"https:\\\/\\\/digidem-bayern.de\\\/wp-content\\\/uploads\\\/2025\\\/11\\\/02-Einflussfaktoren-Belastung-shutterstock_388567321.jpg\",\"keywords\":[\"Alzheimer\",\"Alzheimer-Demenz\",\"Angst\",\"Aspartam\",\"Beratungsangebote\",\"Demenz\",\"Demenz-Fr\u00fcherkennung\",\"Demenzdiagnose\",\"Demenzrisiko\",\"Depression\",\"digidem\",\"digidem Bayern\",\"digiDEM Bayern DEMAND\",\"Digitales Demenzregister Bayern\",\"Entlastung\",\"Fragebogen\",\"Menschen mit Demenz\",\"Pflegebelastung\",\"pflegende Angeh\u00f6rige\",\"Pr\u00e4vention\",\"Unterst\u00fctzungsangebote\",\"Versorgungsbedarf\"],\"articleSection\":[\"Aktuelles zu digiDEM\",\"Wissenschaft &amp; Forschung\"],\"inLanguage\":\"en-US\",\"potentialAction\":[{\"@type\":\"CommentAction\",\"name\":\"Comment\",\"target\":[\"https:\\\/\\\/digidem-bayern.de\\\/einflussfaktoren-auf-die-pflegebelastung\\\/#respond\"]}]},{\"@type\":\"WebPage\",\"@id\":\"https:\\\/\\\/digidem-bayern.de\\\/einflussfaktoren-auf-die-pflegebelastung\\\/\",\"url\":\"https:\\\/\\\/digidem-bayern.de\\\/einflussfaktoren-auf-die-pflegebelastung\\\/\",\"name\":\"Einflussfaktoren auf die Pflegebelastung\u00a0\u00a0 - digiDEM Bayern\",\"isPartOf\":{\"@id\":\"\\\/#website\"},\"primaryImageOfPage\":{\"@id\":\"https:\\\/\\\/digidem-bayern.de\\\/einflussfaktoren-auf-die-pflegebelastung\\\/#primaryimage\"},\"image\":{\"@id\":\"https:\\\/\\\/digidem-bayern.de\\\/einflussfaktoren-auf-die-pflegebelastung\\\/#primaryimage\"},\"thumbnailUrl\":\"https:\\\/\\\/digidem-bayern.de\\\/wp-content\\\/uploads\\\/2025\\\/11\\\/02-Einflussfaktoren-Belastung-shutterstock_388567321.jpg\",\"datePublished\":\"2025-11-27T11:33:00+00:00\",\"dateModified\":\"2025-11-27T11:51:03+00:00\",\"description\":\"Der Bayerische Landesapothekerkammer unterst\u00fctzt digiDEM Bayern mit Hilfe des Netzwerks \\\"Demenzfreundliche Apotheken\\\".\",\"breadcrumb\":{\"@id\":\"https:\\\/\\\/digidem-bayern.de\\\/einflussfaktoren-auf-die-pflegebelastung\\\/#breadcrumb\"},\"inLanguage\":\"en-US\",\"potentialAction\":[{\"@type\":\"ReadAction\",\"target\":[\"https:\\\/\\\/digidem-bayern.de\\\/einflussfaktoren-auf-die-pflegebelastung\\\/\"]}]},{\"@type\":\"ImageObject\",\"inLanguage\":\"en-US\",\"@id\":\"https:\\\/\\\/digidem-bayern.de\\\/einflussfaktoren-auf-die-pflegebelastung\\\/#primaryimage\",\"url\":\"https:\\\/\\\/digidem-bayern.de\\\/wp-content\\\/uploads\\\/2025\\\/11\\\/02-Einflussfaktoren-Belastung-shutterstock_388567321.jpg\",\"contentUrl\":\"https:\\\/\\\/digidem-bayern.de\\\/wp-content\\\/uploads\\\/2025\\\/11\\\/02-Einflussfaktoren-Belastung-shutterstock_388567321.jpg\",\"width\":1000,\"height\":667,\"caption\":\"Foto: Shutterstock\"},{\"@type\":\"BreadcrumbList\",\"@id\":\"https:\\\/\\\/digidem-bayern.de\\\/einflussfaktoren-auf-die-pflegebelastung\\\/#breadcrumb\",\"itemListElement\":[{\"@type\":\"ListItem\",\"position\":1,\"name\":\"Startseite\",\"item\":\"https:\\\/\\\/digidem-bayern.de\\\/\"},{\"@type\":\"ListItem\",\"position\":2,\"name\":\"Einflussfaktoren auf die Pflegebelastung\u00a0\u00a0\"}]},{\"@type\":\"WebSite\",\"@id\":\"\\\/#website\",\"url\":\"\\\/\",\"name\":\"digiDEM Bayern\",\"description\":\"Das digitale Demenzregister Bayern erforscht und verbessert die Angebotsstuktur f\u00fcr Menschen mit Demenz und deren Angeh\u00f6rige\",\"publisher\":{\"@id\":\"\\\/#organization\"},\"potentialAction\":[{\"@type\":\"SearchAction\",\"target\":{\"@type\":\"EntryPoint\",\"urlTemplate\":\"\\\/?s={search_term_string}\"},\"query-input\":{\"@type\":\"PropertyValueSpecification\",\"valueRequired\":true,\"valueName\":\"search_term_string\"}}],\"inLanguage\":\"en-US\"},{\"@type\":\"Organization\",\"@id\":\"\\\/#organization\",\"name\":\"digiDEM Bayern\",\"url\":\"\\\/\",\"logo\":{\"@type\":\"ImageObject\",\"inLanguage\":\"en-US\",\"@id\":\"\\\/#\\\/schema\\\/logo\\\/image\\\/\",\"url\":\"https:\\\/\\\/digidem-bayern.de\\\/wp-content\\\/uploads\\\/2022\\\/03\\\/cropped-Allgemeines_digiDEMLOGO-removebg-preview.png\",\"contentUrl\":\"https:\\\/\\\/digidem-bayern.de\\\/wp-content\\\/uploads\\\/2022\\\/03\\\/cropped-Allgemeines_digiDEMLOGO-removebg-preview.png\",\"width\":612,\"height\":357,\"caption\":\"digiDEM Bayern\"},\"image\":{\"@id\":\"\\\/#\\\/schema\\\/logo\\\/image\\\/\"},\"sameAs\":[\"https:\\\/\\\/www.facebook.com\\\/digiDEMBayern\\\/\",\"https:\\\/\\\/x.com\\\/digidem_bayern\",\"https:\\\/\\\/www.instagram.com\\\/digidem.bayern\",\"https:\\\/\\\/www.linkedin.com\\\/company\\\/digidem-bayern\\\/\"]},{\"@type\":\"Person\",\"@id\":\"\\\/#\\\/schema\\\/person\\\/0bc1494f46fc2a051c761322a80e0941\",\"name\":\"Ilona H\u00f6rath\",\"url\":\"https:\\\/\\\/digidem-bayern.de\\\/en\\\/author\\\/hoeratia\\\/\"}]}<\/script>\n<!-- \/ Yoast SEO plugin. -->","yoast_head_json":{"title":"Einflussfaktoren auf die Pflegebelastung\u00a0\u00a0 - digiDEM Bayern","description":"Der Bayerische Landesapothekerkammer unterst\u00fctzt digiDEM Bayern mit Hilfe des Netzwerks \"Demenzfreundliche Apotheken\".","robots":{"index":"index","follow":"follow","max-snippet":"max-snippet:-1","max-image-preview":"max-image-preview:large","max-video-preview":"max-video-preview:-1"},"canonical":"https:\/\/digidem-bayern.de\/en\/einflussfaktoren-auf-die-pflegebelastung\/","og_locale":"en_US","og_type":"article","og_title":"Einflussfaktoren auf die Pflegebelastung\u00a0\u00a0 - digiDEM Bayern","og_description":"Der Bayerische Landesapothekerkammer unterst\u00fctzt digiDEM Bayern mit Hilfe des Netzwerks \"Demenzfreundliche Apotheken\".","og_url":"https:\/\/digidem-bayern.de\/en\/einflussfaktoren-auf-die-pflegebelastung\/","og_site_name":"digiDEM Bayern","article_publisher":"https:\/\/www.facebook.com\/digiDEMBayern\/","article_published_time":"2025-11-27T11:33:00+00:00","article_modified_time":"2025-11-27T11:51:03+00:00","og_image":[{"width":1000,"height":667,"url":"https:\/\/digidem-bayern.de\/wp-content\/uploads\/2025\/11\/02-Einflussfaktoren-Belastung-shutterstock_388567321.jpg","type":"image\/jpeg"}],"author":"Ilona H\u00f6rath","twitter_misc":{"Written by":"Ilona H\u00f6rath","Est. reading time":"2 minutes"},"schema":{"@context":"https:\/\/schema.org","@graph":[{"@type":"Article","@id":"https:\/\/digidem-bayern.de\/einflussfaktoren-auf-die-pflegebelastung\/#article","isPartOf":{"@id":"https:\/\/digidem-bayern.de\/einflussfaktoren-auf-die-pflegebelastung\/"},"author":{"name":"Ilona H\u00f6rath","@id":"\/#\/schema\/person\/0bc1494f46fc2a051c761322a80e0941"},"headline":"Einflussfaktoren auf die Pflegebelastung\u00a0\u00a0","datePublished":"2025-11-27T11:33:00+00:00","dateModified":"2025-11-27T11:51:03+00:00","mainEntityOfPage":{"@id":"https:\/\/digidem-bayern.de\/einflussfaktoren-auf-die-pflegebelastung\/"},"wordCount":474,"commentCount":0,"publisher":{"@id":"\/#organization"},"image":{"@id":"https:\/\/digidem-bayern.de\/einflussfaktoren-auf-die-pflegebelastung\/#primaryimage"},"thumbnailUrl":"https:\/\/digidem-bayern.de\/wp-content\/uploads\/2025\/11\/02-Einflussfaktoren-Belastung-shutterstock_388567321.jpg","keywords":["Alzheimer","Alzheimer-Demenz","Angst","Aspartam","Beratungsangebote","Demenz","Demenz-Fr\u00fcherkennung","Demenzdiagnose","Demenzrisiko","Depression","digidem","digidem Bayern","digiDEM Bayern DEMAND","Digitales Demenzregister Bayern","Entlastung","Fragebogen","Menschen mit Demenz","Pflegebelastung","pflegende Angeh\u00f6rige","Pr\u00e4vention","Unterst\u00fctzungsangebote","Versorgungsbedarf"],"articleSection":["Aktuelles zu digiDEM","Wissenschaft &amp; Forschung"],"inLanguage":"en-US","potentialAction":[{"@type":"CommentAction","name":"Comment","target":["https:\/\/digidem-bayern.de\/einflussfaktoren-auf-die-pflegebelastung\/#respond"]}]},{"@type":"WebPage","@id":"https:\/\/digidem-bayern.de\/einflussfaktoren-auf-die-pflegebelastung\/","url":"https:\/\/digidem-bayern.de\/einflussfaktoren-auf-die-pflegebelastung\/","name":"Einflussfaktoren auf die Pflegebelastung\u00a0\u00a0 - digiDEM Bayern","isPartOf":{"@id":"\/#website"},"primaryImageOfPage":{"@id":"https:\/\/digidem-bayern.de\/einflussfaktoren-auf-die-pflegebelastung\/#primaryimage"},"image":{"@id":"https:\/\/digidem-bayern.de\/einflussfaktoren-auf-die-pflegebelastung\/#primaryimage"},"thumbnailUrl":"https:\/\/digidem-bayern.de\/wp-content\/uploads\/2025\/11\/02-Einflussfaktoren-Belastung-shutterstock_388567321.jpg","datePublished":"2025-11-27T11:33:00+00:00","dateModified":"2025-11-27T11:51:03+00:00","description":"Der Bayerische Landesapothekerkammer unterst\u00fctzt digiDEM Bayern mit Hilfe des Netzwerks \"Demenzfreundliche Apotheken\".","breadcrumb":{"@id":"https:\/\/digidem-bayern.de\/einflussfaktoren-auf-die-pflegebelastung\/#breadcrumb"},"inLanguage":"en-US","potentialAction":[{"@type":"ReadAction","target":["https:\/\/digidem-bayern.de\/einflussfaktoren-auf-die-pflegebelastung\/"]}]},{"@type":"ImageObject","inLanguage":"en-US","@id":"https:\/\/digidem-bayern.de\/einflussfaktoren-auf-die-pflegebelastung\/#primaryimage","url":"https:\/\/digidem-bayern.de\/wp-content\/uploads\/2025\/11\/02-Einflussfaktoren-Belastung-shutterstock_388567321.jpg","contentUrl":"https:\/\/digidem-bayern.de\/wp-content\/uploads\/2025\/11\/02-Einflussfaktoren-Belastung-shutterstock_388567321.jpg","width":1000,"height":667,"caption":"Foto: Shutterstock"},{"@type":"BreadcrumbList","@id":"https:\/\/digidem-bayern.de\/einflussfaktoren-auf-die-pflegebelastung\/#breadcrumb","itemListElement":[{"@type":"ListItem","position":1,"name":"Startseite","item":"https:\/\/digidem-bayern.de\/"},{"@type":"ListItem","position":2,"name":"Einflussfaktoren auf die Pflegebelastung\u00a0\u00a0"}]},{"@type":"WebSite","@id":"\/#website","url":"\/","name":"digiDEM Bavaria","description":"The digital dementia register in Bavaria researches and improves the structure of services for people with dementia and their relatives","publisher":{"@id":"\/#organization"},"potentialAction":[{"@type":"SearchAction","target":{"@type":"EntryPoint","urlTemplate":"\/?s={search_term_string}"},"query-input":{"@type":"PropertyValueSpecification","valueRequired":true,"valueName":"search_term_string"}}],"inLanguage":"en-US"},{"@type":"Organization","@id":"\/#organization","name":"digiDEM Bavaria","url":"\/","logo":{"@type":"ImageObject","inLanguage":"en-US","@id":"\/#\/schema\/logo\/image\/","url":"https:\/\/digidem-bayern.de\/wp-content\/uploads\/2022\/03\/cropped-Allgemeines_digiDEMLOGO-removebg-preview.png","contentUrl":"https:\/\/digidem-bayern.de\/wp-content\/uploads\/2022\/03\/cropped-Allgemeines_digiDEMLOGO-removebg-preview.png","width":612,"height":357,"caption":"digiDEM Bayern"},"image":{"@id":"\/#\/schema\/logo\/image\/"},"sameAs":["https:\/\/www.facebook.com\/digiDEMBayern\/","https:\/\/x.com\/digidem_bayern","https:\/\/www.instagram.com\/digidem.bayern","https:\/\/www.linkedin.com\/company\/digidem-bayern\/"]},{"@type":"Person","@id":"\/#\/schema\/person\/0bc1494f46fc2a051c761322a80e0941","name":"Ilona H\u00f6rath","url":"https:\/\/digidem-bayern.de\/en\/author\/hoeratia\/"}]}},"uagb_featured_image_src":{"full":["https:\/\/digidem-bayern.de\/wp-content\/uploads\/2025\/11\/02-Einflussfaktoren-Belastung-shutterstock_388567321.jpg",1000,667,false],"thumbnail":["https:\/\/digidem-bayern.de\/wp-content\/uploads\/2025\/11\/02-Einflussfaktoren-Belastung-shutterstock_388567321-80x80.jpg",80,80,true],"medium":["https:\/\/digidem-bayern.de\/wp-content\/uploads\/2025\/11\/02-Einflussfaktoren-Belastung-shutterstock_388567321-300x200.jpg",300,200,true],"medium_large":["https:\/\/digidem-bayern.de\/wp-content\/uploads\/2025\/11\/02-Einflussfaktoren-Belastung-shutterstock_388567321-768x512.jpg",768,512,true],"large":["https:\/\/digidem-bayern.de\/wp-content\/uploads\/2025\/11\/02-Einflussfaktoren-Belastung-shutterstock_388567321.jpg",1000,667,false],"1536x1536":["https:\/\/digidem-bayern.de\/wp-content\/uploads\/2025\/11\/02-Einflussfaktoren-Belastung-shutterstock_388567321.jpg",1000,667,false],"2048x2048":["https:\/\/digidem-bayern.de\/wp-content\/uploads\/2025\/11\/02-Einflussfaktoren-Belastung-shutterstock_388567321.jpg",1000,667,false],"trp-custom-language-flag":["https:\/\/digidem-bayern.de\/wp-content\/uploads\/2025\/11\/02-Einflussfaktoren-Belastung-shutterstock_388567321.jpg",18,12,false],"qubely_landscape":["https:\/\/digidem-bayern.de\/wp-content\/uploads\/2025\/11\/02-Einflussfaktoren-Belastung-shutterstock_388567321.jpg",1000,667,false],"qubely_portrait":["https:\/\/digidem-bayern.de\/wp-content\/uploads\/2025\/11\/02-Einflussfaktoren-Belastung-shutterstock_388567321-540x320.jpg",540,320,true],"qubely_thumbnail":["https:\/\/digidem-bayern.de\/wp-content\/uploads\/2025\/11\/02-Einflussfaktoren-Belastung-shutterstock_388567321-140x100.jpg",140,100,true],"post-thumbnail":["https:\/\/digidem-bayern.de\/wp-content\/uploads\/2025\/11\/02-Einflussfaktoren-Belastung-shutterstock_388567321-525x350.jpg",525,350,true],"kahuna-featured":["https:\/\/digidem-bayern.de\/wp-content\/uploads\/2025\/11\/02-Einflussfaktoren-Belastung-shutterstock_388567321-734x350.jpg",734,350,true],"kahuna-featured-lp":["https:\/\/digidem-bayern.de\/wp-content\/uploads\/2025\/11\/02-Einflussfaktoren-Belastung-shutterstock_388567321-520x350.jpg",520,350,true],"kahuna-featured-half":["https:\/\/digidem-bayern.de\/wp-content\/uploads\/2025\/11\/02-Einflussfaktoren-Belastung-shutterstock_388567321-800x350.jpg",800,350,true],"kahuna-featured-third":["https:\/\/digidem-bayern.de\/wp-content\/uploads\/2025\/11\/02-Einflussfaktoren-Belastung-shutterstock_388567321-512x350.jpg",512,350,true],"kahuna-lpbox-1":["https:\/\/digidem-bayern.de\/wp-content\/uploads\/2025\/11\/02-Einflussfaktoren-Belastung-shutterstock_388567321-520x300.jpg",520,300,true],"kahuna-lpbox-2":["https:\/\/digidem-bayern.de\/wp-content\/uploads\/2025\/11\/02-Einflussfaktoren-Belastung-shutterstock_388567321-520x350.jpg",520,350,true],"demand-language-flag":["https:\/\/digidem-bayern.de\/wp-content\/uploads\/2025\/11\/02-Einflussfaktoren-Belastung-shutterstock_388567321-36x36.jpg",36,36,true],"dddkt-language-flag":["https:\/\/digidem-bayern.de\/wp-content\/uploads\/2025\/11\/02-Einflussfaktoren-Belastung-shutterstock_388567321-36x36.jpg",36,36,true],"ddiqc-language-flag":["https:\/\/digidem-bayern.de\/wp-content\/uploads\/2025\/11\/02-Einflussfaktoren-Belastung-shutterstock_388567321-36x36.jpg",36,36,true],"ddtl-language-flag":["https:\/\/digidem-bayern.de\/wp-content\/uploads\/2025\/11\/02-Einflussfaktoren-Belastung-shutterstock_388567321-36x36.jpg",36,36,true],"mailpoet_newsletter_max":["https:\/\/digidem-bayern.de\/wp-content\/uploads\/2025\/11\/02-Einflussfaktoren-Belastung-shutterstock_388567321.jpg",1000,667,false],"kahuna-lpbox-3":["https:\/\/digidem-bayern.de\/wp-content\/uploads\/2025\/11\/02-Einflussfaktoren-Belastung-shutterstock_388567321-520x350.jpg",520,350,true],"kahuna-featured-square":["https:\/\/digidem-bayern.de\/wp-content\/uploads\/2025\/11\/02-Einflussfaktoren-Belastung-shutterstock_388567321-512x512.jpg",512,512,true],"kahuna-featured-square-large":["https:\/\/digidem-bayern.de\/wp-content\/uploads\/2025\/11\/02-Einflussfaktoren-Belastung-shutterstock_388567321.jpg",1000,667,false]},"uagb_author_info":{"display_name":"Ilona H\u00f6rath","author_link":"https:\/\/digidem-bayern.de\/en\/author\/hoeratia\/"},"uagb_comment_info":0,"uagb_excerpt":"Forschende aus Korea haben Faktoren identifiziert, die die Belastung von pflegenden An- und Zugeh\u00f6rigen beeinflussen. Eine wichtige Rolle spielt das Zusammenwirken von biologischen, psychologischen und sozialen Merkmalen. Meist st\u00fctzen Forschende sich auf subjektive Berichte von pflegenden An- und Zugeh\u00f6rigen von Menschen mit Demenz, wenn sie deren empfundene Belastung, die durch &hellip;","_links":{"self":[{"href":"https:\/\/digidem-bayern.de\/en\/wp-json\/wp\/v2\/posts\/46806","targetHints":{"allow":["GET"]}}],"collection":[{"href":"https:\/\/digidem-bayern.de\/en\/wp-json\/wp\/v2\/posts"}],"about":[{"href":"https:\/\/digidem-bayern.de\/en\/wp-json\/wp\/v2\/types\/post"}],"author":[{"embeddable":true,"href":"https:\/\/digidem-bayern.de\/en\/wp-json\/wp\/v2\/users\/12"}],"replies":[{"embeddable":true,"href":"https:\/\/digidem-bayern.de\/en\/wp-json\/wp\/v2\/comments?post=46806"}],"version-history":[{"count":3,"href":"https:\/\/digidem-bayern.de\/en\/wp-json\/wp\/v2\/posts\/46806\/revisions"}],"predecessor-version":[{"id":46929,"href":"https:\/\/digidem-bayern.de\/en\/wp-json\/wp\/v2\/posts\/46806\/revisions\/46929"}],"wp:featuredmedia":[{"embeddable":true,"href":"https:\/\/digidem-bayern.de\/en\/wp-json\/wp\/v2\/media\/46810"}],"wp:attachment":[{"href":"https:\/\/digidem-bayern.de\/en\/wp-json\/wp\/v2\/media?parent=46806"}],"wp:term":[{"taxonomy":"category","embeddable":true,"href":"https:\/\/digidem-bayern.de\/en\/wp-json\/wp\/v2\/categories?post=46806"},{"taxonomy":"post_tag","embeddable":true,"href":"https:\/\/digidem-bayern.de\/en\/wp-json\/wp\/v2\/tags?post=46806"}],"curies":[{"name":"wp","href":"https:\/\/api.w.org\/{rel}","templated":true}]}}