{"id":46780,"date":"2025-09-23T12:28:41","date_gmt":"2025-09-23T10:28:41","guid":{"rendered":"https:\/\/digidem-bayern.de\/?p=46780"},"modified":"2025-11-24T12:32:07","modified_gmt":"2025-11-24T11:32:07","slug":"app-zum-screening-kognitiver-beeintraechtigungen-ein-vergleich-von-cerad-und-digidem-screen","status":"publish","type":"post","link":"https:\/\/digidem-bayern.de\/en\/app-zum-screening-kognitiver-beeintraechtigungen-ein-vergleich-von-cerad-und-digidem-screen\/","title":{"rendered":"App zum Screening kognitiver Beeintr\u00e4chtigungen \u2013 Ein Vergleich von CERAD und digiDEM-SCREEN"},"content":{"rendered":"\n<p><strong>Hintergrund<\/strong>: Demenzerkrankungen z\u00e4hlen weltweit zu den h\u00e4ufigsten neurologischen Erkrankungen und stellen eine bedeutende Herausforderung f\u00fcr das Gesundheitswesen dar. Die Diagnose dieser Erkrankungen erfolgt jedoch oft erst in fortgeschrittenen Stadien. Ein gezieltes Screening per App k\u00f6nnte eine wirksame Strategie darstellen, um kognitive Beeintr\u00e4chtigungen fr\u00fchzeitig zu entdecken, so dass eine weiterf\u00fchrende Diagnostik und Behandlung rechtzeitig eingeleitet und eine gesundheitliche Versorgungssorgeplanung erfolgen werden kann [1].<\/p>\n\n\n\n<p><strong>Zielsetzung<\/strong>: Ziel dieser Studie ist es, einzelne digitale und analoge Subtestungen miteinander zu vergleichen. Dies soll die Validit\u00e4t von digiDEM-SCREEN im Vergleich zu etablierten Testverfahren weiter untersuchen und m\u00f6gliche Unterschiede oder \u00dcbereinstimmungen in der Aussagekraft aufzeigen<\/p>\n\n\n\n<p><strong>Methode<\/strong>: Bei der Studie handelt es sich um eine multizentrische Querschnittsstudie in Bayern. Die Teilnehmenden sind Menschen mit leichten kognitiven Einschr\u00e4nkungen (MCI), Menschen mit leichter bis moderater Demenz und kognitiv gesunde Menschen. Alle Tests werden dabei innerhalb einer Visite und in randomisierter Reihenfolge durchgef\u00fchrt. Zur Validierung wurde die App digiDEM SCREEN mit der CERAD Testbatterie verglichen. Die demenzspezifische neuropsychologische Testbatterie CERAD (Consortium to Establish a Registry for Alzheimer\u2019s Disease) ist ein etabliertes Instrument zur Beurteilung der kognitiven Leistung. digiDEM\u2011SCREEN ist eine neu entwickelte App, die als digitaler, orientierender Kurztest dient und \u00e4hnliche kognitive Bereiche untersucht [2]. Der Zusammenhang zwischen den Ergebnissen der eingesetzten Instrumente wird mittels des Pearson-Korrelationskoeffizient berechnet. Im Detail werden Trail Making Test A und B, Figuren Abzeichnen und Wortliste wiedererkennen und die jeweiligen digitalen Pendants betrachtet.<\/p>\n\n\n\n<p><strong>Ausblick: <\/strong>Diese Studie zielt darauf ab, das Potenzial eines digitalen kognitiven Kurztests zu validieren und dessen Relevanz f\u00fcr die praktische Anwendung zu verst\u00e4rken. Der Vergleich der Einzelwerte beider Instrumente wird eine fundierte Grundlage f\u00fcr die zuk\u00fcnftige Integration digitaler Methoden in die routinem\u00e4\u00dfige kognitive Diagnostik liefern.<\/p>\n\n\n\n<p><strong>Literaturverzeichnis:<\/strong><\/p>\n\n\n\n<p><strong>1<\/strong> DGB e.V. &amp; GDPPN e.V. S3-Leitlinie Demenzen, Version 5.0 2025.<\/p>\n\n\n\n<p>https:\/\/register.awmf.org\/de\/leitlinien\/detail\/038-013 (letzter Zugriff: 14 M\u00e4rz 2025).<\/p>\n\n\n\n<p><strong>2<\/strong> Zeiler M, Dietzel N, Kammerer K, Frick U, Pryss R, Heuschmann P, Prokosch HU, Graessel E, Kolominsky-Rabas PL. Digital screening tool for the assessment of cognitive impairment in unsupervised setting-digiDEM-SCREEN: study protocol for a validation study. BMJ Open. 2025 Jan 11;15(1):e087256. doi: 10.1136\/bmjopen-2024-087256. PMID: 39800401.<\/p>\n\n\n\n<p><\/p>\n\n\n<a href=\"https:\/\/digidem-bayern.de\/wp-content\/uploads\/2025\/11\/2025-08-28_PPTX_DKVF_TMTVERGLEICH_FINAL.pdf\" class=\"pdfemb-viewer\" style=\"\" data-width=\"max\" data-height=\"max\" data-toolbar=\"bottom\" data-toolbar-fixed=\"off\">2025-08-28_PPTX_DKVF_TMTVERGLEICH_FINAL<\/a>\n\n\n<p><strong>Vortrag <\/strong>vorgestellt auf dem 24. Deutschen Kongress der Versorgungsforschung  am 23.09.2025<\/p>\n\n\n\n<p>Michael Zeiler<\/p>\n\n\n\n<p><\/p>\n","protected":false},"excerpt":{"rendered":"<p>Hintergrund: Demenzerkrankungen z\u00e4hlen weltweit zu den h\u00e4ufigsten neurologischen Erkrankungen und stellen eine bedeutende Herausforderung f\u00fcr das Gesundheitswesen dar. Die Diagnose dieser Erkrankungen erfolgt jedoch oft erst in fortgeschrittenen Stadien. Ein gezieltes Screening per App k\u00f6nnte eine wirksame Strategie darstellen, um kognitive Beeintr\u00e4chtigungen fr\u00fchzeitig zu entdecken, so dass eine weiterf\u00fchrende Diagnostik &hellip;<\/p>","protected":false},"author":7,"featured_media":0,"comment_status":"open","ping_status":"closed","sticky":false,"template":"","format":"standard","meta":{"qubely_global_settings":"","qubely_interactions":"","_uag_custom_page_level_css":"","footnotes":""},"categories":[780],"tags":[239,165,14,17,55,1699,781],"class_list":["post-46780","post","type-post","status-publish","format-standard","hentry","category-kongressbeitraege","tag-app","tag-deutsche-alzheimer-gesellschaft","tag-digidem","tag-digidem-bayern","tag-digitales-demenzregister-bayern","tag-dkvf","tag-kongress"],"qubely_featured_image_url":null,"qubely_author":{"display_name":"Anne Keefer","author_link":"https:\/\/digidem-bayern.de\/en\/author\/ag-webinar\/"},"qubely_comment":0,"qubely_category":"<a href=\"https:\/\/digidem-bayern.de\/en\/category\/kongressbeitraege\/\" rel=\"category tag\">Kongressbeitr\u00e4ge<\/a>","qubely_excerpt":"Hintergrund: Demenzerkrankungen z\u00e4hlen weltweit zu den h\u00e4ufigsten neurologischen Erkrankungen und stellen eine bedeutende Herausforderung f\u00fcr das Gesundheitswesen dar. Die Diagnose dieser Erkrankungen erfolgt jedoch oft erst in fortgeschrittenen Stadien. Ein gezieltes Screening per App k\u00f6nnte eine wirksame Strategie darstellen, um kognitive Beeintr\u00e4chtigungen fr\u00fchzeitig zu entdecken, so dass eine weiterf\u00fchrende Diagnostik &hellip;","featured_image_urls_v2":{"full":"","thumbnail":"","medium":"","medium_large":"","large":"","1536x1536":"","2048x2048":"","trp-custom-language-flag":"","qubely_landscape":"","qubely_portrait":"","qubely_thumbnail":"","post-thumbnail":"","kahuna-featured":"","kahuna-featured-lp":"","kahuna-featured-half":"","kahuna-featured-third":"","kahuna-lpbox-1":"","kahuna-lpbox-2":"","demand-language-flag":"","dddkt-language-flag":"","ddiqc-language-flag":"","ddtl-language-flag":"","mailpoet_newsletter_max":"","kahuna-lpbox-3":"","kahuna-featured-square":"","kahuna-featured-square-large":""},"post_excerpt_stackable_v2":"<p>Hintergrund: Demenzerkrankungen z\u00e4hlen weltweit zu den h\u00e4ufigsten neurologischen Erkrankungen und stellen eine bedeutende Herausforderung f\u00fcr das Gesundheitswesen dar. Die Diagnose dieser Erkrankungen erfolgt jedoch oft erst in fortgeschrittenen Stadien. Ein gezieltes Screening per App k\u00f6nnte eine wirksame Strategie darstellen, um kognitive Beeintr\u00e4chtigungen fr\u00fchzeitig zu entdecken, so dass eine weiterf\u00fchrende Diagnostik und Behandlung rechtzeitig eingeleitet und eine gesundheitliche Versorgungssorgeplanung erfolgen werden kann [1]. Zielsetzung: Ziel dieser Studie ist es, einzelne digitale und analoge Subtestungen miteinander zu vergleichen. Dies soll die Validit\u00e4t von digiDEM-SCREEN im Vergleich zu etablierten Testverfahren weiter untersuchen und m\u00f6gliche Unterschiede oder \u00dcbereinstimmungen in der Aussagekraft aufzeigen Methode: Bei&hellip;<\/p>\n","category_list_v2":"<a href=\"https:\/\/digidem-bayern.de\/en\/category\/kongressbeitraege\/\" rel=\"category tag\">Kongressbeitr\u00e4ge<\/a>","author_info_v2":{"name":"Anne Keefer","url":"https:\/\/digidem-bayern.de\/en\/author\/ag-webinar\/"},"comments_num_v2":"0 comments","yoast_head":"<!-- This site is optimized with the Yoast SEO plugin v27.4 - https:\/\/yoast.com\/product\/yoast-seo-wordpress\/ -->\n<title>App zum Screening kognitiver Beeintr\u00e4chtigungen \u2013 Ein Vergleich von CERAD und digiDEM-SCREEN - digiDEM Bayern<\/title>\n<meta name=\"description\" content=\"Ziel des bayernweiten Projektes digiDEM ist die nachhaltige Verbesserung der Versorgungssituation von Menschen mit Demenz sowie deren pflegenden Angeh\u00f6rigen\" \/>\n<meta name=\"robots\" content=\"index, follow, max-snippet:-1, max-image-preview:large, max-video-preview:-1\" \/>\n<link rel=\"canonical\" href=\"https:\/\/digidem-bayern.de\/en\/app-zum-screening-kognitiver-beeintraechtigungen-ein-vergleich-von-cerad-und-digidem-screen\/\" \/>\n<meta property=\"og:locale\" content=\"en_US\" \/>\n<meta property=\"og:type\" content=\"article\" \/>\n<meta property=\"og:title\" content=\"App zum Screening kognitiver Beeintr\u00e4chtigungen \u2013 Ein Vergleich von CERAD und digiDEM-SCREEN - digiDEM Bayern\" \/>\n<meta property=\"og:description\" content=\"Ziel des bayernweiten Projektes digiDEM ist die nachhaltige Verbesserung der Versorgungssituation von Menschen mit Demenz sowie deren pflegenden Angeh\u00f6rigen\" \/>\n<meta property=\"og:url\" content=\"https:\/\/digidem-bayern.de\/en\/app-zum-screening-kognitiver-beeintraechtigungen-ein-vergleich-von-cerad-und-digidem-screen\/\" \/>\n<meta property=\"og:site_name\" content=\"digiDEM Bayern\" \/>\n<meta property=\"article:publisher\" content=\"https:\/\/www.facebook.com\/digiDEMBayern\/\" \/>\n<meta property=\"article:published_time\" content=\"2025-09-23T10:28:41+00:00\" \/>\n<meta property=\"article:modified_time\" content=\"2025-11-24T11:32:07+00:00\" \/>\n<meta property=\"og:image\" content=\"https:\/\/digidem-bayern.de\/wp-content\/uploads\/logo-digidem-digitales-demenzregister-bayern.jpg.png\" \/>\n\t<meta property=\"og:image:width\" content=\"340\" \/>\n\t<meta property=\"og:image:height\" content=\"200\" \/>\n\t<meta property=\"og:image:type\" content=\"image\/png\" \/>\n<meta name=\"author\" content=\"Anne Keefer\" \/>\n<meta name=\"twitter:label1\" content=\"Written by\" \/>\n\t<meta name=\"twitter:data1\" content=\"Anne Keefer\" \/>\n\t<meta name=\"twitter:label2\" content=\"Est. reading time\" \/>\n\t<meta name=\"twitter:data2\" content=\"2 minutes\" \/>\n<script type=\"application\/ld+json\" class=\"yoast-schema-graph\">{\"@context\":\"https:\\\/\\\/schema.org\",\"@graph\":[{\"@type\":\"Article\",\"@id\":\"https:\\\/\\\/digidem-bayern.de\\\/app-zum-screening-kognitiver-beeintraechtigungen-ein-vergleich-von-cerad-und-digidem-screen\\\/#article\",\"isPartOf\":{\"@id\":\"https:\\\/\\\/digidem-bayern.de\\\/app-zum-screening-kognitiver-beeintraechtigungen-ein-vergleich-von-cerad-und-digidem-screen\\\/\"},\"author\":{\"name\":\"Anne Keefer\",\"@id\":\"\\\/#\\\/schema\\\/person\\\/0e8781e0653d1a8e57ca55bd2c3cb01f\"},\"headline\":\"App zum Screening kognitiver Beeintr\u00e4chtigungen \u2013 Ein Vergleich von CERAD und digiDEM-SCREEN\",\"datePublished\":\"2025-09-23T10:28:41+00:00\",\"dateModified\":\"2025-11-24T11:32:07+00:00\",\"mainEntityOfPage\":{\"@id\":\"https:\\\/\\\/digidem-bayern.de\\\/app-zum-screening-kognitiver-beeintraechtigungen-ein-vergleich-von-cerad-und-digidem-screen\\\/\"},\"wordCount\":379,\"commentCount\":0,\"publisher\":{\"@id\":\"\\\/#organization\"},\"keywords\":[\"App\",\"Deutsche Alzheimer Gesellschaft\",\"digidem\",\"digidem Bayern\",\"Digitales Demenzregister Bayern\",\"DKVF\",\"Kongress\"],\"articleSection\":[\"Kongressbeitr\u00e4ge\"],\"inLanguage\":\"en-US\",\"potentialAction\":[{\"@type\":\"CommentAction\",\"name\":\"Comment\",\"target\":[\"https:\\\/\\\/digidem-bayern.de\\\/app-zum-screening-kognitiver-beeintraechtigungen-ein-vergleich-von-cerad-und-digidem-screen\\\/#respond\"]}]},{\"@type\":\"WebPage\",\"@id\":\"https:\\\/\\\/digidem-bayern.de\\\/app-zum-screening-kognitiver-beeintraechtigungen-ein-vergleich-von-cerad-und-digidem-screen\\\/\",\"url\":\"https:\\\/\\\/digidem-bayern.de\\\/app-zum-screening-kognitiver-beeintraechtigungen-ein-vergleich-von-cerad-und-digidem-screen\\\/\",\"name\":\"App zum Screening kognitiver Beeintr\u00e4chtigungen \u2013 Ein Vergleich von CERAD und digiDEM-SCREEN - digiDEM Bayern\",\"isPartOf\":{\"@id\":\"\\\/#website\"},\"datePublished\":\"2025-09-23T10:28:41+00:00\",\"dateModified\":\"2025-11-24T11:32:07+00:00\",\"description\":\"Ziel des bayernweiten Projektes digiDEM ist die nachhaltige Verbesserung der Versorgungssituation von Menschen mit Demenz sowie deren pflegenden Angeh\u00f6rigen\",\"breadcrumb\":{\"@id\":\"https:\\\/\\\/digidem-bayern.de\\\/app-zum-screening-kognitiver-beeintraechtigungen-ein-vergleich-von-cerad-und-digidem-screen\\\/#breadcrumb\"},\"inLanguage\":\"en-US\",\"potentialAction\":[{\"@type\":\"ReadAction\",\"target\":[\"https:\\\/\\\/digidem-bayern.de\\\/app-zum-screening-kognitiver-beeintraechtigungen-ein-vergleich-von-cerad-und-digidem-screen\\\/\"]}]},{\"@type\":\"BreadcrumbList\",\"@id\":\"https:\\\/\\\/digidem-bayern.de\\\/app-zum-screening-kognitiver-beeintraechtigungen-ein-vergleich-von-cerad-und-digidem-screen\\\/#breadcrumb\",\"itemListElement\":[{\"@type\":\"ListItem\",\"position\":1,\"name\":\"Startseite\",\"item\":\"https:\\\/\\\/digidem-bayern.de\\\/\"},{\"@type\":\"ListItem\",\"position\":2,\"name\":\"App zum Screening kognitiver Beeintr\u00e4chtigungen \u2013 Ein Vergleich von CERAD und digiDEM-SCREEN\"}]},{\"@type\":\"WebSite\",\"@id\":\"\\\/#website\",\"url\":\"\\\/\",\"name\":\"digiDEM Bayern\",\"description\":\"Das digitale Demenzregister Bayern erforscht und verbessert die Angebotsstuktur f\u00fcr Menschen mit Demenz und deren Angeh\u00f6rige\",\"publisher\":{\"@id\":\"\\\/#organization\"},\"potentialAction\":[{\"@type\":\"SearchAction\",\"target\":{\"@type\":\"EntryPoint\",\"urlTemplate\":\"\\\/?s={search_term_string}\"},\"query-input\":{\"@type\":\"PropertyValueSpecification\",\"valueRequired\":true,\"valueName\":\"search_term_string\"}}],\"inLanguage\":\"en-US\"},{\"@type\":\"Organization\",\"@id\":\"\\\/#organization\",\"name\":\"digiDEM Bayern\",\"url\":\"\\\/\",\"logo\":{\"@type\":\"ImageObject\",\"inLanguage\":\"en-US\",\"@id\":\"\\\/#\\\/schema\\\/logo\\\/image\\\/\",\"url\":\"https:\\\/\\\/digidem-bayern.de\\\/wp-content\\\/uploads\\\/2022\\\/03\\\/cropped-Allgemeines_digiDEMLOGO-removebg-preview.png\",\"contentUrl\":\"https:\\\/\\\/digidem-bayern.de\\\/wp-content\\\/uploads\\\/2022\\\/03\\\/cropped-Allgemeines_digiDEMLOGO-removebg-preview.png\",\"width\":612,\"height\":357,\"caption\":\"digiDEM Bayern\"},\"image\":{\"@id\":\"\\\/#\\\/schema\\\/logo\\\/image\\\/\"},\"sameAs\":[\"https:\\\/\\\/www.facebook.com\\\/digiDEMBayern\\\/\",\"https:\\\/\\\/x.com\\\/digidem_bayern\",\"https:\\\/\\\/www.instagram.com\\\/digidem.bayern\",\"https:\\\/\\\/www.linkedin.com\\\/company\\\/digidem-bayern\\\/\"]},{\"@type\":\"Person\",\"@id\":\"\\\/#\\\/schema\\\/person\\\/0e8781e0653d1a8e57ca55bd2c3cb01f\",\"name\":\"Anne Keefer\",\"url\":\"https:\\\/\\\/digidem-bayern.de\\\/en\\\/author\\\/ag-webinar\\\/\"}]}<\/script>\n<!-- \/ Yoast SEO plugin. -->","yoast_head_json":{"title":"App zum Screening kognitiver Beeintr\u00e4chtigungen \u2013 Ein Vergleich von CERAD und digiDEM-SCREEN - digiDEM Bayern","description":"Ziel des bayernweiten Projektes digiDEM ist die nachhaltige Verbesserung der Versorgungssituation von Menschen mit Demenz sowie deren pflegenden Angeh\u00f6rigen","robots":{"index":"index","follow":"follow","max-snippet":"max-snippet:-1","max-image-preview":"max-image-preview:large","max-video-preview":"max-video-preview:-1"},"canonical":"https:\/\/digidem-bayern.de\/en\/app-zum-screening-kognitiver-beeintraechtigungen-ein-vergleich-von-cerad-und-digidem-screen\/","og_locale":"en_US","og_type":"article","og_title":"App zum Screening kognitiver Beeintr\u00e4chtigungen \u2013 Ein Vergleich von CERAD und digiDEM-SCREEN - digiDEM Bayern","og_description":"Ziel des bayernweiten Projektes digiDEM ist die nachhaltige Verbesserung der Versorgungssituation von Menschen mit Demenz sowie deren pflegenden Angeh\u00f6rigen","og_url":"https:\/\/digidem-bayern.de\/en\/app-zum-screening-kognitiver-beeintraechtigungen-ein-vergleich-von-cerad-und-digidem-screen\/","og_site_name":"digiDEM Bayern","article_publisher":"https:\/\/www.facebook.com\/digiDEMBayern\/","article_published_time":"2025-09-23T10:28:41+00:00","article_modified_time":"2025-11-24T11:32:07+00:00","og_image":[{"width":340,"height":200,"url":"https:\/\/digidem-bayern.de\/wp-content\/uploads\/logo-digidem-digitales-demenzregister-bayern.jpg.png","type":"image\/png"}],"author":"Anne Keefer","twitter_misc":{"Written by":"Anne Keefer","Est. reading time":"2 minutes"},"schema":{"@context":"https:\/\/schema.org","@graph":[{"@type":"Article","@id":"https:\/\/digidem-bayern.de\/app-zum-screening-kognitiver-beeintraechtigungen-ein-vergleich-von-cerad-und-digidem-screen\/#article","isPartOf":{"@id":"https:\/\/digidem-bayern.de\/app-zum-screening-kognitiver-beeintraechtigungen-ein-vergleich-von-cerad-und-digidem-screen\/"},"author":{"name":"Anne Keefer","@id":"\/#\/schema\/person\/0e8781e0653d1a8e57ca55bd2c3cb01f"},"headline":"App zum Screening kognitiver Beeintr\u00e4chtigungen \u2013 Ein Vergleich von CERAD und digiDEM-SCREEN","datePublished":"2025-09-23T10:28:41+00:00","dateModified":"2025-11-24T11:32:07+00:00","mainEntityOfPage":{"@id":"https:\/\/digidem-bayern.de\/app-zum-screening-kognitiver-beeintraechtigungen-ein-vergleich-von-cerad-und-digidem-screen\/"},"wordCount":379,"commentCount":0,"publisher":{"@id":"\/#organization"},"keywords":["App","Deutsche Alzheimer Gesellschaft","digidem","digidem Bayern","Digitales Demenzregister Bayern","DKVF","Kongress"],"articleSection":["Kongressbeitr\u00e4ge"],"inLanguage":"en-US","potentialAction":[{"@type":"CommentAction","name":"Comment","target":["https:\/\/digidem-bayern.de\/app-zum-screening-kognitiver-beeintraechtigungen-ein-vergleich-von-cerad-und-digidem-screen\/#respond"]}]},{"@type":"WebPage","@id":"https:\/\/digidem-bayern.de\/app-zum-screening-kognitiver-beeintraechtigungen-ein-vergleich-von-cerad-und-digidem-screen\/","url":"https:\/\/digidem-bayern.de\/app-zum-screening-kognitiver-beeintraechtigungen-ein-vergleich-von-cerad-und-digidem-screen\/","name":"App zum Screening kognitiver Beeintr\u00e4chtigungen \u2013 Ein Vergleich von CERAD und digiDEM-SCREEN - digiDEM Bayern","isPartOf":{"@id":"\/#website"},"datePublished":"2025-09-23T10:28:41+00:00","dateModified":"2025-11-24T11:32:07+00:00","description":"Ziel des bayernweiten Projektes digiDEM ist die nachhaltige Verbesserung der Versorgungssituation von Menschen mit Demenz sowie deren pflegenden Angeh\u00f6rigen","breadcrumb":{"@id":"https:\/\/digidem-bayern.de\/app-zum-screening-kognitiver-beeintraechtigungen-ein-vergleich-von-cerad-und-digidem-screen\/#breadcrumb"},"inLanguage":"en-US","potentialAction":[{"@type":"ReadAction","target":["https:\/\/digidem-bayern.de\/app-zum-screening-kognitiver-beeintraechtigungen-ein-vergleich-von-cerad-und-digidem-screen\/"]}]},{"@type":"BreadcrumbList","@id":"https:\/\/digidem-bayern.de\/app-zum-screening-kognitiver-beeintraechtigungen-ein-vergleich-von-cerad-und-digidem-screen\/#breadcrumb","itemListElement":[{"@type":"ListItem","position":1,"name":"Startseite","item":"https:\/\/digidem-bayern.de\/"},{"@type":"ListItem","position":2,"name":"App zum Screening kognitiver Beeintr\u00e4chtigungen \u2013 Ein Vergleich von CERAD und digiDEM-SCREEN"}]},{"@type":"WebSite","@id":"\/#website","url":"\/","name":"digiDEM Bavaria","description":"The digital dementia register in Bavaria researches and improves the structure of services for people with dementia and their relatives","publisher":{"@id":"\/#organization"},"potentialAction":[{"@type":"SearchAction","target":{"@type":"EntryPoint","urlTemplate":"\/?s={search_term_string}"},"query-input":{"@type":"PropertyValueSpecification","valueRequired":true,"valueName":"search_term_string"}}],"inLanguage":"en-US"},{"@type":"Organization","@id":"\/#organization","name":"digiDEM Bavaria","url":"\/","logo":{"@type":"ImageObject","inLanguage":"en-US","@id":"\/#\/schema\/logo\/image\/","url":"https:\/\/digidem-bayern.de\/wp-content\/uploads\/2022\/03\/cropped-Allgemeines_digiDEMLOGO-removebg-preview.png","contentUrl":"https:\/\/digidem-bayern.de\/wp-content\/uploads\/2022\/03\/cropped-Allgemeines_digiDEMLOGO-removebg-preview.png","width":612,"height":357,"caption":"digiDEM Bayern"},"image":{"@id":"\/#\/schema\/logo\/image\/"},"sameAs":["https:\/\/www.facebook.com\/digiDEMBayern\/","https:\/\/x.com\/digidem_bayern","https:\/\/www.instagram.com\/digidem.bayern","https:\/\/www.linkedin.com\/company\/digidem-bayern\/"]},{"@type":"Person","@id":"\/#\/schema\/person\/0e8781e0653d1a8e57ca55bd2c3cb01f","name":"Anne Keefer","url":"https:\/\/digidem-bayern.de\/en\/author\/ag-webinar\/"}]}},"uagb_featured_image_src":{"full":false,"thumbnail":false,"medium":false,"medium_large":false,"large":false,"1536x1536":false,"2048x2048":false,"trp-custom-language-flag":false,"qubely_landscape":false,"qubely_portrait":false,"qubely_thumbnail":false,"post-thumbnail":false,"kahuna-featured":false,"kahuna-featured-lp":false,"kahuna-featured-half":false,"kahuna-featured-third":false,"kahuna-lpbox-1":false,"kahuna-lpbox-2":false,"demand-language-flag":false,"dddkt-language-flag":false,"ddiqc-language-flag":false,"ddtl-language-flag":false,"mailpoet_newsletter_max":false,"kahuna-lpbox-3":false,"kahuna-featured-square":false,"kahuna-featured-square-large":false},"uagb_author_info":{"display_name":"Anne Keefer","author_link":"https:\/\/digidem-bayern.de\/en\/author\/ag-webinar\/"},"uagb_comment_info":0,"uagb_excerpt":"Hintergrund: Demenzerkrankungen z\u00e4hlen weltweit zu den h\u00e4ufigsten neurologischen Erkrankungen und stellen eine bedeutende Herausforderung f\u00fcr das Gesundheitswesen dar. Die Diagnose dieser Erkrankungen erfolgt jedoch oft erst in fortgeschrittenen Stadien. Ein gezieltes Screening per App k\u00f6nnte eine wirksame Strategie darstellen, um kognitive Beeintr\u00e4chtigungen fr\u00fchzeitig zu entdecken, so dass eine weiterf\u00fchrende Diagnostik &hellip;","_links":{"self":[{"href":"https:\/\/digidem-bayern.de\/en\/wp-json\/wp\/v2\/posts\/46780","targetHints":{"allow":["GET"]}}],"collection":[{"href":"https:\/\/digidem-bayern.de\/en\/wp-json\/wp\/v2\/posts"}],"about":[{"href":"https:\/\/digidem-bayern.de\/en\/wp-json\/wp\/v2\/types\/post"}],"author":[{"embeddable":true,"href":"https:\/\/digidem-bayern.de\/en\/wp-json\/wp\/v2\/users\/7"}],"replies":[{"embeddable":true,"href":"https:\/\/digidem-bayern.de\/en\/wp-json\/wp\/v2\/comments?post=46780"}],"version-history":[{"count":1,"href":"https:\/\/digidem-bayern.de\/en\/wp-json\/wp\/v2\/posts\/46780\/revisions"}],"predecessor-version":[{"id":46782,"href":"https:\/\/digidem-bayern.de\/en\/wp-json\/wp\/v2\/posts\/46780\/revisions\/46782"}],"wp:attachment":[{"href":"https:\/\/digidem-bayern.de\/en\/wp-json\/wp\/v2\/media?parent=46780"}],"wp:term":[{"taxonomy":"category","embeddable":true,"href":"https:\/\/digidem-bayern.de\/en\/wp-json\/wp\/v2\/categories?post=46780"},{"taxonomy":"post_tag","embeddable":true,"href":"https:\/\/digidem-bayern.de\/en\/wp-json\/wp\/v2\/tags?post=46780"}],"curies":[{"name":"wp","href":"https:\/\/api.w.org\/{rel}","templated":true}]}}