{"id":46773,"date":"2025-09-23T12:17:12","date_gmt":"2025-09-23T10:17:12","guid":{"rendered":"https:\/\/digidem-bayern.de\/?p=46773"},"modified":"2025-11-26T16:00:36","modified_gmt":"2025-11-26T15:00:36","slug":"digidem-bayern-demenz-screening-als-regionales-versorgungsangebot-zur-demenzfrueherkennung","status":"publish","type":"post","link":"https:\/\/digidem-bayern.de\/en\/digidem-bayern-demenz-screening-als-regionales-versorgungsangebot-zur-demenzfrueherkennung\/","title":{"rendered":"digiDEM Bayern Demenz-Screening als regionales Versorgungsangebot zur Demenzfr\u00fcherkennung"},"content":{"rendered":"\n<p><strong>Setting:<\/strong> Die Fr\u00fcherkennung einer dementiellen Erkrankung ist von entscheidender Bedeutung f\u00fcr die Verbesserung der Lebensqualit\u00e4t und der Pflegeplanung f\u00fcr Betroffene und deren An- und Zugeh\u00f6rige [1]. Auf dem Weg zur Diagnosestellung gibt es allerdings einige H\u00fcrden. Angst vor Stigmatisierung und Wartezeiten von sch\u00e4tzungsweise \u00fcber 20 Monaten bei Fach\u00e4rzten k\u00f6nnen den Zugang erschweren [2]. Daher bietet das Digitale Demenzregister Bayern (digiDEM Bayern) zusammen mit Forschungspartnern in den sieben bayerischen Regierungsbezirken sogenannte Demenz-Screeningtage an. Diese niederschwelligen Angebote richten sich an Personen \u00fcber 65 Jahren, die bei sich selbst kognitive Auff\u00e4lligkeiten feststellen konnten oder bei denen durch Angeh\u00f6rige erste Auff\u00e4lligkeiten bemerkt wurden. Als sog. Forschungspartner von digiDEM Bayern kooperieren u. A. ambulante Dienste, Apotheken, Fachstellen f\u00fcr pflegende Angeh\u00f6rige, medizinische (Schwerpunkt-)Praxen, Tageseinrichtungen oder ehrenamtliche Einzelpersonen.<\/p>\n\n\n\n<p><strong>Zielsetzung<\/strong>: Mittels wissenschaftlicher Kurztests soll den Teilnehmenden die M\u00f6glichkeit gegeben werden, ihre Ged\u00e4chtnisleitung zu \u00fcberpr\u00fcfen.Ziel der Demenz-Screeningtage ist zum einen die fr\u00fchzeitige Identifizierung von Personen mit leichten kognitiven Ver\u00e4nderungen und deren Hinf\u00fchrung zu einer umfassenden, medizinischen Diagnose. Zum anderen soll dazu beitragen werden, das Thema Demenz in der Bev\u00f6lkerung zu entstigmatisieren und f\u00fcr die Erkrankung zu sensibilisieren<\/p>\n\n\n\n<p><strong>Herausforderungen:<\/strong> In dem Zeitraum 2022 \u2013 2024 wurden insgesamt 111 Screeningtage mit Teilnahme von 2.971 B\u00fcrgerinnen und B\u00fcrgern in allen bayerischen Regierungsbezirken durchgef\u00fchrt. Ausschlaggebend f\u00fcr den Erlog waren dabei die Zusammenarbeit dem den Akteuren und Forschungspartner vor Ort, die Organisation geeigneter R\u00e4umlichkeiten, eine umfassende mediale Bewerbung und ein einf\u00fchlsamer, wertsch\u00e4tzender und transparenter Austausch mit den Betroffenen und deren Angeh\u00f6rigen. Die gr\u00f6\u00dfte Herausforderung war der Umgang mit Bedenken hinsichtlich des Themas in der Bev\u00f6lkerung und bei politischen Entscheidungstr\u00e4gern.<\/p>\n\n\n\n<p><\/p>\n\n\n\n<p><strong>Literaturverzeichnis:<\/strong><\/p>\n\n\n\n<p>1 Dubois, B., Padovani, A., Scheltens, P., Rossi, A., &amp; Dell&#8217;Agnello, G. (2016). Timely Diagnosis for Alzheimer&#8217;s Disease: A Literature Review on Benefits and Challenges. Journal of Alzheimer&#8217;s disease : JAD, 49(3), 617\u2013631. https:\/\/doi.org\/10.3233\/JAD-150692<\/p>\n\n\n\n<p>2 Mattke, S., Tang, Y., Hanson, M., von Arnim, C. A. F., Fr\u00f6lich, L., Grimmer, T., Onur, O. A., Perneczky, R., Teipel, S., &amp; Thyrian, J. R. (2024). Current Capacity for Diagnosing Alzheimer&#8217;s Disease in Germany and Implications for Wait Times. Journal of Alzheimer&#8217;s disease : JAD, 101(4), 1249\u20131259. https:\/\/doi.org\/10.3233\/JAD-240728<\/p>\n\n\n\n<p><\/p>\n\n\n<a href=\"https:\/\/digidem-bayern.de\/wp-content\/uploads\/2025\/11\/2025-09-17_DKVF-Foliensatz_-Screeningtage_LLA.pdf\" class=\"pdfemb-viewer\" style=\"\" data-width=\"max\" data-height=\"max\" data-toolbar=\"bottom\" data-toolbar-fixed=\"off\">2025-09-17_DKVF-Foliensatz_-Screeningtage_LLA<\/a>\n\n\n<p><strong>Vortrag <\/strong>vorgestellt auf dem 24. Deutschen Kongress der Versorgungsforschung  am 23.09.2025<\/p>\n\n\n\n<p>Lisa Laininger<\/p>\n\n\n\n<p><\/p>\n","protected":false},"excerpt":{"rendered":"<p>Setting: Die Fr\u00fcherkennung einer dementiellen Erkrankung ist von entscheidender Bedeutung f\u00fcr die Verbesserung der Lebensqualit\u00e4t und der Pflegeplanung f\u00fcr Betroffene und deren An- und Zugeh\u00f6rige [1]. Auf dem Weg zur Diagnosestellung gibt es allerdings einige H\u00fcrden. Angst vor Stigmatisierung und Wartezeiten von sch\u00e4tzungsweise \u00fcber 20 Monaten bei Fach\u00e4rzten k\u00f6nnen den &hellip;<\/p>\n","protected":false},"author":7,"featured_media":0,"comment_status":"open","ping_status":"closed","sticky":false,"template":"","format":"standard","meta":{"qubely_global_settings":"","qubely_interactions":"","_uag_custom_page_level_css":"","footnotes":""},"categories":[780],"tags":[165,14,17,55,1699,781],"class_list":["post-46773","post","type-post","status-publish","format-standard","hentry","category-kongressbeitraege","tag-deutsche-alzheimer-gesellschaft","tag-digidem","tag-digidem-bayern","tag-digitales-demenzregister-bayern","tag-dkvf","tag-kongress"],"qubely_featured_image_url":null,"qubely_author":{"display_name":"Anne Keefer","author_link":"https:\/\/digidem-bayern.de\/en\/author\/ag-webinar\/"},"qubely_comment":0,"qubely_category":"<a href=\"https:\/\/digidem-bayern.de\/en\/category\/kongressbeitraege\/\" rel=\"category tag\">Kongressbeitr\u00e4ge<\/a>","qubely_excerpt":"Setting: Die Fr\u00fcherkennung einer dementiellen Erkrankung ist von entscheidender Bedeutung f\u00fcr die Verbesserung der Lebensqualit\u00e4t und der Pflegeplanung f\u00fcr Betroffene und deren An- und Zugeh\u00f6rige [1]. Auf dem Weg zur Diagnosestellung gibt es allerdings einige H\u00fcrden. Angst vor Stigmatisierung und Wartezeiten von sch\u00e4tzungsweise \u00fcber 20 Monaten bei Fach\u00e4rzten k\u00f6nnen den &hellip;","featured_image_urls_v2":{"full":"","thumbnail":"","medium":"","medium_large":"","large":"","1536x1536":"","2048x2048":"","trp-custom-language-flag":"","qubely_landscape":"","qubely_portrait":"","qubely_thumbnail":"","post-thumbnail":"","kahuna-featured":"","kahuna-featured-lp":"","kahuna-featured-half":"","kahuna-featured-third":"","kahuna-lpbox-1":"","kahuna-lpbox-2":"","demand-language-flag":"","dddkt-language-flag":"","ddiqc-language-flag":"","ddtl-language-flag":"","mailpoet_newsletter_max":"","kahuna-lpbox-3":"","kahuna-featured-square":"","kahuna-featured-square-large":""},"post_excerpt_stackable_v2":"<p>Setting: Die Fr\u00fcherkennung einer dementiellen Erkrankung ist von entscheidender Bedeutung f\u00fcr die Verbesserung der Lebensqualit\u00e4t und der Pflegeplanung f\u00fcr Betroffene und deren An- und Zugeh\u00f6rige [1]. Auf dem Weg zur Diagnosestellung gibt es allerdings einige H\u00fcrden. Angst vor Stigmatisierung und Wartezeiten von sch\u00e4tzungsweise \u00fcber 20 Monaten bei Fach\u00e4rzten k\u00f6nnen den Zugang erschweren [2]. Daher bietet das Digitale Demenzregister Bayern (digiDEM Bayern) zusammen mit Forschungspartnern in den sieben bayerischen Regierungsbezirken sogenannte Demenz-Screeningtage an. Diese niederschwelligen Angebote richten sich an Personen \u00fcber 65 Jahren, die bei sich selbst kognitive Auff\u00e4lligkeiten feststellen konnten oder bei denen durch Angeh\u00f6rige erste Auff\u00e4lligkeiten bemerkt wurden. Als&hellip;<\/p>\n","category_list_v2":"<a href=\"https:\/\/digidem-bayern.de\/en\/category\/kongressbeitraege\/\" rel=\"category tag\">Kongressbeitr\u00e4ge<\/a>","author_info_v2":{"name":"Anne Keefer","url":"https:\/\/digidem-bayern.de\/en\/author\/ag-webinar\/"},"comments_num_v2":"0 comments","yoast_head":"<!-- This site is optimized with the Yoast SEO plugin v27.4 - https:\/\/yoast.com\/product\/yoast-seo-wordpress\/ -->\n<title>digiDEM Bayern Demenz-Screening als regionales Versorgungsangebot zur Demenzfr\u00fcherkennung - digiDEM Bayern<\/title>\n<meta name=\"description\" content=\"Ziel des bayernweiten Projektes digiDEM ist die nachhaltige Verbesserung der Versorgungssituation von Menschen mit Demenz sowie deren pflegenden Angeh\u00f6rigen\" \/>\n<meta name=\"robots\" content=\"index, follow, max-snippet:-1, max-image-preview:large, max-video-preview:-1\" \/>\n<link rel=\"canonical\" href=\"https:\/\/digidem-bayern.de\/en\/digidem-bayern-demenz-screening-als-regionales-versorgungsangebot-zur-demenzfrueherkennung\/\" \/>\n<meta property=\"og:locale\" content=\"en_US\" \/>\n<meta property=\"og:type\" content=\"article\" \/>\n<meta property=\"og:title\" content=\"digiDEM Bayern Demenz-Screening als regionales Versorgungsangebot zur Demenzfr\u00fcherkennung - digiDEM Bayern\" \/>\n<meta property=\"og:description\" content=\"Ziel des bayernweiten Projektes digiDEM ist die nachhaltige Verbesserung der Versorgungssituation von Menschen mit Demenz sowie deren pflegenden Angeh\u00f6rigen\" \/>\n<meta property=\"og:url\" content=\"https:\/\/digidem-bayern.de\/en\/digidem-bayern-demenz-screening-als-regionales-versorgungsangebot-zur-demenzfrueherkennung\/\" \/>\n<meta property=\"og:site_name\" content=\"digiDEM Bayern\" \/>\n<meta property=\"article:publisher\" content=\"https:\/\/www.facebook.com\/digiDEMBayern\/\" \/>\n<meta property=\"article:published_time\" content=\"2025-09-23T10:17:12+00:00\" \/>\n<meta property=\"article:modified_time\" content=\"2025-11-26T15:00:36+00:00\" \/>\n<meta property=\"og:image\" content=\"https:\/\/digidem-bayern.de\/wp-content\/uploads\/logo-digidem-digitales-demenzregister-bayern.jpg.png\" \/>\n\t<meta property=\"og:image:width\" content=\"340\" \/>\n\t<meta property=\"og:image:height\" content=\"200\" \/>\n\t<meta property=\"og:image:type\" content=\"image\/png\" \/>\n<meta name=\"author\" content=\"Anne Keefer\" \/>\n<meta name=\"twitter:label1\" content=\"Written by\" \/>\n\t<meta name=\"twitter:data1\" content=\"Anne Keefer\" \/>\n\t<meta name=\"twitter:label2\" content=\"Est. reading time\" \/>\n\t<meta name=\"twitter:data2\" content=\"2 minutes\" \/>\n<script type=\"application\/ld+json\" class=\"yoast-schema-graph\">{\"@context\":\"https:\\\/\\\/schema.org\",\"@graph\":[{\"@type\":\"Article\",\"@id\":\"https:\\\/\\\/digidem-bayern.de\\\/digidem-bayern-demenz-screening-als-regionales-versorgungsangebot-zur-demenzfrueherkennung\\\/#article\",\"isPartOf\":{\"@id\":\"https:\\\/\\\/digidem-bayern.de\\\/digidem-bayern-demenz-screening-als-regionales-versorgungsangebot-zur-demenzfrueherkennung\\\/\"},\"author\":{\"name\":\"Anne Keefer\",\"@id\":\"\\\/#\\\/schema\\\/person\\\/0e8781e0653d1a8e57ca55bd2c3cb01f\"},\"headline\":\"digiDEM Bayern Demenz-Screening als regionales Versorgungsangebot zur Demenzfr\u00fcherkennung\",\"datePublished\":\"2025-09-23T10:17:12+00:00\",\"dateModified\":\"2025-11-26T15:00:36+00:00\",\"mainEntityOfPage\":{\"@id\":\"https:\\\/\\\/digidem-bayern.de\\\/digidem-bayern-demenz-screening-als-regionales-versorgungsangebot-zur-demenzfrueherkennung\\\/\"},\"wordCount\":388,\"commentCount\":0,\"publisher\":{\"@id\":\"\\\/#organization\"},\"keywords\":[\"Deutsche Alzheimer Gesellschaft\",\"digidem\",\"digidem Bayern\",\"Digitales Demenzregister Bayern\",\"DKVF\",\"Kongress\"],\"articleSection\":[\"Kongressbeitr\u00e4ge\"],\"inLanguage\":\"en-US\",\"potentialAction\":[{\"@type\":\"CommentAction\",\"name\":\"Comment\",\"target\":[\"https:\\\/\\\/digidem-bayern.de\\\/digidem-bayern-demenz-screening-als-regionales-versorgungsangebot-zur-demenzfrueherkennung\\\/#respond\"]}]},{\"@type\":\"WebPage\",\"@id\":\"https:\\\/\\\/digidem-bayern.de\\\/digidem-bayern-demenz-screening-als-regionales-versorgungsangebot-zur-demenzfrueherkennung\\\/\",\"url\":\"https:\\\/\\\/digidem-bayern.de\\\/digidem-bayern-demenz-screening-als-regionales-versorgungsangebot-zur-demenzfrueherkennung\\\/\",\"name\":\"digiDEM Bayern Demenz-Screening als regionales Versorgungsangebot zur Demenzfr\u00fcherkennung - digiDEM Bayern\",\"isPartOf\":{\"@id\":\"\\\/#website\"},\"datePublished\":\"2025-09-23T10:17:12+00:00\",\"dateModified\":\"2025-11-26T15:00:36+00:00\",\"description\":\"Ziel des bayernweiten Projektes digiDEM ist die nachhaltige Verbesserung der Versorgungssituation von Menschen mit Demenz sowie deren pflegenden Angeh\u00f6rigen\",\"breadcrumb\":{\"@id\":\"https:\\\/\\\/digidem-bayern.de\\\/digidem-bayern-demenz-screening-als-regionales-versorgungsangebot-zur-demenzfrueherkennung\\\/#breadcrumb\"},\"inLanguage\":\"en-US\",\"potentialAction\":[{\"@type\":\"ReadAction\",\"target\":[\"https:\\\/\\\/digidem-bayern.de\\\/digidem-bayern-demenz-screening-als-regionales-versorgungsangebot-zur-demenzfrueherkennung\\\/\"]}]},{\"@type\":\"BreadcrumbList\",\"@id\":\"https:\\\/\\\/digidem-bayern.de\\\/digidem-bayern-demenz-screening-als-regionales-versorgungsangebot-zur-demenzfrueherkennung\\\/#breadcrumb\",\"itemListElement\":[{\"@type\":\"ListItem\",\"position\":1,\"name\":\"Startseite\",\"item\":\"https:\\\/\\\/digidem-bayern.de\\\/\"},{\"@type\":\"ListItem\",\"position\":2,\"name\":\"digiDEM Bayern Demenz-Screening als regionales Versorgungsangebot zur Demenzfr\u00fcherkennung\"}]},{\"@type\":\"WebSite\",\"@id\":\"\\\/#website\",\"url\":\"\\\/\",\"name\":\"digiDEM Bayern\",\"description\":\"Das digitale Demenzregister Bayern erforscht und verbessert die Angebotsstuktur f\u00fcr Menschen mit Demenz und deren Angeh\u00f6rige\",\"publisher\":{\"@id\":\"\\\/#organization\"},\"potentialAction\":[{\"@type\":\"SearchAction\",\"target\":{\"@type\":\"EntryPoint\",\"urlTemplate\":\"\\\/?s={search_term_string}\"},\"query-input\":{\"@type\":\"PropertyValueSpecification\",\"valueRequired\":true,\"valueName\":\"search_term_string\"}}],\"inLanguage\":\"en-US\"},{\"@type\":\"Organization\",\"@id\":\"\\\/#organization\",\"name\":\"digiDEM Bayern\",\"url\":\"\\\/\",\"logo\":{\"@type\":\"ImageObject\",\"inLanguage\":\"en-US\",\"@id\":\"\\\/#\\\/schema\\\/logo\\\/image\\\/\",\"url\":\"https:\\\/\\\/digidem-bayern.de\\\/wp-content\\\/uploads\\\/2022\\\/03\\\/cropped-Allgemeines_digiDEMLOGO-removebg-preview.png\",\"contentUrl\":\"https:\\\/\\\/digidem-bayern.de\\\/wp-content\\\/uploads\\\/2022\\\/03\\\/cropped-Allgemeines_digiDEMLOGO-removebg-preview.png\",\"width\":612,\"height\":357,\"caption\":\"digiDEM Bayern\"},\"image\":{\"@id\":\"\\\/#\\\/schema\\\/logo\\\/image\\\/\"},\"sameAs\":[\"https:\\\/\\\/www.facebook.com\\\/digiDEMBayern\\\/\",\"https:\\\/\\\/x.com\\\/digidem_bayern\",\"https:\\\/\\\/www.instagram.com\\\/digidem.bayern\",\"https:\\\/\\\/www.linkedin.com\\\/company\\\/digidem-bayern\\\/\"]},{\"@type\":\"Person\",\"@id\":\"\\\/#\\\/schema\\\/person\\\/0e8781e0653d1a8e57ca55bd2c3cb01f\",\"name\":\"Anne Keefer\",\"url\":\"https:\\\/\\\/digidem-bayern.de\\\/en\\\/author\\\/ag-webinar\\\/\"}]}<\/script>\n<!-- \/ Yoast SEO plugin. -->","yoast_head_json":{"title":"digiDEM Bayern Demenz-Screening als regionales Versorgungsangebot zur Demenzfr\u00fcherkennung - digiDEM Bayern","description":"Ziel des bayernweiten Projektes digiDEM ist die nachhaltige Verbesserung der Versorgungssituation von Menschen mit Demenz sowie deren pflegenden Angeh\u00f6rigen","robots":{"index":"index","follow":"follow","max-snippet":"max-snippet:-1","max-image-preview":"max-image-preview:large","max-video-preview":"max-video-preview:-1"},"canonical":"https:\/\/digidem-bayern.de\/en\/digidem-bayern-demenz-screening-als-regionales-versorgungsangebot-zur-demenzfrueherkennung\/","og_locale":"en_US","og_type":"article","og_title":"digiDEM Bayern Demenz-Screening als regionales Versorgungsangebot zur Demenzfr\u00fcherkennung - digiDEM Bayern","og_description":"Ziel des bayernweiten Projektes digiDEM ist die nachhaltige Verbesserung der Versorgungssituation von Menschen mit Demenz sowie deren pflegenden Angeh\u00f6rigen","og_url":"https:\/\/digidem-bayern.de\/en\/digidem-bayern-demenz-screening-als-regionales-versorgungsangebot-zur-demenzfrueherkennung\/","og_site_name":"digiDEM Bayern","article_publisher":"https:\/\/www.facebook.com\/digiDEMBayern\/","article_published_time":"2025-09-23T10:17:12+00:00","article_modified_time":"2025-11-26T15:00:36+00:00","og_image":[{"width":340,"height":200,"url":"https:\/\/digidem-bayern.de\/wp-content\/uploads\/logo-digidem-digitales-demenzregister-bayern.jpg.png","type":"image\/png"}],"author":"Anne Keefer","twitter_misc":{"Written by":"Anne Keefer","Est. reading time":"2 minutes"},"schema":{"@context":"https:\/\/schema.org","@graph":[{"@type":"Article","@id":"https:\/\/digidem-bayern.de\/digidem-bayern-demenz-screening-als-regionales-versorgungsangebot-zur-demenzfrueherkennung\/#article","isPartOf":{"@id":"https:\/\/digidem-bayern.de\/digidem-bayern-demenz-screening-als-regionales-versorgungsangebot-zur-demenzfrueherkennung\/"},"author":{"name":"Anne Keefer","@id":"\/#\/schema\/person\/0e8781e0653d1a8e57ca55bd2c3cb01f"},"headline":"digiDEM Bayern Demenz-Screening als regionales Versorgungsangebot zur Demenzfr\u00fcherkennung","datePublished":"2025-09-23T10:17:12+00:00","dateModified":"2025-11-26T15:00:36+00:00","mainEntityOfPage":{"@id":"https:\/\/digidem-bayern.de\/digidem-bayern-demenz-screening-als-regionales-versorgungsangebot-zur-demenzfrueherkennung\/"},"wordCount":388,"commentCount":0,"publisher":{"@id":"\/#organization"},"keywords":["Deutsche Alzheimer Gesellschaft","digidem","digidem Bayern","Digitales Demenzregister Bayern","DKVF","Kongress"],"articleSection":["Kongressbeitr\u00e4ge"],"inLanguage":"en-US","potentialAction":[{"@type":"CommentAction","name":"Comment","target":["https:\/\/digidem-bayern.de\/digidem-bayern-demenz-screening-als-regionales-versorgungsangebot-zur-demenzfrueherkennung\/#respond"]}]},{"@type":"WebPage","@id":"https:\/\/digidem-bayern.de\/digidem-bayern-demenz-screening-als-regionales-versorgungsangebot-zur-demenzfrueherkennung\/","url":"https:\/\/digidem-bayern.de\/digidem-bayern-demenz-screening-als-regionales-versorgungsangebot-zur-demenzfrueherkennung\/","name":"digiDEM Bayern Demenz-Screening als regionales Versorgungsangebot zur Demenzfr\u00fcherkennung - digiDEM Bayern","isPartOf":{"@id":"\/#website"},"datePublished":"2025-09-23T10:17:12+00:00","dateModified":"2025-11-26T15:00:36+00:00","description":"Ziel des bayernweiten Projektes digiDEM ist die nachhaltige Verbesserung der Versorgungssituation von Menschen mit Demenz sowie deren pflegenden Angeh\u00f6rigen","breadcrumb":{"@id":"https:\/\/digidem-bayern.de\/digidem-bayern-demenz-screening-als-regionales-versorgungsangebot-zur-demenzfrueherkennung\/#breadcrumb"},"inLanguage":"en-US","potentialAction":[{"@type":"ReadAction","target":["https:\/\/digidem-bayern.de\/digidem-bayern-demenz-screening-als-regionales-versorgungsangebot-zur-demenzfrueherkennung\/"]}]},{"@type":"BreadcrumbList","@id":"https:\/\/digidem-bayern.de\/digidem-bayern-demenz-screening-als-regionales-versorgungsangebot-zur-demenzfrueherkennung\/#breadcrumb","itemListElement":[{"@type":"ListItem","position":1,"name":"Startseite","item":"https:\/\/digidem-bayern.de\/"},{"@type":"ListItem","position":2,"name":"digiDEM Bayern Demenz-Screening als regionales Versorgungsangebot zur Demenzfr\u00fcherkennung"}]},{"@type":"WebSite","@id":"\/#website","url":"\/","name":"digiDEM Bavaria","description":"The digital dementia register in Bavaria researches and improves the structure of services for people with dementia and their relatives","publisher":{"@id":"\/#organization"},"potentialAction":[{"@type":"SearchAction","target":{"@type":"EntryPoint","urlTemplate":"\/?s={search_term_string}"},"query-input":{"@type":"PropertyValueSpecification","valueRequired":true,"valueName":"search_term_string"}}],"inLanguage":"en-US"},{"@type":"Organization","@id":"\/#organization","name":"digiDEM Bavaria","url":"\/","logo":{"@type":"ImageObject","inLanguage":"en-US","@id":"\/#\/schema\/logo\/image\/","url":"https:\/\/digidem-bayern.de\/wp-content\/uploads\/2022\/03\/cropped-Allgemeines_digiDEMLOGO-removebg-preview.png","contentUrl":"https:\/\/digidem-bayern.de\/wp-content\/uploads\/2022\/03\/cropped-Allgemeines_digiDEMLOGO-removebg-preview.png","width":612,"height":357,"caption":"digiDEM Bayern"},"image":{"@id":"\/#\/schema\/logo\/image\/"},"sameAs":["https:\/\/www.facebook.com\/digiDEMBayern\/","https:\/\/x.com\/digidem_bayern","https:\/\/www.instagram.com\/digidem.bayern","https:\/\/www.linkedin.com\/company\/digidem-bayern\/"]},{"@type":"Person","@id":"\/#\/schema\/person\/0e8781e0653d1a8e57ca55bd2c3cb01f","name":"Anne Keefer","url":"https:\/\/digidem-bayern.de\/en\/author\/ag-webinar\/"}]}},"uagb_featured_image_src":{"full":false,"thumbnail":false,"medium":false,"medium_large":false,"large":false,"1536x1536":false,"2048x2048":false,"trp-custom-language-flag":false,"qubely_landscape":false,"qubely_portrait":false,"qubely_thumbnail":false,"post-thumbnail":false,"kahuna-featured":false,"kahuna-featured-lp":false,"kahuna-featured-half":false,"kahuna-featured-third":false,"kahuna-lpbox-1":false,"kahuna-lpbox-2":false,"demand-language-flag":false,"dddkt-language-flag":false,"ddiqc-language-flag":false,"ddtl-language-flag":false,"mailpoet_newsletter_max":false,"kahuna-lpbox-3":false,"kahuna-featured-square":false,"kahuna-featured-square-large":false},"uagb_author_info":{"display_name":"Anne Keefer","author_link":"https:\/\/digidem-bayern.de\/en\/author\/ag-webinar\/"},"uagb_comment_info":0,"uagb_excerpt":"Setting: Die Fr\u00fcherkennung einer dementiellen Erkrankung ist von entscheidender Bedeutung f\u00fcr die Verbesserung der Lebensqualit\u00e4t und der Pflegeplanung f\u00fcr Betroffene und deren An- und Zugeh\u00f6rige [1]. Auf dem Weg zur Diagnosestellung gibt es allerdings einige H\u00fcrden. Angst vor Stigmatisierung und Wartezeiten von sch\u00e4tzungsweise \u00fcber 20 Monaten bei Fach\u00e4rzten k\u00f6nnen den &hellip;","_links":{"self":[{"href":"https:\/\/digidem-bayern.de\/en\/wp-json\/wp\/v2\/posts\/46773","targetHints":{"allow":["GET"]}}],"collection":[{"href":"https:\/\/digidem-bayern.de\/en\/wp-json\/wp\/v2\/posts"}],"about":[{"href":"https:\/\/digidem-bayern.de\/en\/wp-json\/wp\/v2\/types\/post"}],"author":[{"embeddable":true,"href":"https:\/\/digidem-bayern.de\/en\/wp-json\/wp\/v2\/users\/7"}],"replies":[{"embeddable":true,"href":"https:\/\/digidem-bayern.de\/en\/wp-json\/wp\/v2\/comments?post=46773"}],"version-history":[{"count":2,"href":"https:\/\/digidem-bayern.de\/en\/wp-json\/wp\/v2\/posts\/46773\/revisions"}],"predecessor-version":[{"id":46886,"href":"https:\/\/digidem-bayern.de\/en\/wp-json\/wp\/v2\/posts\/46773\/revisions\/46886"}],"wp:attachment":[{"href":"https:\/\/digidem-bayern.de\/en\/wp-json\/wp\/v2\/media?parent=46773"}],"wp:term":[{"taxonomy":"category","embeddable":true,"href":"https:\/\/digidem-bayern.de\/en\/wp-json\/wp\/v2\/categories?post=46773"},{"taxonomy":"post_tag","embeddable":true,"href":"https:\/\/digidem-bayern.de\/en\/wp-json\/wp\/v2\/tags?post=46773"}],"curies":[{"name":"wp","href":"https:\/\/api.w.org\/{rel}","templated":true}]}}