{"id":46762,"date":"2025-09-23T12:00:40","date_gmt":"2025-09-23T10:00:40","guid":{"rendered":"https:\/\/digidem-bayern.de\/?p=46762"},"modified":"2025-11-24T12:12:17","modified_gmt":"2025-11-24T11:12:17","slug":"digitales-demenzregister-bayern-geschlechterunterschiede-in-der-informellen-pflege-von-menschen-mit-kognitiven-beeintraechtigungen","status":"publish","type":"post","link":"https:\/\/digidem-bayern.de\/en\/digitales-demenzregister-bayern-geschlechterunterschiede-in-der-informellen-pflege-von-menschen-mit-kognitiven-beeintraechtigungen\/","title":{"rendered":"Digitales Demenzregister Bayern: Geschlechterunterschiede in der informellen Pflege von Menschen mit kognitiven Beeintr\u00e4chtigungen"},"content":{"rendered":"\n<p><strong>Hintergrund<\/strong>: Demenz ist eine der gr\u00f6\u00dften Herausforderungen f\u00fcr die \u00f6ffentliche Gesundheit in unserer Zeit und in der Zukunft. Neben den weitreichenden medizinischen und sozialen Aspekten dieser Erkrankung stellen auch \u00f6konomische Folgen die Gesundheitssysteme vor gro\u00dfe Herausforderungen [1]. Die S\u00e4ule der informellen Pflegekosten macht dabei mit 50 &#8211; 80% den gr\u00f6\u00dften Anteil an den Gesamtkosten der Demenz in Deutschland und weltweit aus [1,2].<\/p>\n\n\n\n<p><strong>Zielsetzung<\/strong>: Evaluation der aufgewendeten Pflegezeit durch pflegende An- und Zugeh\u00f6rige von Menschen mit kognitiven Beeintr\u00e4chtigungen (MmD) und die Sch\u00e4tzung der damit verbundenen informellen Pflegekosten in Deutschland mit dem Vergleich je nach Geschlecht des zu pflegenden MmD.<\/p>\n\n\n\n<p><strong>Methode<\/strong>: Datengrundlage ist die multizentrische, prospektive Registerstudie \u201eDigitales Demenzregister Bayern &#8211; digiDEM Bayern\u201c. Die Pflegezeit wurde mittels des Instruments \u201eResource Utilization in Dementia Lite (RUD-Lite)\u201c erhoben. Die Pflegezeit orientiert sich dabei an der Anzahl der Stunden f\u00fcr die Unterst\u00fctzung bei grunds\u00e4tzlichen und instrumentellen Aktivit\u00e4ten des t\u00e4glichen Lebens. Zur Berechnung informeller Pflegekosten wurde der Opportunit\u00e4tskostenansatz betrachtet. Aufgrund der Empfehlung der Durchf\u00fchrung von Sensitivit\u00e4tsanalysen wurden zwei Varianten ermittelt und gegen\u00fcbergestellt. Die Geschlechterunterschiede der zu pflegenden MmD wurden mithilfe von t-Tests f\u00fcr unabh\u00e4ngige Stichproben ausgewertet.<\/p>\n\n\n\n<p><strong>Ausblick: <\/strong>Die Ergebnisse zeigen, dass die Pflege von M\u00e4nnern mit kognitiven Beeintr\u00e4chtigungen im Geschlechtervergleich mehr Zeit in Anspruch nehmen kann. In Abh\u00e4ngigkeit des gew\u00e4hlten Kostenansatzes zur Berechnung spiegelt sich dies auch in den dazugeh\u00f6rigen informellen Pflegekosten wider. <\/p>\n\n\n\n<p><strong>Literaturverzeichnis:<\/strong><\/p>\n\n\n\n<p>1 Wimo, A., Seeher, K., Cataldi, R., Cyhlarova, E., Dielemann, J. L., Frisell, O., Guerchet, M., J\u00f6nsson, L., Malaha, A. K., Nichols, E., Pedroza, P., Prince, M., Knapp, M., &amp; Dua, T. (2023). The worldwide costs of dementia in 2019. Alzheimer&#8217;s &amp; dementia: the journal of the Alzheimer&#8217;s Association, 19(7), 2865\u20132873.<\/p>\n\n\n\n<p>2 Michalowsky, B., Flessa, S., Eichler, T. et al. Healthcare utilization and costs in primary care patients with dementia: baseline results of the DelpHi-trial. Eur J Health Econ 19, 87\u2013102 (2018).<\/p>\n\n\n\n<p><\/p>\n\n\n<a href=\"https:\/\/digidem-bayern.de\/wp-content\/uploads\/2025\/11\/2025-08-26_DKVF_FWE.pdf\" class=\"pdfemb-viewer\" style=\"\" data-width=\"max\" data-height=\"max\" data-toolbar=\"bottom\" data-toolbar-fixed=\"off\">2025-08-26_DKVF_FWE<\/a>\n\n\n<p><strong>Vortrag <\/strong>vorgestellt auf dem 24. Deutschen Kongress der Versorgungsforschung  am 23.09.2025<\/p>\n\n\n\n<p>Florian Weidinger<\/p>\n","protected":false},"excerpt":{"rendered":"<p>Hintergrund: Demenz ist eine der gr\u00f6\u00dften Herausforderungen f\u00fcr die \u00f6ffentliche Gesundheit in unserer Zeit und in der Zukunft. Neben den weitreichenden medizinischen und sozialen Aspekten dieser Erkrankung stellen auch \u00f6konomische Folgen die Gesundheitssysteme vor gro\u00dfe Herausforderungen [1]. Die S\u00e4ule der informellen Pflegekosten macht dabei mit 50 &#8211; 80% den gr\u00f6\u00dften &hellip;<\/p>\n","protected":false},"author":7,"featured_media":0,"comment_status":"open","ping_status":"closed","sticky":false,"template":"","format":"standard","meta":{"qubely_global_settings":"","qubely_interactions":"","_uag_custom_page_level_css":"","footnotes":""},"categories":[780],"tags":[374,165,14,17,55,1699,1281,781],"class_list":["post-46762","post","type-post","status-publish","format-standard","hentry","category-kongressbeitraege","tag-autofahren","tag-deutsche-alzheimer-gesellschaft","tag-digidem","tag-digidem-bayern","tag-digitales-demenzregister-bayern","tag-dkvf","tag-geschlechterunterschiede","tag-kongress"],"qubely_featured_image_url":null,"qubely_author":{"display_name":"Anne Keefer","author_link":"https:\/\/digidem-bayern.de\/en\/author\/ag-webinar\/"},"qubely_comment":0,"qubely_category":"<a href=\"https:\/\/digidem-bayern.de\/en\/category\/kongressbeitraege\/\" rel=\"category tag\">Kongressbeitr\u00e4ge<\/a>","qubely_excerpt":"Hintergrund: Demenz ist eine der gr\u00f6\u00dften Herausforderungen f\u00fcr die \u00f6ffentliche Gesundheit in unserer Zeit und in der Zukunft. Neben den weitreichenden medizinischen und sozialen Aspekten dieser Erkrankung stellen auch \u00f6konomische Folgen die Gesundheitssysteme vor gro\u00dfe Herausforderungen [1]. Die S\u00e4ule der informellen Pflegekosten macht dabei mit 50 &#8211; 80% den gr\u00f6\u00dften &hellip;","featured_image_urls_v2":{"full":"","thumbnail":"","medium":"","medium_large":"","large":"","1536x1536":"","2048x2048":"","trp-custom-language-flag":"","qubely_landscape":"","qubely_portrait":"","qubely_thumbnail":"","post-thumbnail":"","kahuna-featured":"","kahuna-featured-lp":"","kahuna-featured-half":"","kahuna-featured-third":"","kahuna-lpbox-1":"","kahuna-lpbox-2":"","demand-language-flag":"","dddkt-language-flag":"","ddiqc-language-flag":"","ddtl-language-flag":"","mailpoet_newsletter_max":"","kahuna-lpbox-3":"","kahuna-featured-square":"","kahuna-featured-square-large":""},"post_excerpt_stackable_v2":"<p>Hintergrund: Demenz ist eine der gr\u00f6\u00dften Herausforderungen f\u00fcr die \u00f6ffentliche Gesundheit in unserer Zeit und in der Zukunft. Neben den weitreichenden medizinischen und sozialen Aspekten dieser Erkrankung stellen auch \u00f6konomische Folgen die Gesundheitssysteme vor gro\u00dfe Herausforderungen [1]. Die S\u00e4ule der informellen Pflegekosten macht dabei mit 50 &#8211; 80% den gr\u00f6\u00dften Anteil an den Gesamtkosten der Demenz in Deutschland und weltweit aus [1,2]. Zielsetzung: Evaluation der aufgewendeten Pflegezeit durch pflegende An- und Zugeh\u00f6rige von Menschen mit kognitiven Beeintr\u00e4chtigungen (MmD) und die Sch\u00e4tzung der damit verbundenen informellen Pflegekosten in Deutschland mit dem Vergleich je nach Geschlecht des zu pflegenden MmD. Methode: Datengrundlage&hellip;<\/p>\n","category_list_v2":"<a href=\"https:\/\/digidem-bayern.de\/en\/category\/kongressbeitraege\/\" rel=\"category tag\">Kongressbeitr\u00e4ge<\/a>","author_info_v2":{"name":"Anne Keefer","url":"https:\/\/digidem-bayern.de\/en\/author\/ag-webinar\/"},"comments_num_v2":"0 comments","yoast_head":"<!-- This site is optimized with the Yoast SEO plugin v27.4 - https:\/\/yoast.com\/product\/yoast-seo-wordpress\/ -->\n<title>Digitales Demenzregister Bayern: Geschlechterunterschiede in der informellen Pflege von Menschen mit kognitiven Beeintr\u00e4chtigungen - digiDEM Bayern<\/title>\n<meta name=\"description\" content=\"Ziel des bayernweiten Projektes digiDEM ist die nachhaltige Verbesserung der Versorgungssituation von Menschen mit Demenz sowie deren pflegenden Angeh\u00f6rigen\" \/>\n<meta name=\"robots\" content=\"index, follow, max-snippet:-1, max-image-preview:large, max-video-preview:-1\" \/>\n<link rel=\"canonical\" href=\"https:\/\/digidem-bayern.de\/en\/digitales-demenzregister-bayern-geschlechterunterschiede-in-der-informellen-pflege-von-menschen-mit-kognitiven-beeintraechtigungen\/\" \/>\n<meta property=\"og:locale\" content=\"en_US\" \/>\n<meta property=\"og:type\" content=\"article\" \/>\n<meta property=\"og:title\" content=\"Digitales Demenzregister Bayern: Geschlechterunterschiede in der informellen Pflege von Menschen mit kognitiven Beeintr\u00e4chtigungen - digiDEM Bayern\" \/>\n<meta property=\"og:description\" content=\"Ziel des bayernweiten Projektes digiDEM ist die nachhaltige Verbesserung der Versorgungssituation von Menschen mit Demenz sowie deren pflegenden Angeh\u00f6rigen\" \/>\n<meta property=\"og:url\" content=\"https:\/\/digidem-bayern.de\/en\/digitales-demenzregister-bayern-geschlechterunterschiede-in-der-informellen-pflege-von-menschen-mit-kognitiven-beeintraechtigungen\/\" \/>\n<meta property=\"og:site_name\" content=\"digiDEM Bayern\" \/>\n<meta property=\"article:publisher\" content=\"https:\/\/www.facebook.com\/digiDEMBayern\/\" \/>\n<meta property=\"article:published_time\" content=\"2025-09-23T10:00:40+00:00\" \/>\n<meta property=\"article:modified_time\" content=\"2025-11-24T11:12:17+00:00\" \/>\n<meta property=\"og:image\" content=\"https:\/\/digidem-bayern.de\/wp-content\/uploads\/logo-digidem-digitales-demenzregister-bayern.jpg.png\" \/>\n\t<meta property=\"og:image:width\" content=\"340\" \/>\n\t<meta property=\"og:image:height\" content=\"200\" \/>\n\t<meta property=\"og:image:type\" content=\"image\/png\" \/>\n<meta name=\"author\" content=\"Anne Keefer\" \/>\n<meta name=\"twitter:label1\" content=\"Written by\" \/>\n\t<meta name=\"twitter:data1\" content=\"Anne Keefer\" \/>\n\t<meta name=\"twitter:label2\" content=\"Est. reading time\" \/>\n\t<meta name=\"twitter:data2\" content=\"2 minutes\" \/>\n<script type=\"application\/ld+json\" class=\"yoast-schema-graph\">{\"@context\":\"https:\\\/\\\/schema.org\",\"@graph\":[{\"@type\":\"Article\",\"@id\":\"https:\\\/\\\/digidem-bayern.de\\\/digitales-demenzregister-bayern-geschlechterunterschiede-in-der-informellen-pflege-von-menschen-mit-kognitiven-beeintraechtigungen\\\/#article\",\"isPartOf\":{\"@id\":\"https:\\\/\\\/digidem-bayern.de\\\/digitales-demenzregister-bayern-geschlechterunterschiede-in-der-informellen-pflege-von-menschen-mit-kognitiven-beeintraechtigungen\\\/\"},\"author\":{\"name\":\"Anne Keefer\",\"@id\":\"\\\/#\\\/schema\\\/person\\\/0e8781e0653d1a8e57ca55bd2c3cb01f\"},\"headline\":\"Digitales Demenzregister Bayern: Geschlechterunterschiede in der informellen Pflege von Menschen mit kognitiven Beeintr\u00e4chtigungen\",\"datePublished\":\"2025-09-23T10:00:40+00:00\",\"dateModified\":\"2025-11-24T11:12:17+00:00\",\"mainEntityOfPage\":{\"@id\":\"https:\\\/\\\/digidem-bayern.de\\\/digitales-demenzregister-bayern-geschlechterunterschiede-in-der-informellen-pflege-von-menschen-mit-kognitiven-beeintraechtigungen\\\/\"},\"wordCount\":339,\"commentCount\":0,\"publisher\":{\"@id\":\"\\\/#organization\"},\"keywords\":[\"Autofahren\",\"Deutsche Alzheimer Gesellschaft\",\"digidem\",\"digidem Bayern\",\"Digitales Demenzregister Bayern\",\"DKVF\",\"Geschlechterunterschiede\",\"Kongress\"],\"articleSection\":[\"Kongressbeitr\u00e4ge\"],\"inLanguage\":\"en-US\",\"potentialAction\":[{\"@type\":\"CommentAction\",\"name\":\"Comment\",\"target\":[\"https:\\\/\\\/digidem-bayern.de\\\/digitales-demenzregister-bayern-geschlechterunterschiede-in-der-informellen-pflege-von-menschen-mit-kognitiven-beeintraechtigungen\\\/#respond\"]}]},{\"@type\":\"WebPage\",\"@id\":\"https:\\\/\\\/digidem-bayern.de\\\/digitales-demenzregister-bayern-geschlechterunterschiede-in-der-informellen-pflege-von-menschen-mit-kognitiven-beeintraechtigungen\\\/\",\"url\":\"https:\\\/\\\/digidem-bayern.de\\\/digitales-demenzregister-bayern-geschlechterunterschiede-in-der-informellen-pflege-von-menschen-mit-kognitiven-beeintraechtigungen\\\/\",\"name\":\"Digitales Demenzregister Bayern: Geschlechterunterschiede in der informellen Pflege von Menschen mit kognitiven Beeintr\u00e4chtigungen - digiDEM Bayern\",\"isPartOf\":{\"@id\":\"\\\/#website\"},\"datePublished\":\"2025-09-23T10:00:40+00:00\",\"dateModified\":\"2025-11-24T11:12:17+00:00\",\"description\":\"Ziel des bayernweiten Projektes digiDEM ist die nachhaltige Verbesserung der Versorgungssituation von Menschen mit Demenz sowie deren pflegenden Angeh\u00f6rigen\",\"breadcrumb\":{\"@id\":\"https:\\\/\\\/digidem-bayern.de\\\/digitales-demenzregister-bayern-geschlechterunterschiede-in-der-informellen-pflege-von-menschen-mit-kognitiven-beeintraechtigungen\\\/#breadcrumb\"},\"inLanguage\":\"en-US\",\"potentialAction\":[{\"@type\":\"ReadAction\",\"target\":[\"https:\\\/\\\/digidem-bayern.de\\\/digitales-demenzregister-bayern-geschlechterunterschiede-in-der-informellen-pflege-von-menschen-mit-kognitiven-beeintraechtigungen\\\/\"]}]},{\"@type\":\"BreadcrumbList\",\"@id\":\"https:\\\/\\\/digidem-bayern.de\\\/digitales-demenzregister-bayern-geschlechterunterschiede-in-der-informellen-pflege-von-menschen-mit-kognitiven-beeintraechtigungen\\\/#breadcrumb\",\"itemListElement\":[{\"@type\":\"ListItem\",\"position\":1,\"name\":\"Startseite\",\"item\":\"https:\\\/\\\/digidem-bayern.de\\\/\"},{\"@type\":\"ListItem\",\"position\":2,\"name\":\"Digitales Demenzregister Bayern: Geschlechterunterschiede in der informellen Pflege von Menschen mit kognitiven Beeintr\u00e4chtigungen\"}]},{\"@type\":\"WebSite\",\"@id\":\"\\\/#website\",\"url\":\"\\\/\",\"name\":\"digiDEM Bayern\",\"description\":\"Das digitale Demenzregister Bayern erforscht und verbessert die Angebotsstuktur f\u00fcr Menschen mit Demenz und deren Angeh\u00f6rige\",\"publisher\":{\"@id\":\"\\\/#organization\"},\"potentialAction\":[{\"@type\":\"SearchAction\",\"target\":{\"@type\":\"EntryPoint\",\"urlTemplate\":\"\\\/?s={search_term_string}\"},\"query-input\":{\"@type\":\"PropertyValueSpecification\",\"valueRequired\":true,\"valueName\":\"search_term_string\"}}],\"inLanguage\":\"en-US\"},{\"@type\":\"Organization\",\"@id\":\"\\\/#organization\",\"name\":\"digiDEM Bayern\",\"url\":\"\\\/\",\"logo\":{\"@type\":\"ImageObject\",\"inLanguage\":\"en-US\",\"@id\":\"\\\/#\\\/schema\\\/logo\\\/image\\\/\",\"url\":\"https:\\\/\\\/digidem-bayern.de\\\/wp-content\\\/uploads\\\/2022\\\/03\\\/cropped-Allgemeines_digiDEMLOGO-removebg-preview.png\",\"contentUrl\":\"https:\\\/\\\/digidem-bayern.de\\\/wp-content\\\/uploads\\\/2022\\\/03\\\/cropped-Allgemeines_digiDEMLOGO-removebg-preview.png\",\"width\":612,\"height\":357,\"caption\":\"digiDEM Bayern\"},\"image\":{\"@id\":\"\\\/#\\\/schema\\\/logo\\\/image\\\/\"},\"sameAs\":[\"https:\\\/\\\/www.facebook.com\\\/digiDEMBayern\\\/\",\"https:\\\/\\\/x.com\\\/digidem_bayern\",\"https:\\\/\\\/www.instagram.com\\\/digidem.bayern\",\"https:\\\/\\\/www.linkedin.com\\\/company\\\/digidem-bayern\\\/\"]},{\"@type\":\"Person\",\"@id\":\"\\\/#\\\/schema\\\/person\\\/0e8781e0653d1a8e57ca55bd2c3cb01f\",\"name\":\"Anne Keefer\",\"url\":\"https:\\\/\\\/digidem-bayern.de\\\/en\\\/author\\\/ag-webinar\\\/\"}]}<\/script>\n<!-- \/ Yoast SEO plugin. -->","yoast_head_json":{"title":"Digitales Demenzregister Bayern: Geschlechterunterschiede in der informellen Pflege von Menschen mit kognitiven Beeintr\u00e4chtigungen - digiDEM Bayern","description":"Ziel des bayernweiten Projektes digiDEM ist die nachhaltige Verbesserung der Versorgungssituation von Menschen mit Demenz sowie deren pflegenden Angeh\u00f6rigen","robots":{"index":"index","follow":"follow","max-snippet":"max-snippet:-1","max-image-preview":"max-image-preview:large","max-video-preview":"max-video-preview:-1"},"canonical":"https:\/\/digidem-bayern.de\/en\/digitales-demenzregister-bayern-geschlechterunterschiede-in-der-informellen-pflege-von-menschen-mit-kognitiven-beeintraechtigungen\/","og_locale":"en_US","og_type":"article","og_title":"Digitales Demenzregister Bayern: Geschlechterunterschiede in der informellen Pflege von Menschen mit kognitiven Beeintr\u00e4chtigungen - digiDEM Bayern","og_description":"Ziel des bayernweiten Projektes digiDEM ist die nachhaltige Verbesserung der Versorgungssituation von Menschen mit Demenz sowie deren pflegenden Angeh\u00f6rigen","og_url":"https:\/\/digidem-bayern.de\/en\/digitales-demenzregister-bayern-geschlechterunterschiede-in-der-informellen-pflege-von-menschen-mit-kognitiven-beeintraechtigungen\/","og_site_name":"digiDEM Bayern","article_publisher":"https:\/\/www.facebook.com\/digiDEMBayern\/","article_published_time":"2025-09-23T10:00:40+00:00","article_modified_time":"2025-11-24T11:12:17+00:00","og_image":[{"width":340,"height":200,"url":"https:\/\/digidem-bayern.de\/wp-content\/uploads\/logo-digidem-digitales-demenzregister-bayern.jpg.png","type":"image\/png"}],"author":"Anne Keefer","twitter_misc":{"Written by":"Anne Keefer","Est. reading time":"2 minutes"},"schema":{"@context":"https:\/\/schema.org","@graph":[{"@type":"Article","@id":"https:\/\/digidem-bayern.de\/digitales-demenzregister-bayern-geschlechterunterschiede-in-der-informellen-pflege-von-menschen-mit-kognitiven-beeintraechtigungen\/#article","isPartOf":{"@id":"https:\/\/digidem-bayern.de\/digitales-demenzregister-bayern-geschlechterunterschiede-in-der-informellen-pflege-von-menschen-mit-kognitiven-beeintraechtigungen\/"},"author":{"name":"Anne Keefer","@id":"\/#\/schema\/person\/0e8781e0653d1a8e57ca55bd2c3cb01f"},"headline":"Digitales Demenzregister Bayern: Geschlechterunterschiede in der informellen Pflege von Menschen mit kognitiven Beeintr\u00e4chtigungen","datePublished":"2025-09-23T10:00:40+00:00","dateModified":"2025-11-24T11:12:17+00:00","mainEntityOfPage":{"@id":"https:\/\/digidem-bayern.de\/digitales-demenzregister-bayern-geschlechterunterschiede-in-der-informellen-pflege-von-menschen-mit-kognitiven-beeintraechtigungen\/"},"wordCount":339,"commentCount":0,"publisher":{"@id":"\/#organization"},"keywords":["Autofahren","Deutsche Alzheimer Gesellschaft","digidem","digidem Bayern","Digitales Demenzregister Bayern","DKVF","Geschlechterunterschiede","Kongress"],"articleSection":["Kongressbeitr\u00e4ge"],"inLanguage":"en-US","potentialAction":[{"@type":"CommentAction","name":"Comment","target":["https:\/\/digidem-bayern.de\/digitales-demenzregister-bayern-geschlechterunterschiede-in-der-informellen-pflege-von-menschen-mit-kognitiven-beeintraechtigungen\/#respond"]}]},{"@type":"WebPage","@id":"https:\/\/digidem-bayern.de\/digitales-demenzregister-bayern-geschlechterunterschiede-in-der-informellen-pflege-von-menschen-mit-kognitiven-beeintraechtigungen\/","url":"https:\/\/digidem-bayern.de\/digitales-demenzregister-bayern-geschlechterunterschiede-in-der-informellen-pflege-von-menschen-mit-kognitiven-beeintraechtigungen\/","name":"Digitales Demenzregister Bayern: Geschlechterunterschiede in der informellen Pflege von Menschen mit kognitiven Beeintr\u00e4chtigungen - digiDEM Bayern","isPartOf":{"@id":"\/#website"},"datePublished":"2025-09-23T10:00:40+00:00","dateModified":"2025-11-24T11:12:17+00:00","description":"Ziel des bayernweiten Projektes digiDEM ist die nachhaltige Verbesserung der Versorgungssituation von Menschen mit Demenz sowie deren pflegenden Angeh\u00f6rigen","breadcrumb":{"@id":"https:\/\/digidem-bayern.de\/digitales-demenzregister-bayern-geschlechterunterschiede-in-der-informellen-pflege-von-menschen-mit-kognitiven-beeintraechtigungen\/#breadcrumb"},"inLanguage":"en-US","potentialAction":[{"@type":"ReadAction","target":["https:\/\/digidem-bayern.de\/digitales-demenzregister-bayern-geschlechterunterschiede-in-der-informellen-pflege-von-menschen-mit-kognitiven-beeintraechtigungen\/"]}]},{"@type":"BreadcrumbList","@id":"https:\/\/digidem-bayern.de\/digitales-demenzregister-bayern-geschlechterunterschiede-in-der-informellen-pflege-von-menschen-mit-kognitiven-beeintraechtigungen\/#breadcrumb","itemListElement":[{"@type":"ListItem","position":1,"name":"Startseite","item":"https:\/\/digidem-bayern.de\/"},{"@type":"ListItem","position":2,"name":"Digitales Demenzregister Bayern: Geschlechterunterschiede in der informellen Pflege von Menschen mit kognitiven Beeintr\u00e4chtigungen"}]},{"@type":"WebSite","@id":"\/#website","url":"\/","name":"digiDEM Bavaria","description":"The digital dementia register in Bavaria researches and improves the structure of services for people with dementia and their relatives","publisher":{"@id":"\/#organization"},"potentialAction":[{"@type":"SearchAction","target":{"@type":"EntryPoint","urlTemplate":"\/?s={search_term_string}"},"query-input":{"@type":"PropertyValueSpecification","valueRequired":true,"valueName":"search_term_string"}}],"inLanguage":"en-US"},{"@type":"Organization","@id":"\/#organization","name":"digiDEM Bavaria","url":"\/","logo":{"@type":"ImageObject","inLanguage":"en-US","@id":"\/#\/schema\/logo\/image\/","url":"https:\/\/digidem-bayern.de\/wp-content\/uploads\/2022\/03\/cropped-Allgemeines_digiDEMLOGO-removebg-preview.png","contentUrl":"https:\/\/digidem-bayern.de\/wp-content\/uploads\/2022\/03\/cropped-Allgemeines_digiDEMLOGO-removebg-preview.png","width":612,"height":357,"caption":"digiDEM Bayern"},"image":{"@id":"\/#\/schema\/logo\/image\/"},"sameAs":["https:\/\/www.facebook.com\/digiDEMBayern\/","https:\/\/x.com\/digidem_bayern","https:\/\/www.instagram.com\/digidem.bayern","https:\/\/www.linkedin.com\/company\/digidem-bayern\/"]},{"@type":"Person","@id":"\/#\/schema\/person\/0e8781e0653d1a8e57ca55bd2c3cb01f","name":"Anne Keefer","url":"https:\/\/digidem-bayern.de\/en\/author\/ag-webinar\/"}]}},"uagb_featured_image_src":{"full":false,"thumbnail":false,"medium":false,"medium_large":false,"large":false,"1536x1536":false,"2048x2048":false,"trp-custom-language-flag":false,"qubely_landscape":false,"qubely_portrait":false,"qubely_thumbnail":false,"post-thumbnail":false,"kahuna-featured":false,"kahuna-featured-lp":false,"kahuna-featured-half":false,"kahuna-featured-third":false,"kahuna-lpbox-1":false,"kahuna-lpbox-2":false,"demand-language-flag":false,"dddkt-language-flag":false,"ddiqc-language-flag":false,"ddtl-language-flag":false,"mailpoet_newsletter_max":false,"kahuna-lpbox-3":false,"kahuna-featured-square":false,"kahuna-featured-square-large":false},"uagb_author_info":{"display_name":"Anne Keefer","author_link":"https:\/\/digidem-bayern.de\/en\/author\/ag-webinar\/"},"uagb_comment_info":0,"uagb_excerpt":"Hintergrund: Demenz ist eine der gr\u00f6\u00dften Herausforderungen f\u00fcr die \u00f6ffentliche Gesundheit in unserer Zeit und in der Zukunft. Neben den weitreichenden medizinischen und sozialen Aspekten dieser Erkrankung stellen auch \u00f6konomische Folgen die Gesundheitssysteme vor gro\u00dfe Herausforderungen [1]. Die S\u00e4ule der informellen Pflegekosten macht dabei mit 50 &#8211; 80% den gr\u00f6\u00dften &hellip;","_links":{"self":[{"href":"https:\/\/digidem-bayern.de\/en\/wp-json\/wp\/v2\/posts\/46762","targetHints":{"allow":["GET"]}}],"collection":[{"href":"https:\/\/digidem-bayern.de\/en\/wp-json\/wp\/v2\/posts"}],"about":[{"href":"https:\/\/digidem-bayern.de\/en\/wp-json\/wp\/v2\/types\/post"}],"author":[{"embeddable":true,"href":"https:\/\/digidem-bayern.de\/en\/wp-json\/wp\/v2\/users\/7"}],"replies":[{"embeddable":true,"href":"https:\/\/digidem-bayern.de\/en\/wp-json\/wp\/v2\/comments?post=46762"}],"version-history":[{"count":2,"href":"https:\/\/digidem-bayern.de\/en\/wp-json\/wp\/v2\/posts\/46762\/revisions"}],"predecessor-version":[{"id":46769,"href":"https:\/\/digidem-bayern.de\/en\/wp-json\/wp\/v2\/posts\/46762\/revisions\/46769"}],"wp:attachment":[{"href":"https:\/\/digidem-bayern.de\/en\/wp-json\/wp\/v2\/media?parent=46762"}],"wp:term":[{"taxonomy":"category","embeddable":true,"href":"https:\/\/digidem-bayern.de\/en\/wp-json\/wp\/v2\/categories?post=46762"},{"taxonomy":"post_tag","embeddable":true,"href":"https:\/\/digidem-bayern.de\/en\/wp-json\/wp\/v2\/tags?post=46762"}],"curies":[{"name":"wp","href":"https:\/\/api.w.org\/{rel}","templated":true}]}}