{"id":4666,"date":"2020-04-02T13:48:23","date_gmt":"2020-04-02T11:48:23","guid":{"rendered":"https:\/\/digidem-bayern.de\/?p=4666"},"modified":"2020-04-02T17:56:51","modified_gmt":"2020-04-02T15:56:51","slug":"informationen-zum-corona-virus","status":"publish","type":"post","link":"https:\/\/digidem-bayern.de\/en\/informationen-zum-corona-virus\/","title":{"rendered":"Informationen zum Corona-Virus"},"content":{"rendered":"<h4 class=\"wp-block-heading\">Wie erkl\u00e4rt man Menschen mit kognitiven Einschr\u00e4nkungen die aktuelle Situation? Welche Informationen sind f\u00fcr pflegende Angeh\u00f6rige zurzeit besonders wichtig? Dazu gibt es hier einige Link-Tipps.<\/h4>\n\n\n\n<p><strong>Informationen f\u00fcr Menschen mit kognitiven Einschr\u00e4nkungen<\/strong><\/p>\n\n\n\n<div class=\"wp-block-image\"><figure class=\"alignright size-medium\"><img loading=\"lazy\" decoding=\"async\" width=\"300\" height=\"173\" src=\"https:\/\/test.digidem-bayern.de\/wp-content\/uploads\/2020\/04\/corona-4893276_1280-300x173.jpg\" alt=\"\" class=\"wp-image-4675\" srcset=\"https:\/\/digidem-bayern.de\/wp-content\/uploads\/2020\/04\/corona-4893276_1280-300x173.jpg 300w, https:\/\/digidem-bayern.de\/wp-content\/uploads\/2020\/04\/corona-4893276_1280-1030x592.jpg 1030w, https:\/\/digidem-bayern.de\/wp-content\/uploads\/2020\/04\/corona-4893276_1280-768x442.jpg 768w, https:\/\/digidem-bayern.de\/wp-content\/uploads\/2020\/04\/corona-4893276_1280-495x285.jpg 495w, https:\/\/digidem-bayern.de\/wp-content\/uploads\/2020\/04\/corona-4893276_1280.jpg 1280w\" sizes=\"auto, (max-width: 300px) 100vw, 300px\" \/><\/figure><\/div>\n\n\n\n<p>Die \u201eAktion Mensch\u201c hat auf einer Webseite barrierefreie Informationen \u00fcber das neue Corona-Virus zusammengestellt. Dazu z\u00e4hlen zum Beispiel Artikel in Leichter Sprache, die f\u00fcr Menschen mit kognitiven Einschr\u00e4nkungen geeignet sind:<\/p>\n\n\n\n<p><a href=\"https:\/\/www.aktion-mensch.de\/corona-infoseite.html\">Aktion Mensch: Informationen zum Corona-Virus<\/a><\/p>\n\n\n\n<p>Auch das Bayerische Staatsministerium f\u00fcr Gesundheit und Pflege bietet Informationen in Leichter Sprache \u00fcber das Corona-Virus:<\/p>\n\n\n\n<p><a href=\"https:\/\/www.stmgp.bayern.de\/leichte-sprache-uebersichtsseite-2\/informationen-zum-corona-virus-in-leichter-sprache\/?lang=de_ls\">Bayerisches Staatsministerium f\u00fcr Gesundheit und Pflege: Corona-Virus in Bayern<\/a><\/p>\n\n\n\n<p><\/p>\n\n\n\n<div style=\"height:50px\" aria-hidden=\"true\" class=\"wp-block-spacer\"><\/div>\n\n\n\n<p><strong>Informationen f\u00fcr pflegende Angeh\u00f6rige<\/strong><\/p>\n\n\n\n<p>Die Deutsche Alzheimer-Gesellschaft gibt auf ihrer Webseite Ratschl\u00e4ge zum Umgang mit der Corona-Krise f\u00fcr Angeh\u00f6rige von Menschen mit Demenz:<\/p>\n\n\n\n<p><a href=\"https:\/\/www.deutsche-alzheimer.de\/ueber-uns\/presse\/aktuelles-zur-corona-krise\/haeufige-fragen-und-antworten-zu-corona-und-demenz.html\">Deutsche Alzheimer Gesellschaft: Antworten auf h\u00e4ufige Fragen zum Corona-Virus im Zusammenhang mit Demenz<\/a><\/p>\n\n\n\n<p>Weitere Informationen f\u00fcr pflegende Angeh\u00f6rige gibt es auf einer Webseite der Malteser:<\/p>\n\n\n\n<p><a href=\"Malteser: Tipps f\u00fcr pflegende Angeh\u00f6rige in Zeiten von Corona\">M<\/a><a href=\"https:\/\/www.malteser.de\/newsdetails\/news\/tipps-fuer-pflegende-angehoerige-in-zeiten-von-corona0.html\">alteser: Tipps f\u00fcr pflegende Angeh\u00f6rige in Zeiten von Corona<\/a><\/p>\n\n\n\n<p><\/p>","protected":false},"excerpt":{"rendered":"<p>Wie erkl\u00e4rt man Menschen mit kognitiven Einschr\u00e4nkungen die aktuelle Situation? Welche Informationen sind f\u00fcr pflegende Angeh\u00f6rige zurzeit besonders wichtig? Dazu gibt es hier einige Link-Tipps. Informationen f\u00fcr Menschen mit kognitiven Einschr\u00e4nkungen Die \u201eAktion Mensch\u201c hat auf einer Webseite barrierefreie Informationen \u00fcber das neue Corona-Virus zusammengestellt. Dazu z\u00e4hlen zum Beispiel Artikel &hellip;<\/p>","protected":false},"author":11,"featured_media":4669,"comment_status":"closed","ping_status":"closed","sticky":false,"template":"","format":"standard","meta":{"qubely_global_settings":"true","qubely_interactions":"","_uag_custom_page_level_css":"","footnotes":""},"categories":[8],"tags":[13,88,89,90,11,14,17,55,91,87],"class_list":["post-4666","post","type-post","status-publish","format-standard","has-post-thumbnail","hentry","category-aktuelles-zu-digidem","tag-alzheimer","tag-angehoerige","tag-corona","tag-coronavirus","tag-demenz","tag-digidem","tag-digidem-bayern","tag-digitales-demenzregister-bayern","tag-pandemie","tag-pflege"],"qubely_featured_image_url":{"full":["https:\/\/digidem-bayern.de\/wp-content\/uploads\/2020\/04\/corona-4930541_1920.jpg",1600,541,false],"landscape":["https:\/\/digidem-bayern.de\/wp-content\/uploads\/2020\/04\/corona-4930541_1920-1200x649.jpg",1200,649,true],"portraits":["https:\/\/digidem-bayern.de\/wp-content\/uploads\/2020\/04\/corona-4930541_1920-540x320.jpg",540,320,true],"thumbnail":["https:\/\/digidem-bayern.de\/wp-content\/uploads\/2020\/04\/corona-4930541_1920-80x80.jpg",80,80,true],"medium":["https:\/\/digidem-bayern.de\/wp-content\/uploads\/2020\/04\/corona-4930541_1920-300x101.jpg",300,101,true],"medium_large":["https:\/\/digidem-bayern.de\/wp-content\/uploads\/2020\/04\/corona-4930541_1920-768x260.jpg",768,260,true],"large":["https:\/\/digidem-bayern.de\/wp-content\/uploads\/2020\/04\/corona-4930541_1920-1030x348.jpg",1030,348,true],"1536x1536":["https:\/\/digidem-bayern.de\/wp-content\/uploads\/2020\/04\/corona-4930541_1920-1536x519.jpg",1536,519,true],"2048x2048":["https:\/\/digidem-bayern.de\/wp-content\/uploads\/2020\/04\/corona-4930541_1920.jpg",1600,541,false],"trp-custom-language-flag":["https:\/\/digidem-bayern.de\/wp-content\/uploads\/2020\/04\/corona-4930541_1920.jpg",18,6,false],"qubely_landscape":["https:\/\/digidem-bayern.de\/wp-content\/uploads\/2020\/04\/corona-4930541_1920-1200x649.jpg",1200,649,true],"qubely_portrait":["https:\/\/digidem-bayern.de\/wp-content\/uploads\/2020\/04\/corona-4930541_1920-540x320.jpg",540,320,true],"qubely_thumbnail":["https:\/\/digidem-bayern.de\/wp-content\/uploads\/2020\/04\/corona-4930541_1920-140x100.jpg",140,100,true],"post-thumbnail":["https:\/\/digidem-bayern.de\/wp-content\/uploads\/2020\/04\/corona-4930541_1920-495x167.jpg",495,167,true],"kahuna-featured":["https:\/\/digidem-bayern.de\/wp-content\/uploads\/2020\/04\/corona-4930541_1920-495x350.jpg",495,350,true],"kahuna-featured-lp":["https:\/\/digidem-bayern.de\/wp-content\/uploads\/2020\/04\/corona-4930541_1920-460x350.jpg",460,350,true],"kahuna-featured-half":["https:\/\/digidem-bayern.de\/wp-content\/uploads\/2020\/04\/corona-4930541_1920-800x350.jpg",800,350,true],"kahuna-featured-third":["https:\/\/digidem-bayern.de\/wp-content\/uploads\/2020\/04\/corona-4930541_1920-512x350.jpg",512,350,true],"kahuna-lpbox-1":["https:\/\/digidem-bayern.de\/wp-content\/uploads\/2020\/04\/corona-4930541_1920-460x350.jpg",394,300,true],"kahuna-lpbox-2":["https:\/\/digidem-bayern.de\/wp-content\/uploads\/2020\/04\/corona-4930541_1920-460x350.jpg",460,350,true],"demand-language-flag":["https:\/\/digidem-bayern.de\/wp-content\/uploads\/2020\/04\/corona-4930541_1920.jpg",36,12,false],"dddkt-language-flag":["https:\/\/digidem-bayern.de\/wp-content\/uploads\/2020\/04\/corona-4930541_1920.jpg",36,12,false],"ddiqc-language-flag":["https:\/\/digidem-bayern.de\/wp-content\/uploads\/2020\/04\/corona-4930541_1920.jpg",36,12,false],"ddtl-language-flag":["https:\/\/digidem-bayern.de\/wp-content\/uploads\/2020\/04\/corona-4930541_1920.jpg",36,12,false],"mailpoet_newsletter_max":["https:\/\/digidem-bayern.de\/wp-content\/uploads\/2020\/04\/corona-4930541_1920-1320x446.jpg",1320,446,true],"kahuna-lpbox-3":["https:\/\/digidem-bayern.de\/wp-content\/uploads\/2020\/04\/corona-4930541_1920-460x350.jpg",460,350,true],"kahuna-featured-square":["https:\/\/digidem-bayern.de\/wp-content\/uploads\/2020\/04\/corona-4930541_1920-512x512.jpg",512,512,true],"kahuna-featured-square-large":["https:\/\/digidem-bayern.de\/wp-content\/uploads\/2020\/04\/corona-4930541_1920-1024x649.jpg",1024,649,true]},"qubely_author":{"display_name":"Michael Zeiler","author_link":"https:\/\/digidem-bayern.de\/en\/author\/michael-zeiler\/"},"qubely_comment":0,"qubely_category":"<a href=\"https:\/\/digidem-bayern.de\/en\/category\/aktuelles-zu-digidem\/\" rel=\"category tag\">Aktuelles zu digiDEM<\/a>","qubely_excerpt":"Wie erkl\u00e4rt man Menschen mit kognitiven Einschr\u00e4nkungen die aktuelle Situation? Welche Informationen sind f\u00fcr pflegende Angeh\u00f6rige zurzeit besonders wichtig? Dazu gibt es hier einige Link-Tipps. Informationen f\u00fcr Menschen mit kognitiven Einschr\u00e4nkungen Die \u201eAktion Mensch\u201c hat auf einer Webseite barrierefreie Informationen \u00fcber das neue Corona-Virus zusammengestellt. Dazu z\u00e4hlen zum Beispiel Artikel &hellip;","featured_image_urls_v2":{"full":["https:\/\/digidem-bayern.de\/wp-content\/uploads\/2020\/04\/corona-4930541_1920.jpg",1600,541,false],"thumbnail":["https:\/\/digidem-bayern.de\/wp-content\/uploads\/2020\/04\/corona-4930541_1920-80x80.jpg",80,80,true],"medium":["https:\/\/digidem-bayern.de\/wp-content\/uploads\/2020\/04\/corona-4930541_1920-300x101.jpg",300,101,true],"medium_large":["https:\/\/digidem-bayern.de\/wp-content\/uploads\/2020\/04\/corona-4930541_1920-768x260.jpg",768,260,true],"large":["https:\/\/digidem-bayern.de\/wp-content\/uploads\/2020\/04\/corona-4930541_1920-1030x348.jpg",1030,348,true],"1536x1536":["https:\/\/digidem-bayern.de\/wp-content\/uploads\/2020\/04\/corona-4930541_1920-1536x519.jpg",1536,519,true],"2048x2048":["https:\/\/digidem-bayern.de\/wp-content\/uploads\/2020\/04\/corona-4930541_1920.jpg",1600,541,false],"trp-custom-language-flag":["https:\/\/digidem-bayern.de\/wp-content\/uploads\/2020\/04\/corona-4930541_1920.jpg",18,6,false],"qubely_landscape":["https:\/\/digidem-bayern.de\/wp-content\/uploads\/2020\/04\/corona-4930541_1920-1200x649.jpg",1200,649,true],"qubely_portrait":["https:\/\/digidem-bayern.de\/wp-content\/uploads\/2020\/04\/corona-4930541_1920-540x320.jpg",540,320,true],"qubely_thumbnail":["https:\/\/digidem-bayern.de\/wp-content\/uploads\/2020\/04\/corona-4930541_1920-140x100.jpg",140,100,true],"post-thumbnail":["https:\/\/digidem-bayern.de\/wp-content\/uploads\/2020\/04\/corona-4930541_1920-495x167.jpg",495,167,true],"kahuna-featured":["https:\/\/digidem-bayern.de\/wp-content\/uploads\/2020\/04\/corona-4930541_1920-495x350.jpg",495,350,true],"kahuna-featured-lp":["https:\/\/digidem-bayern.de\/wp-content\/uploads\/2020\/04\/corona-4930541_1920-460x350.jpg",460,350,true],"kahuna-featured-half":["https:\/\/digidem-bayern.de\/wp-content\/uploads\/2020\/04\/corona-4930541_1920-800x350.jpg",800,350,true],"kahuna-featured-third":["https:\/\/digidem-bayern.de\/wp-content\/uploads\/2020\/04\/corona-4930541_1920-512x350.jpg",512,350,true],"kahuna-lpbox-1":["https:\/\/digidem-bayern.de\/wp-content\/uploads\/2020\/04\/corona-4930541_1920-460x350.jpg",394,300,true],"kahuna-lpbox-2":["https:\/\/digidem-bayern.de\/wp-content\/uploads\/2020\/04\/corona-4930541_1920-460x350.jpg",460,350,true],"demand-language-flag":["https:\/\/digidem-bayern.de\/wp-content\/uploads\/2020\/04\/corona-4930541_1920.jpg",36,12,false],"dddkt-language-flag":["https:\/\/digidem-bayern.de\/wp-content\/uploads\/2020\/04\/corona-4930541_1920.jpg",36,12,false],"ddiqc-language-flag":["https:\/\/digidem-bayern.de\/wp-content\/uploads\/2020\/04\/corona-4930541_1920.jpg",36,12,false],"ddtl-language-flag":["https:\/\/digidem-bayern.de\/wp-content\/uploads\/2020\/04\/corona-4930541_1920.jpg",36,12,false],"mailpoet_newsletter_max":["https:\/\/digidem-bayern.de\/wp-content\/uploads\/2020\/04\/corona-4930541_1920-1320x446.jpg",1320,446,true],"kahuna-lpbox-3":["https:\/\/digidem-bayern.de\/wp-content\/uploads\/2020\/04\/corona-4930541_1920-460x350.jpg",460,350,true],"kahuna-featured-square":["https:\/\/digidem-bayern.de\/wp-content\/uploads\/2020\/04\/corona-4930541_1920-512x512.jpg",512,512,true],"kahuna-featured-square-large":["https:\/\/digidem-bayern.de\/wp-content\/uploads\/2020\/04\/corona-4930541_1920-1024x649.jpg",1024,649,true]},"post_excerpt_stackable_v2":"<p>Wie erkl\u00e4rt man Menschen mit kognitiven Einschr\u00e4nkungen die aktuelle Situation? Welche Informationen sind f\u00fcr pflegende Angeh\u00f6rige zurzeit besonders wichtig? Dazu gibt es hier einige Link-Tipps. Informationen f\u00fcr Menschen mit kognitiven Einschr\u00e4nkungen Die \u201eAktion Mensch\u201c hat auf einer Webseite barrierefreie Informationen \u00fcber das neue Corona-Virus zusammengestellt. Dazu z\u00e4hlen zum Beispiel Artikel in Leichter Sprache, die f\u00fcr Menschen mit kognitiven Einschr\u00e4nkungen geeignet sind: Aktion Mensch: Informationen zum Corona-Virus Auch das Bayerische Staatsministerium f\u00fcr Gesundheit und Pflege bietet Informationen in Leichter Sprache \u00fcber das Corona-Virus: Bayerisches Staatsministerium f\u00fcr Gesundheit und Pflege: Corona-Virus in Bayern Informationen f\u00fcr pflegende Angeh\u00f6rige Die Deutsche Alzheimer-Gesellschaft gibt auf&hellip;<\/p>\n","category_list_v2":"<a href=\"https:\/\/digidem-bayern.de\/en\/category\/aktuelles-zu-digidem\/\" rel=\"category tag\">Aktuelles zu digiDEM<\/a>","author_info_v2":{"name":"Michael Zeiler","url":"https:\/\/digidem-bayern.de\/en\/author\/michael-zeiler\/"},"comments_num_v2":"0 comments","yoast_head":"<!-- This site is optimized with the Yoast SEO plugin v27.4 - https:\/\/yoast.com\/product\/yoast-seo-wordpress\/ -->\n<title>Informationen zum Corona-Virus - digiDEM Bayern<\/title>\n<meta name=\"description\" content=\"Link-Tipps: Wie erkl\u00e4rt man Menschen kognitiven Einschr\u00e4nkungen die Corona-Krise? Welche Informationen sind f\u00fcr pflegende Angeh\u00f6rige am dringendsten?\" \/>\n<meta name=\"robots\" content=\"index, follow, max-snippet:-1, max-image-preview:large, max-video-preview:-1\" \/>\n<link rel=\"canonical\" href=\"https:\/\/digidem-bayern.de\/en\/informationen-zum-corona-virus\/\" \/>\n<meta property=\"og:locale\" content=\"en_US\" \/>\n<meta property=\"og:type\" content=\"article\" \/>\n<meta property=\"og:title\" content=\"Informationen zum Corona-Virus - digiDEM Bayern\" \/>\n<meta property=\"og:description\" content=\"Link-Tipps: Wie erkl\u00e4rt man Menschen kognitiven Einschr\u00e4nkungen die Corona-Krise? Welche Informationen sind f\u00fcr pflegende Angeh\u00f6rige am dringendsten?\" \/>\n<meta property=\"og:url\" content=\"https:\/\/digidem-bayern.de\/en\/informationen-zum-corona-virus\/\" \/>\n<meta property=\"og:site_name\" content=\"digiDEM Bayern\" \/>\n<meta property=\"article:publisher\" content=\"https:\/\/www.facebook.com\/digiDEMBayern\/\" \/>\n<meta property=\"article:published_time\" content=\"2020-04-02T11:48:23+00:00\" \/>\n<meta property=\"article:modified_time\" content=\"2020-04-02T15:56:51+00:00\" \/>\n<meta property=\"og:image\" content=\"https:\/\/digidem-bayern.de\/wp-content\/uploads\/2020\/04\/corona-4930541_1920.jpg\" \/>\n\t<meta property=\"og:image:width\" content=\"1600\" \/>\n\t<meta property=\"og:image:height\" content=\"541\" \/>\n\t<meta property=\"og:image:type\" content=\"image\/jpeg\" \/>\n<meta name=\"author\" content=\"Michael Zeiler\" \/>\n<meta name=\"twitter:label1\" content=\"Written by\" \/>\n\t<meta name=\"twitter:data1\" content=\"Michael Zeiler\" \/>\n\t<meta name=\"twitter:label2\" content=\"Est. reading time\" \/>\n\t<meta name=\"twitter:data2\" content=\"1 minute\" \/>\n<script type=\"application\/ld+json\" class=\"yoast-schema-graph\">{\"@context\":\"https:\\\/\\\/schema.org\",\"@graph\":[{\"@type\":\"Article\",\"@id\":\"https:\\\/\\\/digidem-bayern.de\\\/informationen-zum-corona-virus\\\/#article\",\"isPartOf\":{\"@id\":\"https:\\\/\\\/digidem-bayern.de\\\/informationen-zum-corona-virus\\\/\"},\"author\":{\"name\":\"Michael Zeiler\",\"@id\":\"\\\/#\\\/schema\\\/person\\\/92754ad381f49b3c358d1d8d2c4f90b8\"},\"headline\":\"Informationen zum Corona-Virus\",\"datePublished\":\"2020-04-02T11:48:23+00:00\",\"dateModified\":\"2020-04-02T15:56:51+00:00\",\"mainEntityOfPage\":{\"@id\":\"https:\\\/\\\/digidem-bayern.de\\\/informationen-zum-corona-virus\\\/\"},\"wordCount\":173,\"publisher\":{\"@id\":\"\\\/#organization\"},\"image\":{\"@id\":\"https:\\\/\\\/digidem-bayern.de\\\/informationen-zum-corona-virus\\\/#primaryimage\"},\"thumbnailUrl\":\"https:\\\/\\\/digidem-bayern.de\\\/wp-content\\\/uploads\\\/2020\\\/04\\\/corona-4930541_1920.jpg\",\"keywords\":[\"Alzheimer\",\"Angeh\u00f6rige\",\"Corona\",\"Coronavirus\",\"Demenz.\",\"digidem\",\"digidem Bayern\",\"Digitales Demenzregister Bayern\",\"Pandemie\",\"Pflege\"],\"articleSection\":[\"Aktuelles zu digiDEM\"],\"inLanguage\":\"en-US\"},{\"@type\":\"WebPage\",\"@id\":\"https:\\\/\\\/digidem-bayern.de\\\/informationen-zum-corona-virus\\\/\",\"url\":\"https:\\\/\\\/digidem-bayern.de\\\/informationen-zum-corona-virus\\\/\",\"name\":\"Informationen zum Corona-Virus - digiDEM Bayern\",\"isPartOf\":{\"@id\":\"\\\/#website\"},\"primaryImageOfPage\":{\"@id\":\"https:\\\/\\\/digidem-bayern.de\\\/informationen-zum-corona-virus\\\/#primaryimage\"},\"image\":{\"@id\":\"https:\\\/\\\/digidem-bayern.de\\\/informationen-zum-corona-virus\\\/#primaryimage\"},\"thumbnailUrl\":\"https:\\\/\\\/digidem-bayern.de\\\/wp-content\\\/uploads\\\/2020\\\/04\\\/corona-4930541_1920.jpg\",\"datePublished\":\"2020-04-02T11:48:23+00:00\",\"dateModified\":\"2020-04-02T15:56:51+00:00\",\"description\":\"Link-Tipps: Wie erkl\u00e4rt man Menschen kognitiven Einschr\u00e4nkungen die Corona-Krise? Welche Informationen sind f\u00fcr pflegende Angeh\u00f6rige am dringendsten?\",\"breadcrumb\":{\"@id\":\"https:\\\/\\\/digidem-bayern.de\\\/informationen-zum-corona-virus\\\/#breadcrumb\"},\"inLanguage\":\"en-US\",\"potentialAction\":[{\"@type\":\"ReadAction\",\"target\":[\"https:\\\/\\\/digidem-bayern.de\\\/informationen-zum-corona-virus\\\/\"]}]},{\"@type\":\"ImageObject\",\"inLanguage\":\"en-US\",\"@id\":\"https:\\\/\\\/digidem-bayern.de\\\/informationen-zum-corona-virus\\\/#primaryimage\",\"url\":\"https:\\\/\\\/digidem-bayern.de\\\/wp-content\\\/uploads\\\/2020\\\/04\\\/corona-4930541_1920.jpg\",\"contentUrl\":\"https:\\\/\\\/digidem-bayern.de\\\/wp-content\\\/uploads\\\/2020\\\/04\\\/corona-4930541_1920.jpg\",\"width\":1600,\"height\":541,\"caption\":\"Grafik Coronaviren\"},{\"@type\":\"BreadcrumbList\",\"@id\":\"https:\\\/\\\/digidem-bayern.de\\\/informationen-zum-corona-virus\\\/#breadcrumb\",\"itemListElement\":[{\"@type\":\"ListItem\",\"position\":1,\"name\":\"Startseite\",\"item\":\"https:\\\/\\\/digidem-bayern.de\\\/\"},{\"@type\":\"ListItem\",\"position\":2,\"name\":\"Informationen zum Corona-Virus\"}]},{\"@type\":\"WebSite\",\"@id\":\"\\\/#website\",\"url\":\"\\\/\",\"name\":\"digiDEM Bayern\",\"description\":\"Das digitale Demenzregister Bayern erforscht und verbessert die Angebotsstuktur f\u00fcr Menschen mit Demenz und deren Angeh\u00f6rige\",\"publisher\":{\"@id\":\"\\\/#organization\"},\"potentialAction\":[{\"@type\":\"SearchAction\",\"target\":{\"@type\":\"EntryPoint\",\"urlTemplate\":\"\\\/?s={search_term_string}\"},\"query-input\":{\"@type\":\"PropertyValueSpecification\",\"valueRequired\":true,\"valueName\":\"search_term_string\"}}],\"inLanguage\":\"en-US\"},{\"@type\":\"Organization\",\"@id\":\"\\\/#organization\",\"name\":\"digiDEM Bayern\",\"url\":\"\\\/\",\"logo\":{\"@type\":\"ImageObject\",\"inLanguage\":\"en-US\",\"@id\":\"\\\/#\\\/schema\\\/logo\\\/image\\\/\",\"url\":\"https:\\\/\\\/digidem-bayern.de\\\/wp-content\\\/uploads\\\/2022\\\/03\\\/cropped-Allgemeines_digiDEMLOGO-removebg-preview.png\",\"contentUrl\":\"https:\\\/\\\/digidem-bayern.de\\\/wp-content\\\/uploads\\\/2022\\\/03\\\/cropped-Allgemeines_digiDEMLOGO-removebg-preview.png\",\"width\":612,\"height\":357,\"caption\":\"digiDEM Bayern\"},\"image\":{\"@id\":\"\\\/#\\\/schema\\\/logo\\\/image\\\/\"},\"sameAs\":[\"https:\\\/\\\/www.facebook.com\\\/digiDEMBayern\\\/\",\"https:\\\/\\\/x.com\\\/digidem_bayern\",\"https:\\\/\\\/www.instagram.com\\\/digidem.bayern\",\"https:\\\/\\\/www.linkedin.com\\\/company\\\/digidem-bayern\\\/\"]},{\"@type\":\"Person\",\"@id\":\"\\\/#\\\/schema\\\/person\\\/92754ad381f49b3c358d1d8d2c4f90b8\",\"name\":\"Michael Zeiler\",\"url\":\"https:\\\/\\\/digidem-bayern.de\\\/en\\\/author\\\/michael-zeiler\\\/\"}]}<\/script>\n<!-- \/ Yoast SEO plugin. -->","yoast_head_json":{"title":"Informationen zum Corona-Virus - digiDEM Bayern","description":"Link-Tipps: Wie erkl\u00e4rt man Menschen kognitiven Einschr\u00e4nkungen die Corona-Krise? Welche Informationen sind f\u00fcr pflegende Angeh\u00f6rige am dringendsten?","robots":{"index":"index","follow":"follow","max-snippet":"max-snippet:-1","max-image-preview":"max-image-preview:large","max-video-preview":"max-video-preview:-1"},"canonical":"https:\/\/digidem-bayern.de\/en\/informationen-zum-corona-virus\/","og_locale":"en_US","og_type":"article","og_title":"Informationen zum Corona-Virus - digiDEM Bayern","og_description":"Link-Tipps: Wie erkl\u00e4rt man Menschen kognitiven Einschr\u00e4nkungen die Corona-Krise? Welche Informationen sind f\u00fcr pflegende Angeh\u00f6rige am dringendsten?","og_url":"https:\/\/digidem-bayern.de\/en\/informationen-zum-corona-virus\/","og_site_name":"digiDEM Bayern","article_publisher":"https:\/\/www.facebook.com\/digiDEMBayern\/","article_published_time":"2020-04-02T11:48:23+00:00","article_modified_time":"2020-04-02T15:56:51+00:00","og_image":[{"width":1600,"height":541,"url":"https:\/\/digidem-bayern.de\/wp-content\/uploads\/2020\/04\/corona-4930541_1920.jpg","type":"image\/jpeg"}],"author":"Michael Zeiler","twitter_misc":{"Written by":"Michael Zeiler","Est. reading time":"1 minute"},"schema":{"@context":"https:\/\/schema.org","@graph":[{"@type":"Article","@id":"https:\/\/digidem-bayern.de\/informationen-zum-corona-virus\/#article","isPartOf":{"@id":"https:\/\/digidem-bayern.de\/informationen-zum-corona-virus\/"},"author":{"name":"Michael Zeiler","@id":"\/#\/schema\/person\/92754ad381f49b3c358d1d8d2c4f90b8"},"headline":"Informationen zum Corona-Virus","datePublished":"2020-04-02T11:48:23+00:00","dateModified":"2020-04-02T15:56:51+00:00","mainEntityOfPage":{"@id":"https:\/\/digidem-bayern.de\/informationen-zum-corona-virus\/"},"wordCount":173,"publisher":{"@id":"\/#organization"},"image":{"@id":"https:\/\/digidem-bayern.de\/informationen-zum-corona-virus\/#primaryimage"},"thumbnailUrl":"https:\/\/digidem-bayern.de\/wp-content\/uploads\/2020\/04\/corona-4930541_1920.jpg","keywords":["Alzheimer","Angeh\u00f6rige","Corona","Coronavirus","Demenz.","digidem","digidem Bayern","Digitales Demenzregister Bayern","Pandemie","Pflege"],"articleSection":["Aktuelles zu digiDEM"],"inLanguage":"en-US"},{"@type":"WebPage","@id":"https:\/\/digidem-bayern.de\/informationen-zum-corona-virus\/","url":"https:\/\/digidem-bayern.de\/informationen-zum-corona-virus\/","name":"Informationen zum Corona-Virus - digiDEM Bayern","isPartOf":{"@id":"\/#website"},"primaryImageOfPage":{"@id":"https:\/\/digidem-bayern.de\/informationen-zum-corona-virus\/#primaryimage"},"image":{"@id":"https:\/\/digidem-bayern.de\/informationen-zum-corona-virus\/#primaryimage"},"thumbnailUrl":"https:\/\/digidem-bayern.de\/wp-content\/uploads\/2020\/04\/corona-4930541_1920.jpg","datePublished":"2020-04-02T11:48:23+00:00","dateModified":"2020-04-02T15:56:51+00:00","description":"Link-Tipps: Wie erkl\u00e4rt man Menschen kognitiven Einschr\u00e4nkungen die Corona-Krise? Welche Informationen sind f\u00fcr pflegende Angeh\u00f6rige am dringendsten?","breadcrumb":{"@id":"https:\/\/digidem-bayern.de\/informationen-zum-corona-virus\/#breadcrumb"},"inLanguage":"en-US","potentialAction":[{"@type":"ReadAction","target":["https:\/\/digidem-bayern.de\/informationen-zum-corona-virus\/"]}]},{"@type":"ImageObject","inLanguage":"en-US","@id":"https:\/\/digidem-bayern.de\/informationen-zum-corona-virus\/#primaryimage","url":"https:\/\/digidem-bayern.de\/wp-content\/uploads\/2020\/04\/corona-4930541_1920.jpg","contentUrl":"https:\/\/digidem-bayern.de\/wp-content\/uploads\/2020\/04\/corona-4930541_1920.jpg","width":1600,"height":541,"caption":"Grafik Coronaviren"},{"@type":"BreadcrumbList","@id":"https:\/\/digidem-bayern.de\/informationen-zum-corona-virus\/#breadcrumb","itemListElement":[{"@type":"ListItem","position":1,"name":"Startseite","item":"https:\/\/digidem-bayern.de\/"},{"@type":"ListItem","position":2,"name":"Informationen zum Corona-Virus"}]},{"@type":"WebSite","@id":"\/#website","url":"\/","name":"digiDEM Bavaria","description":"The digital dementia register in Bavaria researches and improves the structure of services for people with dementia and their relatives","publisher":{"@id":"\/#organization"},"potentialAction":[{"@type":"SearchAction","target":{"@type":"EntryPoint","urlTemplate":"\/?s={search_term_string}"},"query-input":{"@type":"PropertyValueSpecification","valueRequired":true,"valueName":"search_term_string"}}],"inLanguage":"en-US"},{"@type":"Organization","@id":"\/#organization","name":"digiDEM Bavaria","url":"\/","logo":{"@type":"ImageObject","inLanguage":"en-US","@id":"\/#\/schema\/logo\/image\/","url":"https:\/\/digidem-bayern.de\/wp-content\/uploads\/2022\/03\/cropped-Allgemeines_digiDEMLOGO-removebg-preview.png","contentUrl":"https:\/\/digidem-bayern.de\/wp-content\/uploads\/2022\/03\/cropped-Allgemeines_digiDEMLOGO-removebg-preview.png","width":612,"height":357,"caption":"digiDEM Bayern"},"image":{"@id":"\/#\/schema\/logo\/image\/"},"sameAs":["https:\/\/www.facebook.com\/digiDEMBayern\/","https:\/\/x.com\/digidem_bayern","https:\/\/www.instagram.com\/digidem.bayern","https:\/\/www.linkedin.com\/company\/digidem-bayern\/"]},{"@type":"Person","@id":"\/#\/schema\/person\/92754ad381f49b3c358d1d8d2c4f90b8","name":"Michael Zeiler","url":"https:\/\/digidem-bayern.de\/en\/author\/michael-zeiler\/"}]}},"uagb_featured_image_src":{"full":["https:\/\/digidem-bayern.de\/wp-content\/uploads\/2020\/04\/corona-4930541_1920.jpg",1600,541,false],"thumbnail":["https:\/\/digidem-bayern.de\/wp-content\/uploads\/2020\/04\/corona-4930541_1920-80x80.jpg",80,80,true],"medium":["https:\/\/digidem-bayern.de\/wp-content\/uploads\/2020\/04\/corona-4930541_1920-300x101.jpg",300,101,true],"medium_large":["https:\/\/digidem-bayern.de\/wp-content\/uploads\/2020\/04\/corona-4930541_1920-768x260.jpg",768,260,true],"large":["https:\/\/digidem-bayern.de\/wp-content\/uploads\/2020\/04\/corona-4930541_1920-1030x348.jpg",1030,348,true],"1536x1536":["https:\/\/digidem-bayern.de\/wp-content\/uploads\/2020\/04\/corona-4930541_1920-1536x519.jpg",1536,519,true],"2048x2048":["https:\/\/digidem-bayern.de\/wp-content\/uploads\/2020\/04\/corona-4930541_1920.jpg",1600,541,false],"trp-custom-language-flag":["https:\/\/digidem-bayern.de\/wp-content\/uploads\/2020\/04\/corona-4930541_1920.jpg",18,6,false],"qubely_landscape":["https:\/\/digidem-bayern.de\/wp-content\/uploads\/2020\/04\/corona-4930541_1920-1200x649.jpg",1200,649,true],"qubely_portrait":["https:\/\/digidem-bayern.de\/wp-content\/uploads\/2020\/04\/corona-4930541_1920-540x320.jpg",540,320,true],"qubely_thumbnail":["https:\/\/digidem-bayern.de\/wp-content\/uploads\/2020\/04\/corona-4930541_1920-140x100.jpg",140,100,true],"post-thumbnail":["https:\/\/digidem-bayern.de\/wp-content\/uploads\/2020\/04\/corona-4930541_1920-495x167.jpg",495,167,true],"kahuna-featured":["https:\/\/digidem-bayern.de\/wp-content\/uploads\/2020\/04\/corona-4930541_1920-495x350.jpg",495,350,true],"kahuna-featured-lp":["https:\/\/digidem-bayern.de\/wp-content\/uploads\/2020\/04\/corona-4930541_1920-460x350.jpg",460,350,true],"kahuna-featured-half":["https:\/\/digidem-bayern.de\/wp-content\/uploads\/2020\/04\/corona-4930541_1920-800x350.jpg",800,350,true],"kahuna-featured-third":["https:\/\/digidem-bayern.de\/wp-content\/uploads\/2020\/04\/corona-4930541_1920-512x350.jpg",512,350,true],"kahuna-lpbox-1":["https:\/\/digidem-bayern.de\/wp-content\/uploads\/2020\/04\/corona-4930541_1920-460x350.jpg",394,300,true],"kahuna-lpbox-2":["https:\/\/digidem-bayern.de\/wp-content\/uploads\/2020\/04\/corona-4930541_1920-460x350.jpg",460,350,true],"demand-language-flag":["https:\/\/digidem-bayern.de\/wp-content\/uploads\/2020\/04\/corona-4930541_1920.jpg",36,12,false],"dddkt-language-flag":["https:\/\/digidem-bayern.de\/wp-content\/uploads\/2020\/04\/corona-4930541_1920.jpg",36,12,false],"ddiqc-language-flag":["https:\/\/digidem-bayern.de\/wp-content\/uploads\/2020\/04\/corona-4930541_1920.jpg",36,12,false],"ddtl-language-flag":["https:\/\/digidem-bayern.de\/wp-content\/uploads\/2020\/04\/corona-4930541_1920.jpg",36,12,false],"mailpoet_newsletter_max":["https:\/\/digidem-bayern.de\/wp-content\/uploads\/2020\/04\/corona-4930541_1920-1320x446.jpg",1320,446,true],"kahuna-lpbox-3":["https:\/\/digidem-bayern.de\/wp-content\/uploads\/2020\/04\/corona-4930541_1920-460x350.jpg",460,350,true],"kahuna-featured-square":["https:\/\/digidem-bayern.de\/wp-content\/uploads\/2020\/04\/corona-4930541_1920-512x512.jpg",512,512,true],"kahuna-featured-square-large":["https:\/\/digidem-bayern.de\/wp-content\/uploads\/2020\/04\/corona-4930541_1920-1024x649.jpg",1024,649,true]},"uagb_author_info":{"display_name":"Michael Zeiler","author_link":"https:\/\/digidem-bayern.de\/en\/author\/michael-zeiler\/"},"uagb_comment_info":0,"uagb_excerpt":"Wie erkl\u00e4rt man Menschen mit kognitiven Einschr\u00e4nkungen die aktuelle Situation? Welche Informationen sind f\u00fcr pflegende Angeh\u00f6rige zurzeit besonders wichtig? Dazu gibt es hier einige Link-Tipps. Informationen f\u00fcr Menschen mit kognitiven Einschr\u00e4nkungen Die \u201eAktion Mensch\u201c hat auf einer Webseite barrierefreie Informationen \u00fcber das neue Corona-Virus zusammengestellt. Dazu z\u00e4hlen zum Beispiel Artikel &hellip;","_links":{"self":[{"href":"https:\/\/digidem-bayern.de\/en\/wp-json\/wp\/v2\/posts\/4666","targetHints":{"allow":["GET"]}}],"collection":[{"href":"https:\/\/digidem-bayern.de\/en\/wp-json\/wp\/v2\/posts"}],"about":[{"href":"https:\/\/digidem-bayern.de\/en\/wp-json\/wp\/v2\/types\/post"}],"author":[{"embeddable":true,"href":"https:\/\/digidem-bayern.de\/en\/wp-json\/wp\/v2\/users\/11"}],"replies":[{"embeddable":true,"href":"https:\/\/digidem-bayern.de\/en\/wp-json\/wp\/v2\/comments?post=4666"}],"version-history":[{"count":0,"href":"https:\/\/digidem-bayern.de\/en\/wp-json\/wp\/v2\/posts\/4666\/revisions"}],"wp:featuredmedia":[{"embeddable":true,"href":"https:\/\/digidem-bayern.de\/en\/wp-json\/wp\/v2\/media\/4669"}],"wp:attachment":[{"href":"https:\/\/digidem-bayern.de\/en\/wp-json\/wp\/v2\/media?parent=4666"}],"wp:term":[{"taxonomy":"category","embeddable":true,"href":"https:\/\/digidem-bayern.de\/en\/wp-json\/wp\/v2\/categories?post=4666"},{"taxonomy":"post_tag","embeddable":true,"href":"https:\/\/digidem-bayern.de\/en\/wp-json\/wp\/v2\/tags?post=4666"}],"curies":[{"name":"wp","href":"https:\/\/api.w.org\/{rel}","templated":true}]}}