{"id":46657,"date":"2025-11-18T08:42:00","date_gmt":"2025-11-18T07:42:00","guid":{"rendered":"https:\/\/digidem-bayern.de\/?p=46657"},"modified":"2025-11-18T08:46:57","modified_gmt":"2025-11-18T07:46:57","slug":"technologiegestuetzte-pflege-aus-der-ferne","status":"publish","type":"post","link":"https:\/\/digidem-bayern.de\/en\/technologiegestuetzte-pflege-aus-der-ferne\/","title":{"rendered":"Technologiegest\u00fctzte Pflege aus der Ferne"},"content":{"rendered":"<p>Welche L\u00f6sungen gibt es f\u00fcr pflegebed\u00fcrftige \u00e4ltere Menschen, deren erwachsene Einzelkinder sie zwar gerne pflegen w\u00fcrden, aber weit entfernt oder gar im Ausland leben?&nbsp;Sie wollen Verantwortung \u00fcbernehmen, k\u00f6nnen aber oft keine direkte Pflege leisten. Smart-Home-Technologien und Assistenzroboter scheinen auf den ersten Blick eine L\u00f6sung zu bieten: Sie versprechen Sicherheit, Gesundheits\u00fcberwachung und sogar Gesellschaft f\u00fcr die Eltern, ohne dass die Kinder physisch anwesend sein m\u00fcssen. Doch damit verbinden sich tiefgehende ethische Fragen. &nbsp;<\/p>\n\n\n\n<p>In ihrer Studie, die im Juli 2025 im Fachmagazin BMC ver\u00f6ffentlicht wurde, untersuchten Forschende aus der Schweiz, Singapur und Deutschland zwei zentrale Fragestellungen. Sie wollten wissen, welche ethischen Fragen befragten Einzelkindern aufgeworfen haben, wenn sie speziell f\u00fcr die Pflege auf Distanz unterst\u00fctzende, \u00fcberwachende und robotergest\u00fctzte Technologien in Betracht ziehen.&nbsp;Andererseits interessierten sich die Forschenden daf\u00fcr, wie die Kinder ethische Bedenken mit den M\u00f6glichkeiten in Einklang bringen, die diese Technologien bieten k\u00f6nnten, um Herausforderungen in der Fernpflege zu mildern.<\/p>\n\n\n\n<p>Im Mittelpunkt der Untersuchung standen 26 Erwachsene zwischen 28 und 45 Jahren, die r\u00e4umlich getrennt und \u00fcber mehrere Kontinente hinweg von Ihren zu pflegenden Eltern lebten. In Interviews gaben die Kinder Auskunft dar\u00fcber, wie sie Chancen und Risiken von&nbsp;Fern\u00fcberwachung und tragbaren Technologien, sogenannten Wearables, die zum Beispiel&nbsp;Herzfrequenz, Aktivit\u00e4tsniveau und Blutsauerstoffgehalt messensowie den Einsatz von Robotern f\u00fcr&nbsp;die Pflege ihrer Eltern abw\u00e4gen. Dar\u00fcber hinaus \u00e4u\u00dferten sie sich \u00fcber die potenziellen Vor- und Nachteile von Robotern, die in der Pflege ihrer Eltern zum Einsatz kommen.&nbsp;<\/p>\n\n\n\n<p>F\u00fcr die Befragten waren zwei Spannungsfelder wichtig. \u201eErstens sahen die Teilnehmenden die Notwendigkeit, gute Ergebnisse bei der Pflege ihrer Eltern zu erzielen und ihre Verantwortung, deren Gesundheit und Sicherheit zu gew\u00e4hrleisten, abzuw\u00e4gen gegen den Respekt vor deren Autonomie, W\u00fcrde und Privatsph\u00e4re\u201c, hei\u00dft es in der Studie.\u00a0Smart-Home-Systeme schaffen zwar Sicherheit, greifen aber in die Privatsph\u00e4re ein. Einige Teilnehmende hielten Eingriffe in die Autonomie f\u00fcr vertretbar, wenn sie die Gesundheit ihrer Eltern sch\u00fctzen. Andere legten mehr Wert auf Freiwilligkeit und Mitbestimmung.\u00a0<\/p>\n\n\n\n<p>Zweitens war f\u00fcr die Befragten das Verh\u00e4ltnis zwischen technologischer Unterst\u00fctzung und echter emotionaler N\u00e4he von gro\u00dfer Bedeutung. Ein Gro\u00dfteil der Kinder verstand Technik als Erg\u00e4nzung, aber nicht als Ersatz f\u00fcr die pers\u00f6nliche Beziehung. Die Pflege durch ein Kind habe einen besonderen emotionalen Wert, den keine Maschine leisten k\u00f6nne. &nbsp;<\/p>\n\n\n\n<div style=\"height:10px\" aria-hidden=\"true\" class=\"wp-block-spacer\"><\/div>\n\n\n\n<div class=\"wp-block-columns is-layout-flex wp-container-core-columns-is-layout-9d6595d7 wp-block-columns-is-layout-flex\">\n<div class=\"wp-block-column is-layout-flow wp-block-column-is-layout-flow\" style=\"flex-basis:20%\"><\/div>\n\n\n\n<div class=\"wp-block-column is-layout-flow wp-block-column-is-layout-flow\" style=\"flex-basis:60%\">\n<p class=\"has-text-align-center\"><strong>\u201e<strong><strong><strong><strong><strong><strong><strong><strong><strong><strong>Viele Pflegesituationen erfordern eine individuelle Balance zwischen dem Einsatz von technischen Hilfsmitteln und der menschlichen Zuwendung<\/strong><\/strong><\/strong><\/strong><\/strong><\/strong><\/strong><\/strong><\/strong>.<\/strong><span style=\"caret-color: rgb(0, 0, 0); color: rgb(0, 0, 0); font-family: -webkit-standard; font-size: medium; font-weight: 400; text-align: start; white-space: normal;\"><\/span>\u201c<\/strong><\/p>\n\n\n\n<p class=\"has-text-align-center\"><strong><strong>Lisa Laininger,<\/strong> <strong>digiDEM Bayern-Wissenschaftler<\/strong><\/strong>in<\/p>\n<\/div>\n\n\n\n<div class=\"wp-block-column is-layout-flow wp-block-column-is-layout-flow\" style=\"flex-basis:20%\"><\/div>\n<\/div>\n\n\n\n<div style=\"height:10px\" aria-hidden=\"true\" class=\"wp-block-spacer\"><\/div>\n\n\n\n<p>Gleichzeitig betonten die Studienteilnehmenden&nbsp;den praktischen Nutzen technischer Hilfen. So k\u00f6nnen Sensoren St\u00fcrze melden oder etwa auf&nbsp;Anzeichen von Ged\u00e4chtnisverlust hinweisen.&nbsp;Roboter hingegen k\u00f6nnen an die Einnahme&nbsp;von Medikamenten erinnern oder gegen Einsamkeit und soziale Isolation helfen.&nbsp;\u201eDer Einsatz neuer Technologien k\u00f6nnte Kindern potenziell neue M\u00f6glichkeiten er\u00f6ffnen, zur Pflege ihrer Eltern beizutragen, obwohl sie in r\u00e4umlicher Distanz zu diesen leben\u201c, schrieben die Forschenden. Wichtig war den Befragten jedoch, dass solche Ger\u00e4te anpassbar bleiben \u2013 also etwa von den \u00e4lteren Personen selbst kontrolliert werden k\u00f6nnen. So lie\u00dfe sich Autonomie mit Sicherheit vereinen. &nbsp;<\/p>\n\n\n\n<p>Die Studie legt dar, dass Entscheidungen f\u00fcr oder gegen den Einsatz von Technik nie rein pragmatisch getroffen werden, sondern auf komplexen Abw\u00e4gungen beruhen: Schutz und Wohlbefinden der Eltern auf der einen Seite, W\u00fcrde, Privatsph\u00e4re und famili\u00e4re N\u00e4he auf der anderen Seite. Die Steigerung des Gesundheits- und Sicherheitsniveaus von zu pflegenden Eltern k\u00f6nne mit dem Verlust von Respekt vor Autonomie, Privatsph\u00e4re und W\u00fcrde einhergehen. Viele Befragten betonten, ihre moralische Pflicht liege darin, Pflege verantwortungsvoll zu gestalten, auch wenn sie r\u00e4umlich getrennt seien. Dennoch empfanden sie emotionale Bindung und menschliche F\u00fcrsorge als unersetzlich und wollten verhindern, dass Technologie ihre pers\u00f6nliche Beziehung ersetzt. \u00a0<\/p>\n\n\n\n<p>\u201eUnsere Studie hat gezeigt, dass Fernpflegepersonen motiviert sind, Technologien zu nutzen, um ihren Verpflichtungen nachzukommen und die Gesundheit und Sicherheit ihrer Eltern zu gew\u00e4hrleisten. Allerdings beinhaltet die Entscheidung \u00fcber den Einsatz dieser Technologien das Abw\u00e4gen konkurrierender ethischer \u00dcberlegungen,\u201c so die Forschenden.\u00a0Aus den Ergebnissen l\u00e4sst sich ableiten, dass Smart-Home-Technologien Pflegehandlungen aus der Ferne zwar erleichtern, etwa das \u201eSich K\u00fcmmern\u201c und \u201eSich Sorgen\u201c, aber die direkte k\u00f6rperliche Pflege kaum ersetzen k\u00f6nnen. Insgesamt verdeutlicht die wissenschaftliche Publikation: Fernpflege mit digitalen Mitteln ist mehr als eine technische Herausforderung \u2013 sie ber\u00fchrt fundamentale Fragen menschlicher Beziehungen, Verantwortlichkeit und W\u00fcrde im Alter. \u00a0<\/p>\n\n\n\n<p>In ihrer Studie wiesen die Wissenschaftlerinnen und Wissenschaftler darauf hin, dass ihre Forschungsergebnisse aufgrund der Auswahl der Studienteilnehmenden nicht verallgemeinerbar sind. So basierte die Studie haupts\u00e4chlich auf den Aussagen gut&nbsp;ausgebildeter chinesisch-st\u00e4mmiger Einzelkinder, die \u00fcber eine gewisse Offenheit&nbsp;f\u00fcr die Diskussion von Smart-Home-Technologien in der Altenpflege verf\u00fcgten.&nbsp;Beachtet werden m\u00fcsse auch,&nbsp;dass nur die Perspektiven der Kinder untersucht wurden, nicht aber die der Eltern, die am st\u00e4rksten von&nbsp;der Nutzung der Technologien in der Pflege betroffen sein k\u00f6nnten.ist.<\/p>\n\n\n\n<p><strong>Tipp f\u00fcr die Praxis:<\/strong><\/p>\n\n\n\n<p>Sollten Sie r\u00e4umlich weit entfernt von zu Ihren zu pflegenden Angeh\u00f6rigen leben, k\u00f6nnen Fern\u00fcberwachungs- und tragbare Technologien helfen, die Pflege auch aus der Ferne zu erleichtern. Technik sollte aber immer in Hinblick auf Autonomie und Selbstbestimmung der zu pflegenden Personen eingesetzt werden.<\/p>\n\n\n\n<p>Hier gelangen Sie zur Studie:<\/p>\n\n\n\n<p><a href=\"https:\/\/bmcmedethics.biomedcentral.com\/articles\/10.1186\/s12910-025-01210-8\">Distance caregiving using smart home technologies: balancing ethical priorities in family decision-making by only children<\/a><\/p>\n\n\n\n<p><strong><strong>Wussten Sie, dass h\u00e4usliche Pflege auch Ihre positiven Seiten hat?&nbsp;<\/strong><\/strong>M\u00fcdigkeit, Stress, wenig Freizeit oder das Gef\u00fchl mangelnder Anerkennung: Angeh\u00f6rige, die zum Beispiel Menschen mit Demenz in ihrem h\u00e4uslichen Umfeld pflegen, empfinden ihre T\u00e4tigkeit oft als \u00fcberfordernd oder psychisch belastend. Erstmals in Deutschland hat ein Forschungsteam des&nbsp;Uniklinikums Erlangen und der Friedrich-Alexander-Universit\u00e4t Erlangen-N\u00fcrnberg (FAU) in einer aktuellen Studie die positiven Seiten nachgewiesen, die mit der Pfleget\u00e4tigkeit verbunden sind. <a href=\"https:\/\/digidem-bayern.de\/en\/haeusliche-pflege-hat-auch-ihre-positiven-seiten\/\">Den Beitrag \u00fcber die Forschungsergebnisse unserer Kolleginnen und Kollegen lesen Sie hier.&nbsp;<\/a><\/p>\n\n\n\n<p style=\"font-size:20px\">digiDEM Bayern entwickelt digitale Angebote f\u00fcr Menschen mit kognitiven Einschr\u00e4nkungen und Demenz sowie f\u00fcr pflegende An- und Zugeh\u00f6rige und ehrenamtliche Helfende und stellt die Angebote auf <a href=\"https:\/\/digidem-bayern.de\/en\/digitale-angebote\/\">digiDEM-Bayern.de<\/a> zur Verf\u00fcgung.<\/p>\n\n\n\n<p><strong>Unser Tipp:<\/strong> Viele Menschen mit Demenz werden daheim in ihrem vertrauten Lebensumfeld gepflegt. F\u00fcr die pflegenden An- und Zugeh\u00f6rigen bedeutet dies allerdings ein Mehr an Betreuungsaufwand. Denn pl\u00f6tzlich werden f\u00fcr Menschen mit Demenz zum Beispiel T\u00fcrschwellen zu gef\u00e4hrlichen Stolperfallen oder es k\u00f6nnen Bilder an der Wand die Desorientierung der Betroffenen verst\u00e4rken. digiDEM Bayern m\u00f6chte die pflegenden An- und Zugeh\u00f6rigen entlasten, Ma\u00dfnahmen zu ihrem eigenen Schutz vorstellen und zur Sicherheit der Betroffenen beitragen. Deshalb kooperieren wir mit der Unfallkasse Nordrhein-Westfalen und stellen gerne deren&nbsp;<strong>kostenfreie Online-Plattform \u201eSicheres Pflegen zu Hause\u201c<\/strong>&nbsp;zur Verf\u00fcgung. Nutzen Sie unser digitales Angebot, das sich als&nbsp;<strong>praktischer Ratgeber<\/strong>&nbsp;f\u00fcr den Alltag von Menschen mit Demenz und deren pflegenden An- und Zugeh\u00f6rigen versteht. <a href=\"https:\/\/digidem-bayern.de\/en\/digitales-angebot-portal-sicheres-pflegen-zu-hause\/\">Hier geht\u2019s zum Portal \u201eSicheres Pflegen zu Hause\u201c.&nbsp;<\/a><\/p>\n\n\n\n<p>Alle Newsletter, die bisher erschienen sind, k\u00f6nnen Sie auch Nachlesen:&nbsp;<a href=\"https:\/\/digidem-bayern.de\/en\/newsletter-archiv\/\">Hier geht\u2019s zu unserem Newsletter-Archiv.<\/a><\/p>\n\n\n\n<p>Nutzen Sie auch unseren digitalen Fragebogen &#8222;digiDEM Bayern DEMAND\u00ae&#8220; und empfehlen Sie ihn weiter. Er hilft pflegenden An- und Zugeh\u00f6rigen, die eigenen Versorgungsbedarfe zu erkennen, wenn der Pflegebedarf von Menschen mit Demenz steigt.&nbsp;<a href=\"https:\/\/digidem-bayern.de\/en\/digitales-angebot-demand\/\">Hier gelangen Sie zum Fragebogen &#8222;digiDEM Bayern DEMAND\u00ae&#8220;.<\/a><\/p>\n\n\n\n<p><a href=\"https:\/\/digidem-bayern.de\/en\/newsletter-archiv\/\">Hier geht\u2019s zu den bisherigen Ausgaben unseres Newsletters <em>digiDEM Bayern DIGITAL UPDATE.<\/em><\/a><\/p>\n\n\n\n<p><\/p>\n\n\n\n<div style=\"height:20px\" aria-hidden=\"true\" class=\"wp-block-spacer\"><\/div>\n\n\n\n<div style=\"height:20px\" aria-hidden=\"true\" class=\"wp-block-spacer\"><\/div>","protected":false},"excerpt":{"rendered":"<p>Welche L\u00f6sungen gibt es f\u00fcr pflegebed\u00fcrftige \u00e4ltere Menschen, deren erwachsene Einzelkinder sie zwar gerne pflegen w\u00fcrden, aber weit entfernt oder gar im Ausland leben?&nbsp;Sie wollen Verantwortung \u00fcbernehmen, k\u00f6nnen aber oft keine direkte Pflege leisten. Smart-Home-Technologien und Assistenzroboter scheinen auf den ersten Blick eine L\u00f6sung zu bieten: Sie versprechen Sicherheit, Gesundheits\u00fcberwachung &hellip;<\/p>","protected":false},"author":12,"featured_media":46655,"comment_status":"open","ping_status":"closed","sticky":false,"template":"","format":"standard","meta":{"qubely_global_settings":"","qubely_interactions":"","_uag_custom_page_level_css":"","footnotes":""},"categories":[8,5],"tags":[724,13,406,1787,1785,803,12,868,177,17,919,918,55,1786,1791,1782,1783,1793,454,1784,566,1781,1789,46,1790,1792,550,1788],"class_list":["post-46657","post","type-post","status-publish","format-standard","has-post-thumbnail","hentry","category-aktuelles-zu-digidem","category-wissenschaft-forschung","tag-altenpflege","tag-alzheimer","tag-alzheimer-demenz","tag-autonomie","tag-blutsauerstoff","tag-demand","tag-demenz-2","tag-demenz-frueherkennung","tag-demenzrisiko","tag-digidem-bayern","tag-digidem-bayern-digital-update","tag-digital-update","tag-digitales-demenzregister-bayern","tag-eltern","tag-emotionale-naehe","tag-ethische-bedenken","tag-fernueberwachung","tag-gedaechtnisverlust","tag-haeusliche-pflege","tag-herzfrequenz","tag-menschen-mit-demenz","tag-pflegeroboter","tag-privatsphaere","tag-roboter","tag-smart-home-systeme","tag-technische-hilfsmittel","tag-wearables","tag-wuerde"],"qubely_featured_image_url":{"full":["https:\/\/digidem-bayern.de\/wp-content\/uploads\/2025\/11\/IHO-Pflege-aus-der-Ferne.png",1080,1350,false],"landscape":["https:\/\/digidem-bayern.de\/wp-content\/uploads\/2025\/11\/IHO-Pflege-aus-der-Ferne-1080x750.png",1080,750,true],"portraits":["https:\/\/digidem-bayern.de\/wp-content\/uploads\/2025\/11\/IHO-Pflege-aus-der-Ferne-540x320.png",540,320,true],"thumbnail":["https:\/\/digidem-bayern.de\/wp-content\/uploads\/2025\/11\/IHO-Pflege-aus-der-Ferne-80x80.png",80,80,true],"medium":["https:\/\/digidem-bayern.de\/wp-content\/uploads\/2025\/11\/IHO-Pflege-aus-der-Ferne-240x300.png",240,300,true],"medium_large":["https:\/\/digidem-bayern.de\/wp-content\/uploads\/2025\/11\/IHO-Pflege-aus-der-Ferne-768x960.png",768,960,true],"large":["https:\/\/digidem-bayern.de\/wp-content\/uploads\/2025\/11\/IHO-Pflege-aus-der-Ferne-824x1030.png",824,1030,true],"1536x1536":["https:\/\/digidem-bayern.de\/wp-content\/uploads\/2025\/11\/IHO-Pflege-aus-der-Ferne.png",1080,1350,false],"2048x2048":["https:\/\/digidem-bayern.de\/wp-content\/uploads\/2025\/11\/IHO-Pflege-aus-der-Ferne.png",1080,1350,false],"trp-custom-language-flag":["https:\/\/digidem-bayern.de\/wp-content\/uploads\/2025\/11\/IHO-Pflege-aus-der-Ferne.png",10,12,false],"qubely_landscape":["https:\/\/digidem-bayern.de\/wp-content\/uploads\/2025\/11\/IHO-Pflege-aus-der-Ferne-1080x750.png",1080,750,true],"qubely_portrait":["https:\/\/digidem-bayern.de\/wp-content\/uploads\/2025\/11\/IHO-Pflege-aus-der-Ferne-540x320.png",540,320,true],"qubely_thumbnail":["https:\/\/digidem-bayern.de\/wp-content\/uploads\/2025\/11\/IHO-Pflege-aus-der-Ferne-140x100.png",140,100,true],"post-thumbnail":["https:\/\/digidem-bayern.de\/wp-content\/uploads\/2025\/11\/IHO-Pflege-aus-der-Ferne-280x350.png",280,350,true],"kahuna-featured":["https:\/\/digidem-bayern.de\/wp-content\/uploads\/2025\/11\/IHO-Pflege-aus-der-Ferne-734x350.png",734,350,true],"kahuna-featured-lp":["https:\/\/digidem-bayern.de\/wp-content\/uploads\/2025\/11\/IHO-Pflege-aus-der-Ferne-520x350.png",520,350,true],"kahuna-featured-half":["https:\/\/digidem-bayern.de\/wp-content\/uploads\/2025\/11\/IHO-Pflege-aus-der-Ferne-800x350.png",800,350,true],"kahuna-featured-third":["https:\/\/digidem-bayern.de\/wp-content\/uploads\/2025\/11\/IHO-Pflege-aus-der-Ferne-512x350.png",512,350,true],"kahuna-lpbox-1":["https:\/\/digidem-bayern.de\/wp-content\/uploads\/2025\/11\/IHO-Pflege-aus-der-Ferne-520x300.png",520,300,true],"kahuna-lpbox-2":["https:\/\/digidem-bayern.de\/wp-content\/uploads\/2025\/11\/IHO-Pflege-aus-der-Ferne-520x350.png",520,350,true],"demand-language-flag":["https:\/\/digidem-bayern.de\/wp-content\/uploads\/2025\/11\/IHO-Pflege-aus-der-Ferne-36x36.png",36,36,true],"dddkt-language-flag":["https:\/\/digidem-bayern.de\/wp-content\/uploads\/2025\/11\/IHO-Pflege-aus-der-Ferne-36x36.png",36,36,true],"ddiqc-language-flag":["https:\/\/digidem-bayern.de\/wp-content\/uploads\/2025\/11\/IHO-Pflege-aus-der-Ferne-36x36.png",36,36,true],"ddtl-language-flag":["https:\/\/digidem-bayern.de\/wp-content\/uploads\/2025\/11\/IHO-Pflege-aus-der-Ferne-36x36.png",36,36,true],"mailpoet_newsletter_max":["https:\/\/digidem-bayern.de\/wp-content\/uploads\/2025\/11\/IHO-Pflege-aus-der-Ferne.png",1080,1350,false],"kahuna-lpbox-3":["https:\/\/digidem-bayern.de\/wp-content\/uploads\/2025\/11\/IHO-Pflege-aus-der-Ferne-520x350.png",520,350,true],"kahuna-featured-square":["https:\/\/digidem-bayern.de\/wp-content\/uploads\/2025\/11\/IHO-Pflege-aus-der-Ferne-512x512.png",512,512,true],"kahuna-featured-square-large":["https:\/\/digidem-bayern.de\/wp-content\/uploads\/2025\/11\/IHO-Pflege-aus-der-Ferne-1024x1024.png",1024,1024,true]},"qubely_author":{"display_name":"Ilona H\u00f6rath","author_link":"https:\/\/digidem-bayern.de\/en\/author\/hoeratia\/"},"qubely_comment":5,"qubely_category":"<a href=\"https:\/\/digidem-bayern.de\/en\/category\/aktuelles-zu-digidem\/\" rel=\"category tag\">Aktuelles zu digiDEM<\/a> <a href=\"https:\/\/digidem-bayern.de\/en\/category\/wissenschaft-forschung\/\" rel=\"category tag\">Wissenschaft &amp; Forschung<\/a>","qubely_excerpt":"Welche L\u00f6sungen gibt es f\u00fcr pflegebed\u00fcrftige \u00e4ltere Menschen, deren erwachsene Einzelkinder sie zwar gerne pflegen w\u00fcrden, aber weit entfernt oder gar im Ausland leben?&nbsp;Sie wollen Verantwortung \u00fcbernehmen, k\u00f6nnen aber oft keine direkte Pflege leisten. Smart-Home-Technologien und Assistenzroboter scheinen auf den ersten Blick eine L\u00f6sung zu bieten: Sie versprechen Sicherheit, Gesundheits\u00fcberwachung &hellip;","featured_image_urls_v2":{"full":["https:\/\/digidem-bayern.de\/wp-content\/uploads\/2025\/11\/IHO-Pflege-aus-der-Ferne.png",1080,1350,false],"thumbnail":["https:\/\/digidem-bayern.de\/wp-content\/uploads\/2025\/11\/IHO-Pflege-aus-der-Ferne-80x80.png",80,80,true],"medium":["https:\/\/digidem-bayern.de\/wp-content\/uploads\/2025\/11\/IHO-Pflege-aus-der-Ferne-240x300.png",240,300,true],"medium_large":["https:\/\/digidem-bayern.de\/wp-content\/uploads\/2025\/11\/IHO-Pflege-aus-der-Ferne-768x960.png",768,960,true],"large":["https:\/\/digidem-bayern.de\/wp-content\/uploads\/2025\/11\/IHO-Pflege-aus-der-Ferne-824x1030.png",824,1030,true],"1536x1536":["https:\/\/digidem-bayern.de\/wp-content\/uploads\/2025\/11\/IHO-Pflege-aus-der-Ferne.png",1080,1350,false],"2048x2048":["https:\/\/digidem-bayern.de\/wp-content\/uploads\/2025\/11\/IHO-Pflege-aus-der-Ferne.png",1080,1350,false],"trp-custom-language-flag":["https:\/\/digidem-bayern.de\/wp-content\/uploads\/2025\/11\/IHO-Pflege-aus-der-Ferne.png",10,12,false],"qubely_landscape":["https:\/\/digidem-bayern.de\/wp-content\/uploads\/2025\/11\/IHO-Pflege-aus-der-Ferne-1080x750.png",1080,750,true],"qubely_portrait":["https:\/\/digidem-bayern.de\/wp-content\/uploads\/2025\/11\/IHO-Pflege-aus-der-Ferne-540x320.png",540,320,true],"qubely_thumbnail":["https:\/\/digidem-bayern.de\/wp-content\/uploads\/2025\/11\/IHO-Pflege-aus-der-Ferne-140x100.png",140,100,true],"post-thumbnail":["https:\/\/digidem-bayern.de\/wp-content\/uploads\/2025\/11\/IHO-Pflege-aus-der-Ferne-280x350.png",280,350,true],"kahuna-featured":["https:\/\/digidem-bayern.de\/wp-content\/uploads\/2025\/11\/IHO-Pflege-aus-der-Ferne-734x350.png",734,350,true],"kahuna-featured-lp":["https:\/\/digidem-bayern.de\/wp-content\/uploads\/2025\/11\/IHO-Pflege-aus-der-Ferne-520x350.png",520,350,true],"kahuna-featured-half":["https:\/\/digidem-bayern.de\/wp-content\/uploads\/2025\/11\/IHO-Pflege-aus-der-Ferne-800x350.png",800,350,true],"kahuna-featured-third":["https:\/\/digidem-bayern.de\/wp-content\/uploads\/2025\/11\/IHO-Pflege-aus-der-Ferne-512x350.png",512,350,true],"kahuna-lpbox-1":["https:\/\/digidem-bayern.de\/wp-content\/uploads\/2025\/11\/IHO-Pflege-aus-der-Ferne-520x300.png",520,300,true],"kahuna-lpbox-2":["https:\/\/digidem-bayern.de\/wp-content\/uploads\/2025\/11\/IHO-Pflege-aus-der-Ferne-520x350.png",520,350,true],"demand-language-flag":["https:\/\/digidem-bayern.de\/wp-content\/uploads\/2025\/11\/IHO-Pflege-aus-der-Ferne-36x36.png",36,36,true],"dddkt-language-flag":["https:\/\/digidem-bayern.de\/wp-content\/uploads\/2025\/11\/IHO-Pflege-aus-der-Ferne-36x36.png",36,36,true],"ddiqc-language-flag":["https:\/\/digidem-bayern.de\/wp-content\/uploads\/2025\/11\/IHO-Pflege-aus-der-Ferne-36x36.png",36,36,true],"ddtl-language-flag":["https:\/\/digidem-bayern.de\/wp-content\/uploads\/2025\/11\/IHO-Pflege-aus-der-Ferne-36x36.png",36,36,true],"mailpoet_newsletter_max":["https:\/\/digidem-bayern.de\/wp-content\/uploads\/2025\/11\/IHO-Pflege-aus-der-Ferne.png",1080,1350,false],"kahuna-lpbox-3":["https:\/\/digidem-bayern.de\/wp-content\/uploads\/2025\/11\/IHO-Pflege-aus-der-Ferne-520x350.png",520,350,true],"kahuna-featured-square":["https:\/\/digidem-bayern.de\/wp-content\/uploads\/2025\/11\/IHO-Pflege-aus-der-Ferne-512x512.png",512,512,true],"kahuna-featured-square-large":["https:\/\/digidem-bayern.de\/wp-content\/uploads\/2025\/11\/IHO-Pflege-aus-der-Ferne-1024x1024.png",1024,1024,true]},"post_excerpt_stackable_v2":"<p>Welche L\u00f6sungen gibt es f\u00fcr pflegebed\u00fcrftige \u00e4ltere Menschen, deren erwachsene Einzelkinder sie zwar gerne pflegen w\u00fcrden, aber weit entfernt oder gar im Ausland leben?&nbsp;Sie wollen Verantwortung \u00fcbernehmen, k\u00f6nnen aber oft keine direkte Pflege leisten. Smart-Home-Technologien und Assistenzroboter scheinen auf den ersten Blick eine L\u00f6sung zu bieten: Sie versprechen Sicherheit, Gesundheits\u00fcberwachung und sogar Gesellschaft f\u00fcr die Eltern, ohne dass die Kinder physisch anwesend sein m\u00fcssen. Doch damit verbinden sich tiefgehende ethische Fragen. &nbsp; In ihrer Studie, die im Juli 2025 im Fachmagazin BMC ver\u00f6ffentlicht wurde, untersuchten Forschende aus der Schweiz, Singapur und Deutschland zwei zentrale Fragestellungen. Sie wollten wissen, welche ethischen&hellip;<\/p>\n","category_list_v2":"<a href=\"https:\/\/digidem-bayern.de\/en\/category\/aktuelles-zu-digidem\/\" rel=\"category tag\">Aktuelles zu digiDEM<\/a>, <a href=\"https:\/\/digidem-bayern.de\/en\/category\/wissenschaft-forschung\/\" rel=\"category tag\">Wissenschaft &amp; Forschung<\/a>","author_info_v2":{"name":"Ilona H\u00f6rath","url":"https:\/\/digidem-bayern.de\/en\/author\/hoeratia\/"},"comments_num_v2":"0 comments","yoast_head":"<!-- This site is optimized with the Yoast SEO plugin v27.4 - https:\/\/yoast.com\/product\/yoast-seo-wordpress\/ -->\n<title>Technologiegest\u00fctzte Pflege aus der Ferne - digiDEM Bayern<\/title>\n<meta name=\"description\" content=\"Der Bayerische Landesapothekerkammer unterst\u00fctzt digiDEM Bayern mit Hilfe des Netzwerks &quot;Demenzfreundliche Apotheken&quot;.\" \/>\n<meta name=\"robots\" content=\"index, follow, max-snippet:-1, max-image-preview:large, max-video-preview:-1\" \/>\n<link rel=\"canonical\" href=\"https:\/\/digidem-bayern.de\/en\/technologiegestuetzte-pflege-aus-der-ferne\/\" \/>\n<meta property=\"og:locale\" content=\"en_US\" \/>\n<meta property=\"og:type\" content=\"article\" \/>\n<meta property=\"og:title\" content=\"Technologiegest\u00fctzte Pflege aus der Ferne - digiDEM Bayern\" \/>\n<meta property=\"og:description\" content=\"Der Bayerische Landesapothekerkammer unterst\u00fctzt digiDEM Bayern mit Hilfe des Netzwerks &quot;Demenzfreundliche Apotheken&quot;.\" \/>\n<meta property=\"og:url\" content=\"https:\/\/digidem-bayern.de\/en\/technologiegestuetzte-pflege-aus-der-ferne\/\" \/>\n<meta property=\"og:site_name\" content=\"digiDEM Bayern\" \/>\n<meta property=\"article:publisher\" content=\"https:\/\/www.facebook.com\/digiDEMBayern\/\" \/>\n<meta property=\"article:published_time\" content=\"2025-11-18T07:42:00+00:00\" \/>\n<meta property=\"article:modified_time\" content=\"2025-11-18T07:46:57+00:00\" \/>\n<meta property=\"og:image\" content=\"https:\/\/digidem-bayern.de\/wp-content\/uploads\/2025\/11\/IHO-Pflege-aus-der-Ferne.png\" \/>\n\t<meta property=\"og:image:width\" content=\"1080\" \/>\n\t<meta property=\"og:image:height\" content=\"1350\" \/>\n\t<meta property=\"og:image:type\" content=\"image\/png\" \/>\n<meta name=\"author\" content=\"Ilona H\u00f6rath\" \/>\n<meta name=\"twitter:label1\" content=\"Written by\" \/>\n\t<meta name=\"twitter:data1\" content=\"Ilona H\u00f6rath\" \/>\n\t<meta name=\"twitter:label2\" content=\"Est. reading time\" \/>\n\t<meta name=\"twitter:data2\" content=\"2 minutes\" \/>\n<script type=\"application\/ld+json\" class=\"yoast-schema-graph\">{\"@context\":\"https:\\\/\\\/schema.org\",\"@graph\":[{\"@type\":\"Article\",\"@id\":\"https:\\\/\\\/digidem-bayern.de\\\/technologiegestuetzte-pflege-aus-der-ferne\\\/#article\",\"isPartOf\":{\"@id\":\"https:\\\/\\\/digidem-bayern.de\\\/technologiegestuetzte-pflege-aus-der-ferne\\\/\"},\"author\":{\"name\":\"Ilona H\u00f6rath\",\"@id\":\"\\\/#\\\/schema\\\/person\\\/0bc1494f46fc2a051c761322a80e0941\"},\"headline\":\"Technologiegest\u00fctzte Pflege aus der Ferne\",\"datePublished\":\"2025-11-18T07:42:00+00:00\",\"dateModified\":\"2025-11-18T07:46:57+00:00\",\"mainEntityOfPage\":{\"@id\":\"https:\\\/\\\/digidem-bayern.de\\\/technologiegestuetzte-pflege-aus-der-ferne\\\/\"},\"wordCount\":1266,\"commentCount\":0,\"publisher\":{\"@id\":\"\\\/#organization\"},\"image\":{\"@id\":\"https:\\\/\\\/digidem-bayern.de\\\/technologiegestuetzte-pflege-aus-der-ferne\\\/#primaryimage\"},\"thumbnailUrl\":\"https:\\\/\\\/digidem-bayern.de\\\/wp-content\\\/uploads\\\/2025\\\/11\\\/IHO-Pflege-aus-der-Ferne.png\",\"keywords\":[\"Altenpflege\",\"Alzheimer\",\"Alzheimer-Demenz\",\"Autonomie\",\"Blutsauerstoff\",\"Demand\",\"Demenz\",\"Demenz-Fr\u00fcherkennung\",\"Demenzrisiko\",\"digidem Bayern\",\"digiDEM Bayern DIGITAL UPDATE\",\"DIGITAL UPDATE\",\"Digitales Demenzregister Bayern\",\"Eltern\",\"emotionale N\u00e4he\",\"ethische Bedenken\",\"Fern\u00fcberwachung\",\"Ged\u00e4chtnisverlust\",\"H\u00e4usliche Pflege\",\"Herzfrequenz\",\"Menschen mit Demenz\",\"Pflegeroboter\",\"Privatsph\u00e4re\",\"Roboter\",\"Smart-Home-Systeme\",\"technische Hilfsmittel\",\"Wearables\",\"W\u00fcrde\"],\"articleSection\":[\"Aktuelles zu digiDEM\",\"Wissenschaft &amp; Forschung\"],\"inLanguage\":\"en-US\",\"potentialAction\":[{\"@type\":\"CommentAction\",\"name\":\"Comment\",\"target\":[\"https:\\\/\\\/digidem-bayern.de\\\/technologiegestuetzte-pflege-aus-der-ferne\\\/#respond\"]}]},{\"@type\":\"WebPage\",\"@id\":\"https:\\\/\\\/digidem-bayern.de\\\/technologiegestuetzte-pflege-aus-der-ferne\\\/\",\"url\":\"https:\\\/\\\/digidem-bayern.de\\\/technologiegestuetzte-pflege-aus-der-ferne\\\/\",\"name\":\"Technologiegest\u00fctzte Pflege aus der Ferne - digiDEM Bayern\",\"isPartOf\":{\"@id\":\"\\\/#website\"},\"primaryImageOfPage\":{\"@id\":\"https:\\\/\\\/digidem-bayern.de\\\/technologiegestuetzte-pflege-aus-der-ferne\\\/#primaryimage\"},\"image\":{\"@id\":\"https:\\\/\\\/digidem-bayern.de\\\/technologiegestuetzte-pflege-aus-der-ferne\\\/#primaryimage\"},\"thumbnailUrl\":\"https:\\\/\\\/digidem-bayern.de\\\/wp-content\\\/uploads\\\/2025\\\/11\\\/IHO-Pflege-aus-der-Ferne.png\",\"datePublished\":\"2025-11-18T07:42:00+00:00\",\"dateModified\":\"2025-11-18T07:46:57+00:00\",\"description\":\"Der Bayerische Landesapothekerkammer unterst\u00fctzt digiDEM Bayern mit Hilfe des Netzwerks \\\"Demenzfreundliche Apotheken\\\".\",\"breadcrumb\":{\"@id\":\"https:\\\/\\\/digidem-bayern.de\\\/technologiegestuetzte-pflege-aus-der-ferne\\\/#breadcrumb\"},\"inLanguage\":\"en-US\",\"potentialAction\":[{\"@type\":\"ReadAction\",\"target\":[\"https:\\\/\\\/digidem-bayern.de\\\/technologiegestuetzte-pflege-aus-der-ferne\\\/\"]}]},{\"@type\":\"ImageObject\",\"inLanguage\":\"en-US\",\"@id\":\"https:\\\/\\\/digidem-bayern.de\\\/technologiegestuetzte-pflege-aus-der-ferne\\\/#primaryimage\",\"url\":\"https:\\\/\\\/digidem-bayern.de\\\/wp-content\\\/uploads\\\/2025\\\/11\\\/IHO-Pflege-aus-der-Ferne.png\",\"contentUrl\":\"https:\\\/\\\/digidem-bayern.de\\\/wp-content\\\/uploads\\\/2025\\\/11\\\/IHO-Pflege-aus-der-Ferne.png\",\"width\":1080,\"height\":1350,\"caption\":\"Entscheidungen f\u00fcr oder gegen den Einsatz von Technik werden nie rein pragmatisch getroffen werden, sondern beruhen auf komplexen Abw\u00e4gungen \u2013 Schutz und Wohlbefinden der Eltern auf der einen Seite, W\u00fcrde, Privatsph\u00e4re und famili\u00e4re N\u00e4he auf der anderen Seite.\"},{\"@type\":\"BreadcrumbList\",\"@id\":\"https:\\\/\\\/digidem-bayern.de\\\/technologiegestuetzte-pflege-aus-der-ferne\\\/#breadcrumb\",\"itemListElement\":[{\"@type\":\"ListItem\",\"position\":1,\"name\":\"Startseite\",\"item\":\"https:\\\/\\\/digidem-bayern.de\\\/\"},{\"@type\":\"ListItem\",\"position\":2,\"name\":\"Technologiegest\u00fctzte Pflege aus der Ferne\"}]},{\"@type\":\"WebSite\",\"@id\":\"\\\/#website\",\"url\":\"\\\/\",\"name\":\"digiDEM Bayern\",\"description\":\"Das digitale Demenzregister Bayern erforscht und verbessert die Angebotsstuktur f\u00fcr Menschen mit Demenz und deren Angeh\u00f6rige\",\"publisher\":{\"@id\":\"\\\/#organization\"},\"potentialAction\":[{\"@type\":\"SearchAction\",\"target\":{\"@type\":\"EntryPoint\",\"urlTemplate\":\"\\\/?s={search_term_string}\"},\"query-input\":{\"@type\":\"PropertyValueSpecification\",\"valueRequired\":true,\"valueName\":\"search_term_string\"}}],\"inLanguage\":\"en-US\"},{\"@type\":\"Organization\",\"@id\":\"\\\/#organization\",\"name\":\"digiDEM Bayern\",\"url\":\"\\\/\",\"logo\":{\"@type\":\"ImageObject\",\"inLanguage\":\"en-US\",\"@id\":\"\\\/#\\\/schema\\\/logo\\\/image\\\/\",\"url\":\"https:\\\/\\\/digidem-bayern.de\\\/wp-content\\\/uploads\\\/2022\\\/03\\\/cropped-Allgemeines_digiDEMLOGO-removebg-preview.png\",\"contentUrl\":\"https:\\\/\\\/digidem-bayern.de\\\/wp-content\\\/uploads\\\/2022\\\/03\\\/cropped-Allgemeines_digiDEMLOGO-removebg-preview.png\",\"width\":612,\"height\":357,\"caption\":\"digiDEM Bayern\"},\"image\":{\"@id\":\"\\\/#\\\/schema\\\/logo\\\/image\\\/\"},\"sameAs\":[\"https:\\\/\\\/www.facebook.com\\\/digiDEMBayern\\\/\",\"https:\\\/\\\/x.com\\\/digidem_bayern\",\"https:\\\/\\\/www.instagram.com\\\/digidem.bayern\",\"https:\\\/\\\/www.linkedin.com\\\/company\\\/digidem-bayern\\\/\"]},{\"@type\":\"Person\",\"@id\":\"\\\/#\\\/schema\\\/person\\\/0bc1494f46fc2a051c761322a80e0941\",\"name\":\"Ilona H\u00f6rath\",\"url\":\"https:\\\/\\\/digidem-bayern.de\\\/en\\\/author\\\/hoeratia\\\/\"}]}<\/script>\n<!-- \/ Yoast SEO plugin. -->","yoast_head_json":{"title":"Technologiegest\u00fctzte Pflege aus der Ferne - digiDEM Bayern","description":"Der Bayerische Landesapothekerkammer unterst\u00fctzt digiDEM Bayern mit Hilfe des Netzwerks \"Demenzfreundliche Apotheken\".","robots":{"index":"index","follow":"follow","max-snippet":"max-snippet:-1","max-image-preview":"max-image-preview:large","max-video-preview":"max-video-preview:-1"},"canonical":"https:\/\/digidem-bayern.de\/en\/technologiegestuetzte-pflege-aus-der-ferne\/","og_locale":"en_US","og_type":"article","og_title":"Technologiegest\u00fctzte Pflege aus der Ferne - digiDEM Bayern","og_description":"Der Bayerische Landesapothekerkammer unterst\u00fctzt digiDEM Bayern mit Hilfe des Netzwerks \"Demenzfreundliche Apotheken\".","og_url":"https:\/\/digidem-bayern.de\/en\/technologiegestuetzte-pflege-aus-der-ferne\/","og_site_name":"digiDEM Bayern","article_publisher":"https:\/\/www.facebook.com\/digiDEMBayern\/","article_published_time":"2025-11-18T07:42:00+00:00","article_modified_time":"2025-11-18T07:46:57+00:00","og_image":[{"width":1080,"height":1350,"url":"https:\/\/digidem-bayern.de\/wp-content\/uploads\/2025\/11\/IHO-Pflege-aus-der-Ferne.png","type":"image\/png"}],"author":"Ilona H\u00f6rath","twitter_misc":{"Written by":"Ilona H\u00f6rath","Est. reading time":"2 minutes"},"schema":{"@context":"https:\/\/schema.org","@graph":[{"@type":"Article","@id":"https:\/\/digidem-bayern.de\/technologiegestuetzte-pflege-aus-der-ferne\/#article","isPartOf":{"@id":"https:\/\/digidem-bayern.de\/technologiegestuetzte-pflege-aus-der-ferne\/"},"author":{"name":"Ilona H\u00f6rath","@id":"\/#\/schema\/person\/0bc1494f46fc2a051c761322a80e0941"},"headline":"Technologiegest\u00fctzte Pflege aus der Ferne","datePublished":"2025-11-18T07:42:00+00:00","dateModified":"2025-11-18T07:46:57+00:00","mainEntityOfPage":{"@id":"https:\/\/digidem-bayern.de\/technologiegestuetzte-pflege-aus-der-ferne\/"},"wordCount":1266,"commentCount":0,"publisher":{"@id":"\/#organization"},"image":{"@id":"https:\/\/digidem-bayern.de\/technologiegestuetzte-pflege-aus-der-ferne\/#primaryimage"},"thumbnailUrl":"https:\/\/digidem-bayern.de\/wp-content\/uploads\/2025\/11\/IHO-Pflege-aus-der-Ferne.png","keywords":["Altenpflege","Alzheimer","Alzheimer-Demenz","Autonomie","Blutsauerstoff","Demand","Demenz","Demenz-Fr\u00fcherkennung","Demenzrisiko","digidem Bayern","digiDEM Bayern DIGITAL UPDATE","DIGITAL UPDATE","Digitales Demenzregister Bayern","Eltern","emotionale N\u00e4he","ethische Bedenken","Fern\u00fcberwachung","Ged\u00e4chtnisverlust","H\u00e4usliche Pflege","Herzfrequenz","Menschen mit Demenz","Pflegeroboter","Privatsph\u00e4re","Roboter","Smart-Home-Systeme","technische Hilfsmittel","Wearables","W\u00fcrde"],"articleSection":["Aktuelles zu digiDEM","Wissenschaft &amp; Forschung"],"inLanguage":"en-US","potentialAction":[{"@type":"CommentAction","name":"Comment","target":["https:\/\/digidem-bayern.de\/technologiegestuetzte-pflege-aus-der-ferne\/#respond"]}]},{"@type":"WebPage","@id":"https:\/\/digidem-bayern.de\/technologiegestuetzte-pflege-aus-der-ferne\/","url":"https:\/\/digidem-bayern.de\/technologiegestuetzte-pflege-aus-der-ferne\/","name":"Technologiegest\u00fctzte Pflege aus der Ferne - digiDEM Bayern","isPartOf":{"@id":"\/#website"},"primaryImageOfPage":{"@id":"https:\/\/digidem-bayern.de\/technologiegestuetzte-pflege-aus-der-ferne\/#primaryimage"},"image":{"@id":"https:\/\/digidem-bayern.de\/technologiegestuetzte-pflege-aus-der-ferne\/#primaryimage"},"thumbnailUrl":"https:\/\/digidem-bayern.de\/wp-content\/uploads\/2025\/11\/IHO-Pflege-aus-der-Ferne.png","datePublished":"2025-11-18T07:42:00+00:00","dateModified":"2025-11-18T07:46:57+00:00","description":"Der Bayerische Landesapothekerkammer unterst\u00fctzt digiDEM Bayern mit Hilfe des Netzwerks \"Demenzfreundliche Apotheken\".","breadcrumb":{"@id":"https:\/\/digidem-bayern.de\/technologiegestuetzte-pflege-aus-der-ferne\/#breadcrumb"},"inLanguage":"en-US","potentialAction":[{"@type":"ReadAction","target":["https:\/\/digidem-bayern.de\/technologiegestuetzte-pflege-aus-der-ferne\/"]}]},{"@type":"ImageObject","inLanguage":"en-US","@id":"https:\/\/digidem-bayern.de\/technologiegestuetzte-pflege-aus-der-ferne\/#primaryimage","url":"https:\/\/digidem-bayern.de\/wp-content\/uploads\/2025\/11\/IHO-Pflege-aus-der-Ferne.png","contentUrl":"https:\/\/digidem-bayern.de\/wp-content\/uploads\/2025\/11\/IHO-Pflege-aus-der-Ferne.png","width":1080,"height":1350,"caption":"Entscheidungen f\u00fcr oder gegen den Einsatz von Technik werden nie rein pragmatisch getroffen werden, sondern beruhen auf komplexen Abw\u00e4gungen \u2013 Schutz und Wohlbefinden der Eltern auf der einen Seite, W\u00fcrde, Privatsph\u00e4re und famili\u00e4re N\u00e4he auf der anderen Seite."},{"@type":"BreadcrumbList","@id":"https:\/\/digidem-bayern.de\/technologiegestuetzte-pflege-aus-der-ferne\/#breadcrumb","itemListElement":[{"@type":"ListItem","position":1,"name":"Startseite","item":"https:\/\/digidem-bayern.de\/"},{"@type":"ListItem","position":2,"name":"Technologiegest\u00fctzte Pflege aus der Ferne"}]},{"@type":"WebSite","@id":"\/#website","url":"\/","name":"digiDEM Bavaria","description":"The digital dementia register in Bavaria researches and improves the structure of services for people with dementia and their relatives","publisher":{"@id":"\/#organization"},"potentialAction":[{"@type":"SearchAction","target":{"@type":"EntryPoint","urlTemplate":"\/?s={search_term_string}"},"query-input":{"@type":"PropertyValueSpecification","valueRequired":true,"valueName":"search_term_string"}}],"inLanguage":"en-US"},{"@type":"Organization","@id":"\/#organization","name":"digiDEM Bavaria","url":"\/","logo":{"@type":"ImageObject","inLanguage":"en-US","@id":"\/#\/schema\/logo\/image\/","url":"https:\/\/digidem-bayern.de\/wp-content\/uploads\/2022\/03\/cropped-Allgemeines_digiDEMLOGO-removebg-preview.png","contentUrl":"https:\/\/digidem-bayern.de\/wp-content\/uploads\/2022\/03\/cropped-Allgemeines_digiDEMLOGO-removebg-preview.png","width":612,"height":357,"caption":"digiDEM Bayern"},"image":{"@id":"\/#\/schema\/logo\/image\/"},"sameAs":["https:\/\/www.facebook.com\/digiDEMBayern\/","https:\/\/x.com\/digidem_bayern","https:\/\/www.instagram.com\/digidem.bayern","https:\/\/www.linkedin.com\/company\/digidem-bayern\/"]},{"@type":"Person","@id":"\/#\/schema\/person\/0bc1494f46fc2a051c761322a80e0941","name":"Ilona H\u00f6rath","url":"https:\/\/digidem-bayern.de\/en\/author\/hoeratia\/"}]}},"uagb_featured_image_src":{"full":["https:\/\/digidem-bayern.de\/wp-content\/uploads\/2025\/11\/IHO-Pflege-aus-der-Ferne.png",1080,1350,false],"thumbnail":["https:\/\/digidem-bayern.de\/wp-content\/uploads\/2025\/11\/IHO-Pflege-aus-der-Ferne-80x80.png",80,80,true],"medium":["https:\/\/digidem-bayern.de\/wp-content\/uploads\/2025\/11\/IHO-Pflege-aus-der-Ferne-240x300.png",240,300,true],"medium_large":["https:\/\/digidem-bayern.de\/wp-content\/uploads\/2025\/11\/IHO-Pflege-aus-der-Ferne-768x960.png",768,960,true],"large":["https:\/\/digidem-bayern.de\/wp-content\/uploads\/2025\/11\/IHO-Pflege-aus-der-Ferne-824x1030.png",824,1030,true],"1536x1536":["https:\/\/digidem-bayern.de\/wp-content\/uploads\/2025\/11\/IHO-Pflege-aus-der-Ferne.png",1080,1350,false],"2048x2048":["https:\/\/digidem-bayern.de\/wp-content\/uploads\/2025\/11\/IHO-Pflege-aus-der-Ferne.png",1080,1350,false],"trp-custom-language-flag":["https:\/\/digidem-bayern.de\/wp-content\/uploads\/2025\/11\/IHO-Pflege-aus-der-Ferne.png",10,12,false],"qubely_landscape":["https:\/\/digidem-bayern.de\/wp-content\/uploads\/2025\/11\/IHO-Pflege-aus-der-Ferne-1080x750.png",1080,750,true],"qubely_portrait":["https:\/\/digidem-bayern.de\/wp-content\/uploads\/2025\/11\/IHO-Pflege-aus-der-Ferne-540x320.png",540,320,true],"qubely_thumbnail":["https:\/\/digidem-bayern.de\/wp-content\/uploads\/2025\/11\/IHO-Pflege-aus-der-Ferne-140x100.png",140,100,true],"post-thumbnail":["https:\/\/digidem-bayern.de\/wp-content\/uploads\/2025\/11\/IHO-Pflege-aus-der-Ferne-280x350.png",280,350,true],"kahuna-featured":["https:\/\/digidem-bayern.de\/wp-content\/uploads\/2025\/11\/IHO-Pflege-aus-der-Ferne-734x350.png",734,350,true],"kahuna-featured-lp":["https:\/\/digidem-bayern.de\/wp-content\/uploads\/2025\/11\/IHO-Pflege-aus-der-Ferne-520x350.png",520,350,true],"kahuna-featured-half":["https:\/\/digidem-bayern.de\/wp-content\/uploads\/2025\/11\/IHO-Pflege-aus-der-Ferne-800x350.png",800,350,true],"kahuna-featured-third":["https:\/\/digidem-bayern.de\/wp-content\/uploads\/2025\/11\/IHO-Pflege-aus-der-Ferne-512x350.png",512,350,true],"kahuna-lpbox-1":["https:\/\/digidem-bayern.de\/wp-content\/uploads\/2025\/11\/IHO-Pflege-aus-der-Ferne-520x300.png",520,300,true],"kahuna-lpbox-2":["https:\/\/digidem-bayern.de\/wp-content\/uploads\/2025\/11\/IHO-Pflege-aus-der-Ferne-520x350.png",520,350,true],"demand-language-flag":["https:\/\/digidem-bayern.de\/wp-content\/uploads\/2025\/11\/IHO-Pflege-aus-der-Ferne-36x36.png",36,36,true],"dddkt-language-flag":["https:\/\/digidem-bayern.de\/wp-content\/uploads\/2025\/11\/IHO-Pflege-aus-der-Ferne-36x36.png",36,36,true],"ddiqc-language-flag":["https:\/\/digidem-bayern.de\/wp-content\/uploads\/2025\/11\/IHO-Pflege-aus-der-Ferne-36x36.png",36,36,true],"ddtl-language-flag":["https:\/\/digidem-bayern.de\/wp-content\/uploads\/2025\/11\/IHO-Pflege-aus-der-Ferne-36x36.png",36,36,true],"mailpoet_newsletter_max":["https:\/\/digidem-bayern.de\/wp-content\/uploads\/2025\/11\/IHO-Pflege-aus-der-Ferne.png",1080,1350,false],"kahuna-lpbox-3":["https:\/\/digidem-bayern.de\/wp-content\/uploads\/2025\/11\/IHO-Pflege-aus-der-Ferne-520x350.png",520,350,true],"kahuna-featured-square":["https:\/\/digidem-bayern.de\/wp-content\/uploads\/2025\/11\/IHO-Pflege-aus-der-Ferne-512x512.png",512,512,true],"kahuna-featured-square-large":["https:\/\/digidem-bayern.de\/wp-content\/uploads\/2025\/11\/IHO-Pflege-aus-der-Ferne-1024x1024.png",1024,1024,true]},"uagb_author_info":{"display_name":"Ilona H\u00f6rath","author_link":"https:\/\/digidem-bayern.de\/en\/author\/hoeratia\/"},"uagb_comment_info":5,"uagb_excerpt":"Welche L\u00f6sungen gibt es f\u00fcr pflegebed\u00fcrftige \u00e4ltere Menschen, deren erwachsene Einzelkinder sie zwar gerne pflegen w\u00fcrden, aber weit entfernt oder gar im Ausland leben?&nbsp;Sie wollen Verantwortung \u00fcbernehmen, k\u00f6nnen aber oft keine direkte Pflege leisten. Smart-Home-Technologien und Assistenzroboter scheinen auf den ersten Blick eine L\u00f6sung zu bieten: Sie versprechen Sicherheit, Gesundheits\u00fcberwachung &hellip;","_links":{"self":[{"href":"https:\/\/digidem-bayern.de\/en\/wp-json\/wp\/v2\/posts\/46657","targetHints":{"allow":["GET"]}}],"collection":[{"href":"https:\/\/digidem-bayern.de\/en\/wp-json\/wp\/v2\/posts"}],"about":[{"href":"https:\/\/digidem-bayern.de\/en\/wp-json\/wp\/v2\/types\/post"}],"author":[{"embeddable":true,"href":"https:\/\/digidem-bayern.de\/en\/wp-json\/wp\/v2\/users\/12"}],"replies":[{"embeddable":true,"href":"https:\/\/digidem-bayern.de\/en\/wp-json\/wp\/v2\/comments?post=46657"}],"version-history":[{"count":3,"href":"https:\/\/digidem-bayern.de\/en\/wp-json\/wp\/v2\/posts\/46657\/revisions"}],"predecessor-version":[{"id":46669,"href":"https:\/\/digidem-bayern.de\/en\/wp-json\/wp\/v2\/posts\/46657\/revisions\/46669"}],"wp:featuredmedia":[{"embeddable":true,"href":"https:\/\/digidem-bayern.de\/en\/wp-json\/wp\/v2\/media\/46655"}],"wp:attachment":[{"href":"https:\/\/digidem-bayern.de\/en\/wp-json\/wp\/v2\/media?parent=46657"}],"wp:term":[{"taxonomy":"category","embeddable":true,"href":"https:\/\/digidem-bayern.de\/en\/wp-json\/wp\/v2\/categories?post=46657"},{"taxonomy":"post_tag","embeddable":true,"href":"https:\/\/digidem-bayern.de\/en\/wp-json\/wp\/v2\/tags?post=46657"}],"curies":[{"name":"wp","href":"https:\/\/api.w.org\/{rel}","templated":true}]}}