{"id":46601,"date":"2025-11-13T09:20:02","date_gmt":"2025-11-13T08:20:02","guid":{"rendered":"https:\/\/digidem-bayern.de\/?p=46601"},"modified":"2025-11-13T10:27:12","modified_gmt":"2025-11-13T09:27:12","slug":"digidem-bayern-setzt-meilenstein-fuer-die-demenz-frueherkennung-2","status":"publish","type":"post","link":"https:\/\/digidem-bayern.de\/en\/digidem-bayern-setzt-meilenstein-fuer-die-demenz-frueherkennung-2\/","title":{"rendered":"digiDEM Bayern mit Rekordzahl an Demenz-Screeningtagen\u00a0"},"content":{"rendered":"<p><strong>Anl\u00e4sslich der 6. Bayerischen Demenzwoche hat das Forschungsprojekt digiDEM Bayern mit der Rekordzahl von 62 Demenz-Screeningtagen im Vergleich zu vergangenen Bayerischen Demenzwochen an Standorten in ganz Bayern einen wesentlichen Beitrag zur Fr\u00fcherkennung von Demenz geleistet. Rund 1.500 Menschen haben die M\u00f6glichkeit genutzt, sich testen zu lassen, davon haben 23 Prozent der Personen ein abkl\u00e4rungsbed\u00fcrftiges Ergebnis erhalten. Dabei fanden \u00fcber 80 Prozent der Screeningtage im l\u00e4ndlichen Raum statt. Insgesamt wurden im Rahmen des Projekts seit Sommer 2022 insgesamt 220 Testtage veranstaltet. Dabei haben rund 6.000Personen ihre Ged\u00e4chtnisleistung \u00fcberpr\u00fcfen lassen. Bei 26 Prozent lag ein abkl\u00e4rungsbed\u00fcrftiges Testergebnis vor (Stand 10.11.2025).<\/strong><span style=\"caret-color: rgb(0, 0, 0); color: rgb(0, 0, 0); font-family: -webkit-standard; font-size: medium; white-space: normal;\"><\/span><\/p>\n\n\n\n<p><\/p>\n\n\n\n<p>\u201eNoch nie zuvor wurden in Deutschland innerhalb einer kurzen Zeit fl\u00e4chendeckend so viele Screenings zur Fr\u00fcherkennung von Demenz durchgef\u00fchrt\u201c, sagt Prof. Dr. Peter Kolominsky-Rabas, Neurologe und Projektleiter von digiDEM Bayern. \u201eNur durch die intensive Zusammenarbeit mit unseren digiDEM Bayern-Forschungspartnern und Projektassistenzen vor Ort konnten wir diese umfangreiche Anzahl an Testm\u00f6glichkeiten anbieten.\u201c<\/p>\n\n\n<div class=\"wp-block-image\">\n<figure class=\"alignright size-large is-resized\"><img loading=\"lazy\" decoding=\"async\" width=\"824\" height=\"1030\" src=\"https:\/\/digidem-bayern.de\/wp-content\/uploads\/2025\/11\/IHO_PM-Bay.-Demenzwoche-824x1030.png\" alt=\"Rund 1.500 Menschen haben die M\u00f6glichkeit genutzt, sich testen zu lassen, davon haben 23 Prozent der Personen ein abkl\u00e4rungsbed\u00fcrftiges Ergebnis erhalten.\" class=\"wp-image-46600\" style=\"width:454px;height:auto\" srcset=\"https:\/\/digidem-bayern.de\/wp-content\/uploads\/2025\/11\/IHO_PM-Bay.-Demenzwoche-824x1030.png 824w, https:\/\/digidem-bayern.de\/wp-content\/uploads\/2025\/11\/IHO_PM-Bay.-Demenzwoche-240x300.png 240w, https:\/\/digidem-bayern.de\/wp-content\/uploads\/2025\/11\/IHO_PM-Bay.-Demenzwoche-768x960.png 768w, https:\/\/digidem-bayern.de\/wp-content\/uploads\/2025\/11\/IHO_PM-Bay.-Demenzwoche-280x350.png 280w, https:\/\/digidem-bayern.de\/wp-content\/uploads\/2025\/11\/IHO_PM-Bay.-Demenzwoche.png 1080w\" sizes=\"auto, (max-width: 824px) 100vw, 824px\" \/><\/figure>\n<\/div>\n\n\n<p><a><span style=\"color: #0f0f0f;\" class=\"stk-highlight\">Bayerns Gesundheitsministerin Judith Gerlach betonte: \u201e<\/span><\/a>Die von digiDEM Bayern organisierten Demenz-Screeningtage zeigen, dass gezielte Angebote im Gesundheitswesen wirken \u2013 besonders in den l\u00e4ndlichen Regionen. Es freut mich sehr, dass viele B\u00fcrgerinnen und B\u00fcrger ein Screening in Anspruch genommen haben, denn eine fr\u00fchzeitige Diagnose ist entscheidend, um Alltagskompetenzen von Demenzerkrankten m\u00f6glichst lange erhalten zu k\u00f6nnen.\u201c<\/p>\n\n\n\n<p>Die Nachfrage nach Demenz-Screenings ist gro\u00df: \u201eDie Demenz-Screeningtage sind in der Regel ausgebucht. Daran sehen wir, wie gro\u00df das Interesse und der Bedarf nach niedrigschwelligen Testm\u00f6glichkeiten in der Bev\u00f6lkerung ist. Vor allem \u00e4ltere Menschen, die bei sich selbst eine nachlassende Ged\u00e4chtnisleistung feststellen, nehmen das Angebot dankbar an\u201c, erl\u00e4utert Prof. Dr. Peter Kolominsky-Rabas. Mit einem wissenschaftlichen Kurztest werden dabei kognitive F\u00e4higkeiten wie etwa das Kurzzeitged\u00e4chtnis, die Aufmerksamkeit oder die Orientierungsf\u00e4higkeit \u00fcberpr\u00fcft.&nbsp;<\/p>\n\n\n\n<p><strong>Demenz ist nach wie vor unterdiagnostiziert<\/strong><\/p>\n\n\n\n<p>Demenzerkrankungen sind h\u00e4ufig noch mit Vorbehalten verbunden. Dies spiegelt sich auch in der hohen Zahl an Menschen mit Demenz ohne Diagnose wider. In Deutschland geht man von einem Anteil von 60 Prozent der Betroffenen aus, die bisher keine Diagnose erhalten haben. Die im Rahmen von digiDEM Bayern veranstalteten Demenz-Screeningtage&nbsp;k\u00f6nnen dazu beitragen, mehr Menschen den Weg f\u00fcr eine diagnostische Abkl\u00e4rung zu ebnen und so die Versorgungssituation der Betroffenen und deren An- und Zugeh\u00f6rigen zu verbessern.&nbsp;<\/p>\n\n\n\n<p>Gleichzeitig schaffen sie auch eine gr\u00f6\u00dfere Wahrnehmung des Themas Demenz und helfen so, Bewusstsein zu schaffen und Vorbehalte abzubauen. \u201eHier gilt es allerdings, gesamtgesellschaftlich daran zu arbeiten, das Lebensumfeld demenzfreundlicher zu gestalten, um diese H\u00fcrde f\u00fcr eine Diagnostik abzubauen\u201c, betont Prof. Dr. Elmar Gr\u00e4\u00dfel, ebenfalls Projektleiter bei digiDEM Bayern. Denn auch ohne eine Diagnose schreitet die Erkrankung bei Betroffenen fort, bringt allerdings zahlreiche Herausforderungen, gerade auch in den zwischenmenschlichen Beziehungen, mit sich, die man mit Diagnose meistern kann.<\/p>\n\n\n\n<p><strong>Sich k\u00fcmmern um den l\u00e4ndlichen Raum<\/strong><\/p>\n\n\n\n<p>Mit den Demenz-Screeningtagen setzt digiDEM Bayern ein starkes Zeichen f\u00fcr vorsorgliches K\u00fcmmern und gleichwertige Lebensverh\u00e4ltnisse zwischen dem st\u00e4dtischen und l\u00e4ndlichen Raum. Im Rahmen der Bayerischen Demenzwoche fanden 81 Prozent der Screeningtage im l\u00e4ndlichen Raum statt. Damit tr\u00e4gt digiDEM Bayern aktiv dazu bei, die gesundheitliche Versorgung \u00e4lterer Menschen in ganz Bayern nachhaltig zu verbessern. Die Initiative steht im Einklang mit den Zielen der Enquete-Kommission \u201eGleichwertige Lebensverh\u00e4ltnisse in ganz Bayern\u201c des Bayerischen Landtags, die sich f\u00fcr mehr Teilhabe, Lebensqualit\u00e4t und Versorgungsgerechtigkeit im Freistaat einsetzt.<\/p>\n\n\n\n<p>Gerade im l\u00e4ndlichen Raum zeigt sich, wie wichtig ein aktives K\u00fcmmern um die Menschen vor Ort ist. L\u00e4ndliche R\u00e4ume sind h\u00e4ufig besonders vom demografischen Wandel betroffen: Die Bev\u00f6lkerung nimmt ab und wird \u00fcberproportional \u00e4lter, w\u00e4hrend Versorgungsstrukturen oft nicht in ausreichendem Ma\u00df vorhanden sind. Das Gef\u00fchl, allein gelassen zu werden, und ein eingeschr\u00e4nkter Zugang zu Hilfe f\u00fchren so nicht nur zu Hoffnungslosigkeit, sondern k\u00f6nnen auch gesellschaftliche Spannungen und Extremismus f\u00f6rdern.<\/p>\n\n\n\n<p><strong>Enge Kooperation mit Forschungspartnerinnen und Forschungspartnern<\/strong><\/p>\n\n\n\n<p>Die Vision der Demenz-Screeningtage wurde erstmals 2022 in der Gemeinde Th\u00fcngersheim (Unterfranken) umgesetzt. \u201eWas in Th\u00fcngersheim begann, hat sich zu einer bayernweiten Erfolgsgeschichte entwickelt\u201c, erkl\u00e4rt digiDEM Bayern Projektleiter Prof. Dr. Kolominsky-Rabas. \u201eWir danken dem Ersten B\u00fcrgermeister Michael R\u00f6hm herzlich f\u00fcr seinen Pioniergeist, mit dem er den Grundstein f\u00fcr diese Entwicklung gelegt hat.\u201c<\/p>\n\n\n\n<p>Um die regionalen Bev\u00f6lkerungsscreenings fl\u00e4chendeckend durchzuf\u00fchren, hat digiDEM Bayern eigens ein bayernweites Netzwerk mit derzeit rund 300 Forschungspartnerinnen und Forschungspartnern sowie Projektassistenzen in ganz Bayern aufgebaut (Stand 10.11.2025). Das Netzwerk besteht aus ambulanten Pflegediensten und Tagespflegeeinrichtungen, Fachstellen f\u00fcr pflegende Angeh\u00f6rige, Ged\u00e4chtnisambulanzen, Arztpraxen, Apotheken, Kliniken, betreuten Wohneinrichtungen sowie den in Bayern etablierten Gesundheitsregionen<sup>plus&nbsp;<\/sup>und weiteren Akteuren, die im Bereich der Demenzversorgung engagiert sind.&nbsp;<\/p>\n\n\n\n<p><strong>digiDEM Bayern als Unterst\u00fctzer von Kommunen und Versorgern<\/strong><\/p>\n\n\n\n<p>digiDEM Bayern steht auch in Zukunft als Unterst\u00fctzer von Kommunen in enger Kooperation mit den\u00a0Gesundheitsregionen<sup>plus<\/sup>\u00a0zur Verf\u00fcgung. Interessierte Kommunen und Versorgungeinrichtungen, die selbst einen Demenz-Screeningtag vor Ort organisieren und durchf\u00fchren m\u00f6chten, k\u00f6nnen sich direkt mit dem Projektteam von digiDEM Bayern in Verbindung setzen. Hierf\u00fcr wurde eine Anmeldemaske eingerichtet, \u00fcber die Kommunen und Versorgungseinrichtungen Anfragen stellen k\u00f6nnen. <a href=\"https:\/\/digidem-bayern.de\/en\/anfrage-demenz-screening\/\">Die Anmeldemaske ist unter diesem Link verf\u00fcgbar<\/a>.\u00a0<\/p>\n\n\n\n<p>Die Ged\u00e4chtnistests richten sich an Menschen ab 65 Jahren,\u00a0die bei sich selbst\u00a0eine Verschlechterung des Ged\u00e4chtnisses\u00a0wahrgenommen\u00a0oder bei denen\u00a0nahestehende Personen\u00a0ein Nachlassen der\u00a0geistigen Leistungsf\u00e4higkeit\u00a0bemerkt\u00a0haben.\u00a0digiDEM Bayern wird im Rahmen der Bayerischen Demenzstrategie vom\u00a0Bayerischen Staatsministerium f\u00fcr Gesundheit, Pflege und Pr\u00e4vention (StMGP) gef\u00f6rdert und aktiv unterst\u00fctzt.<span style=\"caret-color: rgb(0, 0, 0); color: rgb(0, 0, 0); font-family: -webkit-standard; font-size: medium; white-space: normal;\"><\/span><\/p>\n\n\n\n<p><strong><span style=\"color: #38a9f2;\" class=\"stk-highlight\">Kennen Sie die digitalen Angebote von digiDEM Bayern f\u00fcr Menschen mit Demenz und deren An- und Zugeh\u00f6rige? <a href=\"https:\/\/digidem-bayern.de\/en\/digitale-angebote\/\">Hier geht es zu unseren digitalen Angeboten.<\/a><\/span><\/strong><\/p>\n\n\n\n<p><\/p>\n\n\n\n<p><\/p>\n\n\n\n<p><\/p>\n\n\n\n<p><\/p>\n\n\n\n<p><\/p>\n\n\n\n<p><\/p>\n\n\n\n<div style=\"height:20px\" aria-hidden=\"true\" class=\"wp-block-spacer\"><\/div>\n\n\n\n<p><\/p>","protected":false},"excerpt":{"rendered":"<p>Anl\u00e4sslich der 6. Bayerischen Demenzwoche hat das Forschungsprojekt digiDEM Bayern mit der Rekordzahl von 62 Demenz-Screeningtagen im Vergleich zu vergangenen Bayerischen Demenzwochen an Standorten in ganz Bayern einen wesentlichen Beitrag zur Fr\u00fcherkennung von Demenz geleistet. Rund 1.500 Menschen haben die M\u00f6glichkeit genutzt, sich testen zu lassen, davon haben 23 Prozent &hellip;<\/p>","protected":false},"author":12,"featured_media":46605,"comment_status":"open","ping_status":"closed","sticky":false,"template":"","format":"standard","meta":{"qubely_global_settings":"","qubely_interactions":"","_uag_custom_page_level_css":"","footnotes":""},"categories":[8,443,5],"tags":[13,406,916,12,868,507,112,177,407,544,1674,165,422,14,17,55,420,997,1675,1630,1673,531],"class_list":["post-46601","post","type-post","status-publish","format-standard","has-post-thumbnail","hentry","category-aktuelles-zu-digidem","category-pressemitteilungen","category-wissenschaft-forschung","tag-alzheimer","tag-alzheimer-demenz","tag-bayerische-demenzwoche","tag-demenz-2","tag-demenz-frueherkennung","tag-demenz-screening","tag-demenzdiagnose","tag-demenzrisiko","tag-demenztest","tag-demenzversorgung","tag-demenzwoche","tag-deutsche-alzheimer-gesellschaft","tag-diagnostik","tag-digidem","tag-digidem-bayern","tag-digitales-demenzregister-bayern","tag-gedaechtnisleistung","tag-gedaechtnistest","tag-meilenstein","tag-prof-dr-med-elmar-graessel","tag-prof-dr-peter-kolominsky-rabas","tag-stmgp"],"qubely_featured_image_url":{"full":["https:\/\/digidem-bayern.de\/wp-content\/uploads\/2025\/11\/Rekordzahl-Screeningtage.png",1600,1426,false],"landscape":["https:\/\/digidem-bayern.de\/wp-content\/uploads\/2025\/11\/Rekordzahl-Screeningtage-1200x750.png",1200,750,true],"portraits":["https:\/\/digidem-bayern.de\/wp-content\/uploads\/2025\/11\/Rekordzahl-Screeningtage-540x320.png",540,320,true],"thumbnail":["https:\/\/digidem-bayern.de\/wp-content\/uploads\/2025\/11\/Rekordzahl-Screeningtage-80x80.png",80,80,true],"medium":["https:\/\/digidem-bayern.de\/wp-content\/uploads\/2025\/11\/Rekordzahl-Screeningtage-300x267.png",300,267,true],"medium_large":["https:\/\/digidem-bayern.de\/wp-content\/uploads\/2025\/11\/Rekordzahl-Screeningtage-768x684.png",768,684,true],"large":["https:\/\/digidem-bayern.de\/wp-content\/uploads\/2025\/11\/Rekordzahl-Screeningtage-1030x918.png",1030,918,true],"1536x1536":["https:\/\/digidem-bayern.de\/wp-content\/uploads\/2025\/11\/Rekordzahl-Screeningtage-1536x1369.png",1536,1369,true],"2048x2048":["https:\/\/digidem-bayern.de\/wp-content\/uploads\/2025\/11\/Rekordzahl-Screeningtage.png",1600,1426,false],"trp-custom-language-flag":["https:\/\/digidem-bayern.de\/wp-content\/uploads\/2025\/11\/Rekordzahl-Screeningtage.png",13,12,false],"qubely_landscape":["https:\/\/digidem-bayern.de\/wp-content\/uploads\/2025\/11\/Rekordzahl-Screeningtage-1200x750.png",1200,750,true],"qubely_portrait":["https:\/\/digidem-bayern.de\/wp-content\/uploads\/2025\/11\/Rekordzahl-Screeningtage-540x320.png",540,320,true],"qubely_thumbnail":["https:\/\/digidem-bayern.de\/wp-content\/uploads\/2025\/11\/Rekordzahl-Screeningtage-140x100.png",140,100,true],"post-thumbnail":["https:\/\/digidem-bayern.de\/wp-content\/uploads\/2025\/11\/Rekordzahl-Screeningtage-393x350.png",393,350,true],"kahuna-featured":["https:\/\/digidem-bayern.de\/wp-content\/uploads\/2025\/11\/Rekordzahl-Screeningtage-734x350.png",734,350,true],"kahuna-featured-lp":["https:\/\/digidem-bayern.de\/wp-content\/uploads\/2025\/11\/Rekordzahl-Screeningtage-520x350.png",520,350,true],"kahuna-featured-half":["https:\/\/digidem-bayern.de\/wp-content\/uploads\/2025\/11\/Rekordzahl-Screeningtage-800x350.png",800,350,true],"kahuna-featured-third":["https:\/\/digidem-bayern.de\/wp-content\/uploads\/2025\/11\/Rekordzahl-Screeningtage-512x350.png",512,350,true],"kahuna-lpbox-1":["https:\/\/digidem-bayern.de\/wp-content\/uploads\/2025\/11\/Rekordzahl-Screeningtage-520x300.png",520,300,true],"kahuna-lpbox-2":["https:\/\/digidem-bayern.de\/wp-content\/uploads\/2025\/11\/Rekordzahl-Screeningtage-520x350.png",520,350,true],"demand-language-flag":["https:\/\/digidem-bayern.de\/wp-content\/uploads\/2025\/11\/Rekordzahl-Screeningtage-36x36.png",36,36,true],"dddkt-language-flag":["https:\/\/digidem-bayern.de\/wp-content\/uploads\/2025\/11\/Rekordzahl-Screeningtage-36x36.png",36,36,true],"ddiqc-language-flag":["https:\/\/digidem-bayern.de\/wp-content\/uploads\/2025\/11\/Rekordzahl-Screeningtage-36x36.png",36,36,true],"ddtl-language-flag":["https:\/\/digidem-bayern.de\/wp-content\/uploads\/2025\/11\/Rekordzahl-Screeningtage-36x36.png",36,36,true],"mailpoet_newsletter_max":["https:\/\/digidem-bayern.de\/wp-content\/uploads\/2025\/11\/Rekordzahl-Screeningtage-1320x1176.png",1320,1176,true],"kahuna-lpbox-3":["https:\/\/digidem-bayern.de\/wp-content\/uploads\/2025\/11\/Rekordzahl-Screeningtage-520x350.png",520,350,true],"kahuna-featured-square":["https:\/\/digidem-bayern.de\/wp-content\/uploads\/2025\/11\/Rekordzahl-Screeningtage-512x512.png",512,512,true],"kahuna-featured-square-large":["https:\/\/digidem-bayern.de\/wp-content\/uploads\/2025\/11\/Rekordzahl-Screeningtage-1024x1024.png",1024,1024,true]},"qubely_author":{"display_name":"Ilona H\u00f6rath","author_link":"https:\/\/digidem-bayern.de\/en\/author\/hoeratia\/"},"qubely_comment":3,"qubely_category":"<a href=\"https:\/\/digidem-bayern.de\/en\/category\/aktuelles-zu-digidem\/\" rel=\"category tag\">Aktuelles zu digiDEM<\/a> <a href=\"https:\/\/digidem-bayern.de\/en\/category\/pressemitteilungen\/\" rel=\"category tag\">Pressemitteilungen<\/a> <a href=\"https:\/\/digidem-bayern.de\/en\/category\/wissenschaft-forschung\/\" rel=\"category tag\">Wissenschaft &amp; Forschung<\/a>","qubely_excerpt":"Anl\u00e4sslich der 6. Bayerischen Demenzwoche hat das Forschungsprojekt digiDEM Bayern mit der Rekordzahl von 62 Demenz-Screeningtagen im Vergleich zu vergangenen Bayerischen Demenzwochen an Standorten in ganz Bayern einen wesentlichen Beitrag zur Fr\u00fcherkennung von Demenz geleistet. Rund 1.500 Menschen haben die M\u00f6glichkeit genutzt, sich testen zu lassen, davon haben 23 Prozent &hellip;","featured_image_urls_v2":{"full":["https:\/\/digidem-bayern.de\/wp-content\/uploads\/2025\/11\/Rekordzahl-Screeningtage.png",1600,1426,false],"thumbnail":["https:\/\/digidem-bayern.de\/wp-content\/uploads\/2025\/11\/Rekordzahl-Screeningtage-80x80.png",80,80,true],"medium":["https:\/\/digidem-bayern.de\/wp-content\/uploads\/2025\/11\/Rekordzahl-Screeningtage-300x267.png",300,267,true],"medium_large":["https:\/\/digidem-bayern.de\/wp-content\/uploads\/2025\/11\/Rekordzahl-Screeningtage-768x684.png",768,684,true],"large":["https:\/\/digidem-bayern.de\/wp-content\/uploads\/2025\/11\/Rekordzahl-Screeningtage-1030x918.png",1030,918,true],"1536x1536":["https:\/\/digidem-bayern.de\/wp-content\/uploads\/2025\/11\/Rekordzahl-Screeningtage-1536x1369.png",1536,1369,true],"2048x2048":["https:\/\/digidem-bayern.de\/wp-content\/uploads\/2025\/11\/Rekordzahl-Screeningtage.png",1600,1426,false],"trp-custom-language-flag":["https:\/\/digidem-bayern.de\/wp-content\/uploads\/2025\/11\/Rekordzahl-Screeningtage.png",13,12,false],"qubely_landscape":["https:\/\/digidem-bayern.de\/wp-content\/uploads\/2025\/11\/Rekordzahl-Screeningtage-1200x750.png",1200,750,true],"qubely_portrait":["https:\/\/digidem-bayern.de\/wp-content\/uploads\/2025\/11\/Rekordzahl-Screeningtage-540x320.png",540,320,true],"qubely_thumbnail":["https:\/\/digidem-bayern.de\/wp-content\/uploads\/2025\/11\/Rekordzahl-Screeningtage-140x100.png",140,100,true],"post-thumbnail":["https:\/\/digidem-bayern.de\/wp-content\/uploads\/2025\/11\/Rekordzahl-Screeningtage-393x350.png",393,350,true],"kahuna-featured":["https:\/\/digidem-bayern.de\/wp-content\/uploads\/2025\/11\/Rekordzahl-Screeningtage-734x350.png",734,350,true],"kahuna-featured-lp":["https:\/\/digidem-bayern.de\/wp-content\/uploads\/2025\/11\/Rekordzahl-Screeningtage-520x350.png",520,350,true],"kahuna-featured-half":["https:\/\/digidem-bayern.de\/wp-content\/uploads\/2025\/11\/Rekordzahl-Screeningtage-800x350.png",800,350,true],"kahuna-featured-third":["https:\/\/digidem-bayern.de\/wp-content\/uploads\/2025\/11\/Rekordzahl-Screeningtage-512x350.png",512,350,true],"kahuna-lpbox-1":["https:\/\/digidem-bayern.de\/wp-content\/uploads\/2025\/11\/Rekordzahl-Screeningtage-520x300.png",520,300,true],"kahuna-lpbox-2":["https:\/\/digidem-bayern.de\/wp-content\/uploads\/2025\/11\/Rekordzahl-Screeningtage-520x350.png",520,350,true],"demand-language-flag":["https:\/\/digidem-bayern.de\/wp-content\/uploads\/2025\/11\/Rekordzahl-Screeningtage-36x36.png",36,36,true],"dddkt-language-flag":["https:\/\/digidem-bayern.de\/wp-content\/uploads\/2025\/11\/Rekordzahl-Screeningtage-36x36.png",36,36,true],"ddiqc-language-flag":["https:\/\/digidem-bayern.de\/wp-content\/uploads\/2025\/11\/Rekordzahl-Screeningtage-36x36.png",36,36,true],"ddtl-language-flag":["https:\/\/digidem-bayern.de\/wp-content\/uploads\/2025\/11\/Rekordzahl-Screeningtage-36x36.png",36,36,true],"mailpoet_newsletter_max":["https:\/\/digidem-bayern.de\/wp-content\/uploads\/2025\/11\/Rekordzahl-Screeningtage-1320x1176.png",1320,1176,true],"kahuna-lpbox-3":["https:\/\/digidem-bayern.de\/wp-content\/uploads\/2025\/11\/Rekordzahl-Screeningtage-520x350.png",520,350,true],"kahuna-featured-square":["https:\/\/digidem-bayern.de\/wp-content\/uploads\/2025\/11\/Rekordzahl-Screeningtage-512x512.png",512,512,true],"kahuna-featured-square-large":["https:\/\/digidem-bayern.de\/wp-content\/uploads\/2025\/11\/Rekordzahl-Screeningtage-1024x1024.png",1024,1024,true]},"post_excerpt_stackable_v2":"<p>Anl\u00e4sslich der 6. Bayerischen Demenzwoche hat das Forschungsprojekt digiDEM Bayern mit der Rekordzahl von 62 Demenz-Screeningtagen im Vergleich zu vergangenen Bayerischen Demenzwochen an Standorten in ganz Bayern einen wesentlichen Beitrag zur Fr\u00fcherkennung von Demenz geleistet. Rund 1.500 Menschen haben die M\u00f6glichkeit genutzt, sich testen zu lassen, davon haben 23 Prozent der Personen ein abkl\u00e4rungsbed\u00fcrftiges Ergebnis erhalten. Dabei fanden \u00fcber 80 Prozent der Screeningtage im l\u00e4ndlichen Raum statt. Insgesamt wurden im Rahmen des Projekts seit Sommer 2022 insgesamt 220 Testtage veranstaltet. Dabei haben rund 6.000Personen ihre Ged\u00e4chtnisleistung \u00fcberpr\u00fcfen lassen. Bei 26 Prozent lag ein abkl\u00e4rungsbed\u00fcrftiges Testergebnis vor (Stand 10.11.2025). \u201eNoch nie&hellip;<\/p>\n","category_list_v2":"<a href=\"https:\/\/digidem-bayern.de\/en\/category\/aktuelles-zu-digidem\/\" rel=\"category tag\">Aktuelles zu digiDEM<\/a>, <a href=\"https:\/\/digidem-bayern.de\/en\/category\/pressemitteilungen\/\" rel=\"category tag\">Pressemitteilungen<\/a>, <a href=\"https:\/\/digidem-bayern.de\/en\/category\/wissenschaft-forschung\/\" rel=\"category tag\">Wissenschaft &amp; Forschung<\/a>","author_info_v2":{"name":"Ilona H\u00f6rath","url":"https:\/\/digidem-bayern.de\/en\/author\/hoeratia\/"},"comments_num_v2":"0 comments","yoast_head":"<!-- This site is optimized with the Yoast SEO plugin v27.5 - https:\/\/yoast.com\/product\/yoast-seo-wordpress\/ -->\n<title>digiDEM Bayern mit Rekordzahl an Demenz-Screeningtagen\u00a0 - digiDEM Bayern<\/title>\n<meta name=\"description\" content=\"Der Bayerische Landesapothekerkammer unterst\u00fctzt digiDEM Bayern mit Hilfe des Netzwerks &quot;Demenzfreundliche Apotheken&quot;.\" \/>\n<meta name=\"robots\" content=\"index, follow, max-snippet:-1, max-image-preview:large, max-video-preview:-1\" \/>\n<link rel=\"canonical\" href=\"https:\/\/digidem-bayern.de\/en\/digidem-bayern-setzt-meilenstein-fuer-die-demenz-frueherkennung-2\/\" \/>\n<meta property=\"og:locale\" content=\"en_US\" \/>\n<meta property=\"og:type\" content=\"article\" \/>\n<meta property=\"og:title\" content=\"digiDEM Bayern mit Rekordzahl an Demenz-Screeningtagen\u00a0 - digiDEM Bayern\" \/>\n<meta property=\"og:description\" content=\"Der Bayerische Landesapothekerkammer unterst\u00fctzt digiDEM Bayern mit Hilfe des Netzwerks &quot;Demenzfreundliche Apotheken&quot;.\" \/>\n<meta property=\"og:url\" content=\"https:\/\/digidem-bayern.de\/en\/digidem-bayern-setzt-meilenstein-fuer-die-demenz-frueherkennung-2\/\" \/>\n<meta property=\"og:site_name\" content=\"digiDEM Bayern\" \/>\n<meta property=\"article:publisher\" content=\"https:\/\/www.facebook.com\/digiDEMBayern\/\" \/>\n<meta property=\"article:published_time\" content=\"2025-11-13T08:20:02+00:00\" \/>\n<meta property=\"article:modified_time\" content=\"2025-11-13T09:27:12+00:00\" \/>\n<meta property=\"og:image\" content=\"https:\/\/digidem-bayern.de\/wp-content\/uploads\/2025\/11\/Rekordzahl-Screeningtage-1030x918.png\" \/>\n\t<meta property=\"og:image:width\" content=\"1030\" \/>\n\t<meta property=\"og:image:height\" content=\"918\" \/>\n\t<meta property=\"og:image:type\" content=\"image\/png\" \/>\n<meta name=\"author\" content=\"Ilona H\u00f6rath\" \/>\n<meta name=\"twitter:label1\" content=\"Written by\" \/>\n\t<meta name=\"twitter:data1\" content=\"Ilona H\u00f6rath\" \/>\n\t<meta name=\"twitter:label2\" content=\"Est. reading time\" \/>\n\t<meta name=\"twitter:data2\" content=\"2 minutes\" \/>\n<script type=\"application\/ld+json\" class=\"yoast-schema-graph\">{\"@context\":\"https:\\\/\\\/schema.org\",\"@graph\":[{\"@type\":\"Article\",\"@id\":\"https:\\\/\\\/digidem-bayern.de\\\/digidem-bayern-setzt-meilenstein-fuer-die-demenz-frueherkennung-2\\\/#article\",\"isPartOf\":{\"@id\":\"https:\\\/\\\/digidem-bayern.de\\\/digidem-bayern-setzt-meilenstein-fuer-die-demenz-frueherkennung-2\\\/\"},\"author\":{\"name\":\"Ilona H\u00f6rath\",\"@id\":\"\\\/#\\\/schema\\\/person\\\/0bc1494f46fc2a051c761322a80e0941\"},\"headline\":\"digiDEM Bayern mit Rekordzahl an Demenz-Screeningtagen\u00a0\",\"datePublished\":\"2025-11-13T08:20:02+00:00\",\"dateModified\":\"2025-11-13T09:27:12+00:00\",\"mainEntityOfPage\":{\"@id\":\"https:\\\/\\\/digidem-bayern.de\\\/digidem-bayern-setzt-meilenstein-fuer-die-demenz-frueherkennung-2\\\/\"},\"wordCount\":943,\"commentCount\":0,\"publisher\":{\"@id\":\"\\\/#organization\"},\"image\":{\"@id\":\"https:\\\/\\\/digidem-bayern.de\\\/digidem-bayern-setzt-meilenstein-fuer-die-demenz-frueherkennung-2\\\/#primaryimage\"},\"thumbnailUrl\":\"https:\\\/\\\/digidem-bayern.de\\\/wp-content\\\/uploads\\\/2025\\\/11\\\/Rekordzahl-Screeningtage.png\",\"keywords\":[\"Alzheimer\",\"Alzheimer-Demenz\",\"Bayerische Demenzwoche\",\"Demenz\",\"Demenz-Fr\u00fcherkennung\",\"Demenz-Screening\",\"Demenzdiagnose\",\"Demenzrisiko\",\"Demenztest\",\"Demenzversorgung\",\"Demenzwoche\",\"Deutsche Alzheimer Gesellschaft\",\"Diagnostik\",\"digidem\",\"digidem Bayern\",\"Digitales Demenzregister Bayern\",\"Ged\u00e4chtnisleistung\",\"Ged\u00e4chtnistest\",\"Meilenstein\",\"Prof. Dr. med. Elmar Gr\u00e4\u00dfel\",\"Prof. Dr. Peter Kolominsky-Rabas\",\"StMGP\"],\"articleSection\":[\"Aktuelles zu digiDEM\",\"Pressemitteilungen\",\"Wissenschaft &amp; Forschung\"],\"inLanguage\":\"en-US\",\"potentialAction\":[{\"@type\":\"CommentAction\",\"name\":\"Comment\",\"target\":[\"https:\\\/\\\/digidem-bayern.de\\\/digidem-bayern-setzt-meilenstein-fuer-die-demenz-frueherkennung-2\\\/#respond\"]}]},{\"@type\":\"WebPage\",\"@id\":\"https:\\\/\\\/digidem-bayern.de\\\/digidem-bayern-setzt-meilenstein-fuer-die-demenz-frueherkennung-2\\\/\",\"url\":\"https:\\\/\\\/digidem-bayern.de\\\/digidem-bayern-setzt-meilenstein-fuer-die-demenz-frueherkennung-2\\\/\",\"name\":\"digiDEM Bayern mit Rekordzahl an Demenz-Screeningtagen\u00a0 - digiDEM Bayern\",\"isPartOf\":{\"@id\":\"\\\/#website\"},\"primaryImageOfPage\":{\"@id\":\"https:\\\/\\\/digidem-bayern.de\\\/digidem-bayern-setzt-meilenstein-fuer-die-demenz-frueherkennung-2\\\/#primaryimage\"},\"image\":{\"@id\":\"https:\\\/\\\/digidem-bayern.de\\\/digidem-bayern-setzt-meilenstein-fuer-die-demenz-frueherkennung-2\\\/#primaryimage\"},\"thumbnailUrl\":\"https:\\\/\\\/digidem-bayern.de\\\/wp-content\\\/uploads\\\/2025\\\/11\\\/Rekordzahl-Screeningtage.png\",\"datePublished\":\"2025-11-13T08:20:02+00:00\",\"dateModified\":\"2025-11-13T09:27:12+00:00\",\"description\":\"Der Bayerische Landesapothekerkammer unterst\u00fctzt digiDEM Bayern mit Hilfe des Netzwerks \\\"Demenzfreundliche Apotheken\\\".\",\"breadcrumb\":{\"@id\":\"https:\\\/\\\/digidem-bayern.de\\\/digidem-bayern-setzt-meilenstein-fuer-die-demenz-frueherkennung-2\\\/#breadcrumb\"},\"inLanguage\":\"en-US\",\"potentialAction\":[{\"@type\":\"ReadAction\",\"target\":[\"https:\\\/\\\/digidem-bayern.de\\\/digidem-bayern-setzt-meilenstein-fuer-die-demenz-frueherkennung-2\\\/\"]}]},{\"@type\":\"ImageObject\",\"inLanguage\":\"en-US\",\"@id\":\"https:\\\/\\\/digidem-bayern.de\\\/digidem-bayern-setzt-meilenstein-fuer-die-demenz-frueherkennung-2\\\/#primaryimage\",\"url\":\"https:\\\/\\\/digidem-bayern.de\\\/wp-content\\\/uploads\\\/2025\\\/11\\\/Rekordzahl-Screeningtage.png\",\"contentUrl\":\"https:\\\/\\\/digidem-bayern.de\\\/wp-content\\\/uploads\\\/2025\\\/11\\\/Rekordzahl-Screeningtage.png\",\"width\":1600,\"height\":1426,\"caption\":\"Rund 1.500 Menschen haben die M\u00f6glichkeit genutzt, sich testen zu lassen, davon haben 23 Prozent der Personen ein abkl\u00e4rungsbed\u00fcrftiges Ergebnis erhalten.\"},{\"@type\":\"BreadcrumbList\",\"@id\":\"https:\\\/\\\/digidem-bayern.de\\\/digidem-bayern-setzt-meilenstein-fuer-die-demenz-frueherkennung-2\\\/#breadcrumb\",\"itemListElement\":[{\"@type\":\"ListItem\",\"position\":1,\"name\":\"Startseite\",\"item\":\"https:\\\/\\\/digidem-bayern.de\\\/\"},{\"@type\":\"ListItem\",\"position\":2,\"name\":\"digiDEM Bayern mit Rekordzahl an Demenz-Screeningtagen\u00a0\"}]},{\"@type\":\"WebSite\",\"@id\":\"\\\/#website\",\"url\":\"\\\/\",\"name\":\"digiDEM Bayern\",\"description\":\"Das digitale Demenzregister Bayern erforscht und verbessert die Angebotsstuktur f\u00fcr Menschen mit Demenz und deren Angeh\u00f6rige\",\"publisher\":{\"@id\":\"\\\/#organization\"},\"potentialAction\":[{\"@type\":\"SearchAction\",\"target\":{\"@type\":\"EntryPoint\",\"urlTemplate\":\"\\\/?s={search_term_string}\"},\"query-input\":{\"@type\":\"PropertyValueSpecification\",\"valueRequired\":true,\"valueName\":\"search_term_string\"}}],\"inLanguage\":\"en-US\"},{\"@type\":\"Organization\",\"@id\":\"\\\/#organization\",\"name\":\"digiDEM Bayern\",\"url\":\"\\\/\",\"logo\":{\"@type\":\"ImageObject\",\"inLanguage\":\"en-US\",\"@id\":\"\\\/#\\\/schema\\\/logo\\\/image\\\/\",\"url\":\"https:\\\/\\\/digidem-bayern.de\\\/wp-content\\\/uploads\\\/2022\\\/03\\\/cropped-Allgemeines_digiDEMLOGO-removebg-preview.png\",\"contentUrl\":\"https:\\\/\\\/digidem-bayern.de\\\/wp-content\\\/uploads\\\/2022\\\/03\\\/cropped-Allgemeines_digiDEMLOGO-removebg-preview.png\",\"width\":612,\"height\":357,\"caption\":\"digiDEM Bayern\"},\"image\":{\"@id\":\"\\\/#\\\/schema\\\/logo\\\/image\\\/\"},\"sameAs\":[\"https:\\\/\\\/www.facebook.com\\\/digiDEMBayern\\\/\",\"https:\\\/\\\/x.com\\\/digidem_bayern\",\"https:\\\/\\\/www.instagram.com\\\/digidem.bayern\",\"https:\\\/\\\/www.linkedin.com\\\/company\\\/digidem-bayern\\\/\"]},{\"@type\":\"Person\",\"@id\":\"\\\/#\\\/schema\\\/person\\\/0bc1494f46fc2a051c761322a80e0941\",\"name\":\"Ilona H\u00f6rath\",\"url\":\"https:\\\/\\\/digidem-bayern.de\\\/en\\\/author\\\/hoeratia\\\/\"}]}<\/script>\n<!-- \/ Yoast SEO plugin. -->","yoast_head_json":{"title":"digiDEM Bayern mit Rekordzahl an Demenz-Screeningtagen\u00a0 - digiDEM Bayern","description":"Der Bayerische Landesapothekerkammer unterst\u00fctzt digiDEM Bayern mit Hilfe des Netzwerks \"Demenzfreundliche Apotheken\".","robots":{"index":"index","follow":"follow","max-snippet":"max-snippet:-1","max-image-preview":"max-image-preview:large","max-video-preview":"max-video-preview:-1"},"canonical":"https:\/\/digidem-bayern.de\/en\/digidem-bayern-setzt-meilenstein-fuer-die-demenz-frueherkennung-2\/","og_locale":"en_US","og_type":"article","og_title":"digiDEM Bayern mit Rekordzahl an Demenz-Screeningtagen\u00a0 - digiDEM Bayern","og_description":"Der Bayerische Landesapothekerkammer unterst\u00fctzt digiDEM Bayern mit Hilfe des Netzwerks \"Demenzfreundliche Apotheken\".","og_url":"https:\/\/digidem-bayern.de\/en\/digidem-bayern-setzt-meilenstein-fuer-die-demenz-frueherkennung-2\/","og_site_name":"digiDEM Bayern","article_publisher":"https:\/\/www.facebook.com\/digiDEMBayern\/","article_published_time":"2025-11-13T08:20:02+00:00","article_modified_time":"2025-11-13T09:27:12+00:00","og_image":[{"width":1030,"height":918,"url":"https:\/\/digidem-bayern.de\/wp-content\/uploads\/2025\/11\/Rekordzahl-Screeningtage-1030x918.png","type":"image\/png"}],"author":"Ilona H\u00f6rath","twitter_misc":{"Written by":"Ilona H\u00f6rath","Est. reading time":"2 minutes"},"schema":{"@context":"https:\/\/schema.org","@graph":[{"@type":"Article","@id":"https:\/\/digidem-bayern.de\/digidem-bayern-setzt-meilenstein-fuer-die-demenz-frueherkennung-2\/#article","isPartOf":{"@id":"https:\/\/digidem-bayern.de\/digidem-bayern-setzt-meilenstein-fuer-die-demenz-frueherkennung-2\/"},"author":{"name":"Ilona H\u00f6rath","@id":"\/#\/schema\/person\/0bc1494f46fc2a051c761322a80e0941"},"headline":"digiDEM Bayern mit Rekordzahl an Demenz-Screeningtagen\u00a0","datePublished":"2025-11-13T08:20:02+00:00","dateModified":"2025-11-13T09:27:12+00:00","mainEntityOfPage":{"@id":"https:\/\/digidem-bayern.de\/digidem-bayern-setzt-meilenstein-fuer-die-demenz-frueherkennung-2\/"},"wordCount":943,"commentCount":0,"publisher":{"@id":"\/#organization"},"image":{"@id":"https:\/\/digidem-bayern.de\/digidem-bayern-setzt-meilenstein-fuer-die-demenz-frueherkennung-2\/#primaryimage"},"thumbnailUrl":"https:\/\/digidem-bayern.de\/wp-content\/uploads\/2025\/11\/Rekordzahl-Screeningtage.png","keywords":["Alzheimer","Alzheimer-Demenz","Bayerische Demenzwoche","Demenz","Demenz-Fr\u00fcherkennung","Demenz-Screening","Demenzdiagnose","Demenzrisiko","Demenztest","Demenzversorgung","Demenzwoche","Deutsche Alzheimer Gesellschaft","Diagnostik","digidem","digidem Bayern","Digitales Demenzregister Bayern","Ged\u00e4chtnisleistung","Ged\u00e4chtnistest","Meilenstein","Prof. Dr. med. Elmar Gr\u00e4\u00dfel","Prof. Dr. Peter Kolominsky-Rabas","StMGP"],"articleSection":["Aktuelles zu digiDEM","Pressemitteilungen","Wissenschaft &amp; Forschung"],"inLanguage":"en-US","potentialAction":[{"@type":"CommentAction","name":"Comment","target":["https:\/\/digidem-bayern.de\/digidem-bayern-setzt-meilenstein-fuer-die-demenz-frueherkennung-2\/#respond"]}]},{"@type":"WebPage","@id":"https:\/\/digidem-bayern.de\/digidem-bayern-setzt-meilenstein-fuer-die-demenz-frueherkennung-2\/","url":"https:\/\/digidem-bayern.de\/digidem-bayern-setzt-meilenstein-fuer-die-demenz-frueherkennung-2\/","name":"digiDEM Bayern mit Rekordzahl an Demenz-Screeningtagen\u00a0 - digiDEM Bayern","isPartOf":{"@id":"\/#website"},"primaryImageOfPage":{"@id":"https:\/\/digidem-bayern.de\/digidem-bayern-setzt-meilenstein-fuer-die-demenz-frueherkennung-2\/#primaryimage"},"image":{"@id":"https:\/\/digidem-bayern.de\/digidem-bayern-setzt-meilenstein-fuer-die-demenz-frueherkennung-2\/#primaryimage"},"thumbnailUrl":"https:\/\/digidem-bayern.de\/wp-content\/uploads\/2025\/11\/Rekordzahl-Screeningtage.png","datePublished":"2025-11-13T08:20:02+00:00","dateModified":"2025-11-13T09:27:12+00:00","description":"Der Bayerische Landesapothekerkammer unterst\u00fctzt digiDEM Bayern mit Hilfe des Netzwerks \"Demenzfreundliche Apotheken\".","breadcrumb":{"@id":"https:\/\/digidem-bayern.de\/digidem-bayern-setzt-meilenstein-fuer-die-demenz-frueherkennung-2\/#breadcrumb"},"inLanguage":"en-US","potentialAction":[{"@type":"ReadAction","target":["https:\/\/digidem-bayern.de\/digidem-bayern-setzt-meilenstein-fuer-die-demenz-frueherkennung-2\/"]}]},{"@type":"ImageObject","inLanguage":"en-US","@id":"https:\/\/digidem-bayern.de\/digidem-bayern-setzt-meilenstein-fuer-die-demenz-frueherkennung-2\/#primaryimage","url":"https:\/\/digidem-bayern.de\/wp-content\/uploads\/2025\/11\/Rekordzahl-Screeningtage.png","contentUrl":"https:\/\/digidem-bayern.de\/wp-content\/uploads\/2025\/11\/Rekordzahl-Screeningtage.png","width":1600,"height":1426,"caption":"Rund 1.500 Menschen haben die M\u00f6glichkeit genutzt, sich testen zu lassen, davon haben 23 Prozent der Personen ein abkl\u00e4rungsbed\u00fcrftiges Ergebnis erhalten."},{"@type":"BreadcrumbList","@id":"https:\/\/digidem-bayern.de\/digidem-bayern-setzt-meilenstein-fuer-die-demenz-frueherkennung-2\/#breadcrumb","itemListElement":[{"@type":"ListItem","position":1,"name":"Startseite","item":"https:\/\/digidem-bayern.de\/"},{"@type":"ListItem","position":2,"name":"digiDEM Bayern mit Rekordzahl an Demenz-Screeningtagen\u00a0"}]},{"@type":"WebSite","@id":"\/#website","url":"\/","name":"digiDEM Bavaria","description":"The digital dementia register in Bavaria researches and improves the structure of services for people with dementia and their relatives","publisher":{"@id":"\/#organization"},"potentialAction":[{"@type":"SearchAction","target":{"@type":"EntryPoint","urlTemplate":"\/?s={search_term_string}"},"query-input":{"@type":"PropertyValueSpecification","valueRequired":true,"valueName":"search_term_string"}}],"inLanguage":"en-US"},{"@type":"Organization","@id":"\/#organization","name":"digiDEM Bavaria","url":"\/","logo":{"@type":"ImageObject","inLanguage":"en-US","@id":"\/#\/schema\/logo\/image\/","url":"https:\/\/digidem-bayern.de\/wp-content\/uploads\/2022\/03\/cropped-Allgemeines_digiDEMLOGO-removebg-preview.png","contentUrl":"https:\/\/digidem-bayern.de\/wp-content\/uploads\/2022\/03\/cropped-Allgemeines_digiDEMLOGO-removebg-preview.png","width":612,"height":357,"caption":"digiDEM Bayern"},"image":{"@id":"\/#\/schema\/logo\/image\/"},"sameAs":["https:\/\/www.facebook.com\/digiDEMBayern\/","https:\/\/x.com\/digidem_bayern","https:\/\/www.instagram.com\/digidem.bayern","https:\/\/www.linkedin.com\/company\/digidem-bayern\/"]},{"@type":"Person","@id":"\/#\/schema\/person\/0bc1494f46fc2a051c761322a80e0941","name":"Ilona H\u00f6rath","url":"https:\/\/digidem-bayern.de\/en\/author\/hoeratia\/"}]}},"uagb_featured_image_src":{"full":["https:\/\/digidem-bayern.de\/wp-content\/uploads\/2025\/11\/Rekordzahl-Screeningtage.png",1600,1426,false],"thumbnail":["https:\/\/digidem-bayern.de\/wp-content\/uploads\/2025\/11\/Rekordzahl-Screeningtage-80x80.png",80,80,true],"medium":["https:\/\/digidem-bayern.de\/wp-content\/uploads\/2025\/11\/Rekordzahl-Screeningtage-300x267.png",300,267,true],"medium_large":["https:\/\/digidem-bayern.de\/wp-content\/uploads\/2025\/11\/Rekordzahl-Screeningtage-768x684.png",768,684,true],"large":["https:\/\/digidem-bayern.de\/wp-content\/uploads\/2025\/11\/Rekordzahl-Screeningtage-1030x918.png",1030,918,true],"1536x1536":["https:\/\/digidem-bayern.de\/wp-content\/uploads\/2025\/11\/Rekordzahl-Screeningtage-1536x1369.png",1536,1369,true],"2048x2048":["https:\/\/digidem-bayern.de\/wp-content\/uploads\/2025\/11\/Rekordzahl-Screeningtage.png",1600,1426,false],"trp-custom-language-flag":["https:\/\/digidem-bayern.de\/wp-content\/uploads\/2025\/11\/Rekordzahl-Screeningtage.png",13,12,false],"qubely_landscape":["https:\/\/digidem-bayern.de\/wp-content\/uploads\/2025\/11\/Rekordzahl-Screeningtage-1200x750.png",1200,750,true],"qubely_portrait":["https:\/\/digidem-bayern.de\/wp-content\/uploads\/2025\/11\/Rekordzahl-Screeningtage-540x320.png",540,320,true],"qubely_thumbnail":["https:\/\/digidem-bayern.de\/wp-content\/uploads\/2025\/11\/Rekordzahl-Screeningtage-140x100.png",140,100,true],"post-thumbnail":["https:\/\/digidem-bayern.de\/wp-content\/uploads\/2025\/11\/Rekordzahl-Screeningtage-393x350.png",393,350,true],"kahuna-featured":["https:\/\/digidem-bayern.de\/wp-content\/uploads\/2025\/11\/Rekordzahl-Screeningtage-734x350.png",734,350,true],"kahuna-featured-lp":["https:\/\/digidem-bayern.de\/wp-content\/uploads\/2025\/11\/Rekordzahl-Screeningtage-520x350.png",520,350,true],"kahuna-featured-half":["https:\/\/digidem-bayern.de\/wp-content\/uploads\/2025\/11\/Rekordzahl-Screeningtage-800x350.png",800,350,true],"kahuna-featured-third":["https:\/\/digidem-bayern.de\/wp-content\/uploads\/2025\/11\/Rekordzahl-Screeningtage-512x350.png",512,350,true],"kahuna-lpbox-1":["https:\/\/digidem-bayern.de\/wp-content\/uploads\/2025\/11\/Rekordzahl-Screeningtage-520x300.png",520,300,true],"kahuna-lpbox-2":["https:\/\/digidem-bayern.de\/wp-content\/uploads\/2025\/11\/Rekordzahl-Screeningtage-520x350.png",520,350,true],"demand-language-flag":["https:\/\/digidem-bayern.de\/wp-content\/uploads\/2025\/11\/Rekordzahl-Screeningtage-36x36.png",36,36,true],"dddkt-language-flag":["https:\/\/digidem-bayern.de\/wp-content\/uploads\/2025\/11\/Rekordzahl-Screeningtage-36x36.png",36,36,true],"ddiqc-language-flag":["https:\/\/digidem-bayern.de\/wp-content\/uploads\/2025\/11\/Rekordzahl-Screeningtage-36x36.png",36,36,true],"ddtl-language-flag":["https:\/\/digidem-bayern.de\/wp-content\/uploads\/2025\/11\/Rekordzahl-Screeningtage-36x36.png",36,36,true],"mailpoet_newsletter_max":["https:\/\/digidem-bayern.de\/wp-content\/uploads\/2025\/11\/Rekordzahl-Screeningtage-1320x1176.png",1320,1176,true],"kahuna-lpbox-3":["https:\/\/digidem-bayern.de\/wp-content\/uploads\/2025\/11\/Rekordzahl-Screeningtage-520x350.png",520,350,true],"kahuna-featured-square":["https:\/\/digidem-bayern.de\/wp-content\/uploads\/2025\/11\/Rekordzahl-Screeningtage-512x512.png",512,512,true],"kahuna-featured-square-large":["https:\/\/digidem-bayern.de\/wp-content\/uploads\/2025\/11\/Rekordzahl-Screeningtage-1024x1024.png",1024,1024,true]},"uagb_author_info":{"display_name":"Ilona H\u00f6rath","author_link":"https:\/\/digidem-bayern.de\/en\/author\/hoeratia\/"},"uagb_comment_info":3,"uagb_excerpt":"Anl\u00e4sslich der 6. Bayerischen Demenzwoche hat das Forschungsprojekt digiDEM Bayern mit der Rekordzahl von 62 Demenz-Screeningtagen im Vergleich zu vergangenen Bayerischen Demenzwochen an Standorten in ganz Bayern einen wesentlichen Beitrag zur Fr\u00fcherkennung von Demenz geleistet. Rund 1.500 Menschen haben die M\u00f6glichkeit genutzt, sich testen zu lassen, davon haben 23 Prozent &hellip;","_links":{"self":[{"href":"https:\/\/digidem-bayern.de\/en\/wp-json\/wp\/v2\/posts\/46601","targetHints":{"allow":["GET"]}}],"collection":[{"href":"https:\/\/digidem-bayern.de\/en\/wp-json\/wp\/v2\/posts"}],"about":[{"href":"https:\/\/digidem-bayern.de\/en\/wp-json\/wp\/v2\/types\/post"}],"author":[{"embeddable":true,"href":"https:\/\/digidem-bayern.de\/en\/wp-json\/wp\/v2\/users\/12"}],"replies":[{"embeddable":true,"href":"https:\/\/digidem-bayern.de\/en\/wp-json\/wp\/v2\/comments?post=46601"}],"version-history":[{"count":4,"href":"https:\/\/digidem-bayern.de\/en\/wp-json\/wp\/v2\/posts\/46601\/revisions"}],"predecessor-version":[{"id":46607,"href":"https:\/\/digidem-bayern.de\/en\/wp-json\/wp\/v2\/posts\/46601\/revisions\/46607"}],"wp:featuredmedia":[{"embeddable":true,"href":"https:\/\/digidem-bayern.de\/en\/wp-json\/wp\/v2\/media\/46605"}],"wp:attachment":[{"href":"https:\/\/digidem-bayern.de\/en\/wp-json\/wp\/v2\/media?parent=46601"}],"wp:term":[{"taxonomy":"category","embeddable":true,"href":"https:\/\/digidem-bayern.de\/en\/wp-json\/wp\/v2\/categories?post=46601"},{"taxonomy":"post_tag","embeddable":true,"href":"https:\/\/digidem-bayern.de\/en\/wp-json\/wp\/v2\/tags?post=46601"}],"curies":[{"name":"wp","href":"https:\/\/api.w.org\/{rel}","templated":true}]}}