{"id":4635,"date":"2020-04-08T14:30:00","date_gmt":"2020-04-08T12:30:00","guid":{"rendered":"https:\/\/digidem-bayern.de\/?p=4635"},"modified":"2024-04-24T11:06:08","modified_gmt":"2024-04-24T09:06:08","slug":"erstes-science-watch-live-webinar","status":"publish","type":"post","link":"https:\/\/digidem-bayern.de\/en\/erstes-science-watch-live-webinar\/","title":{"rendered":"Webinar: Digitale Angebote bei Demenz &#8211; Wissen und Diagnostik"},"content":{"rendered":"<h4 class=\"wp-block-heading\">Wissenschaft verst\u00e4ndlich erkl\u00e4rt: In der neuen Webinar-Reihe <strong><em>digiDEM Bayern Science Watch LIVE<\/em><\/strong> erl\u00e4utern Wissenschaftler*innen aus unserem Projektteam regelm\u00e4\u00dfig ein Schwerpunkt-Thema aus der internationalen Demenzforschung und stehen live f\u00fcr Fragen zur Verf\u00fcgung. Hier k\u00f6nnen Sie sich das Webinar zum Thema &#8222;Digitale Angebote f\u00fcr Menschen mit Demenz und pflegende Angeh\u00f6rige&#8220; noch einmal ansehen. Wir freuen uns \u00fcber Fragen, Anmerkungen oder Verbesserungsvorschl\u00e4ge in den Kommentaren! <\/h4>\n\n\n\n<figure class=\"wp-block-embed is-type-video is-provider-youtube wp-block-embed-youtube wp-embed-aspect-16-9 wp-has-aspect-ratio\"><div class=\"wp-block-embed__wrapper\">\n<iframe loading=\"lazy\" title=\"Erstes Webinar &quot;Science Watch LIVE&quot;\" width=\"1223\" height=\"688\" src=\"https:\/\/www.youtube.com\/embed\/ZTcSFjuLNGk?feature=oembed\" frameborder=\"0\" allow=\"accelerometer; autoplay; clipboard-write; encrypted-media; gyroscope; picture-in-picture\" allowfullscreen><\/iframe>\n<\/div><\/figure>\n\n\n\n<div class=\"wp-block-group\"><div class=\"wp-block-group__inner-container is-layout-flow wp-block-group-is-layout-flow\">\n<div style=\"height:30px\" aria-hidden=\"true\" class=\"wp-block-spacer\"><\/div>\n\n\n\n<p class=\"has-text-align-center\"><strong>Hier gibt es das Webinar als <a href=\"https:\/\/digidem-bayern.de\/wp-content\/uploads\/2024\/04\/2020-04-08_digiDEM_Webinar_Nr1_Digitale_Angebote_Copyright.pdf\" target=\"_blank\" rel=\"noreferrer noopener\">PDF zum Download.<\/a><\/strong><\/p>\n\n\n\n<div style=\"height:30px\" aria-hidden=\"true\" class=\"wp-block-spacer\"><\/div>\n\n\n\n<p class=\"has-text-align-center\"><strong>Fragen der Teilnehmer*innen und Antworten des Webinar-Teams:<\/strong><\/p>\n<\/div><\/div>\n\n\n\n<div style=\"height:30px\" aria-hidden=\"true\" class=\"wp-block-spacer\"><\/div>\n\n\n\n<div class=\"qubely-block-accordion  qubely-block-486254\" data-item-toggle=\"true\">\n<div class=\"wp-block-qubely-accordion-item qubely-block-95a858\"><div class=\"qubely-accordion-item qubely-type-fill false\"><div class=\"qubely-accordion-panel qubely-icon-position-right\"><span class=\"qubely-accordion-panel-handler\" role=\"button\"><span class=\"qubely-accordion-panel-handler-label\">Kann Caregivers Pro noch zum Screening verwendet werden oder ist das Projekt abgeschlossen?<\/span><span class=\"qubely-accordion-icon fa fa-plus\"><\/span><\/span><\/div><div class=\"qubely-accordion-body\"><div itemprop=\"text\">\n<p>Die Plattform wurde entwickelt, ist derzeit allerdings noch nicht f\u00fcr die breite \u00d6ffentlichkeit zug\u00e4nglich. Laut der Webseite des Projekts (<a href=\"https:\/\/caregiverspro-mmd.eu\/#about\">https:\/\/caregiverspro-mmd.eu\/#about<\/a>) wird man sich auf Einladung f\u00fcr die Plattform anmelden k\u00f6nnen. Wir gehen davon aus, dass zu diesem Zeitpunkt auch die Dienste, wie etwa das Screening, verf\u00fcgbar sein werden.<\/p>\n<\/div><\/div><\/div><\/div>\n\n\n\n<div class=\"wp-block-qubely-accordion-item qubely-block-cb0a42\"><div class=\"qubely-accordion-item qubely-type-fill false\"><div class=\"qubely-accordion-panel qubely-icon-position-right\"><span class=\"qubely-accordion-panel-handler\" role=\"button\"><span class=\"qubely-accordion-panel-handler-label\">Welche der vorgestellten Websites sind (auch) in deutscher Sprache verf\u00fcgbar? <\/span><span class=\"qubely-accordion-icon fa fa-plus\"><\/span><\/span><\/div><div class=\"qubely-accordion-body\"><div itemprop=\"text\">\n<p>Der Wegweiser Demenz, der vom Bundesministerium f\u00fcr Familie, Senioren, Frauen und Jugend herausgegeben wird, ist in deutscher Sprache verf\u00fcgbar (Webseite:<a href=\"https:\/\/www.wegweiser-demenz.de\/startseite.html\" target=\"_blank\" rel=\"noreferrer noopener\"> https:\/\/www.wegweiser-demenz.de\/startseite.html<\/a>).<\/p>\n<\/div><\/div><\/div><\/div>\n\n\n\n<div class=\"wp-block-qubely-accordion-item qubely-block-7b5a0b\"><div class=\"qubely-accordion-item qubely-type-fill false\"><div class=\"qubely-accordion-panel qubely-icon-position-right\"><span class=\"qubely-accordion-panel-handler\" role=\"button\"><span class=\"qubely-accordion-panel-handler-label\">Gibt es eine Plattform f\u00fcr Angeh\u00f6rige bez\u00fcglich der Betreuung von Menschen mit Demenz &#8211; im Sinne der Nachbarschaftshilfe? <\/span><span class=\"qubely-accordion-icon fa fa-plus\"><\/span><\/span><\/div><div class=\"qubely-accordion-body\"><div itemprop=\"text\">\n<p>Hier m\u00f6chten wir auf unser zweites Webinar am Donnerstag, 16.04., 11 Uhr verweisen. Im Rahmen dessen werden wir unter dem Themenkomplex &#8222;Digitale Unterst\u00fctzungsangebote f\u00fcr Menschen mit Demenz und pflegende Angeh\u00f6rige \u2013 Teil 2&#8220; auf den Themenbereich &#8222;Unterst\u00fctzung&#8220; eingehen. Dort werden wir ein entsprechendes Angebot vorstellen.<\/p>\n\n\n\n<p>Zudem gibt es eine Telefonhotline f\u00fcr \u00e4ltere, unterst\u00fctzungsbed\u00fcrftige Menschen, die unter Umst\u00e4nden kein Internet zu Hause haben. Die Telefonhotline wurde aufgrund der Corona-Pandemie entwickelt. \u00c4ltere, hilfebed\u00fcrftige Menschen k\u00f6nnen bei der Hotline anrufen und ein Hilfegesuch aufgeben. Weitere Informationen gibt es hier: <a href=\"https:\/\/gemeinschaft.online\/\" target=\"_blank\" rel=\"noreferrer noopener\">https:\/\/gemeinschaft.online\/<\/a>.<\/p>\n<\/div><\/div><\/div><\/div>\n\n\n\n<div class=\"wp-block-qubely-accordion-item qubely-block-16cdb5\"><div class=\"qubely-accordion-item qubely-type-fill false\"><div class=\"qubely-accordion-panel qubely-icon-position-right\"><span class=\"qubely-accordion-panel-handler\" role=\"button\"><span class=\"qubely-accordion-panel-handler-label\">Wie sieht es bei den Apps mit dem Datenschutz aus? Wo stehen die Server? Sind das Open Source Projekte?  <\/span><span class=\"qubely-accordion-icon fa fa-plus\"><\/span><\/span><\/div><div class=\"qubely-accordion-body\"><div itemprop=\"text\">\n<p>Die Unterst\u00fctzungsangebote, die Apps bereithalten, sind <em>Caregivers Pro<\/em> und <em>PsyMate<\/em>:<\/p>\n\n\n\n<p><em>Caregivers Pro<\/em>:<\/p>\n\n\n\n<ul class=\"wp-block-list\">\n<li>Datenschutz und Serverstandort bzgl. der App: keine Angabe.<\/li>\n\n\n\n<li>Datenschutzrichtlinie der Webseite: <a rel=\"noreferrer noopener\" href=\"https:\/\/caregiversprommd-project.eu\/privacy-policy\/\" target=\"_blank\">https:\/\/caregiversprommd-project.eu\/privacy-policy\/<\/a><\/li>\n\n\n\n<li>F\u00f6rderung des Projekts im Rahmen von \u201eHorizont 2020\u201c (EU-F\u00f6rderprogramm f\u00fcr Forschung und Innovation von der Europ\u00e4ischen Kommission)<\/li>\n\n\n\n<li>Open Source: keine Angabe.<\/li>\n<\/ul>\n\n\n\n<p><em>PsyMate:<\/em><\/p>\n\n\n\n<ul class=\"wp-block-list\">\n<li>Serverstandort: Universit\u00e4t Maastricht, Niederlande.<\/li>\n\n\n\n<li>Generelle Informationen zum Datenschutz auf der Webseite: <a href=\"https:\/\/www.psymate.eu\/2019\/02\/27\/privacy\/\" target=\"_blank\" rel=\"noreferrer noopener\">https:\/\/www.psymate.eu\/2019\/02\/27\/privacy\/<\/a><\/li>\n\n\n\n<li>Open Source: Nein.<\/li>\n<\/ul>\n<\/div><\/div><\/div><\/div>\n<\/div>\n\n\n\n<div style=\"height:50px\" aria-hidden=\"true\" class=\"wp-block-spacer\"><\/div>\n\n\n\n<h2 class=\"wp-block-heading has-text-align-center\"><strong><strong>Mittwoch, 08.04.2020, 11.00-11.30 Uhr<\/strong><\/strong><\/h2>\n\n\n\n<div class=\"wp-block-stackable-columns stk-block-columns stk-block stk-1de3e3d\" data-block-id=\"1de3e3d\"><div class=\"stk-row stk-inner-blocks stk-block-content stk-content-align stk-1de3e3d-column\">\n<div class=\"wp-block-stackable-column stk-block-column stk-column stk-block stk-7d826cd\" data-block-id=\"7d826cd\"><div class=\"stk-column-wrapper stk-block-column__content stk-container stk-7d826cd-container stk--no-background stk--no-padding\"><div class=\"stk-block-content stk-inner-blocks stk-7d826cd-inner-blocks\">\n<div class=\"wp-block-uagb-team uagb-team__image-position-above uagb-team__align-center uagb-team__stack-tablet uagb-block-9ace09e5\"><div class=\"uagb-team__content\"><img decoding=\"async\" class=\"uagb-team__image-crop-circle\" src=\"https:\/\/test.digidem-bayern.de\/wp-content\/uploads\/2019\/10\/kristina-holm-e1571142334262-80x80.jpg\" alt=\"\" height=\"120\" width=\"120\" loading=\"lazy\"\/><h3 class=\"uagb-team__title\">Kristina Holm<\/h3><span class=\"uagb-team__prefix\">Wissenschaftliche Mitarbeiterin M. Sc.<\/span><p class=\"uagb-team__desc\">Vortrag und Moderation <\/p><\/div><\/div>\n<\/div><\/div><\/div>\n\n\n\n<div class=\"wp-block-stackable-column stk-block-column stk-column stk-block stk-a83f053\" data-block-id=\"a83f053\"><div class=\"stk-column-wrapper stk-block-column__content stk-container stk-a83f053-container stk--no-background stk--no-padding\"><div class=\"stk-block-content stk-inner-blocks stk-a83f053-inner-blocks\">\n<div class=\"wp-block-uagb-team uagb-team__image-position-above uagb-team__align-center uagb-team__stack-tablet uagb-block-7b2e4c8e\"><div class=\"uagb-team__content\"><img decoding=\"async\" class=\"uagb-team__image-crop-circle\" src=\"https:\/\/test.digidem-bayern.de\/wp-content\/uploads\/25_insel_dreier-80x80.jpg\" alt=\"Die digiDEM Bayern-Mitarbeiter Michael Reichold und Nikolas Dietzel (v.l.) und Stephanie H\u00f6r vom Landratsamt Weilheim-Schongau.\" height=\"120\" width=\"120\" loading=\"lazy\"\/><h3 class=\"uagb-team__title\">Nikolas Dietzel<\/h3><span class=\"uagb-team__prefix\">Wissenschaftlicher Mitarbeiter M. A.<\/span><p class=\"uagb-team__desc\">Betreuung Chatroom &amp; Fragen<\/p><\/div><\/div>\n\n\n\n<p><\/p>\n<\/div><\/div><\/div>\n<\/div><\/div>\n\n\n\n<div class=\"wp-block-columns is-layout-flex wp-container-core-columns-is-layout-9d6595d7 wp-block-columns-is-layout-flex\">\n<div class=\"wp-block-column is-layout-flow wp-block-column-is-layout-flow\" style=\"flex-basis:66.66%\">\n<p><\/p>\n<\/div>\n\n\n\n<div class=\"wp-block-column is-layout-flow wp-block-column-is-layout-flow\" style=\"flex-basis:33.33%\">\n<p><\/p>\n<\/div>\n<\/div>\n\n\n\n<div style=\"height:40px\" aria-hidden=\"true\" class=\"wp-block-spacer\"><\/div>\n\n\n\n<p>Mit dem neuen Webinar bieten wir einen zus\u00e4tzlichen Service zu unserem monatlichen Newsletter <a href=\"https:\/\/test.digidem-bayern.de\/newsletter-2\/\">digiDEM Bayern Science Watc<\/a><a href=\"https:\/\/test.digidem-bayern.de\/newsletter\/\">h<\/a>, in dem wir wissenschaftliche Erkenntnisse aus der Demenzforschung bereitstellen.  &nbsp;<\/p>\n\n\n\n<p>Vor dem Hintergrund massenhaft verbreiteter Halbwahrheiten und Fake News, aktuell zum Beispiel \u00fcber das neue Corona-Virus, ist gerade jetzt evidenzbasierte Wissenschaft gefragt. Es ist wichtiger denn je, wissenschaftliche Erkenntnisse so zu vermitteln, dass sie f\u00fcr die Gesellschaft verst\u00e4ndlich sind und ein Austausch dar\u00fcber gef\u00f6rdert wird. Dazu m\u00f6chten wir als digiDEM Bayern-Projektteam beitragen, jetzt auch mit <strong><em>digiDEM Bayern Science Wach LIVE<\/em><\/strong>.<\/p>","protected":false},"excerpt":{"rendered":"<p>Wissenschaft verst\u00e4ndlich erkl\u00e4rt: In der neuen Webinar-Reihe digiDEM Bayern Science Watch LIVE erl\u00e4utern Wissenschaftler*innen aus unserem Projektteam regelm\u00e4\u00dfig ein Schwerpunkt-Thema aus der internationalen Demenzforschung und stehen live f\u00fcr Fragen zur Verf\u00fcgung. Hier k\u00f6nnen Sie sich das Webinar zum Thema &#8222;Digitale Angebote f\u00fcr Menschen mit Demenz und pflegende Angeh\u00f6rige&#8220; noch einmal &hellip;<\/p>","protected":false},"author":11,"featured_media":4662,"comment_status":"open","ping_status":"closed","sticky":false,"template":"","format":"standard","meta":{"qubely_global_settings":"true","qubely_interactions":"","_uag_custom_page_level_css":"","footnotes":""},"categories":[123],"tags":[13,12,95,14,17,55,20,93,94],"class_list":["post-4635","post","type-post","status-publish","format-standard","has-post-thumbnail","hentry","category-sciene-watch-live-archiv","tag-alzheimer","tag-demenz-2","tag-demenzforschung","tag-digidem","tag-digidem-bayern","tag-digitales-demenzregister-bayern","tag-digitalisierung","tag-pflegende-angehoerige","tag-webinar"],"qubely_featured_image_url":{"full":["https:\/\/digidem-bayern.de\/wp-content\/uploads\/2020\/04\/photography-of-laptop-computer-camera-smartphone-headphones-705164-scaled.jpg",1600,1039,false],"landscape":["https:\/\/digidem-bayern.de\/wp-content\/uploads\/2020\/04\/photography-of-laptop-computer-camera-smartphone-headphones-705164-1200x750.jpg",1200,750,true],"portraits":["https:\/\/digidem-bayern.de\/wp-content\/uploads\/2020\/04\/photography-of-laptop-computer-camera-smartphone-headphones-705164-540x320.jpg",540,320,true],"thumbnail":["https:\/\/digidem-bayern.de\/wp-content\/uploads\/2020\/04\/photography-of-laptop-computer-camera-smartphone-headphones-705164-80x80.jpg",80,80,true],"medium":["https:\/\/digidem-bayern.de\/wp-content\/uploads\/2020\/04\/photography-of-laptop-computer-camera-smartphone-headphones-705164-300x195.jpg",300,195,true],"medium_large":["https:\/\/digidem-bayern.de\/wp-content\/uploads\/2020\/04\/photography-of-laptop-computer-camera-smartphone-headphones-705164-768x499.jpg",768,499,true],"large":["https:\/\/digidem-bayern.de\/wp-content\/uploads\/2020\/04\/photography-of-laptop-computer-camera-smartphone-headphones-705164-1030x669.jpg",1030,669,true],"1536x1536":["https:\/\/digidem-bayern.de\/wp-content\/uploads\/2020\/04\/photography-of-laptop-computer-camera-smartphone-headphones-705164-1536x997.jpg",1536,997,true],"2048x2048":["https:\/\/digidem-bayern.de\/wp-content\/uploads\/2020\/04\/photography-of-laptop-computer-camera-smartphone-headphones-705164-2048x1330.jpg",2048,1330,true],"trp-custom-language-flag":["https:\/\/digidem-bayern.de\/wp-content\/uploads\/2020\/04\/photography-of-laptop-computer-camera-smartphone-headphones-705164-scaled.jpg",18,12,false],"qubely_landscape":["https:\/\/digidem-bayern.de\/wp-content\/uploads\/2020\/04\/photography-of-laptop-computer-camera-smartphone-headphones-705164-1200x750.jpg",1200,750,true],"qubely_portrait":["https:\/\/digidem-bayern.de\/wp-content\/uploads\/2020\/04\/photography-of-laptop-computer-camera-smartphone-headphones-705164-540x320.jpg",540,320,true],"qubely_thumbnail":["https:\/\/digidem-bayern.de\/wp-content\/uploads\/2020\/04\/photography-of-laptop-computer-camera-smartphone-headphones-705164-140x100.jpg",140,100,true],"post-thumbnail":["https:\/\/digidem-bayern.de\/wp-content\/uploads\/2020\/04\/photography-of-laptop-computer-camera-smartphone-headphones-705164-495x321.jpg",495,321,true],"kahuna-featured":["https:\/\/digidem-bayern.de\/wp-content\/uploads\/2020\/04\/photography-of-laptop-computer-camera-smartphone-headphones-705164-495x350.jpg",495,350,true],"kahuna-featured-lp":["https:\/\/digidem-bayern.de\/wp-content\/uploads\/2020\/04\/photography-of-laptop-computer-camera-smartphone-headphones-705164-460x350.jpg",460,350,true],"kahuna-featured-half":["https:\/\/digidem-bayern.de\/wp-content\/uploads\/2020\/04\/photography-of-laptop-computer-camera-smartphone-headphones-705164-800x350.jpg",800,350,true],"kahuna-featured-third":["https:\/\/digidem-bayern.de\/wp-content\/uploads\/2020\/04\/photography-of-laptop-computer-camera-smartphone-headphones-705164-512x350.jpg",512,350,true],"kahuna-lpbox-1":["https:\/\/digidem-bayern.de\/wp-content\/uploads\/2020\/04\/photography-of-laptop-computer-camera-smartphone-headphones-705164-460x350.jpg",394,300,true],"kahuna-lpbox-2":["https:\/\/digidem-bayern.de\/wp-content\/uploads\/2020\/04\/photography-of-laptop-computer-camera-smartphone-headphones-705164-460x350.jpg",460,350,true],"demand-language-flag":["https:\/\/digidem-bayern.de\/wp-content\/uploads\/2020\/04\/photography-of-laptop-computer-camera-smartphone-headphones-705164-scaled.jpg",36,23,false],"dddkt-language-flag":["https:\/\/digidem-bayern.de\/wp-content\/uploads\/2020\/04\/photography-of-laptop-computer-camera-smartphone-headphones-705164-scaled.jpg",36,23,false],"ddiqc-language-flag":["https:\/\/digidem-bayern.de\/wp-content\/uploads\/2020\/04\/photography-of-laptop-computer-camera-smartphone-headphones-705164-scaled.jpg",36,23,false],"ddtl-language-flag":["https:\/\/digidem-bayern.de\/wp-content\/uploads\/2020\/04\/photography-of-laptop-computer-camera-smartphone-headphones-705164-scaled.jpg",36,23,false],"mailpoet_newsletter_max":["https:\/\/digidem-bayern.de\/wp-content\/uploads\/2020\/04\/photography-of-laptop-computer-camera-smartphone-headphones-705164-1320x857.jpg",1320,857,true],"kahuna-lpbox-3":["https:\/\/digidem-bayern.de\/wp-content\/uploads\/2020\/04\/photography-of-laptop-computer-camera-smartphone-headphones-705164-460x350.jpg",460,350,true],"kahuna-featured-square":["https:\/\/digidem-bayern.de\/wp-content\/uploads\/2020\/04\/photography-of-laptop-computer-camera-smartphone-headphones-705164-512x512.jpg",512,512,true],"kahuna-featured-square-large":["https:\/\/digidem-bayern.de\/wp-content\/uploads\/2020\/04\/photography-of-laptop-computer-camera-smartphone-headphones-705164-1024x1024.jpg",1024,1024,true]},"qubely_author":{"display_name":"Michael Zeiler","author_link":"https:\/\/digidem-bayern.de\/en\/author\/michael-zeiler\/"},"qubely_comment":0,"qubely_category":"<a href=\"https:\/\/digidem-bayern.de\/en\/category\/sciene-watch-live-archiv\/\" rel=\"category tag\">Sciene Watch Live ARCHIV<\/a>","qubely_excerpt":"Wissenschaft verst\u00e4ndlich erkl\u00e4rt: In der neuen Webinar-Reihe digiDEM Bayern Science Watch LIVE erl\u00e4utern Wissenschaftler*innen aus unserem Projektteam regelm\u00e4\u00dfig ein Schwerpunkt-Thema aus der internationalen Demenzforschung und stehen live f\u00fcr Fragen zur Verf\u00fcgung. Hier k\u00f6nnen Sie sich das Webinar zum Thema &#8222;Digitale Angebote f\u00fcr Menschen mit Demenz und pflegende Angeh\u00f6rige&#8220; noch einmal &hellip;","featured_image_urls_v2":{"full":["https:\/\/digidem-bayern.de\/wp-content\/uploads\/2020\/04\/photography-of-laptop-computer-camera-smartphone-headphones-705164-scaled.jpg",1600,1039,false],"thumbnail":["https:\/\/digidem-bayern.de\/wp-content\/uploads\/2020\/04\/photography-of-laptop-computer-camera-smartphone-headphones-705164-80x80.jpg",80,80,true],"medium":["https:\/\/digidem-bayern.de\/wp-content\/uploads\/2020\/04\/photography-of-laptop-computer-camera-smartphone-headphones-705164-300x195.jpg",300,195,true],"medium_large":["https:\/\/digidem-bayern.de\/wp-content\/uploads\/2020\/04\/photography-of-laptop-computer-camera-smartphone-headphones-705164-768x499.jpg",768,499,true],"large":["https:\/\/digidem-bayern.de\/wp-content\/uploads\/2020\/04\/photography-of-laptop-computer-camera-smartphone-headphones-705164-1030x669.jpg",1030,669,true],"1536x1536":["https:\/\/digidem-bayern.de\/wp-content\/uploads\/2020\/04\/photography-of-laptop-computer-camera-smartphone-headphones-705164-1536x997.jpg",1536,997,true],"2048x2048":["https:\/\/digidem-bayern.de\/wp-content\/uploads\/2020\/04\/photography-of-laptop-computer-camera-smartphone-headphones-705164-2048x1330.jpg",2048,1330,true],"trp-custom-language-flag":["https:\/\/digidem-bayern.de\/wp-content\/uploads\/2020\/04\/photography-of-laptop-computer-camera-smartphone-headphones-705164-scaled.jpg",18,12,false],"qubely_landscape":["https:\/\/digidem-bayern.de\/wp-content\/uploads\/2020\/04\/photography-of-laptop-computer-camera-smartphone-headphones-705164-1200x750.jpg",1200,750,true],"qubely_portrait":["https:\/\/digidem-bayern.de\/wp-content\/uploads\/2020\/04\/photography-of-laptop-computer-camera-smartphone-headphones-705164-540x320.jpg",540,320,true],"qubely_thumbnail":["https:\/\/digidem-bayern.de\/wp-content\/uploads\/2020\/04\/photography-of-laptop-computer-camera-smartphone-headphones-705164-140x100.jpg",140,100,true],"post-thumbnail":["https:\/\/digidem-bayern.de\/wp-content\/uploads\/2020\/04\/photography-of-laptop-computer-camera-smartphone-headphones-705164-495x321.jpg",495,321,true],"kahuna-featured":["https:\/\/digidem-bayern.de\/wp-content\/uploads\/2020\/04\/photography-of-laptop-computer-camera-smartphone-headphones-705164-495x350.jpg",495,350,true],"kahuna-featured-lp":["https:\/\/digidem-bayern.de\/wp-content\/uploads\/2020\/04\/photography-of-laptop-computer-camera-smartphone-headphones-705164-460x350.jpg",460,350,true],"kahuna-featured-half":["https:\/\/digidem-bayern.de\/wp-content\/uploads\/2020\/04\/photography-of-laptop-computer-camera-smartphone-headphones-705164-800x350.jpg",800,350,true],"kahuna-featured-third":["https:\/\/digidem-bayern.de\/wp-content\/uploads\/2020\/04\/photography-of-laptop-computer-camera-smartphone-headphones-705164-512x350.jpg",512,350,true],"kahuna-lpbox-1":["https:\/\/digidem-bayern.de\/wp-content\/uploads\/2020\/04\/photography-of-laptop-computer-camera-smartphone-headphones-705164-460x350.jpg",394,300,true],"kahuna-lpbox-2":["https:\/\/digidem-bayern.de\/wp-content\/uploads\/2020\/04\/photography-of-laptop-computer-camera-smartphone-headphones-705164-460x350.jpg",460,350,true],"demand-language-flag":["https:\/\/digidem-bayern.de\/wp-content\/uploads\/2020\/04\/photography-of-laptop-computer-camera-smartphone-headphones-705164-scaled.jpg",36,23,false],"dddkt-language-flag":["https:\/\/digidem-bayern.de\/wp-content\/uploads\/2020\/04\/photography-of-laptop-computer-camera-smartphone-headphones-705164-scaled.jpg",36,23,false],"ddiqc-language-flag":["https:\/\/digidem-bayern.de\/wp-content\/uploads\/2020\/04\/photography-of-laptop-computer-camera-smartphone-headphones-705164-scaled.jpg",36,23,false],"ddtl-language-flag":["https:\/\/digidem-bayern.de\/wp-content\/uploads\/2020\/04\/photography-of-laptop-computer-camera-smartphone-headphones-705164-scaled.jpg",36,23,false],"mailpoet_newsletter_max":["https:\/\/digidem-bayern.de\/wp-content\/uploads\/2020\/04\/photography-of-laptop-computer-camera-smartphone-headphones-705164-1320x857.jpg",1320,857,true],"kahuna-lpbox-3":["https:\/\/digidem-bayern.de\/wp-content\/uploads\/2020\/04\/photography-of-laptop-computer-camera-smartphone-headphones-705164-460x350.jpg",460,350,true],"kahuna-featured-square":["https:\/\/digidem-bayern.de\/wp-content\/uploads\/2020\/04\/photography-of-laptop-computer-camera-smartphone-headphones-705164-512x512.jpg",512,512,true],"kahuna-featured-square-large":["https:\/\/digidem-bayern.de\/wp-content\/uploads\/2020\/04\/photography-of-laptop-computer-camera-smartphone-headphones-705164-1024x1024.jpg",1024,1024,true]},"post_excerpt_stackable_v2":"<p>Wissenschaft verst\u00e4ndlich erkl\u00e4rt: In der neuen Webinar-Reihe digiDEM Bayern Science Watch LIVE erl\u00e4utern Wissenschaftler*innen aus unserem Projektteam regelm\u00e4\u00dfig ein Schwerpunkt-Thema aus der internationalen Demenzforschung und stehen live f\u00fcr Fragen zur Verf\u00fcgung. Hier k\u00f6nnen Sie sich das Webinar zum Thema &#8222;Digitale Angebote f\u00fcr Menschen mit Demenz und pflegende Angeh\u00f6rige&#8220; noch einmal ansehen. Wir freuen uns \u00fcber Fragen, Anmerkungen oder Verbesserungsvorschl\u00e4ge in den Kommentaren! Hier gibt es das Webinar als PDF zum Download. Fragen der Teilnehmer*innen und Antworten des Webinar-Teams: Kann Caregivers Pro noch zum Screening verwendet werden oder ist das Projekt abgeschlossen? Die Plattform wurde entwickelt, ist derzeit allerdings noch nicht&hellip;<\/p>\n","category_list_v2":"<a href=\"https:\/\/digidem-bayern.de\/en\/category\/sciene-watch-live-archiv\/\" rel=\"category tag\">Sciene Watch Live ARCHIV<\/a>","author_info_v2":{"name":"Michael Zeiler","url":"https:\/\/digidem-bayern.de\/en\/author\/michael-zeiler\/"},"comments_num_v2":"0 comments","yoast_head":"<!-- This site is optimized with the Yoast SEO plugin v27.4 - https:\/\/yoast.com\/product\/yoast-seo-wordpress\/ -->\n<title>Webinar: Digitale Angebote bei Demenz - Wissen und Diagnostik - digiDEM Bayern<\/title>\n<meta name=\"description\" content=\"Im Webinar &quot;digiDEM Bayern Science Watch LIVE&quot; behandeln Wissenschaftler ein Thema aus der Demenzforschung und stehen live f\u00fcr Fragen zur Verf\u00fcgung.\" \/>\n<meta name=\"robots\" content=\"index, follow, max-snippet:-1, max-image-preview:large, max-video-preview:-1\" \/>\n<link rel=\"canonical\" href=\"https:\/\/digidem-bayern.de\/en\/erstes-science-watch-live-webinar\/\" \/>\n<meta property=\"og:locale\" content=\"en_US\" \/>\n<meta property=\"og:type\" content=\"article\" \/>\n<meta property=\"og:title\" content=\"Webinar: Digitale Angebote bei Demenz - Wissen und Diagnostik - digiDEM Bayern\" \/>\n<meta property=\"og:description\" content=\"Im Webinar &quot;digiDEM Bayern Science Watch LIVE&quot; behandeln Wissenschaftler ein Thema aus der Demenzforschung und stehen live f\u00fcr Fragen zur Verf\u00fcgung.\" \/>\n<meta property=\"og:url\" content=\"https:\/\/digidem-bayern.de\/en\/erstes-science-watch-live-webinar\/\" \/>\n<meta property=\"og:site_name\" content=\"digiDEM Bayern\" \/>\n<meta property=\"article:publisher\" content=\"https:\/\/www.facebook.com\/digiDEMBayern\/\" \/>\n<meta property=\"article:published_time\" content=\"2020-04-08T12:30:00+00:00\" \/>\n<meta property=\"article:modified_time\" content=\"2024-04-24T09:06:08+00:00\" \/>\n<meta property=\"og:image\" content=\"https:\/\/digidem-bayern.de\/wp-content\/uploads\/2020\/04\/photography-of-laptop-computer-camera-smartphone-headphones-705164-scaled.jpg\" \/>\n\t<meta property=\"og:image:width\" content=\"1600\" \/>\n\t<meta property=\"og:image:height\" content=\"1039\" \/>\n\t<meta property=\"og:image:type\" content=\"image\/jpeg\" \/>\n<meta name=\"author\" content=\"Michael Zeiler\" \/>\n<meta name=\"twitter:label1\" content=\"Written by\" \/>\n\t<meta name=\"twitter:data1\" content=\"Michael Zeiler\" \/>\n\t<meta name=\"twitter:label2\" content=\"Est. reading time\" \/>\n\t<meta name=\"twitter:data2\" content=\"3 minutes\" \/>\n<script type=\"application\/ld+json\" class=\"yoast-schema-graph\">{\"@context\":\"https:\\\/\\\/schema.org\",\"@graph\":[{\"@type\":\"Article\",\"@id\":\"https:\\\/\\\/digidem-bayern.de\\\/erstes-science-watch-live-webinar\\\/#article\",\"isPartOf\":{\"@id\":\"https:\\\/\\\/digidem-bayern.de\\\/erstes-science-watch-live-webinar\\\/\"},\"author\":{\"name\":\"Michael Zeiler\",\"@id\":\"\\\/#\\\/schema\\\/person\\\/92754ad381f49b3c358d1d8d2c4f90b8\"},\"headline\":\"Webinar: Digitale Angebote bei Demenz &#8211; Wissen und Diagnostik\",\"datePublished\":\"2020-04-08T12:30:00+00:00\",\"dateModified\":\"2024-04-24T09:06:08+00:00\",\"mainEntityOfPage\":{\"@id\":\"https:\\\/\\\/digidem-bayern.de\\\/erstes-science-watch-live-webinar\\\/\"},\"wordCount\":539,\"commentCount\":0,\"publisher\":{\"@id\":\"\\\/#organization\"},\"image\":{\"@id\":\"https:\\\/\\\/digidem-bayern.de\\\/erstes-science-watch-live-webinar\\\/#primaryimage\"},\"thumbnailUrl\":\"https:\\\/\\\/digidem-bayern.de\\\/wp-content\\\/uploads\\\/2020\\\/04\\\/photography-of-laptop-computer-camera-smartphone-headphones-705164-scaled.jpg\",\"keywords\":[\"Alzheimer\",\"Demenz\",\"Demenzforschung\",\"digidem\",\"digidem Bayern\",\"Digitales Demenzregister Bayern\",\"Digitalisierung\",\"pflegende Angeh\u00f6rige\",\"Webinar\"],\"articleSection\":[\"Sciene Watch Live ARCHIV\"],\"inLanguage\":\"en-US\",\"potentialAction\":[{\"@type\":\"CommentAction\",\"name\":\"Comment\",\"target\":[\"https:\\\/\\\/digidem-bayern.de\\\/erstes-science-watch-live-webinar\\\/#respond\"]}]},{\"@type\":\"WebPage\",\"@id\":\"https:\\\/\\\/digidem-bayern.de\\\/erstes-science-watch-live-webinar\\\/\",\"url\":\"https:\\\/\\\/digidem-bayern.de\\\/erstes-science-watch-live-webinar\\\/\",\"name\":\"Webinar: Digitale Angebote bei Demenz - Wissen und Diagnostik - digiDEM Bayern\",\"isPartOf\":{\"@id\":\"\\\/#website\"},\"primaryImageOfPage\":{\"@id\":\"https:\\\/\\\/digidem-bayern.de\\\/erstes-science-watch-live-webinar\\\/#primaryimage\"},\"image\":{\"@id\":\"https:\\\/\\\/digidem-bayern.de\\\/erstes-science-watch-live-webinar\\\/#primaryimage\"},\"thumbnailUrl\":\"https:\\\/\\\/digidem-bayern.de\\\/wp-content\\\/uploads\\\/2020\\\/04\\\/photography-of-laptop-computer-camera-smartphone-headphones-705164-scaled.jpg\",\"datePublished\":\"2020-04-08T12:30:00+00:00\",\"dateModified\":\"2024-04-24T09:06:08+00:00\",\"description\":\"Im Webinar \\\"digiDEM Bayern Science Watch LIVE\\\" behandeln Wissenschaftler ein Thema aus der Demenzforschung und stehen live f\u00fcr Fragen zur Verf\u00fcgung.\",\"breadcrumb\":{\"@id\":\"https:\\\/\\\/digidem-bayern.de\\\/erstes-science-watch-live-webinar\\\/#breadcrumb\"},\"inLanguage\":\"en-US\",\"potentialAction\":[{\"@type\":\"ReadAction\",\"target\":[\"https:\\\/\\\/digidem-bayern.de\\\/erstes-science-watch-live-webinar\\\/\"]}]},{\"@type\":\"ImageObject\",\"inLanguage\":\"en-US\",\"@id\":\"https:\\\/\\\/digidem-bayern.de\\\/erstes-science-watch-live-webinar\\\/#primaryimage\",\"url\":\"https:\\\/\\\/digidem-bayern.de\\\/wp-content\\\/uploads\\\/2020\\\/04\\\/photography-of-laptop-computer-camera-smartphone-headphones-705164-scaled.jpg\",\"contentUrl\":\"https:\\\/\\\/digidem-bayern.de\\\/wp-content\\\/uploads\\\/2020\\\/04\\\/photography-of-laptop-computer-camera-smartphone-headphones-705164-scaled.jpg\",\"width\":1600,\"height\":1039},{\"@type\":\"BreadcrumbList\",\"@id\":\"https:\\\/\\\/digidem-bayern.de\\\/erstes-science-watch-live-webinar\\\/#breadcrumb\",\"itemListElement\":[{\"@type\":\"ListItem\",\"position\":1,\"name\":\"Startseite\",\"item\":\"https:\\\/\\\/digidem-bayern.de\\\/\"},{\"@type\":\"ListItem\",\"position\":2,\"name\":\"Webinar: Digitale Angebote bei Demenz &#8211; Wissen und Diagnostik\"}]},{\"@type\":\"WebSite\",\"@id\":\"\\\/#website\",\"url\":\"\\\/\",\"name\":\"digiDEM Bayern\",\"description\":\"Das digitale Demenzregister Bayern erforscht und verbessert die Angebotsstuktur f\u00fcr Menschen mit Demenz und deren Angeh\u00f6rige\",\"publisher\":{\"@id\":\"\\\/#organization\"},\"potentialAction\":[{\"@type\":\"SearchAction\",\"target\":{\"@type\":\"EntryPoint\",\"urlTemplate\":\"\\\/?s={search_term_string}\"},\"query-input\":{\"@type\":\"PropertyValueSpecification\",\"valueRequired\":true,\"valueName\":\"search_term_string\"}}],\"inLanguage\":\"en-US\"},{\"@type\":\"Organization\",\"@id\":\"\\\/#organization\",\"name\":\"digiDEM Bayern\",\"url\":\"\\\/\",\"logo\":{\"@type\":\"ImageObject\",\"inLanguage\":\"en-US\",\"@id\":\"\\\/#\\\/schema\\\/logo\\\/image\\\/\",\"url\":\"https:\\\/\\\/digidem-bayern.de\\\/wp-content\\\/uploads\\\/2022\\\/03\\\/cropped-Allgemeines_digiDEMLOGO-removebg-preview.png\",\"contentUrl\":\"https:\\\/\\\/digidem-bayern.de\\\/wp-content\\\/uploads\\\/2022\\\/03\\\/cropped-Allgemeines_digiDEMLOGO-removebg-preview.png\",\"width\":612,\"height\":357,\"caption\":\"digiDEM Bayern\"},\"image\":{\"@id\":\"\\\/#\\\/schema\\\/logo\\\/image\\\/\"},\"sameAs\":[\"https:\\\/\\\/www.facebook.com\\\/digiDEMBayern\\\/\",\"https:\\\/\\\/x.com\\\/digidem_bayern\",\"https:\\\/\\\/www.instagram.com\\\/digidem.bayern\",\"https:\\\/\\\/www.linkedin.com\\\/company\\\/digidem-bayern\\\/\"]},{\"@type\":\"Person\",\"@id\":\"\\\/#\\\/schema\\\/person\\\/92754ad381f49b3c358d1d8d2c4f90b8\",\"name\":\"Michael Zeiler\",\"url\":\"https:\\\/\\\/digidem-bayern.de\\\/en\\\/author\\\/michael-zeiler\\\/\"}]}<\/script>\n<!-- \/ Yoast SEO plugin. -->","yoast_head_json":{"title":"Webinar: Digitale Angebote bei Demenz - Wissen und Diagnostik - digiDEM Bayern","description":"Im Webinar \"digiDEM Bayern Science Watch LIVE\" behandeln Wissenschaftler ein Thema aus der Demenzforschung und stehen live f\u00fcr Fragen zur Verf\u00fcgung.","robots":{"index":"index","follow":"follow","max-snippet":"max-snippet:-1","max-image-preview":"max-image-preview:large","max-video-preview":"max-video-preview:-1"},"canonical":"https:\/\/digidem-bayern.de\/en\/erstes-science-watch-live-webinar\/","og_locale":"en_US","og_type":"article","og_title":"Webinar: Digitale Angebote bei Demenz - Wissen und Diagnostik - digiDEM Bayern","og_description":"Im Webinar \"digiDEM Bayern Science Watch LIVE\" behandeln Wissenschaftler ein Thema aus der Demenzforschung und stehen live f\u00fcr Fragen zur Verf\u00fcgung.","og_url":"https:\/\/digidem-bayern.de\/en\/erstes-science-watch-live-webinar\/","og_site_name":"digiDEM Bayern","article_publisher":"https:\/\/www.facebook.com\/digiDEMBayern\/","article_published_time":"2020-04-08T12:30:00+00:00","article_modified_time":"2024-04-24T09:06:08+00:00","og_image":[{"width":1600,"height":1039,"url":"https:\/\/digidem-bayern.de\/wp-content\/uploads\/2020\/04\/photography-of-laptop-computer-camera-smartphone-headphones-705164-scaled.jpg","type":"image\/jpeg"}],"author":"Michael Zeiler","twitter_misc":{"Written by":"Michael Zeiler","Est. reading time":"3 minutes"},"schema":{"@context":"https:\/\/schema.org","@graph":[{"@type":"Article","@id":"https:\/\/digidem-bayern.de\/erstes-science-watch-live-webinar\/#article","isPartOf":{"@id":"https:\/\/digidem-bayern.de\/erstes-science-watch-live-webinar\/"},"author":{"name":"Michael Zeiler","@id":"\/#\/schema\/person\/92754ad381f49b3c358d1d8d2c4f90b8"},"headline":"Webinar: Digitale Angebote bei Demenz &#8211; Wissen und Diagnostik","datePublished":"2020-04-08T12:30:00+00:00","dateModified":"2024-04-24T09:06:08+00:00","mainEntityOfPage":{"@id":"https:\/\/digidem-bayern.de\/erstes-science-watch-live-webinar\/"},"wordCount":539,"commentCount":0,"publisher":{"@id":"\/#organization"},"image":{"@id":"https:\/\/digidem-bayern.de\/erstes-science-watch-live-webinar\/#primaryimage"},"thumbnailUrl":"https:\/\/digidem-bayern.de\/wp-content\/uploads\/2020\/04\/photography-of-laptop-computer-camera-smartphone-headphones-705164-scaled.jpg","keywords":["Alzheimer","Demenz","Demenzforschung","digidem","digidem Bayern","Digitales Demenzregister Bayern","Digitalisierung","pflegende Angeh\u00f6rige","Webinar"],"articleSection":["Sciene Watch Live ARCHIV"],"inLanguage":"en-US","potentialAction":[{"@type":"CommentAction","name":"Comment","target":["https:\/\/digidem-bayern.de\/erstes-science-watch-live-webinar\/#respond"]}]},{"@type":"WebPage","@id":"https:\/\/digidem-bayern.de\/erstes-science-watch-live-webinar\/","url":"https:\/\/digidem-bayern.de\/erstes-science-watch-live-webinar\/","name":"Webinar: Digitale Angebote bei Demenz - Wissen und Diagnostik - digiDEM Bayern","isPartOf":{"@id":"\/#website"},"primaryImageOfPage":{"@id":"https:\/\/digidem-bayern.de\/erstes-science-watch-live-webinar\/#primaryimage"},"image":{"@id":"https:\/\/digidem-bayern.de\/erstes-science-watch-live-webinar\/#primaryimage"},"thumbnailUrl":"https:\/\/digidem-bayern.de\/wp-content\/uploads\/2020\/04\/photography-of-laptop-computer-camera-smartphone-headphones-705164-scaled.jpg","datePublished":"2020-04-08T12:30:00+00:00","dateModified":"2024-04-24T09:06:08+00:00","description":"Im Webinar \"digiDEM Bayern Science Watch LIVE\" behandeln Wissenschaftler ein Thema aus der Demenzforschung und stehen live f\u00fcr Fragen zur Verf\u00fcgung.","breadcrumb":{"@id":"https:\/\/digidem-bayern.de\/erstes-science-watch-live-webinar\/#breadcrumb"},"inLanguage":"en-US","potentialAction":[{"@type":"ReadAction","target":["https:\/\/digidem-bayern.de\/erstes-science-watch-live-webinar\/"]}]},{"@type":"ImageObject","inLanguage":"en-US","@id":"https:\/\/digidem-bayern.de\/erstes-science-watch-live-webinar\/#primaryimage","url":"https:\/\/digidem-bayern.de\/wp-content\/uploads\/2020\/04\/photography-of-laptop-computer-camera-smartphone-headphones-705164-scaled.jpg","contentUrl":"https:\/\/digidem-bayern.de\/wp-content\/uploads\/2020\/04\/photography-of-laptop-computer-camera-smartphone-headphones-705164-scaled.jpg","width":1600,"height":1039},{"@type":"BreadcrumbList","@id":"https:\/\/digidem-bayern.de\/erstes-science-watch-live-webinar\/#breadcrumb","itemListElement":[{"@type":"ListItem","position":1,"name":"Startseite","item":"https:\/\/digidem-bayern.de\/"},{"@type":"ListItem","position":2,"name":"Webinar: Digitale Angebote bei Demenz &#8211; Wissen und Diagnostik"}]},{"@type":"WebSite","@id":"\/#website","url":"\/","name":"digiDEM Bavaria","description":"The digital dementia register in Bavaria researches and improves the structure of services for people with dementia and their relatives","publisher":{"@id":"\/#organization"},"potentialAction":[{"@type":"SearchAction","target":{"@type":"EntryPoint","urlTemplate":"\/?s={search_term_string}"},"query-input":{"@type":"PropertyValueSpecification","valueRequired":true,"valueName":"search_term_string"}}],"inLanguage":"en-US"},{"@type":"Organization","@id":"\/#organization","name":"digiDEM Bavaria","url":"\/","logo":{"@type":"ImageObject","inLanguage":"en-US","@id":"\/#\/schema\/logo\/image\/","url":"https:\/\/digidem-bayern.de\/wp-content\/uploads\/2022\/03\/cropped-Allgemeines_digiDEMLOGO-removebg-preview.png","contentUrl":"https:\/\/digidem-bayern.de\/wp-content\/uploads\/2022\/03\/cropped-Allgemeines_digiDEMLOGO-removebg-preview.png","width":612,"height":357,"caption":"digiDEM Bayern"},"image":{"@id":"\/#\/schema\/logo\/image\/"},"sameAs":["https:\/\/www.facebook.com\/digiDEMBayern\/","https:\/\/x.com\/digidem_bayern","https:\/\/www.instagram.com\/digidem.bayern","https:\/\/www.linkedin.com\/company\/digidem-bayern\/"]},{"@type":"Person","@id":"\/#\/schema\/person\/92754ad381f49b3c358d1d8d2c4f90b8","name":"Michael Zeiler","url":"https:\/\/digidem-bayern.de\/en\/author\/michael-zeiler\/"}]}},"uagb_featured_image_src":{"full":["https:\/\/digidem-bayern.de\/wp-content\/uploads\/2020\/04\/photography-of-laptop-computer-camera-smartphone-headphones-705164-scaled.jpg",1600,1039,false],"thumbnail":["https:\/\/digidem-bayern.de\/wp-content\/uploads\/2020\/04\/photography-of-laptop-computer-camera-smartphone-headphones-705164-80x80.jpg",80,80,true],"medium":["https:\/\/digidem-bayern.de\/wp-content\/uploads\/2020\/04\/photography-of-laptop-computer-camera-smartphone-headphones-705164-300x195.jpg",300,195,true],"medium_large":["https:\/\/digidem-bayern.de\/wp-content\/uploads\/2020\/04\/photography-of-laptop-computer-camera-smartphone-headphones-705164-768x499.jpg",768,499,true],"large":["https:\/\/digidem-bayern.de\/wp-content\/uploads\/2020\/04\/photography-of-laptop-computer-camera-smartphone-headphones-705164-1030x669.jpg",1030,669,true],"1536x1536":["https:\/\/digidem-bayern.de\/wp-content\/uploads\/2020\/04\/photography-of-laptop-computer-camera-smartphone-headphones-705164-1536x997.jpg",1536,997,true],"2048x2048":["https:\/\/digidem-bayern.de\/wp-content\/uploads\/2020\/04\/photography-of-laptop-computer-camera-smartphone-headphones-705164-2048x1330.jpg",2048,1330,true],"trp-custom-language-flag":["https:\/\/digidem-bayern.de\/wp-content\/uploads\/2020\/04\/photography-of-laptop-computer-camera-smartphone-headphones-705164-scaled.jpg",18,12,false],"qubely_landscape":["https:\/\/digidem-bayern.de\/wp-content\/uploads\/2020\/04\/photography-of-laptop-computer-camera-smartphone-headphones-705164-1200x750.jpg",1200,750,true],"qubely_portrait":["https:\/\/digidem-bayern.de\/wp-content\/uploads\/2020\/04\/photography-of-laptop-computer-camera-smartphone-headphones-705164-540x320.jpg",540,320,true],"qubely_thumbnail":["https:\/\/digidem-bayern.de\/wp-content\/uploads\/2020\/04\/photography-of-laptop-computer-camera-smartphone-headphones-705164-140x100.jpg",140,100,true],"post-thumbnail":["https:\/\/digidem-bayern.de\/wp-content\/uploads\/2020\/04\/photography-of-laptop-computer-camera-smartphone-headphones-705164-495x321.jpg",495,321,true],"kahuna-featured":["https:\/\/digidem-bayern.de\/wp-content\/uploads\/2020\/04\/photography-of-laptop-computer-camera-smartphone-headphones-705164-495x350.jpg",495,350,true],"kahuna-featured-lp":["https:\/\/digidem-bayern.de\/wp-content\/uploads\/2020\/04\/photography-of-laptop-computer-camera-smartphone-headphones-705164-460x350.jpg",460,350,true],"kahuna-featured-half":["https:\/\/digidem-bayern.de\/wp-content\/uploads\/2020\/04\/photography-of-laptop-computer-camera-smartphone-headphones-705164-800x350.jpg",800,350,true],"kahuna-featured-third":["https:\/\/digidem-bayern.de\/wp-content\/uploads\/2020\/04\/photography-of-laptop-computer-camera-smartphone-headphones-705164-512x350.jpg",512,350,true],"kahuna-lpbox-1":["https:\/\/digidem-bayern.de\/wp-content\/uploads\/2020\/04\/photography-of-laptop-computer-camera-smartphone-headphones-705164-460x350.jpg",394,300,true],"kahuna-lpbox-2":["https:\/\/digidem-bayern.de\/wp-content\/uploads\/2020\/04\/photography-of-laptop-computer-camera-smartphone-headphones-705164-460x350.jpg",460,350,true],"demand-language-flag":["https:\/\/digidem-bayern.de\/wp-content\/uploads\/2020\/04\/photography-of-laptop-computer-camera-smartphone-headphones-705164-scaled.jpg",36,23,false],"dddkt-language-flag":["https:\/\/digidem-bayern.de\/wp-content\/uploads\/2020\/04\/photography-of-laptop-computer-camera-smartphone-headphones-705164-scaled.jpg",36,23,false],"ddiqc-language-flag":["https:\/\/digidem-bayern.de\/wp-content\/uploads\/2020\/04\/photography-of-laptop-computer-camera-smartphone-headphones-705164-scaled.jpg",36,23,false],"ddtl-language-flag":["https:\/\/digidem-bayern.de\/wp-content\/uploads\/2020\/04\/photography-of-laptop-computer-camera-smartphone-headphones-705164-scaled.jpg",36,23,false],"mailpoet_newsletter_max":["https:\/\/digidem-bayern.de\/wp-content\/uploads\/2020\/04\/photography-of-laptop-computer-camera-smartphone-headphones-705164-1320x857.jpg",1320,857,true],"kahuna-lpbox-3":["https:\/\/digidem-bayern.de\/wp-content\/uploads\/2020\/04\/photography-of-laptop-computer-camera-smartphone-headphones-705164-460x350.jpg",460,350,true],"kahuna-featured-square":["https:\/\/digidem-bayern.de\/wp-content\/uploads\/2020\/04\/photography-of-laptop-computer-camera-smartphone-headphones-705164-512x512.jpg",512,512,true],"kahuna-featured-square-large":["https:\/\/digidem-bayern.de\/wp-content\/uploads\/2020\/04\/photography-of-laptop-computer-camera-smartphone-headphones-705164-1024x1024.jpg",1024,1024,true]},"uagb_author_info":{"display_name":"Michael Zeiler","author_link":"https:\/\/digidem-bayern.de\/en\/author\/michael-zeiler\/"},"uagb_comment_info":0,"uagb_excerpt":"Wissenschaft verst\u00e4ndlich erkl\u00e4rt: In der neuen Webinar-Reihe digiDEM Bayern Science Watch LIVE erl\u00e4utern Wissenschaftler*innen aus unserem Projektteam regelm\u00e4\u00dfig ein Schwerpunkt-Thema aus der internationalen Demenzforschung und stehen live f\u00fcr Fragen zur Verf\u00fcgung. Hier k\u00f6nnen Sie sich das Webinar zum Thema &#8222;Digitale Angebote f\u00fcr Menschen mit Demenz und pflegende Angeh\u00f6rige&#8220; noch einmal &hellip;","_links":{"self":[{"href":"https:\/\/digidem-bayern.de\/en\/wp-json\/wp\/v2\/posts\/4635","targetHints":{"allow":["GET"]}}],"collection":[{"href":"https:\/\/digidem-bayern.de\/en\/wp-json\/wp\/v2\/posts"}],"about":[{"href":"https:\/\/digidem-bayern.de\/en\/wp-json\/wp\/v2\/types\/post"}],"author":[{"embeddable":true,"href":"https:\/\/digidem-bayern.de\/en\/wp-json\/wp\/v2\/users\/11"}],"replies":[{"embeddable":true,"href":"https:\/\/digidem-bayern.de\/en\/wp-json\/wp\/v2\/comments?post=4635"}],"version-history":[{"count":5,"href":"https:\/\/digidem-bayern.de\/en\/wp-json\/wp\/v2\/posts\/4635\/revisions"}],"predecessor-version":[{"id":34554,"href":"https:\/\/digidem-bayern.de\/en\/wp-json\/wp\/v2\/posts\/4635\/revisions\/34554"}],"wp:featuredmedia":[{"embeddable":true,"href":"https:\/\/digidem-bayern.de\/en\/wp-json\/wp\/v2\/media\/4662"}],"wp:attachment":[{"href":"https:\/\/digidem-bayern.de\/en\/wp-json\/wp\/v2\/media?parent=4635"}],"wp:term":[{"taxonomy":"category","embeddable":true,"href":"https:\/\/digidem-bayern.de\/en\/wp-json\/wp\/v2\/categories?post=4635"},{"taxonomy":"post_tag","embeddable":true,"href":"https:\/\/digidem-bayern.de\/en\/wp-json\/wp\/v2\/tags?post=4635"}],"curies":[{"name":"wp","href":"https:\/\/api.w.org\/{rel}","templated":true}]}}