{"id":46255,"date":"2025-10-23T13:28:00","date_gmt":"2025-10-23T11:28:00","guid":{"rendered":"https:\/\/digidem-bayern.de\/?p=46255"},"modified":"2025-10-24T11:57:43","modified_gmt":"2025-10-24T09:57:43","slug":"suizidalitaet-bei-menschen-mit-demenz","status":"publish","type":"post","link":"https:\/\/digidem-bayern.de\/en\/suizidalitaet-bei-menschen-mit-demenz\/","title":{"rendered":"Suizidalit\u00e4t bei Menschen mit Demenz\u00a0"},"content":{"rendered":"<p><strong><strong><strong><strong><strong><strong><strong><strong><strong><strong><strong><strong><strong><strong><strong><strong><strong><strong><strong><strong><strong><strong><strong><strong><strong><strong><strong><strong><strong><strong><strong><strong><strong><strong>Einen Zusammenhang zwischen Demenz und Suizidrisiko hat bereits j\u00fcngere Forschung aufgezeigt. Wissenschaftlerinnen und Wissenschaftler aus den Gro\u00dfbritannien haben nun in einer aktuellen Publikation untersucht, inwieweit sich das Suizidrisiko zwischen verschiedenen Demenzarten unterscheidet. Die Unterschiede zu verstehen ist aus mehreren Gr\u00fcnden von gro\u00dfer Bedeutung.<\/strong><\/strong><\/strong><\/strong><\/strong><\/strong><\/strong><\/strong><\/strong><\/strong><\/strong><\/strong><\/strong><\/strong><\/strong><\/strong><\/strong><\/strong><\/strong><\/strong><\/strong><\/strong><\/strong><\/strong><\/strong><\/strong><\/strong><\/strong><\/strong><\/strong><\/strong><\/strong><\/strong><\/strong><span style=\"caret-color: rgb(0, 0, 0); color: rgb(0, 0, 0); font-family: -webkit-standard; font-size: medium; white-space: normal;\"><\/span><span style=\"caret-color: rgb(0, 0, 0); color: rgb(0, 0, 0); font-family: -webkit-standard; font-size: medium; white-space: normal;\"><\/span><\/p>\n\n\n\n<p>Suizidgedanken, Suizidversuche und Suizidtodesf\u00e4lle werden meist unter dem \u00dcberbegriff Suizidalit\u00e4t zusammengefasst. Suizidalit\u00e4t bezeichnet im Allgemeinen einen psychischen Zustand, der den eigenen Tod zum Ziel hat. In ihrer \u00dcbersichtsarbeit haben sich Forschende aus Gro\u00dfbritannien auf die h\u00e4ufiger diagnostizierten Formen von Demenz konzentriert und untersucht, inwieweit diese einen Zusammenhang mit Suizidalit\u00e4t zeigen: die Alzheimer-Demenz (AD), die am weitesten verbreitet ist, Vaskul\u00e4re Demenz (VaD), Frontotemporale Demenz (FTD), Lewy-K\u00f6rperchen-Demenz (DLB) und Gemischte Demenz (MD).<\/p>\n\n\n<div class=\"wp-block-image\">\n<figure class=\"alignright size-full is-resized\"><img loading=\"lazy\" decoding=\"async\" width=\"1000\" height=\"666\" src=\"https:\/\/digidem-bayern.de\/wp-content\/uploads\/2025\/10\/04-Suizidalitaet-shutterstock_2472678667.jpg\" alt=\"Wer Suizidgedanken hat, sollte immer professionelle Hilfe in Anspruch nehmen. Warnsignale sollten ernst genommen werden.\" class=\"wp-image-46262\" style=\"width:583px;height:auto\" srcset=\"https:\/\/digidem-bayern.de\/wp-content\/uploads\/2025\/10\/04-Suizidalitaet-shutterstock_2472678667.jpg 1000w, https:\/\/digidem-bayern.de\/wp-content\/uploads\/2025\/10\/04-Suizidalitaet-shutterstock_2472678667-300x200.jpg 300w, https:\/\/digidem-bayern.de\/wp-content\/uploads\/2025\/10\/04-Suizidalitaet-shutterstock_2472678667-768x511.jpg 768w, https:\/\/digidem-bayern.de\/wp-content\/uploads\/2025\/10\/04-Suizidalitaet-shutterstock_2472678667-526x350.jpg 526w\" sizes=\"auto, (max-width: 1000px) 100vw, 1000px\" \/><figcaption class=\"wp-element-caption\">Foto: Shutterstock<\/figcaption><\/figure>\n<\/div>\n\n\n<p><strong>Mehr als 2,38 Millionen Studienteilnehmende<\/strong><\/p>\n\n\n\n<p>Das wichtigste Ergebnis der Studie: Das Suizidrisiko ist nicht bei allen Demenzformen gleich. Seltenere Demenzarten weisen im Vergleich zur Alzheimer-Krankheit (AD) spezifische und oft h\u00f6here Risiken f\u00fcr bestimmte suizidale Verhaltensweisen auf. Konkret gelangten die Forschenden in ihrer gro\u00dfen \u00dcbersichtsarbeit mit mehr als 2,38 Millionen Teilnehmenden zu folgenden Erkenntnissen: Im Vergleich zu Menschen mit Alzheimer-Demenz<\/p>\n\n\n\n<p>* hatten Menschen mit&nbsp;<strong>Vaskul\u00e4rer Demenz<\/strong>&nbsp;eine h\u00f6here Wahrscheinlichkeit, Suizidgedanken zu \u00e4u\u00dfern und Suizidversuche zu unternehmen, aber nicht an Suizid zu sterben.<\/p>\n\n\n\n<p>* lag bei Menschen mit&nbsp;<strong>Lewy-K\u00f6rperchen-Demenz<\/strong>&nbsp;eine h\u00f6here Wahrscheinlichkeit vor, Suizidgedanken zu \u00e4u\u00dfern, aber nicht Suizidversuche zu unternehmen. Daher raten die Forschenden, die psychische Gesundheitsunterst\u00fctzung fr\u00fchzeitig zu priorisieren.<\/p>\n\n\n\n<p>* hatten Menschen mit&nbsp;<strong>Frontotemporaler Demenz<\/strong>&nbsp;und Menschen mit&nbsp;<strong>Gemischter Demenz<\/strong>&nbsp;eine doppelt so hohe Wahrscheinlichkeit, Suizidversuche zu unternehmen, aber nicht Suizidgedanken zu \u00e4u\u00dfern. Dieses Verhalten k\u00f6nnte auf erh\u00f6hte Impulsivit\u00e4t und geringere Krankheitseinsicht hinweisen. Hier sollte man sich, so die Studie, st\u00e4rker auf Beobachtung des Verhaltens statt nur auf Selbstausk\u00fcnfte konzentrieren.<\/p>\n\n\n\n<p><strong>Schatz an Erkenntnissen f\u00fcr Akteure im Gesundheitssystem<\/strong><\/p>\n\n\n\n<p>F\u00fcr Akteure im Gesundheitssystem birgt die Studie einen wahren Schatz an Erkenntnissen: Wer sich der unterschiedlichen Suizidrisikoprofilen von Menschen mit Demenz bewusst ist, k\u00f6nne die psychologischen Auswirkungen von Demenz-Diagnosen zu ber\u00fccksichtigen und gegen\u00fcber den Betroffenen sensibler reagieren, hei\u00dft es in der Studie aus Gro\u00dfbritannien. In der Folge k\u00f6nnten angemessene Pr\u00e4ventionsma\u00dfnahmen und Interventionen angeboten und an individuelle Bed\u00fcrfnisse angepasst werden. \u201eEs k\u00f6nnte auch n\u00fctzlich sein, verschiedene Demenz-Subtypen miteinander (und nicht nur mit Alzheimer-Demenz) und mit anderen Arten neurodegenerativer Erkrankungen wie der Parkinson-Krankheit zu vergleichen.<\/p>\n\n\n\n<p><strong>Weitere Forschung \u00fcber \u201eeinzigartige Erfahrungen\u201c von Menschen mit Demenz<\/strong><\/p>\n\n\n\n<p>\u00dcber die \u201eeinzigartigen Erfahrungen\u201c von Menschen mit Demenz auch weiterhin zu forschen, sei notwendig &#8211; um die Gr\u00fcnde und Ursachen f\u00fcr erh\u00f6hte Risiken f\u00fcr Suizidgedanken und Suizidversuche bei selteneren Subtypen zu verstehen. Dies umfasse auch die Erforschung von Einflussfaktoren wie zum Beispiel Alter und psychische Gesundheit, die mit den erh\u00f6hten Suizidalit\u00e4tsrisiken bei selteneren Subtypen verbunden sind. \u201eDies kann dann in die allgemeine Suizidpr\u00e4ventionsarbeit und -politik einflie\u00dfen.\u201c&nbsp;<\/p>\n\n\n\n<p><strong>Tipp f\u00fcr die Praxis<\/strong>:&nbsp;Achten Sie als Angeh\u00f6rige darauf:&nbsp;Wer Suizidgedanken hat, sollte&nbsp;immer professionelle Hilfe in Anspruch nehmen.&nbsp;Warnsignale sollten ernst genommen werden, hilfreich k\u00f6nnen&nbsp;konkrete Angebote wie&nbsp;beispielsweise die Vermittlung einer Telefonseelsorge oder die Kontaktierung des \u00e4rztlichen Notdienstes sein.&nbsp;<span style=\"caret-color: rgb(0, 0, 0); color: rgb(0, 0, 0); font-family: -webkit-standard; font-size: medium; white-space: normal;\"><\/span><\/p>\n\n\n\n<p>Hier geht&#8217;s zur Studie:<\/p>\n\n\n\n<p><a href=\"https:\/\/www.sciencedirect.com\/science\/article\/pii\/S0149763424004640\">Dementia subtypes and suicidality: A systematic review and meta-analysis<\/a><\/p>\n\n\n\n<p>Erfahren Sie mehr \u00fcber das Thema und sehen Sie unser <strong>Webinar \u201eSuizidalit\u00e4t und Suizidpr\u00e4vention bei Demenz\u201c<\/strong> mit&nbsp;Prof. Dr. Arno Drinkmann an.&nbsp;<\/p>\n\n\n\n<p><a href=\"https:\/\/digidem-bayern.de\/en\/suizidalitaet-und-suizidpraevention-bei-demenz\/\">Hier geht\u2019s zum Webinarmitschnitt.<\/a><\/p>\n\n\n\n<p><\/p>\n\n\n\n<p><\/p>\n\n\n\n<p><\/p>\n\n\n\n<p><\/p>\n\n\n\n<p><\/p>\n\n\n\n<p><\/p>\n\n\n\n<p><\/p>\n\n\n\n<div style=\"height:0px\" aria-hidden=\"true\" class=\"wp-block-spacer\"><\/div>\n\n\n\n<p><\/p>","protected":false},"excerpt":{"rendered":"<p>Einen Zusammenhang zwischen Demenz und Suizidrisiko hat bereits j\u00fcngere Forschung aufgezeigt. Wissenschaftlerinnen und Wissenschaftler aus den Gro\u00dfbritannien haben nun in einer aktuellen Publikation untersucht, inwieweit sich das Suizidrisiko zwischen verschiedenen Demenzarten unterscheidet. Die Unterschiede zu verstehen ist aus mehreren Gr\u00fcnden von gro\u00dfer Bedeutung. Suizidgedanken, Suizidversuche und Suizidtodesf\u00e4lle werden meist unter &hellip;<\/p>","protected":false},"author":12,"featured_media":46262,"comment_status":"open","ping_status":"closed","sticky":false,"template":"","format":"standard","meta":{"qubely_global_settings":"","qubely_interactions":"","_uag_custom_page_level_css":"","footnotes":""},"categories":[8,5],"tags":[13,406,12,868,112,177,1717,14,17,55,621,1751,689,896,1529,566,1756,23,104,79,863,864,1749,1752,1750,1755,1202,1754],"class_list":["post-46255","post","type-post","status-publish","format-standard","has-post-thumbnail","hentry","category-aktuelles-zu-digidem","category-wissenschaft-forschung","tag-alzheimer","tag-alzheimer-demenz","tag-demenz-2","tag-demenz-frueherkennung","tag-demenzdiagnose","tag-demenzrisiko","tag-demenzrisikofaktor","tag-digidem","tag-digidem-bayern","tag-digitales-demenzregister-bayern","tag-frontotemporale-demenz","tag-gemischte-demenz","tag-gesundheitssystem","tag-lewy-body-demenz","tag-lewy-koerperchen-demenz","tag-menschen-mit-demenz","tag-notdienst","tag-praevention","tag-risikofaktoren","tag-stigmatisierung","tag-suizid","tag-suizidalitaet","tag-suizidgedanken","tag-suizidrisiko","tag-suizidversuch","tag-telefonseelsorge","tag-vaskulaere-demenz","tag-warnsignale"],"qubely_featured_image_url":{"full":["https:\/\/digidem-bayern.de\/wp-content\/uploads\/2025\/10\/04-Suizidalitaet-shutterstock_2472678667.jpg",1000,666,false],"landscape":["https:\/\/digidem-bayern.de\/wp-content\/uploads\/2025\/10\/04-Suizidalitaet-shutterstock_2472678667.jpg",1000,666,false],"portraits":["https:\/\/digidem-bayern.de\/wp-content\/uploads\/2025\/10\/04-Suizidalitaet-shutterstock_2472678667-540x320.jpg",540,320,true],"thumbnail":["https:\/\/digidem-bayern.de\/wp-content\/uploads\/2025\/10\/04-Suizidalitaet-shutterstock_2472678667-80x80.jpg",80,80,true],"medium":["https:\/\/digidem-bayern.de\/wp-content\/uploads\/2025\/10\/04-Suizidalitaet-shutterstock_2472678667-300x200.jpg",300,200,true],"medium_large":["https:\/\/digidem-bayern.de\/wp-content\/uploads\/2025\/10\/04-Suizidalitaet-shutterstock_2472678667-768x511.jpg",768,511,true],"large":["https:\/\/digidem-bayern.de\/wp-content\/uploads\/2025\/10\/04-Suizidalitaet-shutterstock_2472678667.jpg",1000,666,false],"1536x1536":["https:\/\/digidem-bayern.de\/wp-content\/uploads\/2025\/10\/04-Suizidalitaet-shutterstock_2472678667.jpg",1000,666,false],"2048x2048":["https:\/\/digidem-bayern.de\/wp-content\/uploads\/2025\/10\/04-Suizidalitaet-shutterstock_2472678667.jpg",1000,666,false],"trp-custom-language-flag":["https:\/\/digidem-bayern.de\/wp-content\/uploads\/2025\/10\/04-Suizidalitaet-shutterstock_2472678667.jpg",18,12,false],"qubely_landscape":["https:\/\/digidem-bayern.de\/wp-content\/uploads\/2025\/10\/04-Suizidalitaet-shutterstock_2472678667.jpg",1000,666,false],"qubely_portrait":["https:\/\/digidem-bayern.de\/wp-content\/uploads\/2025\/10\/04-Suizidalitaet-shutterstock_2472678667-540x320.jpg",540,320,true],"qubely_thumbnail":["https:\/\/digidem-bayern.de\/wp-content\/uploads\/2025\/10\/04-Suizidalitaet-shutterstock_2472678667-140x100.jpg",140,100,true],"post-thumbnail":["https:\/\/digidem-bayern.de\/wp-content\/uploads\/2025\/10\/04-Suizidalitaet-shutterstock_2472678667-526x350.jpg",526,350,true],"kahuna-featured":["https:\/\/digidem-bayern.de\/wp-content\/uploads\/2025\/10\/04-Suizidalitaet-shutterstock_2472678667-734x350.jpg",734,350,true],"kahuna-featured-lp":["https:\/\/digidem-bayern.de\/wp-content\/uploads\/2025\/10\/04-Suizidalitaet-shutterstock_2472678667-520x350.jpg",520,350,true],"kahuna-featured-half":["https:\/\/digidem-bayern.de\/wp-content\/uploads\/2025\/10\/04-Suizidalitaet-shutterstock_2472678667-800x350.jpg",800,350,true],"kahuna-featured-third":["https:\/\/digidem-bayern.de\/wp-content\/uploads\/2025\/10\/04-Suizidalitaet-shutterstock_2472678667-512x350.jpg",512,350,true],"kahuna-lpbox-1":["https:\/\/digidem-bayern.de\/wp-content\/uploads\/2025\/10\/04-Suizidalitaet-shutterstock_2472678667-520x300.jpg",520,300,true],"kahuna-lpbox-2":["https:\/\/digidem-bayern.de\/wp-content\/uploads\/2025\/10\/04-Suizidalitaet-shutterstock_2472678667-520x350.jpg",520,350,true],"demand-language-flag":["https:\/\/digidem-bayern.de\/wp-content\/uploads\/2025\/10\/04-Suizidalitaet-shutterstock_2472678667-36x36.jpg",36,36,true],"dddkt-language-flag":["https:\/\/digidem-bayern.de\/wp-content\/uploads\/2025\/10\/04-Suizidalitaet-shutterstock_2472678667-36x36.jpg",36,36,true],"ddiqc-language-flag":["https:\/\/digidem-bayern.de\/wp-content\/uploads\/2025\/10\/04-Suizidalitaet-shutterstock_2472678667-36x36.jpg",36,36,true],"ddtl-language-flag":["https:\/\/digidem-bayern.de\/wp-content\/uploads\/2025\/10\/04-Suizidalitaet-shutterstock_2472678667-36x36.jpg",36,36,true],"mailpoet_newsletter_max":["https:\/\/digidem-bayern.de\/wp-content\/uploads\/2025\/10\/04-Suizidalitaet-shutterstock_2472678667.jpg",1000,666,false],"kahuna-lpbox-3":["https:\/\/digidem-bayern.de\/wp-content\/uploads\/2025\/10\/04-Suizidalitaet-shutterstock_2472678667-520x350.jpg",520,350,true],"kahuna-featured-square":["https:\/\/digidem-bayern.de\/wp-content\/uploads\/2025\/10\/04-Suizidalitaet-shutterstock_2472678667-512x512.jpg",512,512,true],"kahuna-featured-square-large":["https:\/\/digidem-bayern.de\/wp-content\/uploads\/2025\/10\/04-Suizidalitaet-shutterstock_2472678667.jpg",1000,666,false]},"qubely_author":{"display_name":"Ilona H\u00f6rath","author_link":"https:\/\/digidem-bayern.de\/en\/author\/hoeratia\/"},"qubely_comment":4,"qubely_category":"<a href=\"https:\/\/digidem-bayern.de\/en\/category\/aktuelles-zu-digidem\/\" rel=\"category tag\">Aktuelles zu digiDEM<\/a> <a href=\"https:\/\/digidem-bayern.de\/en\/category\/wissenschaft-forschung\/\" rel=\"category tag\">Wissenschaft &amp; Forschung<\/a>","qubely_excerpt":"Einen Zusammenhang zwischen Demenz und Suizidrisiko hat bereits j\u00fcngere Forschung aufgezeigt. Wissenschaftlerinnen und Wissenschaftler aus den Gro\u00dfbritannien haben nun in einer aktuellen Publikation untersucht, inwieweit sich das Suizidrisiko zwischen verschiedenen Demenzarten unterscheidet. Die Unterschiede zu verstehen ist aus mehreren Gr\u00fcnden von gro\u00dfer Bedeutung. Suizidgedanken, Suizidversuche und Suizidtodesf\u00e4lle werden meist unter &hellip;","featured_image_urls_v2":{"full":["https:\/\/digidem-bayern.de\/wp-content\/uploads\/2025\/10\/04-Suizidalitaet-shutterstock_2472678667.jpg",1000,666,false],"thumbnail":["https:\/\/digidem-bayern.de\/wp-content\/uploads\/2025\/10\/04-Suizidalitaet-shutterstock_2472678667-80x80.jpg",80,80,true],"medium":["https:\/\/digidem-bayern.de\/wp-content\/uploads\/2025\/10\/04-Suizidalitaet-shutterstock_2472678667-300x200.jpg",300,200,true],"medium_large":["https:\/\/digidem-bayern.de\/wp-content\/uploads\/2025\/10\/04-Suizidalitaet-shutterstock_2472678667-768x511.jpg",768,511,true],"large":["https:\/\/digidem-bayern.de\/wp-content\/uploads\/2025\/10\/04-Suizidalitaet-shutterstock_2472678667.jpg",1000,666,false],"1536x1536":["https:\/\/digidem-bayern.de\/wp-content\/uploads\/2025\/10\/04-Suizidalitaet-shutterstock_2472678667.jpg",1000,666,false],"2048x2048":["https:\/\/digidem-bayern.de\/wp-content\/uploads\/2025\/10\/04-Suizidalitaet-shutterstock_2472678667.jpg",1000,666,false],"trp-custom-language-flag":["https:\/\/digidem-bayern.de\/wp-content\/uploads\/2025\/10\/04-Suizidalitaet-shutterstock_2472678667.jpg",18,12,false],"qubely_landscape":["https:\/\/digidem-bayern.de\/wp-content\/uploads\/2025\/10\/04-Suizidalitaet-shutterstock_2472678667.jpg",1000,666,false],"qubely_portrait":["https:\/\/digidem-bayern.de\/wp-content\/uploads\/2025\/10\/04-Suizidalitaet-shutterstock_2472678667-540x320.jpg",540,320,true],"qubely_thumbnail":["https:\/\/digidem-bayern.de\/wp-content\/uploads\/2025\/10\/04-Suizidalitaet-shutterstock_2472678667-140x100.jpg",140,100,true],"post-thumbnail":["https:\/\/digidem-bayern.de\/wp-content\/uploads\/2025\/10\/04-Suizidalitaet-shutterstock_2472678667-526x350.jpg",526,350,true],"kahuna-featured":["https:\/\/digidem-bayern.de\/wp-content\/uploads\/2025\/10\/04-Suizidalitaet-shutterstock_2472678667-734x350.jpg",734,350,true],"kahuna-featured-lp":["https:\/\/digidem-bayern.de\/wp-content\/uploads\/2025\/10\/04-Suizidalitaet-shutterstock_2472678667-520x350.jpg",520,350,true],"kahuna-featured-half":["https:\/\/digidem-bayern.de\/wp-content\/uploads\/2025\/10\/04-Suizidalitaet-shutterstock_2472678667-800x350.jpg",800,350,true],"kahuna-featured-third":["https:\/\/digidem-bayern.de\/wp-content\/uploads\/2025\/10\/04-Suizidalitaet-shutterstock_2472678667-512x350.jpg",512,350,true],"kahuna-lpbox-1":["https:\/\/digidem-bayern.de\/wp-content\/uploads\/2025\/10\/04-Suizidalitaet-shutterstock_2472678667-520x300.jpg",520,300,true],"kahuna-lpbox-2":["https:\/\/digidem-bayern.de\/wp-content\/uploads\/2025\/10\/04-Suizidalitaet-shutterstock_2472678667-520x350.jpg",520,350,true],"demand-language-flag":["https:\/\/digidem-bayern.de\/wp-content\/uploads\/2025\/10\/04-Suizidalitaet-shutterstock_2472678667-36x36.jpg",36,36,true],"dddkt-language-flag":["https:\/\/digidem-bayern.de\/wp-content\/uploads\/2025\/10\/04-Suizidalitaet-shutterstock_2472678667-36x36.jpg",36,36,true],"ddiqc-language-flag":["https:\/\/digidem-bayern.de\/wp-content\/uploads\/2025\/10\/04-Suizidalitaet-shutterstock_2472678667-36x36.jpg",36,36,true],"ddtl-language-flag":["https:\/\/digidem-bayern.de\/wp-content\/uploads\/2025\/10\/04-Suizidalitaet-shutterstock_2472678667-36x36.jpg",36,36,true],"mailpoet_newsletter_max":["https:\/\/digidem-bayern.de\/wp-content\/uploads\/2025\/10\/04-Suizidalitaet-shutterstock_2472678667.jpg",1000,666,false],"kahuna-lpbox-3":["https:\/\/digidem-bayern.de\/wp-content\/uploads\/2025\/10\/04-Suizidalitaet-shutterstock_2472678667-520x350.jpg",520,350,true],"kahuna-featured-square":["https:\/\/digidem-bayern.de\/wp-content\/uploads\/2025\/10\/04-Suizidalitaet-shutterstock_2472678667-512x512.jpg",512,512,true],"kahuna-featured-square-large":["https:\/\/digidem-bayern.de\/wp-content\/uploads\/2025\/10\/04-Suizidalitaet-shutterstock_2472678667.jpg",1000,666,false]},"post_excerpt_stackable_v2":"<p>Einen Zusammenhang zwischen Demenz und Suizidrisiko hat bereits j\u00fcngere Forschung aufgezeigt. Wissenschaftlerinnen und Wissenschaftler aus den Gro\u00dfbritannien haben nun in einer aktuellen Publikation untersucht, inwieweit sich das Suizidrisiko zwischen verschiedenen Demenzarten unterscheidet. Die Unterschiede zu verstehen ist aus mehreren Gr\u00fcnden von gro\u00dfer Bedeutung. Suizidgedanken, Suizidversuche und Suizidtodesf\u00e4lle werden meist unter dem \u00dcberbegriff Suizidalit\u00e4t zusammengefasst. Suizidalit\u00e4t bezeichnet im Allgemeinen einen psychischen Zustand, der den eigenen Tod zum Ziel hat. In ihrer \u00dcbersichtsarbeit haben sich Forschende aus Gro\u00dfbritannien auf die h\u00e4ufiger diagnostizierten Formen von Demenz konzentriert und untersucht, inwieweit diese einen Zusammenhang mit Suizidalit\u00e4t zeigen: die Alzheimer-Demenz (AD), die am weitesten verbreitet&hellip;<\/p>\n","category_list_v2":"<a href=\"https:\/\/digidem-bayern.de\/en\/category\/aktuelles-zu-digidem\/\" rel=\"category tag\">Aktuelles zu digiDEM<\/a>, <a href=\"https:\/\/digidem-bayern.de\/en\/category\/wissenschaft-forschung\/\" rel=\"category tag\">Wissenschaft &amp; Forschung<\/a>","author_info_v2":{"name":"Ilona H\u00f6rath","url":"https:\/\/digidem-bayern.de\/en\/author\/hoeratia\/"},"comments_num_v2":"0 comments","yoast_head":"<!-- This site is optimized with the Yoast SEO plugin v27.4 - https:\/\/yoast.com\/product\/yoast-seo-wordpress\/ -->\n<title>Suizidalit\u00e4t bei Menschen mit Demenz\u00a0 - digiDEM Bayern<\/title>\n<meta name=\"description\" content=\"Der Bayerische Landesapothekerkammer unterst\u00fctzt digiDEM Bayern mit Hilfe des Netzwerks &quot;Demenzfreundliche Apotheken&quot;.\" \/>\n<meta name=\"robots\" content=\"index, follow, max-snippet:-1, max-image-preview:large, max-video-preview:-1\" \/>\n<link rel=\"canonical\" href=\"https:\/\/digidem-bayern.de\/en\/suizidalitaet-bei-menschen-mit-demenz\/\" \/>\n<meta property=\"og:locale\" content=\"en_US\" \/>\n<meta property=\"og:type\" content=\"article\" \/>\n<meta property=\"og:title\" content=\"Suizidalit\u00e4t bei Menschen mit Demenz\u00a0 - digiDEM Bayern\" \/>\n<meta property=\"og:description\" content=\"Der Bayerische Landesapothekerkammer unterst\u00fctzt digiDEM Bayern mit Hilfe des Netzwerks &quot;Demenzfreundliche Apotheken&quot;.\" \/>\n<meta property=\"og:url\" content=\"https:\/\/digidem-bayern.de\/en\/suizidalitaet-bei-menschen-mit-demenz\/\" \/>\n<meta property=\"og:site_name\" content=\"digiDEM Bayern\" \/>\n<meta property=\"article:publisher\" content=\"https:\/\/www.facebook.com\/digiDEMBayern\/\" \/>\n<meta property=\"article:published_time\" content=\"2025-10-23T11:28:00+00:00\" \/>\n<meta property=\"article:modified_time\" content=\"2025-10-24T09:57:43+00:00\" \/>\n<meta property=\"og:image\" content=\"https:\/\/digidem-bayern.de\/wp-content\/uploads\/2025\/10\/04-Suizidalitaet-shutterstock_2472678667.jpg\" \/>\n\t<meta property=\"og:image:width\" content=\"1000\" \/>\n\t<meta property=\"og:image:height\" content=\"666\" \/>\n\t<meta property=\"og:image:type\" content=\"image\/jpeg\" \/>\n<meta name=\"author\" content=\"Ilona H\u00f6rath\" \/>\n<meta name=\"twitter:label1\" content=\"Written by\" \/>\n\t<meta name=\"twitter:data1\" content=\"Ilona H\u00f6rath\" \/>\n\t<meta name=\"twitter:label2\" content=\"Est. reading time\" \/>\n\t<meta name=\"twitter:data2\" content=\"2 minutes\" \/>\n<script type=\"application\/ld+json\" class=\"yoast-schema-graph\">{\"@context\":\"https:\\\/\\\/schema.org\",\"@graph\":[{\"@type\":\"Article\",\"@id\":\"https:\\\/\\\/digidem-bayern.de\\\/suizidalitaet-bei-menschen-mit-demenz\\\/#article\",\"isPartOf\":{\"@id\":\"https:\\\/\\\/digidem-bayern.de\\\/suizidalitaet-bei-menschen-mit-demenz\\\/\"},\"author\":{\"name\":\"Ilona H\u00f6rath\",\"@id\":\"\\\/#\\\/schema\\\/person\\\/0bc1494f46fc2a051c761322a80e0941\"},\"headline\":\"Suizidalit\u00e4t bei Menschen mit Demenz\u00a0\",\"datePublished\":\"2025-10-23T11:28:00+00:00\",\"dateModified\":\"2025-10-24T09:57:43+00:00\",\"mainEntityOfPage\":{\"@id\":\"https:\\\/\\\/digidem-bayern.de\\\/suizidalitaet-bei-menschen-mit-demenz\\\/\"},\"wordCount\":596,\"commentCount\":0,\"publisher\":{\"@id\":\"\\\/#organization\"},\"image\":{\"@id\":\"https:\\\/\\\/digidem-bayern.de\\\/suizidalitaet-bei-menschen-mit-demenz\\\/#primaryimage\"},\"thumbnailUrl\":\"https:\\\/\\\/digidem-bayern.de\\\/wp-content\\\/uploads\\\/2025\\\/10\\\/04-Suizidalitaet-shutterstock_2472678667.jpg\",\"keywords\":[\"Alzheimer\",\"Alzheimer-Demenz\",\"Demenz\",\"Demenz-Fr\u00fcherkennung\",\"Demenzdiagnose\",\"Demenzrisiko\",\"Demenzrisikofaktor\",\"digidem\",\"digidem Bayern\",\"Digitales Demenzregister Bayern\",\"Frontotemporale Demenz\",\"Gemischte Demenz\",\"Gesundheitssystem\",\"Lewy-Body-Demenz\",\"Lewy-K\u00f6rperchen-Demenz\",\"Menschen mit Demenz\",\"Notdienst\",\"Pr\u00e4vention\",\"Risikofaktoren\",\"Stigmatisierung\",\"Suizid\",\"Suizidalit\u00e4t\",\"Suizidgedanken\",\"Suizidrisiko\",\"Suizidversuch\",\"Telefonseelsorge\",\"vaskul\u00e4re Demenz\",\"Warnsignale\"],\"articleSection\":[\"Aktuelles zu digiDEM\",\"Wissenschaft &amp; Forschung\"],\"inLanguage\":\"en-US\",\"potentialAction\":[{\"@type\":\"CommentAction\",\"name\":\"Comment\",\"target\":[\"https:\\\/\\\/digidem-bayern.de\\\/suizidalitaet-bei-menschen-mit-demenz\\\/#respond\"]}]},{\"@type\":\"WebPage\",\"@id\":\"https:\\\/\\\/digidem-bayern.de\\\/suizidalitaet-bei-menschen-mit-demenz\\\/\",\"url\":\"https:\\\/\\\/digidem-bayern.de\\\/suizidalitaet-bei-menschen-mit-demenz\\\/\",\"name\":\"Suizidalit\u00e4t bei Menschen mit Demenz\u00a0 - digiDEM Bayern\",\"isPartOf\":{\"@id\":\"\\\/#website\"},\"primaryImageOfPage\":{\"@id\":\"https:\\\/\\\/digidem-bayern.de\\\/suizidalitaet-bei-menschen-mit-demenz\\\/#primaryimage\"},\"image\":{\"@id\":\"https:\\\/\\\/digidem-bayern.de\\\/suizidalitaet-bei-menschen-mit-demenz\\\/#primaryimage\"},\"thumbnailUrl\":\"https:\\\/\\\/digidem-bayern.de\\\/wp-content\\\/uploads\\\/2025\\\/10\\\/04-Suizidalitaet-shutterstock_2472678667.jpg\",\"datePublished\":\"2025-10-23T11:28:00+00:00\",\"dateModified\":\"2025-10-24T09:57:43+00:00\",\"description\":\"Der Bayerische Landesapothekerkammer unterst\u00fctzt digiDEM Bayern mit Hilfe des Netzwerks \\\"Demenzfreundliche Apotheken\\\".\",\"breadcrumb\":{\"@id\":\"https:\\\/\\\/digidem-bayern.de\\\/suizidalitaet-bei-menschen-mit-demenz\\\/#breadcrumb\"},\"inLanguage\":\"en-US\",\"potentialAction\":[{\"@type\":\"ReadAction\",\"target\":[\"https:\\\/\\\/digidem-bayern.de\\\/suizidalitaet-bei-menschen-mit-demenz\\\/\"]}]},{\"@type\":\"ImageObject\",\"inLanguage\":\"en-US\",\"@id\":\"https:\\\/\\\/digidem-bayern.de\\\/suizidalitaet-bei-menschen-mit-demenz\\\/#primaryimage\",\"url\":\"https:\\\/\\\/digidem-bayern.de\\\/wp-content\\\/uploads\\\/2025\\\/10\\\/04-Suizidalitaet-shutterstock_2472678667.jpg\",\"contentUrl\":\"https:\\\/\\\/digidem-bayern.de\\\/wp-content\\\/uploads\\\/2025\\\/10\\\/04-Suizidalitaet-shutterstock_2472678667.jpg\",\"width\":1000,\"height\":666,\"caption\":\"Foto: Shutterstock\"},{\"@type\":\"BreadcrumbList\",\"@id\":\"https:\\\/\\\/digidem-bayern.de\\\/suizidalitaet-bei-menschen-mit-demenz\\\/#breadcrumb\",\"itemListElement\":[{\"@type\":\"ListItem\",\"position\":1,\"name\":\"Startseite\",\"item\":\"https:\\\/\\\/digidem-bayern.de\\\/\"},{\"@type\":\"ListItem\",\"position\":2,\"name\":\"Suizidalit\u00e4t bei Menschen mit Demenz\u00a0\"}]},{\"@type\":\"WebSite\",\"@id\":\"\\\/#website\",\"url\":\"\\\/\",\"name\":\"digiDEM Bayern\",\"description\":\"Das digitale Demenzregister Bayern erforscht und verbessert die Angebotsstuktur f\u00fcr Menschen mit Demenz und deren Angeh\u00f6rige\",\"publisher\":{\"@id\":\"\\\/#organization\"},\"potentialAction\":[{\"@type\":\"SearchAction\",\"target\":{\"@type\":\"EntryPoint\",\"urlTemplate\":\"\\\/?s={search_term_string}\"},\"query-input\":{\"@type\":\"PropertyValueSpecification\",\"valueRequired\":true,\"valueName\":\"search_term_string\"}}],\"inLanguage\":\"en-US\"},{\"@type\":\"Organization\",\"@id\":\"\\\/#organization\",\"name\":\"digiDEM Bayern\",\"url\":\"\\\/\",\"logo\":{\"@type\":\"ImageObject\",\"inLanguage\":\"en-US\",\"@id\":\"\\\/#\\\/schema\\\/logo\\\/image\\\/\",\"url\":\"https:\\\/\\\/digidem-bayern.de\\\/wp-content\\\/uploads\\\/2022\\\/03\\\/cropped-Allgemeines_digiDEMLOGO-removebg-preview.png\",\"contentUrl\":\"https:\\\/\\\/digidem-bayern.de\\\/wp-content\\\/uploads\\\/2022\\\/03\\\/cropped-Allgemeines_digiDEMLOGO-removebg-preview.png\",\"width\":612,\"height\":357,\"caption\":\"digiDEM Bayern\"},\"image\":{\"@id\":\"\\\/#\\\/schema\\\/logo\\\/image\\\/\"},\"sameAs\":[\"https:\\\/\\\/www.facebook.com\\\/digiDEMBayern\\\/\",\"https:\\\/\\\/x.com\\\/digidem_bayern\",\"https:\\\/\\\/www.instagram.com\\\/digidem.bayern\",\"https:\\\/\\\/www.linkedin.com\\\/company\\\/digidem-bayern\\\/\"]},{\"@type\":\"Person\",\"@id\":\"\\\/#\\\/schema\\\/person\\\/0bc1494f46fc2a051c761322a80e0941\",\"name\":\"Ilona H\u00f6rath\",\"url\":\"https:\\\/\\\/digidem-bayern.de\\\/en\\\/author\\\/hoeratia\\\/\"}]}<\/script>\n<!-- \/ Yoast SEO plugin. -->","yoast_head_json":{"title":"Suizidalit\u00e4t bei Menschen mit Demenz\u00a0 - digiDEM Bayern","description":"Der Bayerische Landesapothekerkammer unterst\u00fctzt digiDEM Bayern mit Hilfe des Netzwerks \"Demenzfreundliche Apotheken\".","robots":{"index":"index","follow":"follow","max-snippet":"max-snippet:-1","max-image-preview":"max-image-preview:large","max-video-preview":"max-video-preview:-1"},"canonical":"https:\/\/digidem-bayern.de\/en\/suizidalitaet-bei-menschen-mit-demenz\/","og_locale":"en_US","og_type":"article","og_title":"Suizidalit\u00e4t bei Menschen mit Demenz\u00a0 - digiDEM Bayern","og_description":"Der Bayerische Landesapothekerkammer unterst\u00fctzt digiDEM Bayern mit Hilfe des Netzwerks \"Demenzfreundliche Apotheken\".","og_url":"https:\/\/digidem-bayern.de\/en\/suizidalitaet-bei-menschen-mit-demenz\/","og_site_name":"digiDEM Bayern","article_publisher":"https:\/\/www.facebook.com\/digiDEMBayern\/","article_published_time":"2025-10-23T11:28:00+00:00","article_modified_time":"2025-10-24T09:57:43+00:00","og_image":[{"width":1000,"height":666,"url":"https:\/\/digidem-bayern.de\/wp-content\/uploads\/2025\/10\/04-Suizidalitaet-shutterstock_2472678667.jpg","type":"image\/jpeg"}],"author":"Ilona H\u00f6rath","twitter_misc":{"Written by":"Ilona H\u00f6rath","Est. reading time":"2 minutes"},"schema":{"@context":"https:\/\/schema.org","@graph":[{"@type":"Article","@id":"https:\/\/digidem-bayern.de\/suizidalitaet-bei-menschen-mit-demenz\/#article","isPartOf":{"@id":"https:\/\/digidem-bayern.de\/suizidalitaet-bei-menschen-mit-demenz\/"},"author":{"name":"Ilona H\u00f6rath","@id":"\/#\/schema\/person\/0bc1494f46fc2a051c761322a80e0941"},"headline":"Suizidalit\u00e4t bei Menschen mit Demenz\u00a0","datePublished":"2025-10-23T11:28:00+00:00","dateModified":"2025-10-24T09:57:43+00:00","mainEntityOfPage":{"@id":"https:\/\/digidem-bayern.de\/suizidalitaet-bei-menschen-mit-demenz\/"},"wordCount":596,"commentCount":0,"publisher":{"@id":"\/#organization"},"image":{"@id":"https:\/\/digidem-bayern.de\/suizidalitaet-bei-menschen-mit-demenz\/#primaryimage"},"thumbnailUrl":"https:\/\/digidem-bayern.de\/wp-content\/uploads\/2025\/10\/04-Suizidalitaet-shutterstock_2472678667.jpg","keywords":["Alzheimer","Alzheimer-Demenz","Demenz","Demenz-Fr\u00fcherkennung","Demenzdiagnose","Demenzrisiko","Demenzrisikofaktor","digidem","digidem Bayern","Digitales Demenzregister Bayern","Frontotemporale Demenz","Gemischte Demenz","Gesundheitssystem","Lewy-Body-Demenz","Lewy-K\u00f6rperchen-Demenz","Menschen mit Demenz","Notdienst","Pr\u00e4vention","Risikofaktoren","Stigmatisierung","Suizid","Suizidalit\u00e4t","Suizidgedanken","Suizidrisiko","Suizidversuch","Telefonseelsorge","vaskul\u00e4re Demenz","Warnsignale"],"articleSection":["Aktuelles zu digiDEM","Wissenschaft &amp; Forschung"],"inLanguage":"en-US","potentialAction":[{"@type":"CommentAction","name":"Comment","target":["https:\/\/digidem-bayern.de\/suizidalitaet-bei-menschen-mit-demenz\/#respond"]}]},{"@type":"WebPage","@id":"https:\/\/digidem-bayern.de\/suizidalitaet-bei-menschen-mit-demenz\/","url":"https:\/\/digidem-bayern.de\/suizidalitaet-bei-menschen-mit-demenz\/","name":"Suizidalit\u00e4t bei Menschen mit Demenz\u00a0 - digiDEM Bayern","isPartOf":{"@id":"\/#website"},"primaryImageOfPage":{"@id":"https:\/\/digidem-bayern.de\/suizidalitaet-bei-menschen-mit-demenz\/#primaryimage"},"image":{"@id":"https:\/\/digidem-bayern.de\/suizidalitaet-bei-menschen-mit-demenz\/#primaryimage"},"thumbnailUrl":"https:\/\/digidem-bayern.de\/wp-content\/uploads\/2025\/10\/04-Suizidalitaet-shutterstock_2472678667.jpg","datePublished":"2025-10-23T11:28:00+00:00","dateModified":"2025-10-24T09:57:43+00:00","description":"Der Bayerische Landesapothekerkammer unterst\u00fctzt digiDEM Bayern mit Hilfe des Netzwerks \"Demenzfreundliche Apotheken\".","breadcrumb":{"@id":"https:\/\/digidem-bayern.de\/suizidalitaet-bei-menschen-mit-demenz\/#breadcrumb"},"inLanguage":"en-US","potentialAction":[{"@type":"ReadAction","target":["https:\/\/digidem-bayern.de\/suizidalitaet-bei-menschen-mit-demenz\/"]}]},{"@type":"ImageObject","inLanguage":"en-US","@id":"https:\/\/digidem-bayern.de\/suizidalitaet-bei-menschen-mit-demenz\/#primaryimage","url":"https:\/\/digidem-bayern.de\/wp-content\/uploads\/2025\/10\/04-Suizidalitaet-shutterstock_2472678667.jpg","contentUrl":"https:\/\/digidem-bayern.de\/wp-content\/uploads\/2025\/10\/04-Suizidalitaet-shutterstock_2472678667.jpg","width":1000,"height":666,"caption":"Foto: Shutterstock"},{"@type":"BreadcrumbList","@id":"https:\/\/digidem-bayern.de\/suizidalitaet-bei-menschen-mit-demenz\/#breadcrumb","itemListElement":[{"@type":"ListItem","position":1,"name":"Startseite","item":"https:\/\/digidem-bayern.de\/"},{"@type":"ListItem","position":2,"name":"Suizidalit\u00e4t bei Menschen mit Demenz\u00a0"}]},{"@type":"WebSite","@id":"\/#website","url":"\/","name":"digiDEM Bavaria","description":"The digital dementia register in Bavaria researches and improves the structure of services for people with dementia and their relatives","publisher":{"@id":"\/#organization"},"potentialAction":[{"@type":"SearchAction","target":{"@type":"EntryPoint","urlTemplate":"\/?s={search_term_string}"},"query-input":{"@type":"PropertyValueSpecification","valueRequired":true,"valueName":"search_term_string"}}],"inLanguage":"en-US"},{"@type":"Organization","@id":"\/#organization","name":"digiDEM Bavaria","url":"\/","logo":{"@type":"ImageObject","inLanguage":"en-US","@id":"\/#\/schema\/logo\/image\/","url":"https:\/\/digidem-bayern.de\/wp-content\/uploads\/2022\/03\/cropped-Allgemeines_digiDEMLOGO-removebg-preview.png","contentUrl":"https:\/\/digidem-bayern.de\/wp-content\/uploads\/2022\/03\/cropped-Allgemeines_digiDEMLOGO-removebg-preview.png","width":612,"height":357,"caption":"digiDEM Bayern"},"image":{"@id":"\/#\/schema\/logo\/image\/"},"sameAs":["https:\/\/www.facebook.com\/digiDEMBayern\/","https:\/\/x.com\/digidem_bayern","https:\/\/www.instagram.com\/digidem.bayern","https:\/\/www.linkedin.com\/company\/digidem-bayern\/"]},{"@type":"Person","@id":"\/#\/schema\/person\/0bc1494f46fc2a051c761322a80e0941","name":"Ilona H\u00f6rath","url":"https:\/\/digidem-bayern.de\/en\/author\/hoeratia\/"}]}},"uagb_featured_image_src":{"full":["https:\/\/digidem-bayern.de\/wp-content\/uploads\/2025\/10\/04-Suizidalitaet-shutterstock_2472678667.jpg",1000,666,false],"thumbnail":["https:\/\/digidem-bayern.de\/wp-content\/uploads\/2025\/10\/04-Suizidalitaet-shutterstock_2472678667-80x80.jpg",80,80,true],"medium":["https:\/\/digidem-bayern.de\/wp-content\/uploads\/2025\/10\/04-Suizidalitaet-shutterstock_2472678667-300x200.jpg",300,200,true],"medium_large":["https:\/\/digidem-bayern.de\/wp-content\/uploads\/2025\/10\/04-Suizidalitaet-shutterstock_2472678667-768x511.jpg",768,511,true],"large":["https:\/\/digidem-bayern.de\/wp-content\/uploads\/2025\/10\/04-Suizidalitaet-shutterstock_2472678667.jpg",1000,666,false],"1536x1536":["https:\/\/digidem-bayern.de\/wp-content\/uploads\/2025\/10\/04-Suizidalitaet-shutterstock_2472678667.jpg",1000,666,false],"2048x2048":["https:\/\/digidem-bayern.de\/wp-content\/uploads\/2025\/10\/04-Suizidalitaet-shutterstock_2472678667.jpg",1000,666,false],"trp-custom-language-flag":["https:\/\/digidem-bayern.de\/wp-content\/uploads\/2025\/10\/04-Suizidalitaet-shutterstock_2472678667.jpg",18,12,false],"qubely_landscape":["https:\/\/digidem-bayern.de\/wp-content\/uploads\/2025\/10\/04-Suizidalitaet-shutterstock_2472678667.jpg",1000,666,false],"qubely_portrait":["https:\/\/digidem-bayern.de\/wp-content\/uploads\/2025\/10\/04-Suizidalitaet-shutterstock_2472678667-540x320.jpg",540,320,true],"qubely_thumbnail":["https:\/\/digidem-bayern.de\/wp-content\/uploads\/2025\/10\/04-Suizidalitaet-shutterstock_2472678667-140x100.jpg",140,100,true],"post-thumbnail":["https:\/\/digidem-bayern.de\/wp-content\/uploads\/2025\/10\/04-Suizidalitaet-shutterstock_2472678667-526x350.jpg",526,350,true],"kahuna-featured":["https:\/\/digidem-bayern.de\/wp-content\/uploads\/2025\/10\/04-Suizidalitaet-shutterstock_2472678667-734x350.jpg",734,350,true],"kahuna-featured-lp":["https:\/\/digidem-bayern.de\/wp-content\/uploads\/2025\/10\/04-Suizidalitaet-shutterstock_2472678667-520x350.jpg",520,350,true],"kahuna-featured-half":["https:\/\/digidem-bayern.de\/wp-content\/uploads\/2025\/10\/04-Suizidalitaet-shutterstock_2472678667-800x350.jpg",800,350,true],"kahuna-featured-third":["https:\/\/digidem-bayern.de\/wp-content\/uploads\/2025\/10\/04-Suizidalitaet-shutterstock_2472678667-512x350.jpg",512,350,true],"kahuna-lpbox-1":["https:\/\/digidem-bayern.de\/wp-content\/uploads\/2025\/10\/04-Suizidalitaet-shutterstock_2472678667-520x300.jpg",520,300,true],"kahuna-lpbox-2":["https:\/\/digidem-bayern.de\/wp-content\/uploads\/2025\/10\/04-Suizidalitaet-shutterstock_2472678667-520x350.jpg",520,350,true],"demand-language-flag":["https:\/\/digidem-bayern.de\/wp-content\/uploads\/2025\/10\/04-Suizidalitaet-shutterstock_2472678667-36x36.jpg",36,36,true],"dddkt-language-flag":["https:\/\/digidem-bayern.de\/wp-content\/uploads\/2025\/10\/04-Suizidalitaet-shutterstock_2472678667-36x36.jpg",36,36,true],"ddiqc-language-flag":["https:\/\/digidem-bayern.de\/wp-content\/uploads\/2025\/10\/04-Suizidalitaet-shutterstock_2472678667-36x36.jpg",36,36,true],"ddtl-language-flag":["https:\/\/digidem-bayern.de\/wp-content\/uploads\/2025\/10\/04-Suizidalitaet-shutterstock_2472678667-36x36.jpg",36,36,true],"mailpoet_newsletter_max":["https:\/\/digidem-bayern.de\/wp-content\/uploads\/2025\/10\/04-Suizidalitaet-shutterstock_2472678667.jpg",1000,666,false],"kahuna-lpbox-3":["https:\/\/digidem-bayern.de\/wp-content\/uploads\/2025\/10\/04-Suizidalitaet-shutterstock_2472678667-520x350.jpg",520,350,true],"kahuna-featured-square":["https:\/\/digidem-bayern.de\/wp-content\/uploads\/2025\/10\/04-Suizidalitaet-shutterstock_2472678667-512x512.jpg",512,512,true],"kahuna-featured-square-large":["https:\/\/digidem-bayern.de\/wp-content\/uploads\/2025\/10\/04-Suizidalitaet-shutterstock_2472678667.jpg",1000,666,false]},"uagb_author_info":{"display_name":"Ilona H\u00f6rath","author_link":"https:\/\/digidem-bayern.de\/en\/author\/hoeratia\/"},"uagb_comment_info":4,"uagb_excerpt":"Einen Zusammenhang zwischen Demenz und Suizidrisiko hat bereits j\u00fcngere Forschung aufgezeigt. Wissenschaftlerinnen und Wissenschaftler aus den Gro\u00dfbritannien haben nun in einer aktuellen Publikation untersucht, inwieweit sich das Suizidrisiko zwischen verschiedenen Demenzarten unterscheidet. Die Unterschiede zu verstehen ist aus mehreren Gr\u00fcnden von gro\u00dfer Bedeutung. Suizidgedanken, Suizidversuche und Suizidtodesf\u00e4lle werden meist unter &hellip;","_links":{"self":[{"href":"https:\/\/digidem-bayern.de\/en\/wp-json\/wp\/v2\/posts\/46255","targetHints":{"allow":["GET"]}}],"collection":[{"href":"https:\/\/digidem-bayern.de\/en\/wp-json\/wp\/v2\/posts"}],"about":[{"href":"https:\/\/digidem-bayern.de\/en\/wp-json\/wp\/v2\/types\/post"}],"author":[{"embeddable":true,"href":"https:\/\/digidem-bayern.de\/en\/wp-json\/wp\/v2\/users\/12"}],"replies":[{"embeddable":true,"href":"https:\/\/digidem-bayern.de\/en\/wp-json\/wp\/v2\/comments?post=46255"}],"version-history":[{"count":3,"href":"https:\/\/digidem-bayern.de\/en\/wp-json\/wp\/v2\/posts\/46255\/revisions"}],"predecessor-version":[{"id":46295,"href":"https:\/\/digidem-bayern.de\/en\/wp-json\/wp\/v2\/posts\/46255\/revisions\/46295"}],"wp:featuredmedia":[{"embeddable":true,"href":"https:\/\/digidem-bayern.de\/en\/wp-json\/wp\/v2\/media\/46262"}],"wp:attachment":[{"href":"https:\/\/digidem-bayern.de\/en\/wp-json\/wp\/v2\/media?parent=46255"}],"wp:term":[{"taxonomy":"category","embeddable":true,"href":"https:\/\/digidem-bayern.de\/en\/wp-json\/wp\/v2\/categories?post=46255"},{"taxonomy":"post_tag","embeddable":true,"href":"https:\/\/digidem-bayern.de\/en\/wp-json\/wp\/v2\/tags?post=46255"}],"curies":[{"name":"wp","href":"https:\/\/api.w.org\/{rel}","templated":true}]}}