{"id":46253,"date":"2025-10-23T13:20:00","date_gmt":"2025-10-23T11:20:00","guid":{"rendered":"https:\/\/digidem-bayern.de\/?p=46253"},"modified":"2025-10-23T13:37:18","modified_gmt":"2025-10-23T11:37:18","slug":"demenzpraevention-dank-hund-und-katze","status":"publish","type":"post","link":"https:\/\/digidem-bayern.de\/en\/demenzpraevention-dank-hund-und-katze\/","title":{"rendered":"Demenzpr\u00e4vention dank Hund und Katze"},"content":{"rendered":"<p><strong><strong><strong><strong><strong><strong><strong><strong><strong><strong><strong><strong><strong><strong><strong><strong><strong><strong><strong><strong><strong><strong><strong><strong><strong><strong><strong><strong><strong><strong><strong><strong><strong>Dass Haustiere einen positiven Einfluss auf die kognitive Funktion haben und einem kognitiven Abbau im sp\u00e4teren Erwachsenenalter entgegenwirken k\u00f6nnen, ist wissenschaftlich bereits belegt. Doch macht es einen Unterschied, welches Haustier man hat? Und welche Rolle spielt das Alter, in dem man sich das Haustier zulegt? Wissenschaftlerinnen und Wissenschaftler aus der Schweiz sind diesen Fragen nachgegangen.<\/strong><\/strong><\/strong><\/strong><\/strong><\/strong><\/strong><\/strong><\/strong><\/strong><\/strong><\/strong><\/strong><\/strong><\/strong><\/strong><\/strong><\/strong><\/strong><\/strong><\/strong><\/strong><\/strong><\/strong><\/strong><\/strong><\/strong><\/strong><\/strong><\/strong><\/strong><\/strong><\/strong><span style=\"caret-color: rgb(0, 0, 0); color: rgb(0, 0, 0); font-family: -webkit-standard; font-size: medium; white-space: normal;\"><\/span><span style=\"caret-color: rgb(0, 0, 0); color: rgb(0, 0, 0); font-family: -webkit-standard; font-size: medium; white-space: normal;\"><\/span><\/p>\n\n\n\n<p>Sich mit einer Katze zuhause weniger einsam f\u00fchlen oder mit dem Hund an der frischen Luft Gassi gehen und dabei mit anderen Menschen in Kontakt kommen: Wer ein Haustier hat, reduziert das Demenzrisiko. Das zeigen fr\u00fchere Studienergebnisse. Ungef\u00e4hr 38 Prozent der Europ\u00e4er besitzen Haustiere. \u00c4hnliche Zahlen findet man auch bei den \u00e4lteren Erwachsenen ab 50 Jahren, die Samtpfote &amp; Co. als treue Kameraden lieben.&nbsp;<strong><\/strong><\/p>\n\n\n<div class=\"wp-block-image\">\n<figure class=\"alignright size-full is-resized\"><img loading=\"lazy\" decoding=\"async\" width=\"1000\" height=\"667\" src=\"https:\/\/digidem-bayern.de\/wp-content\/uploads\/2025\/10\/03-Hund-Katze-shutterstock_2638988209.jpg\" alt=\"Die Ergebnisse deuteten darauf hin, dass die positiven Effekte eines Haustieres auf den kognitiven Abbau m\u00f6glicherweise haupts\u00e4chlich allein auf den Besitz von Katzen und Hunde zur\u00fcckzuf\u00fchren sind, nicht auf den Besitz eines Tieres im Allgemeinen.\" class=\"wp-image-46261\" style=\"width:598px;height:auto\" srcset=\"https:\/\/digidem-bayern.de\/wp-content\/uploads\/2025\/10\/03-Hund-Katze-shutterstock_2638988209.jpg 1000w, https:\/\/digidem-bayern.de\/wp-content\/uploads\/2025\/10\/03-Hund-Katze-shutterstock_2638988209-300x200.jpg 300w, https:\/\/digidem-bayern.de\/wp-content\/uploads\/2025\/10\/03-Hund-Katze-shutterstock_2638988209-768x512.jpg 768w, https:\/\/digidem-bayern.de\/wp-content\/uploads\/2025\/10\/03-Hund-Katze-shutterstock_2638988209-525x350.jpg 525w\" sizes=\"auto, (max-width: 1000px) 100vw, 1000px\" \/><figcaption class=\"wp-element-caption\">Foto: Shutterstock<\/figcaption><\/figure>\n<\/div>\n\n\n<p><strong>Verlangsamung des kognitiven Abbaus<\/strong><\/p>\n\n\n\n<p>Die Ergebnisse der Studie aus der Schweiz best\u00e4tigen, dass der Besitz eines Haustieres mit einem langsameren Abbau verbunden ist &#8211; bei den exekutiven Funktionen, die in diesem Fall anhand eines Tests auf Wortfl\u00fcssigkeit, also die F\u00e4higkeit, viele W\u00f6rter schnell und flexibel aus dem Ged\u00e4chtnis abzurufen, erhoben wurden &#8211; und beim episodischen Ged\u00e4chtnis. \u201eUnsere Ergebnisse zeigten, dass Haustierbesitzer im Vergleich zu Menschen ohne Haustier bei dem Test auf verbale Fl\u00fcssigkeit besser abschneiden. Betrachtet man aber die unmittelbare und verz\u00f6gerte Wiedergabe der W\u00f6rter, haben Haustierbesitzer die schlechteren Ergebnisse\u201c, hei\u00dft es in der Studie. \u201eTrotz des anf\u00e4nglichen Nachteils zeigen die Personen mit Haustier im Vergleich zu denen ohne Haustier aber in allen kognitiven Bereichen einen deutlich langsameren Abbau\u201c \u2013 sie holten also gegen\u00fcber Nicht-Besitzern auf.<\/p>\n\n\n\n<p><strong>Vorteile von Hund und Katze&nbsp;<\/strong><\/p>\n\n\n\n<p>Zwischen den Tierarten fanden die Forschenden \u201ebemerkenswerte Unterschiede\u201c.&nbsp;&nbsp;Besa\u00dfen Menschen Hunde oder Katzen, zeigten diese im Vergleich zu Menschen, die ohne Haustier lebten, einen langsameren Abbau der kognitiven F\u00e4higkeiten. Andererseits stand der Besitz von Fischen und V\u00f6geln in keinen Zusammenhang mit einem verlangsamten kognitiven Abbau. Als m\u00f6gliche Gr\u00fcnde nannte die Studie etwa das begrenzte Ausma\u00df an emotionaler Unterst\u00fctzung und die h\u00e4ufige Konfrontation mit dem Tod bei diesen Tierarten aufgrund der h\u00e4ufig k\u00fcrzeren Lebensdauer. Au\u00dferdem k\u00f6nnte der Besitz eines Vogels die Schlafqualit\u00e4t des Besitzers aufgrund des \u201eerh\u00f6hten Ger\u00e4uschpegels\u201c negativ beeinflussen.<\/p>\n\n\n\n<p><strong>\u201eEinzigartige kognitive Stimulation\u201c<\/strong><\/p>\n\n\n\n<p>\u201eUnsere Ergebnisse deuteten darauf hin, dass die positiven Effekte eines Haustieres auf den kognitiven Abbau m\u00f6glicherweise haupts\u00e4chlich allein auf den Besitz von Katzen und Hunden zur\u00fcckzuf\u00fchren sind, nicht auf den Besitz eines Tieres im Allgemeinen.\u201c Der Kontakt und die Interaktion mit Hunden und Katzen k\u00f6nne wom\u00f6glich eine \u201eeinzigartige kognitive Stimulation\u201c bieten. Das Alter, in dem man sich das Tier zulegt, spielt f\u00fcr die Entwicklung der kognitiven Funktionen jedoch keine Rolle.\u00a0<\/p>\n\n\n\n<p>Die Studienergebnisse legen nahe, dass der Besitz von Hunden und Katzen als Schutzfaktor wirken k\u00f6nnte, der dazu beitr\u00e4gt, den kognitiven Abbau zu verlangsamen, und somit zu einem gesunden kognitiven Altern beitr\u00e4gt.Um zu dieser Erkenntnis zu gelangen, haben die Forschenden Daten von&nbsp;16.600&nbsp;Menschen Im Alter zwischen 50 und 99 Jahren \u00fcber einen Zeitraum von 18 Jahren<strong>&nbsp;<\/strong>(2004 bis 2022) ausgewertet.<strong>&nbsp;<\/strong>53,5 Prozent waren Frauen.<\/p>\n\n\n\n<p><strong>Richtlinien f\u00fcr gesundes Altern<\/strong><\/p>\n\n\n\n<p>Die Gruppe aus der Schweiz weist darauf hin, dass zuk\u00fcnftige Forschung die Mechanismen genauer untersuchen sollte. Diese Erkenntnisse k\u00f6nnten dazu beitragen, Richtlinien f\u00fcr gesundes Altern zu entwerfen und generell \u00fcber Ma\u00dfnahmen wie finanzielle Unterst\u00fctzung f\u00fcr Ausgaben wie Tierarztkosten oder Tierversicherungen zu informieren &#8211; um den Haustierbesitz f\u00fcr \u00e4ltere Erwachsene zug\u00e4nglicher zu machen. Eine Alternative w\u00e4ren auch tierfreundliche Wohnmodelle f\u00fcr Senioren.&nbsp;<strong><\/strong><\/p>\n\n\n\n<p><strong>Tipp f\u00fcr die Praxis<\/strong>: Haustiere helfen das Demenzrisiko zu reduzieren, stellen aber auch eine gro\u00dfe Verantwortung dar. Wer weder die finanziellen noch zeitlichen Kapazit\u00e4ten hat, sich ein Haustier zuzulegen, oder noch nicht sicher ist, ob Hund und Katze wirklich zu einem passen, kann bei lokalen Tierheimen und Tierschutzorganisationen ehrenamtlich aushelfen oder Gassi gehen.<span style=\"caret-color: rgb(0, 0, 0); color: rgb(0, 0, 0); font-family: -webkit-standard; font-size: medium; white-space: normal;\"><\/span><\/p>\n\n\n\n<p>Hier geht&#8217;s zur Studie:<\/p>\n\n\n\n<p><a href=\"https:\/\/www.nature.com\/articles\/s41598-025-03727-9\">Longitudinal relationships between pet ownership and cognitive functioning in later adulthood across pet types and individuals&#8216; ages<\/a><\/p>\n\n\n\n<p><\/p>\n\n\n\n<p><\/p>\n\n\n\n<p><\/p>\n\n\n\n<p><\/p>\n\n\n\n<p><\/p>\n\n\n\n<p><\/p>\n\n\n\n<p><\/p>\n\n\n\n<div style=\"height:0px\" aria-hidden=\"true\" class=\"wp-block-spacer\"><\/div>\n\n\n\n<p><\/p>","protected":false},"excerpt":{"rendered":"<p>Dass Haustiere einen positiven Einfluss auf die kognitive Funktion haben und einem kognitiven Abbau im sp\u00e4teren Erwachsenenalter entgegenwirken k\u00f6nnen, ist wissenschaftlich bereits belegt. Doch macht es einen Unterschied, welches Haustier man hat? Und welche Rolle spielt das Alter, in dem man sich das Haustier zulegt? Wissenschaftlerinnen und Wissenschaftler aus der &hellip;<\/p>","protected":false},"author":12,"featured_media":46261,"comment_status":"open","ping_status":"closed","sticky":false,"template":"","format":"standard","meta":{"qubely_global_settings":"","qubely_interactions":"","_uag_custom_page_level_css":"","footnotes":""},"categories":[8,5],"tags":[13,406,12,868,1427,203,177,1717,14,17,55,1740,1737,1736,384,1485,952,1735,397,1734,1743,104,1738,1266,1744,79,1742,1745,1747,1748,1746,1741,1739],"class_list":["post-46253","post","type-post","status-publish","format-standard","has-post-thumbnail","hentry","category-aktuelles-zu-digidem","category-wissenschaft-forschung","tag-alzheimer","tag-alzheimer-demenz","tag-demenz-2","tag-demenz-frueherkennung","tag-demenz-screning","tag-demenzpraevention","tag-demenzrisiko","tag-demenzrisikofaktor","tag-digidem","tag-digidem-bayern","tag-digitales-demenzregister-bayern","tag-fische","tag-gassi","tag-gassi-gehen","tag-gedaechtnisambulanz","tag-geistige-leistungsfaehigkeit","tag-gesundes-altern","tag-haustiere","tag-hund","tag-katze","tag-kognitive-stimulation","tag-risikofaktoren","tag-samtpfote","tag-schlafqualitaet","tag-schutzfaktor","tag-stigmatisierung","tag-tierarten","tag-tierarztkosten","tag-tierheim","tag-tierschutzorgganisation","tag-tierversicherung","tag-voegel","tag-wortfluessigkeit"],"qubely_featured_image_url":{"full":["https:\/\/digidem-bayern.de\/wp-content\/uploads\/2025\/10\/03-Hund-Katze-shutterstock_2638988209.jpg",1000,667,false],"landscape":["https:\/\/digidem-bayern.de\/wp-content\/uploads\/2025\/10\/03-Hund-Katze-shutterstock_2638988209.jpg",1000,667,false],"portraits":["https:\/\/digidem-bayern.de\/wp-content\/uploads\/2025\/10\/03-Hund-Katze-shutterstock_2638988209-540x320.jpg",540,320,true],"thumbnail":["https:\/\/digidem-bayern.de\/wp-content\/uploads\/2025\/10\/03-Hund-Katze-shutterstock_2638988209-80x80.jpg",80,80,true],"medium":["https:\/\/digidem-bayern.de\/wp-content\/uploads\/2025\/10\/03-Hund-Katze-shutterstock_2638988209-300x200.jpg",300,200,true],"medium_large":["https:\/\/digidem-bayern.de\/wp-content\/uploads\/2025\/10\/03-Hund-Katze-shutterstock_2638988209-768x512.jpg",768,512,true],"large":["https:\/\/digidem-bayern.de\/wp-content\/uploads\/2025\/10\/03-Hund-Katze-shutterstock_2638988209.jpg",1000,667,false],"1536x1536":["https:\/\/digidem-bayern.de\/wp-content\/uploads\/2025\/10\/03-Hund-Katze-shutterstock_2638988209.jpg",1000,667,false],"2048x2048":["https:\/\/digidem-bayern.de\/wp-content\/uploads\/2025\/10\/03-Hund-Katze-shutterstock_2638988209.jpg",1000,667,false],"trp-custom-language-flag":["https:\/\/digidem-bayern.de\/wp-content\/uploads\/2025\/10\/03-Hund-Katze-shutterstock_2638988209.jpg",18,12,false],"qubely_landscape":["https:\/\/digidem-bayern.de\/wp-content\/uploads\/2025\/10\/03-Hund-Katze-shutterstock_2638988209.jpg",1000,667,false],"qubely_portrait":["https:\/\/digidem-bayern.de\/wp-content\/uploads\/2025\/10\/03-Hund-Katze-shutterstock_2638988209-540x320.jpg",540,320,true],"qubely_thumbnail":["https:\/\/digidem-bayern.de\/wp-content\/uploads\/2025\/10\/03-Hund-Katze-shutterstock_2638988209-140x100.jpg",140,100,true],"post-thumbnail":["https:\/\/digidem-bayern.de\/wp-content\/uploads\/2025\/10\/03-Hund-Katze-shutterstock_2638988209-525x350.jpg",525,350,true],"kahuna-featured":["https:\/\/digidem-bayern.de\/wp-content\/uploads\/2025\/10\/03-Hund-Katze-shutterstock_2638988209-734x350.jpg",734,350,true],"kahuna-featured-lp":["https:\/\/digidem-bayern.de\/wp-content\/uploads\/2025\/10\/03-Hund-Katze-shutterstock_2638988209-520x350.jpg",520,350,true],"kahuna-featured-half":["https:\/\/digidem-bayern.de\/wp-content\/uploads\/2025\/10\/03-Hund-Katze-shutterstock_2638988209-800x350.jpg",800,350,true],"kahuna-featured-third":["https:\/\/digidem-bayern.de\/wp-content\/uploads\/2025\/10\/03-Hund-Katze-shutterstock_2638988209-512x350.jpg",512,350,true],"kahuna-lpbox-1":["https:\/\/digidem-bayern.de\/wp-content\/uploads\/2025\/10\/03-Hund-Katze-shutterstock_2638988209-520x300.jpg",520,300,true],"kahuna-lpbox-2":["https:\/\/digidem-bayern.de\/wp-content\/uploads\/2025\/10\/03-Hund-Katze-shutterstock_2638988209-520x350.jpg",520,350,true],"demand-language-flag":["https:\/\/digidem-bayern.de\/wp-content\/uploads\/2025\/10\/03-Hund-Katze-shutterstock_2638988209-36x36.jpg",36,36,true],"dddkt-language-flag":["https:\/\/digidem-bayern.de\/wp-content\/uploads\/2025\/10\/03-Hund-Katze-shutterstock_2638988209-36x36.jpg",36,36,true],"ddiqc-language-flag":["https:\/\/digidem-bayern.de\/wp-content\/uploads\/2025\/10\/03-Hund-Katze-shutterstock_2638988209-36x36.jpg",36,36,true],"ddtl-language-flag":["https:\/\/digidem-bayern.de\/wp-content\/uploads\/2025\/10\/03-Hund-Katze-shutterstock_2638988209-36x36.jpg",36,36,true],"mailpoet_newsletter_max":["https:\/\/digidem-bayern.de\/wp-content\/uploads\/2025\/10\/03-Hund-Katze-shutterstock_2638988209.jpg",1000,667,false],"kahuna-lpbox-3":["https:\/\/digidem-bayern.de\/wp-content\/uploads\/2025\/10\/03-Hund-Katze-shutterstock_2638988209-520x350.jpg",520,350,true],"kahuna-featured-square":["https:\/\/digidem-bayern.de\/wp-content\/uploads\/2025\/10\/03-Hund-Katze-shutterstock_2638988209-512x512.jpg",512,512,true],"kahuna-featured-square-large":["https:\/\/digidem-bayern.de\/wp-content\/uploads\/2025\/10\/03-Hund-Katze-shutterstock_2638988209.jpg",1000,667,false]},"qubely_author":{"display_name":"Ilona H\u00f6rath","author_link":"https:\/\/digidem-bayern.de\/en\/author\/hoeratia\/"},"qubely_comment":7,"qubely_category":"<a href=\"https:\/\/digidem-bayern.de\/en\/category\/aktuelles-zu-digidem\/\" rel=\"category tag\">Aktuelles zu digiDEM<\/a> <a href=\"https:\/\/digidem-bayern.de\/en\/category\/wissenschaft-forschung\/\" rel=\"category tag\">Wissenschaft &amp; Forschung<\/a>","qubely_excerpt":"Dass Haustiere einen positiven Einfluss auf die kognitive Funktion haben und einem kognitiven Abbau im sp\u00e4teren Erwachsenenalter entgegenwirken k\u00f6nnen, ist wissenschaftlich bereits belegt. Doch macht es einen Unterschied, welches Haustier man hat? Und welche Rolle spielt das Alter, in dem man sich das Haustier zulegt? Wissenschaftlerinnen und Wissenschaftler aus der &hellip;","featured_image_urls_v2":{"full":["https:\/\/digidem-bayern.de\/wp-content\/uploads\/2025\/10\/03-Hund-Katze-shutterstock_2638988209.jpg",1000,667,false],"thumbnail":["https:\/\/digidem-bayern.de\/wp-content\/uploads\/2025\/10\/03-Hund-Katze-shutterstock_2638988209-80x80.jpg",80,80,true],"medium":["https:\/\/digidem-bayern.de\/wp-content\/uploads\/2025\/10\/03-Hund-Katze-shutterstock_2638988209-300x200.jpg",300,200,true],"medium_large":["https:\/\/digidem-bayern.de\/wp-content\/uploads\/2025\/10\/03-Hund-Katze-shutterstock_2638988209-768x512.jpg",768,512,true],"large":["https:\/\/digidem-bayern.de\/wp-content\/uploads\/2025\/10\/03-Hund-Katze-shutterstock_2638988209.jpg",1000,667,false],"1536x1536":["https:\/\/digidem-bayern.de\/wp-content\/uploads\/2025\/10\/03-Hund-Katze-shutterstock_2638988209.jpg",1000,667,false],"2048x2048":["https:\/\/digidem-bayern.de\/wp-content\/uploads\/2025\/10\/03-Hund-Katze-shutterstock_2638988209.jpg",1000,667,false],"trp-custom-language-flag":["https:\/\/digidem-bayern.de\/wp-content\/uploads\/2025\/10\/03-Hund-Katze-shutterstock_2638988209.jpg",18,12,false],"qubely_landscape":["https:\/\/digidem-bayern.de\/wp-content\/uploads\/2025\/10\/03-Hund-Katze-shutterstock_2638988209.jpg",1000,667,false],"qubely_portrait":["https:\/\/digidem-bayern.de\/wp-content\/uploads\/2025\/10\/03-Hund-Katze-shutterstock_2638988209-540x320.jpg",540,320,true],"qubely_thumbnail":["https:\/\/digidem-bayern.de\/wp-content\/uploads\/2025\/10\/03-Hund-Katze-shutterstock_2638988209-140x100.jpg",140,100,true],"post-thumbnail":["https:\/\/digidem-bayern.de\/wp-content\/uploads\/2025\/10\/03-Hund-Katze-shutterstock_2638988209-525x350.jpg",525,350,true],"kahuna-featured":["https:\/\/digidem-bayern.de\/wp-content\/uploads\/2025\/10\/03-Hund-Katze-shutterstock_2638988209-734x350.jpg",734,350,true],"kahuna-featured-lp":["https:\/\/digidem-bayern.de\/wp-content\/uploads\/2025\/10\/03-Hund-Katze-shutterstock_2638988209-520x350.jpg",520,350,true],"kahuna-featured-half":["https:\/\/digidem-bayern.de\/wp-content\/uploads\/2025\/10\/03-Hund-Katze-shutterstock_2638988209-800x350.jpg",800,350,true],"kahuna-featured-third":["https:\/\/digidem-bayern.de\/wp-content\/uploads\/2025\/10\/03-Hund-Katze-shutterstock_2638988209-512x350.jpg",512,350,true],"kahuna-lpbox-1":["https:\/\/digidem-bayern.de\/wp-content\/uploads\/2025\/10\/03-Hund-Katze-shutterstock_2638988209-520x300.jpg",520,300,true],"kahuna-lpbox-2":["https:\/\/digidem-bayern.de\/wp-content\/uploads\/2025\/10\/03-Hund-Katze-shutterstock_2638988209-520x350.jpg",520,350,true],"demand-language-flag":["https:\/\/digidem-bayern.de\/wp-content\/uploads\/2025\/10\/03-Hund-Katze-shutterstock_2638988209-36x36.jpg",36,36,true],"dddkt-language-flag":["https:\/\/digidem-bayern.de\/wp-content\/uploads\/2025\/10\/03-Hund-Katze-shutterstock_2638988209-36x36.jpg",36,36,true],"ddiqc-language-flag":["https:\/\/digidem-bayern.de\/wp-content\/uploads\/2025\/10\/03-Hund-Katze-shutterstock_2638988209-36x36.jpg",36,36,true],"ddtl-language-flag":["https:\/\/digidem-bayern.de\/wp-content\/uploads\/2025\/10\/03-Hund-Katze-shutterstock_2638988209-36x36.jpg",36,36,true],"mailpoet_newsletter_max":["https:\/\/digidem-bayern.de\/wp-content\/uploads\/2025\/10\/03-Hund-Katze-shutterstock_2638988209.jpg",1000,667,false],"kahuna-lpbox-3":["https:\/\/digidem-bayern.de\/wp-content\/uploads\/2025\/10\/03-Hund-Katze-shutterstock_2638988209-520x350.jpg",520,350,true],"kahuna-featured-square":["https:\/\/digidem-bayern.de\/wp-content\/uploads\/2025\/10\/03-Hund-Katze-shutterstock_2638988209-512x512.jpg",512,512,true],"kahuna-featured-square-large":["https:\/\/digidem-bayern.de\/wp-content\/uploads\/2025\/10\/03-Hund-Katze-shutterstock_2638988209.jpg",1000,667,false]},"post_excerpt_stackable_v2":"<p>Dass Haustiere einen positiven Einfluss auf die kognitive Funktion haben und einem kognitiven Abbau im sp\u00e4teren Erwachsenenalter entgegenwirken k\u00f6nnen, ist wissenschaftlich bereits belegt. Doch macht es einen Unterschied, welches Haustier man hat? Und welche Rolle spielt das Alter, in dem man sich das Haustier zulegt? Wissenschaftlerinnen und Wissenschaftler aus der Schweiz sind diesen Fragen nachgegangen. Sich mit einer Katze zuhause weniger einsam f\u00fchlen oder mit dem Hund an der frischen Luft Gassi gehen und dabei mit anderen Menschen in Kontakt kommen: Wer ein Haustier hat, reduziert das Demenzrisiko. Das zeigen fr\u00fchere Studienergebnisse. Ungef\u00e4hr 38 Prozent der Europ\u00e4er besitzen Haustiere. \u00c4hnliche&hellip;<\/p>\n","category_list_v2":"<a href=\"https:\/\/digidem-bayern.de\/en\/category\/aktuelles-zu-digidem\/\" rel=\"category tag\">Aktuelles zu digiDEM<\/a>, <a href=\"https:\/\/digidem-bayern.de\/en\/category\/wissenschaft-forschung\/\" rel=\"category tag\">Wissenschaft &amp; Forschung<\/a>","author_info_v2":{"name":"Ilona H\u00f6rath","url":"https:\/\/digidem-bayern.de\/en\/author\/hoeratia\/"},"comments_num_v2":"0 comments","yoast_head":"<!-- This site is optimized with the Yoast SEO plugin v27.4 - https:\/\/yoast.com\/product\/yoast-seo-wordpress\/ -->\n<title>Demenzpr\u00e4vention dank Hund und Katze - digiDEM Bayern<\/title>\n<meta name=\"description\" content=\"Der Bayerische Landesapothekerkammer unterst\u00fctzt digiDEM Bayern mit Hilfe des Netzwerks &quot;Demenzfreundliche Apotheken&quot;.\" \/>\n<meta name=\"robots\" content=\"index, follow, max-snippet:-1, max-image-preview:large, max-video-preview:-1\" \/>\n<link rel=\"canonical\" href=\"https:\/\/digidem-bayern.de\/en\/demenzpraevention-dank-hund-und-katze\/\" \/>\n<meta property=\"og:locale\" content=\"en_US\" \/>\n<meta property=\"og:type\" content=\"article\" \/>\n<meta property=\"og:title\" content=\"Demenzpr\u00e4vention dank Hund und Katze - digiDEM Bayern\" \/>\n<meta property=\"og:description\" content=\"Der Bayerische Landesapothekerkammer unterst\u00fctzt digiDEM Bayern mit Hilfe des Netzwerks &quot;Demenzfreundliche Apotheken&quot;.\" \/>\n<meta property=\"og:url\" content=\"https:\/\/digidem-bayern.de\/en\/demenzpraevention-dank-hund-und-katze\/\" \/>\n<meta property=\"og:site_name\" content=\"digiDEM Bayern\" \/>\n<meta property=\"article:publisher\" content=\"https:\/\/www.facebook.com\/digiDEMBayern\/\" \/>\n<meta property=\"article:published_time\" content=\"2025-10-23T11:20:00+00:00\" \/>\n<meta property=\"article:modified_time\" content=\"2025-10-23T11:37:18+00:00\" \/>\n<meta property=\"og:image\" content=\"https:\/\/digidem-bayern.de\/wp-content\/uploads\/2025\/10\/03-Hund-Katze-shutterstock_2638988209.jpg\" \/>\n\t<meta property=\"og:image:width\" content=\"1000\" \/>\n\t<meta property=\"og:image:height\" content=\"667\" \/>\n\t<meta property=\"og:image:type\" content=\"image\/jpeg\" \/>\n<meta name=\"author\" content=\"Ilona H\u00f6rath\" \/>\n<meta name=\"twitter:label1\" content=\"Written by\" \/>\n\t<meta name=\"twitter:data1\" content=\"Ilona H\u00f6rath\" \/>\n\t<meta name=\"twitter:label2\" content=\"Est. reading time\" \/>\n\t<meta name=\"twitter:data2\" content=\"2 minutes\" \/>\n<script type=\"application\/ld+json\" class=\"yoast-schema-graph\">{\"@context\":\"https:\\\/\\\/schema.org\",\"@graph\":[{\"@type\":\"Article\",\"@id\":\"https:\\\/\\\/digidem-bayern.de\\\/demenzpraevention-dank-hund-und-katze\\\/#article\",\"isPartOf\":{\"@id\":\"https:\\\/\\\/digidem-bayern.de\\\/demenzpraevention-dank-hund-und-katze\\\/\"},\"author\":{\"name\":\"Ilona H\u00f6rath\",\"@id\":\"\\\/#\\\/schema\\\/person\\\/0bc1494f46fc2a051c761322a80e0941\"},\"headline\":\"Demenzpr\u00e4vention dank Hund und Katze\",\"datePublished\":\"2025-10-23T11:20:00+00:00\",\"dateModified\":\"2025-10-23T11:37:18+00:00\",\"mainEntityOfPage\":{\"@id\":\"https:\\\/\\\/digidem-bayern.de\\\/demenzpraevention-dank-hund-und-katze\\\/\"},\"wordCount\":679,\"commentCount\":0,\"publisher\":{\"@id\":\"\\\/#organization\"},\"image\":{\"@id\":\"https:\\\/\\\/digidem-bayern.de\\\/demenzpraevention-dank-hund-und-katze\\\/#primaryimage\"},\"thumbnailUrl\":\"https:\\\/\\\/digidem-bayern.de\\\/wp-content\\\/uploads\\\/2025\\\/10\\\/03-Hund-Katze-shutterstock_2638988209.jpg\",\"keywords\":[\"Alzheimer\",\"Alzheimer-Demenz\",\"Demenz\",\"Demenz-Fr\u00fcherkennung\",\"Demenz-Screning\",\"Demenzpr\u00e4vention\",\"Demenzrisiko\",\"Demenzrisikofaktor\",\"digidem\",\"digidem Bayern\",\"Digitales Demenzregister Bayern\",\"Fische\",\"Gassi\",\"Gassi gehen\",\"Ged\u00e4chtnisambulanz\",\"geistige Leistungsf\u00e4higkeit\",\"Gesundes Altern\",\"Haustiere\",\"Hund\",\"Katze\",\"kognitive Stimulation\",\"Risikofaktoren\",\"Samtpfote\",\"Schlafqualit\u00e4t\",\"Schutzfaktor\",\"Stigmatisierung\",\"Tierarten\",\"Tierarztkosten\",\"Tierheim\",\"Tierschutzorgganisation\",\"Tierversicherung\",\"V\u00f6gel\",\"Wortfl\u00fcssigkeit\"],\"articleSection\":[\"Aktuelles zu digiDEM\",\"Wissenschaft &amp; Forschung\"],\"inLanguage\":\"en-US\",\"potentialAction\":[{\"@type\":\"CommentAction\",\"name\":\"Comment\",\"target\":[\"https:\\\/\\\/digidem-bayern.de\\\/demenzpraevention-dank-hund-und-katze\\\/#respond\"]}]},{\"@type\":\"WebPage\",\"@id\":\"https:\\\/\\\/digidem-bayern.de\\\/demenzpraevention-dank-hund-und-katze\\\/\",\"url\":\"https:\\\/\\\/digidem-bayern.de\\\/demenzpraevention-dank-hund-und-katze\\\/\",\"name\":\"Demenzpr\u00e4vention dank Hund und Katze - digiDEM Bayern\",\"isPartOf\":{\"@id\":\"\\\/#website\"},\"primaryImageOfPage\":{\"@id\":\"https:\\\/\\\/digidem-bayern.de\\\/demenzpraevention-dank-hund-und-katze\\\/#primaryimage\"},\"image\":{\"@id\":\"https:\\\/\\\/digidem-bayern.de\\\/demenzpraevention-dank-hund-und-katze\\\/#primaryimage\"},\"thumbnailUrl\":\"https:\\\/\\\/digidem-bayern.de\\\/wp-content\\\/uploads\\\/2025\\\/10\\\/03-Hund-Katze-shutterstock_2638988209.jpg\",\"datePublished\":\"2025-10-23T11:20:00+00:00\",\"dateModified\":\"2025-10-23T11:37:18+00:00\",\"description\":\"Der Bayerische Landesapothekerkammer unterst\u00fctzt digiDEM Bayern mit Hilfe des Netzwerks \\\"Demenzfreundliche Apotheken\\\".\",\"breadcrumb\":{\"@id\":\"https:\\\/\\\/digidem-bayern.de\\\/demenzpraevention-dank-hund-und-katze\\\/#breadcrumb\"},\"inLanguage\":\"en-US\",\"potentialAction\":[{\"@type\":\"ReadAction\",\"target\":[\"https:\\\/\\\/digidem-bayern.de\\\/demenzpraevention-dank-hund-und-katze\\\/\"]}]},{\"@type\":\"ImageObject\",\"inLanguage\":\"en-US\",\"@id\":\"https:\\\/\\\/digidem-bayern.de\\\/demenzpraevention-dank-hund-und-katze\\\/#primaryimage\",\"url\":\"https:\\\/\\\/digidem-bayern.de\\\/wp-content\\\/uploads\\\/2025\\\/10\\\/03-Hund-Katze-shutterstock_2638988209.jpg\",\"contentUrl\":\"https:\\\/\\\/digidem-bayern.de\\\/wp-content\\\/uploads\\\/2025\\\/10\\\/03-Hund-Katze-shutterstock_2638988209.jpg\",\"width\":1000,\"height\":667,\"caption\":\"Foto: Shutterstock\"},{\"@type\":\"BreadcrumbList\",\"@id\":\"https:\\\/\\\/digidem-bayern.de\\\/demenzpraevention-dank-hund-und-katze\\\/#breadcrumb\",\"itemListElement\":[{\"@type\":\"ListItem\",\"position\":1,\"name\":\"Startseite\",\"item\":\"https:\\\/\\\/digidem-bayern.de\\\/\"},{\"@type\":\"ListItem\",\"position\":2,\"name\":\"Demenzpr\u00e4vention dank Hund und Katze\"}]},{\"@type\":\"WebSite\",\"@id\":\"\\\/#website\",\"url\":\"\\\/\",\"name\":\"digiDEM Bayern\",\"description\":\"Das digitale Demenzregister Bayern erforscht und verbessert die Angebotsstuktur f\u00fcr Menschen mit Demenz und deren Angeh\u00f6rige\",\"publisher\":{\"@id\":\"\\\/#organization\"},\"potentialAction\":[{\"@type\":\"SearchAction\",\"target\":{\"@type\":\"EntryPoint\",\"urlTemplate\":\"\\\/?s={search_term_string}\"},\"query-input\":{\"@type\":\"PropertyValueSpecification\",\"valueRequired\":true,\"valueName\":\"search_term_string\"}}],\"inLanguage\":\"en-US\"},{\"@type\":\"Organization\",\"@id\":\"\\\/#organization\",\"name\":\"digiDEM Bayern\",\"url\":\"\\\/\",\"logo\":{\"@type\":\"ImageObject\",\"inLanguage\":\"en-US\",\"@id\":\"\\\/#\\\/schema\\\/logo\\\/image\\\/\",\"url\":\"https:\\\/\\\/digidem-bayern.de\\\/wp-content\\\/uploads\\\/2022\\\/03\\\/cropped-Allgemeines_digiDEMLOGO-removebg-preview.png\",\"contentUrl\":\"https:\\\/\\\/digidem-bayern.de\\\/wp-content\\\/uploads\\\/2022\\\/03\\\/cropped-Allgemeines_digiDEMLOGO-removebg-preview.png\",\"width\":612,\"height\":357,\"caption\":\"digiDEM Bayern\"},\"image\":{\"@id\":\"\\\/#\\\/schema\\\/logo\\\/image\\\/\"},\"sameAs\":[\"https:\\\/\\\/www.facebook.com\\\/digiDEMBayern\\\/\",\"https:\\\/\\\/x.com\\\/digidem_bayern\",\"https:\\\/\\\/www.instagram.com\\\/digidem.bayern\",\"https:\\\/\\\/www.linkedin.com\\\/company\\\/digidem-bayern\\\/\"]},{\"@type\":\"Person\",\"@id\":\"\\\/#\\\/schema\\\/person\\\/0bc1494f46fc2a051c761322a80e0941\",\"name\":\"Ilona H\u00f6rath\",\"url\":\"https:\\\/\\\/digidem-bayern.de\\\/en\\\/author\\\/hoeratia\\\/\"}]}<\/script>\n<!-- \/ Yoast SEO plugin. -->","yoast_head_json":{"title":"Demenzpr\u00e4vention dank Hund und Katze - digiDEM Bayern","description":"Der Bayerische Landesapothekerkammer unterst\u00fctzt digiDEM Bayern mit Hilfe des Netzwerks \"Demenzfreundliche Apotheken\".","robots":{"index":"index","follow":"follow","max-snippet":"max-snippet:-1","max-image-preview":"max-image-preview:large","max-video-preview":"max-video-preview:-1"},"canonical":"https:\/\/digidem-bayern.de\/en\/demenzpraevention-dank-hund-und-katze\/","og_locale":"en_US","og_type":"article","og_title":"Demenzpr\u00e4vention dank Hund und Katze - digiDEM Bayern","og_description":"Der Bayerische Landesapothekerkammer unterst\u00fctzt digiDEM Bayern mit Hilfe des Netzwerks \"Demenzfreundliche Apotheken\".","og_url":"https:\/\/digidem-bayern.de\/en\/demenzpraevention-dank-hund-und-katze\/","og_site_name":"digiDEM Bayern","article_publisher":"https:\/\/www.facebook.com\/digiDEMBayern\/","article_published_time":"2025-10-23T11:20:00+00:00","article_modified_time":"2025-10-23T11:37:18+00:00","og_image":[{"width":1000,"height":667,"url":"https:\/\/digidem-bayern.de\/wp-content\/uploads\/2025\/10\/03-Hund-Katze-shutterstock_2638988209.jpg","type":"image\/jpeg"}],"author":"Ilona H\u00f6rath","twitter_misc":{"Written by":"Ilona H\u00f6rath","Est. reading time":"2 minutes"},"schema":{"@context":"https:\/\/schema.org","@graph":[{"@type":"Article","@id":"https:\/\/digidem-bayern.de\/demenzpraevention-dank-hund-und-katze\/#article","isPartOf":{"@id":"https:\/\/digidem-bayern.de\/demenzpraevention-dank-hund-und-katze\/"},"author":{"name":"Ilona H\u00f6rath","@id":"\/#\/schema\/person\/0bc1494f46fc2a051c761322a80e0941"},"headline":"Demenzpr\u00e4vention dank Hund und Katze","datePublished":"2025-10-23T11:20:00+00:00","dateModified":"2025-10-23T11:37:18+00:00","mainEntityOfPage":{"@id":"https:\/\/digidem-bayern.de\/demenzpraevention-dank-hund-und-katze\/"},"wordCount":679,"commentCount":0,"publisher":{"@id":"\/#organization"},"image":{"@id":"https:\/\/digidem-bayern.de\/demenzpraevention-dank-hund-und-katze\/#primaryimage"},"thumbnailUrl":"https:\/\/digidem-bayern.de\/wp-content\/uploads\/2025\/10\/03-Hund-Katze-shutterstock_2638988209.jpg","keywords":["Alzheimer","Alzheimer-Demenz","Demenz","Demenz-Fr\u00fcherkennung","Demenz-Screning","Demenzpr\u00e4vention","Demenzrisiko","Demenzrisikofaktor","digidem","digidem Bayern","Digitales Demenzregister Bayern","Fische","Gassi","Gassi gehen","Ged\u00e4chtnisambulanz","geistige Leistungsf\u00e4higkeit","Gesundes Altern","Haustiere","Hund","Katze","kognitive Stimulation","Risikofaktoren","Samtpfote","Schlafqualit\u00e4t","Schutzfaktor","Stigmatisierung","Tierarten","Tierarztkosten","Tierheim","Tierschutzorgganisation","Tierversicherung","V\u00f6gel","Wortfl\u00fcssigkeit"],"articleSection":["Aktuelles zu digiDEM","Wissenschaft &amp; Forschung"],"inLanguage":"en-US","potentialAction":[{"@type":"CommentAction","name":"Comment","target":["https:\/\/digidem-bayern.de\/demenzpraevention-dank-hund-und-katze\/#respond"]}]},{"@type":"WebPage","@id":"https:\/\/digidem-bayern.de\/demenzpraevention-dank-hund-und-katze\/","url":"https:\/\/digidem-bayern.de\/demenzpraevention-dank-hund-und-katze\/","name":"Demenzpr\u00e4vention dank Hund und Katze - digiDEM Bayern","isPartOf":{"@id":"\/#website"},"primaryImageOfPage":{"@id":"https:\/\/digidem-bayern.de\/demenzpraevention-dank-hund-und-katze\/#primaryimage"},"image":{"@id":"https:\/\/digidem-bayern.de\/demenzpraevention-dank-hund-und-katze\/#primaryimage"},"thumbnailUrl":"https:\/\/digidem-bayern.de\/wp-content\/uploads\/2025\/10\/03-Hund-Katze-shutterstock_2638988209.jpg","datePublished":"2025-10-23T11:20:00+00:00","dateModified":"2025-10-23T11:37:18+00:00","description":"Der Bayerische Landesapothekerkammer unterst\u00fctzt digiDEM Bayern mit Hilfe des Netzwerks \"Demenzfreundliche Apotheken\".","breadcrumb":{"@id":"https:\/\/digidem-bayern.de\/demenzpraevention-dank-hund-und-katze\/#breadcrumb"},"inLanguage":"en-US","potentialAction":[{"@type":"ReadAction","target":["https:\/\/digidem-bayern.de\/demenzpraevention-dank-hund-und-katze\/"]}]},{"@type":"ImageObject","inLanguage":"en-US","@id":"https:\/\/digidem-bayern.de\/demenzpraevention-dank-hund-und-katze\/#primaryimage","url":"https:\/\/digidem-bayern.de\/wp-content\/uploads\/2025\/10\/03-Hund-Katze-shutterstock_2638988209.jpg","contentUrl":"https:\/\/digidem-bayern.de\/wp-content\/uploads\/2025\/10\/03-Hund-Katze-shutterstock_2638988209.jpg","width":1000,"height":667,"caption":"Foto: Shutterstock"},{"@type":"BreadcrumbList","@id":"https:\/\/digidem-bayern.de\/demenzpraevention-dank-hund-und-katze\/#breadcrumb","itemListElement":[{"@type":"ListItem","position":1,"name":"Startseite","item":"https:\/\/digidem-bayern.de\/"},{"@type":"ListItem","position":2,"name":"Demenzpr\u00e4vention dank Hund und Katze"}]},{"@type":"WebSite","@id":"\/#website","url":"\/","name":"digiDEM Bavaria","description":"The digital dementia register in Bavaria researches and improves the structure of services for people with dementia and their relatives","publisher":{"@id":"\/#organization"},"potentialAction":[{"@type":"SearchAction","target":{"@type":"EntryPoint","urlTemplate":"\/?s={search_term_string}"},"query-input":{"@type":"PropertyValueSpecification","valueRequired":true,"valueName":"search_term_string"}}],"inLanguage":"en-US"},{"@type":"Organization","@id":"\/#organization","name":"digiDEM Bavaria","url":"\/","logo":{"@type":"ImageObject","inLanguage":"en-US","@id":"\/#\/schema\/logo\/image\/","url":"https:\/\/digidem-bayern.de\/wp-content\/uploads\/2022\/03\/cropped-Allgemeines_digiDEMLOGO-removebg-preview.png","contentUrl":"https:\/\/digidem-bayern.de\/wp-content\/uploads\/2022\/03\/cropped-Allgemeines_digiDEMLOGO-removebg-preview.png","width":612,"height":357,"caption":"digiDEM Bayern"},"image":{"@id":"\/#\/schema\/logo\/image\/"},"sameAs":["https:\/\/www.facebook.com\/digiDEMBayern\/","https:\/\/x.com\/digidem_bayern","https:\/\/www.instagram.com\/digidem.bayern","https:\/\/www.linkedin.com\/company\/digidem-bayern\/"]},{"@type":"Person","@id":"\/#\/schema\/person\/0bc1494f46fc2a051c761322a80e0941","name":"Ilona H\u00f6rath","url":"https:\/\/digidem-bayern.de\/en\/author\/hoeratia\/"}]}},"uagb_featured_image_src":{"full":["https:\/\/digidem-bayern.de\/wp-content\/uploads\/2025\/10\/03-Hund-Katze-shutterstock_2638988209.jpg",1000,667,false],"thumbnail":["https:\/\/digidem-bayern.de\/wp-content\/uploads\/2025\/10\/03-Hund-Katze-shutterstock_2638988209-80x80.jpg",80,80,true],"medium":["https:\/\/digidem-bayern.de\/wp-content\/uploads\/2025\/10\/03-Hund-Katze-shutterstock_2638988209-300x200.jpg",300,200,true],"medium_large":["https:\/\/digidem-bayern.de\/wp-content\/uploads\/2025\/10\/03-Hund-Katze-shutterstock_2638988209-768x512.jpg",768,512,true],"large":["https:\/\/digidem-bayern.de\/wp-content\/uploads\/2025\/10\/03-Hund-Katze-shutterstock_2638988209.jpg",1000,667,false],"1536x1536":["https:\/\/digidem-bayern.de\/wp-content\/uploads\/2025\/10\/03-Hund-Katze-shutterstock_2638988209.jpg",1000,667,false],"2048x2048":["https:\/\/digidem-bayern.de\/wp-content\/uploads\/2025\/10\/03-Hund-Katze-shutterstock_2638988209.jpg",1000,667,false],"trp-custom-language-flag":["https:\/\/digidem-bayern.de\/wp-content\/uploads\/2025\/10\/03-Hund-Katze-shutterstock_2638988209.jpg",18,12,false],"qubely_landscape":["https:\/\/digidem-bayern.de\/wp-content\/uploads\/2025\/10\/03-Hund-Katze-shutterstock_2638988209.jpg",1000,667,false],"qubely_portrait":["https:\/\/digidem-bayern.de\/wp-content\/uploads\/2025\/10\/03-Hund-Katze-shutterstock_2638988209-540x320.jpg",540,320,true],"qubely_thumbnail":["https:\/\/digidem-bayern.de\/wp-content\/uploads\/2025\/10\/03-Hund-Katze-shutterstock_2638988209-140x100.jpg",140,100,true],"post-thumbnail":["https:\/\/digidem-bayern.de\/wp-content\/uploads\/2025\/10\/03-Hund-Katze-shutterstock_2638988209-525x350.jpg",525,350,true],"kahuna-featured":["https:\/\/digidem-bayern.de\/wp-content\/uploads\/2025\/10\/03-Hund-Katze-shutterstock_2638988209-734x350.jpg",734,350,true],"kahuna-featured-lp":["https:\/\/digidem-bayern.de\/wp-content\/uploads\/2025\/10\/03-Hund-Katze-shutterstock_2638988209-520x350.jpg",520,350,true],"kahuna-featured-half":["https:\/\/digidem-bayern.de\/wp-content\/uploads\/2025\/10\/03-Hund-Katze-shutterstock_2638988209-800x350.jpg",800,350,true],"kahuna-featured-third":["https:\/\/digidem-bayern.de\/wp-content\/uploads\/2025\/10\/03-Hund-Katze-shutterstock_2638988209-512x350.jpg",512,350,true],"kahuna-lpbox-1":["https:\/\/digidem-bayern.de\/wp-content\/uploads\/2025\/10\/03-Hund-Katze-shutterstock_2638988209-520x300.jpg",520,300,true],"kahuna-lpbox-2":["https:\/\/digidem-bayern.de\/wp-content\/uploads\/2025\/10\/03-Hund-Katze-shutterstock_2638988209-520x350.jpg",520,350,true],"demand-language-flag":["https:\/\/digidem-bayern.de\/wp-content\/uploads\/2025\/10\/03-Hund-Katze-shutterstock_2638988209-36x36.jpg",36,36,true],"dddkt-language-flag":["https:\/\/digidem-bayern.de\/wp-content\/uploads\/2025\/10\/03-Hund-Katze-shutterstock_2638988209-36x36.jpg",36,36,true],"ddiqc-language-flag":["https:\/\/digidem-bayern.de\/wp-content\/uploads\/2025\/10\/03-Hund-Katze-shutterstock_2638988209-36x36.jpg",36,36,true],"ddtl-language-flag":["https:\/\/digidem-bayern.de\/wp-content\/uploads\/2025\/10\/03-Hund-Katze-shutterstock_2638988209-36x36.jpg",36,36,true],"mailpoet_newsletter_max":["https:\/\/digidem-bayern.de\/wp-content\/uploads\/2025\/10\/03-Hund-Katze-shutterstock_2638988209.jpg",1000,667,false],"kahuna-lpbox-3":["https:\/\/digidem-bayern.de\/wp-content\/uploads\/2025\/10\/03-Hund-Katze-shutterstock_2638988209-520x350.jpg",520,350,true],"kahuna-featured-square":["https:\/\/digidem-bayern.de\/wp-content\/uploads\/2025\/10\/03-Hund-Katze-shutterstock_2638988209-512x512.jpg",512,512,true],"kahuna-featured-square-large":["https:\/\/digidem-bayern.de\/wp-content\/uploads\/2025\/10\/03-Hund-Katze-shutterstock_2638988209.jpg",1000,667,false]},"uagb_author_info":{"display_name":"Ilona H\u00f6rath","author_link":"https:\/\/digidem-bayern.de\/en\/author\/hoeratia\/"},"uagb_comment_info":7,"uagb_excerpt":"Dass Haustiere einen positiven Einfluss auf die kognitive Funktion haben und einem kognitiven Abbau im sp\u00e4teren Erwachsenenalter entgegenwirken k\u00f6nnen, ist wissenschaftlich bereits belegt. Doch macht es einen Unterschied, welches Haustier man hat? Und welche Rolle spielt das Alter, in dem man sich das Haustier zulegt? Wissenschaftlerinnen und Wissenschaftler aus der &hellip;","_links":{"self":[{"href":"https:\/\/digidem-bayern.de\/en\/wp-json\/wp\/v2\/posts\/46253","targetHints":{"allow":["GET"]}}],"collection":[{"href":"https:\/\/digidem-bayern.de\/en\/wp-json\/wp\/v2\/posts"}],"about":[{"href":"https:\/\/digidem-bayern.de\/en\/wp-json\/wp\/v2\/types\/post"}],"author":[{"embeddable":true,"href":"https:\/\/digidem-bayern.de\/en\/wp-json\/wp\/v2\/users\/12"}],"replies":[{"embeddable":true,"href":"https:\/\/digidem-bayern.de\/en\/wp-json\/wp\/v2\/comments?post=46253"}],"version-history":[{"count":3,"href":"https:\/\/digidem-bayern.de\/en\/wp-json\/wp\/v2\/posts\/46253\/revisions"}],"predecessor-version":[{"id":46272,"href":"https:\/\/digidem-bayern.de\/en\/wp-json\/wp\/v2\/posts\/46253\/revisions\/46272"}],"wp:featuredmedia":[{"embeddable":true,"href":"https:\/\/digidem-bayern.de\/en\/wp-json\/wp\/v2\/media\/46261"}],"wp:attachment":[{"href":"https:\/\/digidem-bayern.de\/en\/wp-json\/wp\/v2\/media?parent=46253"}],"wp:term":[{"taxonomy":"category","embeddable":true,"href":"https:\/\/digidem-bayern.de\/en\/wp-json\/wp\/v2\/categories?post=46253"},{"taxonomy":"post_tag","embeddable":true,"href":"https:\/\/digidem-bayern.de\/en\/wp-json\/wp\/v2\/tags?post=46253"}],"curies":[{"name":"wp","href":"https:\/\/api.w.org\/{rel}","templated":true}]}}