{"id":46249,"date":"2025-10-23T13:12:00","date_gmt":"2025-10-23T11:12:00","guid":{"rendered":"https:\/\/digidem-bayern.de\/?p=46249"},"modified":"2025-11-04T14:10:46","modified_gmt":"2025-11-04T13:10:46","slug":"ist-wirtschaftliche-ungleichheit-ein-demenzrisikofaktor","status":"publish","type":"post","link":"https:\/\/digidem-bayern.de\/en\/ist-wirtschaftliche-ungleichheit-ein-demenzrisikofaktor\/","title":{"rendered":"Ist wirtschaftliche Ungleichheit ein Demenzrisikofaktor?"},"content":{"rendered":"<p><strong><strong><strong><strong><strong><strong><strong><strong><strong><strong><strong><strong><strong><strong><strong><strong><strong><strong><strong><strong><strong><strong><strong><strong><strong><strong><strong><strong><strong><strong><strong>Verm\u00f6gen, Einkommen und das Risiko von Menschen ab 80 Jahren in Deutschland, an Demenz zu erkranken: Welche Zusammenh\u00e4nge gibt es?&nbsp;Kommen wirtschaftliche Ungleichheiten zum Tragen? Die Fragestellungen&nbsp;untersuchten Forschende aus&nbsp;Deutschland, Gro\u00dfbritannien und Australien.<\/strong><\/strong><\/strong><\/strong><\/strong><\/strong><\/strong><\/strong><\/strong><\/strong><\/strong><\/strong><\/strong><\/strong><\/strong><\/strong><\/strong><\/strong><\/strong><\/strong><\/strong><\/strong><\/strong><\/strong><\/strong><\/strong><\/strong><\/strong><\/strong><\/strong><\/strong><span style=\"caret-color: rgb(0, 0, 0); color: rgb(0, 0, 0); font-family: -webkit-standard; font-size: medium; white-space: normal;\"><\/span><span style=\"caret-color: rgb(0, 0, 0); color: rgb(0, 0, 0); font-family: -webkit-standard; font-size: medium; white-space: normal;\"><\/span><\/p>\n\n\n\n<p>Um es vorwegzunehmen: Zwischen Wohlstand und Demenz gibt es einen Zusammenhang. \u201eDieses Wissen hat das Potenzial, die Forschung zu Armut und Ungleichheit erheblich zu verbessern\u201c, schreiben die Forschenden aus&nbsp;Deutschland, Gro\u00dfbritannien und Australien.<strong>&nbsp;<\/strong>\u201eGenauer gesagt unterst\u00fctzen unsere Ergebnisse evidenzbasierte politische Ma\u00dfnahmen, die darauf abzielen, die Belastung durch Demenz im sp\u00e4teren Leben durch die Reduzierung wirtschaftlicher Ungleichheiten und eine bessere Einkommensverteilung zu verringern.\u201c<\/p>\n\n\n\n<p><strong>Hochaltrige im Fokus der Demenzforschung<\/strong><\/p>\n\n\n<div class=\"wp-block-image\">\n<figure class=\"alignright size-full is-resized\"><img loading=\"lazy\" decoding=\"async\" width=\"1000\" height=\"596\" src=\"https:\/\/digidem-bayern.de\/wp-content\/uploads\/2025\/10\/01-Wohlstand-shutterstock_1824240998.jpg\" alt=\"Zwischen dem Einkommen und dem Risiko einer Demenz war kein Zusammenhang festzustellen.\" class=\"wp-image-46259\" style=\"width:568px;height:auto\" srcset=\"https:\/\/digidem-bayern.de\/wp-content\/uploads\/2025\/10\/01-Wohlstand-shutterstock_1824240998.jpg 1000w, https:\/\/digidem-bayern.de\/wp-content\/uploads\/2025\/10\/01-Wohlstand-shutterstock_1824240998-300x179.jpg 300w, https:\/\/digidem-bayern.de\/wp-content\/uploads\/2025\/10\/01-Wohlstand-shutterstock_1824240998-768x458.jpg 768w, https:\/\/digidem-bayern.de\/wp-content\/uploads\/2025\/10\/01-Wohlstand-shutterstock_1824240998-587x350.jpg 587w\" sizes=\"auto, (max-width: 1000px) 100vw, 1000px\" \/><figcaption class=\"wp-element-caption\">Foto: Shutterstock<\/figcaption><\/figure>\n<\/div>\n\n\n<p>Denn auch die Anzahl der Hochaltrigen, also der Menschen ab 80 Jahren, nimmt in Deutschland stetig zu. Da das Demenzrisiko mit dem Alter stark ansteigt, ist es wichtig, Risikofaktoren zu identifizieren, die \u00fcber das Alter hinausgehen, um pr\u00e4ventive Ma\u00dfnahmen zu entwickeln. Bisherige Studien konzentrierten sich meist auf \u00fcber 65-J\u00e4hrige, aber kaum auf die \u00c4ltesten. Die Studie, die im August 2025 ver\u00f6ffentlicht wurde, setzte bei den Hochaltrigen an. An der Studie nahmen &#8211; als repr\u00e4sentative Stichprobe &#8211; 943 Menschen ab 80 Jahren teil, die in Nordrhein-Westfalen, dem bev\u00f6lkerungsreichsten Bundesland Deutschlands, lebten. Die sozio-demografische Verteilung in Nordrhein-Westfalen ist der Verteilung der Gesamtbev\u00f6lkerung Deutschlands sehr \u00e4hnlich.<\/p>\n\n\n\n<p><strong>Entscheidend ist das Verm\u00f6gen<\/strong><\/p>\n\n\n\n<p>Die Forschenden kamen zu dem Schluss, dass Wohlstand entscheidend ist: Ein gr\u00f6\u00dferes Verm\u00f6gen war signifikant mit einer geringeren Wahrscheinlichkeit f\u00fcr eine Demenz assoziiert. Der festgestellte \u201ebemerkenswerte Zusammenhang\u201c zwischen Verm\u00f6gen und Demenzrisiko k\u00f6nne unter anderem mit dem weithin anerkannten Konzept der kognitiven Reserve erkl\u00e4rt werden. Hierbei erh\u00e4lt sich das Gehirn die F\u00e4higkeit, optimale kognitive Funktionen auch bei Vorliegen von Hirnerkrankungen oder -sch\u00e4den aufrechtzuerhalten. Die Theorie besagt au\u00dferdem, dass Menschen mit einer gr\u00f6\u00dferen kognitiven Reserve besser in der Lage sind, \u201ealtersbedingtem kognitivem Abbau oder neurologischen Beeintr\u00e4chtigungen standzuhalten und diese zu kompensieren, als solche mit einer geringeren kognitiven Reserve.\u201c Wohlstand kann den Zugang zum lebenslangen Lernen erleichtern und so zu einer robusteren kognitiven Reserve beitragen.<\/p>\n\n\n\n<p><strong>Ern\u00e4hrung und Zugang zu besserer Gesundheitsversorgung<\/strong><\/p>\n\n\n\n<p>Als weitere Gr\u00fcnde werden hinsichtlich des Zusammenhangs zwischen Wohlstand und der Wahrscheinlichkeit einer Demenz unterschiedliche Lebensstilfaktoren genannt: zum Beispiel Ern\u00e4hrung, ein aktiver Lebensstil oder der Zugang zu besserer Gesundheitsversorgung aufgrund eines h\u00f6heren Verm\u00f6gens. Ein geringeres Verm\u00f6gen k\u00f6nne hingegen mit einem h\u00f6heren Stresslevel assoziiert sein, wobei sich chronischer Stress negativ auf die Gesundheit des Gehirns auswirken kann.&nbsp;<\/p>\n\n\n\n<p><strong>Nicht das Einkommen, sondern das Verm\u00f6gen entscheidet<\/strong><\/p>\n\n\n\n<p>Anders verh\u00e4lt es sich beim Faktor Einkommen. Zwischen dem Einkommen und dem Risiko einer Demenz war kein Zusammenhang festzustellen. Die Autoren betonen, dass Verm\u00f6gen \u2013 als sogenannter kumulativer Wert \u00fcber das gesamte Leben \u2013 im Alter relevanter f\u00fcr die Kognition ist als der aktuelle Einkommensfluss.<\/p>\n\n\n\n<p>Die Forschenden sind \u00fcberzeugt, mit ihren Ergebnissen die Grundlage f\u00fcr evidenzbasierte politische Ma\u00dfnahmen zu schaffen. Dar\u00fcber hinaus k\u00f6nnten, so die Studie, Haus\u00e4rzte st\u00e4rker f\u00fcr Demenz und deren Pr\u00e4vention bei Menschen mit begrenzten finanziellen Mitteln sensibilisiert werden. \u201eDies kann fr\u00fchzeitige Interventionen und gezielte Unterst\u00fctzungsma\u00dfnahmen f\u00fcr diese Personen f\u00f6rdern.\u201c<\/p>\n\n\n\n<p><strong>Tipp f\u00fcr die Praxis<\/strong>: Unabh\u00e4ngig vom Verm\u00f6gen l\u00e4sst sich mit kleinen Schritten viel tun: Regelm\u00e4\u00dfige Bewegung, soziale Kontakte, ausgewogene Ern\u00e4hrung und geistige Aktivit\u00e4t st\u00e4rken Ihr Gehirn. Weitere Tipps finden Sie auch in unserem&nbsp;\u201edigiDEM Bayern Pr\u00e4ventionscoach<sup>&nbsp;<\/sup><strong><sup>\u00ae<\/sup><\/strong>.<span style=\"caret-color: rgb(0, 0, 0); color: rgb(0, 0, 0); font-family: -webkit-standard; font-size: medium; white-space: normal;\"><\/span><\/p>\n\n\n\n<p>Hier geht&#8217;s zur Studie:<\/p>\n\n\n\n<p><a href=\"https:\/\/bmcpublichealth.biomedcentral.com\/articles\/10.1186\/s12889-025-24239-1\">Wealth, income and dementia in Germany: longitudinal findings from a representative survey among the oldest old<\/a>&nbsp;<\/p>\n\n\n\n<p><strong>Unser besonderer Tipp:&nbsp;<\/strong>Nutzen Sie<strong>&nbsp;<\/strong>unseren&nbsp;\u201edigiDEM Bayern Pr\u00e4ventionscoach<sup>&nbsp;<\/sup><strong><sup>\u00ae<\/sup><\/strong>\u201c.&nbsp;Welche Risikofaktoren beg\u00fcnstigen Demenz? Warum stehen Risikofaktoren wie zum Beispiel nachlassendes H\u00f6ren und Sehen, geringe Bildung, Depression, soziale Isolation oder k\u00f6rperliche Inaktivit\u00e4t in Zusammenhang mit der Wahrscheinlichkeit, eine Demenz zu entwickeln? Was k\u00f6nnen Sie pr\u00e4ventiv f\u00fcr Ihre kognitive Gesundheit tun?&nbsp;Mit unserem digitalen Pr\u00e4ventionscoach\u00ae m\u00f6chten wir Sie ermutigen, sich in wenigen Schritten \u00fcber Ihre eigenen Demenzrisikofaktoren zu informieren.&nbsp;Erfahren Sie, wie Sie im Alltag Ihr Gehirn aktiv fit halten und informieren Sie sich \u00fcber die M\u00f6glichkeiten, das Demenzrisiko zu reduzieren.<\/p>\n\n\n\n<p><a href=\"https:\/\/digidem-bayern.de\/en\/praeventionscoach\/\">Hier geht\u2019s zu unserem Online-Angebot \u201edigiDEM Bayern Pr\u00e4ventionscoach<strong><sup>\u00ae<\/sup><\/strong>\u201c.&nbsp;<\/a><\/p>\n\n\n\n<p><\/p>\n\n\n\n<p><\/p>\n\n\n\n<p><\/p>\n\n\n\n<p><\/p>\n\n\n\n<p><\/p>\n\n\n\n<p><\/p>\n\n\n\n<div style=\"height:0px\" aria-hidden=\"true\" class=\"wp-block-spacer\"><\/div>\n\n\n\n<p><\/p>","protected":false},"excerpt":{"rendered":"<p>Verm\u00f6gen, Einkommen und das Risiko von Menschen ab 80 Jahren in Deutschland, an Demenz zu erkranken: Welche Zusammenh\u00e4nge gibt es?&nbsp;Kommen wirtschaftliche Ungleichheiten zum Tragen? Die Fragestellungen&nbsp;untersuchten Forschende aus&nbsp;Deutschland, Gro\u00dfbritannien und Australien. Um es vorwegzunehmen: Zwischen Wohlstand und Demenz gibt es einen Zusammenhang. \u201eDieses Wissen hat das Potenzial, die Forschung zu &hellip;<\/p>","protected":false},"author":12,"featured_media":34717,"comment_status":"open","ping_status":"closed","sticky":false,"template":"","format":"standard","meta":{"qubely_global_settings":"","qubely_interactions":"","_uag_custom_page_level_css":"","footnotes":""},"categories":[8,5],"tags":[13,406,1724,916,868,1427,11,177,1717,14,17,55,1723,1719,1485,1269,1720,309,894,25,1721,1463,104,79,1722,1716],"class_list":["post-46249","post","type-post","status-publish","format-standard","has-post-thumbnail","hentry","category-aktuelles-zu-digidem","category-wissenschaft-forschung","tag-alzheimer","tag-alzheimer-demenz","tag-ausgewogene-ernaehrung","tag-bayerische-demenzwoche","tag-demenz-frueherkennung","tag-demenz-screning","tag-demenz","tag-demenzrisiko","tag-demenzrisikofaktor","tag-digidem","tag-digidem-bayern","tag-digitales-demenzregister-bayern","tag-einkommen","tag-einkommensverteilung","tag-geistige-leistungsfaehigkeit","tag-gesundheitsversorgung","tag-hochaltrige","tag-kognitive-reserve","tag-lebenslanges-lernen","tag-lebensstil","tag-nordrhein-westfalen","tag-praeventionscoach","tag-risikofaktoren","tag-stigmatisierung","tag-vermoegen","tag-wohlstand"],"qubely_featured_image_url":{"full":["https:\/\/digidem-bayern.de\/wp-content\/uploads\/2024\/05\/shutterstock_-Geschaeftsfaehigkeit_2257247313.jpg",1000,667,false],"landscape":["https:\/\/digidem-bayern.de\/wp-content\/uploads\/2024\/05\/shutterstock_-Geschaeftsfaehigkeit_2257247313.jpg",1000,667,false],"portraits":["https:\/\/digidem-bayern.de\/wp-content\/uploads\/2024\/05\/shutterstock_-Geschaeftsfaehigkeit_2257247313-540x320.jpg",540,320,true],"thumbnail":["https:\/\/digidem-bayern.de\/wp-content\/uploads\/2024\/05\/shutterstock_-Geschaeftsfaehigkeit_2257247313-80x80.jpg",80,80,true],"medium":["https:\/\/digidem-bayern.de\/wp-content\/uploads\/2024\/05\/shutterstock_-Geschaeftsfaehigkeit_2257247313-300x200.jpg",300,200,true],"medium_large":["https:\/\/digidem-bayern.de\/wp-content\/uploads\/2024\/05\/shutterstock_-Geschaeftsfaehigkeit_2257247313-768x512.jpg",768,512,true],"large":["https:\/\/digidem-bayern.de\/wp-content\/uploads\/2024\/05\/shutterstock_-Geschaeftsfaehigkeit_2257247313.jpg",1000,667,false],"1536x1536":["https:\/\/digidem-bayern.de\/wp-content\/uploads\/2024\/05\/shutterstock_-Geschaeftsfaehigkeit_2257247313.jpg",1000,667,false],"2048x2048":["https:\/\/digidem-bayern.de\/wp-content\/uploads\/2024\/05\/shutterstock_-Geschaeftsfaehigkeit_2257247313.jpg",1000,667,false],"trp-custom-language-flag":["https:\/\/digidem-bayern.de\/wp-content\/uploads\/2024\/05\/shutterstock_-Geschaeftsfaehigkeit_2257247313.jpg",18,12,false],"qubely_landscape":["https:\/\/digidem-bayern.de\/wp-content\/uploads\/2024\/05\/shutterstock_-Geschaeftsfaehigkeit_2257247313.jpg",1000,667,false],"qubely_portrait":["https:\/\/digidem-bayern.de\/wp-content\/uploads\/2024\/05\/shutterstock_-Geschaeftsfaehigkeit_2257247313-540x320.jpg",540,320,true],"qubely_thumbnail":["https:\/\/digidem-bayern.de\/wp-content\/uploads\/2024\/05\/shutterstock_-Geschaeftsfaehigkeit_2257247313-140x100.jpg",140,100,true],"post-thumbnail":["https:\/\/digidem-bayern.de\/wp-content\/uploads\/2024\/05\/shutterstock_-Geschaeftsfaehigkeit_2257247313-525x350.jpg",525,350,true],"kahuna-featured":["https:\/\/digidem-bayern.de\/wp-content\/uploads\/2024\/05\/shutterstock_-Geschaeftsfaehigkeit_2257247313-734x350.jpg",734,350,true],"kahuna-featured-lp":["https:\/\/digidem-bayern.de\/wp-content\/uploads\/2024\/05\/shutterstock_-Geschaeftsfaehigkeit_2257247313-520x350.jpg",520,350,true],"kahuna-featured-half":["https:\/\/digidem-bayern.de\/wp-content\/uploads\/2024\/05\/shutterstock_-Geschaeftsfaehigkeit_2257247313-800x350.jpg",800,350,true],"kahuna-featured-third":["https:\/\/digidem-bayern.de\/wp-content\/uploads\/2024\/05\/shutterstock_-Geschaeftsfaehigkeit_2257247313-512x350.jpg",512,350,true],"kahuna-lpbox-1":["https:\/\/digidem-bayern.de\/wp-content\/uploads\/2024\/05\/shutterstock_-Geschaeftsfaehigkeit_2257247313-520x300.jpg",520,300,true],"kahuna-lpbox-2":["https:\/\/digidem-bayern.de\/wp-content\/uploads\/2024\/05\/shutterstock_-Geschaeftsfaehigkeit_2257247313-520x350.jpg",520,350,true],"demand-language-flag":["https:\/\/digidem-bayern.de\/wp-content\/uploads\/2024\/05\/shutterstock_-Geschaeftsfaehigkeit_2257247313-36x36.jpg",36,36,true],"dddkt-language-flag":["https:\/\/digidem-bayern.de\/wp-content\/uploads\/2024\/05\/shutterstock_-Geschaeftsfaehigkeit_2257247313-36x36.jpg",36,36,true],"ddiqc-language-flag":["https:\/\/digidem-bayern.de\/wp-content\/uploads\/2024\/05\/shutterstock_-Geschaeftsfaehigkeit_2257247313-36x36.jpg",36,36,true],"ddtl-language-flag":["https:\/\/digidem-bayern.de\/wp-content\/uploads\/2024\/05\/shutterstock_-Geschaeftsfaehigkeit_2257247313-36x36.jpg",36,36,true],"mailpoet_newsletter_max":["https:\/\/digidem-bayern.de\/wp-content\/uploads\/2024\/05\/shutterstock_-Geschaeftsfaehigkeit_2257247313.jpg",1000,667,false],"kahuna-lpbox-3":["https:\/\/digidem-bayern.de\/wp-content\/uploads\/2024\/05\/shutterstock_-Geschaeftsfaehigkeit_2257247313-520x350.jpg",520,350,true],"kahuna-featured-square":["https:\/\/digidem-bayern.de\/wp-content\/uploads\/2024\/05\/shutterstock_-Geschaeftsfaehigkeit_2257247313-512x512.jpg",512,512,true],"kahuna-featured-square-large":["https:\/\/digidem-bayern.de\/wp-content\/uploads\/2024\/05\/shutterstock_-Geschaeftsfaehigkeit_2257247313.jpg",1000,667,false]},"qubely_author":{"display_name":"Ilona H\u00f6rath","author_link":"https:\/\/digidem-bayern.de\/en\/author\/hoeratia\/"},"qubely_comment":4,"qubely_category":"<a href=\"https:\/\/digidem-bayern.de\/en\/category\/aktuelles-zu-digidem\/\" rel=\"category tag\">Aktuelles zu digiDEM<\/a> <a href=\"https:\/\/digidem-bayern.de\/en\/category\/wissenschaft-forschung\/\" rel=\"category tag\">Wissenschaft &amp; Forschung<\/a>","qubely_excerpt":"Verm\u00f6gen, Einkommen und das Risiko von Menschen ab 80 Jahren in Deutschland, an Demenz zu erkranken: Welche Zusammenh\u00e4nge gibt es?&nbsp;Kommen wirtschaftliche Ungleichheiten zum Tragen? Die Fragestellungen&nbsp;untersuchten Forschende aus&nbsp;Deutschland, Gro\u00dfbritannien und Australien. Um es vorwegzunehmen: Zwischen Wohlstand und Demenz gibt es einen Zusammenhang. \u201eDieses Wissen hat das Potenzial, die Forschung zu &hellip;","featured_image_urls_v2":{"full":["https:\/\/digidem-bayern.de\/wp-content\/uploads\/2024\/05\/shutterstock_-Geschaeftsfaehigkeit_2257247313.jpg",1000,667,false],"thumbnail":["https:\/\/digidem-bayern.de\/wp-content\/uploads\/2024\/05\/shutterstock_-Geschaeftsfaehigkeit_2257247313-80x80.jpg",80,80,true],"medium":["https:\/\/digidem-bayern.de\/wp-content\/uploads\/2024\/05\/shutterstock_-Geschaeftsfaehigkeit_2257247313-300x200.jpg",300,200,true],"medium_large":["https:\/\/digidem-bayern.de\/wp-content\/uploads\/2024\/05\/shutterstock_-Geschaeftsfaehigkeit_2257247313-768x512.jpg",768,512,true],"large":["https:\/\/digidem-bayern.de\/wp-content\/uploads\/2024\/05\/shutterstock_-Geschaeftsfaehigkeit_2257247313.jpg",1000,667,false],"1536x1536":["https:\/\/digidem-bayern.de\/wp-content\/uploads\/2024\/05\/shutterstock_-Geschaeftsfaehigkeit_2257247313.jpg",1000,667,false],"2048x2048":["https:\/\/digidem-bayern.de\/wp-content\/uploads\/2024\/05\/shutterstock_-Geschaeftsfaehigkeit_2257247313.jpg",1000,667,false],"trp-custom-language-flag":["https:\/\/digidem-bayern.de\/wp-content\/uploads\/2024\/05\/shutterstock_-Geschaeftsfaehigkeit_2257247313.jpg",18,12,false],"qubely_landscape":["https:\/\/digidem-bayern.de\/wp-content\/uploads\/2024\/05\/shutterstock_-Geschaeftsfaehigkeit_2257247313.jpg",1000,667,false],"qubely_portrait":["https:\/\/digidem-bayern.de\/wp-content\/uploads\/2024\/05\/shutterstock_-Geschaeftsfaehigkeit_2257247313-540x320.jpg",540,320,true],"qubely_thumbnail":["https:\/\/digidem-bayern.de\/wp-content\/uploads\/2024\/05\/shutterstock_-Geschaeftsfaehigkeit_2257247313-140x100.jpg",140,100,true],"post-thumbnail":["https:\/\/digidem-bayern.de\/wp-content\/uploads\/2024\/05\/shutterstock_-Geschaeftsfaehigkeit_2257247313-525x350.jpg",525,350,true],"kahuna-featured":["https:\/\/digidem-bayern.de\/wp-content\/uploads\/2024\/05\/shutterstock_-Geschaeftsfaehigkeit_2257247313-734x350.jpg",734,350,true],"kahuna-featured-lp":["https:\/\/digidem-bayern.de\/wp-content\/uploads\/2024\/05\/shutterstock_-Geschaeftsfaehigkeit_2257247313-520x350.jpg",520,350,true],"kahuna-featured-half":["https:\/\/digidem-bayern.de\/wp-content\/uploads\/2024\/05\/shutterstock_-Geschaeftsfaehigkeit_2257247313-800x350.jpg",800,350,true],"kahuna-featured-third":["https:\/\/digidem-bayern.de\/wp-content\/uploads\/2024\/05\/shutterstock_-Geschaeftsfaehigkeit_2257247313-512x350.jpg",512,350,true],"kahuna-lpbox-1":["https:\/\/digidem-bayern.de\/wp-content\/uploads\/2024\/05\/shutterstock_-Geschaeftsfaehigkeit_2257247313-520x300.jpg",520,300,true],"kahuna-lpbox-2":["https:\/\/digidem-bayern.de\/wp-content\/uploads\/2024\/05\/shutterstock_-Geschaeftsfaehigkeit_2257247313-520x350.jpg",520,350,true],"demand-language-flag":["https:\/\/digidem-bayern.de\/wp-content\/uploads\/2024\/05\/shutterstock_-Geschaeftsfaehigkeit_2257247313-36x36.jpg",36,36,true],"dddkt-language-flag":["https:\/\/digidem-bayern.de\/wp-content\/uploads\/2024\/05\/shutterstock_-Geschaeftsfaehigkeit_2257247313-36x36.jpg",36,36,true],"ddiqc-language-flag":["https:\/\/digidem-bayern.de\/wp-content\/uploads\/2024\/05\/shutterstock_-Geschaeftsfaehigkeit_2257247313-36x36.jpg",36,36,true],"ddtl-language-flag":["https:\/\/digidem-bayern.de\/wp-content\/uploads\/2024\/05\/shutterstock_-Geschaeftsfaehigkeit_2257247313-36x36.jpg",36,36,true],"mailpoet_newsletter_max":["https:\/\/digidem-bayern.de\/wp-content\/uploads\/2024\/05\/shutterstock_-Geschaeftsfaehigkeit_2257247313.jpg",1000,667,false],"kahuna-lpbox-3":["https:\/\/digidem-bayern.de\/wp-content\/uploads\/2024\/05\/shutterstock_-Geschaeftsfaehigkeit_2257247313-520x350.jpg",520,350,true],"kahuna-featured-square":["https:\/\/digidem-bayern.de\/wp-content\/uploads\/2024\/05\/shutterstock_-Geschaeftsfaehigkeit_2257247313-512x512.jpg",512,512,true],"kahuna-featured-square-large":["https:\/\/digidem-bayern.de\/wp-content\/uploads\/2024\/05\/shutterstock_-Geschaeftsfaehigkeit_2257247313.jpg",1000,667,false]},"post_excerpt_stackable_v2":"<p>Verm\u00f6gen, Einkommen und das Risiko von Menschen ab 80 Jahren in Deutschland, an Demenz zu erkranken: Welche Zusammenh\u00e4nge gibt es?&nbsp;Kommen wirtschaftliche Ungleichheiten zum Tragen? Die Fragestellungen&nbsp;untersuchten Forschende aus&nbsp;Deutschland, Gro\u00dfbritannien und Australien. Um es vorwegzunehmen: Zwischen Wohlstand und Demenz gibt es einen Zusammenhang. \u201eDieses Wissen hat das Potenzial, die Forschung zu Armut und Ungleichheit erheblich zu verbessern\u201c, schreiben die Forschenden aus&nbsp;Deutschland, Gro\u00dfbritannien und Australien.&nbsp;\u201eGenauer gesagt unterst\u00fctzen unsere Ergebnisse evidenzbasierte politische Ma\u00dfnahmen, die darauf abzielen, die Belastung durch Demenz im sp\u00e4teren Leben durch die Reduzierung wirtschaftlicher Ungleichheiten und eine bessere Einkommensverteilung zu verringern.\u201c Hochaltrige im Fokus der Demenzforschung Foto: Shutterstock Denn auch&hellip;<\/p>\n","category_list_v2":"<a href=\"https:\/\/digidem-bayern.de\/en\/category\/aktuelles-zu-digidem\/\" rel=\"category tag\">Aktuelles zu digiDEM<\/a>, <a href=\"https:\/\/digidem-bayern.de\/en\/category\/wissenschaft-forschung\/\" rel=\"category tag\">Wissenschaft &amp; Forschung<\/a>","author_info_v2":{"name":"Ilona H\u00f6rath","url":"https:\/\/digidem-bayern.de\/en\/author\/hoeratia\/"},"comments_num_v2":"0 comments","yoast_head":"<!-- This site is optimized with the Yoast SEO plugin v27.4 - https:\/\/yoast.com\/product\/yoast-seo-wordpress\/ -->\n<title>Ist wirtschaftliche Ungleichheit ein Demenzrisikofaktor? - digiDEM Bayern<\/title>\n<meta name=\"description\" content=\"Der Bayerische Landesapothekerkammer unterst\u00fctzt digiDEM Bayern mit Hilfe des Netzwerks &quot;Demenzfreundliche Apotheken&quot;.\" \/>\n<meta name=\"robots\" content=\"index, follow, max-snippet:-1, max-image-preview:large, max-video-preview:-1\" \/>\n<link rel=\"canonical\" href=\"https:\/\/digidem-bayern.de\/en\/ist-wirtschaftliche-ungleichheit-ein-demenzrisikofaktor\/\" \/>\n<meta property=\"og:locale\" content=\"en_US\" \/>\n<meta property=\"og:type\" content=\"article\" \/>\n<meta property=\"og:title\" content=\"Ist wirtschaftliche Ungleichheit ein Demenzrisikofaktor? - digiDEM Bayern\" \/>\n<meta property=\"og:description\" content=\"Der Bayerische Landesapothekerkammer unterst\u00fctzt digiDEM Bayern mit Hilfe des Netzwerks &quot;Demenzfreundliche Apotheken&quot;.\" \/>\n<meta property=\"og:url\" content=\"https:\/\/digidem-bayern.de\/en\/ist-wirtschaftliche-ungleichheit-ein-demenzrisikofaktor\/\" \/>\n<meta property=\"og:site_name\" content=\"digiDEM Bayern\" \/>\n<meta property=\"article:publisher\" content=\"https:\/\/www.facebook.com\/digiDEMBayern\/\" \/>\n<meta property=\"article:published_time\" content=\"2025-10-23T11:12:00+00:00\" \/>\n<meta property=\"article:modified_time\" content=\"2025-11-04T13:10:46+00:00\" \/>\n<meta property=\"og:image\" content=\"https:\/\/digidem-bayern.de\/wp-content\/uploads\/2024\/05\/shutterstock_-Geschaeftsfaehigkeit_2257247313.jpg\" \/>\n\t<meta property=\"og:image:width\" content=\"1000\" \/>\n\t<meta property=\"og:image:height\" content=\"667\" \/>\n\t<meta property=\"og:image:type\" content=\"image\/jpeg\" \/>\n<meta name=\"author\" content=\"Ilona H\u00f6rath\" \/>\n<meta name=\"twitter:label1\" content=\"Written by\" \/>\n\t<meta name=\"twitter:data1\" content=\"Ilona H\u00f6rath\" \/>\n\t<meta name=\"twitter:label2\" content=\"Est. reading time\" \/>\n\t<meta name=\"twitter:data2\" content=\"2 minutes\" \/>\n<script type=\"application\/ld+json\" class=\"yoast-schema-graph\">{\"@context\":\"https:\\\/\\\/schema.org\",\"@graph\":[{\"@type\":\"Article\",\"@id\":\"https:\\\/\\\/digidem-bayern.de\\\/ist-wirtschaftliche-ungleichheit-ein-demenzrisikofaktor\\\/#article\",\"isPartOf\":{\"@id\":\"https:\\\/\\\/digidem-bayern.de\\\/ist-wirtschaftliche-ungleichheit-ein-demenzrisikofaktor\\\/\"},\"author\":{\"name\":\"Ilona H\u00f6rath\",\"@id\":\"\\\/#\\\/schema\\\/person\\\/0bc1494f46fc2a051c761322a80e0941\"},\"headline\":\"Ist wirtschaftliche Ungleichheit ein Demenzrisikofaktor?\",\"datePublished\":\"2025-10-23T11:12:00+00:00\",\"dateModified\":\"2025-11-04T13:10:46+00:00\",\"mainEntityOfPage\":{\"@id\":\"https:\\\/\\\/digidem-bayern.de\\\/ist-wirtschaftliche-ungleichheit-ein-demenzrisikofaktor\\\/\"},\"wordCount\":726,\"commentCount\":0,\"publisher\":{\"@id\":\"\\\/#organization\"},\"image\":{\"@id\":\"https:\\\/\\\/digidem-bayern.de\\\/ist-wirtschaftliche-ungleichheit-ein-demenzrisikofaktor\\\/#primaryimage\"},\"thumbnailUrl\":\"https:\\\/\\\/digidem-bayern.de\\\/wp-content\\\/uploads\\\/2024\\\/05\\\/shutterstock_-Geschaeftsfaehigkeit_2257247313.jpg\",\"keywords\":[\"Alzheimer\",\"Alzheimer-Demenz\",\"ausgewogene Ern\u00e4hrung\",\"Bayerische Demenzwoche\",\"Demenz-Fr\u00fcherkennung\",\"Demenz-Screning\",\"Demenz.\",\"Demenzrisiko\",\"Demenzrisikofaktor\",\"digidem\",\"digidem Bayern\",\"Digitales Demenzregister Bayern\",\"Einkommen\",\"Einkommensverteilung\",\"geistige Leistungsf\u00e4higkeit\",\"Gesundheitsversorgung\",\"Hochaltrige\",\"kognitive Reserve\",\"lebenslanges Lernen\",\"Lebensstil\",\"Nordrhein-Westfalen\",\"Pr\u00e4ventionscoach\",\"Risikofaktoren\",\"Stigmatisierung\",\"Verm\u00f6gen\",\"Wohlstand\"],\"articleSection\":[\"Aktuelles zu digiDEM\",\"Wissenschaft &amp; Forschung\"],\"inLanguage\":\"en-US\",\"potentialAction\":[{\"@type\":\"CommentAction\",\"name\":\"Comment\",\"target\":[\"https:\\\/\\\/digidem-bayern.de\\\/ist-wirtschaftliche-ungleichheit-ein-demenzrisikofaktor\\\/#respond\"]}]},{\"@type\":\"WebPage\",\"@id\":\"https:\\\/\\\/digidem-bayern.de\\\/ist-wirtschaftliche-ungleichheit-ein-demenzrisikofaktor\\\/\",\"url\":\"https:\\\/\\\/digidem-bayern.de\\\/ist-wirtschaftliche-ungleichheit-ein-demenzrisikofaktor\\\/\",\"name\":\"Ist wirtschaftliche Ungleichheit ein Demenzrisikofaktor? - digiDEM Bayern\",\"isPartOf\":{\"@id\":\"\\\/#website\"},\"primaryImageOfPage\":{\"@id\":\"https:\\\/\\\/digidem-bayern.de\\\/ist-wirtschaftliche-ungleichheit-ein-demenzrisikofaktor\\\/#primaryimage\"},\"image\":{\"@id\":\"https:\\\/\\\/digidem-bayern.de\\\/ist-wirtschaftliche-ungleichheit-ein-demenzrisikofaktor\\\/#primaryimage\"},\"thumbnailUrl\":\"https:\\\/\\\/digidem-bayern.de\\\/wp-content\\\/uploads\\\/2024\\\/05\\\/shutterstock_-Geschaeftsfaehigkeit_2257247313.jpg\",\"datePublished\":\"2025-10-23T11:12:00+00:00\",\"dateModified\":\"2025-11-04T13:10:46+00:00\",\"description\":\"Der Bayerische Landesapothekerkammer unterst\u00fctzt digiDEM Bayern mit Hilfe des Netzwerks \\\"Demenzfreundliche Apotheken\\\".\",\"breadcrumb\":{\"@id\":\"https:\\\/\\\/digidem-bayern.de\\\/ist-wirtschaftliche-ungleichheit-ein-demenzrisikofaktor\\\/#breadcrumb\"},\"inLanguage\":\"en-US\",\"potentialAction\":[{\"@type\":\"ReadAction\",\"target\":[\"https:\\\/\\\/digidem-bayern.de\\\/ist-wirtschaftliche-ungleichheit-ein-demenzrisikofaktor\\\/\"]}]},{\"@type\":\"ImageObject\",\"inLanguage\":\"en-US\",\"@id\":\"https:\\\/\\\/digidem-bayern.de\\\/ist-wirtschaftliche-ungleichheit-ein-demenzrisikofaktor\\\/#primaryimage\",\"url\":\"https:\\\/\\\/digidem-bayern.de\\\/wp-content\\\/uploads\\\/2024\\\/05\\\/shutterstock_-Geschaeftsfaehigkeit_2257247313.jpg\",\"contentUrl\":\"https:\\\/\\\/digidem-bayern.de\\\/wp-content\\\/uploads\\\/2024\\\/05\\\/shutterstock_-Geschaeftsfaehigkeit_2257247313.jpg\",\"width\":1000,\"height\":667,\"caption\":\"Foto: Shutterstock\"},{\"@type\":\"BreadcrumbList\",\"@id\":\"https:\\\/\\\/digidem-bayern.de\\\/ist-wirtschaftliche-ungleichheit-ein-demenzrisikofaktor\\\/#breadcrumb\",\"itemListElement\":[{\"@type\":\"ListItem\",\"position\":1,\"name\":\"Startseite\",\"item\":\"https:\\\/\\\/digidem-bayern.de\\\/\"},{\"@type\":\"ListItem\",\"position\":2,\"name\":\"Ist wirtschaftliche Ungleichheit ein Demenzrisikofaktor?\"}]},{\"@type\":\"WebSite\",\"@id\":\"\\\/#website\",\"url\":\"\\\/\",\"name\":\"digiDEM Bayern\",\"description\":\"Das digitale Demenzregister Bayern erforscht und verbessert die Angebotsstuktur f\u00fcr Menschen mit Demenz und deren Angeh\u00f6rige\",\"publisher\":{\"@id\":\"\\\/#organization\"},\"potentialAction\":[{\"@type\":\"SearchAction\",\"target\":{\"@type\":\"EntryPoint\",\"urlTemplate\":\"\\\/?s={search_term_string}\"},\"query-input\":{\"@type\":\"PropertyValueSpecification\",\"valueRequired\":true,\"valueName\":\"search_term_string\"}}],\"inLanguage\":\"en-US\"},{\"@type\":\"Organization\",\"@id\":\"\\\/#organization\",\"name\":\"digiDEM Bayern\",\"url\":\"\\\/\",\"logo\":{\"@type\":\"ImageObject\",\"inLanguage\":\"en-US\",\"@id\":\"\\\/#\\\/schema\\\/logo\\\/image\\\/\",\"url\":\"https:\\\/\\\/digidem-bayern.de\\\/wp-content\\\/uploads\\\/2022\\\/03\\\/cropped-Allgemeines_digiDEMLOGO-removebg-preview.png\",\"contentUrl\":\"https:\\\/\\\/digidem-bayern.de\\\/wp-content\\\/uploads\\\/2022\\\/03\\\/cropped-Allgemeines_digiDEMLOGO-removebg-preview.png\",\"width\":612,\"height\":357,\"caption\":\"digiDEM Bayern\"},\"image\":{\"@id\":\"\\\/#\\\/schema\\\/logo\\\/image\\\/\"},\"sameAs\":[\"https:\\\/\\\/www.facebook.com\\\/digiDEMBayern\\\/\",\"https:\\\/\\\/x.com\\\/digidem_bayern\",\"https:\\\/\\\/www.instagram.com\\\/digidem.bayern\",\"https:\\\/\\\/www.linkedin.com\\\/company\\\/digidem-bayern\\\/\"]},{\"@type\":\"Person\",\"@id\":\"\\\/#\\\/schema\\\/person\\\/0bc1494f46fc2a051c761322a80e0941\",\"name\":\"Ilona H\u00f6rath\",\"url\":\"https:\\\/\\\/digidem-bayern.de\\\/en\\\/author\\\/hoeratia\\\/\"}]}<\/script>\n<!-- \/ Yoast SEO plugin. -->","yoast_head_json":{"title":"Ist wirtschaftliche Ungleichheit ein Demenzrisikofaktor? - digiDEM Bayern","description":"Der Bayerische Landesapothekerkammer unterst\u00fctzt digiDEM Bayern mit Hilfe des Netzwerks \"Demenzfreundliche Apotheken\".","robots":{"index":"index","follow":"follow","max-snippet":"max-snippet:-1","max-image-preview":"max-image-preview:large","max-video-preview":"max-video-preview:-1"},"canonical":"https:\/\/digidem-bayern.de\/en\/ist-wirtschaftliche-ungleichheit-ein-demenzrisikofaktor\/","og_locale":"en_US","og_type":"article","og_title":"Ist wirtschaftliche Ungleichheit ein Demenzrisikofaktor? - digiDEM Bayern","og_description":"Der Bayerische Landesapothekerkammer unterst\u00fctzt digiDEM Bayern mit Hilfe des Netzwerks \"Demenzfreundliche Apotheken\".","og_url":"https:\/\/digidem-bayern.de\/en\/ist-wirtschaftliche-ungleichheit-ein-demenzrisikofaktor\/","og_site_name":"digiDEM Bayern","article_publisher":"https:\/\/www.facebook.com\/digiDEMBayern\/","article_published_time":"2025-10-23T11:12:00+00:00","article_modified_time":"2025-11-04T13:10:46+00:00","og_image":[{"width":1000,"height":667,"url":"https:\/\/digidem-bayern.de\/wp-content\/uploads\/2024\/05\/shutterstock_-Geschaeftsfaehigkeit_2257247313.jpg","type":"image\/jpeg"}],"author":"Ilona H\u00f6rath","twitter_misc":{"Written by":"Ilona H\u00f6rath","Est. reading time":"2 minutes"},"schema":{"@context":"https:\/\/schema.org","@graph":[{"@type":"Article","@id":"https:\/\/digidem-bayern.de\/ist-wirtschaftliche-ungleichheit-ein-demenzrisikofaktor\/#article","isPartOf":{"@id":"https:\/\/digidem-bayern.de\/ist-wirtschaftliche-ungleichheit-ein-demenzrisikofaktor\/"},"author":{"name":"Ilona H\u00f6rath","@id":"\/#\/schema\/person\/0bc1494f46fc2a051c761322a80e0941"},"headline":"Ist wirtschaftliche Ungleichheit ein Demenzrisikofaktor?","datePublished":"2025-10-23T11:12:00+00:00","dateModified":"2025-11-04T13:10:46+00:00","mainEntityOfPage":{"@id":"https:\/\/digidem-bayern.de\/ist-wirtschaftliche-ungleichheit-ein-demenzrisikofaktor\/"},"wordCount":726,"commentCount":0,"publisher":{"@id":"\/#organization"},"image":{"@id":"https:\/\/digidem-bayern.de\/ist-wirtschaftliche-ungleichheit-ein-demenzrisikofaktor\/#primaryimage"},"thumbnailUrl":"https:\/\/digidem-bayern.de\/wp-content\/uploads\/2024\/05\/shutterstock_-Geschaeftsfaehigkeit_2257247313.jpg","keywords":["Alzheimer","Alzheimer-Demenz","ausgewogene Ern\u00e4hrung","Bayerische Demenzwoche","Demenz-Fr\u00fcherkennung","Demenz-Screning","Demenz.","Demenzrisiko","Demenzrisikofaktor","digidem","digidem Bayern","Digitales Demenzregister Bayern","Einkommen","Einkommensverteilung","geistige Leistungsf\u00e4higkeit","Gesundheitsversorgung","Hochaltrige","kognitive Reserve","lebenslanges Lernen","Lebensstil","Nordrhein-Westfalen","Pr\u00e4ventionscoach","Risikofaktoren","Stigmatisierung","Verm\u00f6gen","Wohlstand"],"articleSection":["Aktuelles zu digiDEM","Wissenschaft &amp; Forschung"],"inLanguage":"en-US","potentialAction":[{"@type":"CommentAction","name":"Comment","target":["https:\/\/digidem-bayern.de\/ist-wirtschaftliche-ungleichheit-ein-demenzrisikofaktor\/#respond"]}]},{"@type":"WebPage","@id":"https:\/\/digidem-bayern.de\/ist-wirtschaftliche-ungleichheit-ein-demenzrisikofaktor\/","url":"https:\/\/digidem-bayern.de\/ist-wirtschaftliche-ungleichheit-ein-demenzrisikofaktor\/","name":"Ist wirtschaftliche Ungleichheit ein Demenzrisikofaktor? - digiDEM Bayern","isPartOf":{"@id":"\/#website"},"primaryImageOfPage":{"@id":"https:\/\/digidem-bayern.de\/ist-wirtschaftliche-ungleichheit-ein-demenzrisikofaktor\/#primaryimage"},"image":{"@id":"https:\/\/digidem-bayern.de\/ist-wirtschaftliche-ungleichheit-ein-demenzrisikofaktor\/#primaryimage"},"thumbnailUrl":"https:\/\/digidem-bayern.de\/wp-content\/uploads\/2024\/05\/shutterstock_-Geschaeftsfaehigkeit_2257247313.jpg","datePublished":"2025-10-23T11:12:00+00:00","dateModified":"2025-11-04T13:10:46+00:00","description":"Der Bayerische Landesapothekerkammer unterst\u00fctzt digiDEM Bayern mit Hilfe des Netzwerks \"Demenzfreundliche Apotheken\".","breadcrumb":{"@id":"https:\/\/digidem-bayern.de\/ist-wirtschaftliche-ungleichheit-ein-demenzrisikofaktor\/#breadcrumb"},"inLanguage":"en-US","potentialAction":[{"@type":"ReadAction","target":["https:\/\/digidem-bayern.de\/ist-wirtschaftliche-ungleichheit-ein-demenzrisikofaktor\/"]}]},{"@type":"ImageObject","inLanguage":"en-US","@id":"https:\/\/digidem-bayern.de\/ist-wirtschaftliche-ungleichheit-ein-demenzrisikofaktor\/#primaryimage","url":"https:\/\/digidem-bayern.de\/wp-content\/uploads\/2024\/05\/shutterstock_-Geschaeftsfaehigkeit_2257247313.jpg","contentUrl":"https:\/\/digidem-bayern.de\/wp-content\/uploads\/2024\/05\/shutterstock_-Geschaeftsfaehigkeit_2257247313.jpg","width":1000,"height":667,"caption":"Foto: Shutterstock"},{"@type":"BreadcrumbList","@id":"https:\/\/digidem-bayern.de\/ist-wirtschaftliche-ungleichheit-ein-demenzrisikofaktor\/#breadcrumb","itemListElement":[{"@type":"ListItem","position":1,"name":"Startseite","item":"https:\/\/digidem-bayern.de\/"},{"@type":"ListItem","position":2,"name":"Ist wirtschaftliche Ungleichheit ein Demenzrisikofaktor?"}]},{"@type":"WebSite","@id":"\/#website","url":"\/","name":"digiDEM Bavaria","description":"The digital dementia register in Bavaria researches and improves the structure of services for people with dementia and their relatives","publisher":{"@id":"\/#organization"},"potentialAction":[{"@type":"SearchAction","target":{"@type":"EntryPoint","urlTemplate":"\/?s={search_term_string}"},"query-input":{"@type":"PropertyValueSpecification","valueRequired":true,"valueName":"search_term_string"}}],"inLanguage":"en-US"},{"@type":"Organization","@id":"\/#organization","name":"digiDEM Bavaria","url":"\/","logo":{"@type":"ImageObject","inLanguage":"en-US","@id":"\/#\/schema\/logo\/image\/","url":"https:\/\/digidem-bayern.de\/wp-content\/uploads\/2022\/03\/cropped-Allgemeines_digiDEMLOGO-removebg-preview.png","contentUrl":"https:\/\/digidem-bayern.de\/wp-content\/uploads\/2022\/03\/cropped-Allgemeines_digiDEMLOGO-removebg-preview.png","width":612,"height":357,"caption":"digiDEM Bayern"},"image":{"@id":"\/#\/schema\/logo\/image\/"},"sameAs":["https:\/\/www.facebook.com\/digiDEMBayern\/","https:\/\/x.com\/digidem_bayern","https:\/\/www.instagram.com\/digidem.bayern","https:\/\/www.linkedin.com\/company\/digidem-bayern\/"]},{"@type":"Person","@id":"\/#\/schema\/person\/0bc1494f46fc2a051c761322a80e0941","name":"Ilona H\u00f6rath","url":"https:\/\/digidem-bayern.de\/en\/author\/hoeratia\/"}]}},"uagb_featured_image_src":{"full":["https:\/\/digidem-bayern.de\/wp-content\/uploads\/2024\/05\/shutterstock_-Geschaeftsfaehigkeit_2257247313.jpg",1000,667,false],"thumbnail":["https:\/\/digidem-bayern.de\/wp-content\/uploads\/2024\/05\/shutterstock_-Geschaeftsfaehigkeit_2257247313-80x80.jpg",80,80,true],"medium":["https:\/\/digidem-bayern.de\/wp-content\/uploads\/2024\/05\/shutterstock_-Geschaeftsfaehigkeit_2257247313-300x200.jpg",300,200,true],"medium_large":["https:\/\/digidem-bayern.de\/wp-content\/uploads\/2024\/05\/shutterstock_-Geschaeftsfaehigkeit_2257247313-768x512.jpg",768,512,true],"large":["https:\/\/digidem-bayern.de\/wp-content\/uploads\/2024\/05\/shutterstock_-Geschaeftsfaehigkeit_2257247313.jpg",1000,667,false],"1536x1536":["https:\/\/digidem-bayern.de\/wp-content\/uploads\/2024\/05\/shutterstock_-Geschaeftsfaehigkeit_2257247313.jpg",1000,667,false],"2048x2048":["https:\/\/digidem-bayern.de\/wp-content\/uploads\/2024\/05\/shutterstock_-Geschaeftsfaehigkeit_2257247313.jpg",1000,667,false],"trp-custom-language-flag":["https:\/\/digidem-bayern.de\/wp-content\/uploads\/2024\/05\/shutterstock_-Geschaeftsfaehigkeit_2257247313.jpg",18,12,false],"qubely_landscape":["https:\/\/digidem-bayern.de\/wp-content\/uploads\/2024\/05\/shutterstock_-Geschaeftsfaehigkeit_2257247313.jpg",1000,667,false],"qubely_portrait":["https:\/\/digidem-bayern.de\/wp-content\/uploads\/2024\/05\/shutterstock_-Geschaeftsfaehigkeit_2257247313-540x320.jpg",540,320,true],"qubely_thumbnail":["https:\/\/digidem-bayern.de\/wp-content\/uploads\/2024\/05\/shutterstock_-Geschaeftsfaehigkeit_2257247313-140x100.jpg",140,100,true],"post-thumbnail":["https:\/\/digidem-bayern.de\/wp-content\/uploads\/2024\/05\/shutterstock_-Geschaeftsfaehigkeit_2257247313-525x350.jpg",525,350,true],"kahuna-featured":["https:\/\/digidem-bayern.de\/wp-content\/uploads\/2024\/05\/shutterstock_-Geschaeftsfaehigkeit_2257247313-734x350.jpg",734,350,true],"kahuna-featured-lp":["https:\/\/digidem-bayern.de\/wp-content\/uploads\/2024\/05\/shutterstock_-Geschaeftsfaehigkeit_2257247313-520x350.jpg",520,350,true],"kahuna-featured-half":["https:\/\/digidem-bayern.de\/wp-content\/uploads\/2024\/05\/shutterstock_-Geschaeftsfaehigkeit_2257247313-800x350.jpg",800,350,true],"kahuna-featured-third":["https:\/\/digidem-bayern.de\/wp-content\/uploads\/2024\/05\/shutterstock_-Geschaeftsfaehigkeit_2257247313-512x350.jpg",512,350,true],"kahuna-lpbox-1":["https:\/\/digidem-bayern.de\/wp-content\/uploads\/2024\/05\/shutterstock_-Geschaeftsfaehigkeit_2257247313-520x300.jpg",520,300,true],"kahuna-lpbox-2":["https:\/\/digidem-bayern.de\/wp-content\/uploads\/2024\/05\/shutterstock_-Geschaeftsfaehigkeit_2257247313-520x350.jpg",520,350,true],"demand-language-flag":["https:\/\/digidem-bayern.de\/wp-content\/uploads\/2024\/05\/shutterstock_-Geschaeftsfaehigkeit_2257247313-36x36.jpg",36,36,true],"dddkt-language-flag":["https:\/\/digidem-bayern.de\/wp-content\/uploads\/2024\/05\/shutterstock_-Geschaeftsfaehigkeit_2257247313-36x36.jpg",36,36,true],"ddiqc-language-flag":["https:\/\/digidem-bayern.de\/wp-content\/uploads\/2024\/05\/shutterstock_-Geschaeftsfaehigkeit_2257247313-36x36.jpg",36,36,true],"ddtl-language-flag":["https:\/\/digidem-bayern.de\/wp-content\/uploads\/2024\/05\/shutterstock_-Geschaeftsfaehigkeit_2257247313-36x36.jpg",36,36,true],"mailpoet_newsletter_max":["https:\/\/digidem-bayern.de\/wp-content\/uploads\/2024\/05\/shutterstock_-Geschaeftsfaehigkeit_2257247313.jpg",1000,667,false],"kahuna-lpbox-3":["https:\/\/digidem-bayern.de\/wp-content\/uploads\/2024\/05\/shutterstock_-Geschaeftsfaehigkeit_2257247313-520x350.jpg",520,350,true],"kahuna-featured-square":["https:\/\/digidem-bayern.de\/wp-content\/uploads\/2024\/05\/shutterstock_-Geschaeftsfaehigkeit_2257247313-512x512.jpg",512,512,true],"kahuna-featured-square-large":["https:\/\/digidem-bayern.de\/wp-content\/uploads\/2024\/05\/shutterstock_-Geschaeftsfaehigkeit_2257247313.jpg",1000,667,false]},"uagb_author_info":{"display_name":"Ilona H\u00f6rath","author_link":"https:\/\/digidem-bayern.de\/en\/author\/hoeratia\/"},"uagb_comment_info":4,"uagb_excerpt":"Verm\u00f6gen, Einkommen und das Risiko von Menschen ab 80 Jahren in Deutschland, an Demenz zu erkranken: Welche Zusammenh\u00e4nge gibt es?&nbsp;Kommen wirtschaftliche Ungleichheiten zum Tragen? Die Fragestellungen&nbsp;untersuchten Forschende aus&nbsp;Deutschland, Gro\u00dfbritannien und Australien. Um es vorwegzunehmen: Zwischen Wohlstand und Demenz gibt es einen Zusammenhang. \u201eDieses Wissen hat das Potenzial, die Forschung zu &hellip;","_links":{"self":[{"href":"https:\/\/digidem-bayern.de\/en\/wp-json\/wp\/v2\/posts\/46249","targetHints":{"allow":["GET"]}}],"collection":[{"href":"https:\/\/digidem-bayern.de\/en\/wp-json\/wp\/v2\/posts"}],"about":[{"href":"https:\/\/digidem-bayern.de\/en\/wp-json\/wp\/v2\/types\/post"}],"author":[{"embeddable":true,"href":"https:\/\/digidem-bayern.de\/en\/wp-json\/wp\/v2\/users\/12"}],"replies":[{"embeddable":true,"href":"https:\/\/digidem-bayern.de\/en\/wp-json\/wp\/v2\/comments?post=46249"}],"version-history":[{"count":4,"href":"https:\/\/digidem-bayern.de\/en\/wp-json\/wp\/v2\/posts\/46249\/revisions"}],"predecessor-version":[{"id":46455,"href":"https:\/\/digidem-bayern.de\/en\/wp-json\/wp\/v2\/posts\/46249\/revisions\/46455"}],"wp:featuredmedia":[{"embeddable":true,"href":"https:\/\/digidem-bayern.de\/en\/wp-json\/wp\/v2\/media\/34717"}],"wp:attachment":[{"href":"https:\/\/digidem-bayern.de\/en\/wp-json\/wp\/v2\/media?parent=46249"}],"wp:term":[{"taxonomy":"category","embeddable":true,"href":"https:\/\/digidem-bayern.de\/en\/wp-json\/wp\/v2\/categories?post=46249"},{"taxonomy":"post_tag","embeddable":true,"href":"https:\/\/digidem-bayern.de\/en\/wp-json\/wp\/v2\/tags?post=46249"}],"curies":[{"name":"wp","href":"https:\/\/api.w.org\/{rel}","templated":true}]}}