{"id":45901,"date":"2025-10-02T15:04:50","date_gmt":"2025-10-02T13:04:50","guid":{"rendered":"https:\/\/digidem-bayern.de\/?p=45901"},"modified":"2025-10-02T15:13:13","modified_gmt":"2025-10-02T13:13:13","slug":"wechseljahre-und-kognitive-gesundheit-2","status":"publish","type":"post","link":"https:\/\/digidem-bayern.de\/en\/wechseljahre-und-kognitive-gesundheit-2\/","title":{"rendered":"Wechseljahre und kognitive Gesundheit"},"content":{"rendered":"<p>Hitzewallungen, Schlafst\u00f6rungen, Stimmungsschwankungen \u2013 die Lebensphase der Wechseljahre kann bei Frauen verschiedene k\u00f6rperliche und mentale Ver\u00e4nderungen hervorrufen. Auch die Ged\u00e4chtnisleistung und andere kognitive F\u00e4higkeiten wie Konzentration und Aufmerksamkeit k\u00f6nnen in dieser Lebensphase durch hormonelle Ver\u00e4nderungen beeinflusst werden.<\/p>\n\n\n\n<p>Um die verschiedenen Beschwerden der Wechseljahre zu mindern, kann eine menopausale Hormonersatztherapie in Betracht gezogen werden. Die Anwendung dieser Therapie wird in der Forschung kontrovers diskutiert, auch im Hinblick auf kognitive F\u00e4higkeiten und Demenzrisiko. Daher ist es wichtig, den individuellen Nutzen und m\u00f6gliche Risiken der Hormonersatztherapie abzuw\u00e4gen.<\/p>\n\n\n\n<p>Prof. Dr. med. Petra Stute ist Leiterin der Gyn\u00e4kologischen Endokrinologie und des Menopausenzentrums an der Universit\u00e4tsklinik f\u00fcr Frauenheilkunde in Bern. Zudem ist sie dort stellvertretende Chef\u00e4rztin der Abteilung f\u00fcr Gyn\u00e4kologische Endokrinologie und Reproduktionsmedizin. Im kommenden Webinar wird sie den grundlegenden Zusammenhang zwischen Hormonen und kognitiver Gesundheit darstellen. Dabei wird Prof. Dr. Petra Stute erkl\u00e4ren, inwiefern hormonelle Ver\u00e4nderungen in den Wechseljahren einen Einfluss auf die kognitven F\u00e4higkeiten haben. Zudem wird sie m\u00f6gliche Vor- und Nachteile der menopausalen Hormonersatztherapie erl\u00e4utern, insbesondere hinsichtlich der kognitiver Gesundheit.<\/p>\n\n\n\n<figure class=\"wp-block-embed is-type-video is-provider-youtube wp-block-embed-youtube wp-embed-aspect-16-9 wp-has-aspect-ratio\"><div class=\"wp-block-embed__wrapper\">\n<iframe loading=\"lazy\" title=\"Webinar: Wechseljahre und kognitive Gesundheit\" width=\"1223\" height=\"688\" src=\"https:\/\/www.youtube.com\/embed\/oga7JEqU86I?feature=oembed\" frameborder=\"0\" allow=\"accelerometer; autoplay; clipboard-write; encrypted-media; gyroscope; picture-in-picture; web-share\" referrerpolicy=\"strict-origin-when-cross-origin\" allowfullscreen><\/iframe>\n<\/div><\/figure>\n\n\n\n<p><\/p>\n\n\n\n<p class=\"has-text-align-center\"><a href=\"https:\/\/digidem-bayern.de\/wp-content\/uploads\/2025\/10\/2025-09-22_digiDEM-Webinar_Nr73_Copyright-Petra-Stute.pdf\" data-type=\"link\" data-id=\"https:\/\/digidem-bayern.de\/wp-content\/uploads\/2024\/11\/2024-11-12_digiDEM-Webinar_Nr63_Copyright.pdf\"><strong>Hier gibt es das Webinar als PDF zum\u00a0Download<\/strong>.<\/a><\/p>\n\n\n\n<p><\/p>\n\n\n\n<p><\/p>\n\n\n\n<div class=\"wp-block-stackable-columns stk-block-columns stk-block stk-1abb464\" data-block-id=\"1abb464\"><div class=\"stk-row stk-inner-blocks stk-block-content stk-content-align stk-1abb464-column\">\n<div class=\"wp-block-stackable-column stk-block-column stk-column stk-block stk-38a7c84\" data-v=\"4\" data-block-id=\"38a7c84\"><div class=\"stk-column-wrapper stk-block-column__content stk-container stk-38a7c84-container stk--no-background stk--no-padding\"><div class=\"stk-block-content stk-inner-blocks stk-38a7c84-inner-blocks\">\n<div class=\"wp-block-uagb-team uagb-team__image-position-above uagb-team__align-center uagb-team__stack-tablet uagb-block-df5b540b\"><div class=\"uagb-team__content\"><img decoding=\"async\" class=\"uagb-team__image-crop-circle\" src=\"https:\/\/digidem-bayern.de\/wp-content\/uploads\/2022\/11\/AKE_NEU_Qudarat.jpg\" alt=\"\" height=\"120\" width=\"120\" loading=\"lazy\"\/><h3 class=\"uagb-team__title\">Anne Keefer, M. Sc.<\/h3><span class=\"uagb-team__prefix\">Wissenschaftliche Mitarbeiterin <\/span><p class=\"uagb-team__desc\">Moderation<\/p><\/div><\/div>\n<\/div><\/div><\/div>\n\n\n\n<div class=\"wp-block-stackable-column stk-block-column stk-column stk-block stk-3aae72b\" data-v=\"4\" data-block-id=\"3aae72b\"><div class=\"stk-column-wrapper stk-block-column__content stk-container stk-3aae72b-container stk--no-background stk--no-padding\"><div class=\"stk-block-content stk-inner-blocks stk-3aae72b-inner-blocks\">\n<div class=\"wp-block-uagb-team uagb-team__image-position-above uagb-team__align-center uagb-team__stack-tablet uagb-block-7e64a8eb\"><div class=\"uagb-team__content\"><img decoding=\"async\" class=\"uagb-team__image-crop-circle\" src=\"https:\/\/digidem-bayern.de\/wp-content\/uploads\/2022\/11\/JRUe_NEU_Quadrat.jpg\" alt=\"\" height=\"120\" width=\"120\" loading=\"lazy\"\/><h3 class=\"uagb-team__title\">Jana R\u00fchl, M. Sc.<\/h3><span class=\"uagb-team__prefix\">Wissenschaftliche Mitarbeiterin <\/span><p class=\"uagb-team__desc\">Chatroom und Betreuung<\/p><\/div><\/div>\n<\/div><\/div><\/div>\n<\/div><\/div>\n\n\n\n<p><\/p>","protected":false},"excerpt":{"rendered":"<p>Hitzewallungen, Schlafst\u00f6rungen, Stimmungsschwankungen \u2013 die Lebensphase der Wechseljahre kann bei Frauen verschiedene k\u00f6rperliche und mentale Ver\u00e4nderungen hervorrufen. Auch die Ged\u00e4chtnisleistung und andere kognitive F\u00e4higkeiten wie Konzentration und Aufmerksamkeit k\u00f6nnen in dieser Lebensphase durch hormonelle Ver\u00e4nderungen beeinflusst werden. Um die verschiedenen Beschwerden der Wechseljahre zu mindern, kann eine menopausale Hormonersatztherapie in &hellip;<\/p>","protected":false},"author":7,"featured_media":41209,"comment_status":"open","ping_status":"closed","sticky":false,"template":"","format":"standard","meta":{"qubely_global_settings":"true","qubely_interactions":"","_uag_custom_page_level_css":"","footnotes":""},"categories":[123],"tags":[13,1710,12,38,14,55,890,400,1113,1711,892,1679,23,1708,891],"class_list":["post-45901","post","type-post","status-publish","format-standard","has-post-thumbnail","hentry","category-sciene-watch-live-archiv","tag-alzheimer","tag-aufmerksamkeit","tag-demenz-2","tag-demenzregister","tag-digidem","tag-digitales-demenzregister-bayern","tag-hormonersatztherapie","tag-kognitive-faehigkeiten","tag-medical-valley-emn-e-v","tag-menopausale-hormonersatztherapie","tag-menopause","tag-petra-stute","tag-praevention","tag-universitaetsklinik-fuer-frauenheilkunde-bern","tag-wechseljahre"],"qubely_featured_image_url":{"full":["https:\/\/digidem-bayern.de\/wp-content\/uploads\/2025\/01\/Wechseljahre-shutterstock_2451616471.jpg",1000,667,false],"landscape":["https:\/\/digidem-bayern.de\/wp-content\/uploads\/2025\/01\/Wechseljahre-shutterstock_2451616471.jpg",1000,667,false],"portraits":["https:\/\/digidem-bayern.de\/wp-content\/uploads\/2025\/01\/Wechseljahre-shutterstock_2451616471-540x320.jpg",540,320,true],"thumbnail":["https:\/\/digidem-bayern.de\/wp-content\/uploads\/2025\/01\/Wechseljahre-shutterstock_2451616471-80x80.jpg",80,80,true],"medium":["https:\/\/digidem-bayern.de\/wp-content\/uploads\/2025\/01\/Wechseljahre-shutterstock_2451616471-300x200.jpg",300,200,true],"medium_large":["https:\/\/digidem-bayern.de\/wp-content\/uploads\/2025\/01\/Wechseljahre-shutterstock_2451616471-768x512.jpg",768,512,true],"large":["https:\/\/digidem-bayern.de\/wp-content\/uploads\/2025\/01\/Wechseljahre-shutterstock_2451616471.jpg",1000,667,false],"1536x1536":["https:\/\/digidem-bayern.de\/wp-content\/uploads\/2025\/01\/Wechseljahre-shutterstock_2451616471.jpg",1000,667,false],"2048x2048":["https:\/\/digidem-bayern.de\/wp-content\/uploads\/2025\/01\/Wechseljahre-shutterstock_2451616471.jpg",1000,667,false],"trp-custom-language-flag":["https:\/\/digidem-bayern.de\/wp-content\/uploads\/2025\/01\/Wechseljahre-shutterstock_2451616471.jpg",18,12,false],"qubely_landscape":["https:\/\/digidem-bayern.de\/wp-content\/uploads\/2025\/01\/Wechseljahre-shutterstock_2451616471.jpg",1000,667,false],"qubely_portrait":["https:\/\/digidem-bayern.de\/wp-content\/uploads\/2025\/01\/Wechseljahre-shutterstock_2451616471-540x320.jpg",540,320,true],"qubely_thumbnail":["https:\/\/digidem-bayern.de\/wp-content\/uploads\/2025\/01\/Wechseljahre-shutterstock_2451616471-140x100.jpg",140,100,true],"post-thumbnail":["https:\/\/digidem-bayern.de\/wp-content\/uploads\/2025\/01\/Wechseljahre-shutterstock_2451616471-525x350.jpg",525,350,true],"kahuna-featured":["https:\/\/digidem-bayern.de\/wp-content\/uploads\/2025\/01\/Wechseljahre-shutterstock_2451616471-734x350.jpg",734,350,true],"kahuna-featured-lp":["https:\/\/digidem-bayern.de\/wp-content\/uploads\/2025\/01\/Wechseljahre-shutterstock_2451616471-520x350.jpg",520,350,true],"kahuna-featured-half":["https:\/\/digidem-bayern.de\/wp-content\/uploads\/2025\/01\/Wechseljahre-shutterstock_2451616471-800x350.jpg",800,350,true],"kahuna-featured-third":["https:\/\/digidem-bayern.de\/wp-content\/uploads\/2025\/01\/Wechseljahre-shutterstock_2451616471-512x350.jpg",512,350,true],"kahuna-lpbox-1":["https:\/\/digidem-bayern.de\/wp-content\/uploads\/2025\/01\/Wechseljahre-shutterstock_2451616471-520x300.jpg",520,300,true],"kahuna-lpbox-2":["https:\/\/digidem-bayern.de\/wp-content\/uploads\/2025\/01\/Wechseljahre-shutterstock_2451616471-520x350.jpg",520,350,true],"demand-language-flag":["https:\/\/digidem-bayern.de\/wp-content\/uploads\/2025\/01\/Wechseljahre-shutterstock_2451616471-36x36.jpg",36,36,true],"dddkt-language-flag":["https:\/\/digidem-bayern.de\/wp-content\/uploads\/2025\/01\/Wechseljahre-shutterstock_2451616471-36x36.jpg",36,36,true],"ddiqc-language-flag":["https:\/\/digidem-bayern.de\/wp-content\/uploads\/2025\/01\/Wechseljahre-shutterstock_2451616471-36x36.jpg",36,36,true],"ddtl-language-flag":["https:\/\/digidem-bayern.de\/wp-content\/uploads\/2025\/01\/Wechseljahre-shutterstock_2451616471-36x36.jpg",36,36,true],"mailpoet_newsletter_max":["https:\/\/digidem-bayern.de\/wp-content\/uploads\/2025\/01\/Wechseljahre-shutterstock_2451616471.jpg",1000,667,false],"kahuna-lpbox-3":["https:\/\/digidem-bayern.de\/wp-content\/uploads\/2025\/01\/Wechseljahre-shutterstock_2451616471-520x350.jpg",520,350,true],"kahuna-featured-square":["https:\/\/digidem-bayern.de\/wp-content\/uploads\/2025\/01\/Wechseljahre-shutterstock_2451616471-512x512.jpg",512,512,true],"kahuna-featured-square-large":["https:\/\/digidem-bayern.de\/wp-content\/uploads\/2025\/01\/Wechseljahre-shutterstock_2451616471.jpg",1000,667,false]},"qubely_author":{"display_name":"Anne Keefer","author_link":"https:\/\/digidem-bayern.de\/en\/author\/ag-webinar\/"},"qubely_comment":32,"qubely_category":"<a href=\"https:\/\/digidem-bayern.de\/en\/category\/sciene-watch-live-archiv\/\" rel=\"category tag\">Sciene Watch Live ARCHIV<\/a>","qubely_excerpt":"Hitzewallungen, Schlafst\u00f6rungen, Stimmungsschwankungen \u2013 die Lebensphase der Wechseljahre kann bei Frauen verschiedene k\u00f6rperliche und mentale Ver\u00e4nderungen hervorrufen. Auch die Ged\u00e4chtnisleistung und andere kognitive F\u00e4higkeiten wie Konzentration und Aufmerksamkeit k\u00f6nnen in dieser Lebensphase durch hormonelle Ver\u00e4nderungen beeinflusst werden. Um die verschiedenen Beschwerden der Wechseljahre zu mindern, kann eine menopausale Hormonersatztherapie in &hellip;","featured_image_urls_v2":{"full":["https:\/\/digidem-bayern.de\/wp-content\/uploads\/2025\/01\/Wechseljahre-shutterstock_2451616471.jpg",1000,667,false],"thumbnail":["https:\/\/digidem-bayern.de\/wp-content\/uploads\/2025\/01\/Wechseljahre-shutterstock_2451616471-80x80.jpg",80,80,true],"medium":["https:\/\/digidem-bayern.de\/wp-content\/uploads\/2025\/01\/Wechseljahre-shutterstock_2451616471-300x200.jpg",300,200,true],"medium_large":["https:\/\/digidem-bayern.de\/wp-content\/uploads\/2025\/01\/Wechseljahre-shutterstock_2451616471-768x512.jpg",768,512,true],"large":["https:\/\/digidem-bayern.de\/wp-content\/uploads\/2025\/01\/Wechseljahre-shutterstock_2451616471.jpg",1000,667,false],"1536x1536":["https:\/\/digidem-bayern.de\/wp-content\/uploads\/2025\/01\/Wechseljahre-shutterstock_2451616471.jpg",1000,667,false],"2048x2048":["https:\/\/digidem-bayern.de\/wp-content\/uploads\/2025\/01\/Wechseljahre-shutterstock_2451616471.jpg",1000,667,false],"trp-custom-language-flag":["https:\/\/digidem-bayern.de\/wp-content\/uploads\/2025\/01\/Wechseljahre-shutterstock_2451616471.jpg",18,12,false],"qubely_landscape":["https:\/\/digidem-bayern.de\/wp-content\/uploads\/2025\/01\/Wechseljahre-shutterstock_2451616471.jpg",1000,667,false],"qubely_portrait":["https:\/\/digidem-bayern.de\/wp-content\/uploads\/2025\/01\/Wechseljahre-shutterstock_2451616471-540x320.jpg",540,320,true],"qubely_thumbnail":["https:\/\/digidem-bayern.de\/wp-content\/uploads\/2025\/01\/Wechseljahre-shutterstock_2451616471-140x100.jpg",140,100,true],"post-thumbnail":["https:\/\/digidem-bayern.de\/wp-content\/uploads\/2025\/01\/Wechseljahre-shutterstock_2451616471-525x350.jpg",525,350,true],"kahuna-featured":["https:\/\/digidem-bayern.de\/wp-content\/uploads\/2025\/01\/Wechseljahre-shutterstock_2451616471-734x350.jpg",734,350,true],"kahuna-featured-lp":["https:\/\/digidem-bayern.de\/wp-content\/uploads\/2025\/01\/Wechseljahre-shutterstock_2451616471-520x350.jpg",520,350,true],"kahuna-featured-half":["https:\/\/digidem-bayern.de\/wp-content\/uploads\/2025\/01\/Wechseljahre-shutterstock_2451616471-800x350.jpg",800,350,true],"kahuna-featured-third":["https:\/\/digidem-bayern.de\/wp-content\/uploads\/2025\/01\/Wechseljahre-shutterstock_2451616471-512x350.jpg",512,350,true],"kahuna-lpbox-1":["https:\/\/digidem-bayern.de\/wp-content\/uploads\/2025\/01\/Wechseljahre-shutterstock_2451616471-520x300.jpg",520,300,true],"kahuna-lpbox-2":["https:\/\/digidem-bayern.de\/wp-content\/uploads\/2025\/01\/Wechseljahre-shutterstock_2451616471-520x350.jpg",520,350,true],"demand-language-flag":["https:\/\/digidem-bayern.de\/wp-content\/uploads\/2025\/01\/Wechseljahre-shutterstock_2451616471-36x36.jpg",36,36,true],"dddkt-language-flag":["https:\/\/digidem-bayern.de\/wp-content\/uploads\/2025\/01\/Wechseljahre-shutterstock_2451616471-36x36.jpg",36,36,true],"ddiqc-language-flag":["https:\/\/digidem-bayern.de\/wp-content\/uploads\/2025\/01\/Wechseljahre-shutterstock_2451616471-36x36.jpg",36,36,true],"ddtl-language-flag":["https:\/\/digidem-bayern.de\/wp-content\/uploads\/2025\/01\/Wechseljahre-shutterstock_2451616471-36x36.jpg",36,36,true],"mailpoet_newsletter_max":["https:\/\/digidem-bayern.de\/wp-content\/uploads\/2025\/01\/Wechseljahre-shutterstock_2451616471.jpg",1000,667,false],"kahuna-lpbox-3":["https:\/\/digidem-bayern.de\/wp-content\/uploads\/2025\/01\/Wechseljahre-shutterstock_2451616471-520x350.jpg",520,350,true],"kahuna-featured-square":["https:\/\/digidem-bayern.de\/wp-content\/uploads\/2025\/01\/Wechseljahre-shutterstock_2451616471-512x512.jpg",512,512,true],"kahuna-featured-square-large":["https:\/\/digidem-bayern.de\/wp-content\/uploads\/2025\/01\/Wechseljahre-shutterstock_2451616471.jpg",1000,667,false]},"post_excerpt_stackable_v2":"<p>Hitzewallungen, Schlafst\u00f6rungen, Stimmungsschwankungen \u2013 die Lebensphase der Wechseljahre kann bei Frauen verschiedene k\u00f6rperliche und mentale Ver\u00e4nderungen hervorrufen. Auch die Ged\u00e4chtnisleistung und andere kognitive F\u00e4higkeiten wie Konzentration und Aufmerksamkeit k\u00f6nnen in dieser Lebensphase durch hormonelle Ver\u00e4nderungen beeinflusst werden. Um die verschiedenen Beschwerden der Wechseljahre zu mindern, kann eine menopausale Hormonersatztherapie in Betracht gezogen werden. Die Anwendung dieser Therapie wird in der Forschung kontrovers diskutiert, auch im Hinblick auf kognitive F\u00e4higkeiten und Demenzrisiko. Daher ist es wichtig, den individuellen Nutzen und m\u00f6gliche Risiken der Hormonersatztherapie abzuw\u00e4gen. Prof. Dr. med. Petra Stute ist Leiterin der Gyn\u00e4kologischen Endokrinologie und des Menopausenzentrums an der Universit\u00e4tsklinik&hellip;<\/p>\n","category_list_v2":"<a href=\"https:\/\/digidem-bayern.de\/en\/category\/sciene-watch-live-archiv\/\" rel=\"category tag\">Sciene Watch Live ARCHIV<\/a>","author_info_v2":{"name":"Anne Keefer","url":"https:\/\/digidem-bayern.de\/en\/author\/ag-webinar\/"},"comments_num_v2":"0 comments","yoast_head":"<!-- This site is optimized with the Yoast SEO plugin v27.4 - https:\/\/yoast.com\/product\/yoast-seo-wordpress\/ -->\n<title>Wechseljahre und kognitive Gesundheit - digiDEM Bayern<\/title>\n<meta name=\"description\" content=\"Im Webinar &quot;digiDEM Bayern Science Watch LIVE&quot; behandeln Wissenschaftler ein Thema aus der Demenzforschung und stehen live f\u00fcr Fragen zur Verf\u00fcgung.\" \/>\n<meta name=\"robots\" content=\"index, follow, max-snippet:-1, max-image-preview:large, max-video-preview:-1\" \/>\n<link rel=\"canonical\" href=\"https:\/\/digidem-bayern.de\/en\/wechseljahre-und-kognitive-gesundheit-2\/\" \/>\n<meta property=\"og:locale\" content=\"en_US\" \/>\n<meta property=\"og:type\" content=\"article\" \/>\n<meta property=\"og:title\" content=\"Wechseljahre und kognitive Gesundheit - digiDEM Bayern\" \/>\n<meta property=\"og:description\" content=\"Im Webinar &quot;digiDEM Bayern Science Watch LIVE&quot; behandeln Wissenschaftler ein Thema aus der Demenzforschung und stehen live f\u00fcr Fragen zur Verf\u00fcgung.\" \/>\n<meta property=\"og:url\" content=\"https:\/\/digidem-bayern.de\/en\/wechseljahre-und-kognitive-gesundheit-2\/\" \/>\n<meta property=\"og:site_name\" content=\"digiDEM Bayern\" \/>\n<meta property=\"article:publisher\" content=\"https:\/\/www.facebook.com\/digiDEMBayern\/\" \/>\n<meta property=\"article:published_time\" content=\"2025-10-02T13:04:50+00:00\" \/>\n<meta property=\"article:modified_time\" content=\"2025-10-02T13:13:13+00:00\" \/>\n<meta property=\"og:image\" content=\"https:\/\/digidem-bayern.de\/wp-content\/uploads\/2025\/01\/Wechseljahre-shutterstock_2451616471.jpg\" \/>\n\t<meta property=\"og:image:width\" content=\"1000\" \/>\n\t<meta property=\"og:image:height\" content=\"667\" \/>\n\t<meta property=\"og:image:type\" content=\"image\/jpeg\" \/>\n<meta name=\"author\" content=\"Anne Keefer\" \/>\n<meta name=\"twitter:label1\" content=\"Written by\" \/>\n\t<meta name=\"twitter:data1\" content=\"Anne Keefer\" \/>\n\t<meta name=\"twitter:label2\" content=\"Est. reading time\" \/>\n\t<meta name=\"twitter:data2\" content=\"2 minutes\" \/>\n<script type=\"application\/ld+json\" class=\"yoast-schema-graph\">{\"@context\":\"https:\\\/\\\/schema.org\",\"@graph\":[{\"@type\":\"Article\",\"@id\":\"https:\\\/\\\/digidem-bayern.de\\\/wechseljahre-und-kognitive-gesundheit-2\\\/#article\",\"isPartOf\":{\"@id\":\"https:\\\/\\\/digidem-bayern.de\\\/wechseljahre-und-kognitive-gesundheit-2\\\/\"},\"author\":{\"name\":\"Anne Keefer\",\"@id\":\"\\\/#\\\/schema\\\/person\\\/0e8781e0653d1a8e57ca55bd2c3cb01f\"},\"headline\":\"Wechseljahre und kognitive Gesundheit\",\"datePublished\":\"2025-10-02T13:04:50+00:00\",\"dateModified\":\"2025-10-02T13:13:13+00:00\",\"mainEntityOfPage\":{\"@id\":\"https:\\\/\\\/digidem-bayern.de\\\/wechseljahre-und-kognitive-gesundheit-2\\\/\"},\"wordCount\":223,\"commentCount\":0,\"publisher\":{\"@id\":\"\\\/#organization\"},\"image\":{\"@id\":\"https:\\\/\\\/digidem-bayern.de\\\/wechseljahre-und-kognitive-gesundheit-2\\\/#primaryimage\"},\"thumbnailUrl\":\"https:\\\/\\\/digidem-bayern.de\\\/wp-content\\\/uploads\\\/2025\\\/01\\\/Wechseljahre-shutterstock_2451616471.jpg\",\"keywords\":[\"Alzheimer\",\"Aufmerksamkeit\",\"Demenz\",\"Demenzregister\",\"digidem\",\"Digitales Demenzregister Bayern\",\"Hormonersatztherapie\",\"Kognitive F\u00e4higkeiten\",\"Medical Valley EMN e.V.\",\"menopausale Hormonersatztherapie\",\"Menopause\",\"Petra Stute\",\"Pr\u00e4vention\",\"Universit\u00e4tsklinik f\u00fcr Frauenheilkunde Bern\",\"Wechseljahre\"],\"articleSection\":[\"Sciene Watch Live ARCHIV\"],\"inLanguage\":\"en-US\",\"potentialAction\":[{\"@type\":\"CommentAction\",\"name\":\"Comment\",\"target\":[\"https:\\\/\\\/digidem-bayern.de\\\/wechseljahre-und-kognitive-gesundheit-2\\\/#respond\"]}]},{\"@type\":\"WebPage\",\"@id\":\"https:\\\/\\\/digidem-bayern.de\\\/wechseljahre-und-kognitive-gesundheit-2\\\/\",\"url\":\"https:\\\/\\\/digidem-bayern.de\\\/wechseljahre-und-kognitive-gesundheit-2\\\/\",\"name\":\"Wechseljahre und kognitive Gesundheit - digiDEM Bayern\",\"isPartOf\":{\"@id\":\"\\\/#website\"},\"primaryImageOfPage\":{\"@id\":\"https:\\\/\\\/digidem-bayern.de\\\/wechseljahre-und-kognitive-gesundheit-2\\\/#primaryimage\"},\"image\":{\"@id\":\"https:\\\/\\\/digidem-bayern.de\\\/wechseljahre-und-kognitive-gesundheit-2\\\/#primaryimage\"},\"thumbnailUrl\":\"https:\\\/\\\/digidem-bayern.de\\\/wp-content\\\/uploads\\\/2025\\\/01\\\/Wechseljahre-shutterstock_2451616471.jpg\",\"datePublished\":\"2025-10-02T13:04:50+00:00\",\"dateModified\":\"2025-10-02T13:13:13+00:00\",\"description\":\"Im Webinar \\\"digiDEM Bayern Science Watch LIVE\\\" behandeln Wissenschaftler ein Thema aus der Demenzforschung und stehen live f\u00fcr Fragen zur Verf\u00fcgung.\",\"breadcrumb\":{\"@id\":\"https:\\\/\\\/digidem-bayern.de\\\/wechseljahre-und-kognitive-gesundheit-2\\\/#breadcrumb\"},\"inLanguage\":\"en-US\",\"potentialAction\":[{\"@type\":\"ReadAction\",\"target\":[\"https:\\\/\\\/digidem-bayern.de\\\/wechseljahre-und-kognitive-gesundheit-2\\\/\"]}]},{\"@type\":\"ImageObject\",\"inLanguage\":\"en-US\",\"@id\":\"https:\\\/\\\/digidem-bayern.de\\\/wechseljahre-und-kognitive-gesundheit-2\\\/#primaryimage\",\"url\":\"https:\\\/\\\/digidem-bayern.de\\\/wp-content\\\/uploads\\\/2025\\\/01\\\/Wechseljahre-shutterstock_2451616471.jpg\",\"contentUrl\":\"https:\\\/\\\/digidem-bayern.de\\\/wp-content\\\/uploads\\\/2025\\\/01\\\/Wechseljahre-shutterstock_2451616471.jpg\",\"width\":1000,\"height\":667,\"caption\":\"Prof. Dr. med. Petra Stute ist Leiterin der Gyn\u00e4kologischen Endokrinologie und des Menopausenzentrums an der Universit\u00e4tsklinik f\u00fcr Frauenheilkunde in Bern. Zudem ist sie dort stellvertretende Chef\u00e4rztin der Abteilung f\u00fcr Gyn\u00e4kologische Endokrinologie und Reproduktionsmedizin. Im kommenden Webinar wird sie den grundlegenden Zusammenhang zwischen Hormonen und kognitiver Gesundheit darstellen.\"},{\"@type\":\"BreadcrumbList\",\"@id\":\"https:\\\/\\\/digidem-bayern.de\\\/wechseljahre-und-kognitive-gesundheit-2\\\/#breadcrumb\",\"itemListElement\":[{\"@type\":\"ListItem\",\"position\":1,\"name\":\"Startseite\",\"item\":\"https:\\\/\\\/digidem-bayern.de\\\/\"},{\"@type\":\"ListItem\",\"position\":2,\"name\":\"Wechseljahre und kognitive Gesundheit\"}]},{\"@type\":\"WebSite\",\"@id\":\"\\\/#website\",\"url\":\"\\\/\",\"name\":\"digiDEM Bayern\",\"description\":\"Das digitale Demenzregister Bayern erforscht und verbessert die Angebotsstuktur f\u00fcr Menschen mit Demenz und deren Angeh\u00f6rige\",\"publisher\":{\"@id\":\"\\\/#organization\"},\"potentialAction\":[{\"@type\":\"SearchAction\",\"target\":{\"@type\":\"EntryPoint\",\"urlTemplate\":\"\\\/?s={search_term_string}\"},\"query-input\":{\"@type\":\"PropertyValueSpecification\",\"valueRequired\":true,\"valueName\":\"search_term_string\"}}],\"inLanguage\":\"en-US\"},{\"@type\":\"Organization\",\"@id\":\"\\\/#organization\",\"name\":\"digiDEM Bayern\",\"url\":\"\\\/\",\"logo\":{\"@type\":\"ImageObject\",\"inLanguage\":\"en-US\",\"@id\":\"\\\/#\\\/schema\\\/logo\\\/image\\\/\",\"url\":\"https:\\\/\\\/digidem-bayern.de\\\/wp-content\\\/uploads\\\/2022\\\/03\\\/cropped-Allgemeines_digiDEMLOGO-removebg-preview.png\",\"contentUrl\":\"https:\\\/\\\/digidem-bayern.de\\\/wp-content\\\/uploads\\\/2022\\\/03\\\/cropped-Allgemeines_digiDEMLOGO-removebg-preview.png\",\"width\":612,\"height\":357,\"caption\":\"digiDEM Bayern\"},\"image\":{\"@id\":\"\\\/#\\\/schema\\\/logo\\\/image\\\/\"},\"sameAs\":[\"https:\\\/\\\/www.facebook.com\\\/digiDEMBayern\\\/\",\"https:\\\/\\\/x.com\\\/digidem_bayern\",\"https:\\\/\\\/www.instagram.com\\\/digidem.bayern\",\"https:\\\/\\\/www.linkedin.com\\\/company\\\/digidem-bayern\\\/\"]},{\"@type\":\"Person\",\"@id\":\"\\\/#\\\/schema\\\/person\\\/0e8781e0653d1a8e57ca55bd2c3cb01f\",\"name\":\"Anne Keefer\",\"url\":\"https:\\\/\\\/digidem-bayern.de\\\/en\\\/author\\\/ag-webinar\\\/\"}]}<\/script>\n<!-- \/ Yoast SEO plugin. -->","yoast_head_json":{"title":"Wechseljahre und kognitive Gesundheit - digiDEM Bayern","description":"Im Webinar \"digiDEM Bayern Science Watch LIVE\" behandeln Wissenschaftler ein Thema aus der Demenzforschung und stehen live f\u00fcr Fragen zur Verf\u00fcgung.","robots":{"index":"index","follow":"follow","max-snippet":"max-snippet:-1","max-image-preview":"max-image-preview:large","max-video-preview":"max-video-preview:-1"},"canonical":"https:\/\/digidem-bayern.de\/en\/wechseljahre-und-kognitive-gesundheit-2\/","og_locale":"en_US","og_type":"article","og_title":"Wechseljahre und kognitive Gesundheit - digiDEM Bayern","og_description":"Im Webinar \"digiDEM Bayern Science Watch LIVE\" behandeln Wissenschaftler ein Thema aus der Demenzforschung und stehen live f\u00fcr Fragen zur Verf\u00fcgung.","og_url":"https:\/\/digidem-bayern.de\/en\/wechseljahre-und-kognitive-gesundheit-2\/","og_site_name":"digiDEM Bayern","article_publisher":"https:\/\/www.facebook.com\/digiDEMBayern\/","article_published_time":"2025-10-02T13:04:50+00:00","article_modified_time":"2025-10-02T13:13:13+00:00","og_image":[{"width":1000,"height":667,"url":"https:\/\/digidem-bayern.de\/wp-content\/uploads\/2025\/01\/Wechseljahre-shutterstock_2451616471.jpg","type":"image\/jpeg"}],"author":"Anne Keefer","twitter_misc":{"Written by":"Anne Keefer","Est. reading time":"2 minutes"},"schema":{"@context":"https:\/\/schema.org","@graph":[{"@type":"Article","@id":"https:\/\/digidem-bayern.de\/wechseljahre-und-kognitive-gesundheit-2\/#article","isPartOf":{"@id":"https:\/\/digidem-bayern.de\/wechseljahre-und-kognitive-gesundheit-2\/"},"author":{"name":"Anne Keefer","@id":"\/#\/schema\/person\/0e8781e0653d1a8e57ca55bd2c3cb01f"},"headline":"Wechseljahre und kognitive Gesundheit","datePublished":"2025-10-02T13:04:50+00:00","dateModified":"2025-10-02T13:13:13+00:00","mainEntityOfPage":{"@id":"https:\/\/digidem-bayern.de\/wechseljahre-und-kognitive-gesundheit-2\/"},"wordCount":223,"commentCount":0,"publisher":{"@id":"\/#organization"},"image":{"@id":"https:\/\/digidem-bayern.de\/wechseljahre-und-kognitive-gesundheit-2\/#primaryimage"},"thumbnailUrl":"https:\/\/digidem-bayern.de\/wp-content\/uploads\/2025\/01\/Wechseljahre-shutterstock_2451616471.jpg","keywords":["Alzheimer","Aufmerksamkeit","Demenz","Demenzregister","digidem","Digitales Demenzregister Bayern","Hormonersatztherapie","Kognitive F\u00e4higkeiten","Medical Valley EMN e.V.","menopausale Hormonersatztherapie","Menopause","Petra Stute","Pr\u00e4vention","Universit\u00e4tsklinik f\u00fcr Frauenheilkunde Bern","Wechseljahre"],"articleSection":["Sciene Watch Live ARCHIV"],"inLanguage":"en-US","potentialAction":[{"@type":"CommentAction","name":"Comment","target":["https:\/\/digidem-bayern.de\/wechseljahre-und-kognitive-gesundheit-2\/#respond"]}]},{"@type":"WebPage","@id":"https:\/\/digidem-bayern.de\/wechseljahre-und-kognitive-gesundheit-2\/","url":"https:\/\/digidem-bayern.de\/wechseljahre-und-kognitive-gesundheit-2\/","name":"Wechseljahre und kognitive Gesundheit - digiDEM Bayern","isPartOf":{"@id":"\/#website"},"primaryImageOfPage":{"@id":"https:\/\/digidem-bayern.de\/wechseljahre-und-kognitive-gesundheit-2\/#primaryimage"},"image":{"@id":"https:\/\/digidem-bayern.de\/wechseljahre-und-kognitive-gesundheit-2\/#primaryimage"},"thumbnailUrl":"https:\/\/digidem-bayern.de\/wp-content\/uploads\/2025\/01\/Wechseljahre-shutterstock_2451616471.jpg","datePublished":"2025-10-02T13:04:50+00:00","dateModified":"2025-10-02T13:13:13+00:00","description":"Im Webinar \"digiDEM Bayern Science Watch LIVE\" behandeln Wissenschaftler ein Thema aus der Demenzforschung und stehen live f\u00fcr Fragen zur Verf\u00fcgung.","breadcrumb":{"@id":"https:\/\/digidem-bayern.de\/wechseljahre-und-kognitive-gesundheit-2\/#breadcrumb"},"inLanguage":"en-US","potentialAction":[{"@type":"ReadAction","target":["https:\/\/digidem-bayern.de\/wechseljahre-und-kognitive-gesundheit-2\/"]}]},{"@type":"ImageObject","inLanguage":"en-US","@id":"https:\/\/digidem-bayern.de\/wechseljahre-und-kognitive-gesundheit-2\/#primaryimage","url":"https:\/\/digidem-bayern.de\/wp-content\/uploads\/2025\/01\/Wechseljahre-shutterstock_2451616471.jpg","contentUrl":"https:\/\/digidem-bayern.de\/wp-content\/uploads\/2025\/01\/Wechseljahre-shutterstock_2451616471.jpg","width":1000,"height":667,"caption":"Prof. Dr. med. Petra Stute ist Leiterin der Gyn\u00e4kologischen Endokrinologie und des Menopausenzentrums an der Universit\u00e4tsklinik f\u00fcr Frauenheilkunde in Bern. Zudem ist sie dort stellvertretende Chef\u00e4rztin der Abteilung f\u00fcr Gyn\u00e4kologische Endokrinologie und Reproduktionsmedizin. Im kommenden Webinar wird sie den grundlegenden Zusammenhang zwischen Hormonen und kognitiver Gesundheit darstellen."},{"@type":"BreadcrumbList","@id":"https:\/\/digidem-bayern.de\/wechseljahre-und-kognitive-gesundheit-2\/#breadcrumb","itemListElement":[{"@type":"ListItem","position":1,"name":"Startseite","item":"https:\/\/digidem-bayern.de\/"},{"@type":"ListItem","position":2,"name":"Wechseljahre und kognitive Gesundheit"}]},{"@type":"WebSite","@id":"\/#website","url":"\/","name":"digiDEM Bavaria","description":"The digital dementia register in Bavaria researches and improves the structure of services for people with dementia and their relatives","publisher":{"@id":"\/#organization"},"potentialAction":[{"@type":"SearchAction","target":{"@type":"EntryPoint","urlTemplate":"\/?s={search_term_string}"},"query-input":{"@type":"PropertyValueSpecification","valueRequired":true,"valueName":"search_term_string"}}],"inLanguage":"en-US"},{"@type":"Organization","@id":"\/#organization","name":"digiDEM Bavaria","url":"\/","logo":{"@type":"ImageObject","inLanguage":"en-US","@id":"\/#\/schema\/logo\/image\/","url":"https:\/\/digidem-bayern.de\/wp-content\/uploads\/2022\/03\/cropped-Allgemeines_digiDEMLOGO-removebg-preview.png","contentUrl":"https:\/\/digidem-bayern.de\/wp-content\/uploads\/2022\/03\/cropped-Allgemeines_digiDEMLOGO-removebg-preview.png","width":612,"height":357,"caption":"digiDEM Bayern"},"image":{"@id":"\/#\/schema\/logo\/image\/"},"sameAs":["https:\/\/www.facebook.com\/digiDEMBayern\/","https:\/\/x.com\/digidem_bayern","https:\/\/www.instagram.com\/digidem.bayern","https:\/\/www.linkedin.com\/company\/digidem-bayern\/"]},{"@type":"Person","@id":"\/#\/schema\/person\/0e8781e0653d1a8e57ca55bd2c3cb01f","name":"Anne Keefer","url":"https:\/\/digidem-bayern.de\/en\/author\/ag-webinar\/"}]}},"uagb_featured_image_src":{"full":["https:\/\/digidem-bayern.de\/wp-content\/uploads\/2025\/01\/Wechseljahre-shutterstock_2451616471.jpg",1000,667,false],"thumbnail":["https:\/\/digidem-bayern.de\/wp-content\/uploads\/2025\/01\/Wechseljahre-shutterstock_2451616471-80x80.jpg",80,80,true],"medium":["https:\/\/digidem-bayern.de\/wp-content\/uploads\/2025\/01\/Wechseljahre-shutterstock_2451616471-300x200.jpg",300,200,true],"medium_large":["https:\/\/digidem-bayern.de\/wp-content\/uploads\/2025\/01\/Wechseljahre-shutterstock_2451616471-768x512.jpg",768,512,true],"large":["https:\/\/digidem-bayern.de\/wp-content\/uploads\/2025\/01\/Wechseljahre-shutterstock_2451616471.jpg",1000,667,false],"1536x1536":["https:\/\/digidem-bayern.de\/wp-content\/uploads\/2025\/01\/Wechseljahre-shutterstock_2451616471.jpg",1000,667,false],"2048x2048":["https:\/\/digidem-bayern.de\/wp-content\/uploads\/2025\/01\/Wechseljahre-shutterstock_2451616471.jpg",1000,667,false],"trp-custom-language-flag":["https:\/\/digidem-bayern.de\/wp-content\/uploads\/2025\/01\/Wechseljahre-shutterstock_2451616471.jpg",18,12,false],"qubely_landscape":["https:\/\/digidem-bayern.de\/wp-content\/uploads\/2025\/01\/Wechseljahre-shutterstock_2451616471.jpg",1000,667,false],"qubely_portrait":["https:\/\/digidem-bayern.de\/wp-content\/uploads\/2025\/01\/Wechseljahre-shutterstock_2451616471-540x320.jpg",540,320,true],"qubely_thumbnail":["https:\/\/digidem-bayern.de\/wp-content\/uploads\/2025\/01\/Wechseljahre-shutterstock_2451616471-140x100.jpg",140,100,true],"post-thumbnail":["https:\/\/digidem-bayern.de\/wp-content\/uploads\/2025\/01\/Wechseljahre-shutterstock_2451616471-525x350.jpg",525,350,true],"kahuna-featured":["https:\/\/digidem-bayern.de\/wp-content\/uploads\/2025\/01\/Wechseljahre-shutterstock_2451616471-734x350.jpg",734,350,true],"kahuna-featured-lp":["https:\/\/digidem-bayern.de\/wp-content\/uploads\/2025\/01\/Wechseljahre-shutterstock_2451616471-520x350.jpg",520,350,true],"kahuna-featured-half":["https:\/\/digidem-bayern.de\/wp-content\/uploads\/2025\/01\/Wechseljahre-shutterstock_2451616471-800x350.jpg",800,350,true],"kahuna-featured-third":["https:\/\/digidem-bayern.de\/wp-content\/uploads\/2025\/01\/Wechseljahre-shutterstock_2451616471-512x350.jpg",512,350,true],"kahuna-lpbox-1":["https:\/\/digidem-bayern.de\/wp-content\/uploads\/2025\/01\/Wechseljahre-shutterstock_2451616471-520x300.jpg",520,300,true],"kahuna-lpbox-2":["https:\/\/digidem-bayern.de\/wp-content\/uploads\/2025\/01\/Wechseljahre-shutterstock_2451616471-520x350.jpg",520,350,true],"demand-language-flag":["https:\/\/digidem-bayern.de\/wp-content\/uploads\/2025\/01\/Wechseljahre-shutterstock_2451616471-36x36.jpg",36,36,true],"dddkt-language-flag":["https:\/\/digidem-bayern.de\/wp-content\/uploads\/2025\/01\/Wechseljahre-shutterstock_2451616471-36x36.jpg",36,36,true],"ddiqc-language-flag":["https:\/\/digidem-bayern.de\/wp-content\/uploads\/2025\/01\/Wechseljahre-shutterstock_2451616471-36x36.jpg",36,36,true],"ddtl-language-flag":["https:\/\/digidem-bayern.de\/wp-content\/uploads\/2025\/01\/Wechseljahre-shutterstock_2451616471-36x36.jpg",36,36,true],"mailpoet_newsletter_max":["https:\/\/digidem-bayern.de\/wp-content\/uploads\/2025\/01\/Wechseljahre-shutterstock_2451616471.jpg",1000,667,false],"kahuna-lpbox-3":["https:\/\/digidem-bayern.de\/wp-content\/uploads\/2025\/01\/Wechseljahre-shutterstock_2451616471-520x350.jpg",520,350,true],"kahuna-featured-square":["https:\/\/digidem-bayern.de\/wp-content\/uploads\/2025\/01\/Wechseljahre-shutterstock_2451616471-512x512.jpg",512,512,true],"kahuna-featured-square-large":["https:\/\/digidem-bayern.de\/wp-content\/uploads\/2025\/01\/Wechseljahre-shutterstock_2451616471.jpg",1000,667,false]},"uagb_author_info":{"display_name":"Anne Keefer","author_link":"https:\/\/digidem-bayern.de\/en\/author\/ag-webinar\/"},"uagb_comment_info":32,"uagb_excerpt":"Hitzewallungen, Schlafst\u00f6rungen, Stimmungsschwankungen \u2013 die Lebensphase der Wechseljahre kann bei Frauen verschiedene k\u00f6rperliche und mentale Ver\u00e4nderungen hervorrufen. Auch die Ged\u00e4chtnisleistung und andere kognitive F\u00e4higkeiten wie Konzentration und Aufmerksamkeit k\u00f6nnen in dieser Lebensphase durch hormonelle Ver\u00e4nderungen beeinflusst werden. Um die verschiedenen Beschwerden der Wechseljahre zu mindern, kann eine menopausale Hormonersatztherapie in &hellip;","_links":{"self":[{"href":"https:\/\/digidem-bayern.de\/en\/wp-json\/wp\/v2\/posts\/45901","targetHints":{"allow":["GET"]}}],"collection":[{"href":"https:\/\/digidem-bayern.de\/en\/wp-json\/wp\/v2\/posts"}],"about":[{"href":"https:\/\/digidem-bayern.de\/en\/wp-json\/wp\/v2\/types\/post"}],"author":[{"embeddable":true,"href":"https:\/\/digidem-bayern.de\/en\/wp-json\/wp\/v2\/users\/7"}],"replies":[{"embeddable":true,"href":"https:\/\/digidem-bayern.de\/en\/wp-json\/wp\/v2\/comments?post=45901"}],"version-history":[{"count":2,"href":"https:\/\/digidem-bayern.de\/en\/wp-json\/wp\/v2\/posts\/45901\/revisions"}],"predecessor-version":[{"id":45906,"href":"https:\/\/digidem-bayern.de\/en\/wp-json\/wp\/v2\/posts\/45901\/revisions\/45906"}],"wp:featuredmedia":[{"embeddable":true,"href":"https:\/\/digidem-bayern.de\/en\/wp-json\/wp\/v2\/media\/41209"}],"wp:attachment":[{"href":"https:\/\/digidem-bayern.de\/en\/wp-json\/wp\/v2\/media?parent=45901"}],"wp:term":[{"taxonomy":"category","embeddable":true,"href":"https:\/\/digidem-bayern.de\/en\/wp-json\/wp\/v2\/categories?post=45901"},{"taxonomy":"post_tag","embeddable":true,"href":"https:\/\/digidem-bayern.de\/en\/wp-json\/wp\/v2\/tags?post=45901"}],"curies":[{"name":"wp","href":"https:\/\/api.w.org\/{rel}","templated":true}]}}