{"id":45834,"date":"2025-09-29T15:49:20","date_gmt":"2025-09-29T13:49:20","guid":{"rendered":"https:\/\/digidem-bayern.de\/?p=45834"},"modified":"2025-09-29T16:31:37","modified_gmt":"2025-09-29T14:31:37","slug":"digidem-bayern-symposium-auf-dem-dkvf-2025-in-hamburg","status":"publish","type":"post","link":"https:\/\/digidem-bayern.de\/en\/digidem-bayern-symposium-auf-dem-dkvf-2025-in-hamburg\/","title":{"rendered":"digiDEM Bayern-Symposium auf dem DKVF 2025 in Hamburg"},"content":{"rendered":"<p><strong><strong><strong><strong><strong><strong><strong><strong><strong><strong><strong><strong><strong><strong><strong><strong><strong><strong><strong><strong><strong><strong><strong><strong><strong><strong><strong><strong><strong><strong>Anl\u00e4sslich des&nbsp;24.&nbsp;Deutschen Kongresses f\u00fcr Versorgungsforschung (DKVF) in Hamburg hat digiDEM Bayern zu seinem wissenschaftlichen Symposium eingeladen. Auf dem Campus des Universit\u00e4tsklinikums Eppendorf (UKE), wo der DKVF vom&nbsp;<strong>22. bis 24.&nbsp;<\/strong>September 2024 stattfand, pr\u00e4sentierten die digiDEM Bayern-Forschenden aktuelle Forschungsergebnisse.<\/strong><\/strong><\/strong><\/strong><\/strong><\/strong><\/strong><\/strong><\/strong><\/strong><\/strong><\/strong><\/strong><\/strong><\/strong><\/strong><\/strong><\/strong><\/strong><\/strong><\/strong><\/strong><\/strong><\/strong><\/strong><\/strong><\/strong><\/strong><\/strong><\/strong><\/p>\n\n\n<div class=\"wp-block-image\">\n<figure class=\"alignright size-large is-resized\"><img loading=\"lazy\" decoding=\"async\" width=\"1030\" height=\"1000\" src=\"https:\/\/digidem-bayern.de\/wp-content\/uploads\/2025\/09\/01-2025-09-23-DKVF-2025-Gruppe-Foto-privat-1030x1000.jpeg\" alt=\"An der Veranstaltung des Deutschen Netzwerks Versorgungsforschung (DNVF) nahmen mehr als 1.100 Versorgungsforschende, Interessierte sowie Patientinnen und Patienten teil \u2013 eine Rekordzahl.\" class=\"wp-image-45836\" style=\"width:391px;height:auto\" srcset=\"https:\/\/digidem-bayern.de\/wp-content\/uploads\/2025\/09\/01-2025-09-23-DKVF-2025-Gruppe-Foto-privat-1030x1000.jpeg 1030w, https:\/\/digidem-bayern.de\/wp-content\/uploads\/2025\/09\/01-2025-09-23-DKVF-2025-Gruppe-Foto-privat-300x291.jpeg 300w, https:\/\/digidem-bayern.de\/wp-content\/uploads\/2025\/09\/01-2025-09-23-DKVF-2025-Gruppe-Foto-privat-768x746.jpeg 768w, https:\/\/digidem-bayern.de\/wp-content\/uploads\/2025\/09\/01-2025-09-23-DKVF-2025-Gruppe-Foto-privat-1536x1491.jpeg 1536w, https:\/\/digidem-bayern.de\/wp-content\/uploads\/2025\/09\/01-2025-09-23-DKVF-2025-Gruppe-Foto-privat-2048x1988.jpeg 2048w, https:\/\/digidem-bayern.de\/wp-content\/uploads\/2025\/09\/01-2025-09-23-DKVF-2025-Gruppe-Foto-privat-361x350.jpeg 361w, https:\/\/digidem-bayern.de\/wp-content\/uploads\/2025\/09\/01-2025-09-23-DKVF-2025-Gruppe-Foto-privat-36x36.jpeg 36w, https:\/\/digidem-bayern.de\/wp-content\/uploads\/2025\/09\/01-2025-09-23-DKVF-2025-Gruppe-Foto-privat-1320x1281.jpeg 1320w, https:\/\/digidem-bayern.de\/wp-content\/uploads\/2025\/09\/01-2025-09-23-DKVF-2025-Gruppe-Foto-privat.jpeg 1600w\" sizes=\"auto, (max-width: 1030px) 100vw, 1030px\" \/><figcaption class=\"wp-element-caption\">Das digiDEM Bayern-Team kurz vor Beginn des 24. Deutschen Kongresses f\u00fcr Versorgungsforschung (DKVF) auf dem Campus des Universit\u00e4tsklinikums Eppendorf in Hamburg. Foto: privat<\/figcaption><\/figure>\n<\/div>\n\n\n<p>An der Veranstaltung des Deutschen Netzwerks Versorgungsforschung (DNVF) nahmen mehr als 1.100 Versorgungsforschende, Interessierte sowie Patientinnen und Patienten teil \u2013 eine Rekordzahl. In diesem Jahr stand der Kongress unter dem Leitthema \u201eZukunftskompetenz f\u00fcr ein resilientes Gesundheitssystem\u201c.<strong>&nbsp;<\/strong>Demografischer Wandel, Digitalisierung, Fachkr\u00e4ftemangel, Klimawandel, Pandemien und kriegerische Auseinandersetzungen \u2013 angesichts der gro\u00dfen Herausforderungen m\u00fcsse das Gesundheitssystem resilienter werden, hie\u00df es auf dem Kongress, damit auch zuk\u00fcnftig eine gute Versorgung&nbsp;zum Nutzen von Patientinnen und Patienten&nbsp;gew\u00e4hrleistet werden k\u00f6nne.&nbsp;<\/p>\n\n\n\n<p><strong>Neue&nbsp;<\/strong><strong>Denkans\u00e4tze und Perspektiven<\/strong><\/p>\n\n\n\n<p>Dazu wollte der Kongress&nbsp;neue Denkans\u00e4tze und Perspektiven f\u00fcr die Gesundheitsversorgung der Zukunft in Deutschland diskutieren und L\u00f6sungen aufzeigen. \u201eDies ist in jeder Hinsicht gelungen\u201c, sagte Kongresspr\u00e4sident Prof. Dr. Horst Christian Vollmar, Vorstandsmitglied im Deutschen Netzwerk Versorgungsforschung (DNVF) und Leiter der Abteilung f\u00fcr Allgemeinmedizin an der Ruhr-Universit\u00e4t Bochum. \u201eWir m\u00fcssen lernen, die wissenschaftlichen Erkenntnisse, die wir erarbeiten, so zu erkl\u00e4ren, dass sie allgemeinverst\u00e4ndlich sind und ihre Notwendigkeit klar wird.\u201c<\/p>\n\n\n\n<p><strong>Acht digiDEM Bayern-Vortr\u00e4ge<\/strong><\/p>\n\n\n<div class=\"wp-block-image\">\n<figure class=\"alignleft size-large is-resized\"><img loading=\"lazy\" decoding=\"async\" width=\"1030\" height=\"773\" src=\"https:\/\/digidem-bayern.de\/wp-content\/uploads\/2025\/09\/02-2025-09-23-DKVF-2025-PKO-und-NDI-Foto-Ilona-Hoerath-1030x773.jpg\" alt=\"In diesem Jahr stand der Kongress unter dem Leitthema \u201eZukunftskompetenz f\u00fcr ein resilientes Gesundheitssystem\u201c.\" class=\"wp-image-45837\" style=\"width:452px;height:auto\" srcset=\"https:\/\/digidem-bayern.de\/wp-content\/uploads\/2025\/09\/02-2025-09-23-DKVF-2025-PKO-und-NDI-Foto-Ilona-Hoerath-1030x773.jpg 1030w, https:\/\/digidem-bayern.de\/wp-content\/uploads\/2025\/09\/02-2025-09-23-DKVF-2025-PKO-und-NDI-Foto-Ilona-Hoerath-300x225.jpg 300w, https:\/\/digidem-bayern.de\/wp-content\/uploads\/2025\/09\/02-2025-09-23-DKVF-2025-PKO-und-NDI-Foto-Ilona-Hoerath-768x576.jpg 768w, https:\/\/digidem-bayern.de\/wp-content\/uploads\/2025\/09\/02-2025-09-23-DKVF-2025-PKO-und-NDI-Foto-Ilona-Hoerath-1536x1152.jpg 1536w, https:\/\/digidem-bayern.de\/wp-content\/uploads\/2025\/09\/02-2025-09-23-DKVF-2025-PKO-und-NDI-Foto-Ilona-Hoerath-467x350.jpg 467w, https:\/\/digidem-bayern.de\/wp-content\/uploads\/2025\/09\/02-2025-09-23-DKVF-2025-PKO-und-NDI-Foto-Ilona-Hoerath-1320x990.jpg 1320w, https:\/\/digidem-bayern.de\/wp-content\/uploads\/2025\/09\/02-2025-09-23-DKVF-2025-PKO-und-NDI-Foto-Ilona-Hoerath.jpg 1600w\" sizes=\"auto, (max-width: 1030px) 100vw, 1030px\" \/><figcaption class=\"wp-element-caption\">digiDEM Bayern-Projektleiter Prof. Dr. med. Peter Kolominsky-Rabas und Dr. Nikolas Dietzel haben das digiDEM Bayern-Symposium moderiert. Foto: Ilona H\u00f6rath<\/figcaption><\/figure>\n<\/div>\n\n\n<p>Gerade f\u00fcr junge Nachwuchswissenschaftlerinnen und -wissenschaftler ist der DKVF eine wichtige Plattform, um sich zu vernetzen und die wissenschaftliche Arbeit vorzustellen. Auf dem digiDEM Bayern-Symposium konnten sich die Zuh\u00f6renden dabei einen umfassenden \u00dcberblick \u00fcber die intensive Forschung bei digiDEM Bayern verschaffen. Unter dem Titel \u201edigiDEM Bayern: Ergebnisse aus einem Demenzregister\u201c zeigte das digiDEM Bayern-Team, welche Erkenntnisse sie aus der Erhebung von Langzeitdaten gewonnen haben.&nbsp;Moderiert wurde das&nbsp;digiDEM Bayern-Symposium von Projektleiter Prof. Dr. med.&nbsp;Peter Kolominsky-Rabas&nbsp;im Wechsel mit&nbsp;Dr. Nikolas Dietzel.&nbsp;<\/p>\n\n\n\n<p><strong>Facettenreich und fundiert<\/strong><strong><\/strong><\/p>\n\n\n\n<p>So&nbsp;referierte Lisa Laininger \u00fcber Demenz-Screening als regionales Versorgungsangebot zur Demenzfr\u00fcherkennung, w\u00e4hrend Jana R\u00fchl \u00fcber Stadt-Land-Unterschiede in der Demenzdiagnostik sprach. Zum Zukunftsthema Digitalisierung&nbsp;und speziell \u00fcber Demenz-Screening per App trug digiDEM Bayern-Wissenschaftlerin&nbsp;Anne Keefer die Ergebnisse von Dr. Michael Zeiler vor. Anne Keefer befasste sich auch mit einem Thema, das viele bewegt: Autofahren bei Seniorinnen und Senioren mit kognitiven Beeintr\u00e4chtigungen.&nbsp;\u00dcber die \u201eSoziale Isolation bei Menschen mit Demenz\u201c hingegen informierte Lea D\u00fctsch. Im Vortrag von Florian Weidinger ging es um \u201eGeschlechterunterschiede in der informellen Pflege von Menschen mit kognitiven Beeintr\u00e4chtigungen\u201c. Nicht zuletzt pr\u00e4sentierte Dr. Nikolas Dietzel seine Forschungsergebnisse \u00fcber die \u201eZeit von der Demenzdiagnose bis zum Heim\u00fcbertritt\u201c.&nbsp;&nbsp;Ergebnisse aus dem Demenzregister zum Aspekt \u201eZeit von der Demenzdiagnose bis zum Tod\u201c stellte Sina Degirmenci vor.&nbsp;<\/p>\n\n\n<div class=\"wp-block-image\">\n<figure class=\"alignright size-large is-resized\"><img loading=\"lazy\" decoding=\"async\" width=\"1030\" height=\"773\" src=\"https:\/\/digidem-bayern.de\/wp-content\/uploads\/2025\/09\/03-2025-09-23-DKVF-2025-NDI-Sophia-Scheuermann-Dr.-Andre-Kratzer-PKO-Foto-Ilona-Hoerath-1030x773.jpeg\" alt=\"An der Veranstaltung des Deutschen Netzwerks Versorgungsforschung (DNVF) nahmen mehr als 1.100 Versorgungsforschende, Interessierte sowie Patientinnen und Patienten teil \u2013 eine Rekordzahl.\" class=\"wp-image-45838\" style=\"width:470px;height:auto\" srcset=\"https:\/\/digidem-bayern.de\/wp-content\/uploads\/2025\/09\/03-2025-09-23-DKVF-2025-NDI-Sophia-Scheuermann-Dr.-Andre-Kratzer-PKO-Foto-Ilona-Hoerath-1030x773.jpeg 1030w, https:\/\/digidem-bayern.de\/wp-content\/uploads\/2025\/09\/03-2025-09-23-DKVF-2025-NDI-Sophia-Scheuermann-Dr.-Andre-Kratzer-PKO-Foto-Ilona-Hoerath-300x225.jpeg 300w, https:\/\/digidem-bayern.de\/wp-content\/uploads\/2025\/09\/03-2025-09-23-DKVF-2025-NDI-Sophia-Scheuermann-Dr.-Andre-Kratzer-PKO-Foto-Ilona-Hoerath-768x576.jpeg 768w, https:\/\/digidem-bayern.de\/wp-content\/uploads\/2025\/09\/03-2025-09-23-DKVF-2025-NDI-Sophia-Scheuermann-Dr.-Andre-Kratzer-PKO-Foto-Ilona-Hoerath-1536x1152.jpeg 1536w, https:\/\/digidem-bayern.de\/wp-content\/uploads\/2025\/09\/03-2025-09-23-DKVF-2025-NDI-Sophia-Scheuermann-Dr.-Andre-Kratzer-PKO-Foto-Ilona-Hoerath-2048x1536.jpeg 2048w, https:\/\/digidem-bayern.de\/wp-content\/uploads\/2025\/09\/03-2025-09-23-DKVF-2025-NDI-Sophia-Scheuermann-Dr.-Andre-Kratzer-PKO-Foto-Ilona-Hoerath-467x350.jpeg 467w, https:\/\/digidem-bayern.de\/wp-content\/uploads\/2025\/09\/03-2025-09-23-DKVF-2025-NDI-Sophia-Scheuermann-Dr.-Andre-Kratzer-PKO-Foto-Ilona-Hoerath-1320x990.jpeg 1320w, https:\/\/digidem-bayern.de\/wp-content\/uploads\/2025\/09\/03-2025-09-23-DKVF-2025-NDI-Sophia-Scheuermann-Dr.-Andre-Kratzer-PKO-Foto-Ilona-Hoerath.jpeg 1600w\" sizes=\"auto, (max-width: 1030px) 100vw, 1030px\" \/><figcaption class=\"wp-element-caption\">Freude \u00fcber das Wiedersehen (v. l.): digiDEM Bayern-Wissenschaftler Dr. Nikolas Dietzel, Sophia Scheuermann und Dr. Andr\u00e9 Kratzer, beide vom Universit\u00e4tsklinikum Erlangen, und digiDEM Bayern-Projektleiter Prof. Dr. med. Peter Kolominsky-Rabas. Foto: Ilona H\u00f6rath<\/figcaption><\/figure>\n<\/div>\n\n\n<p><strong>Versorgungsforschung der Zukunft<\/strong><\/p>\n\n\n\n<p>In den zahlreichen anderen Veranstaltungen war zum Beispiel zu erfahren, dass immer mehr pflegende An- und Zugeh\u00f6rige digitale Technologien nutzen. Dieses Forschungsfeld werde mehr und mehr erforscht, die \u201edigitale Gesundheitskompetenz\u201c m\u00fcsse in Lehre und Forschung gest\u00e4rkt werden. Vorgestellt&nbsp;wurden auch Versorgungsmodelle vor, die eine evidenzbasierte und werteorientierte Versorgung \u00e4lterer Menschen erm\u00f6glichen. Zu den weiteren Themen geh\u00f6rten zum Beispiel der Einsatz von K\u00fcnstlicher Intelligenz in der Gesundheitsversorgung und wie Gesundheitswesen und Gesellschaft optimal auf k\u00fcnftige Gesundheitskrisen vorbereitet werden k\u00f6nnen.<\/p>\n\n\n\n<p><span style=\"caret-color: rgb(0, 0, 0); color: rgb(0, 0, 0); font-family: -webkit-standard; font-size: medium; white-space: normal;\"><\/span><\/p>\n\n\n\n<p><\/p>\n\n\n\n<p><\/p>\n\n\n\n<p><\/p>\n\n\n\n<p><\/p>\n\n\n\n<p><\/p>\n\n\n\n<p><\/p>\n\n\n\n<p><\/p>\n\n\n\n<p><\/p>\n\n\n\n<div style=\"height:20px\" aria-hidden=\"true\" class=\"wp-block-spacer\"><\/div>\n\n\n\n<p><\/p>","protected":false},"excerpt":{"rendered":"<p>Anl\u00e4sslich des&nbsp;24.&nbsp;Deutschen Kongresses f\u00fcr Versorgungsforschung (DKVF) in Hamburg hat digiDEM Bayern zu seinem wissenschaftlichen Symposium eingeladen. Auf dem Campus des Universit\u00e4tsklinikums Eppendorf (UKE), wo der DKVF vom&nbsp;22. bis 24.&nbsp;September 2024 stattfand, pr\u00e4sentierten die digiDEM Bayern-Forschenden aktuelle Forschungsergebnisse. An der Veranstaltung des Deutschen Netzwerks Versorgungsforschung (DNVF) nahmen mehr als 1.100 Versorgungsforschende, &hellip;<\/p>","protected":false},"author":12,"featured_media":45836,"comment_status":"open","ping_status":"closed","sticky":false,"template":"","format":"standard","meta":{"qubely_global_settings":"","qubely_interactions":"","_uag_custom_page_level_css":"","footnotes":""},"categories":[8,5],"tags":[13,406,916,868,1427,112,38,407,1036,14,17,1705,20,1699,1702,1269,1574,1704,1701,171,1703,530,1700,73],"class_list":["post-45834","post","type-post","status-publish","format-standard","has-post-thumbnail","hentry","category-aktuelles-zu-digidem","category-wissenschaft-forschung","tag-alzheimer","tag-alzheimer-demenz","tag-bayerische-demenzwoche","tag-demenz-frueherkennung","tag-demenz-screning","tag-demenzdiagnose","tag-demenzregister","tag-demenztest","tag-demographischer-wandel","tag-digidem","tag-digidem-bayern","tag-digitale-gesundheitskompetenz","tag-digitalisierung","tag-dkvf","tag-fachkraeftemangel","tag-gesundheitsversorgung","tag-klimawandel","tag-registerforschung","tag-resilientes-gesundheitssystem","tag-resilienz","tag-ruhr-universitaet-bochum","tag-symposium","tag-universitaetsklinikum-eppendorf","tag-universitaetsklinikum-erlangen"],"qubely_featured_image_url":{"full":["https:\/\/digidem-bayern.de\/wp-content\/uploads\/2025\/09\/01-2025-09-23-DKVF-2025-Gruppe-Foto-privat.jpeg",1600,1553,false],"landscape":["https:\/\/digidem-bayern.de\/wp-content\/uploads\/2025\/09\/01-2025-09-23-DKVF-2025-Gruppe-Foto-privat-1200x750.jpeg",1200,750,true],"portraits":["https:\/\/digidem-bayern.de\/wp-content\/uploads\/2025\/09\/01-2025-09-23-DKVF-2025-Gruppe-Foto-privat-540x320.jpeg",540,320,true],"thumbnail":["https:\/\/digidem-bayern.de\/wp-content\/uploads\/2025\/09\/01-2025-09-23-DKVF-2025-Gruppe-Foto-privat-80x80.jpeg",80,80,true],"medium":["https:\/\/digidem-bayern.de\/wp-content\/uploads\/2025\/09\/01-2025-09-23-DKVF-2025-Gruppe-Foto-privat-300x291.jpeg",300,291,true],"medium_large":["https:\/\/digidem-bayern.de\/wp-content\/uploads\/2025\/09\/01-2025-09-23-DKVF-2025-Gruppe-Foto-privat-768x746.jpeg",768,746,true],"large":["https:\/\/digidem-bayern.de\/wp-content\/uploads\/2025\/09\/01-2025-09-23-DKVF-2025-Gruppe-Foto-privat-1030x1000.jpeg",1030,1000,true],"1536x1536":["https:\/\/digidem-bayern.de\/wp-content\/uploads\/2025\/09\/01-2025-09-23-DKVF-2025-Gruppe-Foto-privat-1536x1491.jpeg",1536,1491,true],"2048x2048":["https:\/\/digidem-bayern.de\/wp-content\/uploads\/2025\/09\/01-2025-09-23-DKVF-2025-Gruppe-Foto-privat-2048x1988.jpeg",2048,1988,true],"trp-custom-language-flag":["https:\/\/digidem-bayern.de\/wp-content\/uploads\/2025\/09\/01-2025-09-23-DKVF-2025-Gruppe-Foto-privat.jpeg",12,12,false],"qubely_landscape":["https:\/\/digidem-bayern.de\/wp-content\/uploads\/2025\/09\/01-2025-09-23-DKVF-2025-Gruppe-Foto-privat-1200x750.jpeg",1200,750,true],"qubely_portrait":["https:\/\/digidem-bayern.de\/wp-content\/uploads\/2025\/09\/01-2025-09-23-DKVF-2025-Gruppe-Foto-privat-540x320.jpeg",540,320,true],"qubely_thumbnail":["https:\/\/digidem-bayern.de\/wp-content\/uploads\/2025\/09\/01-2025-09-23-DKVF-2025-Gruppe-Foto-privat-140x100.jpeg",140,100,true],"post-thumbnail":["https:\/\/digidem-bayern.de\/wp-content\/uploads\/2025\/09\/01-2025-09-23-DKVF-2025-Gruppe-Foto-privat-361x350.jpeg",361,350,true],"kahuna-featured":["https:\/\/digidem-bayern.de\/wp-content\/uploads\/2025\/09\/01-2025-09-23-DKVF-2025-Gruppe-Foto-privat-734x350.jpeg",734,350,true],"kahuna-featured-lp":["https:\/\/digidem-bayern.de\/wp-content\/uploads\/2025\/09\/01-2025-09-23-DKVF-2025-Gruppe-Foto-privat-520x350.jpeg",520,350,true],"kahuna-featured-half":["https:\/\/digidem-bayern.de\/wp-content\/uploads\/2025\/09\/01-2025-09-23-DKVF-2025-Gruppe-Foto-privat-800x350.jpeg",800,350,true],"kahuna-featured-third":["https:\/\/digidem-bayern.de\/wp-content\/uploads\/2025\/09\/01-2025-09-23-DKVF-2025-Gruppe-Foto-privat-512x350.jpeg",512,350,true],"kahuna-lpbox-1":["https:\/\/digidem-bayern.de\/wp-content\/uploads\/2025\/09\/01-2025-09-23-DKVF-2025-Gruppe-Foto-privat-520x300.jpeg",520,300,true],"kahuna-lpbox-2":["https:\/\/digidem-bayern.de\/wp-content\/uploads\/2025\/09\/01-2025-09-23-DKVF-2025-Gruppe-Foto-privat-520x350.jpeg",520,350,true],"demand-language-flag":["https:\/\/digidem-bayern.de\/wp-content\/uploads\/2025\/09\/01-2025-09-23-DKVF-2025-Gruppe-Foto-privat-36x36.jpeg",36,36,true],"dddkt-language-flag":["https:\/\/digidem-bayern.de\/wp-content\/uploads\/2025\/09\/01-2025-09-23-DKVF-2025-Gruppe-Foto-privat-36x36.jpeg",36,36,true],"ddiqc-language-flag":["https:\/\/digidem-bayern.de\/wp-content\/uploads\/2025\/09\/01-2025-09-23-DKVF-2025-Gruppe-Foto-privat-36x36.jpeg",36,36,true],"ddtl-language-flag":["https:\/\/digidem-bayern.de\/wp-content\/uploads\/2025\/09\/01-2025-09-23-DKVF-2025-Gruppe-Foto-privat-36x36.jpeg",36,36,true],"mailpoet_newsletter_max":["https:\/\/digidem-bayern.de\/wp-content\/uploads\/2025\/09\/01-2025-09-23-DKVF-2025-Gruppe-Foto-privat-1320x1281.jpeg",1320,1281,true],"kahuna-lpbox-3":["https:\/\/digidem-bayern.de\/wp-content\/uploads\/2025\/09\/01-2025-09-23-DKVF-2025-Gruppe-Foto-privat-520x350.jpeg",520,350,true],"kahuna-featured-square":["https:\/\/digidem-bayern.de\/wp-content\/uploads\/2025\/09\/01-2025-09-23-DKVF-2025-Gruppe-Foto-privat-512x512.jpeg",512,512,true],"kahuna-featured-square-large":["https:\/\/digidem-bayern.de\/wp-content\/uploads\/2025\/09\/01-2025-09-23-DKVF-2025-Gruppe-Foto-privat-1024x1024.jpeg",1024,1024,true]},"qubely_author":{"display_name":"Ilona H\u00f6rath","author_link":"https:\/\/digidem-bayern.de\/en\/author\/hoeratia\/"},"qubely_comment":5,"qubely_category":"<a href=\"https:\/\/digidem-bayern.de\/en\/category\/aktuelles-zu-digidem\/\" rel=\"category tag\">Aktuelles zu digiDEM<\/a> <a href=\"https:\/\/digidem-bayern.de\/en\/category\/wissenschaft-forschung\/\" rel=\"category tag\">Wissenschaft &amp; Forschung<\/a>","qubely_excerpt":"Anl\u00e4sslich des&nbsp;24.&nbsp;Deutschen Kongresses f\u00fcr Versorgungsforschung (DKVF) in Hamburg hat digiDEM Bayern zu seinem wissenschaftlichen Symposium eingeladen. Auf dem Campus des Universit\u00e4tsklinikums Eppendorf (UKE), wo der DKVF vom&nbsp;22. bis 24.&nbsp;September 2024 stattfand, pr\u00e4sentierten die digiDEM Bayern-Forschenden aktuelle Forschungsergebnisse. An der Veranstaltung des Deutschen Netzwerks Versorgungsforschung (DNVF) nahmen mehr als 1.100 Versorgungsforschende, &hellip;","featured_image_urls_v2":{"full":["https:\/\/digidem-bayern.de\/wp-content\/uploads\/2025\/09\/01-2025-09-23-DKVF-2025-Gruppe-Foto-privat.jpeg",1600,1553,false],"thumbnail":["https:\/\/digidem-bayern.de\/wp-content\/uploads\/2025\/09\/01-2025-09-23-DKVF-2025-Gruppe-Foto-privat-80x80.jpeg",80,80,true],"medium":["https:\/\/digidem-bayern.de\/wp-content\/uploads\/2025\/09\/01-2025-09-23-DKVF-2025-Gruppe-Foto-privat-300x291.jpeg",300,291,true],"medium_large":["https:\/\/digidem-bayern.de\/wp-content\/uploads\/2025\/09\/01-2025-09-23-DKVF-2025-Gruppe-Foto-privat-768x746.jpeg",768,746,true],"large":["https:\/\/digidem-bayern.de\/wp-content\/uploads\/2025\/09\/01-2025-09-23-DKVF-2025-Gruppe-Foto-privat-1030x1000.jpeg",1030,1000,true],"1536x1536":["https:\/\/digidem-bayern.de\/wp-content\/uploads\/2025\/09\/01-2025-09-23-DKVF-2025-Gruppe-Foto-privat-1536x1491.jpeg",1536,1491,true],"2048x2048":["https:\/\/digidem-bayern.de\/wp-content\/uploads\/2025\/09\/01-2025-09-23-DKVF-2025-Gruppe-Foto-privat-2048x1988.jpeg",2048,1988,true],"trp-custom-language-flag":["https:\/\/digidem-bayern.de\/wp-content\/uploads\/2025\/09\/01-2025-09-23-DKVF-2025-Gruppe-Foto-privat.jpeg",12,12,false],"qubely_landscape":["https:\/\/digidem-bayern.de\/wp-content\/uploads\/2025\/09\/01-2025-09-23-DKVF-2025-Gruppe-Foto-privat-1200x750.jpeg",1200,750,true],"qubely_portrait":["https:\/\/digidem-bayern.de\/wp-content\/uploads\/2025\/09\/01-2025-09-23-DKVF-2025-Gruppe-Foto-privat-540x320.jpeg",540,320,true],"qubely_thumbnail":["https:\/\/digidem-bayern.de\/wp-content\/uploads\/2025\/09\/01-2025-09-23-DKVF-2025-Gruppe-Foto-privat-140x100.jpeg",140,100,true],"post-thumbnail":["https:\/\/digidem-bayern.de\/wp-content\/uploads\/2025\/09\/01-2025-09-23-DKVF-2025-Gruppe-Foto-privat-361x350.jpeg",361,350,true],"kahuna-featured":["https:\/\/digidem-bayern.de\/wp-content\/uploads\/2025\/09\/01-2025-09-23-DKVF-2025-Gruppe-Foto-privat-734x350.jpeg",734,350,true],"kahuna-featured-lp":["https:\/\/digidem-bayern.de\/wp-content\/uploads\/2025\/09\/01-2025-09-23-DKVF-2025-Gruppe-Foto-privat-520x350.jpeg",520,350,true],"kahuna-featured-half":["https:\/\/digidem-bayern.de\/wp-content\/uploads\/2025\/09\/01-2025-09-23-DKVF-2025-Gruppe-Foto-privat-800x350.jpeg",800,350,true],"kahuna-featured-third":["https:\/\/digidem-bayern.de\/wp-content\/uploads\/2025\/09\/01-2025-09-23-DKVF-2025-Gruppe-Foto-privat-512x350.jpeg",512,350,true],"kahuna-lpbox-1":["https:\/\/digidem-bayern.de\/wp-content\/uploads\/2025\/09\/01-2025-09-23-DKVF-2025-Gruppe-Foto-privat-520x300.jpeg",520,300,true],"kahuna-lpbox-2":["https:\/\/digidem-bayern.de\/wp-content\/uploads\/2025\/09\/01-2025-09-23-DKVF-2025-Gruppe-Foto-privat-520x350.jpeg",520,350,true],"demand-language-flag":["https:\/\/digidem-bayern.de\/wp-content\/uploads\/2025\/09\/01-2025-09-23-DKVF-2025-Gruppe-Foto-privat-36x36.jpeg",36,36,true],"dddkt-language-flag":["https:\/\/digidem-bayern.de\/wp-content\/uploads\/2025\/09\/01-2025-09-23-DKVF-2025-Gruppe-Foto-privat-36x36.jpeg",36,36,true],"ddiqc-language-flag":["https:\/\/digidem-bayern.de\/wp-content\/uploads\/2025\/09\/01-2025-09-23-DKVF-2025-Gruppe-Foto-privat-36x36.jpeg",36,36,true],"ddtl-language-flag":["https:\/\/digidem-bayern.de\/wp-content\/uploads\/2025\/09\/01-2025-09-23-DKVF-2025-Gruppe-Foto-privat-36x36.jpeg",36,36,true],"mailpoet_newsletter_max":["https:\/\/digidem-bayern.de\/wp-content\/uploads\/2025\/09\/01-2025-09-23-DKVF-2025-Gruppe-Foto-privat-1320x1281.jpeg",1320,1281,true],"kahuna-lpbox-3":["https:\/\/digidem-bayern.de\/wp-content\/uploads\/2025\/09\/01-2025-09-23-DKVF-2025-Gruppe-Foto-privat-520x350.jpeg",520,350,true],"kahuna-featured-square":["https:\/\/digidem-bayern.de\/wp-content\/uploads\/2025\/09\/01-2025-09-23-DKVF-2025-Gruppe-Foto-privat-512x512.jpeg",512,512,true],"kahuna-featured-square-large":["https:\/\/digidem-bayern.de\/wp-content\/uploads\/2025\/09\/01-2025-09-23-DKVF-2025-Gruppe-Foto-privat-1024x1024.jpeg",1024,1024,true]},"post_excerpt_stackable_v2":"<p>Anl\u00e4sslich des&nbsp;24.&nbsp;Deutschen Kongresses f\u00fcr Versorgungsforschung (DKVF) in Hamburg hat digiDEM Bayern zu seinem wissenschaftlichen Symposium eingeladen. Auf dem Campus des Universit\u00e4tsklinikums Eppendorf (UKE), wo der DKVF vom&nbsp;22. bis 24.&nbsp;September 2024 stattfand, pr\u00e4sentierten die digiDEM Bayern-Forschenden aktuelle Forschungsergebnisse. Das digiDEM Bayern-Team kurz vor Beginn des 24. Deutschen Kongresses f\u00fcr Versorgungsforschung (DKVF) auf dem Campus des Universit\u00e4tsklinikums Eppendorf in Hamburg. Foto: privat An der Veranstaltung des Deutschen Netzwerks Versorgungsforschung (DNVF) nahmen mehr als 1.100 Versorgungsforschende, Interessierte sowie Patientinnen und Patienten teil \u2013 eine Rekordzahl. In diesem Jahr stand der Kongress unter dem Leitthema \u201eZukunftskompetenz f\u00fcr ein resilientes Gesundheitssystem\u201c.&nbsp;Demografischer Wandel, Digitalisierung, Fachkr\u00e4ftemangel, Klimawandel,&hellip;<\/p>\n","category_list_v2":"<a href=\"https:\/\/digidem-bayern.de\/en\/category\/aktuelles-zu-digidem\/\" rel=\"category tag\">Aktuelles zu digiDEM<\/a>, <a href=\"https:\/\/digidem-bayern.de\/en\/category\/wissenschaft-forschung\/\" rel=\"category tag\">Wissenschaft &amp; Forschung<\/a>","author_info_v2":{"name":"Ilona H\u00f6rath","url":"https:\/\/digidem-bayern.de\/en\/author\/hoeratia\/"},"comments_num_v2":"0 comments","yoast_head":"<!-- This site is optimized with the Yoast SEO plugin v27.4 - https:\/\/yoast.com\/product\/yoast-seo-wordpress\/ -->\n<title>digiDEM Bayern-Symposium auf dem DKVF 2025 in Hamburg - digiDEM Bayern<\/title>\n<meta name=\"description\" content=\"Der Bayerische Landesapothekerkammer unterst\u00fctzt digiDEM Bayern mit Hilfe des Netzwerks &quot;Demenzfreundliche Apotheken&quot;.\" \/>\n<meta name=\"robots\" content=\"index, follow, max-snippet:-1, max-image-preview:large, max-video-preview:-1\" \/>\n<link rel=\"canonical\" href=\"https:\/\/digidem-bayern.de\/en\/digidem-bayern-symposium-auf-dem-dkvf-2025-in-hamburg\/\" \/>\n<meta property=\"og:locale\" content=\"en_US\" \/>\n<meta property=\"og:type\" content=\"article\" \/>\n<meta property=\"og:title\" content=\"digiDEM Bayern-Symposium auf dem DKVF 2025 in Hamburg - digiDEM Bayern\" \/>\n<meta property=\"og:description\" content=\"Der Bayerische Landesapothekerkammer unterst\u00fctzt digiDEM Bayern mit Hilfe des Netzwerks &quot;Demenzfreundliche Apotheken&quot;.\" \/>\n<meta property=\"og:url\" content=\"https:\/\/digidem-bayern.de\/en\/digidem-bayern-symposium-auf-dem-dkvf-2025-in-hamburg\/\" \/>\n<meta property=\"og:site_name\" content=\"digiDEM Bayern\" \/>\n<meta property=\"article:publisher\" content=\"https:\/\/www.facebook.com\/digiDEMBayern\/\" \/>\n<meta property=\"article:published_time\" content=\"2025-09-29T13:49:20+00:00\" \/>\n<meta property=\"article:modified_time\" content=\"2025-09-29T14:31:37+00:00\" \/>\n<meta property=\"og:image\" content=\"https:\/\/digidem-bayern.de\/wp-content\/uploads\/2025\/09\/01-2025-09-23-DKVF-2025-Gruppe-Foto-privat-1030x1000.jpeg\" \/>\n\t<meta property=\"og:image:width\" content=\"1030\" \/>\n\t<meta property=\"og:image:height\" content=\"1000\" \/>\n\t<meta property=\"og:image:type\" content=\"image\/jpeg\" \/>\n<meta name=\"author\" content=\"Ilona H\u00f6rath\" \/>\n<meta name=\"twitter:label1\" content=\"Written by\" \/>\n\t<meta name=\"twitter:data1\" content=\"Ilona H\u00f6rath\" \/>\n\t<meta name=\"twitter:label2\" content=\"Est. reading time\" \/>\n\t<meta name=\"twitter:data2\" content=\"2 minutes\" \/>\n<script type=\"application\/ld+json\" class=\"yoast-schema-graph\">{\"@context\":\"https:\\\/\\\/schema.org\",\"@graph\":[{\"@type\":\"Article\",\"@id\":\"https:\\\/\\\/digidem-bayern.de\\\/digidem-bayern-symposium-auf-dem-dkvf-2025-in-hamburg\\\/#article\",\"isPartOf\":{\"@id\":\"https:\\\/\\\/digidem-bayern.de\\\/digidem-bayern-symposium-auf-dem-dkvf-2025-in-hamburg\\\/\"},\"author\":{\"name\":\"Ilona H\u00f6rath\",\"@id\":\"\\\/#\\\/schema\\\/person\\\/0bc1494f46fc2a051c761322a80e0941\"},\"headline\":\"digiDEM Bayern-Symposium auf dem DKVF 2025 in Hamburg\",\"datePublished\":\"2025-09-29T13:49:20+00:00\",\"dateModified\":\"2025-09-29T14:31:37+00:00\",\"mainEntityOfPage\":{\"@id\":\"https:\\\/\\\/digidem-bayern.de\\\/digidem-bayern-symposium-auf-dem-dkvf-2025-in-hamburg\\\/\"},\"wordCount\":624,\"commentCount\":0,\"publisher\":{\"@id\":\"\\\/#organization\"},\"image\":{\"@id\":\"https:\\\/\\\/digidem-bayern.de\\\/digidem-bayern-symposium-auf-dem-dkvf-2025-in-hamburg\\\/#primaryimage\"},\"thumbnailUrl\":\"https:\\\/\\\/digidem-bayern.de\\\/wp-content\\\/uploads\\\/2025\\\/09\\\/01-2025-09-23-DKVF-2025-Gruppe-Foto-privat.jpeg\",\"keywords\":[\"Alzheimer\",\"Alzheimer-Demenz\",\"Bayerische Demenzwoche\",\"Demenz-Fr\u00fcherkennung\",\"Demenz-Screning\",\"Demenzdiagnose\",\"Demenzregister\",\"Demenztest\",\"demographischer Wandel\",\"digidem\",\"digidem Bayern\",\"digitale Gesundheitskompetenz\",\"Digitalisierung\",\"DKVF\",\"Fachkr\u00e4ftemangel\",\"Gesundheitsversorgung\",\"Klimawandel\",\"Registerforschung\",\"resilientes Gesundheitssystem\",\"Resilienz\",\"Ruhr-Universit\u00e4t Bochum\",\"Symposium\",\"Universit\u00e4tsklinikum Eppendorf\",\"Universit\u00e4tsklinikum Erlangen\"],\"articleSection\":[\"Aktuelles zu digiDEM\",\"Wissenschaft &amp; Forschung\"],\"inLanguage\":\"en-US\",\"potentialAction\":[{\"@type\":\"CommentAction\",\"name\":\"Comment\",\"target\":[\"https:\\\/\\\/digidem-bayern.de\\\/digidem-bayern-symposium-auf-dem-dkvf-2025-in-hamburg\\\/#respond\"]}]},{\"@type\":\"WebPage\",\"@id\":\"https:\\\/\\\/digidem-bayern.de\\\/digidem-bayern-symposium-auf-dem-dkvf-2025-in-hamburg\\\/\",\"url\":\"https:\\\/\\\/digidem-bayern.de\\\/digidem-bayern-symposium-auf-dem-dkvf-2025-in-hamburg\\\/\",\"name\":\"digiDEM Bayern-Symposium auf dem DKVF 2025 in Hamburg - digiDEM Bayern\",\"isPartOf\":{\"@id\":\"\\\/#website\"},\"primaryImageOfPage\":{\"@id\":\"https:\\\/\\\/digidem-bayern.de\\\/digidem-bayern-symposium-auf-dem-dkvf-2025-in-hamburg\\\/#primaryimage\"},\"image\":{\"@id\":\"https:\\\/\\\/digidem-bayern.de\\\/digidem-bayern-symposium-auf-dem-dkvf-2025-in-hamburg\\\/#primaryimage\"},\"thumbnailUrl\":\"https:\\\/\\\/digidem-bayern.de\\\/wp-content\\\/uploads\\\/2025\\\/09\\\/01-2025-09-23-DKVF-2025-Gruppe-Foto-privat.jpeg\",\"datePublished\":\"2025-09-29T13:49:20+00:00\",\"dateModified\":\"2025-09-29T14:31:37+00:00\",\"description\":\"Der Bayerische Landesapothekerkammer unterst\u00fctzt digiDEM Bayern mit Hilfe des Netzwerks \\\"Demenzfreundliche Apotheken\\\".\",\"breadcrumb\":{\"@id\":\"https:\\\/\\\/digidem-bayern.de\\\/digidem-bayern-symposium-auf-dem-dkvf-2025-in-hamburg\\\/#breadcrumb\"},\"inLanguage\":\"en-US\",\"potentialAction\":[{\"@type\":\"ReadAction\",\"target\":[\"https:\\\/\\\/digidem-bayern.de\\\/digidem-bayern-symposium-auf-dem-dkvf-2025-in-hamburg\\\/\"]}]},{\"@type\":\"ImageObject\",\"inLanguage\":\"en-US\",\"@id\":\"https:\\\/\\\/digidem-bayern.de\\\/digidem-bayern-symposium-auf-dem-dkvf-2025-in-hamburg\\\/#primaryimage\",\"url\":\"https:\\\/\\\/digidem-bayern.de\\\/wp-content\\\/uploads\\\/2025\\\/09\\\/01-2025-09-23-DKVF-2025-Gruppe-Foto-privat.jpeg\",\"contentUrl\":\"https:\\\/\\\/digidem-bayern.de\\\/wp-content\\\/uploads\\\/2025\\\/09\\\/01-2025-09-23-DKVF-2025-Gruppe-Foto-privat.jpeg\",\"width\":1600,\"height\":1553,\"caption\":\"Das digiDEM Bayern-Team kurz vor Beginn des 24. Deutschen Kongresses f\u00fcr Versorgungsforschung (DKVF) auf dem Campus des Universit\u00e4tsklinikums Eppendorf in Hamburg. Foto: privat\"},{\"@type\":\"BreadcrumbList\",\"@id\":\"https:\\\/\\\/digidem-bayern.de\\\/digidem-bayern-symposium-auf-dem-dkvf-2025-in-hamburg\\\/#breadcrumb\",\"itemListElement\":[{\"@type\":\"ListItem\",\"position\":1,\"name\":\"Startseite\",\"item\":\"https:\\\/\\\/digidem-bayern.de\\\/\"},{\"@type\":\"ListItem\",\"position\":2,\"name\":\"digiDEM Bayern-Symposium auf dem DKVF 2025 in Hamburg\"}]},{\"@type\":\"WebSite\",\"@id\":\"\\\/#website\",\"url\":\"\\\/\",\"name\":\"digiDEM Bayern\",\"description\":\"Das digitale Demenzregister Bayern erforscht und verbessert die Angebotsstuktur f\u00fcr Menschen mit Demenz und deren Angeh\u00f6rige\",\"publisher\":{\"@id\":\"\\\/#organization\"},\"potentialAction\":[{\"@type\":\"SearchAction\",\"target\":{\"@type\":\"EntryPoint\",\"urlTemplate\":\"\\\/?s={search_term_string}\"},\"query-input\":{\"@type\":\"PropertyValueSpecification\",\"valueRequired\":true,\"valueName\":\"search_term_string\"}}],\"inLanguage\":\"en-US\"},{\"@type\":\"Organization\",\"@id\":\"\\\/#organization\",\"name\":\"digiDEM Bayern\",\"url\":\"\\\/\",\"logo\":{\"@type\":\"ImageObject\",\"inLanguage\":\"en-US\",\"@id\":\"\\\/#\\\/schema\\\/logo\\\/image\\\/\",\"url\":\"https:\\\/\\\/digidem-bayern.de\\\/wp-content\\\/uploads\\\/2022\\\/03\\\/cropped-Allgemeines_digiDEMLOGO-removebg-preview.png\",\"contentUrl\":\"https:\\\/\\\/digidem-bayern.de\\\/wp-content\\\/uploads\\\/2022\\\/03\\\/cropped-Allgemeines_digiDEMLOGO-removebg-preview.png\",\"width\":612,\"height\":357,\"caption\":\"digiDEM Bayern\"},\"image\":{\"@id\":\"\\\/#\\\/schema\\\/logo\\\/image\\\/\"},\"sameAs\":[\"https:\\\/\\\/www.facebook.com\\\/digiDEMBayern\\\/\",\"https:\\\/\\\/x.com\\\/digidem_bayern\",\"https:\\\/\\\/www.instagram.com\\\/digidem.bayern\",\"https:\\\/\\\/www.linkedin.com\\\/company\\\/digidem-bayern\\\/\"]},{\"@type\":\"Person\",\"@id\":\"\\\/#\\\/schema\\\/person\\\/0bc1494f46fc2a051c761322a80e0941\",\"name\":\"Ilona H\u00f6rath\",\"url\":\"https:\\\/\\\/digidem-bayern.de\\\/en\\\/author\\\/hoeratia\\\/\"}]}<\/script>\n<!-- \/ Yoast SEO plugin. -->","yoast_head_json":{"title":"digiDEM Bayern-Symposium auf dem DKVF 2025 in Hamburg - digiDEM Bayern","description":"Der Bayerische Landesapothekerkammer unterst\u00fctzt digiDEM Bayern mit Hilfe des Netzwerks \"Demenzfreundliche Apotheken\".","robots":{"index":"index","follow":"follow","max-snippet":"max-snippet:-1","max-image-preview":"max-image-preview:large","max-video-preview":"max-video-preview:-1"},"canonical":"https:\/\/digidem-bayern.de\/en\/digidem-bayern-symposium-auf-dem-dkvf-2025-in-hamburg\/","og_locale":"en_US","og_type":"article","og_title":"digiDEM Bayern-Symposium auf dem DKVF 2025 in Hamburg - digiDEM Bayern","og_description":"Der Bayerische Landesapothekerkammer unterst\u00fctzt digiDEM Bayern mit Hilfe des Netzwerks \"Demenzfreundliche Apotheken\".","og_url":"https:\/\/digidem-bayern.de\/en\/digidem-bayern-symposium-auf-dem-dkvf-2025-in-hamburg\/","og_site_name":"digiDEM Bayern","article_publisher":"https:\/\/www.facebook.com\/digiDEMBayern\/","article_published_time":"2025-09-29T13:49:20+00:00","article_modified_time":"2025-09-29T14:31:37+00:00","og_image":[{"width":1030,"height":1000,"url":"https:\/\/digidem-bayern.de\/wp-content\/uploads\/2025\/09\/01-2025-09-23-DKVF-2025-Gruppe-Foto-privat-1030x1000.jpeg","type":"image\/jpeg"}],"author":"Ilona H\u00f6rath","twitter_misc":{"Written by":"Ilona H\u00f6rath","Est. reading time":"2 minutes"},"schema":{"@context":"https:\/\/schema.org","@graph":[{"@type":"Article","@id":"https:\/\/digidem-bayern.de\/digidem-bayern-symposium-auf-dem-dkvf-2025-in-hamburg\/#article","isPartOf":{"@id":"https:\/\/digidem-bayern.de\/digidem-bayern-symposium-auf-dem-dkvf-2025-in-hamburg\/"},"author":{"name":"Ilona H\u00f6rath","@id":"\/#\/schema\/person\/0bc1494f46fc2a051c761322a80e0941"},"headline":"digiDEM Bayern-Symposium auf dem DKVF 2025 in Hamburg","datePublished":"2025-09-29T13:49:20+00:00","dateModified":"2025-09-29T14:31:37+00:00","mainEntityOfPage":{"@id":"https:\/\/digidem-bayern.de\/digidem-bayern-symposium-auf-dem-dkvf-2025-in-hamburg\/"},"wordCount":624,"commentCount":0,"publisher":{"@id":"\/#organization"},"image":{"@id":"https:\/\/digidem-bayern.de\/digidem-bayern-symposium-auf-dem-dkvf-2025-in-hamburg\/#primaryimage"},"thumbnailUrl":"https:\/\/digidem-bayern.de\/wp-content\/uploads\/2025\/09\/01-2025-09-23-DKVF-2025-Gruppe-Foto-privat.jpeg","keywords":["Alzheimer","Alzheimer-Demenz","Bayerische Demenzwoche","Demenz-Fr\u00fcherkennung","Demenz-Screning","Demenzdiagnose","Demenzregister","Demenztest","demographischer Wandel","digidem","digidem Bayern","digitale Gesundheitskompetenz","Digitalisierung","DKVF","Fachkr\u00e4ftemangel","Gesundheitsversorgung","Klimawandel","Registerforschung","resilientes Gesundheitssystem","Resilienz","Ruhr-Universit\u00e4t Bochum","Symposium","Universit\u00e4tsklinikum Eppendorf","Universit\u00e4tsklinikum Erlangen"],"articleSection":["Aktuelles zu digiDEM","Wissenschaft &amp; Forschung"],"inLanguage":"en-US","potentialAction":[{"@type":"CommentAction","name":"Comment","target":["https:\/\/digidem-bayern.de\/digidem-bayern-symposium-auf-dem-dkvf-2025-in-hamburg\/#respond"]}]},{"@type":"WebPage","@id":"https:\/\/digidem-bayern.de\/digidem-bayern-symposium-auf-dem-dkvf-2025-in-hamburg\/","url":"https:\/\/digidem-bayern.de\/digidem-bayern-symposium-auf-dem-dkvf-2025-in-hamburg\/","name":"digiDEM Bayern-Symposium auf dem DKVF 2025 in Hamburg - digiDEM Bayern","isPartOf":{"@id":"\/#website"},"primaryImageOfPage":{"@id":"https:\/\/digidem-bayern.de\/digidem-bayern-symposium-auf-dem-dkvf-2025-in-hamburg\/#primaryimage"},"image":{"@id":"https:\/\/digidem-bayern.de\/digidem-bayern-symposium-auf-dem-dkvf-2025-in-hamburg\/#primaryimage"},"thumbnailUrl":"https:\/\/digidem-bayern.de\/wp-content\/uploads\/2025\/09\/01-2025-09-23-DKVF-2025-Gruppe-Foto-privat.jpeg","datePublished":"2025-09-29T13:49:20+00:00","dateModified":"2025-09-29T14:31:37+00:00","description":"Der Bayerische Landesapothekerkammer unterst\u00fctzt digiDEM Bayern mit Hilfe des Netzwerks \"Demenzfreundliche Apotheken\".","breadcrumb":{"@id":"https:\/\/digidem-bayern.de\/digidem-bayern-symposium-auf-dem-dkvf-2025-in-hamburg\/#breadcrumb"},"inLanguage":"en-US","potentialAction":[{"@type":"ReadAction","target":["https:\/\/digidem-bayern.de\/digidem-bayern-symposium-auf-dem-dkvf-2025-in-hamburg\/"]}]},{"@type":"ImageObject","inLanguage":"en-US","@id":"https:\/\/digidem-bayern.de\/digidem-bayern-symposium-auf-dem-dkvf-2025-in-hamburg\/#primaryimage","url":"https:\/\/digidem-bayern.de\/wp-content\/uploads\/2025\/09\/01-2025-09-23-DKVF-2025-Gruppe-Foto-privat.jpeg","contentUrl":"https:\/\/digidem-bayern.de\/wp-content\/uploads\/2025\/09\/01-2025-09-23-DKVF-2025-Gruppe-Foto-privat.jpeg","width":1600,"height":1553,"caption":"Das digiDEM Bayern-Team kurz vor Beginn des 24. Deutschen Kongresses f\u00fcr Versorgungsforschung (DKVF) auf dem Campus des Universit\u00e4tsklinikums Eppendorf in Hamburg. Foto: privat"},{"@type":"BreadcrumbList","@id":"https:\/\/digidem-bayern.de\/digidem-bayern-symposium-auf-dem-dkvf-2025-in-hamburg\/#breadcrumb","itemListElement":[{"@type":"ListItem","position":1,"name":"Startseite","item":"https:\/\/digidem-bayern.de\/"},{"@type":"ListItem","position":2,"name":"digiDEM Bayern-Symposium auf dem DKVF 2025 in Hamburg"}]},{"@type":"WebSite","@id":"\/#website","url":"\/","name":"digiDEM Bavaria","description":"The digital dementia register in Bavaria researches and improves the structure of services for people with dementia and their relatives","publisher":{"@id":"\/#organization"},"potentialAction":[{"@type":"SearchAction","target":{"@type":"EntryPoint","urlTemplate":"\/?s={search_term_string}"},"query-input":{"@type":"PropertyValueSpecification","valueRequired":true,"valueName":"search_term_string"}}],"inLanguage":"en-US"},{"@type":"Organization","@id":"\/#organization","name":"digiDEM Bavaria","url":"\/","logo":{"@type":"ImageObject","inLanguage":"en-US","@id":"\/#\/schema\/logo\/image\/","url":"https:\/\/digidem-bayern.de\/wp-content\/uploads\/2022\/03\/cropped-Allgemeines_digiDEMLOGO-removebg-preview.png","contentUrl":"https:\/\/digidem-bayern.de\/wp-content\/uploads\/2022\/03\/cropped-Allgemeines_digiDEMLOGO-removebg-preview.png","width":612,"height":357,"caption":"digiDEM Bayern"},"image":{"@id":"\/#\/schema\/logo\/image\/"},"sameAs":["https:\/\/www.facebook.com\/digiDEMBayern\/","https:\/\/x.com\/digidem_bayern","https:\/\/www.instagram.com\/digidem.bayern","https:\/\/www.linkedin.com\/company\/digidem-bayern\/"]},{"@type":"Person","@id":"\/#\/schema\/person\/0bc1494f46fc2a051c761322a80e0941","name":"Ilona H\u00f6rath","url":"https:\/\/digidem-bayern.de\/en\/author\/hoeratia\/"}]}},"uagb_featured_image_src":{"full":["https:\/\/digidem-bayern.de\/wp-content\/uploads\/2025\/09\/01-2025-09-23-DKVF-2025-Gruppe-Foto-privat.jpeg",1600,1553,false],"thumbnail":["https:\/\/digidem-bayern.de\/wp-content\/uploads\/2025\/09\/01-2025-09-23-DKVF-2025-Gruppe-Foto-privat-80x80.jpeg",80,80,true],"medium":["https:\/\/digidem-bayern.de\/wp-content\/uploads\/2025\/09\/01-2025-09-23-DKVF-2025-Gruppe-Foto-privat-300x291.jpeg",300,291,true],"medium_large":["https:\/\/digidem-bayern.de\/wp-content\/uploads\/2025\/09\/01-2025-09-23-DKVF-2025-Gruppe-Foto-privat-768x746.jpeg",768,746,true],"large":["https:\/\/digidem-bayern.de\/wp-content\/uploads\/2025\/09\/01-2025-09-23-DKVF-2025-Gruppe-Foto-privat-1030x1000.jpeg",1030,1000,true],"1536x1536":["https:\/\/digidem-bayern.de\/wp-content\/uploads\/2025\/09\/01-2025-09-23-DKVF-2025-Gruppe-Foto-privat-1536x1491.jpeg",1536,1491,true],"2048x2048":["https:\/\/digidem-bayern.de\/wp-content\/uploads\/2025\/09\/01-2025-09-23-DKVF-2025-Gruppe-Foto-privat-2048x1988.jpeg",2048,1988,true],"trp-custom-language-flag":["https:\/\/digidem-bayern.de\/wp-content\/uploads\/2025\/09\/01-2025-09-23-DKVF-2025-Gruppe-Foto-privat.jpeg",12,12,false],"qubely_landscape":["https:\/\/digidem-bayern.de\/wp-content\/uploads\/2025\/09\/01-2025-09-23-DKVF-2025-Gruppe-Foto-privat-1200x750.jpeg",1200,750,true],"qubely_portrait":["https:\/\/digidem-bayern.de\/wp-content\/uploads\/2025\/09\/01-2025-09-23-DKVF-2025-Gruppe-Foto-privat-540x320.jpeg",540,320,true],"qubely_thumbnail":["https:\/\/digidem-bayern.de\/wp-content\/uploads\/2025\/09\/01-2025-09-23-DKVF-2025-Gruppe-Foto-privat-140x100.jpeg",140,100,true],"post-thumbnail":["https:\/\/digidem-bayern.de\/wp-content\/uploads\/2025\/09\/01-2025-09-23-DKVF-2025-Gruppe-Foto-privat-361x350.jpeg",361,350,true],"kahuna-featured":["https:\/\/digidem-bayern.de\/wp-content\/uploads\/2025\/09\/01-2025-09-23-DKVF-2025-Gruppe-Foto-privat-734x350.jpeg",734,350,true],"kahuna-featured-lp":["https:\/\/digidem-bayern.de\/wp-content\/uploads\/2025\/09\/01-2025-09-23-DKVF-2025-Gruppe-Foto-privat-520x350.jpeg",520,350,true],"kahuna-featured-half":["https:\/\/digidem-bayern.de\/wp-content\/uploads\/2025\/09\/01-2025-09-23-DKVF-2025-Gruppe-Foto-privat-800x350.jpeg",800,350,true],"kahuna-featured-third":["https:\/\/digidem-bayern.de\/wp-content\/uploads\/2025\/09\/01-2025-09-23-DKVF-2025-Gruppe-Foto-privat-512x350.jpeg",512,350,true],"kahuna-lpbox-1":["https:\/\/digidem-bayern.de\/wp-content\/uploads\/2025\/09\/01-2025-09-23-DKVF-2025-Gruppe-Foto-privat-520x300.jpeg",520,300,true],"kahuna-lpbox-2":["https:\/\/digidem-bayern.de\/wp-content\/uploads\/2025\/09\/01-2025-09-23-DKVF-2025-Gruppe-Foto-privat-520x350.jpeg",520,350,true],"demand-language-flag":["https:\/\/digidem-bayern.de\/wp-content\/uploads\/2025\/09\/01-2025-09-23-DKVF-2025-Gruppe-Foto-privat-36x36.jpeg",36,36,true],"dddkt-language-flag":["https:\/\/digidem-bayern.de\/wp-content\/uploads\/2025\/09\/01-2025-09-23-DKVF-2025-Gruppe-Foto-privat-36x36.jpeg",36,36,true],"ddiqc-language-flag":["https:\/\/digidem-bayern.de\/wp-content\/uploads\/2025\/09\/01-2025-09-23-DKVF-2025-Gruppe-Foto-privat-36x36.jpeg",36,36,true],"ddtl-language-flag":["https:\/\/digidem-bayern.de\/wp-content\/uploads\/2025\/09\/01-2025-09-23-DKVF-2025-Gruppe-Foto-privat-36x36.jpeg",36,36,true],"mailpoet_newsletter_max":["https:\/\/digidem-bayern.de\/wp-content\/uploads\/2025\/09\/01-2025-09-23-DKVF-2025-Gruppe-Foto-privat-1320x1281.jpeg",1320,1281,true],"kahuna-lpbox-3":["https:\/\/digidem-bayern.de\/wp-content\/uploads\/2025\/09\/01-2025-09-23-DKVF-2025-Gruppe-Foto-privat-520x350.jpeg",520,350,true],"kahuna-featured-square":["https:\/\/digidem-bayern.de\/wp-content\/uploads\/2025\/09\/01-2025-09-23-DKVF-2025-Gruppe-Foto-privat-512x512.jpeg",512,512,true],"kahuna-featured-square-large":["https:\/\/digidem-bayern.de\/wp-content\/uploads\/2025\/09\/01-2025-09-23-DKVF-2025-Gruppe-Foto-privat-1024x1024.jpeg",1024,1024,true]},"uagb_author_info":{"display_name":"Ilona H\u00f6rath","author_link":"https:\/\/digidem-bayern.de\/en\/author\/hoeratia\/"},"uagb_comment_info":5,"uagb_excerpt":"Anl\u00e4sslich des&nbsp;24.&nbsp;Deutschen Kongresses f\u00fcr Versorgungsforschung (DKVF) in Hamburg hat digiDEM Bayern zu seinem wissenschaftlichen Symposium eingeladen. Auf dem Campus des Universit\u00e4tsklinikums Eppendorf (UKE), wo der DKVF vom&nbsp;22. bis 24.&nbsp;September 2024 stattfand, pr\u00e4sentierten die digiDEM Bayern-Forschenden aktuelle Forschungsergebnisse. An der Veranstaltung des Deutschen Netzwerks Versorgungsforschung (DNVF) nahmen mehr als 1.100 Versorgungsforschende, &hellip;","_links":{"self":[{"href":"https:\/\/digidem-bayern.de\/en\/wp-json\/wp\/v2\/posts\/45834","targetHints":{"allow":["GET"]}}],"collection":[{"href":"https:\/\/digidem-bayern.de\/en\/wp-json\/wp\/v2\/posts"}],"about":[{"href":"https:\/\/digidem-bayern.de\/en\/wp-json\/wp\/v2\/types\/post"}],"author":[{"embeddable":true,"href":"https:\/\/digidem-bayern.de\/en\/wp-json\/wp\/v2\/users\/12"}],"replies":[{"embeddable":true,"href":"https:\/\/digidem-bayern.de\/en\/wp-json\/wp\/v2\/comments?post=45834"}],"version-history":[{"count":3,"href":"https:\/\/digidem-bayern.de\/en\/wp-json\/wp\/v2\/posts\/45834\/revisions"}],"predecessor-version":[{"id":45846,"href":"https:\/\/digidem-bayern.de\/en\/wp-json\/wp\/v2\/posts\/45834\/revisions\/45846"}],"wp:featuredmedia":[{"embeddable":true,"href":"https:\/\/digidem-bayern.de\/en\/wp-json\/wp\/v2\/media\/45836"}],"wp:attachment":[{"href":"https:\/\/digidem-bayern.de\/en\/wp-json\/wp\/v2\/media?parent=45834"}],"wp:term":[{"taxonomy":"category","embeddable":true,"href":"https:\/\/digidem-bayern.de\/en\/wp-json\/wp\/v2\/categories?post=45834"},{"taxonomy":"post_tag","embeddable":true,"href":"https:\/\/digidem-bayern.de\/en\/wp-json\/wp\/v2\/tags?post=45834"}],"curies":[{"name":"wp","href":"https:\/\/api.w.org\/{rel}","templated":true}]}}