{"id":4574,"date":"2020-03-16T13:42:13","date_gmt":"2020-03-16T12:42:13","guid":{"rendered":"https:\/\/digidem-bayern.de\/?p=4574"},"modified":"2020-03-23T16:12:19","modified_gmt":"2020-03-23T15:12:19","slug":"psychosoziale-therapien","status":"publish","type":"post","link":"https:\/\/digidem-bayern.de\/en\/psychosoziale-therapien\/","title":{"rendered":"Mit psychosozialen Therapien den kognitiven Abbau verz\u00f6gern"},"content":{"rendered":"<h4 class=\"wp-block-heading\">Gegen Demenz gibt es noch immer kein Heilmittel, daher richtet sich der Blick bei der Behandlung der Erkrankung verst\u00e4rkt auf psychosoziale Therapien. Eine Studie aus Japan hat solche Interventionen in Pflegeheimen untersucht, darunter auch die MAKS-Therapie. Sie wurde von Prof. Dr. med. Elmar Gr\u00e4\u00dfel entwickelt, dem Leiter des Zentrums f\u00fcr Medizinische Versorgungsforschung am Universit\u00e4tsklinikum Erlangen. <\/h4>\n\n\n\n<p>Die Autor*innen um Kyosuke\nYorozuya haben den Fokus ihrer Recherche auf multimodale psychosoziale Therapien\ngelegt, also Therapien, die mehrere Komponenten beinhalten, z.B. \u00dcbungen f\u00fcr\ndie kognitiven, motorischen und alltagspraktischen F\u00e4higkeiten. In den letzten\nJahren sei bereits \u00fcber positive Auswirkungen solcher kombinierten Behandlungen\nberichtet worden, so die Autor*innen. Ihre Annahme war daher, dass sie f\u00fcr\nMenschen mit Demenz wirksamer sind als einzelne Interventionen und daher den\nkognitiven R\u00fcckgang eher verz\u00f6gern k\u00f6nnten.<\/p>\n\n\n\n<p><strong>Kombination von\nBewegung, kognitivem Training und Alltagsaktivit\u00e4ten<\/strong><\/p>\n\n\n\n<p>In einer \u00dcbersicht untersuchten die Forscher*innen, wie sich\nInhalt, H\u00e4ufigkeit, Dauer, L\u00e4nge und Form von multimodalen, psychosozialen\nTherapien auf die kognitiven Funktionen von Menschen mit Demenz auswirken, die\nin einem Pflegeheim leben. Sie verglichen daf\u00fcr sieben Studien aus vier\nL\u00e4ndern. Die insgesamt 221 Teilnehmer*innen waren im Durchschnitt 84 Jahre alt\nund an unterschiedlichen Formen von Demenz erkrankt. Knapp 80 Prozent von ihnen\nwaren Frauen. Die multimodalen Therapien enthielten \u00dcbungen aus verschiedenen\nBereichen, zum Beispiel Kognition, Aktivit\u00e4ten des t\u00e4glichen Lebens, Bewegung,\nBiografiearbeit, Kunst, Spiritualit\u00e4t, Gartenbau, Musik und Handwerk.<\/p>\n\n\n\n<div class=\"wp-block-image\"><figure class=\"alignleft size-medium\"><img loading=\"lazy\" decoding=\"async\" width=\"300\" height=\"193\" src=\"https:\/\/test.digidem-bayern.de\/wp-content\/uploads\/2020\/03\/hands-4862762_1280-300x193.jpg\" alt=\"H\u00e4nde mit Holzspielzeug\" class=\"wp-image-4576\" srcset=\"https:\/\/digidem-bayern.de\/wp-content\/uploads\/2020\/03\/hands-4862762_1280-300x193.jpg 300w, https:\/\/digidem-bayern.de\/wp-content\/uploads\/2020\/03\/hands-4862762_1280-1030x662.jpg 1030w, https:\/\/digidem-bayern.de\/wp-content\/uploads\/2020\/03\/hands-4862762_1280-768x494.jpg 768w, https:\/\/digidem-bayern.de\/wp-content\/uploads\/2020\/03\/hands-4862762_1280-495x318.jpg 495w, https:\/\/digidem-bayern.de\/wp-content\/uploads\/2020\/03\/hands-4862762_1280.jpg 1280w\" sizes=\"auto, (max-width: 300px) 100vw, 300px\" \/><\/figure><\/div>\n\n\n\n<p>Die Auswertung der Studien zeigte, dass diese Form der Behandlung\ndie globalen, exekutiven Funktionen und die Erinnerungsf\u00e4higkeit von Menschen\nmit Demenz im Pflegeheimen verbessern kann. Die Autor*innen empfehlen\ninsbesondere die Kombination von Bewegung, kognitivem Training und Aktivit\u00e4ten\ndes t\u00e4glichen Lebens, und zwar m\u00f6glichst in integrierter Form, d.h. nicht als\ngetrennte \u00dcbungen. Zudem sollte die Intervention mindestens dreimal w\u00f6chentlich\n\u00fcber mindestens 8 Wochen stattfinden, mit mindestens 30 Minuten pro Sitzung. <\/p>\n\n\n\n<p><strong>MAKS-Therapie des\nUniklinikums Erlangen als wirksame Intervention<\/strong><\/p>\n\n\n\n<p>Zu den untersuchten Studien z\u00e4hlte auch die <a href=\"https:\/\/bmcmedicine.biomedcentral.com\/articles\/10.1186\/1741-7015-9-129\">MAKS-Therapie<\/a>. Das K\u00fcrzel <a href=\"https:\/\/www.maks-therapie.de\/\">MAKS<\/a> steht f\u00fcr motorische, alltagspraktische, kognitive und sozial-kommunikative Aktivierung. Diese multimodale Intervention zeigte in Untersuchungen bei leichten und mittelschweren Demenzen g\u00fcnstige Wirkungen, die zum Teil auch noch zehn Monate nach Beendigung der Therapiephase erkennbar waren. Entwickelt hat sie Prof. Dr. med. Elmar Gr\u00e4\u00dfel, Leiter des Zentrums f\u00fcr Medizinische Versorgungsforschung am Universit\u00e4tsklinikum Erlangen und einer der Projektleiter von digiDEM Bayern. Im Rahmen der geplanten digitalen Angebote f\u00fcr digiDEM Bayern soll die MAKS-Therapie auch in die Online-Welt \u00fcbertragen werden. <\/p>\n\n\n\n<p>Die vollst\u00e4ndige Studie finden Sie hier: <br><a href=\"https:\/\/www.karger.com\/Article\/FullText\/503445\">A Systematic Review of Multimodal Non-Pharmacological Interventions for Cognitive Function in Older People with Dementia in Nursing Homes<\/a> (Dezember 2019)<\/p>\n\n\n\n<p><\/p>","protected":false},"excerpt":{"rendered":"<p>Gegen Demenz gibt es noch immer kein Heilmittel, daher richtet sich der Blick bei der Behandlung der Erkrankung verst\u00e4rkt auf psychosoziale Therapien. Eine Studie aus Japan hat solche Interventionen in Pflegeheimen untersucht, darunter auch die MAKS-Therapie. Sie wurde von Prof. Dr. med. Elmar Gr\u00e4\u00dfel entwickelt, dem Leiter des Zentrums f\u00fcr &hellip;<\/p>","protected":false},"author":11,"featured_media":4576,"comment_status":"closed","ping_status":"closed","sticky":false,"template":"","format":"standard","meta":{"qubely_global_settings":"","qubely_interactions":"","_uag_custom_page_level_css":"","footnotes":""},"categories":[5],"tags":[13,11,14,17,55,37,86,85],"class_list":["post-4574","post","type-post","status-publish","format-standard","has-post-thumbnail","hentry","category-wissenschaft-forschung","tag-alzheimer","tag-demenz","tag-digidem","tag-digidem-bayern","tag-digitales-demenzregister-bayern","tag-elmar-graessel","tag-maks","tag-psychosoziale-therapien"],"qubely_featured_image_url":{"full":["https:\/\/digidem-bayern.de\/wp-content\/uploads\/2020\/03\/hands-4862762_1280.jpg",1280,823,false],"landscape":["https:\/\/digidem-bayern.de\/wp-content\/uploads\/2020\/03\/hands-4862762_1280-1200x750.jpg",1200,750,true],"portraits":["https:\/\/digidem-bayern.de\/wp-content\/uploads\/2020\/03\/hands-4862762_1280-540x320.jpg",540,320,true],"thumbnail":["https:\/\/digidem-bayern.de\/wp-content\/uploads\/2020\/03\/hands-4862762_1280-80x80.jpg",80,80,true],"medium":["https:\/\/digidem-bayern.de\/wp-content\/uploads\/2020\/03\/hands-4862762_1280-300x193.jpg",300,193,true],"medium_large":["https:\/\/digidem-bayern.de\/wp-content\/uploads\/2020\/03\/hands-4862762_1280-768x494.jpg",768,494,true],"large":["https:\/\/digidem-bayern.de\/wp-content\/uploads\/2020\/03\/hands-4862762_1280-1030x662.jpg",1030,662,true],"1536x1536":["https:\/\/digidem-bayern.de\/wp-content\/uploads\/2020\/03\/hands-4862762_1280.jpg",1280,823,false],"2048x2048":["https:\/\/digidem-bayern.de\/wp-content\/uploads\/2020\/03\/hands-4862762_1280.jpg",1280,823,false],"trp-custom-language-flag":["https:\/\/digidem-bayern.de\/wp-content\/uploads\/2020\/03\/hands-4862762_1280.jpg",18,12,false],"qubely_landscape":["https:\/\/digidem-bayern.de\/wp-content\/uploads\/2020\/03\/hands-4862762_1280-1200x750.jpg",1200,750,true],"qubely_portrait":["https:\/\/digidem-bayern.de\/wp-content\/uploads\/2020\/03\/hands-4862762_1280-540x320.jpg",540,320,true],"qubely_thumbnail":["https:\/\/digidem-bayern.de\/wp-content\/uploads\/2020\/03\/hands-4862762_1280-140x100.jpg",140,100,true],"post-thumbnail":["https:\/\/digidem-bayern.de\/wp-content\/uploads\/2020\/03\/hands-4862762_1280-495x318.jpg",495,318,true],"kahuna-featured":["https:\/\/digidem-bayern.de\/wp-content\/uploads\/2020\/03\/hands-4862762_1280-495x350.jpg",495,350,true],"kahuna-featured-lp":["https:\/\/digidem-bayern.de\/wp-content\/uploads\/2020\/03\/hands-4862762_1280-690x350.jpg",520,264,true],"kahuna-featured-half":["https:\/\/digidem-bayern.de\/wp-content\/uploads\/2020\/03\/hands-4862762_1280-800x350.jpg",800,350,true],"kahuna-featured-third":["https:\/\/digidem-bayern.de\/wp-content\/uploads\/2020\/03\/hands-4862762_1280-512x350.jpg",512,350,true],"kahuna-lpbox-1":["https:\/\/digidem-bayern.de\/wp-content\/uploads\/2020\/03\/hands-4862762_1280-460x350.jpg",394,300,true],"kahuna-lpbox-2":["https:\/\/digidem-bayern.de\/wp-content\/uploads\/2020\/03\/hands-4862762_1280-460x350.jpg",460,350,true],"demand-language-flag":["https:\/\/digidem-bayern.de\/wp-content\/uploads\/2020\/03\/hands-4862762_1280.jpg",36,23,false],"dddkt-language-flag":["https:\/\/digidem-bayern.de\/wp-content\/uploads\/2020\/03\/hands-4862762_1280.jpg",36,23,false],"ddiqc-language-flag":["https:\/\/digidem-bayern.de\/wp-content\/uploads\/2020\/03\/hands-4862762_1280.jpg",36,23,false],"ddtl-language-flag":["https:\/\/digidem-bayern.de\/wp-content\/uploads\/2020\/03\/hands-4862762_1280.jpg",36,23,false],"mailpoet_newsletter_max":["https:\/\/digidem-bayern.de\/wp-content\/uploads\/2020\/03\/hands-4862762_1280.jpg",1280,823,false],"kahuna-lpbox-3":["https:\/\/digidem-bayern.de\/wp-content\/uploads\/2020\/03\/hands-4862762_1280-460x350.jpg",460,350,true],"kahuna-featured-square":["https:\/\/digidem-bayern.de\/wp-content\/uploads\/2020\/03\/hands-4862762_1280-512x512.jpg",512,512,true],"kahuna-featured-square-large":["https:\/\/digidem-bayern.de\/wp-content\/uploads\/2020\/03\/hands-4862762_1280-1024x823.jpg",1024,823,true]},"qubely_author":{"display_name":"Michael Zeiler","author_link":"https:\/\/digidem-bayern.de\/en\/author\/michael-zeiler\/"},"qubely_comment":0,"qubely_category":"<a href=\"https:\/\/digidem-bayern.de\/en\/category\/wissenschaft-forschung\/\" rel=\"category tag\">Wissenschaft &amp; Forschung<\/a>","qubely_excerpt":"Gegen Demenz gibt es noch immer kein Heilmittel, daher richtet sich der Blick bei der Behandlung der Erkrankung verst\u00e4rkt auf psychosoziale Therapien. Eine Studie aus Japan hat solche Interventionen in Pflegeheimen untersucht, darunter auch die MAKS-Therapie. Sie wurde von Prof. Dr. med. Elmar Gr\u00e4\u00dfel entwickelt, dem Leiter des Zentrums f\u00fcr &hellip;","featured_image_urls_v2":{"full":["https:\/\/digidem-bayern.de\/wp-content\/uploads\/2020\/03\/hands-4862762_1280.jpg",1280,823,false],"thumbnail":["https:\/\/digidem-bayern.de\/wp-content\/uploads\/2020\/03\/hands-4862762_1280-80x80.jpg",80,80,true],"medium":["https:\/\/digidem-bayern.de\/wp-content\/uploads\/2020\/03\/hands-4862762_1280-300x193.jpg",300,193,true],"medium_large":["https:\/\/digidem-bayern.de\/wp-content\/uploads\/2020\/03\/hands-4862762_1280-768x494.jpg",768,494,true],"large":["https:\/\/digidem-bayern.de\/wp-content\/uploads\/2020\/03\/hands-4862762_1280-1030x662.jpg",1030,662,true],"1536x1536":["https:\/\/digidem-bayern.de\/wp-content\/uploads\/2020\/03\/hands-4862762_1280.jpg",1280,823,false],"2048x2048":["https:\/\/digidem-bayern.de\/wp-content\/uploads\/2020\/03\/hands-4862762_1280.jpg",1280,823,false],"trp-custom-language-flag":["https:\/\/digidem-bayern.de\/wp-content\/uploads\/2020\/03\/hands-4862762_1280.jpg",18,12,false],"qubely_landscape":["https:\/\/digidem-bayern.de\/wp-content\/uploads\/2020\/03\/hands-4862762_1280-1200x750.jpg",1200,750,true],"qubely_portrait":["https:\/\/digidem-bayern.de\/wp-content\/uploads\/2020\/03\/hands-4862762_1280-540x320.jpg",540,320,true],"qubely_thumbnail":["https:\/\/digidem-bayern.de\/wp-content\/uploads\/2020\/03\/hands-4862762_1280-140x100.jpg",140,100,true],"post-thumbnail":["https:\/\/digidem-bayern.de\/wp-content\/uploads\/2020\/03\/hands-4862762_1280-495x318.jpg",495,318,true],"kahuna-featured":["https:\/\/digidem-bayern.de\/wp-content\/uploads\/2020\/03\/hands-4862762_1280-495x350.jpg",495,350,true],"kahuna-featured-lp":["https:\/\/digidem-bayern.de\/wp-content\/uploads\/2020\/03\/hands-4862762_1280-690x350.jpg",520,264,true],"kahuna-featured-half":["https:\/\/digidem-bayern.de\/wp-content\/uploads\/2020\/03\/hands-4862762_1280-800x350.jpg",800,350,true],"kahuna-featured-third":["https:\/\/digidem-bayern.de\/wp-content\/uploads\/2020\/03\/hands-4862762_1280-512x350.jpg",512,350,true],"kahuna-lpbox-1":["https:\/\/digidem-bayern.de\/wp-content\/uploads\/2020\/03\/hands-4862762_1280-460x350.jpg",394,300,true],"kahuna-lpbox-2":["https:\/\/digidem-bayern.de\/wp-content\/uploads\/2020\/03\/hands-4862762_1280-460x350.jpg",460,350,true],"demand-language-flag":["https:\/\/digidem-bayern.de\/wp-content\/uploads\/2020\/03\/hands-4862762_1280.jpg",36,23,false],"dddkt-language-flag":["https:\/\/digidem-bayern.de\/wp-content\/uploads\/2020\/03\/hands-4862762_1280.jpg",36,23,false],"ddiqc-language-flag":["https:\/\/digidem-bayern.de\/wp-content\/uploads\/2020\/03\/hands-4862762_1280.jpg",36,23,false],"ddtl-language-flag":["https:\/\/digidem-bayern.de\/wp-content\/uploads\/2020\/03\/hands-4862762_1280.jpg",36,23,false],"mailpoet_newsletter_max":["https:\/\/digidem-bayern.de\/wp-content\/uploads\/2020\/03\/hands-4862762_1280.jpg",1280,823,false],"kahuna-lpbox-3":["https:\/\/digidem-bayern.de\/wp-content\/uploads\/2020\/03\/hands-4862762_1280-460x350.jpg",460,350,true],"kahuna-featured-square":["https:\/\/digidem-bayern.de\/wp-content\/uploads\/2020\/03\/hands-4862762_1280-512x512.jpg",512,512,true],"kahuna-featured-square-large":["https:\/\/digidem-bayern.de\/wp-content\/uploads\/2020\/03\/hands-4862762_1280-1024x823.jpg",1024,823,true]},"post_excerpt_stackable_v2":"<p>Gegen Demenz gibt es noch immer kein Heilmittel, daher richtet sich der Blick bei der Behandlung der Erkrankung verst\u00e4rkt auf psychosoziale Therapien. Eine Studie aus Japan hat solche Interventionen in Pflegeheimen untersucht, darunter auch die MAKS-Therapie. Sie wurde von Prof. Dr. med. Elmar Gr\u00e4\u00dfel entwickelt, dem Leiter des Zentrums f\u00fcr Medizinische Versorgungsforschung am Universit\u00e4tsklinikum Erlangen. Die Autor*innen um Kyosuke Yorozuya haben den Fokus ihrer Recherche auf multimodale psychosoziale Therapien gelegt, also Therapien, die mehrere Komponenten beinhalten, z.B. \u00dcbungen f\u00fcr die kognitiven, motorischen und alltagspraktischen F\u00e4higkeiten. In den letzten Jahren sei bereits \u00fcber positive Auswirkungen solcher kombinierten Behandlungen berichtet worden, so&hellip;<\/p>\n","category_list_v2":"<a href=\"https:\/\/digidem-bayern.de\/en\/category\/wissenschaft-forschung\/\" rel=\"category tag\">Wissenschaft &amp; Forschung<\/a>","author_info_v2":{"name":"Michael Zeiler","url":"https:\/\/digidem-bayern.de\/en\/author\/michael-zeiler\/"},"comments_num_v2":"0 comments","yoast_head":"<!-- This site is optimized with the Yoast SEO plugin v27.4 - https:\/\/yoast.com\/product\/yoast-seo-wordpress\/ -->\n<title>Mit psychosozialen Therapien den kognitiven Abbau verz\u00f6gern - digiDEM Bayern<\/title>\n<meta name=\"description\" content=\"Gegen Demenz gibt es noch immer kein Heilmittel, daher richtet sich der Blick bei der Behandlung der Erkrankung verst\u00e4rkt auf psychosoziale Therapien.\" \/>\n<meta name=\"robots\" content=\"index, follow, max-snippet:-1, max-image-preview:large, max-video-preview:-1\" \/>\n<link rel=\"canonical\" href=\"https:\/\/digidem-bayern.de\/en\/psychosoziale-therapien\/\" \/>\n<meta property=\"og:locale\" content=\"en_US\" \/>\n<meta property=\"og:type\" content=\"article\" \/>\n<meta property=\"og:title\" content=\"Mit psychosozialen Therapien den kognitiven Abbau verz\u00f6gern - digiDEM Bayern\" \/>\n<meta property=\"og:description\" content=\"Gegen Demenz gibt es noch immer kein Heilmittel, daher richtet sich der Blick bei der Behandlung der Erkrankung verst\u00e4rkt auf psychosoziale Therapien.\" \/>\n<meta property=\"og:url\" content=\"https:\/\/digidem-bayern.de\/en\/psychosoziale-therapien\/\" \/>\n<meta property=\"og:site_name\" content=\"digiDEM Bayern\" \/>\n<meta property=\"article:publisher\" content=\"https:\/\/www.facebook.com\/digiDEMBayern\/\" \/>\n<meta property=\"article:published_time\" content=\"2020-03-16T12:42:13+00:00\" \/>\n<meta property=\"article:modified_time\" content=\"2020-03-23T15:12:19+00:00\" \/>\n<meta property=\"og:image\" content=\"https:\/\/digidem-bayern.de\/wp-content\/uploads\/2020\/03\/hands-4862762_1280.jpg\" \/>\n\t<meta property=\"og:image:width\" content=\"1280\" \/>\n\t<meta property=\"og:image:height\" content=\"823\" \/>\n\t<meta property=\"og:image:type\" content=\"image\/jpeg\" \/>\n<meta name=\"author\" content=\"Michael Zeiler\" \/>\n<meta name=\"twitter:label1\" content=\"Written by\" \/>\n\t<meta name=\"twitter:data1\" content=\"Michael Zeiler\" \/>\n\t<meta name=\"twitter:label2\" content=\"Est. reading time\" \/>\n\t<meta name=\"twitter:data2\" content=\"2 minutes\" \/>\n<script type=\"application\/ld+json\" class=\"yoast-schema-graph\">{\"@context\":\"https:\\\/\\\/schema.org\",\"@graph\":[{\"@type\":\"Article\",\"@id\":\"https:\\\/\\\/digidem-bayern.de\\\/psychosoziale-therapien\\\/#article\",\"isPartOf\":{\"@id\":\"https:\\\/\\\/digidem-bayern.de\\\/psychosoziale-therapien\\\/\"},\"author\":{\"name\":\"Michael Zeiler\",\"@id\":\"\\\/#\\\/schema\\\/person\\\/92754ad381f49b3c358d1d8d2c4f90b8\"},\"headline\":\"Mit psychosozialen Therapien den kognitiven Abbau verz\u00f6gern\",\"datePublished\":\"2020-03-16T12:42:13+00:00\",\"dateModified\":\"2020-03-23T15:12:19+00:00\",\"mainEntityOfPage\":{\"@id\":\"https:\\\/\\\/digidem-bayern.de\\\/psychosoziale-therapien\\\/\"},\"wordCount\":449,\"publisher\":{\"@id\":\"\\\/#organization\"},\"image\":{\"@id\":\"https:\\\/\\\/digidem-bayern.de\\\/psychosoziale-therapien\\\/#primaryimage\"},\"thumbnailUrl\":\"https:\\\/\\\/digidem-bayern.de\\\/wp-content\\\/uploads\\\/2020\\\/03\\\/hands-4862762_1280.jpg\",\"keywords\":[\"Alzheimer\",\"Demenz.\",\"digidem\",\"digidem Bayern\",\"Digitales Demenzregister Bayern\",\"Elmar Gr\u00e4\u00dfel\",\"MAKS\",\"psychosoziale Therapien\"],\"articleSection\":[\"Wissenschaft &amp; Forschung\"],\"inLanguage\":\"en-US\"},{\"@type\":\"WebPage\",\"@id\":\"https:\\\/\\\/digidem-bayern.de\\\/psychosoziale-therapien\\\/\",\"url\":\"https:\\\/\\\/digidem-bayern.de\\\/psychosoziale-therapien\\\/\",\"name\":\"Mit psychosozialen Therapien den kognitiven Abbau verz\u00f6gern - digiDEM Bayern\",\"isPartOf\":{\"@id\":\"\\\/#website\"},\"primaryImageOfPage\":{\"@id\":\"https:\\\/\\\/digidem-bayern.de\\\/psychosoziale-therapien\\\/#primaryimage\"},\"image\":{\"@id\":\"https:\\\/\\\/digidem-bayern.de\\\/psychosoziale-therapien\\\/#primaryimage\"},\"thumbnailUrl\":\"https:\\\/\\\/digidem-bayern.de\\\/wp-content\\\/uploads\\\/2020\\\/03\\\/hands-4862762_1280.jpg\",\"datePublished\":\"2020-03-16T12:42:13+00:00\",\"dateModified\":\"2020-03-23T15:12:19+00:00\",\"description\":\"Gegen Demenz gibt es noch immer kein Heilmittel, daher richtet sich der Blick bei der Behandlung der Erkrankung verst\u00e4rkt auf psychosoziale Therapien.\",\"breadcrumb\":{\"@id\":\"https:\\\/\\\/digidem-bayern.de\\\/psychosoziale-therapien\\\/#breadcrumb\"},\"inLanguage\":\"en-US\",\"potentialAction\":[{\"@type\":\"ReadAction\",\"target\":[\"https:\\\/\\\/digidem-bayern.de\\\/psychosoziale-therapien\\\/\"]}]},{\"@type\":\"ImageObject\",\"inLanguage\":\"en-US\",\"@id\":\"https:\\\/\\\/digidem-bayern.de\\\/psychosoziale-therapien\\\/#primaryimage\",\"url\":\"https:\\\/\\\/digidem-bayern.de\\\/wp-content\\\/uploads\\\/2020\\\/03\\\/hands-4862762_1280.jpg\",\"contentUrl\":\"https:\\\/\\\/digidem-bayern.de\\\/wp-content\\\/uploads\\\/2020\\\/03\\\/hands-4862762_1280.jpg\",\"width\":1280,\"height\":823,\"caption\":\"H\u00e4nde mit Holzspielzeug\"},{\"@type\":\"BreadcrumbList\",\"@id\":\"https:\\\/\\\/digidem-bayern.de\\\/psychosoziale-therapien\\\/#breadcrumb\",\"itemListElement\":[{\"@type\":\"ListItem\",\"position\":1,\"name\":\"Startseite\",\"item\":\"https:\\\/\\\/digidem-bayern.de\\\/\"},{\"@type\":\"ListItem\",\"position\":2,\"name\":\"Mit psychosozialen Therapien den kognitiven Abbau verz\u00f6gern\"}]},{\"@type\":\"WebSite\",\"@id\":\"\\\/#website\",\"url\":\"\\\/\",\"name\":\"digiDEM Bayern\",\"description\":\"Das digitale Demenzregister Bayern erforscht und verbessert die Angebotsstuktur f\u00fcr Menschen mit Demenz und deren Angeh\u00f6rige\",\"publisher\":{\"@id\":\"\\\/#organization\"},\"potentialAction\":[{\"@type\":\"SearchAction\",\"target\":{\"@type\":\"EntryPoint\",\"urlTemplate\":\"\\\/?s={search_term_string}\"},\"query-input\":{\"@type\":\"PropertyValueSpecification\",\"valueRequired\":true,\"valueName\":\"search_term_string\"}}],\"inLanguage\":\"en-US\"},{\"@type\":\"Organization\",\"@id\":\"\\\/#organization\",\"name\":\"digiDEM Bayern\",\"url\":\"\\\/\",\"logo\":{\"@type\":\"ImageObject\",\"inLanguage\":\"en-US\",\"@id\":\"\\\/#\\\/schema\\\/logo\\\/image\\\/\",\"url\":\"https:\\\/\\\/digidem-bayern.de\\\/wp-content\\\/uploads\\\/2022\\\/03\\\/cropped-Allgemeines_digiDEMLOGO-removebg-preview.png\",\"contentUrl\":\"https:\\\/\\\/digidem-bayern.de\\\/wp-content\\\/uploads\\\/2022\\\/03\\\/cropped-Allgemeines_digiDEMLOGO-removebg-preview.png\",\"width\":612,\"height\":357,\"caption\":\"digiDEM Bayern\"},\"image\":{\"@id\":\"\\\/#\\\/schema\\\/logo\\\/image\\\/\"},\"sameAs\":[\"https:\\\/\\\/www.facebook.com\\\/digiDEMBayern\\\/\",\"https:\\\/\\\/x.com\\\/digidem_bayern\",\"https:\\\/\\\/www.instagram.com\\\/digidem.bayern\",\"https:\\\/\\\/www.linkedin.com\\\/company\\\/digidem-bayern\\\/\"]},{\"@type\":\"Person\",\"@id\":\"\\\/#\\\/schema\\\/person\\\/92754ad381f49b3c358d1d8d2c4f90b8\",\"name\":\"Michael Zeiler\",\"url\":\"https:\\\/\\\/digidem-bayern.de\\\/en\\\/author\\\/michael-zeiler\\\/\"}]}<\/script>\n<!-- \/ Yoast SEO plugin. -->","yoast_head_json":{"title":"Mit psychosozialen Therapien den kognitiven Abbau verz\u00f6gern - digiDEM Bayern","description":"Gegen Demenz gibt es noch immer kein Heilmittel, daher richtet sich der Blick bei der Behandlung der Erkrankung verst\u00e4rkt auf psychosoziale Therapien.","robots":{"index":"index","follow":"follow","max-snippet":"max-snippet:-1","max-image-preview":"max-image-preview:large","max-video-preview":"max-video-preview:-1"},"canonical":"https:\/\/digidem-bayern.de\/en\/psychosoziale-therapien\/","og_locale":"en_US","og_type":"article","og_title":"Mit psychosozialen Therapien den kognitiven Abbau verz\u00f6gern - digiDEM Bayern","og_description":"Gegen Demenz gibt es noch immer kein Heilmittel, daher richtet sich der Blick bei der Behandlung der Erkrankung verst\u00e4rkt auf psychosoziale Therapien.","og_url":"https:\/\/digidem-bayern.de\/en\/psychosoziale-therapien\/","og_site_name":"digiDEM Bayern","article_publisher":"https:\/\/www.facebook.com\/digiDEMBayern\/","article_published_time":"2020-03-16T12:42:13+00:00","article_modified_time":"2020-03-23T15:12:19+00:00","og_image":[{"width":1280,"height":823,"url":"https:\/\/digidem-bayern.de\/wp-content\/uploads\/2020\/03\/hands-4862762_1280.jpg","type":"image\/jpeg"}],"author":"Michael Zeiler","twitter_misc":{"Written by":"Michael Zeiler","Est. reading time":"2 minutes"},"schema":{"@context":"https:\/\/schema.org","@graph":[{"@type":"Article","@id":"https:\/\/digidem-bayern.de\/psychosoziale-therapien\/#article","isPartOf":{"@id":"https:\/\/digidem-bayern.de\/psychosoziale-therapien\/"},"author":{"name":"Michael Zeiler","@id":"\/#\/schema\/person\/92754ad381f49b3c358d1d8d2c4f90b8"},"headline":"Mit psychosozialen Therapien den kognitiven Abbau verz\u00f6gern","datePublished":"2020-03-16T12:42:13+00:00","dateModified":"2020-03-23T15:12:19+00:00","mainEntityOfPage":{"@id":"https:\/\/digidem-bayern.de\/psychosoziale-therapien\/"},"wordCount":449,"publisher":{"@id":"\/#organization"},"image":{"@id":"https:\/\/digidem-bayern.de\/psychosoziale-therapien\/#primaryimage"},"thumbnailUrl":"https:\/\/digidem-bayern.de\/wp-content\/uploads\/2020\/03\/hands-4862762_1280.jpg","keywords":["Alzheimer","Demenz.","digidem","digidem Bayern","Digitales Demenzregister Bayern","Elmar Gr\u00e4\u00dfel","MAKS","psychosoziale Therapien"],"articleSection":["Wissenschaft &amp; Forschung"],"inLanguage":"en-US"},{"@type":"WebPage","@id":"https:\/\/digidem-bayern.de\/psychosoziale-therapien\/","url":"https:\/\/digidem-bayern.de\/psychosoziale-therapien\/","name":"Mit psychosozialen Therapien den kognitiven Abbau verz\u00f6gern - digiDEM Bayern","isPartOf":{"@id":"\/#website"},"primaryImageOfPage":{"@id":"https:\/\/digidem-bayern.de\/psychosoziale-therapien\/#primaryimage"},"image":{"@id":"https:\/\/digidem-bayern.de\/psychosoziale-therapien\/#primaryimage"},"thumbnailUrl":"https:\/\/digidem-bayern.de\/wp-content\/uploads\/2020\/03\/hands-4862762_1280.jpg","datePublished":"2020-03-16T12:42:13+00:00","dateModified":"2020-03-23T15:12:19+00:00","description":"Gegen Demenz gibt es noch immer kein Heilmittel, daher richtet sich der Blick bei der Behandlung der Erkrankung verst\u00e4rkt auf psychosoziale Therapien.","breadcrumb":{"@id":"https:\/\/digidem-bayern.de\/psychosoziale-therapien\/#breadcrumb"},"inLanguage":"en-US","potentialAction":[{"@type":"ReadAction","target":["https:\/\/digidem-bayern.de\/psychosoziale-therapien\/"]}]},{"@type":"ImageObject","inLanguage":"en-US","@id":"https:\/\/digidem-bayern.de\/psychosoziale-therapien\/#primaryimage","url":"https:\/\/digidem-bayern.de\/wp-content\/uploads\/2020\/03\/hands-4862762_1280.jpg","contentUrl":"https:\/\/digidem-bayern.de\/wp-content\/uploads\/2020\/03\/hands-4862762_1280.jpg","width":1280,"height":823,"caption":"H\u00e4nde mit Holzspielzeug"},{"@type":"BreadcrumbList","@id":"https:\/\/digidem-bayern.de\/psychosoziale-therapien\/#breadcrumb","itemListElement":[{"@type":"ListItem","position":1,"name":"Startseite","item":"https:\/\/digidem-bayern.de\/"},{"@type":"ListItem","position":2,"name":"Mit psychosozialen Therapien den kognitiven Abbau verz\u00f6gern"}]},{"@type":"WebSite","@id":"\/#website","url":"\/","name":"digiDEM Bavaria","description":"The digital dementia register in Bavaria researches and improves the structure of services for people with dementia and their relatives","publisher":{"@id":"\/#organization"},"potentialAction":[{"@type":"SearchAction","target":{"@type":"EntryPoint","urlTemplate":"\/?s={search_term_string}"},"query-input":{"@type":"PropertyValueSpecification","valueRequired":true,"valueName":"search_term_string"}}],"inLanguage":"en-US"},{"@type":"Organization","@id":"\/#organization","name":"digiDEM Bavaria","url":"\/","logo":{"@type":"ImageObject","inLanguage":"en-US","@id":"\/#\/schema\/logo\/image\/","url":"https:\/\/digidem-bayern.de\/wp-content\/uploads\/2022\/03\/cropped-Allgemeines_digiDEMLOGO-removebg-preview.png","contentUrl":"https:\/\/digidem-bayern.de\/wp-content\/uploads\/2022\/03\/cropped-Allgemeines_digiDEMLOGO-removebg-preview.png","width":612,"height":357,"caption":"digiDEM Bayern"},"image":{"@id":"\/#\/schema\/logo\/image\/"},"sameAs":["https:\/\/www.facebook.com\/digiDEMBayern\/","https:\/\/x.com\/digidem_bayern","https:\/\/www.instagram.com\/digidem.bayern","https:\/\/www.linkedin.com\/company\/digidem-bayern\/"]},{"@type":"Person","@id":"\/#\/schema\/person\/92754ad381f49b3c358d1d8d2c4f90b8","name":"Michael Zeiler","url":"https:\/\/digidem-bayern.de\/en\/author\/michael-zeiler\/"}]}},"uagb_featured_image_src":{"full":["https:\/\/digidem-bayern.de\/wp-content\/uploads\/2020\/03\/hands-4862762_1280.jpg",1280,823,false],"thumbnail":["https:\/\/digidem-bayern.de\/wp-content\/uploads\/2020\/03\/hands-4862762_1280-80x80.jpg",80,80,true],"medium":["https:\/\/digidem-bayern.de\/wp-content\/uploads\/2020\/03\/hands-4862762_1280-300x193.jpg",300,193,true],"medium_large":["https:\/\/digidem-bayern.de\/wp-content\/uploads\/2020\/03\/hands-4862762_1280-768x494.jpg",768,494,true],"large":["https:\/\/digidem-bayern.de\/wp-content\/uploads\/2020\/03\/hands-4862762_1280-1030x662.jpg",1030,662,true],"1536x1536":["https:\/\/digidem-bayern.de\/wp-content\/uploads\/2020\/03\/hands-4862762_1280.jpg",1280,823,false],"2048x2048":["https:\/\/digidem-bayern.de\/wp-content\/uploads\/2020\/03\/hands-4862762_1280.jpg",1280,823,false],"trp-custom-language-flag":["https:\/\/digidem-bayern.de\/wp-content\/uploads\/2020\/03\/hands-4862762_1280.jpg",18,12,false],"qubely_landscape":["https:\/\/digidem-bayern.de\/wp-content\/uploads\/2020\/03\/hands-4862762_1280-1200x750.jpg",1200,750,true],"qubely_portrait":["https:\/\/digidem-bayern.de\/wp-content\/uploads\/2020\/03\/hands-4862762_1280-540x320.jpg",540,320,true],"qubely_thumbnail":["https:\/\/digidem-bayern.de\/wp-content\/uploads\/2020\/03\/hands-4862762_1280-140x100.jpg",140,100,true],"post-thumbnail":["https:\/\/digidem-bayern.de\/wp-content\/uploads\/2020\/03\/hands-4862762_1280-495x318.jpg",495,318,true],"kahuna-featured":["https:\/\/digidem-bayern.de\/wp-content\/uploads\/2020\/03\/hands-4862762_1280-495x350.jpg",495,350,true],"kahuna-featured-lp":["https:\/\/digidem-bayern.de\/wp-content\/uploads\/2020\/03\/hands-4862762_1280-690x350.jpg",520,264,true],"kahuna-featured-half":["https:\/\/digidem-bayern.de\/wp-content\/uploads\/2020\/03\/hands-4862762_1280-800x350.jpg",800,350,true],"kahuna-featured-third":["https:\/\/digidem-bayern.de\/wp-content\/uploads\/2020\/03\/hands-4862762_1280-512x350.jpg",512,350,true],"kahuna-lpbox-1":["https:\/\/digidem-bayern.de\/wp-content\/uploads\/2020\/03\/hands-4862762_1280-460x350.jpg",394,300,true],"kahuna-lpbox-2":["https:\/\/digidem-bayern.de\/wp-content\/uploads\/2020\/03\/hands-4862762_1280-460x350.jpg",460,350,true],"demand-language-flag":["https:\/\/digidem-bayern.de\/wp-content\/uploads\/2020\/03\/hands-4862762_1280.jpg",36,23,false],"dddkt-language-flag":["https:\/\/digidem-bayern.de\/wp-content\/uploads\/2020\/03\/hands-4862762_1280.jpg",36,23,false],"ddiqc-language-flag":["https:\/\/digidem-bayern.de\/wp-content\/uploads\/2020\/03\/hands-4862762_1280.jpg",36,23,false],"ddtl-language-flag":["https:\/\/digidem-bayern.de\/wp-content\/uploads\/2020\/03\/hands-4862762_1280.jpg",36,23,false],"mailpoet_newsletter_max":["https:\/\/digidem-bayern.de\/wp-content\/uploads\/2020\/03\/hands-4862762_1280.jpg",1280,823,false],"kahuna-lpbox-3":["https:\/\/digidem-bayern.de\/wp-content\/uploads\/2020\/03\/hands-4862762_1280-460x350.jpg",460,350,true],"kahuna-featured-square":["https:\/\/digidem-bayern.de\/wp-content\/uploads\/2020\/03\/hands-4862762_1280-512x512.jpg",512,512,true],"kahuna-featured-square-large":["https:\/\/digidem-bayern.de\/wp-content\/uploads\/2020\/03\/hands-4862762_1280-1024x823.jpg",1024,823,true]},"uagb_author_info":{"display_name":"Michael Zeiler","author_link":"https:\/\/digidem-bayern.de\/en\/author\/michael-zeiler\/"},"uagb_comment_info":0,"uagb_excerpt":"Gegen Demenz gibt es noch immer kein Heilmittel, daher richtet sich der Blick bei der Behandlung der Erkrankung verst\u00e4rkt auf psychosoziale Therapien. Eine Studie aus Japan hat solche Interventionen in Pflegeheimen untersucht, darunter auch die MAKS-Therapie. Sie wurde von Prof. Dr. med. Elmar Gr\u00e4\u00dfel entwickelt, dem Leiter des Zentrums f\u00fcr &hellip;","_links":{"self":[{"href":"https:\/\/digidem-bayern.de\/en\/wp-json\/wp\/v2\/posts\/4574","targetHints":{"allow":["GET"]}}],"collection":[{"href":"https:\/\/digidem-bayern.de\/en\/wp-json\/wp\/v2\/posts"}],"about":[{"href":"https:\/\/digidem-bayern.de\/en\/wp-json\/wp\/v2\/types\/post"}],"author":[{"embeddable":true,"href":"https:\/\/digidem-bayern.de\/en\/wp-json\/wp\/v2\/users\/11"}],"replies":[{"embeddable":true,"href":"https:\/\/digidem-bayern.de\/en\/wp-json\/wp\/v2\/comments?post=4574"}],"version-history":[{"count":0,"href":"https:\/\/digidem-bayern.de\/en\/wp-json\/wp\/v2\/posts\/4574\/revisions"}],"wp:featuredmedia":[{"embeddable":true,"href":"https:\/\/digidem-bayern.de\/en\/wp-json\/wp\/v2\/media\/4576"}],"wp:attachment":[{"href":"https:\/\/digidem-bayern.de\/en\/wp-json\/wp\/v2\/media?parent=4574"}],"wp:term":[{"taxonomy":"category","embeddable":true,"href":"https:\/\/digidem-bayern.de\/en\/wp-json\/wp\/v2\/categories?post=4574"},{"taxonomy":"post_tag","embeddable":true,"href":"https:\/\/digidem-bayern.de\/en\/wp-json\/wp\/v2\/tags?post=4574"}],"curies":[{"name":"wp","href":"https:\/\/api.w.org\/{rel}","templated":true}]}}