{"id":4561,"date":"2020-03-16T13:22:31","date_gmt":"2020-03-16T12:22:31","guid":{"rendered":"https:\/\/digidem-bayern.de\/?p=4561"},"modified":"2020-03-17T09:56:47","modified_gmt":"2020-03-17T08:56:47","slug":"demenz-diagnose-per-videosprechstunde","status":"publish","type":"post","link":"https:\/\/digidem-bayern.de\/en\/demenz-diagnose-per-videosprechstunde\/","title":{"rendered":"Demenz-Diagnose per Videosprechstunde?"},"content":{"rendered":"<h4 class=\"wp-block-heading\">Ein Arzt-Gespr\u00e4ch per Videosprechstunde \u2013 f\u00fcr viele Menschen ist diese Vorstellung noch immer ungewohnt. Dabei wird der Bereich der Telemedizin immer weiter ausgebaut und auch durch das neue Digitale-Versorgung-Gesetz (DVG) gest\u00e4rkt. US-Forscher haben die Rolle der Telemedizin bei neurologischen Erkrankungen untersucht \u2013 darunter auch Demenz. <\/h4>\n\n\n\n<p>Hintergrund und Nutzen der Telemedizin liegen auf der Hand: Die\nForschergruppe rund um Jaime M. Hatcher-Martin geht davon\naus, dass durch den demografischen Wandel immer mehr \u00e4ltere Menschen\nneurologische Behandlungen ben\u00f6tigen werden. Die Telemedizin k\u00f6nnte hier\nVersorgungsl\u00fccken schlie\u00dfen, indem sie zum Beispiel Untersuchungen von Patient*innen\nerm\u00f6glicht, die sonst wegen weiter Entfernungen oder k\u00f6rperlicher oder\nkognitiver Einschr\u00e4nkungen keinen Facharzt aufsuchen k\u00f6nnten. Zudem kann die\nTelemedizin den Autor*innen zufolge eine fr\u00fchzeitigere spezialisierte\nVersorgung anbieten, die Belastung von Patienten und Pflegepersonal verringern\nund die Zufriedenheit der Patient*innen verbessern. <\/p>\n\n\n\n<p><strong>Positive\nErfahrungen mit Telemedizin bei der Schlaganfallversorgung<\/strong><\/p>\n\n\n\n<div class=\"wp-block-image\"><figure class=\"alignright size-medium\"><img loading=\"lazy\" decoding=\"async\" width=\"300\" height=\"193\" src=\"https:\/\/test.digidem-bayern.de\/wp-content\/uploads\/2020\/03\/doctor-4861811_1280-1-300x193.jpg\" alt=\"Comic: \u00c4rztin vor Laptop\" class=\"wp-image-4564\" srcset=\"https:\/\/digidem-bayern.de\/wp-content\/uploads\/2020\/03\/doctor-4861811_1280-1-300x193.jpg 300w, https:\/\/digidem-bayern.de\/wp-content\/uploads\/2020\/03\/doctor-4861811_1280-1-1030x664.jpg 1030w, https:\/\/digidem-bayern.de\/wp-content\/uploads\/2020\/03\/doctor-4861811_1280-1-768x495.jpg 768w, https:\/\/digidem-bayern.de\/wp-content\/uploads\/2020\/03\/doctor-4861811_1280-1-495x319.jpg 495w, https:\/\/digidem-bayern.de\/wp-content\/uploads\/2020\/03\/doctor-4861811_1280-1.jpg 1280w\" sizes=\"auto, (max-width: 300px) 100vw, 300px\" \/><\/figure><\/div>\n\n\n\n<p>\u201eVorreiter\u201c bei der neurologischen Telemedizin ist die\nSchlaganfall-Behandlung (\u201etelestroke\u201c). Seit den ersten Ans\u00e4tzen vor rund 20\nJahren wurde der Zugang stetig erweitert und die Qualit\u00e4t verbessert. Trotz\ndieser Fortschritte in der Schlaganfallversorgung g\u00e4be es jedoch nur wenige\nDaten \u00fcber die Rolle der Telemedizin bei anderen neurologischen Erkrankungen. In wie weit kann\nTelemedizin den Zugang zur Versorgung verbessern? Wie genau ist die Diagnostik?\nWie hoch ist die Akzeptanz bei Patient*innen und \u00c4rzt*innen? Um einen \u00dcberblick\nzu diesen Punkten zu liefern, werteten die Forscher*innen 753 Untersuchungen\nzur Telemedizin au. Sie bezogen sich auf unterschiedliche neurologische\nErkrankungen, etwa Epilepsie, Kopfschmerzen, Multiple Sklerose oder Demenz <\/p>\n\n\n\n<p>In Bezug Demenz-Telemedizin f\u00e4llt die Bewertung der Autor*innen\npositiv aus. Die Studien deuten darauf hin, dass diese Art der Behandlung den Zugang\nzur Versorgung verbessert, eine hohe diagnostische Genauigkeit aufweist, f\u00fcr\nZufriedenheit bei Patienten und Versorgern sorgt und Kosten spart. Eine Analyse\nergab beispielsweise, dass fast zwei Drittel der darin beschriebenen\n(Telemedizin-) Sitzungen wohl nicht stattgefunden h\u00e4tte, wenn der Arzt daf\u00fcr\nweite Strecken h\u00e4tte zur\u00fccklegen m\u00fcssen. Mehrere Studien untersuchten die\ndiagnostische Genauigkeit und die Zuverl\u00e4ssigkeit der Anwendung \u00fcblicher\nScreening-Tests \u2013 mit vergleichbaren Ergebnissen zwischen der Teleneurologie\nund der pers\u00f6nlichen Untersuchung. Nur eine Studie erfragte konkret, wie\nzufrieden Betroffene mit der Teleneurologie im Vergleich zu pers\u00f6nlichen\nUntersuchungen sind. Alle Teilnehmer*innen hatten beide \u201eVarianten\u201c erlebt und\nwaren den Ergebnissen zufolge gleicherma\u00dfen zufrieden. <\/p>\n\n\n\n<p><strong>L\u00e4ngere\nBehandlungsdauer bei den Telemedizin-Patienten<\/strong><\/p>\n\n\n\n<p>Auch bei den Ergebnissen des Mini-Mental-Status-Tests im Verlauf\neines Jahres zeigten sich keine Unterschiede zwischen beiden Therapieformen.\nDies sehen die Autor*innen als Hinweis darauf, dass die Teleneurologie in Bezug\nauf das Behandlungsergebnis mindestens so wirksam ist wie pers\u00f6nliche Besuche. Zudem\nzeigte sich, dass Teleneurologie-Patient*innen eine deutlich l\u00e4ngere\nBehandlungsdauer hatten. Dies deute darauf hin, dass sie Behandlungen im\nVergleich h\u00e4ufiger in Anspruch genommen h\u00e4tten. <\/p>\n\n\n\n<p>Einschr\u00e4nkend weisen die Forscher*innen darauf hin, dass es sich nur\nbei 7 der 20 ausgewerteten Teleneurologie\/Demenz-Untersuchungen um randomisierte\nklinische Studien gehandelt hat. Sie empfehlen weitere und genauere Studien, um\nfestzustellen, wie die Teleneurologie im Vergleich zur pers\u00f6nlichen Demenz-Versorgung\naussieht.<\/p>\n\n\n\n<p>Die vollst\u00e4ndige Studie finden Sie hier:<br><a href=\"https:\/\/n.neurology.org\/content\/94\/1\/30\">Telemedicine in neurology<\/a> (Januar 2020)<\/p>\n\n\n\n<p><\/p>","protected":false},"excerpt":{"rendered":"<p>Ein Arzt-Gespr\u00e4ch per Videosprechstunde \u2013 f\u00fcr viele Menschen ist diese Vorstellung noch immer ungewohnt. Dabei wird der Bereich der Telemedizin immer weiter ausgebaut und auch durch das neue Digitale-Versorgung-Gesetz (DVG) gest\u00e4rkt. US-Forscher haben die Rolle der Telemedizin bei neurologischen Erkrankungen untersucht \u2013 darunter auch Demenz. Hintergrund und Nutzen der Telemedizin &hellip;<\/p>","protected":false},"author":11,"featured_media":4563,"comment_status":"closed","ping_status":"closed","sticky":false,"template":"","format":"standard","meta":{"qubely_global_settings":"","qubely_interactions":"","_uag_custom_page_level_css":"","footnotes":""},"categories":[5],"tags":[13,11,14,17,55,20,81,82],"class_list":["post-4561","post","type-post","status-publish","format-standard","has-post-thumbnail","hentry","category-wissenschaft-forschung","tag-alzheimer","tag-demenz","tag-digidem","tag-digidem-bayern","tag-digitales-demenzregister-bayern","tag-digitalisierung","tag-telemedizin","tag-teleneurologie"],"qubely_featured_image_url":{"full":["https:\/\/digidem-bayern.de\/wp-content\/uploads\/2020\/03\/doctor-4861811_1280.jpg",1280,825,false],"landscape":["https:\/\/digidem-bayern.de\/wp-content\/uploads\/2020\/03\/doctor-4861811_1280-1200x750.jpg",1200,750,true],"portraits":["https:\/\/digidem-bayern.de\/wp-content\/uploads\/2020\/03\/doctor-4861811_1280-540x320.jpg",540,320,true],"thumbnail":["https:\/\/digidem-bayern.de\/wp-content\/uploads\/2020\/03\/doctor-4861811_1280-80x80.jpg",80,80,true],"medium":["https:\/\/digidem-bayern.de\/wp-content\/uploads\/2020\/03\/doctor-4861811_1280-300x193.jpg",300,193,true],"medium_large":["https:\/\/digidem-bayern.de\/wp-content\/uploads\/2020\/03\/doctor-4861811_1280-768x495.jpg",768,495,true],"large":["https:\/\/digidem-bayern.de\/wp-content\/uploads\/2020\/03\/doctor-4861811_1280-1030x664.jpg",1030,664,true],"1536x1536":["https:\/\/digidem-bayern.de\/wp-content\/uploads\/2020\/03\/doctor-4861811_1280.jpg",1280,825,false],"2048x2048":["https:\/\/digidem-bayern.de\/wp-content\/uploads\/2020\/03\/doctor-4861811_1280.jpg",1280,825,false],"trp-custom-language-flag":["https:\/\/digidem-bayern.de\/wp-content\/uploads\/2020\/03\/doctor-4861811_1280.jpg",18,12,false],"qubely_landscape":["https:\/\/digidem-bayern.de\/wp-content\/uploads\/2020\/03\/doctor-4861811_1280-1200x750.jpg",1200,750,true],"qubely_portrait":["https:\/\/digidem-bayern.de\/wp-content\/uploads\/2020\/03\/doctor-4861811_1280-540x320.jpg",540,320,true],"qubely_thumbnail":["https:\/\/digidem-bayern.de\/wp-content\/uploads\/2020\/03\/doctor-4861811_1280-140x100.jpg",140,100,true],"post-thumbnail":["https:\/\/digidem-bayern.de\/wp-content\/uploads\/2020\/03\/doctor-4861811_1280-495x319.jpg",495,319,true],"kahuna-featured":["https:\/\/digidem-bayern.de\/wp-content\/uploads\/2020\/03\/doctor-4861811_1280-495x350.jpg",495,350,true],"kahuna-featured-lp":["https:\/\/digidem-bayern.de\/wp-content\/uploads\/2020\/03\/doctor-4861811_1280-690x350.jpg",520,264,true],"kahuna-featured-half":["https:\/\/digidem-bayern.de\/wp-content\/uploads\/2020\/03\/doctor-4861811_1280-800x350.jpg",800,350,true],"kahuna-featured-third":["https:\/\/digidem-bayern.de\/wp-content\/uploads\/2020\/03\/doctor-4861811_1280-512x350.jpg",512,350,true],"kahuna-lpbox-1":["https:\/\/digidem-bayern.de\/wp-content\/uploads\/2020\/03\/doctor-4861811_1280-460x350.jpg",394,300,true],"kahuna-lpbox-2":["https:\/\/digidem-bayern.de\/wp-content\/uploads\/2020\/03\/doctor-4861811_1280-460x350.jpg",460,350,true],"demand-language-flag":["https:\/\/digidem-bayern.de\/wp-content\/uploads\/2020\/03\/doctor-4861811_1280.jpg",36,23,false],"dddkt-language-flag":["https:\/\/digidem-bayern.de\/wp-content\/uploads\/2020\/03\/doctor-4861811_1280.jpg",36,23,false],"ddiqc-language-flag":["https:\/\/digidem-bayern.de\/wp-content\/uploads\/2020\/03\/doctor-4861811_1280.jpg",36,23,false],"ddtl-language-flag":["https:\/\/digidem-bayern.de\/wp-content\/uploads\/2020\/03\/doctor-4861811_1280.jpg",36,23,false],"mailpoet_newsletter_max":["https:\/\/digidem-bayern.de\/wp-content\/uploads\/2020\/03\/doctor-4861811_1280.jpg",1280,825,false],"kahuna-lpbox-3":["https:\/\/digidem-bayern.de\/wp-content\/uploads\/2020\/03\/doctor-4861811_1280-460x350.jpg",460,350,true],"kahuna-featured-square":["https:\/\/digidem-bayern.de\/wp-content\/uploads\/2020\/03\/doctor-4861811_1280-512x512.jpg",512,512,true],"kahuna-featured-square-large":["https:\/\/digidem-bayern.de\/wp-content\/uploads\/2020\/03\/doctor-4861811_1280-1024x825.jpg",1024,825,true]},"qubely_author":{"display_name":"Michael Zeiler","author_link":"https:\/\/digidem-bayern.de\/en\/author\/michael-zeiler\/"},"qubely_comment":0,"qubely_category":"<a href=\"https:\/\/digidem-bayern.de\/en\/category\/wissenschaft-forschung\/\" rel=\"category tag\">Wissenschaft &amp; Forschung<\/a>","qubely_excerpt":"Ein Arzt-Gespr\u00e4ch per Videosprechstunde \u2013 f\u00fcr viele Menschen ist diese Vorstellung noch immer ungewohnt. Dabei wird der Bereich der Telemedizin immer weiter ausgebaut und auch durch das neue Digitale-Versorgung-Gesetz (DVG) gest\u00e4rkt. US-Forscher haben die Rolle der Telemedizin bei neurologischen Erkrankungen untersucht \u2013 darunter auch Demenz. Hintergrund und Nutzen der Telemedizin &hellip;","featured_image_urls_v2":{"full":["https:\/\/digidem-bayern.de\/wp-content\/uploads\/2020\/03\/doctor-4861811_1280.jpg",1280,825,false],"thumbnail":["https:\/\/digidem-bayern.de\/wp-content\/uploads\/2020\/03\/doctor-4861811_1280-80x80.jpg",80,80,true],"medium":["https:\/\/digidem-bayern.de\/wp-content\/uploads\/2020\/03\/doctor-4861811_1280-300x193.jpg",300,193,true],"medium_large":["https:\/\/digidem-bayern.de\/wp-content\/uploads\/2020\/03\/doctor-4861811_1280-768x495.jpg",768,495,true],"large":["https:\/\/digidem-bayern.de\/wp-content\/uploads\/2020\/03\/doctor-4861811_1280-1030x664.jpg",1030,664,true],"1536x1536":["https:\/\/digidem-bayern.de\/wp-content\/uploads\/2020\/03\/doctor-4861811_1280.jpg",1280,825,false],"2048x2048":["https:\/\/digidem-bayern.de\/wp-content\/uploads\/2020\/03\/doctor-4861811_1280.jpg",1280,825,false],"trp-custom-language-flag":["https:\/\/digidem-bayern.de\/wp-content\/uploads\/2020\/03\/doctor-4861811_1280.jpg",18,12,false],"qubely_landscape":["https:\/\/digidem-bayern.de\/wp-content\/uploads\/2020\/03\/doctor-4861811_1280-1200x750.jpg",1200,750,true],"qubely_portrait":["https:\/\/digidem-bayern.de\/wp-content\/uploads\/2020\/03\/doctor-4861811_1280-540x320.jpg",540,320,true],"qubely_thumbnail":["https:\/\/digidem-bayern.de\/wp-content\/uploads\/2020\/03\/doctor-4861811_1280-140x100.jpg",140,100,true],"post-thumbnail":["https:\/\/digidem-bayern.de\/wp-content\/uploads\/2020\/03\/doctor-4861811_1280-495x319.jpg",495,319,true],"kahuna-featured":["https:\/\/digidem-bayern.de\/wp-content\/uploads\/2020\/03\/doctor-4861811_1280-495x350.jpg",495,350,true],"kahuna-featured-lp":["https:\/\/digidem-bayern.de\/wp-content\/uploads\/2020\/03\/doctor-4861811_1280-690x350.jpg",520,264,true],"kahuna-featured-half":["https:\/\/digidem-bayern.de\/wp-content\/uploads\/2020\/03\/doctor-4861811_1280-800x350.jpg",800,350,true],"kahuna-featured-third":["https:\/\/digidem-bayern.de\/wp-content\/uploads\/2020\/03\/doctor-4861811_1280-512x350.jpg",512,350,true],"kahuna-lpbox-1":["https:\/\/digidem-bayern.de\/wp-content\/uploads\/2020\/03\/doctor-4861811_1280-460x350.jpg",394,300,true],"kahuna-lpbox-2":["https:\/\/digidem-bayern.de\/wp-content\/uploads\/2020\/03\/doctor-4861811_1280-460x350.jpg",460,350,true],"demand-language-flag":["https:\/\/digidem-bayern.de\/wp-content\/uploads\/2020\/03\/doctor-4861811_1280.jpg",36,23,false],"dddkt-language-flag":["https:\/\/digidem-bayern.de\/wp-content\/uploads\/2020\/03\/doctor-4861811_1280.jpg",36,23,false],"ddiqc-language-flag":["https:\/\/digidem-bayern.de\/wp-content\/uploads\/2020\/03\/doctor-4861811_1280.jpg",36,23,false],"ddtl-language-flag":["https:\/\/digidem-bayern.de\/wp-content\/uploads\/2020\/03\/doctor-4861811_1280.jpg",36,23,false],"mailpoet_newsletter_max":["https:\/\/digidem-bayern.de\/wp-content\/uploads\/2020\/03\/doctor-4861811_1280.jpg",1280,825,false],"kahuna-lpbox-3":["https:\/\/digidem-bayern.de\/wp-content\/uploads\/2020\/03\/doctor-4861811_1280-460x350.jpg",460,350,true],"kahuna-featured-square":["https:\/\/digidem-bayern.de\/wp-content\/uploads\/2020\/03\/doctor-4861811_1280-512x512.jpg",512,512,true],"kahuna-featured-square-large":["https:\/\/digidem-bayern.de\/wp-content\/uploads\/2020\/03\/doctor-4861811_1280-1024x825.jpg",1024,825,true]},"post_excerpt_stackable_v2":"<p>Ein Arzt-Gespr\u00e4ch per Videosprechstunde \u2013 f\u00fcr viele Menschen ist diese Vorstellung noch immer ungewohnt. Dabei wird der Bereich der Telemedizin immer weiter ausgebaut und auch durch das neue Digitale-Versorgung-Gesetz (DVG) gest\u00e4rkt. US-Forscher haben die Rolle der Telemedizin bei neurologischen Erkrankungen untersucht \u2013 darunter auch Demenz. Hintergrund und Nutzen der Telemedizin liegen auf der Hand: Die Forschergruppe rund um Jaime M. Hatcher-Martin geht davon aus, dass durch den demografischen Wandel immer mehr \u00e4ltere Menschen neurologische Behandlungen ben\u00f6tigen werden. Die Telemedizin k\u00f6nnte hier Versorgungsl\u00fccken schlie\u00dfen, indem sie zum Beispiel Untersuchungen von Patient*innen erm\u00f6glicht, die sonst wegen weiter Entfernungen oder k\u00f6rperlicher oder kognitiver&hellip;<\/p>\n","category_list_v2":"<a href=\"https:\/\/digidem-bayern.de\/en\/category\/wissenschaft-forschung\/\" rel=\"category tag\">Wissenschaft &amp; Forschung<\/a>","author_info_v2":{"name":"Michael Zeiler","url":"https:\/\/digidem-bayern.de\/en\/author\/michael-zeiler\/"},"comments_num_v2":"0 comments","yoast_head":"<!-- This site is optimized with the Yoast SEO plugin v27.4 - https:\/\/yoast.com\/product\/yoast-seo-wordpress\/ -->\n<title>Demenz-Diagnose per Videosprechstunde? - digiDEM Bayern<\/title>\n<meta name=\"description\" content=\"Videosprechstunde beim Arzt: US-Forscher haben die Rolle der Telemedizin bei neurologischen Erkrankungen untersucht \u2013 darunter auch Demenz.\" \/>\n<meta name=\"robots\" content=\"index, follow, max-snippet:-1, max-image-preview:large, max-video-preview:-1\" \/>\n<link rel=\"canonical\" href=\"https:\/\/digidem-bayern.de\/en\/demenz-diagnose-per-videosprechstunde\/\" \/>\n<meta property=\"og:locale\" content=\"en_US\" \/>\n<meta property=\"og:type\" content=\"article\" \/>\n<meta property=\"og:title\" content=\"Demenz-Diagnose per Videosprechstunde? - digiDEM Bayern\" \/>\n<meta property=\"og:description\" content=\"Videosprechstunde beim Arzt: US-Forscher haben die Rolle der Telemedizin bei neurologischen Erkrankungen untersucht \u2013 darunter auch Demenz.\" \/>\n<meta property=\"og:url\" content=\"https:\/\/digidem-bayern.de\/en\/demenz-diagnose-per-videosprechstunde\/\" \/>\n<meta property=\"og:site_name\" content=\"digiDEM Bayern\" \/>\n<meta property=\"article:publisher\" content=\"https:\/\/www.facebook.com\/digiDEMBayern\/\" \/>\n<meta property=\"article:published_time\" content=\"2020-03-16T12:22:31+00:00\" \/>\n<meta property=\"article:modified_time\" content=\"2020-03-17T08:56:47+00:00\" \/>\n<meta property=\"og:image\" content=\"https:\/\/digidem-bayern.de\/wp-content\/uploads\/2020\/03\/doctor-4861811_1280.jpg\" \/>\n\t<meta property=\"og:image:width\" content=\"1280\" \/>\n\t<meta property=\"og:image:height\" content=\"825\" \/>\n\t<meta property=\"og:image:type\" content=\"image\/jpeg\" \/>\n<meta name=\"author\" content=\"Michael Zeiler\" \/>\n<meta name=\"twitter:label1\" content=\"Written by\" \/>\n\t<meta name=\"twitter:data1\" content=\"Michael Zeiler\" \/>\n\t<meta name=\"twitter:label2\" content=\"Est. reading time\" \/>\n\t<meta name=\"twitter:data2\" content=\"3 minutes\" \/>\n<script type=\"application\/ld+json\" class=\"yoast-schema-graph\">{\"@context\":\"https:\\\/\\\/schema.org\",\"@graph\":[{\"@type\":\"Article\",\"@id\":\"https:\\\/\\\/digidem-bayern.de\\\/demenz-diagnose-per-videosprechstunde\\\/#article\",\"isPartOf\":{\"@id\":\"https:\\\/\\\/digidem-bayern.de\\\/demenz-diagnose-per-videosprechstunde\\\/\"},\"author\":{\"name\":\"Michael Zeiler\",\"@id\":\"\\\/#\\\/schema\\\/person\\\/92754ad381f49b3c358d1d8d2c4f90b8\"},\"headline\":\"Demenz-Diagnose per Videosprechstunde?\",\"datePublished\":\"2020-03-16T12:22:31+00:00\",\"dateModified\":\"2020-03-17T08:56:47+00:00\",\"mainEntityOfPage\":{\"@id\":\"https:\\\/\\\/digidem-bayern.de\\\/demenz-diagnose-per-videosprechstunde\\\/\"},\"wordCount\":517,\"publisher\":{\"@id\":\"\\\/#organization\"},\"image\":{\"@id\":\"https:\\\/\\\/digidem-bayern.de\\\/demenz-diagnose-per-videosprechstunde\\\/#primaryimage\"},\"thumbnailUrl\":\"https:\\\/\\\/digidem-bayern.de\\\/wp-content\\\/uploads\\\/2020\\\/03\\\/doctor-4861811_1280.jpg\",\"keywords\":[\"Alzheimer\",\"Demenz.\",\"digidem\",\"digidem Bayern\",\"Digitales Demenzregister Bayern\",\"Digitalisierung\",\"Telemedizin\",\"Teleneurologie\"],\"articleSection\":[\"Wissenschaft &amp; Forschung\"],\"inLanguage\":\"en-US\"},{\"@type\":\"WebPage\",\"@id\":\"https:\\\/\\\/digidem-bayern.de\\\/demenz-diagnose-per-videosprechstunde\\\/\",\"url\":\"https:\\\/\\\/digidem-bayern.de\\\/demenz-diagnose-per-videosprechstunde\\\/\",\"name\":\"Demenz-Diagnose per Videosprechstunde? - digiDEM Bayern\",\"isPartOf\":{\"@id\":\"\\\/#website\"},\"primaryImageOfPage\":{\"@id\":\"https:\\\/\\\/digidem-bayern.de\\\/demenz-diagnose-per-videosprechstunde\\\/#primaryimage\"},\"image\":{\"@id\":\"https:\\\/\\\/digidem-bayern.de\\\/demenz-diagnose-per-videosprechstunde\\\/#primaryimage\"},\"thumbnailUrl\":\"https:\\\/\\\/digidem-bayern.de\\\/wp-content\\\/uploads\\\/2020\\\/03\\\/doctor-4861811_1280.jpg\",\"datePublished\":\"2020-03-16T12:22:31+00:00\",\"dateModified\":\"2020-03-17T08:56:47+00:00\",\"description\":\"Videosprechstunde beim Arzt: US-Forscher haben die Rolle der Telemedizin bei neurologischen Erkrankungen untersucht \u2013 darunter auch Demenz.\",\"breadcrumb\":{\"@id\":\"https:\\\/\\\/digidem-bayern.de\\\/demenz-diagnose-per-videosprechstunde\\\/#breadcrumb\"},\"inLanguage\":\"en-US\",\"potentialAction\":[{\"@type\":\"ReadAction\",\"target\":[\"https:\\\/\\\/digidem-bayern.de\\\/demenz-diagnose-per-videosprechstunde\\\/\"]}]},{\"@type\":\"ImageObject\",\"inLanguage\":\"en-US\",\"@id\":\"https:\\\/\\\/digidem-bayern.de\\\/demenz-diagnose-per-videosprechstunde\\\/#primaryimage\",\"url\":\"https:\\\/\\\/digidem-bayern.de\\\/wp-content\\\/uploads\\\/2020\\\/03\\\/doctor-4861811_1280.jpg\",\"contentUrl\":\"https:\\\/\\\/digidem-bayern.de\\\/wp-content\\\/uploads\\\/2020\\\/03\\\/doctor-4861811_1280.jpg\",\"width\":1280,\"height\":825,\"caption\":\"Comic: \u00c4rztin vor Laptop\"},{\"@type\":\"BreadcrumbList\",\"@id\":\"https:\\\/\\\/digidem-bayern.de\\\/demenz-diagnose-per-videosprechstunde\\\/#breadcrumb\",\"itemListElement\":[{\"@type\":\"ListItem\",\"position\":1,\"name\":\"Startseite\",\"item\":\"https:\\\/\\\/digidem-bayern.de\\\/\"},{\"@type\":\"ListItem\",\"position\":2,\"name\":\"Demenz-Diagnose per Videosprechstunde?\"}]},{\"@type\":\"WebSite\",\"@id\":\"\\\/#website\",\"url\":\"\\\/\",\"name\":\"digiDEM Bayern\",\"description\":\"Das digitale Demenzregister Bayern erforscht und verbessert die Angebotsstuktur f\u00fcr Menschen mit Demenz und deren Angeh\u00f6rige\",\"publisher\":{\"@id\":\"\\\/#organization\"},\"potentialAction\":[{\"@type\":\"SearchAction\",\"target\":{\"@type\":\"EntryPoint\",\"urlTemplate\":\"\\\/?s={search_term_string}\"},\"query-input\":{\"@type\":\"PropertyValueSpecification\",\"valueRequired\":true,\"valueName\":\"search_term_string\"}}],\"inLanguage\":\"en-US\"},{\"@type\":\"Organization\",\"@id\":\"\\\/#organization\",\"name\":\"digiDEM Bayern\",\"url\":\"\\\/\",\"logo\":{\"@type\":\"ImageObject\",\"inLanguage\":\"en-US\",\"@id\":\"\\\/#\\\/schema\\\/logo\\\/image\\\/\",\"url\":\"https:\\\/\\\/digidem-bayern.de\\\/wp-content\\\/uploads\\\/2022\\\/03\\\/cropped-Allgemeines_digiDEMLOGO-removebg-preview.png\",\"contentUrl\":\"https:\\\/\\\/digidem-bayern.de\\\/wp-content\\\/uploads\\\/2022\\\/03\\\/cropped-Allgemeines_digiDEMLOGO-removebg-preview.png\",\"width\":612,\"height\":357,\"caption\":\"digiDEM Bayern\"},\"image\":{\"@id\":\"\\\/#\\\/schema\\\/logo\\\/image\\\/\"},\"sameAs\":[\"https:\\\/\\\/www.facebook.com\\\/digiDEMBayern\\\/\",\"https:\\\/\\\/x.com\\\/digidem_bayern\",\"https:\\\/\\\/www.instagram.com\\\/digidem.bayern\",\"https:\\\/\\\/www.linkedin.com\\\/company\\\/digidem-bayern\\\/\"]},{\"@type\":\"Person\",\"@id\":\"\\\/#\\\/schema\\\/person\\\/92754ad381f49b3c358d1d8d2c4f90b8\",\"name\":\"Michael Zeiler\",\"url\":\"https:\\\/\\\/digidem-bayern.de\\\/en\\\/author\\\/michael-zeiler\\\/\"}]}<\/script>\n<!-- \/ Yoast SEO plugin. -->","yoast_head_json":{"title":"Demenz-Diagnose per Videosprechstunde? - digiDEM Bayern","description":"Videosprechstunde beim Arzt: US-Forscher haben die Rolle der Telemedizin bei neurologischen Erkrankungen untersucht \u2013 darunter auch Demenz.","robots":{"index":"index","follow":"follow","max-snippet":"max-snippet:-1","max-image-preview":"max-image-preview:large","max-video-preview":"max-video-preview:-1"},"canonical":"https:\/\/digidem-bayern.de\/en\/demenz-diagnose-per-videosprechstunde\/","og_locale":"en_US","og_type":"article","og_title":"Demenz-Diagnose per Videosprechstunde? - digiDEM Bayern","og_description":"Videosprechstunde beim Arzt: US-Forscher haben die Rolle der Telemedizin bei neurologischen Erkrankungen untersucht \u2013 darunter auch Demenz.","og_url":"https:\/\/digidem-bayern.de\/en\/demenz-diagnose-per-videosprechstunde\/","og_site_name":"digiDEM Bayern","article_publisher":"https:\/\/www.facebook.com\/digiDEMBayern\/","article_published_time":"2020-03-16T12:22:31+00:00","article_modified_time":"2020-03-17T08:56:47+00:00","og_image":[{"width":1280,"height":825,"url":"https:\/\/digidem-bayern.de\/wp-content\/uploads\/2020\/03\/doctor-4861811_1280.jpg","type":"image\/jpeg"}],"author":"Michael Zeiler","twitter_misc":{"Written by":"Michael Zeiler","Est. reading time":"3 minutes"},"schema":{"@context":"https:\/\/schema.org","@graph":[{"@type":"Article","@id":"https:\/\/digidem-bayern.de\/demenz-diagnose-per-videosprechstunde\/#article","isPartOf":{"@id":"https:\/\/digidem-bayern.de\/demenz-diagnose-per-videosprechstunde\/"},"author":{"name":"Michael Zeiler","@id":"\/#\/schema\/person\/92754ad381f49b3c358d1d8d2c4f90b8"},"headline":"Demenz-Diagnose per Videosprechstunde?","datePublished":"2020-03-16T12:22:31+00:00","dateModified":"2020-03-17T08:56:47+00:00","mainEntityOfPage":{"@id":"https:\/\/digidem-bayern.de\/demenz-diagnose-per-videosprechstunde\/"},"wordCount":517,"publisher":{"@id":"\/#organization"},"image":{"@id":"https:\/\/digidem-bayern.de\/demenz-diagnose-per-videosprechstunde\/#primaryimage"},"thumbnailUrl":"https:\/\/digidem-bayern.de\/wp-content\/uploads\/2020\/03\/doctor-4861811_1280.jpg","keywords":["Alzheimer","Demenz.","digidem","digidem Bayern","Digitales Demenzregister Bayern","Digitalisierung","Telemedizin","Teleneurologie"],"articleSection":["Wissenschaft &amp; Forschung"],"inLanguage":"en-US"},{"@type":"WebPage","@id":"https:\/\/digidem-bayern.de\/demenz-diagnose-per-videosprechstunde\/","url":"https:\/\/digidem-bayern.de\/demenz-diagnose-per-videosprechstunde\/","name":"Demenz-Diagnose per Videosprechstunde? - digiDEM Bayern","isPartOf":{"@id":"\/#website"},"primaryImageOfPage":{"@id":"https:\/\/digidem-bayern.de\/demenz-diagnose-per-videosprechstunde\/#primaryimage"},"image":{"@id":"https:\/\/digidem-bayern.de\/demenz-diagnose-per-videosprechstunde\/#primaryimage"},"thumbnailUrl":"https:\/\/digidem-bayern.de\/wp-content\/uploads\/2020\/03\/doctor-4861811_1280.jpg","datePublished":"2020-03-16T12:22:31+00:00","dateModified":"2020-03-17T08:56:47+00:00","description":"Videosprechstunde beim Arzt: US-Forscher haben die Rolle der Telemedizin bei neurologischen Erkrankungen untersucht \u2013 darunter auch Demenz.","breadcrumb":{"@id":"https:\/\/digidem-bayern.de\/demenz-diagnose-per-videosprechstunde\/#breadcrumb"},"inLanguage":"en-US","potentialAction":[{"@type":"ReadAction","target":["https:\/\/digidem-bayern.de\/demenz-diagnose-per-videosprechstunde\/"]}]},{"@type":"ImageObject","inLanguage":"en-US","@id":"https:\/\/digidem-bayern.de\/demenz-diagnose-per-videosprechstunde\/#primaryimage","url":"https:\/\/digidem-bayern.de\/wp-content\/uploads\/2020\/03\/doctor-4861811_1280.jpg","contentUrl":"https:\/\/digidem-bayern.de\/wp-content\/uploads\/2020\/03\/doctor-4861811_1280.jpg","width":1280,"height":825,"caption":"Comic: \u00c4rztin vor Laptop"},{"@type":"BreadcrumbList","@id":"https:\/\/digidem-bayern.de\/demenz-diagnose-per-videosprechstunde\/#breadcrumb","itemListElement":[{"@type":"ListItem","position":1,"name":"Startseite","item":"https:\/\/digidem-bayern.de\/"},{"@type":"ListItem","position":2,"name":"Demenz-Diagnose per Videosprechstunde?"}]},{"@type":"WebSite","@id":"\/#website","url":"\/","name":"digiDEM Bavaria","description":"The digital dementia register in Bavaria researches and improves the structure of services for people with dementia and their relatives","publisher":{"@id":"\/#organization"},"potentialAction":[{"@type":"SearchAction","target":{"@type":"EntryPoint","urlTemplate":"\/?s={search_term_string}"},"query-input":{"@type":"PropertyValueSpecification","valueRequired":true,"valueName":"search_term_string"}}],"inLanguage":"en-US"},{"@type":"Organization","@id":"\/#organization","name":"digiDEM Bavaria","url":"\/","logo":{"@type":"ImageObject","inLanguage":"en-US","@id":"\/#\/schema\/logo\/image\/","url":"https:\/\/digidem-bayern.de\/wp-content\/uploads\/2022\/03\/cropped-Allgemeines_digiDEMLOGO-removebg-preview.png","contentUrl":"https:\/\/digidem-bayern.de\/wp-content\/uploads\/2022\/03\/cropped-Allgemeines_digiDEMLOGO-removebg-preview.png","width":612,"height":357,"caption":"digiDEM Bayern"},"image":{"@id":"\/#\/schema\/logo\/image\/"},"sameAs":["https:\/\/www.facebook.com\/digiDEMBayern\/","https:\/\/x.com\/digidem_bayern","https:\/\/www.instagram.com\/digidem.bayern","https:\/\/www.linkedin.com\/company\/digidem-bayern\/"]},{"@type":"Person","@id":"\/#\/schema\/person\/92754ad381f49b3c358d1d8d2c4f90b8","name":"Michael Zeiler","url":"https:\/\/digidem-bayern.de\/en\/author\/michael-zeiler\/"}]}},"uagb_featured_image_src":{"full":["https:\/\/digidem-bayern.de\/wp-content\/uploads\/2020\/03\/doctor-4861811_1280.jpg",1280,825,false],"thumbnail":["https:\/\/digidem-bayern.de\/wp-content\/uploads\/2020\/03\/doctor-4861811_1280-80x80.jpg",80,80,true],"medium":["https:\/\/digidem-bayern.de\/wp-content\/uploads\/2020\/03\/doctor-4861811_1280-300x193.jpg",300,193,true],"medium_large":["https:\/\/digidem-bayern.de\/wp-content\/uploads\/2020\/03\/doctor-4861811_1280-768x495.jpg",768,495,true],"large":["https:\/\/digidem-bayern.de\/wp-content\/uploads\/2020\/03\/doctor-4861811_1280-1030x664.jpg",1030,664,true],"1536x1536":["https:\/\/digidem-bayern.de\/wp-content\/uploads\/2020\/03\/doctor-4861811_1280.jpg",1280,825,false],"2048x2048":["https:\/\/digidem-bayern.de\/wp-content\/uploads\/2020\/03\/doctor-4861811_1280.jpg",1280,825,false],"trp-custom-language-flag":["https:\/\/digidem-bayern.de\/wp-content\/uploads\/2020\/03\/doctor-4861811_1280.jpg",18,12,false],"qubely_landscape":["https:\/\/digidem-bayern.de\/wp-content\/uploads\/2020\/03\/doctor-4861811_1280-1200x750.jpg",1200,750,true],"qubely_portrait":["https:\/\/digidem-bayern.de\/wp-content\/uploads\/2020\/03\/doctor-4861811_1280-540x320.jpg",540,320,true],"qubely_thumbnail":["https:\/\/digidem-bayern.de\/wp-content\/uploads\/2020\/03\/doctor-4861811_1280-140x100.jpg",140,100,true],"post-thumbnail":["https:\/\/digidem-bayern.de\/wp-content\/uploads\/2020\/03\/doctor-4861811_1280-495x319.jpg",495,319,true],"kahuna-featured":["https:\/\/digidem-bayern.de\/wp-content\/uploads\/2020\/03\/doctor-4861811_1280-495x350.jpg",495,350,true],"kahuna-featured-lp":["https:\/\/digidem-bayern.de\/wp-content\/uploads\/2020\/03\/doctor-4861811_1280-690x350.jpg",520,264,true],"kahuna-featured-half":["https:\/\/digidem-bayern.de\/wp-content\/uploads\/2020\/03\/doctor-4861811_1280-800x350.jpg",800,350,true],"kahuna-featured-third":["https:\/\/digidem-bayern.de\/wp-content\/uploads\/2020\/03\/doctor-4861811_1280-512x350.jpg",512,350,true],"kahuna-lpbox-1":["https:\/\/digidem-bayern.de\/wp-content\/uploads\/2020\/03\/doctor-4861811_1280-460x350.jpg",394,300,true],"kahuna-lpbox-2":["https:\/\/digidem-bayern.de\/wp-content\/uploads\/2020\/03\/doctor-4861811_1280-460x350.jpg",460,350,true],"demand-language-flag":["https:\/\/digidem-bayern.de\/wp-content\/uploads\/2020\/03\/doctor-4861811_1280.jpg",36,23,false],"dddkt-language-flag":["https:\/\/digidem-bayern.de\/wp-content\/uploads\/2020\/03\/doctor-4861811_1280.jpg",36,23,false],"ddiqc-language-flag":["https:\/\/digidem-bayern.de\/wp-content\/uploads\/2020\/03\/doctor-4861811_1280.jpg",36,23,false],"ddtl-language-flag":["https:\/\/digidem-bayern.de\/wp-content\/uploads\/2020\/03\/doctor-4861811_1280.jpg",36,23,false],"mailpoet_newsletter_max":["https:\/\/digidem-bayern.de\/wp-content\/uploads\/2020\/03\/doctor-4861811_1280.jpg",1280,825,false],"kahuna-lpbox-3":["https:\/\/digidem-bayern.de\/wp-content\/uploads\/2020\/03\/doctor-4861811_1280-460x350.jpg",460,350,true],"kahuna-featured-square":["https:\/\/digidem-bayern.de\/wp-content\/uploads\/2020\/03\/doctor-4861811_1280-512x512.jpg",512,512,true],"kahuna-featured-square-large":["https:\/\/digidem-bayern.de\/wp-content\/uploads\/2020\/03\/doctor-4861811_1280-1024x825.jpg",1024,825,true]},"uagb_author_info":{"display_name":"Michael Zeiler","author_link":"https:\/\/digidem-bayern.de\/en\/author\/michael-zeiler\/"},"uagb_comment_info":0,"uagb_excerpt":"Ein Arzt-Gespr\u00e4ch per Videosprechstunde \u2013 f\u00fcr viele Menschen ist diese Vorstellung noch immer ungewohnt. Dabei wird der Bereich der Telemedizin immer weiter ausgebaut und auch durch das neue Digitale-Versorgung-Gesetz (DVG) gest\u00e4rkt. US-Forscher haben die Rolle der Telemedizin bei neurologischen Erkrankungen untersucht \u2013 darunter auch Demenz. Hintergrund und Nutzen der Telemedizin &hellip;","_links":{"self":[{"href":"https:\/\/digidem-bayern.de\/en\/wp-json\/wp\/v2\/posts\/4561","targetHints":{"allow":["GET"]}}],"collection":[{"href":"https:\/\/digidem-bayern.de\/en\/wp-json\/wp\/v2\/posts"}],"about":[{"href":"https:\/\/digidem-bayern.de\/en\/wp-json\/wp\/v2\/types\/post"}],"author":[{"embeddable":true,"href":"https:\/\/digidem-bayern.de\/en\/wp-json\/wp\/v2\/users\/11"}],"replies":[{"embeddable":true,"href":"https:\/\/digidem-bayern.de\/en\/wp-json\/wp\/v2\/comments?post=4561"}],"version-history":[{"count":0,"href":"https:\/\/digidem-bayern.de\/en\/wp-json\/wp\/v2\/posts\/4561\/revisions"}],"wp:featuredmedia":[{"embeddable":true,"href":"https:\/\/digidem-bayern.de\/en\/wp-json\/wp\/v2\/media\/4563"}],"wp:attachment":[{"href":"https:\/\/digidem-bayern.de\/en\/wp-json\/wp\/v2\/media?parent=4561"}],"wp:term":[{"taxonomy":"category","embeddable":true,"href":"https:\/\/digidem-bayern.de\/en\/wp-json\/wp\/v2\/categories?post=4561"},{"taxonomy":"post_tag","embeddable":true,"href":"https:\/\/digidem-bayern.de\/en\/wp-json\/wp\/v2\/tags?post=4561"}],"curies":[{"name":"wp","href":"https:\/\/api.w.org\/{rel}","templated":true}]}}