{"id":45491,"date":"2025-09-18T09:55:00","date_gmt":"2025-09-18T07:55:00","guid":{"rendered":"https:\/\/digidem-bayern.de\/?p=45491"},"modified":"2025-09-18T11:16:34","modified_gmt":"2025-09-18T09:16:34","slug":"erleichterung-nach-dem-gedaechtnistest","status":"publish","type":"post","link":"https:\/\/digidem-bayern.de\/en\/erleichterung-nach-dem-gedaechtnistest\/","title":{"rendered":"Erleichterung nach dem Ged\u00e4chtnistest"},"content":{"rendered":"<p><strong><strong><strong><strong><strong><strong><strong><strong><strong><strong><strong><strong><strong><strong><strong><strong><strong><strong><strong><strong><strong><strong><strong><strong><strong><strong><strong>Demenz-Screening durch den Hausarzt: Wo liegen die Risiken, wo der Nutzen? Forschende in den USA haben in einer Studie untersucht, ob es f\u00fcr \u00e4ltere Menschen Vor- oder Nachteile hat, wenn diese sich gezielt auf Demenz testen lassen.<\/strong><\/strong><\/strong><\/strong><\/strong><\/strong><\/strong><\/strong><\/strong><\/strong><\/strong><\/strong><\/strong><\/strong><\/strong><\/strong><\/strong><\/strong><\/strong><\/strong><\/strong><\/strong><\/strong><\/strong><\/strong><\/strong><\/strong><span style=\"caret-color: rgb(0, 0, 0); color: rgb(0, 0, 0); font-family: -webkit-standard; font-size: medium; white-space: normal;\"><\/span><span style=\"caret-color: rgb(0, 0, 0); color: rgb(0, 0, 0); font-family: -webkit-standard; font-size: medium; white-space: normal;\"><\/span><\/p>\n\n\n\n<p>Bislang war unklar, ob ein haus\u00e4rztliches Screening auf Demenz \u00e4lteren Menschen mehr Nutzen oder mehr Schaden bringt. Eine Studie aus den USA kam zu einem \u00fcberraschenden Ergebnis. Ein Screening auf Alzheimer-Demenz und andere Formen von Demenz f\u00fchrte im Vergleich zwischen Screening- und Kontrollgruppe, die nicht auf Demenz gescreent wurde, nach einem Jahr zu keiner nachweisbaren Ver\u00e4nderung der Lebensqualit\u00e4t. Anders gesagt: Das Demenz-Screening hat nach einem Jahr die Lebensqualit\u00e4t der Teilnehmenden \u2013 im Vergleich mit Menschen, die sich nicht haben testen lassen \u2013 nicht beeintr\u00e4chtigt.<\/p>\n\n\n<div class=\"wp-block-image\">\n<figure class=\"alignright size-full is-resized\"><img loading=\"lazy\" decoding=\"async\" width=\"1000\" height=\"667\" src=\"https:\/\/digidem-bayern.de\/wp-content\/uploads\/2025\/09\/Erleichterung-shutterstock_1462385384.jpg\" alt=\"Das Demenz-Screening hat nach einem Jahr die Lebensqualit\u00e4t der Teilnehmenden \u2013 im Vergleich mit Menschen, die sich nicht haben testen lassen \u2013 nicht beeintr\u00e4chtigt.\" class=\"wp-image-45556\" style=\"width:513px;height:auto\" srcset=\"https:\/\/digidem-bayern.de\/wp-content\/uploads\/2025\/09\/Erleichterung-shutterstock_1462385384.jpg 1000w, https:\/\/digidem-bayern.de\/wp-content\/uploads\/2025\/09\/Erleichterung-shutterstock_1462385384-300x200.jpg 300w, https:\/\/digidem-bayern.de\/wp-content\/uploads\/2025\/09\/Erleichterung-shutterstock_1462385384-768x512.jpg 768w, https:\/\/digidem-bayern.de\/wp-content\/uploads\/2025\/09\/Erleichterung-shutterstock_1462385384-525x350.jpg 525w\" sizes=\"auto, (max-width: 1000px) 100vw, 1000px\" \/><figcaption class=\"wp-element-caption\">Foto: Shutterstock<\/figcaption><\/figure>\n<\/div>\n\n\n<p><strong>Keine messbaren psychischen Belastungen<\/strong><\/p>\n\n\n\n<p>Gemessen wurde zudem, ob einen Monat nach dem Demenz-Screening Depressionen oder \u00c4ngste auftraten. Auch hierbei lie\u00dfen sich keine Hinweise auf negative Auswirkungen des Demenztests feststellen. Die Vorsorgeuntersuchung f\u00fchrte also weder in der Screeninggruppe noch in der Kontrollgruppe, die nicht getestet wurde, zu messbaren psychischen Belastungen. \u201eDie Depressions- und Angstwerte blieben zu allen Messzeitpunkten vergleichbar\u201c, hei\u00dft es in der Studie. Das Screening hat die Menschen also nicht zus\u00e4tzlich belastet oder verunsichert. Das bedeutet: Ged\u00e4chtnistests l\u00f6sen keine negativen Folgen wie Angst oder Depressionen aus.<\/p>\n\n\n\n<p>Als m\u00f6gliche Erkl\u00e4rung f\u00fcr alle gemessenen Werte gaben die Forschenden unterschiedliche Gr\u00fcnde an: fehlende Daten, nur wenige fr\u00fchzeitig festgestellte Demenzen sowie eine hohe Anzahl an Betroffenen, die nach einem positivem Testergebnis eine weiterf\u00fchrende Diagnostik ablehnten. Bez\u00fcglich der Inanspruchnahme von Versorgungsleistungen, \u00e4rztlichen Demenz-Diagnosen oder Vorsorgeplanungen gab es zwischen sich den Gruppen ebenfalls keine Unterschiede.<\/p>\n\n\n\n<p><strong>Studienmethode gilt als Goldstandard<\/strong><\/p>\n\n\n\n<p>Ausgewertet haben die Forschenden Daten von mehr als 4.000 Hausarztpatientinnen und -patienten ab 65 Jahren aus dem US-Bundesstaat Indiana. Die Daten wurden in st\u00e4dtischen, vorst\u00e4dtischen und l\u00e4ndlichen Praxen erhoben. Das sogenannte Studiendesign dieser wissenschaftlichen Arbeit entsprach dabei dem Goldstandard in der medizinischen Forschung \u2013 eine sogenannte randomisierte kontrollierte Studie (RCT) gilt als nachgewiesen beste Methode f\u00fcr den Nachweis der Wirksamkeit von Ma\u00dfnahmen.<strong><\/strong><\/p>\n\n\n\n<p><strong>Tipp f\u00fcr die Praxis:<\/strong>&nbsp;&nbsp;Falls Sie bei sich selbst eine Verschlechterung der geistigen Leistungsf\u00e4higkeit bemerkt haben oder von Angeh\u00f6rigen darauf hingewiesen wurden, kann ein kognitives Screening empfehlenswert sein, um Hinweise auf eine m\u00f6gliche Erkrankung zu bekommen.<span style=\"caret-color: rgb(0, 0, 0); color: rgb(0, 0, 0); font-family: -webkit-standard; font-size: medium; white-space: normal;\"><\/span><\/p>\n\n\n\n<p>Hier geht&#8217;s zur Zusammenfassung der Studie:<\/p>\n\n\n\n<p><a href=\"https:\/\/journals.plos.org\/plosone\/article?id=10.1371\/journal.pone.0235534\">What older adults do with the results of dementia screening programs<\/a><\/p>\n\n\n\n<p><strong>Unser besonderer Tipp:&nbsp;<\/strong>Nutzen Sie<strong>&nbsp;<\/strong>unseren&nbsp;\u201edigiDEM Bayern Pr\u00e4ventionscoach<sup>&nbsp;<\/sup><strong><sup>\u00ae<\/sup><\/strong>\u201c.&nbsp;Welche Risikofaktoren beg\u00fcnstigen Demenz? Warum stehen Risikofaktoren wie zum Beispiel nachlassendes H\u00f6ren und Sehen, geringe Bildung, Depression, soziale Isolation oder k\u00f6rperliche Inaktivit\u00e4t in Zusammenhang mit der Wahrscheinlichkeit, eine Demenz zu entwickeln? Was k\u00f6nnen Sie pr\u00e4ventiv f\u00fcr Ihre kognitive Gesundheit tun?&nbsp;Mit unserem digitalen Pr\u00e4ventionscoach\u00ae m\u00f6chten wir Sie ermutigen, sich in wenigen Schritten \u00fcber Ihre eigenen Demenzrisikofaktoren zu informieren.&nbsp;Erfahren Sie, wie Sie im Alltag Ihr Gehirn aktiv fit halten und informieren Sie sich \u00fcber die M\u00f6glichkeiten, das Demenzrisiko zu reduzieren.<\/p>\n\n\n\n<p><a href=\"https:\/\/digidem-bayern.de\/en\/praeventionscoach\/\">Hier geht\u2019s zu unserem Online-Angebot \u201edigiDEM Bayern Pr\u00e4ventionscoach<strong><sup>\u00ae<\/sup><\/strong>\u201c.<\/a><\/p>\n\n\n\n<p><\/p>\n\n\n\n<p><\/p>\n\n\n\n<p><\/p>\n\n\n\n<p><\/p>\n\n\n\n<p><\/p>\n\n\n\n<div style=\"height:20px\" aria-hidden=\"true\" class=\"wp-block-spacer\"><\/div>\n\n\n\n<p><\/p>","protected":false},"excerpt":{"rendered":"<p>Demenz-Screening durch den Hausarzt: Wo liegen die Risiken, wo der Nutzen? Forschende in den USA haben in einer Studie untersucht, ob es f\u00fcr \u00e4ltere Menschen Vor- oder Nachteile hat, wenn diese sich gezielt auf Demenz testen lassen. Bislang war unklar, ob ein haus\u00e4rztliches Screening auf Demenz \u00e4lteren Menschen mehr Nutzen &hellip;<\/p>","protected":false},"author":12,"featured_media":45556,"comment_status":"open","ping_status":"closed","sticky":false,"template":"","format":"standard","meta":{"qubely_global_settings":"","qubely_interactions":"","_uag_custom_page_level_css":"","footnotes":""},"categories":[8,5],"tags":[13,406,300,1691,239,916,12,868,1427,238,112,720,520,1433,177,407,1674,649,1576,14,17,55,509,997,1485,689,610,486],"class_list":["post-45491","post","type-post","status-publish","format-standard","has-post-thumbnail","hentry","category-aktuelles-zu-digidem","category-wissenschaft-forschung","tag-alzheimer","tag-alzheimer-demenz","tag-angst","tag-aengste","tag-app","tag-bayerische-demenzwoche","tag-demenz-2","tag-demenz-frueherkennung","tag-demenz-screning","tag-demenz-selbsttest","tag-demenzdiagnose","tag-demenzdiagnostik","tag-demenzerkrankung","tag-demenzerkrankungen","tag-demenzrisiko","tag-demenztest","tag-demenzwoche","tag-depressionen","tag-deutschland","tag-digidem","tag-digidem-bayern","tag-digitales-demenzregister-bayern","tag-frueherkennung","tag-gedaechtnistest","tag-geistige-leistungsfaehigkeit","tag-gesundheitssystem","tag-hausarzt","tag-lebensqualitaet"],"qubely_featured_image_url":{"full":["https:\/\/digidem-bayern.de\/wp-content\/uploads\/2025\/09\/Erleichterung-shutterstock_1462385384.jpg",1000,667,false],"landscape":["https:\/\/digidem-bayern.de\/wp-content\/uploads\/2025\/09\/Erleichterung-shutterstock_1462385384.jpg",1000,667,false],"portraits":["https:\/\/digidem-bayern.de\/wp-content\/uploads\/2025\/09\/Erleichterung-shutterstock_1462385384-540x320.jpg",540,320,true],"thumbnail":["https:\/\/digidem-bayern.de\/wp-content\/uploads\/2025\/09\/Erleichterung-shutterstock_1462385384-80x80.jpg",80,80,true],"medium":["https:\/\/digidem-bayern.de\/wp-content\/uploads\/2025\/09\/Erleichterung-shutterstock_1462385384-300x200.jpg",300,200,true],"medium_large":["https:\/\/digidem-bayern.de\/wp-content\/uploads\/2025\/09\/Erleichterung-shutterstock_1462385384-768x512.jpg",768,512,true],"large":["https:\/\/digidem-bayern.de\/wp-content\/uploads\/2025\/09\/Erleichterung-shutterstock_1462385384.jpg",1000,667,false],"1536x1536":["https:\/\/digidem-bayern.de\/wp-content\/uploads\/2025\/09\/Erleichterung-shutterstock_1462385384.jpg",1000,667,false],"2048x2048":["https:\/\/digidem-bayern.de\/wp-content\/uploads\/2025\/09\/Erleichterung-shutterstock_1462385384.jpg",1000,667,false],"trp-custom-language-flag":["https:\/\/digidem-bayern.de\/wp-content\/uploads\/2025\/09\/Erleichterung-shutterstock_1462385384.jpg",18,12,false],"qubely_landscape":["https:\/\/digidem-bayern.de\/wp-content\/uploads\/2025\/09\/Erleichterung-shutterstock_1462385384.jpg",1000,667,false],"qubely_portrait":["https:\/\/digidem-bayern.de\/wp-content\/uploads\/2025\/09\/Erleichterung-shutterstock_1462385384-540x320.jpg",540,320,true],"qubely_thumbnail":["https:\/\/digidem-bayern.de\/wp-content\/uploads\/2025\/09\/Erleichterung-shutterstock_1462385384-140x100.jpg",140,100,true],"post-thumbnail":["https:\/\/digidem-bayern.de\/wp-content\/uploads\/2025\/09\/Erleichterung-shutterstock_1462385384-525x350.jpg",525,350,true],"kahuna-featured":["https:\/\/digidem-bayern.de\/wp-content\/uploads\/2025\/09\/Erleichterung-shutterstock_1462385384-734x350.jpg",734,350,true],"kahuna-featured-lp":["https:\/\/digidem-bayern.de\/wp-content\/uploads\/2025\/09\/Erleichterung-shutterstock_1462385384-520x350.jpg",520,350,true],"kahuna-featured-half":["https:\/\/digidem-bayern.de\/wp-content\/uploads\/2025\/09\/Erleichterung-shutterstock_1462385384-800x350.jpg",800,350,true],"kahuna-featured-third":["https:\/\/digidem-bayern.de\/wp-content\/uploads\/2025\/09\/Erleichterung-shutterstock_1462385384-512x350.jpg",512,350,true],"kahuna-lpbox-1":["https:\/\/digidem-bayern.de\/wp-content\/uploads\/2025\/09\/Erleichterung-shutterstock_1462385384-520x300.jpg",520,300,true],"kahuna-lpbox-2":["https:\/\/digidem-bayern.de\/wp-content\/uploads\/2025\/09\/Erleichterung-shutterstock_1462385384-520x350.jpg",520,350,true],"demand-language-flag":["https:\/\/digidem-bayern.de\/wp-content\/uploads\/2025\/09\/Erleichterung-shutterstock_1462385384-36x36.jpg",36,36,true],"dddkt-language-flag":["https:\/\/digidem-bayern.de\/wp-content\/uploads\/2025\/09\/Erleichterung-shutterstock_1462385384-36x36.jpg",36,36,true],"ddiqc-language-flag":["https:\/\/digidem-bayern.de\/wp-content\/uploads\/2025\/09\/Erleichterung-shutterstock_1462385384-36x36.jpg",36,36,true],"ddtl-language-flag":["https:\/\/digidem-bayern.de\/wp-content\/uploads\/2025\/09\/Erleichterung-shutterstock_1462385384-36x36.jpg",36,36,true],"mailpoet_newsletter_max":["https:\/\/digidem-bayern.de\/wp-content\/uploads\/2025\/09\/Erleichterung-shutterstock_1462385384.jpg",1000,667,false],"kahuna-lpbox-3":["https:\/\/digidem-bayern.de\/wp-content\/uploads\/2025\/09\/Erleichterung-shutterstock_1462385384-520x350.jpg",520,350,true],"kahuna-featured-square":["https:\/\/digidem-bayern.de\/wp-content\/uploads\/2025\/09\/Erleichterung-shutterstock_1462385384-512x512.jpg",512,512,true],"kahuna-featured-square-large":["https:\/\/digidem-bayern.de\/wp-content\/uploads\/2025\/09\/Erleichterung-shutterstock_1462385384.jpg",1000,667,false]},"qubely_author":{"display_name":"Ilona H\u00f6rath","author_link":"https:\/\/digidem-bayern.de\/en\/author\/hoeratia\/"},"qubely_comment":4,"qubely_category":"<a href=\"https:\/\/digidem-bayern.de\/en\/category\/aktuelles-zu-digidem\/\" rel=\"category tag\">Aktuelles zu digiDEM<\/a> <a href=\"https:\/\/digidem-bayern.de\/en\/category\/wissenschaft-forschung\/\" rel=\"category tag\">Wissenschaft &amp; Forschung<\/a>","qubely_excerpt":"Demenz-Screening durch den Hausarzt: Wo liegen die Risiken, wo der Nutzen? Forschende in den USA haben in einer Studie untersucht, ob es f\u00fcr \u00e4ltere Menschen Vor- oder Nachteile hat, wenn diese sich gezielt auf Demenz testen lassen. Bislang war unklar, ob ein haus\u00e4rztliches Screening auf Demenz \u00e4lteren Menschen mehr Nutzen &hellip;","featured_image_urls_v2":{"full":["https:\/\/digidem-bayern.de\/wp-content\/uploads\/2025\/09\/Erleichterung-shutterstock_1462385384.jpg",1000,667,false],"thumbnail":["https:\/\/digidem-bayern.de\/wp-content\/uploads\/2025\/09\/Erleichterung-shutterstock_1462385384-80x80.jpg",80,80,true],"medium":["https:\/\/digidem-bayern.de\/wp-content\/uploads\/2025\/09\/Erleichterung-shutterstock_1462385384-300x200.jpg",300,200,true],"medium_large":["https:\/\/digidem-bayern.de\/wp-content\/uploads\/2025\/09\/Erleichterung-shutterstock_1462385384-768x512.jpg",768,512,true],"large":["https:\/\/digidem-bayern.de\/wp-content\/uploads\/2025\/09\/Erleichterung-shutterstock_1462385384.jpg",1000,667,false],"1536x1536":["https:\/\/digidem-bayern.de\/wp-content\/uploads\/2025\/09\/Erleichterung-shutterstock_1462385384.jpg",1000,667,false],"2048x2048":["https:\/\/digidem-bayern.de\/wp-content\/uploads\/2025\/09\/Erleichterung-shutterstock_1462385384.jpg",1000,667,false],"trp-custom-language-flag":["https:\/\/digidem-bayern.de\/wp-content\/uploads\/2025\/09\/Erleichterung-shutterstock_1462385384.jpg",18,12,false],"qubely_landscape":["https:\/\/digidem-bayern.de\/wp-content\/uploads\/2025\/09\/Erleichterung-shutterstock_1462385384.jpg",1000,667,false],"qubely_portrait":["https:\/\/digidem-bayern.de\/wp-content\/uploads\/2025\/09\/Erleichterung-shutterstock_1462385384-540x320.jpg",540,320,true],"qubely_thumbnail":["https:\/\/digidem-bayern.de\/wp-content\/uploads\/2025\/09\/Erleichterung-shutterstock_1462385384-140x100.jpg",140,100,true],"post-thumbnail":["https:\/\/digidem-bayern.de\/wp-content\/uploads\/2025\/09\/Erleichterung-shutterstock_1462385384-525x350.jpg",525,350,true],"kahuna-featured":["https:\/\/digidem-bayern.de\/wp-content\/uploads\/2025\/09\/Erleichterung-shutterstock_1462385384-734x350.jpg",734,350,true],"kahuna-featured-lp":["https:\/\/digidem-bayern.de\/wp-content\/uploads\/2025\/09\/Erleichterung-shutterstock_1462385384-520x350.jpg",520,350,true],"kahuna-featured-half":["https:\/\/digidem-bayern.de\/wp-content\/uploads\/2025\/09\/Erleichterung-shutterstock_1462385384-800x350.jpg",800,350,true],"kahuna-featured-third":["https:\/\/digidem-bayern.de\/wp-content\/uploads\/2025\/09\/Erleichterung-shutterstock_1462385384-512x350.jpg",512,350,true],"kahuna-lpbox-1":["https:\/\/digidem-bayern.de\/wp-content\/uploads\/2025\/09\/Erleichterung-shutterstock_1462385384-520x300.jpg",520,300,true],"kahuna-lpbox-2":["https:\/\/digidem-bayern.de\/wp-content\/uploads\/2025\/09\/Erleichterung-shutterstock_1462385384-520x350.jpg",520,350,true],"demand-language-flag":["https:\/\/digidem-bayern.de\/wp-content\/uploads\/2025\/09\/Erleichterung-shutterstock_1462385384-36x36.jpg",36,36,true],"dddkt-language-flag":["https:\/\/digidem-bayern.de\/wp-content\/uploads\/2025\/09\/Erleichterung-shutterstock_1462385384-36x36.jpg",36,36,true],"ddiqc-language-flag":["https:\/\/digidem-bayern.de\/wp-content\/uploads\/2025\/09\/Erleichterung-shutterstock_1462385384-36x36.jpg",36,36,true],"ddtl-language-flag":["https:\/\/digidem-bayern.de\/wp-content\/uploads\/2025\/09\/Erleichterung-shutterstock_1462385384-36x36.jpg",36,36,true],"mailpoet_newsletter_max":["https:\/\/digidem-bayern.de\/wp-content\/uploads\/2025\/09\/Erleichterung-shutterstock_1462385384.jpg",1000,667,false],"kahuna-lpbox-3":["https:\/\/digidem-bayern.de\/wp-content\/uploads\/2025\/09\/Erleichterung-shutterstock_1462385384-520x350.jpg",520,350,true],"kahuna-featured-square":["https:\/\/digidem-bayern.de\/wp-content\/uploads\/2025\/09\/Erleichterung-shutterstock_1462385384-512x512.jpg",512,512,true],"kahuna-featured-square-large":["https:\/\/digidem-bayern.de\/wp-content\/uploads\/2025\/09\/Erleichterung-shutterstock_1462385384.jpg",1000,667,false]},"post_excerpt_stackable_v2":"<p>Demenz-Screening durch den Hausarzt: Wo liegen die Risiken, wo der Nutzen? Forschende in den USA haben in einer Studie untersucht, ob es f\u00fcr \u00e4ltere Menschen Vor- oder Nachteile hat, wenn diese sich gezielt auf Demenz testen lassen. Bislang war unklar, ob ein haus\u00e4rztliches Screening auf Demenz \u00e4lteren Menschen mehr Nutzen oder mehr Schaden bringt. Eine Studie aus den USA kam zu einem \u00fcberraschenden Ergebnis. Ein Screening auf Alzheimer-Demenz und andere Formen von Demenz f\u00fchrte im Vergleich zwischen Screening- und Kontrollgruppe, die nicht auf Demenz gescreent wurde, nach einem Jahr zu keiner nachweisbaren Ver\u00e4nderung der Lebensqualit\u00e4t. Anders gesagt: Das Demenz-Screening hat&hellip;<\/p>\n","category_list_v2":"<a href=\"https:\/\/digidem-bayern.de\/en\/category\/aktuelles-zu-digidem\/\" rel=\"category tag\">Aktuelles zu digiDEM<\/a>, <a href=\"https:\/\/digidem-bayern.de\/en\/category\/wissenschaft-forschung\/\" rel=\"category tag\">Wissenschaft &amp; Forschung<\/a>","author_info_v2":{"name":"Ilona H\u00f6rath","url":"https:\/\/digidem-bayern.de\/en\/author\/hoeratia\/"},"comments_num_v2":"0 comments","yoast_head":"<!-- This site is optimized with the Yoast SEO plugin v27.4 - https:\/\/yoast.com\/product\/yoast-seo-wordpress\/ -->\n<title>Erleichterung nach dem Ged\u00e4chtnistest - digiDEM Bayern<\/title>\n<meta name=\"description\" content=\"Der Bayerische Landesapothekerkammer unterst\u00fctzt digiDEM Bayern mit Hilfe des Netzwerks &quot;Demenzfreundliche Apotheken&quot;.\" \/>\n<meta name=\"robots\" content=\"index, follow, max-snippet:-1, max-image-preview:large, max-video-preview:-1\" \/>\n<link rel=\"canonical\" href=\"https:\/\/digidem-bayern.de\/en\/erleichterung-nach-dem-gedaechtnistest\/\" \/>\n<meta property=\"og:locale\" content=\"en_US\" \/>\n<meta property=\"og:type\" content=\"article\" \/>\n<meta property=\"og:title\" content=\"Erleichterung nach dem Ged\u00e4chtnistest - digiDEM Bayern\" \/>\n<meta property=\"og:description\" content=\"Der Bayerische Landesapothekerkammer unterst\u00fctzt digiDEM Bayern mit Hilfe des Netzwerks &quot;Demenzfreundliche Apotheken&quot;.\" \/>\n<meta property=\"og:url\" content=\"https:\/\/digidem-bayern.de\/en\/erleichterung-nach-dem-gedaechtnistest\/\" \/>\n<meta property=\"og:site_name\" content=\"digiDEM Bayern\" \/>\n<meta property=\"article:publisher\" content=\"https:\/\/www.facebook.com\/digiDEMBayern\/\" \/>\n<meta property=\"article:published_time\" content=\"2025-09-18T07:55:00+00:00\" \/>\n<meta property=\"article:modified_time\" content=\"2025-09-18T09:16:34+00:00\" \/>\n<meta property=\"og:image\" content=\"https:\/\/digidem-bayern.de\/wp-content\/uploads\/2025\/09\/Erleichterung-shutterstock_1462385384.jpg\" \/>\n\t<meta property=\"og:image:width\" content=\"1000\" \/>\n\t<meta property=\"og:image:height\" content=\"667\" \/>\n\t<meta property=\"og:image:type\" content=\"image\/jpeg\" \/>\n<meta name=\"author\" content=\"Ilona H\u00f6rath\" \/>\n<meta name=\"twitter:label1\" content=\"Written by\" \/>\n\t<meta name=\"twitter:data1\" content=\"Ilona H\u00f6rath\" \/>\n\t<meta name=\"twitter:label2\" content=\"Est. reading time\" \/>\n\t<meta name=\"twitter:data2\" content=\"2 minutes\" \/>\n<script type=\"application\/ld+json\" class=\"yoast-schema-graph\">{\"@context\":\"https:\\\/\\\/schema.org\",\"@graph\":[{\"@type\":\"Article\",\"@id\":\"https:\\\/\\\/digidem-bayern.de\\\/erleichterung-nach-dem-gedaechtnistest\\\/#article\",\"isPartOf\":{\"@id\":\"https:\\\/\\\/digidem-bayern.de\\\/erleichterung-nach-dem-gedaechtnistest\\\/\"},\"author\":{\"name\":\"Ilona H\u00f6rath\",\"@id\":\"\\\/#\\\/schema\\\/person\\\/0bc1494f46fc2a051c761322a80e0941\"},\"headline\":\"Erleichterung nach dem Ged\u00e4chtnistest\",\"datePublished\":\"2025-09-18T07:55:00+00:00\",\"dateModified\":\"2025-09-18T09:16:34+00:00\",\"mainEntityOfPage\":{\"@id\":\"https:\\\/\\\/digidem-bayern.de\\\/erleichterung-nach-dem-gedaechtnistest\\\/\"},\"wordCount\":530,\"commentCount\":0,\"publisher\":{\"@id\":\"\\\/#organization\"},\"image\":{\"@id\":\"https:\\\/\\\/digidem-bayern.de\\\/erleichterung-nach-dem-gedaechtnistest\\\/#primaryimage\"},\"thumbnailUrl\":\"https:\\\/\\\/digidem-bayern.de\\\/wp-content\\\/uploads\\\/2025\\\/09\\\/Erleichterung-shutterstock_1462385384.jpg\",\"keywords\":[\"Alzheimer\",\"Alzheimer-Demenz\",\"Angst\",\"\u00c4ngste\",\"App\",\"Bayerische Demenzwoche\",\"Demenz\",\"Demenz-Fr\u00fcherkennung\",\"Demenz-Screning\",\"Demenz-Selbsttest\",\"Demenzdiagnose\",\"Demenzdiagnostik\",\"Demenzerkrankung\",\"Demenzerkrankungen\",\"Demenzrisiko\",\"Demenztest\",\"Demenzwoche\",\"Depressionen\",\"Deutschland\",\"digidem\",\"digidem Bayern\",\"Digitales Demenzregister Bayern\",\"Fr\u00fcherkennung\",\"Ged\u00e4chtnistest\",\"geistige Leistungsf\u00e4higkeit\",\"Gesundheitssystem\",\"Hausarzt\",\"Lebensqualit\u00e4t\"],\"articleSection\":[\"Aktuelles zu digiDEM\",\"Wissenschaft &amp; Forschung\"],\"inLanguage\":\"en-US\",\"potentialAction\":[{\"@type\":\"CommentAction\",\"name\":\"Comment\",\"target\":[\"https:\\\/\\\/digidem-bayern.de\\\/erleichterung-nach-dem-gedaechtnistest\\\/#respond\"]}]},{\"@type\":\"WebPage\",\"@id\":\"https:\\\/\\\/digidem-bayern.de\\\/erleichterung-nach-dem-gedaechtnistest\\\/\",\"url\":\"https:\\\/\\\/digidem-bayern.de\\\/erleichterung-nach-dem-gedaechtnistest\\\/\",\"name\":\"Erleichterung nach dem Ged\u00e4chtnistest - digiDEM Bayern\",\"isPartOf\":{\"@id\":\"\\\/#website\"},\"primaryImageOfPage\":{\"@id\":\"https:\\\/\\\/digidem-bayern.de\\\/erleichterung-nach-dem-gedaechtnistest\\\/#primaryimage\"},\"image\":{\"@id\":\"https:\\\/\\\/digidem-bayern.de\\\/erleichterung-nach-dem-gedaechtnistest\\\/#primaryimage\"},\"thumbnailUrl\":\"https:\\\/\\\/digidem-bayern.de\\\/wp-content\\\/uploads\\\/2025\\\/09\\\/Erleichterung-shutterstock_1462385384.jpg\",\"datePublished\":\"2025-09-18T07:55:00+00:00\",\"dateModified\":\"2025-09-18T09:16:34+00:00\",\"description\":\"Der Bayerische Landesapothekerkammer unterst\u00fctzt digiDEM Bayern mit Hilfe des Netzwerks \\\"Demenzfreundliche Apotheken\\\".\",\"breadcrumb\":{\"@id\":\"https:\\\/\\\/digidem-bayern.de\\\/erleichterung-nach-dem-gedaechtnistest\\\/#breadcrumb\"},\"inLanguage\":\"en-US\",\"potentialAction\":[{\"@type\":\"ReadAction\",\"target\":[\"https:\\\/\\\/digidem-bayern.de\\\/erleichterung-nach-dem-gedaechtnistest\\\/\"]}]},{\"@type\":\"ImageObject\",\"inLanguage\":\"en-US\",\"@id\":\"https:\\\/\\\/digidem-bayern.de\\\/erleichterung-nach-dem-gedaechtnistest\\\/#primaryimage\",\"url\":\"https:\\\/\\\/digidem-bayern.de\\\/wp-content\\\/uploads\\\/2025\\\/09\\\/Erleichterung-shutterstock_1462385384.jpg\",\"contentUrl\":\"https:\\\/\\\/digidem-bayern.de\\\/wp-content\\\/uploads\\\/2025\\\/09\\\/Erleichterung-shutterstock_1462385384.jpg\",\"width\":1000,\"height\":667,\"caption\":\"Foto: Shutterstock\"},{\"@type\":\"BreadcrumbList\",\"@id\":\"https:\\\/\\\/digidem-bayern.de\\\/erleichterung-nach-dem-gedaechtnistest\\\/#breadcrumb\",\"itemListElement\":[{\"@type\":\"ListItem\",\"position\":1,\"name\":\"Startseite\",\"item\":\"https:\\\/\\\/digidem-bayern.de\\\/\"},{\"@type\":\"ListItem\",\"position\":2,\"name\":\"Erleichterung nach dem Ged\u00e4chtnistest\"}]},{\"@type\":\"WebSite\",\"@id\":\"\\\/#website\",\"url\":\"\\\/\",\"name\":\"digiDEM Bayern\",\"description\":\"Das digitale Demenzregister Bayern erforscht und verbessert die Angebotsstuktur f\u00fcr Menschen mit Demenz und deren Angeh\u00f6rige\",\"publisher\":{\"@id\":\"\\\/#organization\"},\"potentialAction\":[{\"@type\":\"SearchAction\",\"target\":{\"@type\":\"EntryPoint\",\"urlTemplate\":\"\\\/?s={search_term_string}\"},\"query-input\":{\"@type\":\"PropertyValueSpecification\",\"valueRequired\":true,\"valueName\":\"search_term_string\"}}],\"inLanguage\":\"en-US\"},{\"@type\":\"Organization\",\"@id\":\"\\\/#organization\",\"name\":\"digiDEM Bayern\",\"url\":\"\\\/\",\"logo\":{\"@type\":\"ImageObject\",\"inLanguage\":\"en-US\",\"@id\":\"\\\/#\\\/schema\\\/logo\\\/image\\\/\",\"url\":\"https:\\\/\\\/digidem-bayern.de\\\/wp-content\\\/uploads\\\/2022\\\/03\\\/cropped-Allgemeines_digiDEMLOGO-removebg-preview.png\",\"contentUrl\":\"https:\\\/\\\/digidem-bayern.de\\\/wp-content\\\/uploads\\\/2022\\\/03\\\/cropped-Allgemeines_digiDEMLOGO-removebg-preview.png\",\"width\":612,\"height\":357,\"caption\":\"digiDEM Bayern\"},\"image\":{\"@id\":\"\\\/#\\\/schema\\\/logo\\\/image\\\/\"},\"sameAs\":[\"https:\\\/\\\/www.facebook.com\\\/digiDEMBayern\\\/\",\"https:\\\/\\\/x.com\\\/digidem_bayern\",\"https:\\\/\\\/www.instagram.com\\\/digidem.bayern\",\"https:\\\/\\\/www.linkedin.com\\\/company\\\/digidem-bayern\\\/\"]},{\"@type\":\"Person\",\"@id\":\"\\\/#\\\/schema\\\/person\\\/0bc1494f46fc2a051c761322a80e0941\",\"name\":\"Ilona H\u00f6rath\",\"url\":\"https:\\\/\\\/digidem-bayern.de\\\/en\\\/author\\\/hoeratia\\\/\"}]}<\/script>\n<!-- \/ Yoast SEO plugin. -->","yoast_head_json":{"title":"Erleichterung nach dem Ged\u00e4chtnistest - digiDEM Bayern","description":"Der Bayerische Landesapothekerkammer unterst\u00fctzt digiDEM Bayern mit Hilfe des Netzwerks \"Demenzfreundliche Apotheken\".","robots":{"index":"index","follow":"follow","max-snippet":"max-snippet:-1","max-image-preview":"max-image-preview:large","max-video-preview":"max-video-preview:-1"},"canonical":"https:\/\/digidem-bayern.de\/en\/erleichterung-nach-dem-gedaechtnistest\/","og_locale":"en_US","og_type":"article","og_title":"Erleichterung nach dem Ged\u00e4chtnistest - digiDEM Bayern","og_description":"Der Bayerische Landesapothekerkammer unterst\u00fctzt digiDEM Bayern mit Hilfe des Netzwerks \"Demenzfreundliche Apotheken\".","og_url":"https:\/\/digidem-bayern.de\/en\/erleichterung-nach-dem-gedaechtnistest\/","og_site_name":"digiDEM Bayern","article_publisher":"https:\/\/www.facebook.com\/digiDEMBayern\/","article_published_time":"2025-09-18T07:55:00+00:00","article_modified_time":"2025-09-18T09:16:34+00:00","og_image":[{"width":1000,"height":667,"url":"https:\/\/digidem-bayern.de\/wp-content\/uploads\/2025\/09\/Erleichterung-shutterstock_1462385384.jpg","type":"image\/jpeg"}],"author":"Ilona H\u00f6rath","twitter_misc":{"Written by":"Ilona H\u00f6rath","Est. reading time":"2 minutes"},"schema":{"@context":"https:\/\/schema.org","@graph":[{"@type":"Article","@id":"https:\/\/digidem-bayern.de\/erleichterung-nach-dem-gedaechtnistest\/#article","isPartOf":{"@id":"https:\/\/digidem-bayern.de\/erleichterung-nach-dem-gedaechtnistest\/"},"author":{"name":"Ilona H\u00f6rath","@id":"\/#\/schema\/person\/0bc1494f46fc2a051c761322a80e0941"},"headline":"Erleichterung nach dem Ged\u00e4chtnistest","datePublished":"2025-09-18T07:55:00+00:00","dateModified":"2025-09-18T09:16:34+00:00","mainEntityOfPage":{"@id":"https:\/\/digidem-bayern.de\/erleichterung-nach-dem-gedaechtnistest\/"},"wordCount":530,"commentCount":0,"publisher":{"@id":"\/#organization"},"image":{"@id":"https:\/\/digidem-bayern.de\/erleichterung-nach-dem-gedaechtnistest\/#primaryimage"},"thumbnailUrl":"https:\/\/digidem-bayern.de\/wp-content\/uploads\/2025\/09\/Erleichterung-shutterstock_1462385384.jpg","keywords":["Alzheimer","Alzheimer-Demenz","Angst","\u00c4ngste","App","Bayerische Demenzwoche","Demenz","Demenz-Fr\u00fcherkennung","Demenz-Screning","Demenz-Selbsttest","Demenzdiagnose","Demenzdiagnostik","Demenzerkrankung","Demenzerkrankungen","Demenzrisiko","Demenztest","Demenzwoche","Depressionen","Deutschland","digidem","digidem Bayern","Digitales Demenzregister Bayern","Fr\u00fcherkennung","Ged\u00e4chtnistest","geistige Leistungsf\u00e4higkeit","Gesundheitssystem","Hausarzt","Lebensqualit\u00e4t"],"articleSection":["Aktuelles zu digiDEM","Wissenschaft &amp; Forschung"],"inLanguage":"en-US","potentialAction":[{"@type":"CommentAction","name":"Comment","target":["https:\/\/digidem-bayern.de\/erleichterung-nach-dem-gedaechtnistest\/#respond"]}]},{"@type":"WebPage","@id":"https:\/\/digidem-bayern.de\/erleichterung-nach-dem-gedaechtnistest\/","url":"https:\/\/digidem-bayern.de\/erleichterung-nach-dem-gedaechtnistest\/","name":"Erleichterung nach dem Ged\u00e4chtnistest - digiDEM Bayern","isPartOf":{"@id":"\/#website"},"primaryImageOfPage":{"@id":"https:\/\/digidem-bayern.de\/erleichterung-nach-dem-gedaechtnistest\/#primaryimage"},"image":{"@id":"https:\/\/digidem-bayern.de\/erleichterung-nach-dem-gedaechtnistest\/#primaryimage"},"thumbnailUrl":"https:\/\/digidem-bayern.de\/wp-content\/uploads\/2025\/09\/Erleichterung-shutterstock_1462385384.jpg","datePublished":"2025-09-18T07:55:00+00:00","dateModified":"2025-09-18T09:16:34+00:00","description":"Der Bayerische Landesapothekerkammer unterst\u00fctzt digiDEM Bayern mit Hilfe des Netzwerks \"Demenzfreundliche Apotheken\".","breadcrumb":{"@id":"https:\/\/digidem-bayern.de\/erleichterung-nach-dem-gedaechtnistest\/#breadcrumb"},"inLanguage":"en-US","potentialAction":[{"@type":"ReadAction","target":["https:\/\/digidem-bayern.de\/erleichterung-nach-dem-gedaechtnistest\/"]}]},{"@type":"ImageObject","inLanguage":"en-US","@id":"https:\/\/digidem-bayern.de\/erleichterung-nach-dem-gedaechtnistest\/#primaryimage","url":"https:\/\/digidem-bayern.de\/wp-content\/uploads\/2025\/09\/Erleichterung-shutterstock_1462385384.jpg","contentUrl":"https:\/\/digidem-bayern.de\/wp-content\/uploads\/2025\/09\/Erleichterung-shutterstock_1462385384.jpg","width":1000,"height":667,"caption":"Foto: Shutterstock"},{"@type":"BreadcrumbList","@id":"https:\/\/digidem-bayern.de\/erleichterung-nach-dem-gedaechtnistest\/#breadcrumb","itemListElement":[{"@type":"ListItem","position":1,"name":"Startseite","item":"https:\/\/digidem-bayern.de\/"},{"@type":"ListItem","position":2,"name":"Erleichterung nach dem Ged\u00e4chtnistest"}]},{"@type":"WebSite","@id":"\/#website","url":"\/","name":"digiDEM Bavaria","description":"The digital dementia register in Bavaria researches and improves the structure of services for people with dementia and their relatives","publisher":{"@id":"\/#organization"},"potentialAction":[{"@type":"SearchAction","target":{"@type":"EntryPoint","urlTemplate":"\/?s={search_term_string}"},"query-input":{"@type":"PropertyValueSpecification","valueRequired":true,"valueName":"search_term_string"}}],"inLanguage":"en-US"},{"@type":"Organization","@id":"\/#organization","name":"digiDEM Bavaria","url":"\/","logo":{"@type":"ImageObject","inLanguage":"en-US","@id":"\/#\/schema\/logo\/image\/","url":"https:\/\/digidem-bayern.de\/wp-content\/uploads\/2022\/03\/cropped-Allgemeines_digiDEMLOGO-removebg-preview.png","contentUrl":"https:\/\/digidem-bayern.de\/wp-content\/uploads\/2022\/03\/cropped-Allgemeines_digiDEMLOGO-removebg-preview.png","width":612,"height":357,"caption":"digiDEM Bayern"},"image":{"@id":"\/#\/schema\/logo\/image\/"},"sameAs":["https:\/\/www.facebook.com\/digiDEMBayern\/","https:\/\/x.com\/digidem_bayern","https:\/\/www.instagram.com\/digidem.bayern","https:\/\/www.linkedin.com\/company\/digidem-bayern\/"]},{"@type":"Person","@id":"\/#\/schema\/person\/0bc1494f46fc2a051c761322a80e0941","name":"Ilona H\u00f6rath","url":"https:\/\/digidem-bayern.de\/en\/author\/hoeratia\/"}]}},"uagb_featured_image_src":{"full":["https:\/\/digidem-bayern.de\/wp-content\/uploads\/2025\/09\/Erleichterung-shutterstock_1462385384.jpg",1000,667,false],"thumbnail":["https:\/\/digidem-bayern.de\/wp-content\/uploads\/2025\/09\/Erleichterung-shutterstock_1462385384-80x80.jpg",80,80,true],"medium":["https:\/\/digidem-bayern.de\/wp-content\/uploads\/2025\/09\/Erleichterung-shutterstock_1462385384-300x200.jpg",300,200,true],"medium_large":["https:\/\/digidem-bayern.de\/wp-content\/uploads\/2025\/09\/Erleichterung-shutterstock_1462385384-768x512.jpg",768,512,true],"large":["https:\/\/digidem-bayern.de\/wp-content\/uploads\/2025\/09\/Erleichterung-shutterstock_1462385384.jpg",1000,667,false],"1536x1536":["https:\/\/digidem-bayern.de\/wp-content\/uploads\/2025\/09\/Erleichterung-shutterstock_1462385384.jpg",1000,667,false],"2048x2048":["https:\/\/digidem-bayern.de\/wp-content\/uploads\/2025\/09\/Erleichterung-shutterstock_1462385384.jpg",1000,667,false],"trp-custom-language-flag":["https:\/\/digidem-bayern.de\/wp-content\/uploads\/2025\/09\/Erleichterung-shutterstock_1462385384.jpg",18,12,false],"qubely_landscape":["https:\/\/digidem-bayern.de\/wp-content\/uploads\/2025\/09\/Erleichterung-shutterstock_1462385384.jpg",1000,667,false],"qubely_portrait":["https:\/\/digidem-bayern.de\/wp-content\/uploads\/2025\/09\/Erleichterung-shutterstock_1462385384-540x320.jpg",540,320,true],"qubely_thumbnail":["https:\/\/digidem-bayern.de\/wp-content\/uploads\/2025\/09\/Erleichterung-shutterstock_1462385384-140x100.jpg",140,100,true],"post-thumbnail":["https:\/\/digidem-bayern.de\/wp-content\/uploads\/2025\/09\/Erleichterung-shutterstock_1462385384-525x350.jpg",525,350,true],"kahuna-featured":["https:\/\/digidem-bayern.de\/wp-content\/uploads\/2025\/09\/Erleichterung-shutterstock_1462385384-734x350.jpg",734,350,true],"kahuna-featured-lp":["https:\/\/digidem-bayern.de\/wp-content\/uploads\/2025\/09\/Erleichterung-shutterstock_1462385384-520x350.jpg",520,350,true],"kahuna-featured-half":["https:\/\/digidem-bayern.de\/wp-content\/uploads\/2025\/09\/Erleichterung-shutterstock_1462385384-800x350.jpg",800,350,true],"kahuna-featured-third":["https:\/\/digidem-bayern.de\/wp-content\/uploads\/2025\/09\/Erleichterung-shutterstock_1462385384-512x350.jpg",512,350,true],"kahuna-lpbox-1":["https:\/\/digidem-bayern.de\/wp-content\/uploads\/2025\/09\/Erleichterung-shutterstock_1462385384-520x300.jpg",520,300,true],"kahuna-lpbox-2":["https:\/\/digidem-bayern.de\/wp-content\/uploads\/2025\/09\/Erleichterung-shutterstock_1462385384-520x350.jpg",520,350,true],"demand-language-flag":["https:\/\/digidem-bayern.de\/wp-content\/uploads\/2025\/09\/Erleichterung-shutterstock_1462385384-36x36.jpg",36,36,true],"dddkt-language-flag":["https:\/\/digidem-bayern.de\/wp-content\/uploads\/2025\/09\/Erleichterung-shutterstock_1462385384-36x36.jpg",36,36,true],"ddiqc-language-flag":["https:\/\/digidem-bayern.de\/wp-content\/uploads\/2025\/09\/Erleichterung-shutterstock_1462385384-36x36.jpg",36,36,true],"ddtl-language-flag":["https:\/\/digidem-bayern.de\/wp-content\/uploads\/2025\/09\/Erleichterung-shutterstock_1462385384-36x36.jpg",36,36,true],"mailpoet_newsletter_max":["https:\/\/digidem-bayern.de\/wp-content\/uploads\/2025\/09\/Erleichterung-shutterstock_1462385384.jpg",1000,667,false],"kahuna-lpbox-3":["https:\/\/digidem-bayern.de\/wp-content\/uploads\/2025\/09\/Erleichterung-shutterstock_1462385384-520x350.jpg",520,350,true],"kahuna-featured-square":["https:\/\/digidem-bayern.de\/wp-content\/uploads\/2025\/09\/Erleichterung-shutterstock_1462385384-512x512.jpg",512,512,true],"kahuna-featured-square-large":["https:\/\/digidem-bayern.de\/wp-content\/uploads\/2025\/09\/Erleichterung-shutterstock_1462385384.jpg",1000,667,false]},"uagb_author_info":{"display_name":"Ilona H\u00f6rath","author_link":"https:\/\/digidem-bayern.de\/en\/author\/hoeratia\/"},"uagb_comment_info":4,"uagb_excerpt":"Demenz-Screening durch den Hausarzt: Wo liegen die Risiken, wo der Nutzen? Forschende in den USA haben in einer Studie untersucht, ob es f\u00fcr \u00e4ltere Menschen Vor- oder Nachteile hat, wenn diese sich gezielt auf Demenz testen lassen. Bislang war unklar, ob ein haus\u00e4rztliches Screening auf Demenz \u00e4lteren Menschen mehr Nutzen &hellip;","_links":{"self":[{"href":"https:\/\/digidem-bayern.de\/en\/wp-json\/wp\/v2\/posts\/45491","targetHints":{"allow":["GET"]}}],"collection":[{"href":"https:\/\/digidem-bayern.de\/en\/wp-json\/wp\/v2\/posts"}],"about":[{"href":"https:\/\/digidem-bayern.de\/en\/wp-json\/wp\/v2\/types\/post"}],"author":[{"embeddable":true,"href":"https:\/\/digidem-bayern.de\/en\/wp-json\/wp\/v2\/users\/12"}],"replies":[{"embeddable":true,"href":"https:\/\/digidem-bayern.de\/en\/wp-json\/wp\/v2\/comments?post=45491"}],"version-history":[{"count":3,"href":"https:\/\/digidem-bayern.de\/en\/wp-json\/wp\/v2\/posts\/45491\/revisions"}],"predecessor-version":[{"id":45565,"href":"https:\/\/digidem-bayern.de\/en\/wp-json\/wp\/v2\/posts\/45491\/revisions\/45565"}],"wp:featuredmedia":[{"embeddable":true,"href":"https:\/\/digidem-bayern.de\/en\/wp-json\/wp\/v2\/media\/45556"}],"wp:attachment":[{"href":"https:\/\/digidem-bayern.de\/en\/wp-json\/wp\/v2\/media?parent=45491"}],"wp:term":[{"taxonomy":"category","embeddable":true,"href":"https:\/\/digidem-bayern.de\/en\/wp-json\/wp\/v2\/categories?post=45491"},{"taxonomy":"post_tag","embeddable":true,"href":"https:\/\/digidem-bayern.de\/en\/wp-json\/wp\/v2\/tags?post=45491"}],"curies":[{"name":"wp","href":"https:\/\/api.w.org\/{rel}","templated":true}]}}