{"id":4534,"date":"2020-03-16T09:19:52","date_gmt":"2020-03-16T08:19:52","guid":{"rendered":"https:\/\/digidem-bayern.de\/?p=4534"},"modified":"2020-03-17T10:56:20","modified_gmt":"2020-03-17T09:56:20","slug":"der-blick-der-anderen","status":"publish","type":"post","link":"https:\/\/digidem-bayern.de\/en\/der-blick-der-anderen\/","title":{"rendered":"Leben mit Demenz: \u201eDer Blick der Anderen\u201c"},"content":{"rendered":"<h4 class=\"wp-block-heading\">Was bedeutet es, mit einer Demenzerkrankung zu leben? Wie ver\u00e4ndert der fortschreitende Verlust von Erinnerungen und F\u00e4higkeiten das Verh\u00e4ltnis zum eigenen K\u00f6rper, die Beziehung zu Mitmenschen und das Leben im Alltag? Um das besser zu verstehen, haben Forscher*innen aus den Niederlanden zahlreiche Aussagen von Menschen mit Demenz ausgewertet. F\u00fcr viele Befragte war es \u201eder Blick der Anderen\u201c*, der am meisten z\u00e4hlte.<\/h4>\n\n\n\n<p>\u201eWenn bei einem eine Demenz diagnostiziert wird, klingt es f\u00fcr andere so, als ob man pl\u00f6tzlich zu nichts mehr f\u00e4hig ist. Aber eigentlich ist das l\u00e4cherlich (&#8230;) Wissen Sie, ich habe viel Erfahrung, und das ist nicht alles auf einmal weg,\u201c so lautet eine der Aussagen, die Els van Weijngaarden und Kolleg*innen f\u00fcr ihre Studie gesammelt haben. Auch die folgende \u00c4u\u00dferung verdeutlicht den h\u00e4ufig stigmatisierenden \u201eBlick der Anderen\u201c: \u201eNun, Sie gehen einen Schritt nach unten in der Gesellschaft. Sie gelten nicht mehr als vollwertiges Mitglied der Gesellschaft. Und in Diskussionen sind Sie auch eine \u201aquantit\u00e9 negligable\u2018 &#8222;. Jemand, der jetzt von allen gemieden wird.\u201c <\/p>\n\n\n\n<p><strong>Demenz-Tageb\u00fccher\nund Interviews ausgewertet <\/strong><\/p>\n\n\n\n<p>Um die tagt\u00e4glichen Erfahrungen von\nMenschen mit Demenz zu analysieren, haben die niederl\u00e4ndischen Forscher*innen zwei\nAns\u00e4tze kombiniert. Zum einen sammelten sie 322 aufgezeichnete Mitteilungen von\n16 Betroffenen, die sich an einem Demenz-Tagebuch-Projekt beteiligt hatten. Zum\nanderen f\u00fchrten sie 37 ausf\u00fchrliche Interviews, in der Menschen mit Demenz\nzun\u00e4chst ihre eigene Geschichte erz\u00e4hlten und sich anschlie\u00dfend anhand\nstrukturierter Fragen zu ausgew\u00e4hlten Themen \u00e4u\u00dferten.&nbsp; Den Forscher*innen zufolge handelt es sich um\neine der wenigen vertiefenden Studien, die Menschen mit Demenz eine Stimme\ngeben. Sie betonen, wie wichtig es ist, diese Stimmen zu h\u00f6ren und anzuerkennen\nund einen empathischen Einblick in die komplexen Erfahrungen zu vermitteln, mit\ndenen Betroffene tagt\u00e4glich konfrontiert sind. <\/p>\n\n\n\n<div class=\"wp-block-image\"><figure class=\"alignright size-medium\"><img loading=\"lazy\" decoding=\"async\" width=\"300\" height=\"198\" src=\"https:\/\/test.digidem-bayern.de\/wp-content\/uploads\/2020\/03\/elderly-4681508_1280-300x198.jpg\" alt=\"\u00c4lterer Mann sitzt auf einer Bank, von hinten.\" class=\"wp-image-4537\" srcset=\"https:\/\/digidem-bayern.de\/wp-content\/uploads\/2020\/03\/elderly-4681508_1280-300x198.jpg 300w, https:\/\/digidem-bayern.de\/wp-content\/uploads\/2020\/03\/elderly-4681508_1280-1030x681.jpg 1030w, https:\/\/digidem-bayern.de\/wp-content\/uploads\/2020\/03\/elderly-4681508_1280-768x508.jpg 768w, https:\/\/digidem-bayern.de\/wp-content\/uploads\/2020\/03\/elderly-4681508_1280-495x327.jpg 495w, https:\/\/digidem-bayern.de\/wp-content\/uploads\/2020\/03\/elderly-4681508_1280.jpg 1280w\" sizes=\"auto, (max-width: 300px) 100vw, 300px\" \/><\/figure><\/div>\n\n\n\n<p>In ihrer Auswertung kommen die\nAutor*innen zu der Einsch\u00e4tzung, dass das Leben mit Demenz als eine andauernde,\nstark beunruhigende Erfahrung verstanden werden kann. Die betroffenen Menschen\ntreten danach in eine sehr unsichere, unvorhersehbare und unklare Lebensphase\nein, die h\u00e4ufig mit gro\u00dfer Angst vor der Zukunft verbunden ist. Sie m\u00fcssten alle\nArten von Verlusten hinnehmen, die ihre Beziehungen zu anderen Menschen und der\nsie umgebenden Welt erheblich und kontinuierlich ver\u00e4ndern. Auch die Beziehung\nzu sich selbst und zu ihrem K\u00f6rper ver\u00e4ndere sich stark. <\/p>\n\n\n\n<p><strong>\u201eBlick\nder anderen\u201c ist von enormer Bedeutung<\/strong><\/p>\n\n\n\n<p>Die offensichtlichste Erkenntnis der Studie ist den Autor*innen zufolge, dass \u201eder Blick der Anderen&#8220; f\u00fcr Menschen mit Demenz von enormer Bedeutung ist. \u201eSie sehnten sich nach einer sicheren und akzeptierenden Umgebung, f\u00fchlten sich aber oft durch neugierige und missbilligende Blicke hinterfragt.\u201c Die Ergebnisse zeigten auch einen Zusammenhang zwischen den dominanten sozialen Vorstellungen und dem Selbstverst\u00e4ndnis der Menschen von Demenz. Ein Gro\u00dfteil des Leidens stamme aus dem Leben im Schatten negativer Vorstellungen. <\/p>\n\n\n\n<p>Der Studie zufolge ist besonders ist die\nSt\u00f6rung der sozialen Beziehungen eine gro\u00dfe Belastung f\u00fcr Betroffene. Die\nAutor*innen unterst\u00fctzen daher Forderungen, neben der biomedizinischen und\npsychologischen Demenz-Forschung st\u00e4rker den sozialen Kontext der Erkrankung zu\nber\u00fccksichtigen. In diesem Zusammenhang betonen sie die Bedeutung geeigneter\nsozialer Interventionen. Sie sollen darauf etwa abzielen, die Pers\u00f6nlichkeit zu\nst\u00e4rken und ein sinnvolles Engagement zu erm\u00f6glichen. F\u00fcr die Betroffenen gehe\nes nicht darum, was eine Demenz ist (z.B. eine Krankheit, eine klinische\nDiagnose, eine St\u00f6rung der K\u00f6rperfunktionen, etwas, das geheilt werden muss),\nsondern darum, was die Krankheit im Alltag bedeutet und bewirkt.<\/p>\n\n\n\n<p><em>*W\u00f6rtlich: \u201eDie Augen der anderen\u201c (\u201ethe eyes of others\u201c)<\/em><\/p>\n\n\n\n<p>Die vollst\u00e4ndige Studie finden Sie hier:<br><a href=\"https:\/\/journals.plos.org\/plosone\/article?id=10.1371\/journal.pone.0214724\">&#8222;The eyes of others\u201c are what really matters: The experience of living with dementia from an insider perspective<\/a> (April 2019)<\/p>","protected":false},"excerpt":{"rendered":"<p>Was bedeutet es, mit einer Demenzerkrankung zu leben? Wie ver\u00e4ndert der fortschreitende Verlust von Erinnerungen und F\u00e4higkeiten das Verh\u00e4ltnis zum eigenen K\u00f6rper, die Beziehung zu Mitmenschen und das Leben im Alltag? Um das besser zu verstehen, haben Forscher*innen aus den Niederlanden zahlreiche Aussagen von Menschen mit Demenz ausgewertet. F\u00fcr viele &hellip;<\/p>","protected":false},"author":11,"featured_media":4542,"comment_status":"closed","ping_status":"closed","sticky":false,"template":"","format":"standard","meta":{"qubely_global_settings":"","qubely_interactions":"","_uag_custom_page_level_css":"","footnotes":""},"categories":[5],"tags":[13,11,17,55,79],"class_list":["post-4534","post","type-post","status-publish","format-standard","has-post-thumbnail","hentry","category-wissenschaft-forschung","tag-alzheimer","tag-demenz","tag-digidem-bayern","tag-digitales-demenzregister-bayern","tag-stigmatisierung"],"qubely_featured_image_url":{"full":["https:\/\/digidem-bayern.de\/wp-content\/uploads\/2020\/03\/blick.jpg",1279,530,false],"landscape":["https:\/\/digidem-bayern.de\/wp-content\/uploads\/2020\/03\/blick-1200x530.jpg",1200,530,true],"portraits":["https:\/\/digidem-bayern.de\/wp-content\/uploads\/2020\/03\/blick-540x320.jpg",540,320,true],"thumbnail":["https:\/\/digidem-bayern.de\/wp-content\/uploads\/2020\/03\/blick-80x80.jpg",80,80,true],"medium":["https:\/\/digidem-bayern.de\/wp-content\/uploads\/2020\/03\/blick-300x124.jpg",300,124,true],"medium_large":["https:\/\/digidem-bayern.de\/wp-content\/uploads\/2020\/03\/blick-768x318.jpg",768,318,true],"large":["https:\/\/digidem-bayern.de\/wp-content\/uploads\/2020\/03\/blick-1030x427.jpg",1030,427,true],"1536x1536":["https:\/\/digidem-bayern.de\/wp-content\/uploads\/2020\/03\/blick.jpg",1279,530,false],"2048x2048":["https:\/\/digidem-bayern.de\/wp-content\/uploads\/2020\/03\/blick.jpg",1279,530,false],"trp-custom-language-flag":["https:\/\/digidem-bayern.de\/wp-content\/uploads\/2020\/03\/blick.jpg",18,7,false],"qubely_landscape":["https:\/\/digidem-bayern.de\/wp-content\/uploads\/2020\/03\/blick-1200x530.jpg",1200,530,true],"qubely_portrait":["https:\/\/digidem-bayern.de\/wp-content\/uploads\/2020\/03\/blick-540x320.jpg",540,320,true],"qubely_thumbnail":["https:\/\/digidem-bayern.de\/wp-content\/uploads\/2020\/03\/blick-140x100.jpg",140,100,true],"post-thumbnail":["https:\/\/digidem-bayern.de\/wp-content\/uploads\/2020\/03\/blick-495x205.jpg",495,205,true],"kahuna-featured":["https:\/\/digidem-bayern.de\/wp-content\/uploads\/2020\/03\/blick-495x350.jpg",495,350,true],"kahuna-featured-lp":["https:\/\/digidem-bayern.de\/wp-content\/uploads\/2020\/03\/blick-690x350.jpg",520,264,true],"kahuna-featured-half":["https:\/\/digidem-bayern.de\/wp-content\/uploads\/2020\/03\/blick-800x350.jpg",800,350,true],"kahuna-featured-third":["https:\/\/digidem-bayern.de\/wp-content\/uploads\/2020\/03\/blick-512x350.jpg",512,350,true],"kahuna-lpbox-1":["https:\/\/digidem-bayern.de\/wp-content\/uploads\/2020\/03\/blick-460x350.jpg",394,300,true],"kahuna-lpbox-2":["https:\/\/digidem-bayern.de\/wp-content\/uploads\/2020\/03\/blick-460x350.jpg",460,350,true],"demand-language-flag":["https:\/\/digidem-bayern.de\/wp-content\/uploads\/2020\/03\/blick.jpg",36,15,false],"dddkt-language-flag":["https:\/\/digidem-bayern.de\/wp-content\/uploads\/2020\/03\/blick.jpg",36,15,false],"ddiqc-language-flag":["https:\/\/digidem-bayern.de\/wp-content\/uploads\/2020\/03\/blick.jpg",36,15,false],"ddtl-language-flag":["https:\/\/digidem-bayern.de\/wp-content\/uploads\/2020\/03\/blick.jpg",36,15,false],"mailpoet_newsletter_max":["https:\/\/digidem-bayern.de\/wp-content\/uploads\/2020\/03\/blick.jpg",1279,530,false],"kahuna-lpbox-3":["https:\/\/digidem-bayern.de\/wp-content\/uploads\/2020\/03\/blick-460x350.jpg",460,350,true],"kahuna-featured-square":["https:\/\/digidem-bayern.de\/wp-content\/uploads\/2020\/03\/blick-512x512.jpg",512,512,true],"kahuna-featured-square-large":["https:\/\/digidem-bayern.de\/wp-content\/uploads\/2020\/03\/blick-1024x530.jpg",1024,530,true]},"qubely_author":{"display_name":"Michael Zeiler","author_link":"https:\/\/digidem-bayern.de\/en\/author\/michael-zeiler\/"},"qubely_comment":0,"qubely_category":"<a href=\"https:\/\/digidem-bayern.de\/en\/category\/wissenschaft-forschung\/\" rel=\"category tag\">Wissenschaft &amp; Forschung<\/a>","qubely_excerpt":"Was bedeutet es, mit einer Demenzerkrankung zu leben? Wie ver\u00e4ndert der fortschreitende Verlust von Erinnerungen und F\u00e4higkeiten das Verh\u00e4ltnis zum eigenen K\u00f6rper, die Beziehung zu Mitmenschen und das Leben im Alltag? Um das besser zu verstehen, haben Forscher*innen aus den Niederlanden zahlreiche Aussagen von Menschen mit Demenz ausgewertet. F\u00fcr viele &hellip;","featured_image_urls_v2":{"full":["https:\/\/digidem-bayern.de\/wp-content\/uploads\/2020\/03\/blick.jpg",1279,530,false],"thumbnail":["https:\/\/digidem-bayern.de\/wp-content\/uploads\/2020\/03\/blick-80x80.jpg",80,80,true],"medium":["https:\/\/digidem-bayern.de\/wp-content\/uploads\/2020\/03\/blick-300x124.jpg",300,124,true],"medium_large":["https:\/\/digidem-bayern.de\/wp-content\/uploads\/2020\/03\/blick-768x318.jpg",768,318,true],"large":["https:\/\/digidem-bayern.de\/wp-content\/uploads\/2020\/03\/blick-1030x427.jpg",1030,427,true],"1536x1536":["https:\/\/digidem-bayern.de\/wp-content\/uploads\/2020\/03\/blick.jpg",1279,530,false],"2048x2048":["https:\/\/digidem-bayern.de\/wp-content\/uploads\/2020\/03\/blick.jpg",1279,530,false],"trp-custom-language-flag":["https:\/\/digidem-bayern.de\/wp-content\/uploads\/2020\/03\/blick.jpg",18,7,false],"qubely_landscape":["https:\/\/digidem-bayern.de\/wp-content\/uploads\/2020\/03\/blick-1200x530.jpg",1200,530,true],"qubely_portrait":["https:\/\/digidem-bayern.de\/wp-content\/uploads\/2020\/03\/blick-540x320.jpg",540,320,true],"qubely_thumbnail":["https:\/\/digidem-bayern.de\/wp-content\/uploads\/2020\/03\/blick-140x100.jpg",140,100,true],"post-thumbnail":["https:\/\/digidem-bayern.de\/wp-content\/uploads\/2020\/03\/blick-495x205.jpg",495,205,true],"kahuna-featured":["https:\/\/digidem-bayern.de\/wp-content\/uploads\/2020\/03\/blick-495x350.jpg",495,350,true],"kahuna-featured-lp":["https:\/\/digidem-bayern.de\/wp-content\/uploads\/2020\/03\/blick-690x350.jpg",520,264,true],"kahuna-featured-half":["https:\/\/digidem-bayern.de\/wp-content\/uploads\/2020\/03\/blick-800x350.jpg",800,350,true],"kahuna-featured-third":["https:\/\/digidem-bayern.de\/wp-content\/uploads\/2020\/03\/blick-512x350.jpg",512,350,true],"kahuna-lpbox-1":["https:\/\/digidem-bayern.de\/wp-content\/uploads\/2020\/03\/blick-460x350.jpg",394,300,true],"kahuna-lpbox-2":["https:\/\/digidem-bayern.de\/wp-content\/uploads\/2020\/03\/blick-460x350.jpg",460,350,true],"demand-language-flag":["https:\/\/digidem-bayern.de\/wp-content\/uploads\/2020\/03\/blick.jpg",36,15,false],"dddkt-language-flag":["https:\/\/digidem-bayern.de\/wp-content\/uploads\/2020\/03\/blick.jpg",36,15,false],"ddiqc-language-flag":["https:\/\/digidem-bayern.de\/wp-content\/uploads\/2020\/03\/blick.jpg",36,15,false],"ddtl-language-flag":["https:\/\/digidem-bayern.de\/wp-content\/uploads\/2020\/03\/blick.jpg",36,15,false],"mailpoet_newsletter_max":["https:\/\/digidem-bayern.de\/wp-content\/uploads\/2020\/03\/blick.jpg",1279,530,false],"kahuna-lpbox-3":["https:\/\/digidem-bayern.de\/wp-content\/uploads\/2020\/03\/blick-460x350.jpg",460,350,true],"kahuna-featured-square":["https:\/\/digidem-bayern.de\/wp-content\/uploads\/2020\/03\/blick-512x512.jpg",512,512,true],"kahuna-featured-square-large":["https:\/\/digidem-bayern.de\/wp-content\/uploads\/2020\/03\/blick-1024x530.jpg",1024,530,true]},"post_excerpt_stackable_v2":"<p>Was bedeutet es, mit einer Demenzerkrankung zu leben? Wie ver\u00e4ndert der fortschreitende Verlust von Erinnerungen und F\u00e4higkeiten das Verh\u00e4ltnis zum eigenen K\u00f6rper, die Beziehung zu Mitmenschen und das Leben im Alltag? Um das besser zu verstehen, haben Forscher*innen aus den Niederlanden zahlreiche Aussagen von Menschen mit Demenz ausgewertet. F\u00fcr viele Befragte war es \u201eder Blick der Anderen\u201c*, der am meisten z\u00e4hlte. \u201eWenn bei einem eine Demenz diagnostiziert wird, klingt es f\u00fcr andere so, als ob man pl\u00f6tzlich zu nichts mehr f\u00e4hig ist. Aber eigentlich ist das l\u00e4cherlich (&#8230;) Wissen Sie, ich habe viel Erfahrung, und das ist nicht alles auf&hellip;<\/p>\n","category_list_v2":"<a href=\"https:\/\/digidem-bayern.de\/en\/category\/wissenschaft-forschung\/\" rel=\"category tag\">Wissenschaft &amp; Forschung<\/a>","author_info_v2":{"name":"Michael Zeiler","url":"https:\/\/digidem-bayern.de\/en\/author\/michael-zeiler\/"},"comments_num_v2":"0 comments","yoast_head":"<!-- This site is optimized with the Yoast SEO plugin v27.4 - https:\/\/yoast.com\/product\/yoast-seo-wordpress\/ -->\n<title>Leben mit Demenz: \u201eDer Blick der Anderen\u201c - digiDEM Bayern<\/title>\n<meta name=\"description\" content=\"Was bedeutet es, mit einer Demenzerkrankung zu leben? Um das besser zu verstehen, haben Forscher zahlreiche Aussagen von Menschen mit Demenz ausgewertet.\" \/>\n<meta name=\"robots\" content=\"index, follow, max-snippet:-1, max-image-preview:large, max-video-preview:-1\" \/>\n<link rel=\"canonical\" href=\"https:\/\/digidem-bayern.de\/en\/der-blick-der-anderen\/\" \/>\n<meta property=\"og:locale\" content=\"en_US\" \/>\n<meta property=\"og:type\" content=\"article\" \/>\n<meta property=\"og:title\" content=\"Leben mit Demenz: \u201eDer Blick der Anderen\u201c - digiDEM Bayern\" \/>\n<meta property=\"og:description\" content=\"Was bedeutet es, mit einer Demenzerkrankung zu leben? Um das besser zu verstehen, haben Forscher zahlreiche Aussagen von Menschen mit Demenz ausgewertet.\" \/>\n<meta property=\"og:url\" content=\"https:\/\/digidem-bayern.de\/en\/der-blick-der-anderen\/\" \/>\n<meta property=\"og:site_name\" content=\"digiDEM Bayern\" \/>\n<meta property=\"article:publisher\" content=\"https:\/\/www.facebook.com\/digiDEMBayern\/\" \/>\n<meta property=\"article:published_time\" content=\"2020-03-16T08:19:52+00:00\" \/>\n<meta property=\"article:modified_time\" content=\"2020-03-17T09:56:20+00:00\" \/>\n<meta property=\"og:image\" content=\"https:\/\/digidem-bayern.de\/wp-content\/uploads\/2020\/03\/blick.jpg\" \/>\n\t<meta property=\"og:image:width\" content=\"1279\" \/>\n\t<meta property=\"og:image:height\" content=\"530\" \/>\n\t<meta property=\"og:image:type\" content=\"image\/jpeg\" \/>\n<meta name=\"author\" content=\"Michael Zeiler\" \/>\n<meta name=\"twitter:label1\" content=\"Written by\" \/>\n\t<meta name=\"twitter:data1\" content=\"Michael Zeiler\" \/>\n\t<meta name=\"twitter:label2\" content=\"Est. reading time\" \/>\n\t<meta name=\"twitter:data2\" content=\"3 minutes\" \/>\n<script type=\"application\/ld+json\" class=\"yoast-schema-graph\">{\"@context\":\"https:\\\/\\\/schema.org\",\"@graph\":[{\"@type\":\"Article\",\"@id\":\"https:\\\/\\\/digidem-bayern.de\\\/der-blick-der-anderen\\\/#article\",\"isPartOf\":{\"@id\":\"https:\\\/\\\/digidem-bayern.de\\\/der-blick-der-anderen\\\/\"},\"author\":{\"name\":\"Michael Zeiler\",\"@id\":\"\\\/#\\\/schema\\\/person\\\/92754ad381f49b3c358d1d8d2c4f90b8\"},\"headline\":\"Leben mit Demenz: \u201eDer Blick der Anderen\u201c\",\"datePublished\":\"2020-03-16T08:19:52+00:00\",\"dateModified\":\"2020-03-17T09:56:20+00:00\",\"mainEntityOfPage\":{\"@id\":\"https:\\\/\\\/digidem-bayern.de\\\/der-blick-der-anderen\\\/\"},\"wordCount\":629,\"publisher\":{\"@id\":\"\\\/#organization\"},\"image\":{\"@id\":\"https:\\\/\\\/digidem-bayern.de\\\/der-blick-der-anderen\\\/#primaryimage\"},\"thumbnailUrl\":\"https:\\\/\\\/digidem-bayern.de\\\/wp-content\\\/uploads\\\/2020\\\/03\\\/blick.jpg\",\"keywords\":[\"Alzheimer\",\"Demenz.\",\"digidem Bayern\",\"Digitales Demenzregister Bayern\",\"Stigmatisierung\"],\"articleSection\":[\"Wissenschaft &amp; Forschung\"],\"inLanguage\":\"en-US\"},{\"@type\":\"WebPage\",\"@id\":\"https:\\\/\\\/digidem-bayern.de\\\/der-blick-der-anderen\\\/\",\"url\":\"https:\\\/\\\/digidem-bayern.de\\\/der-blick-der-anderen\\\/\",\"name\":\"Leben mit Demenz: \u201eDer Blick der Anderen\u201c - digiDEM Bayern\",\"isPartOf\":{\"@id\":\"\\\/#website\"},\"primaryImageOfPage\":{\"@id\":\"https:\\\/\\\/digidem-bayern.de\\\/der-blick-der-anderen\\\/#primaryimage\"},\"image\":{\"@id\":\"https:\\\/\\\/digidem-bayern.de\\\/der-blick-der-anderen\\\/#primaryimage\"},\"thumbnailUrl\":\"https:\\\/\\\/digidem-bayern.de\\\/wp-content\\\/uploads\\\/2020\\\/03\\\/blick.jpg\",\"datePublished\":\"2020-03-16T08:19:52+00:00\",\"dateModified\":\"2020-03-17T09:56:20+00:00\",\"description\":\"Was bedeutet es, mit einer Demenzerkrankung zu leben? Um das besser zu verstehen, haben Forscher zahlreiche Aussagen von Menschen mit Demenz ausgewertet.\",\"breadcrumb\":{\"@id\":\"https:\\\/\\\/digidem-bayern.de\\\/der-blick-der-anderen\\\/#breadcrumb\"},\"inLanguage\":\"en-US\",\"potentialAction\":[{\"@type\":\"ReadAction\",\"target\":[\"https:\\\/\\\/digidem-bayern.de\\\/der-blick-der-anderen\\\/\"]}]},{\"@type\":\"ImageObject\",\"inLanguage\":\"en-US\",\"@id\":\"https:\\\/\\\/digidem-bayern.de\\\/der-blick-der-anderen\\\/#primaryimage\",\"url\":\"https:\\\/\\\/digidem-bayern.de\\\/wp-content\\\/uploads\\\/2020\\\/03\\\/blick.jpg\",\"contentUrl\":\"https:\\\/\\\/digidem-bayern.de\\\/wp-content\\\/uploads\\\/2020\\\/03\\\/blick.jpg\",\"width\":1279,\"height\":530,\"caption\":\"\u00c4lterer Mann auf einer Bank, von hinten.\"},{\"@type\":\"BreadcrumbList\",\"@id\":\"https:\\\/\\\/digidem-bayern.de\\\/der-blick-der-anderen\\\/#breadcrumb\",\"itemListElement\":[{\"@type\":\"ListItem\",\"position\":1,\"name\":\"Startseite\",\"item\":\"https:\\\/\\\/digidem-bayern.de\\\/\"},{\"@type\":\"ListItem\",\"position\":2,\"name\":\"Leben mit Demenz: \u201eDer Blick der Anderen\u201c\"}]},{\"@type\":\"WebSite\",\"@id\":\"\\\/#website\",\"url\":\"\\\/\",\"name\":\"digiDEM Bayern\",\"description\":\"Das digitale Demenzregister Bayern erforscht und verbessert die Angebotsstuktur f\u00fcr Menschen mit Demenz und deren Angeh\u00f6rige\",\"publisher\":{\"@id\":\"\\\/#organization\"},\"potentialAction\":[{\"@type\":\"SearchAction\",\"target\":{\"@type\":\"EntryPoint\",\"urlTemplate\":\"\\\/?s={search_term_string}\"},\"query-input\":{\"@type\":\"PropertyValueSpecification\",\"valueRequired\":true,\"valueName\":\"search_term_string\"}}],\"inLanguage\":\"en-US\"},{\"@type\":\"Organization\",\"@id\":\"\\\/#organization\",\"name\":\"digiDEM Bayern\",\"url\":\"\\\/\",\"logo\":{\"@type\":\"ImageObject\",\"inLanguage\":\"en-US\",\"@id\":\"\\\/#\\\/schema\\\/logo\\\/image\\\/\",\"url\":\"https:\\\/\\\/digidem-bayern.de\\\/wp-content\\\/uploads\\\/2022\\\/03\\\/cropped-Allgemeines_digiDEMLOGO-removebg-preview.png\",\"contentUrl\":\"https:\\\/\\\/digidem-bayern.de\\\/wp-content\\\/uploads\\\/2022\\\/03\\\/cropped-Allgemeines_digiDEMLOGO-removebg-preview.png\",\"width\":612,\"height\":357,\"caption\":\"digiDEM Bayern\"},\"image\":{\"@id\":\"\\\/#\\\/schema\\\/logo\\\/image\\\/\"},\"sameAs\":[\"https:\\\/\\\/www.facebook.com\\\/digiDEMBayern\\\/\",\"https:\\\/\\\/x.com\\\/digidem_bayern\",\"https:\\\/\\\/www.instagram.com\\\/digidem.bayern\",\"https:\\\/\\\/www.linkedin.com\\\/company\\\/digidem-bayern\\\/\"]},{\"@type\":\"Person\",\"@id\":\"\\\/#\\\/schema\\\/person\\\/92754ad381f49b3c358d1d8d2c4f90b8\",\"name\":\"Michael Zeiler\",\"url\":\"https:\\\/\\\/digidem-bayern.de\\\/en\\\/author\\\/michael-zeiler\\\/\"}]}<\/script>\n<!-- \/ Yoast SEO plugin. -->","yoast_head_json":{"title":"Leben mit Demenz: \u201eDer Blick der Anderen\u201c - digiDEM Bayern","description":"Was bedeutet es, mit einer Demenzerkrankung zu leben? Um das besser zu verstehen, haben Forscher zahlreiche Aussagen von Menschen mit Demenz ausgewertet.","robots":{"index":"index","follow":"follow","max-snippet":"max-snippet:-1","max-image-preview":"max-image-preview:large","max-video-preview":"max-video-preview:-1"},"canonical":"https:\/\/digidem-bayern.de\/en\/der-blick-der-anderen\/","og_locale":"en_US","og_type":"article","og_title":"Leben mit Demenz: \u201eDer Blick der Anderen\u201c - digiDEM Bayern","og_description":"Was bedeutet es, mit einer Demenzerkrankung zu leben? Um das besser zu verstehen, haben Forscher zahlreiche Aussagen von Menschen mit Demenz ausgewertet.","og_url":"https:\/\/digidem-bayern.de\/en\/der-blick-der-anderen\/","og_site_name":"digiDEM Bayern","article_publisher":"https:\/\/www.facebook.com\/digiDEMBayern\/","article_published_time":"2020-03-16T08:19:52+00:00","article_modified_time":"2020-03-17T09:56:20+00:00","og_image":[{"width":1279,"height":530,"url":"https:\/\/digidem-bayern.de\/wp-content\/uploads\/2020\/03\/blick.jpg","type":"image\/jpeg"}],"author":"Michael Zeiler","twitter_misc":{"Written by":"Michael Zeiler","Est. reading time":"3 minutes"},"schema":{"@context":"https:\/\/schema.org","@graph":[{"@type":"Article","@id":"https:\/\/digidem-bayern.de\/der-blick-der-anderen\/#article","isPartOf":{"@id":"https:\/\/digidem-bayern.de\/der-blick-der-anderen\/"},"author":{"name":"Michael Zeiler","@id":"\/#\/schema\/person\/92754ad381f49b3c358d1d8d2c4f90b8"},"headline":"Leben mit Demenz: \u201eDer Blick der Anderen\u201c","datePublished":"2020-03-16T08:19:52+00:00","dateModified":"2020-03-17T09:56:20+00:00","mainEntityOfPage":{"@id":"https:\/\/digidem-bayern.de\/der-blick-der-anderen\/"},"wordCount":629,"publisher":{"@id":"\/#organization"},"image":{"@id":"https:\/\/digidem-bayern.de\/der-blick-der-anderen\/#primaryimage"},"thumbnailUrl":"https:\/\/digidem-bayern.de\/wp-content\/uploads\/2020\/03\/blick.jpg","keywords":["Alzheimer","Demenz.","digidem Bayern","Digitales Demenzregister Bayern","Stigmatisierung"],"articleSection":["Wissenschaft &amp; Forschung"],"inLanguage":"en-US"},{"@type":"WebPage","@id":"https:\/\/digidem-bayern.de\/der-blick-der-anderen\/","url":"https:\/\/digidem-bayern.de\/der-blick-der-anderen\/","name":"Leben mit Demenz: \u201eDer Blick der Anderen\u201c - digiDEM Bayern","isPartOf":{"@id":"\/#website"},"primaryImageOfPage":{"@id":"https:\/\/digidem-bayern.de\/der-blick-der-anderen\/#primaryimage"},"image":{"@id":"https:\/\/digidem-bayern.de\/der-blick-der-anderen\/#primaryimage"},"thumbnailUrl":"https:\/\/digidem-bayern.de\/wp-content\/uploads\/2020\/03\/blick.jpg","datePublished":"2020-03-16T08:19:52+00:00","dateModified":"2020-03-17T09:56:20+00:00","description":"Was bedeutet es, mit einer Demenzerkrankung zu leben? Um das besser zu verstehen, haben Forscher zahlreiche Aussagen von Menschen mit Demenz ausgewertet.","breadcrumb":{"@id":"https:\/\/digidem-bayern.de\/der-blick-der-anderen\/#breadcrumb"},"inLanguage":"en-US","potentialAction":[{"@type":"ReadAction","target":["https:\/\/digidem-bayern.de\/der-blick-der-anderen\/"]}]},{"@type":"ImageObject","inLanguage":"en-US","@id":"https:\/\/digidem-bayern.de\/der-blick-der-anderen\/#primaryimage","url":"https:\/\/digidem-bayern.de\/wp-content\/uploads\/2020\/03\/blick.jpg","contentUrl":"https:\/\/digidem-bayern.de\/wp-content\/uploads\/2020\/03\/blick.jpg","width":1279,"height":530,"caption":"\u00c4lterer Mann auf einer Bank, von hinten."},{"@type":"BreadcrumbList","@id":"https:\/\/digidem-bayern.de\/der-blick-der-anderen\/#breadcrumb","itemListElement":[{"@type":"ListItem","position":1,"name":"Startseite","item":"https:\/\/digidem-bayern.de\/"},{"@type":"ListItem","position":2,"name":"Leben mit Demenz: \u201eDer Blick der Anderen\u201c"}]},{"@type":"WebSite","@id":"\/#website","url":"\/","name":"digiDEM Bavaria","description":"The digital dementia register in Bavaria researches and improves the structure of services for people with dementia and their relatives","publisher":{"@id":"\/#organization"},"potentialAction":[{"@type":"SearchAction","target":{"@type":"EntryPoint","urlTemplate":"\/?s={search_term_string}"},"query-input":{"@type":"PropertyValueSpecification","valueRequired":true,"valueName":"search_term_string"}}],"inLanguage":"en-US"},{"@type":"Organization","@id":"\/#organization","name":"digiDEM Bavaria","url":"\/","logo":{"@type":"ImageObject","inLanguage":"en-US","@id":"\/#\/schema\/logo\/image\/","url":"https:\/\/digidem-bayern.de\/wp-content\/uploads\/2022\/03\/cropped-Allgemeines_digiDEMLOGO-removebg-preview.png","contentUrl":"https:\/\/digidem-bayern.de\/wp-content\/uploads\/2022\/03\/cropped-Allgemeines_digiDEMLOGO-removebg-preview.png","width":612,"height":357,"caption":"digiDEM Bayern"},"image":{"@id":"\/#\/schema\/logo\/image\/"},"sameAs":["https:\/\/www.facebook.com\/digiDEMBayern\/","https:\/\/x.com\/digidem_bayern","https:\/\/www.instagram.com\/digidem.bayern","https:\/\/www.linkedin.com\/company\/digidem-bayern\/"]},{"@type":"Person","@id":"\/#\/schema\/person\/92754ad381f49b3c358d1d8d2c4f90b8","name":"Michael Zeiler","url":"https:\/\/digidem-bayern.de\/en\/author\/michael-zeiler\/"}]}},"uagb_featured_image_src":{"full":["https:\/\/digidem-bayern.de\/wp-content\/uploads\/2020\/03\/blick.jpg",1279,530,false],"thumbnail":["https:\/\/digidem-bayern.de\/wp-content\/uploads\/2020\/03\/blick-80x80.jpg",80,80,true],"medium":["https:\/\/digidem-bayern.de\/wp-content\/uploads\/2020\/03\/blick-300x124.jpg",300,124,true],"medium_large":["https:\/\/digidem-bayern.de\/wp-content\/uploads\/2020\/03\/blick-768x318.jpg",768,318,true],"large":["https:\/\/digidem-bayern.de\/wp-content\/uploads\/2020\/03\/blick-1030x427.jpg",1030,427,true],"1536x1536":["https:\/\/digidem-bayern.de\/wp-content\/uploads\/2020\/03\/blick.jpg",1279,530,false],"2048x2048":["https:\/\/digidem-bayern.de\/wp-content\/uploads\/2020\/03\/blick.jpg",1279,530,false],"trp-custom-language-flag":["https:\/\/digidem-bayern.de\/wp-content\/uploads\/2020\/03\/blick.jpg",18,7,false],"qubely_landscape":["https:\/\/digidem-bayern.de\/wp-content\/uploads\/2020\/03\/blick-1200x530.jpg",1200,530,true],"qubely_portrait":["https:\/\/digidem-bayern.de\/wp-content\/uploads\/2020\/03\/blick-540x320.jpg",540,320,true],"qubely_thumbnail":["https:\/\/digidem-bayern.de\/wp-content\/uploads\/2020\/03\/blick-140x100.jpg",140,100,true],"post-thumbnail":["https:\/\/digidem-bayern.de\/wp-content\/uploads\/2020\/03\/blick-495x205.jpg",495,205,true],"kahuna-featured":["https:\/\/digidem-bayern.de\/wp-content\/uploads\/2020\/03\/blick-495x350.jpg",495,350,true],"kahuna-featured-lp":["https:\/\/digidem-bayern.de\/wp-content\/uploads\/2020\/03\/blick-690x350.jpg",520,264,true],"kahuna-featured-half":["https:\/\/digidem-bayern.de\/wp-content\/uploads\/2020\/03\/blick-800x350.jpg",800,350,true],"kahuna-featured-third":["https:\/\/digidem-bayern.de\/wp-content\/uploads\/2020\/03\/blick-512x350.jpg",512,350,true],"kahuna-lpbox-1":["https:\/\/digidem-bayern.de\/wp-content\/uploads\/2020\/03\/blick-460x350.jpg",394,300,true],"kahuna-lpbox-2":["https:\/\/digidem-bayern.de\/wp-content\/uploads\/2020\/03\/blick-460x350.jpg",460,350,true],"demand-language-flag":["https:\/\/digidem-bayern.de\/wp-content\/uploads\/2020\/03\/blick.jpg",36,15,false],"dddkt-language-flag":["https:\/\/digidem-bayern.de\/wp-content\/uploads\/2020\/03\/blick.jpg",36,15,false],"ddiqc-language-flag":["https:\/\/digidem-bayern.de\/wp-content\/uploads\/2020\/03\/blick.jpg",36,15,false],"ddtl-language-flag":["https:\/\/digidem-bayern.de\/wp-content\/uploads\/2020\/03\/blick.jpg",36,15,false],"mailpoet_newsletter_max":["https:\/\/digidem-bayern.de\/wp-content\/uploads\/2020\/03\/blick.jpg",1279,530,false],"kahuna-lpbox-3":["https:\/\/digidem-bayern.de\/wp-content\/uploads\/2020\/03\/blick-460x350.jpg",460,350,true],"kahuna-featured-square":["https:\/\/digidem-bayern.de\/wp-content\/uploads\/2020\/03\/blick-512x512.jpg",512,512,true],"kahuna-featured-square-large":["https:\/\/digidem-bayern.de\/wp-content\/uploads\/2020\/03\/blick-1024x530.jpg",1024,530,true]},"uagb_author_info":{"display_name":"Michael Zeiler","author_link":"https:\/\/digidem-bayern.de\/en\/author\/michael-zeiler\/"},"uagb_comment_info":0,"uagb_excerpt":"Was bedeutet es, mit einer Demenzerkrankung zu leben? Wie ver\u00e4ndert der fortschreitende Verlust von Erinnerungen und F\u00e4higkeiten das Verh\u00e4ltnis zum eigenen K\u00f6rper, die Beziehung zu Mitmenschen und das Leben im Alltag? Um das besser zu verstehen, haben Forscher*innen aus den Niederlanden zahlreiche Aussagen von Menschen mit Demenz ausgewertet. F\u00fcr viele &hellip;","_links":{"self":[{"href":"https:\/\/digidem-bayern.de\/en\/wp-json\/wp\/v2\/posts\/4534","targetHints":{"allow":["GET"]}}],"collection":[{"href":"https:\/\/digidem-bayern.de\/en\/wp-json\/wp\/v2\/posts"}],"about":[{"href":"https:\/\/digidem-bayern.de\/en\/wp-json\/wp\/v2\/types\/post"}],"author":[{"embeddable":true,"href":"https:\/\/digidem-bayern.de\/en\/wp-json\/wp\/v2\/users\/11"}],"replies":[{"embeddable":true,"href":"https:\/\/digidem-bayern.de\/en\/wp-json\/wp\/v2\/comments?post=4534"}],"version-history":[{"count":0,"href":"https:\/\/digidem-bayern.de\/en\/wp-json\/wp\/v2\/posts\/4534\/revisions"}],"wp:featuredmedia":[{"embeddable":true,"href":"https:\/\/digidem-bayern.de\/en\/wp-json\/wp\/v2\/media\/4542"}],"wp:attachment":[{"href":"https:\/\/digidem-bayern.de\/en\/wp-json\/wp\/v2\/media?parent=4534"}],"wp:term":[{"taxonomy":"category","embeddable":true,"href":"https:\/\/digidem-bayern.de\/en\/wp-json\/wp\/v2\/categories?post=4534"},{"taxonomy":"post_tag","embeddable":true,"href":"https:\/\/digidem-bayern.de\/en\/wp-json\/wp\/v2\/tags?post=4534"}],"curies":[{"name":"wp","href":"https:\/\/api.w.org\/{rel}","templated":true}]}}