{"id":45018,"date":"2025-09-04T09:21:00","date_gmt":"2025-09-04T07:21:00","guid":{"rendered":"https:\/\/digidem-bayern.de\/?p=45018"},"modified":"2025-09-04T10:35:29","modified_gmt":"2025-09-04T08:35:29","slug":"digidem-bayern-setzt-meilenstein-fuer-die-demenz-frueherkennung","status":"publish","type":"post","link":"https:\/\/digidem-bayern.de\/en\/digidem-bayern-setzt-meilenstein-fuer-die-demenz-frueherkennung\/","title":{"rendered":"digiDEM Bayern setzt Meilenstein f\u00fcr die Demenz-Fr\u00fcherkennung\u00a0"},"content":{"rendered":"<p><strong>Anl\u00e4sslich der 6. Bayerischen Demenzwoche vom 19. bis 28. September 2025 setzt das Forschungsprojekt digiDEM Bayern einen einzigartigen Meilenstein f\u00fcr die Fr\u00fcherkennung von Demenz:<\/strong> <strong>B\u00fcrgerinnen und B\u00fcrger k\u00f6nnen in allen bayerischen Regierungsbezirken an 56 Standorten ihre Ged\u00e4chtnisleistung testen lassen \u2013 wohnortnah und kostenfrei. Mit dieser bislang umfangreichsten Welle an Demenz-Screeningtagen (siehe \u00dcbersichtskarte) setzt digiDEM Bayern europaweit neue Ma\u00dfst\u00e4be f\u00fcr die Demenz-Fr\u00fcherkennung.<\/strong><span style=\"caret-color: rgb(0, 0, 0); color: rgb(0, 0, 0); font-family: -webkit-standard; font-size: medium; white-space: normal;\"><\/span><\/p>\n\n\n\n<p><\/p>\n\n\n\n<p>Die Ged\u00e4chtnistests richten sich an Menschen ab 65 Jahren,&nbsp;die bei sich selbst&nbsp;eine Verschlechterung des Ged\u00e4chtnisses&nbsp;wahrgenommen&nbsp;oder bei denen&nbsp;nahestehende Personen&nbsp;ein Nachlassen der&nbsp;geistigen Leistungsf\u00e4higkeit&nbsp;bemerkt&nbsp;haben.&nbsp;digiDEM Bayern wird im Rahmen der Bayerischen Demenzstrategie vom&nbsp;Bayerischen Staatsministerium f\u00fcr Gesundheit, Pflege und Pr\u00e4vention (StMGP) gef\u00f6rdert und aktiv unterst\u00fctzt.<\/p>\n\n\n<div class=\"wp-block-image\">\n<figure class=\"alignright size-large is-resized\"><img loading=\"lazy\" decoding=\"async\" width=\"1030\" height=\"773\" src=\"https:\/\/digidem-bayern.de\/wp-content\/uploads\/2025\/09\/digiDEM-Bayern-Demenz-Screeningtag_Sina-Degirmenci-Gedaechtnistest-durch_Foto-digiDEM-Bayern_Ilona-Hoerath-1030x773.jpeg\" alt=\"Anl\u00e4sslich der 6. Bayerischen Demenzwoche vom 19. bis 28. September 2025 f\u00fchrt f\u00fchrt digiDEM Bayern das europaweit gr\u00f6\u00dfte Demenz-Screening mit kostenfreien Ged\u00e4chtnistests an 56 Standorten in ganz Bayern durch.\" class=\"wp-image-45020\" style=\"width:568px;height:auto\" srcset=\"https:\/\/digidem-bayern.de\/wp-content\/uploads\/2025\/09\/digiDEM-Bayern-Demenz-Screeningtag_Sina-Degirmenci-Gedaechtnistest-durch_Foto-digiDEM-Bayern_Ilona-Hoerath-1030x773.jpeg 1030w, https:\/\/digidem-bayern.de\/wp-content\/uploads\/2025\/09\/digiDEM-Bayern-Demenz-Screeningtag_Sina-Degirmenci-Gedaechtnistest-durch_Foto-digiDEM-Bayern_Ilona-Hoerath-300x225.jpeg 300w, https:\/\/digidem-bayern.de\/wp-content\/uploads\/2025\/09\/digiDEM-Bayern-Demenz-Screeningtag_Sina-Degirmenci-Gedaechtnistest-durch_Foto-digiDEM-Bayern_Ilona-Hoerath-768x576.jpeg 768w, https:\/\/digidem-bayern.de\/wp-content\/uploads\/2025\/09\/digiDEM-Bayern-Demenz-Screeningtag_Sina-Degirmenci-Gedaechtnistest-durch_Foto-digiDEM-Bayern_Ilona-Hoerath-1536x1152.jpeg 1536w, https:\/\/digidem-bayern.de\/wp-content\/uploads\/2025\/09\/digiDEM-Bayern-Demenz-Screeningtag_Sina-Degirmenci-Gedaechtnistest-durch_Foto-digiDEM-Bayern_Ilona-Hoerath-2048x1536.jpeg 2048w, https:\/\/digidem-bayern.de\/wp-content\/uploads\/2025\/09\/digiDEM-Bayern-Demenz-Screeningtag_Sina-Degirmenci-Gedaechtnistest-durch_Foto-digiDEM-Bayern_Ilona-Hoerath-467x350.jpeg 467w, https:\/\/digidem-bayern.de\/wp-content\/uploads\/2025\/09\/digiDEM-Bayern-Demenz-Screeningtag_Sina-Degirmenci-Gedaechtnistest-durch_Foto-digiDEM-Bayern_Ilona-Hoerath-1320x990.jpeg 1320w, https:\/\/digidem-bayern.de\/wp-content\/uploads\/2025\/09\/digiDEM-Bayern-Demenz-Screeningtag_Sina-Degirmenci-Gedaechtnistest-durch_Foto-digiDEM-Bayern_Ilona-Hoerath.jpeg 1600w\" sizes=\"auto, (max-width: 1030px) 100vw, 1030px\" \/><figcaption class=\"wp-element-caption\">Sina Degirmenci ist wissenschaftliche Mitarbeiterin bei digiDEM Bayern. Hier f\u00fchrt sie einen Demenz-Screeningtest durch. Anl\u00e4sslich der Bayerischen Demenzwoche 2025 bietet digiDEM Bayern an bayernweit 56 Standorten Demenz-Screeningtage an. Foto: digiDEM Bayern\/Ilona H\u00f6rath<\/figcaption><\/figure>\n<\/div>\n\n\n<p>\u201eNoch nie zuvor wurden in Europa innerhalb einer kurzen Zeit fl\u00e4chendeckend so viele Screenings zur Fr\u00fcherkennung von Demenz durchgef\u00fchrt\u201c, sagt Prof. Dr. Peter Kolominsky-Rabas, Neurologe und Projektleiter von digiDEM Bayern. \u201eErst durch die gute Zusammenarbeit mit unseren digiDEM Bayern-Forschungspartnern und Projektassistenzen vor Ort wird dieses umfangreiche Angebot m\u00f6glich.\u201c Im Rahmen der Bayerischen Demenzstrategie haben seit Sommer 2022 an 157 Testtagen bayernweit mehr als 4.400 Personen ihre Ged\u00e4chtnisleistung \u00fcberpr\u00fcfen lassen. Bei 27 Prozent lag ein abkl\u00e4rungsbed\u00fcrftiges Testergebnis vor (alle Angaben: Stand 03.09.2025).<\/p>\n\n\n\n<p>Die bislang durchgef\u00fchrten Demenz-Screenings zeigen: \u201eDie Nachfrage nach Ged\u00e4chtnistests nimmt massiv zu, die gesellschaftliche Akzeptanz f\u00fcr Demenz-Fr\u00fcherkennung steigt. Vor allem \u00e4ltere Menschen, die bei sich selbst eine nachlassende Ged\u00e4chtnisleistung feststellen, nehmen das Angebot dankbar an\u201c, erl\u00e4utert Prof. Dr. Peter Kolominsky-Rabas. Mit einem wissenschaftlichen Kurztest werden dabei kognitive F\u00e4higkeiten wie etwa das Kurzzeitged\u00e4chtnis erfasst. <a href=\"https:\/\/digidem-bayern.de\/en\/ablauf-demenzscreening\/\">Wie sich der Ablauf eines Demenz-Screenings gestaltet, zeigt das digiDEM Bayern-Erkl\u00e4rvideo, das hier abrufbar ist<\/a>.<\/p>\n\n\n\n<p><strong>Kurze Wege \u2013 fr\u00fchzeitige Diagnostik&nbsp;<\/strong><\/p>\n\n\n\n<p>Durch die enge Zusammenarbeit mit den digiDEM Bayern-Forschungspartnerinnen und Forschungspartnern sowie mit digiDEM Bayern-Projektassistenzen vor Ort wird ein weiterer Vorteil der Demenz-Screenings deutlich.&nbsp;\u201eWir vereinfachen den Zugang zu Ged\u00e4chtnistests&nbsp;und erreichen die Menschen fr\u00fchzeitig\u201c, sagt der Versorgungsforscher&nbsp;Prof. Dr. Kolominsky-Rabas.&nbsp;\u201eDies ist besonders in den l\u00e4ndlichen Regionen wichtig, wo die Anfahrtswege und Wartezeiten lang sind.\u201c&nbsp;Eine umfassende \u00e4rztliche Diagnose ersetzt der wissenschaftliche Kurztest nicht. Doch nach 15 bis 20 Minuten liefert er erste Hinweise darauf, ob eine weitere fundierte Abkl\u00e4rung notwendig ist.<\/p>\n\n\n\n<p><strong>Klarheit schaffen!<\/strong><\/p>\n\n\n\n<p>Demenz ist eine der gr\u00f6\u00dften gesundheitlichen Herausforderungen unserer alternden&nbsp;Gesellschaft. Erste Warnzeichen wie Vergesslichkeit oder Orientierungsprobleme werden h\u00e4ufig verharmlost oder verdr\u00e4ngt. Viele Menschen&nbsp;f\u00fchlen sich verunsichert: Ist die Vergesslichkeit normal f\u00fcr ihr Alter oder steckt eine Demenz dahinter? \u201eDie Ged\u00e4chtnistests schaffen Klarheit und sind der erste Schritt zu einer fundierten Diagnostik\u201c, sagt Prof. Dr. Elmar Gr\u00e4\u00dfel, ebenfalls Projektleiter bei digiDEM Bayern. \u201eEine fr\u00fchzeitige Diagnose erm\u00f6glicht Betroffenen, gezielt Unterst\u00fctzungs- und Therapieangebote zu nutzen. Au\u00dferdem hilft sie An- und Zugeh\u00f6rigen bei der vorausschauenden Versorgungsplanung.\u201c&nbsp;<\/p>\n\n\n\n<p>Die fach\u00e4rztlich gesicherte Diagnose erm\u00f6glicht zudem den Zugang zu Beratungsangeboten und Pflegeleistungen. Dies verbessert wiederum die Lebensqualit\u00e4t der Betroffenen und ihrer An- und Zugeh\u00f6rigen.&nbsp;Dies ist vor allem auch dann von Bedeutung, wenn die Betroffenen eine Pflegestufe beantragen m\u00f6chten.<\/p>\n\n\n\n<p><strong>Studie: Demenz-Screening bietet Vorteile<\/strong><\/p>\n\n\n\n<p>Forschende in den USA haben in einer Studie untersucht, ob es f\u00fcr \u00e4ltere Menschen Vor- oder Nachteile hat, wenn diese sich gezielt auf Demenz screenen lassen. Die Ergebnisse zeigen: Das Demenz-Screening hat nach einem Jahr die Lebensqualit\u00e4t der Teilnehmenden \u2013 im Vergleich mit Menschen, die sich nicht haben testen lassen \u2013 nicht beeintr\u00e4chtigt. Herausgefunden haben die Wissenschaftlerinnen und Wissenschaftler zudem, dass Ged\u00e4chtnistests keine negativen Folgen wie Angst oder Depressionen ausl\u00f6sen.&nbsp;<a href=\"https:\/\/agsjournals.onlinelibrary.wiley.com\/doi\/10.1111\/jgs.16247\">Eine Zusammenfassung der Studie<strong>&nbsp;<\/strong>\u201eRisks and Benefits of Screening for Dementia in Primary Care: The Indiana University Cognitive Health Outcomes Investigation of the Comparative Effectiveness of Dementia Screening (IU CHOICE)Trial\u201c ist hier zu finden.<\/a><\/p>\n\n\n\n<p><strong>Enge Kooperation mit Forschungspartnerinnen und Forschungspartnern<\/strong><\/p>\n\n\n\n<p>Um die regionalen Bev\u00f6lkerungsscreenings engmaschig durchzuf\u00fchren, hat digiDEM Bayern eigens ein bayernweites Netzwerk mit derzeit 278 Forschungspartnerinnen und Forschungspartnern sowie Projektassistenzen aufgebaut (Stand 03.09.25). Das Netzwerk besteht aus ambulanten Pflegediensten und Tagespflegeeinrichtungen, Fachstellen f\u00fcr pflegende Angeh\u00f6rige, Ged\u00e4chtnisambulanzen, Arztpraxen, Apotheken, Kliniken, betreuten Wohneinrichtungen sowie den in Bayern etablierten Gesundheitsregionen<sup>plus&nbsp;<\/sup>und weiteren Akteuren, die im Bereich der Demenzversorgung engagiert sind.&nbsp;<\/p>\n\n\n<div class=\"wp-block-image\">\n<figure class=\"alignright size-large is-resized\"><img loading=\"lazy\" decoding=\"async\" width=\"1018\" height=\"1030\" src=\"https:\/\/digidem-bayern.de\/wp-content\/uploads\/2025\/09\/2025-09-03_digiDEM-Bayern-Screeningtage_Bayerische-Demenzwoche-2025_Grafik-digiDEM-Bayern-1018x1030.jpg\" alt=\"Anl\u00e4sslich der 6. Bayerischen Demenzwoche vom 19. bis 28. September 2025 setzt das Forschungsprojekt digiDEM Bayern einen einzigartigen Meilenstein f\u00fcr die Fr\u00fcherkennung von Demenz: B\u00fcrgerinnen und B\u00fcrger k\u00f6nnen in allen bayerischen Regierungsbezirken an 56 Standorten ihre Ged\u00e4chtnisleistung testen lassen.\" class=\"wp-image-45043\" style=\"width:717px;height:auto\" srcset=\"https:\/\/digidem-bayern.de\/wp-content\/uploads\/2025\/09\/2025-09-03_digiDEM-Bayern-Screeningtage_Bayerische-Demenzwoche-2025_Grafik-digiDEM-Bayern-1018x1030.jpg 1018w, https:\/\/digidem-bayern.de\/wp-content\/uploads\/2025\/09\/2025-09-03_digiDEM-Bayern-Screeningtage_Bayerische-Demenzwoche-2025_Grafik-digiDEM-Bayern-297x300.jpg 297w, https:\/\/digidem-bayern.de\/wp-content\/uploads\/2025\/09\/2025-09-03_digiDEM-Bayern-Screeningtage_Bayerische-Demenzwoche-2025_Grafik-digiDEM-Bayern-80x80.jpg 80w, https:\/\/digidem-bayern.de\/wp-content\/uploads\/2025\/09\/2025-09-03_digiDEM-Bayern-Screeningtage_Bayerische-Demenzwoche-2025_Grafik-digiDEM-Bayern-768x777.jpg 768w, https:\/\/digidem-bayern.de\/wp-content\/uploads\/2025\/09\/2025-09-03_digiDEM-Bayern-Screeningtage_Bayerische-Demenzwoche-2025_Grafik-digiDEM-Bayern-1518x1536.jpg 1518w, https:\/\/digidem-bayern.de\/wp-content\/uploads\/2025\/09\/2025-09-03_digiDEM-Bayern-Screeningtage_Bayerische-Demenzwoche-2025_Grafik-digiDEM-Bayern-2024x2048.jpg 2024w, https:\/\/digidem-bayern.de\/wp-content\/uploads\/2025\/09\/2025-09-03_digiDEM-Bayern-Screeningtage_Bayerische-Demenzwoche-2025_Grafik-digiDEM-Bayern-346x350.jpg 346w, https:\/\/digidem-bayern.de\/wp-content\/uploads\/2025\/09\/2025-09-03_digiDEM-Bayern-Screeningtage_Bayerische-Demenzwoche-2025_Grafik-digiDEM-Bayern-36x36.jpg 36w, https:\/\/digidem-bayern.de\/wp-content\/uploads\/2025\/09\/2025-09-03_digiDEM-Bayern-Screeningtage_Bayerische-Demenzwoche-2025_Grafik-digiDEM-Bayern-1320x1335.jpg 1320w, https:\/\/digidem-bayern.de\/wp-content\/uploads\/2025\/09\/2025-09-03_digiDEM-Bayern-Screeningtage_Bayerische-Demenzwoche-2025_Grafik-digiDEM-Bayern.jpg 1582w\" sizes=\"auto, (max-width: 1018px) 100vw, 1018px\" \/><figcaption class=\"wp-element-caption\">\u00dcbersicht \u00fcber die Standorte der Demenz-Screeningtage rund um die 6. Bayerische Demenzwoche 2025. Grafik: digiDEM Bayern\/Jana R\u00fchl<\/figcaption><\/figure>\n<\/div>\n\n\n<p><strong><u>\u00dcbersichtskarte \u00fcber die digiDEM Bayern-Testtage 2025<\/u><\/strong><\/p>\n\n\n\n<p>Kurz vor, w\u00e4hrend und nach der Bayerischen Demenzwoche f\u00fchrt digiDEM Bayern an insgesamt 56 Standorten in ganz Bayern Demenz-Screeningtage durch. Eine \u00dcbersichtskarte \u00fcber die Orte, an denen die Ged\u00e4chtnistests stattfinden, findet sich unten stehend.&nbsp;<\/p>\n\n\n\n<p>Auf der Webseite des Bayerischen Staatsministeriums f\u00fcr Gesundheit, Pflege und Pr\u00e4vention (StMGP) zur Bayerischen Demenzwoche (<a href=\"https:\/\/www.demenzwoche.bayern.de\/\">https:\/\/www.demenzwoche.bayern.de<\/a>) erhalten Interessierte unter dem Suchbegriff \u201edigiDEM Bayern\u201c detaillierte Informationen zu den jeweiligen Demenz-Screeningtagen.<\/p>\n\n\n\n<p><strong><u>An diesen Tagen finden die digiDEM Bayern-Demenztests statt:&nbsp;<\/u><\/strong><\/p>\n\n\n\n<p><strong><span style=\"color: #38a9f2;\" class=\"stk-highlight\">Regierungsbezirk Oberbayern<\/span><span style=\"color: #f50424;\" class=\"stk-highlight\">&nbsp;<\/span><\/strong><\/p>\n\n\n\n<p>12.09.2025&nbsp;&nbsp;&nbsp;&nbsp;&nbsp; Holzkirchen<\/p>\n\n\n\n<p>18.09.2025&nbsp;&nbsp;&nbsp;&nbsp;&nbsp; Gmund am Tegernsee<\/p>\n\n\n\n<p>22.09.2025&nbsp;&nbsp;&nbsp;&nbsp;&nbsp; Schongau<\/p>\n\n\n\n<p>24.09.2025&nbsp;&nbsp;&nbsp;&nbsp;&nbsp; Pfaffenhofen a. d. Ilm&nbsp;<\/p>\n\n\n\n<p>25.09.2025&nbsp;&nbsp;&nbsp;&nbsp;&nbsp; Bernried<\/p>\n\n\n\n<p>25.09.2025&nbsp;&nbsp;&nbsp;&nbsp;&nbsp; Erding&nbsp;<\/p>\n\n\n\n<p>25.09.2025&nbsp;&nbsp;&nbsp;&nbsp;  Murnau am Staffelsee<\/p>\n\n\n\n<p>26.09.2025&nbsp;&nbsp;&nbsp;&nbsp;&nbsp; Walpertskirchen<\/p>\n\n\n\n<p>26.09.2025&nbsp;&nbsp;&nbsp;&nbsp;&nbsp; Gilching<\/p>\n\n\n\n<p>29.09.2025&nbsp;&nbsp;&nbsp;&nbsp;&nbsp; M\u00fchldorf am Inn&nbsp;<\/p>\n\n\n\n<p>09.10.2025&nbsp;&nbsp;&nbsp;&nbsp;&nbsp; Fraunberg<\/p>\n\n\n\n<p>23.10.2025&nbsp;&nbsp;&nbsp;&nbsp;&nbsp; Garmisch-Partenkirchen<\/p>\n\n\n\n<p>24.10.2025&nbsp;&nbsp;&nbsp;&nbsp;&nbsp; Murnau am Staffelsee<\/p>\n\n\n\n<p><strong><span style=\"color: #38a9f2;\" class=\"stk-highlight\">Regierungsbezirk Niederbayern<\/span><\/strong><\/p>\n\n\n\n<p>17.09.2025&nbsp;&nbsp;&nbsp;&nbsp;&nbsp; Dingolfing<\/p>\n\n\n\n<p>19.09.2025&nbsp;&nbsp;&nbsp;&nbsp;&nbsp; Landau a. d. Isar<\/p>\n\n\n\n<p>21.09.2025&nbsp;&nbsp;&nbsp;&nbsp;&nbsp; Massing<\/p>\n\n\n\n<p>21.09.2025&nbsp;&nbsp;&nbsp;&nbsp;&nbsp; Bad Birnbach<\/p>\n\n\n\n<p>24.09.2025&nbsp;&nbsp;&nbsp;&nbsp;&nbsp; Zwiesel<\/p>\n\n\n\n<p>24.09.2025&nbsp;&nbsp;&nbsp;&nbsp;&nbsp; Osterhofen&nbsp;<\/p>\n\n\n\n<p>25.09.2025&nbsp;&nbsp;&nbsp;&nbsp;&nbsp; Waldkirchen<\/p>\n\n\n\n<p>26.09.2025&nbsp;&nbsp;&nbsp;&nbsp;&nbsp; Pfarrkirchen<\/p>\n\n\n\n<p>26.09.2025&nbsp;&nbsp;&nbsp;&nbsp;&nbsp; Bad Birnbach<\/p>\n\n\n\n<p>26.09.2025&nbsp;&nbsp;&nbsp;&nbsp;&nbsp; Dingolfing&nbsp;<\/p>\n\n\n\n<p>12.10.2025&nbsp;&nbsp;&nbsp;&nbsp;&nbsp; Simbach am Inn<\/p>\n\n\n\n<p><strong><span style=\"color: #38a9f2;\" class=\"stk-highlight\">Regierungsbezirk Schwaben&nbsp;<\/span><\/strong><\/p>\n\n\n\n<p>06.09.2025&nbsp;&nbsp;&nbsp;&nbsp;&nbsp; Diedorf<\/p>\n\n\n\n<p>25.09.2025&nbsp;&nbsp;&nbsp;&nbsp;&nbsp; Marktoberdorf<\/p>\n\n\n\n<p>07.10.2025&nbsp;&nbsp;&nbsp;&nbsp;&nbsp; Lindau&nbsp;<\/p>\n\n\n\n<p>12.10.2025&nbsp;&nbsp;&nbsp;&nbsp;&nbsp; Meitingen<\/p>\n\n\n\n<p>18.10.2025&nbsp;&nbsp;&nbsp;&nbsp;&nbsp; Gersthofen<\/p>\n\n\n\n<p><strong><span style=\"color: #38a9f2;\" class=\"stk-highlight\">Regierungsbezirk Unterfranken&nbsp;<\/span><\/strong><\/p>\n\n\n\n<p>06.09.2025&nbsp;&nbsp;&nbsp;&nbsp;&nbsp; Ochsenfurt<\/p>\n\n\n\n<p>23.09.2025&nbsp;&nbsp;&nbsp;&nbsp;&nbsp; Arnstein<\/p>\n\n\n\n<p>25.09.2025&nbsp;&nbsp;&nbsp;&nbsp;&nbsp; Schweinfurt<\/p>\n\n\n\n<p>25.09.2025&nbsp;&nbsp;&nbsp;&nbsp;&nbsp; Ha\u00dffurt<\/p>\n\n\n\n<p>27.09.2025&nbsp;&nbsp;&nbsp;&nbsp;&nbsp; Kitzingen<\/p>\n\n\n\n<p>25.10.2025&nbsp;&nbsp;&nbsp;&nbsp;&nbsp;&nbsp;Wiesentheid&nbsp;<\/p>\n\n\n\n<p><strong><span style=\"color: #38a9f2;\" class=\"stk-highlight\">Regierungsbezirk Oberfranken&nbsp;<\/span><\/strong><\/p>\n\n\n\n<p>19.09.2025&nbsp;&nbsp;&nbsp;&nbsp;&nbsp; K\u00fcps<\/p>\n\n\n\n<p>22.09.2025&nbsp;&nbsp;&nbsp;&nbsp;&nbsp; Bad Rodach<\/p>\n\n\n\n<p>24.09.2025&nbsp;&nbsp;&nbsp;&nbsp;&nbsp; Kronach<\/p>\n\n\n\n<p>26.09.2025&nbsp;&nbsp;&nbsp;&nbsp;&nbsp; Steinwiesen<\/p>\n\n\n\n<p>26.09.2025&nbsp;&nbsp;&nbsp;&nbsp;&nbsp; Bayreuth<\/p>\n\n\n\n<p>09.10.2025&nbsp;&nbsp;&nbsp;&nbsp;&nbsp; M\u00fcnchberg<\/p>\n\n\n\n<p>15.10.2025&nbsp;&nbsp;&nbsp;&nbsp;&nbsp; Wunsiedel<\/p>\n\n\n\n<p>23.10.2025&nbsp;&nbsp;&nbsp;&nbsp;&nbsp; Sonnefeld<\/p>\n\n\n\n<p><strong><span style=\"color: #38a9f2;\" class=\"stk-highlight\">Regierungsbezirk Mittelfranken<\/span><\/strong><\/p>\n\n\n\n<p>18.09.2025&nbsp;&nbsp;&nbsp;&nbsp;&nbsp; R\u00f6thenbach a. d. Pegnitz<\/p>\n\n\n\n<p>19.09.2025\u00a0\u00a0\u00a0\u00a0  Schwarzenbruck<\/p>\n\n\n\n<p>22.09.2025&nbsp;&nbsp;&nbsp;&nbsp;&nbsp; Dinkelsb\u00fchl<\/p>\n\n\n\n<p>30.09.2025&nbsp;&nbsp;&nbsp;&nbsp;&nbsp; N\u00fcrnberg<\/p>\n\n\n\n<p>04.10.2025&nbsp;&nbsp;&nbsp;&nbsp;&nbsp; Neustadt a. d. Aisch&nbsp;<\/p>\n\n\n\n<p><strong><span style=\"color: #38a9f2;\" class=\"stk-highlight\">Regierungsbezirk Oberpfalz&nbsp;<\/span><\/strong><\/p>\n\n\n\n<p>19.09.2025&nbsp;&nbsp;&nbsp;&nbsp;&nbsp; Cham<\/p>\n\n\n\n<p>20.09.2025&nbsp;&nbsp;&nbsp;&nbsp;&nbsp; Sulzbach-Rosenberg<\/p>\n\n\n\n<p>20.09.2025&nbsp;&nbsp;&nbsp;&nbsp;&nbsp; Regenstauf<\/p>\n\n\n\n<p>22.09.2025&nbsp;&nbsp;&nbsp;&nbsp;&nbsp; Regensburg<\/p>\n\n\n\n<p>26.09.2025&nbsp;&nbsp;&nbsp;&nbsp;&nbsp; W\u00f6rth a. d. Donau<\/p>\n\n\n\n<p>11.10.2025&nbsp;&nbsp;&nbsp;&nbsp;&nbsp; Weiden i. d. Oberpfalz<\/p>\n\n\n\n<p>13.10.2025&nbsp;&nbsp;&nbsp;&nbsp;&nbsp; Regensburg<\/p>\n\n\n\n<p>27.10.2025&nbsp;&nbsp;&nbsp;&nbsp;&nbsp; Amberg<span style=\"caret-color: rgb(0, 0, 0); color: rgb(0, 0, 0); font-family: -webkit-standard; font-size: medium; white-space: normal;\"><\/span><\/p>\n\n\n\n<p><\/p>\n\n\n\n<p><\/p>\n\n\n\n<p><strong><span style=\"color: #38a9f2;\" class=\"stk-highlight\">Kennen Sie die digitalen Angebote von digiDEM Bayern f\u00fcr Menschen mit Demenz und deren An- und Zugeh\u00f6rige? <a href=\"https:\/\/digidem-bayern.de\/en\/digitale-angebote\/\">Hier geht es zu unseren digitalen Angeboten.<\/a><\/span><\/strong><\/p>\n\n\n\n<p><\/p>\n\n\n\n<p><\/p>\n\n\n\n<p><\/p>\n\n\n\n<p><\/p>\n\n\n\n<p><\/p>\n\n\n\n<p><\/p>\n\n\n\n<div style=\"height:20px\" aria-hidden=\"true\" class=\"wp-block-spacer\"><\/div>\n\n\n\n<p><\/p>","protected":false},"excerpt":{"rendered":"<p>Anl\u00e4sslich der 6. Bayerischen Demenzwoche vom 19. bis 28. September 2025 setzt das Forschungsprojekt digiDEM Bayern einen einzigartigen Meilenstein f\u00fcr die Fr\u00fcherkennung von Demenz: B\u00fcrgerinnen und B\u00fcrger k\u00f6nnen in allen bayerischen Regierungsbezirken an 56 Standorten ihre Ged\u00e4chtnisleistung testen lassen \u2013 wohnortnah und kostenfrei. Mit dieser bislang umfangreichsten Welle an Demenz-Screeningtagen &hellip;<\/p>","protected":false},"author":12,"featured_media":45020,"comment_status":"open","ping_status":"closed","sticky":false,"template":"","format":"standard","meta":{"qubely_global_settings":"","qubely_interactions":"","_uag_custom_page_level_css":"","footnotes":""},"categories":[8,443,5],"tags":[13,406,916,12,868,507,112,177,407,544,1674,165,422,14,17,55,420,997,1675,1630,1673,531],"class_list":["post-45018","post","type-post","status-publish","format-standard","has-post-thumbnail","hentry","category-aktuelles-zu-digidem","category-pressemitteilungen","category-wissenschaft-forschung","tag-alzheimer","tag-alzheimer-demenz","tag-bayerische-demenzwoche","tag-demenz-2","tag-demenz-frueherkennung","tag-demenz-screening","tag-demenzdiagnose","tag-demenzrisiko","tag-demenztest","tag-demenzversorgung","tag-demenzwoche","tag-deutsche-alzheimer-gesellschaft","tag-diagnostik","tag-digidem","tag-digidem-bayern","tag-digitales-demenzregister-bayern","tag-gedaechtnisleistung","tag-gedaechtnistest","tag-meilenstein","tag-prof-dr-med-elmar-graessel","tag-prof-dr-peter-kolominsky-rabas","tag-stmgp"],"qubely_featured_image_url":{"full":["https:\/\/digidem-bayern.de\/wp-content\/uploads\/2025\/09\/digiDEM-Bayern-Demenz-Screeningtag_Sina-Degirmenci-Gedaechtnistest-durch_Foto-digiDEM-Bayern_Ilona-Hoerath.jpeg",1600,1200,false],"landscape":["https:\/\/digidem-bayern.de\/wp-content\/uploads\/2025\/09\/digiDEM-Bayern-Demenz-Screeningtag_Sina-Degirmenci-Gedaechtnistest-durch_Foto-digiDEM-Bayern_Ilona-Hoerath-1200x750.jpeg",1200,750,true],"portraits":["https:\/\/digidem-bayern.de\/wp-content\/uploads\/2025\/09\/digiDEM-Bayern-Demenz-Screeningtag_Sina-Degirmenci-Gedaechtnistest-durch_Foto-digiDEM-Bayern_Ilona-Hoerath-540x320.jpeg",540,320,true],"thumbnail":["https:\/\/digidem-bayern.de\/wp-content\/uploads\/2025\/09\/digiDEM-Bayern-Demenz-Screeningtag_Sina-Degirmenci-Gedaechtnistest-durch_Foto-digiDEM-Bayern_Ilona-Hoerath-80x80.jpeg",80,80,true],"medium":["https:\/\/digidem-bayern.de\/wp-content\/uploads\/2025\/09\/digiDEM-Bayern-Demenz-Screeningtag_Sina-Degirmenci-Gedaechtnistest-durch_Foto-digiDEM-Bayern_Ilona-Hoerath-300x225.jpeg",300,225,true],"medium_large":["https:\/\/digidem-bayern.de\/wp-content\/uploads\/2025\/09\/digiDEM-Bayern-Demenz-Screeningtag_Sina-Degirmenci-Gedaechtnistest-durch_Foto-digiDEM-Bayern_Ilona-Hoerath-768x576.jpeg",768,576,true],"large":["https:\/\/digidem-bayern.de\/wp-content\/uploads\/2025\/09\/digiDEM-Bayern-Demenz-Screeningtag_Sina-Degirmenci-Gedaechtnistest-durch_Foto-digiDEM-Bayern_Ilona-Hoerath-1030x773.jpeg",1030,773,true],"1536x1536":["https:\/\/digidem-bayern.de\/wp-content\/uploads\/2025\/09\/digiDEM-Bayern-Demenz-Screeningtag_Sina-Degirmenci-Gedaechtnistest-durch_Foto-digiDEM-Bayern_Ilona-Hoerath-1536x1152.jpeg",1536,1152,true],"2048x2048":["https:\/\/digidem-bayern.de\/wp-content\/uploads\/2025\/09\/digiDEM-Bayern-Demenz-Screeningtag_Sina-Degirmenci-Gedaechtnistest-durch_Foto-digiDEM-Bayern_Ilona-Hoerath-2048x1536.jpeg",2048,1536,true],"trp-custom-language-flag":["https:\/\/digidem-bayern.de\/wp-content\/uploads\/2025\/09\/digiDEM-Bayern-Demenz-Screeningtag_Sina-Degirmenci-Gedaechtnistest-durch_Foto-digiDEM-Bayern_Ilona-Hoerath.jpeg",16,12,false],"qubely_landscape":["https:\/\/digidem-bayern.de\/wp-content\/uploads\/2025\/09\/digiDEM-Bayern-Demenz-Screeningtag_Sina-Degirmenci-Gedaechtnistest-durch_Foto-digiDEM-Bayern_Ilona-Hoerath-1200x750.jpeg",1200,750,true],"qubely_portrait":["https:\/\/digidem-bayern.de\/wp-content\/uploads\/2025\/09\/digiDEM-Bayern-Demenz-Screeningtag_Sina-Degirmenci-Gedaechtnistest-durch_Foto-digiDEM-Bayern_Ilona-Hoerath-540x320.jpeg",540,320,true],"qubely_thumbnail":["https:\/\/digidem-bayern.de\/wp-content\/uploads\/2025\/09\/digiDEM-Bayern-Demenz-Screeningtag_Sina-Degirmenci-Gedaechtnistest-durch_Foto-digiDEM-Bayern_Ilona-Hoerath-140x100.jpeg",140,100,true],"post-thumbnail":["https:\/\/digidem-bayern.de\/wp-content\/uploads\/2025\/09\/digiDEM-Bayern-Demenz-Screeningtag_Sina-Degirmenci-Gedaechtnistest-durch_Foto-digiDEM-Bayern_Ilona-Hoerath-467x350.jpeg",467,350,true],"kahuna-featured":["https:\/\/digidem-bayern.de\/wp-content\/uploads\/2025\/09\/digiDEM-Bayern-Demenz-Screeningtag_Sina-Degirmenci-Gedaechtnistest-durch_Foto-digiDEM-Bayern_Ilona-Hoerath-734x350.jpeg",734,350,true],"kahuna-featured-lp":["https:\/\/digidem-bayern.de\/wp-content\/uploads\/2025\/09\/digiDEM-Bayern-Demenz-Screeningtag_Sina-Degirmenci-Gedaechtnistest-durch_Foto-digiDEM-Bayern_Ilona-Hoerath-520x350.jpeg",520,350,true],"kahuna-featured-half":["https:\/\/digidem-bayern.de\/wp-content\/uploads\/2025\/09\/digiDEM-Bayern-Demenz-Screeningtag_Sina-Degirmenci-Gedaechtnistest-durch_Foto-digiDEM-Bayern_Ilona-Hoerath-800x350.jpeg",800,350,true],"kahuna-featured-third":["https:\/\/digidem-bayern.de\/wp-content\/uploads\/2025\/09\/digiDEM-Bayern-Demenz-Screeningtag_Sina-Degirmenci-Gedaechtnistest-durch_Foto-digiDEM-Bayern_Ilona-Hoerath-512x350.jpeg",512,350,true],"kahuna-lpbox-1":["https:\/\/digidem-bayern.de\/wp-content\/uploads\/2025\/09\/digiDEM-Bayern-Demenz-Screeningtag_Sina-Degirmenci-Gedaechtnistest-durch_Foto-digiDEM-Bayern_Ilona-Hoerath-520x300.jpeg",520,300,true],"kahuna-lpbox-2":["https:\/\/digidem-bayern.de\/wp-content\/uploads\/2025\/09\/digiDEM-Bayern-Demenz-Screeningtag_Sina-Degirmenci-Gedaechtnistest-durch_Foto-digiDEM-Bayern_Ilona-Hoerath-520x350.jpeg",520,350,true],"demand-language-flag":["https:\/\/digidem-bayern.de\/wp-content\/uploads\/2025\/09\/digiDEM-Bayern-Demenz-Screeningtag_Sina-Degirmenci-Gedaechtnistest-durch_Foto-digiDEM-Bayern_Ilona-Hoerath-36x36.jpeg",36,36,true],"dddkt-language-flag":["https:\/\/digidem-bayern.de\/wp-content\/uploads\/2025\/09\/digiDEM-Bayern-Demenz-Screeningtag_Sina-Degirmenci-Gedaechtnistest-durch_Foto-digiDEM-Bayern_Ilona-Hoerath-36x36.jpeg",36,36,true],"ddiqc-language-flag":["https:\/\/digidem-bayern.de\/wp-content\/uploads\/2025\/09\/digiDEM-Bayern-Demenz-Screeningtag_Sina-Degirmenci-Gedaechtnistest-durch_Foto-digiDEM-Bayern_Ilona-Hoerath-36x36.jpeg",36,36,true],"ddtl-language-flag":["https:\/\/digidem-bayern.de\/wp-content\/uploads\/2025\/09\/digiDEM-Bayern-Demenz-Screeningtag_Sina-Degirmenci-Gedaechtnistest-durch_Foto-digiDEM-Bayern_Ilona-Hoerath-36x36.jpeg",36,36,true],"mailpoet_newsletter_max":["https:\/\/digidem-bayern.de\/wp-content\/uploads\/2025\/09\/digiDEM-Bayern-Demenz-Screeningtag_Sina-Degirmenci-Gedaechtnistest-durch_Foto-digiDEM-Bayern_Ilona-Hoerath-1320x990.jpeg",1320,990,true],"kahuna-lpbox-3":["https:\/\/digidem-bayern.de\/wp-content\/uploads\/2025\/09\/digiDEM-Bayern-Demenz-Screeningtag_Sina-Degirmenci-Gedaechtnistest-durch_Foto-digiDEM-Bayern_Ilona-Hoerath-520x350.jpeg",520,350,true],"kahuna-featured-square":["https:\/\/digidem-bayern.de\/wp-content\/uploads\/2025\/09\/digiDEM-Bayern-Demenz-Screeningtag_Sina-Degirmenci-Gedaechtnistest-durch_Foto-digiDEM-Bayern_Ilona-Hoerath-512x512.jpeg",512,512,true],"kahuna-featured-square-large":["https:\/\/digidem-bayern.de\/wp-content\/uploads\/2025\/09\/digiDEM-Bayern-Demenz-Screeningtag_Sina-Degirmenci-Gedaechtnistest-durch_Foto-digiDEM-Bayern_Ilona-Hoerath-1024x1024.jpeg",1024,1024,true]},"qubely_author":{"display_name":"Ilona H\u00f6rath","author_link":"https:\/\/digidem-bayern.de\/en\/author\/hoeratia\/"},"qubely_comment":19,"qubely_category":"<a href=\"https:\/\/digidem-bayern.de\/en\/category\/aktuelles-zu-digidem\/\" rel=\"category tag\">Aktuelles zu digiDEM<\/a> <a href=\"https:\/\/digidem-bayern.de\/en\/category\/pressemitteilungen\/\" rel=\"category tag\">Pressemitteilungen<\/a> <a href=\"https:\/\/digidem-bayern.de\/en\/category\/wissenschaft-forschung\/\" rel=\"category tag\">Wissenschaft &amp; Forschung<\/a>","qubely_excerpt":"Anl\u00e4sslich der 6. Bayerischen Demenzwoche vom 19. bis 28. September 2025 setzt das Forschungsprojekt digiDEM Bayern einen einzigartigen Meilenstein f\u00fcr die Fr\u00fcherkennung von Demenz: B\u00fcrgerinnen und B\u00fcrger k\u00f6nnen in allen bayerischen Regierungsbezirken an 56 Standorten ihre Ged\u00e4chtnisleistung testen lassen \u2013 wohnortnah und kostenfrei. Mit dieser bislang umfangreichsten Welle an Demenz-Screeningtagen &hellip;","featured_image_urls_v2":{"full":["https:\/\/digidem-bayern.de\/wp-content\/uploads\/2025\/09\/digiDEM-Bayern-Demenz-Screeningtag_Sina-Degirmenci-Gedaechtnistest-durch_Foto-digiDEM-Bayern_Ilona-Hoerath.jpeg",1600,1200,false],"thumbnail":["https:\/\/digidem-bayern.de\/wp-content\/uploads\/2025\/09\/digiDEM-Bayern-Demenz-Screeningtag_Sina-Degirmenci-Gedaechtnistest-durch_Foto-digiDEM-Bayern_Ilona-Hoerath-80x80.jpeg",80,80,true],"medium":["https:\/\/digidem-bayern.de\/wp-content\/uploads\/2025\/09\/digiDEM-Bayern-Demenz-Screeningtag_Sina-Degirmenci-Gedaechtnistest-durch_Foto-digiDEM-Bayern_Ilona-Hoerath-300x225.jpeg",300,225,true],"medium_large":["https:\/\/digidem-bayern.de\/wp-content\/uploads\/2025\/09\/digiDEM-Bayern-Demenz-Screeningtag_Sina-Degirmenci-Gedaechtnistest-durch_Foto-digiDEM-Bayern_Ilona-Hoerath-768x576.jpeg",768,576,true],"large":["https:\/\/digidem-bayern.de\/wp-content\/uploads\/2025\/09\/digiDEM-Bayern-Demenz-Screeningtag_Sina-Degirmenci-Gedaechtnistest-durch_Foto-digiDEM-Bayern_Ilona-Hoerath-1030x773.jpeg",1030,773,true],"1536x1536":["https:\/\/digidem-bayern.de\/wp-content\/uploads\/2025\/09\/digiDEM-Bayern-Demenz-Screeningtag_Sina-Degirmenci-Gedaechtnistest-durch_Foto-digiDEM-Bayern_Ilona-Hoerath-1536x1152.jpeg",1536,1152,true],"2048x2048":["https:\/\/digidem-bayern.de\/wp-content\/uploads\/2025\/09\/digiDEM-Bayern-Demenz-Screeningtag_Sina-Degirmenci-Gedaechtnistest-durch_Foto-digiDEM-Bayern_Ilona-Hoerath-2048x1536.jpeg",2048,1536,true],"trp-custom-language-flag":["https:\/\/digidem-bayern.de\/wp-content\/uploads\/2025\/09\/digiDEM-Bayern-Demenz-Screeningtag_Sina-Degirmenci-Gedaechtnistest-durch_Foto-digiDEM-Bayern_Ilona-Hoerath.jpeg",16,12,false],"qubely_landscape":["https:\/\/digidem-bayern.de\/wp-content\/uploads\/2025\/09\/digiDEM-Bayern-Demenz-Screeningtag_Sina-Degirmenci-Gedaechtnistest-durch_Foto-digiDEM-Bayern_Ilona-Hoerath-1200x750.jpeg",1200,750,true],"qubely_portrait":["https:\/\/digidem-bayern.de\/wp-content\/uploads\/2025\/09\/digiDEM-Bayern-Demenz-Screeningtag_Sina-Degirmenci-Gedaechtnistest-durch_Foto-digiDEM-Bayern_Ilona-Hoerath-540x320.jpeg",540,320,true],"qubely_thumbnail":["https:\/\/digidem-bayern.de\/wp-content\/uploads\/2025\/09\/digiDEM-Bayern-Demenz-Screeningtag_Sina-Degirmenci-Gedaechtnistest-durch_Foto-digiDEM-Bayern_Ilona-Hoerath-140x100.jpeg",140,100,true],"post-thumbnail":["https:\/\/digidem-bayern.de\/wp-content\/uploads\/2025\/09\/digiDEM-Bayern-Demenz-Screeningtag_Sina-Degirmenci-Gedaechtnistest-durch_Foto-digiDEM-Bayern_Ilona-Hoerath-467x350.jpeg",467,350,true],"kahuna-featured":["https:\/\/digidem-bayern.de\/wp-content\/uploads\/2025\/09\/digiDEM-Bayern-Demenz-Screeningtag_Sina-Degirmenci-Gedaechtnistest-durch_Foto-digiDEM-Bayern_Ilona-Hoerath-734x350.jpeg",734,350,true],"kahuna-featured-lp":["https:\/\/digidem-bayern.de\/wp-content\/uploads\/2025\/09\/digiDEM-Bayern-Demenz-Screeningtag_Sina-Degirmenci-Gedaechtnistest-durch_Foto-digiDEM-Bayern_Ilona-Hoerath-520x350.jpeg",520,350,true],"kahuna-featured-half":["https:\/\/digidem-bayern.de\/wp-content\/uploads\/2025\/09\/digiDEM-Bayern-Demenz-Screeningtag_Sina-Degirmenci-Gedaechtnistest-durch_Foto-digiDEM-Bayern_Ilona-Hoerath-800x350.jpeg",800,350,true],"kahuna-featured-third":["https:\/\/digidem-bayern.de\/wp-content\/uploads\/2025\/09\/digiDEM-Bayern-Demenz-Screeningtag_Sina-Degirmenci-Gedaechtnistest-durch_Foto-digiDEM-Bayern_Ilona-Hoerath-512x350.jpeg",512,350,true],"kahuna-lpbox-1":["https:\/\/digidem-bayern.de\/wp-content\/uploads\/2025\/09\/digiDEM-Bayern-Demenz-Screeningtag_Sina-Degirmenci-Gedaechtnistest-durch_Foto-digiDEM-Bayern_Ilona-Hoerath-520x300.jpeg",520,300,true],"kahuna-lpbox-2":["https:\/\/digidem-bayern.de\/wp-content\/uploads\/2025\/09\/digiDEM-Bayern-Demenz-Screeningtag_Sina-Degirmenci-Gedaechtnistest-durch_Foto-digiDEM-Bayern_Ilona-Hoerath-520x350.jpeg",520,350,true],"demand-language-flag":["https:\/\/digidem-bayern.de\/wp-content\/uploads\/2025\/09\/digiDEM-Bayern-Demenz-Screeningtag_Sina-Degirmenci-Gedaechtnistest-durch_Foto-digiDEM-Bayern_Ilona-Hoerath-36x36.jpeg",36,36,true],"dddkt-language-flag":["https:\/\/digidem-bayern.de\/wp-content\/uploads\/2025\/09\/digiDEM-Bayern-Demenz-Screeningtag_Sina-Degirmenci-Gedaechtnistest-durch_Foto-digiDEM-Bayern_Ilona-Hoerath-36x36.jpeg",36,36,true],"ddiqc-language-flag":["https:\/\/digidem-bayern.de\/wp-content\/uploads\/2025\/09\/digiDEM-Bayern-Demenz-Screeningtag_Sina-Degirmenci-Gedaechtnistest-durch_Foto-digiDEM-Bayern_Ilona-Hoerath-36x36.jpeg",36,36,true],"ddtl-language-flag":["https:\/\/digidem-bayern.de\/wp-content\/uploads\/2025\/09\/digiDEM-Bayern-Demenz-Screeningtag_Sina-Degirmenci-Gedaechtnistest-durch_Foto-digiDEM-Bayern_Ilona-Hoerath-36x36.jpeg",36,36,true],"mailpoet_newsletter_max":["https:\/\/digidem-bayern.de\/wp-content\/uploads\/2025\/09\/digiDEM-Bayern-Demenz-Screeningtag_Sina-Degirmenci-Gedaechtnistest-durch_Foto-digiDEM-Bayern_Ilona-Hoerath-1320x990.jpeg",1320,990,true],"kahuna-lpbox-3":["https:\/\/digidem-bayern.de\/wp-content\/uploads\/2025\/09\/digiDEM-Bayern-Demenz-Screeningtag_Sina-Degirmenci-Gedaechtnistest-durch_Foto-digiDEM-Bayern_Ilona-Hoerath-520x350.jpeg",520,350,true],"kahuna-featured-square":["https:\/\/digidem-bayern.de\/wp-content\/uploads\/2025\/09\/digiDEM-Bayern-Demenz-Screeningtag_Sina-Degirmenci-Gedaechtnistest-durch_Foto-digiDEM-Bayern_Ilona-Hoerath-512x512.jpeg",512,512,true],"kahuna-featured-square-large":["https:\/\/digidem-bayern.de\/wp-content\/uploads\/2025\/09\/digiDEM-Bayern-Demenz-Screeningtag_Sina-Degirmenci-Gedaechtnistest-durch_Foto-digiDEM-Bayern_Ilona-Hoerath-1024x1024.jpeg",1024,1024,true]},"post_excerpt_stackable_v2":"<p>Anl\u00e4sslich der 6. Bayerischen Demenzwoche vom 19. bis 28. September 2025 setzt das Forschungsprojekt digiDEM Bayern einen einzigartigen Meilenstein f\u00fcr die Fr\u00fcherkennung von Demenz: B\u00fcrgerinnen und B\u00fcrger k\u00f6nnen in allen bayerischen Regierungsbezirken an 56 Standorten ihre Ged\u00e4chtnisleistung testen lassen \u2013 wohnortnah und kostenfrei. Mit dieser bislang umfangreichsten Welle an Demenz-Screeningtagen (siehe \u00dcbersichtskarte) setzt digiDEM Bayern europaweit neue Ma\u00dfst\u00e4be f\u00fcr die Demenz-Fr\u00fcherkennung. Die Ged\u00e4chtnistests richten sich an Menschen ab 65 Jahren,&nbsp;die bei sich selbst&nbsp;eine Verschlechterung des Ged\u00e4chtnisses&nbsp;wahrgenommen&nbsp;oder bei denen&nbsp;nahestehende Personen&nbsp;ein Nachlassen der&nbsp;geistigen Leistungsf\u00e4higkeit&nbsp;bemerkt&nbsp;haben.&nbsp;digiDEM Bayern wird im Rahmen der Bayerischen Demenzstrategie vom&nbsp;Bayerischen Staatsministerium f\u00fcr Gesundheit, Pflege und Pr\u00e4vention (StMGP) gef\u00f6rdert und aktiv&hellip;<\/p>\n","category_list_v2":"<a href=\"https:\/\/digidem-bayern.de\/en\/category\/aktuelles-zu-digidem\/\" rel=\"category tag\">Aktuelles zu digiDEM<\/a>, <a href=\"https:\/\/digidem-bayern.de\/en\/category\/pressemitteilungen\/\" rel=\"category tag\">Pressemitteilungen<\/a>, <a href=\"https:\/\/digidem-bayern.de\/en\/category\/wissenschaft-forschung\/\" rel=\"category tag\">Wissenschaft &amp; Forschung<\/a>","author_info_v2":{"name":"Ilona H\u00f6rath","url":"https:\/\/digidem-bayern.de\/en\/author\/hoeratia\/"},"comments_num_v2":"0 comments","yoast_head":"<!-- This site is optimized with the Yoast SEO plugin v27.4 - https:\/\/yoast.com\/product\/yoast-seo-wordpress\/ -->\n<title>digiDEM Bayern setzt Meilenstein f\u00fcr die Demenz-Fr\u00fcherkennung\u00a0 - digiDEM Bayern<\/title>\n<meta name=\"description\" content=\"Der Bayerische Landesapothekerkammer unterst\u00fctzt digiDEM Bayern mit Hilfe des Netzwerks &quot;Demenzfreundliche Apotheken&quot;.\" \/>\n<meta name=\"robots\" content=\"index, follow, max-snippet:-1, max-image-preview:large, max-video-preview:-1\" \/>\n<link rel=\"canonical\" href=\"https:\/\/digidem-bayern.de\/en\/digidem-bayern-setzt-meilenstein-fuer-die-demenz-frueherkennung\/\" \/>\n<meta property=\"og:locale\" content=\"en_US\" \/>\n<meta property=\"og:type\" content=\"article\" \/>\n<meta property=\"og:title\" content=\"digiDEM Bayern setzt Meilenstein f\u00fcr die Demenz-Fr\u00fcherkennung\u00a0 - digiDEM Bayern\" \/>\n<meta property=\"og:description\" content=\"Der Bayerische Landesapothekerkammer unterst\u00fctzt digiDEM Bayern mit Hilfe des Netzwerks &quot;Demenzfreundliche Apotheken&quot;.\" \/>\n<meta property=\"og:url\" content=\"https:\/\/digidem-bayern.de\/en\/digidem-bayern-setzt-meilenstein-fuer-die-demenz-frueherkennung\/\" \/>\n<meta property=\"og:site_name\" content=\"digiDEM Bayern\" \/>\n<meta property=\"article:publisher\" content=\"https:\/\/www.facebook.com\/digiDEMBayern\/\" \/>\n<meta property=\"article:published_time\" content=\"2025-09-04T07:21:00+00:00\" \/>\n<meta property=\"article:modified_time\" content=\"2025-09-04T08:35:29+00:00\" \/>\n<meta property=\"og:image\" content=\"https:\/\/digidem-bayern.de\/wp-content\/uploads\/2025\/09\/digiDEM-Bayern-Demenz-Screeningtag_Sina-Degirmenci-Gedaechtnistest-durch_Foto-digiDEM-Bayern_Ilona-Hoerath.jpeg\" \/>\n\t<meta property=\"og:image:width\" content=\"1600\" \/>\n\t<meta property=\"og:image:height\" content=\"1200\" \/>\n\t<meta property=\"og:image:type\" content=\"image\/jpeg\" \/>\n<meta name=\"author\" content=\"Ilona H\u00f6rath\" \/>\n<meta name=\"twitter:label1\" content=\"Written by\" \/>\n\t<meta name=\"twitter:data1\" content=\"Ilona H\u00f6rath\" \/>\n\t<meta name=\"twitter:label2\" content=\"Est. reading time\" \/>\n\t<meta name=\"twitter:data2\" content=\"2 minutes\" \/>\n<script type=\"application\/ld+json\" class=\"yoast-schema-graph\">{\"@context\":\"https:\\\/\\\/schema.org\",\"@graph\":[{\"@type\":\"Article\",\"@id\":\"https:\\\/\\\/digidem-bayern.de\\\/digidem-bayern-setzt-meilenstein-fuer-die-demenz-frueherkennung\\\/#article\",\"isPartOf\":{\"@id\":\"https:\\\/\\\/digidem-bayern.de\\\/digidem-bayern-setzt-meilenstein-fuer-die-demenz-frueherkennung\\\/\"},\"author\":{\"name\":\"Ilona H\u00f6rath\",\"@id\":\"\\\/#\\\/schema\\\/person\\\/0bc1494f46fc2a051c761322a80e0941\"},\"headline\":\"digiDEM Bayern setzt Meilenstein f\u00fcr die Demenz-Fr\u00fcherkennung\u00a0\",\"datePublished\":\"2025-09-04T07:21:00+00:00\",\"dateModified\":\"2025-09-04T08:35:29+00:00\",\"mainEntityOfPage\":{\"@id\":\"https:\\\/\\\/digidem-bayern.de\\\/digidem-bayern-setzt-meilenstein-fuer-die-demenz-frueherkennung\\\/\"},\"wordCount\":1286,\"commentCount\":0,\"publisher\":{\"@id\":\"\\\/#organization\"},\"image\":{\"@id\":\"https:\\\/\\\/digidem-bayern.de\\\/digidem-bayern-setzt-meilenstein-fuer-die-demenz-frueherkennung\\\/#primaryimage\"},\"thumbnailUrl\":\"https:\\\/\\\/digidem-bayern.de\\\/wp-content\\\/uploads\\\/2025\\\/09\\\/digiDEM-Bayern-Demenz-Screeningtag_Sina-Degirmenci-Gedaechtnistest-durch_Foto-digiDEM-Bayern_Ilona-Hoerath.jpeg\",\"keywords\":[\"Alzheimer\",\"Alzheimer-Demenz\",\"Bayerische Demenzwoche\",\"Demenz\",\"Demenz-Fr\u00fcherkennung\",\"Demenz-Screening\",\"Demenzdiagnose\",\"Demenzrisiko\",\"Demenztest\",\"Demenzversorgung\",\"Demenzwoche\",\"Deutsche Alzheimer Gesellschaft\",\"Diagnostik\",\"digidem\",\"digidem Bayern\",\"Digitales Demenzregister Bayern\",\"Ged\u00e4chtnisleistung\",\"Ged\u00e4chtnistest\",\"Meilenstein\",\"Prof. Dr. med. Elmar Gr\u00e4\u00dfel\",\"Prof. Dr. Peter Kolominsky-Rabas\",\"StMGP\"],\"articleSection\":[\"Aktuelles zu digiDEM\",\"Pressemitteilungen\",\"Wissenschaft &amp; Forschung\"],\"inLanguage\":\"en-US\",\"potentialAction\":[{\"@type\":\"CommentAction\",\"name\":\"Comment\",\"target\":[\"https:\\\/\\\/digidem-bayern.de\\\/digidem-bayern-setzt-meilenstein-fuer-die-demenz-frueherkennung\\\/#respond\"]}]},{\"@type\":\"WebPage\",\"@id\":\"https:\\\/\\\/digidem-bayern.de\\\/digidem-bayern-setzt-meilenstein-fuer-die-demenz-frueherkennung\\\/\",\"url\":\"https:\\\/\\\/digidem-bayern.de\\\/digidem-bayern-setzt-meilenstein-fuer-die-demenz-frueherkennung\\\/\",\"name\":\"digiDEM Bayern setzt Meilenstein f\u00fcr die Demenz-Fr\u00fcherkennung\u00a0 - digiDEM Bayern\",\"isPartOf\":{\"@id\":\"\\\/#website\"},\"primaryImageOfPage\":{\"@id\":\"https:\\\/\\\/digidem-bayern.de\\\/digidem-bayern-setzt-meilenstein-fuer-die-demenz-frueherkennung\\\/#primaryimage\"},\"image\":{\"@id\":\"https:\\\/\\\/digidem-bayern.de\\\/digidem-bayern-setzt-meilenstein-fuer-die-demenz-frueherkennung\\\/#primaryimage\"},\"thumbnailUrl\":\"https:\\\/\\\/digidem-bayern.de\\\/wp-content\\\/uploads\\\/2025\\\/09\\\/digiDEM-Bayern-Demenz-Screeningtag_Sina-Degirmenci-Gedaechtnistest-durch_Foto-digiDEM-Bayern_Ilona-Hoerath.jpeg\",\"datePublished\":\"2025-09-04T07:21:00+00:00\",\"dateModified\":\"2025-09-04T08:35:29+00:00\",\"description\":\"Der Bayerische Landesapothekerkammer unterst\u00fctzt digiDEM Bayern mit Hilfe des Netzwerks \\\"Demenzfreundliche Apotheken\\\".\",\"breadcrumb\":{\"@id\":\"https:\\\/\\\/digidem-bayern.de\\\/digidem-bayern-setzt-meilenstein-fuer-die-demenz-frueherkennung\\\/#breadcrumb\"},\"inLanguage\":\"en-US\",\"potentialAction\":[{\"@type\":\"ReadAction\",\"target\":[\"https:\\\/\\\/digidem-bayern.de\\\/digidem-bayern-setzt-meilenstein-fuer-die-demenz-frueherkennung\\\/\"]}]},{\"@type\":\"ImageObject\",\"inLanguage\":\"en-US\",\"@id\":\"https:\\\/\\\/digidem-bayern.de\\\/digidem-bayern-setzt-meilenstein-fuer-die-demenz-frueherkennung\\\/#primaryimage\",\"url\":\"https:\\\/\\\/digidem-bayern.de\\\/wp-content\\\/uploads\\\/2025\\\/09\\\/digiDEM-Bayern-Demenz-Screeningtag_Sina-Degirmenci-Gedaechtnistest-durch_Foto-digiDEM-Bayern_Ilona-Hoerath.jpeg\",\"contentUrl\":\"https:\\\/\\\/digidem-bayern.de\\\/wp-content\\\/uploads\\\/2025\\\/09\\\/digiDEM-Bayern-Demenz-Screeningtag_Sina-Degirmenci-Gedaechtnistest-durch_Foto-digiDEM-Bayern_Ilona-Hoerath.jpeg\",\"width\":1600,\"height\":1200,\"caption\":\"Sina Degirmenci ist wissenschaftliche Mitarbeiterin bei digiDEM Bayern. Hier f\u00fchrt sie einen Demenz-Screeningtest durch. Anl\u00e4sslich der Bayerischen Demenzwoche 2025 bietet digiDEM Bayern an bayernweit 56 Standorten Demenz-Screeningtage an. Foto: digiDEM Bayern\\\/Ilona H\u00f6rath\"},{\"@type\":\"BreadcrumbList\",\"@id\":\"https:\\\/\\\/digidem-bayern.de\\\/digidem-bayern-setzt-meilenstein-fuer-die-demenz-frueherkennung\\\/#breadcrumb\",\"itemListElement\":[{\"@type\":\"ListItem\",\"position\":1,\"name\":\"Startseite\",\"item\":\"https:\\\/\\\/digidem-bayern.de\\\/\"},{\"@type\":\"ListItem\",\"position\":2,\"name\":\"digiDEM Bayern setzt Meilenstein f\u00fcr die Demenz-Fr\u00fcherkennung\u00a0\"}]},{\"@type\":\"WebSite\",\"@id\":\"\\\/#website\",\"url\":\"\\\/\",\"name\":\"digiDEM Bayern\",\"description\":\"Das digitale Demenzregister Bayern erforscht und verbessert die Angebotsstuktur f\u00fcr Menschen mit Demenz und deren Angeh\u00f6rige\",\"publisher\":{\"@id\":\"\\\/#organization\"},\"potentialAction\":[{\"@type\":\"SearchAction\",\"target\":{\"@type\":\"EntryPoint\",\"urlTemplate\":\"\\\/?s={search_term_string}\"},\"query-input\":{\"@type\":\"PropertyValueSpecification\",\"valueRequired\":true,\"valueName\":\"search_term_string\"}}],\"inLanguage\":\"en-US\"},{\"@type\":\"Organization\",\"@id\":\"\\\/#organization\",\"name\":\"digiDEM Bayern\",\"url\":\"\\\/\",\"logo\":{\"@type\":\"ImageObject\",\"inLanguage\":\"en-US\",\"@id\":\"\\\/#\\\/schema\\\/logo\\\/image\\\/\",\"url\":\"https:\\\/\\\/digidem-bayern.de\\\/wp-content\\\/uploads\\\/2022\\\/03\\\/cropped-Allgemeines_digiDEMLOGO-removebg-preview.png\",\"contentUrl\":\"https:\\\/\\\/digidem-bayern.de\\\/wp-content\\\/uploads\\\/2022\\\/03\\\/cropped-Allgemeines_digiDEMLOGO-removebg-preview.png\",\"width\":612,\"height\":357,\"caption\":\"digiDEM Bayern\"},\"image\":{\"@id\":\"\\\/#\\\/schema\\\/logo\\\/image\\\/\"},\"sameAs\":[\"https:\\\/\\\/www.facebook.com\\\/digiDEMBayern\\\/\",\"https:\\\/\\\/x.com\\\/digidem_bayern\",\"https:\\\/\\\/www.instagram.com\\\/digidem.bayern\",\"https:\\\/\\\/www.linkedin.com\\\/company\\\/digidem-bayern\\\/\"]},{\"@type\":\"Person\",\"@id\":\"\\\/#\\\/schema\\\/person\\\/0bc1494f46fc2a051c761322a80e0941\",\"name\":\"Ilona H\u00f6rath\",\"url\":\"https:\\\/\\\/digidem-bayern.de\\\/en\\\/author\\\/hoeratia\\\/\"}]}<\/script>\n<!-- \/ Yoast SEO plugin. -->","yoast_head_json":{"title":"digiDEM Bayern setzt Meilenstein f\u00fcr die Demenz-Fr\u00fcherkennung\u00a0 - digiDEM Bayern","description":"Der Bayerische Landesapothekerkammer unterst\u00fctzt digiDEM Bayern mit Hilfe des Netzwerks \"Demenzfreundliche Apotheken\".","robots":{"index":"index","follow":"follow","max-snippet":"max-snippet:-1","max-image-preview":"max-image-preview:large","max-video-preview":"max-video-preview:-1"},"canonical":"https:\/\/digidem-bayern.de\/en\/digidem-bayern-setzt-meilenstein-fuer-die-demenz-frueherkennung\/","og_locale":"en_US","og_type":"article","og_title":"digiDEM Bayern setzt Meilenstein f\u00fcr die Demenz-Fr\u00fcherkennung\u00a0 - digiDEM Bayern","og_description":"Der Bayerische Landesapothekerkammer unterst\u00fctzt digiDEM Bayern mit Hilfe des Netzwerks \"Demenzfreundliche Apotheken\".","og_url":"https:\/\/digidem-bayern.de\/en\/digidem-bayern-setzt-meilenstein-fuer-die-demenz-frueherkennung\/","og_site_name":"digiDEM Bayern","article_publisher":"https:\/\/www.facebook.com\/digiDEMBayern\/","article_published_time":"2025-09-04T07:21:00+00:00","article_modified_time":"2025-09-04T08:35:29+00:00","og_image":[{"width":1600,"height":1200,"url":"https:\/\/digidem-bayern.de\/wp-content\/uploads\/2025\/09\/digiDEM-Bayern-Demenz-Screeningtag_Sina-Degirmenci-Gedaechtnistest-durch_Foto-digiDEM-Bayern_Ilona-Hoerath.jpeg","type":"image\/jpeg"}],"author":"Ilona H\u00f6rath","twitter_misc":{"Written by":"Ilona H\u00f6rath","Est. reading time":"2 minutes"},"schema":{"@context":"https:\/\/schema.org","@graph":[{"@type":"Article","@id":"https:\/\/digidem-bayern.de\/digidem-bayern-setzt-meilenstein-fuer-die-demenz-frueherkennung\/#article","isPartOf":{"@id":"https:\/\/digidem-bayern.de\/digidem-bayern-setzt-meilenstein-fuer-die-demenz-frueherkennung\/"},"author":{"name":"Ilona H\u00f6rath","@id":"\/#\/schema\/person\/0bc1494f46fc2a051c761322a80e0941"},"headline":"digiDEM Bayern setzt Meilenstein f\u00fcr die Demenz-Fr\u00fcherkennung\u00a0","datePublished":"2025-09-04T07:21:00+00:00","dateModified":"2025-09-04T08:35:29+00:00","mainEntityOfPage":{"@id":"https:\/\/digidem-bayern.de\/digidem-bayern-setzt-meilenstein-fuer-die-demenz-frueherkennung\/"},"wordCount":1286,"commentCount":0,"publisher":{"@id":"\/#organization"},"image":{"@id":"https:\/\/digidem-bayern.de\/digidem-bayern-setzt-meilenstein-fuer-die-demenz-frueherkennung\/#primaryimage"},"thumbnailUrl":"https:\/\/digidem-bayern.de\/wp-content\/uploads\/2025\/09\/digiDEM-Bayern-Demenz-Screeningtag_Sina-Degirmenci-Gedaechtnistest-durch_Foto-digiDEM-Bayern_Ilona-Hoerath.jpeg","keywords":["Alzheimer","Alzheimer-Demenz","Bayerische Demenzwoche","Demenz","Demenz-Fr\u00fcherkennung","Demenz-Screening","Demenzdiagnose","Demenzrisiko","Demenztest","Demenzversorgung","Demenzwoche","Deutsche Alzheimer Gesellschaft","Diagnostik","digidem","digidem Bayern","Digitales Demenzregister Bayern","Ged\u00e4chtnisleistung","Ged\u00e4chtnistest","Meilenstein","Prof. Dr. med. Elmar Gr\u00e4\u00dfel","Prof. Dr. Peter Kolominsky-Rabas","StMGP"],"articleSection":["Aktuelles zu digiDEM","Pressemitteilungen","Wissenschaft &amp; Forschung"],"inLanguage":"en-US","potentialAction":[{"@type":"CommentAction","name":"Comment","target":["https:\/\/digidem-bayern.de\/digidem-bayern-setzt-meilenstein-fuer-die-demenz-frueherkennung\/#respond"]}]},{"@type":"WebPage","@id":"https:\/\/digidem-bayern.de\/digidem-bayern-setzt-meilenstein-fuer-die-demenz-frueherkennung\/","url":"https:\/\/digidem-bayern.de\/digidem-bayern-setzt-meilenstein-fuer-die-demenz-frueherkennung\/","name":"digiDEM Bayern setzt Meilenstein f\u00fcr die Demenz-Fr\u00fcherkennung\u00a0 - digiDEM Bayern","isPartOf":{"@id":"\/#website"},"primaryImageOfPage":{"@id":"https:\/\/digidem-bayern.de\/digidem-bayern-setzt-meilenstein-fuer-die-demenz-frueherkennung\/#primaryimage"},"image":{"@id":"https:\/\/digidem-bayern.de\/digidem-bayern-setzt-meilenstein-fuer-die-demenz-frueherkennung\/#primaryimage"},"thumbnailUrl":"https:\/\/digidem-bayern.de\/wp-content\/uploads\/2025\/09\/digiDEM-Bayern-Demenz-Screeningtag_Sina-Degirmenci-Gedaechtnistest-durch_Foto-digiDEM-Bayern_Ilona-Hoerath.jpeg","datePublished":"2025-09-04T07:21:00+00:00","dateModified":"2025-09-04T08:35:29+00:00","description":"Der Bayerische Landesapothekerkammer unterst\u00fctzt digiDEM Bayern mit Hilfe des Netzwerks \"Demenzfreundliche Apotheken\".","breadcrumb":{"@id":"https:\/\/digidem-bayern.de\/digidem-bayern-setzt-meilenstein-fuer-die-demenz-frueherkennung\/#breadcrumb"},"inLanguage":"en-US","potentialAction":[{"@type":"ReadAction","target":["https:\/\/digidem-bayern.de\/digidem-bayern-setzt-meilenstein-fuer-die-demenz-frueherkennung\/"]}]},{"@type":"ImageObject","inLanguage":"en-US","@id":"https:\/\/digidem-bayern.de\/digidem-bayern-setzt-meilenstein-fuer-die-demenz-frueherkennung\/#primaryimage","url":"https:\/\/digidem-bayern.de\/wp-content\/uploads\/2025\/09\/digiDEM-Bayern-Demenz-Screeningtag_Sina-Degirmenci-Gedaechtnistest-durch_Foto-digiDEM-Bayern_Ilona-Hoerath.jpeg","contentUrl":"https:\/\/digidem-bayern.de\/wp-content\/uploads\/2025\/09\/digiDEM-Bayern-Demenz-Screeningtag_Sina-Degirmenci-Gedaechtnistest-durch_Foto-digiDEM-Bayern_Ilona-Hoerath.jpeg","width":1600,"height":1200,"caption":"Sina Degirmenci ist wissenschaftliche Mitarbeiterin bei digiDEM Bayern. Hier f\u00fchrt sie einen Demenz-Screeningtest durch. Anl\u00e4sslich der Bayerischen Demenzwoche 2025 bietet digiDEM Bayern an bayernweit 56 Standorten Demenz-Screeningtage an. Foto: digiDEM Bayern\/Ilona H\u00f6rath"},{"@type":"BreadcrumbList","@id":"https:\/\/digidem-bayern.de\/digidem-bayern-setzt-meilenstein-fuer-die-demenz-frueherkennung\/#breadcrumb","itemListElement":[{"@type":"ListItem","position":1,"name":"Startseite","item":"https:\/\/digidem-bayern.de\/"},{"@type":"ListItem","position":2,"name":"digiDEM Bayern setzt Meilenstein f\u00fcr die Demenz-Fr\u00fcherkennung\u00a0"}]},{"@type":"WebSite","@id":"\/#website","url":"\/","name":"digiDEM Bavaria","description":"The digital dementia register in Bavaria researches and improves the structure of services for people with dementia and their relatives","publisher":{"@id":"\/#organization"},"potentialAction":[{"@type":"SearchAction","target":{"@type":"EntryPoint","urlTemplate":"\/?s={search_term_string}"},"query-input":{"@type":"PropertyValueSpecification","valueRequired":true,"valueName":"search_term_string"}}],"inLanguage":"en-US"},{"@type":"Organization","@id":"\/#organization","name":"digiDEM Bavaria","url":"\/","logo":{"@type":"ImageObject","inLanguage":"en-US","@id":"\/#\/schema\/logo\/image\/","url":"https:\/\/digidem-bayern.de\/wp-content\/uploads\/2022\/03\/cropped-Allgemeines_digiDEMLOGO-removebg-preview.png","contentUrl":"https:\/\/digidem-bayern.de\/wp-content\/uploads\/2022\/03\/cropped-Allgemeines_digiDEMLOGO-removebg-preview.png","width":612,"height":357,"caption":"digiDEM Bayern"},"image":{"@id":"\/#\/schema\/logo\/image\/"},"sameAs":["https:\/\/www.facebook.com\/digiDEMBayern\/","https:\/\/x.com\/digidem_bayern","https:\/\/www.instagram.com\/digidem.bayern","https:\/\/www.linkedin.com\/company\/digidem-bayern\/"]},{"@type":"Person","@id":"\/#\/schema\/person\/0bc1494f46fc2a051c761322a80e0941","name":"Ilona H\u00f6rath","url":"https:\/\/digidem-bayern.de\/en\/author\/hoeratia\/"}]}},"uagb_featured_image_src":{"full":["https:\/\/digidem-bayern.de\/wp-content\/uploads\/2025\/09\/digiDEM-Bayern-Demenz-Screeningtag_Sina-Degirmenci-Gedaechtnistest-durch_Foto-digiDEM-Bayern_Ilona-Hoerath.jpeg",1600,1200,false],"thumbnail":["https:\/\/digidem-bayern.de\/wp-content\/uploads\/2025\/09\/digiDEM-Bayern-Demenz-Screeningtag_Sina-Degirmenci-Gedaechtnistest-durch_Foto-digiDEM-Bayern_Ilona-Hoerath-80x80.jpeg",80,80,true],"medium":["https:\/\/digidem-bayern.de\/wp-content\/uploads\/2025\/09\/digiDEM-Bayern-Demenz-Screeningtag_Sina-Degirmenci-Gedaechtnistest-durch_Foto-digiDEM-Bayern_Ilona-Hoerath-300x225.jpeg",300,225,true],"medium_large":["https:\/\/digidem-bayern.de\/wp-content\/uploads\/2025\/09\/digiDEM-Bayern-Demenz-Screeningtag_Sina-Degirmenci-Gedaechtnistest-durch_Foto-digiDEM-Bayern_Ilona-Hoerath-768x576.jpeg",768,576,true],"large":["https:\/\/digidem-bayern.de\/wp-content\/uploads\/2025\/09\/digiDEM-Bayern-Demenz-Screeningtag_Sina-Degirmenci-Gedaechtnistest-durch_Foto-digiDEM-Bayern_Ilona-Hoerath-1030x773.jpeg",1030,773,true],"1536x1536":["https:\/\/digidem-bayern.de\/wp-content\/uploads\/2025\/09\/digiDEM-Bayern-Demenz-Screeningtag_Sina-Degirmenci-Gedaechtnistest-durch_Foto-digiDEM-Bayern_Ilona-Hoerath-1536x1152.jpeg",1536,1152,true],"2048x2048":["https:\/\/digidem-bayern.de\/wp-content\/uploads\/2025\/09\/digiDEM-Bayern-Demenz-Screeningtag_Sina-Degirmenci-Gedaechtnistest-durch_Foto-digiDEM-Bayern_Ilona-Hoerath-2048x1536.jpeg",2048,1536,true],"trp-custom-language-flag":["https:\/\/digidem-bayern.de\/wp-content\/uploads\/2025\/09\/digiDEM-Bayern-Demenz-Screeningtag_Sina-Degirmenci-Gedaechtnistest-durch_Foto-digiDEM-Bayern_Ilona-Hoerath.jpeg",16,12,false],"qubely_landscape":["https:\/\/digidem-bayern.de\/wp-content\/uploads\/2025\/09\/digiDEM-Bayern-Demenz-Screeningtag_Sina-Degirmenci-Gedaechtnistest-durch_Foto-digiDEM-Bayern_Ilona-Hoerath-1200x750.jpeg",1200,750,true],"qubely_portrait":["https:\/\/digidem-bayern.de\/wp-content\/uploads\/2025\/09\/digiDEM-Bayern-Demenz-Screeningtag_Sina-Degirmenci-Gedaechtnistest-durch_Foto-digiDEM-Bayern_Ilona-Hoerath-540x320.jpeg",540,320,true],"qubely_thumbnail":["https:\/\/digidem-bayern.de\/wp-content\/uploads\/2025\/09\/digiDEM-Bayern-Demenz-Screeningtag_Sina-Degirmenci-Gedaechtnistest-durch_Foto-digiDEM-Bayern_Ilona-Hoerath-140x100.jpeg",140,100,true],"post-thumbnail":["https:\/\/digidem-bayern.de\/wp-content\/uploads\/2025\/09\/digiDEM-Bayern-Demenz-Screeningtag_Sina-Degirmenci-Gedaechtnistest-durch_Foto-digiDEM-Bayern_Ilona-Hoerath-467x350.jpeg",467,350,true],"kahuna-featured":["https:\/\/digidem-bayern.de\/wp-content\/uploads\/2025\/09\/digiDEM-Bayern-Demenz-Screeningtag_Sina-Degirmenci-Gedaechtnistest-durch_Foto-digiDEM-Bayern_Ilona-Hoerath-734x350.jpeg",734,350,true],"kahuna-featured-lp":["https:\/\/digidem-bayern.de\/wp-content\/uploads\/2025\/09\/digiDEM-Bayern-Demenz-Screeningtag_Sina-Degirmenci-Gedaechtnistest-durch_Foto-digiDEM-Bayern_Ilona-Hoerath-520x350.jpeg",520,350,true],"kahuna-featured-half":["https:\/\/digidem-bayern.de\/wp-content\/uploads\/2025\/09\/digiDEM-Bayern-Demenz-Screeningtag_Sina-Degirmenci-Gedaechtnistest-durch_Foto-digiDEM-Bayern_Ilona-Hoerath-800x350.jpeg",800,350,true],"kahuna-featured-third":["https:\/\/digidem-bayern.de\/wp-content\/uploads\/2025\/09\/digiDEM-Bayern-Demenz-Screeningtag_Sina-Degirmenci-Gedaechtnistest-durch_Foto-digiDEM-Bayern_Ilona-Hoerath-512x350.jpeg",512,350,true],"kahuna-lpbox-1":["https:\/\/digidem-bayern.de\/wp-content\/uploads\/2025\/09\/digiDEM-Bayern-Demenz-Screeningtag_Sina-Degirmenci-Gedaechtnistest-durch_Foto-digiDEM-Bayern_Ilona-Hoerath-520x300.jpeg",520,300,true],"kahuna-lpbox-2":["https:\/\/digidem-bayern.de\/wp-content\/uploads\/2025\/09\/digiDEM-Bayern-Demenz-Screeningtag_Sina-Degirmenci-Gedaechtnistest-durch_Foto-digiDEM-Bayern_Ilona-Hoerath-520x350.jpeg",520,350,true],"demand-language-flag":["https:\/\/digidem-bayern.de\/wp-content\/uploads\/2025\/09\/digiDEM-Bayern-Demenz-Screeningtag_Sina-Degirmenci-Gedaechtnistest-durch_Foto-digiDEM-Bayern_Ilona-Hoerath-36x36.jpeg",36,36,true],"dddkt-language-flag":["https:\/\/digidem-bayern.de\/wp-content\/uploads\/2025\/09\/digiDEM-Bayern-Demenz-Screeningtag_Sina-Degirmenci-Gedaechtnistest-durch_Foto-digiDEM-Bayern_Ilona-Hoerath-36x36.jpeg",36,36,true],"ddiqc-language-flag":["https:\/\/digidem-bayern.de\/wp-content\/uploads\/2025\/09\/digiDEM-Bayern-Demenz-Screeningtag_Sina-Degirmenci-Gedaechtnistest-durch_Foto-digiDEM-Bayern_Ilona-Hoerath-36x36.jpeg",36,36,true],"ddtl-language-flag":["https:\/\/digidem-bayern.de\/wp-content\/uploads\/2025\/09\/digiDEM-Bayern-Demenz-Screeningtag_Sina-Degirmenci-Gedaechtnistest-durch_Foto-digiDEM-Bayern_Ilona-Hoerath-36x36.jpeg",36,36,true],"mailpoet_newsletter_max":["https:\/\/digidem-bayern.de\/wp-content\/uploads\/2025\/09\/digiDEM-Bayern-Demenz-Screeningtag_Sina-Degirmenci-Gedaechtnistest-durch_Foto-digiDEM-Bayern_Ilona-Hoerath-1320x990.jpeg",1320,990,true],"kahuna-lpbox-3":["https:\/\/digidem-bayern.de\/wp-content\/uploads\/2025\/09\/digiDEM-Bayern-Demenz-Screeningtag_Sina-Degirmenci-Gedaechtnistest-durch_Foto-digiDEM-Bayern_Ilona-Hoerath-520x350.jpeg",520,350,true],"kahuna-featured-square":["https:\/\/digidem-bayern.de\/wp-content\/uploads\/2025\/09\/digiDEM-Bayern-Demenz-Screeningtag_Sina-Degirmenci-Gedaechtnistest-durch_Foto-digiDEM-Bayern_Ilona-Hoerath-512x512.jpeg",512,512,true],"kahuna-featured-square-large":["https:\/\/digidem-bayern.de\/wp-content\/uploads\/2025\/09\/digiDEM-Bayern-Demenz-Screeningtag_Sina-Degirmenci-Gedaechtnistest-durch_Foto-digiDEM-Bayern_Ilona-Hoerath-1024x1024.jpeg",1024,1024,true]},"uagb_author_info":{"display_name":"Ilona H\u00f6rath","author_link":"https:\/\/digidem-bayern.de\/en\/author\/hoeratia\/"},"uagb_comment_info":19,"uagb_excerpt":"Anl\u00e4sslich der 6. Bayerischen Demenzwoche vom 19. bis 28. September 2025 setzt das Forschungsprojekt digiDEM Bayern einen einzigartigen Meilenstein f\u00fcr die Fr\u00fcherkennung von Demenz: B\u00fcrgerinnen und B\u00fcrger k\u00f6nnen in allen bayerischen Regierungsbezirken an 56 Standorten ihre Ged\u00e4chtnisleistung testen lassen \u2013 wohnortnah und kostenfrei. Mit dieser bislang umfangreichsten Welle an Demenz-Screeningtagen &hellip;","_links":{"self":[{"href":"https:\/\/digidem-bayern.de\/en\/wp-json\/wp\/v2\/posts\/45018","targetHints":{"allow":["GET"]}}],"collection":[{"href":"https:\/\/digidem-bayern.de\/en\/wp-json\/wp\/v2\/posts"}],"about":[{"href":"https:\/\/digidem-bayern.de\/en\/wp-json\/wp\/v2\/types\/post"}],"author":[{"embeddable":true,"href":"https:\/\/digidem-bayern.de\/en\/wp-json\/wp\/v2\/users\/12"}],"replies":[{"embeddable":true,"href":"https:\/\/digidem-bayern.de\/en\/wp-json\/wp\/v2\/comments?post=45018"}],"version-history":[{"count":10,"href":"https:\/\/digidem-bayern.de\/en\/wp-json\/wp\/v2\/posts\/45018\/revisions"}],"predecessor-version":[{"id":45068,"href":"https:\/\/digidem-bayern.de\/en\/wp-json\/wp\/v2\/posts\/45018\/revisions\/45068"}],"wp:featuredmedia":[{"embeddable":true,"href":"https:\/\/digidem-bayern.de\/en\/wp-json\/wp\/v2\/media\/45020"}],"wp:attachment":[{"href":"https:\/\/digidem-bayern.de\/en\/wp-json\/wp\/v2\/media?parent=45018"}],"wp:term":[{"taxonomy":"category","embeddable":true,"href":"https:\/\/digidem-bayern.de\/en\/wp-json\/wp\/v2\/categories?post=45018"},{"taxonomy":"post_tag","embeddable":true,"href":"https:\/\/digidem-bayern.de\/en\/wp-json\/wp\/v2\/tags?post=45018"}],"curies":[{"name":"wp","href":"https:\/\/api.w.org\/{rel}","templated":true}]}}