{"id":44472,"date":"2025-07-24T09:06:55","date_gmt":"2025-07-24T07:06:55","guid":{"rendered":"https:\/\/digidem-bayern.de\/?p=44472"},"modified":"2025-07-24T09:06:55","modified_gmt":"2025-07-24T07:06:55","slug":"training-bei-mci-digital-und-massgeschneidert","status":"publish","type":"post","link":"https:\/\/digidem-bayern.de\/en\/training-bei-mci-digital-und-massgeschneidert\/","title":{"rendered":"Training bei MCI \u2013 digital und ma\u00dfgeschneidert"},"content":{"rendered":"<p><strong><strong><strong>Personalisiertes, computergest\u00fctztes Gehirntraining kann eine wirksame Methode zur Verbesserung der geistigen F\u00e4higkeiten bei Menschen mit leichter kognitiver Beeintr\u00e4chtigung sein. Dies zeigte eine Studie unserer Kolleginnen und Kollegen des Universit\u00e4tsklinikums Erlangen auf dem vergleichsweise jungen Forschungsfeld der MCI-Forschung. Die Studie wurde 2024 im renommierten Fachmagazin <em>BMC Medicine<\/em> ver\u00f6ffentlicht.<\/strong><\/strong><\/strong><\/p>\n\n\n\n<p>Nicht-pharmakologische Behandlungen r\u00fccken bei der Therapie von Menschen mit leichter kognitiver Beeintr\u00e4chtigung (Mild Cognitive Impairment, kurz MCI) immer st\u00e4rker in den Vordergrund. Aus gutem Grund: Wie wissenschaftliche Ergebnisse zeigen, gibt es derzeit keine wirksame urs\u00e4chliche pharmakologische Intervention f\u00fcr MCI. Um das Fortschreiten von MCI und damit den \u00dcbergang von MCI hin zu einer Demenz zu verz\u00f6gern, sind deshalb neue Forschungsans\u00e4tze notwendig. <\/p>\n\n\n\n<p>Die Wissenschaftlerinnen und Wissenschaftler rund um Erstautor Prof. Dr. med. Elmar Gr\u00e4\u00dfel entwickelten eigens zwei Arten von computergest\u00fctztem kognitivem Training (CCT). Das \u201eindividualisierte CCT\u201c (iCCT) nutzt K\u00fcnstliche Intelligenz (KI), genauer gesagt Maschinelles Lernen. Mit Hilfe von KI ist es m\u00f6glich, die Lernaufgaben auf die unterschiedlichen individuellen Bed\u00fcrfnisse und F\u00e4higkeiten der Teilnehmenden zuzuschneiden. Ausgew\u00e4hlt werden automatisch \u00dcbungen mit einem Schwierigkeitsgrad, der der Spitzenleistung der Person entspricht und somit ein individualisiertes Training erm\u00f6glicht. <\/p>\n\n\n\n<p><strong><strong><strong><strong>Herausfordernd, aber nicht \u00fcberfordernd<\/strong><\/strong><\/strong><\/strong><\/p>\n\n\n<div class=\"wp-block-image\">\n<figure class=\"alignright size-full is-resized\"><img loading=\"lazy\" decoding=\"async\" width=\"1000\" height=\"667\" src=\"https:\/\/digidem-bayern.de\/wp-content\/uploads\/2025\/07\/Beitrag-3-Training-bei-MCI-shutterstock_2033814371.jpg\" alt=\"Mindestens drei Mal w\u00f6chentlich sollten Sie ein wirklich herausforderndes, geistiges Training durchf\u00fchren. Es muss nicht digital sein, aber es sollte Sie an die Grenzen Ihrer Denkf\u00e4higkeit bringen.\" class=\"wp-image-44444\" style=\"width:497px;height:auto\" srcset=\"https:\/\/digidem-bayern.de\/wp-content\/uploads\/2025\/07\/Beitrag-3-Training-bei-MCI-shutterstock_2033814371.jpg 1000w, https:\/\/digidem-bayern.de\/wp-content\/uploads\/2025\/07\/Beitrag-3-Training-bei-MCI-shutterstock_2033814371-300x200.jpg 300w, https:\/\/digidem-bayern.de\/wp-content\/uploads\/2025\/07\/Beitrag-3-Training-bei-MCI-shutterstock_2033814371-768x512.jpg 768w, https:\/\/digidem-bayern.de\/wp-content\/uploads\/2025\/07\/Beitrag-3-Training-bei-MCI-shutterstock_2033814371-525x350.jpg 525w\" sizes=\"auto, (max-width: 1000px) 100vw, 1000px\" \/><figcaption class=\"wp-element-caption\">Foto: Shutterstock<\/figcaption><\/figure>\n<\/div>\n\n\n<p>Das CCT-Konzept hat den Vorteil, dass das Training effektiver wird und sich die Motivation und Zufriedenheit der Nutzenden erh\u00f6ht: Das Training wird pers\u00f6nlicher und herausfordernder, aber nicht \u00fcberfordernd. Dass die Therapie von der Person, die sie erh\u00e4lt, auch praktiziert wird, bildet die Grundlage f\u00fcr den Erfolg einer jeden Therapie.<\/p>\n\n\n\n<p>\u201eDas iCCT stimuliert verschiedene kognitive Funktionen, insbesondere das Arbeitsged\u00e4chtnis, das visuell-konstruktive Denken und die Entscheidungsfindung\u201c, hei\u00dft es in der Studie. Das \u201eBasis-CCT\u201c (bCCT) ist hingegen eine einfachere Version ohne individuelle Anpassung, die in der aktiven Kontrollgruppe zur Anwendung kam.<\/p>\n\n\n\n<p><strong><strong><strong><strong>Nachweisliche Verbesserung der kognitiven F\u00e4higkeiten<\/strong><\/strong><\/strong><\/strong><\/p>\n\n\n\n<p>Beide Trainingssysteme f\u00fchrten dabei nachweislich zu einer klinisch bedeutsamen Verbesserung der kognitiven F\u00e4higkeiten. Allerdings war das individualisierte CCT fast doppelt so wirksam. Beurteilt wurden die kognitiven F\u00e4higkeiten zu Studienbeginn und nach der Studienlaufzeit von sechs Monaten mit dem international anerkannten Montreal Cognitive Assessment-Test (MoCA), der die allgemeine geistige Leistungsf\u00e4higkeit misst.<\/p>\n\n\n\n<p>Die Forschenden unterstreichen: \u201eAus diesem Grund sollte digitales kognitives Training zur Vorbeugung einer weiteren Verschlechterung der kognitiven F\u00e4higkeiten bei MCI so fr\u00fch wie m\u00f6glich eingesetzt werden, und aufgrund seiner unkomplizierten Anwendung zu Hause sollte es so viele Menschen wie m\u00f6glich erreichen.\u201c<\/p>\n\n\n\n<p><strong><strong><strong><strong>Lernen in vertrauter Umgebung<\/strong><\/strong><\/strong><\/strong><\/p>\n\n\n\n<p>Die Teilnehmenden, die \u00e4lter als 60 Jahre waren, konnten sich unabh\u00e4ngig von ihrer Mobilit\u00e4t oder ihrem Wohnort und in vertrauter, h\u00e4uslicher Lernumgebung an der Studie beteiligen. Im Durchschnitt nutzten sie die Trainingsprogramme \u00fcber den Zeitraum von sechs Monaten hinweg drei- bis viermal pro Woche. Die durchschnittliche Dauer betrug von 34 bis 38 Minuten pro Anwendung. \u201eZum gr\u00f6\u00dften Teil taten sie dies wie empfohlen \u2013 dreimal pro Woche f\u00fcr jeweils 30 Minuten\u201c, schreiben die Forschenden.<\/p>\n\n\n\n<p>Teilnehmende, die das individualisierte CCT nutzten, bewerteten ihr Programm als attraktiver und f\u00fchlten sich auch st\u00e4rker stimuliert als die Teilnehmer, die das Basis-CCT nutzten.<\/p>\n\n\n\n<p><strong>Tipp f\u00fcr die Praxis:<\/strong>&nbsp;F\u00fchren Sie zuhause regelm\u00e4\u00dfig, das hei\u00dft mindestens drei Mal w\u00f6chentlich ein f\u00fcr Sie wirklich herausforderndes, geistiges Training durch. Es muss nicht digital sein, aber es sollte Sie an die Grenzen Ihrer Denkf\u00e4higkeit bringen.<\/p>\n\n\n\n<p>Hier geht&#8217;s zur Studie:<\/p>\n\n\n\n<p><a href=\"https:\/\/bmcmedicine.biomedcentral.com\/articles\/10.1186\/s12916-024-03647-x\" target=\"_blank\" rel=\"noreferrer noopener\">Individualised computerised cognitive training (iCCT) for community-dwelling people with mild cognitive impairment (MCI): results on cognition in the 6-month intervention period of a randomised controlled trial (MCI-CCT study)<\/a><\/p>","protected":false},"excerpt":{"rendered":"<p>Personalisiertes, computergest\u00fctztes Gehirntraining kann eine wirksame Methode zur Verbesserung der geistigen F\u00e4higkeiten bei Menschen mit leichter kognitiver Beeintr\u00e4chtigung sein. Dies zeigte eine Studie unserer Kolleginnen und Kollegen des Universit\u00e4tsklinikums Erlangen auf dem vergleichsweise jungen Forschungsfeld der MCI-Forschung. Die Studie wurde 2024 im renommierten Fachmagazin BMC Medicine ver\u00f6ffentlicht. Nicht-pharmakologische Behandlungen r\u00fccken &hellip;<\/p>","protected":false},"author":7,"featured_media":44444,"comment_status":"open","ping_status":"closed","sticky":false,"template":"","format":"standard","meta":{"qubely_global_settings":"","qubely_interactions":"","_uag_custom_page_level_css":"","footnotes":""},"categories":[8,5],"tags":[1671,12,1433,177,14,17,1670,55,330,120,118,196,1669,1667],"class_list":["post-44472","post","type-post","status-publish","format-standard","has-post-thumbnail","hentry","category-aktuelles-zu-digidem","category-wissenschaft-forschung","tag-computergestuetzt","tag-demenz-2","tag-demenzerkrankungen","tag-demenzrisiko","tag-digidem","tag-digidem-bayern","tag-digital","tag-digitales-demenzregister-bayern","tag-kognitive-beeintraechtigung","tag-leichte-kognitive-beeintraechtigungen","tag-mci","tag-mild-cognitive-impairment","tag-personalisiert","tag-training"],"qubely_featured_image_url":{"full":["https:\/\/digidem-bayern.de\/wp-content\/uploads\/2025\/07\/Beitrag-3-Training-bei-MCI-shutterstock_2033814371.jpg",1000,667,false],"landscape":["https:\/\/digidem-bayern.de\/wp-content\/uploads\/2025\/07\/Beitrag-3-Training-bei-MCI-shutterstock_2033814371.jpg",1000,667,false],"portraits":["https:\/\/digidem-bayern.de\/wp-content\/uploads\/2025\/07\/Beitrag-3-Training-bei-MCI-shutterstock_2033814371-540x320.jpg",540,320,true],"thumbnail":["https:\/\/digidem-bayern.de\/wp-content\/uploads\/2025\/07\/Beitrag-3-Training-bei-MCI-shutterstock_2033814371-80x80.jpg",80,80,true],"medium":["https:\/\/digidem-bayern.de\/wp-content\/uploads\/2025\/07\/Beitrag-3-Training-bei-MCI-shutterstock_2033814371-300x200.jpg",300,200,true],"medium_large":["https:\/\/digidem-bayern.de\/wp-content\/uploads\/2025\/07\/Beitrag-3-Training-bei-MCI-shutterstock_2033814371-768x512.jpg",768,512,true],"large":["https:\/\/digidem-bayern.de\/wp-content\/uploads\/2025\/07\/Beitrag-3-Training-bei-MCI-shutterstock_2033814371.jpg",1000,667,false],"1536x1536":["https:\/\/digidem-bayern.de\/wp-content\/uploads\/2025\/07\/Beitrag-3-Training-bei-MCI-shutterstock_2033814371.jpg",1000,667,false],"2048x2048":["https:\/\/digidem-bayern.de\/wp-content\/uploads\/2025\/07\/Beitrag-3-Training-bei-MCI-shutterstock_2033814371.jpg",1000,667,false],"trp-custom-language-flag":["https:\/\/digidem-bayern.de\/wp-content\/uploads\/2025\/07\/Beitrag-3-Training-bei-MCI-shutterstock_2033814371.jpg",18,12,false],"qubely_landscape":["https:\/\/digidem-bayern.de\/wp-content\/uploads\/2025\/07\/Beitrag-3-Training-bei-MCI-shutterstock_2033814371.jpg",1000,667,false],"qubely_portrait":["https:\/\/digidem-bayern.de\/wp-content\/uploads\/2025\/07\/Beitrag-3-Training-bei-MCI-shutterstock_2033814371-540x320.jpg",540,320,true],"qubely_thumbnail":["https:\/\/digidem-bayern.de\/wp-content\/uploads\/2025\/07\/Beitrag-3-Training-bei-MCI-shutterstock_2033814371-140x100.jpg",140,100,true],"post-thumbnail":["https:\/\/digidem-bayern.de\/wp-content\/uploads\/2025\/07\/Beitrag-3-Training-bei-MCI-shutterstock_2033814371-525x350.jpg",525,350,true],"kahuna-featured":["https:\/\/digidem-bayern.de\/wp-content\/uploads\/2025\/07\/Beitrag-3-Training-bei-MCI-shutterstock_2033814371-734x350.jpg",734,350,true],"kahuna-featured-lp":["https:\/\/digidem-bayern.de\/wp-content\/uploads\/2025\/07\/Beitrag-3-Training-bei-MCI-shutterstock_2033814371-520x350.jpg",520,350,true],"kahuna-featured-half":["https:\/\/digidem-bayern.de\/wp-content\/uploads\/2025\/07\/Beitrag-3-Training-bei-MCI-shutterstock_2033814371-800x350.jpg",800,350,true],"kahuna-featured-third":["https:\/\/digidem-bayern.de\/wp-content\/uploads\/2025\/07\/Beitrag-3-Training-bei-MCI-shutterstock_2033814371-512x350.jpg",512,350,true],"kahuna-lpbox-1":["https:\/\/digidem-bayern.de\/wp-content\/uploads\/2025\/07\/Beitrag-3-Training-bei-MCI-shutterstock_2033814371-520x300.jpg",520,300,true],"kahuna-lpbox-2":["https:\/\/digidem-bayern.de\/wp-content\/uploads\/2025\/07\/Beitrag-3-Training-bei-MCI-shutterstock_2033814371-520x350.jpg",520,350,true],"demand-language-flag":["https:\/\/digidem-bayern.de\/wp-content\/uploads\/2025\/07\/Beitrag-3-Training-bei-MCI-shutterstock_2033814371-36x36.jpg",36,36,true],"dddkt-language-flag":["https:\/\/digidem-bayern.de\/wp-content\/uploads\/2025\/07\/Beitrag-3-Training-bei-MCI-shutterstock_2033814371-36x36.jpg",36,36,true],"ddiqc-language-flag":["https:\/\/digidem-bayern.de\/wp-content\/uploads\/2025\/07\/Beitrag-3-Training-bei-MCI-shutterstock_2033814371-36x36.jpg",36,36,true],"ddtl-language-flag":["https:\/\/digidem-bayern.de\/wp-content\/uploads\/2025\/07\/Beitrag-3-Training-bei-MCI-shutterstock_2033814371-36x36.jpg",36,36,true],"mailpoet_newsletter_max":["https:\/\/digidem-bayern.de\/wp-content\/uploads\/2025\/07\/Beitrag-3-Training-bei-MCI-shutterstock_2033814371.jpg",1000,667,false],"kahuna-lpbox-3":["https:\/\/digidem-bayern.de\/wp-content\/uploads\/2025\/07\/Beitrag-3-Training-bei-MCI-shutterstock_2033814371-520x350.jpg",520,350,true],"kahuna-featured-square":["https:\/\/digidem-bayern.de\/wp-content\/uploads\/2025\/07\/Beitrag-3-Training-bei-MCI-shutterstock_2033814371-512x512.jpg",512,512,true],"kahuna-featured-square-large":["https:\/\/digidem-bayern.de\/wp-content\/uploads\/2025\/07\/Beitrag-3-Training-bei-MCI-shutterstock_2033814371.jpg",1000,667,false]},"qubely_author":{"display_name":"Anne Keefer","author_link":"https:\/\/digidem-bayern.de\/en\/author\/ag-webinar\/"},"qubely_comment":38,"qubely_category":"<a href=\"https:\/\/digidem-bayern.de\/en\/category\/aktuelles-zu-digidem\/\" rel=\"category tag\">Aktuelles zu digiDEM<\/a> <a href=\"https:\/\/digidem-bayern.de\/en\/category\/wissenschaft-forschung\/\" rel=\"category tag\">Wissenschaft &amp; Forschung<\/a>","qubely_excerpt":"Personalisiertes, computergest\u00fctztes Gehirntraining kann eine wirksame Methode zur Verbesserung der geistigen F\u00e4higkeiten bei Menschen mit leichter kognitiver Beeintr\u00e4chtigung sein. Dies zeigte eine Studie unserer Kolleginnen und Kollegen des Universit\u00e4tsklinikums Erlangen auf dem vergleichsweise jungen Forschungsfeld der MCI-Forschung. Die Studie wurde 2024 im renommierten Fachmagazin BMC Medicine ver\u00f6ffentlicht. Nicht-pharmakologische Behandlungen r\u00fccken &hellip;","featured_image_urls_v2":{"full":["https:\/\/digidem-bayern.de\/wp-content\/uploads\/2025\/07\/Beitrag-3-Training-bei-MCI-shutterstock_2033814371.jpg",1000,667,false],"thumbnail":["https:\/\/digidem-bayern.de\/wp-content\/uploads\/2025\/07\/Beitrag-3-Training-bei-MCI-shutterstock_2033814371-80x80.jpg",80,80,true],"medium":["https:\/\/digidem-bayern.de\/wp-content\/uploads\/2025\/07\/Beitrag-3-Training-bei-MCI-shutterstock_2033814371-300x200.jpg",300,200,true],"medium_large":["https:\/\/digidem-bayern.de\/wp-content\/uploads\/2025\/07\/Beitrag-3-Training-bei-MCI-shutterstock_2033814371-768x512.jpg",768,512,true],"large":["https:\/\/digidem-bayern.de\/wp-content\/uploads\/2025\/07\/Beitrag-3-Training-bei-MCI-shutterstock_2033814371.jpg",1000,667,false],"1536x1536":["https:\/\/digidem-bayern.de\/wp-content\/uploads\/2025\/07\/Beitrag-3-Training-bei-MCI-shutterstock_2033814371.jpg",1000,667,false],"2048x2048":["https:\/\/digidem-bayern.de\/wp-content\/uploads\/2025\/07\/Beitrag-3-Training-bei-MCI-shutterstock_2033814371.jpg",1000,667,false],"trp-custom-language-flag":["https:\/\/digidem-bayern.de\/wp-content\/uploads\/2025\/07\/Beitrag-3-Training-bei-MCI-shutterstock_2033814371.jpg",18,12,false],"qubely_landscape":["https:\/\/digidem-bayern.de\/wp-content\/uploads\/2025\/07\/Beitrag-3-Training-bei-MCI-shutterstock_2033814371.jpg",1000,667,false],"qubely_portrait":["https:\/\/digidem-bayern.de\/wp-content\/uploads\/2025\/07\/Beitrag-3-Training-bei-MCI-shutterstock_2033814371-540x320.jpg",540,320,true],"qubely_thumbnail":["https:\/\/digidem-bayern.de\/wp-content\/uploads\/2025\/07\/Beitrag-3-Training-bei-MCI-shutterstock_2033814371-140x100.jpg",140,100,true],"post-thumbnail":["https:\/\/digidem-bayern.de\/wp-content\/uploads\/2025\/07\/Beitrag-3-Training-bei-MCI-shutterstock_2033814371-525x350.jpg",525,350,true],"kahuna-featured":["https:\/\/digidem-bayern.de\/wp-content\/uploads\/2025\/07\/Beitrag-3-Training-bei-MCI-shutterstock_2033814371-734x350.jpg",734,350,true],"kahuna-featured-lp":["https:\/\/digidem-bayern.de\/wp-content\/uploads\/2025\/07\/Beitrag-3-Training-bei-MCI-shutterstock_2033814371-520x350.jpg",520,350,true],"kahuna-featured-half":["https:\/\/digidem-bayern.de\/wp-content\/uploads\/2025\/07\/Beitrag-3-Training-bei-MCI-shutterstock_2033814371-800x350.jpg",800,350,true],"kahuna-featured-third":["https:\/\/digidem-bayern.de\/wp-content\/uploads\/2025\/07\/Beitrag-3-Training-bei-MCI-shutterstock_2033814371-512x350.jpg",512,350,true],"kahuna-lpbox-1":["https:\/\/digidem-bayern.de\/wp-content\/uploads\/2025\/07\/Beitrag-3-Training-bei-MCI-shutterstock_2033814371-520x300.jpg",520,300,true],"kahuna-lpbox-2":["https:\/\/digidem-bayern.de\/wp-content\/uploads\/2025\/07\/Beitrag-3-Training-bei-MCI-shutterstock_2033814371-520x350.jpg",520,350,true],"demand-language-flag":["https:\/\/digidem-bayern.de\/wp-content\/uploads\/2025\/07\/Beitrag-3-Training-bei-MCI-shutterstock_2033814371-36x36.jpg",36,36,true],"dddkt-language-flag":["https:\/\/digidem-bayern.de\/wp-content\/uploads\/2025\/07\/Beitrag-3-Training-bei-MCI-shutterstock_2033814371-36x36.jpg",36,36,true],"ddiqc-language-flag":["https:\/\/digidem-bayern.de\/wp-content\/uploads\/2025\/07\/Beitrag-3-Training-bei-MCI-shutterstock_2033814371-36x36.jpg",36,36,true],"ddtl-language-flag":["https:\/\/digidem-bayern.de\/wp-content\/uploads\/2025\/07\/Beitrag-3-Training-bei-MCI-shutterstock_2033814371-36x36.jpg",36,36,true],"mailpoet_newsletter_max":["https:\/\/digidem-bayern.de\/wp-content\/uploads\/2025\/07\/Beitrag-3-Training-bei-MCI-shutterstock_2033814371.jpg",1000,667,false],"kahuna-lpbox-3":["https:\/\/digidem-bayern.de\/wp-content\/uploads\/2025\/07\/Beitrag-3-Training-bei-MCI-shutterstock_2033814371-520x350.jpg",520,350,true],"kahuna-featured-square":["https:\/\/digidem-bayern.de\/wp-content\/uploads\/2025\/07\/Beitrag-3-Training-bei-MCI-shutterstock_2033814371-512x512.jpg",512,512,true],"kahuna-featured-square-large":["https:\/\/digidem-bayern.de\/wp-content\/uploads\/2025\/07\/Beitrag-3-Training-bei-MCI-shutterstock_2033814371.jpg",1000,667,false]},"post_excerpt_stackable_v2":"<p>Personalisiertes, computergest\u00fctztes Gehirntraining kann eine wirksame Methode zur Verbesserung der geistigen F\u00e4higkeiten bei Menschen mit leichter kognitiver Beeintr\u00e4chtigung sein. Dies zeigte eine Studie unserer Kolleginnen und Kollegen des Universit\u00e4tsklinikums Erlangen auf dem vergleichsweise jungen Forschungsfeld der MCI-Forschung. Die Studie wurde 2024 im renommierten Fachmagazin BMC Medicine ver\u00f6ffentlicht. Nicht-pharmakologische Behandlungen r\u00fccken bei der Therapie von Menschen mit leichter kognitiver Beeintr\u00e4chtigung (Mild Cognitive Impairment, kurz MCI) immer st\u00e4rker in den Vordergrund. Aus gutem Grund: Wie wissenschaftliche Ergebnisse zeigen, gibt es derzeit keine wirksame urs\u00e4chliche pharmakologische Intervention f\u00fcr MCI. Um das Fortschreiten von MCI und damit den \u00dcbergang von MCI hin zu einer&hellip;<\/p>\n","category_list_v2":"<a href=\"https:\/\/digidem-bayern.de\/en\/category\/aktuelles-zu-digidem\/\" rel=\"category tag\">Aktuelles zu digiDEM<\/a>, <a href=\"https:\/\/digidem-bayern.de\/en\/category\/wissenschaft-forschung\/\" rel=\"category tag\">Wissenschaft &amp; Forschung<\/a>","author_info_v2":{"name":"Anne Keefer","url":"https:\/\/digidem-bayern.de\/en\/author\/ag-webinar\/"},"comments_num_v2":"0 comments","yoast_head":"<!-- This site is optimized with the Yoast SEO plugin v27.4 - https:\/\/yoast.com\/product\/yoast-seo-wordpress\/ -->\n<title>Training bei MCI \u2013 digital und ma\u00dfgeschneidert - digiDEM Bayern<\/title>\n<meta name=\"description\" content=\"Der Bayerische Landesapothekerkammer unterst\u00fctzt digiDEM Bayern mit Hilfe des Netzwerks &quot;Demenzfreundliche Apotheken&quot;.\" \/>\n<meta name=\"robots\" content=\"index, follow, max-snippet:-1, max-image-preview:large, max-video-preview:-1\" \/>\n<link rel=\"canonical\" href=\"https:\/\/digidem-bayern.de\/en\/training-bei-mci-digital-und-massgeschneidert\/\" \/>\n<meta property=\"og:locale\" content=\"en_US\" \/>\n<meta property=\"og:type\" content=\"article\" \/>\n<meta property=\"og:title\" content=\"Training bei MCI \u2013 digital und ma\u00dfgeschneidert - digiDEM Bayern\" \/>\n<meta property=\"og:description\" content=\"Der Bayerische Landesapothekerkammer unterst\u00fctzt digiDEM Bayern mit Hilfe des Netzwerks &quot;Demenzfreundliche Apotheken&quot;.\" \/>\n<meta property=\"og:url\" content=\"https:\/\/digidem-bayern.de\/en\/training-bei-mci-digital-und-massgeschneidert\/\" \/>\n<meta property=\"og:site_name\" content=\"digiDEM Bayern\" \/>\n<meta property=\"article:publisher\" content=\"https:\/\/www.facebook.com\/digiDEMBayern\/\" \/>\n<meta property=\"article:published_time\" content=\"2025-07-24T07:06:55+00:00\" \/>\n<meta property=\"og:image\" content=\"https:\/\/digidem-bayern.de\/wp-content\/uploads\/2025\/07\/Beitrag-3-Training-bei-MCI-shutterstock_2033814371.jpg\" \/>\n\t<meta property=\"og:image:width\" content=\"1000\" \/>\n\t<meta property=\"og:image:height\" content=\"667\" \/>\n\t<meta property=\"og:image:type\" content=\"image\/jpeg\" \/>\n<meta name=\"author\" content=\"Anne Keefer\" \/>\n<meta name=\"twitter:label1\" content=\"Written by\" \/>\n\t<meta name=\"twitter:data1\" content=\"Anne Keefer\" \/>\n\t<meta name=\"twitter:label2\" content=\"Est. reading time\" \/>\n\t<meta name=\"twitter:data2\" content=\"2 minutes\" \/>\n<script type=\"application\/ld+json\" class=\"yoast-schema-graph\">{\"@context\":\"https:\\\/\\\/schema.org\",\"@graph\":[{\"@type\":\"Article\",\"@id\":\"https:\\\/\\\/digidem-bayern.de\\\/training-bei-mci-digital-und-massgeschneidert\\\/#article\",\"isPartOf\":{\"@id\":\"https:\\\/\\\/digidem-bayern.de\\\/training-bei-mci-digital-und-massgeschneidert\\\/\"},\"author\":{\"name\":\"Anne Keefer\",\"@id\":\"\\\/#\\\/schema\\\/person\\\/0e8781e0653d1a8e57ca55bd2c3cb01f\"},\"headline\":\"Training bei MCI \u2013 digital und ma\u00dfgeschneidert\",\"datePublished\":\"2025-07-24T07:06:55+00:00\",\"mainEntityOfPage\":{\"@id\":\"https:\\\/\\\/digidem-bayern.de\\\/training-bei-mci-digital-und-massgeschneidert\\\/\"},\"wordCount\":592,\"commentCount\":0,\"publisher\":{\"@id\":\"\\\/#organization\"},\"image\":{\"@id\":\"https:\\\/\\\/digidem-bayern.de\\\/training-bei-mci-digital-und-massgeschneidert\\\/#primaryimage\"},\"thumbnailUrl\":\"https:\\\/\\\/digidem-bayern.de\\\/wp-content\\\/uploads\\\/2025\\\/07\\\/Beitrag-3-Training-bei-MCI-shutterstock_2033814371.jpg\",\"keywords\":[\"computergest\u00fctzt\",\"Demenz\",\"Demenzerkrankungen\",\"Demenzrisiko\",\"digidem\",\"digidem Bayern\",\"digital\",\"Digitales Demenzregister Bayern\",\"kognitive Beeintr\u00e4chtigung\",\"leichte kognitive Beeintr\u00e4chtigungen\",\"MCI\",\"mild cognitive impairment\",\"personalisiert\",\"training\"],\"articleSection\":[\"Aktuelles zu digiDEM\",\"Wissenschaft &amp; Forschung\"],\"inLanguage\":\"en-US\",\"potentialAction\":[{\"@type\":\"CommentAction\",\"name\":\"Comment\",\"target\":[\"https:\\\/\\\/digidem-bayern.de\\\/training-bei-mci-digital-und-massgeschneidert\\\/#respond\"]}]},{\"@type\":\"WebPage\",\"@id\":\"https:\\\/\\\/digidem-bayern.de\\\/training-bei-mci-digital-und-massgeschneidert\\\/\",\"url\":\"https:\\\/\\\/digidem-bayern.de\\\/training-bei-mci-digital-und-massgeschneidert\\\/\",\"name\":\"Training bei MCI \u2013 digital und ma\u00dfgeschneidert - digiDEM Bayern\",\"isPartOf\":{\"@id\":\"\\\/#website\"},\"primaryImageOfPage\":{\"@id\":\"https:\\\/\\\/digidem-bayern.de\\\/training-bei-mci-digital-und-massgeschneidert\\\/#primaryimage\"},\"image\":{\"@id\":\"https:\\\/\\\/digidem-bayern.de\\\/training-bei-mci-digital-und-massgeschneidert\\\/#primaryimage\"},\"thumbnailUrl\":\"https:\\\/\\\/digidem-bayern.de\\\/wp-content\\\/uploads\\\/2025\\\/07\\\/Beitrag-3-Training-bei-MCI-shutterstock_2033814371.jpg\",\"datePublished\":\"2025-07-24T07:06:55+00:00\",\"description\":\"Der Bayerische Landesapothekerkammer unterst\u00fctzt digiDEM Bayern mit Hilfe des Netzwerks \\\"Demenzfreundliche Apotheken\\\".\",\"breadcrumb\":{\"@id\":\"https:\\\/\\\/digidem-bayern.de\\\/training-bei-mci-digital-und-massgeschneidert\\\/#breadcrumb\"},\"inLanguage\":\"en-US\",\"potentialAction\":[{\"@type\":\"ReadAction\",\"target\":[\"https:\\\/\\\/digidem-bayern.de\\\/training-bei-mci-digital-und-massgeschneidert\\\/\"]}]},{\"@type\":\"ImageObject\",\"inLanguage\":\"en-US\",\"@id\":\"https:\\\/\\\/digidem-bayern.de\\\/training-bei-mci-digital-und-massgeschneidert\\\/#primaryimage\",\"url\":\"https:\\\/\\\/digidem-bayern.de\\\/wp-content\\\/uploads\\\/2025\\\/07\\\/Beitrag-3-Training-bei-MCI-shutterstock_2033814371.jpg\",\"contentUrl\":\"https:\\\/\\\/digidem-bayern.de\\\/wp-content\\\/uploads\\\/2025\\\/07\\\/Beitrag-3-Training-bei-MCI-shutterstock_2033814371.jpg\",\"width\":1000,\"height\":667,\"caption\":\"Foto: Shutterstock\"},{\"@type\":\"BreadcrumbList\",\"@id\":\"https:\\\/\\\/digidem-bayern.de\\\/training-bei-mci-digital-und-massgeschneidert\\\/#breadcrumb\",\"itemListElement\":[{\"@type\":\"ListItem\",\"position\":1,\"name\":\"Startseite\",\"item\":\"https:\\\/\\\/digidem-bayern.de\\\/\"},{\"@type\":\"ListItem\",\"position\":2,\"name\":\"Training bei MCI \u2013 digital und ma\u00dfgeschneidert\"}]},{\"@type\":\"WebSite\",\"@id\":\"\\\/#website\",\"url\":\"\\\/\",\"name\":\"digiDEM Bayern\",\"description\":\"Das digitale Demenzregister Bayern erforscht und verbessert die Angebotsstuktur f\u00fcr Menschen mit Demenz und deren Angeh\u00f6rige\",\"publisher\":{\"@id\":\"\\\/#organization\"},\"potentialAction\":[{\"@type\":\"SearchAction\",\"target\":{\"@type\":\"EntryPoint\",\"urlTemplate\":\"\\\/?s={search_term_string}\"},\"query-input\":{\"@type\":\"PropertyValueSpecification\",\"valueRequired\":true,\"valueName\":\"search_term_string\"}}],\"inLanguage\":\"en-US\"},{\"@type\":\"Organization\",\"@id\":\"\\\/#organization\",\"name\":\"digiDEM Bayern\",\"url\":\"\\\/\",\"logo\":{\"@type\":\"ImageObject\",\"inLanguage\":\"en-US\",\"@id\":\"\\\/#\\\/schema\\\/logo\\\/image\\\/\",\"url\":\"https:\\\/\\\/digidem-bayern.de\\\/wp-content\\\/uploads\\\/2022\\\/03\\\/cropped-Allgemeines_digiDEMLOGO-removebg-preview.png\",\"contentUrl\":\"https:\\\/\\\/digidem-bayern.de\\\/wp-content\\\/uploads\\\/2022\\\/03\\\/cropped-Allgemeines_digiDEMLOGO-removebg-preview.png\",\"width\":612,\"height\":357,\"caption\":\"digiDEM Bayern\"},\"image\":{\"@id\":\"\\\/#\\\/schema\\\/logo\\\/image\\\/\"},\"sameAs\":[\"https:\\\/\\\/www.facebook.com\\\/digiDEMBayern\\\/\",\"https:\\\/\\\/x.com\\\/digidem_bayern\",\"https:\\\/\\\/www.instagram.com\\\/digidem.bayern\",\"https:\\\/\\\/www.linkedin.com\\\/company\\\/digidem-bayern\\\/\"]},{\"@type\":\"Person\",\"@id\":\"\\\/#\\\/schema\\\/person\\\/0e8781e0653d1a8e57ca55bd2c3cb01f\",\"name\":\"Anne Keefer\",\"url\":\"https:\\\/\\\/digidem-bayern.de\\\/en\\\/author\\\/ag-webinar\\\/\"}]}<\/script>\n<!-- \/ Yoast SEO plugin. -->","yoast_head_json":{"title":"Training bei MCI \u2013 digital und ma\u00dfgeschneidert - digiDEM Bayern","description":"Der Bayerische Landesapothekerkammer unterst\u00fctzt digiDEM Bayern mit Hilfe des Netzwerks \"Demenzfreundliche Apotheken\".","robots":{"index":"index","follow":"follow","max-snippet":"max-snippet:-1","max-image-preview":"max-image-preview:large","max-video-preview":"max-video-preview:-1"},"canonical":"https:\/\/digidem-bayern.de\/en\/training-bei-mci-digital-und-massgeschneidert\/","og_locale":"en_US","og_type":"article","og_title":"Training bei MCI \u2013 digital und ma\u00dfgeschneidert - digiDEM Bayern","og_description":"Der Bayerische Landesapothekerkammer unterst\u00fctzt digiDEM Bayern mit Hilfe des Netzwerks \"Demenzfreundliche Apotheken\".","og_url":"https:\/\/digidem-bayern.de\/en\/training-bei-mci-digital-und-massgeschneidert\/","og_site_name":"digiDEM Bayern","article_publisher":"https:\/\/www.facebook.com\/digiDEMBayern\/","article_published_time":"2025-07-24T07:06:55+00:00","og_image":[{"width":1000,"height":667,"url":"https:\/\/digidem-bayern.de\/wp-content\/uploads\/2025\/07\/Beitrag-3-Training-bei-MCI-shutterstock_2033814371.jpg","type":"image\/jpeg"}],"author":"Anne Keefer","twitter_misc":{"Written by":"Anne Keefer","Est. reading time":"2 minutes"},"schema":{"@context":"https:\/\/schema.org","@graph":[{"@type":"Article","@id":"https:\/\/digidem-bayern.de\/training-bei-mci-digital-und-massgeschneidert\/#article","isPartOf":{"@id":"https:\/\/digidem-bayern.de\/training-bei-mci-digital-und-massgeschneidert\/"},"author":{"name":"Anne Keefer","@id":"\/#\/schema\/person\/0e8781e0653d1a8e57ca55bd2c3cb01f"},"headline":"Training bei MCI \u2013 digital und ma\u00dfgeschneidert","datePublished":"2025-07-24T07:06:55+00:00","mainEntityOfPage":{"@id":"https:\/\/digidem-bayern.de\/training-bei-mci-digital-und-massgeschneidert\/"},"wordCount":592,"commentCount":0,"publisher":{"@id":"\/#organization"},"image":{"@id":"https:\/\/digidem-bayern.de\/training-bei-mci-digital-und-massgeschneidert\/#primaryimage"},"thumbnailUrl":"https:\/\/digidem-bayern.de\/wp-content\/uploads\/2025\/07\/Beitrag-3-Training-bei-MCI-shutterstock_2033814371.jpg","keywords":["computergest\u00fctzt","Demenz","Demenzerkrankungen","Demenzrisiko","digidem","digidem Bayern","digital","Digitales Demenzregister Bayern","kognitive Beeintr\u00e4chtigung","leichte kognitive Beeintr\u00e4chtigungen","MCI","mild cognitive impairment","personalisiert","training"],"articleSection":["Aktuelles zu digiDEM","Wissenschaft &amp; Forschung"],"inLanguage":"en-US","potentialAction":[{"@type":"CommentAction","name":"Comment","target":["https:\/\/digidem-bayern.de\/training-bei-mci-digital-und-massgeschneidert\/#respond"]}]},{"@type":"WebPage","@id":"https:\/\/digidem-bayern.de\/training-bei-mci-digital-und-massgeschneidert\/","url":"https:\/\/digidem-bayern.de\/training-bei-mci-digital-und-massgeschneidert\/","name":"Training bei MCI \u2013 digital und ma\u00dfgeschneidert - digiDEM Bayern","isPartOf":{"@id":"\/#website"},"primaryImageOfPage":{"@id":"https:\/\/digidem-bayern.de\/training-bei-mci-digital-und-massgeschneidert\/#primaryimage"},"image":{"@id":"https:\/\/digidem-bayern.de\/training-bei-mci-digital-und-massgeschneidert\/#primaryimage"},"thumbnailUrl":"https:\/\/digidem-bayern.de\/wp-content\/uploads\/2025\/07\/Beitrag-3-Training-bei-MCI-shutterstock_2033814371.jpg","datePublished":"2025-07-24T07:06:55+00:00","description":"Der Bayerische Landesapothekerkammer unterst\u00fctzt digiDEM Bayern mit Hilfe des Netzwerks \"Demenzfreundliche Apotheken\".","breadcrumb":{"@id":"https:\/\/digidem-bayern.de\/training-bei-mci-digital-und-massgeschneidert\/#breadcrumb"},"inLanguage":"en-US","potentialAction":[{"@type":"ReadAction","target":["https:\/\/digidem-bayern.de\/training-bei-mci-digital-und-massgeschneidert\/"]}]},{"@type":"ImageObject","inLanguage":"en-US","@id":"https:\/\/digidem-bayern.de\/training-bei-mci-digital-und-massgeschneidert\/#primaryimage","url":"https:\/\/digidem-bayern.de\/wp-content\/uploads\/2025\/07\/Beitrag-3-Training-bei-MCI-shutterstock_2033814371.jpg","contentUrl":"https:\/\/digidem-bayern.de\/wp-content\/uploads\/2025\/07\/Beitrag-3-Training-bei-MCI-shutterstock_2033814371.jpg","width":1000,"height":667,"caption":"Foto: Shutterstock"},{"@type":"BreadcrumbList","@id":"https:\/\/digidem-bayern.de\/training-bei-mci-digital-und-massgeschneidert\/#breadcrumb","itemListElement":[{"@type":"ListItem","position":1,"name":"Startseite","item":"https:\/\/digidem-bayern.de\/"},{"@type":"ListItem","position":2,"name":"Training bei MCI \u2013 digital und ma\u00dfgeschneidert"}]},{"@type":"WebSite","@id":"\/#website","url":"\/","name":"digiDEM Bavaria","description":"The digital dementia register in Bavaria researches and improves the structure of services for people with dementia and their relatives","publisher":{"@id":"\/#organization"},"potentialAction":[{"@type":"SearchAction","target":{"@type":"EntryPoint","urlTemplate":"\/?s={search_term_string}"},"query-input":{"@type":"PropertyValueSpecification","valueRequired":true,"valueName":"search_term_string"}}],"inLanguage":"en-US"},{"@type":"Organization","@id":"\/#organization","name":"digiDEM Bavaria","url":"\/","logo":{"@type":"ImageObject","inLanguage":"en-US","@id":"\/#\/schema\/logo\/image\/","url":"https:\/\/digidem-bayern.de\/wp-content\/uploads\/2022\/03\/cropped-Allgemeines_digiDEMLOGO-removebg-preview.png","contentUrl":"https:\/\/digidem-bayern.de\/wp-content\/uploads\/2022\/03\/cropped-Allgemeines_digiDEMLOGO-removebg-preview.png","width":612,"height":357,"caption":"digiDEM Bayern"},"image":{"@id":"\/#\/schema\/logo\/image\/"},"sameAs":["https:\/\/www.facebook.com\/digiDEMBayern\/","https:\/\/x.com\/digidem_bayern","https:\/\/www.instagram.com\/digidem.bayern","https:\/\/www.linkedin.com\/company\/digidem-bayern\/"]},{"@type":"Person","@id":"\/#\/schema\/person\/0e8781e0653d1a8e57ca55bd2c3cb01f","name":"Anne Keefer","url":"https:\/\/digidem-bayern.de\/en\/author\/ag-webinar\/"}]}},"uagb_featured_image_src":{"full":["https:\/\/digidem-bayern.de\/wp-content\/uploads\/2025\/07\/Beitrag-3-Training-bei-MCI-shutterstock_2033814371.jpg",1000,667,false],"thumbnail":["https:\/\/digidem-bayern.de\/wp-content\/uploads\/2025\/07\/Beitrag-3-Training-bei-MCI-shutterstock_2033814371-80x80.jpg",80,80,true],"medium":["https:\/\/digidem-bayern.de\/wp-content\/uploads\/2025\/07\/Beitrag-3-Training-bei-MCI-shutterstock_2033814371-300x200.jpg",300,200,true],"medium_large":["https:\/\/digidem-bayern.de\/wp-content\/uploads\/2025\/07\/Beitrag-3-Training-bei-MCI-shutterstock_2033814371-768x512.jpg",768,512,true],"large":["https:\/\/digidem-bayern.de\/wp-content\/uploads\/2025\/07\/Beitrag-3-Training-bei-MCI-shutterstock_2033814371.jpg",1000,667,false],"1536x1536":["https:\/\/digidem-bayern.de\/wp-content\/uploads\/2025\/07\/Beitrag-3-Training-bei-MCI-shutterstock_2033814371.jpg",1000,667,false],"2048x2048":["https:\/\/digidem-bayern.de\/wp-content\/uploads\/2025\/07\/Beitrag-3-Training-bei-MCI-shutterstock_2033814371.jpg",1000,667,false],"trp-custom-language-flag":["https:\/\/digidem-bayern.de\/wp-content\/uploads\/2025\/07\/Beitrag-3-Training-bei-MCI-shutterstock_2033814371.jpg",18,12,false],"qubely_landscape":["https:\/\/digidem-bayern.de\/wp-content\/uploads\/2025\/07\/Beitrag-3-Training-bei-MCI-shutterstock_2033814371.jpg",1000,667,false],"qubely_portrait":["https:\/\/digidem-bayern.de\/wp-content\/uploads\/2025\/07\/Beitrag-3-Training-bei-MCI-shutterstock_2033814371-540x320.jpg",540,320,true],"qubely_thumbnail":["https:\/\/digidem-bayern.de\/wp-content\/uploads\/2025\/07\/Beitrag-3-Training-bei-MCI-shutterstock_2033814371-140x100.jpg",140,100,true],"post-thumbnail":["https:\/\/digidem-bayern.de\/wp-content\/uploads\/2025\/07\/Beitrag-3-Training-bei-MCI-shutterstock_2033814371-525x350.jpg",525,350,true],"kahuna-featured":["https:\/\/digidem-bayern.de\/wp-content\/uploads\/2025\/07\/Beitrag-3-Training-bei-MCI-shutterstock_2033814371-734x350.jpg",734,350,true],"kahuna-featured-lp":["https:\/\/digidem-bayern.de\/wp-content\/uploads\/2025\/07\/Beitrag-3-Training-bei-MCI-shutterstock_2033814371-520x350.jpg",520,350,true],"kahuna-featured-half":["https:\/\/digidem-bayern.de\/wp-content\/uploads\/2025\/07\/Beitrag-3-Training-bei-MCI-shutterstock_2033814371-800x350.jpg",800,350,true],"kahuna-featured-third":["https:\/\/digidem-bayern.de\/wp-content\/uploads\/2025\/07\/Beitrag-3-Training-bei-MCI-shutterstock_2033814371-512x350.jpg",512,350,true],"kahuna-lpbox-1":["https:\/\/digidem-bayern.de\/wp-content\/uploads\/2025\/07\/Beitrag-3-Training-bei-MCI-shutterstock_2033814371-520x300.jpg",520,300,true],"kahuna-lpbox-2":["https:\/\/digidem-bayern.de\/wp-content\/uploads\/2025\/07\/Beitrag-3-Training-bei-MCI-shutterstock_2033814371-520x350.jpg",520,350,true],"demand-language-flag":["https:\/\/digidem-bayern.de\/wp-content\/uploads\/2025\/07\/Beitrag-3-Training-bei-MCI-shutterstock_2033814371-36x36.jpg",36,36,true],"dddkt-language-flag":["https:\/\/digidem-bayern.de\/wp-content\/uploads\/2025\/07\/Beitrag-3-Training-bei-MCI-shutterstock_2033814371-36x36.jpg",36,36,true],"ddiqc-language-flag":["https:\/\/digidem-bayern.de\/wp-content\/uploads\/2025\/07\/Beitrag-3-Training-bei-MCI-shutterstock_2033814371-36x36.jpg",36,36,true],"ddtl-language-flag":["https:\/\/digidem-bayern.de\/wp-content\/uploads\/2025\/07\/Beitrag-3-Training-bei-MCI-shutterstock_2033814371-36x36.jpg",36,36,true],"mailpoet_newsletter_max":["https:\/\/digidem-bayern.de\/wp-content\/uploads\/2025\/07\/Beitrag-3-Training-bei-MCI-shutterstock_2033814371.jpg",1000,667,false],"kahuna-lpbox-3":["https:\/\/digidem-bayern.de\/wp-content\/uploads\/2025\/07\/Beitrag-3-Training-bei-MCI-shutterstock_2033814371-520x350.jpg",520,350,true],"kahuna-featured-square":["https:\/\/digidem-bayern.de\/wp-content\/uploads\/2025\/07\/Beitrag-3-Training-bei-MCI-shutterstock_2033814371-512x512.jpg",512,512,true],"kahuna-featured-square-large":["https:\/\/digidem-bayern.de\/wp-content\/uploads\/2025\/07\/Beitrag-3-Training-bei-MCI-shutterstock_2033814371.jpg",1000,667,false]},"uagb_author_info":{"display_name":"Anne Keefer","author_link":"https:\/\/digidem-bayern.de\/en\/author\/ag-webinar\/"},"uagb_comment_info":38,"uagb_excerpt":"Personalisiertes, computergest\u00fctztes Gehirntraining kann eine wirksame Methode zur Verbesserung der geistigen F\u00e4higkeiten bei Menschen mit leichter kognitiver Beeintr\u00e4chtigung sein. Dies zeigte eine Studie unserer Kolleginnen und Kollegen des Universit\u00e4tsklinikums Erlangen auf dem vergleichsweise jungen Forschungsfeld der MCI-Forschung. Die Studie wurde 2024 im renommierten Fachmagazin BMC Medicine ver\u00f6ffentlicht. Nicht-pharmakologische Behandlungen r\u00fccken &hellip;","_links":{"self":[{"href":"https:\/\/digidem-bayern.de\/en\/wp-json\/wp\/v2\/posts\/44472","targetHints":{"allow":["GET"]}}],"collection":[{"href":"https:\/\/digidem-bayern.de\/en\/wp-json\/wp\/v2\/posts"}],"about":[{"href":"https:\/\/digidem-bayern.de\/en\/wp-json\/wp\/v2\/types\/post"}],"author":[{"embeddable":true,"href":"https:\/\/digidem-bayern.de\/en\/wp-json\/wp\/v2\/users\/7"}],"replies":[{"embeddable":true,"href":"https:\/\/digidem-bayern.de\/en\/wp-json\/wp\/v2\/comments?post=44472"}],"version-history":[{"count":2,"href":"https:\/\/digidem-bayern.de\/en\/wp-json\/wp\/v2\/posts\/44472\/revisions"}],"predecessor-version":[{"id":44474,"href":"https:\/\/digidem-bayern.de\/en\/wp-json\/wp\/v2\/posts\/44472\/revisions\/44474"}],"wp:featuredmedia":[{"embeddable":true,"href":"https:\/\/digidem-bayern.de\/en\/wp-json\/wp\/v2\/media\/44444"}],"wp:attachment":[{"href":"https:\/\/digidem-bayern.de\/en\/wp-json\/wp\/v2\/media?parent=44472"}],"wp:term":[{"taxonomy":"category","embeddable":true,"href":"https:\/\/digidem-bayern.de\/en\/wp-json\/wp\/v2\/categories?post=44472"},{"taxonomy":"post_tag","embeddable":true,"href":"https:\/\/digidem-bayern.de\/en\/wp-json\/wp\/v2\/tags?post=44472"}],"curies":[{"name":"wp","href":"https:\/\/api.w.org\/{rel}","templated":true}]}}