{"id":44463,"date":"2025-07-24T09:05:52","date_gmt":"2025-07-24T07:05:52","guid":{"rendered":"https:\/\/digidem-bayern.de\/?p=44463"},"modified":"2025-07-24T09:05:53","modified_gmt":"2025-07-24T07:05:53","slug":"mci-ein-vorhersagefaktor-fur-demenz","status":"publish","type":"post","link":"https:\/\/digidem-bayern.de\/en\/mci-ein-vorhersagefaktor-fur-demenz\/","title":{"rendered":"MCI \u2013 ein Vorhersagefaktor f\u00fcr Demenz"},"content":{"rendered":"<p><strong>H\u00e4ufig ist die Rede von Demenz. Doch auch eine andere Erkrankung sollte st\u00e4rker in den Mittelpunkt des gesellschaftlichen Interesses r\u00fccken: MCI. Die Abk\u00fcrzung steht f\u00fcr Mild Cognitive Impairment, also leichte kognitive Beeintr\u00e4chtigung. Wir stellen vier wissenschaftliche Publikationen vor, die sich mit Diagnose und dem Fortschreiten hin zu einer Demenz befassen.<\/strong><\/p>\n\n\n\n<p>Bei MCI handelt es sich um eine leichte kognitive Beeintr\u00e4chtigung, die \u00fcber den normalen geistigen Abbau im Alter hinausgeht, jedoch noch nicht die diagnostischen Kriterien einer Demenz erf\u00fcllt. Die Diagnose von MCI basiert dabei auf einem subjektiv wahrgenommenen kognitiven Abbau, der objektiv durch neuropsychologische Tests nachgewiesen werden kann. Trotz der kognitiven Beeintr\u00e4chtigungen sind die F\u00e4higkeiten zur Durchf\u00fchrung der Aktivit\u00e4ten des t\u00e4glichen Lebens wie etwa Einkaufen, Haushaltsf\u00fchrung, Umgang mit Geld, Benutzen des Telefons oder anderer Kommunikationsmittel und Autofahren weitestgehend erhalten.<\/p>\n\n\n\n<p><strong><strong>Standardisierte neuropsychologische Testverfahren<\/strong><\/strong><\/p>\n\n\n<div class=\"wp-block-image\">\n<figure class=\"alignright size-full is-resized\"><img loading=\"lazy\" decoding=\"async\" width=\"1000\" height=\"667\" src=\"https:\/\/digidem-bayern.de\/wp-content\/uploads\/2025\/07\/Beitrag-1-Vorhersagefaktor-MCI-shutterstock_388006645.jpg\" alt=\"Trotz der kognitiven Beeintr\u00e4chtigungen sind die F\u00e4higkeiten zur Durchf\u00fchrung der Aktivit\u00e4ten des t\u00e4glichen Lebens wie etwa Einkaufen, Haushaltsf\u00fchrung, Umgang mit Geld, Benutzen des Telefons oder anderer Kommunikationsmittel und Autofahren weitestgehend erhalten.\" class=\"wp-image-44442\" style=\"width:497px;height:auto\" srcset=\"https:\/\/digidem-bayern.de\/wp-content\/uploads\/2025\/07\/Beitrag-1-Vorhersagefaktor-MCI-shutterstock_388006645.jpg 1000w, https:\/\/digidem-bayern.de\/wp-content\/uploads\/2025\/07\/Beitrag-1-Vorhersagefaktor-MCI-shutterstock_388006645-300x200.jpg 300w, https:\/\/digidem-bayern.de\/wp-content\/uploads\/2025\/07\/Beitrag-1-Vorhersagefaktor-MCI-shutterstock_388006645-768x512.jpg 768w, https:\/\/digidem-bayern.de\/wp-content\/uploads\/2025\/07\/Beitrag-1-Vorhersagefaktor-MCI-shutterstock_388006645-525x350.jpg 525w\" sizes=\"auto, (max-width: 1000px) 100vw, 1000px\" \/><figcaption class=\"wp-element-caption\">Foto: Shutterstock <\/figcaption><\/figure>\n<\/div>\n\n\n<p>Diagnostiziert wird MCI durch ein umfassendes Gespr\u00e4ch mit dem Arzt oder der \u00c4rztin, bei der sowohl der Betroffene selbst als auch eine nahestehende Person befragt werden. Erg\u00e4nzend dazu werden standardisierte neuropsychologische Testverfahren eingesetzt, um die kognitive Leistungsf\u00e4higkeit zu \u00fcberpr\u00fcfen. Welche Unterformen es von MCI gibt, haben australische Forscher in einem wissenschaftlichen Artikel zusammengestellt. Wichtig ist dabei die Unterscheidung zwischen der sogenannten <em>amnestischen MCI<\/em> und der <em>nicht-amnestischen Form<\/em>. Bei der amnestischen Form stehen Ged\u00e4chtnisbeeintr\u00e4chtigungen im Vordergrund, w\u00e4hrend bei der nicht-amnestischen Form andere kognitive Bereiche wie zum Beispiel die Aufmerksamkeit und die Sprache betroffen sind.<\/p>\n\n\n\n<p><strong><strong>Wichtige Unterscheidung<\/strong><\/strong><\/p>\n\n\n\n<p>Eine Studie aus Irland unterstreicht dabei die Bedeutung und den Nutzen der Unterscheidung zwischen den beiden MCI-Unterformen. Die Studie untersuchte bei Menschen mit MCI deren Fortschreiten hin zu einer Demenz. An der Studie nahmen 1188 Menschen mit MCI teil, die in einer Ged\u00e4chtnisambulanz diagnostiziert wurde. Bei 378 Personen (32 Prozent) waren leichte geistige Beeintr\u00e4chtigungen innerhalb von zwei Jahren in eine Demenz \u00fcbergegangen. <\/p>\n\n\n\n<p>Bei 55 Prozent der Studienteilnehmenden lag eine amnestische MCI vor, bei 45 Prozent wurde MCI als nicht-amnestisch diagnostiziert. Amnestische MCI war ein wesentlicher Vorhersagefaktor f\u00fcr das Fortschreiten hin zu einer Demenz im Vergleich zur nicht-amnestischen MCI. \u201ePersonen mit amnestischer MCI haben eine fast doppelt so hohe Wahrscheinlichkeit, eine Demenz zu entwickeln, als Personen mit nicht-amnestischem MCI\u201c, hei\u00dft es in der Studie.<\/p>\n\n\n\n<p><strong><strong>R\u00fcckkehr zur normalen geistigen Leistungsf\u00e4higkeit m\u00f6glich?<\/strong><\/strong><\/p>\n\n\n\n<p>Dennoch wei\u00df die Wissenschaft: Nicht alle MCI-Patienten entwickeln auch eine Demenz. Manche Betroffenen bleiben, zumindest zeitweise stabil, andere erholen sich sogar und kehren in den Zustand einer normalen geistigen Leistungsf\u00e4higkeit zur\u00fcck. Forschende aus Kanada wollten herausfinden, ob bestimmte verhaltensbezogene und psychologische Symptome bei Demenz, die im h\u00f6heren Alter neu auftreten und dauerhaft bleiben, ebenfalls helfen k\u00f6nnen, genauer vorherzusagen, wer an Demenz erkrankt oder sich wieder erholt.<\/p>\n\n\n\n<p><strong><strong><strong>Neuropsychiatrische Symptome als Warnsignal <\/strong><\/strong><\/strong><\/p>\n\n\n\n<p>Eine kanadische Studie zeigte, dass sp\u00e4t einsetzende und anhaltende neuropsychiatrische Symptome (Mild Behavioral Impairment, kurz MBI) ein Warnsignal sein k\u00f6nnen. Das Vorliegen dieser Symptome verbessert dabei die Vorhersage, ob jemand mit leichter kognitiver Beeintr\u00e4chtigung an Demenz erkrankt.<strong><\/strong><\/p>\n\n\n\n<p>Die Forschenden beobachteten 739 Studienteilnehmende mit einem Durchschnittsalter von circa 75 Jahren \u00fcber drei Jahre. Das Ergebnis: Nach drei Jahren entwickelte sich bei 33,6 Prozent der Teilnehmenden eine Demenz, w\u00e4hrend 12,2 Prozent zu normaler Kognition zur\u00fcckkehrten. <strong><\/strong><\/p>\n\n\n\n<p><strong><strong><strong><strong>H\u00f6heres Demenzrisiko<\/strong><\/strong><\/strong><\/strong><\/p>\n\n\n\n<p>Im Vergleich zu Teilnehmenden ohne neuropsychiatrische Symptome hatten hingegen Menschen mit sp\u00e4t einsetzenden und anhaltenden neuropsychiatrischen Symptomen (MBI) ein um 113 Prozent h\u00f6heres Risiko, eine Demenz zu entwickeln. Bei diesen Personen war zudem die Wahrscheinlichkeit geringer, wieder ihre \u201ealte geistige Leistungsf\u00e4higkeit\u201c zu erreichen. <\/p>\n\n\n\n<p>Um die Prognose zu verbessern, so die Forschenden, sollten bei der Beurteilung von MCI-Patienten nicht nur die kognitiven F\u00e4higkeiten, sondern auch das Auftreten und die Dauer von neuropsychiatrischen Symptomen ber\u00fccksichtigt werden. <\/p>\n\n\n\n<p><strong><strong>Wie wahrscheinlich ist der \u00dcbergang hin zu einer Demenz?<\/strong><\/strong><\/p>\n\n\n\n<p>Forschende aus den USA untersuchten hingegen in ihrer Studie die \u00dcbergangsraten von kognitiven gesunden Menschen zu einer leichten kognitiven Beeintr\u00e4chtigung und im Verlauf zu einer Demenz. Um herauszufinden, wie wahrscheinlich dieses Fortschreiten zu den jeweiligen Krankheitsstadien ist, sch\u00e4tzten die Forschenden die j\u00e4hrlichen \u00dcbergangsraten bei mehr als 18.000 Studienteilnehmenden ab einem Alter von 65 Jahren ein.<\/p>\n\n\n\n<p>Die j\u00e4hrliche \u00dcbergangswahrscheinlichkeit bei gesunden Personen (mit einer im Normalbereich liegender Kognition) hin zu MCI betrug bei 65-J\u00e4hrigen acht Prozent. Lag eine MCI bereits vor, stieg die j\u00e4hrliche \u00dcbergangswahrscheinlichkeit, an einer Demenz zu erkranken, auf 22 Prozent. Insgesamt nahm die \u00dcbergangswahrscheinlichkeit mit dem Alter zu.<\/p>\n\n\n\n<p>Diese Sch\u00e4tzungen der \u00dcbergangswahrscheinlichkeiten seien, so die Forschenden, wichtig, um den Verlauf der Erkrankung zu verstehen. <\/p>\n\n\n\n<p><strong>Tipp f\u00fcr die Praxis:<\/strong>\u00a0Pr\u00e4ventive Ma\u00dfnahmen zur Verringerung der Erkrankungswahrscheinlichkeit und eine fr\u00fchzeitige Behandlung nach Symptombeginn k\u00f6nnen helfen, den Ausbruch und das Fortschreiten einer Demenz zu verlangsamen. Dadurch k\u00f6nnen die Menschen mehr Zeit bei besserer Gesundheit verbringen und ihre geistigen F\u00e4higkeiten l\u00e4nger erhalten.<\/p>\n\n\n\n<p>Hier geht&#8217;s zu den Studien:<\/p>\n\n\n\n<p><a href=\"https:\/\/www.researchgate.net\/publication\/354764592_Mild_Cognitive_Impairment_Diagnosis_and_Subtypes\" target=\"_blank\" rel=\"noreferrer noopener\">Mild Cognitive Impairment: Diagnosis and Subtypes<\/a><\/p>\n\n\n\n<p><a href=\"https:\/\/onlinelibrary.wiley.com\/doi\/10.1002\/gps.5385\" target=\"_blank\" rel=\"noreferrer noopener\">Clinical utility of mild cognitive impairment subtypes and number of impaired cognitive domains at predicting progression to dementia: A 20-year retrospective study<\/a><\/p>\n\n\n\n<p><a href=\"https:\/\/www.neurology.org\/doi\/10.1212\/WNL.0000000000200256\" target=\"_blank\" rel=\"noreferrer noopener\">Progression to Dementia or Reversion to Normal Cognition in Mild Cognitive Impairment as a Function of Late-Onset Neuropsychiatric Symptoms<\/a><\/p>\n\n\n\n<p><a href=\"https:\/\/www.researchgate.net\/publication\/322606571_Estimating_Alzheimer%27s_Disease_Progression_Rates_from_Normal_Cognition_Through_Mild_Cognitive_Impairment_and_Stages_of_Dementia\" target=\"_blank\" rel=\"noreferrer noopener\">Estimating Alzheimer&#8217;s Disease Progression Rates from Normal Cognition Through Mild Cognitive Impairment and Stages of Dementia<\/a><\/p>\n\n\n\n<p><strong>Unser Tipp:<\/strong> <strong>Senken Sie Ihr Demenzrisiko \u2013 mit dem digiDEM Bayern Pr\u00e4ventionscoach\u00ae<\/strong><\/p>\n\n\n\n<p>Ein gesunder Lebensstil kann vielen Krankheiten vorbeugen und auch dazu beitragen, die Entwicklung einer Demenz hinauszuz\u00f6gern. Deshalb ist es wichtig, die Risikofaktoren f\u00fcr Demenz zu kennen und zu wissen, wie sich diese ver\u00e4ndern lassen. Im Juli 2024 hat ein internationales Team von Demenzexperten eine \u00fcberarbeitete Liste mit nun 14 Risikofaktoren ver\u00f6ffentlicht. Es ist wissenschaftlich nachgewiesen, dass diese das Risiko erh\u00f6hen, an einer Demenz zu erkranken. Diese Faktoren werden mit 45 Prozent aller Demenzerkrankungen in Verbindung gebracht.<\/p>\n\n\n\n<p>Doch welche Risikofaktoren beg\u00fcnstigen Demenz? Warum stehen Risikofaktoren wie zum Beispiel nachlassendes H\u00f6ren und Sehen, geringe Bildung, Depression, soziale Isolation oder k\u00f6rperliche Inaktivit\u00e4t in Zusammenhang mit der Wahrscheinlichkeit, eine Demenz zu entwickeln?<\/p>\n\n\n\n<p>Testen Sie hier den <strong>digiDEM Bayern Pr\u00e4ventionscoach\u00ae<\/strong><\/p>\n\n\n\n<figure class=\"wp-block-embed is-type-wp-embed is-provider-digidem-bayern wp-block-embed-digidem-bayern\"><div class=\"wp-block-embed__wrapper\">\n<blockquote class=\"wp-embedded-content\" data-secret=\"ka7jdqPr7Z\"><a href=\"https:\/\/digidem-bayern.de\/en\/praeventionscoach\/\">digiDEM Bayern Pr\u00e4ventionscoach\u00ae<\/a><\/blockquote><iframe loading=\"lazy\" class=\"wp-embedded-content\" sandbox=\"allow-scripts\" security=\"restricted\" style=\"position: absolute; visibility: hidden;\" title=\"&#8222;digiDEM Bayern Pr\u00e4ventionscoach\u00ae&#8220; &#8212; digiDEM Bayern\" src=\"https:\/\/digidem-bayern.de\/praeventionscoach\/embed\/#?secret=PqtcsWbSwt#?secret=ka7jdqPr7Z\" data-secret=\"ka7jdqPr7Z\" width=\"600\" height=\"338\" frameborder=\"0\" marginwidth=\"0\" marginheight=\"0\" scrolling=\"no\"><\/iframe>\n<\/div><\/figure>\n\n\n\n<p><\/p>\n\n\n\n<p><\/p>\n\n\n\n<p><\/p>\n\n\n\n<div style=\"height:20px\" aria-hidden=\"true\" class=\"wp-block-spacer\"><\/div>\n\n\n\n<p><\/p>","protected":false},"excerpt":{"rendered":"<p>H\u00e4ufig ist die Rede von Demenz. Doch auch eine andere Erkrankung sollte st\u00e4rker in den Mittelpunkt des gesellschaftlichen Interesses r\u00fccken: MCI. Die Abk\u00fcrzung steht f\u00fcr Mild Cognitive Impairment, also leichte kognitive Beeintr\u00e4chtigung. Wir stellen vier wissenschaftliche Publikationen vor, die sich mit Diagnose und dem Fortschreiten hin zu einer Demenz befassen. &hellip;<\/p>","protected":false},"author":7,"featured_media":44442,"comment_status":"open","ping_status":"closed","sticky":false,"template":"","format":"standard","meta":{"qubely_global_settings":"","qubely_interactions":"","_uag_custom_page_level_css":"","footnotes":""},"categories":[8,5],"tags":[12,1433,177,365,14,17,55,1665,330,120,118,196,1463,1663,1664],"class_list":["post-44463","post","type-post","status-publish","format-standard","has-post-thumbnail","hentry","category-aktuelles-zu-digidem","category-wissenschaft-forschung","tag-demenz-2","tag-demenzerkrankungen","tag-demenzrisiko","tag-diagnose","tag-digidem","tag-digidem-bayern","tag-digitales-demenzregister-bayern","tag-fortschreiten","tag-kognitive-beeintraechtigung","tag-leichte-kognitive-beeintraechtigungen","tag-mci","tag-mild-cognitive-impairment","tag-praeventionscoach","tag-progression","tag-vorhersage"],"qubely_featured_image_url":{"full":["https:\/\/digidem-bayern.de\/wp-content\/uploads\/2025\/07\/Beitrag-1-Vorhersagefaktor-MCI-shutterstock_388006645.jpg",1000,667,false],"landscape":["https:\/\/digidem-bayern.de\/wp-content\/uploads\/2025\/07\/Beitrag-1-Vorhersagefaktor-MCI-shutterstock_388006645.jpg",1000,667,false],"portraits":["https:\/\/digidem-bayern.de\/wp-content\/uploads\/2025\/07\/Beitrag-1-Vorhersagefaktor-MCI-shutterstock_388006645-540x320.jpg",540,320,true],"thumbnail":["https:\/\/digidem-bayern.de\/wp-content\/uploads\/2025\/07\/Beitrag-1-Vorhersagefaktor-MCI-shutterstock_388006645-80x80.jpg",80,80,true],"medium":["https:\/\/digidem-bayern.de\/wp-content\/uploads\/2025\/07\/Beitrag-1-Vorhersagefaktor-MCI-shutterstock_388006645-300x200.jpg",300,200,true],"medium_large":["https:\/\/digidem-bayern.de\/wp-content\/uploads\/2025\/07\/Beitrag-1-Vorhersagefaktor-MCI-shutterstock_388006645-768x512.jpg",768,512,true],"large":["https:\/\/digidem-bayern.de\/wp-content\/uploads\/2025\/07\/Beitrag-1-Vorhersagefaktor-MCI-shutterstock_388006645.jpg",1000,667,false],"1536x1536":["https:\/\/digidem-bayern.de\/wp-content\/uploads\/2025\/07\/Beitrag-1-Vorhersagefaktor-MCI-shutterstock_388006645.jpg",1000,667,false],"2048x2048":["https:\/\/digidem-bayern.de\/wp-content\/uploads\/2025\/07\/Beitrag-1-Vorhersagefaktor-MCI-shutterstock_388006645.jpg",1000,667,false],"trp-custom-language-flag":["https:\/\/digidem-bayern.de\/wp-content\/uploads\/2025\/07\/Beitrag-1-Vorhersagefaktor-MCI-shutterstock_388006645.jpg",18,12,false],"qubely_landscape":["https:\/\/digidem-bayern.de\/wp-content\/uploads\/2025\/07\/Beitrag-1-Vorhersagefaktor-MCI-shutterstock_388006645.jpg",1000,667,false],"qubely_portrait":["https:\/\/digidem-bayern.de\/wp-content\/uploads\/2025\/07\/Beitrag-1-Vorhersagefaktor-MCI-shutterstock_388006645-540x320.jpg",540,320,true],"qubely_thumbnail":["https:\/\/digidem-bayern.de\/wp-content\/uploads\/2025\/07\/Beitrag-1-Vorhersagefaktor-MCI-shutterstock_388006645-140x100.jpg",140,100,true],"post-thumbnail":["https:\/\/digidem-bayern.de\/wp-content\/uploads\/2025\/07\/Beitrag-1-Vorhersagefaktor-MCI-shutterstock_388006645-525x350.jpg",525,350,true],"kahuna-featured":["https:\/\/digidem-bayern.de\/wp-content\/uploads\/2025\/07\/Beitrag-1-Vorhersagefaktor-MCI-shutterstock_388006645-734x350.jpg",734,350,true],"kahuna-featured-lp":["https:\/\/digidem-bayern.de\/wp-content\/uploads\/2025\/07\/Beitrag-1-Vorhersagefaktor-MCI-shutterstock_388006645-520x350.jpg",520,350,true],"kahuna-featured-half":["https:\/\/digidem-bayern.de\/wp-content\/uploads\/2025\/07\/Beitrag-1-Vorhersagefaktor-MCI-shutterstock_388006645-800x350.jpg",800,350,true],"kahuna-featured-third":["https:\/\/digidem-bayern.de\/wp-content\/uploads\/2025\/07\/Beitrag-1-Vorhersagefaktor-MCI-shutterstock_388006645-512x350.jpg",512,350,true],"kahuna-lpbox-1":["https:\/\/digidem-bayern.de\/wp-content\/uploads\/2025\/07\/Beitrag-1-Vorhersagefaktor-MCI-shutterstock_388006645-520x300.jpg",520,300,true],"kahuna-lpbox-2":["https:\/\/digidem-bayern.de\/wp-content\/uploads\/2025\/07\/Beitrag-1-Vorhersagefaktor-MCI-shutterstock_388006645-520x350.jpg",520,350,true],"demand-language-flag":["https:\/\/digidem-bayern.de\/wp-content\/uploads\/2025\/07\/Beitrag-1-Vorhersagefaktor-MCI-shutterstock_388006645-36x36.jpg",36,36,true],"dddkt-language-flag":["https:\/\/digidem-bayern.de\/wp-content\/uploads\/2025\/07\/Beitrag-1-Vorhersagefaktor-MCI-shutterstock_388006645-36x36.jpg",36,36,true],"ddiqc-language-flag":["https:\/\/digidem-bayern.de\/wp-content\/uploads\/2025\/07\/Beitrag-1-Vorhersagefaktor-MCI-shutterstock_388006645-36x36.jpg",36,36,true],"ddtl-language-flag":["https:\/\/digidem-bayern.de\/wp-content\/uploads\/2025\/07\/Beitrag-1-Vorhersagefaktor-MCI-shutterstock_388006645-36x36.jpg",36,36,true],"mailpoet_newsletter_max":["https:\/\/digidem-bayern.de\/wp-content\/uploads\/2025\/07\/Beitrag-1-Vorhersagefaktor-MCI-shutterstock_388006645.jpg",1000,667,false],"kahuna-lpbox-3":["https:\/\/digidem-bayern.de\/wp-content\/uploads\/2025\/07\/Beitrag-1-Vorhersagefaktor-MCI-shutterstock_388006645-520x350.jpg",520,350,true],"kahuna-featured-square":["https:\/\/digidem-bayern.de\/wp-content\/uploads\/2025\/07\/Beitrag-1-Vorhersagefaktor-MCI-shutterstock_388006645-512x512.jpg",512,512,true],"kahuna-featured-square-large":["https:\/\/digidem-bayern.de\/wp-content\/uploads\/2025\/07\/Beitrag-1-Vorhersagefaktor-MCI-shutterstock_388006645.jpg",1000,667,false]},"qubely_author":{"display_name":"Anne Keefer","author_link":"https:\/\/digidem-bayern.de\/en\/author\/ag-webinar\/"},"qubely_comment":40,"qubely_category":"<a href=\"https:\/\/digidem-bayern.de\/en\/category\/aktuelles-zu-digidem\/\" rel=\"category tag\">Aktuelles zu digiDEM<\/a> <a href=\"https:\/\/digidem-bayern.de\/en\/category\/wissenschaft-forschung\/\" rel=\"category tag\">Wissenschaft &amp; Forschung<\/a>","qubely_excerpt":"H\u00e4ufig ist die Rede von Demenz. Doch auch eine andere Erkrankung sollte st\u00e4rker in den Mittelpunkt des gesellschaftlichen Interesses r\u00fccken: MCI. Die Abk\u00fcrzung steht f\u00fcr Mild Cognitive Impairment, also leichte kognitive Beeintr\u00e4chtigung. Wir stellen vier wissenschaftliche Publikationen vor, die sich mit Diagnose und dem Fortschreiten hin zu einer Demenz befassen. &hellip;","featured_image_urls_v2":{"full":["https:\/\/digidem-bayern.de\/wp-content\/uploads\/2025\/07\/Beitrag-1-Vorhersagefaktor-MCI-shutterstock_388006645.jpg",1000,667,false],"thumbnail":["https:\/\/digidem-bayern.de\/wp-content\/uploads\/2025\/07\/Beitrag-1-Vorhersagefaktor-MCI-shutterstock_388006645-80x80.jpg",80,80,true],"medium":["https:\/\/digidem-bayern.de\/wp-content\/uploads\/2025\/07\/Beitrag-1-Vorhersagefaktor-MCI-shutterstock_388006645-300x200.jpg",300,200,true],"medium_large":["https:\/\/digidem-bayern.de\/wp-content\/uploads\/2025\/07\/Beitrag-1-Vorhersagefaktor-MCI-shutterstock_388006645-768x512.jpg",768,512,true],"large":["https:\/\/digidem-bayern.de\/wp-content\/uploads\/2025\/07\/Beitrag-1-Vorhersagefaktor-MCI-shutterstock_388006645.jpg",1000,667,false],"1536x1536":["https:\/\/digidem-bayern.de\/wp-content\/uploads\/2025\/07\/Beitrag-1-Vorhersagefaktor-MCI-shutterstock_388006645.jpg",1000,667,false],"2048x2048":["https:\/\/digidem-bayern.de\/wp-content\/uploads\/2025\/07\/Beitrag-1-Vorhersagefaktor-MCI-shutterstock_388006645.jpg",1000,667,false],"trp-custom-language-flag":["https:\/\/digidem-bayern.de\/wp-content\/uploads\/2025\/07\/Beitrag-1-Vorhersagefaktor-MCI-shutterstock_388006645.jpg",18,12,false],"qubely_landscape":["https:\/\/digidem-bayern.de\/wp-content\/uploads\/2025\/07\/Beitrag-1-Vorhersagefaktor-MCI-shutterstock_388006645.jpg",1000,667,false],"qubely_portrait":["https:\/\/digidem-bayern.de\/wp-content\/uploads\/2025\/07\/Beitrag-1-Vorhersagefaktor-MCI-shutterstock_388006645-540x320.jpg",540,320,true],"qubely_thumbnail":["https:\/\/digidem-bayern.de\/wp-content\/uploads\/2025\/07\/Beitrag-1-Vorhersagefaktor-MCI-shutterstock_388006645-140x100.jpg",140,100,true],"post-thumbnail":["https:\/\/digidem-bayern.de\/wp-content\/uploads\/2025\/07\/Beitrag-1-Vorhersagefaktor-MCI-shutterstock_388006645-525x350.jpg",525,350,true],"kahuna-featured":["https:\/\/digidem-bayern.de\/wp-content\/uploads\/2025\/07\/Beitrag-1-Vorhersagefaktor-MCI-shutterstock_388006645-734x350.jpg",734,350,true],"kahuna-featured-lp":["https:\/\/digidem-bayern.de\/wp-content\/uploads\/2025\/07\/Beitrag-1-Vorhersagefaktor-MCI-shutterstock_388006645-520x350.jpg",520,350,true],"kahuna-featured-half":["https:\/\/digidem-bayern.de\/wp-content\/uploads\/2025\/07\/Beitrag-1-Vorhersagefaktor-MCI-shutterstock_388006645-800x350.jpg",800,350,true],"kahuna-featured-third":["https:\/\/digidem-bayern.de\/wp-content\/uploads\/2025\/07\/Beitrag-1-Vorhersagefaktor-MCI-shutterstock_388006645-512x350.jpg",512,350,true],"kahuna-lpbox-1":["https:\/\/digidem-bayern.de\/wp-content\/uploads\/2025\/07\/Beitrag-1-Vorhersagefaktor-MCI-shutterstock_388006645-520x300.jpg",520,300,true],"kahuna-lpbox-2":["https:\/\/digidem-bayern.de\/wp-content\/uploads\/2025\/07\/Beitrag-1-Vorhersagefaktor-MCI-shutterstock_388006645-520x350.jpg",520,350,true],"demand-language-flag":["https:\/\/digidem-bayern.de\/wp-content\/uploads\/2025\/07\/Beitrag-1-Vorhersagefaktor-MCI-shutterstock_388006645-36x36.jpg",36,36,true],"dddkt-language-flag":["https:\/\/digidem-bayern.de\/wp-content\/uploads\/2025\/07\/Beitrag-1-Vorhersagefaktor-MCI-shutterstock_388006645-36x36.jpg",36,36,true],"ddiqc-language-flag":["https:\/\/digidem-bayern.de\/wp-content\/uploads\/2025\/07\/Beitrag-1-Vorhersagefaktor-MCI-shutterstock_388006645-36x36.jpg",36,36,true],"ddtl-language-flag":["https:\/\/digidem-bayern.de\/wp-content\/uploads\/2025\/07\/Beitrag-1-Vorhersagefaktor-MCI-shutterstock_388006645-36x36.jpg",36,36,true],"mailpoet_newsletter_max":["https:\/\/digidem-bayern.de\/wp-content\/uploads\/2025\/07\/Beitrag-1-Vorhersagefaktor-MCI-shutterstock_388006645.jpg",1000,667,false],"kahuna-lpbox-3":["https:\/\/digidem-bayern.de\/wp-content\/uploads\/2025\/07\/Beitrag-1-Vorhersagefaktor-MCI-shutterstock_388006645-520x350.jpg",520,350,true],"kahuna-featured-square":["https:\/\/digidem-bayern.de\/wp-content\/uploads\/2025\/07\/Beitrag-1-Vorhersagefaktor-MCI-shutterstock_388006645-512x512.jpg",512,512,true],"kahuna-featured-square-large":["https:\/\/digidem-bayern.de\/wp-content\/uploads\/2025\/07\/Beitrag-1-Vorhersagefaktor-MCI-shutterstock_388006645.jpg",1000,667,false]},"post_excerpt_stackable_v2":"<p>H\u00e4ufig ist die Rede von Demenz. Doch auch eine andere Erkrankung sollte st\u00e4rker in den Mittelpunkt des gesellschaftlichen Interesses r\u00fccken: MCI. Die Abk\u00fcrzung steht f\u00fcr Mild Cognitive Impairment, also leichte kognitive Beeintr\u00e4chtigung. Wir stellen vier wissenschaftliche Publikationen vor, die sich mit Diagnose und dem Fortschreiten hin zu einer Demenz befassen. Bei MCI handelt es sich um eine leichte kognitive Beeintr\u00e4chtigung, die \u00fcber den normalen geistigen Abbau im Alter hinausgeht, jedoch noch nicht die diagnostischen Kriterien einer Demenz erf\u00fcllt. Die Diagnose von MCI basiert dabei auf einem subjektiv wahrgenommenen kognitiven Abbau, der objektiv durch neuropsychologische Tests nachgewiesen werden kann. Trotz der&hellip;<\/p>\n","category_list_v2":"<a href=\"https:\/\/digidem-bayern.de\/en\/category\/aktuelles-zu-digidem\/\" rel=\"category tag\">Aktuelles zu digiDEM<\/a>, <a href=\"https:\/\/digidem-bayern.de\/en\/category\/wissenschaft-forschung\/\" rel=\"category tag\">Wissenschaft &amp; Forschung<\/a>","author_info_v2":{"name":"Anne Keefer","url":"https:\/\/digidem-bayern.de\/en\/author\/ag-webinar\/"},"comments_num_v2":"0 comments","yoast_head":"<!-- This site is optimized with the Yoast SEO plugin v27.5 - https:\/\/yoast.com\/product\/yoast-seo-wordpress\/ -->\n<title>MCI \u2013 ein Vorhersagefaktor f\u00fcr Demenz - digiDEM Bayern<\/title>\n<meta name=\"description\" content=\"Der Bayerische Landesapothekerkammer unterst\u00fctzt digiDEM Bayern mit Hilfe des Netzwerks &quot;Demenzfreundliche Apotheken&quot;.\" \/>\n<meta name=\"robots\" content=\"index, follow, max-snippet:-1, max-image-preview:large, max-video-preview:-1\" \/>\n<link rel=\"canonical\" href=\"https:\/\/digidem-bayern.de\/en\/mci-ein-vorhersagefaktor-fur-demenz\/\" \/>\n<meta property=\"og:locale\" content=\"en_US\" \/>\n<meta property=\"og:type\" content=\"article\" \/>\n<meta property=\"og:title\" content=\"MCI \u2013 ein Vorhersagefaktor f\u00fcr Demenz - digiDEM Bayern\" \/>\n<meta property=\"og:description\" content=\"Der Bayerische Landesapothekerkammer unterst\u00fctzt digiDEM Bayern mit Hilfe des Netzwerks &quot;Demenzfreundliche Apotheken&quot;.\" \/>\n<meta property=\"og:url\" content=\"https:\/\/digidem-bayern.de\/en\/mci-ein-vorhersagefaktor-fur-demenz\/\" \/>\n<meta property=\"og:site_name\" content=\"digiDEM Bayern\" \/>\n<meta property=\"article:publisher\" content=\"https:\/\/www.facebook.com\/digiDEMBayern\/\" \/>\n<meta property=\"article:published_time\" content=\"2025-07-24T07:05:52+00:00\" \/>\n<meta property=\"article:modified_time\" content=\"2025-07-24T07:05:53+00:00\" \/>\n<meta property=\"og:image\" content=\"https:\/\/digidem-bayern.de\/wp-content\/uploads\/2025\/07\/Beitrag-1-Vorhersagefaktor-MCI-shutterstock_388006645.jpg\" \/>\n\t<meta property=\"og:image:width\" content=\"1000\" \/>\n\t<meta property=\"og:image:height\" content=\"667\" \/>\n\t<meta property=\"og:image:type\" content=\"image\/jpeg\" \/>\n<meta name=\"author\" content=\"Anne Keefer\" \/>\n<meta name=\"twitter:label1\" content=\"Written by\" \/>\n\t<meta name=\"twitter:data1\" content=\"Anne Keefer\" \/>\n\t<meta name=\"twitter:label2\" content=\"Est. reading time\" \/>\n\t<meta name=\"twitter:data2\" content=\"2 minutes\" \/>\n<script type=\"application\/ld+json\" class=\"yoast-schema-graph\">{\"@context\":\"https:\\\/\\\/schema.org\",\"@graph\":[{\"@type\":\"Article\",\"@id\":\"https:\\\/\\\/digidem-bayern.de\\\/mci-ein-vorhersagefaktor-fur-demenz\\\/#article\",\"isPartOf\":{\"@id\":\"https:\\\/\\\/digidem-bayern.de\\\/mci-ein-vorhersagefaktor-fur-demenz\\\/\"},\"author\":{\"name\":\"Anne Keefer\",\"@id\":\"\\\/#\\\/schema\\\/person\\\/0e8781e0653d1a8e57ca55bd2c3cb01f\"},\"headline\":\"MCI \u2013 ein Vorhersagefaktor f\u00fcr Demenz\",\"datePublished\":\"2025-07-24T07:05:52+00:00\",\"dateModified\":\"2025-07-24T07:05:53+00:00\",\"mainEntityOfPage\":{\"@id\":\"https:\\\/\\\/digidem-bayern.de\\\/mci-ein-vorhersagefaktor-fur-demenz\\\/\"},\"wordCount\":1004,\"commentCount\":0,\"publisher\":{\"@id\":\"\\\/#organization\"},\"image\":{\"@id\":\"https:\\\/\\\/digidem-bayern.de\\\/mci-ein-vorhersagefaktor-fur-demenz\\\/#primaryimage\"},\"thumbnailUrl\":\"https:\\\/\\\/digidem-bayern.de\\\/wp-content\\\/uploads\\\/2025\\\/07\\\/Beitrag-1-Vorhersagefaktor-MCI-shutterstock_388006645.jpg\",\"keywords\":[\"Demenz\",\"Demenzerkrankungen\",\"Demenzrisiko\",\"DIagnose\",\"digidem\",\"digidem Bayern\",\"Digitales Demenzregister Bayern\",\"fortschreiten\",\"kognitive Beeintr\u00e4chtigung\",\"leichte kognitive Beeintr\u00e4chtigungen\",\"MCI\",\"mild cognitive impairment\",\"Pr\u00e4ventionscoach\",\"progression\",\"vorhersage\"],\"articleSection\":[\"Aktuelles zu digiDEM\",\"Wissenschaft &amp; Forschung\"],\"inLanguage\":\"en-US\",\"potentialAction\":[{\"@type\":\"CommentAction\",\"name\":\"Comment\",\"target\":[\"https:\\\/\\\/digidem-bayern.de\\\/mci-ein-vorhersagefaktor-fur-demenz\\\/#respond\"]}]},{\"@type\":\"WebPage\",\"@id\":\"https:\\\/\\\/digidem-bayern.de\\\/mci-ein-vorhersagefaktor-fur-demenz\\\/\",\"url\":\"https:\\\/\\\/digidem-bayern.de\\\/mci-ein-vorhersagefaktor-fur-demenz\\\/\",\"name\":\"MCI \u2013 ein Vorhersagefaktor f\u00fcr Demenz - digiDEM Bayern\",\"isPartOf\":{\"@id\":\"\\\/#website\"},\"primaryImageOfPage\":{\"@id\":\"https:\\\/\\\/digidem-bayern.de\\\/mci-ein-vorhersagefaktor-fur-demenz\\\/#primaryimage\"},\"image\":{\"@id\":\"https:\\\/\\\/digidem-bayern.de\\\/mci-ein-vorhersagefaktor-fur-demenz\\\/#primaryimage\"},\"thumbnailUrl\":\"https:\\\/\\\/digidem-bayern.de\\\/wp-content\\\/uploads\\\/2025\\\/07\\\/Beitrag-1-Vorhersagefaktor-MCI-shutterstock_388006645.jpg\",\"datePublished\":\"2025-07-24T07:05:52+00:00\",\"dateModified\":\"2025-07-24T07:05:53+00:00\",\"description\":\"Der Bayerische Landesapothekerkammer unterst\u00fctzt digiDEM Bayern mit Hilfe des Netzwerks \\\"Demenzfreundliche Apotheken\\\".\",\"breadcrumb\":{\"@id\":\"https:\\\/\\\/digidem-bayern.de\\\/mci-ein-vorhersagefaktor-fur-demenz\\\/#breadcrumb\"},\"inLanguage\":\"en-US\",\"potentialAction\":[{\"@type\":\"ReadAction\",\"target\":[\"https:\\\/\\\/digidem-bayern.de\\\/mci-ein-vorhersagefaktor-fur-demenz\\\/\"]}]},{\"@type\":\"ImageObject\",\"inLanguage\":\"en-US\",\"@id\":\"https:\\\/\\\/digidem-bayern.de\\\/mci-ein-vorhersagefaktor-fur-demenz\\\/#primaryimage\",\"url\":\"https:\\\/\\\/digidem-bayern.de\\\/wp-content\\\/uploads\\\/2025\\\/07\\\/Beitrag-1-Vorhersagefaktor-MCI-shutterstock_388006645.jpg\",\"contentUrl\":\"https:\\\/\\\/digidem-bayern.de\\\/wp-content\\\/uploads\\\/2025\\\/07\\\/Beitrag-1-Vorhersagefaktor-MCI-shutterstock_388006645.jpg\",\"width\":1000,\"height\":667,\"caption\":\"Foto: Shutterstock\"},{\"@type\":\"BreadcrumbList\",\"@id\":\"https:\\\/\\\/digidem-bayern.de\\\/mci-ein-vorhersagefaktor-fur-demenz\\\/#breadcrumb\",\"itemListElement\":[{\"@type\":\"ListItem\",\"position\":1,\"name\":\"Startseite\",\"item\":\"https:\\\/\\\/digidem-bayern.de\\\/\"},{\"@type\":\"ListItem\",\"position\":2,\"name\":\"MCI \u2013 ein Vorhersagefaktor f\u00fcr Demenz\"}]},{\"@type\":\"WebSite\",\"@id\":\"\\\/#website\",\"url\":\"\\\/\",\"name\":\"digiDEM Bayern\",\"description\":\"Das digitale Demenzregister Bayern erforscht und verbessert die Angebotsstuktur f\u00fcr Menschen mit Demenz und deren Angeh\u00f6rige\",\"publisher\":{\"@id\":\"\\\/#organization\"},\"potentialAction\":[{\"@type\":\"SearchAction\",\"target\":{\"@type\":\"EntryPoint\",\"urlTemplate\":\"\\\/?s={search_term_string}\"},\"query-input\":{\"@type\":\"PropertyValueSpecification\",\"valueRequired\":true,\"valueName\":\"search_term_string\"}}],\"inLanguage\":\"en-US\"},{\"@type\":\"Organization\",\"@id\":\"\\\/#organization\",\"name\":\"digiDEM Bayern\",\"url\":\"\\\/\",\"logo\":{\"@type\":\"ImageObject\",\"inLanguage\":\"en-US\",\"@id\":\"\\\/#\\\/schema\\\/logo\\\/image\\\/\",\"url\":\"https:\\\/\\\/digidem-bayern.de\\\/wp-content\\\/uploads\\\/2022\\\/03\\\/cropped-Allgemeines_digiDEMLOGO-removebg-preview.png\",\"contentUrl\":\"https:\\\/\\\/digidem-bayern.de\\\/wp-content\\\/uploads\\\/2022\\\/03\\\/cropped-Allgemeines_digiDEMLOGO-removebg-preview.png\",\"width\":612,\"height\":357,\"caption\":\"digiDEM Bayern\"},\"image\":{\"@id\":\"\\\/#\\\/schema\\\/logo\\\/image\\\/\"},\"sameAs\":[\"https:\\\/\\\/www.facebook.com\\\/digiDEMBayern\\\/\",\"https:\\\/\\\/x.com\\\/digidem_bayern\",\"https:\\\/\\\/www.instagram.com\\\/digidem.bayern\",\"https:\\\/\\\/www.linkedin.com\\\/company\\\/digidem-bayern\\\/\"]},{\"@type\":\"Person\",\"@id\":\"\\\/#\\\/schema\\\/person\\\/0e8781e0653d1a8e57ca55bd2c3cb01f\",\"name\":\"Anne Keefer\",\"url\":\"https:\\\/\\\/digidem-bayern.de\\\/en\\\/author\\\/ag-webinar\\\/\"}]}<\/script>\n<!-- \/ Yoast SEO plugin. -->","yoast_head_json":{"title":"MCI \u2013 ein Vorhersagefaktor f\u00fcr Demenz - digiDEM Bayern","description":"Der Bayerische Landesapothekerkammer unterst\u00fctzt digiDEM Bayern mit Hilfe des Netzwerks \"Demenzfreundliche Apotheken\".","robots":{"index":"index","follow":"follow","max-snippet":"max-snippet:-1","max-image-preview":"max-image-preview:large","max-video-preview":"max-video-preview:-1"},"canonical":"https:\/\/digidem-bayern.de\/en\/mci-ein-vorhersagefaktor-fur-demenz\/","og_locale":"en_US","og_type":"article","og_title":"MCI \u2013 ein Vorhersagefaktor f\u00fcr Demenz - digiDEM Bayern","og_description":"Der Bayerische Landesapothekerkammer unterst\u00fctzt digiDEM Bayern mit Hilfe des Netzwerks \"Demenzfreundliche Apotheken\".","og_url":"https:\/\/digidem-bayern.de\/en\/mci-ein-vorhersagefaktor-fur-demenz\/","og_site_name":"digiDEM Bayern","article_publisher":"https:\/\/www.facebook.com\/digiDEMBayern\/","article_published_time":"2025-07-24T07:05:52+00:00","article_modified_time":"2025-07-24T07:05:53+00:00","og_image":[{"width":1000,"height":667,"url":"https:\/\/digidem-bayern.de\/wp-content\/uploads\/2025\/07\/Beitrag-1-Vorhersagefaktor-MCI-shutterstock_388006645.jpg","type":"image\/jpeg"}],"author":"Anne Keefer","twitter_misc":{"Written by":"Anne Keefer","Est. reading time":"2 minutes"},"schema":{"@context":"https:\/\/schema.org","@graph":[{"@type":"Article","@id":"https:\/\/digidem-bayern.de\/mci-ein-vorhersagefaktor-fur-demenz\/#article","isPartOf":{"@id":"https:\/\/digidem-bayern.de\/mci-ein-vorhersagefaktor-fur-demenz\/"},"author":{"name":"Anne Keefer","@id":"\/#\/schema\/person\/0e8781e0653d1a8e57ca55bd2c3cb01f"},"headline":"MCI \u2013 ein Vorhersagefaktor f\u00fcr Demenz","datePublished":"2025-07-24T07:05:52+00:00","dateModified":"2025-07-24T07:05:53+00:00","mainEntityOfPage":{"@id":"https:\/\/digidem-bayern.de\/mci-ein-vorhersagefaktor-fur-demenz\/"},"wordCount":1004,"commentCount":0,"publisher":{"@id":"\/#organization"},"image":{"@id":"https:\/\/digidem-bayern.de\/mci-ein-vorhersagefaktor-fur-demenz\/#primaryimage"},"thumbnailUrl":"https:\/\/digidem-bayern.de\/wp-content\/uploads\/2025\/07\/Beitrag-1-Vorhersagefaktor-MCI-shutterstock_388006645.jpg","keywords":["Demenz","Demenzerkrankungen","Demenzrisiko","DIagnose","digidem","digidem Bayern","Digitales Demenzregister Bayern","fortschreiten","kognitive Beeintr\u00e4chtigung","leichte kognitive Beeintr\u00e4chtigungen","MCI","mild cognitive impairment","Pr\u00e4ventionscoach","progression","vorhersage"],"articleSection":["Aktuelles zu digiDEM","Wissenschaft &amp; Forschung"],"inLanguage":"en-US","potentialAction":[{"@type":"CommentAction","name":"Comment","target":["https:\/\/digidem-bayern.de\/mci-ein-vorhersagefaktor-fur-demenz\/#respond"]}]},{"@type":"WebPage","@id":"https:\/\/digidem-bayern.de\/mci-ein-vorhersagefaktor-fur-demenz\/","url":"https:\/\/digidem-bayern.de\/mci-ein-vorhersagefaktor-fur-demenz\/","name":"MCI \u2013 ein Vorhersagefaktor f\u00fcr Demenz - digiDEM Bayern","isPartOf":{"@id":"\/#website"},"primaryImageOfPage":{"@id":"https:\/\/digidem-bayern.de\/mci-ein-vorhersagefaktor-fur-demenz\/#primaryimage"},"image":{"@id":"https:\/\/digidem-bayern.de\/mci-ein-vorhersagefaktor-fur-demenz\/#primaryimage"},"thumbnailUrl":"https:\/\/digidem-bayern.de\/wp-content\/uploads\/2025\/07\/Beitrag-1-Vorhersagefaktor-MCI-shutterstock_388006645.jpg","datePublished":"2025-07-24T07:05:52+00:00","dateModified":"2025-07-24T07:05:53+00:00","description":"Der Bayerische Landesapothekerkammer unterst\u00fctzt digiDEM Bayern mit Hilfe des Netzwerks \"Demenzfreundliche Apotheken\".","breadcrumb":{"@id":"https:\/\/digidem-bayern.de\/mci-ein-vorhersagefaktor-fur-demenz\/#breadcrumb"},"inLanguage":"en-US","potentialAction":[{"@type":"ReadAction","target":["https:\/\/digidem-bayern.de\/mci-ein-vorhersagefaktor-fur-demenz\/"]}]},{"@type":"ImageObject","inLanguage":"en-US","@id":"https:\/\/digidem-bayern.de\/mci-ein-vorhersagefaktor-fur-demenz\/#primaryimage","url":"https:\/\/digidem-bayern.de\/wp-content\/uploads\/2025\/07\/Beitrag-1-Vorhersagefaktor-MCI-shutterstock_388006645.jpg","contentUrl":"https:\/\/digidem-bayern.de\/wp-content\/uploads\/2025\/07\/Beitrag-1-Vorhersagefaktor-MCI-shutterstock_388006645.jpg","width":1000,"height":667,"caption":"Foto: Shutterstock"},{"@type":"BreadcrumbList","@id":"https:\/\/digidem-bayern.de\/mci-ein-vorhersagefaktor-fur-demenz\/#breadcrumb","itemListElement":[{"@type":"ListItem","position":1,"name":"Startseite","item":"https:\/\/digidem-bayern.de\/"},{"@type":"ListItem","position":2,"name":"MCI \u2013 ein Vorhersagefaktor f\u00fcr Demenz"}]},{"@type":"WebSite","@id":"\/#website","url":"\/","name":"digiDEM Bavaria","description":"The digital dementia register in Bavaria researches and improves the structure of services for people with dementia and their relatives","publisher":{"@id":"\/#organization"},"potentialAction":[{"@type":"SearchAction","target":{"@type":"EntryPoint","urlTemplate":"\/?s={search_term_string}"},"query-input":{"@type":"PropertyValueSpecification","valueRequired":true,"valueName":"search_term_string"}}],"inLanguage":"en-US"},{"@type":"Organization","@id":"\/#organization","name":"digiDEM Bavaria","url":"\/","logo":{"@type":"ImageObject","inLanguage":"en-US","@id":"\/#\/schema\/logo\/image\/","url":"https:\/\/digidem-bayern.de\/wp-content\/uploads\/2022\/03\/cropped-Allgemeines_digiDEMLOGO-removebg-preview.png","contentUrl":"https:\/\/digidem-bayern.de\/wp-content\/uploads\/2022\/03\/cropped-Allgemeines_digiDEMLOGO-removebg-preview.png","width":612,"height":357,"caption":"digiDEM Bayern"},"image":{"@id":"\/#\/schema\/logo\/image\/"},"sameAs":["https:\/\/www.facebook.com\/digiDEMBayern\/","https:\/\/x.com\/digidem_bayern","https:\/\/www.instagram.com\/digidem.bayern","https:\/\/www.linkedin.com\/company\/digidem-bayern\/"]},{"@type":"Person","@id":"\/#\/schema\/person\/0e8781e0653d1a8e57ca55bd2c3cb01f","name":"Anne Keefer","url":"https:\/\/digidem-bayern.de\/en\/author\/ag-webinar\/"}]}},"uagb_featured_image_src":{"full":["https:\/\/digidem-bayern.de\/wp-content\/uploads\/2025\/07\/Beitrag-1-Vorhersagefaktor-MCI-shutterstock_388006645.jpg",1000,667,false],"thumbnail":["https:\/\/digidem-bayern.de\/wp-content\/uploads\/2025\/07\/Beitrag-1-Vorhersagefaktor-MCI-shutterstock_388006645-80x80.jpg",80,80,true],"medium":["https:\/\/digidem-bayern.de\/wp-content\/uploads\/2025\/07\/Beitrag-1-Vorhersagefaktor-MCI-shutterstock_388006645-300x200.jpg",300,200,true],"medium_large":["https:\/\/digidem-bayern.de\/wp-content\/uploads\/2025\/07\/Beitrag-1-Vorhersagefaktor-MCI-shutterstock_388006645-768x512.jpg",768,512,true],"large":["https:\/\/digidem-bayern.de\/wp-content\/uploads\/2025\/07\/Beitrag-1-Vorhersagefaktor-MCI-shutterstock_388006645.jpg",1000,667,false],"1536x1536":["https:\/\/digidem-bayern.de\/wp-content\/uploads\/2025\/07\/Beitrag-1-Vorhersagefaktor-MCI-shutterstock_388006645.jpg",1000,667,false],"2048x2048":["https:\/\/digidem-bayern.de\/wp-content\/uploads\/2025\/07\/Beitrag-1-Vorhersagefaktor-MCI-shutterstock_388006645.jpg",1000,667,false],"trp-custom-language-flag":["https:\/\/digidem-bayern.de\/wp-content\/uploads\/2025\/07\/Beitrag-1-Vorhersagefaktor-MCI-shutterstock_388006645.jpg",18,12,false],"qubely_landscape":["https:\/\/digidem-bayern.de\/wp-content\/uploads\/2025\/07\/Beitrag-1-Vorhersagefaktor-MCI-shutterstock_388006645.jpg",1000,667,false],"qubely_portrait":["https:\/\/digidem-bayern.de\/wp-content\/uploads\/2025\/07\/Beitrag-1-Vorhersagefaktor-MCI-shutterstock_388006645-540x320.jpg",540,320,true],"qubely_thumbnail":["https:\/\/digidem-bayern.de\/wp-content\/uploads\/2025\/07\/Beitrag-1-Vorhersagefaktor-MCI-shutterstock_388006645-140x100.jpg",140,100,true],"post-thumbnail":["https:\/\/digidem-bayern.de\/wp-content\/uploads\/2025\/07\/Beitrag-1-Vorhersagefaktor-MCI-shutterstock_388006645-525x350.jpg",525,350,true],"kahuna-featured":["https:\/\/digidem-bayern.de\/wp-content\/uploads\/2025\/07\/Beitrag-1-Vorhersagefaktor-MCI-shutterstock_388006645-734x350.jpg",734,350,true],"kahuna-featured-lp":["https:\/\/digidem-bayern.de\/wp-content\/uploads\/2025\/07\/Beitrag-1-Vorhersagefaktor-MCI-shutterstock_388006645-520x350.jpg",520,350,true],"kahuna-featured-half":["https:\/\/digidem-bayern.de\/wp-content\/uploads\/2025\/07\/Beitrag-1-Vorhersagefaktor-MCI-shutterstock_388006645-800x350.jpg",800,350,true],"kahuna-featured-third":["https:\/\/digidem-bayern.de\/wp-content\/uploads\/2025\/07\/Beitrag-1-Vorhersagefaktor-MCI-shutterstock_388006645-512x350.jpg",512,350,true],"kahuna-lpbox-1":["https:\/\/digidem-bayern.de\/wp-content\/uploads\/2025\/07\/Beitrag-1-Vorhersagefaktor-MCI-shutterstock_388006645-520x300.jpg",520,300,true],"kahuna-lpbox-2":["https:\/\/digidem-bayern.de\/wp-content\/uploads\/2025\/07\/Beitrag-1-Vorhersagefaktor-MCI-shutterstock_388006645-520x350.jpg",520,350,true],"demand-language-flag":["https:\/\/digidem-bayern.de\/wp-content\/uploads\/2025\/07\/Beitrag-1-Vorhersagefaktor-MCI-shutterstock_388006645-36x36.jpg",36,36,true],"dddkt-language-flag":["https:\/\/digidem-bayern.de\/wp-content\/uploads\/2025\/07\/Beitrag-1-Vorhersagefaktor-MCI-shutterstock_388006645-36x36.jpg",36,36,true],"ddiqc-language-flag":["https:\/\/digidem-bayern.de\/wp-content\/uploads\/2025\/07\/Beitrag-1-Vorhersagefaktor-MCI-shutterstock_388006645-36x36.jpg",36,36,true],"ddtl-language-flag":["https:\/\/digidem-bayern.de\/wp-content\/uploads\/2025\/07\/Beitrag-1-Vorhersagefaktor-MCI-shutterstock_388006645-36x36.jpg",36,36,true],"mailpoet_newsletter_max":["https:\/\/digidem-bayern.de\/wp-content\/uploads\/2025\/07\/Beitrag-1-Vorhersagefaktor-MCI-shutterstock_388006645.jpg",1000,667,false],"kahuna-lpbox-3":["https:\/\/digidem-bayern.de\/wp-content\/uploads\/2025\/07\/Beitrag-1-Vorhersagefaktor-MCI-shutterstock_388006645-520x350.jpg",520,350,true],"kahuna-featured-square":["https:\/\/digidem-bayern.de\/wp-content\/uploads\/2025\/07\/Beitrag-1-Vorhersagefaktor-MCI-shutterstock_388006645-512x512.jpg",512,512,true],"kahuna-featured-square-large":["https:\/\/digidem-bayern.de\/wp-content\/uploads\/2025\/07\/Beitrag-1-Vorhersagefaktor-MCI-shutterstock_388006645.jpg",1000,667,false]},"uagb_author_info":{"display_name":"Anne Keefer","author_link":"https:\/\/digidem-bayern.de\/en\/author\/ag-webinar\/"},"uagb_comment_info":40,"uagb_excerpt":"H\u00e4ufig ist die Rede von Demenz. Doch auch eine andere Erkrankung sollte st\u00e4rker in den Mittelpunkt des gesellschaftlichen Interesses r\u00fccken: MCI. Die Abk\u00fcrzung steht f\u00fcr Mild Cognitive Impairment, also leichte kognitive Beeintr\u00e4chtigung. Wir stellen vier wissenschaftliche Publikationen vor, die sich mit Diagnose und dem Fortschreiten hin zu einer Demenz befassen. &hellip;","_links":{"self":[{"href":"https:\/\/digidem-bayern.de\/en\/wp-json\/wp\/v2\/posts\/44463","targetHints":{"allow":["GET"]}}],"collection":[{"href":"https:\/\/digidem-bayern.de\/en\/wp-json\/wp\/v2\/posts"}],"about":[{"href":"https:\/\/digidem-bayern.de\/en\/wp-json\/wp\/v2\/types\/post"}],"author":[{"embeddable":true,"href":"https:\/\/digidem-bayern.de\/en\/wp-json\/wp\/v2\/users\/7"}],"replies":[{"embeddable":true,"href":"https:\/\/digidem-bayern.de\/en\/wp-json\/wp\/v2\/comments?post=44463"}],"version-history":[{"count":3,"href":"https:\/\/digidem-bayern.de\/en\/wp-json\/wp\/v2\/posts\/44463\/revisions"}],"predecessor-version":[{"id":44467,"href":"https:\/\/digidem-bayern.de\/en\/wp-json\/wp\/v2\/posts\/44463\/revisions\/44467"}],"wp:featuredmedia":[{"embeddable":true,"href":"https:\/\/digidem-bayern.de\/en\/wp-json\/wp\/v2\/media\/44442"}],"wp:attachment":[{"href":"https:\/\/digidem-bayern.de\/en\/wp-json\/wp\/v2\/media?parent=44463"}],"wp:term":[{"taxonomy":"category","embeddable":true,"href":"https:\/\/digidem-bayern.de\/en\/wp-json\/wp\/v2\/categories?post=44463"},{"taxonomy":"post_tag","embeddable":true,"href":"https:\/\/digidem-bayern.de\/en\/wp-json\/wp\/v2\/tags?post=44463"}],"curies":[{"name":"wp","href":"https:\/\/api.w.org\/{rel}","templated":true}]}}